{"id":563687,"date":"2025-03-13T15:43:03","date_gmt":"2025-03-13T14:43:03","guid":{"rendered":"https:\/\/dicodusport.fr\/blog\/?p=563687&#038;preview=true&#038;preview_id=563687"},"modified":"2025-03-13T16:04:08","modified_gmt":"2025-03-13T15:04:08","slug":"tirreno-adriatico-2025-la-4eme-etape-pour-olav-kooij","status":"publish","type":"post","link":"https:\/\/dicodusport.fr\/blog\/tirreno-adriatico-2025-la-4eme-etape-pour-olav-kooij\/","title":{"rendered":"Tirreno-Adriatico 2025 : La 4\u00e8me \u00e9tape pour Olav Kooij"},"content":{"rendered":"<h4 style=\"text-align: justify;\"><em>TIRRENO-ADRIATICO 2025 \u2013 Cette quatri\u00e8me \u00e9tape, marqu\u00e9e par de nombreux coups de bordure, s&rsquo;est d\u00e9roul\u00e9e \u00e0 un rythme d&rsquo;enfer et dans des conditions hivernales plus que d\u00e9licates. Au bout de cette journ\u00e9e tout aussi givr\u00e9e que mouvement\u00e9e, Olav Kooij (Team Visma | Lease a Bike) <\/em><em>s&rsquo;est impos\u00e9 lors d&rsquo;un sprint en petit comit\u00e9. <\/em><em>Filippo Ganna (INEOS Grenadiers) conserve quant \u00e0 lui son maillot bleu de leader.<\/em><\/h4>\n<h3 style=\"text-align: justify;\"><b>\u00c9tape 4 \u00bb Norcia \u203a Trasacco (190km)<\/b><\/h3>\n<p style=\"text-align: justify;\"><span style=\"font-weight: 400;\">Le final de cette quatri\u00e8me \u00e9tape \u00e9tait un trompe-l&rsquo;\u0153il. Car les 45 derniers kilom\u00e8tres, pr\u00e9vus dans un circuit autour de <\/span><b>Trasacco<\/b><span style=\"font-weight: 400;\"> dans les Abruzzes, \u00e9taient tout plats, sans l\u2019ombre d\u2019une difficult\u00e9, et donc promis \u00e0 une explication entre grosses cuisses. Oui, mais voil\u00e0, avant d\u2019entrer dans ce d\u00e9nouement, le peloton devait franchir deux longs cols : <\/span><b>le Forcadella Civita <\/b><span style=\"font-weight: 400;\">(14,3 km \u00e0 4,1 %), puis <\/span><b>le Valico La Crocetta<\/b><span style=\"font-weight: 400;\"> (12,4 km \u00e0 5,6 %).<\/span><\/p>\n<p style=\"text-align: justify;\"><span style=\"font-weight: 400;\">Si l\u2019on ajoute \u00e0 cela la journ\u00e9e gal\u00e8re de la veille, pass\u00e9e sous la flotte et dans un froid extr\u00eame, ces difficult\u00e9s devenaient un long calvaire pour grand nombre de coureurs. Un par un, des sprinteurs voyaient la queue du peloton s\u2019\u00e9loigner, \u00e0 commencer par <\/span><b>Jonathan Milan<\/b><span style=\"font-weight: 400;\"> (<\/span><span style=\"font-weight: 400;\">Lidl &#8211; Trek), le vainqueur de la 2\u00e8me \u00e9tape, qui payait, en plus des conditions d\u00e9licates, sa chute dans le final d\u2019hier, tout comme <\/span><b>Dylan Groenewegen<\/b><span style=\"font-weight: 400;\"> (Team Jayco AlUla) ou encore <\/span><b>Sam Bennett<\/b><span style=\"font-weight: 400;\"> (D\u00e9cathlon AG2R La Mondiale Team).<\/span><\/p>\n<ul>\n<li style=\"text-align: justify;\"><strong>\u00c0 ce sujet \u2013\u00a0<a href=\"https:\/\/dicodusport.fr\/blog\/tirreno-adriatico-2025-classement-et-resultats-de-la-4eme-etape\/\">Classement de la 4\u00e8me \u00e9tape de Tirreno-Adriatico 2025<\/a><\/strong><\/li>\n<\/ul>\n<h2 style=\"text-align: justify;\"><b>Coup de bordure des Bahrain Victorious<\/b><\/h2>\n<p style=\"text-align: justify;\"><span style=\"font-weight: 400;\">Sous l\u2019impulsion de la formation<\/span> <b>Team Visma | Lease a Bike<\/b><span style=\"font-weight: 400;\">, le peloton \u00e9tait r\u00e9duit d\u2019un petit quart au sommet du Valico La Crocetta. Trois minutes en amont, <\/span><span style=\"font-weight: 400;\">une \u00e9chapp\u00e9e matinale r\u00e9sistait encore : <\/span><b>Jonas Rutsch<\/b><span style=\"font-weight: 400;\"> (Intermarch\u00e9-Wanty), <\/span><b>Jorge Arcas<\/b><span style=\"font-weight: 400;\"> (Movistar Team), <\/span><b>Gijs Leemreize <\/b><span style=\"font-weight: 400;\">(Team Picnic PostNL),<\/span><b> Mirco Maestri <\/b><span style=\"font-weight: 400;\">(Team Polti VisitMalta) et<\/span><b> William Blume <\/b><span style=\"font-weight: 400;\"><strong>Levy<\/strong> (Uno-X Mobility) ouvraient la route dans la longue et sinueuse descente, imperm\u00e9able sur le dos.<\/span><\/p>\n<p style=\"text-align: justify;\"><span style=\"font-weight: 400;\">Les derniers sprinteurs pr\u00e9sents dans le peloton, soulag\u00e9s d\u2019avoir pu basculer \u00e0 l\u2019avant, voyaient comme un coup de massue le coup de bordure initi\u00e9 par l\u2019\u00e9quipe<\/span><b> Bahrain-Victorious <\/b><span style=\"font-weight: 400;\">au moment de basculer dans la descente.<\/span> <span style=\"font-weight: 400;\">Le peloton, d\u00e9j\u00e0 fragilis\u00e9, explosait fa\u00e7on puzzle. Si tous les favoris du g\u00e9n\u00e9ral s\u2019\u00e9taient montr\u00e9s vigilants, except\u00e9s <\/span><b>Derek Gee <\/b><span style=\"font-weight: 400;\">(Isra\u00ebl-Premier Tech) et <\/span><b>Mikel Landa <\/b><span style=\"font-weight: 400;\">(Soudal Quick-Step), \u00e0 cet instant, la grande question \u00e9tait de savoir quels sprinteurs avaient pu s\u2019infiltrer dans le bon groupe ?<\/span><\/p>\n<blockquote class=\"twitter-tweet\">\n<p dir=\"ltr\" lang=\"en\">\ud835\udc7a\ud835\udc91\ud835\udc8d\ud835\udc8a\ud835\udc95\ud835\udc94. <a href=\"https:\/\/twitter.com\/hashtag\/TirrenoAdriatico?src=hash&amp;ref_src=twsrc%5Etfw\">#TirrenoAdriatico<\/a> <a href=\"https:\/\/twitter.com\/CA_Ita?ref_src=twsrc%5Etfw\">@CA_Ita<\/a> <a href=\"https:\/\/t.co\/vhEwdhbWTx\">pic.twitter.com\/vhEwdhbWTx<\/a><\/p>\n<p>\u2014 Tirreno Adriatico (@TirrenAdriatico) <a href=\"https:\/\/twitter.com\/TirrenAdriatico\/status\/1900172035084394771?ref_src=twsrc%5Etfw\">March 13, 2025<\/a><\/p><\/blockquote>\n<p><script async src=\"https:\/\/platform.twitter.com\/widgets.js\" charset=\"utf-8\"><\/script><\/p>\n<p style=\"text-align: justify;\"><span style=\"font-weight: 400;\">Sous la pluie, un long bras de fer d\u00e9butait alors entre le nouveau peloton d\u2019une petite trentaine d\u2019\u00e9l\u00e9ments et les pi\u00e9g\u00e9s. Au bout d\u2019un effort colossal, une majorit\u00e9 des coureurs parvenaient finalement \u00e0 rentrer, mais cette bordure \u00e9tait fatale \u00e0 un groupe dont faisait notamment partie le sprinteur de poche fran\u00e7ais, <\/span><b>Bryan Coquard<\/b><span style=\"font-weight: 400;\"> (Cofidis).<\/span><\/p>\n<h2 style=\"text-align: justify;\">Nouvelle bordure des INEOS Grenadiers<\/h2>\n<p style=\"text-align: justify;\"><span style=\"font-weight: 400;\">Tandis qu\u2019une accalmie annon\u00e7ait un regroupement avec le groupe <\/span><b>Gee-Landa<\/b><span style=\"font-weight: 400;\">, la formation <\/span><span style=\"font-weight: 400;\"><b>INEOS Grenadiers<\/b><\/span><span style=\"font-weight: 400;\">\u00a0profitait du fort vent de c\u00f4t\u00e9 pour relancer un nouveau coup de bordure. Situation diff\u00e9rente cette fois-ci puisque six coureurs se d\u00e9tachaient : le leader en personne, <\/span><b>Filippo Ganna,<\/b><span style=\"font-weight: 400;\"> et son \u00e9quipier <\/span><b>Laurens De Plus <\/b><span style=\"font-weight: 400;\">(INEOS Grenadiers) ainsi qu\u2019un trio \u00e9mirati, <\/span><b>Juan Ayuso, Isaac Del Toro<\/b><span style=\"font-weight: 400;\"> et <\/span><b>F\u00e9lix <\/b><b>Grossschartner <\/b><span style=\"font-weight: 400;\">(UAE Team Emirates &#8211; XRG), accompagn\u00e9s par le Tricolore <\/span><b>Quentin Pacher<\/b><span style=\"font-weight: 400;\"> (Groupama-FDJ), prenaient une trentaine de secondes d\u2019avance.<\/span><\/p>\n<h4 style=\"text-align: justify;\"><span style=\"font-weight: 400;\">Tout ou presque rentrait dans l\u2019ordre quelques kilom\u00e8tres plus loin, mais l&rsquo;\u00e9nergie une nouvelle fois d\u00e9ploy\u00e9e usaient encore un peu plus les corps, d\u00e9j\u00e0 meurtris par la folle \u00e9tape en cours. Les valeureux \u00e9chapp\u00e9s, que <\/span><b>Ben Healy<\/b><span style=\"font-weight: 400;\"> (EF Education-EasyPost) avaient rejoint en faisant le jump, r\u00e9sistaient au retour des derniers r\u00e9sistants, soit un peloton de 60 coureurs, jusque dans les tout derniers hectom\u00e8tres.\u00a0<\/span><\/h4>\n<ul>\n<li><strong>\u00c0 ce sujet \u2013\u00a0<a href=\"https:\/\/dicodusport.fr\/blog\/classement-general-tirreno-adriatico-2025\/\">Classement g\u00e9n\u00e9ral de Tirreno-Adriatico 2025<\/a><\/strong><\/li>\n<\/ul>\n<h2 style=\"text-align: justify;\">Kooij en filou<\/h2>\n<p style=\"text-align: justify;\"><span style=\"font-weight: 400;\">La victoire allait finalement se jouer lors d\u2019un sprint en petit comit\u00e9. Le N\u00e9erlandais <\/span><b>Olav Kooij<\/b><span style=\"font-weight: 400;\"> (<\/span><span style=\"font-weight: 400;\">Team Visma | Lease a Bike) tirait son \u00e9pingle du jeu et l\u2019emportait assez ais\u00e9ment devant <\/span><b>Rick Pluimers <\/b><span style=\"font-weight: 400;\">(Tudor Pro Cycling Team). Enfin, <\/span><b>Mathieu van der Poel<\/b><span style=\"font-weight: 400;\"> (Alpecin-Deceuninck) prenait la troisi\u00e8me place pour compl\u00e9ter un podium 100% hollandais. Aucun changement notable n\u2019\u00e9tait \u00e0 signifier au classement g\u00e9n\u00e9ral, toujours men\u00e9 par <\/span><b>Filippo Ganna<\/b><span style=\"font-weight: 400;\"> (INEOS Grenadiers).<\/span><\/p>\n<blockquote class=\"twitter-tweet\">\n<p dir=\"ltr\" lang=\"und\">\ud83e\udde1 \ud835\udc0e\ud835\udc2b\ud835\udc1a\ud835\udc27\ud835\udc23\ud835\udc1e \ud835\udc0c\ud835\udc1a\ud835\udc2c\ud835\udc2d\ud835\udc1e\ud835\udc2b\ud835\udc1c\ud835\udc25\ud835\udc1a\ud835\udc2c\ud835\udc2c<a href=\"https:\/\/twitter.com\/hashtag\/TirrenoAdriatico?src=hash&amp;ref_src=twsrc%5Etfw\">#TirrenoAdriatico<\/a> <a href=\"https:\/\/twitter.com\/CA_Ita?ref_src=twsrc%5Etfw\">@CA_Ita<\/a> <a href=\"https:\/\/t.co\/cY2BwVg5Br\">pic.twitter.com\/cY2BwVg5Br<\/a><\/p>\n<p>\u2014 Tirreno Adriatico (@TirrenAdriatico) <a href=\"https:\/\/twitter.com\/TirrenAdriatico\/status\/1900195234618732764?ref_src=twsrc%5Etfw\">March 13, 2025<\/a><\/p><\/blockquote>\n<p><script async src=\"https:\/\/platform.twitter.com\/widgets.js\" charset=\"utf-8\"><\/script><\/p>\n","protected":false},"excerpt":{"rendered":"<p>La 4\u00e8me \u00e9tape pour Olav Kooij<\/p>\n","protected":false},"author":97,"featured_media":563760,"comment_status":"open","ping_status":"closed","sticky":false,"template":"","format":"standard","meta":{"_acf_changed":false,"_daextam_enable_autolinks":"1","footnotes":""},"categories":[46994],"tags":[16878,14193],"class_list":["post-563687","post","type-post","status-publish","format-standard","has-post-thumbnail","hentry","category-cyclisme-sur-route","tag-breve","tag-filippo-ganna"],"acf":[],"yoast_head":"<!-- This site is optimized with the Yoast SEO Premium plugin v26.7 (Yoast SEO v26.7) - https:\/\/yoast.com\/wordpress\/plugins\/seo\/ -->\n<title>Tirreno-Adriatico 2025 : La 4\u00e8me \u00e9tape pour Olav Kooij<\/title>\n<meta name=\"description\" content=\"TIRRENO-ADRIATICO - Au bout de cette journ\u00e9e tout aussi givr\u00e9e que mouvement\u00e9e, Olav Kooij s&#039;est impos\u00e9 au sprint devant Mathieu van der Poel.\" \/>\n<meta name=\"robots\" content=\"index, follow, max-snippet:-1, max-image-preview:large, max-video-preview:-1\" \/>\n<link rel=\"canonical\" href=\"https:\/\/dicodusport.fr\/blog\/tirreno-adriatico-2025-la-4eme-etape-pour-olav-kooij\/\" \/>\n<meta property=\"og:locale\" content=\"fr_FR\" \/>\n<meta property=\"og:type\" content=\"article\" \/>\n<meta property=\"og:title\" content=\"Tirreno-Adriatico 2025 : La 4\u00e8me \u00e9tape pour Olav Kooij\" \/>\n<meta property=\"og:description\" content=\"TIRRENO-ADRIATICO - Au bout de cette journ\u00e9e tout aussi givr\u00e9e que mouvement\u00e9e, Olav Kooij s&#039;est impos\u00e9 au sprint devant Mathieu van der Poel.\" \/>\n<meta property=\"og:url\" content=\"https:\/\/dicodusport.fr\/blog\/tirreno-adriatico-2025-la-4eme-etape-pour-olav-kooij\/\" \/>\n<meta property=\"og:site_name\" content=\"Dicodusport\" \/>\n<meta property=\"article:publisher\" content=\"https:\/\/www.facebook.com\/dicodusport\" \/>\n<meta property=\"article:published_time\" content=\"2025-03-13T14:43:03+00:00\" \/>\n<meta property=\"article:modified_time\" content=\"2025-03-13T15:04:08+00:00\" \/>\n<meta property=\"og:image\" content=\"https:\/\/dicodusport.fr\/blog\/wp-content\/uploads\/2025\/03\/Tirreno-Adriatico-2025-La-4eme-etape-pour-Olav-Kooij-1.png\" \/>\n\t<meta property=\"og:image:width\" content=\"1200\" \/>\n\t<meta property=\"og:image:height\" content=\"674\" \/>\n\t<meta property=\"og:image:type\" content=\"image\/png\" \/>\n<meta name=\"author\" content=\"Louis Bouchardon\" \/>\n<meta name=\"twitter:card\" content=\"summary_large_image\" \/>\n<meta name=\"twitter:title\" content=\"Tirreno-Adriatico 2025 : La 4\u00e8me \u00e9tape pour Olav Kooij\" \/>\n<meta name=\"twitter:creator\" content=\"@dicodusport\" \/>\n<meta name=\"twitter:site\" content=\"@dicodusport\" \/>\n<script type=\"application\/ld+json\" class=\"yoast-schema-graph\">{\"@context\":\"https:\/\/schema.org\",\"@graph\":[{\"@type\":\"NewsArticle\",\"@id\":\"https:\/\/dicodusport.fr\/blog\/tirreno-adriatico-2025-la-4eme-etape-pour-olav-kooij\/#article\",\"isPartOf\":{\"@id\":\"https:\/\/dicodusport.fr\/blog\/tirreno-adriatico-2025-la-4eme-etape-pour-olav-kooij\/\"},\"author\":{\"name\":\"Louis Bouchardon\",\"@id\":\"https:\/\/dicodusport.fr\/blog\/#\/schema\/person\/2d00cb7edce22380129fc3141987a97f\"},\"headline\":\"Tirreno-Adriatico 2025 : La 4\u00e8me \u00e9tape pour Olav Kooij\",\"datePublished\":\"2025-03-13T14:43:03+00:00\",\"dateModified\":\"2025-03-13T15:04:08+00:00\",\"mainEntityOfPage\":{\"@id\":\"https:\/\/dicodusport.fr\/blog\/tirreno-adriatico-2025-la-4eme-etape-pour-olav-kooij\/\"},\"wordCount\":766,\"commentCount\":0,\"publisher\":{\"@id\":\"https:\/\/dicodusport.fr\/blog\/#organization\"},\"image\":{\"@id\":\"https:\/\/dicodusport.fr\/blog\/tirreno-adriatico-2025-la-4eme-etape-pour-olav-kooij\/#primaryimage\"},\"thumbnailUrl\":\"https:\/\/dicodusport.fr\/blog\/wp-content\/uploads\/2025\/03\/Tirreno-Adriatico-2025-La-4eme-etape-pour-Olav-Kooij-1.png\",\"keywords\":[\"br\u00e8ve\",\"Filippo Ganna\"],\"articleSection\":[\"Cyclisme sur route\"],\"inLanguage\":\"fr-FR\",\"potentialAction\":[{\"@type\":\"CommentAction\",\"name\":\"Comment\",\"target\":[\"https:\/\/dicodusport.fr\/blog\/tirreno-adriatico-2025-la-4eme-etape-pour-olav-kooij\/#respond\"]}],\"copyrightYear\":\"2025\",\"copyrightHolder\":{\"@id\":\"https:\/\/dicodusport.fr\/blog\/#organization\"}},{\"@type\":\"WebPage\",\"@id\":\"https:\/\/dicodusport.fr\/blog\/tirreno-adriatico-2025-la-4eme-etape-pour-olav-kooij\/\",\"url\":\"https:\/\/dicodusport.fr\/blog\/tirreno-adriatico-2025-la-4eme-etape-pour-olav-kooij\/\",\"name\":\"Tirreno-Adriatico 2025 : La 4\u00e8me \u00e9tape pour Olav Kooij\",\"isPartOf\":{\"@id\":\"https:\/\/dicodusport.fr\/blog\/#website\"},\"primaryImageOfPage\":{\"@id\":\"https:\/\/dicodusport.fr\/blog\/tirreno-adriatico-2025-la-4eme-etape-pour-olav-kooij\/#primaryimage\"},\"image\":{\"@id\":\"https:\/\/dicodusport.fr\/blog\/tirreno-adriatico-2025-la-4eme-etape-pour-olav-kooij\/#primaryimage\"},\"thumbnailUrl\":\"https:\/\/dicodusport.fr\/blog\/wp-content\/uploads\/2025\/03\/Tirreno-Adriatico-2025-La-4eme-etape-pour-Olav-Kooij-1.png\",\"datePublished\":\"2025-03-13T14:43:03+00:00\",\"dateModified\":\"2025-03-13T15:04:08+00:00\",\"description\":\"TIRRENO-ADRIATICO - Au bout de cette journ\u00e9e tout aussi givr\u00e9e que mouvement\u00e9e, Olav Kooij s'est impos\u00e9 au sprint devant Mathieu van der Poel.\",\"breadcrumb\":{\"@id\":\"https:\/\/dicodusport.fr\/blog\/tirreno-adriatico-2025-la-4eme-etape-pour-olav-kooij\/#breadcrumb\"},\"inLanguage\":\"fr-FR\",\"potentialAction\":[{\"@type\":\"ReadAction\",\"target\":[\"https:\/\/dicodusport.fr\/blog\/tirreno-adriatico-2025-la-4eme-etape-pour-olav-kooij\/\"]}]},{\"@type\":\"ImageObject\",\"inLanguage\":\"fr-FR\",\"@id\":\"https:\/\/dicodusport.fr\/blog\/tirreno-adriatico-2025-la-4eme-etape-pour-olav-kooij\/#primaryimage\",\"url\":\"https:\/\/dicodusport.fr\/blog\/wp-content\/uploads\/2025\/03\/Tirreno-Adriatico-2025-La-4eme-etape-pour-Olav-Kooij-1.png\",\"contentUrl\":\"https:\/\/dicodusport.fr\/blog\/wp-content\/uploads\/2025\/03\/Tirreno-Adriatico-2025-La-4eme-etape-pour-Olav-Kooij-1.png\",\"width\":1200,\"height\":674,\"caption\":\"Tirreno-Adriatico 2025 La 4\u00e8me \u00e9tape pour Olav Kooij (1)\"},{\"@type\":\"BreadcrumbList\",\"@id\":\"https:\/\/dicodusport.fr\/blog\/tirreno-adriatico-2025-la-4eme-etape-pour-olav-kooij\/#breadcrumb\",\"itemListElement\":[{\"@type\":\"ListItem\",\"position\":1,\"name\":\"Accueil\",\"item\":\"https:\/\/dicodusport.fr\/blog\/\"},{\"@type\":\"ListItem\",\"position\":2,\"name\":\"Tirreno-Adriatico 2025 : La 4\u00e8me \u00e9tape pour Olav Kooij\"}]},{\"@type\":\"WebSite\",\"@id\":\"https:\/\/dicodusport.fr\/blog\/#website\",\"url\":\"https:\/\/dicodusport.fr\/blog\/\",\"name\":\"Dicodusport\",\"description\":\"L&#039;encyclop\u00e9die de l&#039;actualit\u00e9 sportive\",\"publisher\":{\"@id\":\"https:\/\/dicodusport.fr\/blog\/#organization\"},\"potentialAction\":[{\"@type\":\"SearchAction\",\"target\":{\"@type\":\"EntryPoint\",\"urlTemplate\":\"https:\/\/dicodusport.fr\/blog\/?s={search_term_string}\"},\"query-input\":{\"@type\":\"PropertyValueSpecification\",\"valueRequired\":true,\"valueName\":\"search_term_string\"}}],\"inLanguage\":\"fr-FR\"},{\"@type\":\"NewsMediaOrganization\",\"@id\":\"https:\/\/dicodusport.fr\/blog\/#organization\",\"name\":\"Dicodusport\",\"url\":\"https:\/\/dicodusport.fr\/blog\/\",\"logo\":{\"@type\":\"ImageObject\",\"inLanguage\":\"fr-FR\",\"@id\":\"https:\/\/dicodusport.fr\/blog\/#\/schema\/logo\/image\/\",\"url\":\"https:\/\/dicodusport.fr\/blog\/wp-content\/uploads\/2020\/06\/cropped-LOGO-DICODUSPORT-2020-SANS-FOND-SANS-TEXTE.png\",\"contentUrl\":\"https:\/\/dicodusport.fr\/blog\/wp-content\/uploads\/2020\/06\/cropped-LOGO-DICODUSPORT-2020-SANS-FOND-SANS-TEXTE.png\",\"width\":512,\"height\":512,\"caption\":\"Dicodusport\"},\"image\":{\"@id\":\"https:\/\/dicodusport.fr\/blog\/#\/schema\/logo\/image\/\"},\"sameAs\":[\"https:\/\/www.facebook.com\/dicodusport\",\"https:\/\/x.com\/dicodusport\",\"https:\/\/www.instagram.com\/dicodusport\/\",\"https:\/\/www.youtube.com\/channel\/UC7V2KZ5sd3htJivAbA4ZG3w\"],\"description\":\"Dicodusport est l'encyclop\u00e9die de l'actualit\u00e9 sportive.\",\"email\":\"bonjour@dicodusport.fr\",\"legalName\":\"DICODUSPORT\",\"foundingDate\":\"2018-01-14\",\"vatID\":\"FR71834470973\",\"taxID\":\"83447097300043\",\"numberOfEmployees\":{\"@type\":\"QuantitativeValue\",\"minValue\":\"1\",\"maxValue\":\"10\"}},{\"@type\":\"Person\",\"@id\":\"https:\/\/dicodusport.fr\/blog\/#\/schema\/person\/2d00cb7edce22380129fc3141987a97f\",\"name\":\"Louis Bouchardon\",\"image\":{\"@type\":\"ImageObject\",\"inLanguage\":\"fr-FR\",\"@id\":\"https:\/\/dicodusport.fr\/blog\/#\/schema\/person\/image\/\",\"url\":\"https:\/\/dicodusport.fr\/blog\/wp-content\/uploads\/2025\/02\/Maillot-Dicodusport-Loulou-49-150x150.png\",\"contentUrl\":\"https:\/\/dicodusport.fr\/blog\/wp-content\/uploads\/2025\/02\/Maillot-Dicodusport-Loulou-49-150x150.png\",\"caption\":\"Louis Bouchardon\"},\"description\":\"Berc\u00e9 dans la fin des ann\u00e9es 90 au son des rayons de v\u00e9lo d\u2019un p\u00e8re cycliste amateur, le sport n\u2019a depuis plus jamais quitt\u00e9 mon quotidien. Sp\u00e9cialiste du ballon rond comme du ballon ovale, je suis r\u00e9dacteur chez Dicodusport depuis d\u00e9cembre 2023.\",\"url\":\"https:\/\/dicodusport.fr\/blog\/author\/louis-bouchardon\/\"}]}<\/script>\n<!-- \/ Yoast SEO Premium plugin. -->","yoast_head_json":{"title":"Tirreno-Adriatico 2025 : La 4\u00e8me \u00e9tape pour Olav Kooij","description":"TIRRENO-ADRIATICO - Au bout de cette journ\u00e9e tout aussi givr\u00e9e que mouvement\u00e9e, Olav Kooij s'est impos\u00e9 au sprint devant Mathieu van der Poel.","robots":{"index":"index","follow":"follow","max-snippet":"max-snippet:-1","max-image-preview":"max-image-preview:large","max-video-preview":"max-video-preview:-1"},"canonical":"https:\/\/dicodusport.fr\/blog\/tirreno-adriatico-2025-la-4eme-etape-pour-olav-kooij\/","og_locale":"fr_FR","og_type":"article","og_title":"Tirreno-Adriatico 2025 : La 4\u00e8me \u00e9tape pour Olav Kooij","og_description":"TIRRENO-ADRIATICO - Au bout de cette journ\u00e9e tout aussi givr\u00e9e que mouvement\u00e9e, Olav Kooij s'est impos\u00e9 au sprint devant Mathieu van der Poel.","og_url":"https:\/\/dicodusport.fr\/blog\/tirreno-adriatico-2025-la-4eme-etape-pour-olav-kooij\/","og_site_name":"Dicodusport","article_publisher":"https:\/\/www.facebook.com\/dicodusport","article_published_time":"2025-03-13T14:43:03+00:00","article_modified_time":"2025-03-13T15:04:08+00:00","og_image":[{"width":1200,"height":674,"url":"https:\/\/dicodusport.fr\/blog\/wp-content\/uploads\/2025\/03\/Tirreno-Adriatico-2025-La-4eme-etape-pour-Olav-Kooij-1.png","type":"image\/png"}],"author":"Louis Bouchardon","twitter_card":"summary_large_image","twitter_title":"Tirreno-Adriatico 2025 : La 4\u00e8me \u00e9tape pour Olav Kooij","twitter_creator":"@dicodusport","twitter_site":"@dicodusport","schema":{"@context":"https:\/\/schema.org","@graph":[{"@type":"NewsArticle","@id":"https:\/\/dicodusport.fr\/blog\/tirreno-adriatico-2025-la-4eme-etape-pour-olav-kooij\/#article","isPartOf":{"@id":"https:\/\/dicodusport.fr\/blog\/tirreno-adriatico-2025-la-4eme-etape-pour-olav-kooij\/"},"author":{"name":"Louis Bouchardon","@id":"https:\/\/dicodusport.fr\/blog\/#\/schema\/person\/2d00cb7edce22380129fc3141987a97f"},"headline":"Tirreno-Adriatico 2025 : La 4\u00e8me \u00e9tape pour Olav Kooij","datePublished":"2025-03-13T14:43:03+00:00","dateModified":"2025-03-13T15:04:08+00:00","mainEntityOfPage":{"@id":"https:\/\/dicodusport.fr\/blog\/tirreno-adriatico-2025-la-4eme-etape-pour-olav-kooij\/"},"wordCount":766,"commentCount":0,"publisher":{"@id":"https:\/\/dicodusport.fr\/blog\/#organization"},"image":{"@id":"https:\/\/dicodusport.fr\/blog\/tirreno-adriatico-2025-la-4eme-etape-pour-olav-kooij\/#primaryimage"},"thumbnailUrl":"https:\/\/dicodusport.fr\/blog\/wp-content\/uploads\/2025\/03\/Tirreno-Adriatico-2025-La-4eme-etape-pour-Olav-Kooij-1.png","keywords":["br\u00e8ve","Filippo Ganna"],"articleSection":["Cyclisme sur route"],"inLanguage":"fr-FR","potentialAction":[{"@type":"CommentAction","name":"Comment","target":["https:\/\/dicodusport.fr\/blog\/tirreno-adriatico-2025-la-4eme-etape-pour-olav-kooij\/#respond"]}],"copyrightYear":"2025","copyrightHolder":{"@id":"https:\/\/dicodusport.fr\/blog\/#organization"}},{"@type":"WebPage","@id":"https:\/\/dicodusport.fr\/blog\/tirreno-adriatico-2025-la-4eme-etape-pour-olav-kooij\/","url":"https:\/\/dicodusport.fr\/blog\/tirreno-adriatico-2025-la-4eme-etape-pour-olav-kooij\/","name":"Tirreno-Adriatico 2025 : La 4\u00e8me \u00e9tape pour Olav Kooij","isPartOf":{"@id":"https:\/\/dicodusport.fr\/blog\/#website"},"primaryImageOfPage":{"@id":"https:\/\/dicodusport.fr\/blog\/tirreno-adriatico-2025-la-4eme-etape-pour-olav-kooij\/#primaryimage"},"image":{"@id":"https:\/\/dicodusport.fr\/blog\/tirreno-adriatico-2025-la-4eme-etape-pour-olav-kooij\/#primaryimage"},"thumbnailUrl":"https:\/\/dicodusport.fr\/blog\/wp-content\/uploads\/2025\/03\/Tirreno-Adriatico-2025-La-4eme-etape-pour-Olav-Kooij-1.png","datePublished":"2025-03-13T14:43:03+00:00","dateModified":"2025-03-13T15:04:08+00:00","description":"TIRRENO-ADRIATICO - Au bout de cette journ\u00e9e tout aussi givr\u00e9e que mouvement\u00e9e, Olav Kooij s'est impos\u00e9 au sprint devant Mathieu van der Poel.","breadcrumb":{"@id":"https:\/\/dicodusport.fr\/blog\/tirreno-adriatico-2025-la-4eme-etape-pour-olav-kooij\/#breadcrumb"},"inLanguage":"fr-FR","potentialAction":[{"@type":"ReadAction","target":["https:\/\/dicodusport.fr\/blog\/tirreno-adriatico-2025-la-4eme-etape-pour-olav-kooij\/"]}]},{"@type":"ImageObject","inLanguage":"fr-FR","@id":"https:\/\/dicodusport.fr\/blog\/tirreno-adriatico-2025-la-4eme-etape-pour-olav-kooij\/#primaryimage","url":"https:\/\/dicodusport.fr\/blog\/wp-content\/uploads\/2025\/03\/Tirreno-Adriatico-2025-La-4eme-etape-pour-Olav-Kooij-1.png","contentUrl":"https:\/\/dicodusport.fr\/blog\/wp-content\/uploads\/2025\/03\/Tirreno-Adriatico-2025-La-4eme-etape-pour-Olav-Kooij-1.png","width":1200,"height":674,"caption":"Tirreno-Adriatico 2025 La 4\u00e8me \u00e9tape pour Olav Kooij (1)"},{"@type":"BreadcrumbList","@id":"https:\/\/dicodusport.fr\/blog\/tirreno-adriatico-2025-la-4eme-etape-pour-olav-kooij\/#breadcrumb","itemListElement":[{"@type":"ListItem","position":1,"name":"Accueil","item":"https:\/\/dicodusport.fr\/blog\/"},{"@type":"ListItem","position":2,"name":"Tirreno-Adriatico 2025 : La 4\u00e8me \u00e9tape pour Olav Kooij"}]},{"@type":"WebSite","@id":"https:\/\/dicodusport.fr\/blog\/#website","url":"https:\/\/dicodusport.fr\/blog\/","name":"Dicodusport","description":"L&#039;encyclop\u00e9die de l&#039;actualit\u00e9 sportive","publisher":{"@id":"https:\/\/dicodusport.fr\/blog\/#organization"},"potentialAction":[{"@type":"SearchAction","target":{"@type":"EntryPoint","urlTemplate":"https:\/\/dicodusport.fr\/blog\/?s={search_term_string}"},"query-input":{"@type":"PropertyValueSpecification","valueRequired":true,"valueName":"search_term_string"}}],"inLanguage":"fr-FR"},{"@type":"NewsMediaOrganization","@id":"https:\/\/dicodusport.fr\/blog\/#organization","name":"Dicodusport","url":"https:\/\/dicodusport.fr\/blog\/","logo":{"@type":"ImageObject","inLanguage":"fr-FR","@id":"https:\/\/dicodusport.fr\/blog\/#\/schema\/logo\/image\/","url":"https:\/\/dicodusport.fr\/blog\/wp-content\/uploads\/2020\/06\/cropped-LOGO-DICODUSPORT-2020-SANS-FOND-SANS-TEXTE.png","contentUrl":"https:\/\/dicodusport.fr\/blog\/wp-content\/uploads\/2020\/06\/cropped-LOGO-DICODUSPORT-2020-SANS-FOND-SANS-TEXTE.png","width":512,"height":512,"caption":"Dicodusport"},"image":{"@id":"https:\/\/dicodusport.fr\/blog\/#\/schema\/logo\/image\/"},"sameAs":["https:\/\/www.facebook.com\/dicodusport","https:\/\/x.com\/dicodusport","https:\/\/www.instagram.com\/dicodusport\/","https:\/\/www.youtube.com\/channel\/UC7V2KZ5sd3htJivAbA4ZG3w"],"description":"Dicodusport est l'encyclop\u00e9die de l'actualit\u00e9 sportive.","email":"bonjour@dicodusport.fr","legalName":"DICODUSPORT","foundingDate":"2018-01-14","vatID":"FR71834470973","taxID":"83447097300043","numberOfEmployees":{"@type":"QuantitativeValue","minValue":"1","maxValue":"10"}},{"@type":"Person","@id":"https:\/\/dicodusport.fr\/blog\/#\/schema\/person\/2d00cb7edce22380129fc3141987a97f","name":"Louis Bouchardon","image":{"@type":"ImageObject","inLanguage":"fr-FR","@id":"https:\/\/dicodusport.fr\/blog\/#\/schema\/person\/image\/","url":"https:\/\/dicodusport.fr\/blog\/wp-content\/uploads\/2025\/02\/Maillot-Dicodusport-Loulou-49-150x150.png","contentUrl":"https:\/\/dicodusport.fr\/blog\/wp-content\/uploads\/2025\/02\/Maillot-Dicodusport-Loulou-49-150x150.png","caption":"Louis Bouchardon"},"description":"Berc\u00e9 dans la fin des ann\u00e9es 90 au son des rayons de v\u00e9lo d\u2019un p\u00e8re cycliste amateur, le sport n\u2019a depuis plus jamais quitt\u00e9 mon quotidien. Sp\u00e9cialiste du ballon rond comme du ballon ovale, je suis r\u00e9dacteur chez Dicodusport depuis d\u00e9cembre 2023.","url":"https:\/\/dicodusport.fr\/blog\/author\/louis-bouchardon\/"}]}},"_links":{"self":[{"href":"https:\/\/dicodusport.fr\/blog\/wp-json\/wp\/v2\/posts\/563687","targetHints":{"allow":["GET"]}}],"collection":[{"href":"https:\/\/dicodusport.fr\/blog\/wp-json\/wp\/v2\/posts"}],"about":[{"href":"https:\/\/dicodusport.fr\/blog\/wp-json\/wp\/v2\/types\/post"}],"author":[{"embeddable":true,"href":"https:\/\/dicodusport.fr\/blog\/wp-json\/wp\/v2\/users\/97"}],"replies":[{"embeddable":true,"href":"https:\/\/dicodusport.fr\/blog\/wp-json\/wp\/v2\/comments?post=563687"}],"version-history":[{"count":5,"href":"https:\/\/dicodusport.fr\/blog\/wp-json\/wp\/v2\/posts\/563687\/revisions"}],"predecessor-version":[{"id":563754,"href":"https:\/\/dicodusport.fr\/blog\/wp-json\/wp\/v2\/posts\/563687\/revisions\/563754"}],"wp:featuredmedia":[{"embeddable":true,"href":"https:\/\/dicodusport.fr\/blog\/wp-json\/wp\/v2\/media\/563760"}],"wp:attachment":[{"href":"https:\/\/dicodusport.fr\/blog\/wp-json\/wp\/v2\/media?parent=563687"}],"wp:term":[{"taxonomy":"category","embeddable":true,"href":"https:\/\/dicodusport.fr\/blog\/wp-json\/wp\/v2\/categories?post=563687"},{"taxonomy":"post_tag","embeddable":true,"href":"https:\/\/dicodusport.fr\/blog\/wp-json\/wp\/v2\/tags?post=563687"}],"curies":[{"name":"wp","href":"https:\/\/api.w.org\/{rel}","templated":true}]}}