{"id":563932,"date":"2025-03-14T09:36:24","date_gmt":"2025-03-14T08:36:24","guid":{"rendered":"https:\/\/dicodusport.fr\/blog\/?p=563932&#038;preview=true&#038;preview_id=563932"},"modified":"2025-03-14T09:49:17","modified_gmt":"2025-03-14T08:49:17","slug":"paris-nice-2025-jonas-vingegaard-renonce-a-prendre-le-depart-de-la-6eme-etape","status":"publish","type":"post","link":"https:\/\/dicodusport.fr\/blog\/paris-nice-2025-jonas-vingegaard-renonce-a-prendre-le-depart-de-la-6eme-etape\/","title":{"rendered":"Paris-Nice 2025 : Jonas Vingegaard renonce \u00e0 prendre le d\u00e9part de la 6\u00e8me \u00e9tape"},"content":{"rendered":"<h4 style=\"text-align: justify;\"><em>PARIS-NICE 2025 &#8211; Suite \u00e0 sa chute la veille, Jonas Vingegaard ne prendra pas le d\u00e9part de la 6\u00e8me \u00e9tape \u00e0 Saint-Julien-en-Saint-Alban. Touch\u00e9 \u00e0 la main gauche, le Danois et le staff de la Visma Lease a Bike ont d\u00e9cid\u00e9 de ne prendre aucun risque.<\/em><\/h4>\n<ul style=\"text-align: justify;\">\n<li style=\"text-align: justify;\"><strong>\u00c0 ce sujet \u2013\u00a0<a href=\"https:\/\/dicodusport.fr\/blog\/paris-nice-2025-parcours-detaille-et-profil-des-etapes\/\">Paris-Nice 2025 : Parcours d\u00e9taill\u00e9 et profil des \u00e9tapes<\/a><\/strong><\/li>\n<\/ul>\n<p style=\"text-align: justify;\">Coup de tonnerre sur le <strong>Paris-Nice<\/strong> ce vendredi matin ! Grand favori de l&rsquo;\u00e9preuve, <strong>Jonas Vingegaard<\/strong> <strong>ne sera pas au d\u00e9part de la 6\u00e8me \u00e9tape<\/strong> propos\u00e9e ce vendredi entre Saint-Julien-en-Saint-Alban et Berre-l&rsquo;\u00c9tang. Il y a quelques minutes, la formation <strong>Visma Lease a Bike<\/strong> a officialis\u00e9 la nouvelle.<\/p>\n<h2 style=\"text-align: justify;\">Jonas Vingegaard touch\u00e9 \u00e0 la main<\/h2>\n<p style=\"text-align: justify;\">Jeudi, le Danois avait chut\u00e9 en d\u00e9but d&rsquo;\u00e9tape avant de montrer un visage inhabituel. Durant toute la journ\u00e9e, il avait tra\u00een\u00e9 en queue de peloton. Avant de finalement c\u00e9der du terrain sur le vainqueur du jour, <strong>Lenny Martinez<\/strong>, et les autres favoris, dans l&rsquo;ascension finale vers Notre-Dame-de-Sciez. Au point d&rsquo;en perdre le maillot jaune. \u00c0 l&rsquo;arriv\u00e9e, l&rsquo;ancien vainqueur du Tour de France \u00e9tait marqu\u00e9 physiquement. <strong>La l\u00e8vre en sang, et la main gauche douloureuse<\/strong>, la suite de son Paris-Nice semblait alors compromise.<\/p>\n<div class=\"vlp-link-container vlp-layout-article\"><a href=\"https:\/\/dicodusport.fr\/blog\/paris-nice-2025-lenny-martinez-remporte-5e-etape\/\" class=\"vlp-link\" title=\"Paris-Nice 2025 : Lenny Martinez remporte la 5\u00e8me \u00e9tape\"><\/a><div class=\"vlp-layout-zone-side\"><div class=\"vlp-block-4 vlp-link-image\"><img loading=\"lazy\" decoding=\"async\" style=\"max-width: 792px;\" width=\"792\" height=\"445\" src=\"https:\/\/dicodusport.fr\/blog\/wp-content\/uploads\/2025\/03\/Paris-Nice-2025-Lenny-Martinez-remporte-la-5eme-etape-1.png\" class=\"attachment-800x445 size-800x445\" alt=\"Paris-Nice 2025 Lenny Martinez remporte la 5\u00e8me \u00e9tape (1)\" srcset=\"https:\/\/dicodusport.fr\/blog\/wp-content\/uploads\/2025\/03\/Paris-Nice-2025-Lenny-Martinez-remporte-la-5eme-etape-1.png 1200w, https:\/\/dicodusport.fr\/blog\/wp-content\/uploads\/2025\/03\/Paris-Nice-2025-Lenny-Martinez-remporte-la-5eme-etape-1-300x169.png 300w, https:\/\/dicodusport.fr\/blog\/wp-content\/uploads\/2025\/03\/Paris-Nice-2025-Lenny-Martinez-remporte-la-5eme-etape-1-1024x575.png 1024w, https:\/\/dicodusport.fr\/blog\/wp-content\/uploads\/2025\/03\/Paris-Nice-2025-Lenny-Martinez-remporte-la-5eme-etape-1-768x431.png 768w\" sizes=\"auto, (max-width: 792px) 100vw, 792px\" \/><\/div><\/div><div class=\"vlp-layout-zone-main\"><div class=\"vlp-block-0 vlp-link-title\">Paris-Nice 2025 : Lenny Martinez remporte la 5\u00e8me \u00e9tape<\/div><div class=\"vlp-block-1 vlp-link-summary\">Lenny Martinez remporte la 5\u00e8me \u00e9tape<\/div><div class=\"vlp-block-2 vlp-link-button\">Lire l'article<\/div><div class=\"vlp-block-3 vlp-link-url\">dicodusport.fr<\/div><\/div><\/div>\n<p style=\"text-align: justify;\">Dans la soir\u00e9e, la formation n\u00e9erlandaise avait ainsi laiss\u00e9 planer le doute, en se donnant la nuit pour prendre une d\u00e9cision. Mais, souffrant d&rsquo;une ecchymose \u00e0 la main, <strong>Jonas Vingegaard<\/strong> a donc d\u00e9cid\u00e9 de quitter les routes de la Course au Soleil.<\/p>\n<ul style=\"text-align: justify;\">\n<li style=\"text-align: justify;\"><strong>\u00c0 ce sujet \u2013\u00a0<a href=\"https:\/\/dicodusport.fr\/blog\/paris-nice-2025-le-classement-general\/\">Classement g\u00e9n\u00e9ral Paris-Nice 2025<\/a><\/strong><\/li>\n<\/ul>\n<p style=\"text-align: justify;\">En cons\u00e9quence, <strong>Matteo Jorgenson<\/strong>, <a href=\"https:\/\/dicodusport.fr\/blog\/paris-nice-2024-le-general-pour-matteo-jorgenson-la-derniere-etape-pour-remco-evenepoel\/\"><strong>tenant du titre<\/strong><\/a>, devient l&rsquo;unique leader de la Visma Lease a Bike. Au classement g\u00e9n\u00e9ral, <strong>Florian Lipowitz<\/strong> est son nouveau dauphin, tandis que <strong>Jo\u00e3o\u00a0Almeida<\/strong> grimpe sur le podium, juste devant le Fran\u00e7ais <strong>Lenny Martinez<\/strong>, d\u00e9sormais 4\u00e8me.<\/p>\n<blockquote class=\"twitter-tweet\">\n<p dir=\"ltr\" lang=\"en\">Unfortunately, Jonas Vingegaard will not start in today\u2019s stage of Paris-Nice. Our medical staff has decided that it is best for him to recover from yesterday\u2019s crash at home and focus on his next goals for the season. <a href=\"https:\/\/t.co\/KqFHbR6hhQ\">pic.twitter.com\/KqFHbR6hhQ<\/a><\/p>\n<p>\u2014 Team Visma | Lease a Bike (@vismaleaseabike) <a href=\"https:\/\/twitter.com\/vismaleaseabike\/status\/1900460676146921948?ref_src=twsrc%5Etfw\">March 14, 2025<\/a><\/p><\/blockquote>\n<p style=\"text-align: justify;\"><script async src=\"https:\/\/platform.twitter.com\/widgets.js\" charset=\"utf-8\"><\/script><\/p>\n","protected":false},"excerpt":{"rendered":"<p>PARIS-NICE 2025 &#8211; Suite \u00e0 sa chute la veille, Jonas Vingegaard ne prendra pas le d\u00e9part de la 6\u00e8me \u00e9tape \u00e0 Saint-Julien-en-Saint-Alban. Touch\u00e9 \u00e0 la main gauche, le Danois et le staff de la Visma Lease a Bike ont d\u00e9cid\u00e9 de ne prendre aucun risque.<\/p>\n","protected":false},"author":55,"featured_media":563934,"comment_status":"open","ping_status":"closed","sticky":false,"template":"","format":"standard","meta":{"_acf_changed":false,"_daextam_enable_autolinks":"1","footnotes":""},"categories":[46994],"tags":[16878,17721],"class_list":["post-563932","post","type-post","status-publish","format-standard","has-post-thumbnail","hentry","category-cyclisme-sur-route","tag-breve","tag-jonas-vingegaard"],"acf":[],"yoast_head":"<!-- This site is optimized with the Yoast SEO Premium plugin v26.7 (Yoast SEO v26.7) - https:\/\/yoast.com\/wordpress\/plugins\/seo\/ -->\n<title>Paris-Nice 2025 : Jonas Vingegaard renonce \u00e0 prendre le d\u00e9part de la 6\u00e8me \u00e9tape<\/title>\n<meta name=\"description\" content=\"PARIS-NICE 2025 - Grand favori de l&#039;\u00e9preuve, le Danois Jonas Vingegaard a abandonn\u00e9 ce vendredi matin suite \u00e0 sa chute sur la 5\u00e8me \u00e9tape.\" \/>\n<meta name=\"robots\" content=\"index, follow, max-snippet:-1, max-image-preview:large, max-video-preview:-1\" \/>\n<link rel=\"canonical\" href=\"https:\/\/dicodusport.fr\/blog\/paris-nice-2025-jonas-vingegaard-renonce-a-prendre-le-depart-de-la-6eme-etape\/\" \/>\n<meta property=\"og:locale\" content=\"fr_FR\" \/>\n<meta property=\"og:type\" content=\"article\" \/>\n<meta property=\"og:title\" content=\"Paris-Nice 2025 : Jonas Vingegaard renonce \u00e0 prendre le d\u00e9part de la 6\u00e8me \u00e9tape\" \/>\n<meta property=\"og:description\" content=\"PARIS-NICE 2025 - Grand favori de l&#039;\u00e9preuve, le Danois Jonas Vingegaard a abandonn\u00e9 ce vendredi matin suite \u00e0 sa chute sur la 5\u00e8me \u00e9tape.\" \/>\n<meta property=\"og:url\" content=\"https:\/\/dicodusport.fr\/blog\/paris-nice-2025-jonas-vingegaard-renonce-a-prendre-le-depart-de-la-6eme-etape\/\" \/>\n<meta property=\"og:site_name\" content=\"Dicodusport\" \/>\n<meta property=\"article:publisher\" content=\"https:\/\/www.facebook.com\/dicodusport\" \/>\n<meta property=\"article:published_time\" content=\"2025-03-14T08:36:24+00:00\" \/>\n<meta property=\"article:modified_time\" content=\"2025-03-14T08:49:17+00:00\" \/>\n<meta property=\"og:image\" content=\"https:\/\/dicodusport.fr\/blog\/wp-content\/uploads\/2025\/03\/Paris-Nice-2025-Jonas-Vingegaard-renonce-a-prendre-le-depart-de-la-6eme-etape.png\" \/>\n\t<meta property=\"og:image:width\" content=\"1200\" \/>\n\t<meta property=\"og:image:height\" content=\"674\" \/>\n\t<meta property=\"og:image:type\" content=\"image\/png\" \/>\n<meta name=\"author\" content=\"Maxime Cazenave\" \/>\n<meta name=\"twitter:card\" content=\"summary_large_image\" \/>\n<meta name=\"twitter:title\" content=\"Paris-Nice 2025 : Jonas Vingegaard renonce \u00e0 prendre le d\u00e9part de la 6\u00e8me \u00e9tape\" \/>\n<meta name=\"twitter:creator\" content=\"@https:\/\/twitter.com\/Maxime_Caze\" \/>\n<meta name=\"twitter:site\" content=\"@dicodusport\" \/>\n<script type=\"application\/ld+json\" class=\"yoast-schema-graph\">{\"@context\":\"https:\/\/schema.org\",\"@graph\":[{\"@type\":\"NewsArticle\",\"@id\":\"https:\/\/dicodusport.fr\/blog\/paris-nice-2025-jonas-vingegaard-renonce-a-prendre-le-depart-de-la-6eme-etape\/#article\",\"isPartOf\":{\"@id\":\"https:\/\/dicodusport.fr\/blog\/paris-nice-2025-jonas-vingegaard-renonce-a-prendre-le-depart-de-la-6eme-etape\/\"},\"author\":{\"name\":\"Maxime Cazenave\",\"@id\":\"https:\/\/dicodusport.fr\/blog\/#\/schema\/person\/37def232098a7a5cbab3974a3690abb0\"},\"headline\":\"Paris-Nice 2025 : Jonas Vingegaard renonce \u00e0 prendre le d\u00e9part de la 6\u00e8me \u00e9tape\",\"datePublished\":\"2025-03-14T08:36:24+00:00\",\"dateModified\":\"2025-03-14T08:49:17+00:00\",\"mainEntityOfPage\":{\"@id\":\"https:\/\/dicodusport.fr\/blog\/paris-nice-2025-jonas-vingegaard-renonce-a-prendre-le-depart-de-la-6eme-etape\/\"},\"wordCount\":423,\"commentCount\":0,\"publisher\":{\"@id\":\"https:\/\/dicodusport.fr\/blog\/#organization\"},\"image\":{\"@id\":\"https:\/\/dicodusport.fr\/blog\/paris-nice-2025-jonas-vingegaard-renonce-a-prendre-le-depart-de-la-6eme-etape\/#primaryimage\"},\"thumbnailUrl\":\"https:\/\/dicodusport.fr\/blog\/wp-content\/uploads\/2025\/03\/Paris-Nice-2025-Jonas-Vingegaard-renonce-a-prendre-le-depart-de-la-6eme-etape.png\",\"keywords\":[\"br\u00e8ve\",\"Jonas Vingegaard\"],\"articleSection\":[\"Cyclisme sur route\"],\"inLanguage\":\"fr-FR\",\"potentialAction\":[{\"@type\":\"CommentAction\",\"name\":\"Comment\",\"target\":[\"https:\/\/dicodusport.fr\/blog\/paris-nice-2025-jonas-vingegaard-renonce-a-prendre-le-depart-de-la-6eme-etape\/#respond\"]}],\"copyrightYear\":\"2025\",\"copyrightHolder\":{\"@id\":\"https:\/\/dicodusport.fr\/blog\/#organization\"}},{\"@type\":\"WebPage\",\"@id\":\"https:\/\/dicodusport.fr\/blog\/paris-nice-2025-jonas-vingegaard-renonce-a-prendre-le-depart-de-la-6eme-etape\/\",\"url\":\"https:\/\/dicodusport.fr\/blog\/paris-nice-2025-jonas-vingegaard-renonce-a-prendre-le-depart-de-la-6eme-etape\/\",\"name\":\"Paris-Nice 2025 : Jonas Vingegaard renonce \u00e0 prendre le d\u00e9part de la 6\u00e8me \u00e9tape\",\"isPartOf\":{\"@id\":\"https:\/\/dicodusport.fr\/blog\/#website\"},\"primaryImageOfPage\":{\"@id\":\"https:\/\/dicodusport.fr\/blog\/paris-nice-2025-jonas-vingegaard-renonce-a-prendre-le-depart-de-la-6eme-etape\/#primaryimage\"},\"image\":{\"@id\":\"https:\/\/dicodusport.fr\/blog\/paris-nice-2025-jonas-vingegaard-renonce-a-prendre-le-depart-de-la-6eme-etape\/#primaryimage\"},\"thumbnailUrl\":\"https:\/\/dicodusport.fr\/blog\/wp-content\/uploads\/2025\/03\/Paris-Nice-2025-Jonas-Vingegaard-renonce-a-prendre-le-depart-de-la-6eme-etape.png\",\"datePublished\":\"2025-03-14T08:36:24+00:00\",\"dateModified\":\"2025-03-14T08:49:17+00:00\",\"description\":\"PARIS-NICE 2025 - Grand favori de l'\u00e9preuve, le Danois Jonas Vingegaard a abandonn\u00e9 ce vendredi matin suite \u00e0 sa chute sur la 5\u00e8me \u00e9tape.\",\"breadcrumb\":{\"@id\":\"https:\/\/dicodusport.fr\/blog\/paris-nice-2025-jonas-vingegaard-renonce-a-prendre-le-depart-de-la-6eme-etape\/#breadcrumb\"},\"inLanguage\":\"fr-FR\",\"potentialAction\":[{\"@type\":\"ReadAction\",\"target\":[\"https:\/\/dicodusport.fr\/blog\/paris-nice-2025-jonas-vingegaard-renonce-a-prendre-le-depart-de-la-6eme-etape\/\"]}]},{\"@type\":\"ImageObject\",\"inLanguage\":\"fr-FR\",\"@id\":\"https:\/\/dicodusport.fr\/blog\/paris-nice-2025-jonas-vingegaard-renonce-a-prendre-le-depart-de-la-6eme-etape\/#primaryimage\",\"url\":\"https:\/\/dicodusport.fr\/blog\/wp-content\/uploads\/2025\/03\/Paris-Nice-2025-Jonas-Vingegaard-renonce-a-prendre-le-depart-de-la-6eme-etape.png\",\"contentUrl\":\"https:\/\/dicodusport.fr\/blog\/wp-content\/uploads\/2025\/03\/Paris-Nice-2025-Jonas-Vingegaard-renonce-a-prendre-le-depart-de-la-6eme-etape.png\",\"width\":1200,\"height\":674,\"caption\":\"Paris-Nice 2025 : Jonas Vingegaard renonce \u00e0 prendre le d\u00e9part de la 6\u00e8me \u00e9tape\"},{\"@type\":\"BreadcrumbList\",\"@id\":\"https:\/\/dicodusport.fr\/blog\/paris-nice-2025-jonas-vingegaard-renonce-a-prendre-le-depart-de-la-6eme-etape\/#breadcrumb\",\"itemListElement\":[{\"@type\":\"ListItem\",\"position\":1,\"name\":\"Accueil\",\"item\":\"https:\/\/dicodusport.fr\/blog\/\"},{\"@type\":\"ListItem\",\"position\":2,\"name\":\"Paris-Nice 2025 : Jonas Vingegaard renonce \u00e0 prendre le d\u00e9part de la 6\u00e8me \u00e9tape\"}]},{\"@type\":\"WebSite\",\"@id\":\"https:\/\/dicodusport.fr\/blog\/#website\",\"url\":\"https:\/\/dicodusport.fr\/blog\/\",\"name\":\"Dicodusport\",\"description\":\"L&#039;encyclop\u00e9die de l&#039;actualit\u00e9 sportive\",\"publisher\":{\"@id\":\"https:\/\/dicodusport.fr\/blog\/#organization\"},\"potentialAction\":[{\"@type\":\"SearchAction\",\"target\":{\"@type\":\"EntryPoint\",\"urlTemplate\":\"https:\/\/dicodusport.fr\/blog\/?s={search_term_string}\"},\"query-input\":{\"@type\":\"PropertyValueSpecification\",\"valueRequired\":true,\"valueName\":\"search_term_string\"}}],\"inLanguage\":\"fr-FR\"},{\"@type\":\"NewsMediaOrganization\",\"@id\":\"https:\/\/dicodusport.fr\/blog\/#organization\",\"name\":\"Dicodusport\",\"url\":\"https:\/\/dicodusport.fr\/blog\/\",\"logo\":{\"@type\":\"ImageObject\",\"inLanguage\":\"fr-FR\",\"@id\":\"https:\/\/dicodusport.fr\/blog\/#\/schema\/logo\/image\/\",\"url\":\"https:\/\/dicodusport.fr\/blog\/wp-content\/uploads\/2020\/06\/cropped-LOGO-DICODUSPORT-2020-SANS-FOND-SANS-TEXTE.png\",\"contentUrl\":\"https:\/\/dicodusport.fr\/blog\/wp-content\/uploads\/2020\/06\/cropped-LOGO-DICODUSPORT-2020-SANS-FOND-SANS-TEXTE.png\",\"width\":512,\"height\":512,\"caption\":\"Dicodusport\"},\"image\":{\"@id\":\"https:\/\/dicodusport.fr\/blog\/#\/schema\/logo\/image\/\"},\"sameAs\":[\"https:\/\/www.facebook.com\/dicodusport\",\"https:\/\/x.com\/dicodusport\",\"https:\/\/www.instagram.com\/dicodusport\/\",\"https:\/\/www.youtube.com\/channel\/UC7V2KZ5sd3htJivAbA4ZG3w\"],\"description\":\"Dicodusport est l'encyclop\u00e9die de l'actualit\u00e9 sportive.\",\"email\":\"bonjour@dicodusport.fr\",\"legalName\":\"DICODUSPORT\",\"foundingDate\":\"2018-01-14\",\"vatID\":\"FR71834470973\",\"taxID\":\"83447097300043\",\"numberOfEmployees\":{\"@type\":\"QuantitativeValue\",\"minValue\":\"1\",\"maxValue\":\"10\"}},{\"@type\":\"Person\",\"@id\":\"https:\/\/dicodusport.fr\/blog\/#\/schema\/person\/37def232098a7a5cbab3974a3690abb0\",\"name\":\"Maxime Cazenave\",\"image\":{\"@type\":\"ImageObject\",\"inLanguage\":\"fr-FR\",\"@id\":\"https:\/\/dicodusport.fr\/blog\/#\/schema\/person\/image\/\",\"url\":\"https:\/\/dicodusport.fr\/blog\/wp-content\/uploads\/2021\/05\/Maxime-Cazenave-150x150.jpg\",\"contentUrl\":\"https:\/\/dicodusport.fr\/blog\/wp-content\/uploads\/2021\/05\/Maxime-Cazenave-150x150.jpg\",\"caption\":\"Maxime Cazenave\"},\"description\":\"Journaliste\/R\u00e9dacteur depuis 2012 - Berc\u00e9 par l\u2019amour des Girondins de Bordeaux, les \u00e9checs de Christophe Moreau sur le Tour de France sous l'\u00e8re Lance Armstrong et le fade-away l\u00e9tal de Dirk Nowitzki, ma passion d\u00e9vorante pour le sport a toujours \u00e9t\u00e9 un pan incontournable de ma vie. Transmettre ma passion \u00e0 l\u2019\u00e9crit a \u00e9t\u00e9 une transition naturelle. Suiveur assidu de basket et de hockey sur glace, je garde toujours un peu de place pour suivre le cyclisme, le football et le maximum de performances fran\u00e7aises.\",\"sameAs\":[\"https:\/\/x.com\/https:\/\/twitter.com\/Maxime_Caze\"],\"url\":\"https:\/\/dicodusport.fr\/blog\/author\/maximec\/\"}]}<\/script>\n<!-- \/ Yoast SEO Premium plugin. -->","yoast_head_json":{"title":"Paris-Nice 2025 : Jonas Vingegaard renonce \u00e0 prendre le d\u00e9part de la 6\u00e8me \u00e9tape","description":"PARIS-NICE 2025 - Grand favori de l'\u00e9preuve, le Danois Jonas Vingegaard a abandonn\u00e9 ce vendredi matin suite \u00e0 sa chute sur la 5\u00e8me \u00e9tape.","robots":{"index":"index","follow":"follow","max-snippet":"max-snippet:-1","max-image-preview":"max-image-preview:large","max-video-preview":"max-video-preview:-1"},"canonical":"https:\/\/dicodusport.fr\/blog\/paris-nice-2025-jonas-vingegaard-renonce-a-prendre-le-depart-de-la-6eme-etape\/","og_locale":"fr_FR","og_type":"article","og_title":"Paris-Nice 2025 : Jonas Vingegaard renonce \u00e0 prendre le d\u00e9part de la 6\u00e8me \u00e9tape","og_description":"PARIS-NICE 2025 - Grand favori de l'\u00e9preuve, le Danois Jonas Vingegaard a abandonn\u00e9 ce vendredi matin suite \u00e0 sa chute sur la 5\u00e8me \u00e9tape.","og_url":"https:\/\/dicodusport.fr\/blog\/paris-nice-2025-jonas-vingegaard-renonce-a-prendre-le-depart-de-la-6eme-etape\/","og_site_name":"Dicodusport","article_publisher":"https:\/\/www.facebook.com\/dicodusport","article_published_time":"2025-03-14T08:36:24+00:00","article_modified_time":"2025-03-14T08:49:17+00:00","og_image":[{"width":1200,"height":674,"url":"https:\/\/dicodusport.fr\/blog\/wp-content\/uploads\/2025\/03\/Paris-Nice-2025-Jonas-Vingegaard-renonce-a-prendre-le-depart-de-la-6eme-etape.png","type":"image\/png"}],"author":"Maxime Cazenave","twitter_card":"summary_large_image","twitter_title":"Paris-Nice 2025 : Jonas Vingegaard renonce \u00e0 prendre le d\u00e9part de la 6\u00e8me \u00e9tape","twitter_creator":"@https:\/\/twitter.com\/Maxime_Caze","twitter_site":"@dicodusport","schema":{"@context":"https:\/\/schema.org","@graph":[{"@type":"NewsArticle","@id":"https:\/\/dicodusport.fr\/blog\/paris-nice-2025-jonas-vingegaard-renonce-a-prendre-le-depart-de-la-6eme-etape\/#article","isPartOf":{"@id":"https:\/\/dicodusport.fr\/blog\/paris-nice-2025-jonas-vingegaard-renonce-a-prendre-le-depart-de-la-6eme-etape\/"},"author":{"name":"Maxime Cazenave","@id":"https:\/\/dicodusport.fr\/blog\/#\/schema\/person\/37def232098a7a5cbab3974a3690abb0"},"headline":"Paris-Nice 2025 : Jonas Vingegaard renonce \u00e0 prendre le d\u00e9part de la 6\u00e8me \u00e9tape","datePublished":"2025-03-14T08:36:24+00:00","dateModified":"2025-03-14T08:49:17+00:00","mainEntityOfPage":{"@id":"https:\/\/dicodusport.fr\/blog\/paris-nice-2025-jonas-vingegaard-renonce-a-prendre-le-depart-de-la-6eme-etape\/"},"wordCount":423,"commentCount":0,"publisher":{"@id":"https:\/\/dicodusport.fr\/blog\/#organization"},"image":{"@id":"https:\/\/dicodusport.fr\/blog\/paris-nice-2025-jonas-vingegaard-renonce-a-prendre-le-depart-de-la-6eme-etape\/#primaryimage"},"thumbnailUrl":"https:\/\/dicodusport.fr\/blog\/wp-content\/uploads\/2025\/03\/Paris-Nice-2025-Jonas-Vingegaard-renonce-a-prendre-le-depart-de-la-6eme-etape.png","keywords":["br\u00e8ve","Jonas Vingegaard"],"articleSection":["Cyclisme sur route"],"inLanguage":"fr-FR","potentialAction":[{"@type":"CommentAction","name":"Comment","target":["https:\/\/dicodusport.fr\/blog\/paris-nice-2025-jonas-vingegaard-renonce-a-prendre-le-depart-de-la-6eme-etape\/#respond"]}],"copyrightYear":"2025","copyrightHolder":{"@id":"https:\/\/dicodusport.fr\/blog\/#organization"}},{"@type":"WebPage","@id":"https:\/\/dicodusport.fr\/blog\/paris-nice-2025-jonas-vingegaard-renonce-a-prendre-le-depart-de-la-6eme-etape\/","url":"https:\/\/dicodusport.fr\/blog\/paris-nice-2025-jonas-vingegaard-renonce-a-prendre-le-depart-de-la-6eme-etape\/","name":"Paris-Nice 2025 : Jonas Vingegaard renonce \u00e0 prendre le d\u00e9part de la 6\u00e8me \u00e9tape","isPartOf":{"@id":"https:\/\/dicodusport.fr\/blog\/#website"},"primaryImageOfPage":{"@id":"https:\/\/dicodusport.fr\/blog\/paris-nice-2025-jonas-vingegaard-renonce-a-prendre-le-depart-de-la-6eme-etape\/#primaryimage"},"image":{"@id":"https:\/\/dicodusport.fr\/blog\/paris-nice-2025-jonas-vingegaard-renonce-a-prendre-le-depart-de-la-6eme-etape\/#primaryimage"},"thumbnailUrl":"https:\/\/dicodusport.fr\/blog\/wp-content\/uploads\/2025\/03\/Paris-Nice-2025-Jonas-Vingegaard-renonce-a-prendre-le-depart-de-la-6eme-etape.png","datePublished":"2025-03-14T08:36:24+00:00","dateModified":"2025-03-14T08:49:17+00:00","description":"PARIS-NICE 2025 - Grand favori de l'\u00e9preuve, le Danois Jonas Vingegaard a abandonn\u00e9 ce vendredi matin suite \u00e0 sa chute sur la 5\u00e8me \u00e9tape.","breadcrumb":{"@id":"https:\/\/dicodusport.fr\/blog\/paris-nice-2025-jonas-vingegaard-renonce-a-prendre-le-depart-de-la-6eme-etape\/#breadcrumb"},"inLanguage":"fr-FR","potentialAction":[{"@type":"ReadAction","target":["https:\/\/dicodusport.fr\/blog\/paris-nice-2025-jonas-vingegaard-renonce-a-prendre-le-depart-de-la-6eme-etape\/"]}]},{"@type":"ImageObject","inLanguage":"fr-FR","@id":"https:\/\/dicodusport.fr\/blog\/paris-nice-2025-jonas-vingegaard-renonce-a-prendre-le-depart-de-la-6eme-etape\/#primaryimage","url":"https:\/\/dicodusport.fr\/blog\/wp-content\/uploads\/2025\/03\/Paris-Nice-2025-Jonas-Vingegaard-renonce-a-prendre-le-depart-de-la-6eme-etape.png","contentUrl":"https:\/\/dicodusport.fr\/blog\/wp-content\/uploads\/2025\/03\/Paris-Nice-2025-Jonas-Vingegaard-renonce-a-prendre-le-depart-de-la-6eme-etape.png","width":1200,"height":674,"caption":"Paris-Nice 2025 : Jonas Vingegaard renonce \u00e0 prendre le d\u00e9part de la 6\u00e8me \u00e9tape"},{"@type":"BreadcrumbList","@id":"https:\/\/dicodusport.fr\/blog\/paris-nice-2025-jonas-vingegaard-renonce-a-prendre-le-depart-de-la-6eme-etape\/#breadcrumb","itemListElement":[{"@type":"ListItem","position":1,"name":"Accueil","item":"https:\/\/dicodusport.fr\/blog\/"},{"@type":"ListItem","position":2,"name":"Paris-Nice 2025 : Jonas Vingegaard renonce \u00e0 prendre le d\u00e9part de la 6\u00e8me \u00e9tape"}]},{"@type":"WebSite","@id":"https:\/\/dicodusport.fr\/blog\/#website","url":"https:\/\/dicodusport.fr\/blog\/","name":"Dicodusport","description":"L&#039;encyclop\u00e9die de l&#039;actualit\u00e9 sportive","publisher":{"@id":"https:\/\/dicodusport.fr\/blog\/#organization"},"potentialAction":[{"@type":"SearchAction","target":{"@type":"EntryPoint","urlTemplate":"https:\/\/dicodusport.fr\/blog\/?s={search_term_string}"},"query-input":{"@type":"PropertyValueSpecification","valueRequired":true,"valueName":"search_term_string"}}],"inLanguage":"fr-FR"},{"@type":"NewsMediaOrganization","@id":"https:\/\/dicodusport.fr\/blog\/#organization","name":"Dicodusport","url":"https:\/\/dicodusport.fr\/blog\/","logo":{"@type":"ImageObject","inLanguage":"fr-FR","@id":"https:\/\/dicodusport.fr\/blog\/#\/schema\/logo\/image\/","url":"https:\/\/dicodusport.fr\/blog\/wp-content\/uploads\/2020\/06\/cropped-LOGO-DICODUSPORT-2020-SANS-FOND-SANS-TEXTE.png","contentUrl":"https:\/\/dicodusport.fr\/blog\/wp-content\/uploads\/2020\/06\/cropped-LOGO-DICODUSPORT-2020-SANS-FOND-SANS-TEXTE.png","width":512,"height":512,"caption":"Dicodusport"},"image":{"@id":"https:\/\/dicodusport.fr\/blog\/#\/schema\/logo\/image\/"},"sameAs":["https:\/\/www.facebook.com\/dicodusport","https:\/\/x.com\/dicodusport","https:\/\/www.instagram.com\/dicodusport\/","https:\/\/www.youtube.com\/channel\/UC7V2KZ5sd3htJivAbA4ZG3w"],"description":"Dicodusport est l'encyclop\u00e9die de l'actualit\u00e9 sportive.","email":"bonjour@dicodusport.fr","legalName":"DICODUSPORT","foundingDate":"2018-01-14","vatID":"FR71834470973","taxID":"83447097300043","numberOfEmployees":{"@type":"QuantitativeValue","minValue":"1","maxValue":"10"}},{"@type":"Person","@id":"https:\/\/dicodusport.fr\/blog\/#\/schema\/person\/37def232098a7a5cbab3974a3690abb0","name":"Maxime Cazenave","image":{"@type":"ImageObject","inLanguage":"fr-FR","@id":"https:\/\/dicodusport.fr\/blog\/#\/schema\/person\/image\/","url":"https:\/\/dicodusport.fr\/blog\/wp-content\/uploads\/2021\/05\/Maxime-Cazenave-150x150.jpg","contentUrl":"https:\/\/dicodusport.fr\/blog\/wp-content\/uploads\/2021\/05\/Maxime-Cazenave-150x150.jpg","caption":"Maxime Cazenave"},"description":"Journaliste\/R\u00e9dacteur depuis 2012 - Berc\u00e9 par l\u2019amour des Girondins de Bordeaux, les \u00e9checs de Christophe Moreau sur le Tour de France sous l'\u00e8re Lance Armstrong et le fade-away l\u00e9tal de Dirk Nowitzki, ma passion d\u00e9vorante pour le sport a toujours \u00e9t\u00e9 un pan incontournable de ma vie. Transmettre ma passion \u00e0 l\u2019\u00e9crit a \u00e9t\u00e9 une transition naturelle. Suiveur assidu de basket et de hockey sur glace, je garde toujours un peu de place pour suivre le cyclisme, le football et le maximum de performances fran\u00e7aises.","sameAs":["https:\/\/x.com\/https:\/\/twitter.com\/Maxime_Caze"],"url":"https:\/\/dicodusport.fr\/blog\/author\/maximec\/"}]}},"_links":{"self":[{"href":"https:\/\/dicodusport.fr\/blog\/wp-json\/wp\/v2\/posts\/563932","targetHints":{"allow":["GET"]}}],"collection":[{"href":"https:\/\/dicodusport.fr\/blog\/wp-json\/wp\/v2\/posts"}],"about":[{"href":"https:\/\/dicodusport.fr\/blog\/wp-json\/wp\/v2\/types\/post"}],"author":[{"embeddable":true,"href":"https:\/\/dicodusport.fr\/blog\/wp-json\/wp\/v2\/users\/55"}],"replies":[{"embeddable":true,"href":"https:\/\/dicodusport.fr\/blog\/wp-json\/wp\/v2\/comments?post=563932"}],"version-history":[{"count":3,"href":"https:\/\/dicodusport.fr\/blog\/wp-json\/wp\/v2\/posts\/563932\/revisions"}],"predecessor-version":[{"id":563941,"href":"https:\/\/dicodusport.fr\/blog\/wp-json\/wp\/v2\/posts\/563932\/revisions\/563941"}],"wp:featuredmedia":[{"embeddable":true,"href":"https:\/\/dicodusport.fr\/blog\/wp-json\/wp\/v2\/media\/563934"}],"wp:attachment":[{"href":"https:\/\/dicodusport.fr\/blog\/wp-json\/wp\/v2\/media?parent=563932"}],"wp:term":[{"taxonomy":"category","embeddable":true,"href":"https:\/\/dicodusport.fr\/blog\/wp-json\/wp\/v2\/categories?post=563932"},{"taxonomy":"post_tag","embeddable":true,"href":"https:\/\/dicodusport.fr\/blog\/wp-json\/wp\/v2\/tags?post=563932"}],"curies":[{"name":"wp","href":"https:\/\/api.w.org\/{rel}","templated":true}]}}