{"id":564034,"date":"2025-03-14T15:13:51","date_gmt":"2025-03-14T14:13:51","guid":{"rendered":"https:\/\/dicodusport.fr\/blog\/?p=564034&#038;preview=true&#038;preview_id=564034"},"modified":"2025-04-03T14:24:58","modified_gmt":"2025-04-03T12:24:58","slug":"ski-alpinisme-schladming-emily-harrop-et-thibault-anselmet-sur-le-podium-de-la-vertical-race","status":"publish","type":"post","link":"https:\/\/dicodusport.fr\/blog\/ski-alpinisme-schladming-emily-harrop-et-thibault-anselmet-sur-le-podium-de-la-vertical-race\/","title":{"rendered":"Ski Alpinisme Schladming : Emily Harrop et Thibault Anselmet sur le podium de la vertical race"},"content":{"rendered":"<h4 style=\"text-align: justify;\" align=\"justify\"><em><a style=\"font-weight: bold;\" href=\"https:\/\/dicodusport.fr\/blog\/?s=ski+alpinisme\">SKI ALPINISME<\/a> &#8211; En d\u00e9pit de l&rsquo;absence d&rsquo;Axelle Gachet-Mollaret, les Bleus ont pu compter sur les deux leaders des classements g\u00e9n\u00e9raux pour s&rsquo;offrir deux podiums sur la vertical race de Schladming. Tomb\u00e9s sur des irr\u00e9sistibles R\u00e9mi Bonnet et Tove Alexandersson, Thibault Anselmet et Emily Harrop ont tous deux pris la 2\u00e8me place ce vendredi.<\/em><\/h4>\n<p style=\"text-align: justify;\">Suite \u00e0 l&rsquo;interm\u00e8de des championnats du monde au d\u00e9but du mois, la <strong>Coupe du monde de ski alpinisme<\/strong> a repris ses droits ce vendredi avec la <strong>vertical race de Schladming<\/strong>, qui lan\u00e7ait le deuxi\u00e8me bloc de la saison jusqu&rsquo;\u00e0 mi-avril.<\/p>\n<h2 style=\"text-align: justify;\">Emily Harrop bute sur Tove Alexandersson<\/h2>\n<p style=\"text-align: justify;\">Vainqueure des deux premi\u00e8res courses, mais \u00e9galement du <a href=\"https:\/\/dicodusport.fr\/blog\/mondiaux-ski-alpinisme-2025-axelle-gachet-mollaret-conserve-son-titre-sur-la-vertical-race\/\">titre mondial de la sp\u00e9cialit\u00e9<\/a>, <strong>Axelle Gachet-Mollaret<\/strong> n&rsquo;\u00e9tait pas au d\u00e9part de l&rsquo;\u00e9preuve, ce qui laissait le champ libre \u00e0 d&rsquo;autres athl\u00e8tes. <a href=\"https:\/\/dicodusport.fr\/blog\/mondiaux-ski-alpinisme-2025-axelle-gachet-mollaret-emily-harrop-et-xavier-gachet-sur-le-podium-de-lindividuel\/\">Championne du monde de l&rsquo;individuel<\/a>,<strong> Tove Alexandersson<\/strong> a profit\u00e9 de l&rsquo;occasion pour imposer sa puissance sur le d\u00e9but de la course. La Su\u00e9doise a \u00e9t\u00e9 la premi\u00e8re \u00e0 acc\u00e9l\u00e9rer pour partir seule. Si <strong>Emily Harrop<\/strong> est d&rsquo;abord parvenue \u00e0 limiter la casse, elle a perdu progressivement m\u00e8tre apr\u00e8s m\u00e8tre.<\/p>\n<p style=\"text-align: justify;\">Malgr\u00e9 des secondes perdues sur une faute de glisse \u00e0 l&rsquo;approche de la ligne, Alexandersson \u00e9tait intouchable, et s&rsquo;impose. Harrop s&#8217;empare tout de m\u00eame d&rsquo;une belle 2\u00e8me place, qui lui permet de s&#8217;emparer de la t\u00eate du g\u00e9n\u00e9ral de la sp\u00e9cialit\u00e9. L&rsquo;Italienne <strong>Aba Di Silvestro<\/strong> compl\u00e8te le podium du jour.<\/p>\n<p style=\"text-align: justify;\">\u00c0 noter \u00e9galement dans le clan tricolore la 7\u00e8me place de <strong>C\u00e9lia Perrillat-Pessey<\/strong>, mais \u00e9galement la 10\u00e8me de <strong>Perrine Gindre.<\/strong> Une belle performance pour la skieuse de 23 ans, qui n&rsquo;avait plus connu un Top 10 en Coupe du monde depuis trois ans.<\/p>\n<p><span class=\"3pYwjKLgF0yvb622qcQ1U9zTfJYICyhBzWK8sckmS5WPVSDrbAXARG9P74CZxgwHaEZjnr6RGEOxi3DM7NN8fkehMHV\"><iframe loading=\"lazy\" title=\"ISMF World Cup Schladming - Vertical race\" width=\"740\" height=\"416\" src=\"https:\/\/www.youtube.com\/embed\/WSo_isV01LA?feature=oembed\" frameborder=\"0\" allow=\"accelerometer; autoplay; clipboard-write; encrypted-media; gyroscope; picture-in-picture; web-share\" referrerpolicy=\"strict-origin-when-cross-origin\" allowfullscreen><\/iframe><\/span><\/p>\n<h2 style=\"text-align: justify;\">Thibault Anselmet d\u00e9pose ses rivaux dans le final<\/h2>\n<p style=\"text-align: justify;\">Sur la course masculine, le suspense aura comme toujours tourn\u00e9 court. Si le Belge<strong> Maximilien Drion du Chapois<\/strong> s&rsquo;est accroch\u00e9 environ cinq minutes, il a ensuite laiss\u00e9 filer seul l&rsquo;incontournable <strong>R\u00e9mi Bonnet<\/strong>. Toujours au-dessus du lot, le Suisse a fait sa course seul, pour rafler la victoire avec plus de 32 secondes d&rsquo;avance sur un dauphin nomm\u00e9 <strong>Thibault Anselmet<\/strong>.<\/p>\n<p style=\"text-align: justify;\">Avec son casque dor\u00e9, le Fran\u00e7ais a pass\u00e9 l&rsquo;essentiel de la mont\u00e9e dans le sillage de l&rsquo;Autrichien <strong>Paul Verbnjak<\/strong>. Puis, sur la portion finale moins difficile, il a fait exploser tout le monde, avant de d\u00e9poser Maximilien Drion du Chapois pour se hisser en 2\u00e8me position, devant le Belge. 16\u00e8me \u00e0 Courchevel et 4\u00e8me \u00e0 Shahdag, Thibault Anselmet accroche l\u00e0 son premier podium en vertical race de la saison, et conforte sa position de leader du g\u00e9n\u00e9ral.<\/p>\n<blockquote class=\"twitter-tweet\">\n<p dir=\"ltr\" lang=\"ca\">Remi Bonnet segueix intractable a les verticals, com a les individuals, de la Copa del M\u00f3n d\u2019esqu\u00ed de <a href=\"https:\/\/twitter.com\/hashtag\/muntanya?src=hash&amp;ref_src=twsrc%5Etfw\">#muntanya<\/a> guanyant a <a href=\"https:\/\/twitter.com\/hashtag\/Schladming?src=hash&amp;ref_src=twsrc%5Etfw\">#Schladming<\/a> <a href=\"https:\/\/twitter.com\/hashtag\/Austria?src=hash&amp;ref_src=twsrc%5Etfw\">#Austria<\/a> <a href=\"https:\/\/twitter.com\/hashtag\/verticalrace?src=hash&amp;ref_src=twsrc%5Etfw\">#verticalrace<\/a> <a href=\"https:\/\/twitter.com\/hashtag\/WorldCup?src=hash&amp;ref_src=twsrc%5Etfw\">#WorldCup<\/a> <a href=\"https:\/\/twitter.com\/hashtag\/ISMF?src=hash&amp;ref_src=twsrc%5Etfw\">#ISMF<\/a> <a href=\"https:\/\/twitter.com\/hashtag\/skimountaineering?src=hash&amp;ref_src=twsrc%5Etfw\">#skimountaineering<\/a> <a href=\"https:\/\/t.co\/KrHFVJJKEe\">pic.twitter.com\/KrHFVJJKEe<\/a><\/p>\n<p>\u2014 Xavier Casillanis Comas (@xavik64) <a href=\"https:\/\/twitter.com\/xavik64\/status\/1900542744503664906?ref_src=twsrc%5Etfw\">March 14, 2025<\/a><\/p><\/blockquote>\n<p style=\"text-align: justify;\"><script async src=\"https:\/\/platform.twitter.com\/widgets.js\" charset=\"utf-8\"><\/script><\/p>\n<h3 style=\"text-align: justify;\">Les r\u00e9sultats des Fran\u00e7ais sur la vertical race de Schladming<\/h3>\n<p style=\"text-align: justify;\"><strong><em>Femmes<\/em> <\/strong>: 2\u00e8me Emily HARROP \/ 7\u00e8me C\u00e9lia PERILLAT-PESSEY \/ 10\u00e8me Perrine GINDDRE<\/p>\n<p style=\"text-align: justify;\"><strong><em>Hommes<\/em> <\/strong>: 2\u00e8me Thibault ANSELMET \/ 16\u00e8me G\u00e9d\u00e9on POCHAT COTTILOUX \/ 21\u00e8me Paul JAY<\/p>\n","protected":false},"excerpt":{"rendered":"<p>SKI ALPINISME &#8211; En d\u00e9pit de l&rsquo;absence d&rsquo;Axelle Gachet-Mollaret, les Bleus ont pu compter sur les deux leaders des classements g\u00e9n\u00e9raux pour s&rsquo;offrir deux podiums sur la vertical race de Schladming. Tomb\u00e9s sur des irr\u00e9sistibles R\u00e9mi Bonnet et Tove Alexandersson, Thibault Anselmet et Emily Harrop ont tous deux pris la 2\u00e8me place.<\/p>\n","protected":false},"author":55,"featured_media":564050,"comment_status":"open","ping_status":"closed","sticky":false,"template":"","format":"standard","meta":{"_acf_changed":false,"_daextam_enable_autolinks":"1","footnotes":""},"categories":[45757],"tags":[16878,37201,22884,13905,4230,30136],"class_list":["post-564034","post","type-post","status-publish","format-standard","has-post-thumbnail","hentry","category-ski-alpinisme","tag-breve","tag-coupe-du-monde-ski-alpinisme","tag-emily-harrop","tag-schladming","tag-ski-alpinisme","tag-thibault-anselmet"],"acf":[],"yoast_head":"<!-- This site is optimized with the Yoast SEO Premium plugin v26.7 (Yoast SEO v26.7) - https:\/\/yoast.com\/wordpress\/plugins\/seo\/ -->\n<title>Ski Alpinisme Schladming : Emily Harrop et Thibault Anselmet sur le podium de la vertical race<\/title>\n<meta name=\"description\" content=\"SKI ALPINISME - Thibault Anselmet et Emily Harrop ont tous deux pris la 2\u00e8me place de la vertical race de Schladming.\" \/>\n<meta name=\"robots\" content=\"index, follow, max-snippet:-1, max-image-preview:large, max-video-preview:-1\" \/>\n<link rel=\"canonical\" href=\"https:\/\/dicodusport.fr\/blog\/ski-alpinisme-schladming-emily-harrop-et-thibault-anselmet-sur-le-podium-de-la-vertical-race\/\" \/>\n<meta property=\"og:locale\" content=\"fr_FR\" \/>\n<meta property=\"og:type\" content=\"article\" \/>\n<meta property=\"og:title\" content=\"Ski Alpinisme Schladming : Emily Harrop et Thibault Anselmet sur le podium de la vertical race\" \/>\n<meta property=\"og:description\" content=\"SKI ALPINISME - Thibault Anselmet et Emily Harrop ont tous deux pris la 2\u00e8me place de la vertical race de Schladming.\" \/>\n<meta property=\"og:url\" content=\"https:\/\/dicodusport.fr\/blog\/ski-alpinisme-schladming-emily-harrop-et-thibault-anselmet-sur-le-podium-de-la-vertical-race\/\" \/>\n<meta property=\"og:site_name\" content=\"Dicodusport\" \/>\n<meta property=\"article:publisher\" content=\"https:\/\/www.facebook.com\/dicodusport\" \/>\n<meta property=\"article:published_time\" content=\"2025-03-14T14:13:51+00:00\" \/>\n<meta property=\"article:modified_time\" content=\"2025-04-03T12:24:58+00:00\" \/>\n<meta property=\"og:image\" content=\"https:\/\/dicodusport.fr\/blog\/wp-content\/uploads\/2025\/03\/Ski-Alpinisme-Schladming-Emily-Harrop-et-Thibault-Anselmet-sur-le-podium-de-la-vertical-race.png\" \/>\n\t<meta property=\"og:image:width\" content=\"1200\" \/>\n\t<meta property=\"og:image:height\" content=\"674\" \/>\n\t<meta property=\"og:image:type\" content=\"image\/png\" \/>\n<meta name=\"author\" content=\"Maxime Cazenave\" \/>\n<meta name=\"twitter:card\" content=\"summary_large_image\" \/>\n<meta name=\"twitter:title\" content=\"Ski Alpinisme Schladming : Emily Harrop et Thibault Anselmet sur le podium de la vertical race\" \/>\n<meta name=\"twitter:creator\" content=\"@https:\/\/twitter.com\/Maxime_Caze\" \/>\n<meta name=\"twitter:site\" content=\"@dicodusport\" \/>\n<script type=\"application\/ld+json\" class=\"yoast-schema-graph\">{\"@context\":\"https:\/\/schema.org\",\"@graph\":[{\"@type\":\"NewsArticle\",\"@id\":\"https:\/\/dicodusport.fr\/blog\/ski-alpinisme-schladming-emily-harrop-et-thibault-anselmet-sur-le-podium-de-la-vertical-race\/#article\",\"isPartOf\":{\"@id\":\"https:\/\/dicodusport.fr\/blog\/ski-alpinisme-schladming-emily-harrop-et-thibault-anselmet-sur-le-podium-de-la-vertical-race\/\"},\"author\":{\"name\":\"Maxime Cazenave\",\"@id\":\"https:\/\/dicodusport.fr\/blog\/#\/schema\/person\/37def232098a7a5cbab3974a3690abb0\"},\"headline\":\"Ski Alpinisme Schladming : Emily Harrop et Thibault Anselmet sur le podium de la vertical race\",\"datePublished\":\"2025-03-14T14:13:51+00:00\",\"dateModified\":\"2025-04-03T12:24:58+00:00\",\"mainEntityOfPage\":{\"@id\":\"https:\/\/dicodusport.fr\/blog\/ski-alpinisme-schladming-emily-harrop-et-thibault-anselmet-sur-le-podium-de-la-vertical-race\/\"},\"wordCount\":560,\"commentCount\":0,\"publisher\":{\"@id\":\"https:\/\/dicodusport.fr\/blog\/#organization\"},\"image\":{\"@id\":\"https:\/\/dicodusport.fr\/blog\/ski-alpinisme-schladming-emily-harrop-et-thibault-anselmet-sur-le-podium-de-la-vertical-race\/#primaryimage\"},\"thumbnailUrl\":\"https:\/\/dicodusport.fr\/blog\/wp-content\/uploads\/2025\/03\/Ski-Alpinisme-Schladming-Emily-Harrop-et-Thibault-Anselmet-sur-le-podium-de-la-vertical-race.png\",\"keywords\":[\"br\u00e8ve\",\"Coupe du monde ski alpinisme\",\"Emily Harrop\",\"Schladming\",\"Ski alpinisme\",\"Thibault Anselmet\"],\"articleSection\":[\"Ski alpinisme\"],\"inLanguage\":\"fr-FR\",\"potentialAction\":[{\"@type\":\"CommentAction\",\"name\":\"Comment\",\"target\":[\"https:\/\/dicodusport.fr\/blog\/ski-alpinisme-schladming-emily-harrop-et-thibault-anselmet-sur-le-podium-de-la-vertical-race\/#respond\"]}],\"copyrightYear\":\"2025\",\"copyrightHolder\":{\"@id\":\"https:\/\/dicodusport.fr\/blog\/#organization\"}},{\"@type\":\"WebPage\",\"@id\":\"https:\/\/dicodusport.fr\/blog\/ski-alpinisme-schladming-emily-harrop-et-thibault-anselmet-sur-le-podium-de-la-vertical-race\/\",\"url\":\"https:\/\/dicodusport.fr\/blog\/ski-alpinisme-schladming-emily-harrop-et-thibault-anselmet-sur-le-podium-de-la-vertical-race\/\",\"name\":\"Ski Alpinisme Schladming : Emily Harrop et Thibault Anselmet sur le podium de la vertical race\",\"isPartOf\":{\"@id\":\"https:\/\/dicodusport.fr\/blog\/#website\"},\"primaryImageOfPage\":{\"@id\":\"https:\/\/dicodusport.fr\/blog\/ski-alpinisme-schladming-emily-harrop-et-thibault-anselmet-sur-le-podium-de-la-vertical-race\/#primaryimage\"},\"image\":{\"@id\":\"https:\/\/dicodusport.fr\/blog\/ski-alpinisme-schladming-emily-harrop-et-thibault-anselmet-sur-le-podium-de-la-vertical-race\/#primaryimage\"},\"thumbnailUrl\":\"https:\/\/dicodusport.fr\/blog\/wp-content\/uploads\/2025\/03\/Ski-Alpinisme-Schladming-Emily-Harrop-et-Thibault-Anselmet-sur-le-podium-de-la-vertical-race.png\",\"datePublished\":\"2025-03-14T14:13:51+00:00\",\"dateModified\":\"2025-04-03T12:24:58+00:00\",\"description\":\"SKI ALPINISME - Thibault Anselmet et Emily Harrop ont tous deux pris la 2\u00e8me place de la vertical race de Schladming.\",\"breadcrumb\":{\"@id\":\"https:\/\/dicodusport.fr\/blog\/ski-alpinisme-schladming-emily-harrop-et-thibault-anselmet-sur-le-podium-de-la-vertical-race\/#breadcrumb\"},\"inLanguage\":\"fr-FR\",\"potentialAction\":[{\"@type\":\"ReadAction\",\"target\":[\"https:\/\/dicodusport.fr\/blog\/ski-alpinisme-schladming-emily-harrop-et-thibault-anselmet-sur-le-podium-de-la-vertical-race\/\"]}]},{\"@type\":\"ImageObject\",\"inLanguage\":\"fr-FR\",\"@id\":\"https:\/\/dicodusport.fr\/blog\/ski-alpinisme-schladming-emily-harrop-et-thibault-anselmet-sur-le-podium-de-la-vertical-race\/#primaryimage\",\"url\":\"https:\/\/dicodusport.fr\/blog\/wp-content\/uploads\/2025\/03\/Ski-Alpinisme-Schladming-Emily-Harrop-et-Thibault-Anselmet-sur-le-podium-de-la-vertical-race.png\",\"contentUrl\":\"https:\/\/dicodusport.fr\/blog\/wp-content\/uploads\/2025\/03\/Ski-Alpinisme-Schladming-Emily-Harrop-et-Thibault-Anselmet-sur-le-podium-de-la-vertical-race.png\",\"width\":1200,\"height\":674,\"caption\":\"Ski Alpinisme Schladming : Emily Harrop et Thibault Anselmet sur le podium de la vertical race\"},{\"@type\":\"BreadcrumbList\",\"@id\":\"https:\/\/dicodusport.fr\/blog\/ski-alpinisme-schladming-emily-harrop-et-thibault-anselmet-sur-le-podium-de-la-vertical-race\/#breadcrumb\",\"itemListElement\":[{\"@type\":\"ListItem\",\"position\":1,\"name\":\"Accueil\",\"item\":\"https:\/\/dicodusport.fr\/blog\/\"},{\"@type\":\"ListItem\",\"position\":2,\"name\":\"Ski Alpinisme Schladming : Emily Harrop et Thibault Anselmet sur le podium de la vertical race\"}]},{\"@type\":\"WebSite\",\"@id\":\"https:\/\/dicodusport.fr\/blog\/#website\",\"url\":\"https:\/\/dicodusport.fr\/blog\/\",\"name\":\"Dicodusport\",\"description\":\"L&#039;encyclop\u00e9die de l&#039;actualit\u00e9 sportive\",\"publisher\":{\"@id\":\"https:\/\/dicodusport.fr\/blog\/#organization\"},\"potentialAction\":[{\"@type\":\"SearchAction\",\"target\":{\"@type\":\"EntryPoint\",\"urlTemplate\":\"https:\/\/dicodusport.fr\/blog\/?s={search_term_string}\"},\"query-input\":{\"@type\":\"PropertyValueSpecification\",\"valueRequired\":true,\"valueName\":\"search_term_string\"}}],\"inLanguage\":\"fr-FR\"},{\"@type\":\"NewsMediaOrganization\",\"@id\":\"https:\/\/dicodusport.fr\/blog\/#organization\",\"name\":\"Dicodusport\",\"url\":\"https:\/\/dicodusport.fr\/blog\/\",\"logo\":{\"@type\":\"ImageObject\",\"inLanguage\":\"fr-FR\",\"@id\":\"https:\/\/dicodusport.fr\/blog\/#\/schema\/logo\/image\/\",\"url\":\"https:\/\/dicodusport.fr\/blog\/wp-content\/uploads\/2020\/06\/cropped-LOGO-DICODUSPORT-2020-SANS-FOND-SANS-TEXTE.png\",\"contentUrl\":\"https:\/\/dicodusport.fr\/blog\/wp-content\/uploads\/2020\/06\/cropped-LOGO-DICODUSPORT-2020-SANS-FOND-SANS-TEXTE.png\",\"width\":512,\"height\":512,\"caption\":\"Dicodusport\"},\"image\":{\"@id\":\"https:\/\/dicodusport.fr\/blog\/#\/schema\/logo\/image\/\"},\"sameAs\":[\"https:\/\/www.facebook.com\/dicodusport\",\"https:\/\/x.com\/dicodusport\",\"https:\/\/www.instagram.com\/dicodusport\/\",\"https:\/\/www.youtube.com\/channel\/UC7V2KZ5sd3htJivAbA4ZG3w\"],\"description\":\"Dicodusport est l'encyclop\u00e9die de l'actualit\u00e9 sportive.\",\"email\":\"bonjour@dicodusport.fr\",\"legalName\":\"DICODUSPORT\",\"foundingDate\":\"2018-01-14\",\"vatID\":\"FR71834470973\",\"taxID\":\"83447097300043\",\"numberOfEmployees\":{\"@type\":\"QuantitativeValue\",\"minValue\":\"1\",\"maxValue\":\"10\"}},{\"@type\":\"Person\",\"@id\":\"https:\/\/dicodusport.fr\/blog\/#\/schema\/person\/37def232098a7a5cbab3974a3690abb0\",\"name\":\"Maxime Cazenave\",\"image\":{\"@type\":\"ImageObject\",\"inLanguage\":\"fr-FR\",\"@id\":\"https:\/\/dicodusport.fr\/blog\/#\/schema\/person\/image\/\",\"url\":\"https:\/\/dicodusport.fr\/blog\/wp-content\/uploads\/2021\/05\/Maxime-Cazenave-150x150.jpg\",\"contentUrl\":\"https:\/\/dicodusport.fr\/blog\/wp-content\/uploads\/2021\/05\/Maxime-Cazenave-150x150.jpg\",\"caption\":\"Maxime Cazenave\"},\"description\":\"Journaliste\/R\u00e9dacteur depuis 2012 - Berc\u00e9 par l\u2019amour des Girondins de Bordeaux, les \u00e9checs de Christophe Moreau sur le Tour de France sous l'\u00e8re Lance Armstrong et le fade-away l\u00e9tal de Dirk Nowitzki, ma passion d\u00e9vorante pour le sport a toujours \u00e9t\u00e9 un pan incontournable de ma vie. Transmettre ma passion \u00e0 l\u2019\u00e9crit a \u00e9t\u00e9 une transition naturelle. Suiveur assidu de basket et de hockey sur glace, je garde toujours un peu de place pour suivre le cyclisme, le football et le maximum de performances fran\u00e7aises.\",\"sameAs\":[\"https:\/\/x.com\/https:\/\/twitter.com\/Maxime_Caze\"],\"url\":\"https:\/\/dicodusport.fr\/blog\/author\/maximec\/\"}]}<\/script>\n<!-- \/ Yoast SEO Premium plugin. -->","yoast_head_json":{"title":"Ski Alpinisme Schladming : Emily Harrop et Thibault Anselmet sur le podium de la vertical race","description":"SKI ALPINISME - Thibault Anselmet et Emily Harrop ont tous deux pris la 2\u00e8me place de la vertical race de Schladming.","robots":{"index":"index","follow":"follow","max-snippet":"max-snippet:-1","max-image-preview":"max-image-preview:large","max-video-preview":"max-video-preview:-1"},"canonical":"https:\/\/dicodusport.fr\/blog\/ski-alpinisme-schladming-emily-harrop-et-thibault-anselmet-sur-le-podium-de-la-vertical-race\/","og_locale":"fr_FR","og_type":"article","og_title":"Ski Alpinisme Schladming : Emily Harrop et Thibault Anselmet sur le podium de la vertical race","og_description":"SKI ALPINISME - Thibault Anselmet et Emily Harrop ont tous deux pris la 2\u00e8me place de la vertical race de Schladming.","og_url":"https:\/\/dicodusport.fr\/blog\/ski-alpinisme-schladming-emily-harrop-et-thibault-anselmet-sur-le-podium-de-la-vertical-race\/","og_site_name":"Dicodusport","article_publisher":"https:\/\/www.facebook.com\/dicodusport","article_published_time":"2025-03-14T14:13:51+00:00","article_modified_time":"2025-04-03T12:24:58+00:00","og_image":[{"width":1200,"height":674,"url":"https:\/\/dicodusport.fr\/blog\/wp-content\/uploads\/2025\/03\/Ski-Alpinisme-Schladming-Emily-Harrop-et-Thibault-Anselmet-sur-le-podium-de-la-vertical-race.png","type":"image\/png"}],"author":"Maxime Cazenave","twitter_card":"summary_large_image","twitter_title":"Ski Alpinisme Schladming : Emily Harrop et Thibault Anselmet sur le podium de la vertical race","twitter_creator":"@https:\/\/twitter.com\/Maxime_Caze","twitter_site":"@dicodusport","schema":{"@context":"https:\/\/schema.org","@graph":[{"@type":"NewsArticle","@id":"https:\/\/dicodusport.fr\/blog\/ski-alpinisme-schladming-emily-harrop-et-thibault-anselmet-sur-le-podium-de-la-vertical-race\/#article","isPartOf":{"@id":"https:\/\/dicodusport.fr\/blog\/ski-alpinisme-schladming-emily-harrop-et-thibault-anselmet-sur-le-podium-de-la-vertical-race\/"},"author":{"name":"Maxime Cazenave","@id":"https:\/\/dicodusport.fr\/blog\/#\/schema\/person\/37def232098a7a5cbab3974a3690abb0"},"headline":"Ski Alpinisme Schladming : Emily Harrop et Thibault Anselmet sur le podium de la vertical race","datePublished":"2025-03-14T14:13:51+00:00","dateModified":"2025-04-03T12:24:58+00:00","mainEntityOfPage":{"@id":"https:\/\/dicodusport.fr\/blog\/ski-alpinisme-schladming-emily-harrop-et-thibault-anselmet-sur-le-podium-de-la-vertical-race\/"},"wordCount":560,"commentCount":0,"publisher":{"@id":"https:\/\/dicodusport.fr\/blog\/#organization"},"image":{"@id":"https:\/\/dicodusport.fr\/blog\/ski-alpinisme-schladming-emily-harrop-et-thibault-anselmet-sur-le-podium-de-la-vertical-race\/#primaryimage"},"thumbnailUrl":"https:\/\/dicodusport.fr\/blog\/wp-content\/uploads\/2025\/03\/Ski-Alpinisme-Schladming-Emily-Harrop-et-Thibault-Anselmet-sur-le-podium-de-la-vertical-race.png","keywords":["br\u00e8ve","Coupe du monde ski alpinisme","Emily Harrop","Schladming","Ski alpinisme","Thibault Anselmet"],"articleSection":["Ski alpinisme"],"inLanguage":"fr-FR","potentialAction":[{"@type":"CommentAction","name":"Comment","target":["https:\/\/dicodusport.fr\/blog\/ski-alpinisme-schladming-emily-harrop-et-thibault-anselmet-sur-le-podium-de-la-vertical-race\/#respond"]}],"copyrightYear":"2025","copyrightHolder":{"@id":"https:\/\/dicodusport.fr\/blog\/#organization"}},{"@type":"WebPage","@id":"https:\/\/dicodusport.fr\/blog\/ski-alpinisme-schladming-emily-harrop-et-thibault-anselmet-sur-le-podium-de-la-vertical-race\/","url":"https:\/\/dicodusport.fr\/blog\/ski-alpinisme-schladming-emily-harrop-et-thibault-anselmet-sur-le-podium-de-la-vertical-race\/","name":"Ski Alpinisme Schladming : Emily Harrop et Thibault Anselmet sur le podium de la vertical race","isPartOf":{"@id":"https:\/\/dicodusport.fr\/blog\/#website"},"primaryImageOfPage":{"@id":"https:\/\/dicodusport.fr\/blog\/ski-alpinisme-schladming-emily-harrop-et-thibault-anselmet-sur-le-podium-de-la-vertical-race\/#primaryimage"},"image":{"@id":"https:\/\/dicodusport.fr\/blog\/ski-alpinisme-schladming-emily-harrop-et-thibault-anselmet-sur-le-podium-de-la-vertical-race\/#primaryimage"},"thumbnailUrl":"https:\/\/dicodusport.fr\/blog\/wp-content\/uploads\/2025\/03\/Ski-Alpinisme-Schladming-Emily-Harrop-et-Thibault-Anselmet-sur-le-podium-de-la-vertical-race.png","datePublished":"2025-03-14T14:13:51+00:00","dateModified":"2025-04-03T12:24:58+00:00","description":"SKI ALPINISME - Thibault Anselmet et Emily Harrop ont tous deux pris la 2\u00e8me place de la vertical race de Schladming.","breadcrumb":{"@id":"https:\/\/dicodusport.fr\/blog\/ski-alpinisme-schladming-emily-harrop-et-thibault-anselmet-sur-le-podium-de-la-vertical-race\/#breadcrumb"},"inLanguage":"fr-FR","potentialAction":[{"@type":"ReadAction","target":["https:\/\/dicodusport.fr\/blog\/ski-alpinisme-schladming-emily-harrop-et-thibault-anselmet-sur-le-podium-de-la-vertical-race\/"]}]},{"@type":"ImageObject","inLanguage":"fr-FR","@id":"https:\/\/dicodusport.fr\/blog\/ski-alpinisme-schladming-emily-harrop-et-thibault-anselmet-sur-le-podium-de-la-vertical-race\/#primaryimage","url":"https:\/\/dicodusport.fr\/blog\/wp-content\/uploads\/2025\/03\/Ski-Alpinisme-Schladming-Emily-Harrop-et-Thibault-Anselmet-sur-le-podium-de-la-vertical-race.png","contentUrl":"https:\/\/dicodusport.fr\/blog\/wp-content\/uploads\/2025\/03\/Ski-Alpinisme-Schladming-Emily-Harrop-et-Thibault-Anselmet-sur-le-podium-de-la-vertical-race.png","width":1200,"height":674,"caption":"Ski Alpinisme Schladming : Emily Harrop et Thibault Anselmet sur le podium de la vertical race"},{"@type":"BreadcrumbList","@id":"https:\/\/dicodusport.fr\/blog\/ski-alpinisme-schladming-emily-harrop-et-thibault-anselmet-sur-le-podium-de-la-vertical-race\/#breadcrumb","itemListElement":[{"@type":"ListItem","position":1,"name":"Accueil","item":"https:\/\/dicodusport.fr\/blog\/"},{"@type":"ListItem","position":2,"name":"Ski Alpinisme Schladming : Emily Harrop et Thibault Anselmet sur le podium de la vertical race"}]},{"@type":"WebSite","@id":"https:\/\/dicodusport.fr\/blog\/#website","url":"https:\/\/dicodusport.fr\/blog\/","name":"Dicodusport","description":"L&#039;encyclop\u00e9die de l&#039;actualit\u00e9 sportive","publisher":{"@id":"https:\/\/dicodusport.fr\/blog\/#organization"},"potentialAction":[{"@type":"SearchAction","target":{"@type":"EntryPoint","urlTemplate":"https:\/\/dicodusport.fr\/blog\/?s={search_term_string}"},"query-input":{"@type":"PropertyValueSpecification","valueRequired":true,"valueName":"search_term_string"}}],"inLanguage":"fr-FR"},{"@type":"NewsMediaOrganization","@id":"https:\/\/dicodusport.fr\/blog\/#organization","name":"Dicodusport","url":"https:\/\/dicodusport.fr\/blog\/","logo":{"@type":"ImageObject","inLanguage":"fr-FR","@id":"https:\/\/dicodusport.fr\/blog\/#\/schema\/logo\/image\/","url":"https:\/\/dicodusport.fr\/blog\/wp-content\/uploads\/2020\/06\/cropped-LOGO-DICODUSPORT-2020-SANS-FOND-SANS-TEXTE.png","contentUrl":"https:\/\/dicodusport.fr\/blog\/wp-content\/uploads\/2020\/06\/cropped-LOGO-DICODUSPORT-2020-SANS-FOND-SANS-TEXTE.png","width":512,"height":512,"caption":"Dicodusport"},"image":{"@id":"https:\/\/dicodusport.fr\/blog\/#\/schema\/logo\/image\/"},"sameAs":["https:\/\/www.facebook.com\/dicodusport","https:\/\/x.com\/dicodusport","https:\/\/www.instagram.com\/dicodusport\/","https:\/\/www.youtube.com\/channel\/UC7V2KZ5sd3htJivAbA4ZG3w"],"description":"Dicodusport est l'encyclop\u00e9die de l'actualit\u00e9 sportive.","email":"bonjour@dicodusport.fr","legalName":"DICODUSPORT","foundingDate":"2018-01-14","vatID":"FR71834470973","taxID":"83447097300043","numberOfEmployees":{"@type":"QuantitativeValue","minValue":"1","maxValue":"10"}},{"@type":"Person","@id":"https:\/\/dicodusport.fr\/blog\/#\/schema\/person\/37def232098a7a5cbab3974a3690abb0","name":"Maxime Cazenave","image":{"@type":"ImageObject","inLanguage":"fr-FR","@id":"https:\/\/dicodusport.fr\/blog\/#\/schema\/person\/image\/","url":"https:\/\/dicodusport.fr\/blog\/wp-content\/uploads\/2021\/05\/Maxime-Cazenave-150x150.jpg","contentUrl":"https:\/\/dicodusport.fr\/blog\/wp-content\/uploads\/2021\/05\/Maxime-Cazenave-150x150.jpg","caption":"Maxime Cazenave"},"description":"Journaliste\/R\u00e9dacteur depuis 2012 - Berc\u00e9 par l\u2019amour des Girondins de Bordeaux, les \u00e9checs de Christophe Moreau sur le Tour de France sous l'\u00e8re Lance Armstrong et le fade-away l\u00e9tal de Dirk Nowitzki, ma passion d\u00e9vorante pour le sport a toujours \u00e9t\u00e9 un pan incontournable de ma vie. Transmettre ma passion \u00e0 l\u2019\u00e9crit a \u00e9t\u00e9 une transition naturelle. Suiveur assidu de basket et de hockey sur glace, je garde toujours un peu de place pour suivre le cyclisme, le football et le maximum de performances fran\u00e7aises.","sameAs":["https:\/\/x.com\/https:\/\/twitter.com\/Maxime_Caze"],"url":"https:\/\/dicodusport.fr\/blog\/author\/maximec\/"}]}},"_links":{"self":[{"href":"https:\/\/dicodusport.fr\/blog\/wp-json\/wp\/v2\/posts\/564034","targetHints":{"allow":["GET"]}}],"collection":[{"href":"https:\/\/dicodusport.fr\/blog\/wp-json\/wp\/v2\/posts"}],"about":[{"href":"https:\/\/dicodusport.fr\/blog\/wp-json\/wp\/v2\/types\/post"}],"author":[{"embeddable":true,"href":"https:\/\/dicodusport.fr\/blog\/wp-json\/wp\/v2\/users\/55"}],"replies":[{"embeddable":true,"href":"https:\/\/dicodusport.fr\/blog\/wp-json\/wp\/v2\/comments?post=564034"}],"version-history":[{"count":5,"href":"https:\/\/dicodusport.fr\/blog\/wp-json\/wp\/v2\/posts\/564034\/revisions"}],"predecessor-version":[{"id":564069,"href":"https:\/\/dicodusport.fr\/blog\/wp-json\/wp\/v2\/posts\/564034\/revisions\/564069"}],"wp:featuredmedia":[{"embeddable":true,"href":"https:\/\/dicodusport.fr\/blog\/wp-json\/wp\/v2\/media\/564050"}],"wp:attachment":[{"href":"https:\/\/dicodusport.fr\/blog\/wp-json\/wp\/v2\/media?parent=564034"}],"wp:term":[{"taxonomy":"category","embeddable":true,"href":"https:\/\/dicodusport.fr\/blog\/wp-json\/wp\/v2\/categories?post=564034"},{"taxonomy":"post_tag","embeddable":true,"href":"https:\/\/dicodusport.fr\/blog\/wp-json\/wp\/v2\/tags?post=564034"}],"curies":[{"name":"wp","href":"https:\/\/api.w.org\/{rel}","templated":true}]}}