{"id":564117,"date":"2025-03-14T18:00:33","date_gmt":"2025-03-14T17:00:33","guid":{"rendered":"https:\/\/dicodusport.fr\/blog\/?p=564117&#038;preview=true&#038;preview_id=564117"},"modified":"2025-03-14T18:18:28","modified_gmt":"2025-03-14T17:18:28","slug":"para-tennis-de-table-lequipe-de-france-cartonne-a-costa-brava","status":"publish","type":"post","link":"https:\/\/dicodusport.fr\/blog\/para-tennis-de-table-lequipe-de-france-cartonne-a-costa-brava\/","title":{"rendered":"Para tennis de table : L&rsquo;\u00e9quipe de France cartonne \u00e0 Costa Brava"},"content":{"rendered":"<h4 style=\"text-align: justify;\"><em>PARA TENNIS DE TABLE &#8211; Apr\u00e8s une rentr\u00e9e r\u00e9ussie en Italie, l\u2019\u00e9quipe de France a poursuivi sa route en Espagne. L\u00e0 encore, les Bleus ont charg\u00e9 les valises pour le voyage retour.<\/em><\/h4>\n<p style=\"text-align: justify;\">Il y a quelques jours, <a href=\"https:\/\/dicodusport.fr\/blog\/para-tennis-de-table-les-bleus-font-le-plein-en-italie-pour-louverture-de-la-saison\/\">les Fran\u00e7ais quittaient l\u2019Italie avec deux m\u00e9dailles de chaque couleur<\/a>. Avec davantage de repr\u00e9sentants engag\u00e9s cette semaine, ils ont cette fois marqu\u00e9 de leur empreinte le tournoi Future de Costa Brava. En individuel d\u2019abord, <strong>Fran\u00e7ois Geuljans<\/strong>, <strong>Florian Merrien<\/strong> et <strong>Sylvain No\u00ebl <\/strong>ont trust\u00e9 les 3 premi\u00e8res places du podium (classe 3). Une belle performance pour Geuljans, 26<sup>\u00e8me<\/sup> mondial de sa cat\u00e9gorie.<\/p>\n<h2 style=\"text-align: justify;\">10 m\u00e9dailles en individuel<\/h2>\n<p style=\"text-align: justify;\"><a href=\"https:\/\/dicodusport.fr\/blog\/tennis-de-table-jeux-paralympiques-2024-mateo-boheas-ms10-se-pare-de-bronze\/\">M\u00e9daill\u00e9 de bronze \u00e0 Paris<\/a>, <strong>Mat\u00e9o Boh\u00e9as<\/strong> est mont\u00e9 sur la plus haute marche, tenant son rang contre <strong>Lorenzo Cordua<\/strong> en finale malgr\u00e9 un sursaut de l\u2019Italien dans le 3<sup>\u00e8me<\/sup> acte (11-4, 11-6, 9-11, 11-8). Quelques instants plus t\u00f4t, <strong>Alexandre Delarque<\/strong> avait quant \u00e0 lui fait tomber son compatriote <strong>Emeric Martin<\/strong> dans la course \u00e0 l\u2019or (classes 4-5), tandis que <strong>Fabien Lamirault<\/strong> confirmait son statut de n\u00b01 mondial en classe 2. Chez les femmes, <strong>Morgen Caillaud<\/strong> s\u2019est employ\u00e9e pour renverser la Polonaise <strong>Katarzyna Marszal<\/strong> en cinq manches et se parer aussi du plus beau des m\u00e9taux (classe 6). Au total, les Bleus ont ainsi glan\u00e9 10 m\u00e9dailles\u2026 avant m\u00eame d\u2019attaquer la phase de doubles.<\/p>\n<h2 style=\"text-align: justify;\">Presque autant en doubles<\/h2>\n<p style=\"text-align: justify;\">M\u00e9daill\u00e9s d\u2019or en Italie, <strong>Flora Vautier <\/strong>et <strong>Florian Merrien<\/strong> ne sont pas pass\u00e9s loin de doubler la mise mais doivent aujourd\u2019hui se contenter de l\u2019argent, tomb\u00e9s en 5 manches face \u00e0 une paire br\u00e9silienne. Frustrant pour la Fran\u00e7aise qui venait de c\u00e9der en finale du double femmes, associ\u00e9e \u00e0 la Chilienne Cristina Rubio. Florian Merrien peut se consoler avec l\u2019or en MD8 aux c\u00f4t\u00e9s <strong>d\u2019Emeric Martin<\/strong>, juste devant une autre paire 100% fran\u00e7aise\u00a0: <strong>Sylvain No\u00ebl<\/strong> et <strong>Alexandre Delarque<\/strong>.<\/p>\n<blockquote class=\"instagram-media\" style=\"background: #FFF; border: 0; border-radius: 3px; box-shadow: 0 0 1px 0 rgba(0,0,0,0.5),0 1px 10px 0 rgba(0,0,0,0.15); margin: 1px; max-width: 540px; min-width: 326px; padding: 0; width: calc(100% - 2px);\" data-instgrm-captioned=\"\" data-instgrm-permalink=\"https:\/\/www.instagram.com\/p\/DHLxlK-t7ol\/?utm_source=ig_embed&amp;utm_campaign=loading\" data-instgrm-version=\"14\">\n<div style=\"padding: 16px;\">\n<p>&nbsp;<\/p>\n<div style=\"display: flex; flex-direction: row; align-items: center;\">\n<div style=\"background-color: #f4f4f4; border-radius: 50%; flex-grow: 0; height: 40px; margin-right: 14px; width: 40px;\"><\/div>\n<div style=\"display: flex; flex-direction: column; flex-grow: 1; justify-content: center;\">\n<div style=\"background-color: #f4f4f4; border-radius: 4px; flex-grow: 0; height: 14px; margin-bottom: 6px; width: 100px;\"><\/div>\n<div style=\"background-color: #f4f4f4; border-radius: 4px; flex-grow: 0; height: 14px; width: 60px;\"><\/div>\n<\/div>\n<\/div>\n<div style=\"padding: 19% 0;\"><\/div>\n<div style=\"display: block; height: 50px; margin: 0 auto 12px; width: 50px;\"><\/div>\n<div style=\"padding-top: 8px;\">\n<div style=\"color: #3897f0; font-family: Arial,sans-serif; font-size: 14px; font-style: normal; font-weight: 550; line-height: 18px;\">Voir cette publication sur Instagram<\/div>\n<\/div>\n<div style=\"padding: 12.5% 0;\"><\/div>\n<div style=\"display: flex; flex-direction: row; margin-bottom: 14px; align-items: center;\">\n<div>\n<div style=\"background-color: #f4f4f4; border-radius: 50%; height: 12.5px; width: 12.5px; transform: translateX(0px) translateY(7px);\"><\/div>\n<div style=\"background-color: #f4f4f4; height: 12.5px; transform: rotate(-45deg) translateX(3px) translateY(1px); width: 12.5px; flex-grow: 0; margin-right: 14px; margin-left: 2px;\"><\/div>\n<div style=\"background-color: #f4f4f4; border-radius: 50%; height: 12.5px; width: 12.5px; transform: translateX(9px) translateY(-18px);\"><\/div>\n<\/div>\n<div style=\"margin-left: 8px;\">\n<div style=\"background-color: #f4f4f4; border-radius: 50%; flex-grow: 0; height: 20px; width: 20px;\"><\/div>\n<div style=\"width: 0; height: 0; border-top: 2px solid transparent; border-left: 6px solid #f4f4f4; border-bottom: 2px solid transparent; transform: translateX(16px) translateY(-4px) rotate(30deg);\"><\/div>\n<\/div>\n<div style=\"margin-left: auto;\">\n<div style=\"width: 0px; border-top: 8px solid #F4F4F4; border-right: 8px solid transparent; transform: translateY(16px);\"><\/div>\n<div style=\"background-color: #f4f4f4; flex-grow: 0; height: 12px; width: 16px; transform: translateY(-4px);\"><\/div>\n<div style=\"width: 0; height: 0; border-top: 8px solid #F4F4F4; border-left: 8px solid transparent; transform: translateY(-4px) translateX(8px);\"><\/div>\n<\/div>\n<\/div>\n<div style=\"display: flex; flex-direction: column; flex-grow: 1; justify-content: center; margin-bottom: 24px;\">\n<div style=\"background-color: #f4f4f4; border-radius: 4px; flex-grow: 0; height: 14px; margin-bottom: 6px; width: 224px;\"><\/div>\n<div style=\"background-color: #f4f4f4; border-radius: 4px; flex-grow: 0; height: 14px; width: 144px;\"><\/div>\n<\/div>\n<p>&nbsp;<\/p>\n<p style=\"color: #c9c8cd; font-family: Arial,sans-serif; font-size: 14px; line-height: 17px; margin-bottom: 0; margin-top: 8px; overflow: hidden; padding: 8px 0 7px; text-align: center; text-overflow: ellipsis; white-space: nowrap;\"><a style=\"color: #c9c8cd; font-family: Arial,sans-serif; font-size: 14px; font-style: normal; font-weight: normal; line-height: 17px; text-decoration: none;\" href=\"https:\/\/www.instagram.com\/p\/DHLxlK-t7ol\/?utm_source=ig_embed&amp;utm_campaign=loading\" target=\"_blank\" rel=\"noopener\">Une publication partag\u00e9e par Pongistic ! (@pongistic)<\/a><\/p>\n<\/div>\n<\/blockquote>\n<p style=\"text-align: justify;\"><script async src=\"\/\/www.instagram.com\/embed.js\"><\/script><\/p>\n<p style=\"text-align: justify;\">D\u00e9j\u00e0 vainqueur de son tableau de simple, <strong>Fabien Lamirault<\/strong> a poursuivi sa r\u00e9colte avec deux nouveaux succ\u00e8s\u00a0: en double mixte avec la Finlandaise <strong>Aino Tapola<\/strong>, et en double hommes avec <strong>Julien Michaud<\/strong>. Un tripl\u00e9 dor\u00e9 pour lui et une v\u00e9ritable moisson pour l\u2019\u00e9quipe de France, qui a vu 3 autres bin\u00f4mes repartir avec le bronze. Bilan total\u00a0: 19 breloques.<\/p>\n<h2 style=\"text-align: justify;\">Le r\u00e9capitulatif des m\u00e9dailles tricolores<\/h2>\n<p style=\"text-align: justify;\"><strong><u>En simple\u00a0:<\/u><\/strong><\/p>\n<p style=\"text-align: justify;\"><u>OR (5)<\/u> : Morgen Caillaud (classe 6), Alexandre Delarque (classes 4-5), Fabien Lamirault (classe 2), Fran\u00e7ois Geuljans (classe 3), Mat\u00e9o Boh\u00e9as (classe 10)<\/p>\n<p style=\"text-align: justify;\"><u>ARGENT (3<\/u>)\u00a0: Emeric Martin (classes 4-5), Florian Merrien (classe 3), Thomas Bouvais (classe 8)<\/p>\n<p style=\"text-align: justify;\"><u>BRONZE (2)<\/u>\u00a0: Lucie Hauti\u00e8re (classe 8), Sylvain No\u00ebl (classe 3)<\/p>\n<p style=\"text-align: justify;\"><strong><u>En double\u00a0:<\/u><\/strong><\/p>\n<p style=\"text-align: justify;\"><u>OR<\/u> (3)\u00a0: Fabien Lamirault\/Julien Michaud (MD4), Emeric Martin\/Florian Merrien (MD8), Fabien Lamirault (avec Aino Tapola XD4)<\/p>\n<p style=\"text-align: justify;\"><u>ARGENT<\/u>\u00a0(3) : Flora Vautier (avec Cristina Rubio WD5-10), Flora Vautier\/Florian Merrien (XD7-10), Sylvain No\u00ebl\/Alexandre Delarque (MD8)<\/p>\n<p style=\"text-align: justify;\"><u>BRONZE<\/u>\u00a0(3) : Alan Rene Jean Papirer\/Fran\u00e7ois Geuljans (MD4), Mat\u00e9o Boh\u00e9as\/Thomas Bouvais (MD18), Morgen Caillaud\/Lucie Hauti\u00e8re (WD14-20)<\/p>\n","protected":false},"excerpt":{"rendered":"<p>PARA TENNIS DE TABLE &#8211; Apr\u00e8s une rentr\u00e9e r\u00e9ussie en Italie, l\u2019\u00e9quipe de France a poursuivi sa route en Espagne. L\u00e0 encore, les Bleus ont charg\u00e9 les valises pour le voyage retour.<\/p>\n","protected":false},"author":18,"featured_media":564126,"comment_status":"open","ping_status":"closed","sticky":false,"template":"","format":"standard","meta":{"_acf_changed":false,"_daextam_enable_autolinks":"1","footnotes":""},"categories":[5753,9663],"tags":[16878,6480,1265,1191,1197],"class_list":["post-564117","post","type-post","status-publish","format-standard","has-post-thumbnail","hentry","category-handisport","category-tennis-de-table","tag-breve","tag-fabien-lamirault","tag-handisport","tag-mateo-boheas","tag-tennis-de-table"],"acf":[],"yoast_head":"<!-- This site is optimized with the Yoast SEO Premium plugin v26.7 (Yoast SEO v26.7) - https:\/\/yoast.com\/wordpress\/plugins\/seo\/ -->\n<title>Para tennis de table : L&#039;\u00e9quipe de France cartonne \u00e0 Costa Brava<\/title>\n<meta name=\"description\" content=\"PARA TENNIS DE TABLE - En Espagne, les Bleus ont une nouvelle fois bien charg\u00e9 les valises pour le voyage retour.\" \/>\n<meta name=\"robots\" content=\"index, follow, max-snippet:-1, max-image-preview:large, max-video-preview:-1\" \/>\n<link rel=\"canonical\" href=\"https:\/\/dicodusport.fr\/blog\/para-tennis-de-table-lequipe-de-france-cartonne-a-costa-brava\/\" \/>\n<meta property=\"og:locale\" content=\"fr_FR\" \/>\n<meta property=\"og:type\" content=\"article\" \/>\n<meta property=\"og:title\" content=\"Para tennis de table : L&#039;\u00e9quipe de France cartonne \u00e0 Costa Brava\" \/>\n<meta property=\"og:description\" content=\"PARA TENNIS DE TABLE - En Espagne, les Bleus ont une nouvelle fois bien charg\u00e9 les valises pour le voyage retour.\" \/>\n<meta property=\"og:url\" content=\"https:\/\/dicodusport.fr\/blog\/para-tennis-de-table-lequipe-de-france-cartonne-a-costa-brava\/\" \/>\n<meta property=\"og:site_name\" content=\"Dicodusport\" \/>\n<meta property=\"article:publisher\" content=\"https:\/\/www.facebook.com\/dicodusport\" \/>\n<meta property=\"article:author\" content=\"https:\/\/www.facebook.com\/soocube\" \/>\n<meta property=\"article:published_time\" content=\"2025-03-14T17:00:33+00:00\" \/>\n<meta property=\"article:modified_time\" content=\"2025-03-14T17:18:28+00:00\" \/>\n<meta property=\"og:image\" content=\"https:\/\/dicodusport.fr\/blog\/wp-content\/uploads\/2025\/03\/Para-tennis-de-table-Lequipe-de-France-cartonne-a-Costa-Brava.png\" \/>\n\t<meta property=\"og:image:width\" content=\"1200\" \/>\n\t<meta property=\"og:image:height\" content=\"674\" \/>\n\t<meta property=\"og:image:type\" content=\"image\/png\" \/>\n<meta name=\"author\" content=\"Sophie Clapier\" \/>\n<meta name=\"twitter:card\" content=\"summary_large_image\" \/>\n<meta name=\"twitter:title\" content=\"Para tennis de table : L&#039;\u00e9quipe de France cartonne \u00e0 Costa Brava\" \/>\n<meta name=\"twitter:creator\" content=\"@https:\/\/twitter.com\/soocube\" \/>\n<meta name=\"twitter:site\" content=\"@dicodusport\" \/>\n<script type=\"application\/ld+json\" class=\"yoast-schema-graph\">{\"@context\":\"https:\/\/schema.org\",\"@graph\":[{\"@type\":\"NewsArticle\",\"@id\":\"https:\/\/dicodusport.fr\/blog\/para-tennis-de-table-lequipe-de-france-cartonne-a-costa-brava\/#article\",\"isPartOf\":{\"@id\":\"https:\/\/dicodusport.fr\/blog\/para-tennis-de-table-lequipe-de-france-cartonne-a-costa-brava\/\"},\"author\":{\"name\":\"Sophie Clapier\",\"@id\":\"https:\/\/dicodusport.fr\/blog\/#\/schema\/person\/416c975648aca9da8839bdfe333a21c9\"},\"headline\":\"Para tennis de table : L&rsquo;\u00e9quipe de France cartonne \u00e0 Costa Brava\",\"datePublished\":\"2025-03-14T17:00:33+00:00\",\"dateModified\":\"2025-03-14T17:18:28+00:00\",\"mainEntityOfPage\":{\"@id\":\"https:\/\/dicodusport.fr\/blog\/para-tennis-de-table-lequipe-de-france-cartonne-a-costa-brava\/\"},\"wordCount\":528,\"commentCount\":0,\"publisher\":{\"@id\":\"https:\/\/dicodusport.fr\/blog\/#organization\"},\"image\":{\"@id\":\"https:\/\/dicodusport.fr\/blog\/para-tennis-de-table-lequipe-de-france-cartonne-a-costa-brava\/#primaryimage\"},\"thumbnailUrl\":\"https:\/\/dicodusport.fr\/blog\/wp-content\/uploads\/2025\/03\/Para-tennis-de-table-Lequipe-de-France-cartonne-a-Costa-Brava.png\",\"keywords\":[\"br\u00e8ve\",\"Fabien Lamirault\",\"handisport\",\"Mat\u00e9o Boheas\",\"tennis de table\"],\"articleSection\":[\"Handisport\",\"Tennis de table\"],\"inLanguage\":\"fr-FR\",\"potentialAction\":[{\"@type\":\"CommentAction\",\"name\":\"Comment\",\"target\":[\"https:\/\/dicodusport.fr\/blog\/para-tennis-de-table-lequipe-de-france-cartonne-a-costa-brava\/#respond\"]}],\"copyrightYear\":\"2025\",\"copyrightHolder\":{\"@id\":\"https:\/\/dicodusport.fr\/blog\/#organization\"}},{\"@type\":\"WebPage\",\"@id\":\"https:\/\/dicodusport.fr\/blog\/para-tennis-de-table-lequipe-de-france-cartonne-a-costa-brava\/\",\"url\":\"https:\/\/dicodusport.fr\/blog\/para-tennis-de-table-lequipe-de-france-cartonne-a-costa-brava\/\",\"name\":\"Para tennis de table : L'\u00e9quipe de France cartonne \u00e0 Costa Brava\",\"isPartOf\":{\"@id\":\"https:\/\/dicodusport.fr\/blog\/#website\"},\"primaryImageOfPage\":{\"@id\":\"https:\/\/dicodusport.fr\/blog\/para-tennis-de-table-lequipe-de-france-cartonne-a-costa-brava\/#primaryimage\"},\"image\":{\"@id\":\"https:\/\/dicodusport.fr\/blog\/para-tennis-de-table-lequipe-de-france-cartonne-a-costa-brava\/#primaryimage\"},\"thumbnailUrl\":\"https:\/\/dicodusport.fr\/blog\/wp-content\/uploads\/2025\/03\/Para-tennis-de-table-Lequipe-de-France-cartonne-a-Costa-Brava.png\",\"datePublished\":\"2025-03-14T17:00:33+00:00\",\"dateModified\":\"2025-03-14T17:18:28+00:00\",\"description\":\"PARA TENNIS DE TABLE - En Espagne, les Bleus ont une nouvelle fois bien charg\u00e9 les valises pour le voyage retour.\",\"breadcrumb\":{\"@id\":\"https:\/\/dicodusport.fr\/blog\/para-tennis-de-table-lequipe-de-france-cartonne-a-costa-brava\/#breadcrumb\"},\"inLanguage\":\"fr-FR\",\"potentialAction\":[{\"@type\":\"ReadAction\",\"target\":[\"https:\/\/dicodusport.fr\/blog\/para-tennis-de-table-lequipe-de-france-cartonne-a-costa-brava\/\"]}]},{\"@type\":\"ImageObject\",\"inLanguage\":\"fr-FR\",\"@id\":\"https:\/\/dicodusport.fr\/blog\/para-tennis-de-table-lequipe-de-france-cartonne-a-costa-brava\/#primaryimage\",\"url\":\"https:\/\/dicodusport.fr\/blog\/wp-content\/uploads\/2025\/03\/Para-tennis-de-table-Lequipe-de-France-cartonne-a-Costa-Brava.png\",\"contentUrl\":\"https:\/\/dicodusport.fr\/blog\/wp-content\/uploads\/2025\/03\/Para-tennis-de-table-Lequipe-de-France-cartonne-a-Costa-Brava.png\",\"width\":1200,\"height\":674,\"caption\":\"Para tennis de table L'\u00e9quipe de France cartonne \u00e0 Costa Brava\"},{\"@type\":\"BreadcrumbList\",\"@id\":\"https:\/\/dicodusport.fr\/blog\/para-tennis-de-table-lequipe-de-france-cartonne-a-costa-brava\/#breadcrumb\",\"itemListElement\":[{\"@type\":\"ListItem\",\"position\":1,\"name\":\"Accueil\",\"item\":\"https:\/\/dicodusport.fr\/blog\/\"},{\"@type\":\"ListItem\",\"position\":2,\"name\":\"Para tennis de table : L&rsquo;\u00e9quipe de France cartonne \u00e0 Costa Brava\"}]},{\"@type\":\"WebSite\",\"@id\":\"https:\/\/dicodusport.fr\/blog\/#website\",\"url\":\"https:\/\/dicodusport.fr\/blog\/\",\"name\":\"Dicodusport\",\"description\":\"L&#039;encyclop\u00e9die de l&#039;actualit\u00e9 sportive\",\"publisher\":{\"@id\":\"https:\/\/dicodusport.fr\/blog\/#organization\"},\"potentialAction\":[{\"@type\":\"SearchAction\",\"target\":{\"@type\":\"EntryPoint\",\"urlTemplate\":\"https:\/\/dicodusport.fr\/blog\/?s={search_term_string}\"},\"query-input\":{\"@type\":\"PropertyValueSpecification\",\"valueRequired\":true,\"valueName\":\"search_term_string\"}}],\"inLanguage\":\"fr-FR\"},{\"@type\":\"NewsMediaOrganization\",\"@id\":\"https:\/\/dicodusport.fr\/blog\/#organization\",\"name\":\"Dicodusport\",\"url\":\"https:\/\/dicodusport.fr\/blog\/\",\"logo\":{\"@type\":\"ImageObject\",\"inLanguage\":\"fr-FR\",\"@id\":\"https:\/\/dicodusport.fr\/blog\/#\/schema\/logo\/image\/\",\"url\":\"https:\/\/dicodusport.fr\/blog\/wp-content\/uploads\/2020\/06\/cropped-LOGO-DICODUSPORT-2020-SANS-FOND-SANS-TEXTE.png\",\"contentUrl\":\"https:\/\/dicodusport.fr\/blog\/wp-content\/uploads\/2020\/06\/cropped-LOGO-DICODUSPORT-2020-SANS-FOND-SANS-TEXTE.png\",\"width\":512,\"height\":512,\"caption\":\"Dicodusport\"},\"image\":{\"@id\":\"https:\/\/dicodusport.fr\/blog\/#\/schema\/logo\/image\/\"},\"sameAs\":[\"https:\/\/www.facebook.com\/dicodusport\",\"https:\/\/x.com\/dicodusport\",\"https:\/\/www.instagram.com\/dicodusport\/\",\"https:\/\/www.youtube.com\/channel\/UC7V2KZ5sd3htJivAbA4ZG3w\"],\"description\":\"Dicodusport est l'encyclop\u00e9die de l'actualit\u00e9 sportive.\",\"email\":\"bonjour@dicodusport.fr\",\"legalName\":\"DICODUSPORT\",\"foundingDate\":\"2018-01-14\",\"vatID\":\"FR71834470973\",\"taxID\":\"83447097300043\",\"numberOfEmployees\":{\"@type\":\"QuantitativeValue\",\"minValue\":\"1\",\"maxValue\":\"10\"}},{\"@type\":\"Person\",\"@id\":\"https:\/\/dicodusport.fr\/blog\/#\/schema\/person\/416c975648aca9da8839bdfe333a21c9\",\"name\":\"Sophie Clapier\",\"image\":{\"@type\":\"ImageObject\",\"inLanguage\":\"fr-FR\",\"@id\":\"https:\/\/dicodusport.fr\/blog\/#\/schema\/person\/image\/\",\"url\":\"https:\/\/dicodusport.fr\/blog\/wp-content\/uploads\/2021\/05\/Sophie-Clapier-150x150.jpg\",\"contentUrl\":\"https:\/\/dicodusport.fr\/blog\/wp-content\/uploads\/2021\/05\/Sophie-Clapier-150x150.jpg\",\"caption\":\"Sophie Clapier\"},\"description\":\"Journaliste\/r\u00e9dactrice depuis janvier 2016 - Passionn\u00e9e de sport depuis toujours, j\u2019en ai pratiqu\u00e9 quelques-uns. Judo, football, handball ou encore tennis, je n\u2019ai jamais pu me mettre d\u2019accord sur un en particulier. Mais \u00e7a, c\u2019\u00e9tait avant de d\u00e9couvrir le basket, devenu mon sport de pr\u00e9dilection. Les actions NBA, le All-Star Week-end, la fureur des Game 7 pendant les playoffs ou mieux, lors des Finals, this is why we play. Team Spurs T.P, je m\u2019accroche encore \u00e0 Gregg Popovich (don\u2019t leave !). Team chef Curry, je souhaite qu\u2019il finisse aux Warriors (staaaay !). Non, il n\u2019y a pas qu\u2019eux, des petits nouveaux -et des petites nouvelles \u00e9videmment- arrivent chaque jour dans toutes les disciplines et cr\u00e9ent de nouveaux exploits. Alors pour les grands \u00e9v\u00e9nements et comp\u00e9titions internationales, vive les pulsations 240\/minutes et le d\u00e9fibrillateur pas loin, et allez les Bleu(e)s ! C\u2019est s\u00fbr, j\u2019aurai plus vu ma vie sur un terrain de sport, mais \u00e0 d\u00e9faut d\u2019en faire en haut niveau, je le partage avec vous.\",\"sameAs\":[\"https:\/\/www.facebook.com\/soocube\",\"https:\/\/x.com\/https:\/\/twitter.com\/soocube\",\"admin\"],\"url\":\"https:\/\/dicodusport.fr\/blog\/author\/sophie\/\"}]}<\/script>\n<!-- \/ Yoast SEO Premium plugin. -->","yoast_head_json":{"title":"Para tennis de table : L'\u00e9quipe de France cartonne \u00e0 Costa Brava","description":"PARA TENNIS DE TABLE - En Espagne, les Bleus ont une nouvelle fois bien charg\u00e9 les valises pour le voyage retour.","robots":{"index":"index","follow":"follow","max-snippet":"max-snippet:-1","max-image-preview":"max-image-preview:large","max-video-preview":"max-video-preview:-1"},"canonical":"https:\/\/dicodusport.fr\/blog\/para-tennis-de-table-lequipe-de-france-cartonne-a-costa-brava\/","og_locale":"fr_FR","og_type":"article","og_title":"Para tennis de table : L'\u00e9quipe de France cartonne \u00e0 Costa Brava","og_description":"PARA TENNIS DE TABLE - En Espagne, les Bleus ont une nouvelle fois bien charg\u00e9 les valises pour le voyage retour.","og_url":"https:\/\/dicodusport.fr\/blog\/para-tennis-de-table-lequipe-de-france-cartonne-a-costa-brava\/","og_site_name":"Dicodusport","article_publisher":"https:\/\/www.facebook.com\/dicodusport","article_author":"https:\/\/www.facebook.com\/soocube","article_published_time":"2025-03-14T17:00:33+00:00","article_modified_time":"2025-03-14T17:18:28+00:00","og_image":[{"width":1200,"height":674,"url":"https:\/\/dicodusport.fr\/blog\/wp-content\/uploads\/2025\/03\/Para-tennis-de-table-Lequipe-de-France-cartonne-a-Costa-Brava.png","type":"image\/png"}],"author":"Sophie Clapier","twitter_card":"summary_large_image","twitter_title":"Para tennis de table : L'\u00e9quipe de France cartonne \u00e0 Costa Brava","twitter_creator":"@https:\/\/twitter.com\/soocube","twitter_site":"@dicodusport","schema":{"@context":"https:\/\/schema.org","@graph":[{"@type":"NewsArticle","@id":"https:\/\/dicodusport.fr\/blog\/para-tennis-de-table-lequipe-de-france-cartonne-a-costa-brava\/#article","isPartOf":{"@id":"https:\/\/dicodusport.fr\/blog\/para-tennis-de-table-lequipe-de-france-cartonne-a-costa-brava\/"},"author":{"name":"Sophie Clapier","@id":"https:\/\/dicodusport.fr\/blog\/#\/schema\/person\/416c975648aca9da8839bdfe333a21c9"},"headline":"Para tennis de table : L&rsquo;\u00e9quipe de France cartonne \u00e0 Costa Brava","datePublished":"2025-03-14T17:00:33+00:00","dateModified":"2025-03-14T17:18:28+00:00","mainEntityOfPage":{"@id":"https:\/\/dicodusport.fr\/blog\/para-tennis-de-table-lequipe-de-france-cartonne-a-costa-brava\/"},"wordCount":528,"commentCount":0,"publisher":{"@id":"https:\/\/dicodusport.fr\/blog\/#organization"},"image":{"@id":"https:\/\/dicodusport.fr\/blog\/para-tennis-de-table-lequipe-de-france-cartonne-a-costa-brava\/#primaryimage"},"thumbnailUrl":"https:\/\/dicodusport.fr\/blog\/wp-content\/uploads\/2025\/03\/Para-tennis-de-table-Lequipe-de-France-cartonne-a-Costa-Brava.png","keywords":["br\u00e8ve","Fabien Lamirault","handisport","Mat\u00e9o Boheas","tennis de table"],"articleSection":["Handisport","Tennis de table"],"inLanguage":"fr-FR","potentialAction":[{"@type":"CommentAction","name":"Comment","target":["https:\/\/dicodusport.fr\/blog\/para-tennis-de-table-lequipe-de-france-cartonne-a-costa-brava\/#respond"]}],"copyrightYear":"2025","copyrightHolder":{"@id":"https:\/\/dicodusport.fr\/blog\/#organization"}},{"@type":"WebPage","@id":"https:\/\/dicodusport.fr\/blog\/para-tennis-de-table-lequipe-de-france-cartonne-a-costa-brava\/","url":"https:\/\/dicodusport.fr\/blog\/para-tennis-de-table-lequipe-de-france-cartonne-a-costa-brava\/","name":"Para tennis de table : L'\u00e9quipe de France cartonne \u00e0 Costa Brava","isPartOf":{"@id":"https:\/\/dicodusport.fr\/blog\/#website"},"primaryImageOfPage":{"@id":"https:\/\/dicodusport.fr\/blog\/para-tennis-de-table-lequipe-de-france-cartonne-a-costa-brava\/#primaryimage"},"image":{"@id":"https:\/\/dicodusport.fr\/blog\/para-tennis-de-table-lequipe-de-france-cartonne-a-costa-brava\/#primaryimage"},"thumbnailUrl":"https:\/\/dicodusport.fr\/blog\/wp-content\/uploads\/2025\/03\/Para-tennis-de-table-Lequipe-de-France-cartonne-a-Costa-Brava.png","datePublished":"2025-03-14T17:00:33+00:00","dateModified":"2025-03-14T17:18:28+00:00","description":"PARA TENNIS DE TABLE - En Espagne, les Bleus ont une nouvelle fois bien charg\u00e9 les valises pour le voyage retour.","breadcrumb":{"@id":"https:\/\/dicodusport.fr\/blog\/para-tennis-de-table-lequipe-de-france-cartonne-a-costa-brava\/#breadcrumb"},"inLanguage":"fr-FR","potentialAction":[{"@type":"ReadAction","target":["https:\/\/dicodusport.fr\/blog\/para-tennis-de-table-lequipe-de-france-cartonne-a-costa-brava\/"]}]},{"@type":"ImageObject","inLanguage":"fr-FR","@id":"https:\/\/dicodusport.fr\/blog\/para-tennis-de-table-lequipe-de-france-cartonne-a-costa-brava\/#primaryimage","url":"https:\/\/dicodusport.fr\/blog\/wp-content\/uploads\/2025\/03\/Para-tennis-de-table-Lequipe-de-France-cartonne-a-Costa-Brava.png","contentUrl":"https:\/\/dicodusport.fr\/blog\/wp-content\/uploads\/2025\/03\/Para-tennis-de-table-Lequipe-de-France-cartonne-a-Costa-Brava.png","width":1200,"height":674,"caption":"Para tennis de table L'\u00e9quipe de France cartonne \u00e0 Costa Brava"},{"@type":"BreadcrumbList","@id":"https:\/\/dicodusport.fr\/blog\/para-tennis-de-table-lequipe-de-france-cartonne-a-costa-brava\/#breadcrumb","itemListElement":[{"@type":"ListItem","position":1,"name":"Accueil","item":"https:\/\/dicodusport.fr\/blog\/"},{"@type":"ListItem","position":2,"name":"Para tennis de table : L&rsquo;\u00e9quipe de France cartonne \u00e0 Costa Brava"}]},{"@type":"WebSite","@id":"https:\/\/dicodusport.fr\/blog\/#website","url":"https:\/\/dicodusport.fr\/blog\/","name":"Dicodusport","description":"L&#039;encyclop\u00e9die de l&#039;actualit\u00e9 sportive","publisher":{"@id":"https:\/\/dicodusport.fr\/blog\/#organization"},"potentialAction":[{"@type":"SearchAction","target":{"@type":"EntryPoint","urlTemplate":"https:\/\/dicodusport.fr\/blog\/?s={search_term_string}"},"query-input":{"@type":"PropertyValueSpecification","valueRequired":true,"valueName":"search_term_string"}}],"inLanguage":"fr-FR"},{"@type":"NewsMediaOrganization","@id":"https:\/\/dicodusport.fr\/blog\/#organization","name":"Dicodusport","url":"https:\/\/dicodusport.fr\/blog\/","logo":{"@type":"ImageObject","inLanguage":"fr-FR","@id":"https:\/\/dicodusport.fr\/blog\/#\/schema\/logo\/image\/","url":"https:\/\/dicodusport.fr\/blog\/wp-content\/uploads\/2020\/06\/cropped-LOGO-DICODUSPORT-2020-SANS-FOND-SANS-TEXTE.png","contentUrl":"https:\/\/dicodusport.fr\/blog\/wp-content\/uploads\/2020\/06\/cropped-LOGO-DICODUSPORT-2020-SANS-FOND-SANS-TEXTE.png","width":512,"height":512,"caption":"Dicodusport"},"image":{"@id":"https:\/\/dicodusport.fr\/blog\/#\/schema\/logo\/image\/"},"sameAs":["https:\/\/www.facebook.com\/dicodusport","https:\/\/x.com\/dicodusport","https:\/\/www.instagram.com\/dicodusport\/","https:\/\/www.youtube.com\/channel\/UC7V2KZ5sd3htJivAbA4ZG3w"],"description":"Dicodusport est l'encyclop\u00e9die de l'actualit\u00e9 sportive.","email":"bonjour@dicodusport.fr","legalName":"DICODUSPORT","foundingDate":"2018-01-14","vatID":"FR71834470973","taxID":"83447097300043","numberOfEmployees":{"@type":"QuantitativeValue","minValue":"1","maxValue":"10"}},{"@type":"Person","@id":"https:\/\/dicodusport.fr\/blog\/#\/schema\/person\/416c975648aca9da8839bdfe333a21c9","name":"Sophie Clapier","image":{"@type":"ImageObject","inLanguage":"fr-FR","@id":"https:\/\/dicodusport.fr\/blog\/#\/schema\/person\/image\/","url":"https:\/\/dicodusport.fr\/blog\/wp-content\/uploads\/2021\/05\/Sophie-Clapier-150x150.jpg","contentUrl":"https:\/\/dicodusport.fr\/blog\/wp-content\/uploads\/2021\/05\/Sophie-Clapier-150x150.jpg","caption":"Sophie Clapier"},"description":"Journaliste\/r\u00e9dactrice depuis janvier 2016 - Passionn\u00e9e de sport depuis toujours, j\u2019en ai pratiqu\u00e9 quelques-uns. Judo, football, handball ou encore tennis, je n\u2019ai jamais pu me mettre d\u2019accord sur un en particulier. Mais \u00e7a, c\u2019\u00e9tait avant de d\u00e9couvrir le basket, devenu mon sport de pr\u00e9dilection. Les actions NBA, le All-Star Week-end, la fureur des Game 7 pendant les playoffs ou mieux, lors des Finals, this is why we play. Team Spurs T.P, je m\u2019accroche encore \u00e0 Gregg Popovich (don\u2019t leave !). Team chef Curry, je souhaite qu\u2019il finisse aux Warriors (staaaay !). Non, il n\u2019y a pas qu\u2019eux, des petits nouveaux -et des petites nouvelles \u00e9videmment- arrivent chaque jour dans toutes les disciplines et cr\u00e9ent de nouveaux exploits. Alors pour les grands \u00e9v\u00e9nements et comp\u00e9titions internationales, vive les pulsations 240\/minutes et le d\u00e9fibrillateur pas loin, et allez les Bleu(e)s ! C\u2019est s\u00fbr, j\u2019aurai plus vu ma vie sur un terrain de sport, mais \u00e0 d\u00e9faut d\u2019en faire en haut niveau, je le partage avec vous.","sameAs":["https:\/\/www.facebook.com\/soocube","https:\/\/x.com\/https:\/\/twitter.com\/soocube","admin"],"url":"https:\/\/dicodusport.fr\/blog\/author\/sophie\/"}]}},"_links":{"self":[{"href":"https:\/\/dicodusport.fr\/blog\/wp-json\/wp\/v2\/posts\/564117","targetHints":{"allow":["GET"]}}],"collection":[{"href":"https:\/\/dicodusport.fr\/blog\/wp-json\/wp\/v2\/posts"}],"about":[{"href":"https:\/\/dicodusport.fr\/blog\/wp-json\/wp\/v2\/types\/post"}],"author":[{"embeddable":true,"href":"https:\/\/dicodusport.fr\/blog\/wp-json\/wp\/v2\/users\/18"}],"replies":[{"embeddable":true,"href":"https:\/\/dicodusport.fr\/blog\/wp-json\/wp\/v2\/comments?post=564117"}],"version-history":[{"count":3,"href":"https:\/\/dicodusport.fr\/blog\/wp-json\/wp\/v2\/posts\/564117\/revisions"}],"predecessor-version":[{"id":564161,"href":"https:\/\/dicodusport.fr\/blog\/wp-json\/wp\/v2\/posts\/564117\/revisions\/564161"}],"wp:featuredmedia":[{"embeddable":true,"href":"https:\/\/dicodusport.fr\/blog\/wp-json\/wp\/v2\/media\/564126"}],"wp:attachment":[{"href":"https:\/\/dicodusport.fr\/blog\/wp-json\/wp\/v2\/media?parent=564117"}],"wp:term":[{"taxonomy":"category","embeddable":true,"href":"https:\/\/dicodusport.fr\/blog\/wp-json\/wp\/v2\/categories?post=564117"},{"taxonomy":"post_tag","embeddable":true,"href":"https:\/\/dicodusport.fr\/blog\/wp-json\/wp\/v2\/tags?post=564117"}],"curies":[{"name":"wp","href":"https:\/\/api.w.org\/{rel}","templated":true}]}}