{"id":564175,"date":"2025-03-14T19:16:37","date_gmt":"2025-03-14T18:16:37","guid":{"rendered":"https:\/\/dicodusport.fr\/blog\/?p=564175&#038;preview=true&#038;preview_id=564175"},"modified":"2025-03-14T19:16:37","modified_gmt":"2025-03-14T18:16:37","slug":"skicross-craigleith-marielle-berger-sabbatel-signe-un-nouveau-podium-au-canada","status":"publish","type":"post","link":"https:\/\/dicodusport.fr\/blog\/skicross-craigleith-marielle-berger-sabbatel-signe-un-nouveau-podium-au-canada\/","title":{"rendered":"Skicross Craigleith : Marielle Berger Sabbatel signe un nouveau podium au Canada"},"content":{"rendered":"<h4 style=\"text-align: justify;\"><em>COUPE DU MONDE DE SKICROSS 2024\/2025 &#8211; Marielle Berger Sabbatel a pris la 2\u00e8me place de la premi\u00e8re manche disput\u00e9e ce vendredi \u00e0 Craigleith. Auteur d&rsquo;une journ\u00e9e quasi parfaite, la Fran\u00e7aise a \u00e9t\u00e9 battue en finale par Fanny Smith.<\/em><\/h4>\n<ul style=\"text-align: justify;\">\n<li><strong>\u00c0 ce sujet &#8211; <a href=\"https:\/\/dicodusport.fr\/blog\/?s=skicross\">Toute l&rsquo;actualit\u00e9 du skicross<\/a><\/strong><\/li>\n<\/ul>\n<p style=\"text-align: justify;\">Rest\u00e9e fanny lors de la derni\u00e8re \u00e9tape \u00e0 <strong>Gudauri<\/strong>, avec une 13\u00e8me et une 4\u00e8me place, <strong>Marielle Berger Sabbatel<\/strong> n&rsquo;a pas attendu longtemps avant de remonter sur un podium, un mois apr\u00e8s celui obtenu \u00e0 Val di Fassa. \u00c0 <strong>Craigleith<\/strong>, la seule tricolore en lice au Canada avait assur\u00e9 en qualifications jeudi pour int\u00e9grer sans trembler le tableau final.<\/p>\n<h2>Fanny Smith frustre Marielle Berger Sabbatel<\/h2>\n<p style=\"text-align: justify;\">Elle a ensuite d\u00e9roul\u00e9 en dominant avec aisance son quart, puis sa demi-finale. Dans la m\u00eame s\u00e9rie, elle aura m\u00eame le bonheur de voir la leader du classement g\u00e9n\u00e9ral, <strong>India Sherret<\/strong>, \u00e9chouer aux portes de la finale. Oppos\u00e9e \u00e0 la surprenante <strong>Talina Gantenbein<\/strong>, mais surtout \u00e0 ses rivales <strong>Daniela Maier <\/strong>et <strong>Jole Galli<\/strong>, la Fran\u00e7aise partait avec le statut d&rsquo;\u00e9pouvantail en raison des performances propos\u00e9es pr\u00e9c\u00e9demment.<\/p>\n<p style=\"text-align: justify;\">Cependant, son d\u00e9part va \u00eatre moins tranchant, ce qui va permettre \u00e0 ses rivales de prendre les devants. Si une erreur de Galli lui sera profitable, elle n&rsquo;arrivera pas \u00e0 aller chercher <strong>Fanny Smith<\/strong>. La Suissesse s&rsquo;impose, et <strong>Marielle Berger Sabbatel<\/strong> doit de nouveau se contenter de la 2\u00e8me place.<\/p>\n<p style=\"text-align: justify;\">Deux ans apr\u00e8s sa derni\u00e8re victoire en terres canadiennes, la Tricolore n&rsquo;arrive toujours pas \u00e0 conclure, malgr\u00e9 <strong>5 podiums cette saison<\/strong>. Mais \u00e0 trois manches de la fin de la saison, le Top 3 du classement g\u00e9n\u00e9ral reste toujours dans jouable dans un haut de classement resserr\u00e9. Rendez-vous d\u00e8s demain pour une deuxi\u00e8me manche bourr\u00e9e d&rsquo;enjeux.<\/p>\n<div class=\"vlp-link-container vlp-layout-article\"><a href=\"https:\/\/dicodusport.fr\/blog\/skicross-val-di-fassa-marielle-berger-sabbatel-sempare-de-nouveau-de-la-2eme-place\/\" class=\"vlp-link\" title=\"Skicross Val di Fassa : Marielle Berger Sabbatel s&#039;empare de nouveau de la 2\u00e8me place\"><\/a><div class=\"vlp-layout-zone-side\"><div class=\"vlp-block-4 vlp-link-image\"><img loading=\"lazy\" decoding=\"async\" style=\"max-width: 792px;\" width=\"792\" height=\"445\" src=\"https:\/\/dicodusport.fr\/blog\/wp-content\/uploads\/2025\/02\/Skicross-Val-di-Fassa-Marielle-Berger-Sabbatel-sempare-de-nouveau-de-la-2eme-place.png\" class=\"attachment-800x445 size-800x445\" alt=\"Skicross Val di Fassa : Marielle Berger Sabbatel s&#039;empare de nouveau de la 2\u00e8me place\" srcset=\"https:\/\/dicodusport.fr\/blog\/wp-content\/uploads\/2025\/02\/Skicross-Val-di-Fassa-Marielle-Berger-Sabbatel-sempare-de-nouveau-de-la-2eme-place.png 1200w, https:\/\/dicodusport.fr\/blog\/wp-content\/uploads\/2025\/02\/Skicross-Val-di-Fassa-Marielle-Berger-Sabbatel-sempare-de-nouveau-de-la-2eme-place-300x169.png 300w, https:\/\/dicodusport.fr\/blog\/wp-content\/uploads\/2025\/02\/Skicross-Val-di-Fassa-Marielle-Berger-Sabbatel-sempare-de-nouveau-de-la-2eme-place-1024x575.png 1024w, https:\/\/dicodusport.fr\/blog\/wp-content\/uploads\/2025\/02\/Skicross-Val-di-Fassa-Marielle-Berger-Sabbatel-sempare-de-nouveau-de-la-2eme-place-768x431.png 768w\" sizes=\"auto, (max-width: 792px) 100vw, 792px\" \/><\/div><\/div><div class=\"vlp-layout-zone-main\"><div class=\"vlp-block-0 vlp-link-title\">Skicross Val di Fassa : Marielle Berger Sabbatel s'empare de nouveau de la 2\u00e8me place<\/div><div class=\"vlp-block-1 vlp-link-summary\">COUPE DE MONDE DE SKICROSS 2024\/2025 - De retour sur le podium la veille, Marielle Berger Sabbatel a encha\u00een\u00e9 \u00e0 Val di Fassa en d\u00e9crochant \u00e0 nouveau la 2\u00e8me place.<\/div><div class=\"vlp-block-2 vlp-link-button\">Lire l'article<\/div><div class=\"vlp-block-3 vlp-link-url\">dicodusport.fr<\/div><\/div><\/div>\n","protected":false},"excerpt":{"rendered":"<p>COUPE DU MONDE DE SKICROSS 2024\/2025 &#8211; Marielle Berger Sabbatel a pris la 2\u00e8me place de la premi\u00e8re manche disput\u00e9e ce vendredi \u00e0 Craigleith. Auteur d&rsquo;une journ\u00e9e quasi parfaite, elle a \u00e9t\u00e9 battue en finale par Fanny Smith.<\/p>\n","protected":false},"author":55,"featured_media":564179,"comment_status":"open","ping_status":"closed","sticky":false,"template":"","format":"standard","meta":{"_acf_changed":false,"_daextam_enable_autolinks":"1","footnotes":""},"categories":[9217],"tags":[32415,16878,29753,13800,2947],"class_list":["post-564175","post","type-post","status-publish","format-standard","has-post-thumbnail","hentry","category-ski","tag-actu","tag-breve","tag-coupe-du-monde-de-skicross","tag-marielle-berger-sabbatel","tag-skicross"],"acf":[],"yoast_head":"<!-- This site is optimized with the Yoast SEO Premium plugin v26.7 (Yoast SEO v26.7) - https:\/\/yoast.com\/wordpress\/plugins\/seo\/ -->\n<title>Skicross Craigleith : Marielle Berger Sabbatel signe un nouveau podium au Canada<\/title>\n<meta name=\"description\" content=\"COUPE DE MONDE DE SKICROSS 2024\/2025 - Marielle Berger Sabbatel a d\u00e9croch\u00e9 un nouveau podium du c\u00f4t\u00e9 de Craigleith.\" \/>\n<meta name=\"robots\" content=\"index, follow, max-snippet:-1, max-image-preview:large, max-video-preview:-1\" \/>\n<link rel=\"canonical\" href=\"https:\/\/dicodusport.fr\/blog\/skicross-craigleith-marielle-berger-sabbatel-signe-un-nouveau-podium-au-canada\/\" \/>\n<meta property=\"og:locale\" content=\"fr_FR\" \/>\n<meta property=\"og:type\" content=\"article\" \/>\n<meta property=\"og:title\" content=\"Skicross Craigleith : Marielle Berger Sabbatel signe un nouveau podium au Canada\" \/>\n<meta property=\"og:description\" content=\"COUPE DE MONDE DE SKICROSS 2024\/2025 - Marielle Berger Sabbatel a d\u00e9croch\u00e9 un nouveau podium du c\u00f4t\u00e9 de Craigleith.\" \/>\n<meta property=\"og:url\" content=\"https:\/\/dicodusport.fr\/blog\/skicross-craigleith-marielle-berger-sabbatel-signe-un-nouveau-podium-au-canada\/\" \/>\n<meta property=\"og:site_name\" content=\"Dicodusport\" \/>\n<meta property=\"article:publisher\" content=\"https:\/\/www.facebook.com\/dicodusport\" \/>\n<meta property=\"article:published_time\" content=\"2025-03-14T18:16:37+00:00\" \/>\n<meta property=\"og:image\" content=\"https:\/\/dicodusport.fr\/blog\/wp-content\/uploads\/2025\/03\/Skicross-Craigleith-Marielle-Berger-Sabbatel-signe-un-nouveau-podium-au-Canada.png\" \/>\n\t<meta property=\"og:image:width\" content=\"1200\" \/>\n\t<meta property=\"og:image:height\" content=\"674\" \/>\n\t<meta property=\"og:image:type\" content=\"image\/png\" \/>\n<meta name=\"author\" content=\"Maxime Cazenave\" \/>\n<meta name=\"twitter:card\" content=\"summary_large_image\" \/>\n<meta name=\"twitter:title\" content=\"Skicross Craigleith : Marielle Berger Sabbatel signe un nouveau podium au Canada\" \/>\n<meta name=\"twitter:creator\" content=\"@https:\/\/twitter.com\/Maxime_Caze\" \/>\n<meta name=\"twitter:site\" content=\"@dicodusport\" \/>\n<script type=\"application\/ld+json\" class=\"yoast-schema-graph\">{\"@context\":\"https:\/\/schema.org\",\"@graph\":[{\"@type\":\"NewsArticle\",\"@id\":\"https:\/\/dicodusport.fr\/blog\/skicross-craigleith-marielle-berger-sabbatel-signe-un-nouveau-podium-au-canada\/#article\",\"isPartOf\":{\"@id\":\"https:\/\/dicodusport.fr\/blog\/skicross-craigleith-marielle-berger-sabbatel-signe-un-nouveau-podium-au-canada\/\"},\"author\":{\"name\":\"Maxime Cazenave\",\"@id\":\"https:\/\/dicodusport.fr\/blog\/#\/schema\/person\/37def232098a7a5cbab3974a3690abb0\"},\"headline\":\"Skicross Craigleith : Marielle Berger Sabbatel signe un nouveau podium au Canada\",\"datePublished\":\"2025-03-14T18:16:37+00:00\",\"mainEntityOfPage\":{\"@id\":\"https:\/\/dicodusport.fr\/blog\/skicross-craigleith-marielle-berger-sabbatel-signe-un-nouveau-podium-au-canada\/\"},\"wordCount\":402,\"commentCount\":0,\"publisher\":{\"@id\":\"https:\/\/dicodusport.fr\/blog\/#organization\"},\"image\":{\"@id\":\"https:\/\/dicodusport.fr\/blog\/skicross-craigleith-marielle-berger-sabbatel-signe-un-nouveau-podium-au-canada\/#primaryimage\"},\"thumbnailUrl\":\"https:\/\/dicodusport.fr\/blog\/wp-content\/uploads\/2025\/03\/Skicross-Craigleith-Marielle-Berger-Sabbatel-signe-un-nouveau-podium-au-Canada.png\",\"keywords\":[\"actu\",\"br\u00e8ve\",\"Coupe du monde de skicross\",\"Marielle Berger Sabbatel\",\"skicross\"],\"articleSection\":[\"Ski\"],\"inLanguage\":\"fr-FR\",\"potentialAction\":[{\"@type\":\"CommentAction\",\"name\":\"Comment\",\"target\":[\"https:\/\/dicodusport.fr\/blog\/skicross-craigleith-marielle-berger-sabbatel-signe-un-nouveau-podium-au-canada\/#respond\"]}],\"copyrightYear\":\"2025\",\"copyrightHolder\":{\"@id\":\"https:\/\/dicodusport.fr\/blog\/#organization\"}},{\"@type\":\"WebPage\",\"@id\":\"https:\/\/dicodusport.fr\/blog\/skicross-craigleith-marielle-berger-sabbatel-signe-un-nouveau-podium-au-canada\/\",\"url\":\"https:\/\/dicodusport.fr\/blog\/skicross-craigleith-marielle-berger-sabbatel-signe-un-nouveau-podium-au-canada\/\",\"name\":\"Skicross Craigleith : Marielle Berger Sabbatel signe un nouveau podium au Canada\",\"isPartOf\":{\"@id\":\"https:\/\/dicodusport.fr\/blog\/#website\"},\"primaryImageOfPage\":{\"@id\":\"https:\/\/dicodusport.fr\/blog\/skicross-craigleith-marielle-berger-sabbatel-signe-un-nouveau-podium-au-canada\/#primaryimage\"},\"image\":{\"@id\":\"https:\/\/dicodusport.fr\/blog\/skicross-craigleith-marielle-berger-sabbatel-signe-un-nouveau-podium-au-canada\/#primaryimage\"},\"thumbnailUrl\":\"https:\/\/dicodusport.fr\/blog\/wp-content\/uploads\/2025\/03\/Skicross-Craigleith-Marielle-Berger-Sabbatel-signe-un-nouveau-podium-au-Canada.png\",\"datePublished\":\"2025-03-14T18:16:37+00:00\",\"description\":\"COUPE DE MONDE DE SKICROSS 2024\/2025 - Marielle Berger Sabbatel a d\u00e9croch\u00e9 un nouveau podium du c\u00f4t\u00e9 de Craigleith.\",\"breadcrumb\":{\"@id\":\"https:\/\/dicodusport.fr\/blog\/skicross-craigleith-marielle-berger-sabbatel-signe-un-nouveau-podium-au-canada\/#breadcrumb\"},\"inLanguage\":\"fr-FR\",\"potentialAction\":[{\"@type\":\"ReadAction\",\"target\":[\"https:\/\/dicodusport.fr\/blog\/skicross-craigleith-marielle-berger-sabbatel-signe-un-nouveau-podium-au-canada\/\"]}]},{\"@type\":\"ImageObject\",\"inLanguage\":\"fr-FR\",\"@id\":\"https:\/\/dicodusport.fr\/blog\/skicross-craigleith-marielle-berger-sabbatel-signe-un-nouveau-podium-au-canada\/#primaryimage\",\"url\":\"https:\/\/dicodusport.fr\/blog\/wp-content\/uploads\/2025\/03\/Skicross-Craigleith-Marielle-Berger-Sabbatel-signe-un-nouveau-podium-au-Canada.png\",\"contentUrl\":\"https:\/\/dicodusport.fr\/blog\/wp-content\/uploads\/2025\/03\/Skicross-Craigleith-Marielle-Berger-Sabbatel-signe-un-nouveau-podium-au-Canada.png\",\"width\":1200,\"height\":674,\"caption\":\"Skicross Craigleith : Marielle Berger Sabbatel signe un nouveau podium au Canada\"},{\"@type\":\"BreadcrumbList\",\"@id\":\"https:\/\/dicodusport.fr\/blog\/skicross-craigleith-marielle-berger-sabbatel-signe-un-nouveau-podium-au-canada\/#breadcrumb\",\"itemListElement\":[{\"@type\":\"ListItem\",\"position\":1,\"name\":\"Accueil\",\"item\":\"https:\/\/dicodusport.fr\/blog\/\"},{\"@type\":\"ListItem\",\"position\":2,\"name\":\"Skicross Craigleith : Marielle Berger Sabbatel signe un nouveau podium au Canada\"}]},{\"@type\":\"WebSite\",\"@id\":\"https:\/\/dicodusport.fr\/blog\/#website\",\"url\":\"https:\/\/dicodusport.fr\/blog\/\",\"name\":\"Dicodusport\",\"description\":\"L&#039;encyclop\u00e9die de l&#039;actualit\u00e9 sportive\",\"publisher\":{\"@id\":\"https:\/\/dicodusport.fr\/blog\/#organization\"},\"potentialAction\":[{\"@type\":\"SearchAction\",\"target\":{\"@type\":\"EntryPoint\",\"urlTemplate\":\"https:\/\/dicodusport.fr\/blog\/?s={search_term_string}\"},\"query-input\":{\"@type\":\"PropertyValueSpecification\",\"valueRequired\":true,\"valueName\":\"search_term_string\"}}],\"inLanguage\":\"fr-FR\"},{\"@type\":\"NewsMediaOrganization\",\"@id\":\"https:\/\/dicodusport.fr\/blog\/#organization\",\"name\":\"Dicodusport\",\"url\":\"https:\/\/dicodusport.fr\/blog\/\",\"logo\":{\"@type\":\"ImageObject\",\"inLanguage\":\"fr-FR\",\"@id\":\"https:\/\/dicodusport.fr\/blog\/#\/schema\/logo\/image\/\",\"url\":\"https:\/\/dicodusport.fr\/blog\/wp-content\/uploads\/2020\/06\/cropped-LOGO-DICODUSPORT-2020-SANS-FOND-SANS-TEXTE.png\",\"contentUrl\":\"https:\/\/dicodusport.fr\/blog\/wp-content\/uploads\/2020\/06\/cropped-LOGO-DICODUSPORT-2020-SANS-FOND-SANS-TEXTE.png\",\"width\":512,\"height\":512,\"caption\":\"Dicodusport\"},\"image\":{\"@id\":\"https:\/\/dicodusport.fr\/blog\/#\/schema\/logo\/image\/\"},\"sameAs\":[\"https:\/\/www.facebook.com\/dicodusport\",\"https:\/\/x.com\/dicodusport\",\"https:\/\/www.instagram.com\/dicodusport\/\",\"https:\/\/www.youtube.com\/channel\/UC7V2KZ5sd3htJivAbA4ZG3w\"],\"description\":\"Dicodusport est l'encyclop\u00e9die de l'actualit\u00e9 sportive.\",\"email\":\"bonjour@dicodusport.fr\",\"legalName\":\"DICODUSPORT\",\"foundingDate\":\"2018-01-14\",\"vatID\":\"FR71834470973\",\"taxID\":\"83447097300043\",\"numberOfEmployees\":{\"@type\":\"QuantitativeValue\",\"minValue\":\"1\",\"maxValue\":\"10\"}},{\"@type\":\"Person\",\"@id\":\"https:\/\/dicodusport.fr\/blog\/#\/schema\/person\/37def232098a7a5cbab3974a3690abb0\",\"name\":\"Maxime Cazenave\",\"image\":{\"@type\":\"ImageObject\",\"inLanguage\":\"fr-FR\",\"@id\":\"https:\/\/dicodusport.fr\/blog\/#\/schema\/person\/image\/\",\"url\":\"https:\/\/dicodusport.fr\/blog\/wp-content\/uploads\/2021\/05\/Maxime-Cazenave-150x150.jpg\",\"contentUrl\":\"https:\/\/dicodusport.fr\/blog\/wp-content\/uploads\/2021\/05\/Maxime-Cazenave-150x150.jpg\",\"caption\":\"Maxime Cazenave\"},\"description\":\"Journaliste\/R\u00e9dacteur depuis 2012 - Berc\u00e9 par l\u2019amour des Girondins de Bordeaux, les \u00e9checs de Christophe Moreau sur le Tour de France sous l'\u00e8re Lance Armstrong et le fade-away l\u00e9tal de Dirk Nowitzki, ma passion d\u00e9vorante pour le sport a toujours \u00e9t\u00e9 un pan incontournable de ma vie. Transmettre ma passion \u00e0 l\u2019\u00e9crit a \u00e9t\u00e9 une transition naturelle. Suiveur assidu de basket et de hockey sur glace, je garde toujours un peu de place pour suivre le cyclisme, le football et le maximum de performances fran\u00e7aises.\",\"sameAs\":[\"https:\/\/x.com\/https:\/\/twitter.com\/Maxime_Caze\"],\"url\":\"https:\/\/dicodusport.fr\/blog\/author\/maximec\/\"}]}<\/script>\n<!-- \/ Yoast SEO Premium plugin. -->","yoast_head_json":{"title":"Skicross Craigleith : Marielle Berger Sabbatel signe un nouveau podium au Canada","description":"COUPE DE MONDE DE SKICROSS 2024\/2025 - Marielle Berger Sabbatel a d\u00e9croch\u00e9 un nouveau podium du c\u00f4t\u00e9 de Craigleith.","robots":{"index":"index","follow":"follow","max-snippet":"max-snippet:-1","max-image-preview":"max-image-preview:large","max-video-preview":"max-video-preview:-1"},"canonical":"https:\/\/dicodusport.fr\/blog\/skicross-craigleith-marielle-berger-sabbatel-signe-un-nouveau-podium-au-canada\/","og_locale":"fr_FR","og_type":"article","og_title":"Skicross Craigleith : Marielle Berger Sabbatel signe un nouveau podium au Canada","og_description":"COUPE DE MONDE DE SKICROSS 2024\/2025 - Marielle Berger Sabbatel a d\u00e9croch\u00e9 un nouveau podium du c\u00f4t\u00e9 de Craigleith.","og_url":"https:\/\/dicodusport.fr\/blog\/skicross-craigleith-marielle-berger-sabbatel-signe-un-nouveau-podium-au-canada\/","og_site_name":"Dicodusport","article_publisher":"https:\/\/www.facebook.com\/dicodusport","article_published_time":"2025-03-14T18:16:37+00:00","og_image":[{"width":1200,"height":674,"url":"https:\/\/dicodusport.fr\/blog\/wp-content\/uploads\/2025\/03\/Skicross-Craigleith-Marielle-Berger-Sabbatel-signe-un-nouveau-podium-au-Canada.png","type":"image\/png"}],"author":"Maxime Cazenave","twitter_card":"summary_large_image","twitter_title":"Skicross Craigleith : Marielle Berger Sabbatel signe un nouveau podium au Canada","twitter_creator":"@https:\/\/twitter.com\/Maxime_Caze","twitter_site":"@dicodusport","schema":{"@context":"https:\/\/schema.org","@graph":[{"@type":"NewsArticle","@id":"https:\/\/dicodusport.fr\/blog\/skicross-craigleith-marielle-berger-sabbatel-signe-un-nouveau-podium-au-canada\/#article","isPartOf":{"@id":"https:\/\/dicodusport.fr\/blog\/skicross-craigleith-marielle-berger-sabbatel-signe-un-nouveau-podium-au-canada\/"},"author":{"name":"Maxime Cazenave","@id":"https:\/\/dicodusport.fr\/blog\/#\/schema\/person\/37def232098a7a5cbab3974a3690abb0"},"headline":"Skicross Craigleith : Marielle Berger Sabbatel signe un nouveau podium au Canada","datePublished":"2025-03-14T18:16:37+00:00","mainEntityOfPage":{"@id":"https:\/\/dicodusport.fr\/blog\/skicross-craigleith-marielle-berger-sabbatel-signe-un-nouveau-podium-au-canada\/"},"wordCount":402,"commentCount":0,"publisher":{"@id":"https:\/\/dicodusport.fr\/blog\/#organization"},"image":{"@id":"https:\/\/dicodusport.fr\/blog\/skicross-craigleith-marielle-berger-sabbatel-signe-un-nouveau-podium-au-canada\/#primaryimage"},"thumbnailUrl":"https:\/\/dicodusport.fr\/blog\/wp-content\/uploads\/2025\/03\/Skicross-Craigleith-Marielle-Berger-Sabbatel-signe-un-nouveau-podium-au-Canada.png","keywords":["actu","br\u00e8ve","Coupe du monde de skicross","Marielle Berger Sabbatel","skicross"],"articleSection":["Ski"],"inLanguage":"fr-FR","potentialAction":[{"@type":"CommentAction","name":"Comment","target":["https:\/\/dicodusport.fr\/blog\/skicross-craigleith-marielle-berger-sabbatel-signe-un-nouveau-podium-au-canada\/#respond"]}],"copyrightYear":"2025","copyrightHolder":{"@id":"https:\/\/dicodusport.fr\/blog\/#organization"}},{"@type":"WebPage","@id":"https:\/\/dicodusport.fr\/blog\/skicross-craigleith-marielle-berger-sabbatel-signe-un-nouveau-podium-au-canada\/","url":"https:\/\/dicodusport.fr\/blog\/skicross-craigleith-marielle-berger-sabbatel-signe-un-nouveau-podium-au-canada\/","name":"Skicross Craigleith : Marielle Berger Sabbatel signe un nouveau podium au Canada","isPartOf":{"@id":"https:\/\/dicodusport.fr\/blog\/#website"},"primaryImageOfPage":{"@id":"https:\/\/dicodusport.fr\/blog\/skicross-craigleith-marielle-berger-sabbatel-signe-un-nouveau-podium-au-canada\/#primaryimage"},"image":{"@id":"https:\/\/dicodusport.fr\/blog\/skicross-craigleith-marielle-berger-sabbatel-signe-un-nouveau-podium-au-canada\/#primaryimage"},"thumbnailUrl":"https:\/\/dicodusport.fr\/blog\/wp-content\/uploads\/2025\/03\/Skicross-Craigleith-Marielle-Berger-Sabbatel-signe-un-nouveau-podium-au-Canada.png","datePublished":"2025-03-14T18:16:37+00:00","description":"COUPE DE MONDE DE SKICROSS 2024\/2025 - Marielle Berger Sabbatel a d\u00e9croch\u00e9 un nouveau podium du c\u00f4t\u00e9 de Craigleith.","breadcrumb":{"@id":"https:\/\/dicodusport.fr\/blog\/skicross-craigleith-marielle-berger-sabbatel-signe-un-nouveau-podium-au-canada\/#breadcrumb"},"inLanguage":"fr-FR","potentialAction":[{"@type":"ReadAction","target":["https:\/\/dicodusport.fr\/blog\/skicross-craigleith-marielle-berger-sabbatel-signe-un-nouveau-podium-au-canada\/"]}]},{"@type":"ImageObject","inLanguage":"fr-FR","@id":"https:\/\/dicodusport.fr\/blog\/skicross-craigleith-marielle-berger-sabbatel-signe-un-nouveau-podium-au-canada\/#primaryimage","url":"https:\/\/dicodusport.fr\/blog\/wp-content\/uploads\/2025\/03\/Skicross-Craigleith-Marielle-Berger-Sabbatel-signe-un-nouveau-podium-au-Canada.png","contentUrl":"https:\/\/dicodusport.fr\/blog\/wp-content\/uploads\/2025\/03\/Skicross-Craigleith-Marielle-Berger-Sabbatel-signe-un-nouveau-podium-au-Canada.png","width":1200,"height":674,"caption":"Skicross Craigleith : Marielle Berger Sabbatel signe un nouveau podium au Canada"},{"@type":"BreadcrumbList","@id":"https:\/\/dicodusport.fr\/blog\/skicross-craigleith-marielle-berger-sabbatel-signe-un-nouveau-podium-au-canada\/#breadcrumb","itemListElement":[{"@type":"ListItem","position":1,"name":"Accueil","item":"https:\/\/dicodusport.fr\/blog\/"},{"@type":"ListItem","position":2,"name":"Skicross Craigleith : Marielle Berger Sabbatel signe un nouveau podium au Canada"}]},{"@type":"WebSite","@id":"https:\/\/dicodusport.fr\/blog\/#website","url":"https:\/\/dicodusport.fr\/blog\/","name":"Dicodusport","description":"L&#039;encyclop\u00e9die de l&#039;actualit\u00e9 sportive","publisher":{"@id":"https:\/\/dicodusport.fr\/blog\/#organization"},"potentialAction":[{"@type":"SearchAction","target":{"@type":"EntryPoint","urlTemplate":"https:\/\/dicodusport.fr\/blog\/?s={search_term_string}"},"query-input":{"@type":"PropertyValueSpecification","valueRequired":true,"valueName":"search_term_string"}}],"inLanguage":"fr-FR"},{"@type":"NewsMediaOrganization","@id":"https:\/\/dicodusport.fr\/blog\/#organization","name":"Dicodusport","url":"https:\/\/dicodusport.fr\/blog\/","logo":{"@type":"ImageObject","inLanguage":"fr-FR","@id":"https:\/\/dicodusport.fr\/blog\/#\/schema\/logo\/image\/","url":"https:\/\/dicodusport.fr\/blog\/wp-content\/uploads\/2020\/06\/cropped-LOGO-DICODUSPORT-2020-SANS-FOND-SANS-TEXTE.png","contentUrl":"https:\/\/dicodusport.fr\/blog\/wp-content\/uploads\/2020\/06\/cropped-LOGO-DICODUSPORT-2020-SANS-FOND-SANS-TEXTE.png","width":512,"height":512,"caption":"Dicodusport"},"image":{"@id":"https:\/\/dicodusport.fr\/blog\/#\/schema\/logo\/image\/"},"sameAs":["https:\/\/www.facebook.com\/dicodusport","https:\/\/x.com\/dicodusport","https:\/\/www.instagram.com\/dicodusport\/","https:\/\/www.youtube.com\/channel\/UC7V2KZ5sd3htJivAbA4ZG3w"],"description":"Dicodusport est l'encyclop\u00e9die de l'actualit\u00e9 sportive.","email":"bonjour@dicodusport.fr","legalName":"DICODUSPORT","foundingDate":"2018-01-14","vatID":"FR71834470973","taxID":"83447097300043","numberOfEmployees":{"@type":"QuantitativeValue","minValue":"1","maxValue":"10"}},{"@type":"Person","@id":"https:\/\/dicodusport.fr\/blog\/#\/schema\/person\/37def232098a7a5cbab3974a3690abb0","name":"Maxime Cazenave","image":{"@type":"ImageObject","inLanguage":"fr-FR","@id":"https:\/\/dicodusport.fr\/blog\/#\/schema\/person\/image\/","url":"https:\/\/dicodusport.fr\/blog\/wp-content\/uploads\/2021\/05\/Maxime-Cazenave-150x150.jpg","contentUrl":"https:\/\/dicodusport.fr\/blog\/wp-content\/uploads\/2021\/05\/Maxime-Cazenave-150x150.jpg","caption":"Maxime Cazenave"},"description":"Journaliste\/R\u00e9dacteur depuis 2012 - Berc\u00e9 par l\u2019amour des Girondins de Bordeaux, les \u00e9checs de Christophe Moreau sur le Tour de France sous l'\u00e8re Lance Armstrong et le fade-away l\u00e9tal de Dirk Nowitzki, ma passion d\u00e9vorante pour le sport a toujours \u00e9t\u00e9 un pan incontournable de ma vie. Transmettre ma passion \u00e0 l\u2019\u00e9crit a \u00e9t\u00e9 une transition naturelle. Suiveur assidu de basket et de hockey sur glace, je garde toujours un peu de place pour suivre le cyclisme, le football et le maximum de performances fran\u00e7aises.","sameAs":["https:\/\/x.com\/https:\/\/twitter.com\/Maxime_Caze"],"url":"https:\/\/dicodusport.fr\/blog\/author\/maximec\/"}]}},"_links":{"self":[{"href":"https:\/\/dicodusport.fr\/blog\/wp-json\/wp\/v2\/posts\/564175","targetHints":{"allow":["GET"]}}],"collection":[{"href":"https:\/\/dicodusport.fr\/blog\/wp-json\/wp\/v2\/posts"}],"about":[{"href":"https:\/\/dicodusport.fr\/blog\/wp-json\/wp\/v2\/types\/post"}],"author":[{"embeddable":true,"href":"https:\/\/dicodusport.fr\/blog\/wp-json\/wp\/v2\/users\/55"}],"replies":[{"embeddable":true,"href":"https:\/\/dicodusport.fr\/blog\/wp-json\/wp\/v2\/comments?post=564175"}],"version-history":[{"count":2,"href":"https:\/\/dicodusport.fr\/blog\/wp-json\/wp\/v2\/posts\/564175\/revisions"}],"predecessor-version":[{"id":564182,"href":"https:\/\/dicodusport.fr\/blog\/wp-json\/wp\/v2\/posts\/564175\/revisions\/564182"}],"wp:featuredmedia":[{"embeddable":true,"href":"https:\/\/dicodusport.fr\/blog\/wp-json\/wp\/v2\/media\/564179"}],"wp:attachment":[{"href":"https:\/\/dicodusport.fr\/blog\/wp-json\/wp\/v2\/media?parent=564175"}],"wp:term":[{"taxonomy":"category","embeddable":true,"href":"https:\/\/dicodusport.fr\/blog\/wp-json\/wp\/v2\/categories?post=564175"},{"taxonomy":"post_tag","embeddable":true,"href":"https:\/\/dicodusport.fr\/blog\/wp-json\/wp\/v2\/tags?post=564175"}],"curies":[{"name":"wp","href":"https:\/\/api.w.org\/{rel}","templated":true}]}}