{"id":564786,"date":"2025-03-16T13:30:07","date_gmt":"2025-03-16T12:30:07","guid":{"rendered":"https:\/\/dicodusport.fr\/blog\/?p=564786&#038;preview=true&#038;preview_id=564786"},"modified":"2025-03-16T14:47:23","modified_gmt":"2025-03-16T13:47:23","slug":"slalom-hommes-hafjell-2025-loic-meillard-fait-la-passe-de-deux-et-se-replace-au-general","status":"publish","type":"post","link":"https:\/\/dicodusport.fr\/blog\/slalom-hommes-hafjell-2025-loic-meillard-fait-la-passe-de-deux-et-se-replace-au-general\/","title":{"rendered":"Slalom hommes Hafjell 2025 : Lo\u00efc Meillard fait la passe de deux et se replace au g\u00e9n\u00e9ral"},"content":{"rendered":"<h4 style=\"text-align: justify;\"><i>COUPE DU MONDE DE SKI ALPIN 202<\/i><i>4<\/i><i>-2025 &#8211; Lo\u00efc Meillard a remport\u00e9 l&rsquo;avant-dernier slalom de la saison \u00e0 Hafjell ce samedi. D\u00e9j\u00e0 vainqueur du G\u00e9ant la veille, le Suisse confirme sa bonne forme et se replace dans la course au petit globe, \u00e0 l&rsquo;inverse d&rsquo;un Cl\u00e9ment No\u00ebl d\u00e9cevant (7\u00e8me). Timon Haugan et Lucas Pinheiro Braathen raflent les deux autres places sur la bo\u00eete.<\/i><\/h4>\n<ul style=\"text-align: justify;\">\n<li style=\"text-align: justify;\"><strong>\u00c0 lire aussi &#8211;\u00a0<a href=\"https:\/\/dicodusport.fr\/blog\/calendrier-et-resultats-coupe-du-monde-ski-alpin-2024-2025\/\">Calendrier et r\u00e9sultats Coupe du monde Ski alpin 2024-2025<\/a><\/strong><\/li>\n<\/ul>\n<p style=\"text-align: justify;\">Au lendemain du <a href=\"https:\/\/dicodusport.fr\/blog\/geant-hommes-hafjell-2025-loic-meillard-simpose-le-petit-globe-pour-marco-odermatt\/\">G\u00e9ant disput\u00e9 en terres norv\u00e9giennes<\/a>, le <strong>slalom<\/strong> de <strong>Hafjell<\/strong> (Norv\u00e8ge) \u00e9tait au programme ce samed, sous un grand soleil.<\/p>\n<h2 style=\"text-align: justify;\">Lo\u00efc Meillard frappe fort, Cl\u00e9ment No\u00ebl plac\u00e9<\/h2>\n<p style=\"text-align: justify;\">Solide leader du g\u00e9n\u00e9ral, <strong>Henrik Kristoffersen<\/strong> avait d\u00e9j\u00e0 la possibilit\u00e9 de rafler le petit globe de la sp\u00e9cialit\u00e9, avant m\u00eame la derni\u00e8re \u00e9preuve qui sera disput\u00e9e lors des finales de Sun Valley. Les quatre premiers du g\u00e9n\u00e9ral s&rsquo;\u00e9lan\u00e7ant avec les quatre premiers dossards, les positions se sont d\u00e9cant\u00e9es rapidement. <strong>Lo\u00efc Meillard<\/strong> va ainsi prendre le commandement des op\u00e9rations malgr\u00e9 un bas moyen, confirmant ses bonnes dispositions suite \u00e0 sa victoire sur le G\u00e9ant. Suffisant pour coller pr\u00e8s d&rsquo;une demi-seconde au Fran\u00e7ais <strong>Cl\u00e9ment No\u00ebl<\/strong> (+0.52), mais surtout pr\u00e8s d&rsquo;une seconde \u00e0 Kristoffersen (+0.84) et <strong>Timon Haugan<\/strong> (+0.94). 5\u00e8me du g\u00e9n\u00e9ral, <strong>Atle Lie McGrath<\/strong> (+0.53) s&rsquo;est lui intercal\u00e9 entre <strong>No\u00ebl<\/strong> et <strong>Kristoffersen<\/strong>.<\/p>\n<ul style=\"text-align: justify;\">\n<li><strong>\u00c0 lire aussi &#8211;\u00a0<a href=\"https:\/\/dicodusport.fr\/blog\/resultats-et-classement-slalom-hommes-hafjell-2025\/\">R\u00e9sultats et classement du Slalom de Hafjell\u00a0<\/a><\/strong><\/li>\n<\/ul>\n<p style=\"text-align: justify;\">D&rsquo;autres skieurs ont profit\u00e9 des petites erreurs des leaders afin de se positionner pour un \u00e9ventuel podium. Le Br\u00e9silien <strong>Lucas Pinheiro Braathen<\/strong> (+0.32) et l&rsquo;Autrichien <strong>Fabio Gstrein<\/strong> (+0.42) vont ainsi signer les 2\u00e8mes et 3\u00e8mes chrono de la matin\u00e9e. C\u00f4t\u00e9 Fran\u00e7ais, la d\u00e9ception est de mise pour <strong>Stevez Amiez <\/strong>et <strong>Paco Rassat<\/strong>, qui ont abandonn\u00e9 au milieu d&rsquo;une cascade de DNF comprenant \u00e9galement <strong>Manuel Feller, Kristoffer Jakobsen, Dominik Raschner<\/strong> ou encore <strong>Filip Zubcic<\/strong> ! Au contraire, <strong>Victor Muffat-Jeandet<\/strong> (+1.71) a lui jou\u00e9 la s\u00e9curit\u00e9 pour s&rsquo;offrir une solide place dans le Top 15.<\/p>\n<blockquote class=\"twitter-tweet\">\n<p dir=\"ltr\" lang=\"en\">\ud83c\udde8\ud83c\uddedLoic Meillard leads again after the first run!\u23f1\ufe0f<br \/>\nChasing him, Lucas Pinheiro Braathen \ud83c\udde7\ud83c\uddf7 is +0.34 behind, with Fabio Gstrein \ud83c\udde6\ud83c\uddf9 close in third at +0.44!<\/p>\n<p>It\u2019s all still to play \ud83c\udfbf\u26f7\ufe0f<\/p>\n<p>Second run starts at 12:30 CET!<a href=\"https:\/\/twitter.com\/hashtag\/fisalpine?src=hash&amp;ref_src=twsrc%5Etfw\">#fisalpine<\/a> <a href=\"https:\/\/twitter.com\/hashtag\/worldcuphafjell?src=hash&amp;ref_src=twsrc%5Etfw\">#worldcuphafjell<\/a> <a href=\"https:\/\/twitter.com\/hashtag\/wintersport?src=hash&amp;ref_src=twsrc%5Etfw\">#wintersport<\/a><\/p>\n<p>\ud83d\udcf8Agence Zoom <a href=\"https:\/\/t.co\/FpxFoPeApj\">pic.twitter.com\/FpxFoPeApj<\/a><\/p>\n<p>\u2014 FIS Alpine (@fisalpine) <a href=\"https:\/\/twitter.com\/fisalpine\/status\/1901212436037882072?ref_src=twsrc%5Etfw\">March 16, 2025<\/a><\/p><\/blockquote>\n<p style=\"text-align: justify;\"><script async src=\"https:\/\/platform.twitter.com\/widgets.js\" charset=\"utf-8\"><\/script><\/p>\n<h2 style=\"text-align: justify;\">Les gros dossards \u00e0 la f\u00eate<\/h2>\n<p style=\"text-align: justify;\">En deuxi\u00e8me manche, les nombreux abandons ont laiss\u00e9 des ouvertures dont ont profit\u00e9 des gar\u00e7ons inattendus. Le jeune Norv\u00e9gien <strong>Oscar Andreas Sandvik<\/strong> va notamment faire vibrer le public local du haut de ses 20 ans. Dossard 47 dans le dos, ce dernier a sign\u00e9 une magnifique 2\u00e8me manche pour se hisser en 15\u00e8me position, et inscrire ses premiers points en Coupe du monde. Autre bonne surprise, l&rsquo;ancien vice-champion olympique de Sochi, <strong>Ramon Zenhauesern<\/strong>, a enfin retrouv\u00e9 des couleurs en r\u00e9alisant un gros chrono, lui permettant de garder le fauteuil de leader de longues minutes pour finalement obtenir une belle 10\u00e8me place. Dossard 39, le Britannique <strong>Billy Major<\/strong> sera le premier \u00e0 le d\u00e9loger pour au passage obtenir le meilleur r\u00e9sultat de sa carri\u00e8re (9\u00e8me).<\/p>\n<h2 style=\"text-align: justify;\">Cl\u00e9ment No\u00ebl perd gros au g\u00e9n\u00e9ral, Lo\u00efc Meillard se positionne<\/h2>\n<p style=\"text-align: justify;\"><strong>Tanguy Nef<\/strong> signe la fin de la r\u00e9cr\u00e9ation pour les petits dossards en s&#8217;emparant du temps r\u00e9f\u00e9rence en pr\u00e9ambule aux cadors de la sp\u00e9cialit\u00e9. Lanc\u00e9 comme une balle, <strong>Timon Haugan<\/strong> va frapper un premier grand coup en collant 6 dixi\u00e8mes au Suisse. Un chrono canon qui va lui permettre de repousser son compatriote <strong>Henrik Kristoffersen<\/strong> \u00e0 12 centi\u00e8mes. Ce dernier marque d&rsquo;office de gros points pour maintenir sa place en t\u00eate du g\u00e9n\u00e9ral, mais voit un autre Norv\u00e9gien,<strong> Atle Lie McGrath<\/strong>, \u00e0 son tour lui passer devant !<\/p>\n<p style=\"text-align: justify;\">Ils sont encore quatre \u00e0 pouvoir remettre en cause ce podium 100% norv\u00e9gien. Mais ce ne sera pas <strong>Cl\u00e9ment No\u00ebl<\/strong>, qui a r\u00e9alis\u00e9 une descente insuffisante pour se m\u00ealer \u00e0 la lutte (7\u00e8me), et qui voit en cons\u00e9quence le petit globe s&rsquo;\u00e9loigner. <strong>Fabio Gstrein<\/strong> va m\u00eame s&rsquo;intercaler entre le Fran\u00e7ais et <strong>Kristoffersen<\/strong>, augmentant l&rsquo;\u00e9cart entre les deux hommes au g\u00e9n\u00e9ral. Pour la victoire, <strong>Lo\u00efc Meillard<\/strong> va stopper l&rsquo;h\u00e9g\u00e9monie norv\u00e9gienne en assurant le coup pour rafler la mise, malgr\u00e9 une grosse erreur. Dominant, il s&rsquo;offre sa 2\u00e8me victoire en 2 jours. <strong>Haugan<\/strong> termine donc 2\u00e8me, devant un \u00e9tincelant <strong>Lucas Pinheiro Braathen<\/strong>, qui compl\u00e8te le podium du jour.<\/p>\n<ul style=\"text-align: justify;\">\n<li><strong>\u00c0 ce sujet &#8211; <a href=\"https:\/\/dicodusport.fr\/blog\/coupe-du-monde-ski-alpin-classement-general-gros-globe-hommes\/\">Coupe du monde Ski alpin \u2013 Classement g\u00e9n\u00e9ral gros globe hommes<\/a><\/strong><\/li>\n<\/ul>\n<p style=\"text-align: justify;\">L&rsquo;autre Fran\u00e7ais en lice dans cette manche, le v\u00e9t\u00e9ran <strong>Victor Muffat-Jeandet<\/strong>, a de nouveau sign\u00e9 une journ\u00e9e compl\u00e8te en allant chercher un Top 15 (12\u00e8me), qui fait suite \u00e0 sa <a href=\"https:\/\/dicodusport.fr\/blog\/slalom-hommes-kranjska-gora-2025-henrik-kristoffersen-simpose-victor-muffat-jeandet-rayonne\/\">6\u00e8me place \u00e0 Kranjka Gora<\/a>. Aux c\u00f4t\u00e9s de <strong>Cl\u00e9ment No\u00ebl, Steven Amiez<\/strong> et <strong>Paco Rassat<\/strong>, ils seront <strong>quatre Tricolores \u00e0 prendre part aux finales de Sun Valley<\/strong> \u00e0 la fin du mois.<\/p>\n<blockquote class=\"twitter-tweet\">\n<p dir=\"ltr\" lang=\"it\">Ad <a href=\"https:\/\/twitter.com\/hashtag\/Hafjell?src=hash&amp;ref_src=twsrc%5Etfw\">#Hafjell<\/a> \ud83c\uddf3\ud83c\uddf4 Loic <a href=\"https:\/\/twitter.com\/hashtag\/Meillard?src=hash&amp;ref_src=twsrc%5Etfw\">#Meillard<\/a> fa doppietta e vince lo slalom maschile dopo la vittoria in slalom gigante ieri.<br \/>\nSul podio poi <a href=\"https:\/\/twitter.com\/hashtag\/McGrath?src=hash&amp;ref_src=twsrc%5Etfw\">#McGrath<\/a> e <a href=\"https:\/\/twitter.com\/hashtag\/PinheiroBraathen?src=hash&amp;ref_src=twsrc%5Etfw\">#PinheiroBraathen<\/a>.<br \/>\n4\u00ba <a href=\"https:\/\/twitter.com\/hashtag\/Haugan?src=hash&amp;ref_src=twsrc%5Etfw\">#Haugan<\/a>, 5\u00ba <a href=\"https:\/\/twitter.com\/hashtag\/Kristoffersen?src=hash&amp;ref_src=twsrc%5Etfw\">#Kristoffersen<\/a>. <a href=\"https:\/\/twitter.com\/hashtag\/Noel?src=hash&amp;ref_src=twsrc%5Etfw\">#Noel<\/a> 7\u00ba dietro a <a href=\"https:\/\/twitter.com\/hashtag\/Gstrein?src=hash&amp;ref_src=twsrc%5Etfw\">#Gstrein<\/a>.<\/p>\n<p>\ud83c\uddee\ud83c\uddf9 In 1\u00aa manche nessun italiano si era qualificato per la 2\u00aa. <a href=\"https:\/\/t.co\/k2aZcesEwE\">pic.twitter.com\/k2aZcesEwE<\/a><\/p>\n<p>\u2014 SettantunoNews (@SettantunoNews) <a href=\"https:\/\/twitter.com\/SettantunoNews\/status\/1901249020606976041?ref_src=twsrc%5Etfw\">March 16, 2025<\/a><\/p><\/blockquote>\n<p style=\"text-align: justify;\"><script async src=\"https:\/\/platform.twitter.com\/widgets.js\" charset=\"utf-8\"><\/script><\/p>\n","protected":false},"excerpt":{"rendered":"<p>COUPE DU MONDE DE SKI ALPIN 2024-2025 &#8211; Lo\u00efc Meillard a remport\u00e9 l&rsquo;avant-dernier slalom de la saison \u00e0 Hafjell ce samedi. D\u00e9j\u00e0 vainqueur du G\u00e9ant la veille, le Suisse se replace dans la course au petit globe \u00e0 l&rsquo;inverse d&rsquo;un Cl\u00e9ment No\u00ebl d\u00e9cevant (7\u00e8me). Timon Haugan et Lucas Pinheiro Braathen raflent les deux autres places sur la bo\u00eete.<\/p>\n","protected":false},"author":55,"featured_media":564932,"comment_status":"open","ping_status":"closed","sticky":false,"template":"","format":"standard","meta":{"_acf_changed":false,"_daextam_enable_autolinks":"1","footnotes":""},"categories":[47084],"tags":[16878,3912,2233],"class_list":["post-564786","post","type-post","status-publish","format-standard","has-post-thumbnail","hentry","category-coupe-du-monde-ski-alpin","tag-breve","tag-clement-noel","tag-ski-alpin"],"acf":[],"yoast_head":"<!-- This site is optimized with the Yoast SEO Premium plugin v26.7 (Yoast SEO v26.7) - https:\/\/yoast.com\/wordpress\/plugins\/seo\/ -->\n<title>Slalom hommes Hafjell 2025 : Lo\u00efc Meillard fait la passe de deux et se replace au g\u00e9n\u00e9ral<\/title>\n<meta name=\"description\" content=\"COUPE DU MONDE DE SKI ALPIN 2024-2025 - Lo\u00efc Meillard a remport\u00e9 l&#039;avant-dernier slalom de la saison \u00e0 Hafjell. Cl\u00e9ment No\u00ebl a termin\u00e9 7\u00e8me.\" \/>\n<meta name=\"robots\" content=\"index, follow, max-snippet:-1, max-image-preview:large, max-video-preview:-1\" \/>\n<link rel=\"canonical\" href=\"https:\/\/dicodusport.fr\/blog\/slalom-hommes-hafjell-2025-loic-meillard-fait-la-passe-de-deux-et-se-replace-au-general\/\" \/>\n<meta property=\"og:locale\" content=\"fr_FR\" \/>\n<meta property=\"og:type\" content=\"article\" \/>\n<meta property=\"og:title\" content=\"Slalom hommes Hafjell 2025 : Lo\u00efc Meillard fait la passe de deux et se replace au g\u00e9n\u00e9ral\" \/>\n<meta property=\"og:description\" content=\"COUPE DU MONDE DE SKI ALPIN 2024-2025 - Lo\u00efc Meillard a remport\u00e9 l&#039;avant-dernier slalom de la saison \u00e0 Hafjell. Cl\u00e9ment No\u00ebl a termin\u00e9 7\u00e8me.\" \/>\n<meta property=\"og:url\" content=\"https:\/\/dicodusport.fr\/blog\/slalom-hommes-hafjell-2025-loic-meillard-fait-la-passe-de-deux-et-se-replace-au-general\/\" \/>\n<meta property=\"og:site_name\" content=\"Dicodusport\" \/>\n<meta property=\"article:publisher\" content=\"https:\/\/www.facebook.com\/dicodusport\" \/>\n<meta property=\"article:published_time\" content=\"2025-03-16T12:30:07+00:00\" \/>\n<meta property=\"article:modified_time\" content=\"2025-03-16T13:47:23+00:00\" \/>\n<meta property=\"og:image\" content=\"https:\/\/dicodusport.fr\/blog\/wp-content\/uploads\/2025\/03\/Slalom-hommes-Hafjell-2025-Loic-Meillard-fait-la-passe-de-deux-et-se-replace-au-general.png\" \/>\n\t<meta property=\"og:image:width\" content=\"1200\" \/>\n\t<meta property=\"og:image:height\" content=\"674\" \/>\n\t<meta property=\"og:image:type\" content=\"image\/png\" \/>\n<meta name=\"author\" content=\"Maxime Cazenave\" \/>\n<meta name=\"twitter:card\" content=\"summary_large_image\" \/>\n<meta name=\"twitter:title\" content=\"Slalom hommes Hafjell 2025 : Lo\u00efc Meillard fait la passe de deux et se replace au g\u00e9n\u00e9ral\" \/>\n<meta name=\"twitter:creator\" content=\"@https:\/\/twitter.com\/Maxime_Caze\" \/>\n<meta name=\"twitter:site\" content=\"@dicodusport\" \/>\n<script type=\"application\/ld+json\" class=\"yoast-schema-graph\">{\"@context\":\"https:\/\/schema.org\",\"@graph\":[{\"@type\":\"NewsArticle\",\"@id\":\"https:\/\/dicodusport.fr\/blog\/slalom-hommes-hafjell-2025-loic-meillard-fait-la-passe-de-deux-et-se-replace-au-general\/#article\",\"isPartOf\":{\"@id\":\"https:\/\/dicodusport.fr\/blog\/slalom-hommes-hafjell-2025-loic-meillard-fait-la-passe-de-deux-et-se-replace-au-general\/\"},\"author\":{\"name\":\"Maxime Cazenave\",\"@id\":\"https:\/\/dicodusport.fr\/blog\/#\/schema\/person\/37def232098a7a5cbab3974a3690abb0\"},\"headline\":\"Slalom hommes Hafjell 2025 : Lo\u00efc Meillard fait la passe de deux et se replace au g\u00e9n\u00e9ral\",\"datePublished\":\"2025-03-16T12:30:07+00:00\",\"dateModified\":\"2025-03-16T13:47:23+00:00\",\"mainEntityOfPage\":{\"@id\":\"https:\/\/dicodusport.fr\/blog\/slalom-hommes-hafjell-2025-loic-meillard-fait-la-passe-de-deux-et-se-replace-au-general\/\"},\"wordCount\":920,\"commentCount\":0,\"publisher\":{\"@id\":\"https:\/\/dicodusport.fr\/blog\/#organization\"},\"image\":{\"@id\":\"https:\/\/dicodusport.fr\/blog\/slalom-hommes-hafjell-2025-loic-meillard-fait-la-passe-de-deux-et-se-replace-au-general\/#primaryimage\"},\"thumbnailUrl\":\"https:\/\/dicodusport.fr\/blog\/wp-content\/uploads\/2025\/03\/Slalom-hommes-Hafjell-2025-Loic-Meillard-fait-la-passe-de-deux-et-se-replace-au-general.png\",\"keywords\":[\"br\u00e8ve\",\"Cl\u00e9ment No\u00ebl\",\"Ski alpin\"],\"articleSection\":[\"Coupe du monde de ski alpin\"],\"inLanguage\":\"fr-FR\",\"potentialAction\":[{\"@type\":\"CommentAction\",\"name\":\"Comment\",\"target\":[\"https:\/\/dicodusport.fr\/blog\/slalom-hommes-hafjell-2025-loic-meillard-fait-la-passe-de-deux-et-se-replace-au-general\/#respond\"]}],\"copyrightYear\":\"2025\",\"copyrightHolder\":{\"@id\":\"https:\/\/dicodusport.fr\/blog\/#organization\"}},{\"@type\":\"WebPage\",\"@id\":\"https:\/\/dicodusport.fr\/blog\/slalom-hommes-hafjell-2025-loic-meillard-fait-la-passe-de-deux-et-se-replace-au-general\/\",\"url\":\"https:\/\/dicodusport.fr\/blog\/slalom-hommes-hafjell-2025-loic-meillard-fait-la-passe-de-deux-et-se-replace-au-general\/\",\"name\":\"Slalom hommes Hafjell 2025 : Lo\u00efc Meillard fait la passe de deux et se replace au g\u00e9n\u00e9ral\",\"isPartOf\":{\"@id\":\"https:\/\/dicodusport.fr\/blog\/#website\"},\"primaryImageOfPage\":{\"@id\":\"https:\/\/dicodusport.fr\/blog\/slalom-hommes-hafjell-2025-loic-meillard-fait-la-passe-de-deux-et-se-replace-au-general\/#primaryimage\"},\"image\":{\"@id\":\"https:\/\/dicodusport.fr\/blog\/slalom-hommes-hafjell-2025-loic-meillard-fait-la-passe-de-deux-et-se-replace-au-general\/#primaryimage\"},\"thumbnailUrl\":\"https:\/\/dicodusport.fr\/blog\/wp-content\/uploads\/2025\/03\/Slalom-hommes-Hafjell-2025-Loic-Meillard-fait-la-passe-de-deux-et-se-replace-au-general.png\",\"datePublished\":\"2025-03-16T12:30:07+00:00\",\"dateModified\":\"2025-03-16T13:47:23+00:00\",\"description\":\"COUPE DU MONDE DE SKI ALPIN 2024-2025 - Lo\u00efc Meillard a remport\u00e9 l'avant-dernier slalom de la saison \u00e0 Hafjell. Cl\u00e9ment No\u00ebl a termin\u00e9 7\u00e8me.\",\"breadcrumb\":{\"@id\":\"https:\/\/dicodusport.fr\/blog\/slalom-hommes-hafjell-2025-loic-meillard-fait-la-passe-de-deux-et-se-replace-au-general\/#breadcrumb\"},\"inLanguage\":\"fr-FR\",\"potentialAction\":[{\"@type\":\"ReadAction\",\"target\":[\"https:\/\/dicodusport.fr\/blog\/slalom-hommes-hafjell-2025-loic-meillard-fait-la-passe-de-deux-et-se-replace-au-general\/\"]}]},{\"@type\":\"ImageObject\",\"inLanguage\":\"fr-FR\",\"@id\":\"https:\/\/dicodusport.fr\/blog\/slalom-hommes-hafjell-2025-loic-meillard-fait-la-passe-de-deux-et-se-replace-au-general\/#primaryimage\",\"url\":\"https:\/\/dicodusport.fr\/blog\/wp-content\/uploads\/2025\/03\/Slalom-hommes-Hafjell-2025-Loic-Meillard-fait-la-passe-de-deux-et-se-replace-au-general.png\",\"contentUrl\":\"https:\/\/dicodusport.fr\/blog\/wp-content\/uploads\/2025\/03\/Slalom-hommes-Hafjell-2025-Loic-Meillard-fait-la-passe-de-deux-et-se-replace-au-general.png\",\"width\":1200,\"height\":674,\"caption\":\"Slalom hommes Hafjell 2025 Lo\u00efc Meillard fait la passe de deux et se replace au g\u00e9n\u00e9ral\"},{\"@type\":\"BreadcrumbList\",\"@id\":\"https:\/\/dicodusport.fr\/blog\/slalom-hommes-hafjell-2025-loic-meillard-fait-la-passe-de-deux-et-se-replace-au-general\/#breadcrumb\",\"itemListElement\":[{\"@type\":\"ListItem\",\"position\":1,\"name\":\"Accueil\",\"item\":\"https:\/\/dicodusport.fr\/blog\/\"},{\"@type\":\"ListItem\",\"position\":2,\"name\":\"Slalom hommes Hafjell 2025 : Lo\u00efc Meillard fait la passe de deux et se replace au g\u00e9n\u00e9ral\"}]},{\"@type\":\"WebSite\",\"@id\":\"https:\/\/dicodusport.fr\/blog\/#website\",\"url\":\"https:\/\/dicodusport.fr\/blog\/\",\"name\":\"Dicodusport\",\"description\":\"L&#039;encyclop\u00e9die de l&#039;actualit\u00e9 sportive\",\"publisher\":{\"@id\":\"https:\/\/dicodusport.fr\/blog\/#organization\"},\"potentialAction\":[{\"@type\":\"SearchAction\",\"target\":{\"@type\":\"EntryPoint\",\"urlTemplate\":\"https:\/\/dicodusport.fr\/blog\/?s={search_term_string}\"},\"query-input\":{\"@type\":\"PropertyValueSpecification\",\"valueRequired\":true,\"valueName\":\"search_term_string\"}}],\"inLanguage\":\"fr-FR\"},{\"@type\":\"NewsMediaOrganization\",\"@id\":\"https:\/\/dicodusport.fr\/blog\/#organization\",\"name\":\"Dicodusport\",\"url\":\"https:\/\/dicodusport.fr\/blog\/\",\"logo\":{\"@type\":\"ImageObject\",\"inLanguage\":\"fr-FR\",\"@id\":\"https:\/\/dicodusport.fr\/blog\/#\/schema\/logo\/image\/\",\"url\":\"https:\/\/dicodusport.fr\/blog\/wp-content\/uploads\/2020\/06\/cropped-LOGO-DICODUSPORT-2020-SANS-FOND-SANS-TEXTE.png\",\"contentUrl\":\"https:\/\/dicodusport.fr\/blog\/wp-content\/uploads\/2020\/06\/cropped-LOGO-DICODUSPORT-2020-SANS-FOND-SANS-TEXTE.png\",\"width\":512,\"height\":512,\"caption\":\"Dicodusport\"},\"image\":{\"@id\":\"https:\/\/dicodusport.fr\/blog\/#\/schema\/logo\/image\/\"},\"sameAs\":[\"https:\/\/www.facebook.com\/dicodusport\",\"https:\/\/x.com\/dicodusport\",\"https:\/\/www.instagram.com\/dicodusport\/\",\"https:\/\/www.youtube.com\/channel\/UC7V2KZ5sd3htJivAbA4ZG3w\"],\"description\":\"Dicodusport est l'encyclop\u00e9die de l'actualit\u00e9 sportive.\",\"email\":\"bonjour@dicodusport.fr\",\"legalName\":\"DICODUSPORT\",\"foundingDate\":\"2018-01-14\",\"vatID\":\"FR71834470973\",\"taxID\":\"83447097300043\",\"numberOfEmployees\":{\"@type\":\"QuantitativeValue\",\"minValue\":\"1\",\"maxValue\":\"10\"}},{\"@type\":\"Person\",\"@id\":\"https:\/\/dicodusport.fr\/blog\/#\/schema\/person\/37def232098a7a5cbab3974a3690abb0\",\"name\":\"Maxime Cazenave\",\"image\":{\"@type\":\"ImageObject\",\"inLanguage\":\"fr-FR\",\"@id\":\"https:\/\/dicodusport.fr\/blog\/#\/schema\/person\/image\/\",\"url\":\"https:\/\/dicodusport.fr\/blog\/wp-content\/uploads\/2021\/05\/Maxime-Cazenave-150x150.jpg\",\"contentUrl\":\"https:\/\/dicodusport.fr\/blog\/wp-content\/uploads\/2021\/05\/Maxime-Cazenave-150x150.jpg\",\"caption\":\"Maxime Cazenave\"},\"description\":\"Journaliste\/R\u00e9dacteur depuis 2012 - Berc\u00e9 par l\u2019amour des Girondins de Bordeaux, les \u00e9checs de Christophe Moreau sur le Tour de France sous l'\u00e8re Lance Armstrong et le fade-away l\u00e9tal de Dirk Nowitzki, ma passion d\u00e9vorante pour le sport a toujours \u00e9t\u00e9 un pan incontournable de ma vie. Transmettre ma passion \u00e0 l\u2019\u00e9crit a \u00e9t\u00e9 une transition naturelle. Suiveur assidu de basket et de hockey sur glace, je garde toujours un peu de place pour suivre le cyclisme, le football et le maximum de performances fran\u00e7aises.\",\"sameAs\":[\"https:\/\/x.com\/https:\/\/twitter.com\/Maxime_Caze\"],\"url\":\"https:\/\/dicodusport.fr\/blog\/author\/maximec\/\"}]}<\/script>\n<!-- \/ Yoast SEO Premium plugin. -->","yoast_head_json":{"title":"Slalom hommes Hafjell 2025 : Lo\u00efc Meillard fait la passe de deux et se replace au g\u00e9n\u00e9ral","description":"COUPE DU MONDE DE SKI ALPIN 2024-2025 - Lo\u00efc Meillard a remport\u00e9 l'avant-dernier slalom de la saison \u00e0 Hafjell. Cl\u00e9ment No\u00ebl a termin\u00e9 7\u00e8me.","robots":{"index":"index","follow":"follow","max-snippet":"max-snippet:-1","max-image-preview":"max-image-preview:large","max-video-preview":"max-video-preview:-1"},"canonical":"https:\/\/dicodusport.fr\/blog\/slalom-hommes-hafjell-2025-loic-meillard-fait-la-passe-de-deux-et-se-replace-au-general\/","og_locale":"fr_FR","og_type":"article","og_title":"Slalom hommes Hafjell 2025 : Lo\u00efc Meillard fait la passe de deux et se replace au g\u00e9n\u00e9ral","og_description":"COUPE DU MONDE DE SKI ALPIN 2024-2025 - Lo\u00efc Meillard a remport\u00e9 l'avant-dernier slalom de la saison \u00e0 Hafjell. Cl\u00e9ment No\u00ebl a termin\u00e9 7\u00e8me.","og_url":"https:\/\/dicodusport.fr\/blog\/slalom-hommes-hafjell-2025-loic-meillard-fait-la-passe-de-deux-et-se-replace-au-general\/","og_site_name":"Dicodusport","article_publisher":"https:\/\/www.facebook.com\/dicodusport","article_published_time":"2025-03-16T12:30:07+00:00","article_modified_time":"2025-03-16T13:47:23+00:00","og_image":[{"width":1200,"height":674,"url":"https:\/\/dicodusport.fr\/blog\/wp-content\/uploads\/2025\/03\/Slalom-hommes-Hafjell-2025-Loic-Meillard-fait-la-passe-de-deux-et-se-replace-au-general.png","type":"image\/png"}],"author":"Maxime Cazenave","twitter_card":"summary_large_image","twitter_title":"Slalom hommes Hafjell 2025 : Lo\u00efc Meillard fait la passe de deux et se replace au g\u00e9n\u00e9ral","twitter_creator":"@https:\/\/twitter.com\/Maxime_Caze","twitter_site":"@dicodusport","schema":{"@context":"https:\/\/schema.org","@graph":[{"@type":"NewsArticle","@id":"https:\/\/dicodusport.fr\/blog\/slalom-hommes-hafjell-2025-loic-meillard-fait-la-passe-de-deux-et-se-replace-au-general\/#article","isPartOf":{"@id":"https:\/\/dicodusport.fr\/blog\/slalom-hommes-hafjell-2025-loic-meillard-fait-la-passe-de-deux-et-se-replace-au-general\/"},"author":{"name":"Maxime Cazenave","@id":"https:\/\/dicodusport.fr\/blog\/#\/schema\/person\/37def232098a7a5cbab3974a3690abb0"},"headline":"Slalom hommes Hafjell 2025 : Lo\u00efc Meillard fait la passe de deux et se replace au g\u00e9n\u00e9ral","datePublished":"2025-03-16T12:30:07+00:00","dateModified":"2025-03-16T13:47:23+00:00","mainEntityOfPage":{"@id":"https:\/\/dicodusport.fr\/blog\/slalom-hommes-hafjell-2025-loic-meillard-fait-la-passe-de-deux-et-se-replace-au-general\/"},"wordCount":920,"commentCount":0,"publisher":{"@id":"https:\/\/dicodusport.fr\/blog\/#organization"},"image":{"@id":"https:\/\/dicodusport.fr\/blog\/slalom-hommes-hafjell-2025-loic-meillard-fait-la-passe-de-deux-et-se-replace-au-general\/#primaryimage"},"thumbnailUrl":"https:\/\/dicodusport.fr\/blog\/wp-content\/uploads\/2025\/03\/Slalom-hommes-Hafjell-2025-Loic-Meillard-fait-la-passe-de-deux-et-se-replace-au-general.png","keywords":["br\u00e8ve","Cl\u00e9ment No\u00ebl","Ski alpin"],"articleSection":["Coupe du monde de ski alpin"],"inLanguage":"fr-FR","potentialAction":[{"@type":"CommentAction","name":"Comment","target":["https:\/\/dicodusport.fr\/blog\/slalom-hommes-hafjell-2025-loic-meillard-fait-la-passe-de-deux-et-se-replace-au-general\/#respond"]}],"copyrightYear":"2025","copyrightHolder":{"@id":"https:\/\/dicodusport.fr\/blog\/#organization"}},{"@type":"WebPage","@id":"https:\/\/dicodusport.fr\/blog\/slalom-hommes-hafjell-2025-loic-meillard-fait-la-passe-de-deux-et-se-replace-au-general\/","url":"https:\/\/dicodusport.fr\/blog\/slalom-hommes-hafjell-2025-loic-meillard-fait-la-passe-de-deux-et-se-replace-au-general\/","name":"Slalom hommes Hafjell 2025 : Lo\u00efc Meillard fait la passe de deux et se replace au g\u00e9n\u00e9ral","isPartOf":{"@id":"https:\/\/dicodusport.fr\/blog\/#website"},"primaryImageOfPage":{"@id":"https:\/\/dicodusport.fr\/blog\/slalom-hommes-hafjell-2025-loic-meillard-fait-la-passe-de-deux-et-se-replace-au-general\/#primaryimage"},"image":{"@id":"https:\/\/dicodusport.fr\/blog\/slalom-hommes-hafjell-2025-loic-meillard-fait-la-passe-de-deux-et-se-replace-au-general\/#primaryimage"},"thumbnailUrl":"https:\/\/dicodusport.fr\/blog\/wp-content\/uploads\/2025\/03\/Slalom-hommes-Hafjell-2025-Loic-Meillard-fait-la-passe-de-deux-et-se-replace-au-general.png","datePublished":"2025-03-16T12:30:07+00:00","dateModified":"2025-03-16T13:47:23+00:00","description":"COUPE DU MONDE DE SKI ALPIN 2024-2025 - Lo\u00efc Meillard a remport\u00e9 l'avant-dernier slalom de la saison \u00e0 Hafjell. Cl\u00e9ment No\u00ebl a termin\u00e9 7\u00e8me.","breadcrumb":{"@id":"https:\/\/dicodusport.fr\/blog\/slalom-hommes-hafjell-2025-loic-meillard-fait-la-passe-de-deux-et-se-replace-au-general\/#breadcrumb"},"inLanguage":"fr-FR","potentialAction":[{"@type":"ReadAction","target":["https:\/\/dicodusport.fr\/blog\/slalom-hommes-hafjell-2025-loic-meillard-fait-la-passe-de-deux-et-se-replace-au-general\/"]}]},{"@type":"ImageObject","inLanguage":"fr-FR","@id":"https:\/\/dicodusport.fr\/blog\/slalom-hommes-hafjell-2025-loic-meillard-fait-la-passe-de-deux-et-se-replace-au-general\/#primaryimage","url":"https:\/\/dicodusport.fr\/blog\/wp-content\/uploads\/2025\/03\/Slalom-hommes-Hafjell-2025-Loic-Meillard-fait-la-passe-de-deux-et-se-replace-au-general.png","contentUrl":"https:\/\/dicodusport.fr\/blog\/wp-content\/uploads\/2025\/03\/Slalom-hommes-Hafjell-2025-Loic-Meillard-fait-la-passe-de-deux-et-se-replace-au-general.png","width":1200,"height":674,"caption":"Slalom hommes Hafjell 2025 Lo\u00efc Meillard fait la passe de deux et se replace au g\u00e9n\u00e9ral"},{"@type":"BreadcrumbList","@id":"https:\/\/dicodusport.fr\/blog\/slalom-hommes-hafjell-2025-loic-meillard-fait-la-passe-de-deux-et-se-replace-au-general\/#breadcrumb","itemListElement":[{"@type":"ListItem","position":1,"name":"Accueil","item":"https:\/\/dicodusport.fr\/blog\/"},{"@type":"ListItem","position":2,"name":"Slalom hommes Hafjell 2025 : Lo\u00efc Meillard fait la passe de deux et se replace au g\u00e9n\u00e9ral"}]},{"@type":"WebSite","@id":"https:\/\/dicodusport.fr\/blog\/#website","url":"https:\/\/dicodusport.fr\/blog\/","name":"Dicodusport","description":"L&#039;encyclop\u00e9die de l&#039;actualit\u00e9 sportive","publisher":{"@id":"https:\/\/dicodusport.fr\/blog\/#organization"},"potentialAction":[{"@type":"SearchAction","target":{"@type":"EntryPoint","urlTemplate":"https:\/\/dicodusport.fr\/blog\/?s={search_term_string}"},"query-input":{"@type":"PropertyValueSpecification","valueRequired":true,"valueName":"search_term_string"}}],"inLanguage":"fr-FR"},{"@type":"NewsMediaOrganization","@id":"https:\/\/dicodusport.fr\/blog\/#organization","name":"Dicodusport","url":"https:\/\/dicodusport.fr\/blog\/","logo":{"@type":"ImageObject","inLanguage":"fr-FR","@id":"https:\/\/dicodusport.fr\/blog\/#\/schema\/logo\/image\/","url":"https:\/\/dicodusport.fr\/blog\/wp-content\/uploads\/2020\/06\/cropped-LOGO-DICODUSPORT-2020-SANS-FOND-SANS-TEXTE.png","contentUrl":"https:\/\/dicodusport.fr\/blog\/wp-content\/uploads\/2020\/06\/cropped-LOGO-DICODUSPORT-2020-SANS-FOND-SANS-TEXTE.png","width":512,"height":512,"caption":"Dicodusport"},"image":{"@id":"https:\/\/dicodusport.fr\/blog\/#\/schema\/logo\/image\/"},"sameAs":["https:\/\/www.facebook.com\/dicodusport","https:\/\/x.com\/dicodusport","https:\/\/www.instagram.com\/dicodusport\/","https:\/\/www.youtube.com\/channel\/UC7V2KZ5sd3htJivAbA4ZG3w"],"description":"Dicodusport est l'encyclop\u00e9die de l'actualit\u00e9 sportive.","email":"bonjour@dicodusport.fr","legalName":"DICODUSPORT","foundingDate":"2018-01-14","vatID":"FR71834470973","taxID":"83447097300043","numberOfEmployees":{"@type":"QuantitativeValue","minValue":"1","maxValue":"10"}},{"@type":"Person","@id":"https:\/\/dicodusport.fr\/blog\/#\/schema\/person\/37def232098a7a5cbab3974a3690abb0","name":"Maxime Cazenave","image":{"@type":"ImageObject","inLanguage":"fr-FR","@id":"https:\/\/dicodusport.fr\/blog\/#\/schema\/person\/image\/","url":"https:\/\/dicodusport.fr\/blog\/wp-content\/uploads\/2021\/05\/Maxime-Cazenave-150x150.jpg","contentUrl":"https:\/\/dicodusport.fr\/blog\/wp-content\/uploads\/2021\/05\/Maxime-Cazenave-150x150.jpg","caption":"Maxime Cazenave"},"description":"Journaliste\/R\u00e9dacteur depuis 2012 - Berc\u00e9 par l\u2019amour des Girondins de Bordeaux, les \u00e9checs de Christophe Moreau sur le Tour de France sous l'\u00e8re Lance Armstrong et le fade-away l\u00e9tal de Dirk Nowitzki, ma passion d\u00e9vorante pour le sport a toujours \u00e9t\u00e9 un pan incontournable de ma vie. Transmettre ma passion \u00e0 l\u2019\u00e9crit a \u00e9t\u00e9 une transition naturelle. Suiveur assidu de basket et de hockey sur glace, je garde toujours un peu de place pour suivre le cyclisme, le football et le maximum de performances fran\u00e7aises.","sameAs":["https:\/\/x.com\/https:\/\/twitter.com\/Maxime_Caze"],"url":"https:\/\/dicodusport.fr\/blog\/author\/maximec\/"}]}},"_links":{"self":[{"href":"https:\/\/dicodusport.fr\/blog\/wp-json\/wp\/v2\/posts\/564786","targetHints":{"allow":["GET"]}}],"collection":[{"href":"https:\/\/dicodusport.fr\/blog\/wp-json\/wp\/v2\/posts"}],"about":[{"href":"https:\/\/dicodusport.fr\/blog\/wp-json\/wp\/v2\/types\/post"}],"author":[{"embeddable":true,"href":"https:\/\/dicodusport.fr\/blog\/wp-json\/wp\/v2\/users\/55"}],"replies":[{"embeddable":true,"href":"https:\/\/dicodusport.fr\/blog\/wp-json\/wp\/v2\/comments?post=564786"}],"version-history":[{"count":5,"href":"https:\/\/dicodusport.fr\/blog\/wp-json\/wp\/v2\/posts\/564786\/revisions"}],"predecessor-version":[{"id":564924,"href":"https:\/\/dicodusport.fr\/blog\/wp-json\/wp\/v2\/posts\/564786\/revisions\/564924"}],"wp:featuredmedia":[{"embeddable":true,"href":"https:\/\/dicodusport.fr\/blog\/wp-json\/wp\/v2\/media\/564932"}],"wp:attachment":[{"href":"https:\/\/dicodusport.fr\/blog\/wp-json\/wp\/v2\/media?parent=564786"}],"wp:term":[{"taxonomy":"category","embeddable":true,"href":"https:\/\/dicodusport.fr\/blog\/wp-json\/wp\/v2\/categories?post=564786"},{"taxonomy":"post_tag","embeddable":true,"href":"https:\/\/dicodusport.fr\/blog\/wp-json\/wp\/v2\/tags?post=564786"}],"curies":[{"name":"wp","href":"https:\/\/api.w.org\/{rel}","templated":true}]}}