{"id":564840,"date":"2025-03-16T11:08:55","date_gmt":"2025-03-16T10:08:55","guid":{"rendered":"https:\/\/dicodusport.fr\/blog\/?p=564840&#038;preview=true&#038;preview_id=564840"},"modified":"2025-03-16T12:14:19","modified_gmt":"2025-03-16T11:14:19","slug":"athletisme-record-de-france-du-marathon-pour-mekdes-woldu-a-barcelone","status":"publish","type":"post","link":"https:\/\/dicodusport.fr\/blog\/athletisme-record-de-france-du-marathon-pour-mekdes-woldu-a-barcelone\/","title":{"rendered":"Athl\u00e9tisme : Record de France du marathon pour Mekdes Woldu \u00e0 Barcelone"},"content":{"rendered":"<h4 style=\"text-align: justify;\"><em>ATHL\u00c9TISME &#8211; Mekdes Woldu s&rsquo;est empar\u00e9 ce dimanche matin du record de France du marathon, avec un chrono de 2h23:13 \u00e0 Barcelone.<\/em><\/h4>\n<p style=\"text-align: justify;\"><a href=\"https:\/\/dicodusport.fr\/blog\/marathon-de-seville-2025-record-de-france-pour-manon-trapp\/\">Le record de France de <strong>Manon Trapp<\/strong><\/a> n&rsquo;aura tenu que trois semaines. Preuve de la qualit\u00e9 du marathon fran\u00e7ais chez les femmes en ce moment. La marque a \u00e9t\u00e9 battue ce dimanche matin par <strong>Mekdes Woldu<\/strong>, lors du marathon de Barcelone. Qui a repouss\u00e9 le record de 25 secondes, pour le porter \u00e0 <strong>2h23:13<\/strong>. L&rsquo;Espagne r\u00e9ussit d\u00e9cid\u00e9ment aux Tricolores, car c&rsquo;est le troisi\u00e8me record de France battu en Espagne, apr\u00e8s S\u00e9ville en 2024 pour <a href=\"https:\/\/dicodusport.fr\/blog\/marathon-de-seville-2024-record-de-france-pour-meline-rollin\/\"><strong>M\u00e9line Rollin<\/strong><\/a> et encore S\u00e9ville en 2025 pour <strong>Manon Trapp<\/strong>. <strong>Mekdes Woldu<\/strong> \u00e9tait d\u00e9j\u00e0 pass\u00e9e tout pr\u00e8s du record de France, lors du Marathon de Valence 2023, ne fl\u00e9chissant qu&rsquo;en fin de course. C&rsquo;est \u00e9galement elle qui avait pris la meilleure place des Fran\u00e7aises lors des JO de Paris 2024, s&rsquo;invitant dans le top 20 de la course, \u00e0 la 20e place.<\/p>\n<ul>\n<li style=\"text-align: justify;\"><strong>\u00c0 ce sujet &#8211; <a href=\"https:\/\/dicodusport.fr\/blog\/resultats-et-classement-marathon-de-barcelone-2025\/\">R\u00e9sultats et Classement Marathon de Barcelone 2025<\/a><\/strong><\/li>\n<\/ul>\n<p style=\"text-align: justify;\">La question de savoir si cela va suffire pour les championnats du monde va se poser. Car, avec ce chrono, elle a r\u00e9ussi les minima World Athletics pour les championnats du monde, qui \u00e9taient \u00e0 2h23:30. Mais, on le sait, la FFA a durci encore certains minima, notamment sur les courses. Dont le marathon. Avec des standards relev\u00e9s \u00e0 2h21:13. Qualifiable pour les instances internationales, elle ne l&rsquo;est, pour l&rsquo;heure, pas pour sa f\u00e9d\u00e9ration. Cela risque de faire d\u00e9bat et une nouvelle fois faire grincer des dents. Si on venait \u00e0 mettre sur la touche une recordwoman de France qui avait montr\u00e9 \u00e0 Paris qu&rsquo;elle \u00e9tait capable de prendre une belle place en grand championnat.<\/p>\n<blockquote class=\"twitter-tweet\">\n<p dir=\"ltr\" lang=\"fr\">\ud83d\udea8 \ud835\udde5\ud835\uddd8\ud835\uddd6\ud835\udde2\ud835\udde5\ud835\uddd7 \ud835\uddd7\ud835\uddd8 \ud835\uddd9\ud835\udde5\ud835\uddd4\ud835\udde1\ud835\uddd6\ud835\uddd8 ! \ud83e\udd73<\/p>\n<p>\ud835\udc13\ud835\udc14 \ud835\udc04\ud835\udc12 \ud835\udc06\ud835\udc11\ud835\udc00\ud835\udc0d\ud835\udc03\ud835\udc04 ! \ud83e\uddb8\u200d\u2640\ufe0f\ud83e\udef6<\/p>\n<p>\u2b50\ufe0f\ud83c\uddeb\ud83c\uddf7 Mekdes Woldu boucle le Marathon de Barcelone en 2\ufe0f\u20e3H2\ufe0f\u20e33\ufe0f\u20e3&rsquo;1\ufe0f\u20e33\ufe0f\u20e3 \ud83d\udd25<\/p>\n<p>\ud83d\udca5 Le meilleur temps national de l&rsquo;histoire de Manon Trapp (2h23&rsquo;38 \u00e0 S\u00e9ville) n&rsquo;aura tenu que trois semaines \ud83d\ude33<\/p>\n<p>\ud83d\udcf8 <a href=\"https:\/\/twitter.com\/stadion_actu?ref_src=twsrc%5Etfw\">@stadion_actu<\/a><br \/>\n\u00a9\ufe0f Tous\u2026 <a href=\"https:\/\/t.co\/riUmgWzB8K\">pic.twitter.com\/riUmgWzB8K<\/a><\/p>\n<p>\u2014 STADION (@stadion_actu) <a href=\"https:\/\/twitter.com\/stadion_actu\/status\/1901211271187272030?ref_src=twsrc%5Etfw\">March 16, 2025<\/a><\/p><\/blockquote>\n<p><script async src=\"https:\/\/platform.twitter.com\/widgets.js\" charset=\"utf-8\"><\/script><\/p>\n","protected":false},"excerpt":{"rendered":"<p>ATHL\u00c9TISME &#8211; Mekdes Woldu s&rsquo;est empar\u00e9 ce dimanche matin du record de France du marathon, avec un chrono de 2h23:13 \u00e0 Barcelone.<\/p>\n","protected":false},"author":83,"featured_media":564842,"comment_status":"open","ping_status":"closed","sticky":false,"template":"","format":"standard","meta":{"_acf_changed":false,"_daextam_enable_autolinks":"1","footnotes":""},"categories":[2308],"tags":[32415,143,16878,1013,7631],"class_list":["post-564840","post","type-post","status-publish","format-standard","has-post-thumbnail","hentry","category-athletisme","tag-actu","tag-athletisme","tag-breve","tag-marathon","tag-record-de-france"],"acf":[],"yoast_head":"<!-- This site is optimized with the Yoast SEO Premium plugin v26.7 (Yoast SEO v26.7) - https:\/\/yoast.com\/wordpress\/plugins\/seo\/ -->\n<title>Athl\u00e9tisme : Record de France du marathon pour Mekdes Woldu \u00e0 Barcelone<\/title>\n<meta name=\"description\" content=\"ATHL\u00c9TISME - Mekdes Woldu s&#039;est empar\u00e9 ce dimanche matin du record de France du marathon, avec un chrono de 2h23:13 \u00e0 Barcelone.\" \/>\n<meta name=\"robots\" content=\"index, follow, max-snippet:-1, max-image-preview:large, max-video-preview:-1\" \/>\n<link rel=\"canonical\" href=\"https:\/\/dicodusport.fr\/blog\/athletisme-record-de-france-du-marathon-pour-mekdes-woldu-a-barcelone\/\" \/>\n<meta property=\"og:locale\" content=\"fr_FR\" \/>\n<meta property=\"og:type\" content=\"article\" \/>\n<meta property=\"og:title\" content=\"Athl\u00e9tisme : Record de France du marathon pour Mekdes Woldu \u00e0 Barcelone\" \/>\n<meta property=\"og:description\" content=\"ATHL\u00c9TISME - Mekdes Woldu s&#039;est empar\u00e9 ce dimanche matin du record de France du marathon, avec un chrono de 2h23:13 \u00e0 Barcelone.\" \/>\n<meta property=\"og:url\" content=\"https:\/\/dicodusport.fr\/blog\/athletisme-record-de-france-du-marathon-pour-mekdes-woldu-a-barcelone\/\" \/>\n<meta property=\"og:site_name\" content=\"Dicodusport\" \/>\n<meta property=\"article:publisher\" content=\"https:\/\/www.facebook.com\/dicodusport\" \/>\n<meta property=\"article:published_time\" content=\"2025-03-16T10:08:55+00:00\" \/>\n<meta property=\"article:modified_time\" content=\"2025-03-16T11:14:19+00:00\" \/>\n<meta property=\"og:image\" content=\"https:\/\/dicodusport.fr\/blog\/wp-content\/uploads\/2025\/03\/Athletisme-Record-de-France-du-marathon-pour-Mekdes-Woldu.png\" \/>\n\t<meta property=\"og:image:width\" content=\"1200\" \/>\n\t<meta property=\"og:image:height\" content=\"674\" \/>\n\t<meta property=\"og:image:type\" content=\"image\/png\" \/>\n<meta name=\"author\" content=\"Etienne Goursaud\" \/>\n<meta name=\"twitter:card\" content=\"summary_large_image\" \/>\n<meta name=\"twitter:title\" content=\"Athl\u00e9tisme : Record de France du marathon pour Mekdes Woldu \u00e0 Barcelone\" \/>\n<meta name=\"twitter:creator\" content=\"@dicodusport\" \/>\n<meta name=\"twitter:site\" content=\"@dicodusport\" \/>\n<script type=\"application\/ld+json\" class=\"yoast-schema-graph\">{\"@context\":\"https:\/\/schema.org\",\"@graph\":[{\"@type\":\"NewsArticle\",\"@id\":\"https:\/\/dicodusport.fr\/blog\/athletisme-record-de-france-du-marathon-pour-mekdes-woldu-a-barcelone\/#article\",\"isPartOf\":{\"@id\":\"https:\/\/dicodusport.fr\/blog\/athletisme-record-de-france-du-marathon-pour-mekdes-woldu-a-barcelone\/\"},\"author\":{\"name\":\"Etienne Goursaud\",\"@id\":\"https:\/\/dicodusport.fr\/blog\/#\/schema\/person\/d603dd7da31fb2b46c82b9835a77ec13\"},\"headline\":\"Athl\u00e9tisme : Record de France du marathon pour Mekdes Woldu \u00e0 Barcelone\",\"datePublished\":\"2025-03-16T10:08:55+00:00\",\"dateModified\":\"2025-03-16T11:14:19+00:00\",\"mainEntityOfPage\":{\"@id\":\"https:\/\/dicodusport.fr\/blog\/athletisme-record-de-france-du-marathon-pour-mekdes-woldu-a-barcelone\/\"},\"wordCount\":351,\"commentCount\":0,\"publisher\":{\"@id\":\"https:\/\/dicodusport.fr\/blog\/#organization\"},\"image\":{\"@id\":\"https:\/\/dicodusport.fr\/blog\/athletisme-record-de-france-du-marathon-pour-mekdes-woldu-a-barcelone\/#primaryimage\"},\"thumbnailUrl\":\"https:\/\/dicodusport.fr\/blog\/wp-content\/uploads\/2025\/03\/Athletisme-Record-de-France-du-marathon-pour-Mekdes-Woldu.png\",\"keywords\":[\"actu\",\"Athl\u00e9tisme\",\"br\u00e8ve\",\"marathon\",\"Record de France\"],\"articleSection\":[\"Athl\u00e9tisme\"],\"inLanguage\":\"fr-FR\",\"potentialAction\":[{\"@type\":\"CommentAction\",\"name\":\"Comment\",\"target\":[\"https:\/\/dicodusport.fr\/blog\/athletisme-record-de-france-du-marathon-pour-mekdes-woldu-a-barcelone\/#respond\"]}],\"copyrightYear\":\"2025\",\"copyrightHolder\":{\"@id\":\"https:\/\/dicodusport.fr\/blog\/#organization\"}},{\"@type\":\"WebPage\",\"@id\":\"https:\/\/dicodusport.fr\/blog\/athletisme-record-de-france-du-marathon-pour-mekdes-woldu-a-barcelone\/\",\"url\":\"https:\/\/dicodusport.fr\/blog\/athletisme-record-de-france-du-marathon-pour-mekdes-woldu-a-barcelone\/\",\"name\":\"Athl\u00e9tisme : Record de France du marathon pour Mekdes Woldu \u00e0 Barcelone\",\"isPartOf\":{\"@id\":\"https:\/\/dicodusport.fr\/blog\/#website\"},\"primaryImageOfPage\":{\"@id\":\"https:\/\/dicodusport.fr\/blog\/athletisme-record-de-france-du-marathon-pour-mekdes-woldu-a-barcelone\/#primaryimage\"},\"image\":{\"@id\":\"https:\/\/dicodusport.fr\/blog\/athletisme-record-de-france-du-marathon-pour-mekdes-woldu-a-barcelone\/#primaryimage\"},\"thumbnailUrl\":\"https:\/\/dicodusport.fr\/blog\/wp-content\/uploads\/2025\/03\/Athletisme-Record-de-France-du-marathon-pour-Mekdes-Woldu.png\",\"datePublished\":\"2025-03-16T10:08:55+00:00\",\"dateModified\":\"2025-03-16T11:14:19+00:00\",\"description\":\"ATHL\u00c9TISME - Mekdes Woldu s'est empar\u00e9 ce dimanche matin du record de France du marathon, avec un chrono de 2h23:13 \u00e0 Barcelone.\",\"breadcrumb\":{\"@id\":\"https:\/\/dicodusport.fr\/blog\/athletisme-record-de-france-du-marathon-pour-mekdes-woldu-a-barcelone\/#breadcrumb\"},\"inLanguage\":\"fr-FR\",\"potentialAction\":[{\"@type\":\"ReadAction\",\"target\":[\"https:\/\/dicodusport.fr\/blog\/athletisme-record-de-france-du-marathon-pour-mekdes-woldu-a-barcelone\/\"]}]},{\"@type\":\"ImageObject\",\"inLanguage\":\"fr-FR\",\"@id\":\"https:\/\/dicodusport.fr\/blog\/athletisme-record-de-france-du-marathon-pour-mekdes-woldu-a-barcelone\/#primaryimage\",\"url\":\"https:\/\/dicodusport.fr\/blog\/wp-content\/uploads\/2025\/03\/Athletisme-Record-de-France-du-marathon-pour-Mekdes-Woldu.png\",\"contentUrl\":\"https:\/\/dicodusport.fr\/blog\/wp-content\/uploads\/2025\/03\/Athletisme-Record-de-France-du-marathon-pour-Mekdes-Woldu.png\",\"width\":1200,\"height\":674,\"caption\":\"Athl\u00e9tisme - Record de France du marathon pour Mekdes Woldu\"},{\"@type\":\"BreadcrumbList\",\"@id\":\"https:\/\/dicodusport.fr\/blog\/athletisme-record-de-france-du-marathon-pour-mekdes-woldu-a-barcelone\/#breadcrumb\",\"itemListElement\":[{\"@type\":\"ListItem\",\"position\":1,\"name\":\"Accueil\",\"item\":\"https:\/\/dicodusport.fr\/blog\/\"},{\"@type\":\"ListItem\",\"position\":2,\"name\":\"Athl\u00e9tisme : Record de France du marathon pour Mekdes Woldu \u00e0 Barcelone\"}]},{\"@type\":\"WebSite\",\"@id\":\"https:\/\/dicodusport.fr\/blog\/#website\",\"url\":\"https:\/\/dicodusport.fr\/blog\/\",\"name\":\"Dicodusport\",\"description\":\"L&#039;encyclop\u00e9die de l&#039;actualit\u00e9 sportive\",\"publisher\":{\"@id\":\"https:\/\/dicodusport.fr\/blog\/#organization\"},\"potentialAction\":[{\"@type\":\"SearchAction\",\"target\":{\"@type\":\"EntryPoint\",\"urlTemplate\":\"https:\/\/dicodusport.fr\/blog\/?s={search_term_string}\"},\"query-input\":{\"@type\":\"PropertyValueSpecification\",\"valueRequired\":true,\"valueName\":\"search_term_string\"}}],\"inLanguage\":\"fr-FR\"},{\"@type\":\"NewsMediaOrganization\",\"@id\":\"https:\/\/dicodusport.fr\/blog\/#organization\",\"name\":\"Dicodusport\",\"url\":\"https:\/\/dicodusport.fr\/blog\/\",\"logo\":{\"@type\":\"ImageObject\",\"inLanguage\":\"fr-FR\",\"@id\":\"https:\/\/dicodusport.fr\/blog\/#\/schema\/logo\/image\/\",\"url\":\"https:\/\/dicodusport.fr\/blog\/wp-content\/uploads\/2020\/06\/cropped-LOGO-DICODUSPORT-2020-SANS-FOND-SANS-TEXTE.png\",\"contentUrl\":\"https:\/\/dicodusport.fr\/blog\/wp-content\/uploads\/2020\/06\/cropped-LOGO-DICODUSPORT-2020-SANS-FOND-SANS-TEXTE.png\",\"width\":512,\"height\":512,\"caption\":\"Dicodusport\"},\"image\":{\"@id\":\"https:\/\/dicodusport.fr\/blog\/#\/schema\/logo\/image\/\"},\"sameAs\":[\"https:\/\/www.facebook.com\/dicodusport\",\"https:\/\/x.com\/dicodusport\",\"https:\/\/www.instagram.com\/dicodusport\/\",\"https:\/\/www.youtube.com\/channel\/UC7V2KZ5sd3htJivAbA4ZG3w\"],\"description\":\"Dicodusport est l'encyclop\u00e9die de l'actualit\u00e9 sportive.\",\"email\":\"bonjour@dicodusport.fr\",\"legalName\":\"DICODUSPORT\",\"foundingDate\":\"2018-01-14\",\"vatID\":\"FR71834470973\",\"taxID\":\"83447097300043\",\"numberOfEmployees\":{\"@type\":\"QuantitativeValue\",\"minValue\":\"1\",\"maxValue\":\"10\"}},{\"@type\":\"Person\",\"@id\":\"https:\/\/dicodusport.fr\/blog\/#\/schema\/person\/d603dd7da31fb2b46c82b9835a77ec13\",\"name\":\"Etienne Goursaud\",\"image\":{\"@type\":\"ImageObject\",\"inLanguage\":\"fr-FR\",\"@id\":\"https:\/\/dicodusport.fr\/blog\/#\/schema\/person\/image\/\",\"url\":\"https:\/\/dicodusport.fr\/blog\/wp-content\/uploads\/2023\/12\/410122264_10231602061736049_5565839791558026645_n-150x150.jpg\",\"contentUrl\":\"https:\/\/dicodusport.fr\/blog\/wp-content\/uploads\/2023\/12\/410122264_10231602061736049_5565839791558026645_n-150x150.jpg\",\"caption\":\"Etienne Goursaud\"},\"description\":\"Journaliste et amoureux de sport. Ancien footballeur reconverti athl\u00e8te quand ses muscles le laissent tranquille. \u00c9lev\u00e9 \u00e0 la sauce des exploits de Thomas Voeckler en 2004, du dernier essai de l\u00e9gende de Eunice Barber \u00e0 la longueur lors des championnats du monde d'athl\u00e9tisme de 2003 mais aussi Zidane, Omeyer et Titou Lamaison.\",\"url\":\"https:\/\/dicodusport.fr\/blog\/author\/etienne-goursaud\/\"}]}<\/script>\n<!-- \/ Yoast SEO Premium plugin. -->","yoast_head_json":{"title":"Athl\u00e9tisme : Record de France du marathon pour Mekdes Woldu \u00e0 Barcelone","description":"ATHL\u00c9TISME - Mekdes Woldu s'est empar\u00e9 ce dimanche matin du record de France du marathon, avec un chrono de 2h23:13 \u00e0 Barcelone.","robots":{"index":"index","follow":"follow","max-snippet":"max-snippet:-1","max-image-preview":"max-image-preview:large","max-video-preview":"max-video-preview:-1"},"canonical":"https:\/\/dicodusport.fr\/blog\/athletisme-record-de-france-du-marathon-pour-mekdes-woldu-a-barcelone\/","og_locale":"fr_FR","og_type":"article","og_title":"Athl\u00e9tisme : Record de France du marathon pour Mekdes Woldu \u00e0 Barcelone","og_description":"ATHL\u00c9TISME - Mekdes Woldu s'est empar\u00e9 ce dimanche matin du record de France du marathon, avec un chrono de 2h23:13 \u00e0 Barcelone.","og_url":"https:\/\/dicodusport.fr\/blog\/athletisme-record-de-france-du-marathon-pour-mekdes-woldu-a-barcelone\/","og_site_name":"Dicodusport","article_publisher":"https:\/\/www.facebook.com\/dicodusport","article_published_time":"2025-03-16T10:08:55+00:00","article_modified_time":"2025-03-16T11:14:19+00:00","og_image":[{"width":1200,"height":674,"url":"https:\/\/dicodusport.fr\/blog\/wp-content\/uploads\/2025\/03\/Athletisme-Record-de-France-du-marathon-pour-Mekdes-Woldu.png","type":"image\/png"}],"author":"Etienne Goursaud","twitter_card":"summary_large_image","twitter_title":"Athl\u00e9tisme : Record de France du marathon pour Mekdes Woldu \u00e0 Barcelone","twitter_creator":"@dicodusport","twitter_site":"@dicodusport","schema":{"@context":"https:\/\/schema.org","@graph":[{"@type":"NewsArticle","@id":"https:\/\/dicodusport.fr\/blog\/athletisme-record-de-france-du-marathon-pour-mekdes-woldu-a-barcelone\/#article","isPartOf":{"@id":"https:\/\/dicodusport.fr\/blog\/athletisme-record-de-france-du-marathon-pour-mekdes-woldu-a-barcelone\/"},"author":{"name":"Etienne Goursaud","@id":"https:\/\/dicodusport.fr\/blog\/#\/schema\/person\/d603dd7da31fb2b46c82b9835a77ec13"},"headline":"Athl\u00e9tisme : Record de France du marathon pour Mekdes Woldu \u00e0 Barcelone","datePublished":"2025-03-16T10:08:55+00:00","dateModified":"2025-03-16T11:14:19+00:00","mainEntityOfPage":{"@id":"https:\/\/dicodusport.fr\/blog\/athletisme-record-de-france-du-marathon-pour-mekdes-woldu-a-barcelone\/"},"wordCount":351,"commentCount":0,"publisher":{"@id":"https:\/\/dicodusport.fr\/blog\/#organization"},"image":{"@id":"https:\/\/dicodusport.fr\/blog\/athletisme-record-de-france-du-marathon-pour-mekdes-woldu-a-barcelone\/#primaryimage"},"thumbnailUrl":"https:\/\/dicodusport.fr\/blog\/wp-content\/uploads\/2025\/03\/Athletisme-Record-de-France-du-marathon-pour-Mekdes-Woldu.png","keywords":["actu","Athl\u00e9tisme","br\u00e8ve","marathon","Record de France"],"articleSection":["Athl\u00e9tisme"],"inLanguage":"fr-FR","potentialAction":[{"@type":"CommentAction","name":"Comment","target":["https:\/\/dicodusport.fr\/blog\/athletisme-record-de-france-du-marathon-pour-mekdes-woldu-a-barcelone\/#respond"]}],"copyrightYear":"2025","copyrightHolder":{"@id":"https:\/\/dicodusport.fr\/blog\/#organization"}},{"@type":"WebPage","@id":"https:\/\/dicodusport.fr\/blog\/athletisme-record-de-france-du-marathon-pour-mekdes-woldu-a-barcelone\/","url":"https:\/\/dicodusport.fr\/blog\/athletisme-record-de-france-du-marathon-pour-mekdes-woldu-a-barcelone\/","name":"Athl\u00e9tisme : Record de France du marathon pour Mekdes Woldu \u00e0 Barcelone","isPartOf":{"@id":"https:\/\/dicodusport.fr\/blog\/#website"},"primaryImageOfPage":{"@id":"https:\/\/dicodusport.fr\/blog\/athletisme-record-de-france-du-marathon-pour-mekdes-woldu-a-barcelone\/#primaryimage"},"image":{"@id":"https:\/\/dicodusport.fr\/blog\/athletisme-record-de-france-du-marathon-pour-mekdes-woldu-a-barcelone\/#primaryimage"},"thumbnailUrl":"https:\/\/dicodusport.fr\/blog\/wp-content\/uploads\/2025\/03\/Athletisme-Record-de-France-du-marathon-pour-Mekdes-Woldu.png","datePublished":"2025-03-16T10:08:55+00:00","dateModified":"2025-03-16T11:14:19+00:00","description":"ATHL\u00c9TISME - Mekdes Woldu s'est empar\u00e9 ce dimanche matin du record de France du marathon, avec un chrono de 2h23:13 \u00e0 Barcelone.","breadcrumb":{"@id":"https:\/\/dicodusport.fr\/blog\/athletisme-record-de-france-du-marathon-pour-mekdes-woldu-a-barcelone\/#breadcrumb"},"inLanguage":"fr-FR","potentialAction":[{"@type":"ReadAction","target":["https:\/\/dicodusport.fr\/blog\/athletisme-record-de-france-du-marathon-pour-mekdes-woldu-a-barcelone\/"]}]},{"@type":"ImageObject","inLanguage":"fr-FR","@id":"https:\/\/dicodusport.fr\/blog\/athletisme-record-de-france-du-marathon-pour-mekdes-woldu-a-barcelone\/#primaryimage","url":"https:\/\/dicodusport.fr\/blog\/wp-content\/uploads\/2025\/03\/Athletisme-Record-de-France-du-marathon-pour-Mekdes-Woldu.png","contentUrl":"https:\/\/dicodusport.fr\/blog\/wp-content\/uploads\/2025\/03\/Athletisme-Record-de-France-du-marathon-pour-Mekdes-Woldu.png","width":1200,"height":674,"caption":"Athl\u00e9tisme - Record de France du marathon pour Mekdes Woldu"},{"@type":"BreadcrumbList","@id":"https:\/\/dicodusport.fr\/blog\/athletisme-record-de-france-du-marathon-pour-mekdes-woldu-a-barcelone\/#breadcrumb","itemListElement":[{"@type":"ListItem","position":1,"name":"Accueil","item":"https:\/\/dicodusport.fr\/blog\/"},{"@type":"ListItem","position":2,"name":"Athl\u00e9tisme : Record de France du marathon pour Mekdes Woldu \u00e0 Barcelone"}]},{"@type":"WebSite","@id":"https:\/\/dicodusport.fr\/blog\/#website","url":"https:\/\/dicodusport.fr\/blog\/","name":"Dicodusport","description":"L&#039;encyclop\u00e9die de l&#039;actualit\u00e9 sportive","publisher":{"@id":"https:\/\/dicodusport.fr\/blog\/#organization"},"potentialAction":[{"@type":"SearchAction","target":{"@type":"EntryPoint","urlTemplate":"https:\/\/dicodusport.fr\/blog\/?s={search_term_string}"},"query-input":{"@type":"PropertyValueSpecification","valueRequired":true,"valueName":"search_term_string"}}],"inLanguage":"fr-FR"},{"@type":"NewsMediaOrganization","@id":"https:\/\/dicodusport.fr\/blog\/#organization","name":"Dicodusport","url":"https:\/\/dicodusport.fr\/blog\/","logo":{"@type":"ImageObject","inLanguage":"fr-FR","@id":"https:\/\/dicodusport.fr\/blog\/#\/schema\/logo\/image\/","url":"https:\/\/dicodusport.fr\/blog\/wp-content\/uploads\/2020\/06\/cropped-LOGO-DICODUSPORT-2020-SANS-FOND-SANS-TEXTE.png","contentUrl":"https:\/\/dicodusport.fr\/blog\/wp-content\/uploads\/2020\/06\/cropped-LOGO-DICODUSPORT-2020-SANS-FOND-SANS-TEXTE.png","width":512,"height":512,"caption":"Dicodusport"},"image":{"@id":"https:\/\/dicodusport.fr\/blog\/#\/schema\/logo\/image\/"},"sameAs":["https:\/\/www.facebook.com\/dicodusport","https:\/\/x.com\/dicodusport","https:\/\/www.instagram.com\/dicodusport\/","https:\/\/www.youtube.com\/channel\/UC7V2KZ5sd3htJivAbA4ZG3w"],"description":"Dicodusport est l'encyclop\u00e9die de l'actualit\u00e9 sportive.","email":"bonjour@dicodusport.fr","legalName":"DICODUSPORT","foundingDate":"2018-01-14","vatID":"FR71834470973","taxID":"83447097300043","numberOfEmployees":{"@type":"QuantitativeValue","minValue":"1","maxValue":"10"}},{"@type":"Person","@id":"https:\/\/dicodusport.fr\/blog\/#\/schema\/person\/d603dd7da31fb2b46c82b9835a77ec13","name":"Etienne Goursaud","image":{"@type":"ImageObject","inLanguage":"fr-FR","@id":"https:\/\/dicodusport.fr\/blog\/#\/schema\/person\/image\/","url":"https:\/\/dicodusport.fr\/blog\/wp-content\/uploads\/2023\/12\/410122264_10231602061736049_5565839791558026645_n-150x150.jpg","contentUrl":"https:\/\/dicodusport.fr\/blog\/wp-content\/uploads\/2023\/12\/410122264_10231602061736049_5565839791558026645_n-150x150.jpg","caption":"Etienne Goursaud"},"description":"Journaliste et amoureux de sport. Ancien footballeur reconverti athl\u00e8te quand ses muscles le laissent tranquille. \u00c9lev\u00e9 \u00e0 la sauce des exploits de Thomas Voeckler en 2004, du dernier essai de l\u00e9gende de Eunice Barber \u00e0 la longueur lors des championnats du monde d'athl\u00e9tisme de 2003 mais aussi Zidane, Omeyer et Titou Lamaison.","url":"https:\/\/dicodusport.fr\/blog\/author\/etienne-goursaud\/"}]}},"_links":{"self":[{"href":"https:\/\/dicodusport.fr\/blog\/wp-json\/wp\/v2\/posts\/564840","targetHints":{"allow":["GET"]}}],"collection":[{"href":"https:\/\/dicodusport.fr\/blog\/wp-json\/wp\/v2\/posts"}],"about":[{"href":"https:\/\/dicodusport.fr\/blog\/wp-json\/wp\/v2\/types\/post"}],"author":[{"embeddable":true,"href":"https:\/\/dicodusport.fr\/blog\/wp-json\/wp\/v2\/users\/83"}],"replies":[{"embeddable":true,"href":"https:\/\/dicodusport.fr\/blog\/wp-json\/wp\/v2\/comments?post=564840"}],"version-history":[{"count":5,"href":"https:\/\/dicodusport.fr\/blog\/wp-json\/wp\/v2\/posts\/564840\/revisions"}],"predecessor-version":[{"id":564880,"href":"https:\/\/dicodusport.fr\/blog\/wp-json\/wp\/v2\/posts\/564840\/revisions\/564880"}],"wp:featuredmedia":[{"embeddable":true,"href":"https:\/\/dicodusport.fr\/blog\/wp-json\/wp\/v2\/media\/564842"}],"wp:attachment":[{"href":"https:\/\/dicodusport.fr\/blog\/wp-json\/wp\/v2\/media?parent=564840"}],"wp:term":[{"taxonomy":"category","embeddable":true,"href":"https:\/\/dicodusport.fr\/blog\/wp-json\/wp\/v2\/categories?post=564840"},{"taxonomy":"post_tag","embeddable":true,"href":"https:\/\/dicodusport.fr\/blog\/wp-json\/wp\/v2\/tags?post=564840"}],"curies":[{"name":"wp","href":"https:\/\/api.w.org\/{rel}","templated":true}]}}