{"id":565030,"date":"2025-03-16T18:02:32","date_gmt":"2025-03-16T17:02:32","guid":{"rendered":"https:\/\/dicodusport.fr\/blog\/?p=565030&#038;preview=true&#038;preview_id=565030"},"modified":"2025-03-16T23:08:57","modified_gmt":"2025-03-16T22:08:57","slug":"piste-nations-cup-2025-mathilde-gros-en-or-sur-le-keirin-trois-medailles-pour-la-france","status":"publish","type":"post","link":"https:\/\/dicodusport.fr\/blog\/piste-nations-cup-2025-mathilde-gros-en-or-sur-le-keirin-trois-medailles-pour-la-france\/","title":{"rendered":"Piste Nations Cup 2025 : Mathilde Gros en or sur le keirin, trois m\u00e9dailles pour la France"},"content":{"rendered":"<h4 style=\"text-align: justify;\"><em>UCI TRACK NATIONS CUP 2025 &#8211; Pour la premi\u00e8re manche de la comp\u00e9tition en Turquie, la d\u00e9l\u00e9gation fran\u00e7aise a ramen\u00e9 trois m\u00e9dailles, dont l&rsquo;or pour Mathilde Gros.<\/em><\/h4>\n<p style=\"text-align: justify;\"><a href=\"https:\/\/dicodusport.fr\/blog\/mondiaux-cyclisme-sur-piste-mathilde-gros-championne-du-monde-de-la-vitesse\/\"><strong>Championne du monde de la vitesse individuelle en 2022<\/strong><\/a>, <strong>Mathilde Gros<\/strong> a connu deux derni\u00e8res saisons bien compliqu\u00e9es. Avec, en point d&rsquo;orgue, son \u00e9chec aux Jeux Olympiques. Mais sa carri\u00e8re est tout sauf termin\u00e9e, et \u00e0 25 ans, il reste encore du temps pour enrichir son palmar\u00e8s. Elle \u00e9tait encore un des fers de lance de la d\u00e9l\u00e9gation fran\u00e7aise pour l&rsquo;ouverture de l&rsquo;UCI Track Nations Cup, \u00e0 Konya, en Turquie.<\/p>\n<h2 style=\"text-align: justify;\">Le retour de Mathilde Gros<\/h2>\n<p style=\"text-align: justify;\">Elle a bien failli se mettre en \u00e9vidence d\u00e8s la vitesse. Malheureusement, elle a c\u00e9d\u00e9 en quarts de finale contre l&rsquo;Italienne <strong>Miriam Vece<\/strong>, s&rsquo;inclinant \u00e0 la belle pour 7 milli\u00e8mes ! Mais lors du keirin, elle a sembl\u00e9 en jambes, se qualifiant pour la finale sans coup f\u00e9rir. C&rsquo;est l\u00e0 qu&rsquo;elle a frapp\u00e9 fort, produisant son effort \u00e0 la cloche, prenant la t\u00eate et \u00e9c\u0153urant quiconque tentait de revenir \u00e0 sa hauteur, et s&rsquo;imposant nettement devant<strong> <span class=\"searchmatch\">Veronika<\/span>\u00a0<\/strong><span class=\"searchmatch\"><strong>Jaborn\u00edkov\u00e1<\/strong> et nulle autre que la championne du monde en titre <strong>Mina Sato<\/strong>. Une tr\u00e8s belle performance, possiblement le d\u00e9but d&rsquo;une grande saison pour la Tricolore.\u00a0<\/span><\/p>\n<blockquote class=\"twitter-tweet\">\n<p dir=\"ltr\" lang=\"en\">Keirin brilliance from Mathilde Gros \ud83c\uddeb\ud83c\uddf7\ud83e\udd29<\/p>\n<p>The French rider delivered a spectacular performance and a powerful sprint to take gold \ud83e\udd47 in the Women\u2019s Keirin \ud83d\ude80\ud83d\udca8<a href=\"https:\/\/twitter.com\/hashtag\/TrackCycling?src=hash&amp;ref_src=twsrc%5Etfw\">#TrackCycling<\/a> <a href=\"https:\/\/t.co\/MhuiZI1GSf\">pic.twitter.com\/MhuiZI1GSf<\/a><\/p>\n<p>\u2014 UCI Track Cycling (@UCI_Track) <a href=\"https:\/\/twitter.com\/UCI_Track\/status\/1901305107276316918?ref_src=twsrc%5Etfw\">March 16, 2025<\/a><\/p><\/blockquote>\n<p style=\"text-align: justify;\"><script async src=\"https:\/\/platform.twitter.com\/widgets.js\" charset=\"utf-8\"><\/script><\/p>\n<p style=\"text-align: justify;\">Au final, la d\u00e9l\u00e9gation fran\u00e7aise sera rentr\u00e9e avec une m\u00e9daille de chaque m\u00e9tal. Et a bien failli faire le doubl\u00e9 sur le Keirin. <strong>S\u00e9bastien Vigier<\/strong> s&rsquo;est tranquillement hiss\u00e9 en finale sans passer par les rep\u00eachages, et a bien failli rafler la mise, mais s&rsquo;est inclin\u00e9 de 18 milli\u00e8mes contre <b>Muhammad Shah Firdaus bin Sahrom<\/b>. En vitesse, <strong>Rayan Helal<\/strong>, <a href=\"https:\/\/dicodusport.fr\/blog\/cyclisme-sur-piste-championnats-deurope-rayan-helal-prend-le-bronze-en-vitesse-individuelle\/\"><strong>en bronze aux Championnats d&rsquo;Europe le mois dernier<\/strong><\/a>, a connu la m\u00eame issue avec une d\u00e9faite logique en demies contre<strong> Matthew Richardson<\/strong> (qui a port\u00e9 le record du monde du 200 m\u00e8tres lanc\u00e9 \u00e0 <strong>9.041<\/strong>), il a ais\u00e9ment domin\u00e9 <strong>Leigh Hoffman<\/strong> pour monter sur le podium. Un bon d\u00e9but de comp\u00e9tition pour la piste tricolore, qui reste n\u00e9anmoins \u00e0 confirmer.<\/p>\n","protected":false},"excerpt":{"rendered":"<p>UCI TRACK NATIONS CUP 2025 &#8211; Pour la premi\u00e8re manche de la comp\u00e9tition en Turquie, la d\u00e9l\u00e9gation fran\u00e7aise a ramen\u00e9 trois m\u00e9dailles, dont l&rsquo;or pour Mathilde Gros.<\/p>\n","protected":false},"author":59,"featured_media":565063,"comment_status":"open","ping_status":"closed","sticky":false,"template":"","format":"standard","meta":{"_acf_changed":false,"_daextam_enable_autolinks":"1","footnotes":""},"categories":[14089],"tags":[32415,16878,1664,1721,19998,2181],"class_list":["post-565030","post","type-post","status-publish","format-standard","has-post-thumbnail","hentry","category-cyclisme-sur-piste","tag-actu","tag-breve","tag-cyclisme-sur-piste","tag-mathilde-gros","tag-rayan-helal","tag-sebastien-vigier"],"acf":[],"yoast_head":"<!-- This site is optimized with the Yoast SEO Premium plugin v26.7 (Yoast SEO v26.7) - https:\/\/yoast.com\/wordpress\/plugins\/seo\/ -->\n<title>Piste Nations Cup 2025 : Mathilde Gros en or sur le keirin, trois m\u00e9dailles pour la France<\/title>\n<meta name=\"description\" content=\"UCI TRACK NATIONS CUP 2025 - la d\u00e9l\u00e9gation fran\u00e7aise a ramen\u00e9 trois m\u00e9dailles, dont l&#039;or pour Mathilde Gros.\" \/>\n<meta name=\"robots\" content=\"index, follow, max-snippet:-1, max-image-preview:large, max-video-preview:-1\" \/>\n<link rel=\"canonical\" href=\"https:\/\/dicodusport.fr\/blog\/piste-nations-cup-2025-mathilde-gros-en-or-sur-le-keirin-trois-medailles-pour-la-france\/\" \/>\n<meta property=\"og:locale\" content=\"fr_FR\" \/>\n<meta property=\"og:type\" content=\"article\" \/>\n<meta property=\"og:title\" content=\"Piste Nations Cup 2025 : Mathilde Gros en or sur le keirin, trois m\u00e9dailles pour la France\" \/>\n<meta property=\"og:description\" content=\"UCI TRACK NATIONS CUP 2025 - la d\u00e9l\u00e9gation fran\u00e7aise a ramen\u00e9 trois m\u00e9dailles, dont l&#039;or pour Mathilde Gros.\" \/>\n<meta property=\"og:url\" content=\"https:\/\/dicodusport.fr\/blog\/piste-nations-cup-2025-mathilde-gros-en-or-sur-le-keirin-trois-medailles-pour-la-france\/\" \/>\n<meta property=\"og:site_name\" content=\"Dicodusport\" \/>\n<meta property=\"article:publisher\" content=\"https:\/\/www.facebook.com\/dicodusport\" \/>\n<meta property=\"article:author\" content=\"https:\/\/www.facebook.com\/sebastien.gente\/\" \/>\n<meta property=\"article:published_time\" content=\"2025-03-16T17:02:32+00:00\" \/>\n<meta property=\"article:modified_time\" content=\"2025-03-16T22:08:57+00:00\" \/>\n<meta property=\"og:image\" content=\"https:\/\/dicodusport.fr\/blog\/wp-content\/uploads\/2025\/03\/Piste-Nations-Cup-2025-Mathilde-Gros-en-or-sur-le-keirin-trois-medailles-pour-la-France-1.png\" \/>\n\t<meta property=\"og:image:width\" content=\"1200\" \/>\n\t<meta property=\"og:image:height\" content=\"674\" \/>\n\t<meta property=\"og:image:type\" content=\"image\/png\" \/>\n<meta name=\"author\" content=\"S\u00e9bastien Gente\" \/>\n<meta name=\"twitter:card\" content=\"summary_large_image\" \/>\n<meta name=\"twitter:title\" content=\"Piste Nations Cup 2025 : Mathilde Gros en or sur le keirin, trois m\u00e9dailles pour la France\" \/>\n<meta name=\"twitter:creator\" content=\"@https:\/\/twitter.com\/globulo24\" \/>\n<meta name=\"twitter:site\" content=\"@dicodusport\" \/>\n<script type=\"application\/ld+json\" class=\"yoast-schema-graph\">{\"@context\":\"https:\/\/schema.org\",\"@graph\":[{\"@type\":\"NewsArticle\",\"@id\":\"https:\/\/dicodusport.fr\/blog\/piste-nations-cup-2025-mathilde-gros-en-or-sur-le-keirin-trois-medailles-pour-la-france\/#article\",\"isPartOf\":{\"@id\":\"https:\/\/dicodusport.fr\/blog\/piste-nations-cup-2025-mathilde-gros-en-or-sur-le-keirin-trois-medailles-pour-la-france\/\"},\"author\":{\"name\":\"S\u00e9bastien Gente\",\"@id\":\"https:\/\/dicodusport.fr\/blog\/#\/schema\/person\/627966a6cde45dbd8c5e36ac85d783da\"},\"headline\":\"Piste Nations Cup 2025 : Mathilde Gros en or sur le keirin, trois m\u00e9dailles pour la France\",\"datePublished\":\"2025-03-16T17:02:32+00:00\",\"dateModified\":\"2025-03-16T22:08:57+00:00\",\"mainEntityOfPage\":{\"@id\":\"https:\/\/dicodusport.fr\/blog\/piste-nations-cup-2025-mathilde-gros-en-or-sur-le-keirin-trois-medailles-pour-la-france\/\"},\"wordCount\":412,\"commentCount\":0,\"publisher\":{\"@id\":\"https:\/\/dicodusport.fr\/blog\/#organization\"},\"image\":{\"@id\":\"https:\/\/dicodusport.fr\/blog\/piste-nations-cup-2025-mathilde-gros-en-or-sur-le-keirin-trois-medailles-pour-la-france\/#primaryimage\"},\"thumbnailUrl\":\"https:\/\/dicodusport.fr\/blog\/wp-content\/uploads\/2025\/03\/Piste-Nations-Cup-2025-Mathilde-Gros-en-or-sur-le-keirin-trois-medailles-pour-la-France-1.png\",\"keywords\":[\"actu\",\"br\u00e8ve\",\"cyclisme sur piste\",\"Mathilde Gros\",\"Rayan Helal\",\"S\u00e9bastien Vigier\"],\"articleSection\":[\"Cyclisme sur piste\"],\"inLanguage\":\"fr-FR\",\"potentialAction\":[{\"@type\":\"CommentAction\",\"name\":\"Comment\",\"target\":[\"https:\/\/dicodusport.fr\/blog\/piste-nations-cup-2025-mathilde-gros-en-or-sur-le-keirin-trois-medailles-pour-la-france\/#respond\"]}],\"copyrightYear\":\"2025\",\"copyrightHolder\":{\"@id\":\"https:\/\/dicodusport.fr\/blog\/#organization\"}},{\"@type\":\"WebPage\",\"@id\":\"https:\/\/dicodusport.fr\/blog\/piste-nations-cup-2025-mathilde-gros-en-or-sur-le-keirin-trois-medailles-pour-la-france\/\",\"url\":\"https:\/\/dicodusport.fr\/blog\/piste-nations-cup-2025-mathilde-gros-en-or-sur-le-keirin-trois-medailles-pour-la-france\/\",\"name\":\"Piste Nations Cup 2025 : Mathilde Gros en or sur le keirin, trois m\u00e9dailles pour la France\",\"isPartOf\":{\"@id\":\"https:\/\/dicodusport.fr\/blog\/#website\"},\"primaryImageOfPage\":{\"@id\":\"https:\/\/dicodusport.fr\/blog\/piste-nations-cup-2025-mathilde-gros-en-or-sur-le-keirin-trois-medailles-pour-la-france\/#primaryimage\"},\"image\":{\"@id\":\"https:\/\/dicodusport.fr\/blog\/piste-nations-cup-2025-mathilde-gros-en-or-sur-le-keirin-trois-medailles-pour-la-france\/#primaryimage\"},\"thumbnailUrl\":\"https:\/\/dicodusport.fr\/blog\/wp-content\/uploads\/2025\/03\/Piste-Nations-Cup-2025-Mathilde-Gros-en-or-sur-le-keirin-trois-medailles-pour-la-France-1.png\",\"datePublished\":\"2025-03-16T17:02:32+00:00\",\"dateModified\":\"2025-03-16T22:08:57+00:00\",\"description\":\"UCI TRACK NATIONS CUP 2025 - la d\u00e9l\u00e9gation fran\u00e7aise a ramen\u00e9 trois m\u00e9dailles, dont l'or pour Mathilde Gros.\",\"breadcrumb\":{\"@id\":\"https:\/\/dicodusport.fr\/blog\/piste-nations-cup-2025-mathilde-gros-en-or-sur-le-keirin-trois-medailles-pour-la-france\/#breadcrumb\"},\"inLanguage\":\"fr-FR\",\"potentialAction\":[{\"@type\":\"ReadAction\",\"target\":[\"https:\/\/dicodusport.fr\/blog\/piste-nations-cup-2025-mathilde-gros-en-or-sur-le-keirin-trois-medailles-pour-la-france\/\"]}]},{\"@type\":\"ImageObject\",\"inLanguage\":\"fr-FR\",\"@id\":\"https:\/\/dicodusport.fr\/blog\/piste-nations-cup-2025-mathilde-gros-en-or-sur-le-keirin-trois-medailles-pour-la-france\/#primaryimage\",\"url\":\"https:\/\/dicodusport.fr\/blog\/wp-content\/uploads\/2025\/03\/Piste-Nations-Cup-2025-Mathilde-Gros-en-or-sur-le-keirin-trois-medailles-pour-la-France-1.png\",\"contentUrl\":\"https:\/\/dicodusport.fr\/blog\/wp-content\/uploads\/2025\/03\/Piste-Nations-Cup-2025-Mathilde-Gros-en-or-sur-le-keirin-trois-medailles-pour-la-France-1.png\",\"width\":1200,\"height\":674,\"caption\":\"Piste Nations Cup 2025 Mathilde Gros en or sur le keirin, trois m\u00e9dailles pour la France\"},{\"@type\":\"BreadcrumbList\",\"@id\":\"https:\/\/dicodusport.fr\/blog\/piste-nations-cup-2025-mathilde-gros-en-or-sur-le-keirin-trois-medailles-pour-la-france\/#breadcrumb\",\"itemListElement\":[{\"@type\":\"ListItem\",\"position\":1,\"name\":\"Accueil\",\"item\":\"https:\/\/dicodusport.fr\/blog\/\"},{\"@type\":\"ListItem\",\"position\":2,\"name\":\"Piste Nations Cup 2025 : Mathilde Gros en or sur le keirin, trois m\u00e9dailles pour la France\"}]},{\"@type\":\"WebSite\",\"@id\":\"https:\/\/dicodusport.fr\/blog\/#website\",\"url\":\"https:\/\/dicodusport.fr\/blog\/\",\"name\":\"Dicodusport\",\"description\":\"L&#039;encyclop\u00e9die de l&#039;actualit\u00e9 sportive\",\"publisher\":{\"@id\":\"https:\/\/dicodusport.fr\/blog\/#organization\"},\"potentialAction\":[{\"@type\":\"SearchAction\",\"target\":{\"@type\":\"EntryPoint\",\"urlTemplate\":\"https:\/\/dicodusport.fr\/blog\/?s={search_term_string}\"},\"query-input\":{\"@type\":\"PropertyValueSpecification\",\"valueRequired\":true,\"valueName\":\"search_term_string\"}}],\"inLanguage\":\"fr-FR\"},{\"@type\":\"NewsMediaOrganization\",\"@id\":\"https:\/\/dicodusport.fr\/blog\/#organization\",\"name\":\"Dicodusport\",\"url\":\"https:\/\/dicodusport.fr\/blog\/\",\"logo\":{\"@type\":\"ImageObject\",\"inLanguage\":\"fr-FR\",\"@id\":\"https:\/\/dicodusport.fr\/blog\/#\/schema\/logo\/image\/\",\"url\":\"https:\/\/dicodusport.fr\/blog\/wp-content\/uploads\/2020\/06\/cropped-LOGO-DICODUSPORT-2020-SANS-FOND-SANS-TEXTE.png\",\"contentUrl\":\"https:\/\/dicodusport.fr\/blog\/wp-content\/uploads\/2020\/06\/cropped-LOGO-DICODUSPORT-2020-SANS-FOND-SANS-TEXTE.png\",\"width\":512,\"height\":512,\"caption\":\"Dicodusport\"},\"image\":{\"@id\":\"https:\/\/dicodusport.fr\/blog\/#\/schema\/logo\/image\/\"},\"sameAs\":[\"https:\/\/www.facebook.com\/dicodusport\",\"https:\/\/x.com\/dicodusport\",\"https:\/\/www.instagram.com\/dicodusport\/\",\"https:\/\/www.youtube.com\/channel\/UC7V2KZ5sd3htJivAbA4ZG3w\"],\"description\":\"Dicodusport est l'encyclop\u00e9die de l'actualit\u00e9 sportive.\",\"email\":\"bonjour@dicodusport.fr\",\"legalName\":\"DICODUSPORT\",\"foundingDate\":\"2018-01-14\",\"vatID\":\"FR71834470973\",\"taxID\":\"83447097300043\",\"numberOfEmployees\":{\"@type\":\"QuantitativeValue\",\"minValue\":\"1\",\"maxValue\":\"10\"}},{\"@type\":\"Person\",\"@id\":\"https:\/\/dicodusport.fr\/blog\/#\/schema\/person\/627966a6cde45dbd8c5e36ac85d783da\",\"name\":\"S\u00e9bastien Gente\",\"image\":{\"@type\":\"ImageObject\",\"inLanguage\":\"fr-FR\",\"@id\":\"https:\/\/dicodusport.fr\/blog\/#\/schema\/person\/image\/\",\"url\":\"https:\/\/dicodusport.fr\/blog\/wp-content\/uploads\/2021\/09\/1510990_10205810251400683_4124423575079401707_n-150x150.jpg\",\"contentUrl\":\"https:\/\/dicodusport.fr\/blog\/wp-content\/uploads\/2021\/09\/1510990_10205810251400683_4124423575079401707_n-150x150.jpg\",\"caption\":\"S\u00e9bastien Gente\"},\"description\":\"John Stockton, Gianni Bugno, Zinedine Zidane, Steffi Graf, Frode Andresen, St\u00e9phane Stoecklin, Davis Kamoga, Primoz Peterka, Werner Schlager et Aur\u00e9lien Rougerie. Point commun entre ces sportifs? Ils m'ont fait r\u00eaver et ont berc\u00e9 mon adolescence. Je suis un fondu de sports et j'essaie de retranscrire ma passion \u00e0 travers mes articles. Originaire du P\u00e9rigord, ma passion pour les Girondins, les Jaunards et les Jazzmen transpire dans mes \u00e9crits. \u00c0 Dicodusport depuis 2021, je d\u00e9niche les sports m\u00e9connus dans lesquels la France brille, et il y en a !\",\"sameAs\":[\"https:\/\/www.facebook.com\/sebastien.gente\/\",\"https:\/\/www.instagram.com\/sebgente\/\",\"https:\/\/www.linkedin.com\/in\/sbastien-gente-a29583169\/\",\"https:\/\/x.com\/https:\/\/twitter.com\/globulo24\",\"SebastienGente\"],\"worksFor\":\"S\u00e9bastien GENTE\",\"url\":\"https:\/\/dicodusport.fr\/blog\/author\/sebastiengente\/\"}]}<\/script>\n<!-- \/ Yoast SEO Premium plugin. -->","yoast_head_json":{"title":"Piste Nations Cup 2025 : Mathilde Gros en or sur le keirin, trois m\u00e9dailles pour la France","description":"UCI TRACK NATIONS CUP 2025 - la d\u00e9l\u00e9gation fran\u00e7aise a ramen\u00e9 trois m\u00e9dailles, dont l'or pour Mathilde Gros.","robots":{"index":"index","follow":"follow","max-snippet":"max-snippet:-1","max-image-preview":"max-image-preview:large","max-video-preview":"max-video-preview:-1"},"canonical":"https:\/\/dicodusport.fr\/blog\/piste-nations-cup-2025-mathilde-gros-en-or-sur-le-keirin-trois-medailles-pour-la-france\/","og_locale":"fr_FR","og_type":"article","og_title":"Piste Nations Cup 2025 : Mathilde Gros en or sur le keirin, trois m\u00e9dailles pour la France","og_description":"UCI TRACK NATIONS CUP 2025 - la d\u00e9l\u00e9gation fran\u00e7aise a ramen\u00e9 trois m\u00e9dailles, dont l'or pour Mathilde Gros.","og_url":"https:\/\/dicodusport.fr\/blog\/piste-nations-cup-2025-mathilde-gros-en-or-sur-le-keirin-trois-medailles-pour-la-france\/","og_site_name":"Dicodusport","article_publisher":"https:\/\/www.facebook.com\/dicodusport","article_author":"https:\/\/www.facebook.com\/sebastien.gente\/","article_published_time":"2025-03-16T17:02:32+00:00","article_modified_time":"2025-03-16T22:08:57+00:00","og_image":[{"width":1200,"height":674,"url":"https:\/\/dicodusport.fr\/blog\/wp-content\/uploads\/2025\/03\/Piste-Nations-Cup-2025-Mathilde-Gros-en-or-sur-le-keirin-trois-medailles-pour-la-France-1.png","type":"image\/png"}],"author":"S\u00e9bastien Gente","twitter_card":"summary_large_image","twitter_title":"Piste Nations Cup 2025 : Mathilde Gros en or sur le keirin, trois m\u00e9dailles pour la France","twitter_creator":"@https:\/\/twitter.com\/globulo24","twitter_site":"@dicodusport","schema":{"@context":"https:\/\/schema.org","@graph":[{"@type":"NewsArticle","@id":"https:\/\/dicodusport.fr\/blog\/piste-nations-cup-2025-mathilde-gros-en-or-sur-le-keirin-trois-medailles-pour-la-france\/#article","isPartOf":{"@id":"https:\/\/dicodusport.fr\/blog\/piste-nations-cup-2025-mathilde-gros-en-or-sur-le-keirin-trois-medailles-pour-la-france\/"},"author":{"name":"S\u00e9bastien Gente","@id":"https:\/\/dicodusport.fr\/blog\/#\/schema\/person\/627966a6cde45dbd8c5e36ac85d783da"},"headline":"Piste Nations Cup 2025 : Mathilde Gros en or sur le keirin, trois m\u00e9dailles pour la France","datePublished":"2025-03-16T17:02:32+00:00","dateModified":"2025-03-16T22:08:57+00:00","mainEntityOfPage":{"@id":"https:\/\/dicodusport.fr\/blog\/piste-nations-cup-2025-mathilde-gros-en-or-sur-le-keirin-trois-medailles-pour-la-france\/"},"wordCount":412,"commentCount":0,"publisher":{"@id":"https:\/\/dicodusport.fr\/blog\/#organization"},"image":{"@id":"https:\/\/dicodusport.fr\/blog\/piste-nations-cup-2025-mathilde-gros-en-or-sur-le-keirin-trois-medailles-pour-la-france\/#primaryimage"},"thumbnailUrl":"https:\/\/dicodusport.fr\/blog\/wp-content\/uploads\/2025\/03\/Piste-Nations-Cup-2025-Mathilde-Gros-en-or-sur-le-keirin-trois-medailles-pour-la-France-1.png","keywords":["actu","br\u00e8ve","cyclisme sur piste","Mathilde Gros","Rayan Helal","S\u00e9bastien Vigier"],"articleSection":["Cyclisme sur piste"],"inLanguage":"fr-FR","potentialAction":[{"@type":"CommentAction","name":"Comment","target":["https:\/\/dicodusport.fr\/blog\/piste-nations-cup-2025-mathilde-gros-en-or-sur-le-keirin-trois-medailles-pour-la-france\/#respond"]}],"copyrightYear":"2025","copyrightHolder":{"@id":"https:\/\/dicodusport.fr\/blog\/#organization"}},{"@type":"WebPage","@id":"https:\/\/dicodusport.fr\/blog\/piste-nations-cup-2025-mathilde-gros-en-or-sur-le-keirin-trois-medailles-pour-la-france\/","url":"https:\/\/dicodusport.fr\/blog\/piste-nations-cup-2025-mathilde-gros-en-or-sur-le-keirin-trois-medailles-pour-la-france\/","name":"Piste Nations Cup 2025 : Mathilde Gros en or sur le keirin, trois m\u00e9dailles pour la France","isPartOf":{"@id":"https:\/\/dicodusport.fr\/blog\/#website"},"primaryImageOfPage":{"@id":"https:\/\/dicodusport.fr\/blog\/piste-nations-cup-2025-mathilde-gros-en-or-sur-le-keirin-trois-medailles-pour-la-france\/#primaryimage"},"image":{"@id":"https:\/\/dicodusport.fr\/blog\/piste-nations-cup-2025-mathilde-gros-en-or-sur-le-keirin-trois-medailles-pour-la-france\/#primaryimage"},"thumbnailUrl":"https:\/\/dicodusport.fr\/blog\/wp-content\/uploads\/2025\/03\/Piste-Nations-Cup-2025-Mathilde-Gros-en-or-sur-le-keirin-trois-medailles-pour-la-France-1.png","datePublished":"2025-03-16T17:02:32+00:00","dateModified":"2025-03-16T22:08:57+00:00","description":"UCI TRACK NATIONS CUP 2025 - la d\u00e9l\u00e9gation fran\u00e7aise a ramen\u00e9 trois m\u00e9dailles, dont l'or pour Mathilde Gros.","breadcrumb":{"@id":"https:\/\/dicodusport.fr\/blog\/piste-nations-cup-2025-mathilde-gros-en-or-sur-le-keirin-trois-medailles-pour-la-france\/#breadcrumb"},"inLanguage":"fr-FR","potentialAction":[{"@type":"ReadAction","target":["https:\/\/dicodusport.fr\/blog\/piste-nations-cup-2025-mathilde-gros-en-or-sur-le-keirin-trois-medailles-pour-la-france\/"]}]},{"@type":"ImageObject","inLanguage":"fr-FR","@id":"https:\/\/dicodusport.fr\/blog\/piste-nations-cup-2025-mathilde-gros-en-or-sur-le-keirin-trois-medailles-pour-la-france\/#primaryimage","url":"https:\/\/dicodusport.fr\/blog\/wp-content\/uploads\/2025\/03\/Piste-Nations-Cup-2025-Mathilde-Gros-en-or-sur-le-keirin-trois-medailles-pour-la-France-1.png","contentUrl":"https:\/\/dicodusport.fr\/blog\/wp-content\/uploads\/2025\/03\/Piste-Nations-Cup-2025-Mathilde-Gros-en-or-sur-le-keirin-trois-medailles-pour-la-France-1.png","width":1200,"height":674,"caption":"Piste Nations Cup 2025 Mathilde Gros en or sur le keirin, trois m\u00e9dailles pour la France"},{"@type":"BreadcrumbList","@id":"https:\/\/dicodusport.fr\/blog\/piste-nations-cup-2025-mathilde-gros-en-or-sur-le-keirin-trois-medailles-pour-la-france\/#breadcrumb","itemListElement":[{"@type":"ListItem","position":1,"name":"Accueil","item":"https:\/\/dicodusport.fr\/blog\/"},{"@type":"ListItem","position":2,"name":"Piste Nations Cup 2025 : Mathilde Gros en or sur le keirin, trois m\u00e9dailles pour la France"}]},{"@type":"WebSite","@id":"https:\/\/dicodusport.fr\/blog\/#website","url":"https:\/\/dicodusport.fr\/blog\/","name":"Dicodusport","description":"L&#039;encyclop\u00e9die de l&#039;actualit\u00e9 sportive","publisher":{"@id":"https:\/\/dicodusport.fr\/blog\/#organization"},"potentialAction":[{"@type":"SearchAction","target":{"@type":"EntryPoint","urlTemplate":"https:\/\/dicodusport.fr\/blog\/?s={search_term_string}"},"query-input":{"@type":"PropertyValueSpecification","valueRequired":true,"valueName":"search_term_string"}}],"inLanguage":"fr-FR"},{"@type":"NewsMediaOrganization","@id":"https:\/\/dicodusport.fr\/blog\/#organization","name":"Dicodusport","url":"https:\/\/dicodusport.fr\/blog\/","logo":{"@type":"ImageObject","inLanguage":"fr-FR","@id":"https:\/\/dicodusport.fr\/blog\/#\/schema\/logo\/image\/","url":"https:\/\/dicodusport.fr\/blog\/wp-content\/uploads\/2020\/06\/cropped-LOGO-DICODUSPORT-2020-SANS-FOND-SANS-TEXTE.png","contentUrl":"https:\/\/dicodusport.fr\/blog\/wp-content\/uploads\/2020\/06\/cropped-LOGO-DICODUSPORT-2020-SANS-FOND-SANS-TEXTE.png","width":512,"height":512,"caption":"Dicodusport"},"image":{"@id":"https:\/\/dicodusport.fr\/blog\/#\/schema\/logo\/image\/"},"sameAs":["https:\/\/www.facebook.com\/dicodusport","https:\/\/x.com\/dicodusport","https:\/\/www.instagram.com\/dicodusport\/","https:\/\/www.youtube.com\/channel\/UC7V2KZ5sd3htJivAbA4ZG3w"],"description":"Dicodusport est l'encyclop\u00e9die de l'actualit\u00e9 sportive.","email":"bonjour@dicodusport.fr","legalName":"DICODUSPORT","foundingDate":"2018-01-14","vatID":"FR71834470973","taxID":"83447097300043","numberOfEmployees":{"@type":"QuantitativeValue","minValue":"1","maxValue":"10"}},{"@type":"Person","@id":"https:\/\/dicodusport.fr\/blog\/#\/schema\/person\/627966a6cde45dbd8c5e36ac85d783da","name":"S\u00e9bastien Gente","image":{"@type":"ImageObject","inLanguage":"fr-FR","@id":"https:\/\/dicodusport.fr\/blog\/#\/schema\/person\/image\/","url":"https:\/\/dicodusport.fr\/blog\/wp-content\/uploads\/2021\/09\/1510990_10205810251400683_4124423575079401707_n-150x150.jpg","contentUrl":"https:\/\/dicodusport.fr\/blog\/wp-content\/uploads\/2021\/09\/1510990_10205810251400683_4124423575079401707_n-150x150.jpg","caption":"S\u00e9bastien Gente"},"description":"John Stockton, Gianni Bugno, Zinedine Zidane, Steffi Graf, Frode Andresen, St\u00e9phane Stoecklin, Davis Kamoga, Primoz Peterka, Werner Schlager et Aur\u00e9lien Rougerie. Point commun entre ces sportifs? Ils m'ont fait r\u00eaver et ont berc\u00e9 mon adolescence. Je suis un fondu de sports et j'essaie de retranscrire ma passion \u00e0 travers mes articles. Originaire du P\u00e9rigord, ma passion pour les Girondins, les Jaunards et les Jazzmen transpire dans mes \u00e9crits. \u00c0 Dicodusport depuis 2021, je d\u00e9niche les sports m\u00e9connus dans lesquels la France brille, et il y en a !","sameAs":["https:\/\/www.facebook.com\/sebastien.gente\/","https:\/\/www.instagram.com\/sebgente\/","https:\/\/www.linkedin.com\/in\/sbastien-gente-a29583169\/","https:\/\/x.com\/https:\/\/twitter.com\/globulo24","SebastienGente"],"worksFor":"S\u00e9bastien GENTE","url":"https:\/\/dicodusport.fr\/blog\/author\/sebastiengente\/"}]}},"_links":{"self":[{"href":"https:\/\/dicodusport.fr\/blog\/wp-json\/wp\/v2\/posts\/565030","targetHints":{"allow":["GET"]}}],"collection":[{"href":"https:\/\/dicodusport.fr\/blog\/wp-json\/wp\/v2\/posts"}],"about":[{"href":"https:\/\/dicodusport.fr\/blog\/wp-json\/wp\/v2\/types\/post"}],"author":[{"embeddable":true,"href":"https:\/\/dicodusport.fr\/blog\/wp-json\/wp\/v2\/users\/59"}],"replies":[{"embeddable":true,"href":"https:\/\/dicodusport.fr\/blog\/wp-json\/wp\/v2\/comments?post=565030"}],"version-history":[{"count":3,"href":"https:\/\/dicodusport.fr\/blog\/wp-json\/wp\/v2\/posts\/565030\/revisions"}],"predecessor-version":[{"id":565126,"href":"https:\/\/dicodusport.fr\/blog\/wp-json\/wp\/v2\/posts\/565030\/revisions\/565126"}],"wp:featuredmedia":[{"embeddable":true,"href":"https:\/\/dicodusport.fr\/blog\/wp-json\/wp\/v2\/media\/565063"}],"wp:attachment":[{"href":"https:\/\/dicodusport.fr\/blog\/wp-json\/wp\/v2\/media?parent=565030"}],"wp:term":[{"taxonomy":"category","embeddable":true,"href":"https:\/\/dicodusport.fr\/blog\/wp-json\/wp\/v2\/categories?post=565030"},{"taxonomy":"post_tag","embeddable":true,"href":"https:\/\/dicodusport.fr\/blog\/wp-json\/wp\/v2\/tags?post=565030"}],"curies":[{"name":"wp","href":"https:\/\/api.w.org\/{rel}","templated":true}]}}