{"id":565339,"date":"2025-03-18T21:18:16","date_gmt":"2025-03-18T20:18:16","guid":{"rendered":"https:\/\/dicodusport.fr\/blog\/?p=565339&#038;preview=true&#038;preview_id=565339"},"modified":"2025-03-18T21:18:16","modified_gmt":"2025-03-18T20:18:16","slug":"ski-freestyle-tess-ledeux-declare-forfait-pour-les-mondiaux-en-suisse","status":"publish","type":"post","link":"https:\/\/dicodusport.fr\/blog\/ski-freestyle-tess-ledeux-declare-forfait-pour-les-mondiaux-en-suisse\/","title":{"rendered":"Ski freestyle : Tess Ledeux d\u00e9clare forfait pour les Mondiaux en Suisse"},"content":{"rendered":"<h4 style=\"text-align: justify;\"><em>CHAMPIONNATS DU MONDE DE SKI FREESTYLE 2025 &#8211; On le craignait, c&rsquo;est officiel : Tess Ledeux, apr\u00e8s sa lourde chute \u00e0 Tignes, ne pourra pas concourir aux Mondiaux.\u00a0<\/em><\/h4>\n<p style=\"text-align: justify;\"><strong>Tess Ledeux<\/strong> avait connu son lot de sensations pour la cl\u00f4ture de la Coupe du monde \u00e0 Tignes la semaine derni\u00e8re. Elle avait d\u00e9croch\u00e9 <a href=\"https:\/\/dicodusport.fr\/blog\/ski-freestyle-tignes-tess-ledeux-decroche-le-petit-globe-en-slopestyle\/\"><strong>le petit globe du Slopestyle<\/strong><\/a>, r\u00e9compense d&rsquo;une belle saison, mais au lendemain d&rsquo;une \u00e9norme chute sur l&rsquo;\u00e9preuve de Big Air. Et d\u00e8s lors, les craintes \u00e9taient r\u00e9elles de la voir devoir renoncer aux Mondiaux d&rsquo;Engadin, le grand objectif de sa saison.<\/p>\n<div class=\"vlp-link-container vlp-layout-article\"><a href=\"https:\/\/dicodusport.fr\/blog\/ski-freestyle-tignes-une-grosse-chute-entache-la-belle-2eme-place-de-tess-ledeux-en-big-air\/\" class=\"vlp-link\" title=\"Ski freestyle Tignes : Une grosse chute entache la belle 2\u00e8me place de Tess Ledeux en big air\"><\/a><div class=\"vlp-layout-zone-side\"><div class=\"vlp-block-4 vlp-link-image\"><img loading=\"lazy\" decoding=\"async\" style=\"max-width: 792px;\" width=\"792\" height=\"445\" src=\"https:\/\/dicodusport.fr\/blog\/wp-content\/uploads\/2025\/03\/Ski-freestyle-Tignes-Une-grosse-chute-entache-la-belle-2eme-place-de-Tess-Ledeux-en-big-air.png\" class=\"attachment-800x445 size-800x445\" alt=\"Ski freestyle Tignes : Une grosse chute entache la belle 2\u00e8me place de Tess Ledeux en big air\" srcset=\"https:\/\/dicodusport.fr\/blog\/wp-content\/uploads\/2025\/03\/Ski-freestyle-Tignes-Une-grosse-chute-entache-la-belle-2eme-place-de-Tess-Ledeux-en-big-air.png 1200w, https:\/\/dicodusport.fr\/blog\/wp-content\/uploads\/2025\/03\/Ski-freestyle-Tignes-Une-grosse-chute-entache-la-belle-2eme-place-de-Tess-Ledeux-en-big-air-300x169.png 300w, https:\/\/dicodusport.fr\/blog\/wp-content\/uploads\/2025\/03\/Ski-freestyle-Tignes-Une-grosse-chute-entache-la-belle-2eme-place-de-Tess-Ledeux-en-big-air-1024x575.png 1024w, https:\/\/dicodusport.fr\/blog\/wp-content\/uploads\/2025\/03\/Ski-freestyle-Tignes-Une-grosse-chute-entache-la-belle-2eme-place-de-Tess-Ledeux-en-big-air-768x431.png 768w\" sizes=\"auto, (max-width: 792px) 100vw, 792px\" \/><\/div><\/div><div class=\"vlp-layout-zone-main\"><div class=\"vlp-block-0 vlp-link-title\">Ski freestyle Tignes : Une grosse chute entache la belle 2\u00e8me place de Tess Ledeux en big air<\/div><div class=\"vlp-block-1 vlp-link-summary\">SKI FREESTYLE - Ce jeudi soir, Tess Ledeux s'est empar\u00e9e de la 2\u00e8 place du big air \u00e0 Tignes. Cependant, une inqui\u00e9tude sur sa fin de saison plane suite \u00e0 une lourde chute lors de son dernier essai.<\/div><div class=\"vlp-block-2 vlp-link-button\">Lire l'article<\/div><div class=\"vlp-block-3 vlp-link-url\">dicodusport.fr<\/div><\/div><\/div>\n<p style=\"text-align: justify;\">Des craintes qui se sont malheureusement r\u00e9v\u00e9l\u00e9es fond\u00e9es. La vice-championne olympique a annonc\u00e9 sur les r\u00e9seaux sociaux son forfait. Rassurante sur son \u00e9tat de sant\u00e9, elle confie toutefois \u00ab\u00a0ne pas \u00eatre \u00e0 100%\u00a0\u00bb. Une rude nouvelle, puisque la Fran\u00e7aise \u00e9tait tout simplement <a href=\"https:\/\/dicodusport.fr\/blog\/mondiau-ski-freestyle-tess-ledeux-championne-du-monde-de-big-air\/\"><strong>championne du monde en titre sur le Big Air<\/strong><\/a>. Dommage, et sa saison est de plus termin\u00e9e, en esp\u00e9rant qu&rsquo;elle sera gonfl\u00e9e \u00e0 bloc pour la prochaine, avec en point d&rsquo;orgue les Jeux Olympiques.<\/p>\n<blockquote class=\"instagram-media\" style=\"background: #FFF; border: 0; border-radius: 3px; box-shadow: 0 0 1px 0 rgba(0,0,0,0.5),0 1px 10px 0 rgba(0,0,0,0.15); margin: 1px; max-width: 540px; min-width: 326px; padding: 0; width: calc(100% - 2px);\" data-instgrm-captioned=\"\" data-instgrm-permalink=\"https:\/\/www.instagram.com\/reel\/DHWQWL7ooWj\/?utm_source=ig_embed&amp;utm_campaign=loading\" data-instgrm-version=\"14\">\n<div style=\"padding: 16px;\">\n<p>&nbsp;<\/p>\n<div style=\"display: flex; flex-direction: row; align-items: center;\">\n<div style=\"background-color: #f4f4f4; border-radius: 50%; flex-grow: 0; height: 40px; margin-right: 14px; width: 40px;\"><\/div>\n<div style=\"display: flex; flex-direction: column; flex-grow: 1; justify-content: center;\">\n<div style=\"background-color: #f4f4f4; border-radius: 4px; flex-grow: 0; height: 14px; margin-bottom: 6px; width: 100px;\"><\/div>\n<div style=\"background-color: #f4f4f4; border-radius: 4px; flex-grow: 0; height: 14px; width: 60px;\"><\/div>\n<\/div>\n<\/div>\n<div style=\"padding: 19% 0;\"><\/div>\n<div style=\"display: block; height: 50px; margin: 0 auto 12px; width: 50px;\"><\/div>\n<div style=\"padding-top: 8px;\">\n<div style=\"color: #3897f0; font-family: Arial,sans-serif; font-size: 14px; font-style: normal; font-weight: 550; line-height: 18px;\">Voir cette publication sur Instagram<\/div>\n<\/div>\n<div style=\"padding: 12.5% 0;\"><\/div>\n<div style=\"display: flex; flex-direction: row; margin-bottom: 14px; align-items: center;\">\n<div>\n<div style=\"background-color: #f4f4f4; border-radius: 50%; height: 12.5px; width: 12.5px; transform: translateX(0px) translateY(7px);\"><\/div>\n<div style=\"background-color: #f4f4f4; height: 12.5px; transform: rotate(-45deg) translateX(3px) translateY(1px); width: 12.5px; flex-grow: 0; margin-right: 14px; margin-left: 2px;\"><\/div>\n<div style=\"background-color: #f4f4f4; border-radius: 50%; height: 12.5px; width: 12.5px; transform: translateX(9px) translateY(-18px);\"><\/div>\n<\/div>\n<div style=\"margin-left: 8px;\">\n<div style=\"background-color: #f4f4f4; border-radius: 50%; flex-grow: 0; height: 20px; width: 20px;\"><\/div>\n<div style=\"width: 0; height: 0; border-top: 2px solid transparent; border-left: 6px solid #f4f4f4; border-bottom: 2px solid transparent; transform: translateX(16px) translateY(-4px) rotate(30deg);\"><\/div>\n<\/div>\n<div style=\"margin-left: auto;\">\n<div style=\"width: 0px; border-top: 8px solid #F4F4F4; border-right: 8px solid transparent; transform: translateY(16px);\"><\/div>\n<div style=\"background-color: #f4f4f4; flex-grow: 0; height: 12px; width: 16px; transform: translateY(-4px);\"><\/div>\n<div style=\"width: 0; height: 0; border-top: 8px solid #F4F4F4; border-left: 8px solid transparent; transform: translateY(-4px) translateX(8px);\"><\/div>\n<\/div>\n<\/div>\n<div style=\"display: flex; flex-direction: column; flex-grow: 1; justify-content: center; margin-bottom: 24px;\">\n<div style=\"background-color: #f4f4f4; border-radius: 4px; flex-grow: 0; height: 14px; margin-bottom: 6px; width: 224px;\"><\/div>\n<div style=\"background-color: #f4f4f4; border-radius: 4px; flex-grow: 0; height: 14px; width: 144px;\"><\/div>\n<\/div>\n<p>&nbsp;<\/p>\n<p style=\"color: #c9c8cd; font-family: Arial,sans-serif; font-size: 14px; line-height: 17px; margin-bottom: 0; margin-top: 8px; overflow: hidden; padding: 8px 0 7px; text-align: center; text-overflow: ellipsis; white-space: nowrap;\"><a style=\"color: #c9c8cd; font-family: Arial,sans-serif; font-size: 14px; font-style: normal; font-weight: normal; line-height: 17px; text-decoration: none;\" href=\"https:\/\/www.instagram.com\/reel\/DHWQWL7ooWj\/?utm_source=ig_embed&amp;utm_campaign=loading\" target=\"_blank\" rel=\"noopener\">Une publication partag\u00e9e par Tess Ledeux (@tessledeux)<\/a><\/p>\n<\/div>\n<\/blockquote>\n<p style=\"text-align: justify;\"><script async src=\"\/\/www.instagram.com\/embed.js\"><\/script><\/p>\n","protected":false},"excerpt":{"rendered":"<p>CHAMPIONNATS DU MONDE DE SKI FREESTYLE 2025 &#8211; On le craignait, c&rsquo;est officiel : Tess Ledeux, apr\u00e8s sa lourde chute \u00e0 Tignes, ne pourra pas concourir aux Mondiaux.\u00a0<\/p>\n","protected":false},"author":59,"featured_media":565341,"comment_status":"open","ping_status":"closed","sticky":false,"template":"","format":"standard","meta":{"_acf_changed":false,"_daextam_enable_autolinks":"1","footnotes":""},"categories":[9217],"tags":[32415,7184,16878,2687,3836,7183],"class_list":["post-565339","post","type-post","status-publish","format-standard","has-post-thumbnail","hentry","category-ski","tag-actu","tag-big-air","tag-breve","tag-ski-freestyle","tag-slopestyle","tag-tess-ledeux"],"acf":[],"yoast_head":"<!-- This site is optimized with the Yoast SEO Premium plugin v26.7 (Yoast SEO v26.7) - https:\/\/yoast.com\/wordpress\/plugins\/seo\/ -->\n<title>Ski freestyle : Tess Ledeux d\u00e9clare forfait pour les Mondiaux en Suisse<\/title>\n<meta name=\"description\" content=\"CHAMPIONNATS DU MONDE DE SKI FREESTYLE 2025 - On le craignait, c&#039;est officiel : Tess Ledeux, apr\u00e8s sa lourde chute \u00e0 Tignes, ne pourra pas concourir aux Mondiaux.\u00a0\" \/>\n<meta name=\"robots\" content=\"index, follow, max-snippet:-1, max-image-preview:large, max-video-preview:-1\" \/>\n<link rel=\"canonical\" href=\"https:\/\/dicodusport.fr\/blog\/ski-freestyle-tess-ledeux-declare-forfait-pour-les-mondiaux-en-suisse\/\" \/>\n<meta property=\"og:locale\" content=\"fr_FR\" \/>\n<meta property=\"og:type\" content=\"article\" \/>\n<meta property=\"og:title\" content=\"Ski freestyle : Tess Ledeux d\u00e9clare forfait pour les Mondiaux en Suisse\" \/>\n<meta property=\"og:description\" content=\"CHAMPIONNATS DU MONDE DE SKI FREESTYLE 2025 - On le craignait, c&#039;est officiel : Tess Ledeux, apr\u00e8s sa lourde chute \u00e0 Tignes, ne pourra pas concourir aux Mondiaux.\u00a0\" \/>\n<meta property=\"og:url\" content=\"https:\/\/dicodusport.fr\/blog\/ski-freestyle-tess-ledeux-declare-forfait-pour-les-mondiaux-en-suisse\/\" \/>\n<meta property=\"og:site_name\" content=\"Dicodusport\" \/>\n<meta property=\"article:publisher\" content=\"https:\/\/www.facebook.com\/dicodusport\" \/>\n<meta property=\"article:author\" content=\"https:\/\/www.facebook.com\/sebastien.gente\/\" \/>\n<meta property=\"article:published_time\" content=\"2025-03-18T20:18:16+00:00\" \/>\n<meta property=\"og:image\" content=\"https:\/\/dicodusport.fr\/blog\/wp-content\/uploads\/2025\/03\/Ski-freestyle-Tess-Ledeux-declare-forfait-pour-les-Mondiaux-en-Suisse.png\" \/>\n\t<meta property=\"og:image:width\" content=\"1200\" \/>\n\t<meta property=\"og:image:height\" content=\"674\" \/>\n\t<meta property=\"og:image:type\" content=\"image\/png\" \/>\n<meta name=\"author\" content=\"S\u00e9bastien Gente\" \/>\n<meta name=\"twitter:card\" content=\"summary_large_image\" \/>\n<meta name=\"twitter:title\" content=\"Ski freestyle : Tess Ledeux d\u00e9clare forfait pour les Mondiaux en Suisse\" \/>\n<meta name=\"twitter:creator\" content=\"@https:\/\/twitter.com\/globulo24\" \/>\n<meta name=\"twitter:site\" content=\"@dicodusport\" \/>\n<script type=\"application\/ld+json\" class=\"yoast-schema-graph\">{\"@context\":\"https:\/\/schema.org\",\"@graph\":[{\"@type\":\"NewsArticle\",\"@id\":\"https:\/\/dicodusport.fr\/blog\/ski-freestyle-tess-ledeux-declare-forfait-pour-les-mondiaux-en-suisse\/#article\",\"isPartOf\":{\"@id\":\"https:\/\/dicodusport.fr\/blog\/ski-freestyle-tess-ledeux-declare-forfait-pour-les-mondiaux-en-suisse\/\"},\"author\":{\"name\":\"S\u00e9bastien Gente\",\"@id\":\"https:\/\/dicodusport.fr\/blog\/#\/schema\/person\/627966a6cde45dbd8c5e36ac85d783da\"},\"headline\":\"Ski freestyle : Tess Ledeux d\u00e9clare forfait pour les Mondiaux en Suisse\",\"datePublished\":\"2025-03-18T20:18:16+00:00\",\"mainEntityOfPage\":{\"@id\":\"https:\/\/dicodusport.fr\/blog\/ski-freestyle-tess-ledeux-declare-forfait-pour-les-mondiaux-en-suisse\/\"},\"wordCount\":300,\"commentCount\":0,\"publisher\":{\"@id\":\"https:\/\/dicodusport.fr\/blog\/#organization\"},\"image\":{\"@id\":\"https:\/\/dicodusport.fr\/blog\/ski-freestyle-tess-ledeux-declare-forfait-pour-les-mondiaux-en-suisse\/#primaryimage\"},\"thumbnailUrl\":\"https:\/\/dicodusport.fr\/blog\/wp-content\/uploads\/2025\/03\/Ski-freestyle-Tess-Ledeux-declare-forfait-pour-les-Mondiaux-en-Suisse.png\",\"keywords\":[\"actu\",\"Big Air\",\"br\u00e8ve\",\"ski freestyle\",\"Slopestyle\",\"Tess Ledeux\"],\"articleSection\":[\"Ski\"],\"inLanguage\":\"fr-FR\",\"potentialAction\":[{\"@type\":\"CommentAction\",\"name\":\"Comment\",\"target\":[\"https:\/\/dicodusport.fr\/blog\/ski-freestyle-tess-ledeux-declare-forfait-pour-les-mondiaux-en-suisse\/#respond\"]}],\"copyrightYear\":\"2025\",\"copyrightHolder\":{\"@id\":\"https:\/\/dicodusport.fr\/blog\/#organization\"}},{\"@type\":\"WebPage\",\"@id\":\"https:\/\/dicodusport.fr\/blog\/ski-freestyle-tess-ledeux-declare-forfait-pour-les-mondiaux-en-suisse\/\",\"url\":\"https:\/\/dicodusport.fr\/blog\/ski-freestyle-tess-ledeux-declare-forfait-pour-les-mondiaux-en-suisse\/\",\"name\":\"Ski freestyle : Tess Ledeux d\u00e9clare forfait pour les Mondiaux en Suisse\",\"isPartOf\":{\"@id\":\"https:\/\/dicodusport.fr\/blog\/#website\"},\"primaryImageOfPage\":{\"@id\":\"https:\/\/dicodusport.fr\/blog\/ski-freestyle-tess-ledeux-declare-forfait-pour-les-mondiaux-en-suisse\/#primaryimage\"},\"image\":{\"@id\":\"https:\/\/dicodusport.fr\/blog\/ski-freestyle-tess-ledeux-declare-forfait-pour-les-mondiaux-en-suisse\/#primaryimage\"},\"thumbnailUrl\":\"https:\/\/dicodusport.fr\/blog\/wp-content\/uploads\/2025\/03\/Ski-freestyle-Tess-Ledeux-declare-forfait-pour-les-Mondiaux-en-Suisse.png\",\"datePublished\":\"2025-03-18T20:18:16+00:00\",\"description\":\"CHAMPIONNATS DU MONDE DE SKI FREESTYLE 2025 - On le craignait, c'est officiel : Tess Ledeux, apr\u00e8s sa lourde chute \u00e0 Tignes, ne pourra pas concourir aux Mondiaux.\u00a0\",\"breadcrumb\":{\"@id\":\"https:\/\/dicodusport.fr\/blog\/ski-freestyle-tess-ledeux-declare-forfait-pour-les-mondiaux-en-suisse\/#breadcrumb\"},\"inLanguage\":\"fr-FR\",\"potentialAction\":[{\"@type\":\"ReadAction\",\"target\":[\"https:\/\/dicodusport.fr\/blog\/ski-freestyle-tess-ledeux-declare-forfait-pour-les-mondiaux-en-suisse\/\"]}]},{\"@type\":\"ImageObject\",\"inLanguage\":\"fr-FR\",\"@id\":\"https:\/\/dicodusport.fr\/blog\/ski-freestyle-tess-ledeux-declare-forfait-pour-les-mondiaux-en-suisse\/#primaryimage\",\"url\":\"https:\/\/dicodusport.fr\/blog\/wp-content\/uploads\/2025\/03\/Ski-freestyle-Tess-Ledeux-declare-forfait-pour-les-Mondiaux-en-Suisse.png\",\"contentUrl\":\"https:\/\/dicodusport.fr\/blog\/wp-content\/uploads\/2025\/03\/Ski-freestyle-Tess-Ledeux-declare-forfait-pour-les-Mondiaux-en-Suisse.png\",\"width\":1200,\"height\":674,\"caption\":\"Ski freestyle Tess Ledeux d\u00e9clare forfait pour les Mondiaux en Suisse\"},{\"@type\":\"BreadcrumbList\",\"@id\":\"https:\/\/dicodusport.fr\/blog\/ski-freestyle-tess-ledeux-declare-forfait-pour-les-mondiaux-en-suisse\/#breadcrumb\",\"itemListElement\":[{\"@type\":\"ListItem\",\"position\":1,\"name\":\"Accueil\",\"item\":\"https:\/\/dicodusport.fr\/blog\/\"},{\"@type\":\"ListItem\",\"position\":2,\"name\":\"Ski freestyle : Tess Ledeux d\u00e9clare forfait pour les Mondiaux en Suisse\"}]},{\"@type\":\"WebSite\",\"@id\":\"https:\/\/dicodusport.fr\/blog\/#website\",\"url\":\"https:\/\/dicodusport.fr\/blog\/\",\"name\":\"Dicodusport\",\"description\":\"L&#039;encyclop\u00e9die de l&#039;actualit\u00e9 sportive\",\"publisher\":{\"@id\":\"https:\/\/dicodusport.fr\/blog\/#organization\"},\"potentialAction\":[{\"@type\":\"SearchAction\",\"target\":{\"@type\":\"EntryPoint\",\"urlTemplate\":\"https:\/\/dicodusport.fr\/blog\/?s={search_term_string}\"},\"query-input\":{\"@type\":\"PropertyValueSpecification\",\"valueRequired\":true,\"valueName\":\"search_term_string\"}}],\"inLanguage\":\"fr-FR\"},{\"@type\":\"NewsMediaOrganization\",\"@id\":\"https:\/\/dicodusport.fr\/blog\/#organization\",\"name\":\"Dicodusport\",\"url\":\"https:\/\/dicodusport.fr\/blog\/\",\"logo\":{\"@type\":\"ImageObject\",\"inLanguage\":\"fr-FR\",\"@id\":\"https:\/\/dicodusport.fr\/blog\/#\/schema\/logo\/image\/\",\"url\":\"https:\/\/dicodusport.fr\/blog\/wp-content\/uploads\/2020\/06\/cropped-LOGO-DICODUSPORT-2020-SANS-FOND-SANS-TEXTE.png\",\"contentUrl\":\"https:\/\/dicodusport.fr\/blog\/wp-content\/uploads\/2020\/06\/cropped-LOGO-DICODUSPORT-2020-SANS-FOND-SANS-TEXTE.png\",\"width\":512,\"height\":512,\"caption\":\"Dicodusport\"},\"image\":{\"@id\":\"https:\/\/dicodusport.fr\/blog\/#\/schema\/logo\/image\/\"},\"sameAs\":[\"https:\/\/www.facebook.com\/dicodusport\",\"https:\/\/x.com\/dicodusport\",\"https:\/\/www.instagram.com\/dicodusport\/\",\"https:\/\/www.youtube.com\/channel\/UC7V2KZ5sd3htJivAbA4ZG3w\"],\"description\":\"Dicodusport est l'encyclop\u00e9die de l'actualit\u00e9 sportive.\",\"email\":\"bonjour@dicodusport.fr\",\"legalName\":\"DICODUSPORT\",\"foundingDate\":\"2018-01-14\",\"vatID\":\"FR71834470973\",\"taxID\":\"83447097300043\",\"numberOfEmployees\":{\"@type\":\"QuantitativeValue\",\"minValue\":\"1\",\"maxValue\":\"10\"}},{\"@type\":\"Person\",\"@id\":\"https:\/\/dicodusport.fr\/blog\/#\/schema\/person\/627966a6cde45dbd8c5e36ac85d783da\",\"name\":\"S\u00e9bastien Gente\",\"image\":{\"@type\":\"ImageObject\",\"inLanguage\":\"fr-FR\",\"@id\":\"https:\/\/dicodusport.fr\/blog\/#\/schema\/person\/image\/\",\"url\":\"https:\/\/dicodusport.fr\/blog\/wp-content\/uploads\/2021\/09\/1510990_10205810251400683_4124423575079401707_n-150x150.jpg\",\"contentUrl\":\"https:\/\/dicodusport.fr\/blog\/wp-content\/uploads\/2021\/09\/1510990_10205810251400683_4124423575079401707_n-150x150.jpg\",\"caption\":\"S\u00e9bastien Gente\"},\"description\":\"John Stockton, Gianni Bugno, Zinedine Zidane, Steffi Graf, Frode Andresen, St\u00e9phane Stoecklin, Davis Kamoga, Primoz Peterka, Werner Schlager et Aur\u00e9lien Rougerie. Point commun entre ces sportifs? Ils m'ont fait r\u00eaver et ont berc\u00e9 mon adolescence. Je suis un fondu de sports et j'essaie de retranscrire ma passion \u00e0 travers mes articles. Originaire du P\u00e9rigord, ma passion pour les Girondins, les Jaunards et les Jazzmen transpire dans mes \u00e9crits. \u00c0 Dicodusport depuis 2021, je d\u00e9niche les sports m\u00e9connus dans lesquels la France brille, et il y en a !\",\"sameAs\":[\"https:\/\/www.facebook.com\/sebastien.gente\/\",\"https:\/\/www.instagram.com\/sebgente\/\",\"https:\/\/www.linkedin.com\/in\/sbastien-gente-a29583169\/\",\"https:\/\/x.com\/https:\/\/twitter.com\/globulo24\",\"SebastienGente\"],\"worksFor\":\"S\u00e9bastien GENTE\",\"url\":\"https:\/\/dicodusport.fr\/blog\/author\/sebastiengente\/\"}]}<\/script>\n<!-- \/ Yoast SEO Premium plugin. -->","yoast_head_json":{"title":"Ski freestyle : Tess Ledeux d\u00e9clare forfait pour les Mondiaux en Suisse","description":"CHAMPIONNATS DU MONDE DE SKI FREESTYLE 2025 - On le craignait, c'est officiel : Tess Ledeux, apr\u00e8s sa lourde chute \u00e0 Tignes, ne pourra pas concourir aux Mondiaux.\u00a0","robots":{"index":"index","follow":"follow","max-snippet":"max-snippet:-1","max-image-preview":"max-image-preview:large","max-video-preview":"max-video-preview:-1"},"canonical":"https:\/\/dicodusport.fr\/blog\/ski-freestyle-tess-ledeux-declare-forfait-pour-les-mondiaux-en-suisse\/","og_locale":"fr_FR","og_type":"article","og_title":"Ski freestyle : Tess Ledeux d\u00e9clare forfait pour les Mondiaux en Suisse","og_description":"CHAMPIONNATS DU MONDE DE SKI FREESTYLE 2025 - On le craignait, c'est officiel : Tess Ledeux, apr\u00e8s sa lourde chute \u00e0 Tignes, ne pourra pas concourir aux Mondiaux.\u00a0","og_url":"https:\/\/dicodusport.fr\/blog\/ski-freestyle-tess-ledeux-declare-forfait-pour-les-mondiaux-en-suisse\/","og_site_name":"Dicodusport","article_publisher":"https:\/\/www.facebook.com\/dicodusport","article_author":"https:\/\/www.facebook.com\/sebastien.gente\/","article_published_time":"2025-03-18T20:18:16+00:00","og_image":[{"width":1200,"height":674,"url":"https:\/\/dicodusport.fr\/blog\/wp-content\/uploads\/2025\/03\/Ski-freestyle-Tess-Ledeux-declare-forfait-pour-les-Mondiaux-en-Suisse.png","type":"image\/png"}],"author":"S\u00e9bastien Gente","twitter_card":"summary_large_image","twitter_title":"Ski freestyle : Tess Ledeux d\u00e9clare forfait pour les Mondiaux en Suisse","twitter_creator":"@https:\/\/twitter.com\/globulo24","twitter_site":"@dicodusport","schema":{"@context":"https:\/\/schema.org","@graph":[{"@type":"NewsArticle","@id":"https:\/\/dicodusport.fr\/blog\/ski-freestyle-tess-ledeux-declare-forfait-pour-les-mondiaux-en-suisse\/#article","isPartOf":{"@id":"https:\/\/dicodusport.fr\/blog\/ski-freestyle-tess-ledeux-declare-forfait-pour-les-mondiaux-en-suisse\/"},"author":{"name":"S\u00e9bastien Gente","@id":"https:\/\/dicodusport.fr\/blog\/#\/schema\/person\/627966a6cde45dbd8c5e36ac85d783da"},"headline":"Ski freestyle : Tess Ledeux d\u00e9clare forfait pour les Mondiaux en Suisse","datePublished":"2025-03-18T20:18:16+00:00","mainEntityOfPage":{"@id":"https:\/\/dicodusport.fr\/blog\/ski-freestyle-tess-ledeux-declare-forfait-pour-les-mondiaux-en-suisse\/"},"wordCount":300,"commentCount":0,"publisher":{"@id":"https:\/\/dicodusport.fr\/blog\/#organization"},"image":{"@id":"https:\/\/dicodusport.fr\/blog\/ski-freestyle-tess-ledeux-declare-forfait-pour-les-mondiaux-en-suisse\/#primaryimage"},"thumbnailUrl":"https:\/\/dicodusport.fr\/blog\/wp-content\/uploads\/2025\/03\/Ski-freestyle-Tess-Ledeux-declare-forfait-pour-les-Mondiaux-en-Suisse.png","keywords":["actu","Big Air","br\u00e8ve","ski freestyle","Slopestyle","Tess Ledeux"],"articleSection":["Ski"],"inLanguage":"fr-FR","potentialAction":[{"@type":"CommentAction","name":"Comment","target":["https:\/\/dicodusport.fr\/blog\/ski-freestyle-tess-ledeux-declare-forfait-pour-les-mondiaux-en-suisse\/#respond"]}],"copyrightYear":"2025","copyrightHolder":{"@id":"https:\/\/dicodusport.fr\/blog\/#organization"}},{"@type":"WebPage","@id":"https:\/\/dicodusport.fr\/blog\/ski-freestyle-tess-ledeux-declare-forfait-pour-les-mondiaux-en-suisse\/","url":"https:\/\/dicodusport.fr\/blog\/ski-freestyle-tess-ledeux-declare-forfait-pour-les-mondiaux-en-suisse\/","name":"Ski freestyle : Tess Ledeux d\u00e9clare forfait pour les Mondiaux en Suisse","isPartOf":{"@id":"https:\/\/dicodusport.fr\/blog\/#website"},"primaryImageOfPage":{"@id":"https:\/\/dicodusport.fr\/blog\/ski-freestyle-tess-ledeux-declare-forfait-pour-les-mondiaux-en-suisse\/#primaryimage"},"image":{"@id":"https:\/\/dicodusport.fr\/blog\/ski-freestyle-tess-ledeux-declare-forfait-pour-les-mondiaux-en-suisse\/#primaryimage"},"thumbnailUrl":"https:\/\/dicodusport.fr\/blog\/wp-content\/uploads\/2025\/03\/Ski-freestyle-Tess-Ledeux-declare-forfait-pour-les-Mondiaux-en-Suisse.png","datePublished":"2025-03-18T20:18:16+00:00","description":"CHAMPIONNATS DU MONDE DE SKI FREESTYLE 2025 - On le craignait, c'est officiel : Tess Ledeux, apr\u00e8s sa lourde chute \u00e0 Tignes, ne pourra pas concourir aux Mondiaux.\u00a0","breadcrumb":{"@id":"https:\/\/dicodusport.fr\/blog\/ski-freestyle-tess-ledeux-declare-forfait-pour-les-mondiaux-en-suisse\/#breadcrumb"},"inLanguage":"fr-FR","potentialAction":[{"@type":"ReadAction","target":["https:\/\/dicodusport.fr\/blog\/ski-freestyle-tess-ledeux-declare-forfait-pour-les-mondiaux-en-suisse\/"]}]},{"@type":"ImageObject","inLanguage":"fr-FR","@id":"https:\/\/dicodusport.fr\/blog\/ski-freestyle-tess-ledeux-declare-forfait-pour-les-mondiaux-en-suisse\/#primaryimage","url":"https:\/\/dicodusport.fr\/blog\/wp-content\/uploads\/2025\/03\/Ski-freestyle-Tess-Ledeux-declare-forfait-pour-les-Mondiaux-en-Suisse.png","contentUrl":"https:\/\/dicodusport.fr\/blog\/wp-content\/uploads\/2025\/03\/Ski-freestyle-Tess-Ledeux-declare-forfait-pour-les-Mondiaux-en-Suisse.png","width":1200,"height":674,"caption":"Ski freestyle Tess Ledeux d\u00e9clare forfait pour les Mondiaux en Suisse"},{"@type":"BreadcrumbList","@id":"https:\/\/dicodusport.fr\/blog\/ski-freestyle-tess-ledeux-declare-forfait-pour-les-mondiaux-en-suisse\/#breadcrumb","itemListElement":[{"@type":"ListItem","position":1,"name":"Accueil","item":"https:\/\/dicodusport.fr\/blog\/"},{"@type":"ListItem","position":2,"name":"Ski freestyle : Tess Ledeux d\u00e9clare forfait pour les Mondiaux en Suisse"}]},{"@type":"WebSite","@id":"https:\/\/dicodusport.fr\/blog\/#website","url":"https:\/\/dicodusport.fr\/blog\/","name":"Dicodusport","description":"L&#039;encyclop\u00e9die de l&#039;actualit\u00e9 sportive","publisher":{"@id":"https:\/\/dicodusport.fr\/blog\/#organization"},"potentialAction":[{"@type":"SearchAction","target":{"@type":"EntryPoint","urlTemplate":"https:\/\/dicodusport.fr\/blog\/?s={search_term_string}"},"query-input":{"@type":"PropertyValueSpecification","valueRequired":true,"valueName":"search_term_string"}}],"inLanguage":"fr-FR"},{"@type":"NewsMediaOrganization","@id":"https:\/\/dicodusport.fr\/blog\/#organization","name":"Dicodusport","url":"https:\/\/dicodusport.fr\/blog\/","logo":{"@type":"ImageObject","inLanguage":"fr-FR","@id":"https:\/\/dicodusport.fr\/blog\/#\/schema\/logo\/image\/","url":"https:\/\/dicodusport.fr\/blog\/wp-content\/uploads\/2020\/06\/cropped-LOGO-DICODUSPORT-2020-SANS-FOND-SANS-TEXTE.png","contentUrl":"https:\/\/dicodusport.fr\/blog\/wp-content\/uploads\/2020\/06\/cropped-LOGO-DICODUSPORT-2020-SANS-FOND-SANS-TEXTE.png","width":512,"height":512,"caption":"Dicodusport"},"image":{"@id":"https:\/\/dicodusport.fr\/blog\/#\/schema\/logo\/image\/"},"sameAs":["https:\/\/www.facebook.com\/dicodusport","https:\/\/x.com\/dicodusport","https:\/\/www.instagram.com\/dicodusport\/","https:\/\/www.youtube.com\/channel\/UC7V2KZ5sd3htJivAbA4ZG3w"],"description":"Dicodusport est l'encyclop\u00e9die de l'actualit\u00e9 sportive.","email":"bonjour@dicodusport.fr","legalName":"DICODUSPORT","foundingDate":"2018-01-14","vatID":"FR71834470973","taxID":"83447097300043","numberOfEmployees":{"@type":"QuantitativeValue","minValue":"1","maxValue":"10"}},{"@type":"Person","@id":"https:\/\/dicodusport.fr\/blog\/#\/schema\/person\/627966a6cde45dbd8c5e36ac85d783da","name":"S\u00e9bastien Gente","image":{"@type":"ImageObject","inLanguage":"fr-FR","@id":"https:\/\/dicodusport.fr\/blog\/#\/schema\/person\/image\/","url":"https:\/\/dicodusport.fr\/blog\/wp-content\/uploads\/2021\/09\/1510990_10205810251400683_4124423575079401707_n-150x150.jpg","contentUrl":"https:\/\/dicodusport.fr\/blog\/wp-content\/uploads\/2021\/09\/1510990_10205810251400683_4124423575079401707_n-150x150.jpg","caption":"S\u00e9bastien Gente"},"description":"John Stockton, Gianni Bugno, Zinedine Zidane, Steffi Graf, Frode Andresen, St\u00e9phane Stoecklin, Davis Kamoga, Primoz Peterka, Werner Schlager et Aur\u00e9lien Rougerie. Point commun entre ces sportifs? Ils m'ont fait r\u00eaver et ont berc\u00e9 mon adolescence. Je suis un fondu de sports et j'essaie de retranscrire ma passion \u00e0 travers mes articles. Originaire du P\u00e9rigord, ma passion pour les Girondins, les Jaunards et les Jazzmen transpire dans mes \u00e9crits. \u00c0 Dicodusport depuis 2021, je d\u00e9niche les sports m\u00e9connus dans lesquels la France brille, et il y en a !","sameAs":["https:\/\/www.facebook.com\/sebastien.gente\/","https:\/\/www.instagram.com\/sebgente\/","https:\/\/www.linkedin.com\/in\/sbastien-gente-a29583169\/","https:\/\/x.com\/https:\/\/twitter.com\/globulo24","SebastienGente"],"worksFor":"S\u00e9bastien GENTE","url":"https:\/\/dicodusport.fr\/blog\/author\/sebastiengente\/"}]}},"_links":{"self":[{"href":"https:\/\/dicodusport.fr\/blog\/wp-json\/wp\/v2\/posts\/565339","targetHints":{"allow":["GET"]}}],"collection":[{"href":"https:\/\/dicodusport.fr\/blog\/wp-json\/wp\/v2\/posts"}],"about":[{"href":"https:\/\/dicodusport.fr\/blog\/wp-json\/wp\/v2\/types\/post"}],"author":[{"embeddable":true,"href":"https:\/\/dicodusport.fr\/blog\/wp-json\/wp\/v2\/users\/59"}],"replies":[{"embeddable":true,"href":"https:\/\/dicodusport.fr\/blog\/wp-json\/wp\/v2\/comments?post=565339"}],"version-history":[{"count":1,"href":"https:\/\/dicodusport.fr\/blog\/wp-json\/wp\/v2\/posts\/565339\/revisions"}],"predecessor-version":[{"id":565342,"href":"https:\/\/dicodusport.fr\/blog\/wp-json\/wp\/v2\/posts\/565339\/revisions\/565342"}],"wp:featuredmedia":[{"embeddable":true,"href":"https:\/\/dicodusport.fr\/blog\/wp-json\/wp\/v2\/media\/565341"}],"wp:attachment":[{"href":"https:\/\/dicodusport.fr\/blog\/wp-json\/wp\/v2\/media?parent=565339"}],"wp:term":[{"taxonomy":"category","embeddable":true,"href":"https:\/\/dicodusport.fr\/blog\/wp-json\/wp\/v2\/categories?post=565339"},{"taxonomy":"post_tag","embeddable":true,"href":"https:\/\/dicodusport.fr\/blog\/wp-json\/wp\/v2\/tags?post=565339"}],"curies":[{"name":"wp","href":"https:\/\/api.w.org\/{rel}","templated":true}]}}