{"id":565695,"date":"2025-03-20T16:47:15","date_gmt":"2025-03-20T15:47:15","guid":{"rendered":"https:\/\/dicodusport.fr\/blog\/?p=565695&#038;preview=true&#038;preview_id=565695"},"modified":"2025-04-03T14:24:55","modified_gmt":"2025-04-03T12:24:55","slug":"ski-alpinisme-val-martello-axelle-gachet-mollaret-simpose-sur-lindividuel","status":"publish","type":"post","link":"https:\/\/dicodusport.fr\/blog\/ski-alpinisme-val-martello-axelle-gachet-mollaret-simpose-sur-lindividuel\/","title":{"rendered":"Ski Alpinisme Val Martello : Axelle Gachet-Mollaret s&rsquo;impose sur l&rsquo;individuel"},"content":{"rendered":"<h4 style=\"text-align: justify;\" align=\"justify\"><em><a style=\"font-weight: bold;\" href=\"https:\/\/dicodusport.fr\/blog\/?s=ski+alpinisme\">SKI ALPINISME<\/a> &#8211; Axelle Gachet-Mollaret a d\u00e9croch\u00e9 sa 4\u00e8me victoire de l&rsquo;hiver en Coupe du monde, en remportant l&rsquo;individuel de Val Martello ce jeudi. Emily Harrop et William Bon Mardion, tous deux 2\u00e8mes, ont \u00e9galement d\u00e9croch\u00e9 une place sur la bo\u00eete.<\/em><\/h4>\n<ul style=\"text-align: justify;\">\n<li><strong>\u00c0 ce sujet &#8211; <a href=\"https:\/\/dicodusport.fr\/blog\/?s=ski+alpinisme\">Toute l&rsquo;actualit\u00e9 du ski alpinisme<\/a><\/strong><\/li>\n<\/ul>\n<p style=\"text-align: justify;\">Moins d&rsquo;une semaine apr\u00e8s l&rsquo;\u00e9tape de Schladming, la <strong>Coupe du monde de ski alpinisme<\/strong> fait \u00e9tape en Italie en cette fin de semaine, du c\u00f4t\u00e9 de <strong>Val Martello<\/strong>. Pour cette occasion, <strong>Axelle Gachet-Mollaret<\/strong> effectuait son retour sur le circuit. La semaine derni\u00e8re, la Tricolore avait fait l&rsquo;impasse sur l&rsquo;Autriche pour s&rsquo;offrir un succ\u00e8s sur la prestigieuse Pierra Menta, aux c\u00f4t\u00e9s de <strong>Lorna Bonnel<\/strong>.<\/p>\n<h2 style=\"text-align: justify;\">Les vainqueurs de la Pierra Menta performent \u00e0 Val Martello<\/h2>\n<p style=\"text-align: justify;\">De retour en Coupe du monde, la Fran\u00e7aise n&rsquo;a pas perdu ses bonnes habitudes en d\u00e9crochant sa 4\u00e8me victoire de l&rsquo;hiver. Si elle avait \u00e9t\u00e9 surprise aux championnats du monde par <strong>Tove Alexandersson<\/strong>, la Su\u00e9doise n&rsquo;a jamais \u00e9t\u00e9 dans le coup, et a m\u00eame termin\u00e9 au pied du podium. Seule au monde, Gachet-Mollaret a ainsi franchi la ligne avec plus d&rsquo;une minute d&rsquo;avance sur l&rsquo;incontournable <strong>Emily Harrop<\/strong>, qui est parvenue \u00e0 arracher la 2\u00e8me place sur la ligne, devant l&rsquo;Italienne <strong>Alba De Silvestro<\/strong>. Les deux patronnes fran\u00e7aises du ski alpinisme ont donc encore trust\u00e9 les deux premi\u00e8res places de l&rsquo;\u00e9preuve. Plus loin au classement, Lorna Bonnel, Margot Ravinel et C\u00e9lia Perillat-Pessey se positionnent dans le Top 10.<\/p>\n<blockquote class=\"twitter-tweet\">\n<p dir=\"ltr\" lang=\"en\">ISMF World Cup Val Martello<br \/>\nWomen\u2019s Individual Race podium \ud83d\udc47<\/p>\n<p>\ud83e\udd47\ud83c\uddeb\ud83c\uddf7Axelle Gachet Mollaret &#8211; 1:25:03<br \/>\n\ud83e\udd48\ud83c\uddeb\ud83c\uddf7Emily Harrop &#8211; 1:26:26<br \/>\n\ud83e\udd49\ud83c\uddee\ud83c\uddf9Alba De Silvestro &#8211; 1:26:28<a href=\"https:\/\/twitter.com\/hashtag\/SkiMountaineering?src=hash&amp;ref_src=twsrc%5Etfw\">#SkiMountaineering<\/a> <a href=\"https:\/\/twitter.com\/hashtag\/ISMF?src=hash&amp;ref_src=twsrc%5Etfw\">#ISMF<\/a> <a href=\"https:\/\/twitter.com\/hashtag\/IndividualRace?src=hash&amp;ref_src=twsrc%5Etfw\">#IndividualRace<\/a> <a href=\"https:\/\/twitter.com\/hashtag\/skimo?src=hash&amp;ref_src=twsrc%5Etfw\">#skimo<\/a> <a href=\"https:\/\/twitter.com\/hashtag\/marmotatrophy?src=hash&amp;ref_src=twsrc%5Etfw\">#marmotatrophy<\/a> <a href=\"https:\/\/twitter.com\/hashtag\/valmartello?src=hash&amp;ref_src=twsrc%5Etfw\">#valmartello<\/a> <a href=\"https:\/\/t.co\/Lkj8jBnyDZ\">pic.twitter.com\/Lkj8jBnyDZ<\/a><\/p>\n<p>\u2014 ISMF Skimo (@ISMFSkimo) <a href=\"https:\/\/twitter.com\/ISMFSkimo\/status\/1902687945934426194?ref_src=twsrc%5Etfw\">March 20, 2025<\/a><\/p><\/blockquote>\n<p><script async src=\"https:\/\/platform.twitter.com\/widgets.js\" charset=\"utf-8\"><\/script><\/p>\n<p style=\"text-align: justify;\">Dans le tableau masculin, personne n&rsquo;a \u00e9t\u00e9 une nouvelle fois en capacit\u00e9 de remettre en cause la domination outrageuse de R\u00e9mi Bonnet. Mais derri\u00e8re le Suisse, c&rsquo;est un autre vainqueur de la Pierra Menta qui s&rsquo;est illustr\u00e9 en prenant la 2\u00e8me place. Du haut de ses 40 ans, la l\u00e9gende <strong>William Bon Mardion<\/strong> a pris le d\u00e9part de sa quatri\u00e8me manche de Coupe du monde cet hiver afin d&rsquo;accrocher son premier podium en terminant dauphin du Suisse. Partenaire de Bon Mardion sur la Pierra Menta mais aussi aux Mondiaux, o\u00f9 <a href=\"https:\/\/dicodusport.fr\/blog\/mondiaux-ski-alpinisme-2025-axelle-gachet-mollaret-emily-harrop-et-xavier-gachet-sur-le-podium-de-lindividuel\/\">les deux hommes ont \u00e9t\u00e9 titr\u00e9s par \u00e9quipe<\/a>, <strong>Xavier Gachet<\/strong> a termin\u00e9 7\u00e8me, tandis que <strong>Thibault Anselmet<\/strong> compl\u00e8te le Top 10.<\/p>\n<h3 style=\"text-align: justify;\">Les r\u00e9sultats des Fran\u00e7ais sur l&rsquo;individuel de Val Martello<\/h3>\n<p style=\"text-align: justify;\"><strong>Hommes :<\/strong> 2\u00e8me William BON MARDION \/ 7\u00e8me Xavier Gachet \/ 10\u00e8me Thibault ANSELMET \/ 12\u00e8me Anselme DAMEVIN \/ 13\u00e8me Samuel EQUY \/ 14\u00e8me Simon BELLABOUVIER \/ 17\u00e8me Paul JAY \/ 22\u00e8me G\u00e9d\u00e9on POCHAT COTTILLOUX \/ 23\u00e8me R\u00e9mi CANTAN \/ 31\u00e8me Jules RAYBAUD.<\/p>\n<p style=\"text-align: justify;\"><strong>Femmes :<\/strong> 1\u00e8re Axelle GACHET-MOLLARET \/ 2\u00e8me Emily HARROP \/ 6\u00e8me Lorna BONNEL \/ 7\u00e8me Margot RAVINEL.<\/p>\n","protected":false},"excerpt":{"rendered":"<p>SKI ALPINISME &#8211; Axelle Gachet-Mollaret a d\u00e9croch\u00e9 sa 4\u00e8me victoire de l&rsquo;hiver en Coupe du monde en remportant l&rsquo;individuel de Val Martello ce jeudi. Emily Harrop et William Bon Mardion, tous deux 2\u00e8mes, ont \u00e9galement d\u00e9croch\u00e9 une place sur la bo\u00eete.<\/p>\n","protected":false},"author":55,"featured_media":565696,"comment_status":"open","ping_status":"closed","sticky":false,"template":"","format":"standard","meta":{"_acf_changed":false,"_daextam_enable_autolinks":"1","footnotes":""},"categories":[45757],"tags":[22883,16878,37201,22884,4230,45369,30136],"class_list":["post-565695","post","type-post","status-publish","format-standard","has-post-thumbnail","hentry","category-ski-alpinisme","tag-axelle-gachet-mollaret","tag-breve","tag-coupe-du-monde-ski-alpinisme","tag-emily-harrop","tag-ski-alpinisme","tag-skimo","tag-thibault-anselmet"],"acf":[],"yoast_head":"<!-- This site is optimized with the Yoast SEO Premium plugin v26.7 (Yoast SEO v26.7) - https:\/\/yoast.com\/wordpress\/plugins\/seo\/ -->\n<title>Ski Alpinisme Val Martello : Axelle Gachet-Mollaret s&#039;impose sur l&#039;individuel<\/title>\n<meta name=\"description\" content=\"SKI ALPINISME - Axelle Gachet-Mollaret a d\u00e9croch\u00e9 sa 4\u00e8me victoire de l&#039;hiver en Coupe du monde, en remportant l&#039;individuel de Val Martello.\" \/>\n<meta name=\"robots\" content=\"index, follow, max-snippet:-1, max-image-preview:large, max-video-preview:-1\" \/>\n<link rel=\"canonical\" href=\"https:\/\/dicodusport.fr\/blog\/ski-alpinisme-val-martello-axelle-gachet-mollaret-simpose-sur-lindividuel\/\" \/>\n<meta property=\"og:locale\" content=\"fr_FR\" \/>\n<meta property=\"og:type\" content=\"article\" \/>\n<meta property=\"og:title\" content=\"Ski Alpinisme Val Martello : Axelle Gachet-Mollaret s&#039;impose sur l&#039;individuel\" \/>\n<meta property=\"og:description\" content=\"SKI ALPINISME - Axelle Gachet-Mollaret a d\u00e9croch\u00e9 sa 4\u00e8me victoire de l&#039;hiver en Coupe du monde, en remportant l&#039;individuel de Val Martello.\" \/>\n<meta property=\"og:url\" content=\"https:\/\/dicodusport.fr\/blog\/ski-alpinisme-val-martello-axelle-gachet-mollaret-simpose-sur-lindividuel\/\" \/>\n<meta property=\"og:site_name\" content=\"Dicodusport\" \/>\n<meta property=\"article:publisher\" content=\"https:\/\/www.facebook.com\/dicodusport\" \/>\n<meta property=\"article:published_time\" content=\"2025-03-20T15:47:15+00:00\" \/>\n<meta property=\"article:modified_time\" content=\"2025-04-03T12:24:55+00:00\" \/>\n<meta property=\"og:image\" content=\"https:\/\/dicodusport.fr\/blog\/wp-content\/uploads\/2025\/03\/Ski-Alpinisme-Val-Martello-Axelle-Gachet-Mollaret-simpose-sur-lindividuel.png\" \/>\n\t<meta property=\"og:image:width\" content=\"1200\" \/>\n\t<meta property=\"og:image:height\" content=\"674\" \/>\n\t<meta property=\"og:image:type\" content=\"image\/png\" \/>\n<meta name=\"author\" content=\"Maxime Cazenave\" \/>\n<meta name=\"twitter:card\" content=\"summary_large_image\" \/>\n<meta name=\"twitter:title\" content=\"Ski Alpinisme Val Martello : Axelle Gachet-Mollaret s&#039;impose sur l&#039;individuel\" \/>\n<meta name=\"twitter:creator\" content=\"@https:\/\/twitter.com\/Maxime_Caze\" \/>\n<meta name=\"twitter:site\" content=\"@dicodusport\" \/>\n<script type=\"application\/ld+json\" class=\"yoast-schema-graph\">{\"@context\":\"https:\/\/schema.org\",\"@graph\":[{\"@type\":\"NewsArticle\",\"@id\":\"https:\/\/dicodusport.fr\/blog\/ski-alpinisme-val-martello-axelle-gachet-mollaret-simpose-sur-lindividuel\/#article\",\"isPartOf\":{\"@id\":\"https:\/\/dicodusport.fr\/blog\/ski-alpinisme-val-martello-axelle-gachet-mollaret-simpose-sur-lindividuel\/\"},\"author\":{\"name\":\"Maxime Cazenave\",\"@id\":\"https:\/\/dicodusport.fr\/blog\/#\/schema\/person\/37def232098a7a5cbab3974a3690abb0\"},\"headline\":\"Ski Alpinisme Val Martello : Axelle Gachet-Mollaret s&rsquo;impose sur l&rsquo;individuel\",\"datePublished\":\"2025-03-20T15:47:15+00:00\",\"dateModified\":\"2025-04-03T12:24:55+00:00\",\"mainEntityOfPage\":{\"@id\":\"https:\/\/dicodusport.fr\/blog\/ski-alpinisme-val-martello-axelle-gachet-mollaret-simpose-sur-lindividuel\/\"},\"wordCount\":496,\"commentCount\":0,\"publisher\":{\"@id\":\"https:\/\/dicodusport.fr\/blog\/#organization\"},\"image\":{\"@id\":\"https:\/\/dicodusport.fr\/blog\/ski-alpinisme-val-martello-axelle-gachet-mollaret-simpose-sur-lindividuel\/#primaryimage\"},\"thumbnailUrl\":\"https:\/\/dicodusport.fr\/blog\/wp-content\/uploads\/2025\/03\/Ski-Alpinisme-Val-Martello-Axelle-Gachet-Mollaret-simpose-sur-lindividuel.png\",\"keywords\":[\"Axelle Gachet-Mollaret\",\"br\u00e8ve\",\"Coupe du monde ski alpinisme\",\"Emily Harrop\",\"Ski alpinisme\",\"skimo\",\"Thibault Anselmet\"],\"articleSection\":[\"Ski alpinisme\"],\"inLanguage\":\"fr-FR\",\"potentialAction\":[{\"@type\":\"CommentAction\",\"name\":\"Comment\",\"target\":[\"https:\/\/dicodusport.fr\/blog\/ski-alpinisme-val-martello-axelle-gachet-mollaret-simpose-sur-lindividuel\/#respond\"]}],\"copyrightYear\":\"2025\",\"copyrightHolder\":{\"@id\":\"https:\/\/dicodusport.fr\/blog\/#organization\"}},{\"@type\":\"WebPage\",\"@id\":\"https:\/\/dicodusport.fr\/blog\/ski-alpinisme-val-martello-axelle-gachet-mollaret-simpose-sur-lindividuel\/\",\"url\":\"https:\/\/dicodusport.fr\/blog\/ski-alpinisme-val-martello-axelle-gachet-mollaret-simpose-sur-lindividuel\/\",\"name\":\"Ski Alpinisme Val Martello : Axelle Gachet-Mollaret s'impose sur l'individuel\",\"isPartOf\":{\"@id\":\"https:\/\/dicodusport.fr\/blog\/#website\"},\"primaryImageOfPage\":{\"@id\":\"https:\/\/dicodusport.fr\/blog\/ski-alpinisme-val-martello-axelle-gachet-mollaret-simpose-sur-lindividuel\/#primaryimage\"},\"image\":{\"@id\":\"https:\/\/dicodusport.fr\/blog\/ski-alpinisme-val-martello-axelle-gachet-mollaret-simpose-sur-lindividuel\/#primaryimage\"},\"thumbnailUrl\":\"https:\/\/dicodusport.fr\/blog\/wp-content\/uploads\/2025\/03\/Ski-Alpinisme-Val-Martello-Axelle-Gachet-Mollaret-simpose-sur-lindividuel.png\",\"datePublished\":\"2025-03-20T15:47:15+00:00\",\"dateModified\":\"2025-04-03T12:24:55+00:00\",\"description\":\"SKI ALPINISME - Axelle Gachet-Mollaret a d\u00e9croch\u00e9 sa 4\u00e8me victoire de l'hiver en Coupe du monde, en remportant l'individuel de Val Martello.\",\"breadcrumb\":{\"@id\":\"https:\/\/dicodusport.fr\/blog\/ski-alpinisme-val-martello-axelle-gachet-mollaret-simpose-sur-lindividuel\/#breadcrumb\"},\"inLanguage\":\"fr-FR\",\"potentialAction\":[{\"@type\":\"ReadAction\",\"target\":[\"https:\/\/dicodusport.fr\/blog\/ski-alpinisme-val-martello-axelle-gachet-mollaret-simpose-sur-lindividuel\/\"]}]},{\"@type\":\"ImageObject\",\"inLanguage\":\"fr-FR\",\"@id\":\"https:\/\/dicodusport.fr\/blog\/ski-alpinisme-val-martello-axelle-gachet-mollaret-simpose-sur-lindividuel\/#primaryimage\",\"url\":\"https:\/\/dicodusport.fr\/blog\/wp-content\/uploads\/2025\/03\/Ski-Alpinisme-Val-Martello-Axelle-Gachet-Mollaret-simpose-sur-lindividuel.png\",\"contentUrl\":\"https:\/\/dicodusport.fr\/blog\/wp-content\/uploads\/2025\/03\/Ski-Alpinisme-Val-Martello-Axelle-Gachet-Mollaret-simpose-sur-lindividuel.png\",\"width\":1200,\"height\":674,\"caption\":\"Ski Alpinisme Val Martello : Axelle Gachet-Mollaret s'impose sur l'individuel\"},{\"@type\":\"BreadcrumbList\",\"@id\":\"https:\/\/dicodusport.fr\/blog\/ski-alpinisme-val-martello-axelle-gachet-mollaret-simpose-sur-lindividuel\/#breadcrumb\",\"itemListElement\":[{\"@type\":\"ListItem\",\"position\":1,\"name\":\"Accueil\",\"item\":\"https:\/\/dicodusport.fr\/blog\/\"},{\"@type\":\"ListItem\",\"position\":2,\"name\":\"Ski Alpinisme Val Martello : Axelle Gachet-Mollaret s&rsquo;impose sur l&rsquo;individuel\"}]},{\"@type\":\"WebSite\",\"@id\":\"https:\/\/dicodusport.fr\/blog\/#website\",\"url\":\"https:\/\/dicodusport.fr\/blog\/\",\"name\":\"Dicodusport\",\"description\":\"L&#039;encyclop\u00e9die de l&#039;actualit\u00e9 sportive\",\"publisher\":{\"@id\":\"https:\/\/dicodusport.fr\/blog\/#organization\"},\"potentialAction\":[{\"@type\":\"SearchAction\",\"target\":{\"@type\":\"EntryPoint\",\"urlTemplate\":\"https:\/\/dicodusport.fr\/blog\/?s={search_term_string}\"},\"query-input\":{\"@type\":\"PropertyValueSpecification\",\"valueRequired\":true,\"valueName\":\"search_term_string\"}}],\"inLanguage\":\"fr-FR\"},{\"@type\":\"NewsMediaOrganization\",\"@id\":\"https:\/\/dicodusport.fr\/blog\/#organization\",\"name\":\"Dicodusport\",\"url\":\"https:\/\/dicodusport.fr\/blog\/\",\"logo\":{\"@type\":\"ImageObject\",\"inLanguage\":\"fr-FR\",\"@id\":\"https:\/\/dicodusport.fr\/blog\/#\/schema\/logo\/image\/\",\"url\":\"https:\/\/dicodusport.fr\/blog\/wp-content\/uploads\/2020\/06\/cropped-LOGO-DICODUSPORT-2020-SANS-FOND-SANS-TEXTE.png\",\"contentUrl\":\"https:\/\/dicodusport.fr\/blog\/wp-content\/uploads\/2020\/06\/cropped-LOGO-DICODUSPORT-2020-SANS-FOND-SANS-TEXTE.png\",\"width\":512,\"height\":512,\"caption\":\"Dicodusport\"},\"image\":{\"@id\":\"https:\/\/dicodusport.fr\/blog\/#\/schema\/logo\/image\/\"},\"sameAs\":[\"https:\/\/www.facebook.com\/dicodusport\",\"https:\/\/x.com\/dicodusport\",\"https:\/\/www.instagram.com\/dicodusport\/\",\"https:\/\/www.youtube.com\/channel\/UC7V2KZ5sd3htJivAbA4ZG3w\"],\"description\":\"Dicodusport est l'encyclop\u00e9die de l'actualit\u00e9 sportive.\",\"email\":\"bonjour@dicodusport.fr\",\"legalName\":\"DICODUSPORT\",\"foundingDate\":\"2018-01-14\",\"vatID\":\"FR71834470973\",\"taxID\":\"83447097300043\",\"numberOfEmployees\":{\"@type\":\"QuantitativeValue\",\"minValue\":\"1\",\"maxValue\":\"10\"}},{\"@type\":\"Person\",\"@id\":\"https:\/\/dicodusport.fr\/blog\/#\/schema\/person\/37def232098a7a5cbab3974a3690abb0\",\"name\":\"Maxime Cazenave\",\"image\":{\"@type\":\"ImageObject\",\"inLanguage\":\"fr-FR\",\"@id\":\"https:\/\/dicodusport.fr\/blog\/#\/schema\/person\/image\/\",\"url\":\"https:\/\/dicodusport.fr\/blog\/wp-content\/uploads\/2021\/05\/Maxime-Cazenave-150x150.jpg\",\"contentUrl\":\"https:\/\/dicodusport.fr\/blog\/wp-content\/uploads\/2021\/05\/Maxime-Cazenave-150x150.jpg\",\"caption\":\"Maxime Cazenave\"},\"description\":\"Journaliste\/R\u00e9dacteur depuis 2012 - Berc\u00e9 par l\u2019amour des Girondins de Bordeaux, les \u00e9checs de Christophe Moreau sur le Tour de France sous l'\u00e8re Lance Armstrong et le fade-away l\u00e9tal de Dirk Nowitzki, ma passion d\u00e9vorante pour le sport a toujours \u00e9t\u00e9 un pan incontournable de ma vie. Transmettre ma passion \u00e0 l\u2019\u00e9crit a \u00e9t\u00e9 une transition naturelle. Suiveur assidu de basket et de hockey sur glace, je garde toujours un peu de place pour suivre le cyclisme, le football et le maximum de performances fran\u00e7aises.\",\"sameAs\":[\"https:\/\/x.com\/https:\/\/twitter.com\/Maxime_Caze\"],\"url\":\"https:\/\/dicodusport.fr\/blog\/author\/maximec\/\"}]}<\/script>\n<!-- \/ Yoast SEO Premium plugin. -->","yoast_head_json":{"title":"Ski Alpinisme Val Martello : Axelle Gachet-Mollaret s'impose sur l'individuel","description":"SKI ALPINISME - Axelle Gachet-Mollaret a d\u00e9croch\u00e9 sa 4\u00e8me victoire de l'hiver en Coupe du monde, en remportant l'individuel de Val Martello.","robots":{"index":"index","follow":"follow","max-snippet":"max-snippet:-1","max-image-preview":"max-image-preview:large","max-video-preview":"max-video-preview:-1"},"canonical":"https:\/\/dicodusport.fr\/blog\/ski-alpinisme-val-martello-axelle-gachet-mollaret-simpose-sur-lindividuel\/","og_locale":"fr_FR","og_type":"article","og_title":"Ski Alpinisme Val Martello : Axelle Gachet-Mollaret s'impose sur l'individuel","og_description":"SKI ALPINISME - Axelle Gachet-Mollaret a d\u00e9croch\u00e9 sa 4\u00e8me victoire de l'hiver en Coupe du monde, en remportant l'individuel de Val Martello.","og_url":"https:\/\/dicodusport.fr\/blog\/ski-alpinisme-val-martello-axelle-gachet-mollaret-simpose-sur-lindividuel\/","og_site_name":"Dicodusport","article_publisher":"https:\/\/www.facebook.com\/dicodusport","article_published_time":"2025-03-20T15:47:15+00:00","article_modified_time":"2025-04-03T12:24:55+00:00","og_image":[{"width":1200,"height":674,"url":"https:\/\/dicodusport.fr\/blog\/wp-content\/uploads\/2025\/03\/Ski-Alpinisme-Val-Martello-Axelle-Gachet-Mollaret-simpose-sur-lindividuel.png","type":"image\/png"}],"author":"Maxime Cazenave","twitter_card":"summary_large_image","twitter_title":"Ski Alpinisme Val Martello : Axelle Gachet-Mollaret s'impose sur l'individuel","twitter_creator":"@https:\/\/twitter.com\/Maxime_Caze","twitter_site":"@dicodusport","schema":{"@context":"https:\/\/schema.org","@graph":[{"@type":"NewsArticle","@id":"https:\/\/dicodusport.fr\/blog\/ski-alpinisme-val-martello-axelle-gachet-mollaret-simpose-sur-lindividuel\/#article","isPartOf":{"@id":"https:\/\/dicodusport.fr\/blog\/ski-alpinisme-val-martello-axelle-gachet-mollaret-simpose-sur-lindividuel\/"},"author":{"name":"Maxime Cazenave","@id":"https:\/\/dicodusport.fr\/blog\/#\/schema\/person\/37def232098a7a5cbab3974a3690abb0"},"headline":"Ski Alpinisme Val Martello : Axelle Gachet-Mollaret s&rsquo;impose sur l&rsquo;individuel","datePublished":"2025-03-20T15:47:15+00:00","dateModified":"2025-04-03T12:24:55+00:00","mainEntityOfPage":{"@id":"https:\/\/dicodusport.fr\/blog\/ski-alpinisme-val-martello-axelle-gachet-mollaret-simpose-sur-lindividuel\/"},"wordCount":496,"commentCount":0,"publisher":{"@id":"https:\/\/dicodusport.fr\/blog\/#organization"},"image":{"@id":"https:\/\/dicodusport.fr\/blog\/ski-alpinisme-val-martello-axelle-gachet-mollaret-simpose-sur-lindividuel\/#primaryimage"},"thumbnailUrl":"https:\/\/dicodusport.fr\/blog\/wp-content\/uploads\/2025\/03\/Ski-Alpinisme-Val-Martello-Axelle-Gachet-Mollaret-simpose-sur-lindividuel.png","keywords":["Axelle Gachet-Mollaret","br\u00e8ve","Coupe du monde ski alpinisme","Emily Harrop","Ski alpinisme","skimo","Thibault Anselmet"],"articleSection":["Ski alpinisme"],"inLanguage":"fr-FR","potentialAction":[{"@type":"CommentAction","name":"Comment","target":["https:\/\/dicodusport.fr\/blog\/ski-alpinisme-val-martello-axelle-gachet-mollaret-simpose-sur-lindividuel\/#respond"]}],"copyrightYear":"2025","copyrightHolder":{"@id":"https:\/\/dicodusport.fr\/blog\/#organization"}},{"@type":"WebPage","@id":"https:\/\/dicodusport.fr\/blog\/ski-alpinisme-val-martello-axelle-gachet-mollaret-simpose-sur-lindividuel\/","url":"https:\/\/dicodusport.fr\/blog\/ski-alpinisme-val-martello-axelle-gachet-mollaret-simpose-sur-lindividuel\/","name":"Ski Alpinisme Val Martello : Axelle Gachet-Mollaret s'impose sur l'individuel","isPartOf":{"@id":"https:\/\/dicodusport.fr\/blog\/#website"},"primaryImageOfPage":{"@id":"https:\/\/dicodusport.fr\/blog\/ski-alpinisme-val-martello-axelle-gachet-mollaret-simpose-sur-lindividuel\/#primaryimage"},"image":{"@id":"https:\/\/dicodusport.fr\/blog\/ski-alpinisme-val-martello-axelle-gachet-mollaret-simpose-sur-lindividuel\/#primaryimage"},"thumbnailUrl":"https:\/\/dicodusport.fr\/blog\/wp-content\/uploads\/2025\/03\/Ski-Alpinisme-Val-Martello-Axelle-Gachet-Mollaret-simpose-sur-lindividuel.png","datePublished":"2025-03-20T15:47:15+00:00","dateModified":"2025-04-03T12:24:55+00:00","description":"SKI ALPINISME - Axelle Gachet-Mollaret a d\u00e9croch\u00e9 sa 4\u00e8me victoire de l'hiver en Coupe du monde, en remportant l'individuel de Val Martello.","breadcrumb":{"@id":"https:\/\/dicodusport.fr\/blog\/ski-alpinisme-val-martello-axelle-gachet-mollaret-simpose-sur-lindividuel\/#breadcrumb"},"inLanguage":"fr-FR","potentialAction":[{"@type":"ReadAction","target":["https:\/\/dicodusport.fr\/blog\/ski-alpinisme-val-martello-axelle-gachet-mollaret-simpose-sur-lindividuel\/"]}]},{"@type":"ImageObject","inLanguage":"fr-FR","@id":"https:\/\/dicodusport.fr\/blog\/ski-alpinisme-val-martello-axelle-gachet-mollaret-simpose-sur-lindividuel\/#primaryimage","url":"https:\/\/dicodusport.fr\/blog\/wp-content\/uploads\/2025\/03\/Ski-Alpinisme-Val-Martello-Axelle-Gachet-Mollaret-simpose-sur-lindividuel.png","contentUrl":"https:\/\/dicodusport.fr\/blog\/wp-content\/uploads\/2025\/03\/Ski-Alpinisme-Val-Martello-Axelle-Gachet-Mollaret-simpose-sur-lindividuel.png","width":1200,"height":674,"caption":"Ski Alpinisme Val Martello : Axelle Gachet-Mollaret s'impose sur l'individuel"},{"@type":"BreadcrumbList","@id":"https:\/\/dicodusport.fr\/blog\/ski-alpinisme-val-martello-axelle-gachet-mollaret-simpose-sur-lindividuel\/#breadcrumb","itemListElement":[{"@type":"ListItem","position":1,"name":"Accueil","item":"https:\/\/dicodusport.fr\/blog\/"},{"@type":"ListItem","position":2,"name":"Ski Alpinisme Val Martello : Axelle Gachet-Mollaret s&rsquo;impose sur l&rsquo;individuel"}]},{"@type":"WebSite","@id":"https:\/\/dicodusport.fr\/blog\/#website","url":"https:\/\/dicodusport.fr\/blog\/","name":"Dicodusport","description":"L&#039;encyclop\u00e9die de l&#039;actualit\u00e9 sportive","publisher":{"@id":"https:\/\/dicodusport.fr\/blog\/#organization"},"potentialAction":[{"@type":"SearchAction","target":{"@type":"EntryPoint","urlTemplate":"https:\/\/dicodusport.fr\/blog\/?s={search_term_string}"},"query-input":{"@type":"PropertyValueSpecification","valueRequired":true,"valueName":"search_term_string"}}],"inLanguage":"fr-FR"},{"@type":"NewsMediaOrganization","@id":"https:\/\/dicodusport.fr\/blog\/#organization","name":"Dicodusport","url":"https:\/\/dicodusport.fr\/blog\/","logo":{"@type":"ImageObject","inLanguage":"fr-FR","@id":"https:\/\/dicodusport.fr\/blog\/#\/schema\/logo\/image\/","url":"https:\/\/dicodusport.fr\/blog\/wp-content\/uploads\/2020\/06\/cropped-LOGO-DICODUSPORT-2020-SANS-FOND-SANS-TEXTE.png","contentUrl":"https:\/\/dicodusport.fr\/blog\/wp-content\/uploads\/2020\/06\/cropped-LOGO-DICODUSPORT-2020-SANS-FOND-SANS-TEXTE.png","width":512,"height":512,"caption":"Dicodusport"},"image":{"@id":"https:\/\/dicodusport.fr\/blog\/#\/schema\/logo\/image\/"},"sameAs":["https:\/\/www.facebook.com\/dicodusport","https:\/\/x.com\/dicodusport","https:\/\/www.instagram.com\/dicodusport\/","https:\/\/www.youtube.com\/channel\/UC7V2KZ5sd3htJivAbA4ZG3w"],"description":"Dicodusport est l'encyclop\u00e9die de l'actualit\u00e9 sportive.","email":"bonjour@dicodusport.fr","legalName":"DICODUSPORT","foundingDate":"2018-01-14","vatID":"FR71834470973","taxID":"83447097300043","numberOfEmployees":{"@type":"QuantitativeValue","minValue":"1","maxValue":"10"}},{"@type":"Person","@id":"https:\/\/dicodusport.fr\/blog\/#\/schema\/person\/37def232098a7a5cbab3974a3690abb0","name":"Maxime Cazenave","image":{"@type":"ImageObject","inLanguage":"fr-FR","@id":"https:\/\/dicodusport.fr\/blog\/#\/schema\/person\/image\/","url":"https:\/\/dicodusport.fr\/blog\/wp-content\/uploads\/2021\/05\/Maxime-Cazenave-150x150.jpg","contentUrl":"https:\/\/dicodusport.fr\/blog\/wp-content\/uploads\/2021\/05\/Maxime-Cazenave-150x150.jpg","caption":"Maxime Cazenave"},"description":"Journaliste\/R\u00e9dacteur depuis 2012 - Berc\u00e9 par l\u2019amour des Girondins de Bordeaux, les \u00e9checs de Christophe Moreau sur le Tour de France sous l'\u00e8re Lance Armstrong et le fade-away l\u00e9tal de Dirk Nowitzki, ma passion d\u00e9vorante pour le sport a toujours \u00e9t\u00e9 un pan incontournable de ma vie. Transmettre ma passion \u00e0 l\u2019\u00e9crit a \u00e9t\u00e9 une transition naturelle. Suiveur assidu de basket et de hockey sur glace, je garde toujours un peu de place pour suivre le cyclisme, le football et le maximum de performances fran\u00e7aises.","sameAs":["https:\/\/x.com\/https:\/\/twitter.com\/Maxime_Caze"],"url":"https:\/\/dicodusport.fr\/blog\/author\/maximec\/"}]}},"_links":{"self":[{"href":"https:\/\/dicodusport.fr\/blog\/wp-json\/wp\/v2\/posts\/565695","targetHints":{"allow":["GET"]}}],"collection":[{"href":"https:\/\/dicodusport.fr\/blog\/wp-json\/wp\/v2\/posts"}],"about":[{"href":"https:\/\/dicodusport.fr\/blog\/wp-json\/wp\/v2\/types\/post"}],"author":[{"embeddable":true,"href":"https:\/\/dicodusport.fr\/blog\/wp-json\/wp\/v2\/users\/55"}],"replies":[{"embeddable":true,"href":"https:\/\/dicodusport.fr\/blog\/wp-json\/wp\/v2\/comments?post=565695"}],"version-history":[{"count":3,"href":"https:\/\/dicodusport.fr\/blog\/wp-json\/wp\/v2\/posts\/565695\/revisions"}],"predecessor-version":[{"id":565708,"href":"https:\/\/dicodusport.fr\/blog\/wp-json\/wp\/v2\/posts\/565695\/revisions\/565708"}],"wp:featuredmedia":[{"embeddable":true,"href":"https:\/\/dicodusport.fr\/blog\/wp-json\/wp\/v2\/media\/565696"}],"wp:attachment":[{"href":"https:\/\/dicodusport.fr\/blog\/wp-json\/wp\/v2\/media?parent=565695"}],"wp:term":[{"taxonomy":"category","embeddable":true,"href":"https:\/\/dicodusport.fr\/blog\/wp-json\/wp\/v2\/categories?post=565695"},{"taxonomy":"post_tag","embeddable":true,"href":"https:\/\/dicodusport.fr\/blog\/wp-json\/wp\/v2\/tags?post=565695"}],"curies":[{"name":"wp","href":"https:\/\/api.w.org\/{rel}","templated":true}]}}