{"id":566193,"date":"2025-03-22T16:24:03","date_gmt":"2025-03-22T15:24:03","guid":{"rendered":"https:\/\/dicodusport.fr\/blog\/?p=566193&#038;preview=true&#038;preview_id=566193"},"modified":"2025-07-09T18:32:28","modified_gmt":"2025-07-09T16:32:28","slug":"biathlon-finales-oslo-2025-lou-jeanmonnot-simpose-sur-la-poursuite-et-prend-la-tete-du-general","status":"publish","type":"post","link":"https:\/\/dicodusport.fr\/blog\/biathlon-finales-oslo-2025-lou-jeanmonnot-simpose-sur-la-poursuite-et-prend-la-tete-du-general\/","title":{"rendered":"Biathlon Finales Oslo 2025 : Lou Jeanmonnot s&rsquo;impose sur la poursuite et prend la t\u00eate du g\u00e9n\u00e9ral !"},"content":{"rendered":"<h4 style=\"text-align: justify;\"><em>COUPE DU MONDE DE BIATHLON 2024\/2025 &#8211; Imp\u00e9riale, Lou Jeanmonnot a remport\u00e9 la poursuite de ces finales d&rsquo;Oslo ! Une performance qui lui permet de prendre la t\u00eate du g\u00e9n\u00e9ral devant Franziska Preuss, seulement 5\u00e8me \u00e0 la veille de la derni\u00e8re course.<\/em><\/h4>\n<ul style=\"text-align: justify;\">\n<li style=\"text-align: justify;\"><strong>\u00c0 ce sujet &#8211;\u00a0<a href=\"https:\/\/dicodusport.fr\/blog\/biathlon-finales-oslo-2025-programme-complet-et-horaires\/\" target=\"_blank\" rel=\"noopener\">Biathlon Finales Oslo 2025 : Programme complet et horaires<\/a><\/strong><\/li>\n<\/ul>\n<h2 style=\"text-align: justify;\">Un d\u00e9nouement \u00e9pique<\/h2>\n<p style=\"text-align: justify;\">On l&rsquo;esp\u00e9rait toutes et tous mais de l\u00e0 \u00e0 dire qu&rsquo;on aurait mis\u00e9 dessus d\u00e8s le d\u00e9part, rien ne le prouve. Qui aurait dit non, en novembre dernier, pour un d\u00e9nouement aussi intense, aussi incertain, aussi haletant que celui que nous offre cette saison 2024\/2025 ? Si la frustration pr\u00e9dominait hier alors que <strong>Lou Jeanmonnot<\/strong> passait la ligne avec deux dixi\u00e8mes de retard sur sa rivale <strong>Franziska Preuss<\/strong>, conc\u00e9dant du terrain au g\u00e9n\u00e9ral, rien n&rsquo;\u00e9tait jou\u00e9 alors qu&rsquo;il restait deux courses \u00e0 disputer. Il \u00e9tait \u00e9crit que les deux femmes nous livreraient cet apr\u00e8s-midi un mano \u00e0 mano \u00e9pique.<\/p>\n<ul style=\"text-align: justify;\">\n<li><strong>\u00c0 ce sujet &#8211; <a href=\"https:\/\/dicodusport.fr\/blog\/biathlon-finales-oslo-2025-resultats-et-classements\/\">Biathlon Finales Oslo 2025 : R\u00e9sultats et Classements<\/a><\/strong><\/li>\n<\/ul>\n<p style=\"text-align: justify;\">Et comme on pouvait s&rsquo;y attendre, le spectacle a \u00e9t\u00e9 total, tournant \u00e0 l&rsquo;avantage de la Fran\u00e7aise qui \u00e0 la veille de la derni\u00e8re course de la saison a rebattu les cartes dans la course au gros globe de cristal. En s&rsquo;imposant et en profitant de la relative contre-performance de <strong>Preuss<\/strong>, la Fran\u00e7aise a ainsi pris la t\u00eate du g\u00e9n\u00e9ral \u00e0 la veille du d\u00e9nouement de la saison. Tous les ingr\u00e9dients \u00e9taient r\u00e9unis pour nous faire vibrer et le seront encore demain.<\/p>\n<h2 style=\"text-align: justify;\">Le tir debout d\u00e9cisif<\/h2>\n<p style=\"text-align: justify;\">Au terme d&rsquo;une premi\u00e8re boucle engag\u00e9e, les deux femmes sont arriv\u00e9es ensemble sur le pas de tir. Payant peut-\u00eatre le prix du rythme mis par <strong>Lou Jeanmonnot, Preuss<\/strong> a c\u00e9d\u00e9, conc\u00e9dant un tour de p\u00e9nalit\u00e9 alors que la Fran\u00e7aise r\u00e9alisait le plein. Partie en embuscade, \u00e0 31 secondes des deux reines de la saison, <strong>Julia Simon<\/strong> avait son mot \u00e0 dire pour le podium. Mieux, elle \u00e9tait au d\u00e9part deuxi\u00e8me au classement du globe de la poursuite, \u00e0 32 unit\u00e9s de <strong>Jeanmonnot<\/strong>.<\/p>\n<ul style=\"text-align: justify;\">\n<li><strong>\u00c0 ce sujet &#8211; <a href=\"https:\/\/dicodusport.fr\/blog\/biathlon-finales-oslo-classement-et-resultats-poursuite-femmes\/\">Biathlon Finales Oslo &#8211; Classement et r\u00e9sultats Poursuite femmes<\/a><\/strong><\/li>\n<\/ul>\n<p style=\"text-align: justify;\">Gr\u00e2ce \u00e0 son 5\/5, la d\u00e9cuple championne du monde est ainsi ressortie \u00e0 quelques longueurs de <strong>Preuss,<\/strong> en compagnie d&rsquo;<strong>Ida Lien<\/strong>, sans parvenir \u00e0 rentrer sur l&rsquo;Allemande. Le deuxi\u00e8me passage devant les cibles a remis les compteurs \u00e0 z\u00e9ro puisque cette fois-ci c&rsquo;est la Fran\u00e7aise qui a faut\u00e9 au contraire de l&rsquo;Allemande. Ainsi, elles \u00e9taient trois \u00e0 ce moment \u00e0 ouvrir la route puisque <strong>Julia Simon<\/strong> \u00e9tait pour sa part \u00e0 10\/10.<\/p>\n<p style=\"text-align: justify;\">\u00c0 mesure que les kilom\u00e8tres d\u00e9filaient, la tension s&rsquo;intensifiait. Tr\u00e8s souvent d\u00e9cisifs, les tirs debout allaient faire honneur \u00e0 leur r\u00e9putation. Solide nerveusement,<strong> Lou Jeanmonnot<\/strong> signait un 5\/5 pr\u00e9cieux dans la course au globe alors que <strong>Preuss<\/strong> \u00e9tait contrainte de repasser non pas une mais deux fois par l&rsquo;anneau avec <strong>Julia Simon<\/strong> ! Pour son deuxi\u00e8me d\u00e9part en Coupe du monde, <strong>Camille Bened<\/strong> a r\u00e9alis\u00e9 un d\u00e9but de course tr\u00e8s solide. \u00c0 la faveur d&rsquo;un 10\/10, la jeune femme \u00e9tait en embuscade au moment d&rsquo;entamer le troisi\u00e8me tir. Gr\u00e2ce \u00e0 un nouveau plein, c&rsquo;est elle qui figurait en deuxi\u00e8me position \u00e0 la sortie du premier debout \u00e0 30 secondes de sa compatriote.<\/p>\n<h2 style=\"text-align: justify;\">La victoire, le petit globe et la t\u00eate du g\u00e9n\u00e9ral pour Lou Jeanmonnot !<\/h2>\n<ul style=\"text-align: justify;\">\n<li style=\"text-align: justify;\"><strong>\u00c0 ce sujet &#8211;<\/strong>\u00a0<a href=\"https:\/\/dicodusport.fr\/blog\/biathlon-classement-general-femmes-coupe-du-monde-2024-2025\/\"><strong>Biathlon &#8211; Classement g\u00e9n\u00e9ral femmes Coupe du monde 2024-2025<\/strong><\/a><\/li>\n<\/ul>\n<p style=\"text-align: justify;\">Il fallait sortir les calculettes puisque dans le m\u00eame temps, <strong>Preuss<\/strong> figurait \u00e0 la dixi\u00e8me position au sein d&rsquo;un \u00e9norme peloton. Le dernier tir pouvait aussi bien la replacer sur le podium que la faire chuter en dehors du top 15 ! Devant, <strong>Lou Jeanmonnot<\/strong> filait vers la victoire et le petit globe de la poursuite en blanchissant \u00e0 nouveau ses cinq cibles. Derri\u00e8re, la pression a sans doute rattrap\u00e9 <strong>Camille Bened<\/strong> qui termine finalement par deux fautes. Elle doit ainsi se contenter de la 15\u00e8me place. <strong>Preuss<\/strong> quant \u00e0 elle a r\u00e9agi en patronne pour remonter dans le classement \u00e0 la faveur d&rsquo;un 5\/5.<\/p>\n<blockquote class=\"twitter-tweet\">\n<p dir=\"ltr\" lang=\"fr\">\ud83d\udd25 Lou Jeanmonnot remporte la derni\u00e8re poursuite de la saison et prend le dossard jaune !<\/p>\n<p>Superbe course de la Fran\u00e7aise qui s&rsquo;impose avec un 19\/20 au tir et prend la t\u00eate du g\u00e9n\u00e9ral devant Franziska Preuss ! <a href=\"https:\/\/twitter.com\/hashtag\/lequipeBIATHLON?src=hash&amp;ref_src=twsrc%5Etfw\">#lequipeBIATHLON<\/a> <a href=\"https:\/\/t.co\/VaXZUTHDlr\">pic.twitter.com\/VaXZUTHDlr<\/a><\/p>\n<p>\u2014 la chaine L&rsquo;\u00c9quipe (@lachainelequipe) <a href=\"https:\/\/twitter.com\/lachainelequipe\/status\/1903467998792315287?ref_src=twsrc%5Etfw\">March 22, 2025<\/a><\/p><\/blockquote>\n<p style=\"text-align: justify;\"><script src=\"https:\/\/platform.twitter.com\/widgets.js\" async=\"\" charset=\"utf-8\"><\/script><\/p>\n<p style=\"text-align: justify;\">Finalement, la biathl\u00e8te d&rsquo;outre-Rhin termine cinqui\u00e8me apr\u00e8s \u00eatre ressortie \u00e0 la quatri\u00e8me position du dernier tir. Ainsi, \u00e0 la veille de l&rsquo;ultime course, elle compte d\u00e9sormais cinq points de retard au g\u00e9n\u00e9ral sur <strong>Lou Jeanmonnot<\/strong>, qui prend la t\u00eate au meilleur moment possible. La mass start de demain promet une dramaturgie digne des plus grands films \u00e0 suspens. Quoi qu&rsquo;il arrive, il suffit \u00e0 la Fran\u00e7aise de terminer devant l&rsquo;Allemande pour remporter le g\u00e9n\u00e9ral. Dans le cas contraire, tout d\u00e9pendra de leur position \u00e0 l&rsquo;arriv\u00e9e. Rendez-vous demain \u00e0 13h15 !<\/p>\n<ul style=\"text-align: justify;\">\n<li><strong>\u00c0 ce sujet &#8211; <a href=\"https:\/\/dicodusport.fr\/blog\/biathlon-classement-petit-globe-poursuite-femmes-coupe-du-monde-2024-2025\/\">Biathlon \u2013 Classement Petit globe poursuite femmes Coupe du monde 2024-2025<\/a><\/strong><\/li>\n<\/ul>\n<h2 style=\"text-align: justify;\">Elvira \u00d6berg deuxi\u00e8me, Jeanne Richard conforte le dossard bleu<\/h2>\n<p style=\"text-align: justify;\">Enfin, c&rsquo;est<strong> Elvira \u00d6berg<\/strong> qui termine \u00e0 la deuxi\u00e8me position. La Su\u00e9doise est bien remont\u00e9e apr\u00e8s sa onzi\u00e8me place d&rsquo;hier. <strong>Lena H\u00e4cki-Gross<\/strong> compl\u00e8te le podium \u00e0 la faveur d&rsquo;un 18\/20, comme la Scandinave. Du c\u00f4t\u00e9 des autres tricolores, <strong>Jeanne Richard<\/strong> r\u00e9alise une belle op\u00e9ration dans la course au dossard bleu puisqu&rsquo;\u00e0 19\/20 la Fran\u00e7aise termine finalement 12\u00e8me et deuxi\u00e8me meilleure bleue alors que son adversaire, <strong>Oc\u00e9ane Michelon<\/strong>, a manqu\u00e9 sa course (25\u00e8me, 16\/20). <strong>Julia Simon<\/strong> termine 14\u00e8me tandis que <strong>Justine Braisaz-Bouchet<\/strong> et <strong>Paula Botet<\/strong> r\u00e9alisent une belle remont\u00e9e, respectivement 20\u00e8me et 21\u00e8me\u00a0 (16 et 19\/20). <strong>Sophie Chauveau<\/strong> termine 33\u00e8me.<\/p>\n<ul style=\"text-align: justify;\">\n<li style=\"text-align: justify;\"><strong>\u00c0 ce sujet &#8211; <a href=\"https:\/\/dicodusport.fr\/blog\/biathlon-coupe-du-monde-2024-2025-le-calendrier-complet\/\">Coupe du monde Biathlon 2024-2025 \u2013 Le calendrier complet<\/a><\/strong><\/li>\n<\/ul>\n","protected":false},"excerpt":{"rendered":"<p>Victoire de Lou Jeanmonnot sur la poursuite. La mass start de demain sera d\u00e9cisive.<\/p>\n","protected":false},"author":91,"featured_media":566546,"comment_status":"open","ping_status":"closed","sticky":false,"template":"","format":"standard","meta":{"_acf_changed":false,"_daextam_enable_autolinks":"1","footnotes":""},"categories":[47040],"tags":[2427,30329,16878,24],"class_list":["post-566193","post","type-post","status-publish","format-standard","has-post-thumbnail","hentry","category-coupe-du-monde-de-biathlon","tag-biathlon","tag-biathlon-oslo-holmenkollen","tag-breve","tag-sport"],"acf":[],"yoast_head":"<!-- This site is optimized with the Yoast SEO Premium plugin v26.7 (Yoast SEO v26.7) - https:\/\/yoast.com\/wordpress\/plugins\/seo\/ -->\n<title>Biathlon Finales Oslo 2025 : Lou Jeanmonnot s&#039;impose sur la poursuite et prend la t\u00eate du g\u00e9n\u00e9ral !<\/title>\n<meta name=\"description\" content=\"COUPE DU MONDE DE BIATHLON 2024\/2025 - Victoire de Lou Jeanmonnot sur la poursuite. La mass start de demain sera d\u00e9cisive.\" \/>\n<meta name=\"robots\" content=\"index, follow, max-snippet:-1, max-image-preview:large, max-video-preview:-1\" \/>\n<link rel=\"canonical\" href=\"https:\/\/dicodusport.fr\/blog\/biathlon-finales-oslo-2025-lou-jeanmonnot-simpose-sur-la-poursuite-et-prend-la-tete-du-general\/\" \/>\n<meta property=\"og:locale\" content=\"fr_FR\" \/>\n<meta property=\"og:type\" content=\"article\" \/>\n<meta property=\"og:title\" content=\"Biathlon Finales Oslo 2025 : Lou Jeanmonnot s&#039;impose sur la poursuite et prend la t\u00eate du g\u00e9n\u00e9ral !\" \/>\n<meta property=\"og:description\" content=\"COUPE DU MONDE DE BIATHLON 2024\/2025 - Victoire de Lou Jeanmonnot sur la poursuite. La mass start de demain sera d\u00e9cisive.\" \/>\n<meta property=\"og:url\" content=\"https:\/\/dicodusport.fr\/blog\/biathlon-finales-oslo-2025-lou-jeanmonnot-simpose-sur-la-poursuite-et-prend-la-tete-du-general\/\" \/>\n<meta property=\"og:site_name\" content=\"Dicodusport\" \/>\n<meta property=\"article:publisher\" content=\"https:\/\/www.facebook.com\/dicodusport\" \/>\n<meta property=\"article:published_time\" content=\"2025-03-22T15:24:03+00:00\" \/>\n<meta property=\"article:modified_time\" content=\"2025-07-09T16:32:28+00:00\" \/>\n<meta property=\"og:image\" content=\"https:\/\/dicodusport.fr\/blog\/wp-content\/uploads\/2025\/03\/Biathlon-Finales-Oslo-2025-Lou-Jeanmonnot-simpose-sur-la-poursuite-et-prend-la-tete-du-general-.png\" \/>\n\t<meta property=\"og:image:width\" content=\"1200\" \/>\n\t<meta property=\"og:image:height\" content=\"674\" \/>\n\t<meta property=\"og:image:type\" content=\"image\/png\" \/>\n<meta name=\"author\" content=\"Victor Clot-Amiot\" \/>\n<meta name=\"twitter:card\" content=\"summary_large_image\" \/>\n<meta name=\"twitter:title\" content=\"Biathlon Finales Oslo 2025 : Lou Jeanmonnot s&#039;impose sur la poursuite et prend la t\u00eate du g\u00e9n\u00e9ral !\" \/>\n<meta name=\"twitter:creator\" content=\"@https:\/\/x.com\/VictorClotAmiot\" \/>\n<meta name=\"twitter:site\" content=\"@dicodusport\" \/>\n<script type=\"application\/ld+json\" class=\"yoast-schema-graph\">{\"@context\":\"https:\/\/schema.org\",\"@graph\":[{\"@type\":\"NewsArticle\",\"@id\":\"https:\/\/dicodusport.fr\/blog\/biathlon-finales-oslo-2025-lou-jeanmonnot-simpose-sur-la-poursuite-et-prend-la-tete-du-general\/#article\",\"isPartOf\":{\"@id\":\"https:\/\/dicodusport.fr\/blog\/biathlon-finales-oslo-2025-lou-jeanmonnot-simpose-sur-la-poursuite-et-prend-la-tete-du-general\/\"},\"author\":{\"name\":\"Victor Clot-Amiot\",\"@id\":\"https:\/\/dicodusport.fr\/blog\/#\/schema\/person\/b623199cba9ba90fe84a3d16e9282360\"},\"headline\":\"Biathlon Finales Oslo 2025 : Lou Jeanmonnot s&rsquo;impose sur la poursuite et prend la t\u00eate du g\u00e9n\u00e9ral !\",\"datePublished\":\"2025-03-22T15:24:03+00:00\",\"dateModified\":\"2025-07-09T16:32:28+00:00\",\"mainEntityOfPage\":{\"@id\":\"https:\/\/dicodusport.fr\/blog\/biathlon-finales-oslo-2025-lou-jeanmonnot-simpose-sur-la-poursuite-et-prend-la-tete-du-general\/\"},\"wordCount\":1018,\"commentCount\":0,\"publisher\":{\"@id\":\"https:\/\/dicodusport.fr\/blog\/#organization\"},\"image\":{\"@id\":\"https:\/\/dicodusport.fr\/blog\/biathlon-finales-oslo-2025-lou-jeanmonnot-simpose-sur-la-poursuite-et-prend-la-tete-du-general\/#primaryimage\"},\"thumbnailUrl\":\"https:\/\/dicodusport.fr\/blog\/wp-content\/uploads\/2025\/03\/Biathlon-Finales-Oslo-2025-Lou-Jeanmonnot-simpose-sur-la-poursuite-et-prend-la-tete-du-general-.png\",\"keywords\":[\"Biathlon\",\"Biathlon Oslo-Holmenkollen\",\"br\u00e8ve\",\"sport\"],\"articleSection\":[\"Coupe du monde de biathlon\"],\"inLanguage\":\"fr-FR\",\"potentialAction\":[{\"@type\":\"CommentAction\",\"name\":\"Comment\",\"target\":[\"https:\/\/dicodusport.fr\/blog\/biathlon-finales-oslo-2025-lou-jeanmonnot-simpose-sur-la-poursuite-et-prend-la-tete-du-general\/#respond\"]}],\"copyrightYear\":\"2025\",\"copyrightHolder\":{\"@id\":\"https:\/\/dicodusport.fr\/blog\/#organization\"}},{\"@type\":\"WebPage\",\"@id\":\"https:\/\/dicodusport.fr\/blog\/biathlon-finales-oslo-2025-lou-jeanmonnot-simpose-sur-la-poursuite-et-prend-la-tete-du-general\/\",\"url\":\"https:\/\/dicodusport.fr\/blog\/biathlon-finales-oslo-2025-lou-jeanmonnot-simpose-sur-la-poursuite-et-prend-la-tete-du-general\/\",\"name\":\"Biathlon Finales Oslo 2025 : Lou Jeanmonnot s'impose sur la poursuite et prend la t\u00eate du g\u00e9n\u00e9ral !\",\"isPartOf\":{\"@id\":\"https:\/\/dicodusport.fr\/blog\/#website\"},\"primaryImageOfPage\":{\"@id\":\"https:\/\/dicodusport.fr\/blog\/biathlon-finales-oslo-2025-lou-jeanmonnot-simpose-sur-la-poursuite-et-prend-la-tete-du-general\/#primaryimage\"},\"image\":{\"@id\":\"https:\/\/dicodusport.fr\/blog\/biathlon-finales-oslo-2025-lou-jeanmonnot-simpose-sur-la-poursuite-et-prend-la-tete-du-general\/#primaryimage\"},\"thumbnailUrl\":\"https:\/\/dicodusport.fr\/blog\/wp-content\/uploads\/2025\/03\/Biathlon-Finales-Oslo-2025-Lou-Jeanmonnot-simpose-sur-la-poursuite-et-prend-la-tete-du-general-.png\",\"datePublished\":\"2025-03-22T15:24:03+00:00\",\"dateModified\":\"2025-07-09T16:32:28+00:00\",\"description\":\"COUPE DU MONDE DE BIATHLON 2024\/2025 - Victoire de Lou Jeanmonnot sur la poursuite. La mass start de demain sera d\u00e9cisive.\",\"breadcrumb\":{\"@id\":\"https:\/\/dicodusport.fr\/blog\/biathlon-finales-oslo-2025-lou-jeanmonnot-simpose-sur-la-poursuite-et-prend-la-tete-du-general\/#breadcrumb\"},\"inLanguage\":\"fr-FR\",\"potentialAction\":[{\"@type\":\"ReadAction\",\"target\":[\"https:\/\/dicodusport.fr\/blog\/biathlon-finales-oslo-2025-lou-jeanmonnot-simpose-sur-la-poursuite-et-prend-la-tete-du-general\/\"]}]},{\"@type\":\"ImageObject\",\"inLanguage\":\"fr-FR\",\"@id\":\"https:\/\/dicodusport.fr\/blog\/biathlon-finales-oslo-2025-lou-jeanmonnot-simpose-sur-la-poursuite-et-prend-la-tete-du-general\/#primaryimage\",\"url\":\"https:\/\/dicodusport.fr\/blog\/wp-content\/uploads\/2025\/03\/Biathlon-Finales-Oslo-2025-Lou-Jeanmonnot-simpose-sur-la-poursuite-et-prend-la-tete-du-general-.png\",\"contentUrl\":\"https:\/\/dicodusport.fr\/blog\/wp-content\/uploads\/2025\/03\/Biathlon-Finales-Oslo-2025-Lou-Jeanmonnot-simpose-sur-la-poursuite-et-prend-la-tete-du-general-.png\",\"width\":1200,\"height\":674,\"caption\":\"Biathlon Finales Oslo 2025 Lou Jeanmonnot s'impose sur la poursuite et prend la t\u00eate du g\u00e9n\u00e9ral !\"},{\"@type\":\"BreadcrumbList\",\"@id\":\"https:\/\/dicodusport.fr\/blog\/biathlon-finales-oslo-2025-lou-jeanmonnot-simpose-sur-la-poursuite-et-prend-la-tete-du-general\/#breadcrumb\",\"itemListElement\":[{\"@type\":\"ListItem\",\"position\":1,\"name\":\"Accueil\",\"item\":\"https:\/\/dicodusport.fr\/blog\/\"},{\"@type\":\"ListItem\",\"position\":2,\"name\":\"Biathlon Finales Oslo 2025 : Lou Jeanmonnot s&rsquo;impose sur la poursuite et prend la t\u00eate du g\u00e9n\u00e9ral !\"}]},{\"@type\":\"WebSite\",\"@id\":\"https:\/\/dicodusport.fr\/blog\/#website\",\"url\":\"https:\/\/dicodusport.fr\/blog\/\",\"name\":\"Dicodusport\",\"description\":\"L&#039;encyclop\u00e9die de l&#039;actualit\u00e9 sportive\",\"publisher\":{\"@id\":\"https:\/\/dicodusport.fr\/blog\/#organization\"},\"potentialAction\":[{\"@type\":\"SearchAction\",\"target\":{\"@type\":\"EntryPoint\",\"urlTemplate\":\"https:\/\/dicodusport.fr\/blog\/?s={search_term_string}\"},\"query-input\":{\"@type\":\"PropertyValueSpecification\",\"valueRequired\":true,\"valueName\":\"search_term_string\"}}],\"inLanguage\":\"fr-FR\"},{\"@type\":\"NewsMediaOrganization\",\"@id\":\"https:\/\/dicodusport.fr\/blog\/#organization\",\"name\":\"Dicodusport\",\"url\":\"https:\/\/dicodusport.fr\/blog\/\",\"logo\":{\"@type\":\"ImageObject\",\"inLanguage\":\"fr-FR\",\"@id\":\"https:\/\/dicodusport.fr\/blog\/#\/schema\/logo\/image\/\",\"url\":\"https:\/\/dicodusport.fr\/blog\/wp-content\/uploads\/2020\/06\/cropped-LOGO-DICODUSPORT-2020-SANS-FOND-SANS-TEXTE.png\",\"contentUrl\":\"https:\/\/dicodusport.fr\/blog\/wp-content\/uploads\/2020\/06\/cropped-LOGO-DICODUSPORT-2020-SANS-FOND-SANS-TEXTE.png\",\"width\":512,\"height\":512,\"caption\":\"Dicodusport\"},\"image\":{\"@id\":\"https:\/\/dicodusport.fr\/blog\/#\/schema\/logo\/image\/\"},\"sameAs\":[\"https:\/\/www.facebook.com\/dicodusport\",\"https:\/\/x.com\/dicodusport\",\"https:\/\/www.instagram.com\/dicodusport\/\",\"https:\/\/www.youtube.com\/channel\/UC7V2KZ5sd3htJivAbA4ZG3w\"],\"description\":\"Dicodusport est l'encyclop\u00e9die de l'actualit\u00e9 sportive.\",\"email\":\"bonjour@dicodusport.fr\",\"legalName\":\"DICODUSPORT\",\"foundingDate\":\"2018-01-14\",\"vatID\":\"FR71834470973\",\"taxID\":\"83447097300043\",\"numberOfEmployees\":{\"@type\":\"QuantitativeValue\",\"minValue\":\"1\",\"maxValue\":\"10\"}},{\"@type\":\"Person\",\"@id\":\"https:\/\/dicodusport.fr\/blog\/#\/schema\/person\/b623199cba9ba90fe84a3d16e9282360\",\"name\":\"Victor Clot-Amiot\",\"image\":{\"@type\":\"ImageObject\",\"inLanguage\":\"fr-FR\",\"@id\":\"https:\/\/dicodusport.fr\/blog\/#\/schema\/person\/image\/\",\"url\":\"https:\/\/dicodusport.fr\/blog\/wp-content\/uploads\/2023\/09\/IMG_20190826_114722-150x150.jpg\",\"contentUrl\":\"https:\/\/dicodusport.fr\/blog\/wp-content\/uploads\/2023\/09\/IMG_20190826_114722-150x150.jpg\",\"caption\":\"Victor Clot-Amiot\"},\"description\":\"Passionn\u00e9 de sport depuis toujours, un jour \u00e0 l'adolescence mes parents m'ont dit : \\\"quitte \u00e0 passer ton temps \u00e0 regarder du sport, au moins va le voir en vrai\\\" ! Depuis, cette remarque ne m'a plus quitt\u00e9 et je passe une grande partie de mon temps libre \u00e0 assister \u00e0 des comp\u00e9titions de tous sports. Je m\u00eale d'ailleurs mes deux passions, le sport et les voyages afin de faire une pierre deux coups ! Outre l'US Open ou l'Euro 2021 par exemple, j'ai assist\u00e9 cet \u00e9t\u00e9 aux Mondiaux d'athl\u00e9tisme \u00e0 Budapest. Mon plus gros coup dur est et restera les JO 2020-2021 pour lesquels j'avais r\u00e9serv\u00e9 17 \u00e9preuves. La suite, vous la connaissez...\",\"sameAs\":[\"https:\/\/x.com\/https:\/\/x.com\/VictorClotAmiot\"],\"url\":\"https:\/\/dicodusport.fr\/blog\/author\/victor-clot-amiot\/\"}]}<\/script>\n<!-- \/ Yoast SEO Premium plugin. -->","yoast_head_json":{"title":"Biathlon Finales Oslo 2025 : Lou Jeanmonnot s'impose sur la poursuite et prend la t\u00eate du g\u00e9n\u00e9ral !","description":"COUPE DU MONDE DE BIATHLON 2024\/2025 - Victoire de Lou Jeanmonnot sur la poursuite. La mass start de demain sera d\u00e9cisive.","robots":{"index":"index","follow":"follow","max-snippet":"max-snippet:-1","max-image-preview":"max-image-preview:large","max-video-preview":"max-video-preview:-1"},"canonical":"https:\/\/dicodusport.fr\/blog\/biathlon-finales-oslo-2025-lou-jeanmonnot-simpose-sur-la-poursuite-et-prend-la-tete-du-general\/","og_locale":"fr_FR","og_type":"article","og_title":"Biathlon Finales Oslo 2025 : Lou Jeanmonnot s'impose sur la poursuite et prend la t\u00eate du g\u00e9n\u00e9ral !","og_description":"COUPE DU MONDE DE BIATHLON 2024\/2025 - Victoire de Lou Jeanmonnot sur la poursuite. La mass start de demain sera d\u00e9cisive.","og_url":"https:\/\/dicodusport.fr\/blog\/biathlon-finales-oslo-2025-lou-jeanmonnot-simpose-sur-la-poursuite-et-prend-la-tete-du-general\/","og_site_name":"Dicodusport","article_publisher":"https:\/\/www.facebook.com\/dicodusport","article_published_time":"2025-03-22T15:24:03+00:00","article_modified_time":"2025-07-09T16:32:28+00:00","og_image":[{"width":1200,"height":674,"url":"https:\/\/dicodusport.fr\/blog\/wp-content\/uploads\/2025\/03\/Biathlon-Finales-Oslo-2025-Lou-Jeanmonnot-simpose-sur-la-poursuite-et-prend-la-tete-du-general-.png","type":"image\/png"}],"author":"Victor Clot-Amiot","twitter_card":"summary_large_image","twitter_title":"Biathlon Finales Oslo 2025 : Lou Jeanmonnot s'impose sur la poursuite et prend la t\u00eate du g\u00e9n\u00e9ral !","twitter_creator":"@https:\/\/x.com\/VictorClotAmiot","twitter_site":"@dicodusport","schema":{"@context":"https:\/\/schema.org","@graph":[{"@type":"NewsArticle","@id":"https:\/\/dicodusport.fr\/blog\/biathlon-finales-oslo-2025-lou-jeanmonnot-simpose-sur-la-poursuite-et-prend-la-tete-du-general\/#article","isPartOf":{"@id":"https:\/\/dicodusport.fr\/blog\/biathlon-finales-oslo-2025-lou-jeanmonnot-simpose-sur-la-poursuite-et-prend-la-tete-du-general\/"},"author":{"name":"Victor Clot-Amiot","@id":"https:\/\/dicodusport.fr\/blog\/#\/schema\/person\/b623199cba9ba90fe84a3d16e9282360"},"headline":"Biathlon Finales Oslo 2025 : Lou Jeanmonnot s&rsquo;impose sur la poursuite et prend la t\u00eate du g\u00e9n\u00e9ral !","datePublished":"2025-03-22T15:24:03+00:00","dateModified":"2025-07-09T16:32:28+00:00","mainEntityOfPage":{"@id":"https:\/\/dicodusport.fr\/blog\/biathlon-finales-oslo-2025-lou-jeanmonnot-simpose-sur-la-poursuite-et-prend-la-tete-du-general\/"},"wordCount":1018,"commentCount":0,"publisher":{"@id":"https:\/\/dicodusport.fr\/blog\/#organization"},"image":{"@id":"https:\/\/dicodusport.fr\/blog\/biathlon-finales-oslo-2025-lou-jeanmonnot-simpose-sur-la-poursuite-et-prend-la-tete-du-general\/#primaryimage"},"thumbnailUrl":"https:\/\/dicodusport.fr\/blog\/wp-content\/uploads\/2025\/03\/Biathlon-Finales-Oslo-2025-Lou-Jeanmonnot-simpose-sur-la-poursuite-et-prend-la-tete-du-general-.png","keywords":["Biathlon","Biathlon Oslo-Holmenkollen","br\u00e8ve","sport"],"articleSection":["Coupe du monde de biathlon"],"inLanguage":"fr-FR","potentialAction":[{"@type":"CommentAction","name":"Comment","target":["https:\/\/dicodusport.fr\/blog\/biathlon-finales-oslo-2025-lou-jeanmonnot-simpose-sur-la-poursuite-et-prend-la-tete-du-general\/#respond"]}],"copyrightYear":"2025","copyrightHolder":{"@id":"https:\/\/dicodusport.fr\/blog\/#organization"}},{"@type":"WebPage","@id":"https:\/\/dicodusport.fr\/blog\/biathlon-finales-oslo-2025-lou-jeanmonnot-simpose-sur-la-poursuite-et-prend-la-tete-du-general\/","url":"https:\/\/dicodusport.fr\/blog\/biathlon-finales-oslo-2025-lou-jeanmonnot-simpose-sur-la-poursuite-et-prend-la-tete-du-general\/","name":"Biathlon Finales Oslo 2025 : Lou Jeanmonnot s'impose sur la poursuite et prend la t\u00eate du g\u00e9n\u00e9ral !","isPartOf":{"@id":"https:\/\/dicodusport.fr\/blog\/#website"},"primaryImageOfPage":{"@id":"https:\/\/dicodusport.fr\/blog\/biathlon-finales-oslo-2025-lou-jeanmonnot-simpose-sur-la-poursuite-et-prend-la-tete-du-general\/#primaryimage"},"image":{"@id":"https:\/\/dicodusport.fr\/blog\/biathlon-finales-oslo-2025-lou-jeanmonnot-simpose-sur-la-poursuite-et-prend-la-tete-du-general\/#primaryimage"},"thumbnailUrl":"https:\/\/dicodusport.fr\/blog\/wp-content\/uploads\/2025\/03\/Biathlon-Finales-Oslo-2025-Lou-Jeanmonnot-simpose-sur-la-poursuite-et-prend-la-tete-du-general-.png","datePublished":"2025-03-22T15:24:03+00:00","dateModified":"2025-07-09T16:32:28+00:00","description":"COUPE DU MONDE DE BIATHLON 2024\/2025 - Victoire de Lou Jeanmonnot sur la poursuite. La mass start de demain sera d\u00e9cisive.","breadcrumb":{"@id":"https:\/\/dicodusport.fr\/blog\/biathlon-finales-oslo-2025-lou-jeanmonnot-simpose-sur-la-poursuite-et-prend-la-tete-du-general\/#breadcrumb"},"inLanguage":"fr-FR","potentialAction":[{"@type":"ReadAction","target":["https:\/\/dicodusport.fr\/blog\/biathlon-finales-oslo-2025-lou-jeanmonnot-simpose-sur-la-poursuite-et-prend-la-tete-du-general\/"]}]},{"@type":"ImageObject","inLanguage":"fr-FR","@id":"https:\/\/dicodusport.fr\/blog\/biathlon-finales-oslo-2025-lou-jeanmonnot-simpose-sur-la-poursuite-et-prend-la-tete-du-general\/#primaryimage","url":"https:\/\/dicodusport.fr\/blog\/wp-content\/uploads\/2025\/03\/Biathlon-Finales-Oslo-2025-Lou-Jeanmonnot-simpose-sur-la-poursuite-et-prend-la-tete-du-general-.png","contentUrl":"https:\/\/dicodusport.fr\/blog\/wp-content\/uploads\/2025\/03\/Biathlon-Finales-Oslo-2025-Lou-Jeanmonnot-simpose-sur-la-poursuite-et-prend-la-tete-du-general-.png","width":1200,"height":674,"caption":"Biathlon Finales Oslo 2025 Lou Jeanmonnot s'impose sur la poursuite et prend la t\u00eate du g\u00e9n\u00e9ral !"},{"@type":"BreadcrumbList","@id":"https:\/\/dicodusport.fr\/blog\/biathlon-finales-oslo-2025-lou-jeanmonnot-simpose-sur-la-poursuite-et-prend-la-tete-du-general\/#breadcrumb","itemListElement":[{"@type":"ListItem","position":1,"name":"Accueil","item":"https:\/\/dicodusport.fr\/blog\/"},{"@type":"ListItem","position":2,"name":"Biathlon Finales Oslo 2025 : Lou Jeanmonnot s&rsquo;impose sur la poursuite et prend la t\u00eate du g\u00e9n\u00e9ral !"}]},{"@type":"WebSite","@id":"https:\/\/dicodusport.fr\/blog\/#website","url":"https:\/\/dicodusport.fr\/blog\/","name":"Dicodusport","description":"L&#039;encyclop\u00e9die de l&#039;actualit\u00e9 sportive","publisher":{"@id":"https:\/\/dicodusport.fr\/blog\/#organization"},"potentialAction":[{"@type":"SearchAction","target":{"@type":"EntryPoint","urlTemplate":"https:\/\/dicodusport.fr\/blog\/?s={search_term_string}"},"query-input":{"@type":"PropertyValueSpecification","valueRequired":true,"valueName":"search_term_string"}}],"inLanguage":"fr-FR"},{"@type":"NewsMediaOrganization","@id":"https:\/\/dicodusport.fr\/blog\/#organization","name":"Dicodusport","url":"https:\/\/dicodusport.fr\/blog\/","logo":{"@type":"ImageObject","inLanguage":"fr-FR","@id":"https:\/\/dicodusport.fr\/blog\/#\/schema\/logo\/image\/","url":"https:\/\/dicodusport.fr\/blog\/wp-content\/uploads\/2020\/06\/cropped-LOGO-DICODUSPORT-2020-SANS-FOND-SANS-TEXTE.png","contentUrl":"https:\/\/dicodusport.fr\/blog\/wp-content\/uploads\/2020\/06\/cropped-LOGO-DICODUSPORT-2020-SANS-FOND-SANS-TEXTE.png","width":512,"height":512,"caption":"Dicodusport"},"image":{"@id":"https:\/\/dicodusport.fr\/blog\/#\/schema\/logo\/image\/"},"sameAs":["https:\/\/www.facebook.com\/dicodusport","https:\/\/x.com\/dicodusport","https:\/\/www.instagram.com\/dicodusport\/","https:\/\/www.youtube.com\/channel\/UC7V2KZ5sd3htJivAbA4ZG3w"],"description":"Dicodusport est l'encyclop\u00e9die de l'actualit\u00e9 sportive.","email":"bonjour@dicodusport.fr","legalName":"DICODUSPORT","foundingDate":"2018-01-14","vatID":"FR71834470973","taxID":"83447097300043","numberOfEmployees":{"@type":"QuantitativeValue","minValue":"1","maxValue":"10"}},{"@type":"Person","@id":"https:\/\/dicodusport.fr\/blog\/#\/schema\/person\/b623199cba9ba90fe84a3d16e9282360","name":"Victor Clot-Amiot","image":{"@type":"ImageObject","inLanguage":"fr-FR","@id":"https:\/\/dicodusport.fr\/blog\/#\/schema\/person\/image\/","url":"https:\/\/dicodusport.fr\/blog\/wp-content\/uploads\/2023\/09\/IMG_20190826_114722-150x150.jpg","contentUrl":"https:\/\/dicodusport.fr\/blog\/wp-content\/uploads\/2023\/09\/IMG_20190826_114722-150x150.jpg","caption":"Victor Clot-Amiot"},"description":"Passionn\u00e9 de sport depuis toujours, un jour \u00e0 l'adolescence mes parents m'ont dit : \"quitte \u00e0 passer ton temps \u00e0 regarder du sport, au moins va le voir en vrai\" ! Depuis, cette remarque ne m'a plus quitt\u00e9 et je passe une grande partie de mon temps libre \u00e0 assister \u00e0 des comp\u00e9titions de tous sports. Je m\u00eale d'ailleurs mes deux passions, le sport et les voyages afin de faire une pierre deux coups ! Outre l'US Open ou l'Euro 2021 par exemple, j'ai assist\u00e9 cet \u00e9t\u00e9 aux Mondiaux d'athl\u00e9tisme \u00e0 Budapest. Mon plus gros coup dur est et restera les JO 2020-2021 pour lesquels j'avais r\u00e9serv\u00e9 17 \u00e9preuves. La suite, vous la connaissez...","sameAs":["https:\/\/x.com\/https:\/\/x.com\/VictorClotAmiot"],"url":"https:\/\/dicodusport.fr\/blog\/author\/victor-clot-amiot\/"}]}},"_links":{"self":[{"href":"https:\/\/dicodusport.fr\/blog\/wp-json\/wp\/v2\/posts\/566193","targetHints":{"allow":["GET"]}}],"collection":[{"href":"https:\/\/dicodusport.fr\/blog\/wp-json\/wp\/v2\/posts"}],"about":[{"href":"https:\/\/dicodusport.fr\/blog\/wp-json\/wp\/v2\/types\/post"}],"author":[{"embeddable":true,"href":"https:\/\/dicodusport.fr\/blog\/wp-json\/wp\/v2\/users\/91"}],"replies":[{"embeddable":true,"href":"https:\/\/dicodusport.fr\/blog\/wp-json\/wp\/v2\/comments?post=566193"}],"version-history":[{"count":5,"href":"https:\/\/dicodusport.fr\/blog\/wp-json\/wp\/v2\/posts\/566193\/revisions"}],"predecessor-version":[{"id":566513,"href":"https:\/\/dicodusport.fr\/blog\/wp-json\/wp\/v2\/posts\/566193\/revisions\/566513"}],"wp:featuredmedia":[{"embeddable":true,"href":"https:\/\/dicodusport.fr\/blog\/wp-json\/wp\/v2\/media\/566546"}],"wp:attachment":[{"href":"https:\/\/dicodusport.fr\/blog\/wp-json\/wp\/v2\/media?parent=566193"}],"wp:term":[{"taxonomy":"category","embeddable":true,"href":"https:\/\/dicodusport.fr\/blog\/wp-json\/wp\/v2\/categories?post=566193"},{"taxonomy":"post_tag","embeddable":true,"href":"https:\/\/dicodusport.fr\/blog\/wp-json\/wp\/v2\/tags?post=566193"}],"curies":[{"name":"wp","href":"https:\/\/api.w.org\/{rel}","templated":true}]}}