{"id":566283,"date":"2025-03-22T16:56:35","date_gmt":"2025-03-22T15:56:35","guid":{"rendered":"https:\/\/dicodusport.fr\/blog\/?p=566283&#038;preview=true&#038;preview_id=566283"},"modified":"2025-03-22T17:23:05","modified_gmt":"2025-03-22T16:23:05","slug":"milan-san-remo-2025-mathieu-van-der-poel-remporte-une-magnifique-116eme-edition","status":"publish","type":"post","link":"https:\/\/dicodusport.fr\/blog\/milan-san-remo-2025-mathieu-van-der-poel-remporte-une-magnifique-116eme-edition\/","title":{"rendered":"Milan-San Remo 2025 : Mathieu van der Poel remporte une magnifique 116\u00e8me \u00e9dition !"},"content":{"rendered":"<h4 style=\"text-align: justify;\"><em><strong>MILAN-SAN REMO 2025 &#8211; Mathieu van der Poel (Alpecin-Deceuninck) a remport\u00e9 le premier des cinq Monuments de la saison 2025, samedi : Milan San Remo. Le N\u00e9erlandais a devanc\u00e9 Filippo Ganna (INEOS Grenadiers) et Tadej Poga\u010dar (UAE Team Emirates XRG). Van der Poel a d\u00e9croch\u00e9 son septi\u00e8me Monument en carri\u00e8re.<\/strong><\/em><\/h4>\n<ul style=\"text-align: justify;\">\n<li style=\"text-align: justify;\"><strong>\u00c0 ce sujet &#8211;\u00a0<a href=\"https:\/\/dicodusport.fr\/blog\/actualites\/cyclisme\/cyclisme-sur-route-2025\/\">L\u2019actualit\u00e9 du cyclisme sur route<\/a><\/strong><\/li>\n<\/ul>\n<p style=\"text-align: justify;\">Pour cette 116\u00e8me \u00e9dition, les organisateurs ont conserv\u00e9 le parcours traditionnel avec un d\u00e9part \u00e0 Pavia pour la deuxi\u00e8me ann\u00e9e cons\u00e9cutive. Bien s\u00fbr, les coureurs avaient \u00e0 affronter presque 300 kilom\u00e8tres (avec le d\u00e9part fictif) et les c\u00e9l\u00e8bres capis sur le bord de mer.<\/p>\n<ul style=\"text-align: justify;\">\n<li><strong>\u00c0 ce sujet &#8211; <a href=\"https:\/\/dicodusport.fr\/blog\/milan-san-remo-2025-classement-et-resultats\/\">Milan-San Remo 2025 &#8211; Classement et r\u00e9sultats<\/a><\/strong><\/li>\n<\/ul>\n<p style=\"text-align: justify;\">D&rsquo;abord, huit coureurs ont form\u00e9 l&rsquo;\u00e9chapp\u00e9e matinale : <strong>Kristian Sbaragli, Mark Stewart, Tommaso Nencini<\/strong> (Team Solution Tech &#8211; Vini Fantini), <strong>Alessandro Verre, Mathis Le Berre<\/strong> (Arkea B&amp;B H\u00f4tels), <strong>Martin Marcellusi<\/strong> et <strong>Filippo Turconi<\/strong> (Green Project Bardiani). Leur avance est mont\u00e9e \u00e0 6 minutes apr\u00e8s 40 kilom\u00e8tres de course. Puis, <strong>Silvan Dillier<\/strong> (Alpecin-Deceuninck) a maintenu l&rsquo;\u00e9cart autour des 3 minutes 30 pendant de longs kilom\u00e8tres.<\/p>\n<p style=\"text-align: justify;\"><strong>Tommaso Nencini<\/strong> (Team Solution Tech &#8211; Vini Fantini) a \u00e9t\u00e9 l\u00e2ch\u00e9 dans le Capo Cervo alors que <strong>Martin Marcellusi<\/strong> (Green Project Bardiani) s&rsquo;est isol\u00e9 dans le Capo Berta. Mais, le coureur italien a \u00e9t\u00e9 aval\u00e9 par le peloton, emmen\u00e9 par toutes les \u00e9quipes des favoris, au pied de la Cipressa.<\/p>\n<p style=\"text-align: justify;\">Dans l\u2019avant-derni\u00e8re difficult\u00e9 du jour, l&rsquo;\u00e9quipe UAE Team Emirates XRG a impos\u00e9 un rythme tr\u00e8s important pour faire exploser le peloton. Apr\u00e8s des gros relais de <strong>Tim Wellens<\/strong> et <strong>Jhonatan Narvaez<\/strong> (UAE Team Emirates XRG), <strong>Tadej Poga\u010dar<\/strong>\u00a0(UAE Team Emirates XRG) a port\u00e9 une puissante attaque. Seuls, <strong>Mathieu van der Poel<\/strong> (Alpecin-Deceuninck) et <strong>Filippo Ganna<\/strong> (INEOS Grenadiers) ont pu suivre le champion du monde. Malheureusement, <strong>Romain Gr\u00e9goire<\/strong> (Groupama FDJ) a \u00e9t\u00e9 le dernier \u00e0 craquer.<\/p>\n<h2 style=\"text-align: justify;\">Poga\u010dar a tout tent\u00e9<\/h2>\n<p style=\"text-align: justify;\">Dans le Poggio, <strong>Tadej\u00a0<\/strong><strong>Poga\u010dar <\/strong>a attaqu\u00e9 \u00e0 plusieurs reprises. <strong>Mathieu van der Poel <\/strong>a pu suivre le Slov\u00e8ne, mais <strong>Filippo Ganna <\/strong>s\u2019est accroch\u00e9 pour garder quelques longueurs de retard sur le duo de t\u00eate. <strong>Mathieu van der Poel <\/strong>a tent\u00e9 de surprendre en vain <strong>Tadej Poga\u010dar <\/strong>sur le sommet, comme lors de son premier succ\u00e8s.<\/p>\n<p style=\"text-align: justify;\">Par la suite, <strong>Filippo Ganna <\/strong>a r\u00e9ussi \u00e0 revenir sur le duo de t\u00eate \u00e0 800 m\u00e8tres de la ligne d&rsquo;arriv\u00e9e. Finalement, <strong>Mathieu van der Poel <\/strong>a lanc\u00e9 de loin le sprint \u00e0 plus de 250 m\u00e8tres de la ligne. <strong>Filippo Ganna <\/strong>a rapidement perdu quelques m\u00e8tres et le Batave a remport\u00e9 pour la deuxi\u00e8me fois la Primavera. <strong>Filippo Ganna<\/strong> (INEOS Grenadiers) a fini deuxi\u00e8me devant <strong>Tadej Poga\u010dar<\/strong>.<\/p>\n<blockquote class=\"twitter-tweet\">\n<p dir=\"ltr\" lang=\"fr\">\ud835\udde0\ud835\uddee\ud835\ude01\ud835\uddf5\ud835\uddf6\ud835\uddf2\ud835\ude02 \ud835\ude03\ud835\uddee\ud835\uddfb \ud835\uddf1\ud835\uddf2\ud835\uddff \ud835\udde3\ud835\uddfc\ud835\uddf2\ud835\uddf9 \ud835\ude01\ud835\uddff\ud835\uddf6\ud835\uddfc\ud835\uddfa\ud835\uddfd\ud835\uddf5\ud835\uddf2 \ud835\ude00\ud835\ude02\ud835\uddff \ud835\udde0\ud835\uddf6\ud835\uddf9\ud835\uddee\ud835\uddfb-\ud835\udde6\ud835\uddee\ud835\uddfb\ud835\uddff\ud835\uddf2\ud835\uddfa\ud835\uddfc ! Le N\u00e9erlandais prend le meilleur sur Filippo Ganna et Tadej Pogacar au sprint et inscrit son nom au palmar\u00e8s de la Primavera pour la 2e fois apr\u00e8s 2023 <a href=\"https:\/\/twitter.com\/hashtag\/MilanoSanremo?src=hash&amp;ref_src=twsrc%5Etfw\">#MilanoSanremo<\/a> <a href=\"https:\/\/twitter.com\/hashtag\/LesRP?src=hash&amp;ref_src=twsrc%5Etfw\">#LesRP<\/a> <a href=\"https:\/\/t.co\/oABuFAsZmg\">pic.twitter.com\/oABuFAsZmg<\/a><\/p>\n<p>\u2014 Eurosport France (@Eurosport_FR) <a href=\"https:\/\/twitter.com\/Eurosport_FR\/status\/1903475855101210813?ref_src=twsrc%5Etfw\">March 22, 2025<\/a><\/p><\/blockquote>\n<p><script async src=\"https:\/\/platform.twitter.com\/widgets.js\" charset=\"utf-8\"><\/script><\/p>\n<p style=\"text-align: justify;\">\u00c0 43 secondes, <strong>Michael Matthews<\/strong> (Jayco AlUla) a \u00e9t\u00e9 r\u00e9gl\u00e9 le peloton pour prendre la quatri\u00e8me place devant <strong>Kaden Groves<\/strong> (Alpecin-Deceuninck), <strong>Magnus Cort<\/strong> (Uno X Mobility) et <strong>Mads Pedersen<\/strong> (Lidl-Trek).<\/p>\n","protected":false},"excerpt":{"rendered":"<p>D\u00e9couvrez le parcours d\u00e9taill\u00e9 et le profil de cette 116\u00e8me \u00e9dition de Milan-San Remo, qui se d\u00e9roule ce samedi 22 mars 2025, entre Pavia et Sanremo (290,7 km).<\/p>\n","protected":false},"author":48,"featured_media":566538,"comment_status":"open","ping_status":"closed","sticky":false,"template":"","format":"standard","meta":{"_acf_changed":false,"_daextam_enable_autolinks":"1","footnotes":""},"categories":[46994],"tags":[3119,16878,4162,24],"class_list":["post-566283","post","type-post","status-publish","format-standard","has-post-thumbnail","hentry","category-cyclisme-sur-route","tag-actualite-cyclisme","tag-breve","tag-milan-san-remo","tag-sport"],"acf":[],"yoast_head":"<!-- This site is optimized with the Yoast SEO Premium plugin v26.7 (Yoast SEO v26.7) - https:\/\/yoast.com\/wordpress\/plugins\/seo\/ -->\n<title>Milan-San Remo 2025 : Mathieu van der Poel remporte une magnifique 116\u00e8me \u00e9dition !<\/title>\n<meta name=\"description\" content=\"MILAN-SAN REMO 2025 - Mathieu van der Poel (Alpecin-Deceuninck) a remport\u00e9 Milan San Remo devant Filippo Ganna et Tadej Poga\u010dar.\" \/>\n<meta name=\"robots\" content=\"index, follow, max-snippet:-1, max-image-preview:large, max-video-preview:-1\" \/>\n<link rel=\"canonical\" href=\"https:\/\/dicodusport.fr\/blog\/milan-san-remo-2025-mathieu-van-der-poel-remporte-une-magnifique-116eme-edition\/\" \/>\n<meta property=\"og:locale\" content=\"fr_FR\" \/>\n<meta property=\"og:type\" content=\"article\" \/>\n<meta property=\"og:title\" content=\"Milan-San Remo 2025 : Mathieu van der Poel remporte une magnifique 116\u00e8me \u00e9dition !\" \/>\n<meta property=\"og:description\" content=\"MILAN-SAN REMO 2025 - Mathieu van der Poel (Alpecin-Deceuninck) a remport\u00e9 Milan San Remo devant Filippo Ganna et Tadej Poga\u010dar.\" \/>\n<meta property=\"og:url\" content=\"https:\/\/dicodusport.fr\/blog\/milan-san-remo-2025-mathieu-van-der-poel-remporte-une-magnifique-116eme-edition\/\" \/>\n<meta property=\"og:site_name\" content=\"Dicodusport\" \/>\n<meta property=\"article:publisher\" content=\"https:\/\/www.facebook.com\/dicodusport\" \/>\n<meta property=\"article:author\" content=\"https:\/\/www.facebook.com\/groups\/LesRoisDuPeloton\" \/>\n<meta property=\"article:published_time\" content=\"2025-03-22T15:56:35+00:00\" \/>\n<meta property=\"article:modified_time\" content=\"2025-03-22T16:23:05+00:00\" \/>\n<meta property=\"og:image\" content=\"https:\/\/dicodusport.fr\/blog\/wp-content\/uploads\/2025\/03\/Milan-San-Remo-2025-Mathieu-van-der-Poel-remporte-une-magnifique-116eme-edition-1-1.png\" \/>\n\t<meta property=\"og:image:width\" content=\"1200\" \/>\n\t<meta property=\"og:image:height\" content=\"674\" \/>\n\t<meta property=\"og:image:type\" content=\"image\/png\" \/>\n<meta name=\"author\" content=\"Emilien Descampiaux\" \/>\n<meta name=\"twitter:card\" content=\"summary_large_image\" \/>\n<meta name=\"twitter:title\" content=\"Milan-San Remo 2025 : Mathieu van der Poel remporte une magnifique 116\u00e8me \u00e9dition !\" \/>\n<meta name=\"twitter:creator\" content=\"@https:\/\/twitter.com\/LRoisDuPeloton\" \/>\n<meta name=\"twitter:site\" content=\"@dicodusport\" \/>\n<script type=\"application\/ld+json\" class=\"yoast-schema-graph\">{\"@context\":\"https:\/\/schema.org\",\"@graph\":[{\"@type\":\"NewsArticle\",\"@id\":\"https:\/\/dicodusport.fr\/blog\/milan-san-remo-2025-mathieu-van-der-poel-remporte-une-magnifique-116eme-edition\/#article\",\"isPartOf\":{\"@id\":\"https:\/\/dicodusport.fr\/blog\/milan-san-remo-2025-mathieu-van-der-poel-remporte-une-magnifique-116eme-edition\/\"},\"author\":{\"name\":\"Emilien Descampiaux\",\"@id\":\"https:\/\/dicodusport.fr\/blog\/#\/schema\/person\/6db4bae06b171592211be385b32876a7\"},\"headline\":\"Milan-San Remo 2025 : Mathieu van der Poel remporte une magnifique 116\u00e8me \u00e9dition !\",\"datePublished\":\"2025-03-22T15:56:35+00:00\",\"dateModified\":\"2025-03-22T16:23:05+00:00\",\"mainEntityOfPage\":{\"@id\":\"https:\/\/dicodusport.fr\/blog\/milan-san-remo-2025-mathieu-van-der-poel-remporte-une-magnifique-116eme-edition\/\"},\"wordCount\":545,\"commentCount\":0,\"publisher\":{\"@id\":\"https:\/\/dicodusport.fr\/blog\/#organization\"},\"image\":{\"@id\":\"https:\/\/dicodusport.fr\/blog\/milan-san-remo-2025-mathieu-van-der-poel-remporte-une-magnifique-116eme-edition\/#primaryimage\"},\"thumbnailUrl\":\"https:\/\/dicodusport.fr\/blog\/wp-content\/uploads\/2025\/03\/Milan-San-Remo-2025-Mathieu-van-der-Poel-remporte-une-magnifique-116eme-edition-1-1.png\",\"keywords\":[\"Actualit\u00e9 Cyclisme\",\"br\u00e8ve\",\"Milan-San Remo\",\"sport\"],\"articleSection\":[\"Cyclisme sur route\"],\"inLanguage\":\"fr-FR\",\"potentialAction\":[{\"@type\":\"CommentAction\",\"name\":\"Comment\",\"target\":[\"https:\/\/dicodusport.fr\/blog\/milan-san-remo-2025-mathieu-van-der-poel-remporte-une-magnifique-116eme-edition\/#respond\"]}],\"copyrightYear\":\"2025\",\"copyrightHolder\":{\"@id\":\"https:\/\/dicodusport.fr\/blog\/#organization\"}},{\"@type\":\"WebPage\",\"@id\":\"https:\/\/dicodusport.fr\/blog\/milan-san-remo-2025-mathieu-van-der-poel-remporte-une-magnifique-116eme-edition\/\",\"url\":\"https:\/\/dicodusport.fr\/blog\/milan-san-remo-2025-mathieu-van-der-poel-remporte-une-magnifique-116eme-edition\/\",\"name\":\"Milan-San Remo 2025 : Mathieu van der Poel remporte une magnifique 116\u00e8me \u00e9dition !\",\"isPartOf\":{\"@id\":\"https:\/\/dicodusport.fr\/blog\/#website\"},\"primaryImageOfPage\":{\"@id\":\"https:\/\/dicodusport.fr\/blog\/milan-san-remo-2025-mathieu-van-der-poel-remporte-une-magnifique-116eme-edition\/#primaryimage\"},\"image\":{\"@id\":\"https:\/\/dicodusport.fr\/blog\/milan-san-remo-2025-mathieu-van-der-poel-remporte-une-magnifique-116eme-edition\/#primaryimage\"},\"thumbnailUrl\":\"https:\/\/dicodusport.fr\/blog\/wp-content\/uploads\/2025\/03\/Milan-San-Remo-2025-Mathieu-van-der-Poel-remporte-une-magnifique-116eme-edition-1-1.png\",\"datePublished\":\"2025-03-22T15:56:35+00:00\",\"dateModified\":\"2025-03-22T16:23:05+00:00\",\"description\":\"MILAN-SAN REMO 2025 - Mathieu van der Poel (Alpecin-Deceuninck) a remport\u00e9 Milan San Remo devant Filippo Ganna et Tadej Poga\u010dar.\",\"breadcrumb\":{\"@id\":\"https:\/\/dicodusport.fr\/blog\/milan-san-remo-2025-mathieu-van-der-poel-remporte-une-magnifique-116eme-edition\/#breadcrumb\"},\"inLanguage\":\"fr-FR\",\"potentialAction\":[{\"@type\":\"ReadAction\",\"target\":[\"https:\/\/dicodusport.fr\/blog\/milan-san-remo-2025-mathieu-van-der-poel-remporte-une-magnifique-116eme-edition\/\"]}]},{\"@type\":\"ImageObject\",\"inLanguage\":\"fr-FR\",\"@id\":\"https:\/\/dicodusport.fr\/blog\/milan-san-remo-2025-mathieu-van-der-poel-remporte-une-magnifique-116eme-edition\/#primaryimage\",\"url\":\"https:\/\/dicodusport.fr\/blog\/wp-content\/uploads\/2025\/03\/Milan-San-Remo-2025-Mathieu-van-der-Poel-remporte-une-magnifique-116eme-edition-1-1.png\",\"contentUrl\":\"https:\/\/dicodusport.fr\/blog\/wp-content\/uploads\/2025\/03\/Milan-San-Remo-2025-Mathieu-van-der-Poel-remporte-une-magnifique-116eme-edition-1-1.png\",\"width\":1200,\"height\":674,\"caption\":\"Milan-San Remo 2025 Mathieu van der Poel remporte une magnifique 116\u00e8me \u00e9dition !\"},{\"@type\":\"BreadcrumbList\",\"@id\":\"https:\/\/dicodusport.fr\/blog\/milan-san-remo-2025-mathieu-van-der-poel-remporte-une-magnifique-116eme-edition\/#breadcrumb\",\"itemListElement\":[{\"@type\":\"ListItem\",\"position\":1,\"name\":\"Accueil\",\"item\":\"https:\/\/dicodusport.fr\/blog\/\"},{\"@type\":\"ListItem\",\"position\":2,\"name\":\"Milan-San Remo 2025 : Mathieu van der Poel remporte une magnifique 116\u00e8me \u00e9dition !\"}]},{\"@type\":\"WebSite\",\"@id\":\"https:\/\/dicodusport.fr\/blog\/#website\",\"url\":\"https:\/\/dicodusport.fr\/blog\/\",\"name\":\"Dicodusport\",\"description\":\"L&#039;encyclop\u00e9die de l&#039;actualit\u00e9 sportive\",\"publisher\":{\"@id\":\"https:\/\/dicodusport.fr\/blog\/#organization\"},\"potentialAction\":[{\"@type\":\"SearchAction\",\"target\":{\"@type\":\"EntryPoint\",\"urlTemplate\":\"https:\/\/dicodusport.fr\/blog\/?s={search_term_string}\"},\"query-input\":{\"@type\":\"PropertyValueSpecification\",\"valueRequired\":true,\"valueName\":\"search_term_string\"}}],\"inLanguage\":\"fr-FR\"},{\"@type\":\"NewsMediaOrganization\",\"@id\":\"https:\/\/dicodusport.fr\/blog\/#organization\",\"name\":\"Dicodusport\",\"url\":\"https:\/\/dicodusport.fr\/blog\/\",\"logo\":{\"@type\":\"ImageObject\",\"inLanguage\":\"fr-FR\",\"@id\":\"https:\/\/dicodusport.fr\/blog\/#\/schema\/logo\/image\/\",\"url\":\"https:\/\/dicodusport.fr\/blog\/wp-content\/uploads\/2020\/06\/cropped-LOGO-DICODUSPORT-2020-SANS-FOND-SANS-TEXTE.png\",\"contentUrl\":\"https:\/\/dicodusport.fr\/blog\/wp-content\/uploads\/2020\/06\/cropped-LOGO-DICODUSPORT-2020-SANS-FOND-SANS-TEXTE.png\",\"width\":512,\"height\":512,\"caption\":\"Dicodusport\"},\"image\":{\"@id\":\"https:\/\/dicodusport.fr\/blog\/#\/schema\/logo\/image\/\"},\"sameAs\":[\"https:\/\/www.facebook.com\/dicodusport\",\"https:\/\/x.com\/dicodusport\",\"https:\/\/www.instagram.com\/dicodusport\/\",\"https:\/\/www.youtube.com\/channel\/UC7V2KZ5sd3htJivAbA4ZG3w\"],\"description\":\"Dicodusport est l'encyclop\u00e9die de l'actualit\u00e9 sportive.\",\"email\":\"bonjour@dicodusport.fr\",\"legalName\":\"DICODUSPORT\",\"foundingDate\":\"2018-01-14\",\"vatID\":\"FR71834470973\",\"taxID\":\"83447097300043\",\"numberOfEmployees\":{\"@type\":\"QuantitativeValue\",\"minValue\":\"1\",\"maxValue\":\"10\"}},{\"@type\":\"Person\",\"@id\":\"https:\/\/dicodusport.fr\/blog\/#\/schema\/person\/6db4bae06b171592211be385b32876a7\",\"name\":\"Emilien Descampiaux\",\"image\":{\"@type\":\"ImageObject\",\"inLanguage\":\"fr-FR\",\"@id\":\"https:\/\/dicodusport.fr\/blog\/#\/schema\/person\/image\/\",\"url\":\"https:\/\/dicodusport.fr\/blog\/wp-content\/uploads\/2021\/05\/Emilien-Descampiaux-150x150.jpg\",\"contentUrl\":\"https:\/\/dicodusport.fr\/blog\/wp-content\/uploads\/2021\/05\/Emilien-Descampiaux-150x150.jpg\",\"caption\":\"Emilien Descampiaux\"},\"description\":\"Journaliste\/r\u00e9dacteur depuis 2014 - Fan de la classe de Frank Vandenbroucke, je vis cyclisme (et de ses paysages) depuis plus de 20 ans. Je suis tr\u00e8s impliqu\u00e9 sur mes diff\u00e9rents r\u00e9seaux sociaux pour partager ma passion sur le monde et l'Histoire de la bicyclette avec ma voix sur les images en noir et blanc du succ\u00e8s de Rik Van Steenbergen lors du Ronde sur le V\u00e9lodrome de Gand.\",\"sameAs\":[\"https:\/\/www.facebook.com\/groups\/LesRoisDuPeloton\",\"https:\/\/x.com\/https:\/\/twitter.com\/LRoisDuPeloton\"],\"url\":\"https:\/\/dicodusport.fr\/blog\/author\/emiliend\/\"}]}<\/script>\n<!-- \/ Yoast SEO Premium plugin. -->","yoast_head_json":{"title":"Milan-San Remo 2025 : Mathieu van der Poel remporte une magnifique 116\u00e8me \u00e9dition !","description":"MILAN-SAN REMO 2025 - Mathieu van der Poel (Alpecin-Deceuninck) a remport\u00e9 Milan San Remo devant Filippo Ganna et Tadej Poga\u010dar.","robots":{"index":"index","follow":"follow","max-snippet":"max-snippet:-1","max-image-preview":"max-image-preview:large","max-video-preview":"max-video-preview:-1"},"canonical":"https:\/\/dicodusport.fr\/blog\/milan-san-remo-2025-mathieu-van-der-poel-remporte-une-magnifique-116eme-edition\/","og_locale":"fr_FR","og_type":"article","og_title":"Milan-San Remo 2025 : Mathieu van der Poel remporte une magnifique 116\u00e8me \u00e9dition !","og_description":"MILAN-SAN REMO 2025 - Mathieu van der Poel (Alpecin-Deceuninck) a remport\u00e9 Milan San Remo devant Filippo Ganna et Tadej Poga\u010dar.","og_url":"https:\/\/dicodusport.fr\/blog\/milan-san-remo-2025-mathieu-van-der-poel-remporte-une-magnifique-116eme-edition\/","og_site_name":"Dicodusport","article_publisher":"https:\/\/www.facebook.com\/dicodusport","article_author":"https:\/\/www.facebook.com\/groups\/LesRoisDuPeloton","article_published_time":"2025-03-22T15:56:35+00:00","article_modified_time":"2025-03-22T16:23:05+00:00","og_image":[{"width":1200,"height":674,"url":"https:\/\/dicodusport.fr\/blog\/wp-content\/uploads\/2025\/03\/Milan-San-Remo-2025-Mathieu-van-der-Poel-remporte-une-magnifique-116eme-edition-1-1.png","type":"image\/png"}],"author":"Emilien Descampiaux","twitter_card":"summary_large_image","twitter_title":"Milan-San Remo 2025 : Mathieu van der Poel remporte une magnifique 116\u00e8me \u00e9dition !","twitter_creator":"@https:\/\/twitter.com\/LRoisDuPeloton","twitter_site":"@dicodusport","schema":{"@context":"https:\/\/schema.org","@graph":[{"@type":"NewsArticle","@id":"https:\/\/dicodusport.fr\/blog\/milan-san-remo-2025-mathieu-van-der-poel-remporte-une-magnifique-116eme-edition\/#article","isPartOf":{"@id":"https:\/\/dicodusport.fr\/blog\/milan-san-remo-2025-mathieu-van-der-poel-remporte-une-magnifique-116eme-edition\/"},"author":{"name":"Emilien Descampiaux","@id":"https:\/\/dicodusport.fr\/blog\/#\/schema\/person\/6db4bae06b171592211be385b32876a7"},"headline":"Milan-San Remo 2025 : Mathieu van der Poel remporte une magnifique 116\u00e8me \u00e9dition !","datePublished":"2025-03-22T15:56:35+00:00","dateModified":"2025-03-22T16:23:05+00:00","mainEntityOfPage":{"@id":"https:\/\/dicodusport.fr\/blog\/milan-san-remo-2025-mathieu-van-der-poel-remporte-une-magnifique-116eme-edition\/"},"wordCount":545,"commentCount":0,"publisher":{"@id":"https:\/\/dicodusport.fr\/blog\/#organization"},"image":{"@id":"https:\/\/dicodusport.fr\/blog\/milan-san-remo-2025-mathieu-van-der-poel-remporte-une-magnifique-116eme-edition\/#primaryimage"},"thumbnailUrl":"https:\/\/dicodusport.fr\/blog\/wp-content\/uploads\/2025\/03\/Milan-San-Remo-2025-Mathieu-van-der-Poel-remporte-une-magnifique-116eme-edition-1-1.png","keywords":["Actualit\u00e9 Cyclisme","br\u00e8ve","Milan-San Remo","sport"],"articleSection":["Cyclisme sur route"],"inLanguage":"fr-FR","potentialAction":[{"@type":"CommentAction","name":"Comment","target":["https:\/\/dicodusport.fr\/blog\/milan-san-remo-2025-mathieu-van-der-poel-remporte-une-magnifique-116eme-edition\/#respond"]}],"copyrightYear":"2025","copyrightHolder":{"@id":"https:\/\/dicodusport.fr\/blog\/#organization"}},{"@type":"WebPage","@id":"https:\/\/dicodusport.fr\/blog\/milan-san-remo-2025-mathieu-van-der-poel-remporte-une-magnifique-116eme-edition\/","url":"https:\/\/dicodusport.fr\/blog\/milan-san-remo-2025-mathieu-van-der-poel-remporte-une-magnifique-116eme-edition\/","name":"Milan-San Remo 2025 : Mathieu van der Poel remporte une magnifique 116\u00e8me \u00e9dition !","isPartOf":{"@id":"https:\/\/dicodusport.fr\/blog\/#website"},"primaryImageOfPage":{"@id":"https:\/\/dicodusport.fr\/blog\/milan-san-remo-2025-mathieu-van-der-poel-remporte-une-magnifique-116eme-edition\/#primaryimage"},"image":{"@id":"https:\/\/dicodusport.fr\/blog\/milan-san-remo-2025-mathieu-van-der-poel-remporte-une-magnifique-116eme-edition\/#primaryimage"},"thumbnailUrl":"https:\/\/dicodusport.fr\/blog\/wp-content\/uploads\/2025\/03\/Milan-San-Remo-2025-Mathieu-van-der-Poel-remporte-une-magnifique-116eme-edition-1-1.png","datePublished":"2025-03-22T15:56:35+00:00","dateModified":"2025-03-22T16:23:05+00:00","description":"MILAN-SAN REMO 2025 - Mathieu van der Poel (Alpecin-Deceuninck) a remport\u00e9 Milan San Remo devant Filippo Ganna et Tadej Poga\u010dar.","breadcrumb":{"@id":"https:\/\/dicodusport.fr\/blog\/milan-san-remo-2025-mathieu-van-der-poel-remporte-une-magnifique-116eme-edition\/#breadcrumb"},"inLanguage":"fr-FR","potentialAction":[{"@type":"ReadAction","target":["https:\/\/dicodusport.fr\/blog\/milan-san-remo-2025-mathieu-van-der-poel-remporte-une-magnifique-116eme-edition\/"]}]},{"@type":"ImageObject","inLanguage":"fr-FR","@id":"https:\/\/dicodusport.fr\/blog\/milan-san-remo-2025-mathieu-van-der-poel-remporte-une-magnifique-116eme-edition\/#primaryimage","url":"https:\/\/dicodusport.fr\/blog\/wp-content\/uploads\/2025\/03\/Milan-San-Remo-2025-Mathieu-van-der-Poel-remporte-une-magnifique-116eme-edition-1-1.png","contentUrl":"https:\/\/dicodusport.fr\/blog\/wp-content\/uploads\/2025\/03\/Milan-San-Remo-2025-Mathieu-van-der-Poel-remporte-une-magnifique-116eme-edition-1-1.png","width":1200,"height":674,"caption":"Milan-San Remo 2025 Mathieu van der Poel remporte une magnifique 116\u00e8me \u00e9dition !"},{"@type":"BreadcrumbList","@id":"https:\/\/dicodusport.fr\/blog\/milan-san-remo-2025-mathieu-van-der-poel-remporte-une-magnifique-116eme-edition\/#breadcrumb","itemListElement":[{"@type":"ListItem","position":1,"name":"Accueil","item":"https:\/\/dicodusport.fr\/blog\/"},{"@type":"ListItem","position":2,"name":"Milan-San Remo 2025 : Mathieu van der Poel remporte une magnifique 116\u00e8me \u00e9dition !"}]},{"@type":"WebSite","@id":"https:\/\/dicodusport.fr\/blog\/#website","url":"https:\/\/dicodusport.fr\/blog\/","name":"Dicodusport","description":"L&#039;encyclop\u00e9die de l&#039;actualit\u00e9 sportive","publisher":{"@id":"https:\/\/dicodusport.fr\/blog\/#organization"},"potentialAction":[{"@type":"SearchAction","target":{"@type":"EntryPoint","urlTemplate":"https:\/\/dicodusport.fr\/blog\/?s={search_term_string}"},"query-input":{"@type":"PropertyValueSpecification","valueRequired":true,"valueName":"search_term_string"}}],"inLanguage":"fr-FR"},{"@type":"NewsMediaOrganization","@id":"https:\/\/dicodusport.fr\/blog\/#organization","name":"Dicodusport","url":"https:\/\/dicodusport.fr\/blog\/","logo":{"@type":"ImageObject","inLanguage":"fr-FR","@id":"https:\/\/dicodusport.fr\/blog\/#\/schema\/logo\/image\/","url":"https:\/\/dicodusport.fr\/blog\/wp-content\/uploads\/2020\/06\/cropped-LOGO-DICODUSPORT-2020-SANS-FOND-SANS-TEXTE.png","contentUrl":"https:\/\/dicodusport.fr\/blog\/wp-content\/uploads\/2020\/06\/cropped-LOGO-DICODUSPORT-2020-SANS-FOND-SANS-TEXTE.png","width":512,"height":512,"caption":"Dicodusport"},"image":{"@id":"https:\/\/dicodusport.fr\/blog\/#\/schema\/logo\/image\/"},"sameAs":["https:\/\/www.facebook.com\/dicodusport","https:\/\/x.com\/dicodusport","https:\/\/www.instagram.com\/dicodusport\/","https:\/\/www.youtube.com\/channel\/UC7V2KZ5sd3htJivAbA4ZG3w"],"description":"Dicodusport est l'encyclop\u00e9die de l'actualit\u00e9 sportive.","email":"bonjour@dicodusport.fr","legalName":"DICODUSPORT","foundingDate":"2018-01-14","vatID":"FR71834470973","taxID":"83447097300043","numberOfEmployees":{"@type":"QuantitativeValue","minValue":"1","maxValue":"10"}},{"@type":"Person","@id":"https:\/\/dicodusport.fr\/blog\/#\/schema\/person\/6db4bae06b171592211be385b32876a7","name":"Emilien Descampiaux","image":{"@type":"ImageObject","inLanguage":"fr-FR","@id":"https:\/\/dicodusport.fr\/blog\/#\/schema\/person\/image\/","url":"https:\/\/dicodusport.fr\/blog\/wp-content\/uploads\/2021\/05\/Emilien-Descampiaux-150x150.jpg","contentUrl":"https:\/\/dicodusport.fr\/blog\/wp-content\/uploads\/2021\/05\/Emilien-Descampiaux-150x150.jpg","caption":"Emilien Descampiaux"},"description":"Journaliste\/r\u00e9dacteur depuis 2014 - Fan de la classe de Frank Vandenbroucke, je vis cyclisme (et de ses paysages) depuis plus de 20 ans. Je suis tr\u00e8s impliqu\u00e9 sur mes diff\u00e9rents r\u00e9seaux sociaux pour partager ma passion sur le monde et l'Histoire de la bicyclette avec ma voix sur les images en noir et blanc du succ\u00e8s de Rik Van Steenbergen lors du Ronde sur le V\u00e9lodrome de Gand.","sameAs":["https:\/\/www.facebook.com\/groups\/LesRoisDuPeloton","https:\/\/x.com\/https:\/\/twitter.com\/LRoisDuPeloton"],"url":"https:\/\/dicodusport.fr\/blog\/author\/emiliend\/"}]}},"_links":{"self":[{"href":"https:\/\/dicodusport.fr\/blog\/wp-json\/wp\/v2\/posts\/566283","targetHints":{"allow":["GET"]}}],"collection":[{"href":"https:\/\/dicodusport.fr\/blog\/wp-json\/wp\/v2\/posts"}],"about":[{"href":"https:\/\/dicodusport.fr\/blog\/wp-json\/wp\/v2\/types\/post"}],"author":[{"embeddable":true,"href":"https:\/\/dicodusport.fr\/blog\/wp-json\/wp\/v2\/users\/48"}],"replies":[{"embeddable":true,"href":"https:\/\/dicodusport.fr\/blog\/wp-json\/wp\/v2\/comments?post=566283"}],"version-history":[{"count":5,"href":"https:\/\/dicodusport.fr\/blog\/wp-json\/wp\/v2\/posts\/566283\/revisions"}],"predecessor-version":[{"id":566542,"href":"https:\/\/dicodusport.fr\/blog\/wp-json\/wp\/v2\/posts\/566283\/revisions\/566542"}],"wp:featuredmedia":[{"embeddable":true,"href":"https:\/\/dicodusport.fr\/blog\/wp-json\/wp\/v2\/media\/566538"}],"wp:attachment":[{"href":"https:\/\/dicodusport.fr\/blog\/wp-json\/wp\/v2\/media?parent=566283"}],"wp:term":[{"taxonomy":"category","embeddable":true,"href":"https:\/\/dicodusport.fr\/blog\/wp-json\/wp\/v2\/categories?post=566283"},{"taxonomy":"post_tag","embeddable":true,"href":"https:\/\/dicodusport.fr\/blog\/wp-json\/wp\/v2\/tags?post=566283"}],"curies":[{"name":"wp","href":"https:\/\/api.w.org\/{rel}","templated":true}]}}