{"id":566318,"date":"2025-03-22T12:38:42","date_gmt":"2025-03-22T11:38:42","guid":{"rendered":"https:\/\/dicodusport.fr\/blog\/?p=566318&#038;preview=true&#038;preview_id=566318"},"modified":"2025-04-03T14:24:54","modified_gmt":"2025-04-03T12:24:54","slug":"ski-alpinisme-val-martello-emily-harrop-et-pablo-giner-dalmasso-en-bronze-sur-le-relais-mixte","status":"publish","type":"post","link":"https:\/\/dicodusport.fr\/blog\/ski-alpinisme-val-martello-emily-harrop-et-pablo-giner-dalmasso-en-bronze-sur-le-relais-mixte\/","title":{"rendered":"Ski Alpinisme Val Martello : Emily Harrop et Pablo Giner Dalmasso en bronze sur le relais mixte"},"content":{"rendered":"<h4 style=\"text-align: justify;\" align=\"justify\"><em><a style=\"font-weight: bold;\" href=\"https:\/\/dicodusport.fr\/blog\/?s=ski+alpinisme\">SKI ALPINISME<\/a> &#8211; Le duo compos\u00e9 d&rsquo;Emily Harrop et Pablo Giner Dalmasso s&rsquo;est empar\u00e9 de la 3\u00e8me place du relais mixte disput\u00e9 ce samedi matin, \u00e0 Val Martello.<\/em><\/h4>\n<ul style=\"text-align: justify;\">\n<li><strong>\u00c0 ce sujet &#8211; <a href=\"https:\/\/dicodusport.fr\/blog\/?s=ski+alpinisme\">Toute l&rsquo;actualit\u00e9 du ski alpinisme<\/a><\/strong><\/li>\n<\/ul>\n<p style=\"text-align: justify;\">Deux jours apr\u00e8s le <a href=\"https:\/\/dicodusport.fr\/blog\/ski-alpinisme-val-martello-axelle-gachet-mollaret-simpose-sur-lindividuel\/\">doubl\u00e9 r\u00e9alis\u00e9 par Axelle Gachet-Mollaret et Emily Harrop sur l&rsquo;individuel de Val Martello<\/a>, les Tricolores remettaient le bleu de chauffe \u00e0 l&rsquo;occasion du relais mixte, toujours dans la station italienne. Suite aux qualifications, la doublette compos\u00e9e d&rsquo;<strong>Emily Harrop<\/strong> et <strong>Pablo Giner Dalmasso<\/strong> a acc\u00e9d\u00e9 \u00e0 la finale A.<\/p>\n<h2 style=\"text-align: justify;\">2\u00e8me podium commun de l&rsquo;hiver pour Emily Harrop et Pablo Giner Dalmasso<\/h2>\n<p style=\"text-align: justify;\">Avec la leader du classement g\u00e9n\u00e9ral f\u00e9minin pour cr\u00e9er des diff\u00e9rences, le duo fran\u00e7ais n&rsquo;a jamais quitt\u00e9 les trois premi\u00e8res places de l&rsquo;\u00e9preuve. Sans surprise, les Espagnols <strong>Oriol Cardona Coll<\/strong> et <strong>Ana Alonso Rodriguez<\/strong> ont sign\u00e9 le meilleur temps de la course en prenant le contr\u00f4le d\u00e8s la 2\u00e8me transition. Derri\u00e8re, les Suisses <strong>Thomas Bussard <\/strong>et <strong>Caroline Ulrich<\/strong> ont franchi la ligne avec plus de 40 secondes de retard, mais ce sont bien eux qui ont d\u00e9croch\u00e9 la victoire en b\u00e9n\u00e9ficiant d&rsquo;une lourde p\u00e9nalit\u00e9 d&rsquo;une minute \u00e0 l&rsquo;encontre d&rsquo;Espagnols qui \u00e9chouent en cons\u00e9quence en 2\u00e8me position.<\/p>\n<p style=\"text-align: justify;\">De leur c\u00f4t\u00e9, <strong>Emily Harrop <\/strong>et <strong>Pablo Giner Dalmasso<\/strong> ont r\u00e9sist\u00e9 \u00e0 l&rsquo;Autriche jusqu&rsquo;au bout pour s\u00e9curiser une 3\u00e8me place m\u00e9rit\u00e9e, qui offre aux Bleus un \u00e9ni\u00e8me podium en Coupe du monde. Il s&rsquo;agit au passage de la deuxi\u00e8me bo\u00eete de cette association cet hiver, apr\u00e8s <a href=\"https:\/\/dicodusport.fr\/blog\/ski-alpinisme-comapedrosa-emily-harrop-et-pablo-giner-en-argent-sur-le-relais-mixte\/\">l&rsquo;argent obtenu \u00e0 Comapedrosa<\/a> il y a deux mois.<\/p>\n<p style=\"text-align: justify;\">Par ailleurs, le duo compos\u00e9 de <strong>Margot Ravinel <\/strong>et <strong>Anselme Damevin<\/strong> a fait cavalier seul sur la finale B disput\u00e9e en pr\u00e9ambule \u00e0 la grande finale, s&rsquo;imposant avec plus d&rsquo;une minute d&rsquo;avance sur ses premiers poursuivants. Et ce en d\u00e9pit d&rsquo;une p\u00e9nalit\u00e9 de 10 secondes. Suite \u00e0 ce rendez-vous dans la province autonome de Bolzano, deux derni\u00e8res manches seront au programme pour boucler l&rsquo;hiver : <strong>Villars-sur-Ollon<\/strong> (les 4 et 5 avril) et enfin <strong>Troms\u00f8<\/strong> (du 10 au 13 avril).<\/p>\n<div class=\"vlp-link-container vlp-layout-article\"><a href=\"https:\/\/dicodusport.fr\/blog\/ski-alpinisme-val-martello-axelle-gachet-mollaret-simpose-sur-lindividuel\/\" class=\"vlp-link\" title=\"Ski Alpinisme Val Martello : Axelle Gachet-Mollaret s&#039;impose sur l&#039;individuel\"><\/a><div class=\"vlp-layout-zone-side\"><div class=\"vlp-block-4 vlp-link-image\"><img loading=\"lazy\" decoding=\"async\" style=\"max-width: 792px;\" width=\"792\" height=\"445\" src=\"https:\/\/dicodusport.fr\/blog\/wp-content\/uploads\/2025\/03\/Ski-Alpinisme-Val-Martello-Axelle-Gachet-Mollaret-simpose-sur-lindividuel.png\" class=\"attachment-800x445 size-800x445\" alt=\"Ski Alpinisme Val Martello : Axelle Gachet-Mollaret s&#039;impose sur l&#039;individuel\" srcset=\"https:\/\/dicodusport.fr\/blog\/wp-content\/uploads\/2025\/03\/Ski-Alpinisme-Val-Martello-Axelle-Gachet-Mollaret-simpose-sur-lindividuel.png 1200w, https:\/\/dicodusport.fr\/blog\/wp-content\/uploads\/2025\/03\/Ski-Alpinisme-Val-Martello-Axelle-Gachet-Mollaret-simpose-sur-lindividuel-300x169.png 300w, https:\/\/dicodusport.fr\/blog\/wp-content\/uploads\/2025\/03\/Ski-Alpinisme-Val-Martello-Axelle-Gachet-Mollaret-simpose-sur-lindividuel-1024x575.png 1024w, https:\/\/dicodusport.fr\/blog\/wp-content\/uploads\/2025\/03\/Ski-Alpinisme-Val-Martello-Axelle-Gachet-Mollaret-simpose-sur-lindividuel-768x431.png 768w\" sizes=\"auto, (max-width: 792px) 100vw, 792px\" \/><\/div><\/div><div class=\"vlp-layout-zone-main\"><div class=\"vlp-block-0 vlp-link-title\">Ski Alpinisme Val Martello : Axelle Gachet-Mollaret s'impose sur l'individuel<\/div><div class=\"vlp-block-1 vlp-link-summary\">SKI ALPINISME - Axelle Gachet-Mollaret a d\u00e9croch\u00e9 sa 4\u00e8me victoire de l'hiver en Coupe du monde en remportant l'individuel de Val Martello ce jeudi. Emily Harrop et William Bon Mardion, tous deux 2\u00e8mes, ont \u00e9galement d\u00e9croch\u00e9 une place sur la bo\u00eete.<\/div><div class=\"vlp-block-2 vlp-link-button\">Lire l'article<\/div><div class=\"vlp-block-3 vlp-link-url\">dicodusport.fr<\/div><\/div><\/div>\n","protected":false},"excerpt":{"rendered":"<p>SKI ALPINISME &#8211; Le duo compos\u00e9 d&rsquo;Emily Harrop et Pablo Giner Dalmasso s&rsquo;est empar\u00e9 de la 3\u00e8me place du relais mixte disput\u00e9 ce samedi matin \u00e0 Val Martello.<\/p>\n","protected":false},"author":55,"featured_media":566324,"comment_status":"open","ping_status":"closed","sticky":false,"template":"","format":"standard","meta":{"_acf_changed":false,"_daextam_enable_autolinks":"1","footnotes":""},"categories":[45757],"tags":[16878,37201,22884,4230,45369],"class_list":["post-566318","post","type-post","status-publish","format-standard","has-post-thumbnail","hentry","category-ski-alpinisme","tag-breve","tag-coupe-du-monde-ski-alpinisme","tag-emily-harrop","tag-ski-alpinisme","tag-skimo"],"acf":[],"yoast_head":"<!-- This site is optimized with the Yoast SEO Premium plugin v26.7 (Yoast SEO v26.7) - https:\/\/yoast.com\/wordpress\/plugins\/seo\/ -->\n<title>Ski Alpinisme Val Martello : Emily Harrop et Pablo Giner Dalmasso en bronze sur le relais mixte<\/title>\n<meta name=\"description\" content=\"SKI ALPINISME - Le duo compos\u00e9 d&#039;Emily Harrop et Pablo Giner Dalmasso s&#039;est empar\u00e9 de la 3\u00e8me place du relais mixte de Val Martello.\" \/>\n<meta name=\"robots\" content=\"index, follow, max-snippet:-1, max-image-preview:large, max-video-preview:-1\" \/>\n<link rel=\"canonical\" href=\"https:\/\/dicodusport.fr\/blog\/ski-alpinisme-val-martello-emily-harrop-et-pablo-giner-dalmasso-en-bronze-sur-le-relais-mixte\/\" \/>\n<meta property=\"og:locale\" content=\"fr_FR\" \/>\n<meta property=\"og:type\" content=\"article\" \/>\n<meta property=\"og:title\" content=\"Ski Alpinisme Val Martello : Emily Harrop et Pablo Giner Dalmasso en bronze sur le relais mixte\" \/>\n<meta property=\"og:description\" content=\"SKI ALPINISME - Le duo compos\u00e9 d&#039;Emily Harrop et Pablo Giner Dalmasso s&#039;est empar\u00e9 de la 3\u00e8me place du relais mixte de Val Martello.\" \/>\n<meta property=\"og:url\" content=\"https:\/\/dicodusport.fr\/blog\/ski-alpinisme-val-martello-emily-harrop-et-pablo-giner-dalmasso-en-bronze-sur-le-relais-mixte\/\" \/>\n<meta property=\"og:site_name\" content=\"Dicodusport\" \/>\n<meta property=\"article:publisher\" content=\"https:\/\/www.facebook.com\/dicodusport\" \/>\n<meta property=\"article:published_time\" content=\"2025-03-22T11:38:42+00:00\" \/>\n<meta property=\"article:modified_time\" content=\"2025-04-03T12:24:54+00:00\" \/>\n<meta property=\"og:image\" content=\"https:\/\/dicodusport.fr\/blog\/wp-content\/uploads\/2025\/03\/Ski-Alpinisme-Val-Martello-Emily-Harrop-et-Pablo-Giner-Dalmasso-en-bronze-sur-le-relais-mixte.png\" \/>\n\t<meta property=\"og:image:width\" content=\"1200\" \/>\n\t<meta property=\"og:image:height\" content=\"674\" \/>\n\t<meta property=\"og:image:type\" content=\"image\/png\" \/>\n<meta name=\"author\" content=\"Maxime Cazenave\" \/>\n<meta name=\"twitter:card\" content=\"summary_large_image\" \/>\n<meta name=\"twitter:title\" content=\"Ski Alpinisme Val Martello : Emily Harrop et Pablo Giner Dalmasso en bronze sur le relais mixte\" \/>\n<meta name=\"twitter:creator\" content=\"@https:\/\/twitter.com\/Maxime_Caze\" \/>\n<meta name=\"twitter:site\" content=\"@dicodusport\" \/>\n<script type=\"application\/ld+json\" class=\"yoast-schema-graph\">{\"@context\":\"https:\/\/schema.org\",\"@graph\":[{\"@type\":\"NewsArticle\",\"@id\":\"https:\/\/dicodusport.fr\/blog\/ski-alpinisme-val-martello-emily-harrop-et-pablo-giner-dalmasso-en-bronze-sur-le-relais-mixte\/#article\",\"isPartOf\":{\"@id\":\"https:\/\/dicodusport.fr\/blog\/ski-alpinisme-val-martello-emily-harrop-et-pablo-giner-dalmasso-en-bronze-sur-le-relais-mixte\/\"},\"author\":{\"name\":\"Maxime Cazenave\",\"@id\":\"https:\/\/dicodusport.fr\/blog\/#\/schema\/person\/37def232098a7a5cbab3974a3690abb0\"},\"headline\":\"Ski Alpinisme Val Martello : Emily Harrop et Pablo Giner Dalmasso en bronze sur le relais mixte\",\"datePublished\":\"2025-03-22T11:38:42+00:00\",\"dateModified\":\"2025-04-03T12:24:54+00:00\",\"mainEntityOfPage\":{\"@id\":\"https:\/\/dicodusport.fr\/blog\/ski-alpinisme-val-martello-emily-harrop-et-pablo-giner-dalmasso-en-bronze-sur-le-relais-mixte\/\"},\"wordCount\":482,\"commentCount\":0,\"publisher\":{\"@id\":\"https:\/\/dicodusport.fr\/blog\/#organization\"},\"image\":{\"@id\":\"https:\/\/dicodusport.fr\/blog\/ski-alpinisme-val-martello-emily-harrop-et-pablo-giner-dalmasso-en-bronze-sur-le-relais-mixte\/#primaryimage\"},\"thumbnailUrl\":\"https:\/\/dicodusport.fr\/blog\/wp-content\/uploads\/2025\/03\/Ski-Alpinisme-Val-Martello-Emily-Harrop-et-Pablo-Giner-Dalmasso-en-bronze-sur-le-relais-mixte.png\",\"keywords\":[\"br\u00e8ve\",\"Coupe du monde ski alpinisme\",\"Emily Harrop\",\"Ski alpinisme\",\"skimo\"],\"articleSection\":[\"Ski alpinisme\"],\"inLanguage\":\"fr-FR\",\"potentialAction\":[{\"@type\":\"CommentAction\",\"name\":\"Comment\",\"target\":[\"https:\/\/dicodusport.fr\/blog\/ski-alpinisme-val-martello-emily-harrop-et-pablo-giner-dalmasso-en-bronze-sur-le-relais-mixte\/#respond\"]}],\"copyrightYear\":\"2025\",\"copyrightHolder\":{\"@id\":\"https:\/\/dicodusport.fr\/blog\/#organization\"}},{\"@type\":\"WebPage\",\"@id\":\"https:\/\/dicodusport.fr\/blog\/ski-alpinisme-val-martello-emily-harrop-et-pablo-giner-dalmasso-en-bronze-sur-le-relais-mixte\/\",\"url\":\"https:\/\/dicodusport.fr\/blog\/ski-alpinisme-val-martello-emily-harrop-et-pablo-giner-dalmasso-en-bronze-sur-le-relais-mixte\/\",\"name\":\"Ski Alpinisme Val Martello : Emily Harrop et Pablo Giner Dalmasso en bronze sur le relais mixte\",\"isPartOf\":{\"@id\":\"https:\/\/dicodusport.fr\/blog\/#website\"},\"primaryImageOfPage\":{\"@id\":\"https:\/\/dicodusport.fr\/blog\/ski-alpinisme-val-martello-emily-harrop-et-pablo-giner-dalmasso-en-bronze-sur-le-relais-mixte\/#primaryimage\"},\"image\":{\"@id\":\"https:\/\/dicodusport.fr\/blog\/ski-alpinisme-val-martello-emily-harrop-et-pablo-giner-dalmasso-en-bronze-sur-le-relais-mixte\/#primaryimage\"},\"thumbnailUrl\":\"https:\/\/dicodusport.fr\/blog\/wp-content\/uploads\/2025\/03\/Ski-Alpinisme-Val-Martello-Emily-Harrop-et-Pablo-Giner-Dalmasso-en-bronze-sur-le-relais-mixte.png\",\"datePublished\":\"2025-03-22T11:38:42+00:00\",\"dateModified\":\"2025-04-03T12:24:54+00:00\",\"description\":\"SKI ALPINISME - Le duo compos\u00e9 d'Emily Harrop et Pablo Giner Dalmasso s'est empar\u00e9 de la 3\u00e8me place du relais mixte de Val Martello.\",\"breadcrumb\":{\"@id\":\"https:\/\/dicodusport.fr\/blog\/ski-alpinisme-val-martello-emily-harrop-et-pablo-giner-dalmasso-en-bronze-sur-le-relais-mixte\/#breadcrumb\"},\"inLanguage\":\"fr-FR\",\"potentialAction\":[{\"@type\":\"ReadAction\",\"target\":[\"https:\/\/dicodusport.fr\/blog\/ski-alpinisme-val-martello-emily-harrop-et-pablo-giner-dalmasso-en-bronze-sur-le-relais-mixte\/\"]}]},{\"@type\":\"ImageObject\",\"inLanguage\":\"fr-FR\",\"@id\":\"https:\/\/dicodusport.fr\/blog\/ski-alpinisme-val-martello-emily-harrop-et-pablo-giner-dalmasso-en-bronze-sur-le-relais-mixte\/#primaryimage\",\"url\":\"https:\/\/dicodusport.fr\/blog\/wp-content\/uploads\/2025\/03\/Ski-Alpinisme-Val-Martello-Emily-Harrop-et-Pablo-Giner-Dalmasso-en-bronze-sur-le-relais-mixte.png\",\"contentUrl\":\"https:\/\/dicodusport.fr\/blog\/wp-content\/uploads\/2025\/03\/Ski-Alpinisme-Val-Martello-Emily-Harrop-et-Pablo-Giner-Dalmasso-en-bronze-sur-le-relais-mixte.png\",\"width\":1200,\"height\":674,\"caption\":\"Ski Alpinisme Val Martello : Emily Harrop et Pablo Giner Dalmasso en bronze sur le relais mixte\"},{\"@type\":\"BreadcrumbList\",\"@id\":\"https:\/\/dicodusport.fr\/blog\/ski-alpinisme-val-martello-emily-harrop-et-pablo-giner-dalmasso-en-bronze-sur-le-relais-mixte\/#breadcrumb\",\"itemListElement\":[{\"@type\":\"ListItem\",\"position\":1,\"name\":\"Accueil\",\"item\":\"https:\/\/dicodusport.fr\/blog\/\"},{\"@type\":\"ListItem\",\"position\":2,\"name\":\"Ski Alpinisme Val Martello : Emily Harrop et Pablo Giner Dalmasso en bronze sur le relais mixte\"}]},{\"@type\":\"WebSite\",\"@id\":\"https:\/\/dicodusport.fr\/blog\/#website\",\"url\":\"https:\/\/dicodusport.fr\/blog\/\",\"name\":\"Dicodusport\",\"description\":\"L&#039;encyclop\u00e9die de l&#039;actualit\u00e9 sportive\",\"publisher\":{\"@id\":\"https:\/\/dicodusport.fr\/blog\/#organization\"},\"potentialAction\":[{\"@type\":\"SearchAction\",\"target\":{\"@type\":\"EntryPoint\",\"urlTemplate\":\"https:\/\/dicodusport.fr\/blog\/?s={search_term_string}\"},\"query-input\":{\"@type\":\"PropertyValueSpecification\",\"valueRequired\":true,\"valueName\":\"search_term_string\"}}],\"inLanguage\":\"fr-FR\"},{\"@type\":\"NewsMediaOrganization\",\"@id\":\"https:\/\/dicodusport.fr\/blog\/#organization\",\"name\":\"Dicodusport\",\"url\":\"https:\/\/dicodusport.fr\/blog\/\",\"logo\":{\"@type\":\"ImageObject\",\"inLanguage\":\"fr-FR\",\"@id\":\"https:\/\/dicodusport.fr\/blog\/#\/schema\/logo\/image\/\",\"url\":\"https:\/\/dicodusport.fr\/blog\/wp-content\/uploads\/2020\/06\/cropped-LOGO-DICODUSPORT-2020-SANS-FOND-SANS-TEXTE.png\",\"contentUrl\":\"https:\/\/dicodusport.fr\/blog\/wp-content\/uploads\/2020\/06\/cropped-LOGO-DICODUSPORT-2020-SANS-FOND-SANS-TEXTE.png\",\"width\":512,\"height\":512,\"caption\":\"Dicodusport\"},\"image\":{\"@id\":\"https:\/\/dicodusport.fr\/blog\/#\/schema\/logo\/image\/\"},\"sameAs\":[\"https:\/\/www.facebook.com\/dicodusport\",\"https:\/\/x.com\/dicodusport\",\"https:\/\/www.instagram.com\/dicodusport\/\",\"https:\/\/www.youtube.com\/channel\/UC7V2KZ5sd3htJivAbA4ZG3w\"],\"description\":\"Dicodusport est l'encyclop\u00e9die de l'actualit\u00e9 sportive.\",\"email\":\"bonjour@dicodusport.fr\",\"legalName\":\"DICODUSPORT\",\"foundingDate\":\"2018-01-14\",\"vatID\":\"FR71834470973\",\"taxID\":\"83447097300043\",\"numberOfEmployees\":{\"@type\":\"QuantitativeValue\",\"minValue\":\"1\",\"maxValue\":\"10\"}},{\"@type\":\"Person\",\"@id\":\"https:\/\/dicodusport.fr\/blog\/#\/schema\/person\/37def232098a7a5cbab3974a3690abb0\",\"name\":\"Maxime Cazenave\",\"image\":{\"@type\":\"ImageObject\",\"inLanguage\":\"fr-FR\",\"@id\":\"https:\/\/dicodusport.fr\/blog\/#\/schema\/person\/image\/\",\"url\":\"https:\/\/dicodusport.fr\/blog\/wp-content\/uploads\/2021\/05\/Maxime-Cazenave-150x150.jpg\",\"contentUrl\":\"https:\/\/dicodusport.fr\/blog\/wp-content\/uploads\/2021\/05\/Maxime-Cazenave-150x150.jpg\",\"caption\":\"Maxime Cazenave\"},\"description\":\"Journaliste\/R\u00e9dacteur depuis 2012 - Berc\u00e9 par l\u2019amour des Girondins de Bordeaux, les \u00e9checs de Christophe Moreau sur le Tour de France sous l'\u00e8re Lance Armstrong et le fade-away l\u00e9tal de Dirk Nowitzki, ma passion d\u00e9vorante pour le sport a toujours \u00e9t\u00e9 un pan incontournable de ma vie. Transmettre ma passion \u00e0 l\u2019\u00e9crit a \u00e9t\u00e9 une transition naturelle. Suiveur assidu de basket et de hockey sur glace, je garde toujours un peu de place pour suivre le cyclisme, le football et le maximum de performances fran\u00e7aises.\",\"sameAs\":[\"https:\/\/x.com\/https:\/\/twitter.com\/Maxime_Caze\"],\"url\":\"https:\/\/dicodusport.fr\/blog\/author\/maximec\/\"}]}<\/script>\n<!-- \/ Yoast SEO Premium plugin. -->","yoast_head_json":{"title":"Ski Alpinisme Val Martello : Emily Harrop et Pablo Giner Dalmasso en bronze sur le relais mixte","description":"SKI ALPINISME - Le duo compos\u00e9 d'Emily Harrop et Pablo Giner Dalmasso s'est empar\u00e9 de la 3\u00e8me place du relais mixte de Val Martello.","robots":{"index":"index","follow":"follow","max-snippet":"max-snippet:-1","max-image-preview":"max-image-preview:large","max-video-preview":"max-video-preview:-1"},"canonical":"https:\/\/dicodusport.fr\/blog\/ski-alpinisme-val-martello-emily-harrop-et-pablo-giner-dalmasso-en-bronze-sur-le-relais-mixte\/","og_locale":"fr_FR","og_type":"article","og_title":"Ski Alpinisme Val Martello : Emily Harrop et Pablo Giner Dalmasso en bronze sur le relais mixte","og_description":"SKI ALPINISME - Le duo compos\u00e9 d'Emily Harrop et Pablo Giner Dalmasso s'est empar\u00e9 de la 3\u00e8me place du relais mixte de Val Martello.","og_url":"https:\/\/dicodusport.fr\/blog\/ski-alpinisme-val-martello-emily-harrop-et-pablo-giner-dalmasso-en-bronze-sur-le-relais-mixte\/","og_site_name":"Dicodusport","article_publisher":"https:\/\/www.facebook.com\/dicodusport","article_published_time":"2025-03-22T11:38:42+00:00","article_modified_time":"2025-04-03T12:24:54+00:00","og_image":[{"width":1200,"height":674,"url":"https:\/\/dicodusport.fr\/blog\/wp-content\/uploads\/2025\/03\/Ski-Alpinisme-Val-Martello-Emily-Harrop-et-Pablo-Giner-Dalmasso-en-bronze-sur-le-relais-mixte.png","type":"image\/png"}],"author":"Maxime Cazenave","twitter_card":"summary_large_image","twitter_title":"Ski Alpinisme Val Martello : Emily Harrop et Pablo Giner Dalmasso en bronze sur le relais mixte","twitter_creator":"@https:\/\/twitter.com\/Maxime_Caze","twitter_site":"@dicodusport","schema":{"@context":"https:\/\/schema.org","@graph":[{"@type":"NewsArticle","@id":"https:\/\/dicodusport.fr\/blog\/ski-alpinisme-val-martello-emily-harrop-et-pablo-giner-dalmasso-en-bronze-sur-le-relais-mixte\/#article","isPartOf":{"@id":"https:\/\/dicodusport.fr\/blog\/ski-alpinisme-val-martello-emily-harrop-et-pablo-giner-dalmasso-en-bronze-sur-le-relais-mixte\/"},"author":{"name":"Maxime Cazenave","@id":"https:\/\/dicodusport.fr\/blog\/#\/schema\/person\/37def232098a7a5cbab3974a3690abb0"},"headline":"Ski Alpinisme Val Martello : Emily Harrop et Pablo Giner Dalmasso en bronze sur le relais mixte","datePublished":"2025-03-22T11:38:42+00:00","dateModified":"2025-04-03T12:24:54+00:00","mainEntityOfPage":{"@id":"https:\/\/dicodusport.fr\/blog\/ski-alpinisme-val-martello-emily-harrop-et-pablo-giner-dalmasso-en-bronze-sur-le-relais-mixte\/"},"wordCount":482,"commentCount":0,"publisher":{"@id":"https:\/\/dicodusport.fr\/blog\/#organization"},"image":{"@id":"https:\/\/dicodusport.fr\/blog\/ski-alpinisme-val-martello-emily-harrop-et-pablo-giner-dalmasso-en-bronze-sur-le-relais-mixte\/#primaryimage"},"thumbnailUrl":"https:\/\/dicodusport.fr\/blog\/wp-content\/uploads\/2025\/03\/Ski-Alpinisme-Val-Martello-Emily-Harrop-et-Pablo-Giner-Dalmasso-en-bronze-sur-le-relais-mixte.png","keywords":["br\u00e8ve","Coupe du monde ski alpinisme","Emily Harrop","Ski alpinisme","skimo"],"articleSection":["Ski alpinisme"],"inLanguage":"fr-FR","potentialAction":[{"@type":"CommentAction","name":"Comment","target":["https:\/\/dicodusport.fr\/blog\/ski-alpinisme-val-martello-emily-harrop-et-pablo-giner-dalmasso-en-bronze-sur-le-relais-mixte\/#respond"]}],"copyrightYear":"2025","copyrightHolder":{"@id":"https:\/\/dicodusport.fr\/blog\/#organization"}},{"@type":"WebPage","@id":"https:\/\/dicodusport.fr\/blog\/ski-alpinisme-val-martello-emily-harrop-et-pablo-giner-dalmasso-en-bronze-sur-le-relais-mixte\/","url":"https:\/\/dicodusport.fr\/blog\/ski-alpinisme-val-martello-emily-harrop-et-pablo-giner-dalmasso-en-bronze-sur-le-relais-mixte\/","name":"Ski Alpinisme Val Martello : Emily Harrop et Pablo Giner Dalmasso en bronze sur le relais mixte","isPartOf":{"@id":"https:\/\/dicodusport.fr\/blog\/#website"},"primaryImageOfPage":{"@id":"https:\/\/dicodusport.fr\/blog\/ski-alpinisme-val-martello-emily-harrop-et-pablo-giner-dalmasso-en-bronze-sur-le-relais-mixte\/#primaryimage"},"image":{"@id":"https:\/\/dicodusport.fr\/blog\/ski-alpinisme-val-martello-emily-harrop-et-pablo-giner-dalmasso-en-bronze-sur-le-relais-mixte\/#primaryimage"},"thumbnailUrl":"https:\/\/dicodusport.fr\/blog\/wp-content\/uploads\/2025\/03\/Ski-Alpinisme-Val-Martello-Emily-Harrop-et-Pablo-Giner-Dalmasso-en-bronze-sur-le-relais-mixte.png","datePublished":"2025-03-22T11:38:42+00:00","dateModified":"2025-04-03T12:24:54+00:00","description":"SKI ALPINISME - Le duo compos\u00e9 d'Emily Harrop et Pablo Giner Dalmasso s'est empar\u00e9 de la 3\u00e8me place du relais mixte de Val Martello.","breadcrumb":{"@id":"https:\/\/dicodusport.fr\/blog\/ski-alpinisme-val-martello-emily-harrop-et-pablo-giner-dalmasso-en-bronze-sur-le-relais-mixte\/#breadcrumb"},"inLanguage":"fr-FR","potentialAction":[{"@type":"ReadAction","target":["https:\/\/dicodusport.fr\/blog\/ski-alpinisme-val-martello-emily-harrop-et-pablo-giner-dalmasso-en-bronze-sur-le-relais-mixte\/"]}]},{"@type":"ImageObject","inLanguage":"fr-FR","@id":"https:\/\/dicodusport.fr\/blog\/ski-alpinisme-val-martello-emily-harrop-et-pablo-giner-dalmasso-en-bronze-sur-le-relais-mixte\/#primaryimage","url":"https:\/\/dicodusport.fr\/blog\/wp-content\/uploads\/2025\/03\/Ski-Alpinisme-Val-Martello-Emily-Harrop-et-Pablo-Giner-Dalmasso-en-bronze-sur-le-relais-mixte.png","contentUrl":"https:\/\/dicodusport.fr\/blog\/wp-content\/uploads\/2025\/03\/Ski-Alpinisme-Val-Martello-Emily-Harrop-et-Pablo-Giner-Dalmasso-en-bronze-sur-le-relais-mixte.png","width":1200,"height":674,"caption":"Ski Alpinisme Val Martello : Emily Harrop et Pablo Giner Dalmasso en bronze sur le relais mixte"},{"@type":"BreadcrumbList","@id":"https:\/\/dicodusport.fr\/blog\/ski-alpinisme-val-martello-emily-harrop-et-pablo-giner-dalmasso-en-bronze-sur-le-relais-mixte\/#breadcrumb","itemListElement":[{"@type":"ListItem","position":1,"name":"Accueil","item":"https:\/\/dicodusport.fr\/blog\/"},{"@type":"ListItem","position":2,"name":"Ski Alpinisme Val Martello : Emily Harrop et Pablo Giner Dalmasso en bronze sur le relais mixte"}]},{"@type":"WebSite","@id":"https:\/\/dicodusport.fr\/blog\/#website","url":"https:\/\/dicodusport.fr\/blog\/","name":"Dicodusport","description":"L&#039;encyclop\u00e9die de l&#039;actualit\u00e9 sportive","publisher":{"@id":"https:\/\/dicodusport.fr\/blog\/#organization"},"potentialAction":[{"@type":"SearchAction","target":{"@type":"EntryPoint","urlTemplate":"https:\/\/dicodusport.fr\/blog\/?s={search_term_string}"},"query-input":{"@type":"PropertyValueSpecification","valueRequired":true,"valueName":"search_term_string"}}],"inLanguage":"fr-FR"},{"@type":"NewsMediaOrganization","@id":"https:\/\/dicodusport.fr\/blog\/#organization","name":"Dicodusport","url":"https:\/\/dicodusport.fr\/blog\/","logo":{"@type":"ImageObject","inLanguage":"fr-FR","@id":"https:\/\/dicodusport.fr\/blog\/#\/schema\/logo\/image\/","url":"https:\/\/dicodusport.fr\/blog\/wp-content\/uploads\/2020\/06\/cropped-LOGO-DICODUSPORT-2020-SANS-FOND-SANS-TEXTE.png","contentUrl":"https:\/\/dicodusport.fr\/blog\/wp-content\/uploads\/2020\/06\/cropped-LOGO-DICODUSPORT-2020-SANS-FOND-SANS-TEXTE.png","width":512,"height":512,"caption":"Dicodusport"},"image":{"@id":"https:\/\/dicodusport.fr\/blog\/#\/schema\/logo\/image\/"},"sameAs":["https:\/\/www.facebook.com\/dicodusport","https:\/\/x.com\/dicodusport","https:\/\/www.instagram.com\/dicodusport\/","https:\/\/www.youtube.com\/channel\/UC7V2KZ5sd3htJivAbA4ZG3w"],"description":"Dicodusport est l'encyclop\u00e9die de l'actualit\u00e9 sportive.","email":"bonjour@dicodusport.fr","legalName":"DICODUSPORT","foundingDate":"2018-01-14","vatID":"FR71834470973","taxID":"83447097300043","numberOfEmployees":{"@type":"QuantitativeValue","minValue":"1","maxValue":"10"}},{"@type":"Person","@id":"https:\/\/dicodusport.fr\/blog\/#\/schema\/person\/37def232098a7a5cbab3974a3690abb0","name":"Maxime Cazenave","image":{"@type":"ImageObject","inLanguage":"fr-FR","@id":"https:\/\/dicodusport.fr\/blog\/#\/schema\/person\/image\/","url":"https:\/\/dicodusport.fr\/blog\/wp-content\/uploads\/2021\/05\/Maxime-Cazenave-150x150.jpg","contentUrl":"https:\/\/dicodusport.fr\/blog\/wp-content\/uploads\/2021\/05\/Maxime-Cazenave-150x150.jpg","caption":"Maxime Cazenave"},"description":"Journaliste\/R\u00e9dacteur depuis 2012 - Berc\u00e9 par l\u2019amour des Girondins de Bordeaux, les \u00e9checs de Christophe Moreau sur le Tour de France sous l'\u00e8re Lance Armstrong et le fade-away l\u00e9tal de Dirk Nowitzki, ma passion d\u00e9vorante pour le sport a toujours \u00e9t\u00e9 un pan incontournable de ma vie. Transmettre ma passion \u00e0 l\u2019\u00e9crit a \u00e9t\u00e9 une transition naturelle. Suiveur assidu de basket et de hockey sur glace, je garde toujours un peu de place pour suivre le cyclisme, le football et le maximum de performances fran\u00e7aises.","sameAs":["https:\/\/x.com\/https:\/\/twitter.com\/Maxime_Caze"],"url":"https:\/\/dicodusport.fr\/blog\/author\/maximec\/"}]}},"_links":{"self":[{"href":"https:\/\/dicodusport.fr\/blog\/wp-json\/wp\/v2\/posts\/566318","targetHints":{"allow":["GET"]}}],"collection":[{"href":"https:\/\/dicodusport.fr\/blog\/wp-json\/wp\/v2\/posts"}],"about":[{"href":"https:\/\/dicodusport.fr\/blog\/wp-json\/wp\/v2\/types\/post"}],"author":[{"embeddable":true,"href":"https:\/\/dicodusport.fr\/blog\/wp-json\/wp\/v2\/users\/55"}],"replies":[{"embeddable":true,"href":"https:\/\/dicodusport.fr\/blog\/wp-json\/wp\/v2\/comments?post=566318"}],"version-history":[{"count":5,"href":"https:\/\/dicodusport.fr\/blog\/wp-json\/wp\/v2\/posts\/566318\/revisions"}],"predecessor-version":[{"id":566333,"href":"https:\/\/dicodusport.fr\/blog\/wp-json\/wp\/v2\/posts\/566318\/revisions\/566333"}],"wp:featuredmedia":[{"embeddable":true,"href":"https:\/\/dicodusport.fr\/blog\/wp-json\/wp\/v2\/media\/566324"}],"wp:attachment":[{"href":"https:\/\/dicodusport.fr\/blog\/wp-json\/wp\/v2\/media?parent=566318"}],"wp:term":[{"taxonomy":"category","embeddable":true,"href":"https:\/\/dicodusport.fr\/blog\/wp-json\/wp\/v2\/categories?post=566318"},{"taxonomy":"post_tag","embeddable":true,"href":"https:\/\/dicodusport.fr\/blog\/wp-json\/wp\/v2\/tags?post=566318"}],"curies":[{"name":"wp","href":"https:\/\/api.w.org\/{rel}","templated":true}]}}