{"id":566382,"date":"2025-03-22T14:13:41","date_gmt":"2025-03-22T13:13:41","guid":{"rendered":"https:\/\/dicodusport.fr\/blog\/?p=566382&#038;preview=true&#038;preview_id=566382"},"modified":"2025-03-22T14:59:58","modified_gmt":"2025-03-22T13:59:58","slug":"athletisme-mondiaux-en-salle-2025-wilhem-belocian-remporte-la-medaille-dargent-au-60-m-haies","status":"publish","type":"post","link":"https:\/\/dicodusport.fr\/blog\/athletisme-mondiaux-en-salle-2025-wilhem-belocian-remporte-la-medaille-dargent-au-60-m-haies\/","title":{"rendered":"Athl\u00e9tisme Mondiaux en salle 2025 : Wilhem Belocian remporte la m\u00e9daille d&rsquo;argent au 60 m haies"},"content":{"rendered":"<h4 style=\"text-align: justify;\"><em><i>CHAMPIONNATS DU MONDE EN SALLE 2025 &#8211; La moisson de m\u00e9dailles se poursuit avec l&rsquo;argent remport\u00e9 par Wilhem Belocian au 60 m haies derri\u00e8re l&rsquo;intouchable Grant Holloway.<\/i><\/em><\/h4>\n<p style=\"text-align: justify;\">Pour la troisi\u00e8me ann\u00e9e cons\u00e9cutive, <strong>Grant Holloway<\/strong> est champion du monde en salle. Grand favori, le suspense se jouait plut\u00f4t sur les deux places suivantes. Et <strong>Wilhem Belocian<\/strong> est parvenu \u00e0 perp\u00e9tuer la tradition fran\u00e7aise en remportant une m\u00e9daille : l&rsquo;<strong>argent<\/strong>.<\/p>\n<ul>\n<li><strong>\u00c0 ce sujet &#8211; <a href=\"https:\/\/dicodusport.fr\/blog\/athletisme-calendrier-et-resultats-championnats-du-monde-en-salle-2025\/\" target=\"_blank\" rel=\"noopener\">Programme et r\u00e9sultats Championnats du monde en salle 2025<\/a><\/strong><\/li>\n<\/ul>\n<p style=\"text-align: justify;\">D\u00e9j\u00e0 lors des s\u00e9ries, Wilhem Belocian avait termin\u00e9 2\u00e8me derri\u00e8re Grant Holloway. Bis repetita en demies, cette fois en 7.51. Et pour la troisi\u00e8me fois en trois jours, il termine donc en finale derri\u00e8re l&rsquo;Am\u00e9ricain qui s&rsquo;impose en 7.42. Temps anecdotique de 7.54 pour Wilhem Belocian, bien parti au couloir 5 et qui a vu l&rsquo;Am\u00e9ricain faire la diff\u00e9rence en milieu de course. Le Fran\u00e7ais a bien r\u00e9sist\u00e9 au retour du Chinois Juxi Liu. En forme en salle depuis le d\u00e9but de l&rsquo;ann\u00e9e, <strong>Wilhem Belocian <\/strong>remporte sa premi\u00e8re m\u00e9daille mondiale. En l&rsquo;espace de deux semaines, il a donc remport\u00e9 deux m\u00e9dailles d&rsquo;argent apr\u00e8s les Europe en salle !<\/p>\n<blockquote class=\"twitter-tweet\">\n<p dir=\"ltr\" lang=\"fr\">\ud83e\udd48 \ud835\udde9\ud835\udddc\ud835\uddd6\ud835\uddd8-\ud835\uddd6\ud835\udddb\ud835\uddd4\ud835\udde0\ud835\udde3\ud835\udddc\ud835\udde2\ud835\udde1 \ud835\uddd7\ud835\udde8 \ud835\udde0\ud835\udde2\ud835\udde1\ud835\uddd7\ud835\uddd8 !<\/p>\n<p>\ud83c\uddeb\ud83c\uddf7 Wilhem Belocian d\u00e9croche la m\u00e9daille d&rsquo;argent du 60 m haies en 7\u00a0\u00bb54 \u00e0 Nankin !<\/p>\n<p>\ud83e\udd29 Deuxi\u00e8me podium pour l&rsquo;\u00e9quipe de France en Chine ! Superbe !<\/p>\n<p>\ud83d\udcbb Les <a href=\"https:\/\/twitter.com\/hashtag\/WorldIndoorChamps?src=hash&amp;ref_src=twsrc%5Etfw\">#WorldIndoorChamps<\/a> sont \u00e0 suivre en DIRECT sur <a href=\"https:\/\/t.co\/EpsBjowlnA\">https:\/\/t.co\/EpsBjowlnA<\/a>. <a href=\"https:\/\/t.co\/ixH9nXQegF\">pic.twitter.com\/ixH9nXQegF<\/a><\/p>\n<p>\u2014 FFAthl\u00e9tisme (@FFAthletisme) <a href=\"https:\/\/twitter.com\/FFAthletisme\/status\/1903436389082873922?ref_src=twsrc%5Etfw\">March 22, 2025<\/a><\/p><\/blockquote>\n<p><script async src=\"https:\/\/platform.twitter.com\/widgets.js\" charset=\"utf-8\"><\/script><\/p>\n<h2 style=\"text-align: justify;\">Pascal Martinot-Lagarde \u00e9limin\u00e9 en demies<\/h2>\n<p style=\"text-align: justify;\"><strong>Pascal Martinot-Lagarde <\/strong>\u00e9tait le second fran\u00e7ais engag\u00e9 sur les haies en Chine. Dans la 4\u00e8me s\u00e9rie, il a termin\u00e9 3\u00e8me ex aequo\u00a0 en 7.85 avec Alin Anton. Il a ensuite termin\u00e9 4\u00e8me en 7.69 dans la demi-finale remport\u00e9e \u00e0 Junxi Liu. Pour ses derniers Championnats du monde en salle, le Fran\u00e7ais ne pourra pas enrichir son long palmar\u00e8s international.<\/p>\n<ul>\n<li><a href=\"https:\/\/dicodusport.fr\/blog\/tableau-des-medailles-championnats-du-monde-en-salle-dathletisme-2025\/\" target=\"_blank\" rel=\"noopener\"><strong>Le tableau des m\u00e9dailles des Championnats du monde en salle d&rsquo;athl\u00e9tisme 2025<\/strong><\/a><\/li>\n<\/ul>\n<p>&nbsp;<\/p>\n","protected":false},"excerpt":{"rendered":"<p>Wilhem Belocian glane une m\u00e9daille d&rsquo;argent au 60 m haies !<\/p>\n","protected":false},"author":12,"featured_media":566386,"comment_status":"open","ping_status":"closed","sticky":false,"template":"","format":"standard","meta":{"_acf_changed":false,"_daextam_enable_autolinks":"1","footnotes":""},"categories":[2308],"tags":[32415,16878,7375],"class_list":["post-566382","post","type-post","status-publish","format-standard","has-post-thumbnail","hentry","category-athletisme","tag-actu","tag-breve","tag-wilhem-belocian"],"acf":[],"yoast_head":"<!-- This site is optimized with the Yoast SEO Premium plugin v26.7 (Yoast SEO v26.7) - https:\/\/yoast.com\/wordpress\/plugins\/seo\/ -->\n<title>Athl\u00e9tisme Mondiaux en salle 2025 : Wilhem Belocian remporte la m\u00e9daille d&#039;argent au 60 m haies - Dicodusport<\/title>\n<meta name=\"description\" content=\"CHAMPIONNATS DU MONDE EN SALLE 2025 - La moisson de m\u00e9dailles se poursuit avec l&#039;argent remport\u00e9 par Wilhem Belocian au 60 m haies.\" \/>\n<meta name=\"robots\" content=\"index, follow, max-snippet:-1, max-image-preview:large, max-video-preview:-1\" \/>\n<link rel=\"canonical\" href=\"https:\/\/dicodusport.fr\/blog\/athletisme-mondiaux-en-salle-2025-wilhem-belocian-remporte-la-medaille-dargent-au-60-m-haies\/\" \/>\n<meta property=\"og:locale\" content=\"fr_FR\" \/>\n<meta property=\"og:type\" content=\"article\" \/>\n<meta property=\"og:title\" content=\"Athl\u00e9tisme Mondiaux en salle 2025 : Wilhem Belocian remporte la m\u00e9daille d&#039;argent au 60 m haies\" \/>\n<meta property=\"og:description\" content=\"CHAMPIONNATS DU MONDE EN SALLE 2025 - La moisson de m\u00e9dailles se poursuit avec l&#039;argent remport\u00e9 par Wilhem Belocian au 60 m haies.\" \/>\n<meta property=\"og:url\" content=\"https:\/\/dicodusport.fr\/blog\/athletisme-mondiaux-en-salle-2025-wilhem-belocian-remporte-la-medaille-dargent-au-60-m-haies\/\" \/>\n<meta property=\"og:site_name\" content=\"Dicodusport\" \/>\n<meta property=\"article:publisher\" content=\"https:\/\/www.facebook.com\/dicodusport\" \/>\n<meta property=\"article:published_time\" content=\"2025-03-22T13:13:41+00:00\" \/>\n<meta property=\"article:modified_time\" content=\"2025-03-22T13:59:58+00:00\" \/>\n<meta property=\"og:image\" content=\"https:\/\/dicodusport.fr\/blog\/wp-content\/uploads\/2025\/03\/Athletisme-Mondiaux-en-salle-2025-Wilhem-Belocian-remporte-la-medaille-dargent-au-60-m-haies.png\" \/>\n\t<meta property=\"og:image:width\" content=\"1200\" \/>\n\t<meta property=\"og:image:height\" content=\"674\" \/>\n\t<meta property=\"og:image:type\" content=\"image\/png\" \/>\n<meta name=\"author\" content=\"Arlette Yeye\" \/>\n<meta name=\"twitter:card\" content=\"summary_large_image\" \/>\n<meta name=\"twitter:title\" content=\"Athl\u00e9tisme Mondiaux en salle 2025 : Wilhem Belocian remporte la m\u00e9daille d&#039;argent au 60 m haies\" \/>\n<meta name=\"twitter:creator\" content=\"@https:\/\/twitter.com\/Shiclette94\" \/>\n<meta name=\"twitter:site\" content=\"@dicodusport\" \/>\n<script type=\"application\/ld+json\" class=\"yoast-schema-graph\">{\"@context\":\"https:\/\/schema.org\",\"@graph\":[{\"@type\":\"NewsArticle\",\"@id\":\"https:\/\/dicodusport.fr\/blog\/athletisme-mondiaux-en-salle-2025-wilhem-belocian-remporte-la-medaille-dargent-au-60-m-haies\/#article\",\"isPartOf\":{\"@id\":\"https:\/\/dicodusport.fr\/blog\/athletisme-mondiaux-en-salle-2025-wilhem-belocian-remporte-la-medaille-dargent-au-60-m-haies\/\"},\"author\":{\"name\":\"Arlette Yeye\",\"@id\":\"https:\/\/dicodusport.fr\/blog\/#\/schema\/person\/cce96fa88785bd8573e3d43078ac8c79\"},\"headline\":\"Athl\u00e9tisme Mondiaux en salle 2025 : Wilhem Belocian remporte la m\u00e9daille d&rsquo;argent au 60 m haies\",\"datePublished\":\"2025-03-22T13:13:41+00:00\",\"dateModified\":\"2025-03-22T13:59:58+00:00\",\"mainEntityOfPage\":{\"@id\":\"https:\/\/dicodusport.fr\/blog\/athletisme-mondiaux-en-salle-2025-wilhem-belocian-remporte-la-medaille-dargent-au-60-m-haies\/\"},\"wordCount\":356,\"commentCount\":0,\"publisher\":{\"@id\":\"https:\/\/dicodusport.fr\/blog\/#organization\"},\"image\":{\"@id\":\"https:\/\/dicodusport.fr\/blog\/athletisme-mondiaux-en-salle-2025-wilhem-belocian-remporte-la-medaille-dargent-au-60-m-haies\/#primaryimage\"},\"thumbnailUrl\":\"https:\/\/dicodusport.fr\/blog\/wp-content\/uploads\/2025\/03\/Athletisme-Mondiaux-en-salle-2025-Wilhem-Belocian-remporte-la-medaille-dargent-au-60-m-haies.png\",\"keywords\":[\"actu\",\"br\u00e8ve\",\"Wilhem Belocian\"],\"articleSection\":[\"Athl\u00e9tisme\"],\"inLanguage\":\"fr-FR\",\"potentialAction\":[{\"@type\":\"CommentAction\",\"name\":\"Comment\",\"target\":[\"https:\/\/dicodusport.fr\/blog\/athletisme-mondiaux-en-salle-2025-wilhem-belocian-remporte-la-medaille-dargent-au-60-m-haies\/#respond\"]}],\"copyrightYear\":\"2025\",\"copyrightHolder\":{\"@id\":\"https:\/\/dicodusport.fr\/blog\/#organization\"}},{\"@type\":\"WebPage\",\"@id\":\"https:\/\/dicodusport.fr\/blog\/athletisme-mondiaux-en-salle-2025-wilhem-belocian-remporte-la-medaille-dargent-au-60-m-haies\/\",\"url\":\"https:\/\/dicodusport.fr\/blog\/athletisme-mondiaux-en-salle-2025-wilhem-belocian-remporte-la-medaille-dargent-au-60-m-haies\/\",\"name\":\"Athl\u00e9tisme Mondiaux en salle 2025 : Wilhem Belocian remporte la m\u00e9daille d'argent au 60 m haies - Dicodusport\",\"isPartOf\":{\"@id\":\"https:\/\/dicodusport.fr\/blog\/#website\"},\"primaryImageOfPage\":{\"@id\":\"https:\/\/dicodusport.fr\/blog\/athletisme-mondiaux-en-salle-2025-wilhem-belocian-remporte-la-medaille-dargent-au-60-m-haies\/#primaryimage\"},\"image\":{\"@id\":\"https:\/\/dicodusport.fr\/blog\/athletisme-mondiaux-en-salle-2025-wilhem-belocian-remporte-la-medaille-dargent-au-60-m-haies\/#primaryimage\"},\"thumbnailUrl\":\"https:\/\/dicodusport.fr\/blog\/wp-content\/uploads\/2025\/03\/Athletisme-Mondiaux-en-salle-2025-Wilhem-Belocian-remporte-la-medaille-dargent-au-60-m-haies.png\",\"datePublished\":\"2025-03-22T13:13:41+00:00\",\"dateModified\":\"2025-03-22T13:59:58+00:00\",\"description\":\"CHAMPIONNATS DU MONDE EN SALLE 2025 - La moisson de m\u00e9dailles se poursuit avec l'argent remport\u00e9 par Wilhem Belocian au 60 m haies.\",\"breadcrumb\":{\"@id\":\"https:\/\/dicodusport.fr\/blog\/athletisme-mondiaux-en-salle-2025-wilhem-belocian-remporte-la-medaille-dargent-au-60-m-haies\/#breadcrumb\"},\"inLanguage\":\"fr-FR\",\"potentialAction\":[{\"@type\":\"ReadAction\",\"target\":[\"https:\/\/dicodusport.fr\/blog\/athletisme-mondiaux-en-salle-2025-wilhem-belocian-remporte-la-medaille-dargent-au-60-m-haies\/\"]}]},{\"@type\":\"ImageObject\",\"inLanguage\":\"fr-FR\",\"@id\":\"https:\/\/dicodusport.fr\/blog\/athletisme-mondiaux-en-salle-2025-wilhem-belocian-remporte-la-medaille-dargent-au-60-m-haies\/#primaryimage\",\"url\":\"https:\/\/dicodusport.fr\/blog\/wp-content\/uploads\/2025\/03\/Athletisme-Mondiaux-en-salle-2025-Wilhem-Belocian-remporte-la-medaille-dargent-au-60-m-haies.png\",\"contentUrl\":\"https:\/\/dicodusport.fr\/blog\/wp-content\/uploads\/2025\/03\/Athletisme-Mondiaux-en-salle-2025-Wilhem-Belocian-remporte-la-medaille-dargent-au-60-m-haies.png\",\"width\":1200,\"height\":674,\"caption\":\"Athl\u00e9tisme Mondiaux en salle 2025 Wilhem Belocian remporte la m\u00e9daille d'argent au 60 m haies\"},{\"@type\":\"BreadcrumbList\",\"@id\":\"https:\/\/dicodusport.fr\/blog\/athletisme-mondiaux-en-salle-2025-wilhem-belocian-remporte-la-medaille-dargent-au-60-m-haies\/#breadcrumb\",\"itemListElement\":[{\"@type\":\"ListItem\",\"position\":1,\"name\":\"Accueil\",\"item\":\"https:\/\/dicodusport.fr\/blog\/\"},{\"@type\":\"ListItem\",\"position\":2,\"name\":\"Athl\u00e9tisme Mondiaux en salle 2025 : Wilhem Belocian remporte la m\u00e9daille d&rsquo;argent au 60 m haies\"}]},{\"@type\":\"WebSite\",\"@id\":\"https:\/\/dicodusport.fr\/blog\/#website\",\"url\":\"https:\/\/dicodusport.fr\/blog\/\",\"name\":\"Dicodusport\",\"description\":\"L&#039;encyclop\u00e9die de l&#039;actualit\u00e9 sportive\",\"publisher\":{\"@id\":\"https:\/\/dicodusport.fr\/blog\/#organization\"},\"potentialAction\":[{\"@type\":\"SearchAction\",\"target\":{\"@type\":\"EntryPoint\",\"urlTemplate\":\"https:\/\/dicodusport.fr\/blog\/?s={search_term_string}\"},\"query-input\":{\"@type\":\"PropertyValueSpecification\",\"valueRequired\":true,\"valueName\":\"search_term_string\"}}],\"inLanguage\":\"fr-FR\"},{\"@type\":\"NewsMediaOrganization\",\"@id\":\"https:\/\/dicodusport.fr\/blog\/#organization\",\"name\":\"Dicodusport\",\"url\":\"https:\/\/dicodusport.fr\/blog\/\",\"logo\":{\"@type\":\"ImageObject\",\"inLanguage\":\"fr-FR\",\"@id\":\"https:\/\/dicodusport.fr\/blog\/#\/schema\/logo\/image\/\",\"url\":\"https:\/\/dicodusport.fr\/blog\/wp-content\/uploads\/2020\/06\/cropped-LOGO-DICODUSPORT-2020-SANS-FOND-SANS-TEXTE.png\",\"contentUrl\":\"https:\/\/dicodusport.fr\/blog\/wp-content\/uploads\/2020\/06\/cropped-LOGO-DICODUSPORT-2020-SANS-FOND-SANS-TEXTE.png\",\"width\":512,\"height\":512,\"caption\":\"Dicodusport\"},\"image\":{\"@id\":\"https:\/\/dicodusport.fr\/blog\/#\/schema\/logo\/image\/\"},\"sameAs\":[\"https:\/\/www.facebook.com\/dicodusport\",\"https:\/\/x.com\/dicodusport\",\"https:\/\/www.instagram.com\/dicodusport\/\",\"https:\/\/www.youtube.com\/channel\/UC7V2KZ5sd3htJivAbA4ZG3w\"],\"description\":\"Dicodusport est l'encyclop\u00e9die de l'actualit\u00e9 sportive.\",\"email\":\"bonjour@dicodusport.fr\",\"legalName\":\"DICODUSPORT\",\"foundingDate\":\"2018-01-14\",\"vatID\":\"FR71834470973\",\"taxID\":\"83447097300043\",\"numberOfEmployees\":{\"@type\":\"QuantitativeValue\",\"minValue\":\"1\",\"maxValue\":\"10\"}},{\"@type\":\"Person\",\"@id\":\"https:\/\/dicodusport.fr\/blog\/#\/schema\/person\/cce96fa88785bd8573e3d43078ac8c79\",\"name\":\"Arlette Yeye\",\"image\":{\"@type\":\"ImageObject\",\"inLanguage\":\"fr-FR\",\"@id\":\"https:\/\/dicodusport.fr\/blog\/#\/schema\/person\/image\/\",\"url\":\"https:\/\/secure.gravatar.com\/avatar\/dca4a6239e6d708e46c45d60e160de6c?s=96&d=wp_user_avatar&r=g\",\"contentUrl\":\"https:\/\/secure.gravatar.com\/avatar\/dca4a6239e6d708e46c45d60e160de6c?s=96&d=wp_user_avatar&r=g\",\"caption\":\"Arlette Yeye\"},\"description\":\"Journaliste\/r\u00e9dactrice depuis septembre 2015 - Supportrice de Chelsea, j'ai pour sports de pr\u00e9dilection le handball, l'athl\u00e9tisme et le tennis. Si je tweete plus vite que mon ombre, vous pouvez aussi me retrouver les week-ends sur les playgrounds de Bruxelles pour un petit foot ou basket entre potes. Parcourir la France, l'Europe et plus si affinit\u00e9s pour suivre mes sportifs pr\u00e9f\u00e9r\u00e9s ? Mon kif ! Et c'est avec plaisir que je partage les r\u00e9sultats des sports populaires mais \u00e9galement plus confidentiels pour Dicodusport.\",\"sameAs\":[\"https:\/\/x.com\/https:\/\/twitter.com\/Shiclette94\"],\"url\":\"https:\/\/dicodusport.fr\/blog\/author\/arlette\/\"}]}<\/script>\n<!-- \/ Yoast SEO Premium plugin. -->","yoast_head_json":{"title":"Athl\u00e9tisme Mondiaux en salle 2025 : Wilhem Belocian remporte la m\u00e9daille d'argent au 60 m haies - Dicodusport","description":"CHAMPIONNATS DU MONDE EN SALLE 2025 - La moisson de m\u00e9dailles se poursuit avec l'argent remport\u00e9 par Wilhem Belocian au 60 m haies.","robots":{"index":"index","follow":"follow","max-snippet":"max-snippet:-1","max-image-preview":"max-image-preview:large","max-video-preview":"max-video-preview:-1"},"canonical":"https:\/\/dicodusport.fr\/blog\/athletisme-mondiaux-en-salle-2025-wilhem-belocian-remporte-la-medaille-dargent-au-60-m-haies\/","og_locale":"fr_FR","og_type":"article","og_title":"Athl\u00e9tisme Mondiaux en salle 2025 : Wilhem Belocian remporte la m\u00e9daille d'argent au 60 m haies","og_description":"CHAMPIONNATS DU MONDE EN SALLE 2025 - La moisson de m\u00e9dailles se poursuit avec l'argent remport\u00e9 par Wilhem Belocian au 60 m haies.","og_url":"https:\/\/dicodusport.fr\/blog\/athletisme-mondiaux-en-salle-2025-wilhem-belocian-remporte-la-medaille-dargent-au-60-m-haies\/","og_site_name":"Dicodusport","article_publisher":"https:\/\/www.facebook.com\/dicodusport","article_published_time":"2025-03-22T13:13:41+00:00","article_modified_time":"2025-03-22T13:59:58+00:00","og_image":[{"width":1200,"height":674,"url":"https:\/\/dicodusport.fr\/blog\/wp-content\/uploads\/2025\/03\/Athletisme-Mondiaux-en-salle-2025-Wilhem-Belocian-remporte-la-medaille-dargent-au-60-m-haies.png","type":"image\/png"}],"author":"Arlette Yeye","twitter_card":"summary_large_image","twitter_title":"Athl\u00e9tisme Mondiaux en salle 2025 : Wilhem Belocian remporte la m\u00e9daille d'argent au 60 m haies","twitter_creator":"@https:\/\/twitter.com\/Shiclette94","twitter_site":"@dicodusport","schema":{"@context":"https:\/\/schema.org","@graph":[{"@type":"NewsArticle","@id":"https:\/\/dicodusport.fr\/blog\/athletisme-mondiaux-en-salle-2025-wilhem-belocian-remporte-la-medaille-dargent-au-60-m-haies\/#article","isPartOf":{"@id":"https:\/\/dicodusport.fr\/blog\/athletisme-mondiaux-en-salle-2025-wilhem-belocian-remporte-la-medaille-dargent-au-60-m-haies\/"},"author":{"name":"Arlette Yeye","@id":"https:\/\/dicodusport.fr\/blog\/#\/schema\/person\/cce96fa88785bd8573e3d43078ac8c79"},"headline":"Athl\u00e9tisme Mondiaux en salle 2025 : Wilhem Belocian remporte la m\u00e9daille d&rsquo;argent au 60 m haies","datePublished":"2025-03-22T13:13:41+00:00","dateModified":"2025-03-22T13:59:58+00:00","mainEntityOfPage":{"@id":"https:\/\/dicodusport.fr\/blog\/athletisme-mondiaux-en-salle-2025-wilhem-belocian-remporte-la-medaille-dargent-au-60-m-haies\/"},"wordCount":356,"commentCount":0,"publisher":{"@id":"https:\/\/dicodusport.fr\/blog\/#organization"},"image":{"@id":"https:\/\/dicodusport.fr\/blog\/athletisme-mondiaux-en-salle-2025-wilhem-belocian-remporte-la-medaille-dargent-au-60-m-haies\/#primaryimage"},"thumbnailUrl":"https:\/\/dicodusport.fr\/blog\/wp-content\/uploads\/2025\/03\/Athletisme-Mondiaux-en-salle-2025-Wilhem-Belocian-remporte-la-medaille-dargent-au-60-m-haies.png","keywords":["actu","br\u00e8ve","Wilhem Belocian"],"articleSection":["Athl\u00e9tisme"],"inLanguage":"fr-FR","potentialAction":[{"@type":"CommentAction","name":"Comment","target":["https:\/\/dicodusport.fr\/blog\/athletisme-mondiaux-en-salle-2025-wilhem-belocian-remporte-la-medaille-dargent-au-60-m-haies\/#respond"]}],"copyrightYear":"2025","copyrightHolder":{"@id":"https:\/\/dicodusport.fr\/blog\/#organization"}},{"@type":"WebPage","@id":"https:\/\/dicodusport.fr\/blog\/athletisme-mondiaux-en-salle-2025-wilhem-belocian-remporte-la-medaille-dargent-au-60-m-haies\/","url":"https:\/\/dicodusport.fr\/blog\/athletisme-mondiaux-en-salle-2025-wilhem-belocian-remporte-la-medaille-dargent-au-60-m-haies\/","name":"Athl\u00e9tisme Mondiaux en salle 2025 : Wilhem Belocian remporte la m\u00e9daille d'argent au 60 m haies - Dicodusport","isPartOf":{"@id":"https:\/\/dicodusport.fr\/blog\/#website"},"primaryImageOfPage":{"@id":"https:\/\/dicodusport.fr\/blog\/athletisme-mondiaux-en-salle-2025-wilhem-belocian-remporte-la-medaille-dargent-au-60-m-haies\/#primaryimage"},"image":{"@id":"https:\/\/dicodusport.fr\/blog\/athletisme-mondiaux-en-salle-2025-wilhem-belocian-remporte-la-medaille-dargent-au-60-m-haies\/#primaryimage"},"thumbnailUrl":"https:\/\/dicodusport.fr\/blog\/wp-content\/uploads\/2025\/03\/Athletisme-Mondiaux-en-salle-2025-Wilhem-Belocian-remporte-la-medaille-dargent-au-60-m-haies.png","datePublished":"2025-03-22T13:13:41+00:00","dateModified":"2025-03-22T13:59:58+00:00","description":"CHAMPIONNATS DU MONDE EN SALLE 2025 - La moisson de m\u00e9dailles se poursuit avec l'argent remport\u00e9 par Wilhem Belocian au 60 m haies.","breadcrumb":{"@id":"https:\/\/dicodusport.fr\/blog\/athletisme-mondiaux-en-salle-2025-wilhem-belocian-remporte-la-medaille-dargent-au-60-m-haies\/#breadcrumb"},"inLanguage":"fr-FR","potentialAction":[{"@type":"ReadAction","target":["https:\/\/dicodusport.fr\/blog\/athletisme-mondiaux-en-salle-2025-wilhem-belocian-remporte-la-medaille-dargent-au-60-m-haies\/"]}]},{"@type":"ImageObject","inLanguage":"fr-FR","@id":"https:\/\/dicodusport.fr\/blog\/athletisme-mondiaux-en-salle-2025-wilhem-belocian-remporte-la-medaille-dargent-au-60-m-haies\/#primaryimage","url":"https:\/\/dicodusport.fr\/blog\/wp-content\/uploads\/2025\/03\/Athletisme-Mondiaux-en-salle-2025-Wilhem-Belocian-remporte-la-medaille-dargent-au-60-m-haies.png","contentUrl":"https:\/\/dicodusport.fr\/blog\/wp-content\/uploads\/2025\/03\/Athletisme-Mondiaux-en-salle-2025-Wilhem-Belocian-remporte-la-medaille-dargent-au-60-m-haies.png","width":1200,"height":674,"caption":"Athl\u00e9tisme Mondiaux en salle 2025 Wilhem Belocian remporte la m\u00e9daille d'argent au 60 m haies"},{"@type":"BreadcrumbList","@id":"https:\/\/dicodusport.fr\/blog\/athletisme-mondiaux-en-salle-2025-wilhem-belocian-remporte-la-medaille-dargent-au-60-m-haies\/#breadcrumb","itemListElement":[{"@type":"ListItem","position":1,"name":"Accueil","item":"https:\/\/dicodusport.fr\/blog\/"},{"@type":"ListItem","position":2,"name":"Athl\u00e9tisme Mondiaux en salle 2025 : Wilhem Belocian remporte la m\u00e9daille d&rsquo;argent au 60 m haies"}]},{"@type":"WebSite","@id":"https:\/\/dicodusport.fr\/blog\/#website","url":"https:\/\/dicodusport.fr\/blog\/","name":"Dicodusport","description":"L&#039;encyclop\u00e9die de l&#039;actualit\u00e9 sportive","publisher":{"@id":"https:\/\/dicodusport.fr\/blog\/#organization"},"potentialAction":[{"@type":"SearchAction","target":{"@type":"EntryPoint","urlTemplate":"https:\/\/dicodusport.fr\/blog\/?s={search_term_string}"},"query-input":{"@type":"PropertyValueSpecification","valueRequired":true,"valueName":"search_term_string"}}],"inLanguage":"fr-FR"},{"@type":"NewsMediaOrganization","@id":"https:\/\/dicodusport.fr\/blog\/#organization","name":"Dicodusport","url":"https:\/\/dicodusport.fr\/blog\/","logo":{"@type":"ImageObject","inLanguage":"fr-FR","@id":"https:\/\/dicodusport.fr\/blog\/#\/schema\/logo\/image\/","url":"https:\/\/dicodusport.fr\/blog\/wp-content\/uploads\/2020\/06\/cropped-LOGO-DICODUSPORT-2020-SANS-FOND-SANS-TEXTE.png","contentUrl":"https:\/\/dicodusport.fr\/blog\/wp-content\/uploads\/2020\/06\/cropped-LOGO-DICODUSPORT-2020-SANS-FOND-SANS-TEXTE.png","width":512,"height":512,"caption":"Dicodusport"},"image":{"@id":"https:\/\/dicodusport.fr\/blog\/#\/schema\/logo\/image\/"},"sameAs":["https:\/\/www.facebook.com\/dicodusport","https:\/\/x.com\/dicodusport","https:\/\/www.instagram.com\/dicodusport\/","https:\/\/www.youtube.com\/channel\/UC7V2KZ5sd3htJivAbA4ZG3w"],"description":"Dicodusport est l'encyclop\u00e9die de l'actualit\u00e9 sportive.","email":"bonjour@dicodusport.fr","legalName":"DICODUSPORT","foundingDate":"2018-01-14","vatID":"FR71834470973","taxID":"83447097300043","numberOfEmployees":{"@type":"QuantitativeValue","minValue":"1","maxValue":"10"}},{"@type":"Person","@id":"https:\/\/dicodusport.fr\/blog\/#\/schema\/person\/cce96fa88785bd8573e3d43078ac8c79","name":"Arlette Yeye","image":{"@type":"ImageObject","inLanguage":"fr-FR","@id":"https:\/\/dicodusport.fr\/blog\/#\/schema\/person\/image\/","url":"https:\/\/secure.gravatar.com\/avatar\/dca4a6239e6d708e46c45d60e160de6c?s=96&d=wp_user_avatar&r=g","contentUrl":"https:\/\/secure.gravatar.com\/avatar\/dca4a6239e6d708e46c45d60e160de6c?s=96&d=wp_user_avatar&r=g","caption":"Arlette Yeye"},"description":"Journaliste\/r\u00e9dactrice depuis septembre 2015 - Supportrice de Chelsea, j'ai pour sports de pr\u00e9dilection le handball, l'athl\u00e9tisme et le tennis. Si je tweete plus vite que mon ombre, vous pouvez aussi me retrouver les week-ends sur les playgrounds de Bruxelles pour un petit foot ou basket entre potes. Parcourir la France, l'Europe et plus si affinit\u00e9s pour suivre mes sportifs pr\u00e9f\u00e9r\u00e9s ? Mon kif ! Et c'est avec plaisir que je partage les r\u00e9sultats des sports populaires mais \u00e9galement plus confidentiels pour Dicodusport.","sameAs":["https:\/\/x.com\/https:\/\/twitter.com\/Shiclette94"],"url":"https:\/\/dicodusport.fr\/blog\/author\/arlette\/"}]}},"_links":{"self":[{"href":"https:\/\/dicodusport.fr\/blog\/wp-json\/wp\/v2\/posts\/566382","targetHints":{"allow":["GET"]}}],"collection":[{"href":"https:\/\/dicodusport.fr\/blog\/wp-json\/wp\/v2\/posts"}],"about":[{"href":"https:\/\/dicodusport.fr\/blog\/wp-json\/wp\/v2\/types\/post"}],"author":[{"embeddable":true,"href":"https:\/\/dicodusport.fr\/blog\/wp-json\/wp\/v2\/users\/12"}],"replies":[{"embeddable":true,"href":"https:\/\/dicodusport.fr\/blog\/wp-json\/wp\/v2\/comments?post=566382"}],"version-history":[{"count":5,"href":"https:\/\/dicodusport.fr\/blog\/wp-json\/wp\/v2\/posts\/566382\/revisions"}],"predecessor-version":[{"id":566433,"href":"https:\/\/dicodusport.fr\/blog\/wp-json\/wp\/v2\/posts\/566382\/revisions\/566433"}],"wp:featuredmedia":[{"embeddable":true,"href":"https:\/\/dicodusport.fr\/blog\/wp-json\/wp\/v2\/media\/566386"}],"wp:attachment":[{"href":"https:\/\/dicodusport.fr\/blog\/wp-json\/wp\/v2\/media?parent=566382"}],"wp:term":[{"taxonomy":"category","embeddable":true,"href":"https:\/\/dicodusport.fr\/blog\/wp-json\/wp\/v2\/categories?post=566382"},{"taxonomy":"post_tag","embeddable":true,"href":"https:\/\/dicodusport.fr\/blog\/wp-json\/wp\/v2\/tags?post=566382"}],"curies":[{"name":"wp","href":"https:\/\/api.w.org\/{rel}","templated":true}]}}