{"id":566759,"date":"2025-03-23T11:22:13","date_gmt":"2025-03-23T10:22:13","guid":{"rendered":"https:\/\/dicodusport.fr\/blog\/?p=566759&#038;preview=true&#038;preview_id=566759"},"modified":"2025-03-23T17:15:16","modified_gmt":"2025-03-23T16:15:16","slug":"retrait-de-points-interdiction-de-recrutement-ce-que-risque-aussi-le-stade-toulousain-dans-laffaire-jaminet","status":"publish","type":"post","link":"https:\/\/dicodusport.fr\/blog\/retrait-de-points-interdiction-de-recrutement-ce-que-risque-aussi-le-stade-toulousain-dans-laffaire-jaminet\/","title":{"rendered":"Retrait de points, interdiction de recrutement ? Ce que risque aussi le Stade Toulousain dans l&rsquo;affaire Jaminet"},"content":{"rendered":"<h4 style=\"text-align: justify;\"><em>STADE TOULOUSAIN &#8211; Selon nos confr\u00e8res de L&rsquo;\u00c9quipe, l&rsquo;A2R, l&rsquo;Autorit\u00e9 de R\u00e9gulation du Rugby, anciennement DNACG, s&rsquo;est saisie du dossier portant sur le transfert de Melvyn Jaminet au Stade Toulousain. Pour rappel, vendredi, la LNR a officialis\u00e9 la sanction financi\u00e8re dont a \u00e9cop\u00e9 le club haut-garonnais.<\/em><\/h4>\n<p style=\"text-align: justify;\">Le <a href=\"https:\/\/dicodusport.fr\/blog\/transferts-stade-toulousain-2025-arrivees-departs-et-prolongations\/\"><strong>Stade Toulousain<\/strong><\/a> n&rsquo;en a pas termin\u00e9 avec les autorit\u00e9s dans l&rsquo;affaire du transfert de <a href=\"https:\/\/dicodusport.fr\/blog\/le-rc-toulon-a-tranche-pour-lavenir-de-melvyn-jaminet\/\"><strong>Melvyn Jaminet<\/strong><\/a>. Condamn\u00e9s vendredi \u00e0 payer une amende n\u00e9goci\u00e9e de <strong>1,3 million d&rsquo;euros<\/strong> pour avoir enfreint le r\u00e8glement du salary-cap, les doubles champions de France en titre pourraient, cette fois, \u00e9coper d&rsquo;une sanction sportive. En effet, selon <a href=\"https:\/\/www.lequipe.fr\/Rugby\/Actualites\/Le-stade-toulousain-risque-t-il-aussi-une-sanction-sportive-apres-l-affaire-du-transfert-de-melvyn-jaminet\/1548873\"><em>L&rsquo;\u00c9quipe<\/em><\/a>, l&rsquo;<strong>Autorit\u00e9 de R\u00e9gulation du Rugby<\/strong> s&rsquo;est saisie du dossier. \u00c0 l&rsquo;inverse de la <strong>LNR<\/strong> qui pr\u00e9voit uniquement des condamnations financi\u00e8res, l&rsquo;<strong>A2R<\/strong>, elle, est habilit\u00e9e \u00e0 prononcer des sanctions de nature sportive.<\/p>\n<div class=\"vlp-link-container vlp-layout-article\"><a href=\"https:\/\/dicodusport.fr\/blog\/stade-toulousain-la-sanction-est-tombee-concernant-le-transfert-de-melvyn-jaminet\/\" class=\"vlp-link\" title=\"Stade Toulousain : La sanction est tomb\u00e9e concernant le transfert de Melvyn Jaminet\"><\/a><div class=\"vlp-layout-zone-side\"><div class=\"vlp-block-4 vlp-link-image\"><img loading=\"lazy\" decoding=\"async\" style=\"max-width: 792px;\" width=\"792\" height=\"445\" src=\"https:\/\/dicodusport.fr\/blog\/wp-content\/uploads\/2025\/03\/Stade-Toulousain-La-sanction-est-tombee-concernant-le-transfert-de-Melvyn-Jaminet.png\" class=\"attachment-800x445 size-800x445\" alt=\"Stade Toulousain La sanction est tomb\u00e9e concernant le transfert de Melvyn Jaminet\" srcset=\"https:\/\/dicodusport.fr\/blog\/wp-content\/uploads\/2025\/03\/Stade-Toulousain-La-sanction-est-tombee-concernant-le-transfert-de-Melvyn-Jaminet.png 1200w, https:\/\/dicodusport.fr\/blog\/wp-content\/uploads\/2025\/03\/Stade-Toulousain-La-sanction-est-tombee-concernant-le-transfert-de-Melvyn-Jaminet-300x169.png 300w, https:\/\/dicodusport.fr\/blog\/wp-content\/uploads\/2025\/03\/Stade-Toulousain-La-sanction-est-tombee-concernant-le-transfert-de-Melvyn-Jaminet-1024x575.png 1024w, https:\/\/dicodusport.fr\/blog\/wp-content\/uploads\/2025\/03\/Stade-Toulousain-La-sanction-est-tombee-concernant-le-transfert-de-Melvyn-Jaminet-768x431.png 768w\" sizes=\"auto, (max-width: 792px) 100vw, 792px\" \/><\/div><\/div><div class=\"vlp-layout-zone-main\"><div class=\"vlp-block-0 vlp-link-title\">Stade Toulousain : La sanction est tomb\u00e9e concernant le transfert de Melvyn Jaminet<\/div><div class=\"vlp-block-1 vlp-link-summary\">TOP 14 - Selon L'\u00c9quipe, le Stade Toulousain a d\u00e9cid\u00e9 de reconna\u00eetre sa culpabilit\u00e9, en acceptant de payer une amende de 1,3 million d'euros dans l'affaire du transfert de Melvyn Jaminet.\u00a0<\/div><div class=\"vlp-block-2 vlp-link-button\">Lire l'article<\/div><div class=\"vlp-block-3 vlp-link-url\">dicodusport.fr<\/div><\/div><\/div>\n<h2 style=\"text-align: justify;\">Que risque le Stade Toulousain ?<\/h2>\n<p style=\"text-align: justify;\">En effet, l&rsquo;<strong>A2R<\/strong>, cog\u00e9r\u00e9e par la FFR et la LNR, est totalement ind\u00e9pendante. <em>\u00ab Charg\u00e9e de contribuer \u00e0 la stabilit\u00e9 financi\u00e8re des clubs, de favoriser le respect de l&rsquo;\u00e9quit\u00e9 sportive et de contribuer plus globalement \u00e0 la r\u00e9gulation \u00e9conomique des comp\u00e9titions \u00bb<\/em> selon la d\u00e9finition donn\u00e9e par la <strong>F\u00e9d\u00e9ration Fran\u00e7aise de Rugby<\/strong>, cette autorit\u00e9 peut effectuer des op\u00e9rations de contr\u00f4le au cours d&rsquo;une instruction. Dans le cas du <strong>Stade Toulousain<\/strong>, si cette derni\u00e8re prouve qu&rsquo;il y a bien eu des irr\u00e9gularit\u00e9s, et notamment concernant le contrat sign\u00e9 entre le club haut-garonnais et la fameuse soci\u00e9t\u00e9 Pacific Heart, l&rsquo;<strong>A2R<\/strong> peut prendre la d\u00e9cision d&rsquo;engager des poursuites aupr\u00e8s du <strong>Conseil de Discipline du Rugby Fran\u00e7ais<\/strong>.<\/p>\n<p style=\"text-align: justify;\">Aussi, nos confr\u00e8res de <em>L&rsquo;\u00c9quipe<\/em> rappellent que le <em>salary-cap manager<\/em>, commission ind\u00e9pendante de la LNR qui r\u00e9gule l&rsquo;encadrement de la masse salariale, avec laquelle le <strong>Stade Toulousain<\/strong> a discut\u00e9 dans le cadre de la m\u00e9diation, peut transmettre des documents \u00e0 l&rsquo;<strong>A2R<\/strong>, afin que cette derni\u00e8re puisse d\u00e9cider de lancer, ou non, des poursuites \u00e0 l&rsquo;encontre des <em>Rouge et Noir<\/em>. Ainsi, si une infraction est bel et bien \u00e9tablie, plusieurs sanctions sont possibles, allant de l&rsquo;amende, du retrait de points au classement du Top 14, \u00e0 l&rsquo;interdiction de recrutement et de participer \u00e0 la phase finale en cas de qualification. Toutefois, une interdiction de participer \u00e0 la phase finale du championnat en cours ne peut \u00eatre d\u00e9cid\u00e9e que jusqu&rsquo;au 31 janvier. Le retrait de points, si cette sanction est prononc\u00e9e, ne pourra \u00eatre appliqu\u00e9e que pour la saison 2025-2026.<\/p>\n<p style=\"text-align: justify;\">Toujours est-il que le <strong>Stade Toulousain<\/strong> pourrait \u00eatre rapidement fix\u00e9. Didier Lacroix a en effet \u00e9t\u00e9 mis au courant que l&rsquo;instruction de l&rsquo;<strong>A2R<\/strong> allait \u00eatre lanc\u00e9e, avec un premier rendez-vous programm\u00e9 entre les diff\u00e9rentes parties. Affaire \u00e0 suivre.<\/p>\n","protected":false},"excerpt":{"rendered":"<p>Selon nos confr\u00e8res de L&rsquo;\u00c9quipe, l&rsquo;A2R s&rsquo;est saisie du dossier portant sur le transfert de Melvyn Jaminet au Stade Toulousain.<\/p>\n","protected":false},"author":4,"featured_media":566767,"comment_status":"open","ping_status":"closed","sticky":false,"template":"","format":"standard","meta":{"_acf_changed":false,"_daextam_enable_autolinks":"1","footnotes":""},"categories":[9129,47050],"tags":[32415,16878,18144,4008],"class_list":["post-566759","post","type-post","status-publish","format-standard","has-post-thumbnail","hentry","category-rugby-a-xv","category-top-14","tag-actu","tag-breve","tag-melvyn-jaminet","tag-stade-toulousain"],"acf":[],"yoast_head":"<!-- This site is optimized with the Yoast SEO Premium plugin v26.7 (Yoast SEO v26.7) - https:\/\/yoast.com\/wordpress\/plugins\/seo\/ -->\n<title>Retrait de points, interdiction de recrutement ? Ce que risque aussi le Stade Toulousain dans l&#039;affaire Jaminet<\/title>\n<meta name=\"description\" content=\"Selon nos confr\u00e8res de L&#039;\u00c9quipe, l&#039;A2R s&#039;est saisie du dossier portant sur le transfert de Melvyn Jaminet au Stade Toulousain.\" \/>\n<meta name=\"robots\" content=\"index, follow, max-snippet:-1, max-image-preview:large, max-video-preview:-1\" \/>\n<link rel=\"canonical\" href=\"https:\/\/dicodusport.fr\/blog\/retrait-de-points-interdiction-de-recrutement-ce-que-risque-aussi-le-stade-toulousain-dans-laffaire-jaminet\/\" \/>\n<meta property=\"og:locale\" content=\"fr_FR\" \/>\n<meta property=\"og:type\" content=\"article\" \/>\n<meta property=\"og:title\" content=\"Retrait de points, interdiction de recrutement ? Ce que risque aussi le Stade Toulousain dans l&#039;affaire Jaminet\" \/>\n<meta property=\"og:description\" content=\"Selon nos confr\u00e8res de L&#039;\u00c9quipe, l&#039;A2R s&#039;est saisie du dossier portant sur le transfert de Melvyn Jaminet au Stade Toulousain.\" \/>\n<meta property=\"og:url\" content=\"https:\/\/dicodusport.fr\/blog\/retrait-de-points-interdiction-de-recrutement-ce-que-risque-aussi-le-stade-toulousain-dans-laffaire-jaminet\/\" \/>\n<meta property=\"og:site_name\" content=\"Dicodusport\" \/>\n<meta property=\"article:publisher\" content=\"https:\/\/www.facebook.com\/dicodusport\" \/>\n<meta property=\"article:author\" content=\"https:\/\/www.facebook.com\/florent.ostermann\" \/>\n<meta property=\"article:published_time\" content=\"2025-03-23T10:22:13+00:00\" \/>\n<meta property=\"article:modified_time\" content=\"2025-03-23T16:15:16+00:00\" \/>\n<meta property=\"og:image\" content=\"https:\/\/dicodusport.fr\/blog\/wp-content\/uploads\/2025\/03\/Retrait-de-points-interdiction-de-recrutement-Ce-que-risque-aussi-le-Stade-Toulousain-dans-laffaire-Jaminet-1.png\" \/>\n\t<meta property=\"og:image:width\" content=\"1200\" \/>\n\t<meta property=\"og:image:height\" content=\"674\" \/>\n\t<meta property=\"og:image:type\" content=\"image\/png\" \/>\n<meta name=\"author\" content=\"Flo Ostermann\" \/>\n<meta name=\"twitter:card\" content=\"summary_large_image\" \/>\n<meta name=\"twitter:title\" content=\"Retrait de points, interdiction de recrutement ? Ce que risque aussi le Stade Toulousain dans l&#039;affaire Jaminet\" \/>\n<meta name=\"twitter:creator\" content=\"@https:\/\/twitter.com\/FlOstermann\" \/>\n<meta name=\"twitter:site\" content=\"@dicodusport\" \/>\n<script type=\"application\/ld+json\" class=\"yoast-schema-graph\">{\"@context\":\"https:\/\/schema.org\",\"@graph\":[{\"@type\":\"NewsArticle\",\"@id\":\"https:\/\/dicodusport.fr\/blog\/retrait-de-points-interdiction-de-recrutement-ce-que-risque-aussi-le-stade-toulousain-dans-laffaire-jaminet\/#article\",\"isPartOf\":{\"@id\":\"https:\/\/dicodusport.fr\/blog\/retrait-de-points-interdiction-de-recrutement-ce-que-risque-aussi-le-stade-toulousain-dans-laffaire-jaminet\/\"},\"author\":{\"name\":\"Flo Ostermann\",\"@id\":\"https:\/\/dicodusport.fr\/blog\/#\/schema\/person\/cb02af4c173ce4a653b55e9baf388d4a\"},\"headline\":\"Retrait de points, interdiction de recrutement ? Ce que risque aussi le Stade Toulousain dans l&rsquo;affaire Jaminet\",\"datePublished\":\"2025-03-23T10:22:13+00:00\",\"dateModified\":\"2025-03-23T16:15:16+00:00\",\"mainEntityOfPage\":{\"@id\":\"https:\/\/dicodusport.fr\/blog\/retrait-de-points-interdiction-de-recrutement-ce-que-risque-aussi-le-stade-toulousain-dans-laffaire-jaminet\/\"},\"wordCount\":602,\"commentCount\":1,\"publisher\":{\"@id\":\"https:\/\/dicodusport.fr\/blog\/#organization\"},\"image\":{\"@id\":\"https:\/\/dicodusport.fr\/blog\/retrait-de-points-interdiction-de-recrutement-ce-que-risque-aussi-le-stade-toulousain-dans-laffaire-jaminet\/#primaryimage\"},\"thumbnailUrl\":\"https:\/\/dicodusport.fr\/blog\/wp-content\/uploads\/2025\/03\/Retrait-de-points-interdiction-de-recrutement-Ce-que-risque-aussi-le-Stade-Toulousain-dans-laffaire-Jaminet-1.png\",\"keywords\":[\"actu\",\"br\u00e8ve\",\"Melvyn Jaminet\",\"Stade Toulousain\"],\"articleSection\":[\"Rugby \u00e0 XV\",\"Top 14\"],\"inLanguage\":\"fr-FR\",\"potentialAction\":[{\"@type\":\"CommentAction\",\"name\":\"Comment\",\"target\":[\"https:\/\/dicodusport.fr\/blog\/retrait-de-points-interdiction-de-recrutement-ce-que-risque-aussi-le-stade-toulousain-dans-laffaire-jaminet\/#respond\"]}],\"copyrightYear\":\"2025\",\"copyrightHolder\":{\"@id\":\"https:\/\/dicodusport.fr\/blog\/#organization\"}},{\"@type\":\"WebPage\",\"@id\":\"https:\/\/dicodusport.fr\/blog\/retrait-de-points-interdiction-de-recrutement-ce-que-risque-aussi-le-stade-toulousain-dans-laffaire-jaminet\/\",\"url\":\"https:\/\/dicodusport.fr\/blog\/retrait-de-points-interdiction-de-recrutement-ce-que-risque-aussi-le-stade-toulousain-dans-laffaire-jaminet\/\",\"name\":\"Retrait de points, interdiction de recrutement ? Ce que risque aussi le Stade Toulousain dans l'affaire Jaminet\",\"isPartOf\":{\"@id\":\"https:\/\/dicodusport.fr\/blog\/#website\"},\"primaryImageOfPage\":{\"@id\":\"https:\/\/dicodusport.fr\/blog\/retrait-de-points-interdiction-de-recrutement-ce-que-risque-aussi-le-stade-toulousain-dans-laffaire-jaminet\/#primaryimage\"},\"image\":{\"@id\":\"https:\/\/dicodusport.fr\/blog\/retrait-de-points-interdiction-de-recrutement-ce-que-risque-aussi-le-stade-toulousain-dans-laffaire-jaminet\/#primaryimage\"},\"thumbnailUrl\":\"https:\/\/dicodusport.fr\/blog\/wp-content\/uploads\/2025\/03\/Retrait-de-points-interdiction-de-recrutement-Ce-que-risque-aussi-le-Stade-Toulousain-dans-laffaire-Jaminet-1.png\",\"datePublished\":\"2025-03-23T10:22:13+00:00\",\"dateModified\":\"2025-03-23T16:15:16+00:00\",\"description\":\"Selon nos confr\u00e8res de L'\u00c9quipe, l'A2R s'est saisie du dossier portant sur le transfert de Melvyn Jaminet au Stade Toulousain.\",\"breadcrumb\":{\"@id\":\"https:\/\/dicodusport.fr\/blog\/retrait-de-points-interdiction-de-recrutement-ce-que-risque-aussi-le-stade-toulousain-dans-laffaire-jaminet\/#breadcrumb\"},\"inLanguage\":\"fr-FR\",\"potentialAction\":[{\"@type\":\"ReadAction\",\"target\":[\"https:\/\/dicodusport.fr\/blog\/retrait-de-points-interdiction-de-recrutement-ce-que-risque-aussi-le-stade-toulousain-dans-laffaire-jaminet\/\"]}]},{\"@type\":\"ImageObject\",\"inLanguage\":\"fr-FR\",\"@id\":\"https:\/\/dicodusport.fr\/blog\/retrait-de-points-interdiction-de-recrutement-ce-que-risque-aussi-le-stade-toulousain-dans-laffaire-jaminet\/#primaryimage\",\"url\":\"https:\/\/dicodusport.fr\/blog\/wp-content\/uploads\/2025\/03\/Retrait-de-points-interdiction-de-recrutement-Ce-que-risque-aussi-le-Stade-Toulousain-dans-laffaire-Jaminet-1.png\",\"contentUrl\":\"https:\/\/dicodusport.fr\/blog\/wp-content\/uploads\/2025\/03\/Retrait-de-points-interdiction-de-recrutement-Ce-que-risque-aussi-le-Stade-Toulousain-dans-laffaire-Jaminet-1.png\",\"width\":1200,\"height\":674,\"caption\":\"Retrait de points, interdiction de recrutement Ce que risque aussi le Stade Toulousain dans l'affaire Jaminet\"},{\"@type\":\"BreadcrumbList\",\"@id\":\"https:\/\/dicodusport.fr\/blog\/retrait-de-points-interdiction-de-recrutement-ce-que-risque-aussi-le-stade-toulousain-dans-laffaire-jaminet\/#breadcrumb\",\"itemListElement\":[{\"@type\":\"ListItem\",\"position\":1,\"name\":\"Accueil\",\"item\":\"https:\/\/dicodusport.fr\/blog\/\"},{\"@type\":\"ListItem\",\"position\":2,\"name\":\"Retrait de points, interdiction de recrutement ? Ce que risque aussi le Stade Toulousain dans l&rsquo;affaire Jaminet\"}]},{\"@type\":\"WebSite\",\"@id\":\"https:\/\/dicodusport.fr\/blog\/#website\",\"url\":\"https:\/\/dicodusport.fr\/blog\/\",\"name\":\"Dicodusport\",\"description\":\"L&#039;encyclop\u00e9die de l&#039;actualit\u00e9 sportive\",\"publisher\":{\"@id\":\"https:\/\/dicodusport.fr\/blog\/#organization\"},\"potentialAction\":[{\"@type\":\"SearchAction\",\"target\":{\"@type\":\"EntryPoint\",\"urlTemplate\":\"https:\/\/dicodusport.fr\/blog\/?s={search_term_string}\"},\"query-input\":{\"@type\":\"PropertyValueSpecification\",\"valueRequired\":true,\"valueName\":\"search_term_string\"}}],\"inLanguage\":\"fr-FR\"},{\"@type\":\"NewsMediaOrganization\",\"@id\":\"https:\/\/dicodusport.fr\/blog\/#organization\",\"name\":\"Dicodusport\",\"url\":\"https:\/\/dicodusport.fr\/blog\/\",\"logo\":{\"@type\":\"ImageObject\",\"inLanguage\":\"fr-FR\",\"@id\":\"https:\/\/dicodusport.fr\/blog\/#\/schema\/logo\/image\/\",\"url\":\"https:\/\/dicodusport.fr\/blog\/wp-content\/uploads\/2020\/06\/cropped-LOGO-DICODUSPORT-2020-SANS-FOND-SANS-TEXTE.png\",\"contentUrl\":\"https:\/\/dicodusport.fr\/blog\/wp-content\/uploads\/2020\/06\/cropped-LOGO-DICODUSPORT-2020-SANS-FOND-SANS-TEXTE.png\",\"width\":512,\"height\":512,\"caption\":\"Dicodusport\"},\"image\":{\"@id\":\"https:\/\/dicodusport.fr\/blog\/#\/schema\/logo\/image\/\"},\"sameAs\":[\"https:\/\/www.facebook.com\/dicodusport\",\"https:\/\/x.com\/dicodusport\",\"https:\/\/www.instagram.com\/dicodusport\/\",\"https:\/\/www.youtube.com\/channel\/UC7V2KZ5sd3htJivAbA4ZG3w\"],\"description\":\"Dicodusport est l'encyclop\u00e9die de l'actualit\u00e9 sportive.\",\"email\":\"bonjour@dicodusport.fr\",\"legalName\":\"DICODUSPORT\",\"foundingDate\":\"2018-01-14\",\"vatID\":\"FR71834470973\",\"taxID\":\"83447097300043\",\"numberOfEmployees\":{\"@type\":\"QuantitativeValue\",\"minValue\":\"1\",\"maxValue\":\"10\"}},{\"@type\":\"Person\",\"@id\":\"https:\/\/dicodusport.fr\/blog\/#\/schema\/person\/cb02af4c173ce4a653b55e9baf388d4a\",\"name\":\"Flo Ostermann\",\"image\":{\"@type\":\"ImageObject\",\"inLanguage\":\"fr-FR\",\"@id\":\"https:\/\/dicodusport.fr\/blog\/#\/schema\/person\/image\/\",\"url\":\"https:\/\/dicodusport.fr\/blog\/wp-content\/uploads\/2021\/05\/Flo-Ostermann-150x150.jpg\",\"contentUrl\":\"https:\/\/dicodusport.fr\/blog\/wp-content\/uploads\/2021\/05\/Flo-Ostermann-150x150.jpg\",\"caption\":\"Flo Ostermann\"},\"description\":\"Journaliste\/R\u00e9dacteur depuis septembre 2015 - Mes premiers souvenirs dans le sport ? Les envol\u00e9es du Stade Toulousain et les duels Villeneuve-Schumacher et H\u00e4kkinen-Schumacher \u00e0 la fin des ann\u00e9es 90, la Coupe du monde de football en 1998, l\u2019exploit du XV de France face aux All Blacks en 1999, mais aussi Richard C\u0153ur de Lion qui vole sur les montagnes du Tour de France. Bien parti pour devenir professeur d\u2019EPS, les \u00e9v\u00e9nements de la vie (et la flemme d\u2019animer des s\u00e9ances de 3x500 m\u00e8tres toute ma vie) m\u2019ont conduit \u00e0 revoir mes plans. Me voil\u00e0 depuis fin 2017 sur Dicodusport, m\u00e9dia gr\u00e2ce (et pour) lequel je partage ma passion : le sport dans tous ses \u00e9tats. Le tout accompagn\u00e9 par les fous furieux et folles furieuses cit\u00e9s sur cette page !\",\"sameAs\":[\"https:\/\/www.facebook.com\/florent.ostermann\",\"https:\/\/x.com\/https:\/\/twitter.com\/FlOstermann\",\"admin\"],\"url\":\"https:\/\/dicodusport.fr\/blog\/author\/flo\/\"}]}<\/script>\n<!-- \/ Yoast SEO Premium plugin. -->","yoast_head_json":{"title":"Retrait de points, interdiction de recrutement ? Ce que risque aussi le Stade Toulousain dans l'affaire Jaminet","description":"Selon nos confr\u00e8res de L'\u00c9quipe, l'A2R s'est saisie du dossier portant sur le transfert de Melvyn Jaminet au Stade Toulousain.","robots":{"index":"index","follow":"follow","max-snippet":"max-snippet:-1","max-image-preview":"max-image-preview:large","max-video-preview":"max-video-preview:-1"},"canonical":"https:\/\/dicodusport.fr\/blog\/retrait-de-points-interdiction-de-recrutement-ce-que-risque-aussi-le-stade-toulousain-dans-laffaire-jaminet\/","og_locale":"fr_FR","og_type":"article","og_title":"Retrait de points, interdiction de recrutement ? Ce que risque aussi le Stade Toulousain dans l'affaire Jaminet","og_description":"Selon nos confr\u00e8res de L'\u00c9quipe, l'A2R s'est saisie du dossier portant sur le transfert de Melvyn Jaminet au Stade Toulousain.","og_url":"https:\/\/dicodusport.fr\/blog\/retrait-de-points-interdiction-de-recrutement-ce-que-risque-aussi-le-stade-toulousain-dans-laffaire-jaminet\/","og_site_name":"Dicodusport","article_publisher":"https:\/\/www.facebook.com\/dicodusport","article_author":"https:\/\/www.facebook.com\/florent.ostermann","article_published_time":"2025-03-23T10:22:13+00:00","article_modified_time":"2025-03-23T16:15:16+00:00","og_image":[{"width":1200,"height":674,"url":"https:\/\/dicodusport.fr\/blog\/wp-content\/uploads\/2025\/03\/Retrait-de-points-interdiction-de-recrutement-Ce-que-risque-aussi-le-Stade-Toulousain-dans-laffaire-Jaminet-1.png","type":"image\/png"}],"author":"Flo Ostermann","twitter_card":"summary_large_image","twitter_title":"Retrait de points, interdiction de recrutement ? Ce que risque aussi le Stade Toulousain dans l'affaire Jaminet","twitter_creator":"@https:\/\/twitter.com\/FlOstermann","twitter_site":"@dicodusport","schema":{"@context":"https:\/\/schema.org","@graph":[{"@type":"NewsArticle","@id":"https:\/\/dicodusport.fr\/blog\/retrait-de-points-interdiction-de-recrutement-ce-que-risque-aussi-le-stade-toulousain-dans-laffaire-jaminet\/#article","isPartOf":{"@id":"https:\/\/dicodusport.fr\/blog\/retrait-de-points-interdiction-de-recrutement-ce-que-risque-aussi-le-stade-toulousain-dans-laffaire-jaminet\/"},"author":{"name":"Flo Ostermann","@id":"https:\/\/dicodusport.fr\/blog\/#\/schema\/person\/cb02af4c173ce4a653b55e9baf388d4a"},"headline":"Retrait de points, interdiction de recrutement ? Ce que risque aussi le Stade Toulousain dans l&rsquo;affaire Jaminet","datePublished":"2025-03-23T10:22:13+00:00","dateModified":"2025-03-23T16:15:16+00:00","mainEntityOfPage":{"@id":"https:\/\/dicodusport.fr\/blog\/retrait-de-points-interdiction-de-recrutement-ce-que-risque-aussi-le-stade-toulousain-dans-laffaire-jaminet\/"},"wordCount":602,"commentCount":1,"publisher":{"@id":"https:\/\/dicodusport.fr\/blog\/#organization"},"image":{"@id":"https:\/\/dicodusport.fr\/blog\/retrait-de-points-interdiction-de-recrutement-ce-que-risque-aussi-le-stade-toulousain-dans-laffaire-jaminet\/#primaryimage"},"thumbnailUrl":"https:\/\/dicodusport.fr\/blog\/wp-content\/uploads\/2025\/03\/Retrait-de-points-interdiction-de-recrutement-Ce-que-risque-aussi-le-Stade-Toulousain-dans-laffaire-Jaminet-1.png","keywords":["actu","br\u00e8ve","Melvyn Jaminet","Stade Toulousain"],"articleSection":["Rugby \u00e0 XV","Top 14"],"inLanguage":"fr-FR","potentialAction":[{"@type":"CommentAction","name":"Comment","target":["https:\/\/dicodusport.fr\/blog\/retrait-de-points-interdiction-de-recrutement-ce-que-risque-aussi-le-stade-toulousain-dans-laffaire-jaminet\/#respond"]}],"copyrightYear":"2025","copyrightHolder":{"@id":"https:\/\/dicodusport.fr\/blog\/#organization"}},{"@type":"WebPage","@id":"https:\/\/dicodusport.fr\/blog\/retrait-de-points-interdiction-de-recrutement-ce-que-risque-aussi-le-stade-toulousain-dans-laffaire-jaminet\/","url":"https:\/\/dicodusport.fr\/blog\/retrait-de-points-interdiction-de-recrutement-ce-que-risque-aussi-le-stade-toulousain-dans-laffaire-jaminet\/","name":"Retrait de points, interdiction de recrutement ? Ce que risque aussi le Stade Toulousain dans l'affaire Jaminet","isPartOf":{"@id":"https:\/\/dicodusport.fr\/blog\/#website"},"primaryImageOfPage":{"@id":"https:\/\/dicodusport.fr\/blog\/retrait-de-points-interdiction-de-recrutement-ce-que-risque-aussi-le-stade-toulousain-dans-laffaire-jaminet\/#primaryimage"},"image":{"@id":"https:\/\/dicodusport.fr\/blog\/retrait-de-points-interdiction-de-recrutement-ce-que-risque-aussi-le-stade-toulousain-dans-laffaire-jaminet\/#primaryimage"},"thumbnailUrl":"https:\/\/dicodusport.fr\/blog\/wp-content\/uploads\/2025\/03\/Retrait-de-points-interdiction-de-recrutement-Ce-que-risque-aussi-le-Stade-Toulousain-dans-laffaire-Jaminet-1.png","datePublished":"2025-03-23T10:22:13+00:00","dateModified":"2025-03-23T16:15:16+00:00","description":"Selon nos confr\u00e8res de L'\u00c9quipe, l'A2R s'est saisie du dossier portant sur le transfert de Melvyn Jaminet au Stade Toulousain.","breadcrumb":{"@id":"https:\/\/dicodusport.fr\/blog\/retrait-de-points-interdiction-de-recrutement-ce-que-risque-aussi-le-stade-toulousain-dans-laffaire-jaminet\/#breadcrumb"},"inLanguage":"fr-FR","potentialAction":[{"@type":"ReadAction","target":["https:\/\/dicodusport.fr\/blog\/retrait-de-points-interdiction-de-recrutement-ce-que-risque-aussi-le-stade-toulousain-dans-laffaire-jaminet\/"]}]},{"@type":"ImageObject","inLanguage":"fr-FR","@id":"https:\/\/dicodusport.fr\/blog\/retrait-de-points-interdiction-de-recrutement-ce-que-risque-aussi-le-stade-toulousain-dans-laffaire-jaminet\/#primaryimage","url":"https:\/\/dicodusport.fr\/blog\/wp-content\/uploads\/2025\/03\/Retrait-de-points-interdiction-de-recrutement-Ce-que-risque-aussi-le-Stade-Toulousain-dans-laffaire-Jaminet-1.png","contentUrl":"https:\/\/dicodusport.fr\/blog\/wp-content\/uploads\/2025\/03\/Retrait-de-points-interdiction-de-recrutement-Ce-que-risque-aussi-le-Stade-Toulousain-dans-laffaire-Jaminet-1.png","width":1200,"height":674,"caption":"Retrait de points, interdiction de recrutement Ce que risque aussi le Stade Toulousain dans l'affaire Jaminet"},{"@type":"BreadcrumbList","@id":"https:\/\/dicodusport.fr\/blog\/retrait-de-points-interdiction-de-recrutement-ce-que-risque-aussi-le-stade-toulousain-dans-laffaire-jaminet\/#breadcrumb","itemListElement":[{"@type":"ListItem","position":1,"name":"Accueil","item":"https:\/\/dicodusport.fr\/blog\/"},{"@type":"ListItem","position":2,"name":"Retrait de points, interdiction de recrutement ? Ce que risque aussi le Stade Toulousain dans l&rsquo;affaire Jaminet"}]},{"@type":"WebSite","@id":"https:\/\/dicodusport.fr\/blog\/#website","url":"https:\/\/dicodusport.fr\/blog\/","name":"Dicodusport","description":"L&#039;encyclop\u00e9die de l&#039;actualit\u00e9 sportive","publisher":{"@id":"https:\/\/dicodusport.fr\/blog\/#organization"},"potentialAction":[{"@type":"SearchAction","target":{"@type":"EntryPoint","urlTemplate":"https:\/\/dicodusport.fr\/blog\/?s={search_term_string}"},"query-input":{"@type":"PropertyValueSpecification","valueRequired":true,"valueName":"search_term_string"}}],"inLanguage":"fr-FR"},{"@type":"NewsMediaOrganization","@id":"https:\/\/dicodusport.fr\/blog\/#organization","name":"Dicodusport","url":"https:\/\/dicodusport.fr\/blog\/","logo":{"@type":"ImageObject","inLanguage":"fr-FR","@id":"https:\/\/dicodusport.fr\/blog\/#\/schema\/logo\/image\/","url":"https:\/\/dicodusport.fr\/blog\/wp-content\/uploads\/2020\/06\/cropped-LOGO-DICODUSPORT-2020-SANS-FOND-SANS-TEXTE.png","contentUrl":"https:\/\/dicodusport.fr\/blog\/wp-content\/uploads\/2020\/06\/cropped-LOGO-DICODUSPORT-2020-SANS-FOND-SANS-TEXTE.png","width":512,"height":512,"caption":"Dicodusport"},"image":{"@id":"https:\/\/dicodusport.fr\/blog\/#\/schema\/logo\/image\/"},"sameAs":["https:\/\/www.facebook.com\/dicodusport","https:\/\/x.com\/dicodusport","https:\/\/www.instagram.com\/dicodusport\/","https:\/\/www.youtube.com\/channel\/UC7V2KZ5sd3htJivAbA4ZG3w"],"description":"Dicodusport est l'encyclop\u00e9die de l'actualit\u00e9 sportive.","email":"bonjour@dicodusport.fr","legalName":"DICODUSPORT","foundingDate":"2018-01-14","vatID":"FR71834470973","taxID":"83447097300043","numberOfEmployees":{"@type":"QuantitativeValue","minValue":"1","maxValue":"10"}},{"@type":"Person","@id":"https:\/\/dicodusport.fr\/blog\/#\/schema\/person\/cb02af4c173ce4a653b55e9baf388d4a","name":"Flo Ostermann","image":{"@type":"ImageObject","inLanguage":"fr-FR","@id":"https:\/\/dicodusport.fr\/blog\/#\/schema\/person\/image\/","url":"https:\/\/dicodusport.fr\/blog\/wp-content\/uploads\/2021\/05\/Flo-Ostermann-150x150.jpg","contentUrl":"https:\/\/dicodusport.fr\/blog\/wp-content\/uploads\/2021\/05\/Flo-Ostermann-150x150.jpg","caption":"Flo Ostermann"},"description":"Journaliste\/R\u00e9dacteur depuis septembre 2015 - Mes premiers souvenirs dans le sport ? Les envol\u00e9es du Stade Toulousain et les duels Villeneuve-Schumacher et H\u00e4kkinen-Schumacher \u00e0 la fin des ann\u00e9es 90, la Coupe du monde de football en 1998, l\u2019exploit du XV de France face aux All Blacks en 1999, mais aussi Richard C\u0153ur de Lion qui vole sur les montagnes du Tour de France. Bien parti pour devenir professeur d\u2019EPS, les \u00e9v\u00e9nements de la vie (et la flemme d\u2019animer des s\u00e9ances de 3x500 m\u00e8tres toute ma vie) m\u2019ont conduit \u00e0 revoir mes plans. Me voil\u00e0 depuis fin 2017 sur Dicodusport, m\u00e9dia gr\u00e2ce (et pour) lequel je partage ma passion : le sport dans tous ses \u00e9tats. Le tout accompagn\u00e9 par les fous furieux et folles furieuses cit\u00e9s sur cette page !","sameAs":["https:\/\/www.facebook.com\/florent.ostermann","https:\/\/x.com\/https:\/\/twitter.com\/FlOstermann","admin"],"url":"https:\/\/dicodusport.fr\/blog\/author\/flo\/"}]}},"_links":{"self":[{"href":"https:\/\/dicodusport.fr\/blog\/wp-json\/wp\/v2\/posts\/566759","targetHints":{"allow":["GET"]}}],"collection":[{"href":"https:\/\/dicodusport.fr\/blog\/wp-json\/wp\/v2\/posts"}],"about":[{"href":"https:\/\/dicodusport.fr\/blog\/wp-json\/wp\/v2\/types\/post"}],"author":[{"embeddable":true,"href":"https:\/\/dicodusport.fr\/blog\/wp-json\/wp\/v2\/users\/4"}],"replies":[{"embeddable":true,"href":"https:\/\/dicodusport.fr\/blog\/wp-json\/wp\/v2\/comments?post=566759"}],"version-history":[{"count":4,"href":"https:\/\/dicodusport.fr\/blog\/wp-json\/wp\/v2\/posts\/566759\/revisions"}],"predecessor-version":[{"id":566939,"href":"https:\/\/dicodusport.fr\/blog\/wp-json\/wp\/v2\/posts\/566759\/revisions\/566939"}],"wp:featuredmedia":[{"embeddable":true,"href":"https:\/\/dicodusport.fr\/blog\/wp-json\/wp\/v2\/media\/566767"}],"wp:attachment":[{"href":"https:\/\/dicodusport.fr\/blog\/wp-json\/wp\/v2\/media?parent=566759"}],"wp:term":[{"taxonomy":"category","embeddable":true,"href":"https:\/\/dicodusport.fr\/blog\/wp-json\/wp\/v2\/categories?post=566759"},{"taxonomy":"post_tag","embeddable":true,"href":"https:\/\/dicodusport.fr\/blog\/wp-json\/wp\/v2\/tags?post=566759"}],"curies":[{"name":"wp","href":"https:\/\/api.w.org\/{rel}","templated":true}]}}