{"id":567094,"date":"2025-03-24T16:21:58","date_gmt":"2025-03-24T15:21:58","guid":{"rendered":"https:\/\/dicodusport.fr\/blog\/?p=567094&#038;preview=true&#038;preview_id=567094"},"modified":"2025-07-09T18:32:05","modified_gmt":"2025-07-09T16:32:05","slug":"biathlon-2024-2025-les-etoiles-montantes-et-les-surprises-de-la-saison","status":"publish","type":"post","link":"https:\/\/dicodusport.fr\/blog\/biathlon-2024-2025-les-etoiles-montantes-et-les-surprises-de-la-saison\/","title":{"rendered":"Biathlon 2024-2025 : Les \u00e9toiles montantes et les surprises de la saison"},"content":{"rendered":"<h4 style=\"text-align: justify;\"><em>COUPE DU MONDE DE BIATHLON 2024\/2025 &#8211; Si la saison a \u00e9t\u00e9 longue et \u00e9prouvante pour certains biathl\u00e8tes, d\u2019autres ont franchi un cap et marqu\u00e9 les esprits. Entre les confirmations d\u2019Oc\u00e9ane Michelon, \u00c9ric Perrot ou encore Tommaso Giacomel, et les belles surprises incarn\u00e9es par Suvi Minkkinen et Vebjoern Soerum, cette saison a r\u00e9serv\u00e9 son lot de r\u00e9v\u00e9lations. Retour sur ces performances qui ont bouscul\u00e9 la hi\u00e9rarchie du biathlon.<\/em><\/h4>\n<ul>\n<li style=\"text-align: justify;\"><strong>\u00c0 ce sujet \u2013\u00a0<\/strong><strong><a href=\"https:\/\/dicodusport.fr\/blog\/biathlon-coupe-du-monde-2024-2025-le-calendrier-complet\/\">Coupe du monde Biathlon 2024-2025 \u2013 Les r\u00e9sultats complets<\/a><\/strong><\/li>\n<\/ul>\n<h2 style=\"text-align: justify;\">Perrot et Giacomel : du dossard bleu \u00e0 la course au g\u00e9n\u00e9ral<\/h2>\n<p class=\"\" style=\"text-align: justify;\" data-start=\"183\" data-end=\"434\">On ne les pr\u00e9sente plus comme la rel\u00e8ve, mais bien comme des cadors du circuit. Apr\u00e8s s\u2019\u00eatre disput\u00e9s le dossard bleu la saison pass\u00e9e (remport\u00e9 par l&rsquo;Italien), <strong>\u00c9ric Perrot<\/strong> et <strong>Tommaso Giacomel<\/strong> ont confirm\u00e9 tous les espoirs plac\u00e9s en eux. Leur progression est impressionnante, avec des statistiques en hausse dans tous les domaines : tir couch\u00e9, tir debout et temps de ski. <strong>Perrot<\/strong>, 3\u00e8me du classement g\u00e9n\u00e9ral, et <strong>Giacomel<\/strong>, 6\u00e8me, ont sign\u00e9 la meilleure saison de leur jeune carri\u00e8re. Mieux encore, ils se sont offert des victoires de prestige : le Fran\u00e7ais a brill\u00e9 avec deux succ\u00e8s en mass start et un titre de champion du monde de l\u2019individuel, tandis que l\u2019Italien a d\u00e9croch\u00e9 cinq podiums individuels, dont <a href=\"https:\/\/dicodusport.fr\/blog\/mass-start-hommes-ruhpoding-premiere-victoire-en-carriere-pour-litalien-tommaso-giacomel\/\"><strong>une victoire en mass start<\/strong><\/a> et une magnifique 2\u00e8me place sur l\u2019individuel des Mondiaux.<\/p>\n<div class=\"vlp-link-container vlp-layout-article\"><a href=\"https:\/\/dicodusport.fr\/blog\/biathlon-championnats-du-monde-eric-perrot-en-or-sur-lindividuel-quentin-fillon-maillet-en-bronze\/\" class=\"vlp-link\" title=\"Biathlon Championnats du monde : \u00c9ric Perrot en or sur l\u2019individuel, Quentin Fillon Maillet en bronze\"><\/a><div class=\"vlp-layout-zone-side\"><div class=\"vlp-block-4 vlp-link-image\"><img loading=\"lazy\" decoding=\"async\" style=\"max-width: 792px;\" width=\"792\" height=\"445\" src=\"https:\/\/dicodusport.fr\/blog\/wp-content\/uploads\/2025\/02\/Biathlon-Championnats-du-monde-Eric-Perrot-en-or-sur-lindividuel-Quentin-Fillon-Maillet-en-bronze-1.png\" class=\"attachment-800x445 size-800x445\" alt=\"Biathlon Championnats du monde \u00c9ric Perrot en or sur l\u2019individuel, Quentin Fillon Maillet en bronze (1)\" srcset=\"https:\/\/dicodusport.fr\/blog\/wp-content\/uploads\/2025\/02\/Biathlon-Championnats-du-monde-Eric-Perrot-en-or-sur-lindividuel-Quentin-Fillon-Maillet-en-bronze-1.png 1200w, https:\/\/dicodusport.fr\/blog\/wp-content\/uploads\/2025\/02\/Biathlon-Championnats-du-monde-Eric-Perrot-en-or-sur-lindividuel-Quentin-Fillon-Maillet-en-bronze-1-300x169.png 300w, https:\/\/dicodusport.fr\/blog\/wp-content\/uploads\/2025\/02\/Biathlon-Championnats-du-monde-Eric-Perrot-en-or-sur-lindividuel-Quentin-Fillon-Maillet-en-bronze-1-1024x575.png 1024w, https:\/\/dicodusport.fr\/blog\/wp-content\/uploads\/2025\/02\/Biathlon-Championnats-du-monde-Eric-Perrot-en-or-sur-lindividuel-Quentin-Fillon-Maillet-en-bronze-1-768x431.png 768w\" sizes=\"auto, (max-width: 792px) 100vw, 792px\" \/><\/div><\/div><div class=\"vlp-layout-zone-main\"><div class=\"vlp-block-0 vlp-link-title\">Biathlon Championnats du monde : \u00c9ric Perrot en or sur l\u2019individuel, Quentin Fillon Maillet en bronze<\/div><div class=\"vlp-block-1 vlp-link-summary\">\u00c9ric Perrot en or sur l\u2019individuel, Quentin Fillon Maillet en bronze<\/div><div class=\"vlp-block-2 vlp-link-button\">Lire l'article<\/div><div class=\"vlp-block-3 vlp-link-url\">dicodusport.fr<\/div><\/div><\/div>\n<p class=\"\" style=\"text-align: justify;\" data-start=\"996\" data-end=\"1180\">Encore tr\u00e8s jeunes, ils ont le temps de peaufiner leur domination. Et avec le d\u00e9part en retraite de <a href=\"https:\/\/dicodusport.fr\/blog\/biathlon-johannes-boe-arretera-sa-carriere-a-la-fin-de-la-saison\/\"><strong>Johannes Boe<\/strong><\/a>, il y a fort \u00e0 parier que l\u2019un d\u2019eux soul\u00e8vera bient\u00f4t le gros globe.<\/p>\n<h2 style=\"text-align: justify;\" data-start=\"996\" data-end=\"1180\">Oc\u00e9ane Michelon et Jeanne Richard : la nouvelle vague du biathlon tricolore<\/h2>\n<p class=\"\" style=\"text-align: justify;\" data-start=\"104\" data-end=\"470\">Elles avaient d\u00e9j\u00e0 montr\u00e9 de belles promesses la saison pass\u00e9e en alternant entre le circuit majeur et l\u2019IBU Cup, o\u00f9 <strong>Oc\u00e9ane<\/strong> <strong>Michelon<\/strong> s\u2019\u00e9tait offert <a href=\"https:\/\/dicodusport.fr\/blog\/ibu-cup-2023-2024-anaelle-bondoux-remporte-la-mass-start-dobertilliach-le-gros-globe-pour-oceane-michelon\/\"><strong>le gros globe de cristal<\/strong><\/a>. Mais cette ann\u00e9e marquait leur premi\u00e8re saison compl\u00e8te en Coupe du monde, et une chose est s\u00fbre : ces deux jeunes biathl\u00e8tes fran\u00e7aises ont prouv\u00e9 qu\u2019elles \u00e9taient des talents d\u2019exception.<\/p>\n<p class=\"\" style=\"text-align: justify;\" data-start=\"104\" data-end=\"470\">Si elles se sont livr\u00e9 une bataille acharn\u00e9e pour <a href=\"https:\/\/dicodusport.fr\/blog\/biathlon-classement-u23-dossard-bleu-femmes-coupe-du-monde-2024-2025\/\"><strong>le dossard bleu<\/strong><\/a>, finalement remport\u00e9 par <strong>Oc\u00e9ane<\/strong> <strong>Michelon<\/strong> avec seulement cinq points d\u2019avance sur <strong>Jeanne Richard<\/strong>, elles ont \u00e9galement sign\u00e9 un classement g\u00e9n\u00e9ral de haut niveau : une 5\u00e8me place pour <strong>Michelon<\/strong> et une 6\u00e8me pour <strong>Richard<\/strong>. La Savoyarde a m\u00eame d\u00e9croch\u00e9 un podium de prestige avec une magnifique 2\u00e8me place sur la mass start des championnats du monde. Sa r\u00e9gularit\u00e9 lui a aussi permis d\u2019int\u00e9grer pleinement le relais f\u00e9minin fran\u00e7ais aux c\u00f4t\u00e9s des exp\u00e9riment\u00e9es <strong>Lou Jeanmonnot<\/strong>, <strong>Julia Simon<\/strong> et <strong>Justine Braisaz-Bouchet<\/strong>.<\/p>\n<div class=\"vlp-link-container vlp-layout-article\"><a href=\"https:\/\/dicodusport.fr\/blog\/biathlon-championnats-du-monde-oceane-michelon-vice-championne-du-monde-de-la-mass-start-derriere-elvira-oeberg\/\" class=\"vlp-link\" title=\"Biathlon Championnats du monde : Oc\u00e9ane Michelon vice-championne du monde de la mass start derri\u00e8re Elvira Oeberg\"><\/a><div class=\"vlp-layout-zone-side\"><div class=\"vlp-block-4 vlp-link-image\"><img loading=\"lazy\" decoding=\"async\" style=\"max-width: 792px;\" width=\"792\" height=\"445\" src=\"https:\/\/dicodusport.fr\/blog\/wp-content\/uploads\/2025\/02\/Biathlon-Championnats-du-monde-Oceane-Michelon-vice-championne-du-monde-de-la-mass-start-derriere-Elvira-Oeberg-1.png\" class=\"attachment-800x445 size-800x445\" alt=\"Biathlon Championnats du monde Oc\u00e9ane Michelon vice-championne du monde de la mass start derri\u00e8re Elvira Oeberg (1)\" srcset=\"https:\/\/dicodusport.fr\/blog\/wp-content\/uploads\/2025\/02\/Biathlon-Championnats-du-monde-Oceane-Michelon-vice-championne-du-monde-de-la-mass-start-derriere-Elvira-Oeberg-1.png 1200w, https:\/\/dicodusport.fr\/blog\/wp-content\/uploads\/2025\/02\/Biathlon-Championnats-du-monde-Oceane-Michelon-vice-championne-du-monde-de-la-mass-start-derriere-Elvira-Oeberg-1-300x169.png 300w, https:\/\/dicodusport.fr\/blog\/wp-content\/uploads\/2025\/02\/Biathlon-Championnats-du-monde-Oceane-Michelon-vice-championne-du-monde-de-la-mass-start-derriere-Elvira-Oeberg-1-1024x575.png 1024w, https:\/\/dicodusport.fr\/blog\/wp-content\/uploads\/2025\/02\/Biathlon-Championnats-du-monde-Oceane-Michelon-vice-championne-du-monde-de-la-mass-start-derriere-Elvira-Oeberg-1-768x431.png 768w\" sizes=\"auto, (max-width: 792px) 100vw, 792px\" \/><\/div><\/div><div class=\"vlp-layout-zone-main\"><div class=\"vlp-block-0 vlp-link-title\">Biathlon Championnats du monde : Oc\u00e9ane Michelon vice-championne du monde de la mass start derri\u00e8re Elvira Oeberg<\/div><div class=\"vlp-block-1 vlp-link-summary\">Oc\u00e9ane Michelon vice-championne du monde de la mass start derri\u00e8re Elvira Oeberg<\/div><div class=\"vlp-block-2 vlp-link-button\">Lire l'article<\/div><div class=\"vlp-block-3 vlp-link-url\">dicodusport.fr<\/div><\/div><\/div>\n<p class=\"\" style=\"text-align: justify;\" data-start=\"1047\" data-end=\"1404\">De son c\u00f4t\u00e9, <strong>Jeanne Richard<\/strong> peut nourrir quelques regrets. Malgr\u00e9 un premier podium (<a href=\"https:\/\/dicodusport.fr\/blog\/mass-start-femmes-ruhpolding-premier-podium-individuel-pour-jeanne-richard-derriere-elvira-oeberg-et-franziska-preuss\/\"><strong>3\u00e8me sur la mass start de Ruhpolding<\/strong><\/a>), elle a collectionn\u00e9 les places d\u2019honneur, \u00e9chouant plusieurs fois au pied du podium. Notamment au Grand-Bornand, o\u00f9 elle a termin\u00e9 deux fois 4\u00e8me (<a href=\"https:\/\/dicodusport.fr\/blog\/poursuite-femmes-grand-bornand-julia-simon-deuxieme-franziska-preuss-imperiale\/\"><strong>poursuite<\/strong><\/a> et <a href=\"https:\/\/dicodusport.fr\/blog\/mass-start-femmes-grand-bornand-selina-grotian-s-offre-une-premiere-victoire-jeanne-richard-encore-4-eme\/\"><strong>mass start<\/strong><\/a>), \u00e0 chaque fois plomb\u00e9e par une faute sur le dernier tir debout. Si l\u2019on a h\u00e2te de revoir ces deux Tricolores \u00e0 l\u2019\u0153uvre la saison prochaine, il faudra \u00e9galement surveiller une autre \u00e9toile montante : <strong>Selina Grotian<\/strong>. \u00c0 seulement 20 ans, la p\u00e9pite allemande a termin\u00e9 9\u00e8me du g\u00e9n\u00e9ral et s\u2019est offert une victoire \u00e9clatante sur la mass start du Grand-Bornand.<\/p>\n<h2 style=\"text-align: justify;\" data-start=\"1047\" data-end=\"1404\">Suvi Minkkinen : la r\u00e9v\u00e9lation de la saison<\/h2>\n<p class=\"\" style=\"text-align: justify;\" data-start=\"68\" data-end=\"166\">42\u00e8me du g\u00e9n\u00e9ral la saison pass\u00e9e,<strong data-start=\"68\" data-end=\"164\"> Suvi Minkkinen <\/strong>a franchi un cap impressionnant cette ann\u00e9e. Si son tir couch\u00e9 est rest\u00e9 d\u2019un excellent niveau (91 % de r\u00e9ussite), c\u2019est surtout en tir debout que la Finlandaise de 30 ans a r\u00e9alis\u00e9 une progression spectaculaire, passant de 86 % \u00e0 91 %. Mais la v\u00e9ritable cl\u00e9 de sa transformation r\u00e9side dans son temps de ski : alors qu\u2019elle conc\u00e9dait en moyenne 11,2 secondes par kilom\u00e8tre aux meilleures l\u2019an dernier, cet \u00e9cart s\u2019est r\u00e9duit \u00e0 seulement 4,8 secondes cette saison.<\/p>\n<div class=\"vlp-link-container vlp-layout-article\"><a href=\"https:\/\/dicodusport.fr\/blog\/relais-mixte-simple-oberhof-premiere-pour-la-finlande-la-france-deuxieme\/\" class=\"vlp-link\" title=\"Relais mixte simple Oberhof : Premi\u00e8re pour la Finlande, la France deuxi\u00e8me\"><\/a><div class=\"vlp-layout-zone-side\"><div class=\"vlp-block-4 vlp-link-image\"><img loading=\"lazy\" decoding=\"async\" style=\"max-width: 792px;\" width=\"792\" height=\"445\" src=\"https:\/\/dicodusport.fr\/blog\/wp-content\/uploads\/2025\/01\/Relais-mixte-simple-Oberhof-Premiere-pour-la-Finlande-la-France-deuxieme-1.png\" class=\"attachment-800x445 size-800x445\" alt=\"Relais mixte simple Oberhof Premi\u00e8re pour la Finlande, la France deuxi\u00e8me (1)\" srcset=\"https:\/\/dicodusport.fr\/blog\/wp-content\/uploads\/2025\/01\/Relais-mixte-simple-Oberhof-Premiere-pour-la-Finlande-la-France-deuxieme-1.png 1200w, https:\/\/dicodusport.fr\/blog\/wp-content\/uploads\/2025\/01\/Relais-mixte-simple-Oberhof-Premiere-pour-la-Finlande-la-France-deuxieme-1-300x169.png 300w, https:\/\/dicodusport.fr\/blog\/wp-content\/uploads\/2025\/01\/Relais-mixte-simple-Oberhof-Premiere-pour-la-Finlande-la-France-deuxieme-1-1024x575.png 1024w, https:\/\/dicodusport.fr\/blog\/wp-content\/uploads\/2025\/01\/Relais-mixte-simple-Oberhof-Premiere-pour-la-Finlande-la-France-deuxieme-1-768x431.png 768w\" sizes=\"auto, (max-width: 792px) 100vw, 792px\" \/><\/div><\/div><div class=\"vlp-layout-zone-main\"><div class=\"vlp-block-0 vlp-link-title\">Relais mixte simple Oberhof : Premi\u00e8re pour la Finlande, la France deuxi\u00e8me<\/div><div class=\"vlp-block-1 vlp-link-summary\">Premi\u00e8re pour la Finlande, la France deuxi\u00e8me<\/div><div class=\"vlp-block-2 vlp-link-button\">Lire l'article<\/div><div class=\"vlp-block-3 vlp-link-url\">dicodusport.fr<\/div><\/div><\/div>\n<p class=\"\" style=\"text-align: justify;\" data-start=\"591\" data-end=\"965\">Le r\u00e9sultat ? La meilleure saison de sa carri\u00e8re, ponctu\u00e9e de trois podiums individuels en Coupe du monde, d\u2019une victoire en relais mixte aux c\u00f4t\u00e9s de <strong>Tero Sepp\u00e4l\u00e4<\/strong> \u00e0 Oberhof (Allemagne), et d\u2019une superbe m\u00e9daille de bronze sur le sprint des championnats du monde \u00e0 Lenzerheide (Suisse). Une ascension remarquable pour la Finlandaise, qui s\u2019est impos\u00e9e comme une v\u00e9ritable outsider cette ann\u00e9e.<\/p>\n<h2 style=\"text-align: justify;\" data-start=\"69\" data-end=\"118\"><strong data-start=\"69\" data-end=\"116\">Mention sp\u00e9ciale \u00e0 Vebjoern Soerum<\/strong><\/h2>\n<p style=\"text-align: justify;\" data-start=\"69\" data-end=\"118\">\u00c0 26 ans, il n\u2019est peut-\u00eatre pas le plus exp\u00e9riment\u00e9 de sa g\u00e9n\u00e9ration, mais il a pleinement justifi\u00e9 la confiance du staff norv\u00e9gien. Pour sa premi\u00e8re saison compl\u00e8te en Coupe du monde, il a sign\u00e9 une prometteuse 9\u00e8me place au classement g\u00e9n\u00e9ral, faisant preuve d\u2019une belle r\u00e9gularit\u00e9 en \u00e9preuve individuel. Souvent bien plac\u00e9, il s\u2019est offert quelques performances de haut vol, notamment <a href=\"https:\/\/dicodusport.fr\/blog\/individuel-hommes-ruhpolding-emilien-claude-soffre-son-premier-podium-en-coupe-du-monde\/\"><strong>une victoire lors de l\u2019individuel de Ruhpolding<\/strong><\/a> (Allemagne) et plusieurs 4\u00e8me places en sprint et en poursuite.<\/p>\n<p style=\"text-align: justify;\" data-start=\"69\" data-end=\"118\">Mais c\u2019est aussi en relais que <strong>Soerum<\/strong> a marqu\u00e9 les esprits. Il s\u2019est progressivement impos\u00e9 comme un membre de l\u2019\u00e9quipe norv\u00e9gienne, alternant avec <strong>Martin Uldal<\/strong> et prenant m\u00eame la place de<strong> Vetle Christiansen<\/strong>, pourtant ind\u00e9boulonnable la saison pass\u00e9e. Handicap\u00e9 par le d\u00e9part en retraite des <strong>fr\u00e8res<\/strong> <strong>Boe<\/strong>, <strong>Soerum<\/strong> a prouv\u00e9 que l\u2019\u00e9quipe norv\u00e9gienne avait fait le bon choix en lui faisant confiance. \u00c0 lui d\u00e9sormais de confirmer cette belle progression la saison prochaine.<\/p>\n<p class=\"\" style=\"text-align: justify;\" data-start=\"875\" data-end=\"1162\">Une chose est s\u00fbre : cette saison a \u00e9t\u00e9 riche en \u00e9motions et en rebondissements, comme seul le biathlon sait en offrir. Vivement la prochaine, qui d\u00e9butera fin novembre 2025 \u00e0 Ostersund (Su\u00e8de). En attendant, f\u00e9licitations \u00e0 toutes et tous les biathl\u00e8tes pour cette magnifique ann\u00e9e et bon repos \u00e0 eux.<\/p>\n","protected":false},"excerpt":{"rendered":"<p>Les \u00e9toiles montantes et les surprises de la saison de biathlon<\/p>\n","protected":false},"author":111,"featured_media":567177,"comment_status":"open","ping_status":"closed","sticky":false,"template":"","format":"standard","meta":{"_acf_changed":false,"_daextam_enable_autolinks":"1","footnotes":""},"categories":[47040],"tags":[2427,16878,15233,14786,22027,24],"class_list":["post-567094","post","type-post","status-publish","format-standard","has-post-thumbnail","hentry","category-coupe-du-monde-de-biathlon","tag-biathlon","tag-breve","tag-eric-perrot","tag-jeanne-richard","tag-oceane-michelon","tag-sport"],"acf":[],"yoast_head":"<!-- This site is optimized with the Yoast SEO Premium plugin v26.7 (Yoast SEO v26.7) - https:\/\/yoast.com\/wordpress\/plugins\/seo\/ -->\n<title>Biathlon 2024-2025 : Les \u00e9toiles montantes et les surprises de la saison<\/title>\n<meta name=\"description\" content=\"COUPE DU MONDE DE BIATHLON 2024\/2025 - Si la saison a \u00e9t\u00e9 longue et \u00e9prouvante pour certains biathl\u00e8tes, d\u2019autres ont franchi un cap et marqu\u00e9 les esprits.\" \/>\n<meta name=\"robots\" content=\"index, follow, max-snippet:-1, max-image-preview:large, max-video-preview:-1\" \/>\n<link rel=\"canonical\" href=\"https:\/\/dicodusport.fr\/blog\/biathlon-2024-2025-les-etoiles-montantes-et-les-surprises-de-la-saison\/\" \/>\n<meta property=\"og:locale\" content=\"fr_FR\" \/>\n<meta property=\"og:type\" content=\"article\" \/>\n<meta property=\"og:title\" content=\"Biathlon 2024-2025 : Les \u00e9toiles montantes et les surprises de la saison\" \/>\n<meta property=\"og:description\" content=\"COUPE DU MONDE DE BIATHLON 2024\/2025 - Si la saison a \u00e9t\u00e9 longue et \u00e9prouvante pour certains biathl\u00e8tes, d\u2019autres ont franchi un cap et marqu\u00e9 les esprits.\" \/>\n<meta property=\"og:url\" content=\"https:\/\/dicodusport.fr\/blog\/biathlon-2024-2025-les-etoiles-montantes-et-les-surprises-de-la-saison\/\" \/>\n<meta property=\"og:site_name\" content=\"Dicodusport\" \/>\n<meta property=\"article:publisher\" content=\"https:\/\/www.facebook.com\/dicodusport\" \/>\n<meta property=\"article:published_time\" content=\"2025-03-24T15:21:58+00:00\" \/>\n<meta property=\"article:modified_time\" content=\"2025-07-09T16:32:05+00:00\" \/>\n<meta property=\"og:image\" content=\"https:\/\/dicodusport.fr\/blog\/wp-content\/uploads\/2025\/03\/Biathlon-2024-2025-Les-etoiles-montantes-et-les-surprises-de-la-saison.png\" \/>\n\t<meta property=\"og:image:width\" content=\"1200\" \/>\n\t<meta property=\"og:image:height\" content=\"674\" \/>\n\t<meta property=\"og:image:type\" content=\"image\/png\" \/>\n<meta name=\"author\" content=\"L\u00e9o Derambure\" \/>\n<meta name=\"twitter:card\" content=\"summary_large_image\" \/>\n<meta name=\"twitter:title\" content=\"Biathlon 2024-2025 : Les \u00e9toiles montantes et les surprises de la saison\" \/>\n<meta name=\"twitter:creator\" content=\"@dicodusport\" \/>\n<meta name=\"twitter:site\" content=\"@dicodusport\" \/>\n<script type=\"application\/ld+json\" class=\"yoast-schema-graph\">{\"@context\":\"https:\/\/schema.org\",\"@graph\":[{\"@type\":\"NewsArticle\",\"@id\":\"https:\/\/dicodusport.fr\/blog\/biathlon-2024-2025-les-etoiles-montantes-et-les-surprises-de-la-saison\/#article\",\"isPartOf\":{\"@id\":\"https:\/\/dicodusport.fr\/blog\/biathlon-2024-2025-les-etoiles-montantes-et-les-surprises-de-la-saison\/\"},\"author\":{\"name\":\"L\u00e9o Derambure\",\"@id\":\"https:\/\/dicodusport.fr\/blog\/#\/schema\/person\/93f03e222ed8da203c940d17ef257295\"},\"headline\":\"Biathlon 2024-2025 : Les \u00e9toiles montantes et les surprises de la saison\",\"datePublished\":\"2025-03-24T15:21:58+00:00\",\"dateModified\":\"2025-07-09T16:32:05+00:00\",\"mainEntityOfPage\":{\"@id\":\"https:\/\/dicodusport.fr\/blog\/biathlon-2024-2025-les-etoiles-montantes-et-les-surprises-de-la-saison\/\"},\"wordCount\":1268,\"commentCount\":1,\"publisher\":{\"@id\":\"https:\/\/dicodusport.fr\/blog\/#organization\"},\"image\":{\"@id\":\"https:\/\/dicodusport.fr\/blog\/biathlon-2024-2025-les-etoiles-montantes-et-les-surprises-de-la-saison\/#primaryimage\"},\"thumbnailUrl\":\"https:\/\/dicodusport.fr\/blog\/wp-content\/uploads\/2025\/03\/Biathlon-2024-2025-Les-etoiles-montantes-et-les-surprises-de-la-saison.png\",\"keywords\":[\"Biathlon\",\"br\u00e8ve\",\"Eric Perrot\",\"Jeanne Richard\",\"Oc\u00e9ane Michelon\",\"sport\"],\"articleSection\":[\"Coupe du monde de biathlon\"],\"inLanguage\":\"fr-FR\",\"potentialAction\":[{\"@type\":\"CommentAction\",\"name\":\"Comment\",\"target\":[\"https:\/\/dicodusport.fr\/blog\/biathlon-2024-2025-les-etoiles-montantes-et-les-surprises-de-la-saison\/#respond\"]}],\"copyrightYear\":\"2025\",\"copyrightHolder\":{\"@id\":\"https:\/\/dicodusport.fr\/blog\/#organization\"}},{\"@type\":\"WebPage\",\"@id\":\"https:\/\/dicodusport.fr\/blog\/biathlon-2024-2025-les-etoiles-montantes-et-les-surprises-de-la-saison\/\",\"url\":\"https:\/\/dicodusport.fr\/blog\/biathlon-2024-2025-les-etoiles-montantes-et-les-surprises-de-la-saison\/\",\"name\":\"Biathlon 2024-2025 : Les \u00e9toiles montantes et les surprises de la saison\",\"isPartOf\":{\"@id\":\"https:\/\/dicodusport.fr\/blog\/#website\"},\"primaryImageOfPage\":{\"@id\":\"https:\/\/dicodusport.fr\/blog\/biathlon-2024-2025-les-etoiles-montantes-et-les-surprises-de-la-saison\/#primaryimage\"},\"image\":{\"@id\":\"https:\/\/dicodusport.fr\/blog\/biathlon-2024-2025-les-etoiles-montantes-et-les-surprises-de-la-saison\/#primaryimage\"},\"thumbnailUrl\":\"https:\/\/dicodusport.fr\/blog\/wp-content\/uploads\/2025\/03\/Biathlon-2024-2025-Les-etoiles-montantes-et-les-surprises-de-la-saison.png\",\"datePublished\":\"2025-03-24T15:21:58+00:00\",\"dateModified\":\"2025-07-09T16:32:05+00:00\",\"description\":\"COUPE DU MONDE DE BIATHLON 2024\/2025 - Si la saison a \u00e9t\u00e9 longue et \u00e9prouvante pour certains biathl\u00e8tes, d\u2019autres ont franchi un cap et marqu\u00e9 les esprits.\",\"breadcrumb\":{\"@id\":\"https:\/\/dicodusport.fr\/blog\/biathlon-2024-2025-les-etoiles-montantes-et-les-surprises-de-la-saison\/#breadcrumb\"},\"inLanguage\":\"fr-FR\",\"potentialAction\":[{\"@type\":\"ReadAction\",\"target\":[\"https:\/\/dicodusport.fr\/blog\/biathlon-2024-2025-les-etoiles-montantes-et-les-surprises-de-la-saison\/\"]}]},{\"@type\":\"ImageObject\",\"inLanguage\":\"fr-FR\",\"@id\":\"https:\/\/dicodusport.fr\/blog\/biathlon-2024-2025-les-etoiles-montantes-et-les-surprises-de-la-saison\/#primaryimage\",\"url\":\"https:\/\/dicodusport.fr\/blog\/wp-content\/uploads\/2025\/03\/Biathlon-2024-2025-Les-etoiles-montantes-et-les-surprises-de-la-saison.png\",\"contentUrl\":\"https:\/\/dicodusport.fr\/blog\/wp-content\/uploads\/2025\/03\/Biathlon-2024-2025-Les-etoiles-montantes-et-les-surprises-de-la-saison.png\",\"width\":1200,\"height\":674,\"caption\":\"Biathlon 2024-2025 Les \u00e9toiles montantes et les surprises de la saison\"},{\"@type\":\"BreadcrumbList\",\"@id\":\"https:\/\/dicodusport.fr\/blog\/biathlon-2024-2025-les-etoiles-montantes-et-les-surprises-de-la-saison\/#breadcrumb\",\"itemListElement\":[{\"@type\":\"ListItem\",\"position\":1,\"name\":\"Accueil\",\"item\":\"https:\/\/dicodusport.fr\/blog\/\"},{\"@type\":\"ListItem\",\"position\":2,\"name\":\"Biathlon 2024-2025 : Les \u00e9toiles montantes et les surprises de la saison\"}]},{\"@type\":\"WebSite\",\"@id\":\"https:\/\/dicodusport.fr\/blog\/#website\",\"url\":\"https:\/\/dicodusport.fr\/blog\/\",\"name\":\"Dicodusport\",\"description\":\"L&#039;encyclop\u00e9die de l&#039;actualit\u00e9 sportive\",\"publisher\":{\"@id\":\"https:\/\/dicodusport.fr\/blog\/#organization\"},\"potentialAction\":[{\"@type\":\"SearchAction\",\"target\":{\"@type\":\"EntryPoint\",\"urlTemplate\":\"https:\/\/dicodusport.fr\/blog\/?s={search_term_string}\"},\"query-input\":{\"@type\":\"PropertyValueSpecification\",\"valueRequired\":true,\"valueName\":\"search_term_string\"}}],\"inLanguage\":\"fr-FR\"},{\"@type\":\"NewsMediaOrganization\",\"@id\":\"https:\/\/dicodusport.fr\/blog\/#organization\",\"name\":\"Dicodusport\",\"url\":\"https:\/\/dicodusport.fr\/blog\/\",\"logo\":{\"@type\":\"ImageObject\",\"inLanguage\":\"fr-FR\",\"@id\":\"https:\/\/dicodusport.fr\/blog\/#\/schema\/logo\/image\/\",\"url\":\"https:\/\/dicodusport.fr\/blog\/wp-content\/uploads\/2020\/06\/cropped-LOGO-DICODUSPORT-2020-SANS-FOND-SANS-TEXTE.png\",\"contentUrl\":\"https:\/\/dicodusport.fr\/blog\/wp-content\/uploads\/2020\/06\/cropped-LOGO-DICODUSPORT-2020-SANS-FOND-SANS-TEXTE.png\",\"width\":512,\"height\":512,\"caption\":\"Dicodusport\"},\"image\":{\"@id\":\"https:\/\/dicodusport.fr\/blog\/#\/schema\/logo\/image\/\"},\"sameAs\":[\"https:\/\/www.facebook.com\/dicodusport\",\"https:\/\/x.com\/dicodusport\",\"https:\/\/www.instagram.com\/dicodusport\/\",\"https:\/\/www.youtube.com\/channel\/UC7V2KZ5sd3htJivAbA4ZG3w\"],\"description\":\"Dicodusport est l'encyclop\u00e9die de l'actualit\u00e9 sportive.\",\"email\":\"bonjour@dicodusport.fr\",\"legalName\":\"DICODUSPORT\",\"foundingDate\":\"2018-01-14\",\"vatID\":\"FR71834470973\",\"taxID\":\"83447097300043\",\"numberOfEmployees\":{\"@type\":\"QuantitativeValue\",\"minValue\":\"1\",\"maxValue\":\"10\"}},{\"@type\":\"Person\",\"@id\":\"https:\/\/dicodusport.fr\/blog\/#\/schema\/person\/93f03e222ed8da203c940d17ef257295\",\"name\":\"L\u00e9o Derambure\",\"image\":{\"@type\":\"ImageObject\",\"inLanguage\":\"fr-FR\",\"@id\":\"https:\/\/dicodusport.fr\/blog\/#\/schema\/person\/image\/\",\"url\":\"https:\/\/dicodusport.fr\/blog\/wp-content\/uploads\/2025\/02\/Maillot-Dicodusport-Lele-150x150.png\",\"contentUrl\":\"https:\/\/dicodusport.fr\/blog\/wp-content\/uploads\/2025\/02\/Maillot-Dicodusport-Lele-150x150.png\",\"caption\":\"L\u00e9o Derambure\"},\"description\":\"Passionn\u00e9 de sport depuis l\u2019enfance, j\u2019ai grandi au rythme des grands \u00e9v\u00e9nements comme les Jeux Olympiques, les championnats du monde d\u2019athl\u00e9tisme et de natation, ou encore le Tour de France sur France T\u00e9l\u00e9visions. Abonn\u00e9 au RC Lens depuis 2008, cette ferveur m\u2019a \u00e9t\u00e9 transmise d\u00e8s l\u2019\u00e2ge de 5 ans par mon grand-p\u00e8re et mon p\u00e8re. Avec Rafael Nadal ou encore Aruna Dindane comme idole, j\u2019ai toujours ressenti l\u2019envie de partager cette passion \u00e0 travers l\u2019\u00e9criture. Apr\u00e8s les Jeux Olympiques de Paris 2024, j\u2019ai franchi le pas en rejoignant l\u2019\u00e9quipe de r\u00e9daction de Dicodusport. Aujourd\u2019hui, je couvre le biathlon, le ski alpin ainsi que les rencontres des clubs fran\u00e7ais en comp\u00e9titions europ\u00e9ennes, avec l'envie de faire vivre chaque instant sportif et de transmettre ces \u00e9motions au lecteur, comme s\u2019il \u00e9tait au c\u0153ur de l\u2019\u00e9v\u00e9nement.\",\"worksFor\":\"L\u00e9o Derambure\",\"url\":\"https:\/\/dicodusport.fr\/blog\/author\/leo-derambure\/\"}]}<\/script>\n<!-- \/ Yoast SEO Premium plugin. -->","yoast_head_json":{"title":"Biathlon 2024-2025 : Les \u00e9toiles montantes et les surprises de la saison","description":"COUPE DU MONDE DE BIATHLON 2024\/2025 - Si la saison a \u00e9t\u00e9 longue et \u00e9prouvante pour certains biathl\u00e8tes, d\u2019autres ont franchi un cap et marqu\u00e9 les esprits.","robots":{"index":"index","follow":"follow","max-snippet":"max-snippet:-1","max-image-preview":"max-image-preview:large","max-video-preview":"max-video-preview:-1"},"canonical":"https:\/\/dicodusport.fr\/blog\/biathlon-2024-2025-les-etoiles-montantes-et-les-surprises-de-la-saison\/","og_locale":"fr_FR","og_type":"article","og_title":"Biathlon 2024-2025 : Les \u00e9toiles montantes et les surprises de la saison","og_description":"COUPE DU MONDE DE BIATHLON 2024\/2025 - Si la saison a \u00e9t\u00e9 longue et \u00e9prouvante pour certains biathl\u00e8tes, d\u2019autres ont franchi un cap et marqu\u00e9 les esprits.","og_url":"https:\/\/dicodusport.fr\/blog\/biathlon-2024-2025-les-etoiles-montantes-et-les-surprises-de-la-saison\/","og_site_name":"Dicodusport","article_publisher":"https:\/\/www.facebook.com\/dicodusport","article_published_time":"2025-03-24T15:21:58+00:00","article_modified_time":"2025-07-09T16:32:05+00:00","og_image":[{"width":1200,"height":674,"url":"https:\/\/dicodusport.fr\/blog\/wp-content\/uploads\/2025\/03\/Biathlon-2024-2025-Les-etoiles-montantes-et-les-surprises-de-la-saison.png","type":"image\/png"}],"author":"L\u00e9o Derambure","twitter_card":"summary_large_image","twitter_title":"Biathlon 2024-2025 : Les \u00e9toiles montantes et les surprises de la saison","twitter_creator":"@dicodusport","twitter_site":"@dicodusport","schema":{"@context":"https:\/\/schema.org","@graph":[{"@type":"NewsArticle","@id":"https:\/\/dicodusport.fr\/blog\/biathlon-2024-2025-les-etoiles-montantes-et-les-surprises-de-la-saison\/#article","isPartOf":{"@id":"https:\/\/dicodusport.fr\/blog\/biathlon-2024-2025-les-etoiles-montantes-et-les-surprises-de-la-saison\/"},"author":{"name":"L\u00e9o Derambure","@id":"https:\/\/dicodusport.fr\/blog\/#\/schema\/person\/93f03e222ed8da203c940d17ef257295"},"headline":"Biathlon 2024-2025 : Les \u00e9toiles montantes et les surprises de la saison","datePublished":"2025-03-24T15:21:58+00:00","dateModified":"2025-07-09T16:32:05+00:00","mainEntityOfPage":{"@id":"https:\/\/dicodusport.fr\/blog\/biathlon-2024-2025-les-etoiles-montantes-et-les-surprises-de-la-saison\/"},"wordCount":1268,"commentCount":1,"publisher":{"@id":"https:\/\/dicodusport.fr\/blog\/#organization"},"image":{"@id":"https:\/\/dicodusport.fr\/blog\/biathlon-2024-2025-les-etoiles-montantes-et-les-surprises-de-la-saison\/#primaryimage"},"thumbnailUrl":"https:\/\/dicodusport.fr\/blog\/wp-content\/uploads\/2025\/03\/Biathlon-2024-2025-Les-etoiles-montantes-et-les-surprises-de-la-saison.png","keywords":["Biathlon","br\u00e8ve","Eric Perrot","Jeanne Richard","Oc\u00e9ane Michelon","sport"],"articleSection":["Coupe du monde de biathlon"],"inLanguage":"fr-FR","potentialAction":[{"@type":"CommentAction","name":"Comment","target":["https:\/\/dicodusport.fr\/blog\/biathlon-2024-2025-les-etoiles-montantes-et-les-surprises-de-la-saison\/#respond"]}],"copyrightYear":"2025","copyrightHolder":{"@id":"https:\/\/dicodusport.fr\/blog\/#organization"}},{"@type":"WebPage","@id":"https:\/\/dicodusport.fr\/blog\/biathlon-2024-2025-les-etoiles-montantes-et-les-surprises-de-la-saison\/","url":"https:\/\/dicodusport.fr\/blog\/biathlon-2024-2025-les-etoiles-montantes-et-les-surprises-de-la-saison\/","name":"Biathlon 2024-2025 : Les \u00e9toiles montantes et les surprises de la saison","isPartOf":{"@id":"https:\/\/dicodusport.fr\/blog\/#website"},"primaryImageOfPage":{"@id":"https:\/\/dicodusport.fr\/blog\/biathlon-2024-2025-les-etoiles-montantes-et-les-surprises-de-la-saison\/#primaryimage"},"image":{"@id":"https:\/\/dicodusport.fr\/blog\/biathlon-2024-2025-les-etoiles-montantes-et-les-surprises-de-la-saison\/#primaryimage"},"thumbnailUrl":"https:\/\/dicodusport.fr\/blog\/wp-content\/uploads\/2025\/03\/Biathlon-2024-2025-Les-etoiles-montantes-et-les-surprises-de-la-saison.png","datePublished":"2025-03-24T15:21:58+00:00","dateModified":"2025-07-09T16:32:05+00:00","description":"COUPE DU MONDE DE BIATHLON 2024\/2025 - Si la saison a \u00e9t\u00e9 longue et \u00e9prouvante pour certains biathl\u00e8tes, d\u2019autres ont franchi un cap et marqu\u00e9 les esprits.","breadcrumb":{"@id":"https:\/\/dicodusport.fr\/blog\/biathlon-2024-2025-les-etoiles-montantes-et-les-surprises-de-la-saison\/#breadcrumb"},"inLanguage":"fr-FR","potentialAction":[{"@type":"ReadAction","target":["https:\/\/dicodusport.fr\/blog\/biathlon-2024-2025-les-etoiles-montantes-et-les-surprises-de-la-saison\/"]}]},{"@type":"ImageObject","inLanguage":"fr-FR","@id":"https:\/\/dicodusport.fr\/blog\/biathlon-2024-2025-les-etoiles-montantes-et-les-surprises-de-la-saison\/#primaryimage","url":"https:\/\/dicodusport.fr\/blog\/wp-content\/uploads\/2025\/03\/Biathlon-2024-2025-Les-etoiles-montantes-et-les-surprises-de-la-saison.png","contentUrl":"https:\/\/dicodusport.fr\/blog\/wp-content\/uploads\/2025\/03\/Biathlon-2024-2025-Les-etoiles-montantes-et-les-surprises-de-la-saison.png","width":1200,"height":674,"caption":"Biathlon 2024-2025 Les \u00e9toiles montantes et les surprises de la saison"},{"@type":"BreadcrumbList","@id":"https:\/\/dicodusport.fr\/blog\/biathlon-2024-2025-les-etoiles-montantes-et-les-surprises-de-la-saison\/#breadcrumb","itemListElement":[{"@type":"ListItem","position":1,"name":"Accueil","item":"https:\/\/dicodusport.fr\/blog\/"},{"@type":"ListItem","position":2,"name":"Biathlon 2024-2025 : Les \u00e9toiles montantes et les surprises de la saison"}]},{"@type":"WebSite","@id":"https:\/\/dicodusport.fr\/blog\/#website","url":"https:\/\/dicodusport.fr\/blog\/","name":"Dicodusport","description":"L&#039;encyclop\u00e9die de l&#039;actualit\u00e9 sportive","publisher":{"@id":"https:\/\/dicodusport.fr\/blog\/#organization"},"potentialAction":[{"@type":"SearchAction","target":{"@type":"EntryPoint","urlTemplate":"https:\/\/dicodusport.fr\/blog\/?s={search_term_string}"},"query-input":{"@type":"PropertyValueSpecification","valueRequired":true,"valueName":"search_term_string"}}],"inLanguage":"fr-FR"},{"@type":"NewsMediaOrganization","@id":"https:\/\/dicodusport.fr\/blog\/#organization","name":"Dicodusport","url":"https:\/\/dicodusport.fr\/blog\/","logo":{"@type":"ImageObject","inLanguage":"fr-FR","@id":"https:\/\/dicodusport.fr\/blog\/#\/schema\/logo\/image\/","url":"https:\/\/dicodusport.fr\/blog\/wp-content\/uploads\/2020\/06\/cropped-LOGO-DICODUSPORT-2020-SANS-FOND-SANS-TEXTE.png","contentUrl":"https:\/\/dicodusport.fr\/blog\/wp-content\/uploads\/2020\/06\/cropped-LOGO-DICODUSPORT-2020-SANS-FOND-SANS-TEXTE.png","width":512,"height":512,"caption":"Dicodusport"},"image":{"@id":"https:\/\/dicodusport.fr\/blog\/#\/schema\/logo\/image\/"},"sameAs":["https:\/\/www.facebook.com\/dicodusport","https:\/\/x.com\/dicodusport","https:\/\/www.instagram.com\/dicodusport\/","https:\/\/www.youtube.com\/channel\/UC7V2KZ5sd3htJivAbA4ZG3w"],"description":"Dicodusport est l'encyclop\u00e9die de l'actualit\u00e9 sportive.","email":"bonjour@dicodusport.fr","legalName":"DICODUSPORT","foundingDate":"2018-01-14","vatID":"FR71834470973","taxID":"83447097300043","numberOfEmployees":{"@type":"QuantitativeValue","minValue":"1","maxValue":"10"}},{"@type":"Person","@id":"https:\/\/dicodusport.fr\/blog\/#\/schema\/person\/93f03e222ed8da203c940d17ef257295","name":"L\u00e9o Derambure","image":{"@type":"ImageObject","inLanguage":"fr-FR","@id":"https:\/\/dicodusport.fr\/blog\/#\/schema\/person\/image\/","url":"https:\/\/dicodusport.fr\/blog\/wp-content\/uploads\/2025\/02\/Maillot-Dicodusport-Lele-150x150.png","contentUrl":"https:\/\/dicodusport.fr\/blog\/wp-content\/uploads\/2025\/02\/Maillot-Dicodusport-Lele-150x150.png","caption":"L\u00e9o Derambure"},"description":"Passionn\u00e9 de sport depuis l\u2019enfance, j\u2019ai grandi au rythme des grands \u00e9v\u00e9nements comme les Jeux Olympiques, les championnats du monde d\u2019athl\u00e9tisme et de natation, ou encore le Tour de France sur France T\u00e9l\u00e9visions. Abonn\u00e9 au RC Lens depuis 2008, cette ferveur m\u2019a \u00e9t\u00e9 transmise d\u00e8s l\u2019\u00e2ge de 5 ans par mon grand-p\u00e8re et mon p\u00e8re. Avec Rafael Nadal ou encore Aruna Dindane comme idole, j\u2019ai toujours ressenti l\u2019envie de partager cette passion \u00e0 travers l\u2019\u00e9criture. Apr\u00e8s les Jeux Olympiques de Paris 2024, j\u2019ai franchi le pas en rejoignant l\u2019\u00e9quipe de r\u00e9daction de Dicodusport. Aujourd\u2019hui, je couvre le biathlon, le ski alpin ainsi que les rencontres des clubs fran\u00e7ais en comp\u00e9titions europ\u00e9ennes, avec l'envie de faire vivre chaque instant sportif et de transmettre ces \u00e9motions au lecteur, comme s\u2019il \u00e9tait au c\u0153ur de l\u2019\u00e9v\u00e9nement.","worksFor":"L\u00e9o Derambure","url":"https:\/\/dicodusport.fr\/blog\/author\/leo-derambure\/"}]}},"_links":{"self":[{"href":"https:\/\/dicodusport.fr\/blog\/wp-json\/wp\/v2\/posts\/567094","targetHints":{"allow":["GET"]}}],"collection":[{"href":"https:\/\/dicodusport.fr\/blog\/wp-json\/wp\/v2\/posts"}],"about":[{"href":"https:\/\/dicodusport.fr\/blog\/wp-json\/wp\/v2\/types\/post"}],"author":[{"embeddable":true,"href":"https:\/\/dicodusport.fr\/blog\/wp-json\/wp\/v2\/users\/111"}],"replies":[{"embeddable":true,"href":"https:\/\/dicodusport.fr\/blog\/wp-json\/wp\/v2\/comments?post=567094"}],"version-history":[{"count":6,"href":"https:\/\/dicodusport.fr\/blog\/wp-json\/wp\/v2\/posts\/567094\/revisions"}],"predecessor-version":[{"id":567178,"href":"https:\/\/dicodusport.fr\/blog\/wp-json\/wp\/v2\/posts\/567094\/revisions\/567178"}],"wp:featuredmedia":[{"embeddable":true,"href":"https:\/\/dicodusport.fr\/blog\/wp-json\/wp\/v2\/media\/567177"}],"wp:attachment":[{"href":"https:\/\/dicodusport.fr\/blog\/wp-json\/wp\/v2\/media?parent=567094"}],"wp:term":[{"taxonomy":"category","embeddable":true,"href":"https:\/\/dicodusport.fr\/blog\/wp-json\/wp\/v2\/categories?post=567094"},{"taxonomy":"post_tag","embeddable":true,"href":"https:\/\/dicodusport.fr\/blog\/wp-json\/wp\/v2\/tags?post=567094"}],"curies":[{"name":"wp","href":"https:\/\/api.w.org\/{rel}","templated":true}]}}