{"id":567241,"date":"2025-03-25T17:14:41","date_gmt":"2025-03-25T16:14:41","guid":{"rendered":"https:\/\/dicodusport.fr\/blog\/?p=567241&#038;preview=true&#038;preview_id=567241"},"modified":"2025-07-09T18:32:01","modified_gmt":"2025-07-09T16:32:01","slug":"biathlon-2024-2025-le-carnet-de-notes-des-bleues","status":"publish","type":"post","link":"https:\/\/dicodusport.fr\/blog\/biathlon-2024-2025-le-carnet-de-notes-des-bleues\/","title":{"rendered":"Biathlon 2024-2025 : Le carnet de notes des Bleues"},"content":{"rendered":"<h4 style=\"text-align: justify;\"><em>COUPE DU MONDE DE BIATHLON 2024\/2025 &#8211; Alors que la saison vient de se terminer avec le sacre de Franziska Preuss, l&rsquo;heure de tirer des bilans a sonn\u00e9. Revenons sur l&rsquo;hiver des biathl\u00e8tes fran\u00e7aises, en les \u00e9valuant chacune leur tour.\u00a0<\/em><\/h4>\n<ul>\n<li style=\"text-align: justify;\"><strong>\u00c0 ce sujet \u2014\u00a0<a href=\"https:\/\/dicodusport.fr\/blog\/biathlon-classement-general-femmes-coupe-du-monde-2024-2025\/\">Biathlon : Classement g\u00e9n\u00e9ral femmes Coupe du monde 2024-2025<\/a><\/strong><\/li>\n<\/ul>\n<p style=\"text-align: justify;\">Elles avaient d\u00e9j\u00e0 brill\u00e9 la saison pass\u00e9e, elles ont r\u00e9it\u00e9r\u00e9 cet hiver. Et en faisant encore mieux. Vingt-sept podiums dont 13 victoires, cinq petits globes et des Mondiaux \u00e9tincelants, c&rsquo;est le r\u00e9sum\u00e9 des performances des Bleues. Le plus fort, c&rsquo;est qu&rsquo;il n&rsquo;y pas qu&rsquo;une Tricolore qui a brill\u00e9, mais bien l&rsquo;ensemble de l&rsquo;\u00e9quipe. C&rsquo;est pourquoi nous vous proposons d&rsquo;analyser leur saison, en les passant au crible, une \u00e0 une.<\/p>\n<ul>\n<li style=\"text-align: justify;\"><strong>\u00c0 ce sujet \u2014\u00a0<a href=\"https:\/\/dicodusport.fr\/blog\/biathlon-2024-2025-france-a-t-elle-realise-plus-belle-saison-de-son-histoire\/\">Biathlon 2024-2025 : La France a-t-elle r\u00e9alis\u00e9 la plus belle saison de son Histoire ?<\/a><\/strong><\/li>\n<\/ul>\n<h2 style=\"text-align: justify;\">Lou Jeanmonnot : 9\/10<\/h2>\n<p style=\"text-align: justify;\">Deuxi\u00e8me du g\u00e9n\u00e9ral en passant tout proche de l&#8217;emporter, 10 podiums individuels dont huit victoires, <a href=\"https:\/\/dicodusport.fr\/blog\/biathlon-championnats-du-monde-julia-simon-triomphe-sur-lindividuel-lou-jeanmonnot-en-bronze\/\">une m\u00e9daille de bronze<\/a> et le titre sur le relais f\u00e9minin et mixte lors des Mondiaux, ainsi que les globes de la poursuite et de l&rsquo;individuel, <a href=\"https:\/\/dicodusport.fr\/blog\/biathlon-finales-oslo-2025-lou-jeanmonnot-decrochera-le-gros-globe-si\/\"><strong>Lou Jeanmonnot<\/strong><\/a> a v\u00e9cu une saison somptueuse. En remportant la 1\u00e8re course individuelle de la saison, la Doubiste annon\u00e7ait la couleur, elle venait pour tout rafler, et elle y est presque parvenue.<\/p>\n<p style=\"text-align: justify;\">Parce qu&rsquo;il y a toujours du n\u00e9gatif, m\u00eame dans un bilan aussi positif, il est vrai que la Tricolore est un peu pass\u00e9e \u00e0 c\u00f4t\u00e9 de ses Mondiaux sur le plan individuel, avec une seule m\u00e9daille, en bronze, sur l&rsquo;individuel. Et d\u00e9sol\u00e9 de raviver ce dimanche douloureux, mais <a href=\"https:\/\/dicodusport.fr\/blog\/biathlon-finales-oslo-cruelle-3eme-place-pour-lou-jeanmonnot-franziska-preuss-remporte-le-gros-globe-de-cristal\/\">son \u00e9chec \u00e0 l&rsquo;obtention du gros globe sur l&rsquo;ultime course de la saison<\/a>, vient noircir une saison absolument folle pour elle. N\u00e9anmoins, si le n\u00e9gatif, c&rsquo;est une seule m\u00e9daille mondiale et une deuxi\u00e8me place au g\u00e9n\u00e9ral, c&rsquo;est dire \u00e0 quel point <strong>Lou Jeanmonnot<\/strong> est devenue une grande dame du biathlon et d\u00e9sormais la leader incontest\u00e9e des Bleues.<\/p>\n<p style=\"text-align: justify;\">Cet hiver, <strong>Lou Jeanmonnot<\/strong> a fait r\u00eaver les Fran\u00e7ais, le gros globe attendra encore un peu, pourquoi pas la saison prochaine, durant laquelle elle pourra \u00e9galement briller lors des Jeux Olympiques.<\/p>\n<blockquote class=\"twitter-tweet\">\n<p dir=\"ltr\" lang=\"fr\">\ud83c\udfbf La d\u00e9sillusion pour Lou Jeanmonnot : une chute qui l&#8217;emp\u00eache de remporter le Gros Globe de Cristal.<a href=\"https:\/\/twitter.com\/hashtag\/Biathlon?src=hash&amp;ref_src=twsrc%5Etfw\">#Biathlon<\/a><\/p>\n<p>\u27a1\ufe0f <a href=\"https:\/\/t.co\/O1wP3JMERc\">https:\/\/t.co\/O1wP3JMERc<\/a> <a href=\"https:\/\/t.co\/R7iNoeFOTh\">pic.twitter.com\/R7iNoeFOTh<\/a><\/p>\n<p>\u2014 Dicodusport \u2b50\u2b50 (@dicodusport) <a href=\"https:\/\/twitter.com\/dicodusport\/status\/1904223791825174665?ref_src=twsrc%5Etfw\">March 24, 2025<\/a><\/p><\/blockquote>\n<p style=\"text-align: justify;\"><script async src=\"https:\/\/platform.twitter.com\/widgets.js\" charset=\"utf-8\"><\/script><\/p>\n<h2 style=\"text-align: justify;\">Julia Simon : 8\/10<\/h2>\n<p style=\"text-align: justify;\">Troisi\u00e8me du g\u00e9n\u00e9ral, six podiums dont deux victoires, et des Mondiaux magnifiques avec l&rsquo;or sur l&rsquo;individuel, le relais mixte, <a href=\"https:\/\/dicodusport.fr\/blog\/biathlon-championnats-du-monde-2025-la-france-en-or-sur-le-relais-mixte-simple\/\">mixte simple<\/a> et <a href=\"https:\/\/dicodusport.fr\/blog\/classement-relais-femmes-biathlon-championnats-du-monde-2025\/\">f\u00e9minin<\/a>, <strong>Julia Simon<\/strong> a de nouveau propos\u00e9 une saison XXL. La Fran\u00e7aise a r\u00e9pondu pr\u00e9sent quand il le fallait, notamment lors des Mondiaux, et a continu\u00e9 d&rsquo;enrichir son \u00e9norme palmar\u00e8s. Avec ses performances, elle a beaucoup contribu\u00e9 au gain du globe de <a href=\"https:\/\/dicodusport.fr\/blog\/biathlon-classement-coupe-des-nations-femmes-2024-2025\/\">la Coupe des Nations<\/a>.<\/p>\n<p style=\"text-align: justify;\">Cependant, la laur\u00e9ate du gros globe il y a deux ans, a connu une baisse dans toutes ses statistiques. Sur les spatules, elle a pein\u00e9 toute la saison et a d\u00fb se battre avec ses armes. Derri\u00e8re la carabine, 85% de r\u00e9ussite \u00ab seulement \u00bb et des craquantes trop fr\u00e9quentes, particuli\u00e8rement sur le tir debout, avec jusqu&rsquo;\u00e0 quatre erreurs sur le m\u00eame tir. Dommage pour une tireuse de son rang, capable d&rsquo;effectuer des tirs supersoniques, avec bien plus de r\u00e9ussite.<\/p>\n<ul style=\"text-align: justify;\">\n<li style=\"text-align: justify;\"><strong>\u00c0 ce sujet \u2014\u00a0<a href=\"https:\/\/dicodusport.fr\/blog\/biathlon-toutes-les-francaises-qui-ont-gagne-en-coupe-du-monde\/\">Biathlon : Toutes les Fran\u00e7aises qui ont gagn\u00e9 en Coupe du monde<\/a><\/strong><\/li>\n<\/ul>\n<h2 style=\"text-align: justify;\">Oc\u00e9ane Michelon : 8\/10<\/h2>\n<p style=\"text-align: justify;\">Cinqui\u00e8me du g\u00e9n\u00e9ral, un podium individuel, <a href=\"https:\/\/dicodusport.fr\/blog\/biathlon-championnats-du-monde-oceane-michelon-vice-championne-du-monde-de-la-mass-start-derriere-elvira-oeberg\/\">une m\u00e9daille mondiale avec l&rsquo;argent sur la mass start<\/a>, <a href=\"https:\/\/dicodusport.fr\/blog\/biathlon-classement-u23-dossard-bleu-femmes-coupe-du-monde-2024-2025\/\">le globe des moins de 23 ans<\/a> et tout \u00e7a pour sa premi\u00e8re saison en Coupe du monde, ceci est le bilan impressionnant d&rsquo;<strong>Oc\u00e9ane Michelon<\/strong>. Elle a \u00e9clabouss\u00e9 de son talent le circuit Coupe du monde. Vainqueur du gros globe de l&rsquo;IBU Cup la saison pass\u00e9e, la Savoyarde ne s&rsquo;attendait certainement pas \u00e0 vivre une saison pareille pour son premier hiver dans l&rsquo;\u00e9lite du biathlon mondial.<\/p>\n<p style=\"text-align: justify;\">Du n\u00e9gatif, il est dur d&rsquo;en trouver, peut-\u00eatre des statistiques de tir (86% de r\u00e9ussite) encore trop justes. Mais pour sa premi\u00e8re saison en Coupe du monde, c&rsquo;est surtout une immense promesse pour la suite.<\/p>\n<blockquote class=\"twitter-tweet\">\n<p dir=\"ltr\" lang=\"fr\">\ud83d\ude0d\ud83c\uddeb\ud83c\uddf7\ud83e\udd48 \ud835\udc0c\ud835\udc00\ud835\udc06\ud835\udc0d\ud835\udc08\ud835\udc05\ud835\udc08\ud835\udc10\ud835\udc14\ud835\udc04 \ud835\udc0e\ud835\udc02\ud835\udc04\u0301\ud835\udc00\ud835\udc0d\ud835\udc04 \ud835\udc0c\ud835\udc08\ud835\udc02\ud835\udc07\ud835\udc04\ud835\udc0b\ud835\udc0e\ud835\udc0d ! Magique, Oc\u00e9ane Michelon est vice-championne du monde de la mass start derri\u00e8re une grande Elvira Oeberg ! \ud83c\uddf8\ud83c\uddea\ud83e\udd47<\/p>\n<p>La France \u00e9gale son record de m\u00e9dailles aux Mondiaux ! \ud83d\udd25\ud83d\udd25<a href=\"https:\/\/twitter.com\/hashtag\/Lenzerheide2025?src=hash&amp;ref_src=twsrc%5Etfw\">#Lenzerheide2025<\/a> <a href=\"https:\/\/twitter.com\/hashtag\/Biathlon?src=hash&amp;ref_src=twsrc%5Etfw\">#Biathlon<\/a> <a href=\"https:\/\/t.co\/Zg8jSqiiCE\">pic.twitter.com\/Zg8jSqiiCE<\/a><\/p>\n<p>\u2014 Dicodusport \u2b50\u2b50 (@dicodusport) <a href=\"https:\/\/twitter.com\/dicodusport\/status\/1893655026003759462?ref_src=twsrc%5Etfw\">February 23, 2025<\/a><\/p><\/blockquote>\n<p style=\"text-align: justify;\"><script async src=\"https:\/\/platform.twitter.com\/widgets.js\" charset=\"utf-8\"><\/script><\/p>\n<h2 style=\"text-align: justify;\">Jeanne Richard : 7,5\/10<\/h2>\n<p style=\"text-align: justify;\">Sixi\u00e8me du g\u00e9n\u00e9ral, 1er podium en Coupe du monde et une r\u00e9gularit\u00e9 incroyable pour une premi\u00e8re saison compl\u00e8te sur le circuit principal, <strong>Jeanne Richard<\/strong>, \u00e0 l&rsquo;image de Michelon, a apport\u00e9 un vent de fra\u00eecheur et de talent sur la plan\u00e8te biathlon. \u00c0 22 ans, la Haut-Savoyarde a impressionn\u00e9 derri\u00e8re la carabine, avec 90% de r\u00e9ussite (95% sur le couch\u00e9), et en allant se frotter aux meilleures, d\u00e8s les premi\u00e8res courses, avec une attitude de championne. Dans la lutte au petit globe des moins de 23 ans, elle l&rsquo;a c\u00e9d\u00e9 sur la derni\u00e8re course \u00e0 Oc\u00e9ane Michelon. C&rsquo;est sur les skis que la Fran\u00e7aise a l\u00e9g\u00e8rement p\u00e9ch\u00e9, et sur ce domaine qu&rsquo;elle devra encore progresser.<\/p>\n<blockquote class=\"twitter-tweet\">\n<p dir=\"ltr\" lang=\"fr\">\ud83c\uddeb\ud83c\uddf7\ud83d\udd25\ud83e\udd49 \ud835\udc0e\ud835\udc14\ud835\udc08 \ud835\udc09\ud835\udc04\ud835\udc00\ud835\udc0d\ud835\udc0d\ud835\udc04 \ud835\udc11\ud835\udc08\ud835\udc02\ud835\udc07\ud835\udc00\ud835\udc11\ud835\udc03 ! Premier podium en Coupe du monde pour la Fran\u00e7aise Jeanne Richard, troisi\u00e8me de la mass start de Ruhpolding, remport\u00e9 par Elvira Oeberg ! \ud83c\uddf8\ud83c\uddea<a href=\"https:\/\/twitter.com\/hashtag\/Biathlon?src=hash&amp;ref_src=twsrc%5Etfw\">#Biathlon<\/a> <a href=\"https:\/\/twitter.com\/hashtag\/Ruhpolding?src=hash&amp;ref_src=twsrc%5Etfw\">#Ruhpolding<\/a> <a href=\"https:\/\/twitter.com\/hashtag\/IBUWC?src=hash&amp;ref_src=twsrc%5Etfw\">#IBUWC<\/a> <a href=\"https:\/\/t.co\/Tanon0yMiG\">pic.twitter.com\/Tanon0yMiG<\/a><\/p>\n<p>\u2014 Dicodusport \u2b50\u2b50 (@dicodusport) <a href=\"https:\/\/twitter.com\/dicodusport\/status\/1880988285092413442?ref_src=twsrc%5Etfw\">January 19, 2025<\/a><\/p><\/blockquote>\n<p style=\"text-align: justify;\"><script async src=\"https:\/\/platform.twitter.com\/widgets.js\" charset=\"utf-8\"><\/script><\/p>\n<h2 style=\"text-align: justify;\">Justine Braisaz-Bouchet : 7\/10<\/h2>\n<p style=\"text-align: justify;\">Huiti\u00e8me du g\u00e9n\u00e9ral, deux podiums et une victoire, <a href=\"https:\/\/dicodusport.fr\/blog\/biathlon-championnats-du-monde-justine-braisaz-bouchet-en-or-sur-le-sprint-femmes\/\"><strong>Justine Braisaz-Bouchet<\/strong> a aussi rafl\u00e9 le titre mondial du sprint<\/a> et du relais f\u00e9minin, ainsi que le bronze sur la poursuite. Malheureusement, la Savoyarde a \u00e9t\u00e9 trop irr\u00e9guli\u00e8re, comme elle l&rsquo;a globalement \u00e9t\u00e9 tout le long de sa carri\u00e8re. Seulement 77% de r\u00e9ussite face aux cibles, un r\u00e9sultat qui a trop souvent plomb\u00e9 son niveau \u00e0 skis, toujours aussi stratosph\u00e9rique.<\/p>\n<p style=\"text-align: justify;\">Plusieurs fois, on a vu la biathl\u00e8te des Saisies voler sur la piste, reprenant jusqu&rsquo;\u00e0 35 secondes en un tour, avant de commettre des fautes derri\u00e8re la carabine. N\u00e9anmoins, il faut souligner le sursaut sur les Mondiaux, apr\u00e8s un d\u00e9but de saison en demi-teinte.<\/p>\n<blockquote class=\"twitter-tweet\">\n<p dir=\"ltr\" lang=\"fr\">\ud83c\uddeb\ud83c\uddf7 JUSTINE BRAISAZ-BOUCHET EST CHAMPIONNE DU MONDE DU SPRINT !<a href=\"https:\/\/twitter.com\/hashtag\/lequipeBIATHLON?src=hash&amp;ref_src=twsrc%5Etfw\">#lequipeBIATHLON<\/a> <a href=\"https:\/\/t.co\/uSjORBSAgW\">pic.twitter.com\/uSjORBSAgW<\/a><\/p>\n<p>\u2014 la chaine L&rsquo;\u00c9quipe (@lachainelequipe) <a href=\"https:\/\/twitter.com\/lachainelequipe\/status\/1890416713004433438?ref_src=twsrc%5Etfw\">February 14, 2025<\/a><\/p><\/blockquote>\n<p style=\"text-align: justify;\"><script async src=\"https:\/\/platform.twitter.com\/widgets.js\" charset=\"utf-8\"><\/script><\/p>\n<h2 style=\"text-align: justify;\">Sophie Chauveau : 5\/10<\/h2>\n<p style=\"text-align: justify;\">Elle a pay\u00e9 au prix fort concurrence tricolore en perdant sa place de titulaire en \u00e9quipe A et a pass\u00e9 une grande partie de la saison en IBU Cup apr\u00e8s des r\u00e9sultats insuffisants : <strong>Sophie Chauveau<\/strong> a quelque peu d\u00e9\u00e7u cette saison. Auteur d&rsquo;un podium du c\u00f4t\u00e9 d&rsquo;<strong>Hochfilzen<\/strong> (Autriche), Chauveau a ensuite manqu\u00e9 son rendez-vous \u00e0 domicile, du c\u00f4t\u00e9 du Grand-Bornand, et a \u00e9t\u00e9 rel\u00e9gu\u00e9e sur le circuit inf\u00e9rieur.<\/p>\n<p style=\"text-align: justify;\">Tr\u00e8s efficace sur les tirs couch\u00e9s (94%), elle a totalement perdu ses rep\u00e8res sur les debout avec 69% de r\u00e9ussite. Un pourcentage bien trop bas, d&rsquo;autant plus que la forme n&rsquo;\u00e9tait pas grandiose non plus sur les spatules. Une chose est s\u00fbre, la Fran\u00e7aise va devoir batailler pour retrouver sa place en \u00e9quipe A et esp\u00e9rer une s\u00e9lection olympique.<\/p>\n<ul style=\"text-align: justify;\">\n<li style=\"text-align: justify;\"><strong>\u00c0 ce sujet \u2014\u00a0<a href=\"https:\/\/dicodusport.fr\/blog\/biathlon-le-casse-tete-de-la-selection-olympique-chez-les-femmes\/\">Biathlon JO d&rsquo;Hiver 2026 : Le casse-t\u00eate de la s\u00e9lection olympique au sein de l&rsquo;\u00e9quipe de France f\u00e9minine<\/a><\/strong><\/li>\n<\/ul>\n<p style=\"text-align: justify;\">On n&rsquo;oubliera pas de parler de <strong>Paula Botet<\/strong>, qui a remport\u00e9 une magnifique victoire sur le sprint d&rsquo;<strong>Oberhof<\/strong> (Allemagne) avant de subir la grosse concurrence fran\u00e7aise et de redescendre en IBU Cup. Ou encore de <strong>Camille Bened<\/strong>, vainqueur du gros globe de l&rsquo;IBU Cup et pass\u00e9e proche d&rsquo;un podium sur le dernier week-end de Coupe du monde (3 Top 20 dont deux Top 15).<\/p>\n<blockquote class=\"twitter-tweet\">\n<p dir=\"ltr\" lang=\"fr\">\ud83d\udd25\ud83c\uddeb\ud83c\uddf7\ud83e\udd47 \ud835\udc02&rsquo;\ud835\udc04\ud835\udc12\ud835\udc13 \ud835\udc03\ud835\udc04 \ud835\udc13\ud835\udc0e\ud835\udc14\ud835\udc13\ud835\udc04 \ud835\udc01\ud835\udc0e\ud835\udc13\ud835\udc04\ud835\udc13 ! De retour en Coupe du monde, Paula Botet survole le sprint d&rsquo;Oberhof, son premier succ\u00e8s sur le circuit ! GRANDIOSE ! \ud83d\ude0d <a href=\"https:\/\/twitter.com\/hashtag\/Biathlon?src=hash&amp;ref_src=twsrc%5Etfw\">#Biathlon<\/a> <a href=\"https:\/\/twitter.com\/hashtag\/Oberhof?src=hash&amp;ref_src=twsrc%5Etfw\">#Oberhof<\/a> <a href=\"https:\/\/twitter.com\/hashtag\/IBUWC?src=hash&amp;ref_src=twsrc%5Etfw\">#IBUWC<\/a> <a href=\"https:\/\/t.co\/6tlldaK0zL\">pic.twitter.com\/6tlldaK0zL<\/a><\/p>\n<p>\u2014 Dicodusport \u2b50\u2b50 (@dicodusport) <a href=\"https:\/\/twitter.com\/dicodusport\/status\/1877359638217150675?ref_src=twsrc%5Etfw\">January 9, 2025<\/a><\/p><\/blockquote>\n<p style=\"text-align: justify;\"><script async src=\"https:\/\/platform.twitter.com\/widgets.js\" charset=\"utf-8\"><\/script><\/p>\n<p style=\"text-align: justify;\">\n","protected":false},"excerpt":{"rendered":"<p>Biathlon 2024-2025 : Le carnet de notes des Bleues.<\/p>\n","protected":false},"author":89,"featured_media":567389,"comment_status":"open","ping_status":"closed","sticky":false,"template":"","format":"standard","meta":{"_acf_changed":false,"_daextam_enable_autolinks":"1","footnotes":""},"categories":[47040],"tags":[2427,16878,14786,6893,20485,7304,22027,20988,27943,24],"class_list":["post-567241","post","type-post","status-publish","format-standard","has-post-thumbnail","hentry","category-coupe-du-monde-de-biathlon","tag-biathlon","tag-breve","tag-jeanne-richard","tag-julia-simon","tag-justine-braisaz-bouchet","tag-lou-jeanmonnot","tag-oceane-michelon","tag-paula-botet","tag-sophie-chauveau","tag-sport"],"acf":[],"yoast_head":"<!-- This site is optimized with the Yoast SEO Premium plugin v26.7 (Yoast SEO v26.7) - https:\/\/yoast.com\/wordpress\/plugins\/seo\/ -->\n<title>Biathlon 2024-2025 : Le carnet de notes des Bleues<\/title>\n<meta name=\"description\" content=\"Alors que la saison vient de se terminer, l&#039;heure de tirer des bilans a sonn\u00e9. D\u00e9couvrez le carnet de notes des Bleues.\" \/>\n<meta name=\"robots\" content=\"index, follow, max-snippet:-1, max-image-preview:large, max-video-preview:-1\" \/>\n<link rel=\"canonical\" href=\"https:\/\/dicodusport.fr\/blog\/biathlon-2024-2025-le-carnet-de-notes-des-bleues\/\" \/>\n<meta property=\"og:locale\" content=\"fr_FR\" \/>\n<meta property=\"og:type\" content=\"article\" \/>\n<meta property=\"og:title\" content=\"Biathlon 2024-2025 : Le carnet de notes des Bleues\" \/>\n<meta property=\"og:description\" content=\"Alors que la saison vient de se terminer, l&#039;heure de tirer des bilans a sonn\u00e9. D\u00e9couvrez le carnet de notes des Bleues.\" \/>\n<meta property=\"og:url\" content=\"https:\/\/dicodusport.fr\/blog\/biathlon-2024-2025-le-carnet-de-notes-des-bleues\/\" \/>\n<meta property=\"og:site_name\" content=\"Dicodusport\" \/>\n<meta property=\"article:publisher\" content=\"https:\/\/www.facebook.com\/dicodusport\" \/>\n<meta property=\"article:published_time\" content=\"2025-03-25T16:14:41+00:00\" \/>\n<meta property=\"article:modified_time\" content=\"2025-07-09T16:32:01+00:00\" \/>\n<meta property=\"og:image\" content=\"https:\/\/dicodusport.fr\/blog\/wp-content\/uploads\/2025\/03\/Biathlon-2024-2025-Le-carnet-de-notes-des-Bleues.png\" \/>\n\t<meta property=\"og:image:width\" content=\"1200\" \/>\n\t<meta property=\"og:image:height\" content=\"674\" \/>\n\t<meta property=\"og:image:type\" content=\"image\/png\" \/>\n<meta name=\"author\" content=\"Louka Lesueur\" \/>\n<meta name=\"twitter:card\" content=\"summary_large_image\" \/>\n<meta name=\"twitter:title\" content=\"Biathlon 2024-2025 : Le carnet de notes des Bleues\" \/>\n<meta name=\"twitter:creator\" content=\"@https:\/\/twitter.com\/LNewsSF\" \/>\n<meta name=\"twitter:site\" content=\"@dicodusport\" \/>\n<script type=\"application\/ld+json\" class=\"yoast-schema-graph\">{\"@context\":\"https:\/\/schema.org\",\"@graph\":[{\"@type\":\"NewsArticle\",\"@id\":\"https:\/\/dicodusport.fr\/blog\/biathlon-2024-2025-le-carnet-de-notes-des-bleues\/#article\",\"isPartOf\":{\"@id\":\"https:\/\/dicodusport.fr\/blog\/biathlon-2024-2025-le-carnet-de-notes-des-bleues\/\"},\"author\":{\"name\":\"Louka Lesueur\",\"@id\":\"https:\/\/dicodusport.fr\/blog\/#\/schema\/person\/54b6cdccebdfcd5a1036c594aecffc2a\"},\"headline\":\"Biathlon 2024-2025 : Le carnet de notes des Bleues\",\"datePublished\":\"2025-03-25T16:14:41+00:00\",\"dateModified\":\"2025-07-09T16:32:01+00:00\",\"mainEntityOfPage\":{\"@id\":\"https:\/\/dicodusport.fr\/blog\/biathlon-2024-2025-le-carnet-de-notes-des-bleues\/\"},\"wordCount\":1365,\"commentCount\":0,\"publisher\":{\"@id\":\"https:\/\/dicodusport.fr\/blog\/#organization\"},\"image\":{\"@id\":\"https:\/\/dicodusport.fr\/blog\/biathlon-2024-2025-le-carnet-de-notes-des-bleues\/#primaryimage\"},\"thumbnailUrl\":\"https:\/\/dicodusport.fr\/blog\/wp-content\/uploads\/2025\/03\/Biathlon-2024-2025-Le-carnet-de-notes-des-Bleues.png\",\"keywords\":[\"Biathlon\",\"br\u00e8ve\",\"Jeanne Richard\",\"Julia Simon\",\"Justine Braisaz-Bouchet\",\"Lou Jeanmonnot\",\"Oc\u00e9ane Michelon\",\"Paula Botet\",\"Sophie Chauveau\",\"sport\"],\"articleSection\":[\"Coupe du monde de biathlon\"],\"inLanguage\":\"fr-FR\",\"potentialAction\":[{\"@type\":\"CommentAction\",\"name\":\"Comment\",\"target\":[\"https:\/\/dicodusport.fr\/blog\/biathlon-2024-2025-le-carnet-de-notes-des-bleues\/#respond\"]}],\"copyrightYear\":\"2025\",\"copyrightHolder\":{\"@id\":\"https:\/\/dicodusport.fr\/blog\/#organization\"}},{\"@type\":\"WebPage\",\"@id\":\"https:\/\/dicodusport.fr\/blog\/biathlon-2024-2025-le-carnet-de-notes-des-bleues\/\",\"url\":\"https:\/\/dicodusport.fr\/blog\/biathlon-2024-2025-le-carnet-de-notes-des-bleues\/\",\"name\":\"Biathlon 2024-2025 : Le carnet de notes des Bleues\",\"isPartOf\":{\"@id\":\"https:\/\/dicodusport.fr\/blog\/#website\"},\"primaryImageOfPage\":{\"@id\":\"https:\/\/dicodusport.fr\/blog\/biathlon-2024-2025-le-carnet-de-notes-des-bleues\/#primaryimage\"},\"image\":{\"@id\":\"https:\/\/dicodusport.fr\/blog\/biathlon-2024-2025-le-carnet-de-notes-des-bleues\/#primaryimage\"},\"thumbnailUrl\":\"https:\/\/dicodusport.fr\/blog\/wp-content\/uploads\/2025\/03\/Biathlon-2024-2025-Le-carnet-de-notes-des-Bleues.png\",\"datePublished\":\"2025-03-25T16:14:41+00:00\",\"dateModified\":\"2025-07-09T16:32:01+00:00\",\"description\":\"Alors que la saison vient de se terminer, l'heure de tirer des bilans a sonn\u00e9. D\u00e9couvrez le carnet de notes des Bleues.\",\"breadcrumb\":{\"@id\":\"https:\/\/dicodusport.fr\/blog\/biathlon-2024-2025-le-carnet-de-notes-des-bleues\/#breadcrumb\"},\"inLanguage\":\"fr-FR\",\"potentialAction\":[{\"@type\":\"ReadAction\",\"target\":[\"https:\/\/dicodusport.fr\/blog\/biathlon-2024-2025-le-carnet-de-notes-des-bleues\/\"]}]},{\"@type\":\"ImageObject\",\"inLanguage\":\"fr-FR\",\"@id\":\"https:\/\/dicodusport.fr\/blog\/biathlon-2024-2025-le-carnet-de-notes-des-bleues\/#primaryimage\",\"url\":\"https:\/\/dicodusport.fr\/blog\/wp-content\/uploads\/2025\/03\/Biathlon-2024-2025-Le-carnet-de-notes-des-Bleues.png\",\"contentUrl\":\"https:\/\/dicodusport.fr\/blog\/wp-content\/uploads\/2025\/03\/Biathlon-2024-2025-Le-carnet-de-notes-des-Bleues.png\",\"width\":1200,\"height\":674,\"caption\":\"Biathlon 2024-2025 Le carnet de notes des Bleues\"},{\"@type\":\"BreadcrumbList\",\"@id\":\"https:\/\/dicodusport.fr\/blog\/biathlon-2024-2025-le-carnet-de-notes-des-bleues\/#breadcrumb\",\"itemListElement\":[{\"@type\":\"ListItem\",\"position\":1,\"name\":\"Accueil\",\"item\":\"https:\/\/dicodusport.fr\/blog\/\"},{\"@type\":\"ListItem\",\"position\":2,\"name\":\"Biathlon 2024-2025 : Le carnet de notes des Bleues\"}]},{\"@type\":\"WebSite\",\"@id\":\"https:\/\/dicodusport.fr\/blog\/#website\",\"url\":\"https:\/\/dicodusport.fr\/blog\/\",\"name\":\"Dicodusport\",\"description\":\"L&#039;encyclop\u00e9die de l&#039;actualit\u00e9 sportive\",\"publisher\":{\"@id\":\"https:\/\/dicodusport.fr\/blog\/#organization\"},\"potentialAction\":[{\"@type\":\"SearchAction\",\"target\":{\"@type\":\"EntryPoint\",\"urlTemplate\":\"https:\/\/dicodusport.fr\/blog\/?s={search_term_string}\"},\"query-input\":{\"@type\":\"PropertyValueSpecification\",\"valueRequired\":true,\"valueName\":\"search_term_string\"}}],\"inLanguage\":\"fr-FR\"},{\"@type\":\"NewsMediaOrganization\",\"@id\":\"https:\/\/dicodusport.fr\/blog\/#organization\",\"name\":\"Dicodusport\",\"url\":\"https:\/\/dicodusport.fr\/blog\/\",\"logo\":{\"@type\":\"ImageObject\",\"inLanguage\":\"fr-FR\",\"@id\":\"https:\/\/dicodusport.fr\/blog\/#\/schema\/logo\/image\/\",\"url\":\"https:\/\/dicodusport.fr\/blog\/wp-content\/uploads\/2020\/06\/cropped-LOGO-DICODUSPORT-2020-SANS-FOND-SANS-TEXTE.png\",\"contentUrl\":\"https:\/\/dicodusport.fr\/blog\/wp-content\/uploads\/2020\/06\/cropped-LOGO-DICODUSPORT-2020-SANS-FOND-SANS-TEXTE.png\",\"width\":512,\"height\":512,\"caption\":\"Dicodusport\"},\"image\":{\"@id\":\"https:\/\/dicodusport.fr\/blog\/#\/schema\/logo\/image\/\"},\"sameAs\":[\"https:\/\/www.facebook.com\/dicodusport\",\"https:\/\/x.com\/dicodusport\",\"https:\/\/www.instagram.com\/dicodusport\/\",\"https:\/\/www.youtube.com\/channel\/UC7V2KZ5sd3htJivAbA4ZG3w\"],\"description\":\"Dicodusport est l'encyclop\u00e9die de l'actualit\u00e9 sportive.\",\"email\":\"bonjour@dicodusport.fr\",\"legalName\":\"DICODUSPORT\",\"foundingDate\":\"2018-01-14\",\"vatID\":\"FR71834470973\",\"taxID\":\"83447097300043\",\"numberOfEmployees\":{\"@type\":\"QuantitativeValue\",\"minValue\":\"1\",\"maxValue\":\"10\"}},{\"@type\":\"Person\",\"@id\":\"https:\/\/dicodusport.fr\/blog\/#\/schema\/person\/54b6cdccebdfcd5a1036c594aecffc2a\",\"name\":\"Louka Lesueur\",\"image\":{\"@type\":\"ImageObject\",\"inLanguage\":\"fr-FR\",\"@id\":\"https:\/\/dicodusport.fr\/blog\/#\/schema\/person\/image\/\",\"url\":\"https:\/\/dicodusport.fr\/blog\/wp-content\/uploads\/2023\/09\/IMG_2783-150x150.jpeg\",\"contentUrl\":\"https:\/\/dicodusport.fr\/blog\/wp-content\/uploads\/2023\/09\/IMG_2783-150x150.jpeg\",\"caption\":\"Louka Lesueur\"},\"description\":\"Passionn\u00e9 depuis tout petit par les exploits de Bolt, Fourcade, Riner, Lavillenie, Wilkinson, Hirscher. Les \u00e9motions provoqu\u00e9es par le sport ont berc\u00e9 mon enfance et continuent de le faire aujourd'hui. C'est ainsi qu'il m'est arriv\u00e9 de pleurer devant la d\u00e9faite des Bleus face aux Blacks en 2011, ou encore devant le titre olympique de Florent Manaudou \u00e0 Londres. Bien loin de ce milieu professionnel, j'ai os\u00e9 tenter ma chance pour rejoindre l'\u00e9quipe de r\u00e9daction de Dicodusport, et depuis septembre 2023, je tente de retransmettre au mieux les exploits des athl\u00e8tes, tous sports confondus. Grand chauvin, c'est bel et bien sur les sportifs tricolores que je pr\u00e9f\u00e8re \u00e9crire.\",\"sameAs\":[\"https:\/\/x.com\/https:\/\/twitter.com\/LNewsSF\"],\"gender\":\"Homme\",\"worksFor\":\"Louka LESUEUR\",\"url\":\"https:\/\/dicodusport.fr\/blog\/author\/louka-lesueur\/\"}]}<\/script>\n<!-- \/ Yoast SEO Premium plugin. -->","yoast_head_json":{"title":"Biathlon 2024-2025 : Le carnet de notes des Bleues","description":"Alors que la saison vient de se terminer, l'heure de tirer des bilans a sonn\u00e9. D\u00e9couvrez le carnet de notes des Bleues.","robots":{"index":"index","follow":"follow","max-snippet":"max-snippet:-1","max-image-preview":"max-image-preview:large","max-video-preview":"max-video-preview:-1"},"canonical":"https:\/\/dicodusport.fr\/blog\/biathlon-2024-2025-le-carnet-de-notes-des-bleues\/","og_locale":"fr_FR","og_type":"article","og_title":"Biathlon 2024-2025 : Le carnet de notes des Bleues","og_description":"Alors que la saison vient de se terminer, l'heure de tirer des bilans a sonn\u00e9. D\u00e9couvrez le carnet de notes des Bleues.","og_url":"https:\/\/dicodusport.fr\/blog\/biathlon-2024-2025-le-carnet-de-notes-des-bleues\/","og_site_name":"Dicodusport","article_publisher":"https:\/\/www.facebook.com\/dicodusport","article_published_time":"2025-03-25T16:14:41+00:00","article_modified_time":"2025-07-09T16:32:01+00:00","og_image":[{"width":1200,"height":674,"url":"https:\/\/dicodusport.fr\/blog\/wp-content\/uploads\/2025\/03\/Biathlon-2024-2025-Le-carnet-de-notes-des-Bleues.png","type":"image\/png"}],"author":"Louka Lesueur","twitter_card":"summary_large_image","twitter_title":"Biathlon 2024-2025 : Le carnet de notes des Bleues","twitter_creator":"@https:\/\/twitter.com\/LNewsSF","twitter_site":"@dicodusport","schema":{"@context":"https:\/\/schema.org","@graph":[{"@type":"NewsArticle","@id":"https:\/\/dicodusport.fr\/blog\/biathlon-2024-2025-le-carnet-de-notes-des-bleues\/#article","isPartOf":{"@id":"https:\/\/dicodusport.fr\/blog\/biathlon-2024-2025-le-carnet-de-notes-des-bleues\/"},"author":{"name":"Louka Lesueur","@id":"https:\/\/dicodusport.fr\/blog\/#\/schema\/person\/54b6cdccebdfcd5a1036c594aecffc2a"},"headline":"Biathlon 2024-2025 : Le carnet de notes des Bleues","datePublished":"2025-03-25T16:14:41+00:00","dateModified":"2025-07-09T16:32:01+00:00","mainEntityOfPage":{"@id":"https:\/\/dicodusport.fr\/blog\/biathlon-2024-2025-le-carnet-de-notes-des-bleues\/"},"wordCount":1365,"commentCount":0,"publisher":{"@id":"https:\/\/dicodusport.fr\/blog\/#organization"},"image":{"@id":"https:\/\/dicodusport.fr\/blog\/biathlon-2024-2025-le-carnet-de-notes-des-bleues\/#primaryimage"},"thumbnailUrl":"https:\/\/dicodusport.fr\/blog\/wp-content\/uploads\/2025\/03\/Biathlon-2024-2025-Le-carnet-de-notes-des-Bleues.png","keywords":["Biathlon","br\u00e8ve","Jeanne Richard","Julia Simon","Justine Braisaz-Bouchet","Lou Jeanmonnot","Oc\u00e9ane Michelon","Paula Botet","Sophie Chauveau","sport"],"articleSection":["Coupe du monde de biathlon"],"inLanguage":"fr-FR","potentialAction":[{"@type":"CommentAction","name":"Comment","target":["https:\/\/dicodusport.fr\/blog\/biathlon-2024-2025-le-carnet-de-notes-des-bleues\/#respond"]}],"copyrightYear":"2025","copyrightHolder":{"@id":"https:\/\/dicodusport.fr\/blog\/#organization"}},{"@type":"WebPage","@id":"https:\/\/dicodusport.fr\/blog\/biathlon-2024-2025-le-carnet-de-notes-des-bleues\/","url":"https:\/\/dicodusport.fr\/blog\/biathlon-2024-2025-le-carnet-de-notes-des-bleues\/","name":"Biathlon 2024-2025 : Le carnet de notes des Bleues","isPartOf":{"@id":"https:\/\/dicodusport.fr\/blog\/#website"},"primaryImageOfPage":{"@id":"https:\/\/dicodusport.fr\/blog\/biathlon-2024-2025-le-carnet-de-notes-des-bleues\/#primaryimage"},"image":{"@id":"https:\/\/dicodusport.fr\/blog\/biathlon-2024-2025-le-carnet-de-notes-des-bleues\/#primaryimage"},"thumbnailUrl":"https:\/\/dicodusport.fr\/blog\/wp-content\/uploads\/2025\/03\/Biathlon-2024-2025-Le-carnet-de-notes-des-Bleues.png","datePublished":"2025-03-25T16:14:41+00:00","dateModified":"2025-07-09T16:32:01+00:00","description":"Alors que la saison vient de se terminer, l'heure de tirer des bilans a sonn\u00e9. D\u00e9couvrez le carnet de notes des Bleues.","breadcrumb":{"@id":"https:\/\/dicodusport.fr\/blog\/biathlon-2024-2025-le-carnet-de-notes-des-bleues\/#breadcrumb"},"inLanguage":"fr-FR","potentialAction":[{"@type":"ReadAction","target":["https:\/\/dicodusport.fr\/blog\/biathlon-2024-2025-le-carnet-de-notes-des-bleues\/"]}]},{"@type":"ImageObject","inLanguage":"fr-FR","@id":"https:\/\/dicodusport.fr\/blog\/biathlon-2024-2025-le-carnet-de-notes-des-bleues\/#primaryimage","url":"https:\/\/dicodusport.fr\/blog\/wp-content\/uploads\/2025\/03\/Biathlon-2024-2025-Le-carnet-de-notes-des-Bleues.png","contentUrl":"https:\/\/dicodusport.fr\/blog\/wp-content\/uploads\/2025\/03\/Biathlon-2024-2025-Le-carnet-de-notes-des-Bleues.png","width":1200,"height":674,"caption":"Biathlon 2024-2025 Le carnet de notes des Bleues"},{"@type":"BreadcrumbList","@id":"https:\/\/dicodusport.fr\/blog\/biathlon-2024-2025-le-carnet-de-notes-des-bleues\/#breadcrumb","itemListElement":[{"@type":"ListItem","position":1,"name":"Accueil","item":"https:\/\/dicodusport.fr\/blog\/"},{"@type":"ListItem","position":2,"name":"Biathlon 2024-2025 : Le carnet de notes des Bleues"}]},{"@type":"WebSite","@id":"https:\/\/dicodusport.fr\/blog\/#website","url":"https:\/\/dicodusport.fr\/blog\/","name":"Dicodusport","description":"L&#039;encyclop\u00e9die de l&#039;actualit\u00e9 sportive","publisher":{"@id":"https:\/\/dicodusport.fr\/blog\/#organization"},"potentialAction":[{"@type":"SearchAction","target":{"@type":"EntryPoint","urlTemplate":"https:\/\/dicodusport.fr\/blog\/?s={search_term_string}"},"query-input":{"@type":"PropertyValueSpecification","valueRequired":true,"valueName":"search_term_string"}}],"inLanguage":"fr-FR"},{"@type":"NewsMediaOrganization","@id":"https:\/\/dicodusport.fr\/blog\/#organization","name":"Dicodusport","url":"https:\/\/dicodusport.fr\/blog\/","logo":{"@type":"ImageObject","inLanguage":"fr-FR","@id":"https:\/\/dicodusport.fr\/blog\/#\/schema\/logo\/image\/","url":"https:\/\/dicodusport.fr\/blog\/wp-content\/uploads\/2020\/06\/cropped-LOGO-DICODUSPORT-2020-SANS-FOND-SANS-TEXTE.png","contentUrl":"https:\/\/dicodusport.fr\/blog\/wp-content\/uploads\/2020\/06\/cropped-LOGO-DICODUSPORT-2020-SANS-FOND-SANS-TEXTE.png","width":512,"height":512,"caption":"Dicodusport"},"image":{"@id":"https:\/\/dicodusport.fr\/blog\/#\/schema\/logo\/image\/"},"sameAs":["https:\/\/www.facebook.com\/dicodusport","https:\/\/x.com\/dicodusport","https:\/\/www.instagram.com\/dicodusport\/","https:\/\/www.youtube.com\/channel\/UC7V2KZ5sd3htJivAbA4ZG3w"],"description":"Dicodusport est l'encyclop\u00e9die de l'actualit\u00e9 sportive.","email":"bonjour@dicodusport.fr","legalName":"DICODUSPORT","foundingDate":"2018-01-14","vatID":"FR71834470973","taxID":"83447097300043","numberOfEmployees":{"@type":"QuantitativeValue","minValue":"1","maxValue":"10"}},{"@type":"Person","@id":"https:\/\/dicodusport.fr\/blog\/#\/schema\/person\/54b6cdccebdfcd5a1036c594aecffc2a","name":"Louka Lesueur","image":{"@type":"ImageObject","inLanguage":"fr-FR","@id":"https:\/\/dicodusport.fr\/blog\/#\/schema\/person\/image\/","url":"https:\/\/dicodusport.fr\/blog\/wp-content\/uploads\/2023\/09\/IMG_2783-150x150.jpeg","contentUrl":"https:\/\/dicodusport.fr\/blog\/wp-content\/uploads\/2023\/09\/IMG_2783-150x150.jpeg","caption":"Louka Lesueur"},"description":"Passionn\u00e9 depuis tout petit par les exploits de Bolt, Fourcade, Riner, Lavillenie, Wilkinson, Hirscher. Les \u00e9motions provoqu\u00e9es par le sport ont berc\u00e9 mon enfance et continuent de le faire aujourd'hui. C'est ainsi qu'il m'est arriv\u00e9 de pleurer devant la d\u00e9faite des Bleus face aux Blacks en 2011, ou encore devant le titre olympique de Florent Manaudou \u00e0 Londres. Bien loin de ce milieu professionnel, j'ai os\u00e9 tenter ma chance pour rejoindre l'\u00e9quipe de r\u00e9daction de Dicodusport, et depuis septembre 2023, je tente de retransmettre au mieux les exploits des athl\u00e8tes, tous sports confondus. Grand chauvin, c'est bel et bien sur les sportifs tricolores que je pr\u00e9f\u00e8re \u00e9crire.","sameAs":["https:\/\/x.com\/https:\/\/twitter.com\/LNewsSF"],"gender":"Homme","worksFor":"Louka LESUEUR","url":"https:\/\/dicodusport.fr\/blog\/author\/louka-lesueur\/"}]}},"_links":{"self":[{"href":"https:\/\/dicodusport.fr\/blog\/wp-json\/wp\/v2\/posts\/567241","targetHints":{"allow":["GET"]}}],"collection":[{"href":"https:\/\/dicodusport.fr\/blog\/wp-json\/wp\/v2\/posts"}],"about":[{"href":"https:\/\/dicodusport.fr\/blog\/wp-json\/wp\/v2\/types\/post"}],"author":[{"embeddable":true,"href":"https:\/\/dicodusport.fr\/blog\/wp-json\/wp\/v2\/users\/89"}],"replies":[{"embeddable":true,"href":"https:\/\/dicodusport.fr\/blog\/wp-json\/wp\/v2\/comments?post=567241"}],"version-history":[{"count":5,"href":"https:\/\/dicodusport.fr\/blog\/wp-json\/wp\/v2\/posts\/567241\/revisions"}],"predecessor-version":[{"id":567390,"href":"https:\/\/dicodusport.fr\/blog\/wp-json\/wp\/v2\/posts\/567241\/revisions\/567390"}],"wp:featuredmedia":[{"embeddable":true,"href":"https:\/\/dicodusport.fr\/blog\/wp-json\/wp\/v2\/media\/567389"}],"wp:attachment":[{"href":"https:\/\/dicodusport.fr\/blog\/wp-json\/wp\/v2\/media?parent=567241"}],"wp:term":[{"taxonomy":"category","embeddable":true,"href":"https:\/\/dicodusport.fr\/blog\/wp-json\/wp\/v2\/categories?post=567241"},{"taxonomy":"post_tag","embeddable":true,"href":"https:\/\/dicodusport.fr\/blog\/wp-json\/wp\/v2\/tags?post=567241"}],"curies":[{"name":"wp","href":"https:\/\/api.w.org\/{rel}","templated":true}]}}