{"id":567337,"date":"2025-03-26T15:00:49","date_gmt":"2025-03-26T14:00:49","guid":{"rendered":"https:\/\/dicodusport.fr\/blog\/?p=567337&#038;preview=true&#038;preview_id=567337"},"modified":"2025-03-25T21:50:27","modified_gmt":"2025-03-25T20:50:27","slug":"video-wilhem-belocian-60-m-haies-une-medaille-qui-signifie-la-perseverance","status":"publish","type":"post","link":"https:\/\/dicodusport.fr\/blog\/video-wilhem-belocian-60-m-haies-une-medaille-qui-signifie-la-perseverance\/","title":{"rendered":"[Vid\u00e9o] Wilhem Belocian (60 m haies) : \u00ab\u00a0Une m\u00e9daille qui signifie la pers\u00e9v\u00e9rance\u00a0\u00bb"},"content":{"rendered":"<h4 style=\"text-align: justify;\"><em>ATHL\u00c9TISME &#8211; Entretien vid\u00e9o avec Wilhem Belocian, vice-champion du monde du 60 m haies \u00e0 Nankin, lors des Mondiaux en salle. Une premi\u00e8re m\u00e9daille au niveau mondial et des changements techniques valid\u00e9s.<\/em><\/h4>\n<p style=\"text-align: justify;\"><span style=\"font-size: 14px;\"><strong><em>Propos recueillis par <a href=\"https:\/\/x.com\/Vicky_Vick_E\">Victoire Eyoum<\/a>.<\/em><\/strong><\/span><\/p>\n<p style=\"text-align: justify;\"><strong>Dicodusport<\/strong> est all\u00e9 \u00e0 la rencontre de <strong>Wilhem Belocian<\/strong>, vice-champion du monde du 60 m haies, \u00e0 la fin du mois de mars, \u00e0 l&rsquo;occasion des<a href=\"https:\/\/dicodusport.fr\/blog\/athletisme-calendrier-et-resultats-championnats-du-monde-en-salle-2025\/\"> championnats du monde en salle \u00e0 Nankin<\/a> (Chine). \u00c0 l&rsquo;autre bout du monde, il est all\u00e9 chercher sa toute premi\u00e8re m\u00e9daille mondiale, \u00e0 l&rsquo;age de 29 ans. Deux semaines apr\u00e8s une m\u00e9daille d&rsquo;argent europ\u00e9enne. <em>\u00ab Ce sont des \u00e9motions et de la joie, c&rsquo;est une m\u00e9daille qui signifie la pers\u00e9v\u00e9rance \u00bb<\/em>, reconna\u00eet le principal int\u00e9ress\u00e9. Qui est revenu au top niveau ce week-end, apr\u00e8s une ann\u00e9e 2024 longtemps perturb\u00e9e par les blessures. Qui ont retard\u00e9 sa pr\u00e9paration et handicap\u00e9 ses chances, lors des Jeux Olympiques.<\/p>\n<div class=\"vlp-link-container vlp-layout-article\"><a href=\"https:\/\/dicodusport.fr\/blog\/athletisme-mondiaux-en-salle-2025-wilhem-belocian-remporte-la-medaille-dargent-au-60-m-haies\/\" class=\"vlp-link\" title=\"Athl\u00e9tisme Mondiaux en salle 2025 : Wilhem Belocian remporte la m\u00e9daille d&#039;argent au 60 m haies\"><\/a><div class=\"vlp-layout-zone-side\"><div class=\"vlp-block-4 vlp-link-image\"><img loading=\"lazy\" decoding=\"async\" style=\"max-width: 792px;\" width=\"792\" height=\"445\" src=\"https:\/\/dicodusport.fr\/blog\/wp-content\/uploads\/2025\/03\/Athletisme-Mondiaux-en-salle-2025-Wilhem-Belocian-remporte-la-medaille-dargent-au-60-m-haies.png\" class=\"attachment-800x445 size-800x445\" alt=\"\" srcset=\"https:\/\/dicodusport.fr\/blog\/wp-content\/uploads\/2025\/03\/Athletisme-Mondiaux-en-salle-2025-Wilhem-Belocian-remporte-la-medaille-dargent-au-60-m-haies.png 1200w, https:\/\/dicodusport.fr\/blog\/wp-content\/uploads\/2025\/03\/Athletisme-Mondiaux-en-salle-2025-Wilhem-Belocian-remporte-la-medaille-dargent-au-60-m-haies-300x169.png 300w, https:\/\/dicodusport.fr\/blog\/wp-content\/uploads\/2025\/03\/Athletisme-Mondiaux-en-salle-2025-Wilhem-Belocian-remporte-la-medaille-dargent-au-60-m-haies-1024x575.png 1024w, https:\/\/dicodusport.fr\/blog\/wp-content\/uploads\/2025\/03\/Athletisme-Mondiaux-en-salle-2025-Wilhem-Belocian-remporte-la-medaille-dargent-au-60-m-haies-768x431.png 768w\" sizes=\"auto, (max-width: 792px) 100vw, 792px\" \/><\/div><\/div><div class=\"vlp-layout-zone-main\"><div class=\"vlp-block-0 vlp-link-title\">Athl\u00e9tisme Mondiaux en salle 2025 : Wilhem Belocian remporte la m\u00e9daille d'argent au 60 m haies<\/div><div class=\"vlp-block-1 vlp-link-summary\">Wilhem Belocian glane une m\u00e9daille d'argent au 60 m haies !<\/div><div class=\"vlp-block-2 vlp-link-button\">Lire l'article<\/div><div class=\"vlp-block-3 vlp-link-url\">dicodusport.fr<\/div><\/div><\/div>\n<h2 style=\"text-align: justify;\">\u00ab Il fallait \u00eatre en situation avec les meilleurs, dont Grant Holloway&#8230; \u00bb<\/h2>\n<p style=\"text-align: justify;\">Ce cap mondial enfin franchi en indoor. <em>\u00ab <\/em><em>J&rsquo;aime faire les comp\u00e9titions et c&rsquo;\u00e9tait faisable d&rsquo;aller \u00e0 Nankin, malgr\u00e9 que ce soit tard dans la saison. Cela me tenait \u00e0 c\u0153ur d&rsquo;\u00eatre ici. Pour avoir cette m\u00e9daille \u00bb<\/em>. Et valider ses changements techniques, comme son d\u00e9part (en sept appuis), avant la saison estivale. Pour rappel, <strong>Wilhem Belocian<\/strong> s&rsquo;entra\u00eene depuis la saison derni\u00e8re avec <strong>Teddy Tamgho<\/strong>. <em>\u00ab <\/em><em>Il fallait \u00eatre en situation avec les meilleurs, dont Grant Holloway, qui est un des meilleurs partants \u00bb<\/em>. Et m\u00eame si la victoire \u00e9tait dans un coin de sa t\u00eate, malgr\u00e9 la pr\u00e9sence de l&rsquo;Am\u00e9ricain, il se satisfait de l&rsquo;argent, tout en gardant en t\u00eate de le d\u00e9tr\u00f4ner un jour. Un hurdler aux ambitions augment\u00e9es, apr\u00e8s ces championnats du monde en salle. Il \u00e9voque aussi la r\u00e9ussite des haies en France et cette capacit\u00e9 \u00e0 ramener des m\u00e9dailles.<\/p>\n<ul>\n<li style=\"text-align: justify;\"><strong>\u00c0 ce sujet &#8211; <a href=\"https:\/\/dicodusport.fr\/blog\/actualites\/athletisme\/\">Toute l&rsquo;actualit\u00e9 de l&rsquo;athl\u00e9tisme<\/a><\/strong><\/li>\n<\/ul>\n<p style=\"text-align: justify;\"><em>\u00ab Je sens que je suis dans une ann\u00e9e o\u00f9 je peux performer et remporter des m\u00e9dailles. Cette saison hivernale m&rsquo;apporte beaucoup de confiance, mais le 110 m haies, est une distance que j&rsquo;aime beaucoup \u00bb<\/em>, confirme l&rsquo;athl\u00e8te, qui veut ramener une m\u00e9daille \u00e0 Tokyo, lors des mondiaux en ext\u00e9rieur. Malgr\u00e9 l&rsquo;exp\u00e9rience et les ann\u00e9es qui passent, le vice-champion du monde essaye de garder cette <em>\u00ab <\/em><em>fougue de la jeunesse \u00bb<\/em>. Il \u00e9voque \u00e9galement la fiert\u00e9 qu&rsquo;il repr\u00e9sente pour sa fille de quatre ans : <em>\u00ab <\/em><em>Elle me demande si j&rsquo;ai une m\u00e9daille. C&rsquo;est comme cela qu&rsquo;elle m&rsquo;encourage. Je cours pour moi, mais aussi pour elle \u00bb<\/em>. On ne peut qu&rsquo;esp\u00e9rer qu&rsquo;elle soit encore tr\u00e8s fi\u00e8re de son papa lors des Mondiaux de Tokyo.<\/p>\n<p><span class=\"KUMjX\"><iframe loading=\"lazy\" title=\"Wilhem Belocian (60 m haies) : &quot;Une m\u00e9daille qui signifie la pers\u00e9v\u00e9rance&quot; - Dicodusport\" width=\"740\" height=\"416\" src=\"https:\/\/www.youtube.com\/embed\/-QSiHvsABmY?feature=oembed\" frameborder=\"0\" allow=\"accelerometer; autoplay; clipboard-write; encrypted-media; gyroscope; picture-in-picture; web-share\" referrerpolicy=\"strict-origin-when-cross-origin\" allowfullscreen><\/iframe><\/span><\/p>\n<p style=\"text-align: justify;\">\n","protected":false},"excerpt":{"rendered":"<p>[Vid\u00e9o] Wilhem Belocian (60 m haies) : \u00ab\u00a0Une m\u00e9daille qui signifie la pers\u00e9v\u00e9rance\u00a0\u00bb<\/p>\n","protected":false},"author":83,"featured_media":567365,"comment_status":"open","ping_status":"closed","sticky":false,"template":"","format":"standard","meta":{"_acf_changed":false,"_daextam_enable_autolinks":"1","footnotes":""},"categories":[2308],"tags":[32415,143,16878,4605,7375],"class_list":["post-567337","post","type-post","status-publish","format-standard","has-post-thumbnail","hentry","category-athletisme","tag-actu","tag-athletisme","tag-breve","tag-video","tag-wilhem-belocian"],"acf":[],"yoast_head":"<!-- This site is optimized with the Yoast SEO Premium plugin v26.7 (Yoast SEO v26.7) - https:\/\/yoast.com\/wordpress\/plugins\/seo\/ -->\n<title>[Vid\u00e9o] Wilhem Belocian (60 m haies) : &quot;Une m\u00e9daille qui signifie la pers\u00e9v\u00e9rance&quot;<\/title>\n<meta name=\"description\" content=\"ATHL\u00c9TISME - Entretien vid\u00e9o avec Wilhem Belocian, vice-champion du monde du 60 m haies \u00e0 Nankin, lors des Mondiaux en salle.\" \/>\n<meta name=\"robots\" content=\"index, follow, max-snippet:-1, max-image-preview:large, max-video-preview:-1\" \/>\n<link rel=\"canonical\" href=\"https:\/\/dicodusport.fr\/blog\/video-wilhem-belocian-60-m-haies-une-medaille-qui-signifie-la-perseverance\/\" \/>\n<meta property=\"og:locale\" content=\"fr_FR\" \/>\n<meta property=\"og:type\" content=\"article\" \/>\n<meta property=\"og:title\" content=\"[Vid\u00e9o] Wilhem Belocian (60 m haies) : &quot;Une m\u00e9daille qui signifie la pers\u00e9v\u00e9rance&quot;\" \/>\n<meta property=\"og:description\" content=\"ATHL\u00c9TISME - Entretien vid\u00e9o avec Wilhem Belocian, vice-champion du monde du 60 m haies \u00e0 Nankin, lors des Mondiaux en salle.\" \/>\n<meta property=\"og:url\" content=\"https:\/\/dicodusport.fr\/blog\/video-wilhem-belocian-60-m-haies-une-medaille-qui-signifie-la-perseverance\/\" \/>\n<meta property=\"og:site_name\" content=\"Dicodusport\" \/>\n<meta property=\"article:publisher\" content=\"https:\/\/www.facebook.com\/dicodusport\" \/>\n<meta property=\"article:published_time\" content=\"2025-03-26T14:00:49+00:00\" \/>\n<meta property=\"og:image\" content=\"https:\/\/dicodusport.fr\/blog\/wp-content\/uploads\/2025\/03\/Video-Wilhem-Belocian-60-m-haies-Une-medaille-qui-signifie-la-perseverance.png\" \/>\n\t<meta property=\"og:image:width\" content=\"1200\" \/>\n\t<meta property=\"og:image:height\" content=\"674\" \/>\n\t<meta property=\"og:image:type\" content=\"image\/png\" \/>\n<meta name=\"author\" content=\"Etienne Goursaud\" \/>\n<meta name=\"twitter:card\" content=\"summary_large_image\" \/>\n<meta name=\"twitter:title\" content=\"[Vid\u00e9o] Wilhem Belocian (60 m haies) : &quot;Une m\u00e9daille qui signifie la pers\u00e9v\u00e9rance&quot;\" \/>\n<meta name=\"twitter:creator\" content=\"@dicodusport\" \/>\n<meta name=\"twitter:site\" content=\"@dicodusport\" \/>\n<script type=\"application\/ld+json\" class=\"yoast-schema-graph\">{\"@context\":\"https:\/\/schema.org\",\"@graph\":[{\"@type\":\"NewsArticle\",\"@id\":\"https:\/\/dicodusport.fr\/blog\/video-wilhem-belocian-60-m-haies-une-medaille-qui-signifie-la-perseverance\/#article\",\"isPartOf\":{\"@id\":\"https:\/\/dicodusport.fr\/blog\/video-wilhem-belocian-60-m-haies-une-medaille-qui-signifie-la-perseverance\/\"},\"author\":{\"name\":\"Etienne Goursaud\",\"@id\":\"https:\/\/dicodusport.fr\/blog\/#\/schema\/person\/d603dd7da31fb2b46c82b9835a77ec13\"},\"headline\":\"[Vid\u00e9o] Wilhem Belocian (60 m haies) : \u00ab\u00a0Une m\u00e9daille qui signifie la pers\u00e9v\u00e9rance\u00a0\u00bb\",\"datePublished\":\"2025-03-26T14:00:49+00:00\",\"mainEntityOfPage\":{\"@id\":\"https:\/\/dicodusport.fr\/blog\/video-wilhem-belocian-60-m-haies-une-medaille-qui-signifie-la-perseverance\/\"},\"wordCount\":585,\"commentCount\":0,\"publisher\":{\"@id\":\"https:\/\/dicodusport.fr\/blog\/#organization\"},\"image\":{\"@id\":\"https:\/\/dicodusport.fr\/blog\/video-wilhem-belocian-60-m-haies-une-medaille-qui-signifie-la-perseverance\/#primaryimage\"},\"thumbnailUrl\":\"https:\/\/dicodusport.fr\/blog\/wp-content\/uploads\/2025\/03\/Video-Wilhem-Belocian-60-m-haies-Une-medaille-qui-signifie-la-perseverance.png\",\"keywords\":[\"actu\",\"Athl\u00e9tisme\",\"br\u00e8ve\",\"vid\u00e9o\",\"Wilhem Belocian\"],\"articleSection\":[\"Athl\u00e9tisme\"],\"inLanguage\":\"fr-FR\",\"potentialAction\":[{\"@type\":\"CommentAction\",\"name\":\"Comment\",\"target\":[\"https:\/\/dicodusport.fr\/blog\/video-wilhem-belocian-60-m-haies-une-medaille-qui-signifie-la-perseverance\/#respond\"]}],\"copyrightYear\":\"2025\",\"copyrightHolder\":{\"@id\":\"https:\/\/dicodusport.fr\/blog\/#organization\"}},{\"@type\":\"WebPage\",\"@id\":\"https:\/\/dicodusport.fr\/blog\/video-wilhem-belocian-60-m-haies-une-medaille-qui-signifie-la-perseverance\/\",\"url\":\"https:\/\/dicodusport.fr\/blog\/video-wilhem-belocian-60-m-haies-une-medaille-qui-signifie-la-perseverance\/\",\"name\":\"[Vid\u00e9o] Wilhem Belocian (60 m haies) : \\\"Une m\u00e9daille qui signifie la pers\u00e9v\u00e9rance\\\"\",\"isPartOf\":{\"@id\":\"https:\/\/dicodusport.fr\/blog\/#website\"},\"primaryImageOfPage\":{\"@id\":\"https:\/\/dicodusport.fr\/blog\/video-wilhem-belocian-60-m-haies-une-medaille-qui-signifie-la-perseverance\/#primaryimage\"},\"image\":{\"@id\":\"https:\/\/dicodusport.fr\/blog\/video-wilhem-belocian-60-m-haies-une-medaille-qui-signifie-la-perseverance\/#primaryimage\"},\"thumbnailUrl\":\"https:\/\/dicodusport.fr\/blog\/wp-content\/uploads\/2025\/03\/Video-Wilhem-Belocian-60-m-haies-Une-medaille-qui-signifie-la-perseverance.png\",\"datePublished\":\"2025-03-26T14:00:49+00:00\",\"description\":\"ATHL\u00c9TISME - Entretien vid\u00e9o avec Wilhem Belocian, vice-champion du monde du 60 m haies \u00e0 Nankin, lors des Mondiaux en salle.\",\"breadcrumb\":{\"@id\":\"https:\/\/dicodusport.fr\/blog\/video-wilhem-belocian-60-m-haies-une-medaille-qui-signifie-la-perseverance\/#breadcrumb\"},\"inLanguage\":\"fr-FR\",\"potentialAction\":[{\"@type\":\"ReadAction\",\"target\":[\"https:\/\/dicodusport.fr\/blog\/video-wilhem-belocian-60-m-haies-une-medaille-qui-signifie-la-perseverance\/\"]}]},{\"@type\":\"ImageObject\",\"inLanguage\":\"fr-FR\",\"@id\":\"https:\/\/dicodusport.fr\/blog\/video-wilhem-belocian-60-m-haies-une-medaille-qui-signifie-la-perseverance\/#primaryimage\",\"url\":\"https:\/\/dicodusport.fr\/blog\/wp-content\/uploads\/2025\/03\/Video-Wilhem-Belocian-60-m-haies-Une-medaille-qui-signifie-la-perseverance.png\",\"contentUrl\":\"https:\/\/dicodusport.fr\/blog\/wp-content\/uploads\/2025\/03\/Video-Wilhem-Belocian-60-m-haies-Une-medaille-qui-signifie-la-perseverance.png\",\"width\":1200,\"height\":674,\"caption\":\"[Vid\u00e9o] Wilhem Belocian (60 m haies) : \\\"Une m\u00e9daille qui signifie la pers\u00e9v\u00e9rance\\\"\"},{\"@type\":\"BreadcrumbList\",\"@id\":\"https:\/\/dicodusport.fr\/blog\/video-wilhem-belocian-60-m-haies-une-medaille-qui-signifie-la-perseverance\/#breadcrumb\",\"itemListElement\":[{\"@type\":\"ListItem\",\"position\":1,\"name\":\"Accueil\",\"item\":\"https:\/\/dicodusport.fr\/blog\/\"},{\"@type\":\"ListItem\",\"position\":2,\"name\":\"[Vid\u00e9o] Wilhem Belocian (60 m haies) : \u00ab\u00a0Une m\u00e9daille qui signifie la pers\u00e9v\u00e9rance\u00a0\u00bb\"}]},{\"@type\":\"WebSite\",\"@id\":\"https:\/\/dicodusport.fr\/blog\/#website\",\"url\":\"https:\/\/dicodusport.fr\/blog\/\",\"name\":\"Dicodusport\",\"description\":\"L&#039;encyclop\u00e9die de l&#039;actualit\u00e9 sportive\",\"publisher\":{\"@id\":\"https:\/\/dicodusport.fr\/blog\/#organization\"},\"potentialAction\":[{\"@type\":\"SearchAction\",\"target\":{\"@type\":\"EntryPoint\",\"urlTemplate\":\"https:\/\/dicodusport.fr\/blog\/?s={search_term_string}\"},\"query-input\":{\"@type\":\"PropertyValueSpecification\",\"valueRequired\":true,\"valueName\":\"search_term_string\"}}],\"inLanguage\":\"fr-FR\"},{\"@type\":\"NewsMediaOrganization\",\"@id\":\"https:\/\/dicodusport.fr\/blog\/#organization\",\"name\":\"Dicodusport\",\"url\":\"https:\/\/dicodusport.fr\/blog\/\",\"logo\":{\"@type\":\"ImageObject\",\"inLanguage\":\"fr-FR\",\"@id\":\"https:\/\/dicodusport.fr\/blog\/#\/schema\/logo\/image\/\",\"url\":\"https:\/\/dicodusport.fr\/blog\/wp-content\/uploads\/2020\/06\/cropped-LOGO-DICODUSPORT-2020-SANS-FOND-SANS-TEXTE.png\",\"contentUrl\":\"https:\/\/dicodusport.fr\/blog\/wp-content\/uploads\/2020\/06\/cropped-LOGO-DICODUSPORT-2020-SANS-FOND-SANS-TEXTE.png\",\"width\":512,\"height\":512,\"caption\":\"Dicodusport\"},\"image\":{\"@id\":\"https:\/\/dicodusport.fr\/blog\/#\/schema\/logo\/image\/\"},\"sameAs\":[\"https:\/\/www.facebook.com\/dicodusport\",\"https:\/\/x.com\/dicodusport\",\"https:\/\/www.instagram.com\/dicodusport\/\",\"https:\/\/www.youtube.com\/channel\/UC7V2KZ5sd3htJivAbA4ZG3w\"],\"description\":\"Dicodusport est l'encyclop\u00e9die de l'actualit\u00e9 sportive.\",\"email\":\"bonjour@dicodusport.fr\",\"legalName\":\"DICODUSPORT\",\"foundingDate\":\"2018-01-14\",\"vatID\":\"FR71834470973\",\"taxID\":\"83447097300043\",\"numberOfEmployees\":{\"@type\":\"QuantitativeValue\",\"minValue\":\"1\",\"maxValue\":\"10\"}},{\"@type\":\"Person\",\"@id\":\"https:\/\/dicodusport.fr\/blog\/#\/schema\/person\/d603dd7da31fb2b46c82b9835a77ec13\",\"name\":\"Etienne Goursaud\",\"image\":{\"@type\":\"ImageObject\",\"inLanguage\":\"fr-FR\",\"@id\":\"https:\/\/dicodusport.fr\/blog\/#\/schema\/person\/image\/\",\"url\":\"https:\/\/dicodusport.fr\/blog\/wp-content\/uploads\/2023\/12\/410122264_10231602061736049_5565839791558026645_n-150x150.jpg\",\"contentUrl\":\"https:\/\/dicodusport.fr\/blog\/wp-content\/uploads\/2023\/12\/410122264_10231602061736049_5565839791558026645_n-150x150.jpg\",\"caption\":\"Etienne Goursaud\"},\"description\":\"Journaliste et amoureux de sport. Ancien footballeur reconverti athl\u00e8te quand ses muscles le laissent tranquille. \u00c9lev\u00e9 \u00e0 la sauce des exploits de Thomas Voeckler en 2004, du dernier essai de l\u00e9gende de Eunice Barber \u00e0 la longueur lors des championnats du monde d'athl\u00e9tisme de 2003 mais aussi Zidane, Omeyer et Titou Lamaison.\",\"url\":\"https:\/\/dicodusport.fr\/blog\/author\/etienne-goursaud\/\"}]}<\/script>\n<!-- \/ Yoast SEO Premium plugin. -->","yoast_head_json":{"title":"[Vid\u00e9o] Wilhem Belocian (60 m haies) : \"Une m\u00e9daille qui signifie la pers\u00e9v\u00e9rance\"","description":"ATHL\u00c9TISME - Entretien vid\u00e9o avec Wilhem Belocian, vice-champion du monde du 60 m haies \u00e0 Nankin, lors des Mondiaux en salle.","robots":{"index":"index","follow":"follow","max-snippet":"max-snippet:-1","max-image-preview":"max-image-preview:large","max-video-preview":"max-video-preview:-1"},"canonical":"https:\/\/dicodusport.fr\/blog\/video-wilhem-belocian-60-m-haies-une-medaille-qui-signifie-la-perseverance\/","og_locale":"fr_FR","og_type":"article","og_title":"[Vid\u00e9o] Wilhem Belocian (60 m haies) : \"Une m\u00e9daille qui signifie la pers\u00e9v\u00e9rance\"","og_description":"ATHL\u00c9TISME - Entretien vid\u00e9o avec Wilhem Belocian, vice-champion du monde du 60 m haies \u00e0 Nankin, lors des Mondiaux en salle.","og_url":"https:\/\/dicodusport.fr\/blog\/video-wilhem-belocian-60-m-haies-une-medaille-qui-signifie-la-perseverance\/","og_site_name":"Dicodusport","article_publisher":"https:\/\/www.facebook.com\/dicodusport","article_published_time":"2025-03-26T14:00:49+00:00","og_image":[{"width":1200,"height":674,"url":"https:\/\/dicodusport.fr\/blog\/wp-content\/uploads\/2025\/03\/Video-Wilhem-Belocian-60-m-haies-Une-medaille-qui-signifie-la-perseverance.png","type":"image\/png"}],"author":"Etienne Goursaud","twitter_card":"summary_large_image","twitter_title":"[Vid\u00e9o] Wilhem Belocian (60 m haies) : \"Une m\u00e9daille qui signifie la pers\u00e9v\u00e9rance\"","twitter_creator":"@dicodusport","twitter_site":"@dicodusport","schema":{"@context":"https:\/\/schema.org","@graph":[{"@type":"NewsArticle","@id":"https:\/\/dicodusport.fr\/blog\/video-wilhem-belocian-60-m-haies-une-medaille-qui-signifie-la-perseverance\/#article","isPartOf":{"@id":"https:\/\/dicodusport.fr\/blog\/video-wilhem-belocian-60-m-haies-une-medaille-qui-signifie-la-perseverance\/"},"author":{"name":"Etienne Goursaud","@id":"https:\/\/dicodusport.fr\/blog\/#\/schema\/person\/d603dd7da31fb2b46c82b9835a77ec13"},"headline":"[Vid\u00e9o] Wilhem Belocian (60 m haies) : \u00ab\u00a0Une m\u00e9daille qui signifie la pers\u00e9v\u00e9rance\u00a0\u00bb","datePublished":"2025-03-26T14:00:49+00:00","mainEntityOfPage":{"@id":"https:\/\/dicodusport.fr\/blog\/video-wilhem-belocian-60-m-haies-une-medaille-qui-signifie-la-perseverance\/"},"wordCount":585,"commentCount":0,"publisher":{"@id":"https:\/\/dicodusport.fr\/blog\/#organization"},"image":{"@id":"https:\/\/dicodusport.fr\/blog\/video-wilhem-belocian-60-m-haies-une-medaille-qui-signifie-la-perseverance\/#primaryimage"},"thumbnailUrl":"https:\/\/dicodusport.fr\/blog\/wp-content\/uploads\/2025\/03\/Video-Wilhem-Belocian-60-m-haies-Une-medaille-qui-signifie-la-perseverance.png","keywords":["actu","Athl\u00e9tisme","br\u00e8ve","vid\u00e9o","Wilhem Belocian"],"articleSection":["Athl\u00e9tisme"],"inLanguage":"fr-FR","potentialAction":[{"@type":"CommentAction","name":"Comment","target":["https:\/\/dicodusport.fr\/blog\/video-wilhem-belocian-60-m-haies-une-medaille-qui-signifie-la-perseverance\/#respond"]}],"copyrightYear":"2025","copyrightHolder":{"@id":"https:\/\/dicodusport.fr\/blog\/#organization"}},{"@type":"WebPage","@id":"https:\/\/dicodusport.fr\/blog\/video-wilhem-belocian-60-m-haies-une-medaille-qui-signifie-la-perseverance\/","url":"https:\/\/dicodusport.fr\/blog\/video-wilhem-belocian-60-m-haies-une-medaille-qui-signifie-la-perseverance\/","name":"[Vid\u00e9o] Wilhem Belocian (60 m haies) : \"Une m\u00e9daille qui signifie la pers\u00e9v\u00e9rance\"","isPartOf":{"@id":"https:\/\/dicodusport.fr\/blog\/#website"},"primaryImageOfPage":{"@id":"https:\/\/dicodusport.fr\/blog\/video-wilhem-belocian-60-m-haies-une-medaille-qui-signifie-la-perseverance\/#primaryimage"},"image":{"@id":"https:\/\/dicodusport.fr\/blog\/video-wilhem-belocian-60-m-haies-une-medaille-qui-signifie-la-perseverance\/#primaryimage"},"thumbnailUrl":"https:\/\/dicodusport.fr\/blog\/wp-content\/uploads\/2025\/03\/Video-Wilhem-Belocian-60-m-haies-Une-medaille-qui-signifie-la-perseverance.png","datePublished":"2025-03-26T14:00:49+00:00","description":"ATHL\u00c9TISME - Entretien vid\u00e9o avec Wilhem Belocian, vice-champion du monde du 60 m haies \u00e0 Nankin, lors des Mondiaux en salle.","breadcrumb":{"@id":"https:\/\/dicodusport.fr\/blog\/video-wilhem-belocian-60-m-haies-une-medaille-qui-signifie-la-perseverance\/#breadcrumb"},"inLanguage":"fr-FR","potentialAction":[{"@type":"ReadAction","target":["https:\/\/dicodusport.fr\/blog\/video-wilhem-belocian-60-m-haies-une-medaille-qui-signifie-la-perseverance\/"]}]},{"@type":"ImageObject","inLanguage":"fr-FR","@id":"https:\/\/dicodusport.fr\/blog\/video-wilhem-belocian-60-m-haies-une-medaille-qui-signifie-la-perseverance\/#primaryimage","url":"https:\/\/dicodusport.fr\/blog\/wp-content\/uploads\/2025\/03\/Video-Wilhem-Belocian-60-m-haies-Une-medaille-qui-signifie-la-perseverance.png","contentUrl":"https:\/\/dicodusport.fr\/blog\/wp-content\/uploads\/2025\/03\/Video-Wilhem-Belocian-60-m-haies-Une-medaille-qui-signifie-la-perseverance.png","width":1200,"height":674,"caption":"[Vid\u00e9o] Wilhem Belocian (60 m haies) : \"Une m\u00e9daille qui signifie la pers\u00e9v\u00e9rance\""},{"@type":"BreadcrumbList","@id":"https:\/\/dicodusport.fr\/blog\/video-wilhem-belocian-60-m-haies-une-medaille-qui-signifie-la-perseverance\/#breadcrumb","itemListElement":[{"@type":"ListItem","position":1,"name":"Accueil","item":"https:\/\/dicodusport.fr\/blog\/"},{"@type":"ListItem","position":2,"name":"[Vid\u00e9o] Wilhem Belocian (60 m haies) : \u00ab\u00a0Une m\u00e9daille qui signifie la pers\u00e9v\u00e9rance\u00a0\u00bb"}]},{"@type":"WebSite","@id":"https:\/\/dicodusport.fr\/blog\/#website","url":"https:\/\/dicodusport.fr\/blog\/","name":"Dicodusport","description":"L&#039;encyclop\u00e9die de l&#039;actualit\u00e9 sportive","publisher":{"@id":"https:\/\/dicodusport.fr\/blog\/#organization"},"potentialAction":[{"@type":"SearchAction","target":{"@type":"EntryPoint","urlTemplate":"https:\/\/dicodusport.fr\/blog\/?s={search_term_string}"},"query-input":{"@type":"PropertyValueSpecification","valueRequired":true,"valueName":"search_term_string"}}],"inLanguage":"fr-FR"},{"@type":"NewsMediaOrganization","@id":"https:\/\/dicodusport.fr\/blog\/#organization","name":"Dicodusport","url":"https:\/\/dicodusport.fr\/blog\/","logo":{"@type":"ImageObject","inLanguage":"fr-FR","@id":"https:\/\/dicodusport.fr\/blog\/#\/schema\/logo\/image\/","url":"https:\/\/dicodusport.fr\/blog\/wp-content\/uploads\/2020\/06\/cropped-LOGO-DICODUSPORT-2020-SANS-FOND-SANS-TEXTE.png","contentUrl":"https:\/\/dicodusport.fr\/blog\/wp-content\/uploads\/2020\/06\/cropped-LOGO-DICODUSPORT-2020-SANS-FOND-SANS-TEXTE.png","width":512,"height":512,"caption":"Dicodusport"},"image":{"@id":"https:\/\/dicodusport.fr\/blog\/#\/schema\/logo\/image\/"},"sameAs":["https:\/\/www.facebook.com\/dicodusport","https:\/\/x.com\/dicodusport","https:\/\/www.instagram.com\/dicodusport\/","https:\/\/www.youtube.com\/channel\/UC7V2KZ5sd3htJivAbA4ZG3w"],"description":"Dicodusport est l'encyclop\u00e9die de l'actualit\u00e9 sportive.","email":"bonjour@dicodusport.fr","legalName":"DICODUSPORT","foundingDate":"2018-01-14","vatID":"FR71834470973","taxID":"83447097300043","numberOfEmployees":{"@type":"QuantitativeValue","minValue":"1","maxValue":"10"}},{"@type":"Person","@id":"https:\/\/dicodusport.fr\/blog\/#\/schema\/person\/d603dd7da31fb2b46c82b9835a77ec13","name":"Etienne Goursaud","image":{"@type":"ImageObject","inLanguage":"fr-FR","@id":"https:\/\/dicodusport.fr\/blog\/#\/schema\/person\/image\/","url":"https:\/\/dicodusport.fr\/blog\/wp-content\/uploads\/2023\/12\/410122264_10231602061736049_5565839791558026645_n-150x150.jpg","contentUrl":"https:\/\/dicodusport.fr\/blog\/wp-content\/uploads\/2023\/12\/410122264_10231602061736049_5565839791558026645_n-150x150.jpg","caption":"Etienne Goursaud"},"description":"Journaliste et amoureux de sport. Ancien footballeur reconverti athl\u00e8te quand ses muscles le laissent tranquille. \u00c9lev\u00e9 \u00e0 la sauce des exploits de Thomas Voeckler en 2004, du dernier essai de l\u00e9gende de Eunice Barber \u00e0 la longueur lors des championnats du monde d'athl\u00e9tisme de 2003 mais aussi Zidane, Omeyer et Titou Lamaison.","url":"https:\/\/dicodusport.fr\/blog\/author\/etienne-goursaud\/"}]}},"_links":{"self":[{"href":"https:\/\/dicodusport.fr\/blog\/wp-json\/wp\/v2\/posts\/567337","targetHints":{"allow":["GET"]}}],"collection":[{"href":"https:\/\/dicodusport.fr\/blog\/wp-json\/wp\/v2\/posts"}],"about":[{"href":"https:\/\/dicodusport.fr\/blog\/wp-json\/wp\/v2\/types\/post"}],"author":[{"embeddable":true,"href":"https:\/\/dicodusport.fr\/blog\/wp-json\/wp\/v2\/users\/83"}],"replies":[{"embeddable":true,"href":"https:\/\/dicodusport.fr\/blog\/wp-json\/wp\/v2\/comments?post=567337"}],"version-history":[{"count":3,"href":"https:\/\/dicodusport.fr\/blog\/wp-json\/wp\/v2\/posts\/567337\/revisions"}],"predecessor-version":[{"id":567488,"href":"https:\/\/dicodusport.fr\/blog\/wp-json\/wp\/v2\/posts\/567337\/revisions\/567488"}],"wp:featuredmedia":[{"embeddable":true,"href":"https:\/\/dicodusport.fr\/blog\/wp-json\/wp\/v2\/media\/567365"}],"wp:attachment":[{"href":"https:\/\/dicodusport.fr\/blog\/wp-json\/wp\/v2\/media?parent=567337"}],"wp:term":[{"taxonomy":"category","embeddable":true,"href":"https:\/\/dicodusport.fr\/blog\/wp-json\/wp\/v2\/categories?post=567337"},{"taxonomy":"post_tag","embeddable":true,"href":"https:\/\/dicodusport.fr\/blog\/wp-json\/wp\/v2\/tags?post=567337"}],"curies":[{"name":"wp","href":"https:\/\/api.w.org\/{rel}","templated":true}]}}