{"id":567490,"date":"2025-03-30T11:18:50","date_gmt":"2025-03-30T09:18:50","guid":{"rendered":"https:\/\/dicodusport.fr\/blog\/?p=567490&#038;preview=true&#038;preview_id=567490"},"modified":"2025-03-30T11:18:32","modified_gmt":"2025-03-30T09:18:32","slug":"gand-wevelgem-2025-parcours-detaille-et-profil","status":"publish","type":"post","link":"https:\/\/dicodusport.fr\/blog\/gand-wevelgem-2025-parcours-detaille-et-profil\/","title":{"rendered":"Gand-Wevelgem 2025 : Profil et Parcours"},"content":{"rendered":"<h4 style=\"text-align: justify;\"><em>Retrouvez le parcours d\u00e9taill\u00e9 et le profil de Gand-Wevelgem 2025, qui se d\u00e9roule ce dimanche 30 mars 2025 entre Ieper et Wevelgem (250,5 km).<\/em><\/h4>\n<ul>\n<li style=\"text-align: justify;\"><strong>\u00c0 ce sujet &#8211; <a href=\"https:\/\/dicodusport.fr\/blog\/gand-wevelgem-2025-les-favoris-et-outsiders\/\">Gand-Wevelgem 2025 : Les favoris et outsiders<\/a>\u00a0<\/strong><\/li>\n<\/ul>\n<p style=\"text-align: justify;\"><span class=\"tojvnm2t a6sixzi8 abs2jz4q a8s20v7p t1p8iaqh k5wvi7nf q3lfd5jv pk4s997a bipmatt0 cebpdrjk qowsmv63 owwhemhu dp1hu0rb dhp61c6y iyyx5f41\">Deux jours apr\u00e8s le <a href=\"https:\/\/dicodusport.fr\/blog\/gp-e3-saxo-classic-2025-parcours-detaille-profil-et-favoris\/\">Grand Prix E3 Saxo Classic<\/a>, les sp\u00e9cialistes des Flandriennes se retrouveront pour se jauger une avant-derni\u00e8re fois avant le Tour des Flandres, avec la <strong>87\u00e8me \u00e9dition de Gand-Wevelgem<\/strong> qui se tiendra ce dimanche 30 mars 2025. Parcours complet et profil de la course.<\/span><\/p>\n<ul>\n<li style=\"text-align: justify;\"><strong>\u00c0 ce sujet &#8211; <a href=\"https:\/\/dicodusport.fr\/blog\/actualites\/cyclisme\/cyclisme-sur-route-2025\/\">L&rsquo;actualit\u00e9 du cyclisme sur route<\/a><\/strong><\/li>\n<\/ul>\n<h2 style=\"text-align: justify;\"><span class=\"tojvnm2t a6sixzi8 abs2jz4q a8s20v7p t1p8iaqh k5wvi7nf q3lfd5jv pk4s997a bipmatt0 cebpdrjk qowsmv63 owwhemhu dp1hu0rb dhp61c6y iyyx5f41\">Historique de Gand-Wevelgem<\/span><\/h2>\n<p style=\"text-align: justify;\"><span class=\"tojvnm2t a6sixzi8 abs2jz4q a8s20v7p t1p8iaqh k5wvi7nf q3lfd5jv pk4s997a bipmatt0 cebpdrjk qowsmv63 owwhemhu dp1hu0rb dhp61c6y iyyx5f41\"><strong>Gent-Wevelgem<\/strong> trouve ses origines en 1934, lorsque <strong>Gerhard Margodt<\/strong> et <strong>Georges Matthys<\/strong> se sont rencontr\u00e9s. Les deux organiseront la course pendant des ann\u00e9es et resteront impliqu\u00e9s avec Gent-Wevelgem bien apr\u00e8s leur retraite. De nombreuses fois, le parcours a \u00e9t\u00e9 modifi\u00e9 avec des passages le long de la c\u00f4te de la mer du Nord, les monts flandriens et m\u00eame les Ardennes fran\u00e7aises. En 1961, une course de deux jours \u00e9tait organis\u00e9e au d\u00e9part d&rsquo;Anvers. La course a toujours eu lieu en dehors des ann\u00e9es de guerre (1940-1944). Apr\u00e8s avoir \u00e9t\u00e9 une course pour les juniors suite \u00e0 la Seconde Guerre mondiale, Gent-Wevelgem est devenu une course professionnelle \u00e0 part enti\u00e8re. <\/span><\/p>\n<p style=\"text-align: justify;\"><span class=\"tojvnm2t a6sixzi8 abs2jz4q a8s20v7p t1p8iaqh k5wvi7nf q3lfd5jv pk4s997a bipmatt0 cebpdrjk qowsmv63 owwhemhu dp1hu0rb dhp61c6y iyyx5f41\">Au palmar\u00e8s, figurent des grands noms du cyclisme belge : Marcel Kint, Briek Schotte (deux fois), Raymond Impanis (deux fois \u00e9galement), Rik Van Looy (trois fois vainqueur, co-recordman), Herman Van Springel, bien s\u00fbr Eddy Merckx (trois fois \u00e9galement), Walter Godefroot et Freddy Maertens (\u00e0 deux reprises) sans oublier Tom Boonen. N\u00e9anmoins, de beaux noms du cyclisme mondial (autres que Belges) ont aussi glan\u00e9 cette classique : Jacques Anquetil (1964), Barry Hoban (1974), Bernard Hinault (1977), Francesco Moser (1979), Jan Raas, Peter Sagan et Mario Cipollini. <\/span><\/p>\n<p style=\"text-align: justify;\"><span class=\"tojvnm2t a6sixzi8 abs2jz4q a8s20v7p t1p8iaqh k5wvi7nf q3lfd5jv pk4s997a bipmatt0 cebpdrjk qowsmv63 owwhemhu dp1hu0rb dhp61c6y iyyx5f41\">De plus, la course <strong>Gand-Wevelgem<\/strong> est aussi li\u00e9e \u00e0 <strong>Antoine Demoiti\u00e9<\/strong>. Le Belge, alors \u00e2g\u00e9 de 25 ans, est d\u00e9c\u00e9d\u00e9 le 27 mars 2016 des suites d&rsquo;une collision avec un motard, apr\u00e8s 115 kilom\u00e8tres de course. Il a \u00e9t\u00e9 transport\u00e9 \u00e0 l&rsquo;h\u00f4pital de Lille, en France, dans un \u00e9tat critique, et a rendu son dernier soupir la nuit suivante.<\/span><\/p>\n<div class=\"vlp-link-container vlp-layout-article\"><a href=\"https:\/\/dicodusport.fr\/blog\/gand-wevelgem-2024-mads-pedersen-soffre-mathieu-van-der-poel\/\" class=\"vlp-link\" title=\"Gand-Wevelgem 2024 : Mads Pedersen s&#039;offre Mathieu van der Poel\"><\/a><div class=\"vlp-layout-zone-side\"><div class=\"vlp-block-4 vlp-link-image\"><img loading=\"lazy\" decoding=\"async\" style=\"max-width: 792px;\" width=\"792\" height=\"445\" src=\"https:\/\/dicodusport.fr\/blog\/wp-content\/uploads\/2024\/03\/Gand-Wevelgem-2024-Mads-Pedersen-soffre-Mathieu-van-der-Poel-1.png\" class=\"attachment-800x445 size-800x445\" alt=\"Gand-Wevelgem 2024 Mads Pedersen s&#039;offre Mathieu van der Poel (1)\" srcset=\"https:\/\/dicodusport.fr\/blog\/wp-content\/uploads\/2024\/03\/Gand-Wevelgem-2024-Mads-Pedersen-soffre-Mathieu-van-der-Poel-1.png 1200w, https:\/\/dicodusport.fr\/blog\/wp-content\/uploads\/2024\/03\/Gand-Wevelgem-2024-Mads-Pedersen-soffre-Mathieu-van-der-Poel-1-300x169.png 300w, https:\/\/dicodusport.fr\/blog\/wp-content\/uploads\/2024\/03\/Gand-Wevelgem-2024-Mads-Pedersen-soffre-Mathieu-van-der-Poel-1-1024x575.png 1024w, https:\/\/dicodusport.fr\/blog\/wp-content\/uploads\/2024\/03\/Gand-Wevelgem-2024-Mads-Pedersen-soffre-Mathieu-van-der-Poel-1-768x431.png 768w\" sizes=\"auto, (max-width: 792px) 100vw, 792px\" \/><\/div><\/div><div class=\"vlp-layout-zone-main\"><div class=\"vlp-block-0 vlp-link-title\">Gand-Wevelgem 2024 : Mads Pedersen s'offre Mathieu van der Poel<\/div><div class=\"vlp-block-1 vlp-link-summary\">GAND-WEVELGEM 2024 - Mads Pedersen (Lidl-Trek) s'est impos\u00e9 sur la 86e \u00e9dition de Gand-Wevelgem en battant au sprint Mathieu van der Poel.<\/div><div class=\"vlp-block-2 vlp-link-button\">Lire l'article<\/div><div class=\"vlp-block-3 vlp-link-url\">dicodusport.fr<\/div><\/div><\/div>\n<h2 style=\"text-align: justify;\"><span class=\"tojvnm2t a6sixzi8 abs2jz4q a8s20v7p t1p8iaqh k5wvi7nf q3lfd5jv pk4s997a bipmatt0 cebpdrjk qowsmv63 owwhemhu dp1hu0rb dhp61c6y iyyx5f41\">Parcours et profil de Gand-Wevelgem 2025<\/span><\/h2>\n<p style=\"text-align: justify;\"><span class=\"tojvnm2t a6sixzi8 abs2jz4q a8s20v7p t1p8iaqh k5wvi7nf q3lfd5jv pk4s997a bipmatt0 cebpdrjk qowsmv63 owwhemhu dp1hu0rb dhp61c6y iyyx5f41\">Pas de d\u00e9part \u00e0 Gand cette ann\u00e9e, Ypres sera le lieu de d\u00e9part de cette 87\u00e8me \u00e9dition, longue de 250,3 kilom\u00e8tres dont 150 premiers plats. Apr\u00e8s un d\u00e9part \u00e0 10h40, les coureurs prendront la direction du nord avec de grandes lignes droites par <strong>Gullegem<\/strong>, <strong>Moorslede<\/strong>, <strong>Diksmuide,<\/strong>\u00a0et jusqu&rsquo;\u00e0 <strong>Veurne<\/strong>. Puis, les coureurs tourneront \u00e0 gauche pour atteindre De Moeren pour un secteur propice aux bordures. Ensuite, cap au sud avec toujours de nombreuses lignes droites, mais deux secteurs pav\u00e9s du <strong>Beauvoordstraat\u00a0<\/strong>et <strong>Veurnestraat,<\/strong> apr\u00e8s plus de 100 km de course, avant de revenir sur <strong>Ypres.<\/strong>\u00a0<\/span><\/p>\n<p style=\"text-align: justify;\"><span class=\"tojvnm2t a6sixzi8 abs2jz4q a8s20v7p t1p8iaqh k5wvi7nf q3lfd5jv pk4s997a bipmatt0 cebpdrjk qowsmv63 owwhemhu dp1hu0rb dhp61c6y iyyx5f41\">Les coureurs p\u00e9n\u00e9treront par la suite dans le secteur des difficult\u00e9s. Il va falloir faire face aux pentes du roulant <strong>Scherpenberg<\/strong> (0,7 km \u00e0 3,1%), du <strong>Baneberg <\/strong>(300 m \u00e0 4,5 %), du <strong>Monteberg<\/strong> (1 km \u00e0 5,4 %) et du <strong>Kemmelberg<\/strong> par la mont\u00e9e du Belv\u00e9d\u00e8re (0,4 km \u00e0 10,7 %). Par la suite, les coureurs quitteront la Flandre Occidentale pour une boucle \u00e0 travers le Hainaut en descendant sur Mesen afin d&rsquo;atteindre les <strong>Plugstreets<\/strong> : des routes de gravier semi-pav\u00e9es au M\u00e9morial des disparus de Ploegsteert, pour comm\u00e9morer la tr\u00eave de No\u00ebl de 1914. Trois plugstreets seront travers\u00e9s : Hill 63, Christmas Truce et The Catacombs.\u00a0<\/span><\/p>\n<p style=\"text-align: justify;\"><span class=\"tojvnm2t a6sixzi8 abs2jz4q a8s20v7p t1p8iaqh k5wvi7nf q3lfd5jv pk4s997a bipmatt0 cebpdrjk qowsmv63 owwhemhu dp1hu0rb dhp61c6y iyyx5f41\">Ensuite, les concurrents reprendront la direction de la Flandre Occidentale pour retrouver les monts avec, \u00e0 nouveau, le <strong>Monteberg<\/strong> (1 km \u00e0 5,4 %), le <strong>Kemmelberg<\/strong> par la mont\u00e9e du Belv\u00e9d\u00e8re (0,4 km \u00e0 10,7 %), le <strong>Scherpenberg<\/strong> (0,7 km \u00e0 3,1 %), le <strong>Baneberg<\/strong> (0,3 km \u00e0 4,5 %) et surtout la troisi\u00e8me ascension du <strong>Kemmelberg<\/strong>, mais par son versant de l\u2019Ossuaire, en hommage aux soldats fran\u00e7ais tu\u00e9s en 1918 en d\u00e9fendant la colline lors de la Premi\u00e8re Guerre mondiale. Ce versant sera long de 600 m\u00e8tres et sera pentu avec un pourcentage moyen de 10,9 % de moyenne, dont un passage \u00e0 20 %. Les coureurs auront encore 34 kilom\u00e8tres de plaine \u00e0 parcourir pour rejoindre <strong>Wevelgem,<\/strong> avec de longues lignes droites. L&rsquo;arriv\u00e9e sera jug\u00e9e vers 16h20.<\/span><\/p>\n<h2 style=\"text-align: justify;\">Profil de Gand-Wevelgem 2025<\/h2>\n<div id=\"attachment_568198\" style=\"width: 1546px\" class=\"wp-caption aligncenter\"><a href=\"https:\/\/dicodusport.fr\/blog\/wp-content\/uploads\/2025\/03\/Profil-Gand-Wevelgem-2025.webp\"><img loading=\"lazy\" decoding=\"async\" aria-describedby=\"caption-attachment-568198\" class=\"size-full wp-image-568198\" src=\"https:\/\/dicodusport.fr\/blog\/wp-content\/uploads\/2025\/03\/Profil-Gand-Wevelgem-2025.webp\" alt=\"Profil Gand-Wevelgem 2025\" width=\"1536\" height=\"696\" srcset=\"https:\/\/dicodusport.fr\/blog\/wp-content\/uploads\/2025\/03\/Profil-Gand-Wevelgem-2025.webp 1536w, https:\/\/dicodusport.fr\/blog\/wp-content\/uploads\/2025\/03\/Profil-Gand-Wevelgem-2025-300x136.webp 300w, https:\/\/dicodusport.fr\/blog\/wp-content\/uploads\/2025\/03\/Profil-Gand-Wevelgem-2025-1024x464.webp 1024w, https:\/\/dicodusport.fr\/blog\/wp-content\/uploads\/2025\/03\/Profil-Gand-Wevelgem-2025-768x348.webp 768w\" sizes=\"auto, (max-width: 1536px) 100vw, 1536px\" \/><\/a><p id=\"caption-attachment-568198\" class=\"wp-caption-text\">Profil Gand-Wevelgem 2025<\/p><\/div>\n<h2 style=\"text-align: justify;\">Palmar\u00e8s de Gand-Wevelgem<\/h2>\n<p style=\"text-align: justify;\"><strong>2024 :\u00a0<\/strong>Mads Pedersen &#8211; <a href=\"https:\/\/dicodusport.fr\/blog\/classement-gand-wevelgem-2024\/\"><em>Classement de la course<\/em><\/a><\/p>\n<p style=\"text-align: justify;\"><strong>2023 :<\/strong> Christophe Laporte &#8211; <a href=\"https:\/\/dicodusport.fr\/blog\/classement-gand-wevelgem-2023\/\"><em>Classement de la course<\/em><\/a><\/p>\n<p style=\"text-align: justify;\"><span class=\"tojvnm2t a6sixzi8 abs2jz4q a8s20v7p t1p8iaqh k5wvi7nf q3lfd5jv pk4s997a bipmatt0 cebpdrjk qowsmv63 owwhemhu dp1hu0rb dhp61c6y iyyx5f41\"><strong>2022 :<\/strong> Biniam Girmay &#8211; <a href=\"https:\/\/dicodusport.fr\/blog\/gand-wevelgem-2022-le-classement\/\"><em>Classement de la course<\/em><\/a><\/span><\/p>\n<p style=\"text-align: justify;\"><span class=\"tojvnm2t a6sixzi8 abs2jz4q a8s20v7p t1p8iaqh k5wvi7nf q3lfd5jv pk4s997a bipmatt0 cebpdrjk qowsmv63 owwhemhu dp1hu0rb dhp61c6y iyyx5f41\"><strong>2021 :<\/strong> Wout Van Aert &#8211; <a href=\"https:\/\/dicodusport.fr\/blog\/gand-wevelgem-2021-classement-course\/\"><em>Classement de la course<\/em><\/a><\/span><\/p>\n<p style=\"text-align: justify;\"><span class=\"tojvnm2t a6sixzi8 abs2jz4q a8s20v7p t1p8iaqh k5wvi7nf q3lfd5jv pk4s997a bipmatt0 cebpdrjk qowsmv63 owwhemhu dp1hu0rb dhp61c6y iyyx5f41\"><strong>2020 :<\/strong> Mads Pedersen <\/span><\/p>\n<p style=\"text-align: justify;\"><span class=\"tojvnm2t a6sixzi8 abs2jz4q a8s20v7p t1p8iaqh k5wvi7nf q3lfd5jv pk4s997a bipmatt0 cebpdrjk qowsmv63 owwhemhu dp1hu0rb dhp61c6y iyyx5f41\"><strong>2019 :<\/strong> Alexander Kristoff <\/span><\/p>\n<p style=\"text-align: justify;\"><span class=\"tojvnm2t a6sixzi8 abs2jz4q a8s20v7p t1p8iaqh k5wvi7nf q3lfd5jv pk4s997a bipmatt0 cebpdrjk qowsmv63 owwhemhu dp1hu0rb dhp61c6y iyyx5f41\"><strong>2018 :<\/strong> Peter Sagan <\/span><\/p>\n<p style=\"text-align: justify;\"><span class=\"tojvnm2t a6sixzi8 abs2jz4q a8s20v7p t1p8iaqh k5wvi7nf q3lfd5jv pk4s997a bipmatt0 cebpdrjk qowsmv63 owwhemhu dp1hu0rb dhp61c6y iyyx5f41\"><strong>2017 :<\/strong> Greg Van Avermaet <\/span><\/p>\n<p style=\"text-align: justify;\"><span class=\"tojvnm2t a6sixzi8 abs2jz4q a8s20v7p t1p8iaqh k5wvi7nf q3lfd5jv pk4s997a bipmatt0 cebpdrjk qowsmv63 owwhemhu dp1hu0rb dhp61c6y iyyx5f41\"><strong>2016 :<\/strong> Peter Sagan <\/span><\/p>\n<p style=\"text-align: justify;\"><span class=\"tojvnm2t a6sixzi8 abs2jz4q a8s20v7p t1p8iaqh k5wvi7nf q3lfd5jv pk4s997a bipmatt0 cebpdrjk qowsmv63 owwhemhu dp1hu0rb dhp61c6y iyyx5f41\"><strong>2015 :<\/strong> Luca Paolini <\/span><\/p>\n<p style=\"text-align: justify;\"><span class=\"tojvnm2t a6sixzi8 abs2jz4q a8s20v7p t1p8iaqh k5wvi7nf q3lfd5jv pk4s997a bipmatt0 cebpdrjk qowsmv63 owwhemhu dp1hu0rb dhp61c6y iyyx5f41\"><strong>2014 :<\/strong> John Degenkolb <\/span><\/p>\n<p style=\"text-align: justify;\"><span class=\"tojvnm2t a6sixzi8 abs2jz4q a8s20v7p t1p8iaqh k5wvi7nf q3lfd5jv pk4s997a bipmatt0 cebpdrjk qowsmv63 owwhemhu dp1hu0rb dhp61c6y iyyx5f41\"><strong>2013 :<\/strong> Peter Sagan <\/span><\/p>\n<p style=\"text-align: justify;\"><span class=\"tojvnm2t a6sixzi8 abs2jz4q a8s20v7p t1p8iaqh k5wvi7nf q3lfd5jv pk4s997a bipmatt0 cebpdrjk qowsmv63 owwhemhu dp1hu0rb dhp61c6y iyyx5f41\"><strong>2012 :<\/strong> Tom Boonen <\/span><\/p>\n<p style=\"text-align: justify;\"><span class=\"tojvnm2t a6sixzi8 abs2jz4q a8s20v7p t1p8iaqh k5wvi7nf q3lfd5jv pk4s997a bipmatt0 cebpdrjk qowsmv63 owwhemhu dp1hu0rb dhp61c6y iyyx5f41\"><strong>2011 :<\/strong> Tom Boonen<\/span><\/p>\n<p>&nbsp;<\/p>\n","protected":false},"excerpt":{"rendered":"<p>Retrouvez le parcours d\u00e9taill\u00e9 et le profil de Gand-Wevelgem 2025, qui se d\u00e9roule ce dimanche 30 mars 2025 entre Ieper et Wevelgem (250,5 km).<\/p>\n","protected":false},"author":48,"featured_media":568197,"comment_status":"open","ping_status":"closed","sticky":false,"template":"","format":"standard","meta":{"_acf_changed":false,"_daextam_enable_autolinks":"1","footnotes":""},"categories":[46994],"tags":[3119,16878,4283],"class_list":["post-567490","post","type-post","status-publish","format-standard","has-post-thumbnail","hentry","category-cyclisme-sur-route","tag-actualite-cyclisme","tag-breve","tag-gand-wevelgem"],"acf":[],"yoast_head":"<!-- This site is optimized with the Yoast SEO Premium plugin v26.7 (Yoast SEO v26.7) - https:\/\/yoast.com\/wordpress\/plugins\/seo\/ -->\n<title>Gand-Wevelgem 2025 : Profil et Parcours<\/title>\n<meta name=\"description\" content=\"Retrouvez le parcours d\u00e9taill\u00e9 et le profil de Gand-Wevelgem 2025, qui se d\u00e9roule ce dimanche 30 mars 2025 entre Ieper et Wevelgem (250,5 km).\" \/>\n<meta name=\"robots\" content=\"index, follow, max-snippet:-1, max-image-preview:large, max-video-preview:-1\" \/>\n<link rel=\"canonical\" href=\"https:\/\/dicodusport.fr\/blog\/gand-wevelgem-2025-parcours-detaille-et-profil\/\" \/>\n<meta property=\"og:locale\" content=\"fr_FR\" \/>\n<meta property=\"og:type\" content=\"article\" \/>\n<meta property=\"og:title\" content=\"Gand-Wevelgem 2025 : Profil et Parcours\" \/>\n<meta property=\"og:description\" content=\"Retrouvez le parcours d\u00e9taill\u00e9 et le profil de Gand-Wevelgem 2025, qui se d\u00e9roule ce dimanche 30 mars 2025 entre Ieper et Wevelgem (250,5 km).\" \/>\n<meta property=\"og:url\" content=\"https:\/\/dicodusport.fr\/blog\/gand-wevelgem-2025-parcours-detaille-et-profil\/\" \/>\n<meta property=\"og:site_name\" content=\"Dicodusport\" \/>\n<meta property=\"article:publisher\" content=\"https:\/\/www.facebook.com\/dicodusport\" \/>\n<meta property=\"article:author\" content=\"https:\/\/www.facebook.com\/groups\/LesRoisDuPeloton\" \/>\n<meta property=\"article:published_time\" content=\"2025-03-30T09:18:50+00:00\" \/>\n<meta property=\"og:image\" content=\"https:\/\/dicodusport.fr\/blog\/wp-content\/uploads\/2025\/03\/Gand-Wevelgem-2025-Parcours-detaille-et-profil.png\" \/>\n\t<meta property=\"og:image:width\" content=\"1200\" \/>\n\t<meta property=\"og:image:height\" content=\"674\" \/>\n\t<meta property=\"og:image:type\" content=\"image\/png\" \/>\n<meta name=\"author\" content=\"Emilien Descampiaux\" \/>\n<meta name=\"twitter:card\" content=\"summary_large_image\" \/>\n<meta name=\"twitter:title\" content=\"Gand-Wevelgem 2025 : Profil et Parcours\" \/>\n<meta name=\"twitter:creator\" content=\"@https:\/\/twitter.com\/LRoisDuPeloton\" \/>\n<meta name=\"twitter:site\" content=\"@dicodusport\" \/>\n<script type=\"application\/ld+json\" class=\"yoast-schema-graph\">{\"@context\":\"https:\/\/schema.org\",\"@graph\":[{\"@type\":\"NewsArticle\",\"@id\":\"https:\/\/dicodusport.fr\/blog\/gand-wevelgem-2025-parcours-detaille-et-profil\/#article\",\"isPartOf\":{\"@id\":\"https:\/\/dicodusport.fr\/blog\/gand-wevelgem-2025-parcours-detaille-et-profil\/\"},\"author\":{\"name\":\"Emilien Descampiaux\",\"@id\":\"https:\/\/dicodusport.fr\/blog\/#\/schema\/person\/6db4bae06b171592211be385b32876a7\"},\"headline\":\"Gand-Wevelgem 2025 : Profil et Parcours\",\"datePublished\":\"2025-03-30T09:18:50+00:00\",\"mainEntityOfPage\":{\"@id\":\"https:\/\/dicodusport.fr\/blog\/gand-wevelgem-2025-parcours-detaille-et-profil\/\"},\"wordCount\":821,\"commentCount\":0,\"publisher\":{\"@id\":\"https:\/\/dicodusport.fr\/blog\/#organization\"},\"image\":{\"@id\":\"https:\/\/dicodusport.fr\/blog\/gand-wevelgem-2025-parcours-detaille-et-profil\/#primaryimage\"},\"thumbnailUrl\":\"https:\/\/dicodusport.fr\/blog\/wp-content\/uploads\/2025\/03\/Gand-Wevelgem-2025-Parcours-detaille-et-profil.png\",\"keywords\":[\"Actualit\u00e9 Cyclisme\",\"br\u00e8ve\",\"Gand-Wevelgem\"],\"articleSection\":[\"Cyclisme sur route\"],\"inLanguage\":\"fr-FR\",\"potentialAction\":[{\"@type\":\"CommentAction\",\"name\":\"Comment\",\"target\":[\"https:\/\/dicodusport.fr\/blog\/gand-wevelgem-2025-parcours-detaille-et-profil\/#respond\"]}],\"copyrightYear\":\"2025\",\"copyrightHolder\":{\"@id\":\"https:\/\/dicodusport.fr\/blog\/#organization\"}},{\"@type\":\"WebPage\",\"@id\":\"https:\/\/dicodusport.fr\/blog\/gand-wevelgem-2025-parcours-detaille-et-profil\/\",\"url\":\"https:\/\/dicodusport.fr\/blog\/gand-wevelgem-2025-parcours-detaille-et-profil\/\",\"name\":\"Gand-Wevelgem 2025 : Profil et Parcours\",\"isPartOf\":{\"@id\":\"https:\/\/dicodusport.fr\/blog\/#website\"},\"primaryImageOfPage\":{\"@id\":\"https:\/\/dicodusport.fr\/blog\/gand-wevelgem-2025-parcours-detaille-et-profil\/#primaryimage\"},\"image\":{\"@id\":\"https:\/\/dicodusport.fr\/blog\/gand-wevelgem-2025-parcours-detaille-et-profil\/#primaryimage\"},\"thumbnailUrl\":\"https:\/\/dicodusport.fr\/blog\/wp-content\/uploads\/2025\/03\/Gand-Wevelgem-2025-Parcours-detaille-et-profil.png\",\"datePublished\":\"2025-03-30T09:18:50+00:00\",\"description\":\"Retrouvez le parcours d\u00e9taill\u00e9 et le profil de Gand-Wevelgem 2025, qui se d\u00e9roule ce dimanche 30 mars 2025 entre Ieper et Wevelgem (250,5 km).\",\"breadcrumb\":{\"@id\":\"https:\/\/dicodusport.fr\/blog\/gand-wevelgem-2025-parcours-detaille-et-profil\/#breadcrumb\"},\"inLanguage\":\"fr-FR\",\"potentialAction\":[{\"@type\":\"ReadAction\",\"target\":[\"https:\/\/dicodusport.fr\/blog\/gand-wevelgem-2025-parcours-detaille-et-profil\/\"]}]},{\"@type\":\"ImageObject\",\"inLanguage\":\"fr-FR\",\"@id\":\"https:\/\/dicodusport.fr\/blog\/gand-wevelgem-2025-parcours-detaille-et-profil\/#primaryimage\",\"url\":\"https:\/\/dicodusport.fr\/blog\/wp-content\/uploads\/2025\/03\/Gand-Wevelgem-2025-Parcours-detaille-et-profil.png\",\"contentUrl\":\"https:\/\/dicodusport.fr\/blog\/wp-content\/uploads\/2025\/03\/Gand-Wevelgem-2025-Parcours-detaille-et-profil.png\",\"width\":1200,\"height\":674,\"caption\":\"Gand-Wevelgem 2025 Parcours d\u00e9taill\u00e9 et profil\"},{\"@type\":\"BreadcrumbList\",\"@id\":\"https:\/\/dicodusport.fr\/blog\/gand-wevelgem-2025-parcours-detaille-et-profil\/#breadcrumb\",\"itemListElement\":[{\"@type\":\"ListItem\",\"position\":1,\"name\":\"Accueil\",\"item\":\"https:\/\/dicodusport.fr\/blog\/\"},{\"@type\":\"ListItem\",\"position\":2,\"name\":\"Gand-Wevelgem 2025 : Profil et Parcours\"}]},{\"@type\":\"WebSite\",\"@id\":\"https:\/\/dicodusport.fr\/blog\/#website\",\"url\":\"https:\/\/dicodusport.fr\/blog\/\",\"name\":\"Dicodusport\",\"description\":\"L&#039;encyclop\u00e9die de l&#039;actualit\u00e9 sportive\",\"publisher\":{\"@id\":\"https:\/\/dicodusport.fr\/blog\/#organization\"},\"potentialAction\":[{\"@type\":\"SearchAction\",\"target\":{\"@type\":\"EntryPoint\",\"urlTemplate\":\"https:\/\/dicodusport.fr\/blog\/?s={search_term_string}\"},\"query-input\":{\"@type\":\"PropertyValueSpecification\",\"valueRequired\":true,\"valueName\":\"search_term_string\"}}],\"inLanguage\":\"fr-FR\"},{\"@type\":\"NewsMediaOrganization\",\"@id\":\"https:\/\/dicodusport.fr\/blog\/#organization\",\"name\":\"Dicodusport\",\"url\":\"https:\/\/dicodusport.fr\/blog\/\",\"logo\":{\"@type\":\"ImageObject\",\"inLanguage\":\"fr-FR\",\"@id\":\"https:\/\/dicodusport.fr\/blog\/#\/schema\/logo\/image\/\",\"url\":\"https:\/\/dicodusport.fr\/blog\/wp-content\/uploads\/2020\/06\/cropped-LOGO-DICODUSPORT-2020-SANS-FOND-SANS-TEXTE.png\",\"contentUrl\":\"https:\/\/dicodusport.fr\/blog\/wp-content\/uploads\/2020\/06\/cropped-LOGO-DICODUSPORT-2020-SANS-FOND-SANS-TEXTE.png\",\"width\":512,\"height\":512,\"caption\":\"Dicodusport\"},\"image\":{\"@id\":\"https:\/\/dicodusport.fr\/blog\/#\/schema\/logo\/image\/\"},\"sameAs\":[\"https:\/\/www.facebook.com\/dicodusport\",\"https:\/\/x.com\/dicodusport\",\"https:\/\/www.instagram.com\/dicodusport\/\",\"https:\/\/www.youtube.com\/channel\/UC7V2KZ5sd3htJivAbA4ZG3w\"],\"description\":\"Dicodusport est l'encyclop\u00e9die de l'actualit\u00e9 sportive.\",\"email\":\"bonjour@dicodusport.fr\",\"legalName\":\"DICODUSPORT\",\"foundingDate\":\"2018-01-14\",\"vatID\":\"FR71834470973\",\"taxID\":\"83447097300043\",\"numberOfEmployees\":{\"@type\":\"QuantitativeValue\",\"minValue\":\"1\",\"maxValue\":\"10\"}},{\"@type\":\"Person\",\"@id\":\"https:\/\/dicodusport.fr\/blog\/#\/schema\/person\/6db4bae06b171592211be385b32876a7\",\"name\":\"Emilien Descampiaux\",\"image\":{\"@type\":\"ImageObject\",\"inLanguage\":\"fr-FR\",\"@id\":\"https:\/\/dicodusport.fr\/blog\/#\/schema\/person\/image\/\",\"url\":\"https:\/\/dicodusport.fr\/blog\/wp-content\/uploads\/2021\/05\/Emilien-Descampiaux-150x150.jpg\",\"contentUrl\":\"https:\/\/dicodusport.fr\/blog\/wp-content\/uploads\/2021\/05\/Emilien-Descampiaux-150x150.jpg\",\"caption\":\"Emilien Descampiaux\"},\"description\":\"Journaliste\/r\u00e9dacteur depuis 2014 - Fan de la classe de Frank Vandenbroucke, je vis cyclisme (et de ses paysages) depuis plus de 20 ans. Je suis tr\u00e8s impliqu\u00e9 sur mes diff\u00e9rents r\u00e9seaux sociaux pour partager ma passion sur le monde et l'Histoire de la bicyclette avec ma voix sur les images en noir et blanc du succ\u00e8s de Rik Van Steenbergen lors du Ronde sur le V\u00e9lodrome de Gand.\",\"sameAs\":[\"https:\/\/www.facebook.com\/groups\/LesRoisDuPeloton\",\"https:\/\/x.com\/https:\/\/twitter.com\/LRoisDuPeloton\"],\"url\":\"https:\/\/dicodusport.fr\/blog\/author\/emiliend\/\"}]}<\/script>\n<!-- \/ Yoast SEO Premium plugin. -->","yoast_head_json":{"title":"Gand-Wevelgem 2025 : Profil et Parcours","description":"Retrouvez le parcours d\u00e9taill\u00e9 et le profil de Gand-Wevelgem 2025, qui se d\u00e9roule ce dimanche 30 mars 2025 entre Ieper et Wevelgem (250,5 km).","robots":{"index":"index","follow":"follow","max-snippet":"max-snippet:-1","max-image-preview":"max-image-preview:large","max-video-preview":"max-video-preview:-1"},"canonical":"https:\/\/dicodusport.fr\/blog\/gand-wevelgem-2025-parcours-detaille-et-profil\/","og_locale":"fr_FR","og_type":"article","og_title":"Gand-Wevelgem 2025 : Profil et Parcours","og_description":"Retrouvez le parcours d\u00e9taill\u00e9 et le profil de Gand-Wevelgem 2025, qui se d\u00e9roule ce dimanche 30 mars 2025 entre Ieper et Wevelgem (250,5 km).","og_url":"https:\/\/dicodusport.fr\/blog\/gand-wevelgem-2025-parcours-detaille-et-profil\/","og_site_name":"Dicodusport","article_publisher":"https:\/\/www.facebook.com\/dicodusport","article_author":"https:\/\/www.facebook.com\/groups\/LesRoisDuPeloton","article_published_time":"2025-03-30T09:18:50+00:00","og_image":[{"width":1200,"height":674,"url":"https:\/\/dicodusport.fr\/blog\/wp-content\/uploads\/2025\/03\/Gand-Wevelgem-2025-Parcours-detaille-et-profil.png","type":"image\/png"}],"author":"Emilien Descampiaux","twitter_card":"summary_large_image","twitter_title":"Gand-Wevelgem 2025 : Profil et Parcours","twitter_creator":"@https:\/\/twitter.com\/LRoisDuPeloton","twitter_site":"@dicodusport","schema":{"@context":"https:\/\/schema.org","@graph":[{"@type":"NewsArticle","@id":"https:\/\/dicodusport.fr\/blog\/gand-wevelgem-2025-parcours-detaille-et-profil\/#article","isPartOf":{"@id":"https:\/\/dicodusport.fr\/blog\/gand-wevelgem-2025-parcours-detaille-et-profil\/"},"author":{"name":"Emilien Descampiaux","@id":"https:\/\/dicodusport.fr\/blog\/#\/schema\/person\/6db4bae06b171592211be385b32876a7"},"headline":"Gand-Wevelgem 2025 : Profil et Parcours","datePublished":"2025-03-30T09:18:50+00:00","mainEntityOfPage":{"@id":"https:\/\/dicodusport.fr\/blog\/gand-wevelgem-2025-parcours-detaille-et-profil\/"},"wordCount":821,"commentCount":0,"publisher":{"@id":"https:\/\/dicodusport.fr\/blog\/#organization"},"image":{"@id":"https:\/\/dicodusport.fr\/blog\/gand-wevelgem-2025-parcours-detaille-et-profil\/#primaryimage"},"thumbnailUrl":"https:\/\/dicodusport.fr\/blog\/wp-content\/uploads\/2025\/03\/Gand-Wevelgem-2025-Parcours-detaille-et-profil.png","keywords":["Actualit\u00e9 Cyclisme","br\u00e8ve","Gand-Wevelgem"],"articleSection":["Cyclisme sur route"],"inLanguage":"fr-FR","potentialAction":[{"@type":"CommentAction","name":"Comment","target":["https:\/\/dicodusport.fr\/blog\/gand-wevelgem-2025-parcours-detaille-et-profil\/#respond"]}],"copyrightYear":"2025","copyrightHolder":{"@id":"https:\/\/dicodusport.fr\/blog\/#organization"}},{"@type":"WebPage","@id":"https:\/\/dicodusport.fr\/blog\/gand-wevelgem-2025-parcours-detaille-et-profil\/","url":"https:\/\/dicodusport.fr\/blog\/gand-wevelgem-2025-parcours-detaille-et-profil\/","name":"Gand-Wevelgem 2025 : Profil et Parcours","isPartOf":{"@id":"https:\/\/dicodusport.fr\/blog\/#website"},"primaryImageOfPage":{"@id":"https:\/\/dicodusport.fr\/blog\/gand-wevelgem-2025-parcours-detaille-et-profil\/#primaryimage"},"image":{"@id":"https:\/\/dicodusport.fr\/blog\/gand-wevelgem-2025-parcours-detaille-et-profil\/#primaryimage"},"thumbnailUrl":"https:\/\/dicodusport.fr\/blog\/wp-content\/uploads\/2025\/03\/Gand-Wevelgem-2025-Parcours-detaille-et-profil.png","datePublished":"2025-03-30T09:18:50+00:00","description":"Retrouvez le parcours d\u00e9taill\u00e9 et le profil de Gand-Wevelgem 2025, qui se d\u00e9roule ce dimanche 30 mars 2025 entre Ieper et Wevelgem (250,5 km).","breadcrumb":{"@id":"https:\/\/dicodusport.fr\/blog\/gand-wevelgem-2025-parcours-detaille-et-profil\/#breadcrumb"},"inLanguage":"fr-FR","potentialAction":[{"@type":"ReadAction","target":["https:\/\/dicodusport.fr\/blog\/gand-wevelgem-2025-parcours-detaille-et-profil\/"]}]},{"@type":"ImageObject","inLanguage":"fr-FR","@id":"https:\/\/dicodusport.fr\/blog\/gand-wevelgem-2025-parcours-detaille-et-profil\/#primaryimage","url":"https:\/\/dicodusport.fr\/blog\/wp-content\/uploads\/2025\/03\/Gand-Wevelgem-2025-Parcours-detaille-et-profil.png","contentUrl":"https:\/\/dicodusport.fr\/blog\/wp-content\/uploads\/2025\/03\/Gand-Wevelgem-2025-Parcours-detaille-et-profil.png","width":1200,"height":674,"caption":"Gand-Wevelgem 2025 Parcours d\u00e9taill\u00e9 et profil"},{"@type":"BreadcrumbList","@id":"https:\/\/dicodusport.fr\/blog\/gand-wevelgem-2025-parcours-detaille-et-profil\/#breadcrumb","itemListElement":[{"@type":"ListItem","position":1,"name":"Accueil","item":"https:\/\/dicodusport.fr\/blog\/"},{"@type":"ListItem","position":2,"name":"Gand-Wevelgem 2025 : Profil et Parcours"}]},{"@type":"WebSite","@id":"https:\/\/dicodusport.fr\/blog\/#website","url":"https:\/\/dicodusport.fr\/blog\/","name":"Dicodusport","description":"L&#039;encyclop\u00e9die de l&#039;actualit\u00e9 sportive","publisher":{"@id":"https:\/\/dicodusport.fr\/blog\/#organization"},"potentialAction":[{"@type":"SearchAction","target":{"@type":"EntryPoint","urlTemplate":"https:\/\/dicodusport.fr\/blog\/?s={search_term_string}"},"query-input":{"@type":"PropertyValueSpecification","valueRequired":true,"valueName":"search_term_string"}}],"inLanguage":"fr-FR"},{"@type":"NewsMediaOrganization","@id":"https:\/\/dicodusport.fr\/blog\/#organization","name":"Dicodusport","url":"https:\/\/dicodusport.fr\/blog\/","logo":{"@type":"ImageObject","inLanguage":"fr-FR","@id":"https:\/\/dicodusport.fr\/blog\/#\/schema\/logo\/image\/","url":"https:\/\/dicodusport.fr\/blog\/wp-content\/uploads\/2020\/06\/cropped-LOGO-DICODUSPORT-2020-SANS-FOND-SANS-TEXTE.png","contentUrl":"https:\/\/dicodusport.fr\/blog\/wp-content\/uploads\/2020\/06\/cropped-LOGO-DICODUSPORT-2020-SANS-FOND-SANS-TEXTE.png","width":512,"height":512,"caption":"Dicodusport"},"image":{"@id":"https:\/\/dicodusport.fr\/blog\/#\/schema\/logo\/image\/"},"sameAs":["https:\/\/www.facebook.com\/dicodusport","https:\/\/x.com\/dicodusport","https:\/\/www.instagram.com\/dicodusport\/","https:\/\/www.youtube.com\/channel\/UC7V2KZ5sd3htJivAbA4ZG3w"],"description":"Dicodusport est l'encyclop\u00e9die de l'actualit\u00e9 sportive.","email":"bonjour@dicodusport.fr","legalName":"DICODUSPORT","foundingDate":"2018-01-14","vatID":"FR71834470973","taxID":"83447097300043","numberOfEmployees":{"@type":"QuantitativeValue","minValue":"1","maxValue":"10"}},{"@type":"Person","@id":"https:\/\/dicodusport.fr\/blog\/#\/schema\/person\/6db4bae06b171592211be385b32876a7","name":"Emilien Descampiaux","image":{"@type":"ImageObject","inLanguage":"fr-FR","@id":"https:\/\/dicodusport.fr\/blog\/#\/schema\/person\/image\/","url":"https:\/\/dicodusport.fr\/blog\/wp-content\/uploads\/2021\/05\/Emilien-Descampiaux-150x150.jpg","contentUrl":"https:\/\/dicodusport.fr\/blog\/wp-content\/uploads\/2021\/05\/Emilien-Descampiaux-150x150.jpg","caption":"Emilien Descampiaux"},"description":"Journaliste\/r\u00e9dacteur depuis 2014 - Fan de la classe de Frank Vandenbroucke, je vis cyclisme (et de ses paysages) depuis plus de 20 ans. Je suis tr\u00e8s impliqu\u00e9 sur mes diff\u00e9rents r\u00e9seaux sociaux pour partager ma passion sur le monde et l'Histoire de la bicyclette avec ma voix sur les images en noir et blanc du succ\u00e8s de Rik Van Steenbergen lors du Ronde sur le V\u00e9lodrome de Gand.","sameAs":["https:\/\/www.facebook.com\/groups\/LesRoisDuPeloton","https:\/\/x.com\/https:\/\/twitter.com\/LRoisDuPeloton"],"url":"https:\/\/dicodusport.fr\/blog\/author\/emiliend\/"}]}},"_links":{"self":[{"href":"https:\/\/dicodusport.fr\/blog\/wp-json\/wp\/v2\/posts\/567490","targetHints":{"allow":["GET"]}}],"collection":[{"href":"https:\/\/dicodusport.fr\/blog\/wp-json\/wp\/v2\/posts"}],"about":[{"href":"https:\/\/dicodusport.fr\/blog\/wp-json\/wp\/v2\/types\/post"}],"author":[{"embeddable":true,"href":"https:\/\/dicodusport.fr\/blog\/wp-json\/wp\/v2\/users\/48"}],"replies":[{"embeddable":true,"href":"https:\/\/dicodusport.fr\/blog\/wp-json\/wp\/v2\/comments?post=567490"}],"version-history":[{"count":5,"href":"https:\/\/dicodusport.fr\/blog\/wp-json\/wp\/v2\/posts\/567490\/revisions"}],"predecessor-version":[{"id":568736,"href":"https:\/\/dicodusport.fr\/blog\/wp-json\/wp\/v2\/posts\/567490\/revisions\/568736"}],"wp:featuredmedia":[{"embeddable":true,"href":"https:\/\/dicodusport.fr\/blog\/wp-json\/wp\/v2\/media\/568197"}],"wp:attachment":[{"href":"https:\/\/dicodusport.fr\/blog\/wp-json\/wp\/v2\/media?parent=567490"}],"wp:term":[{"taxonomy":"category","embeddable":true,"href":"https:\/\/dicodusport.fr\/blog\/wp-json\/wp\/v2\/categories?post=567490"},{"taxonomy":"post_tag","embeddable":true,"href":"https:\/\/dicodusport.fr\/blog\/wp-json\/wp\/v2\/tags?post=567490"}],"curies":[{"name":"wp","href":"https:\/\/api.w.org\/{rel}","templated":true}]}}