{"id":567548,"date":"2025-03-26T09:31:57","date_gmt":"2025-03-26T08:31:57","guid":{"rendered":"https:\/\/dicodusport.fr\/blog\/?p=567548&#038;preview=true&#038;preview_id=567548"},"modified":"2025-03-26T09:31:57","modified_gmt":"2025-03-26T08:31:57","slug":"cyclisme-tadej-pogacar-sera-au-depart-de-paris-roubaix-2025","status":"publish","type":"post","link":"https:\/\/dicodusport.fr\/blog\/cyclisme-tadej-pogacar-sera-au-depart-de-paris-roubaix-2025\/","title":{"rendered":"Cyclisme : Tadej Pogacar sera au d\u00e9part de Paris-Roubaix 2025"},"content":{"rendered":"<h4 style=\"text-align: justify;\"><em>SAISON CYCLISTE 2025 &#8211; Selon les informations de La Gazzetta dello Sport, Tadej Pogacar (UAE Team Emirates-XRG) sera au d\u00e9part de Paris-Roubaix.<\/em><\/h4>\n<p style=\"text-align: justify;\">Est-ce la fin du feuilleton <strong>Tadej Pogacar<\/strong> sur Paris-Roubaix ? Selon les informations de nos confr\u00e8res italiens de La Gazzetta dello Sport, le Slov\u00e8ne sera bien au d\u00e9part sur l&rsquo;Enfer du Nord. Initialement pr\u00e9vu ce vendredi, sur les routes du E3 Saxo Bank Classic, le Slov\u00e8ne n&rsquo;est plus sur la liste de d\u00e9part depuis ce mardi soir. Il ne sera pas pr\u00e9sent non plus ce dimanche, sur les routes de Gand-Wevelgem.<\/p>\n<h2 style=\"text-align: justify;\">Fin du suspense<\/h2>\n<p style=\"text-align: justify;\">On est toujours en attente d&rsquo;une communication officielle du staff de la formation UAE Team Emirates-XRG, mais celui qui a termin\u00e9 3\u00e8me de <a href=\"https:\/\/dicodusport.fr\/blog\/milan-san-remo-2025-mathieu-van-der-poel-remporte-une-magnifique-116eme-edition\/\"><strong>Milan-San Remo<\/strong><\/a>, devrait d\u00e9couvrir la course fran\u00e7aise, une semaine apr\u00e8s le Tour des Flandres, o\u00f9 il essaiera de d\u00e9crocher un deuxi\u00e8me sacre, apr\u00e8s 2023.<\/p>\n<div class=\"vlp-link-container vlp-layout-article\"><a href=\"https:\/\/dicodusport.fr\/blog\/tour-des-flandres-2023-le-triomphe-de-tadej-pogacar\/\" class=\"vlp-link\" title=\"Tour des Flandres 2023 : Le triomphe de Tadej Pogacar !\"><\/a><div class=\"vlp-layout-zone-side\"><div class=\"vlp-block-4 vlp-link-image\"><img loading=\"lazy\" decoding=\"async\" style=\"max-width: 800px;\" width=\"800\" height=\"445\" src=\"https:\/\/dicodusport.fr\/blog\/wp-content\/uploads\/2023\/04\/Tour-des-Flandres-2023-Le-triomphe-de-Tadej-Pogacar-.png\" class=\"attachment-800x445 size-800x445\" alt=\"Tour des Flandres 2023 Le triomphe de Tadej Pogacar !\" srcset=\"https:\/\/dicodusport.fr\/blog\/wp-content\/uploads\/2023\/04\/Tour-des-Flandres-2023-Le-triomphe-de-Tadej-Pogacar-.png 800w, https:\/\/dicodusport.fr\/blog\/wp-content\/uploads\/2023\/04\/Tour-des-Flandres-2023-Le-triomphe-de-Tadej-Pogacar--300x167.png 300w, https:\/\/dicodusport.fr\/blog\/wp-content\/uploads\/2023\/04\/Tour-des-Flandres-2023-Le-triomphe-de-Tadej-Pogacar--768x427.png 768w\" sizes=\"auto, (max-width: 800px) 100vw, 800px\" \/><\/div><\/div><div class=\"vlp-layout-zone-main\"><div class=\"vlp-block-0 vlp-link-title\">Tour des Flandres 2023 : Le triomphe de Tadej Pogacar !<\/div><div class=\"vlp-block-1 vlp-link-summary\">TOUR DES FLANDRES 2023 - Tadej Pogacar triomphe sur le Ronde van Vlaanderen<\/div><div class=\"vlp-block-2 vlp-link-button\">Lire l'article<\/div><div class=\"vlp-block-3 vlp-link-url\">dicodusport.fr<\/div><\/div><\/div>\n<p style=\"text-align: justify;\">On se dirige donc vers un autre duel avec <strong>Mathieu van der Poel<\/strong>, vainqueur sortant des deux Monuments flandriens et qui a r\u00e9cemment dompt\u00e9 son adversaire, lors du dernier Milan-San Remo. Un duel sur les pav\u00e9s les plus c\u00e9l\u00e8bres du monde, entre deux coureurs capables de faire exploser la course tr\u00e8s loin de l&rsquo;arriv\u00e9e. Apr\u00e8s une campagne de Flandriennes globalement d\u00e9cevante niveau suspense en 2024, on pourrait bien avoir de tr\u00e8s grosses \u00e9tincelles.<\/p>\n<blockquote class=\"twitter-tweet\">\n<p dir=\"ltr\" lang=\"en\">Info <a href=\"https:\/\/twitter.com\/Gazzetta_it?ref_src=twsrc%5Etfw\">@Gazzetta_it<\/a> &#8211; No Harelbeke and Gand-Wevelgem this week for <a href=\"https:\/\/twitter.com\/TamauPogi?ref_src=twsrc%5Etfw\">@TamauPogi<\/a> <a href=\"https:\/\/twitter.com\/TeamEmiratesUAE?ref_src=twsrc%5Etfw\">@TeamEmiratesUAE<\/a> sources confirmed us. Next race for him is Ronde Van Vlandereen. This means that for his yes to <a href=\"https:\/\/twitter.com\/parisroubaix?ref_src=twsrc%5Etfw\">@parisroubaix<\/a> 2025 only missing official communication <a href=\"https:\/\/twitter.com\/cycling_podcast?ref_src=twsrc%5Etfw\">@cycling_podcast<\/a><\/p>\n<p>\u2014 Ciro Scognamiglio (@cirogazzetta) <a href=\"https:\/\/twitter.com\/cirogazzetta\/status\/1904806257380274387?ref_src=twsrc%5Etfw\">March 26, 2025<\/a><\/p><\/blockquote>\n<p style=\"text-align: justify;\"><script async src=\"https:\/\/platform.twitter.com\/widgets.js\" charset=\"utf-8\"><\/script><\/p>\n","protected":false},"excerpt":{"rendered":"<p>SAISON CYCLISTE 2025 &#8211; Selon les informations de La Gazzetta dello Sport, Tadej Pogacar (UAE Team Emirates-XRG) sera au d\u00e9part de Paris-Roubaix.<\/p>\n","protected":false},"author":83,"featured_media":567552,"comment_status":"open","ping_status":"closed","sticky":false,"template":"","format":"standard","meta":{"_acf_changed":false,"_daextam_enable_autolinks":"1","footnotes":""},"categories":[46994],"tags":[16878,574,4164,11674],"class_list":["post-567548","post","type-post","status-publish","format-standard","has-post-thumbnail","hentry","category-cyclisme-sur-route","tag-breve","tag-cyclisme","tag-paris-roubaix","tag-tadej-pogacar"],"acf":[],"yoast_head":"<!-- This site is optimized with the Yoast SEO Premium plugin v26.7 (Yoast SEO v26.7) - https:\/\/yoast.com\/wordpress\/plugins\/seo\/ -->\n<title>Cyclisme : Tadej Pogacar sera au d\u00e9part de Paris-Roubaix 2025<\/title>\n<meta name=\"description\" content=\"SAISON CYCLISTE 2025 - Selon les informations de La Gazzetta dello Sport, Tadej Pogacar (UAE Team Emirates-XRG) sera au d\u00e9part de Paris-Roubaix.\" \/>\n<meta name=\"robots\" content=\"index, follow, max-snippet:-1, max-image-preview:large, max-video-preview:-1\" \/>\n<link rel=\"canonical\" href=\"https:\/\/dicodusport.fr\/blog\/cyclisme-tadej-pogacar-sera-au-depart-de-paris-roubaix-2025\/\" \/>\n<meta property=\"og:locale\" content=\"fr_FR\" \/>\n<meta property=\"og:type\" content=\"article\" \/>\n<meta property=\"og:title\" content=\"Cyclisme : Tadej Pogacar sera au d\u00e9part de Paris-Roubaix 2025\" \/>\n<meta property=\"og:description\" content=\"SAISON CYCLISTE 2025 - Selon les informations de La Gazzetta dello Sport, Tadej Pogacar (UAE Team Emirates-XRG) sera au d\u00e9part de Paris-Roubaix.\" \/>\n<meta property=\"og:url\" content=\"https:\/\/dicodusport.fr\/blog\/cyclisme-tadej-pogacar-sera-au-depart-de-paris-roubaix-2025\/\" \/>\n<meta property=\"og:site_name\" content=\"Dicodusport\" \/>\n<meta property=\"article:publisher\" content=\"https:\/\/www.facebook.com\/dicodusport\" \/>\n<meta property=\"article:published_time\" content=\"2025-03-26T08:31:57+00:00\" \/>\n<meta property=\"og:image\" content=\"https:\/\/dicodusport.fr\/blog\/wp-content\/uploads\/2025\/03\/Cyclisme-Tadej-Pogacar-sera-au-depart-de-Paris-Roubaix-2025.png\" \/>\n\t<meta property=\"og:image:width\" content=\"1200\" \/>\n\t<meta property=\"og:image:height\" content=\"674\" \/>\n\t<meta property=\"og:image:type\" content=\"image\/png\" \/>\n<meta name=\"author\" content=\"Etienne Goursaud\" \/>\n<meta name=\"twitter:card\" content=\"summary_large_image\" \/>\n<meta name=\"twitter:title\" content=\"Cyclisme : Tadej Pogacar sera au d\u00e9part de Paris-Roubaix 2025\" \/>\n<meta name=\"twitter:creator\" content=\"@dicodusport\" \/>\n<meta name=\"twitter:site\" content=\"@dicodusport\" \/>\n<script type=\"application\/ld+json\" class=\"yoast-schema-graph\">{\"@context\":\"https:\/\/schema.org\",\"@graph\":[{\"@type\":\"NewsArticle\",\"@id\":\"https:\/\/dicodusport.fr\/blog\/cyclisme-tadej-pogacar-sera-au-depart-de-paris-roubaix-2025\/#article\",\"isPartOf\":{\"@id\":\"https:\/\/dicodusport.fr\/blog\/cyclisme-tadej-pogacar-sera-au-depart-de-paris-roubaix-2025\/\"},\"author\":{\"name\":\"Etienne Goursaud\",\"@id\":\"https:\/\/dicodusport.fr\/blog\/#\/schema\/person\/d603dd7da31fb2b46c82b9835a77ec13\"},\"headline\":\"Cyclisme : Tadej Pogacar sera au d\u00e9part de Paris-Roubaix 2025\",\"datePublished\":\"2025-03-26T08:31:57+00:00\",\"mainEntityOfPage\":{\"@id\":\"https:\/\/dicodusport.fr\/blog\/cyclisme-tadej-pogacar-sera-au-depart-de-paris-roubaix-2025\/\"},\"wordCount\":345,\"commentCount\":0,\"publisher\":{\"@id\":\"https:\/\/dicodusport.fr\/blog\/#organization\"},\"image\":{\"@id\":\"https:\/\/dicodusport.fr\/blog\/cyclisme-tadej-pogacar-sera-au-depart-de-paris-roubaix-2025\/#primaryimage\"},\"thumbnailUrl\":\"https:\/\/dicodusport.fr\/blog\/wp-content\/uploads\/2025\/03\/Cyclisme-Tadej-Pogacar-sera-au-depart-de-Paris-Roubaix-2025.png\",\"keywords\":[\"br\u00e8ve\",\"Cyclisme\",\"Paris-Roubaix\",\"Tadej Pogacar\"],\"articleSection\":[\"Cyclisme sur route\"],\"inLanguage\":\"fr-FR\",\"potentialAction\":[{\"@type\":\"CommentAction\",\"name\":\"Comment\",\"target\":[\"https:\/\/dicodusport.fr\/blog\/cyclisme-tadej-pogacar-sera-au-depart-de-paris-roubaix-2025\/#respond\"]}],\"copyrightYear\":\"2025\",\"copyrightHolder\":{\"@id\":\"https:\/\/dicodusport.fr\/blog\/#organization\"}},{\"@type\":\"WebPage\",\"@id\":\"https:\/\/dicodusport.fr\/blog\/cyclisme-tadej-pogacar-sera-au-depart-de-paris-roubaix-2025\/\",\"url\":\"https:\/\/dicodusport.fr\/blog\/cyclisme-tadej-pogacar-sera-au-depart-de-paris-roubaix-2025\/\",\"name\":\"Cyclisme : Tadej Pogacar sera au d\u00e9part de Paris-Roubaix 2025\",\"isPartOf\":{\"@id\":\"https:\/\/dicodusport.fr\/blog\/#website\"},\"primaryImageOfPage\":{\"@id\":\"https:\/\/dicodusport.fr\/blog\/cyclisme-tadej-pogacar-sera-au-depart-de-paris-roubaix-2025\/#primaryimage\"},\"image\":{\"@id\":\"https:\/\/dicodusport.fr\/blog\/cyclisme-tadej-pogacar-sera-au-depart-de-paris-roubaix-2025\/#primaryimage\"},\"thumbnailUrl\":\"https:\/\/dicodusport.fr\/blog\/wp-content\/uploads\/2025\/03\/Cyclisme-Tadej-Pogacar-sera-au-depart-de-Paris-Roubaix-2025.png\",\"datePublished\":\"2025-03-26T08:31:57+00:00\",\"description\":\"SAISON CYCLISTE 2025 - Selon les informations de La Gazzetta dello Sport, Tadej Pogacar (UAE Team Emirates-XRG) sera au d\u00e9part de Paris-Roubaix.\",\"breadcrumb\":{\"@id\":\"https:\/\/dicodusport.fr\/blog\/cyclisme-tadej-pogacar-sera-au-depart-de-paris-roubaix-2025\/#breadcrumb\"},\"inLanguage\":\"fr-FR\",\"potentialAction\":[{\"@type\":\"ReadAction\",\"target\":[\"https:\/\/dicodusport.fr\/blog\/cyclisme-tadej-pogacar-sera-au-depart-de-paris-roubaix-2025\/\"]}]},{\"@type\":\"ImageObject\",\"inLanguage\":\"fr-FR\",\"@id\":\"https:\/\/dicodusport.fr\/blog\/cyclisme-tadej-pogacar-sera-au-depart-de-paris-roubaix-2025\/#primaryimage\",\"url\":\"https:\/\/dicodusport.fr\/blog\/wp-content\/uploads\/2025\/03\/Cyclisme-Tadej-Pogacar-sera-au-depart-de-Paris-Roubaix-2025.png\",\"contentUrl\":\"https:\/\/dicodusport.fr\/blog\/wp-content\/uploads\/2025\/03\/Cyclisme-Tadej-Pogacar-sera-au-depart-de-Paris-Roubaix-2025.png\",\"width\":1200,\"height\":674,\"caption\":\"Cyclisme : Tadej Pogacar sera au d\u00e9part de Paris-Roubaix 2025\"},{\"@type\":\"BreadcrumbList\",\"@id\":\"https:\/\/dicodusport.fr\/blog\/cyclisme-tadej-pogacar-sera-au-depart-de-paris-roubaix-2025\/#breadcrumb\",\"itemListElement\":[{\"@type\":\"ListItem\",\"position\":1,\"name\":\"Accueil\",\"item\":\"https:\/\/dicodusport.fr\/blog\/\"},{\"@type\":\"ListItem\",\"position\":2,\"name\":\"Cyclisme : Tadej Pogacar sera au d\u00e9part de Paris-Roubaix 2025\"}]},{\"@type\":\"WebSite\",\"@id\":\"https:\/\/dicodusport.fr\/blog\/#website\",\"url\":\"https:\/\/dicodusport.fr\/blog\/\",\"name\":\"Dicodusport\",\"description\":\"L&#039;encyclop\u00e9die de l&#039;actualit\u00e9 sportive\",\"publisher\":{\"@id\":\"https:\/\/dicodusport.fr\/blog\/#organization\"},\"potentialAction\":[{\"@type\":\"SearchAction\",\"target\":{\"@type\":\"EntryPoint\",\"urlTemplate\":\"https:\/\/dicodusport.fr\/blog\/?s={search_term_string}\"},\"query-input\":{\"@type\":\"PropertyValueSpecification\",\"valueRequired\":true,\"valueName\":\"search_term_string\"}}],\"inLanguage\":\"fr-FR\"},{\"@type\":\"NewsMediaOrganization\",\"@id\":\"https:\/\/dicodusport.fr\/blog\/#organization\",\"name\":\"Dicodusport\",\"url\":\"https:\/\/dicodusport.fr\/blog\/\",\"logo\":{\"@type\":\"ImageObject\",\"inLanguage\":\"fr-FR\",\"@id\":\"https:\/\/dicodusport.fr\/blog\/#\/schema\/logo\/image\/\",\"url\":\"https:\/\/dicodusport.fr\/blog\/wp-content\/uploads\/2020\/06\/cropped-LOGO-DICODUSPORT-2020-SANS-FOND-SANS-TEXTE.png\",\"contentUrl\":\"https:\/\/dicodusport.fr\/blog\/wp-content\/uploads\/2020\/06\/cropped-LOGO-DICODUSPORT-2020-SANS-FOND-SANS-TEXTE.png\",\"width\":512,\"height\":512,\"caption\":\"Dicodusport\"},\"image\":{\"@id\":\"https:\/\/dicodusport.fr\/blog\/#\/schema\/logo\/image\/\"},\"sameAs\":[\"https:\/\/www.facebook.com\/dicodusport\",\"https:\/\/x.com\/dicodusport\",\"https:\/\/www.instagram.com\/dicodusport\/\",\"https:\/\/www.youtube.com\/channel\/UC7V2KZ5sd3htJivAbA4ZG3w\"],\"description\":\"Dicodusport est l'encyclop\u00e9die de l'actualit\u00e9 sportive.\",\"email\":\"bonjour@dicodusport.fr\",\"legalName\":\"DICODUSPORT\",\"foundingDate\":\"2018-01-14\",\"vatID\":\"FR71834470973\",\"taxID\":\"83447097300043\",\"numberOfEmployees\":{\"@type\":\"QuantitativeValue\",\"minValue\":\"1\",\"maxValue\":\"10\"}},{\"@type\":\"Person\",\"@id\":\"https:\/\/dicodusport.fr\/blog\/#\/schema\/person\/d603dd7da31fb2b46c82b9835a77ec13\",\"name\":\"Etienne Goursaud\",\"image\":{\"@type\":\"ImageObject\",\"inLanguage\":\"fr-FR\",\"@id\":\"https:\/\/dicodusport.fr\/blog\/#\/schema\/person\/image\/\",\"url\":\"https:\/\/dicodusport.fr\/blog\/wp-content\/uploads\/2023\/12\/410122264_10231602061736049_5565839791558026645_n-150x150.jpg\",\"contentUrl\":\"https:\/\/dicodusport.fr\/blog\/wp-content\/uploads\/2023\/12\/410122264_10231602061736049_5565839791558026645_n-150x150.jpg\",\"caption\":\"Etienne Goursaud\"},\"description\":\"Journaliste et amoureux de sport. Ancien footballeur reconverti athl\u00e8te quand ses muscles le laissent tranquille. \u00c9lev\u00e9 \u00e0 la sauce des exploits de Thomas Voeckler en 2004, du dernier essai de l\u00e9gende de Eunice Barber \u00e0 la longueur lors des championnats du monde d'athl\u00e9tisme de 2003 mais aussi Zidane, Omeyer et Titou Lamaison.\",\"url\":\"https:\/\/dicodusport.fr\/blog\/author\/etienne-goursaud\/\"}]}<\/script>\n<!-- \/ Yoast SEO Premium plugin. -->","yoast_head_json":{"title":"Cyclisme : Tadej Pogacar sera au d\u00e9part de Paris-Roubaix 2025","description":"SAISON CYCLISTE 2025 - Selon les informations de La Gazzetta dello Sport, Tadej Pogacar (UAE Team Emirates-XRG) sera au d\u00e9part de Paris-Roubaix.","robots":{"index":"index","follow":"follow","max-snippet":"max-snippet:-1","max-image-preview":"max-image-preview:large","max-video-preview":"max-video-preview:-1"},"canonical":"https:\/\/dicodusport.fr\/blog\/cyclisme-tadej-pogacar-sera-au-depart-de-paris-roubaix-2025\/","og_locale":"fr_FR","og_type":"article","og_title":"Cyclisme : Tadej Pogacar sera au d\u00e9part de Paris-Roubaix 2025","og_description":"SAISON CYCLISTE 2025 - Selon les informations de La Gazzetta dello Sport, Tadej Pogacar (UAE Team Emirates-XRG) sera au d\u00e9part de Paris-Roubaix.","og_url":"https:\/\/dicodusport.fr\/blog\/cyclisme-tadej-pogacar-sera-au-depart-de-paris-roubaix-2025\/","og_site_name":"Dicodusport","article_publisher":"https:\/\/www.facebook.com\/dicodusport","article_published_time":"2025-03-26T08:31:57+00:00","og_image":[{"width":1200,"height":674,"url":"https:\/\/dicodusport.fr\/blog\/wp-content\/uploads\/2025\/03\/Cyclisme-Tadej-Pogacar-sera-au-depart-de-Paris-Roubaix-2025.png","type":"image\/png"}],"author":"Etienne Goursaud","twitter_card":"summary_large_image","twitter_title":"Cyclisme : Tadej Pogacar sera au d\u00e9part de Paris-Roubaix 2025","twitter_creator":"@dicodusport","twitter_site":"@dicodusport","schema":{"@context":"https:\/\/schema.org","@graph":[{"@type":"NewsArticle","@id":"https:\/\/dicodusport.fr\/blog\/cyclisme-tadej-pogacar-sera-au-depart-de-paris-roubaix-2025\/#article","isPartOf":{"@id":"https:\/\/dicodusport.fr\/blog\/cyclisme-tadej-pogacar-sera-au-depart-de-paris-roubaix-2025\/"},"author":{"name":"Etienne Goursaud","@id":"https:\/\/dicodusport.fr\/blog\/#\/schema\/person\/d603dd7da31fb2b46c82b9835a77ec13"},"headline":"Cyclisme : Tadej Pogacar sera au d\u00e9part de Paris-Roubaix 2025","datePublished":"2025-03-26T08:31:57+00:00","mainEntityOfPage":{"@id":"https:\/\/dicodusport.fr\/blog\/cyclisme-tadej-pogacar-sera-au-depart-de-paris-roubaix-2025\/"},"wordCount":345,"commentCount":0,"publisher":{"@id":"https:\/\/dicodusport.fr\/blog\/#organization"},"image":{"@id":"https:\/\/dicodusport.fr\/blog\/cyclisme-tadej-pogacar-sera-au-depart-de-paris-roubaix-2025\/#primaryimage"},"thumbnailUrl":"https:\/\/dicodusport.fr\/blog\/wp-content\/uploads\/2025\/03\/Cyclisme-Tadej-Pogacar-sera-au-depart-de-Paris-Roubaix-2025.png","keywords":["br\u00e8ve","Cyclisme","Paris-Roubaix","Tadej Pogacar"],"articleSection":["Cyclisme sur route"],"inLanguage":"fr-FR","potentialAction":[{"@type":"CommentAction","name":"Comment","target":["https:\/\/dicodusport.fr\/blog\/cyclisme-tadej-pogacar-sera-au-depart-de-paris-roubaix-2025\/#respond"]}],"copyrightYear":"2025","copyrightHolder":{"@id":"https:\/\/dicodusport.fr\/blog\/#organization"}},{"@type":"WebPage","@id":"https:\/\/dicodusport.fr\/blog\/cyclisme-tadej-pogacar-sera-au-depart-de-paris-roubaix-2025\/","url":"https:\/\/dicodusport.fr\/blog\/cyclisme-tadej-pogacar-sera-au-depart-de-paris-roubaix-2025\/","name":"Cyclisme : Tadej Pogacar sera au d\u00e9part de Paris-Roubaix 2025","isPartOf":{"@id":"https:\/\/dicodusport.fr\/blog\/#website"},"primaryImageOfPage":{"@id":"https:\/\/dicodusport.fr\/blog\/cyclisme-tadej-pogacar-sera-au-depart-de-paris-roubaix-2025\/#primaryimage"},"image":{"@id":"https:\/\/dicodusport.fr\/blog\/cyclisme-tadej-pogacar-sera-au-depart-de-paris-roubaix-2025\/#primaryimage"},"thumbnailUrl":"https:\/\/dicodusport.fr\/blog\/wp-content\/uploads\/2025\/03\/Cyclisme-Tadej-Pogacar-sera-au-depart-de-Paris-Roubaix-2025.png","datePublished":"2025-03-26T08:31:57+00:00","description":"SAISON CYCLISTE 2025 - Selon les informations de La Gazzetta dello Sport, Tadej Pogacar (UAE Team Emirates-XRG) sera au d\u00e9part de Paris-Roubaix.","breadcrumb":{"@id":"https:\/\/dicodusport.fr\/blog\/cyclisme-tadej-pogacar-sera-au-depart-de-paris-roubaix-2025\/#breadcrumb"},"inLanguage":"fr-FR","potentialAction":[{"@type":"ReadAction","target":["https:\/\/dicodusport.fr\/blog\/cyclisme-tadej-pogacar-sera-au-depart-de-paris-roubaix-2025\/"]}]},{"@type":"ImageObject","inLanguage":"fr-FR","@id":"https:\/\/dicodusport.fr\/blog\/cyclisme-tadej-pogacar-sera-au-depart-de-paris-roubaix-2025\/#primaryimage","url":"https:\/\/dicodusport.fr\/blog\/wp-content\/uploads\/2025\/03\/Cyclisme-Tadej-Pogacar-sera-au-depart-de-Paris-Roubaix-2025.png","contentUrl":"https:\/\/dicodusport.fr\/blog\/wp-content\/uploads\/2025\/03\/Cyclisme-Tadej-Pogacar-sera-au-depart-de-Paris-Roubaix-2025.png","width":1200,"height":674,"caption":"Cyclisme : Tadej Pogacar sera au d\u00e9part de Paris-Roubaix 2025"},{"@type":"BreadcrumbList","@id":"https:\/\/dicodusport.fr\/blog\/cyclisme-tadej-pogacar-sera-au-depart-de-paris-roubaix-2025\/#breadcrumb","itemListElement":[{"@type":"ListItem","position":1,"name":"Accueil","item":"https:\/\/dicodusport.fr\/blog\/"},{"@type":"ListItem","position":2,"name":"Cyclisme : Tadej Pogacar sera au d\u00e9part de Paris-Roubaix 2025"}]},{"@type":"WebSite","@id":"https:\/\/dicodusport.fr\/blog\/#website","url":"https:\/\/dicodusport.fr\/blog\/","name":"Dicodusport","description":"L&#039;encyclop\u00e9die de l&#039;actualit\u00e9 sportive","publisher":{"@id":"https:\/\/dicodusport.fr\/blog\/#organization"},"potentialAction":[{"@type":"SearchAction","target":{"@type":"EntryPoint","urlTemplate":"https:\/\/dicodusport.fr\/blog\/?s={search_term_string}"},"query-input":{"@type":"PropertyValueSpecification","valueRequired":true,"valueName":"search_term_string"}}],"inLanguage":"fr-FR"},{"@type":"NewsMediaOrganization","@id":"https:\/\/dicodusport.fr\/blog\/#organization","name":"Dicodusport","url":"https:\/\/dicodusport.fr\/blog\/","logo":{"@type":"ImageObject","inLanguage":"fr-FR","@id":"https:\/\/dicodusport.fr\/blog\/#\/schema\/logo\/image\/","url":"https:\/\/dicodusport.fr\/blog\/wp-content\/uploads\/2020\/06\/cropped-LOGO-DICODUSPORT-2020-SANS-FOND-SANS-TEXTE.png","contentUrl":"https:\/\/dicodusport.fr\/blog\/wp-content\/uploads\/2020\/06\/cropped-LOGO-DICODUSPORT-2020-SANS-FOND-SANS-TEXTE.png","width":512,"height":512,"caption":"Dicodusport"},"image":{"@id":"https:\/\/dicodusport.fr\/blog\/#\/schema\/logo\/image\/"},"sameAs":["https:\/\/www.facebook.com\/dicodusport","https:\/\/x.com\/dicodusport","https:\/\/www.instagram.com\/dicodusport\/","https:\/\/www.youtube.com\/channel\/UC7V2KZ5sd3htJivAbA4ZG3w"],"description":"Dicodusport est l'encyclop\u00e9die de l'actualit\u00e9 sportive.","email":"bonjour@dicodusport.fr","legalName":"DICODUSPORT","foundingDate":"2018-01-14","vatID":"FR71834470973","taxID":"83447097300043","numberOfEmployees":{"@type":"QuantitativeValue","minValue":"1","maxValue":"10"}},{"@type":"Person","@id":"https:\/\/dicodusport.fr\/blog\/#\/schema\/person\/d603dd7da31fb2b46c82b9835a77ec13","name":"Etienne Goursaud","image":{"@type":"ImageObject","inLanguage":"fr-FR","@id":"https:\/\/dicodusport.fr\/blog\/#\/schema\/person\/image\/","url":"https:\/\/dicodusport.fr\/blog\/wp-content\/uploads\/2023\/12\/410122264_10231602061736049_5565839791558026645_n-150x150.jpg","contentUrl":"https:\/\/dicodusport.fr\/blog\/wp-content\/uploads\/2023\/12\/410122264_10231602061736049_5565839791558026645_n-150x150.jpg","caption":"Etienne Goursaud"},"description":"Journaliste et amoureux de sport. Ancien footballeur reconverti athl\u00e8te quand ses muscles le laissent tranquille. \u00c9lev\u00e9 \u00e0 la sauce des exploits de Thomas Voeckler en 2004, du dernier essai de l\u00e9gende de Eunice Barber \u00e0 la longueur lors des championnats du monde d'athl\u00e9tisme de 2003 mais aussi Zidane, Omeyer et Titou Lamaison.","url":"https:\/\/dicodusport.fr\/blog\/author\/etienne-goursaud\/"}]}},"_links":{"self":[{"href":"https:\/\/dicodusport.fr\/blog\/wp-json\/wp\/v2\/posts\/567548","targetHints":{"allow":["GET"]}}],"collection":[{"href":"https:\/\/dicodusport.fr\/blog\/wp-json\/wp\/v2\/posts"}],"about":[{"href":"https:\/\/dicodusport.fr\/blog\/wp-json\/wp\/v2\/types\/post"}],"author":[{"embeddable":true,"href":"https:\/\/dicodusport.fr\/blog\/wp-json\/wp\/v2\/users\/83"}],"replies":[{"embeddable":true,"href":"https:\/\/dicodusport.fr\/blog\/wp-json\/wp\/v2\/comments?post=567548"}],"version-history":[{"count":2,"href":"https:\/\/dicodusport.fr\/blog\/wp-json\/wp\/v2\/posts\/567548\/revisions"}],"predecessor-version":[{"id":567556,"href":"https:\/\/dicodusport.fr\/blog\/wp-json\/wp\/v2\/posts\/567548\/revisions\/567556"}],"wp:featuredmedia":[{"embeddable":true,"href":"https:\/\/dicodusport.fr\/blog\/wp-json\/wp\/v2\/media\/567552"}],"wp:attachment":[{"href":"https:\/\/dicodusport.fr\/blog\/wp-json\/wp\/v2\/media?parent=567548"}],"wp:term":[{"taxonomy":"category","embeddable":true,"href":"https:\/\/dicodusport.fr\/blog\/wp-json\/wp\/v2\/categories?post=567548"},{"taxonomy":"post_tag","embeddable":true,"href":"https:\/\/dicodusport.fr\/blog\/wp-json\/wp\/v2\/tags?post=567548"}],"curies":[{"name":"wp","href":"https:\/\/api.w.org\/{rel}","templated":true}]}}