{"id":567733,"date":"2025-03-26T20:40:09","date_gmt":"2025-03-26T19:40:09","guid":{"rendered":"https:\/\/dicodusport.fr\/blog\/?p=567733&#038;preview=true&#038;preview_id=567733"},"modified":"2025-09-16T07:59:27","modified_gmt":"2025-09-16T05:59:27","slug":"ligue-des-champions-f-lyon-confirme-contre-le-bayern-munich-et-retrouve-le-dernier-carre","status":"publish","type":"post","link":"https:\/\/dicodusport.fr\/blog\/ligue-des-champions-f-lyon-confirme-contre-le-bayern-munich-et-retrouve-le-dernier-carre\/","title":{"rendered":"Ligue des Champions (F) : Lyon confirme contre le Bayern Munich et retrouve le dernier carr\u00e9"},"content":{"rendered":"<h4 style=\"text-align: justify;\"><em>LIGUE DES CHAMPIONS F\u00c9MININES &#8211; Apr\u00e8s un premier acte timide, Lyon a remis les pendules \u00e0 l\u2019heure contre le Bayern Munich. Port\u00e9es par une grande <strong>Kadidiatou Diani<\/strong>, impliqu\u00e9e sur trois des quatre buts rhodaniens, les Fenottes confirment 4-1 \u00e0 la maison et retrouvent le dernier carr\u00e9 de la comp\u00e9tition (cumul\u00e9 6-1).<\/em><\/h4>\n<p style=\"text-align: justify;\">Les Fenottes avaient un pied et quatre orteils dans le dernier carr\u00e9 <a href=\"https:\/\/dicodusport.fr\/blog\/ligue-des-champions-f-lyon-realise-la-belle-operation-en-allemagne-en-vue-du-dernier-carre\/\">apr\u00e8s avoir fait le plus dur en Allemagne la semaine derni\u00e8re<\/a>. Il fallait \u00e0 pr\u00e9sent confirmer \u00e0 la maison. Une mission loin d\u2019\u00eatre impossible, les Fenottes \u00e9tant invaincues au Parc OL depuis plus d\u2019un an. Face \u00e0 des Munichoises revanchardes et dos au mur, le d\u00e9part a \u00e9t\u00e9 timide. Puis la machine lyonnaise s\u2019est mise en route&#8230; pour ne plus s&rsquo;arr\u00eater.<\/p>\n<h2 style=\"text-align: justify;\">Klara B\u00fchl relance le Bayern<\/h2>\n<p style=\"text-align: justify;\">Les Allemandes n\u2019avaient pas le choix et ont donc entam\u00e9 un pressing intense d\u00e8s le coup d\u2019envoi. Le cuir a train\u00e9 bien souvent dans la surface rhodanienne, d\u00e9gag\u00e9 en catastrophe par la d\u00e9fense. \u00c0 l\u2019image d\u2019une <strong>Wendie Renard<\/strong> infranchissable, celle-ci a tenu bon. Mais pas \u00e9ternellement. Sauv\u00e9e \u00e0 plusieurs reprises, <strong>Endler<\/strong> n\u2019a rien pu faire sur une frappe crois\u00e9e de <strong>Klara B\u00fchl<\/strong> peu apr\u00e8s la demi-heure de jeu. Au d\u00e9part de l\u2019action, une perte de balle des Lyonnaises dans leur moiti\u00e9 de terrain.<\/p>\n<p style=\"text-align: justify;\">Domin\u00e9e dans ces 45 premi\u00e8res minutes, la formation de <strong>Joe Montemurro<\/strong> a bien eu quelques occasions, mais n\u2019a pas \u00e9t\u00e9 en mesure de concr\u00e9tiser. Le raid en solitaire de <strong>Tabitha Chawinga<\/strong> s\u2019est achev\u00e9 par un ext\u00e9rieur manqu\u00e9 (10\u2032), la t\u00eate piqu\u00e9e de la Malawite a \u00e9t\u00e9 capt\u00e9e sans souci par <strong>Grohs<\/strong> (26\u2032) et la frappe de <strong>Melchie Dumornay<\/strong> n\u2019a pas trouv\u00e9 le cadre (15\u2032). N\u00e9anmoins, toujours qualifi\u00e9es \u00e0 la pause, les Lyonnaises ont vite remis les pendules \u00e0 l\u2019heure.<\/p>\n<blockquote class=\"twitter-tweet\">\n<p dir=\"ltr\" lang=\"en\">\ud83d\ude00 Well, well, well, how the turntables&#8230;<\/p>\n<p>Watch the game live on DAZN &amp; join the DAZN FanZone \u25b6\ufe0f <a href=\"https:\/\/t.co\/dIfKpURfZv\">https:\/\/t.co\/dIfKpURfZv<\/a> <a href=\"https:\/\/twitter.com\/hashtag\/UWCLonDAZN?src=hash&amp;ref_src=twsrc%5Etfw\">#UWCLonDAZN<\/a> <a href=\"https:\/\/twitter.com\/hashtag\/UWCL?src=hash&amp;ref_src=twsrc%5Etfw\">#UWCL<\/a> <a href=\"https:\/\/t.co\/4jGml4pdHW\">pic.twitter.com\/4jGml4pdHW<\/a><\/p>\n<p>\u2014 DAZN Women&rsquo;s Football (@DAZNWFootball) <a href=\"https:\/\/twitter.com\/DAZNWFootball\/status\/1904972441044086785?ref_src=twsrc%5Etfw\">March 26, 2025<\/a><\/p><\/blockquote>\n<p style=\"text-align: justify;\"><script async src=\"https:\/\/platform.twitter.com\/widgets.js\" charset=\"utf-8\"><\/script><\/p>\n<h2 style=\"text-align: justify;\">Lyon se r\u00e9veille et valide sa place en demies<\/h2>\n<p style=\"text-align: justify;\">Le moins que l\u2019on puisse dire, c\u2019est que la pause a \u00e9t\u00e9 b\u00e9n\u00e9fique aux Lyonnaises. Et le retour sur la pelouse, tonitruant. Apr\u00e8s un gros travail c\u00f4t\u00e9 droit, <strong>Kadidiatou Diani<\/strong> a trouv\u00e9, en deux temps, <strong>Dumornay,<\/strong> qui a plac\u00e9 un coup de t\u00eate autoritaire (1-1). Moins de 10 minutes plus tard, la passeuse s\u2019est mu\u00e9e en buteuse, profitant d\u2019un contr\u00f4le manqu\u00e9 de <strong>Giulia Gwinn<\/strong> pour propulser le cuir au fond des filets (2-1). Dans tous les bons coups, <strong>Diani<\/strong> a continu\u00e9 son festival, servant cette fois sur un plateau <strong>Chawinga,<\/strong> qui n\u2019a eu qu\u2019\u00e0 mettre le pied en opposition (3-1, 60\u2032).<\/p>\n<p style=\"text-align: justify;\">Pour que la f\u00eate soit totale \u00e0 Lyon, <strong>Ada Hegerberg<\/strong> a sign\u00e9 son entr\u00e9e d\u2019une belle inspiration, servie \u00e0 la limite du hors-jeu par <strong>Dumornay<\/strong> dans le temps additionnel. Renversant, d\u00e9tonant, \u00e9tincelant, l\u2019OL s\u2019impose sans contestation 4-1 \u00e0 la maison et sera bien au rendez-vous des demi-finales. Reste \u00e0 savoir qui d\u2019Arsenal ou du Real Madrid rejoindra les Lyonnaises dans le dernier carr\u00e9 de la comp\u00e9tition.<\/p>\n<blockquote class=\"twitter-tweet\">\n<p dir=\"ltr\" lang=\"en\">\ud83d\udc51 Queen Hegerberg wraps up the tie, 4-1 for Lyon in 2nd leg, 6-1 on aggregate to go into semis!<\/p>\n<p>Watch the game live on DAZN &amp; join the DAZN FanZone \u25b6\ufe0f <a href=\"https:\/\/t.co\/dIfKpURfZv\">https:\/\/t.co\/dIfKpURfZv<\/a> <a href=\"https:\/\/twitter.com\/hashtag\/UWCLonDAZN?src=hash&amp;ref_src=twsrc%5Etfw\">#UWCLonDAZN<\/a> <a href=\"https:\/\/twitter.com\/hashtag\/UWCL?src=hash&amp;ref_src=twsrc%5Etfw\">#UWCL<\/a> <a href=\"https:\/\/t.co\/avstofp94y\">pic.twitter.com\/avstofp94y<\/a><\/p>\n<p>\u2014 DAZN Women&rsquo;s Football (@DAZNWFootball) <a href=\"https:\/\/twitter.com\/DAZNWFootball\/status\/1904983591991275671?ref_src=twsrc%5Etfw\">March 26, 2025<\/a><\/p><\/blockquote>\n<p style=\"text-align: justify;\"><script async src=\"https:\/\/platform.twitter.com\/widgets.js\" charset=\"utf-8\"><\/script><\/p>\n","protected":false},"excerpt":{"rendered":"<p>LIGUE DES CHAMPIONS F\u00c9MININES &#8211; Apr\u00e8s un premier acte timide, Lyon a remis les pendules \u00e0 l\u2019heure contre le Bayern Munich. Port\u00e9es par une grande Kadidiatou Diani, impliqu\u00e9e sur les trois buts rhodaniens, les Fenottes confirment 4-1 \u00e0 la maison et retrouvent le dernier carr\u00e9 de la comp\u00e9tition (cumul\u00e9 6-1).<\/p>\n","protected":false},"author":18,"featured_media":567749,"comment_status":"open","ping_status":"closed","sticky":false,"template":"","format":"standard","meta":{"_acf_changed":false,"_daextam_enable_autolinks":"1","footnotes":""},"categories":[47250],"tags":[4484,16878,75,4370,1328,449,2069,1146,24],"class_list":["post-567733","post","type-post","status-publish","format-standard","has-post-thumbnail","hentry","category-ligue-des-champions-de-football","tag-bayern-munich","tag-breve","tag-football","tag-kadidiatou-diani","tag-ligue-des-champions-feminine","tag-lyon","tag-ol-feminin","tag-olympique-lyonnais","tag-sport"],"acf":[],"yoast_head":"<!-- This site is optimized with the Yoast SEO Premium plugin v26.7 (Yoast SEO v26.7) - https:\/\/yoast.com\/wordpress\/plugins\/seo\/ -->\n<title>Ligue des Champions (F) : Lyon confirme contre le Bayern Munich et retrouve le dernier carr\u00e9<\/title>\n<meta name=\"description\" content=\"LIGUE DES CHAMPIONS F\u00c9MININES - Lyon confirme 4-1 \u00e0 la maison et file dans le dernier carr\u00e9 de la comp\u00e9tition (cumul\u00e9 6-1).\" \/>\n<meta name=\"robots\" content=\"index, follow, max-snippet:-1, max-image-preview:large, max-video-preview:-1\" \/>\n<link rel=\"canonical\" href=\"https:\/\/dicodusport.fr\/blog\/ligue-des-champions-f-lyon-confirme-contre-le-bayern-munich-et-retrouve-le-dernier-carre\/\" \/>\n<meta property=\"og:locale\" content=\"fr_FR\" \/>\n<meta property=\"og:type\" content=\"article\" \/>\n<meta property=\"og:title\" content=\"Ligue des Champions (F) : Lyon confirme contre le Bayern Munich et retrouve le dernier carr\u00e9\" \/>\n<meta property=\"og:description\" content=\"LIGUE DES CHAMPIONS F\u00c9MININES - Lyon confirme 4-1 \u00e0 la maison et file dans le dernier carr\u00e9 de la comp\u00e9tition (cumul\u00e9 6-1).\" \/>\n<meta property=\"og:url\" content=\"https:\/\/dicodusport.fr\/blog\/ligue-des-champions-f-lyon-confirme-contre-le-bayern-munich-et-retrouve-le-dernier-carre\/\" \/>\n<meta property=\"og:site_name\" content=\"Dicodusport\" \/>\n<meta property=\"article:publisher\" content=\"https:\/\/www.facebook.com\/dicodusport\" \/>\n<meta property=\"article:author\" content=\"https:\/\/www.facebook.com\/soocube\" \/>\n<meta property=\"article:published_time\" content=\"2025-03-26T19:40:09+00:00\" \/>\n<meta property=\"article:modified_time\" content=\"2025-09-16T05:59:27+00:00\" \/>\n<meta property=\"og:image\" content=\"https:\/\/dicodusport.fr\/blog\/wp-content\/uploads\/2025\/03\/Ligue-des-Champions-F-Lyon-confirme-contre-le-Bayern-Munich-et-retrouve-le-dernier-carre.png\" \/>\n\t<meta property=\"og:image:width\" content=\"1200\" \/>\n\t<meta property=\"og:image:height\" content=\"674\" \/>\n\t<meta property=\"og:image:type\" content=\"image\/png\" \/>\n<meta name=\"author\" content=\"Sophie Clapier\" \/>\n<meta name=\"twitter:card\" content=\"summary_large_image\" \/>\n<meta name=\"twitter:title\" content=\"Ligue des Champions (F) : Lyon confirme contre le Bayern Munich et retrouve le dernier carr\u00e9\" \/>\n<meta name=\"twitter:creator\" content=\"@https:\/\/twitter.com\/soocube\" \/>\n<meta name=\"twitter:site\" content=\"@dicodusport\" \/>\n<script type=\"application\/ld+json\" class=\"yoast-schema-graph\">{\"@context\":\"https:\/\/schema.org\",\"@graph\":[{\"@type\":\"NewsArticle\",\"@id\":\"https:\/\/dicodusport.fr\/blog\/ligue-des-champions-f-lyon-confirme-contre-le-bayern-munich-et-retrouve-le-dernier-carre\/#article\",\"isPartOf\":{\"@id\":\"https:\/\/dicodusport.fr\/blog\/ligue-des-champions-f-lyon-confirme-contre-le-bayern-munich-et-retrouve-le-dernier-carre\/\"},\"author\":{\"name\":\"Sophie Clapier\",\"@id\":\"https:\/\/dicodusport.fr\/blog\/#\/schema\/person\/416c975648aca9da8839bdfe333a21c9\"},\"headline\":\"Ligue des Champions (F) : Lyon confirme contre le Bayern Munich et retrouve le dernier carr\u00e9\",\"datePublished\":\"2025-03-26T19:40:09+00:00\",\"dateModified\":\"2025-09-16T05:59:27+00:00\",\"mainEntityOfPage\":{\"@id\":\"https:\/\/dicodusport.fr\/blog\/ligue-des-champions-f-lyon-confirme-contre-le-bayern-munich-et-retrouve-le-dernier-carre\/\"},\"wordCount\":608,\"commentCount\":0,\"publisher\":{\"@id\":\"https:\/\/dicodusport.fr\/blog\/#organization\"},\"image\":{\"@id\":\"https:\/\/dicodusport.fr\/blog\/ligue-des-champions-f-lyon-confirme-contre-le-bayern-munich-et-retrouve-le-dernier-carre\/#primaryimage\"},\"thumbnailUrl\":\"https:\/\/dicodusport.fr\/blog\/wp-content\/uploads\/2025\/03\/Ligue-des-Champions-F-Lyon-confirme-contre-le-Bayern-Munich-et-retrouve-le-dernier-carre.png\",\"keywords\":[\"Bayern Munich\",\"br\u00e8ve\",\"Football\",\"Kadidiatou Diani\",\"ligue des champions f\u00e9minine\",\"Lyon\",\"OL f\u00e9minin\",\"Olympique lyonnais\",\"sport\"],\"articleSection\":[\"Ligue des Champions de football\"],\"inLanguage\":\"fr-FR\",\"potentialAction\":[{\"@type\":\"CommentAction\",\"name\":\"Comment\",\"target\":[\"https:\/\/dicodusport.fr\/blog\/ligue-des-champions-f-lyon-confirme-contre-le-bayern-munich-et-retrouve-le-dernier-carre\/#respond\"]}],\"copyrightYear\":\"2025\",\"copyrightHolder\":{\"@id\":\"https:\/\/dicodusport.fr\/blog\/#organization\"}},{\"@type\":\"WebPage\",\"@id\":\"https:\/\/dicodusport.fr\/blog\/ligue-des-champions-f-lyon-confirme-contre-le-bayern-munich-et-retrouve-le-dernier-carre\/\",\"url\":\"https:\/\/dicodusport.fr\/blog\/ligue-des-champions-f-lyon-confirme-contre-le-bayern-munich-et-retrouve-le-dernier-carre\/\",\"name\":\"Ligue des Champions (F) : Lyon confirme contre le Bayern Munich et retrouve le dernier carr\u00e9\",\"isPartOf\":{\"@id\":\"https:\/\/dicodusport.fr\/blog\/#website\"},\"primaryImageOfPage\":{\"@id\":\"https:\/\/dicodusport.fr\/blog\/ligue-des-champions-f-lyon-confirme-contre-le-bayern-munich-et-retrouve-le-dernier-carre\/#primaryimage\"},\"image\":{\"@id\":\"https:\/\/dicodusport.fr\/blog\/ligue-des-champions-f-lyon-confirme-contre-le-bayern-munich-et-retrouve-le-dernier-carre\/#primaryimage\"},\"thumbnailUrl\":\"https:\/\/dicodusport.fr\/blog\/wp-content\/uploads\/2025\/03\/Ligue-des-Champions-F-Lyon-confirme-contre-le-Bayern-Munich-et-retrouve-le-dernier-carre.png\",\"datePublished\":\"2025-03-26T19:40:09+00:00\",\"dateModified\":\"2025-09-16T05:59:27+00:00\",\"description\":\"LIGUE DES CHAMPIONS F\u00c9MININES - Lyon confirme 4-1 \u00e0 la maison et file dans le dernier carr\u00e9 de la comp\u00e9tition (cumul\u00e9 6-1).\",\"breadcrumb\":{\"@id\":\"https:\/\/dicodusport.fr\/blog\/ligue-des-champions-f-lyon-confirme-contre-le-bayern-munich-et-retrouve-le-dernier-carre\/#breadcrumb\"},\"inLanguage\":\"fr-FR\",\"potentialAction\":[{\"@type\":\"ReadAction\",\"target\":[\"https:\/\/dicodusport.fr\/blog\/ligue-des-champions-f-lyon-confirme-contre-le-bayern-munich-et-retrouve-le-dernier-carre\/\"]}]},{\"@type\":\"ImageObject\",\"inLanguage\":\"fr-FR\",\"@id\":\"https:\/\/dicodusport.fr\/blog\/ligue-des-champions-f-lyon-confirme-contre-le-bayern-munich-et-retrouve-le-dernier-carre\/#primaryimage\",\"url\":\"https:\/\/dicodusport.fr\/blog\/wp-content\/uploads\/2025\/03\/Ligue-des-Champions-F-Lyon-confirme-contre-le-Bayern-Munich-et-retrouve-le-dernier-carre.png\",\"contentUrl\":\"https:\/\/dicodusport.fr\/blog\/wp-content\/uploads\/2025\/03\/Ligue-des-Champions-F-Lyon-confirme-contre-le-Bayern-Munich-et-retrouve-le-dernier-carre.png\",\"width\":1200,\"height\":674,\"caption\":\"Ligue des Champions (F) Lyon confirme contre le Bayern Munich et retrouve le dernier carr\u00e9\"},{\"@type\":\"BreadcrumbList\",\"@id\":\"https:\/\/dicodusport.fr\/blog\/ligue-des-champions-f-lyon-confirme-contre-le-bayern-munich-et-retrouve-le-dernier-carre\/#breadcrumb\",\"itemListElement\":[{\"@type\":\"ListItem\",\"position\":1,\"name\":\"Accueil\",\"item\":\"https:\/\/dicodusport.fr\/blog\/\"},{\"@type\":\"ListItem\",\"position\":2,\"name\":\"Ligue des Champions (F) : Lyon confirme contre le Bayern Munich et retrouve le dernier carr\u00e9\"}]},{\"@type\":\"WebSite\",\"@id\":\"https:\/\/dicodusport.fr\/blog\/#website\",\"url\":\"https:\/\/dicodusport.fr\/blog\/\",\"name\":\"Dicodusport\",\"description\":\"L&#039;encyclop\u00e9die de l&#039;actualit\u00e9 sportive\",\"publisher\":{\"@id\":\"https:\/\/dicodusport.fr\/blog\/#organization\"},\"potentialAction\":[{\"@type\":\"SearchAction\",\"target\":{\"@type\":\"EntryPoint\",\"urlTemplate\":\"https:\/\/dicodusport.fr\/blog\/?s={search_term_string}\"},\"query-input\":{\"@type\":\"PropertyValueSpecification\",\"valueRequired\":true,\"valueName\":\"search_term_string\"}}],\"inLanguage\":\"fr-FR\"},{\"@type\":\"NewsMediaOrganization\",\"@id\":\"https:\/\/dicodusport.fr\/blog\/#organization\",\"name\":\"Dicodusport\",\"url\":\"https:\/\/dicodusport.fr\/blog\/\",\"logo\":{\"@type\":\"ImageObject\",\"inLanguage\":\"fr-FR\",\"@id\":\"https:\/\/dicodusport.fr\/blog\/#\/schema\/logo\/image\/\",\"url\":\"https:\/\/dicodusport.fr\/blog\/wp-content\/uploads\/2020\/06\/cropped-LOGO-DICODUSPORT-2020-SANS-FOND-SANS-TEXTE.png\",\"contentUrl\":\"https:\/\/dicodusport.fr\/blog\/wp-content\/uploads\/2020\/06\/cropped-LOGO-DICODUSPORT-2020-SANS-FOND-SANS-TEXTE.png\",\"width\":512,\"height\":512,\"caption\":\"Dicodusport\"},\"image\":{\"@id\":\"https:\/\/dicodusport.fr\/blog\/#\/schema\/logo\/image\/\"},\"sameAs\":[\"https:\/\/www.facebook.com\/dicodusport\",\"https:\/\/x.com\/dicodusport\",\"https:\/\/www.instagram.com\/dicodusport\/\",\"https:\/\/www.youtube.com\/channel\/UC7V2KZ5sd3htJivAbA4ZG3w\"],\"description\":\"Dicodusport est l'encyclop\u00e9die de l'actualit\u00e9 sportive.\",\"email\":\"bonjour@dicodusport.fr\",\"legalName\":\"DICODUSPORT\",\"foundingDate\":\"2018-01-14\",\"vatID\":\"FR71834470973\",\"taxID\":\"83447097300043\",\"numberOfEmployees\":{\"@type\":\"QuantitativeValue\",\"minValue\":\"1\",\"maxValue\":\"10\"}},{\"@type\":\"Person\",\"@id\":\"https:\/\/dicodusport.fr\/blog\/#\/schema\/person\/416c975648aca9da8839bdfe333a21c9\",\"name\":\"Sophie Clapier\",\"image\":{\"@type\":\"ImageObject\",\"inLanguage\":\"fr-FR\",\"@id\":\"https:\/\/dicodusport.fr\/blog\/#\/schema\/person\/image\/\",\"url\":\"https:\/\/dicodusport.fr\/blog\/wp-content\/uploads\/2021\/05\/Sophie-Clapier-150x150.jpg\",\"contentUrl\":\"https:\/\/dicodusport.fr\/blog\/wp-content\/uploads\/2021\/05\/Sophie-Clapier-150x150.jpg\",\"caption\":\"Sophie Clapier\"},\"description\":\"Journaliste\/r\u00e9dactrice depuis janvier 2016 - Passionn\u00e9e de sport depuis toujours, j\u2019en ai pratiqu\u00e9 quelques-uns. Judo, football, handball ou encore tennis, je n\u2019ai jamais pu me mettre d\u2019accord sur un en particulier. Mais \u00e7a, c\u2019\u00e9tait avant de d\u00e9couvrir le basket, devenu mon sport de pr\u00e9dilection. Les actions NBA, le All-Star Week-end, la fureur des Game 7 pendant les playoffs ou mieux, lors des Finals, this is why we play. Team Spurs T.P, je m\u2019accroche encore \u00e0 Gregg Popovich (don\u2019t leave !). Team chef Curry, je souhaite qu\u2019il finisse aux Warriors (staaaay !). Non, il n\u2019y a pas qu\u2019eux, des petits nouveaux -et des petites nouvelles \u00e9videmment- arrivent chaque jour dans toutes les disciplines et cr\u00e9ent de nouveaux exploits. Alors pour les grands \u00e9v\u00e9nements et comp\u00e9titions internationales, vive les pulsations 240\/minutes et le d\u00e9fibrillateur pas loin, et allez les Bleu(e)s ! C\u2019est s\u00fbr, j\u2019aurai plus vu ma vie sur un terrain de sport, mais \u00e0 d\u00e9faut d\u2019en faire en haut niveau, je le partage avec vous.\",\"sameAs\":[\"https:\/\/www.facebook.com\/soocube\",\"https:\/\/x.com\/https:\/\/twitter.com\/soocube\",\"admin\"],\"url\":\"https:\/\/dicodusport.fr\/blog\/author\/sophie\/\"}]}<\/script>\n<!-- \/ Yoast SEO Premium plugin. -->","yoast_head_json":{"title":"Ligue des Champions (F) : Lyon confirme contre le Bayern Munich et retrouve le dernier carr\u00e9","description":"LIGUE DES CHAMPIONS F\u00c9MININES - Lyon confirme 4-1 \u00e0 la maison et file dans le dernier carr\u00e9 de la comp\u00e9tition (cumul\u00e9 6-1).","robots":{"index":"index","follow":"follow","max-snippet":"max-snippet:-1","max-image-preview":"max-image-preview:large","max-video-preview":"max-video-preview:-1"},"canonical":"https:\/\/dicodusport.fr\/blog\/ligue-des-champions-f-lyon-confirme-contre-le-bayern-munich-et-retrouve-le-dernier-carre\/","og_locale":"fr_FR","og_type":"article","og_title":"Ligue des Champions (F) : Lyon confirme contre le Bayern Munich et retrouve le dernier carr\u00e9","og_description":"LIGUE DES CHAMPIONS F\u00c9MININES - Lyon confirme 4-1 \u00e0 la maison et file dans le dernier carr\u00e9 de la comp\u00e9tition (cumul\u00e9 6-1).","og_url":"https:\/\/dicodusport.fr\/blog\/ligue-des-champions-f-lyon-confirme-contre-le-bayern-munich-et-retrouve-le-dernier-carre\/","og_site_name":"Dicodusport","article_publisher":"https:\/\/www.facebook.com\/dicodusport","article_author":"https:\/\/www.facebook.com\/soocube","article_published_time":"2025-03-26T19:40:09+00:00","article_modified_time":"2025-09-16T05:59:27+00:00","og_image":[{"width":1200,"height":674,"url":"https:\/\/dicodusport.fr\/blog\/wp-content\/uploads\/2025\/03\/Ligue-des-Champions-F-Lyon-confirme-contre-le-Bayern-Munich-et-retrouve-le-dernier-carre.png","type":"image\/png"}],"author":"Sophie Clapier","twitter_card":"summary_large_image","twitter_title":"Ligue des Champions (F) : Lyon confirme contre le Bayern Munich et retrouve le dernier carr\u00e9","twitter_creator":"@https:\/\/twitter.com\/soocube","twitter_site":"@dicodusport","schema":{"@context":"https:\/\/schema.org","@graph":[{"@type":"NewsArticle","@id":"https:\/\/dicodusport.fr\/blog\/ligue-des-champions-f-lyon-confirme-contre-le-bayern-munich-et-retrouve-le-dernier-carre\/#article","isPartOf":{"@id":"https:\/\/dicodusport.fr\/blog\/ligue-des-champions-f-lyon-confirme-contre-le-bayern-munich-et-retrouve-le-dernier-carre\/"},"author":{"name":"Sophie Clapier","@id":"https:\/\/dicodusport.fr\/blog\/#\/schema\/person\/416c975648aca9da8839bdfe333a21c9"},"headline":"Ligue des Champions (F) : Lyon confirme contre le Bayern Munich et retrouve le dernier carr\u00e9","datePublished":"2025-03-26T19:40:09+00:00","dateModified":"2025-09-16T05:59:27+00:00","mainEntityOfPage":{"@id":"https:\/\/dicodusport.fr\/blog\/ligue-des-champions-f-lyon-confirme-contre-le-bayern-munich-et-retrouve-le-dernier-carre\/"},"wordCount":608,"commentCount":0,"publisher":{"@id":"https:\/\/dicodusport.fr\/blog\/#organization"},"image":{"@id":"https:\/\/dicodusport.fr\/blog\/ligue-des-champions-f-lyon-confirme-contre-le-bayern-munich-et-retrouve-le-dernier-carre\/#primaryimage"},"thumbnailUrl":"https:\/\/dicodusport.fr\/blog\/wp-content\/uploads\/2025\/03\/Ligue-des-Champions-F-Lyon-confirme-contre-le-Bayern-Munich-et-retrouve-le-dernier-carre.png","keywords":["Bayern Munich","br\u00e8ve","Football","Kadidiatou Diani","ligue des champions f\u00e9minine","Lyon","OL f\u00e9minin","Olympique lyonnais","sport"],"articleSection":["Ligue des Champions de football"],"inLanguage":"fr-FR","potentialAction":[{"@type":"CommentAction","name":"Comment","target":["https:\/\/dicodusport.fr\/blog\/ligue-des-champions-f-lyon-confirme-contre-le-bayern-munich-et-retrouve-le-dernier-carre\/#respond"]}],"copyrightYear":"2025","copyrightHolder":{"@id":"https:\/\/dicodusport.fr\/blog\/#organization"}},{"@type":"WebPage","@id":"https:\/\/dicodusport.fr\/blog\/ligue-des-champions-f-lyon-confirme-contre-le-bayern-munich-et-retrouve-le-dernier-carre\/","url":"https:\/\/dicodusport.fr\/blog\/ligue-des-champions-f-lyon-confirme-contre-le-bayern-munich-et-retrouve-le-dernier-carre\/","name":"Ligue des Champions (F) : Lyon confirme contre le Bayern Munich et retrouve le dernier carr\u00e9","isPartOf":{"@id":"https:\/\/dicodusport.fr\/blog\/#website"},"primaryImageOfPage":{"@id":"https:\/\/dicodusport.fr\/blog\/ligue-des-champions-f-lyon-confirme-contre-le-bayern-munich-et-retrouve-le-dernier-carre\/#primaryimage"},"image":{"@id":"https:\/\/dicodusport.fr\/blog\/ligue-des-champions-f-lyon-confirme-contre-le-bayern-munich-et-retrouve-le-dernier-carre\/#primaryimage"},"thumbnailUrl":"https:\/\/dicodusport.fr\/blog\/wp-content\/uploads\/2025\/03\/Ligue-des-Champions-F-Lyon-confirme-contre-le-Bayern-Munich-et-retrouve-le-dernier-carre.png","datePublished":"2025-03-26T19:40:09+00:00","dateModified":"2025-09-16T05:59:27+00:00","description":"LIGUE DES CHAMPIONS F\u00c9MININES - Lyon confirme 4-1 \u00e0 la maison et file dans le dernier carr\u00e9 de la comp\u00e9tition (cumul\u00e9 6-1).","breadcrumb":{"@id":"https:\/\/dicodusport.fr\/blog\/ligue-des-champions-f-lyon-confirme-contre-le-bayern-munich-et-retrouve-le-dernier-carre\/#breadcrumb"},"inLanguage":"fr-FR","potentialAction":[{"@type":"ReadAction","target":["https:\/\/dicodusport.fr\/blog\/ligue-des-champions-f-lyon-confirme-contre-le-bayern-munich-et-retrouve-le-dernier-carre\/"]}]},{"@type":"ImageObject","inLanguage":"fr-FR","@id":"https:\/\/dicodusport.fr\/blog\/ligue-des-champions-f-lyon-confirme-contre-le-bayern-munich-et-retrouve-le-dernier-carre\/#primaryimage","url":"https:\/\/dicodusport.fr\/blog\/wp-content\/uploads\/2025\/03\/Ligue-des-Champions-F-Lyon-confirme-contre-le-Bayern-Munich-et-retrouve-le-dernier-carre.png","contentUrl":"https:\/\/dicodusport.fr\/blog\/wp-content\/uploads\/2025\/03\/Ligue-des-Champions-F-Lyon-confirme-contre-le-Bayern-Munich-et-retrouve-le-dernier-carre.png","width":1200,"height":674,"caption":"Ligue des Champions (F) Lyon confirme contre le Bayern Munich et retrouve le dernier carr\u00e9"},{"@type":"BreadcrumbList","@id":"https:\/\/dicodusport.fr\/blog\/ligue-des-champions-f-lyon-confirme-contre-le-bayern-munich-et-retrouve-le-dernier-carre\/#breadcrumb","itemListElement":[{"@type":"ListItem","position":1,"name":"Accueil","item":"https:\/\/dicodusport.fr\/blog\/"},{"@type":"ListItem","position":2,"name":"Ligue des Champions (F) : Lyon confirme contre le Bayern Munich et retrouve le dernier carr\u00e9"}]},{"@type":"WebSite","@id":"https:\/\/dicodusport.fr\/blog\/#website","url":"https:\/\/dicodusport.fr\/blog\/","name":"Dicodusport","description":"L&#039;encyclop\u00e9die de l&#039;actualit\u00e9 sportive","publisher":{"@id":"https:\/\/dicodusport.fr\/blog\/#organization"},"potentialAction":[{"@type":"SearchAction","target":{"@type":"EntryPoint","urlTemplate":"https:\/\/dicodusport.fr\/blog\/?s={search_term_string}"},"query-input":{"@type":"PropertyValueSpecification","valueRequired":true,"valueName":"search_term_string"}}],"inLanguage":"fr-FR"},{"@type":"NewsMediaOrganization","@id":"https:\/\/dicodusport.fr\/blog\/#organization","name":"Dicodusport","url":"https:\/\/dicodusport.fr\/blog\/","logo":{"@type":"ImageObject","inLanguage":"fr-FR","@id":"https:\/\/dicodusport.fr\/blog\/#\/schema\/logo\/image\/","url":"https:\/\/dicodusport.fr\/blog\/wp-content\/uploads\/2020\/06\/cropped-LOGO-DICODUSPORT-2020-SANS-FOND-SANS-TEXTE.png","contentUrl":"https:\/\/dicodusport.fr\/blog\/wp-content\/uploads\/2020\/06\/cropped-LOGO-DICODUSPORT-2020-SANS-FOND-SANS-TEXTE.png","width":512,"height":512,"caption":"Dicodusport"},"image":{"@id":"https:\/\/dicodusport.fr\/blog\/#\/schema\/logo\/image\/"},"sameAs":["https:\/\/www.facebook.com\/dicodusport","https:\/\/x.com\/dicodusport","https:\/\/www.instagram.com\/dicodusport\/","https:\/\/www.youtube.com\/channel\/UC7V2KZ5sd3htJivAbA4ZG3w"],"description":"Dicodusport est l'encyclop\u00e9die de l'actualit\u00e9 sportive.","email":"bonjour@dicodusport.fr","legalName":"DICODUSPORT","foundingDate":"2018-01-14","vatID":"FR71834470973","taxID":"83447097300043","numberOfEmployees":{"@type":"QuantitativeValue","minValue":"1","maxValue":"10"}},{"@type":"Person","@id":"https:\/\/dicodusport.fr\/blog\/#\/schema\/person\/416c975648aca9da8839bdfe333a21c9","name":"Sophie Clapier","image":{"@type":"ImageObject","inLanguage":"fr-FR","@id":"https:\/\/dicodusport.fr\/blog\/#\/schema\/person\/image\/","url":"https:\/\/dicodusport.fr\/blog\/wp-content\/uploads\/2021\/05\/Sophie-Clapier-150x150.jpg","contentUrl":"https:\/\/dicodusport.fr\/blog\/wp-content\/uploads\/2021\/05\/Sophie-Clapier-150x150.jpg","caption":"Sophie Clapier"},"description":"Journaliste\/r\u00e9dactrice depuis janvier 2016 - Passionn\u00e9e de sport depuis toujours, j\u2019en ai pratiqu\u00e9 quelques-uns. Judo, football, handball ou encore tennis, je n\u2019ai jamais pu me mettre d\u2019accord sur un en particulier. Mais \u00e7a, c\u2019\u00e9tait avant de d\u00e9couvrir le basket, devenu mon sport de pr\u00e9dilection. Les actions NBA, le All-Star Week-end, la fureur des Game 7 pendant les playoffs ou mieux, lors des Finals, this is why we play. Team Spurs T.P, je m\u2019accroche encore \u00e0 Gregg Popovich (don\u2019t leave !). Team chef Curry, je souhaite qu\u2019il finisse aux Warriors (staaaay !). Non, il n\u2019y a pas qu\u2019eux, des petits nouveaux -et des petites nouvelles \u00e9videmment- arrivent chaque jour dans toutes les disciplines et cr\u00e9ent de nouveaux exploits. Alors pour les grands \u00e9v\u00e9nements et comp\u00e9titions internationales, vive les pulsations 240\/minutes et le d\u00e9fibrillateur pas loin, et allez les Bleu(e)s ! C\u2019est s\u00fbr, j\u2019aurai plus vu ma vie sur un terrain de sport, mais \u00e0 d\u00e9faut d\u2019en faire en haut niveau, je le partage avec vous.","sameAs":["https:\/\/www.facebook.com\/soocube","https:\/\/x.com\/https:\/\/twitter.com\/soocube","admin"],"url":"https:\/\/dicodusport.fr\/blog\/author\/sophie\/"}]}},"_links":{"self":[{"href":"https:\/\/dicodusport.fr\/blog\/wp-json\/wp\/v2\/posts\/567733","targetHints":{"allow":["GET"]}}],"collection":[{"href":"https:\/\/dicodusport.fr\/blog\/wp-json\/wp\/v2\/posts"}],"about":[{"href":"https:\/\/dicodusport.fr\/blog\/wp-json\/wp\/v2\/types\/post"}],"author":[{"embeddable":true,"href":"https:\/\/dicodusport.fr\/blog\/wp-json\/wp\/v2\/users\/18"}],"replies":[{"embeddable":true,"href":"https:\/\/dicodusport.fr\/blog\/wp-json\/wp\/v2\/comments?post=567733"}],"version-history":[{"count":5,"href":"https:\/\/dicodusport.fr\/blog\/wp-json\/wp\/v2\/posts\/567733\/revisions"}],"predecessor-version":[{"id":567765,"href":"https:\/\/dicodusport.fr\/blog\/wp-json\/wp\/v2\/posts\/567733\/revisions\/567765"}],"wp:featuredmedia":[{"embeddable":true,"href":"https:\/\/dicodusport.fr\/blog\/wp-json\/wp\/v2\/media\/567749"}],"wp:attachment":[{"href":"https:\/\/dicodusport.fr\/blog\/wp-json\/wp\/v2\/media?parent=567733"}],"wp:term":[{"taxonomy":"category","embeddable":true,"href":"https:\/\/dicodusport.fr\/blog\/wp-json\/wp\/v2\/categories?post=567733"},{"taxonomy":"post_tag","embeddable":true,"href":"https:\/\/dicodusport.fr\/blog\/wp-json\/wp\/v2\/tags?post=567733"}],"curies":[{"name":"wp","href":"https:\/\/api.w.org\/{rel}","templated":true}]}}