{"id":568116,"date":"2025-03-28T08:20:25","date_gmt":"2025-03-28T07:20:25","guid":{"rendered":"https:\/\/dicodusport.fr\/blog\/?p=568116&#038;preview=true&#038;preview_id=568116"},"modified":"2025-03-28T15:22:33","modified_gmt":"2025-03-28T14:22:33","slug":"gp-e3-saxo-classic-2025-cotes-pronostic-et-favoris","status":"publish","type":"post","link":"https:\/\/dicodusport.fr\/blog\/gp-e3-saxo-classic-2025-cotes-pronostic-et-favoris\/","title":{"rendered":"GP E3 Saxo Classic 2025 : Cotes, Pronostic et Favoris"},"content":{"rendered":"<h4 style=\"text-align: justify;\"><em><strong style=\"font-weight: bold;\">GRAND PRIX E3 2025<\/strong><b> &#8211; \u00c0 une semaine du Tour des Flandres, place au Grand Prix E3 ce vendredi. D\u00e9couvrez nos deux favoris pour le GP E3 Saxo Classic 2025.<\/b><\/em><\/h4>\n<ul>\n<li><strong>\u00c0 lire aussi &#8211; <a href=\"https:\/\/dicodusport.fr\/blog\/gp-e3-saxo-classic-2025-parcours-detaille-profil-et-favoris\/\" target=\"_blank\" rel=\"noopener\">GP E3 Saxo Classic 2025 : Parcours d\u00e9taill\u00e9, profil et favoris<\/a><\/strong><\/li>\n<\/ul>\n<h2 style=\"text-align: justify;\">Notre favori : Mathieu van der Poel<\/h2>\n<p style=\"text-align: justify;\"><strong>Mathieu van der Poel<\/strong> reste sur une magnifique victoire sur <a href=\"https:\/\/dicodusport.fr\/blog\/milan-san-remo-2025-mathieu-van-der-poel-remporte-une-magnifique-116eme-edition\/\"><strong>Milan-San Remo<\/strong><\/a>, au terme d&rsquo;un final \u00e0 couper le souffler avec <strong>Tadej<\/strong> <strong>Pogacar<\/strong>. Le <strong>Slov\u00e8ne<\/strong> est absent, et le N\u00e9erlandais voudra probablement lui envoyer un message, avant de le retrouver sur le Tour des Flandres et Paris-Roubaix.<\/p>\n<table style=\"width: 100%;\">\n<tbody>\n<tr style=\"height: 16px;\">\n<td style=\"border-color: #ffffff; background-color: #404040; text-align: left; vertical-align: middle; width: 600px;\"><strong><span style=\"font-size: 12px; color: #ffffff;\">Cyclisme &#8211; Vendredi 28 mars &#8211; 12h45 &#8211; Grand Prix E3 2025<\/span><\/strong><\/td>\n<td style=\"border-color: #ffffff; background-color: #525252; text-align: center; vertical-align: middle; width: 200px;\"><span style=\"font-size: 12px; color: #ffffff;\">1<\/span><\/td>\n<\/tr>\n<tr style=\"height: 24px;\">\n<td style=\"border-color: #ffffff; background-color: #ffffff; text-align: justify; vertical-align: middle; width: 600px;\"><span style=\"font-size: 14px; color: #000000;\"><strong>Mathieu van der Poel<\/strong><\/span><\/td>\n<td style=\"border-color: #ffffff; background-color: #ffffff; text-align: center; vertical-align: middle; width: 200px;\"><span style=\"font-size: 10px;\"><a href=\"https:\/\/www.winamax.fr\/paris-sportifs\/match\/1000081564?banid=33431\" class=\"su-button su-button-style-flat\" style=\"color:black;background-color:#FAE100;border-color:#c8b400;border-radius:5px\" target=\"_blank\" rel=\"noopener noreferrer\"><span style=\"color:black;padding:0px 16px;font-size:13px;line-height:26px;border-color:#fcea4d;border-radius:5px;text-shadow:none\"> 2.25<\/span><\/a><\/span><\/td>\n<\/tr>\n<\/tbody>\n<\/table>\n<hr \/>\n<ul>\n<li><strong>\u00c0 lire aussi &#8211; <a href=\"https:\/\/dicodusport.fr\/blog\/gp-e3-saxo-classic-2025-engages-date-heure-et-chaine-tv\/\" target=\"_blank\" rel=\"noopener\">GP E3 Saxo Classic 2025 : Engag\u00e9s, Date, Heure et Cha\u00eene TV<\/a><\/strong><\/li>\n<\/ul>\n<h2 style=\"text-align: justify;\">Notre coup \u00e0 tenter : Mads Pedersen<\/h2>\n<p style=\"text-align: justify;\">Malade en tout d\u00e9but de saison, le Danois est mont\u00e9 en puissance ensuite. S&rsquo;il n&rsquo;a toujours pas remport\u00e9 de Monument, il a montr\u00e9 qu&rsquo;il \u00e9tait capable de battre <strong>Mathieu<\/strong> <strong>van<\/strong> <strong>der<\/strong> <strong>Poel<\/strong> \u00e0 la r\u00e9guli\u00e8re, comme sur <strong><a href=\"https:\/\/dicodusport.fr\/blog\/gand-wevelgem-2024-mads-pedersen-soffre-mathieu-van-der-poel\/\">Gand-Wevelgem<\/a><\/strong> en 2024. <strong>Mads Pedersen<\/strong> a une belle carte \u00e0 jouer s&rsquo;il arrive \u00e0 rester avec ses adversaires les plus offensifs.<\/p>\n<table style=\"width: 100%;\">\n<tbody>\n<tr style=\"height: 16px;\">\n<td style=\"border-color: #ffffff; background-color: #404040; text-align: left; vertical-align: middle; width: 600px;\"><strong><span style=\"font-size: 12px; color: #ffffff;\">Cyclisme &#8211; Vendredi 28 mars &#8211; 12h45 &#8211; Grand Prix E3 2025<\/span><\/strong><\/td>\n<td style=\"border-color: #ffffff; background-color: #525252; text-align: center; vertical-align: middle; width: 200px;\"><span style=\"font-size: 12px; color: #ffffff;\">1<\/span><\/td>\n<\/tr>\n<tr style=\"height: 24px;\">\n<td style=\"border-color: #ffffff; background-color: #ffffff; text-align: justify; vertical-align: middle; width: 600px;\"><span style=\"font-size: 14px; color: #000000;\"><span style=\"color: #000000;\"><span style=\"font-size: 14px;\"><b>Mads<\/b><\/span><\/span><b style=\"color: #000000; font-size: 14px;\"> Pedersen<\/b><\/span><\/td>\n<td style=\"border-color: #ffffff; background-color: #ffffff; text-align: center; vertical-align: middle; width: 200px;\"><span style=\"font-size: 10px;\"><a href=\"https:\/\/www.winamax.fr\/paris-sportifs\/match\/1000081564?banid=33431\" class=\"su-button su-button-style-flat\" style=\"color:black;background-color:#FAE100;border-color:#c8b400;border-radius:5px\" target=\"_blank\" rel=\"noopener noreferrer\"><span style=\"color:black;padding:0px 16px;font-size:13px;line-height:26px;border-color:#fcea4d;border-radius:5px;text-shadow:none\"> 10<\/span><\/a><\/span><\/td>\n<\/tr>\n<\/tbody>\n<\/table>\n","protected":false},"excerpt":{"rendered":"<p>GRAND PRIX E3 2023 &#8211; Comme chaque ann\u00e9e, le Grand Prix E3, \u00e9galement appel\u00e9 E3 Saxo Bank Classic, est la premi\u00e8re grosse r\u00e9p\u00e9tition avant le Tour des Flandres. D\u00e9couvrez nos deux favoris pour le Grand Prix E3 2023.<\/p>\n","protected":false},"author":1,"featured_media":568118,"comment_status":"open","ping_status":"closed","sticky":false,"template":"","format":"standard","meta":{"_acf_changed":false,"_daextam_enable_autolinks":"1","footnotes":""},"categories":[46994],"tags":[16878,574,7528,26327,6597],"class_list":["post-568116","post","type-post","status-publish","format-standard","has-post-thumbnail","hentry","category-cyclisme-sur-route","tag-breve","tag-cyclisme","tag-grand-prix-e3","tag-mads-pedersen","tag-mathieu-van-der-poel"],"acf":[],"yoast_head":"<!-- This site is optimized with the Yoast SEO Premium plugin v26.7 (Yoast SEO v26.7) - https:\/\/yoast.com\/wordpress\/plugins\/seo\/ -->\n<title>GP E3 Saxo Classic 2025 : Cotes, Pronostic et Favoris<\/title>\n<meta name=\"description\" content=\"GRAND PRIX E3 2025 - \u00c0 une semaine du Tour des Flandres, place au Grand Prix E3 ce vendredi. D\u00e9couvrez nos deux favoris pour le GP E3 Saxo Classic 2025.\" \/>\n<meta name=\"robots\" content=\"index, follow, max-snippet:-1, max-image-preview:large, max-video-preview:-1\" \/>\n<link rel=\"canonical\" href=\"https:\/\/dicodusport.fr\/blog\/gp-e3-saxo-classic-2025-cotes-pronostic-et-favoris\/\" \/>\n<meta property=\"og:locale\" content=\"fr_FR\" \/>\n<meta property=\"og:type\" content=\"article\" \/>\n<meta property=\"og:title\" content=\"GP E3 Saxo Classic 2025 : Cotes, Pronostic et Favoris\" \/>\n<meta property=\"og:description\" content=\"GRAND PRIX E3 2025 - \u00c0 une semaine du Tour des Flandres, place au Grand Prix E3 ce vendredi. D\u00e9couvrez nos deux favoris pour le GP E3 Saxo Classic 2025.\" \/>\n<meta property=\"og:url\" content=\"https:\/\/dicodusport.fr\/blog\/gp-e3-saxo-classic-2025-cotes-pronostic-et-favoris\/\" \/>\n<meta property=\"og:site_name\" content=\"Dicodusport\" \/>\n<meta property=\"article:publisher\" content=\"https:\/\/www.facebook.com\/dicodusport\" \/>\n<meta property=\"article:author\" content=\"https:\/\/www.facebook.com\/dicodusport\" \/>\n<meta property=\"article:published_time\" content=\"2025-03-28T07:20:25+00:00\" \/>\n<meta property=\"article:modified_time\" content=\"2025-03-28T14:22:33+00:00\" \/>\n<meta property=\"og:image\" content=\"https:\/\/dicodusport.fr\/blog\/wp-content\/uploads\/2025\/03\/GP-E3-Saxo-Classic-2025-Cotes-Pronostic-et-Favoris.png\" \/>\n\t<meta property=\"og:image:width\" content=\"1200\" \/>\n\t<meta property=\"og:image:height\" content=\"674\" \/>\n\t<meta property=\"og:image:type\" content=\"image\/png\" \/>\n<meta name=\"author\" content=\"Nicolas Jacquemard\" \/>\n<meta name=\"twitter:card\" content=\"summary_large_image\" \/>\n<meta name=\"twitter:title\" content=\"GP E3 Saxo Classic 2025 : Cotes, Pronostic et Favoris\" \/>\n<meta name=\"twitter:creator\" content=\"@https:\/\/twitter.com\/Nico_Jacquemard\" \/>\n<meta name=\"twitter:site\" content=\"@dicodusport\" \/>\n<script type=\"application\/ld+json\" class=\"yoast-schema-graph\">{\"@context\":\"https:\/\/schema.org\",\"@graph\":[{\"@type\":\"NewsArticle\",\"@id\":\"https:\/\/dicodusport.fr\/blog\/gp-e3-saxo-classic-2025-cotes-pronostic-et-favoris\/#article\",\"isPartOf\":{\"@id\":\"https:\/\/dicodusport.fr\/blog\/gp-e3-saxo-classic-2025-cotes-pronostic-et-favoris\/\"},\"author\":{\"name\":\"Nicolas Jacquemard\",\"@id\":\"https:\/\/dicodusport.fr\/blog\/#\/schema\/person\/55dcb50ad410894e431ed812bbb70191\"},\"headline\":\"GP E3 Saxo Classic 2025 : Cotes, Pronostic et Favoris\",\"datePublished\":\"2025-03-28T07:20:25+00:00\",\"dateModified\":\"2025-03-28T14:22:33+00:00\",\"mainEntityOfPage\":{\"@id\":\"https:\/\/dicodusport.fr\/blog\/gp-e3-saxo-classic-2025-cotes-pronostic-et-favoris\/\"},\"wordCount\":255,\"commentCount\":0,\"publisher\":{\"@id\":\"https:\/\/dicodusport.fr\/blog\/#organization\"},\"image\":{\"@id\":\"https:\/\/dicodusport.fr\/blog\/gp-e3-saxo-classic-2025-cotes-pronostic-et-favoris\/#primaryimage\"},\"thumbnailUrl\":\"https:\/\/dicodusport.fr\/blog\/wp-content\/uploads\/2025\/03\/GP-E3-Saxo-Classic-2025-Cotes-Pronostic-et-Favoris.png\",\"keywords\":[\"br\u00e8ve\",\"Cyclisme\",\"Grand Prix E3\",\"Mads Pedersen\",\"Mathieu van der Poel\"],\"articleSection\":[\"Cyclisme sur route\"],\"inLanguage\":\"fr-FR\",\"potentialAction\":[{\"@type\":\"CommentAction\",\"name\":\"Comment\",\"target\":[\"https:\/\/dicodusport.fr\/blog\/gp-e3-saxo-classic-2025-cotes-pronostic-et-favoris\/#respond\"]}],\"copyrightYear\":\"2025\",\"copyrightHolder\":{\"@id\":\"https:\/\/dicodusport.fr\/blog\/#organization\"}},{\"@type\":\"WebPage\",\"@id\":\"https:\/\/dicodusport.fr\/blog\/gp-e3-saxo-classic-2025-cotes-pronostic-et-favoris\/\",\"url\":\"https:\/\/dicodusport.fr\/blog\/gp-e3-saxo-classic-2025-cotes-pronostic-et-favoris\/\",\"name\":\"GP E3 Saxo Classic 2025 : Cotes, Pronostic et Favoris\",\"isPartOf\":{\"@id\":\"https:\/\/dicodusport.fr\/blog\/#website\"},\"primaryImageOfPage\":{\"@id\":\"https:\/\/dicodusport.fr\/blog\/gp-e3-saxo-classic-2025-cotes-pronostic-et-favoris\/#primaryimage\"},\"image\":{\"@id\":\"https:\/\/dicodusport.fr\/blog\/gp-e3-saxo-classic-2025-cotes-pronostic-et-favoris\/#primaryimage\"},\"thumbnailUrl\":\"https:\/\/dicodusport.fr\/blog\/wp-content\/uploads\/2025\/03\/GP-E3-Saxo-Classic-2025-Cotes-Pronostic-et-Favoris.png\",\"datePublished\":\"2025-03-28T07:20:25+00:00\",\"dateModified\":\"2025-03-28T14:22:33+00:00\",\"description\":\"GRAND PRIX E3 2025 - \u00c0 une semaine du Tour des Flandres, place au Grand Prix E3 ce vendredi. D\u00e9couvrez nos deux favoris pour le GP E3 Saxo Classic 2025.\",\"breadcrumb\":{\"@id\":\"https:\/\/dicodusport.fr\/blog\/gp-e3-saxo-classic-2025-cotes-pronostic-et-favoris\/#breadcrumb\"},\"inLanguage\":\"fr-FR\",\"potentialAction\":[{\"@type\":\"ReadAction\",\"target\":[\"https:\/\/dicodusport.fr\/blog\/gp-e3-saxo-classic-2025-cotes-pronostic-et-favoris\/\"]}]},{\"@type\":\"ImageObject\",\"inLanguage\":\"fr-FR\",\"@id\":\"https:\/\/dicodusport.fr\/blog\/gp-e3-saxo-classic-2025-cotes-pronostic-et-favoris\/#primaryimage\",\"url\":\"https:\/\/dicodusport.fr\/blog\/wp-content\/uploads\/2025\/03\/GP-E3-Saxo-Classic-2025-Cotes-Pronostic-et-Favoris.png\",\"contentUrl\":\"https:\/\/dicodusport.fr\/blog\/wp-content\/uploads\/2025\/03\/GP-E3-Saxo-Classic-2025-Cotes-Pronostic-et-Favoris.png\",\"width\":1200,\"height\":674},{\"@type\":\"BreadcrumbList\",\"@id\":\"https:\/\/dicodusport.fr\/blog\/gp-e3-saxo-classic-2025-cotes-pronostic-et-favoris\/#breadcrumb\",\"itemListElement\":[{\"@type\":\"ListItem\",\"position\":1,\"name\":\"Accueil\",\"item\":\"https:\/\/dicodusport.fr\/blog\/\"},{\"@type\":\"ListItem\",\"position\":2,\"name\":\"GP E3 Saxo Classic 2025 : Cotes, Pronostic et Favoris\"}]},{\"@type\":\"WebSite\",\"@id\":\"https:\/\/dicodusport.fr\/blog\/#website\",\"url\":\"https:\/\/dicodusport.fr\/blog\/\",\"name\":\"Dicodusport\",\"description\":\"L&#039;encyclop\u00e9die de l&#039;actualit\u00e9 sportive\",\"publisher\":{\"@id\":\"https:\/\/dicodusport.fr\/blog\/#organization\"},\"potentialAction\":[{\"@type\":\"SearchAction\",\"target\":{\"@type\":\"EntryPoint\",\"urlTemplate\":\"https:\/\/dicodusport.fr\/blog\/?s={search_term_string}\"},\"query-input\":{\"@type\":\"PropertyValueSpecification\",\"valueRequired\":true,\"valueName\":\"search_term_string\"}}],\"inLanguage\":\"fr-FR\"},{\"@type\":\"NewsMediaOrganization\",\"@id\":\"https:\/\/dicodusport.fr\/blog\/#organization\",\"name\":\"Dicodusport\",\"url\":\"https:\/\/dicodusport.fr\/blog\/\",\"logo\":{\"@type\":\"ImageObject\",\"inLanguage\":\"fr-FR\",\"@id\":\"https:\/\/dicodusport.fr\/blog\/#\/schema\/logo\/image\/\",\"url\":\"https:\/\/dicodusport.fr\/blog\/wp-content\/uploads\/2020\/06\/cropped-LOGO-DICODUSPORT-2020-SANS-FOND-SANS-TEXTE.png\",\"contentUrl\":\"https:\/\/dicodusport.fr\/blog\/wp-content\/uploads\/2020\/06\/cropped-LOGO-DICODUSPORT-2020-SANS-FOND-SANS-TEXTE.png\",\"width\":512,\"height\":512,\"caption\":\"Dicodusport\"},\"image\":{\"@id\":\"https:\/\/dicodusport.fr\/blog\/#\/schema\/logo\/image\/\"},\"sameAs\":[\"https:\/\/www.facebook.com\/dicodusport\",\"https:\/\/x.com\/dicodusport\",\"https:\/\/www.instagram.com\/dicodusport\/\",\"https:\/\/www.youtube.com\/channel\/UC7V2KZ5sd3htJivAbA4ZG3w\"],\"description\":\"Dicodusport est l'encyclop\u00e9die de l'actualit\u00e9 sportive.\",\"email\":\"bonjour@dicodusport.fr\",\"legalName\":\"DICODUSPORT\",\"foundingDate\":\"2018-01-14\",\"vatID\":\"FR71834470973\",\"taxID\":\"83447097300043\",\"numberOfEmployees\":{\"@type\":\"QuantitativeValue\",\"minValue\":\"1\",\"maxValue\":\"10\"}},{\"@type\":\"Person\",\"@id\":\"https:\/\/dicodusport.fr\/blog\/#\/schema\/person\/55dcb50ad410894e431ed812bbb70191\",\"name\":\"Nicolas Jacquemard\",\"image\":{\"@type\":\"ImageObject\",\"inLanguage\":\"fr-FR\",\"@id\":\"https:\/\/dicodusport.fr\/blog\/#\/schema\/person\/image\/\",\"url\":\"https:\/\/dicodusport.fr\/blog\/wp-content\/uploads\/2021\/05\/Nicolas-Jacquemard-150x150.jpeg\",\"contentUrl\":\"https:\/\/dicodusport.fr\/blog\/wp-content\/uploads\/2021\/05\/Nicolas-Jacquemard-150x150.jpeg\",\"caption\":\"Nicolas Jacquemard\"},\"description\":\"Passionn\u00e9 de sport et entrepreneur depuis mes 18 ans, la cr\u00e9ation de Dicodusport m'a sembl\u00e9 \u00e9vidente pour participer \u00e0 la m\u00e9diatisation d'un plus grand nombre de sports. Le chemin est long mais avec une \u00e9quipe des plus motiv\u00e9es et les Jeux Olympiques de Paris 2024 en point de mire, nous y arriverons ! Journaliste dans le monde du sport depuis plus de 5 ans, je traite aussi bien de football, de rugby, de biathlon que de cyclisme.\",\"sameAs\":[\"https:\/\/www.facebook.com\/dicodusport\",\"https:\/\/x.com\/https:\/\/twitter.com\/Nico_Jacquemard\"],\"url\":\"https:\/\/dicodusport.fr\/blog\/author\/dicodusport\/\"}]}<\/script>\n<!-- \/ Yoast SEO Premium plugin. -->","yoast_head_json":{"title":"GP E3 Saxo Classic 2025 : Cotes, Pronostic et Favoris","description":"GRAND PRIX E3 2025 - \u00c0 une semaine du Tour des Flandres, place au Grand Prix E3 ce vendredi. D\u00e9couvrez nos deux favoris pour le GP E3 Saxo Classic 2025.","robots":{"index":"index","follow":"follow","max-snippet":"max-snippet:-1","max-image-preview":"max-image-preview:large","max-video-preview":"max-video-preview:-1"},"canonical":"https:\/\/dicodusport.fr\/blog\/gp-e3-saxo-classic-2025-cotes-pronostic-et-favoris\/","og_locale":"fr_FR","og_type":"article","og_title":"GP E3 Saxo Classic 2025 : Cotes, Pronostic et Favoris","og_description":"GRAND PRIX E3 2025 - \u00c0 une semaine du Tour des Flandres, place au Grand Prix E3 ce vendredi. D\u00e9couvrez nos deux favoris pour le GP E3 Saxo Classic 2025.","og_url":"https:\/\/dicodusport.fr\/blog\/gp-e3-saxo-classic-2025-cotes-pronostic-et-favoris\/","og_site_name":"Dicodusport","article_publisher":"https:\/\/www.facebook.com\/dicodusport","article_author":"https:\/\/www.facebook.com\/dicodusport","article_published_time":"2025-03-28T07:20:25+00:00","article_modified_time":"2025-03-28T14:22:33+00:00","og_image":[{"width":1200,"height":674,"url":"https:\/\/dicodusport.fr\/blog\/wp-content\/uploads\/2025\/03\/GP-E3-Saxo-Classic-2025-Cotes-Pronostic-et-Favoris.png","type":"image\/png"}],"author":"Nicolas Jacquemard","twitter_card":"summary_large_image","twitter_title":"GP E3 Saxo Classic 2025 : Cotes, Pronostic et Favoris","twitter_creator":"@https:\/\/twitter.com\/Nico_Jacquemard","twitter_site":"@dicodusport","schema":{"@context":"https:\/\/schema.org","@graph":[{"@type":"NewsArticle","@id":"https:\/\/dicodusport.fr\/blog\/gp-e3-saxo-classic-2025-cotes-pronostic-et-favoris\/#article","isPartOf":{"@id":"https:\/\/dicodusport.fr\/blog\/gp-e3-saxo-classic-2025-cotes-pronostic-et-favoris\/"},"author":{"name":"Nicolas Jacquemard","@id":"https:\/\/dicodusport.fr\/blog\/#\/schema\/person\/55dcb50ad410894e431ed812bbb70191"},"headline":"GP E3 Saxo Classic 2025 : Cotes, Pronostic et Favoris","datePublished":"2025-03-28T07:20:25+00:00","dateModified":"2025-03-28T14:22:33+00:00","mainEntityOfPage":{"@id":"https:\/\/dicodusport.fr\/blog\/gp-e3-saxo-classic-2025-cotes-pronostic-et-favoris\/"},"wordCount":255,"commentCount":0,"publisher":{"@id":"https:\/\/dicodusport.fr\/blog\/#organization"},"image":{"@id":"https:\/\/dicodusport.fr\/blog\/gp-e3-saxo-classic-2025-cotes-pronostic-et-favoris\/#primaryimage"},"thumbnailUrl":"https:\/\/dicodusport.fr\/blog\/wp-content\/uploads\/2025\/03\/GP-E3-Saxo-Classic-2025-Cotes-Pronostic-et-Favoris.png","keywords":["br\u00e8ve","Cyclisme","Grand Prix E3","Mads Pedersen","Mathieu van der Poel"],"articleSection":["Cyclisme sur route"],"inLanguage":"fr-FR","potentialAction":[{"@type":"CommentAction","name":"Comment","target":["https:\/\/dicodusport.fr\/blog\/gp-e3-saxo-classic-2025-cotes-pronostic-et-favoris\/#respond"]}],"copyrightYear":"2025","copyrightHolder":{"@id":"https:\/\/dicodusport.fr\/blog\/#organization"}},{"@type":"WebPage","@id":"https:\/\/dicodusport.fr\/blog\/gp-e3-saxo-classic-2025-cotes-pronostic-et-favoris\/","url":"https:\/\/dicodusport.fr\/blog\/gp-e3-saxo-classic-2025-cotes-pronostic-et-favoris\/","name":"GP E3 Saxo Classic 2025 : Cotes, Pronostic et Favoris","isPartOf":{"@id":"https:\/\/dicodusport.fr\/blog\/#website"},"primaryImageOfPage":{"@id":"https:\/\/dicodusport.fr\/blog\/gp-e3-saxo-classic-2025-cotes-pronostic-et-favoris\/#primaryimage"},"image":{"@id":"https:\/\/dicodusport.fr\/blog\/gp-e3-saxo-classic-2025-cotes-pronostic-et-favoris\/#primaryimage"},"thumbnailUrl":"https:\/\/dicodusport.fr\/blog\/wp-content\/uploads\/2025\/03\/GP-E3-Saxo-Classic-2025-Cotes-Pronostic-et-Favoris.png","datePublished":"2025-03-28T07:20:25+00:00","dateModified":"2025-03-28T14:22:33+00:00","description":"GRAND PRIX E3 2025 - \u00c0 une semaine du Tour des Flandres, place au Grand Prix E3 ce vendredi. D\u00e9couvrez nos deux favoris pour le GP E3 Saxo Classic 2025.","breadcrumb":{"@id":"https:\/\/dicodusport.fr\/blog\/gp-e3-saxo-classic-2025-cotes-pronostic-et-favoris\/#breadcrumb"},"inLanguage":"fr-FR","potentialAction":[{"@type":"ReadAction","target":["https:\/\/dicodusport.fr\/blog\/gp-e3-saxo-classic-2025-cotes-pronostic-et-favoris\/"]}]},{"@type":"ImageObject","inLanguage":"fr-FR","@id":"https:\/\/dicodusport.fr\/blog\/gp-e3-saxo-classic-2025-cotes-pronostic-et-favoris\/#primaryimage","url":"https:\/\/dicodusport.fr\/blog\/wp-content\/uploads\/2025\/03\/GP-E3-Saxo-Classic-2025-Cotes-Pronostic-et-Favoris.png","contentUrl":"https:\/\/dicodusport.fr\/blog\/wp-content\/uploads\/2025\/03\/GP-E3-Saxo-Classic-2025-Cotes-Pronostic-et-Favoris.png","width":1200,"height":674},{"@type":"BreadcrumbList","@id":"https:\/\/dicodusport.fr\/blog\/gp-e3-saxo-classic-2025-cotes-pronostic-et-favoris\/#breadcrumb","itemListElement":[{"@type":"ListItem","position":1,"name":"Accueil","item":"https:\/\/dicodusport.fr\/blog\/"},{"@type":"ListItem","position":2,"name":"GP E3 Saxo Classic 2025 : Cotes, Pronostic et Favoris"}]},{"@type":"WebSite","@id":"https:\/\/dicodusport.fr\/blog\/#website","url":"https:\/\/dicodusport.fr\/blog\/","name":"Dicodusport","description":"L&#039;encyclop\u00e9die de l&#039;actualit\u00e9 sportive","publisher":{"@id":"https:\/\/dicodusport.fr\/blog\/#organization"},"potentialAction":[{"@type":"SearchAction","target":{"@type":"EntryPoint","urlTemplate":"https:\/\/dicodusport.fr\/blog\/?s={search_term_string}"},"query-input":{"@type":"PropertyValueSpecification","valueRequired":true,"valueName":"search_term_string"}}],"inLanguage":"fr-FR"},{"@type":"NewsMediaOrganization","@id":"https:\/\/dicodusport.fr\/blog\/#organization","name":"Dicodusport","url":"https:\/\/dicodusport.fr\/blog\/","logo":{"@type":"ImageObject","inLanguage":"fr-FR","@id":"https:\/\/dicodusport.fr\/blog\/#\/schema\/logo\/image\/","url":"https:\/\/dicodusport.fr\/blog\/wp-content\/uploads\/2020\/06\/cropped-LOGO-DICODUSPORT-2020-SANS-FOND-SANS-TEXTE.png","contentUrl":"https:\/\/dicodusport.fr\/blog\/wp-content\/uploads\/2020\/06\/cropped-LOGO-DICODUSPORT-2020-SANS-FOND-SANS-TEXTE.png","width":512,"height":512,"caption":"Dicodusport"},"image":{"@id":"https:\/\/dicodusport.fr\/blog\/#\/schema\/logo\/image\/"},"sameAs":["https:\/\/www.facebook.com\/dicodusport","https:\/\/x.com\/dicodusport","https:\/\/www.instagram.com\/dicodusport\/","https:\/\/www.youtube.com\/channel\/UC7V2KZ5sd3htJivAbA4ZG3w"],"description":"Dicodusport est l'encyclop\u00e9die de l'actualit\u00e9 sportive.","email":"bonjour@dicodusport.fr","legalName":"DICODUSPORT","foundingDate":"2018-01-14","vatID":"FR71834470973","taxID":"83447097300043","numberOfEmployees":{"@type":"QuantitativeValue","minValue":"1","maxValue":"10"}},{"@type":"Person","@id":"https:\/\/dicodusport.fr\/blog\/#\/schema\/person\/55dcb50ad410894e431ed812bbb70191","name":"Nicolas Jacquemard","image":{"@type":"ImageObject","inLanguage":"fr-FR","@id":"https:\/\/dicodusport.fr\/blog\/#\/schema\/person\/image\/","url":"https:\/\/dicodusport.fr\/blog\/wp-content\/uploads\/2021\/05\/Nicolas-Jacquemard-150x150.jpeg","contentUrl":"https:\/\/dicodusport.fr\/blog\/wp-content\/uploads\/2021\/05\/Nicolas-Jacquemard-150x150.jpeg","caption":"Nicolas Jacquemard"},"description":"Passionn\u00e9 de sport et entrepreneur depuis mes 18 ans, la cr\u00e9ation de Dicodusport m'a sembl\u00e9 \u00e9vidente pour participer \u00e0 la m\u00e9diatisation d'un plus grand nombre de sports. Le chemin est long mais avec une \u00e9quipe des plus motiv\u00e9es et les Jeux Olympiques de Paris 2024 en point de mire, nous y arriverons ! Journaliste dans le monde du sport depuis plus de 5 ans, je traite aussi bien de football, de rugby, de biathlon que de cyclisme.","sameAs":["https:\/\/www.facebook.com\/dicodusport","https:\/\/x.com\/https:\/\/twitter.com\/Nico_Jacquemard"],"url":"https:\/\/dicodusport.fr\/blog\/author\/dicodusport\/"}]}},"_links":{"self":[{"href":"https:\/\/dicodusport.fr\/blog\/wp-json\/wp\/v2\/posts\/568116","targetHints":{"allow":["GET"]}}],"collection":[{"href":"https:\/\/dicodusport.fr\/blog\/wp-json\/wp\/v2\/posts"}],"about":[{"href":"https:\/\/dicodusport.fr\/blog\/wp-json\/wp\/v2\/types\/post"}],"author":[{"embeddable":true,"href":"https:\/\/dicodusport.fr\/blog\/wp-json\/wp\/v2\/users\/1"}],"replies":[{"embeddable":true,"href":"https:\/\/dicodusport.fr\/blog\/wp-json\/wp\/v2\/comments?post=568116"}],"version-history":[{"count":4,"href":"https:\/\/dicodusport.fr\/blog\/wp-json\/wp\/v2\/posts\/568116\/revisions"}],"predecessor-version":[{"id":568209,"href":"https:\/\/dicodusport.fr\/blog\/wp-json\/wp\/v2\/posts\/568116\/revisions\/568209"}],"wp:featuredmedia":[{"embeddable":true,"href":"https:\/\/dicodusport.fr\/blog\/wp-json\/wp\/v2\/media\/568118"}],"wp:attachment":[{"href":"https:\/\/dicodusport.fr\/blog\/wp-json\/wp\/v2\/media?parent=568116"}],"wp:term":[{"taxonomy":"category","embeddable":true,"href":"https:\/\/dicodusport.fr\/blog\/wp-json\/wp\/v2\/categories?post=568116"},{"taxonomy":"post_tag","embeddable":true,"href":"https:\/\/dicodusport.fr\/blog\/wp-json\/wp\/v2\/tags?post=568116"}],"curies":[{"name":"wp","href":"https:\/\/api.w.org\/{rel}","templated":true}]}}