{"id":56839,"date":"2020-01-14T07:26:01","date_gmt":"2020-01-14T06:26:01","guid":{"rendered":"http:\/\/dicodusport.fr\/blog\/?p=56839&#038;preview=true&#038;preview_id=56839"},"modified":"2020-01-14T09:50:20","modified_gmt":"2020-01-14T08:50:20","slug":"pas-de-strade-bianche-et-de-milan-san-remo-pour-julian-alaphilippe","status":"publish","type":"post","link":"https:\/\/dicodusport.fr\/blog\/pas-de-strade-bianche-et-de-milan-san-remo-pour-julian-alaphilippe\/","title":{"rendered":"Pas de Strade Bianche et de Milan-San Remo pour Julian Alaphilippe"},"content":{"rendered":"<p style=\"text-align: justify;\"><em><strong>Julian Alaphilippe, auteur d&rsquo;une ann\u00e9e 2019 m\u00e9morable, a d\u00e9voil\u00e9 son programme pour la saison 2020, avec quelques surprises.<\/strong><\/em><\/p>\n<p style=\"text-align: justify;\">Le champion fran\u00e7ais ne d\u00e9fendra pas ses chances sur deux courses qu&rsquo;il a remport\u00e9es en 2019, les <a href=\"https:\/\/dicodusport.fr\/blog\/imperial-julian-alaphilippe-remporte-strade-bianche\/\" target=\"_blank\" rel=\"noopener\"><strong>Strade Bianche<\/strong><\/a> et <a href=\"https:\/\/dicodusport.fr\/blog\/milan-san-remo-julian-alaphilippe-triomphe-sur-la-primavera\/\" target=\"_blank\" rel=\"noopener\"><strong>Milan-San Remo<\/strong><\/a>. En revanche, il d\u00e9couvrira bel et bien le <strong>Tour des Flandres<\/strong>, mais \u00e9galement en guise de course de pr\u00e9paration, <strong>\u00c0 Travers la Flandre<\/strong>. Le natif de Saint-Amand-Montrond participera ensuite aux traditionnelles Ardennaises, avant de pr\u00e9parer un \u00e9t\u00e9 dense.<\/p>\n<p style=\"text-align: justify;\">On pouvait en effet avoir un doute sur le <strong>Tour de France<\/strong> pour sa proximit\u00e9 avec les JO de Tokyo 2020, mais <a href=\"https:\/\/www.procyclingstats.com\/rider\/julian-alaphilippe\" target=\"_blank\" rel=\"noopener\"><strong>Julian Alaphilippe<\/strong><\/a> sera bien au d\u00e9part de la Grande Boucle, sans ambitions au g\u00e9n\u00e9ral selon lui.<\/p>\n<p style=\"text-align: justify;\">Le Fran\u00e7ais fait \u00e9galement des Mondiaux en Suisse son grand objectif de fin de saison, avec ensuite le <strong>Tour de Lombardie<\/strong> en ligne de mire.<\/p>\n<blockquote class=\"twitter-tweet\">\n<p dir=\"ltr\" lang=\"fr\">Julian ALAPHILIPPE en 2020 :<\/p>\n<p>&#x1f1e6;&#x1f1f7; Vuelta San Juan<br \/>\n&#x1f1e8;&#x1f1f4; Tour Colombia<br \/>\n&#x1f1eb;&#x1f1f7; Paris-Nice<br \/>\n&#x1f1e7;&#x1f1ea; A travers la Flandre<br \/>\n&#x1f1e7;&#x1f1ea; Tour des Flandres<br \/>\n&#x1f1f3;&#x1f1f1; &#x1f1e7;&#x1f1ea; 3 Ardennaises<br \/>\n&#x1f1eb;&#x1f1f7; Tour de France<br \/>\n&#x1f1ef;&#x1f1f5; JO Tokyo<br \/>\n&#x1f1e8;&#x1f1ed; Mondiaux<br \/>\n&#x1f1ee;&#x1f1f9; Lombardie<\/p>\n<p>&#x274c; Ni Strade Bianche ni Milan-San Remo au programme !<br \/>\n<a href=\"https:\/\/t.co\/4eWMUc2ZtC\">https:\/\/t.co\/4eWMUc2ZtC<\/a><\/p>\n<p>\u2014 French Bunch (@FrenchBunch) <a href=\"https:\/\/twitter.com\/FrenchBunch\/status\/1216844814538432512?ref_src=twsrc%5Etfw\">January 13, 2020<\/a><\/p><\/blockquote>\n<p style=\"text-align: justify;\"><script async src=\"https:\/\/platform.twitter.com\/widgets.js\" charset=\"utf-8\"><\/script><\/p>\n<p style=\"text-align: justify;\"><strong><em>Dicodusport<br \/>\n<a href=\"https:\/\/www.facebook.com\/dicodusport\/\" target=\"_blank\" rel=\"noopener\"><img loading=\"lazy\" decoding=\"async\" class=\"alignnone wp-image-2909\" src=\"http:\/\/dicodusport.fr\/blog\/wp-content\/uploads\/2017\/07\/logo-facebook-150x150.png\" alt=\"\" width=\"40\" height=\"40\" \/><\/a><a href=\"https:\/\/twitter.com\/dicodusport\" target=\"_blank\" rel=\"noopener\"><img loading=\"lazy\" decoding=\"async\" class=\"alignnone wp-image-2908\" src=\"http:\/\/dicodusport.fr\/blog\/wp-content\/uploads\/2017\/07\/logo-twitter-150x150.png\" alt=\"\" width=\"39\" height=\"39\" \/><\/a><\/em><\/strong><\/p>\n","protected":false},"excerpt":{"rendered":"<p>Julian Alaphilippe, auteur d&rsquo;une ann\u00e9e 2019 m\u00e9morable, a d\u00e9voil\u00e9 son programme pour la saison 2020, avec quelques surprises.<\/p>\n","protected":false},"author":1,"featured_media":54162,"comment_status":"open","ping_status":"closed","sticky":false,"template":"","format":"standard","meta":{"_acf_changed":false,"_daextam_enable_autolinks":"","footnotes":""},"categories":[2307],"tags":[574,1719,579],"class_list":["post-56839","post","type-post","status-publish","format-standard","has-post-thumbnail","hentry","category-cyclisme","tag-cyclisme","tag-julian-alaphilippe","tag-velo"],"acf":[],"yoast_head":"<!-- This site is optimized with the Yoast SEO Premium plugin v26.7 (Yoast SEO v26.7) - https:\/\/yoast.com\/wordpress\/plugins\/seo\/ -->\n<title>Pas de Strade Bianche et de Milan-San Remo pour Julian Alaphilippe<\/title>\n<meta name=\"description\" content=\"Julian Alaphilippe, auteur d&#039;une ann\u00e9e 2019 m\u00e9morable, a d\u00e9voil\u00e9 son programme pour la saison 2020, avec quelques surprises.\" \/>\n<meta name=\"robots\" content=\"index, follow, max-snippet:-1, max-image-preview:large, max-video-preview:-1\" \/>\n<link rel=\"canonical\" href=\"https:\/\/dicodusport.fr\/blog\/pas-de-strade-bianche-et-de-milan-san-remo-pour-julian-alaphilippe\/\" \/>\n<meta property=\"og:locale\" content=\"fr_FR\" \/>\n<meta property=\"og:type\" content=\"article\" \/>\n<meta property=\"og:title\" content=\"Pas de Strade Bianche et de Milan-San Remo pour Julian Alaphilippe\" \/>\n<meta property=\"og:description\" content=\"Julian Alaphilippe, auteur d&#039;une ann\u00e9e 2019 m\u00e9morable, a d\u00e9voil\u00e9 son programme pour la saison 2020, avec quelques surprises.\" \/>\n<meta property=\"og:url\" content=\"https:\/\/dicodusport.fr\/blog\/pas-de-strade-bianche-et-de-milan-san-remo-pour-julian-alaphilippe\/\" \/>\n<meta property=\"og:site_name\" content=\"Dicodusport\" \/>\n<meta property=\"article:publisher\" content=\"https:\/\/www.facebook.com\/dicodusport\" \/>\n<meta property=\"article:author\" content=\"https:\/\/www.facebook.com\/dicodusport\" \/>\n<meta property=\"article:published_time\" content=\"2020-01-14T06:26:01+00:00\" \/>\n<meta property=\"article:modified_time\" content=\"2020-01-14T08:50:20+00:00\" \/>\n<meta property=\"og:image\" content=\"https:\/\/dicodusport.fr\/blog\/wp-content\/uploads\/2019\/11\/Julian-Alaphilippe-\u00e9lu-coureur-international-de-lann\u00e9e-par-Cycling-Weekly.png\" \/>\n\t<meta property=\"og:image:width\" content=\"800\" \/>\n\t<meta property=\"og:image:height\" content=\"445\" \/>\n\t<meta property=\"og:image:type\" content=\"image\/png\" \/>\n<meta name=\"author\" content=\"Nicolas Jacquemard\" \/>\n<meta name=\"twitter:card\" content=\"summary_large_image\" \/>\n<meta name=\"twitter:title\" content=\"Pas de Strade Bianche et de Milan-San Remo pour Julian Alaphilippe\" \/>\n<meta name=\"twitter:creator\" content=\"@https:\/\/twitter.com\/Nico_Jacquemard\" \/>\n<meta name=\"twitter:site\" content=\"@dicodusport\" \/>\n<script type=\"application\/ld+json\" class=\"yoast-schema-graph\">{\"@context\":\"https:\/\/schema.org\",\"@graph\":[{\"@type\":\"NewsArticle\",\"@id\":\"https:\/\/dicodusport.fr\/blog\/pas-de-strade-bianche-et-de-milan-san-remo-pour-julian-alaphilippe\/#article\",\"isPartOf\":{\"@id\":\"https:\/\/dicodusport.fr\/blog\/pas-de-strade-bianche-et-de-milan-san-remo-pour-julian-alaphilippe\/\"},\"author\":{\"name\":\"Nicolas Jacquemard\",\"@id\":\"https:\/\/dicodusport.fr\/blog\/#\/schema\/person\/55dcb50ad410894e431ed812bbb70191\"},\"headline\":\"Pas de Strade Bianche et de Milan-San Remo pour Julian Alaphilippe\",\"datePublished\":\"2020-01-14T06:26:01+00:00\",\"dateModified\":\"2020-01-14T08:50:20+00:00\",\"mainEntityOfPage\":{\"@id\":\"https:\/\/dicodusport.fr\/blog\/pas-de-strade-bianche-et-de-milan-san-remo-pour-julian-alaphilippe\/\"},\"wordCount\":272,\"commentCount\":0,\"publisher\":{\"@id\":\"https:\/\/dicodusport.fr\/blog\/#organization\"},\"image\":{\"@id\":\"https:\/\/dicodusport.fr\/blog\/pas-de-strade-bianche-et-de-milan-san-remo-pour-julian-alaphilippe\/#primaryimage\"},\"thumbnailUrl\":\"https:\/\/dicodusport.fr\/blog\/wp-content\/uploads\/2019\/11\/Julian-Alaphilippe-\u00e9lu-coureur-international-de-lann\u00e9e-par-Cycling-Weekly.png\",\"keywords\":[\"Cyclisme\",\"Julian Alaphilippe\",\"v\u00e9lo\"],\"articleSection\":[\"Cyclisme\"],\"inLanguage\":\"fr-FR\",\"potentialAction\":[{\"@type\":\"CommentAction\",\"name\":\"Comment\",\"target\":[\"https:\/\/dicodusport.fr\/blog\/pas-de-strade-bianche-et-de-milan-san-remo-pour-julian-alaphilippe\/#respond\"]}],\"copyrightYear\":\"2020\",\"copyrightHolder\":{\"@id\":\"https:\/\/dicodusport.fr\/blog\/#organization\"}},{\"@type\":\"WebPage\",\"@id\":\"https:\/\/dicodusport.fr\/blog\/pas-de-strade-bianche-et-de-milan-san-remo-pour-julian-alaphilippe\/\",\"url\":\"https:\/\/dicodusport.fr\/blog\/pas-de-strade-bianche-et-de-milan-san-remo-pour-julian-alaphilippe\/\",\"name\":\"Pas de Strade Bianche et de Milan-San Remo pour Julian Alaphilippe\",\"isPartOf\":{\"@id\":\"https:\/\/dicodusport.fr\/blog\/#website\"},\"primaryImageOfPage\":{\"@id\":\"https:\/\/dicodusport.fr\/blog\/pas-de-strade-bianche-et-de-milan-san-remo-pour-julian-alaphilippe\/#primaryimage\"},\"image\":{\"@id\":\"https:\/\/dicodusport.fr\/blog\/pas-de-strade-bianche-et-de-milan-san-remo-pour-julian-alaphilippe\/#primaryimage\"},\"thumbnailUrl\":\"https:\/\/dicodusport.fr\/blog\/wp-content\/uploads\/2019\/11\/Julian-Alaphilippe-\u00e9lu-coureur-international-de-lann\u00e9e-par-Cycling-Weekly.png\",\"datePublished\":\"2020-01-14T06:26:01+00:00\",\"dateModified\":\"2020-01-14T08:50:20+00:00\",\"description\":\"Julian Alaphilippe, auteur d'une ann\u00e9e 2019 m\u00e9morable, a d\u00e9voil\u00e9 son programme pour la saison 2020, avec quelques surprises.\",\"breadcrumb\":{\"@id\":\"https:\/\/dicodusport.fr\/blog\/pas-de-strade-bianche-et-de-milan-san-remo-pour-julian-alaphilippe\/#breadcrumb\"},\"inLanguage\":\"fr-FR\",\"potentialAction\":[{\"@type\":\"ReadAction\",\"target\":[\"https:\/\/dicodusport.fr\/blog\/pas-de-strade-bianche-et-de-milan-san-remo-pour-julian-alaphilippe\/\"]}]},{\"@type\":\"ImageObject\",\"inLanguage\":\"fr-FR\",\"@id\":\"https:\/\/dicodusport.fr\/blog\/pas-de-strade-bianche-et-de-milan-san-remo-pour-julian-alaphilippe\/#primaryimage\",\"url\":\"https:\/\/dicodusport.fr\/blog\/wp-content\/uploads\/2019\/11\/Julian-Alaphilippe-\u00e9lu-coureur-international-de-lann\u00e9e-par-Cycling-Weekly.png\",\"contentUrl\":\"https:\/\/dicodusport.fr\/blog\/wp-content\/uploads\/2019\/11\/Julian-Alaphilippe-\u00e9lu-coureur-international-de-lann\u00e9e-par-Cycling-Weekly.png\",\"width\":800,\"height\":445,\"caption\":\"Julian Alaphilippe \u00e9lu coureur international de l'ann\u00e9e par Cycling Weekly\"},{\"@type\":\"BreadcrumbList\",\"@id\":\"https:\/\/dicodusport.fr\/blog\/pas-de-strade-bianche-et-de-milan-san-remo-pour-julian-alaphilippe\/#breadcrumb\",\"itemListElement\":[{\"@type\":\"ListItem\",\"position\":1,\"name\":\"Accueil\",\"item\":\"https:\/\/dicodusport.fr\/blog\/\"},{\"@type\":\"ListItem\",\"position\":2,\"name\":\"Pas de Strade Bianche et de Milan-San Remo pour Julian Alaphilippe\"}]},{\"@type\":\"WebSite\",\"@id\":\"https:\/\/dicodusport.fr\/blog\/#website\",\"url\":\"https:\/\/dicodusport.fr\/blog\/\",\"name\":\"Dicodusport\",\"description\":\"L&#039;encyclop\u00e9die de l&#039;actualit\u00e9 sportive\",\"publisher\":{\"@id\":\"https:\/\/dicodusport.fr\/blog\/#organization\"},\"potentialAction\":[{\"@type\":\"SearchAction\",\"target\":{\"@type\":\"EntryPoint\",\"urlTemplate\":\"https:\/\/dicodusport.fr\/blog\/?s={search_term_string}\"},\"query-input\":{\"@type\":\"PropertyValueSpecification\",\"valueRequired\":true,\"valueName\":\"search_term_string\"}}],\"inLanguage\":\"fr-FR\"},{\"@type\":\"NewsMediaOrganization\",\"@id\":\"https:\/\/dicodusport.fr\/blog\/#organization\",\"name\":\"Dicodusport\",\"url\":\"https:\/\/dicodusport.fr\/blog\/\",\"logo\":{\"@type\":\"ImageObject\",\"inLanguage\":\"fr-FR\",\"@id\":\"https:\/\/dicodusport.fr\/blog\/#\/schema\/logo\/image\/\",\"url\":\"https:\/\/dicodusport.fr\/blog\/wp-content\/uploads\/2020\/06\/cropped-LOGO-DICODUSPORT-2020-SANS-FOND-SANS-TEXTE.png\",\"contentUrl\":\"https:\/\/dicodusport.fr\/blog\/wp-content\/uploads\/2020\/06\/cropped-LOGO-DICODUSPORT-2020-SANS-FOND-SANS-TEXTE.png\",\"width\":512,\"height\":512,\"caption\":\"Dicodusport\"},\"image\":{\"@id\":\"https:\/\/dicodusport.fr\/blog\/#\/schema\/logo\/image\/\"},\"sameAs\":[\"https:\/\/www.facebook.com\/dicodusport\",\"https:\/\/x.com\/dicodusport\",\"https:\/\/www.instagram.com\/dicodusport\/\",\"https:\/\/www.youtube.com\/channel\/UC7V2KZ5sd3htJivAbA4ZG3w\"],\"description\":\"Dicodusport est l'encyclop\u00e9die de l'actualit\u00e9 sportive.\",\"email\":\"bonjour@dicodusport.fr\",\"legalName\":\"DICODUSPORT\",\"foundingDate\":\"2018-01-14\",\"vatID\":\"FR71834470973\",\"taxID\":\"83447097300043\",\"numberOfEmployees\":{\"@type\":\"QuantitativeValue\",\"minValue\":\"1\",\"maxValue\":\"10\"}},{\"@type\":\"Person\",\"@id\":\"https:\/\/dicodusport.fr\/blog\/#\/schema\/person\/55dcb50ad410894e431ed812bbb70191\",\"name\":\"Nicolas Jacquemard\",\"image\":{\"@type\":\"ImageObject\",\"inLanguage\":\"fr-FR\",\"@id\":\"https:\/\/dicodusport.fr\/blog\/#\/schema\/person\/image\/\",\"url\":\"https:\/\/dicodusport.fr\/blog\/wp-content\/uploads\/2021\/05\/Nicolas-Jacquemard-150x150.jpeg\",\"contentUrl\":\"https:\/\/dicodusport.fr\/blog\/wp-content\/uploads\/2021\/05\/Nicolas-Jacquemard-150x150.jpeg\",\"caption\":\"Nicolas Jacquemard\"},\"description\":\"Passionn\u00e9 de sport et entrepreneur depuis mes 18 ans, la cr\u00e9ation de Dicodusport m'a sembl\u00e9 \u00e9vidente pour participer \u00e0 la m\u00e9diatisation d'un plus grand nombre de sports. Le chemin est long mais avec une \u00e9quipe des plus motiv\u00e9es et les Jeux Olympiques de Paris 2024 en point de mire, nous y arriverons ! Journaliste dans le monde du sport depuis plus de 5 ans, je traite aussi bien de football, de rugby, de biathlon que de cyclisme.\",\"sameAs\":[\"https:\/\/www.facebook.com\/dicodusport\",\"https:\/\/x.com\/https:\/\/twitter.com\/Nico_Jacquemard\"],\"url\":\"https:\/\/dicodusport.fr\/blog\/author\/dicodusport\/\"}]}<\/script>\n<!-- \/ Yoast SEO Premium plugin. -->","yoast_head_json":{"title":"Pas de Strade Bianche et de Milan-San Remo pour Julian Alaphilippe","description":"Julian Alaphilippe, auteur d'une ann\u00e9e 2019 m\u00e9morable, a d\u00e9voil\u00e9 son programme pour la saison 2020, avec quelques surprises.","robots":{"index":"index","follow":"follow","max-snippet":"max-snippet:-1","max-image-preview":"max-image-preview:large","max-video-preview":"max-video-preview:-1"},"canonical":"https:\/\/dicodusport.fr\/blog\/pas-de-strade-bianche-et-de-milan-san-remo-pour-julian-alaphilippe\/","og_locale":"fr_FR","og_type":"article","og_title":"Pas de Strade Bianche et de Milan-San Remo pour Julian Alaphilippe","og_description":"Julian Alaphilippe, auteur d'une ann\u00e9e 2019 m\u00e9morable, a d\u00e9voil\u00e9 son programme pour la saison 2020, avec quelques surprises.","og_url":"https:\/\/dicodusport.fr\/blog\/pas-de-strade-bianche-et-de-milan-san-remo-pour-julian-alaphilippe\/","og_site_name":"Dicodusport","article_publisher":"https:\/\/www.facebook.com\/dicodusport","article_author":"https:\/\/www.facebook.com\/dicodusport","article_published_time":"2020-01-14T06:26:01+00:00","article_modified_time":"2020-01-14T08:50:20+00:00","og_image":[{"width":800,"height":445,"url":"https:\/\/dicodusport.fr\/blog\/wp-content\/uploads\/2019\/11\/Julian-Alaphilippe-\u00e9lu-coureur-international-de-lann\u00e9e-par-Cycling-Weekly.png","type":"image\/png"}],"author":"Nicolas Jacquemard","twitter_card":"summary_large_image","twitter_title":"Pas de Strade Bianche et de Milan-San Remo pour Julian Alaphilippe","twitter_creator":"@https:\/\/twitter.com\/Nico_Jacquemard","twitter_site":"@dicodusport","schema":{"@context":"https:\/\/schema.org","@graph":[{"@type":"NewsArticle","@id":"https:\/\/dicodusport.fr\/blog\/pas-de-strade-bianche-et-de-milan-san-remo-pour-julian-alaphilippe\/#article","isPartOf":{"@id":"https:\/\/dicodusport.fr\/blog\/pas-de-strade-bianche-et-de-milan-san-remo-pour-julian-alaphilippe\/"},"author":{"name":"Nicolas Jacquemard","@id":"https:\/\/dicodusport.fr\/blog\/#\/schema\/person\/55dcb50ad410894e431ed812bbb70191"},"headline":"Pas de Strade Bianche et de Milan-San Remo pour Julian Alaphilippe","datePublished":"2020-01-14T06:26:01+00:00","dateModified":"2020-01-14T08:50:20+00:00","mainEntityOfPage":{"@id":"https:\/\/dicodusport.fr\/blog\/pas-de-strade-bianche-et-de-milan-san-remo-pour-julian-alaphilippe\/"},"wordCount":272,"commentCount":0,"publisher":{"@id":"https:\/\/dicodusport.fr\/blog\/#organization"},"image":{"@id":"https:\/\/dicodusport.fr\/blog\/pas-de-strade-bianche-et-de-milan-san-remo-pour-julian-alaphilippe\/#primaryimage"},"thumbnailUrl":"https:\/\/dicodusport.fr\/blog\/wp-content\/uploads\/2019\/11\/Julian-Alaphilippe-\u00e9lu-coureur-international-de-lann\u00e9e-par-Cycling-Weekly.png","keywords":["Cyclisme","Julian Alaphilippe","v\u00e9lo"],"articleSection":["Cyclisme"],"inLanguage":"fr-FR","potentialAction":[{"@type":"CommentAction","name":"Comment","target":["https:\/\/dicodusport.fr\/blog\/pas-de-strade-bianche-et-de-milan-san-remo-pour-julian-alaphilippe\/#respond"]}],"copyrightYear":"2020","copyrightHolder":{"@id":"https:\/\/dicodusport.fr\/blog\/#organization"}},{"@type":"WebPage","@id":"https:\/\/dicodusport.fr\/blog\/pas-de-strade-bianche-et-de-milan-san-remo-pour-julian-alaphilippe\/","url":"https:\/\/dicodusport.fr\/blog\/pas-de-strade-bianche-et-de-milan-san-remo-pour-julian-alaphilippe\/","name":"Pas de Strade Bianche et de Milan-San Remo pour Julian Alaphilippe","isPartOf":{"@id":"https:\/\/dicodusport.fr\/blog\/#website"},"primaryImageOfPage":{"@id":"https:\/\/dicodusport.fr\/blog\/pas-de-strade-bianche-et-de-milan-san-remo-pour-julian-alaphilippe\/#primaryimage"},"image":{"@id":"https:\/\/dicodusport.fr\/blog\/pas-de-strade-bianche-et-de-milan-san-remo-pour-julian-alaphilippe\/#primaryimage"},"thumbnailUrl":"https:\/\/dicodusport.fr\/blog\/wp-content\/uploads\/2019\/11\/Julian-Alaphilippe-\u00e9lu-coureur-international-de-lann\u00e9e-par-Cycling-Weekly.png","datePublished":"2020-01-14T06:26:01+00:00","dateModified":"2020-01-14T08:50:20+00:00","description":"Julian Alaphilippe, auteur d'une ann\u00e9e 2019 m\u00e9morable, a d\u00e9voil\u00e9 son programme pour la saison 2020, avec quelques surprises.","breadcrumb":{"@id":"https:\/\/dicodusport.fr\/blog\/pas-de-strade-bianche-et-de-milan-san-remo-pour-julian-alaphilippe\/#breadcrumb"},"inLanguage":"fr-FR","potentialAction":[{"@type":"ReadAction","target":["https:\/\/dicodusport.fr\/blog\/pas-de-strade-bianche-et-de-milan-san-remo-pour-julian-alaphilippe\/"]}]},{"@type":"ImageObject","inLanguage":"fr-FR","@id":"https:\/\/dicodusport.fr\/blog\/pas-de-strade-bianche-et-de-milan-san-remo-pour-julian-alaphilippe\/#primaryimage","url":"https:\/\/dicodusport.fr\/blog\/wp-content\/uploads\/2019\/11\/Julian-Alaphilippe-\u00e9lu-coureur-international-de-lann\u00e9e-par-Cycling-Weekly.png","contentUrl":"https:\/\/dicodusport.fr\/blog\/wp-content\/uploads\/2019\/11\/Julian-Alaphilippe-\u00e9lu-coureur-international-de-lann\u00e9e-par-Cycling-Weekly.png","width":800,"height":445,"caption":"Julian Alaphilippe \u00e9lu coureur international de l'ann\u00e9e par Cycling Weekly"},{"@type":"BreadcrumbList","@id":"https:\/\/dicodusport.fr\/blog\/pas-de-strade-bianche-et-de-milan-san-remo-pour-julian-alaphilippe\/#breadcrumb","itemListElement":[{"@type":"ListItem","position":1,"name":"Accueil","item":"https:\/\/dicodusport.fr\/blog\/"},{"@type":"ListItem","position":2,"name":"Pas de Strade Bianche et de Milan-San Remo pour Julian Alaphilippe"}]},{"@type":"WebSite","@id":"https:\/\/dicodusport.fr\/blog\/#website","url":"https:\/\/dicodusport.fr\/blog\/","name":"Dicodusport","description":"L&#039;encyclop\u00e9die de l&#039;actualit\u00e9 sportive","publisher":{"@id":"https:\/\/dicodusport.fr\/blog\/#organization"},"potentialAction":[{"@type":"SearchAction","target":{"@type":"EntryPoint","urlTemplate":"https:\/\/dicodusport.fr\/blog\/?s={search_term_string}"},"query-input":{"@type":"PropertyValueSpecification","valueRequired":true,"valueName":"search_term_string"}}],"inLanguage":"fr-FR"},{"@type":"NewsMediaOrganization","@id":"https:\/\/dicodusport.fr\/blog\/#organization","name":"Dicodusport","url":"https:\/\/dicodusport.fr\/blog\/","logo":{"@type":"ImageObject","inLanguage":"fr-FR","@id":"https:\/\/dicodusport.fr\/blog\/#\/schema\/logo\/image\/","url":"https:\/\/dicodusport.fr\/blog\/wp-content\/uploads\/2020\/06\/cropped-LOGO-DICODUSPORT-2020-SANS-FOND-SANS-TEXTE.png","contentUrl":"https:\/\/dicodusport.fr\/blog\/wp-content\/uploads\/2020\/06\/cropped-LOGO-DICODUSPORT-2020-SANS-FOND-SANS-TEXTE.png","width":512,"height":512,"caption":"Dicodusport"},"image":{"@id":"https:\/\/dicodusport.fr\/blog\/#\/schema\/logo\/image\/"},"sameAs":["https:\/\/www.facebook.com\/dicodusport","https:\/\/x.com\/dicodusport","https:\/\/www.instagram.com\/dicodusport\/","https:\/\/www.youtube.com\/channel\/UC7V2KZ5sd3htJivAbA4ZG3w"],"description":"Dicodusport est l'encyclop\u00e9die de l'actualit\u00e9 sportive.","email":"bonjour@dicodusport.fr","legalName":"DICODUSPORT","foundingDate":"2018-01-14","vatID":"FR71834470973","taxID":"83447097300043","numberOfEmployees":{"@type":"QuantitativeValue","minValue":"1","maxValue":"10"}},{"@type":"Person","@id":"https:\/\/dicodusport.fr\/blog\/#\/schema\/person\/55dcb50ad410894e431ed812bbb70191","name":"Nicolas Jacquemard","image":{"@type":"ImageObject","inLanguage":"fr-FR","@id":"https:\/\/dicodusport.fr\/blog\/#\/schema\/person\/image\/","url":"https:\/\/dicodusport.fr\/blog\/wp-content\/uploads\/2021\/05\/Nicolas-Jacquemard-150x150.jpeg","contentUrl":"https:\/\/dicodusport.fr\/blog\/wp-content\/uploads\/2021\/05\/Nicolas-Jacquemard-150x150.jpeg","caption":"Nicolas Jacquemard"},"description":"Passionn\u00e9 de sport et entrepreneur depuis mes 18 ans, la cr\u00e9ation de Dicodusport m'a sembl\u00e9 \u00e9vidente pour participer \u00e0 la m\u00e9diatisation d'un plus grand nombre de sports. Le chemin est long mais avec une \u00e9quipe des plus motiv\u00e9es et les Jeux Olympiques de Paris 2024 en point de mire, nous y arriverons ! Journaliste dans le monde du sport depuis plus de 5 ans, je traite aussi bien de football, de rugby, de biathlon que de cyclisme.","sameAs":["https:\/\/www.facebook.com\/dicodusport","https:\/\/x.com\/https:\/\/twitter.com\/Nico_Jacquemard"],"url":"https:\/\/dicodusport.fr\/blog\/author\/dicodusport\/"}]}},"_links":{"self":[{"href":"https:\/\/dicodusport.fr\/blog\/wp-json\/wp\/v2\/posts\/56839","targetHints":{"allow":["GET"]}}],"collection":[{"href":"https:\/\/dicodusport.fr\/blog\/wp-json\/wp\/v2\/posts"}],"about":[{"href":"https:\/\/dicodusport.fr\/blog\/wp-json\/wp\/v2\/types\/post"}],"author":[{"embeddable":true,"href":"https:\/\/dicodusport.fr\/blog\/wp-json\/wp\/v2\/users\/1"}],"replies":[{"embeddable":true,"href":"https:\/\/dicodusport.fr\/blog\/wp-json\/wp\/v2\/comments?post=56839"}],"version-history":[{"count":0,"href":"https:\/\/dicodusport.fr\/blog\/wp-json\/wp\/v2\/posts\/56839\/revisions"}],"wp:featuredmedia":[{"embeddable":true,"href":"https:\/\/dicodusport.fr\/blog\/wp-json\/wp\/v2\/media\/54162"}],"wp:attachment":[{"href":"https:\/\/dicodusport.fr\/blog\/wp-json\/wp\/v2\/media?parent=56839"}],"wp:term":[{"taxonomy":"category","embeddable":true,"href":"https:\/\/dicodusport.fr\/blog\/wp-json\/wp\/v2\/categories?post=56839"},{"taxonomy":"post_tag","embeddable":true,"href":"https:\/\/dicodusport.fr\/blog\/wp-json\/wp\/v2\/tags?post=56839"}],"curies":[{"name":"wp","href":"https:\/\/api.w.org\/{rel}","templated":true}]}}