{"id":568520,"date":"2025-03-29T17:30:57","date_gmt":"2025-03-29T16:30:57","guid":{"rendered":"https:\/\/dicodusport.fr\/blog\/?p=568520&#038;preview=true&#038;preview_id=568520"},"modified":"2025-03-29T19:00:45","modified_gmt":"2025-03-29T18:00:45","slug":"handball-ligue-europeenne-feminine-dijon-ecrit-son-histoire-et-sinvite-dans-le-dernier-carre","status":"publish","type":"post","link":"https:\/\/dicodusport.fr\/blog\/handball-ligue-europeenne-feminine-dijon-ecrit-son-histoire-et-sinvite-dans-le-dernier-carre\/","title":{"rendered":"Handball Ligue europ\u00e9enne f\u00e9minine : Dijon \u00e9crit son histoire et s&rsquo;invite dans le dernier carr\u00e9"},"content":{"rendered":"<h4 style=\"text-align: justify;\"><em>HANDBALL LIGUE EUROP\u00c9ENNE F\u00c9MININE &#8211; Pour la premi\u00e8re fois de son histoire, la JDA Dijon se qualifie dans le dernier carr\u00e9 d&rsquo;une coupe d&rsquo;Europe de handball. Apr\u00e8s un succ\u00e8s plein de ma\u00eetrise sur le parquet de Bensheim, malgr\u00e9 une fin de match un peu moins bonne (26-28). Les Dijonnaises ne sont plus qu&rsquo;\u00e0 deux matchs d&rsquo;un sacre europ\u00e9en.<\/em><\/h4>\n<ul>\n<li style=\"text-align: justify;\"><strong>\u00c0 ce sujet &#8211; <a href=\"https:\/\/dicodusport.fr\/blog\/actualites\/handball\/\">L&rsquo;actualit\u00e9 du handball<\/a><\/strong><\/li>\n<\/ul>\n<p style=\"text-align: justify;\">La <strong>JDA Dijon<\/strong> \u00e9crit son histoire \u00e9galement en handball. On conna\u00eet le basket, mais le handball s&rsquo;inscrit petit \u00e0 petit dans la capitale de la Bourgogne. Et se conjugue au f\u00e9minin. Pour la premi\u00e8re fois de l&rsquo;histoire du club, les handballeuses se qualifient dans le dernier carr\u00e9 d&rsquo;une comp\u00e9tition europ\u00e9enne, la Ligue Europ\u00e9enne. Que de chemin parcouru par cette \u00e9quipe, bien install\u00e9e dans le Top 4 en Ligue Butagaz Energie et qui luttait encore pour son maintien, il y a trois saisons. Que cela semble loin d\u00e9sormais. <a href=\"https:\/\/dicodusport.fr\/blog\/handball-ligue-europeenne-feminine-dijon-remporte-son-quart-de-finale-aller-face-a-bensheim\/\">Apr\u00e8s leur victoire 31-27 \u00e0 l&rsquo;aller<\/a>, les Dijonnaises ont fait preuve de solidit\u00e9 en Allemagne, pour remporter une nouvelle victoire contre Bensheim (26-28).<\/p>\n<blockquote class=\"twitter-tweet\">\n<p dir=\"ltr\" lang=\"fr\">\u2705 \ud835\udc05 \ud835\udc08 \ud835\udc0d \ud835\udc00 \ud835\udc0b \ud835\udfd2 \ud83d\ude0d<\/p>\n<p>La <a href=\"https:\/\/twitter.com\/jdadijonhand?ref_src=twsrc%5Etfw\">@jdadijonhand<\/a> qualifi\u00e9e pour le FINAL 4 de l&rsquo;<a href=\"https:\/\/twitter.com\/ehfel_official?ref_src=twsrc%5Etfw\">@ehfel_official<\/a> !<\/p>\n<p>\ud83d\ude4c Quelle fiert\u00e9, BRAVO aux Dijonnaises et rendez-vous \u00e0 Graz\ud83c\udde6\ud83c\uddf9<a href=\"https:\/\/twitter.com\/hashtag\/inspirante?src=hash&amp;ref_src=twsrc%5Etfw\">#inspirante<\/a><a href=\"https:\/\/twitter.com\/hashtag\/ehfel?src=hash&amp;ref_src=twsrc%5Etfw\">#ehfel<\/a> <a href=\"https:\/\/t.co\/Z4J5k9BHxm\">pic.twitter.com\/Z4J5k9BHxm<\/a><\/p>\n<p>\u2014 LFH_Officiel (@LFH_Officiel) <a href=\"https:\/\/twitter.com\/LFH_Officiel\/status\/1906020498720379045?ref_src=twsrc%5Etfw\">March 29, 2025<\/a><\/p><\/blockquote>\n<p><script async src=\"https:\/\/platform.twitter.com\/widgets.js\" charset=\"utf-8\"><\/script><\/p>\n<h2 style=\"text-align: justify;\">Ann-Cathrin Giegerich \u00e9norme dans les cages de Dijon<\/h2>\n<p style=\"text-align: justify;\">On a eu peur en ce d\u00e9but de match, avec des Allemandes rentr\u00e9es avec \u00e9norm\u00e9ment de volont\u00e9 et d&rsquo;\u00e9nergie dans la partie. En six minutes, les Dijonnaises n&rsquo;avaient plus qu&rsquo;un but d&rsquo;avance sur l&rsquo;ensemble des deux matchs (5-2, 6e). Le temps de laisser passer l&rsquo;orage, les Dijonnaises auront eu des nerfs solides, malgr\u00e9 cet uppercut d&rsquo;entr\u00e9e. Elles vont revenir tranquillement dans la partie (5-5, 10e). Le tout, malgr\u00e9 un d\u00e9but de match marqu\u00e9 par quelques ballons rendus, trois en neuf minutes et neuf au total du premier acte. Le gros point n\u00e9gatif pour des Dijonnaises, qui vont se montrer solides en d\u00e9fense et r\u00e9alistes au moment de prendre les shoots (15\/24 au tir, dans le premier acte).<\/p>\n<p style=\"text-align: justify;\">Solides d\u00e9fensivement et port\u00e9es par leur gardienne <strong>Ann-Cathrin Giegerich <\/strong>qui, apr\u00e8s un bon d\u00e9but de partie (4\/11 apr\u00e8s 14 minutes de jeu), va encha\u00eener sept minutes \u00e0 \u00e9c\u0153urer les tireuses adverses. Jusqu&rsquo;\u00e0 monter \u00e0 9\/17 et m\u00eame 13\/24 \u00e0 la pause. Des statistiques de fin de match pour l&rsquo;ex-internationale allemande, dans les cages de <strong>Dijon<\/strong>, d\u00e9j\u00e0 pr\u00e9cieuse lors de l&rsquo;aller. Ses co\u00e9quipi\u00e8res vont en profiter pour prendre la main dans la partie (11-14, 28e), la baisse du rythme et de l&rsquo;intensit\u00e9 des Allemandes, leur \u00e9tant favorables. La base arri\u00e8re de <strong>Dijon<\/strong> s&rsquo;est montr\u00e9e solide offensivement, les pivots ont \u00e9t\u00e9 trouv\u00e9s et le danger est venu de partout, avec huit buteuses diff\u00e9rentes dans ce premier acte. De quoi garder trois buts d&rsquo;avance \u00e0 la pause (12-15), sept au total apr\u00e8s \u00ab\u00a090\u00a0\u00bb minutes de jeu.<\/p>\n<h2>Dijon a fini par \u00e9c\u0153urer les Allemandes<\/h2>\n<p style=\"text-align: justify;\">Peut-\u00eatre un peu dans le confort, les Dijonnaises ne vont pas garder la m\u00eame intensit\u00e9 que dans le premier acte. Avec un petit rythme (trois buts dans les dix premi\u00e8res minutes du second acte) en cette reprise et des Allemandes qui grappillent quelque peu\u00a0 (14-16, 35e). Elles qui vont m\u00eame plusieurs fois revenir \u00e0 un but. Heureusement que les Allemandes ne parviennent pas \u00e0 trouver de l&rsquo;efficacit\u00e9 au tir (45 % apr\u00e8s 45 minutes de jeu) et rendent quelques ballons. Des situations qui interviennent, surtout, quand elles n&rsquo;avaient qu&rsquo;un but de retard et le ballon d&rsquo;\u00e9galisation. Cela aurait pu mettre un peu de pression sur <strong>Dijon<\/strong>. Qui est en gestion, sans jouer le m\u00eame handball que dans le premier acte. Mais on sent qu&rsquo;il y a un peu de marge, malgr\u00e9 les assauts allemands (20-22, 47e).<\/p>\n<p style=\"text-align: justify;\">Et le superbe <em>kung-fu<\/em> conclu par <strong>Rosario Urban<\/strong>, finit de sceller la qualification dijonnaise, qui reprend alors ses trois buts d&rsquo;avance (20-23, 49e). Le coup de gr\u00e2ce pour <strong>Bensheim<\/strong>. Comme dans le premier acte, l&rsquo;orage, plus \u00e9tal\u00e9 dans le temps, a \u00e9t\u00e9 bien g\u00e9r\u00e9 par cette \u00e9quipe fran\u00e7aise, qui a fait preuve d&rsquo;une \u00e9tonnante exp\u00e9rience. Pour une \u00e9quipe encore tr\u00e8s peu habitu\u00e9e aux coupes d&rsquo;Europe. <strong>Nina Dury<\/strong> termine meilleure buteuse de la rencontre, avec ses six buts, tandis que d&rsquo;autres joueuses, comme <strong>Celine Sivertsen<\/strong> (cinq buts) ou<strong> Claire Vautier<\/strong> (trois buts) se sont montr\u00e9es. Toutes entrent dans l&rsquo;histoire du club et de la structure omnisports de la <strong>JDA Dijon<\/strong>. Il n&rsquo;y a d\u00e9sormais plus \u00ab\u00a0que\u00a0\u00bb deux matchs \u00e0 jouer pour une \u00e9ventuelle coupe d&rsquo;Europe. Et succ\u00e9der \u00e0 Nantes Atlantique handball, vainqueur de la comp\u00e9tition en 2021.<\/p>\n<p>&nbsp;<\/p>\n","protected":false},"excerpt":{"rendered":"<p>Dijon \u00e9crit son histoire et s&rsquo;invite dans le dernier carr\u00e9<\/p>\n","protected":false},"author":83,"featured_media":568534,"comment_status":"open","ping_status":"closed","sticky":false,"template":"","format":"standard","meta":{"_acf_changed":false,"_daextam_enable_autolinks":"1","footnotes":""},"categories":[2304],"tags":[32415,16878],"class_list":["post-568520","post","type-post","status-publish","format-standard","has-post-thumbnail","hentry","category-handball","tag-actu","tag-breve"],"acf":[],"yoast_head":"<!-- This site is optimized with the Yoast SEO Premium plugin v26.7 (Yoast SEO v26.7) - https:\/\/yoast.com\/wordpress\/plugins\/seo\/ -->\n<title>Handball Ligue europ\u00e9enne f\u00e9minine : Dijon \u00e9crit son histoire et s&#039;invite dans le dernier carr\u00e9<\/title>\n<meta name=\"description\" content=\"HANDBALL LIGUE EUROP\u00c9ENNE F\u00c9MININE - Pour la premi\u00e8re fois de son histoire, la JDA Dijon se qualifie dans le dernier carr\u00e9 d&#039;une coupe d&#039;Europe.\" \/>\n<meta name=\"robots\" content=\"index, follow, max-snippet:-1, max-image-preview:large, max-video-preview:-1\" \/>\n<link rel=\"canonical\" href=\"https:\/\/dicodusport.fr\/blog\/handball-ligue-europeenne-feminine-dijon-ecrit-son-histoire-et-sinvite-dans-le-dernier-carre\/\" \/>\n<meta property=\"og:locale\" content=\"fr_FR\" \/>\n<meta property=\"og:type\" content=\"article\" \/>\n<meta property=\"og:title\" content=\"Handball Ligue europ\u00e9enne f\u00e9minine : Dijon \u00e9crit son histoire et s&#039;invite dans le dernier carr\u00e9\" \/>\n<meta property=\"og:description\" content=\"HANDBALL LIGUE EUROP\u00c9ENNE F\u00c9MININE - Pour la premi\u00e8re fois de son histoire, la JDA Dijon se qualifie dans le dernier carr\u00e9 d&#039;une coupe d&#039;Europe.\" \/>\n<meta property=\"og:url\" content=\"https:\/\/dicodusport.fr\/blog\/handball-ligue-europeenne-feminine-dijon-ecrit-son-histoire-et-sinvite-dans-le-dernier-carre\/\" \/>\n<meta property=\"og:site_name\" content=\"Dicodusport\" \/>\n<meta property=\"article:publisher\" content=\"https:\/\/www.facebook.com\/dicodusport\" \/>\n<meta property=\"article:published_time\" content=\"2025-03-29T16:30:57+00:00\" \/>\n<meta property=\"article:modified_time\" content=\"2025-03-29T18:00:45+00:00\" \/>\n<meta property=\"og:image\" content=\"https:\/\/dicodusport.fr\/blog\/wp-content\/uploads\/2025\/03\/Handball-Ligue-europeenne-feminine-Dijon-ecrit-son-histoire-et-sinvite-dans-le-dernier-carre.png\" \/>\n\t<meta property=\"og:image:width\" content=\"1200\" \/>\n\t<meta property=\"og:image:height\" content=\"674\" \/>\n\t<meta property=\"og:image:type\" content=\"image\/png\" \/>\n<meta name=\"author\" content=\"Etienne Goursaud\" \/>\n<meta name=\"twitter:card\" content=\"summary_large_image\" \/>\n<meta name=\"twitter:title\" content=\"Handball Ligue europ\u00e9enne f\u00e9minine : Dijon \u00e9crit son histoire et s&#039;invite dans le dernier carr\u00e9\" \/>\n<meta name=\"twitter:creator\" content=\"@dicodusport\" \/>\n<meta name=\"twitter:site\" content=\"@dicodusport\" \/>\n<script type=\"application\/ld+json\" class=\"yoast-schema-graph\">{\"@context\":\"https:\/\/schema.org\",\"@graph\":[{\"@type\":\"NewsArticle\",\"@id\":\"https:\/\/dicodusport.fr\/blog\/handball-ligue-europeenne-feminine-dijon-ecrit-son-histoire-et-sinvite-dans-le-dernier-carre\/#article\",\"isPartOf\":{\"@id\":\"https:\/\/dicodusport.fr\/blog\/handball-ligue-europeenne-feminine-dijon-ecrit-son-histoire-et-sinvite-dans-le-dernier-carre\/\"},\"author\":{\"name\":\"Etienne Goursaud\",\"@id\":\"https:\/\/dicodusport.fr\/blog\/#\/schema\/person\/d603dd7da31fb2b46c82b9835a77ec13\"},\"headline\":\"Handball Ligue europ\u00e9enne f\u00e9minine : Dijon \u00e9crit son histoire et s&rsquo;invite dans le dernier carr\u00e9\",\"datePublished\":\"2025-03-29T16:30:57+00:00\",\"dateModified\":\"2025-03-29T18:00:45+00:00\",\"mainEntityOfPage\":{\"@id\":\"https:\/\/dicodusport.fr\/blog\/handball-ligue-europeenne-feminine-dijon-ecrit-son-histoire-et-sinvite-dans-le-dernier-carre\/\"},\"wordCount\":832,\"commentCount\":0,\"publisher\":{\"@id\":\"https:\/\/dicodusport.fr\/blog\/#organization\"},\"image\":{\"@id\":\"https:\/\/dicodusport.fr\/blog\/handball-ligue-europeenne-feminine-dijon-ecrit-son-histoire-et-sinvite-dans-le-dernier-carre\/#primaryimage\"},\"thumbnailUrl\":\"https:\/\/dicodusport.fr\/blog\/wp-content\/uploads\/2025\/03\/Handball-Ligue-europeenne-feminine-Dijon-ecrit-son-histoire-et-sinvite-dans-le-dernier-carre.png\",\"keywords\":[\"actu\",\"br\u00e8ve\"],\"articleSection\":[\"Handball\"],\"inLanguage\":\"fr-FR\",\"potentialAction\":[{\"@type\":\"CommentAction\",\"name\":\"Comment\",\"target\":[\"https:\/\/dicodusport.fr\/blog\/handball-ligue-europeenne-feminine-dijon-ecrit-son-histoire-et-sinvite-dans-le-dernier-carre\/#respond\"]}],\"copyrightYear\":\"2025\",\"copyrightHolder\":{\"@id\":\"https:\/\/dicodusport.fr\/blog\/#organization\"}},{\"@type\":\"WebPage\",\"@id\":\"https:\/\/dicodusport.fr\/blog\/handball-ligue-europeenne-feminine-dijon-ecrit-son-histoire-et-sinvite-dans-le-dernier-carre\/\",\"url\":\"https:\/\/dicodusport.fr\/blog\/handball-ligue-europeenne-feminine-dijon-ecrit-son-histoire-et-sinvite-dans-le-dernier-carre\/\",\"name\":\"Handball Ligue europ\u00e9enne f\u00e9minine : Dijon \u00e9crit son histoire et s'invite dans le dernier carr\u00e9\",\"isPartOf\":{\"@id\":\"https:\/\/dicodusport.fr\/blog\/#website\"},\"primaryImageOfPage\":{\"@id\":\"https:\/\/dicodusport.fr\/blog\/handball-ligue-europeenne-feminine-dijon-ecrit-son-histoire-et-sinvite-dans-le-dernier-carre\/#primaryimage\"},\"image\":{\"@id\":\"https:\/\/dicodusport.fr\/blog\/handball-ligue-europeenne-feminine-dijon-ecrit-son-histoire-et-sinvite-dans-le-dernier-carre\/#primaryimage\"},\"thumbnailUrl\":\"https:\/\/dicodusport.fr\/blog\/wp-content\/uploads\/2025\/03\/Handball-Ligue-europeenne-feminine-Dijon-ecrit-son-histoire-et-sinvite-dans-le-dernier-carre.png\",\"datePublished\":\"2025-03-29T16:30:57+00:00\",\"dateModified\":\"2025-03-29T18:00:45+00:00\",\"description\":\"HANDBALL LIGUE EUROP\u00c9ENNE F\u00c9MININE - Pour la premi\u00e8re fois de son histoire, la JDA Dijon se qualifie dans le dernier carr\u00e9 d'une coupe d'Europe.\",\"breadcrumb\":{\"@id\":\"https:\/\/dicodusport.fr\/blog\/handball-ligue-europeenne-feminine-dijon-ecrit-son-histoire-et-sinvite-dans-le-dernier-carre\/#breadcrumb\"},\"inLanguage\":\"fr-FR\",\"potentialAction\":[{\"@type\":\"ReadAction\",\"target\":[\"https:\/\/dicodusport.fr\/blog\/handball-ligue-europeenne-feminine-dijon-ecrit-son-histoire-et-sinvite-dans-le-dernier-carre\/\"]}]},{\"@type\":\"ImageObject\",\"inLanguage\":\"fr-FR\",\"@id\":\"https:\/\/dicodusport.fr\/blog\/handball-ligue-europeenne-feminine-dijon-ecrit-son-histoire-et-sinvite-dans-le-dernier-carre\/#primaryimage\",\"url\":\"https:\/\/dicodusport.fr\/blog\/wp-content\/uploads\/2025\/03\/Handball-Ligue-europeenne-feminine-Dijon-ecrit-son-histoire-et-sinvite-dans-le-dernier-carre.png\",\"contentUrl\":\"https:\/\/dicodusport.fr\/blog\/wp-content\/uploads\/2025\/03\/Handball-Ligue-europeenne-feminine-Dijon-ecrit-son-histoire-et-sinvite-dans-le-dernier-carre.png\",\"width\":1200,\"height\":674,\"caption\":\"Handball Ligue europ\u00e9enne f\u00e9minine : Dijon \u00e9crit son histoire et s'invite dans le dernier carr\u00e9\"},{\"@type\":\"BreadcrumbList\",\"@id\":\"https:\/\/dicodusport.fr\/blog\/handball-ligue-europeenne-feminine-dijon-ecrit-son-histoire-et-sinvite-dans-le-dernier-carre\/#breadcrumb\",\"itemListElement\":[{\"@type\":\"ListItem\",\"position\":1,\"name\":\"Accueil\",\"item\":\"https:\/\/dicodusport.fr\/blog\/\"},{\"@type\":\"ListItem\",\"position\":2,\"name\":\"Handball Ligue europ\u00e9enne f\u00e9minine : Dijon \u00e9crit son histoire et s&rsquo;invite dans le dernier carr\u00e9\"}]},{\"@type\":\"WebSite\",\"@id\":\"https:\/\/dicodusport.fr\/blog\/#website\",\"url\":\"https:\/\/dicodusport.fr\/blog\/\",\"name\":\"Dicodusport\",\"description\":\"L&#039;encyclop\u00e9die de l&#039;actualit\u00e9 sportive\",\"publisher\":{\"@id\":\"https:\/\/dicodusport.fr\/blog\/#organization\"},\"potentialAction\":[{\"@type\":\"SearchAction\",\"target\":{\"@type\":\"EntryPoint\",\"urlTemplate\":\"https:\/\/dicodusport.fr\/blog\/?s={search_term_string}\"},\"query-input\":{\"@type\":\"PropertyValueSpecification\",\"valueRequired\":true,\"valueName\":\"search_term_string\"}}],\"inLanguage\":\"fr-FR\"},{\"@type\":\"NewsMediaOrganization\",\"@id\":\"https:\/\/dicodusport.fr\/blog\/#organization\",\"name\":\"Dicodusport\",\"url\":\"https:\/\/dicodusport.fr\/blog\/\",\"logo\":{\"@type\":\"ImageObject\",\"inLanguage\":\"fr-FR\",\"@id\":\"https:\/\/dicodusport.fr\/blog\/#\/schema\/logo\/image\/\",\"url\":\"https:\/\/dicodusport.fr\/blog\/wp-content\/uploads\/2020\/06\/cropped-LOGO-DICODUSPORT-2020-SANS-FOND-SANS-TEXTE.png\",\"contentUrl\":\"https:\/\/dicodusport.fr\/blog\/wp-content\/uploads\/2020\/06\/cropped-LOGO-DICODUSPORT-2020-SANS-FOND-SANS-TEXTE.png\",\"width\":512,\"height\":512,\"caption\":\"Dicodusport\"},\"image\":{\"@id\":\"https:\/\/dicodusport.fr\/blog\/#\/schema\/logo\/image\/\"},\"sameAs\":[\"https:\/\/www.facebook.com\/dicodusport\",\"https:\/\/x.com\/dicodusport\",\"https:\/\/www.instagram.com\/dicodusport\/\",\"https:\/\/www.youtube.com\/channel\/UC7V2KZ5sd3htJivAbA4ZG3w\"],\"description\":\"Dicodusport est l'encyclop\u00e9die de l'actualit\u00e9 sportive.\",\"email\":\"bonjour@dicodusport.fr\",\"legalName\":\"DICODUSPORT\",\"foundingDate\":\"2018-01-14\",\"vatID\":\"FR71834470973\",\"taxID\":\"83447097300043\",\"numberOfEmployees\":{\"@type\":\"QuantitativeValue\",\"minValue\":\"1\",\"maxValue\":\"10\"}},{\"@type\":\"Person\",\"@id\":\"https:\/\/dicodusport.fr\/blog\/#\/schema\/person\/d603dd7da31fb2b46c82b9835a77ec13\",\"name\":\"Etienne Goursaud\",\"image\":{\"@type\":\"ImageObject\",\"inLanguage\":\"fr-FR\",\"@id\":\"https:\/\/dicodusport.fr\/blog\/#\/schema\/person\/image\/\",\"url\":\"https:\/\/dicodusport.fr\/blog\/wp-content\/uploads\/2023\/12\/410122264_10231602061736049_5565839791558026645_n-150x150.jpg\",\"contentUrl\":\"https:\/\/dicodusport.fr\/blog\/wp-content\/uploads\/2023\/12\/410122264_10231602061736049_5565839791558026645_n-150x150.jpg\",\"caption\":\"Etienne Goursaud\"},\"description\":\"Journaliste et amoureux de sport. Ancien footballeur reconverti athl\u00e8te quand ses muscles le laissent tranquille. \u00c9lev\u00e9 \u00e0 la sauce des exploits de Thomas Voeckler en 2004, du dernier essai de l\u00e9gende de Eunice Barber \u00e0 la longueur lors des championnats du monde d'athl\u00e9tisme de 2003 mais aussi Zidane, Omeyer et Titou Lamaison.\",\"url\":\"https:\/\/dicodusport.fr\/blog\/author\/etienne-goursaud\/\"}]}<\/script>\n<!-- \/ Yoast SEO Premium plugin. -->","yoast_head_json":{"title":"Handball Ligue europ\u00e9enne f\u00e9minine : Dijon \u00e9crit son histoire et s'invite dans le dernier carr\u00e9","description":"HANDBALL LIGUE EUROP\u00c9ENNE F\u00c9MININE - Pour la premi\u00e8re fois de son histoire, la JDA Dijon se qualifie dans le dernier carr\u00e9 d'une coupe d'Europe.","robots":{"index":"index","follow":"follow","max-snippet":"max-snippet:-1","max-image-preview":"max-image-preview:large","max-video-preview":"max-video-preview:-1"},"canonical":"https:\/\/dicodusport.fr\/blog\/handball-ligue-europeenne-feminine-dijon-ecrit-son-histoire-et-sinvite-dans-le-dernier-carre\/","og_locale":"fr_FR","og_type":"article","og_title":"Handball Ligue europ\u00e9enne f\u00e9minine : Dijon \u00e9crit son histoire et s'invite dans le dernier carr\u00e9","og_description":"HANDBALL LIGUE EUROP\u00c9ENNE F\u00c9MININE - Pour la premi\u00e8re fois de son histoire, la JDA Dijon se qualifie dans le dernier carr\u00e9 d'une coupe d'Europe.","og_url":"https:\/\/dicodusport.fr\/blog\/handball-ligue-europeenne-feminine-dijon-ecrit-son-histoire-et-sinvite-dans-le-dernier-carre\/","og_site_name":"Dicodusport","article_publisher":"https:\/\/www.facebook.com\/dicodusport","article_published_time":"2025-03-29T16:30:57+00:00","article_modified_time":"2025-03-29T18:00:45+00:00","og_image":[{"width":1200,"height":674,"url":"https:\/\/dicodusport.fr\/blog\/wp-content\/uploads\/2025\/03\/Handball-Ligue-europeenne-feminine-Dijon-ecrit-son-histoire-et-sinvite-dans-le-dernier-carre.png","type":"image\/png"}],"author":"Etienne Goursaud","twitter_card":"summary_large_image","twitter_title":"Handball Ligue europ\u00e9enne f\u00e9minine : Dijon \u00e9crit son histoire et s'invite dans le dernier carr\u00e9","twitter_creator":"@dicodusport","twitter_site":"@dicodusport","schema":{"@context":"https:\/\/schema.org","@graph":[{"@type":"NewsArticle","@id":"https:\/\/dicodusport.fr\/blog\/handball-ligue-europeenne-feminine-dijon-ecrit-son-histoire-et-sinvite-dans-le-dernier-carre\/#article","isPartOf":{"@id":"https:\/\/dicodusport.fr\/blog\/handball-ligue-europeenne-feminine-dijon-ecrit-son-histoire-et-sinvite-dans-le-dernier-carre\/"},"author":{"name":"Etienne Goursaud","@id":"https:\/\/dicodusport.fr\/blog\/#\/schema\/person\/d603dd7da31fb2b46c82b9835a77ec13"},"headline":"Handball Ligue europ\u00e9enne f\u00e9minine : Dijon \u00e9crit son histoire et s&rsquo;invite dans le dernier carr\u00e9","datePublished":"2025-03-29T16:30:57+00:00","dateModified":"2025-03-29T18:00:45+00:00","mainEntityOfPage":{"@id":"https:\/\/dicodusport.fr\/blog\/handball-ligue-europeenne-feminine-dijon-ecrit-son-histoire-et-sinvite-dans-le-dernier-carre\/"},"wordCount":832,"commentCount":0,"publisher":{"@id":"https:\/\/dicodusport.fr\/blog\/#organization"},"image":{"@id":"https:\/\/dicodusport.fr\/blog\/handball-ligue-europeenne-feminine-dijon-ecrit-son-histoire-et-sinvite-dans-le-dernier-carre\/#primaryimage"},"thumbnailUrl":"https:\/\/dicodusport.fr\/blog\/wp-content\/uploads\/2025\/03\/Handball-Ligue-europeenne-feminine-Dijon-ecrit-son-histoire-et-sinvite-dans-le-dernier-carre.png","keywords":["actu","br\u00e8ve"],"articleSection":["Handball"],"inLanguage":"fr-FR","potentialAction":[{"@type":"CommentAction","name":"Comment","target":["https:\/\/dicodusport.fr\/blog\/handball-ligue-europeenne-feminine-dijon-ecrit-son-histoire-et-sinvite-dans-le-dernier-carre\/#respond"]}],"copyrightYear":"2025","copyrightHolder":{"@id":"https:\/\/dicodusport.fr\/blog\/#organization"}},{"@type":"WebPage","@id":"https:\/\/dicodusport.fr\/blog\/handball-ligue-europeenne-feminine-dijon-ecrit-son-histoire-et-sinvite-dans-le-dernier-carre\/","url":"https:\/\/dicodusport.fr\/blog\/handball-ligue-europeenne-feminine-dijon-ecrit-son-histoire-et-sinvite-dans-le-dernier-carre\/","name":"Handball Ligue europ\u00e9enne f\u00e9minine : Dijon \u00e9crit son histoire et s'invite dans le dernier carr\u00e9","isPartOf":{"@id":"https:\/\/dicodusport.fr\/blog\/#website"},"primaryImageOfPage":{"@id":"https:\/\/dicodusport.fr\/blog\/handball-ligue-europeenne-feminine-dijon-ecrit-son-histoire-et-sinvite-dans-le-dernier-carre\/#primaryimage"},"image":{"@id":"https:\/\/dicodusport.fr\/blog\/handball-ligue-europeenne-feminine-dijon-ecrit-son-histoire-et-sinvite-dans-le-dernier-carre\/#primaryimage"},"thumbnailUrl":"https:\/\/dicodusport.fr\/blog\/wp-content\/uploads\/2025\/03\/Handball-Ligue-europeenne-feminine-Dijon-ecrit-son-histoire-et-sinvite-dans-le-dernier-carre.png","datePublished":"2025-03-29T16:30:57+00:00","dateModified":"2025-03-29T18:00:45+00:00","description":"HANDBALL LIGUE EUROP\u00c9ENNE F\u00c9MININE - Pour la premi\u00e8re fois de son histoire, la JDA Dijon se qualifie dans le dernier carr\u00e9 d'une coupe d'Europe.","breadcrumb":{"@id":"https:\/\/dicodusport.fr\/blog\/handball-ligue-europeenne-feminine-dijon-ecrit-son-histoire-et-sinvite-dans-le-dernier-carre\/#breadcrumb"},"inLanguage":"fr-FR","potentialAction":[{"@type":"ReadAction","target":["https:\/\/dicodusport.fr\/blog\/handball-ligue-europeenne-feminine-dijon-ecrit-son-histoire-et-sinvite-dans-le-dernier-carre\/"]}]},{"@type":"ImageObject","inLanguage":"fr-FR","@id":"https:\/\/dicodusport.fr\/blog\/handball-ligue-europeenne-feminine-dijon-ecrit-son-histoire-et-sinvite-dans-le-dernier-carre\/#primaryimage","url":"https:\/\/dicodusport.fr\/blog\/wp-content\/uploads\/2025\/03\/Handball-Ligue-europeenne-feminine-Dijon-ecrit-son-histoire-et-sinvite-dans-le-dernier-carre.png","contentUrl":"https:\/\/dicodusport.fr\/blog\/wp-content\/uploads\/2025\/03\/Handball-Ligue-europeenne-feminine-Dijon-ecrit-son-histoire-et-sinvite-dans-le-dernier-carre.png","width":1200,"height":674,"caption":"Handball Ligue europ\u00e9enne f\u00e9minine : Dijon \u00e9crit son histoire et s'invite dans le dernier carr\u00e9"},{"@type":"BreadcrumbList","@id":"https:\/\/dicodusport.fr\/blog\/handball-ligue-europeenne-feminine-dijon-ecrit-son-histoire-et-sinvite-dans-le-dernier-carre\/#breadcrumb","itemListElement":[{"@type":"ListItem","position":1,"name":"Accueil","item":"https:\/\/dicodusport.fr\/blog\/"},{"@type":"ListItem","position":2,"name":"Handball Ligue europ\u00e9enne f\u00e9minine : Dijon \u00e9crit son histoire et s&rsquo;invite dans le dernier carr\u00e9"}]},{"@type":"WebSite","@id":"https:\/\/dicodusport.fr\/blog\/#website","url":"https:\/\/dicodusport.fr\/blog\/","name":"Dicodusport","description":"L&#039;encyclop\u00e9die de l&#039;actualit\u00e9 sportive","publisher":{"@id":"https:\/\/dicodusport.fr\/blog\/#organization"},"potentialAction":[{"@type":"SearchAction","target":{"@type":"EntryPoint","urlTemplate":"https:\/\/dicodusport.fr\/blog\/?s={search_term_string}"},"query-input":{"@type":"PropertyValueSpecification","valueRequired":true,"valueName":"search_term_string"}}],"inLanguage":"fr-FR"},{"@type":"NewsMediaOrganization","@id":"https:\/\/dicodusport.fr\/blog\/#organization","name":"Dicodusport","url":"https:\/\/dicodusport.fr\/blog\/","logo":{"@type":"ImageObject","inLanguage":"fr-FR","@id":"https:\/\/dicodusport.fr\/blog\/#\/schema\/logo\/image\/","url":"https:\/\/dicodusport.fr\/blog\/wp-content\/uploads\/2020\/06\/cropped-LOGO-DICODUSPORT-2020-SANS-FOND-SANS-TEXTE.png","contentUrl":"https:\/\/dicodusport.fr\/blog\/wp-content\/uploads\/2020\/06\/cropped-LOGO-DICODUSPORT-2020-SANS-FOND-SANS-TEXTE.png","width":512,"height":512,"caption":"Dicodusport"},"image":{"@id":"https:\/\/dicodusport.fr\/blog\/#\/schema\/logo\/image\/"},"sameAs":["https:\/\/www.facebook.com\/dicodusport","https:\/\/x.com\/dicodusport","https:\/\/www.instagram.com\/dicodusport\/","https:\/\/www.youtube.com\/channel\/UC7V2KZ5sd3htJivAbA4ZG3w"],"description":"Dicodusport est l'encyclop\u00e9die de l'actualit\u00e9 sportive.","email":"bonjour@dicodusport.fr","legalName":"DICODUSPORT","foundingDate":"2018-01-14","vatID":"FR71834470973","taxID":"83447097300043","numberOfEmployees":{"@type":"QuantitativeValue","minValue":"1","maxValue":"10"}},{"@type":"Person","@id":"https:\/\/dicodusport.fr\/blog\/#\/schema\/person\/d603dd7da31fb2b46c82b9835a77ec13","name":"Etienne Goursaud","image":{"@type":"ImageObject","inLanguage":"fr-FR","@id":"https:\/\/dicodusport.fr\/blog\/#\/schema\/person\/image\/","url":"https:\/\/dicodusport.fr\/blog\/wp-content\/uploads\/2023\/12\/410122264_10231602061736049_5565839791558026645_n-150x150.jpg","contentUrl":"https:\/\/dicodusport.fr\/blog\/wp-content\/uploads\/2023\/12\/410122264_10231602061736049_5565839791558026645_n-150x150.jpg","caption":"Etienne Goursaud"},"description":"Journaliste et amoureux de sport. Ancien footballeur reconverti athl\u00e8te quand ses muscles le laissent tranquille. \u00c9lev\u00e9 \u00e0 la sauce des exploits de Thomas Voeckler en 2004, du dernier essai de l\u00e9gende de Eunice Barber \u00e0 la longueur lors des championnats du monde d'athl\u00e9tisme de 2003 mais aussi Zidane, Omeyer et Titou Lamaison.","url":"https:\/\/dicodusport.fr\/blog\/author\/etienne-goursaud\/"}]}},"_links":{"self":[{"href":"https:\/\/dicodusport.fr\/blog\/wp-json\/wp\/v2\/posts\/568520","targetHints":{"allow":["GET"]}}],"collection":[{"href":"https:\/\/dicodusport.fr\/blog\/wp-json\/wp\/v2\/posts"}],"about":[{"href":"https:\/\/dicodusport.fr\/blog\/wp-json\/wp\/v2\/types\/post"}],"author":[{"embeddable":true,"href":"https:\/\/dicodusport.fr\/blog\/wp-json\/wp\/v2\/users\/83"}],"replies":[{"embeddable":true,"href":"https:\/\/dicodusport.fr\/blog\/wp-json\/wp\/v2\/comments?post=568520"}],"version-history":[{"count":5,"href":"https:\/\/dicodusport.fr\/blog\/wp-json\/wp\/v2\/posts\/568520\/revisions"}],"predecessor-version":[{"id":568586,"href":"https:\/\/dicodusport.fr\/blog\/wp-json\/wp\/v2\/posts\/568520\/revisions\/568586"}],"wp:featuredmedia":[{"embeddable":true,"href":"https:\/\/dicodusport.fr\/blog\/wp-json\/wp\/v2\/media\/568534"}],"wp:attachment":[{"href":"https:\/\/dicodusport.fr\/blog\/wp-json\/wp\/v2\/media?parent=568520"}],"wp:term":[{"taxonomy":"category","embeddable":true,"href":"https:\/\/dicodusport.fr\/blog\/wp-json\/wp\/v2\/categories?post=568520"},{"taxonomy":"post_tag","embeddable":true,"href":"https:\/\/dicodusport.fr\/blog\/wp-json\/wp\/v2\/tags?post=568520"}],"curies":[{"name":"wp","href":"https:\/\/api.w.org\/{rel}","templated":true}]}}