{"id":568748,"date":"2025-03-30T13:00:24","date_gmt":"2025-03-30T11:00:24","guid":{"rendered":"https:\/\/dicodusport.fr\/blog\/?p=568748&#038;preview=true&#038;preview_id=568748"},"modified":"2025-03-30T13:55:13","modified_gmt":"2025-03-30T11:55:13","slug":"skicross-idre-fjall-youri-duplessis-kergomard-sur-le-podium-de-la-derniere-course-de-la-saison","status":"publish","type":"post","link":"https:\/\/dicodusport.fr\/blog\/skicross-idre-fjall-youri-duplessis-kergomard-sur-le-podium-de-la-derniere-course-de-la-saison\/","title":{"rendered":"Skicross Idre Fj\u00e4ll : Youri Duplessis Kergomard sur le podium de la derni\u00e8re course de la saison"},"content":{"rendered":"<h4 style=\"text-align: justify;\"><em>COUPE DU MONDE DE SKICROSS 2024\/2025 &#8211; La derni\u00e8re \u00e9tape en Su\u00e8de n\u2019aura globalement pas r\u00e9ussi \u00e0 l\u2019\u00e9quipe de France. Mais sur l\u2019ultime course de la saison, Youri Duplessis Kergomard s\u2019offre un podium et une m\u00e9daille d&rsquo;argent. Le Canadien Reece Howden d\u00e9croche la victoire et le classement g\u00e9n\u00e9ral.<\/em><\/h4>\n<p style=\"text-align: justify;\">La veille, les duels franco-fran\u00e7ais lors des diff\u00e9rents huiti\u00e8mes avaient fait perdre beaucoup de plumes \u00e0 l\u2019\u00e9quipe de France. La r\u00e9partition \u00e9tait plus favorable aujourd\u2019hui mais les Bleus n\u2019en ont pas bien plus profit\u00e9. Sauf un ! <strong>Youri Duplessis Kergomard<\/strong>, seul survivant chez les hommes avant les quarts, a r\u00e9cup\u00e9r\u00e9 tous les espoirs tricolores sur le dos. D\u2019autant plus apr\u00e8s les \u00e9liminations dans la foul\u00e9e de ses homologues f\u00e9minines <strong>Marielle Berger Sabbatel<\/strong> et <strong>Jade Grillet-Aubert<\/strong>, toutes deux engag\u00e9es dans la m\u00eame s\u00e9rie. La premi\u00e8re d\u2019entre elle se consolera en remportant la petite finale, la seconde termine 7<sup>\u00e8me<\/sup>. Laur\u00e9ate de son 4<sup>\u00e8me<\/sup> globe de cristal, c\u2019est la Suissesse <strong>Fanny Smith<\/strong> qui d\u00e9croche la victoire.<\/p>\n<blockquote class=\"twitter-tweet\">\n<p dir=\"ltr\" lang=\"en\">Back to back win for Fanny Smith (SUI) and Reece Howden (CAN) at the last Ski Cross World Cup Stop in Idre Fj\u00e4ll (SWE). Both of them also win the overall title! <a href=\"https:\/\/twitter.com\/hashtag\/fisskicross?src=hash&amp;ref_src=twsrc%5Etfw\">#fisskicross<\/a> <a href=\"https:\/\/twitter.com\/hashtag\/idrefjallworldcup?src=hash&amp;ref_src=twsrc%5Etfw\">#idrefjallworldcup<\/a> <a href=\"https:\/\/t.co\/sZvYy12lcP\">pic.twitter.com\/sZvYy12lcP<\/a><\/p>\n<p>\u2014 FISfreestyle (@FISfreestyle) <a href=\"https:\/\/twitter.com\/FISfreestyle\/status\/1906305804283621820?ref_src=twsrc%5Etfw\">March 30, 2025<\/a><\/p><\/blockquote>\n<p><script async src=\"https:\/\/platform.twitter.com\/widgets.js\" charset=\"utf-8\"><\/script><\/p>\n<h2>Youri Duplessis Kergomard sur le podium<\/h2>\n<p style=\"text-align: justify;\">Longtemps 3<sup>\u00e8me<\/sup> de sa demi-finale dans le dos d\u2019<strong>Erik Mobaerg<\/strong>, <strong>Youri Duplessis Kergomard<\/strong> a mieux termin\u00e9 pour laisser derri\u00e8re lui le Su\u00e9dois et prendre le deuxi\u00e8me ticket de finaliste derri\u00e8re <strong>Reece Howden<\/strong>. Bis repetita sur le dernier run de la saison. Malgr\u00e9 un d\u00e9part canon, <strong>Kristofor Mahler<\/strong> a vu surgir son compatriote et le Fran\u00e7ais dans la derni\u00e8re ligne droite. Une derni\u00e8re ligne droite qui a bascul\u00e9 de peu dans la poche de <strong>Reece Howden<\/strong>, qui a ainsi valid\u00e9 le globe de cristal. Seul <strong>Simone Deromedis<\/strong> aurait pu le d\u00e9tr\u00f4ner en t\u00eate du g\u00e9n\u00e9ral, mais la 3<sup>\u00e8me<\/sup> place ne suffit pas \u00e0 l\u2019Italien. D\u2019autant plus avec la victoire du Canadien.<\/p>\n","protected":false},"excerpt":{"rendered":"<p>COUPE DU MONDE DE SKICROSS 2024\/2025 &#8211; La derni\u00e8re \u00e9tape en Su\u00e8de n\u2019aura globalement pas r\u00e9ussi \u00e0 l\u2019\u00e9quipe de France. Mais sur l\u2019ultime course de la saison, Youri Duplessis Kergomard s\u2019offre un podium et une m\u00e9daille d&rsquo;argent. Le Canadien Reece Howan d\u00e9croche la victoire et le classement g\u00e9n\u00e9ral.<\/p>\n","protected":false},"author":18,"featured_media":568783,"comment_status":"open","ping_status":"closed","sticky":false,"template":"","format":"standard","meta":{"_acf_changed":false,"_daextam_enable_autolinks":"1","footnotes":""},"categories":[9217],"tags":[16878,2947,28420],"class_list":["post-568748","post","type-post","status-publish","format-standard","has-post-thumbnail","hentry","category-ski","tag-breve","tag-skicross","tag-youri-duplessis-kergomard"],"acf":[],"yoast_head":"<!-- This site is optimized with the Yoast SEO Premium plugin v26.7 (Yoast SEO v26.7) - https:\/\/yoast.com\/wordpress\/plugins\/seo\/ -->\n<title>Skicross Idre Fj\u00e4ll : Youri Duplessis Kergomard sur le podium de la derni\u00e8re course de la saison<\/title>\n<meta name=\"description\" content=\"COUPE DU MONDE DE SKICROSS 2024\/2025 - Youri Duplessis Kergomard s\u2019offre un podium sur la derni\u00e8re course de la saison.\" \/>\n<meta name=\"robots\" content=\"index, follow, max-snippet:-1, max-image-preview:large, max-video-preview:-1\" \/>\n<link rel=\"canonical\" href=\"https:\/\/dicodusport.fr\/blog\/skicross-idre-fjall-youri-duplessis-kergomard-sur-le-podium-de-la-derniere-course-de-la-saison\/\" \/>\n<meta property=\"og:locale\" content=\"fr_FR\" \/>\n<meta property=\"og:type\" content=\"article\" \/>\n<meta property=\"og:title\" content=\"Skicross Idre Fj\u00e4ll : Youri Duplessis Kergomard sur le podium de la derni\u00e8re course de la saison\" \/>\n<meta property=\"og:description\" content=\"COUPE DU MONDE DE SKICROSS 2024\/2025 - Youri Duplessis Kergomard s\u2019offre un podium sur la derni\u00e8re course de la saison.\" \/>\n<meta property=\"og:url\" content=\"https:\/\/dicodusport.fr\/blog\/skicross-idre-fjall-youri-duplessis-kergomard-sur-le-podium-de-la-derniere-course-de-la-saison\/\" \/>\n<meta property=\"og:site_name\" content=\"Dicodusport\" \/>\n<meta property=\"article:publisher\" content=\"https:\/\/www.facebook.com\/dicodusport\" \/>\n<meta property=\"article:author\" content=\"https:\/\/www.facebook.com\/soocube\" \/>\n<meta property=\"article:published_time\" content=\"2025-03-30T11:00:24+00:00\" \/>\n<meta property=\"article:modified_time\" content=\"2025-03-30T11:55:13+00:00\" \/>\n<meta property=\"og:image\" content=\"https:\/\/dicodusport.fr\/blog\/wp-content\/uploads\/2025\/03\/Skicross-Idre-Fjall-Youri-Duplessis-Kergomard-sur-le-podium-de-la-derniere-course-de-la-saison-1.png\" \/>\n\t<meta property=\"og:image:width\" content=\"1200\" \/>\n\t<meta property=\"og:image:height\" content=\"674\" \/>\n\t<meta property=\"og:image:type\" content=\"image\/png\" \/>\n<meta name=\"author\" content=\"Sophie Clapier\" \/>\n<meta name=\"twitter:card\" content=\"summary_large_image\" \/>\n<meta name=\"twitter:title\" content=\"Skicross Idre Fj\u00e4ll : Youri Duplessis Kergomard sur le podium de la derni\u00e8re course de la saison\" \/>\n<meta name=\"twitter:creator\" content=\"@https:\/\/twitter.com\/soocube\" \/>\n<meta name=\"twitter:site\" content=\"@dicodusport\" \/>\n<script type=\"application\/ld+json\" class=\"yoast-schema-graph\">{\"@context\":\"https:\/\/schema.org\",\"@graph\":[{\"@type\":\"NewsArticle\",\"@id\":\"https:\/\/dicodusport.fr\/blog\/skicross-idre-fjall-youri-duplessis-kergomard-sur-le-podium-de-la-derniere-course-de-la-saison\/#article\",\"isPartOf\":{\"@id\":\"https:\/\/dicodusport.fr\/blog\/skicross-idre-fjall-youri-duplessis-kergomard-sur-le-podium-de-la-derniere-course-de-la-saison\/\"},\"author\":{\"name\":\"Sophie Clapier\",\"@id\":\"https:\/\/dicodusport.fr\/blog\/#\/schema\/person\/416c975648aca9da8839bdfe333a21c9\"},\"headline\":\"Skicross Idre Fj\u00e4ll : Youri Duplessis Kergomard sur le podium de la derni\u00e8re course de la saison\",\"datePublished\":\"2025-03-30T11:00:24+00:00\",\"dateModified\":\"2025-03-30T11:55:13+00:00\",\"mainEntityOfPage\":{\"@id\":\"https:\/\/dicodusport.fr\/blog\/skicross-idre-fjall-youri-duplessis-kergomard-sur-le-podium-de-la-derniere-course-de-la-saison\/\"},\"wordCount\":382,\"commentCount\":0,\"publisher\":{\"@id\":\"https:\/\/dicodusport.fr\/blog\/#organization\"},\"image\":{\"@id\":\"https:\/\/dicodusport.fr\/blog\/skicross-idre-fjall-youri-duplessis-kergomard-sur-le-podium-de-la-derniere-course-de-la-saison\/#primaryimage\"},\"thumbnailUrl\":\"https:\/\/dicodusport.fr\/blog\/wp-content\/uploads\/2025\/03\/Skicross-Idre-Fjall-Youri-Duplessis-Kergomard-sur-le-podium-de-la-derniere-course-de-la-saison-1.png\",\"keywords\":[\"br\u00e8ve\",\"skicross\",\"Youri Duplessis-Kergomard\"],\"articleSection\":[\"Ski\"],\"inLanguage\":\"fr-FR\",\"potentialAction\":[{\"@type\":\"CommentAction\",\"name\":\"Comment\",\"target\":[\"https:\/\/dicodusport.fr\/blog\/skicross-idre-fjall-youri-duplessis-kergomard-sur-le-podium-de-la-derniere-course-de-la-saison\/#respond\"]}],\"copyrightYear\":\"2025\",\"copyrightHolder\":{\"@id\":\"https:\/\/dicodusport.fr\/blog\/#organization\"}},{\"@type\":\"WebPage\",\"@id\":\"https:\/\/dicodusport.fr\/blog\/skicross-idre-fjall-youri-duplessis-kergomard-sur-le-podium-de-la-derniere-course-de-la-saison\/\",\"url\":\"https:\/\/dicodusport.fr\/blog\/skicross-idre-fjall-youri-duplessis-kergomard-sur-le-podium-de-la-derniere-course-de-la-saison\/\",\"name\":\"Skicross Idre Fj\u00e4ll : Youri Duplessis Kergomard sur le podium de la derni\u00e8re course de la saison\",\"isPartOf\":{\"@id\":\"https:\/\/dicodusport.fr\/blog\/#website\"},\"primaryImageOfPage\":{\"@id\":\"https:\/\/dicodusport.fr\/blog\/skicross-idre-fjall-youri-duplessis-kergomard-sur-le-podium-de-la-derniere-course-de-la-saison\/#primaryimage\"},\"image\":{\"@id\":\"https:\/\/dicodusport.fr\/blog\/skicross-idre-fjall-youri-duplessis-kergomard-sur-le-podium-de-la-derniere-course-de-la-saison\/#primaryimage\"},\"thumbnailUrl\":\"https:\/\/dicodusport.fr\/blog\/wp-content\/uploads\/2025\/03\/Skicross-Idre-Fjall-Youri-Duplessis-Kergomard-sur-le-podium-de-la-derniere-course-de-la-saison-1.png\",\"datePublished\":\"2025-03-30T11:00:24+00:00\",\"dateModified\":\"2025-03-30T11:55:13+00:00\",\"description\":\"COUPE DU MONDE DE SKICROSS 2024\/2025 - Youri Duplessis Kergomard s\u2019offre un podium sur la derni\u00e8re course de la saison.\",\"breadcrumb\":{\"@id\":\"https:\/\/dicodusport.fr\/blog\/skicross-idre-fjall-youri-duplessis-kergomard-sur-le-podium-de-la-derniere-course-de-la-saison\/#breadcrumb\"},\"inLanguage\":\"fr-FR\",\"potentialAction\":[{\"@type\":\"ReadAction\",\"target\":[\"https:\/\/dicodusport.fr\/blog\/skicross-idre-fjall-youri-duplessis-kergomard-sur-le-podium-de-la-derniere-course-de-la-saison\/\"]}]},{\"@type\":\"ImageObject\",\"inLanguage\":\"fr-FR\",\"@id\":\"https:\/\/dicodusport.fr\/blog\/skicross-idre-fjall-youri-duplessis-kergomard-sur-le-podium-de-la-derniere-course-de-la-saison\/#primaryimage\",\"url\":\"https:\/\/dicodusport.fr\/blog\/wp-content\/uploads\/2025\/03\/Skicross-Idre-Fjall-Youri-Duplessis-Kergomard-sur-le-podium-de-la-derniere-course-de-la-saison-1.png\",\"contentUrl\":\"https:\/\/dicodusport.fr\/blog\/wp-content\/uploads\/2025\/03\/Skicross-Idre-Fjall-Youri-Duplessis-Kergomard-sur-le-podium-de-la-derniere-course-de-la-saison-1.png\",\"width\":1200,\"height\":674,\"caption\":\"Skicross Idre Fj\u00e4ll Youri Duplessis Kergomard sur le podium de la derni\u00e8re course de la saison\"},{\"@type\":\"BreadcrumbList\",\"@id\":\"https:\/\/dicodusport.fr\/blog\/skicross-idre-fjall-youri-duplessis-kergomard-sur-le-podium-de-la-derniere-course-de-la-saison\/#breadcrumb\",\"itemListElement\":[{\"@type\":\"ListItem\",\"position\":1,\"name\":\"Accueil\",\"item\":\"https:\/\/dicodusport.fr\/blog\/\"},{\"@type\":\"ListItem\",\"position\":2,\"name\":\"Skicross Idre Fj\u00e4ll : Youri Duplessis Kergomard sur le podium de la derni\u00e8re course de la saison\"}]},{\"@type\":\"WebSite\",\"@id\":\"https:\/\/dicodusport.fr\/blog\/#website\",\"url\":\"https:\/\/dicodusport.fr\/blog\/\",\"name\":\"Dicodusport\",\"description\":\"L&#039;encyclop\u00e9die de l&#039;actualit\u00e9 sportive\",\"publisher\":{\"@id\":\"https:\/\/dicodusport.fr\/blog\/#organization\"},\"potentialAction\":[{\"@type\":\"SearchAction\",\"target\":{\"@type\":\"EntryPoint\",\"urlTemplate\":\"https:\/\/dicodusport.fr\/blog\/?s={search_term_string}\"},\"query-input\":{\"@type\":\"PropertyValueSpecification\",\"valueRequired\":true,\"valueName\":\"search_term_string\"}}],\"inLanguage\":\"fr-FR\"},{\"@type\":\"NewsMediaOrganization\",\"@id\":\"https:\/\/dicodusport.fr\/blog\/#organization\",\"name\":\"Dicodusport\",\"url\":\"https:\/\/dicodusport.fr\/blog\/\",\"logo\":{\"@type\":\"ImageObject\",\"inLanguage\":\"fr-FR\",\"@id\":\"https:\/\/dicodusport.fr\/blog\/#\/schema\/logo\/image\/\",\"url\":\"https:\/\/dicodusport.fr\/blog\/wp-content\/uploads\/2020\/06\/cropped-LOGO-DICODUSPORT-2020-SANS-FOND-SANS-TEXTE.png\",\"contentUrl\":\"https:\/\/dicodusport.fr\/blog\/wp-content\/uploads\/2020\/06\/cropped-LOGO-DICODUSPORT-2020-SANS-FOND-SANS-TEXTE.png\",\"width\":512,\"height\":512,\"caption\":\"Dicodusport\"},\"image\":{\"@id\":\"https:\/\/dicodusport.fr\/blog\/#\/schema\/logo\/image\/\"},\"sameAs\":[\"https:\/\/www.facebook.com\/dicodusport\",\"https:\/\/x.com\/dicodusport\",\"https:\/\/www.instagram.com\/dicodusport\/\",\"https:\/\/www.youtube.com\/channel\/UC7V2KZ5sd3htJivAbA4ZG3w\"],\"description\":\"Dicodusport est l'encyclop\u00e9die de l'actualit\u00e9 sportive.\",\"email\":\"bonjour@dicodusport.fr\",\"legalName\":\"DICODUSPORT\",\"foundingDate\":\"2018-01-14\",\"vatID\":\"FR71834470973\",\"taxID\":\"83447097300043\",\"numberOfEmployees\":{\"@type\":\"QuantitativeValue\",\"minValue\":\"1\",\"maxValue\":\"10\"}},{\"@type\":\"Person\",\"@id\":\"https:\/\/dicodusport.fr\/blog\/#\/schema\/person\/416c975648aca9da8839bdfe333a21c9\",\"name\":\"Sophie Clapier\",\"image\":{\"@type\":\"ImageObject\",\"inLanguage\":\"fr-FR\",\"@id\":\"https:\/\/dicodusport.fr\/blog\/#\/schema\/person\/image\/\",\"url\":\"https:\/\/dicodusport.fr\/blog\/wp-content\/uploads\/2021\/05\/Sophie-Clapier-150x150.jpg\",\"contentUrl\":\"https:\/\/dicodusport.fr\/blog\/wp-content\/uploads\/2021\/05\/Sophie-Clapier-150x150.jpg\",\"caption\":\"Sophie Clapier\"},\"description\":\"Journaliste\/r\u00e9dactrice depuis janvier 2016 - Passionn\u00e9e de sport depuis toujours, j\u2019en ai pratiqu\u00e9 quelques-uns. Judo, football, handball ou encore tennis, je n\u2019ai jamais pu me mettre d\u2019accord sur un en particulier. Mais \u00e7a, c\u2019\u00e9tait avant de d\u00e9couvrir le basket, devenu mon sport de pr\u00e9dilection. Les actions NBA, le All-Star Week-end, la fureur des Game 7 pendant les playoffs ou mieux, lors des Finals, this is why we play. Team Spurs T.P, je m\u2019accroche encore \u00e0 Gregg Popovich (don\u2019t leave !). Team chef Curry, je souhaite qu\u2019il finisse aux Warriors (staaaay !). Non, il n\u2019y a pas qu\u2019eux, des petits nouveaux -et des petites nouvelles \u00e9videmment- arrivent chaque jour dans toutes les disciplines et cr\u00e9ent de nouveaux exploits. Alors pour les grands \u00e9v\u00e9nements et comp\u00e9titions internationales, vive les pulsations 240\/minutes et le d\u00e9fibrillateur pas loin, et allez les Bleu(e)s ! C\u2019est s\u00fbr, j\u2019aurai plus vu ma vie sur un terrain de sport, mais \u00e0 d\u00e9faut d\u2019en faire en haut niveau, je le partage avec vous.\",\"sameAs\":[\"https:\/\/www.facebook.com\/soocube\",\"https:\/\/x.com\/https:\/\/twitter.com\/soocube\",\"admin\"],\"url\":\"https:\/\/dicodusport.fr\/blog\/author\/sophie\/\"}]}<\/script>\n<!-- \/ Yoast SEO Premium plugin. -->","yoast_head_json":{"title":"Skicross Idre Fj\u00e4ll : Youri Duplessis Kergomard sur le podium de la derni\u00e8re course de la saison","description":"COUPE DU MONDE DE SKICROSS 2024\/2025 - Youri Duplessis Kergomard s\u2019offre un podium sur la derni\u00e8re course de la saison.","robots":{"index":"index","follow":"follow","max-snippet":"max-snippet:-1","max-image-preview":"max-image-preview:large","max-video-preview":"max-video-preview:-1"},"canonical":"https:\/\/dicodusport.fr\/blog\/skicross-idre-fjall-youri-duplessis-kergomard-sur-le-podium-de-la-derniere-course-de-la-saison\/","og_locale":"fr_FR","og_type":"article","og_title":"Skicross Idre Fj\u00e4ll : Youri Duplessis Kergomard sur le podium de la derni\u00e8re course de la saison","og_description":"COUPE DU MONDE DE SKICROSS 2024\/2025 - Youri Duplessis Kergomard s\u2019offre un podium sur la derni\u00e8re course de la saison.","og_url":"https:\/\/dicodusport.fr\/blog\/skicross-idre-fjall-youri-duplessis-kergomard-sur-le-podium-de-la-derniere-course-de-la-saison\/","og_site_name":"Dicodusport","article_publisher":"https:\/\/www.facebook.com\/dicodusport","article_author":"https:\/\/www.facebook.com\/soocube","article_published_time":"2025-03-30T11:00:24+00:00","article_modified_time":"2025-03-30T11:55:13+00:00","og_image":[{"width":1200,"height":674,"url":"https:\/\/dicodusport.fr\/blog\/wp-content\/uploads\/2025\/03\/Skicross-Idre-Fjall-Youri-Duplessis-Kergomard-sur-le-podium-de-la-derniere-course-de-la-saison-1.png","type":"image\/png"}],"author":"Sophie Clapier","twitter_card":"summary_large_image","twitter_title":"Skicross Idre Fj\u00e4ll : Youri Duplessis Kergomard sur le podium de la derni\u00e8re course de la saison","twitter_creator":"@https:\/\/twitter.com\/soocube","twitter_site":"@dicodusport","schema":{"@context":"https:\/\/schema.org","@graph":[{"@type":"NewsArticle","@id":"https:\/\/dicodusport.fr\/blog\/skicross-idre-fjall-youri-duplessis-kergomard-sur-le-podium-de-la-derniere-course-de-la-saison\/#article","isPartOf":{"@id":"https:\/\/dicodusport.fr\/blog\/skicross-idre-fjall-youri-duplessis-kergomard-sur-le-podium-de-la-derniere-course-de-la-saison\/"},"author":{"name":"Sophie Clapier","@id":"https:\/\/dicodusport.fr\/blog\/#\/schema\/person\/416c975648aca9da8839bdfe333a21c9"},"headline":"Skicross Idre Fj\u00e4ll : Youri Duplessis Kergomard sur le podium de la derni\u00e8re course de la saison","datePublished":"2025-03-30T11:00:24+00:00","dateModified":"2025-03-30T11:55:13+00:00","mainEntityOfPage":{"@id":"https:\/\/dicodusport.fr\/blog\/skicross-idre-fjall-youri-duplessis-kergomard-sur-le-podium-de-la-derniere-course-de-la-saison\/"},"wordCount":382,"commentCount":0,"publisher":{"@id":"https:\/\/dicodusport.fr\/blog\/#organization"},"image":{"@id":"https:\/\/dicodusport.fr\/blog\/skicross-idre-fjall-youri-duplessis-kergomard-sur-le-podium-de-la-derniere-course-de-la-saison\/#primaryimage"},"thumbnailUrl":"https:\/\/dicodusport.fr\/blog\/wp-content\/uploads\/2025\/03\/Skicross-Idre-Fjall-Youri-Duplessis-Kergomard-sur-le-podium-de-la-derniere-course-de-la-saison-1.png","keywords":["br\u00e8ve","skicross","Youri Duplessis-Kergomard"],"articleSection":["Ski"],"inLanguage":"fr-FR","potentialAction":[{"@type":"CommentAction","name":"Comment","target":["https:\/\/dicodusport.fr\/blog\/skicross-idre-fjall-youri-duplessis-kergomard-sur-le-podium-de-la-derniere-course-de-la-saison\/#respond"]}],"copyrightYear":"2025","copyrightHolder":{"@id":"https:\/\/dicodusport.fr\/blog\/#organization"}},{"@type":"WebPage","@id":"https:\/\/dicodusport.fr\/blog\/skicross-idre-fjall-youri-duplessis-kergomard-sur-le-podium-de-la-derniere-course-de-la-saison\/","url":"https:\/\/dicodusport.fr\/blog\/skicross-idre-fjall-youri-duplessis-kergomard-sur-le-podium-de-la-derniere-course-de-la-saison\/","name":"Skicross Idre Fj\u00e4ll : Youri Duplessis Kergomard sur le podium de la derni\u00e8re course de la saison","isPartOf":{"@id":"https:\/\/dicodusport.fr\/blog\/#website"},"primaryImageOfPage":{"@id":"https:\/\/dicodusport.fr\/blog\/skicross-idre-fjall-youri-duplessis-kergomard-sur-le-podium-de-la-derniere-course-de-la-saison\/#primaryimage"},"image":{"@id":"https:\/\/dicodusport.fr\/blog\/skicross-idre-fjall-youri-duplessis-kergomard-sur-le-podium-de-la-derniere-course-de-la-saison\/#primaryimage"},"thumbnailUrl":"https:\/\/dicodusport.fr\/blog\/wp-content\/uploads\/2025\/03\/Skicross-Idre-Fjall-Youri-Duplessis-Kergomard-sur-le-podium-de-la-derniere-course-de-la-saison-1.png","datePublished":"2025-03-30T11:00:24+00:00","dateModified":"2025-03-30T11:55:13+00:00","description":"COUPE DU MONDE DE SKICROSS 2024\/2025 - Youri Duplessis Kergomard s\u2019offre un podium sur la derni\u00e8re course de la saison.","breadcrumb":{"@id":"https:\/\/dicodusport.fr\/blog\/skicross-idre-fjall-youri-duplessis-kergomard-sur-le-podium-de-la-derniere-course-de-la-saison\/#breadcrumb"},"inLanguage":"fr-FR","potentialAction":[{"@type":"ReadAction","target":["https:\/\/dicodusport.fr\/blog\/skicross-idre-fjall-youri-duplessis-kergomard-sur-le-podium-de-la-derniere-course-de-la-saison\/"]}]},{"@type":"ImageObject","inLanguage":"fr-FR","@id":"https:\/\/dicodusport.fr\/blog\/skicross-idre-fjall-youri-duplessis-kergomard-sur-le-podium-de-la-derniere-course-de-la-saison\/#primaryimage","url":"https:\/\/dicodusport.fr\/blog\/wp-content\/uploads\/2025\/03\/Skicross-Idre-Fjall-Youri-Duplessis-Kergomard-sur-le-podium-de-la-derniere-course-de-la-saison-1.png","contentUrl":"https:\/\/dicodusport.fr\/blog\/wp-content\/uploads\/2025\/03\/Skicross-Idre-Fjall-Youri-Duplessis-Kergomard-sur-le-podium-de-la-derniere-course-de-la-saison-1.png","width":1200,"height":674,"caption":"Skicross Idre Fj\u00e4ll Youri Duplessis Kergomard sur le podium de la derni\u00e8re course de la saison"},{"@type":"BreadcrumbList","@id":"https:\/\/dicodusport.fr\/blog\/skicross-idre-fjall-youri-duplessis-kergomard-sur-le-podium-de-la-derniere-course-de-la-saison\/#breadcrumb","itemListElement":[{"@type":"ListItem","position":1,"name":"Accueil","item":"https:\/\/dicodusport.fr\/blog\/"},{"@type":"ListItem","position":2,"name":"Skicross Idre Fj\u00e4ll : Youri Duplessis Kergomard sur le podium de la derni\u00e8re course de la saison"}]},{"@type":"WebSite","@id":"https:\/\/dicodusport.fr\/blog\/#website","url":"https:\/\/dicodusport.fr\/blog\/","name":"Dicodusport","description":"L&#039;encyclop\u00e9die de l&#039;actualit\u00e9 sportive","publisher":{"@id":"https:\/\/dicodusport.fr\/blog\/#organization"},"potentialAction":[{"@type":"SearchAction","target":{"@type":"EntryPoint","urlTemplate":"https:\/\/dicodusport.fr\/blog\/?s={search_term_string}"},"query-input":{"@type":"PropertyValueSpecification","valueRequired":true,"valueName":"search_term_string"}}],"inLanguage":"fr-FR"},{"@type":"NewsMediaOrganization","@id":"https:\/\/dicodusport.fr\/blog\/#organization","name":"Dicodusport","url":"https:\/\/dicodusport.fr\/blog\/","logo":{"@type":"ImageObject","inLanguage":"fr-FR","@id":"https:\/\/dicodusport.fr\/blog\/#\/schema\/logo\/image\/","url":"https:\/\/dicodusport.fr\/blog\/wp-content\/uploads\/2020\/06\/cropped-LOGO-DICODUSPORT-2020-SANS-FOND-SANS-TEXTE.png","contentUrl":"https:\/\/dicodusport.fr\/blog\/wp-content\/uploads\/2020\/06\/cropped-LOGO-DICODUSPORT-2020-SANS-FOND-SANS-TEXTE.png","width":512,"height":512,"caption":"Dicodusport"},"image":{"@id":"https:\/\/dicodusport.fr\/blog\/#\/schema\/logo\/image\/"},"sameAs":["https:\/\/www.facebook.com\/dicodusport","https:\/\/x.com\/dicodusport","https:\/\/www.instagram.com\/dicodusport\/","https:\/\/www.youtube.com\/channel\/UC7V2KZ5sd3htJivAbA4ZG3w"],"description":"Dicodusport est l'encyclop\u00e9die de l'actualit\u00e9 sportive.","email":"bonjour@dicodusport.fr","legalName":"DICODUSPORT","foundingDate":"2018-01-14","vatID":"FR71834470973","taxID":"83447097300043","numberOfEmployees":{"@type":"QuantitativeValue","minValue":"1","maxValue":"10"}},{"@type":"Person","@id":"https:\/\/dicodusport.fr\/blog\/#\/schema\/person\/416c975648aca9da8839bdfe333a21c9","name":"Sophie Clapier","image":{"@type":"ImageObject","inLanguage":"fr-FR","@id":"https:\/\/dicodusport.fr\/blog\/#\/schema\/person\/image\/","url":"https:\/\/dicodusport.fr\/blog\/wp-content\/uploads\/2021\/05\/Sophie-Clapier-150x150.jpg","contentUrl":"https:\/\/dicodusport.fr\/blog\/wp-content\/uploads\/2021\/05\/Sophie-Clapier-150x150.jpg","caption":"Sophie Clapier"},"description":"Journaliste\/r\u00e9dactrice depuis janvier 2016 - Passionn\u00e9e de sport depuis toujours, j\u2019en ai pratiqu\u00e9 quelques-uns. Judo, football, handball ou encore tennis, je n\u2019ai jamais pu me mettre d\u2019accord sur un en particulier. Mais \u00e7a, c\u2019\u00e9tait avant de d\u00e9couvrir le basket, devenu mon sport de pr\u00e9dilection. Les actions NBA, le All-Star Week-end, la fureur des Game 7 pendant les playoffs ou mieux, lors des Finals, this is why we play. Team Spurs T.P, je m\u2019accroche encore \u00e0 Gregg Popovich (don\u2019t leave !). Team chef Curry, je souhaite qu\u2019il finisse aux Warriors (staaaay !). Non, il n\u2019y a pas qu\u2019eux, des petits nouveaux -et des petites nouvelles \u00e9videmment- arrivent chaque jour dans toutes les disciplines et cr\u00e9ent de nouveaux exploits. Alors pour les grands \u00e9v\u00e9nements et comp\u00e9titions internationales, vive les pulsations 240\/minutes et le d\u00e9fibrillateur pas loin, et allez les Bleu(e)s ! C\u2019est s\u00fbr, j\u2019aurai plus vu ma vie sur un terrain de sport, mais \u00e0 d\u00e9faut d\u2019en faire en haut niveau, je le partage avec vous.","sameAs":["https:\/\/www.facebook.com\/soocube","https:\/\/x.com\/https:\/\/twitter.com\/soocube","admin"],"url":"https:\/\/dicodusport.fr\/blog\/author\/sophie\/"}]}},"_links":{"self":[{"href":"https:\/\/dicodusport.fr\/blog\/wp-json\/wp\/v2\/posts\/568748","targetHints":{"allow":["GET"]}}],"collection":[{"href":"https:\/\/dicodusport.fr\/blog\/wp-json\/wp\/v2\/posts"}],"about":[{"href":"https:\/\/dicodusport.fr\/blog\/wp-json\/wp\/v2\/types\/post"}],"author":[{"embeddable":true,"href":"https:\/\/dicodusport.fr\/blog\/wp-json\/wp\/v2\/users\/18"}],"replies":[{"embeddable":true,"href":"https:\/\/dicodusport.fr\/blog\/wp-json\/wp\/v2\/comments?post=568748"}],"version-history":[{"count":5,"href":"https:\/\/dicodusport.fr\/blog\/wp-json\/wp\/v2\/posts\/568748\/revisions"}],"predecessor-version":[{"id":568775,"href":"https:\/\/dicodusport.fr\/blog\/wp-json\/wp\/v2\/posts\/568748\/revisions\/568775"}],"wp:featuredmedia":[{"embeddable":true,"href":"https:\/\/dicodusport.fr\/blog\/wp-json\/wp\/v2\/media\/568783"}],"wp:attachment":[{"href":"https:\/\/dicodusport.fr\/blog\/wp-json\/wp\/v2\/media?parent=568748"}],"wp:term":[{"taxonomy":"category","embeddable":true,"href":"https:\/\/dicodusport.fr\/blog\/wp-json\/wp\/v2\/categories?post=568748"},{"taxonomy":"post_tag","embeddable":true,"href":"https:\/\/dicodusport.fr\/blog\/wp-json\/wp\/v2\/tags?post=568748"}],"curies":[{"name":"wp","href":"https:\/\/api.w.org\/{rel}","templated":true}]}}