{"id":568777,"date":"2025-03-31T09:00:48","date_gmt":"2025-03-31T07:00:48","guid":{"rendered":"https:\/\/dicodusport.fr\/blog\/?p=568777&#038;preview=true&#038;preview_id=568777"},"modified":"2025-03-30T14:06:17","modified_gmt":"2025-03-30T12:06:17","slug":"para-tennis-de-table-deux-duos-francais-en-or-en-pologne-11-medailles-pour-la-france","status":"publish","type":"post","link":"https:\/\/dicodusport.fr\/blog\/para-tennis-de-table-deux-duos-francais-en-or-en-pologne-11-medailles-pour-la-france\/","title":{"rendered":"Para tennis de table : Deux duos fran\u00e7ais en or en Pologne, 11 m\u00e9dailles pour la France"},"content":{"rendered":"<h4 style=\"text-align: justify;\"><em>PARA TENNIS DE TABLE &#8211; En Pologne, l\u2019\u00e9quipe de France a poursuivi son beau d\u00e9but de saison. Entre les simples et les doubles, les Bleus rentrent avec une bonne dizaine de m\u00e9dailles du tournoi Challenger de Wladyslawowo.<\/em><\/h4>\n<p style=\"text-align: justify;\">Si les \u00e9preuves individuelles n\u2019ont pas amen\u00e9 de Fran\u00e7ais sur la plus haute marche du podium, elles ont n\u00e9anmoins bien contribu\u00e9 \u00e0 la r\u00e9colte avec trois m\u00e9dailles d\u2019argent et quatre de bronze glan\u00e9es par les diff\u00e9rents pongistes tricolores. Parmi eux, <strong>Fabien Lamirault<\/strong>, <strong>Fran\u00e7ois Geuljans<\/strong> et <strong>Mat\u00e9o Boheas<\/strong> ont \u00e9t\u00e9 les plus performants.<\/p>\n<p style=\"text-align: justify;\"><strong>Thu Kamkasomphou<\/strong> est quant \u00e0 elle la seule repr\u00e9sentante f\u00e9minine fran\u00e7aise \u00e0 s\u2019emparer d\u2019un bout de m\u00e9tal, du bronze. En l\u2019absence de <strong>Flora Vautier<\/strong>, qui fera son retour en comp\u00e9tition au tournoi de Lasko en mai, <a href=\"https:\/\/dicodusport.fr\/blog\/para-tennis-de-table-lequipe-de-france-cartonne-a-costa-brava\/\">son partenaire habituel de double mixte n\u2019a, cette fois, pas \u00e9t\u00e9 r\u00e9compens\u00e9<\/a>.<\/p>\n<h2 style=\"text-align: justify;\">Deux duos fran\u00e7ais en or<\/h2>\n<p style=\"text-align: justify;\">D\u00e9\u00e7u aussi de son parcours en simple avec une \u00e9limination en quarts, <strong>Florian Merrien<\/strong> a n\u00e9anmoins d\u00e9croch\u00e9 l\u2019or aux c\u00f4t\u00e9s d\u2019<strong>Alexandre Delarque<\/strong>. Dans cette finale masculine 100% tricolore, <strong>Nicolas Savant-Aira<\/strong> et <strong>Sylvain No\u00ebl<\/strong> prennent l\u2019argent. Toujours associ\u00e9s apr\u00e8s <a href=\"https:\/\/dicodusport.fr\/blog\/tennis-de-table-jeux-paralympiques-2024-clement-berthier-et-esteban-herrault-battus-par-la-chine-mais-en-bronze-md14\/\">leur m\u00e9daille de bronze olympique gagn\u00e9e \u00e0 Paris<\/a>, <strong>Cl\u00e9ment Berthier<\/strong> et <strong>Esteban Herrault<\/strong> ont apport\u00e9 la deuxi\u00e8me breloque dor\u00e9e fran\u00e7aise.<\/p>\n<p style=\"text-align: justify;\">Au terme d\u2019une folle remont\u00e9e lors des demies, finalement remport\u00e9es en cinq manches <u>16-18<\/u>, 9-11, 11-8, 11-8, 11-5, ils ont un peu moins bataill\u00e9 en finale malgr\u00e9 la perte du premier set. Au total, l\u2019\u00e9quipe de France quitte Wladyslawowo avec 11 m\u00e9dailles et poursuit sa belle r\u00e9colte de ce d\u00e9but de saison.<\/p>\n<div class=\"vlp-link-container vlp-layout-article\"><a href=\"https:\/\/dicodusport.fr\/blog\/para-tennis-de-table-lequipe-de-france-cartonne-a-costa-brava\/\" class=\"vlp-link\" title=\"Para tennis de table : L&#039;\u00e9quipe de France cartonne \u00e0 Costa Brava\"><\/a><div class=\"vlp-layout-zone-side\"><div class=\"vlp-block-4 vlp-link-image\"><img loading=\"lazy\" decoding=\"async\" style=\"max-width: 792px;\" width=\"792\" height=\"445\" src=\"https:\/\/dicodusport.fr\/blog\/wp-content\/uploads\/2025\/03\/Para-tennis-de-table-Lequipe-de-France-cartonne-a-Costa-Brava.png\" class=\"attachment-800x445 size-800x445\" alt=\"Para tennis de table L&#039;\u00e9quipe de France cartonne \u00e0 Costa Brava\" srcset=\"https:\/\/dicodusport.fr\/blog\/wp-content\/uploads\/2025\/03\/Para-tennis-de-table-Lequipe-de-France-cartonne-a-Costa-Brava.png 1200w, https:\/\/dicodusport.fr\/blog\/wp-content\/uploads\/2025\/03\/Para-tennis-de-table-Lequipe-de-France-cartonne-a-Costa-Brava-300x169.png 300w, https:\/\/dicodusport.fr\/blog\/wp-content\/uploads\/2025\/03\/Para-tennis-de-table-Lequipe-de-France-cartonne-a-Costa-Brava-1024x575.png 1024w, https:\/\/dicodusport.fr\/blog\/wp-content\/uploads\/2025\/03\/Para-tennis-de-table-Lequipe-de-France-cartonne-a-Costa-Brava-768x431.png 768w\" sizes=\"auto, (max-width: 792px) 100vw, 792px\" \/><\/div><\/div><div class=\"vlp-layout-zone-main\"><div class=\"vlp-block-0 vlp-link-title\">Para tennis de table : L'\u00e9quipe de France cartonne \u00e0 Costa Brava<\/div><div class=\"vlp-block-1 vlp-link-summary\">PARA TENNIS DE TABLE - Apr\u00e8s une rentr\u00e9e r\u00e9ussie en Italie, l\u2019\u00e9quipe de France a poursuivi sa route en Espagne. L\u00e0 encore, les Bleus ont charg\u00e9 les valises pour le voyage retour.<\/div><div class=\"vlp-block-2 vlp-link-button\">Lire l'article<\/div><div class=\"vlp-block-3 vlp-link-url\">dicodusport.fr<\/div><\/div><\/div>\n<h2 style=\"text-align: justify;\">Toutes les m\u00e9dailles fran\u00e7aises en Pologne<\/h2>\n<p style=\"text-align: justify;\"><strong><u>En simples\u00a0:<\/u><\/strong><\/p>\n<p style=\"text-align: justify;\"><span style=\"text-decoration: underline;\">Argent (3)\u00a0:<\/span> Fran\u00e7ois Geuljans (classe 3), Fabien Lamirault (classes 1-2), Mat\u00e9o Boh\u00e9as (classe 10)<\/p>\n<p style=\"text-align: justify;\"><span style=\"text-decoration: underline;\">Bronze (4)\u00a0:<\/span> Thu Kamkasomphou (classes 7-8), Yorick Adjal (classe 3), Lucas Cr\u00e9ange (classe 11), Cl\u00e9ment Berthier (classe 8)<\/p>\n<p style=\"text-align: justify;\"><u><strong>En doubles\u00a0:<\/strong> <\/u><\/p>\n<p style=\"text-align: justify;\"><span style=\"text-decoration: underline;\">Or (2)\u00a0:<\/span> Florian Merrien\/Alexandre Delarque (MD8), Cl\u00e9ment Berthier\/Esteban Herrault (MD14)<\/p>\n<p style=\"text-align: justify;\"><span style=\"text-decoration: underline;\">Argent (1)\u00a0:<\/span> Nicolas Savant-Aira\/Sylvain No\u00ebl (MD8)<\/p>\n<p style=\"text-align: justify;\"><span style=\"text-decoration: underline;\">Bronze (1)\u00a0:<\/span> Fabien Lamirault\/Julien Michaud (MD4)<\/p>\n","protected":false},"excerpt":{"rendered":"<p>PARA TENNIS DE TABLE &#8211; En Pologne, l\u2019\u00e9quipe de France poursuit son beau d\u00e9but de saison. Entre les simples et les doubles, les Bleus rentrent avec une bonne dizaine de m\u00e9dailles du tournoi Challenger de Wladyslawowo.<\/p>\n","protected":false},"author":18,"featured_media":568781,"comment_status":"open","ping_status":"closed","sticky":false,"template":"","format":"standard","meta":{"_acf_changed":false,"_daextam_enable_autolinks":"1","footnotes":""},"categories":[5753,9663],"tags":[16878,6480,19133,1197],"class_list":["post-568777","post","type-post","status-publish","format-standard","has-post-thumbnail","hentry","category-handisport","category-tennis-de-table","tag-breve","tag-fabien-lamirault","tag-para-tennis-de-table","tag-tennis-de-table"],"acf":[],"yoast_head":"<!-- This site is optimized with the Yoast SEO Premium plugin v26.7 (Yoast SEO v26.7) - https:\/\/yoast.com\/wordpress\/plugins\/seo\/ -->\n<title>Para tennis de table : Deux duos fran\u00e7ais en or en Pologne, 11 m\u00e9dailles pour la France<\/title>\n<meta name=\"description\" content=\"PARA TENNIS DE TABLE - En Pologne, l\u2019\u00e9quipe de France poursuit son beau d\u00e9but de saison et rentre avec une bonne dizaine de m\u00e9dailles.\" \/>\n<meta name=\"robots\" content=\"index, follow, max-snippet:-1, max-image-preview:large, max-video-preview:-1\" \/>\n<link rel=\"canonical\" href=\"https:\/\/dicodusport.fr\/blog\/para-tennis-de-table-deux-duos-francais-en-or-en-pologne-11-medailles-pour-la-france\/\" \/>\n<meta property=\"og:locale\" content=\"fr_FR\" \/>\n<meta property=\"og:type\" content=\"article\" \/>\n<meta property=\"og:title\" content=\"Para tennis de table : Deux duos fran\u00e7ais en or en Pologne, 11 m\u00e9dailles pour la France\" \/>\n<meta property=\"og:description\" content=\"PARA TENNIS DE TABLE - En Pologne, l\u2019\u00e9quipe de France poursuit son beau d\u00e9but de saison et rentre avec une bonne dizaine de m\u00e9dailles.\" \/>\n<meta property=\"og:url\" content=\"https:\/\/dicodusport.fr\/blog\/para-tennis-de-table-deux-duos-francais-en-or-en-pologne-11-medailles-pour-la-france\/\" \/>\n<meta property=\"og:site_name\" content=\"Dicodusport\" \/>\n<meta property=\"article:publisher\" content=\"https:\/\/www.facebook.com\/dicodusport\" \/>\n<meta property=\"article:author\" content=\"https:\/\/www.facebook.com\/soocube\" \/>\n<meta property=\"article:published_time\" content=\"2025-03-31T07:00:48+00:00\" \/>\n<meta property=\"og:image\" content=\"https:\/\/dicodusport.fr\/blog\/wp-content\/uploads\/2025\/03\/Para-tennis-de-table-Deux-duos-francais-en-or-en-Pologne-11-medailles-pour-la-France.png\" \/>\n\t<meta property=\"og:image:width\" content=\"1200\" \/>\n\t<meta property=\"og:image:height\" content=\"674\" \/>\n\t<meta property=\"og:image:type\" content=\"image\/png\" \/>\n<meta name=\"author\" content=\"Sophie Clapier\" \/>\n<meta name=\"twitter:card\" content=\"summary_large_image\" \/>\n<meta name=\"twitter:title\" content=\"Para tennis de table : Deux duos fran\u00e7ais en or en Pologne, 11 m\u00e9dailles pour la France\" \/>\n<meta name=\"twitter:creator\" content=\"@https:\/\/twitter.com\/soocube\" \/>\n<meta name=\"twitter:site\" content=\"@dicodusport\" \/>\n<script type=\"application\/ld+json\" class=\"yoast-schema-graph\">{\"@context\":\"https:\/\/schema.org\",\"@graph\":[{\"@type\":\"NewsArticle\",\"@id\":\"https:\/\/dicodusport.fr\/blog\/para-tennis-de-table-deux-duos-francais-en-or-en-pologne-11-medailles-pour-la-france\/#article\",\"isPartOf\":{\"@id\":\"https:\/\/dicodusport.fr\/blog\/para-tennis-de-table-deux-duos-francais-en-or-en-pologne-11-medailles-pour-la-france\/\"},\"author\":{\"name\":\"Sophie Clapier\",\"@id\":\"https:\/\/dicodusport.fr\/blog\/#\/schema\/person\/416c975648aca9da8839bdfe333a21c9\"},\"headline\":\"Para tennis de table : Deux duos fran\u00e7ais en or en Pologne, 11 m\u00e9dailles pour la France\",\"datePublished\":\"2025-03-31T07:00:48+00:00\",\"mainEntityOfPage\":{\"@id\":\"https:\/\/dicodusport.fr\/blog\/para-tennis-de-table-deux-duos-francais-en-or-en-pologne-11-medailles-pour-la-france\/\"},\"wordCount\":462,\"commentCount\":0,\"publisher\":{\"@id\":\"https:\/\/dicodusport.fr\/blog\/#organization\"},\"image\":{\"@id\":\"https:\/\/dicodusport.fr\/blog\/para-tennis-de-table-deux-duos-francais-en-or-en-pologne-11-medailles-pour-la-france\/#primaryimage\"},\"thumbnailUrl\":\"https:\/\/dicodusport.fr\/blog\/wp-content\/uploads\/2025\/03\/Para-tennis-de-table-Deux-duos-francais-en-or-en-Pologne-11-medailles-pour-la-France.png\",\"keywords\":[\"br\u00e8ve\",\"Fabien Lamirault\",\"Para tennis de table\",\"tennis de table\"],\"articleSection\":[\"Handisport\",\"Tennis de table\"],\"inLanguage\":\"fr-FR\",\"potentialAction\":[{\"@type\":\"CommentAction\",\"name\":\"Comment\",\"target\":[\"https:\/\/dicodusport.fr\/blog\/para-tennis-de-table-deux-duos-francais-en-or-en-pologne-11-medailles-pour-la-france\/#respond\"]}],\"copyrightYear\":\"2025\",\"copyrightHolder\":{\"@id\":\"https:\/\/dicodusport.fr\/blog\/#organization\"}},{\"@type\":\"WebPage\",\"@id\":\"https:\/\/dicodusport.fr\/blog\/para-tennis-de-table-deux-duos-francais-en-or-en-pologne-11-medailles-pour-la-france\/\",\"url\":\"https:\/\/dicodusport.fr\/blog\/para-tennis-de-table-deux-duos-francais-en-or-en-pologne-11-medailles-pour-la-france\/\",\"name\":\"Para tennis de table : Deux duos fran\u00e7ais en or en Pologne, 11 m\u00e9dailles pour la France\",\"isPartOf\":{\"@id\":\"https:\/\/dicodusport.fr\/blog\/#website\"},\"primaryImageOfPage\":{\"@id\":\"https:\/\/dicodusport.fr\/blog\/para-tennis-de-table-deux-duos-francais-en-or-en-pologne-11-medailles-pour-la-france\/#primaryimage\"},\"image\":{\"@id\":\"https:\/\/dicodusport.fr\/blog\/para-tennis-de-table-deux-duos-francais-en-or-en-pologne-11-medailles-pour-la-france\/#primaryimage\"},\"thumbnailUrl\":\"https:\/\/dicodusport.fr\/blog\/wp-content\/uploads\/2025\/03\/Para-tennis-de-table-Deux-duos-francais-en-or-en-Pologne-11-medailles-pour-la-France.png\",\"datePublished\":\"2025-03-31T07:00:48+00:00\",\"description\":\"PARA TENNIS DE TABLE - En Pologne, l\u2019\u00e9quipe de France poursuit son beau d\u00e9but de saison et rentre avec une bonne dizaine de m\u00e9dailles.\",\"breadcrumb\":{\"@id\":\"https:\/\/dicodusport.fr\/blog\/para-tennis-de-table-deux-duos-francais-en-or-en-pologne-11-medailles-pour-la-france\/#breadcrumb\"},\"inLanguage\":\"fr-FR\",\"potentialAction\":[{\"@type\":\"ReadAction\",\"target\":[\"https:\/\/dicodusport.fr\/blog\/para-tennis-de-table-deux-duos-francais-en-or-en-pologne-11-medailles-pour-la-france\/\"]}]},{\"@type\":\"ImageObject\",\"inLanguage\":\"fr-FR\",\"@id\":\"https:\/\/dicodusport.fr\/blog\/para-tennis-de-table-deux-duos-francais-en-or-en-pologne-11-medailles-pour-la-france\/#primaryimage\",\"url\":\"https:\/\/dicodusport.fr\/blog\/wp-content\/uploads\/2025\/03\/Para-tennis-de-table-Deux-duos-francais-en-or-en-Pologne-11-medailles-pour-la-France.png\",\"contentUrl\":\"https:\/\/dicodusport.fr\/blog\/wp-content\/uploads\/2025\/03\/Para-tennis-de-table-Deux-duos-francais-en-or-en-Pologne-11-medailles-pour-la-France.png\",\"width\":1200,\"height\":674,\"caption\":\"Para tennis de table Deux duos fran\u00e7ais en or en Pologne, 11 m\u00e9dailles pour la France\"},{\"@type\":\"BreadcrumbList\",\"@id\":\"https:\/\/dicodusport.fr\/blog\/para-tennis-de-table-deux-duos-francais-en-or-en-pologne-11-medailles-pour-la-france\/#breadcrumb\",\"itemListElement\":[{\"@type\":\"ListItem\",\"position\":1,\"name\":\"Accueil\",\"item\":\"https:\/\/dicodusport.fr\/blog\/\"},{\"@type\":\"ListItem\",\"position\":2,\"name\":\"Para tennis de table : Deux duos fran\u00e7ais en or en Pologne, 11 m\u00e9dailles pour la France\"}]},{\"@type\":\"WebSite\",\"@id\":\"https:\/\/dicodusport.fr\/blog\/#website\",\"url\":\"https:\/\/dicodusport.fr\/blog\/\",\"name\":\"Dicodusport\",\"description\":\"L&#039;encyclop\u00e9die de l&#039;actualit\u00e9 sportive\",\"publisher\":{\"@id\":\"https:\/\/dicodusport.fr\/blog\/#organization\"},\"potentialAction\":[{\"@type\":\"SearchAction\",\"target\":{\"@type\":\"EntryPoint\",\"urlTemplate\":\"https:\/\/dicodusport.fr\/blog\/?s={search_term_string}\"},\"query-input\":{\"@type\":\"PropertyValueSpecification\",\"valueRequired\":true,\"valueName\":\"search_term_string\"}}],\"inLanguage\":\"fr-FR\"},{\"@type\":\"NewsMediaOrganization\",\"@id\":\"https:\/\/dicodusport.fr\/blog\/#organization\",\"name\":\"Dicodusport\",\"url\":\"https:\/\/dicodusport.fr\/blog\/\",\"logo\":{\"@type\":\"ImageObject\",\"inLanguage\":\"fr-FR\",\"@id\":\"https:\/\/dicodusport.fr\/blog\/#\/schema\/logo\/image\/\",\"url\":\"https:\/\/dicodusport.fr\/blog\/wp-content\/uploads\/2020\/06\/cropped-LOGO-DICODUSPORT-2020-SANS-FOND-SANS-TEXTE.png\",\"contentUrl\":\"https:\/\/dicodusport.fr\/blog\/wp-content\/uploads\/2020\/06\/cropped-LOGO-DICODUSPORT-2020-SANS-FOND-SANS-TEXTE.png\",\"width\":512,\"height\":512,\"caption\":\"Dicodusport\"},\"image\":{\"@id\":\"https:\/\/dicodusport.fr\/blog\/#\/schema\/logo\/image\/\"},\"sameAs\":[\"https:\/\/www.facebook.com\/dicodusport\",\"https:\/\/x.com\/dicodusport\",\"https:\/\/www.instagram.com\/dicodusport\/\",\"https:\/\/www.youtube.com\/channel\/UC7V2KZ5sd3htJivAbA4ZG3w\"],\"description\":\"Dicodusport est l'encyclop\u00e9die de l'actualit\u00e9 sportive.\",\"email\":\"bonjour@dicodusport.fr\",\"legalName\":\"DICODUSPORT\",\"foundingDate\":\"2018-01-14\",\"vatID\":\"FR71834470973\",\"taxID\":\"83447097300043\",\"numberOfEmployees\":{\"@type\":\"QuantitativeValue\",\"minValue\":\"1\",\"maxValue\":\"10\"}},{\"@type\":\"Person\",\"@id\":\"https:\/\/dicodusport.fr\/blog\/#\/schema\/person\/416c975648aca9da8839bdfe333a21c9\",\"name\":\"Sophie Clapier\",\"image\":{\"@type\":\"ImageObject\",\"inLanguage\":\"fr-FR\",\"@id\":\"https:\/\/dicodusport.fr\/blog\/#\/schema\/person\/image\/\",\"url\":\"https:\/\/dicodusport.fr\/blog\/wp-content\/uploads\/2021\/05\/Sophie-Clapier-150x150.jpg\",\"contentUrl\":\"https:\/\/dicodusport.fr\/blog\/wp-content\/uploads\/2021\/05\/Sophie-Clapier-150x150.jpg\",\"caption\":\"Sophie Clapier\"},\"description\":\"Journaliste\/r\u00e9dactrice depuis janvier 2016 - Passionn\u00e9e de sport depuis toujours, j\u2019en ai pratiqu\u00e9 quelques-uns. Judo, football, handball ou encore tennis, je n\u2019ai jamais pu me mettre d\u2019accord sur un en particulier. Mais \u00e7a, c\u2019\u00e9tait avant de d\u00e9couvrir le basket, devenu mon sport de pr\u00e9dilection. Les actions NBA, le All-Star Week-end, la fureur des Game 7 pendant les playoffs ou mieux, lors des Finals, this is why we play. Team Spurs T.P, je m\u2019accroche encore \u00e0 Gregg Popovich (don\u2019t leave !). Team chef Curry, je souhaite qu\u2019il finisse aux Warriors (staaaay !). Non, il n\u2019y a pas qu\u2019eux, des petits nouveaux -et des petites nouvelles \u00e9videmment- arrivent chaque jour dans toutes les disciplines et cr\u00e9ent de nouveaux exploits. Alors pour les grands \u00e9v\u00e9nements et comp\u00e9titions internationales, vive les pulsations 240\/minutes et le d\u00e9fibrillateur pas loin, et allez les Bleu(e)s ! C\u2019est s\u00fbr, j\u2019aurai plus vu ma vie sur un terrain de sport, mais \u00e0 d\u00e9faut d\u2019en faire en haut niveau, je le partage avec vous.\",\"sameAs\":[\"https:\/\/www.facebook.com\/soocube\",\"https:\/\/x.com\/https:\/\/twitter.com\/soocube\",\"admin\"],\"url\":\"https:\/\/dicodusport.fr\/blog\/author\/sophie\/\"}]}<\/script>\n<!-- \/ Yoast SEO Premium plugin. -->","yoast_head_json":{"title":"Para tennis de table : Deux duos fran\u00e7ais en or en Pologne, 11 m\u00e9dailles pour la France","description":"PARA TENNIS DE TABLE - En Pologne, l\u2019\u00e9quipe de France poursuit son beau d\u00e9but de saison et rentre avec une bonne dizaine de m\u00e9dailles.","robots":{"index":"index","follow":"follow","max-snippet":"max-snippet:-1","max-image-preview":"max-image-preview:large","max-video-preview":"max-video-preview:-1"},"canonical":"https:\/\/dicodusport.fr\/blog\/para-tennis-de-table-deux-duos-francais-en-or-en-pologne-11-medailles-pour-la-france\/","og_locale":"fr_FR","og_type":"article","og_title":"Para tennis de table : Deux duos fran\u00e7ais en or en Pologne, 11 m\u00e9dailles pour la France","og_description":"PARA TENNIS DE TABLE - En Pologne, l\u2019\u00e9quipe de France poursuit son beau d\u00e9but de saison et rentre avec une bonne dizaine de m\u00e9dailles.","og_url":"https:\/\/dicodusport.fr\/blog\/para-tennis-de-table-deux-duos-francais-en-or-en-pologne-11-medailles-pour-la-france\/","og_site_name":"Dicodusport","article_publisher":"https:\/\/www.facebook.com\/dicodusport","article_author":"https:\/\/www.facebook.com\/soocube","article_published_time":"2025-03-31T07:00:48+00:00","og_image":[{"width":1200,"height":674,"url":"https:\/\/dicodusport.fr\/blog\/wp-content\/uploads\/2025\/03\/Para-tennis-de-table-Deux-duos-francais-en-or-en-Pologne-11-medailles-pour-la-France.png","type":"image\/png"}],"author":"Sophie Clapier","twitter_card":"summary_large_image","twitter_title":"Para tennis de table : Deux duos fran\u00e7ais en or en Pologne, 11 m\u00e9dailles pour la France","twitter_creator":"@https:\/\/twitter.com\/soocube","twitter_site":"@dicodusport","schema":{"@context":"https:\/\/schema.org","@graph":[{"@type":"NewsArticle","@id":"https:\/\/dicodusport.fr\/blog\/para-tennis-de-table-deux-duos-francais-en-or-en-pologne-11-medailles-pour-la-france\/#article","isPartOf":{"@id":"https:\/\/dicodusport.fr\/blog\/para-tennis-de-table-deux-duos-francais-en-or-en-pologne-11-medailles-pour-la-france\/"},"author":{"name":"Sophie Clapier","@id":"https:\/\/dicodusport.fr\/blog\/#\/schema\/person\/416c975648aca9da8839bdfe333a21c9"},"headline":"Para tennis de table : Deux duos fran\u00e7ais en or en Pologne, 11 m\u00e9dailles pour la France","datePublished":"2025-03-31T07:00:48+00:00","mainEntityOfPage":{"@id":"https:\/\/dicodusport.fr\/blog\/para-tennis-de-table-deux-duos-francais-en-or-en-pologne-11-medailles-pour-la-france\/"},"wordCount":462,"commentCount":0,"publisher":{"@id":"https:\/\/dicodusport.fr\/blog\/#organization"},"image":{"@id":"https:\/\/dicodusport.fr\/blog\/para-tennis-de-table-deux-duos-francais-en-or-en-pologne-11-medailles-pour-la-france\/#primaryimage"},"thumbnailUrl":"https:\/\/dicodusport.fr\/blog\/wp-content\/uploads\/2025\/03\/Para-tennis-de-table-Deux-duos-francais-en-or-en-Pologne-11-medailles-pour-la-France.png","keywords":["br\u00e8ve","Fabien Lamirault","Para tennis de table","tennis de table"],"articleSection":["Handisport","Tennis de table"],"inLanguage":"fr-FR","potentialAction":[{"@type":"CommentAction","name":"Comment","target":["https:\/\/dicodusport.fr\/blog\/para-tennis-de-table-deux-duos-francais-en-or-en-pologne-11-medailles-pour-la-france\/#respond"]}],"copyrightYear":"2025","copyrightHolder":{"@id":"https:\/\/dicodusport.fr\/blog\/#organization"}},{"@type":"WebPage","@id":"https:\/\/dicodusport.fr\/blog\/para-tennis-de-table-deux-duos-francais-en-or-en-pologne-11-medailles-pour-la-france\/","url":"https:\/\/dicodusport.fr\/blog\/para-tennis-de-table-deux-duos-francais-en-or-en-pologne-11-medailles-pour-la-france\/","name":"Para tennis de table : Deux duos fran\u00e7ais en or en Pologne, 11 m\u00e9dailles pour la France","isPartOf":{"@id":"https:\/\/dicodusport.fr\/blog\/#website"},"primaryImageOfPage":{"@id":"https:\/\/dicodusport.fr\/blog\/para-tennis-de-table-deux-duos-francais-en-or-en-pologne-11-medailles-pour-la-france\/#primaryimage"},"image":{"@id":"https:\/\/dicodusport.fr\/blog\/para-tennis-de-table-deux-duos-francais-en-or-en-pologne-11-medailles-pour-la-france\/#primaryimage"},"thumbnailUrl":"https:\/\/dicodusport.fr\/blog\/wp-content\/uploads\/2025\/03\/Para-tennis-de-table-Deux-duos-francais-en-or-en-Pologne-11-medailles-pour-la-France.png","datePublished":"2025-03-31T07:00:48+00:00","description":"PARA TENNIS DE TABLE - En Pologne, l\u2019\u00e9quipe de France poursuit son beau d\u00e9but de saison et rentre avec une bonne dizaine de m\u00e9dailles.","breadcrumb":{"@id":"https:\/\/dicodusport.fr\/blog\/para-tennis-de-table-deux-duos-francais-en-or-en-pologne-11-medailles-pour-la-france\/#breadcrumb"},"inLanguage":"fr-FR","potentialAction":[{"@type":"ReadAction","target":["https:\/\/dicodusport.fr\/blog\/para-tennis-de-table-deux-duos-francais-en-or-en-pologne-11-medailles-pour-la-france\/"]}]},{"@type":"ImageObject","inLanguage":"fr-FR","@id":"https:\/\/dicodusport.fr\/blog\/para-tennis-de-table-deux-duos-francais-en-or-en-pologne-11-medailles-pour-la-france\/#primaryimage","url":"https:\/\/dicodusport.fr\/blog\/wp-content\/uploads\/2025\/03\/Para-tennis-de-table-Deux-duos-francais-en-or-en-Pologne-11-medailles-pour-la-France.png","contentUrl":"https:\/\/dicodusport.fr\/blog\/wp-content\/uploads\/2025\/03\/Para-tennis-de-table-Deux-duos-francais-en-or-en-Pologne-11-medailles-pour-la-France.png","width":1200,"height":674,"caption":"Para tennis de table Deux duos fran\u00e7ais en or en Pologne, 11 m\u00e9dailles pour la France"},{"@type":"BreadcrumbList","@id":"https:\/\/dicodusport.fr\/blog\/para-tennis-de-table-deux-duos-francais-en-or-en-pologne-11-medailles-pour-la-france\/#breadcrumb","itemListElement":[{"@type":"ListItem","position":1,"name":"Accueil","item":"https:\/\/dicodusport.fr\/blog\/"},{"@type":"ListItem","position":2,"name":"Para tennis de table : Deux duos fran\u00e7ais en or en Pologne, 11 m\u00e9dailles pour la France"}]},{"@type":"WebSite","@id":"https:\/\/dicodusport.fr\/blog\/#website","url":"https:\/\/dicodusport.fr\/blog\/","name":"Dicodusport","description":"L&#039;encyclop\u00e9die de l&#039;actualit\u00e9 sportive","publisher":{"@id":"https:\/\/dicodusport.fr\/blog\/#organization"},"potentialAction":[{"@type":"SearchAction","target":{"@type":"EntryPoint","urlTemplate":"https:\/\/dicodusport.fr\/blog\/?s={search_term_string}"},"query-input":{"@type":"PropertyValueSpecification","valueRequired":true,"valueName":"search_term_string"}}],"inLanguage":"fr-FR"},{"@type":"NewsMediaOrganization","@id":"https:\/\/dicodusport.fr\/blog\/#organization","name":"Dicodusport","url":"https:\/\/dicodusport.fr\/blog\/","logo":{"@type":"ImageObject","inLanguage":"fr-FR","@id":"https:\/\/dicodusport.fr\/blog\/#\/schema\/logo\/image\/","url":"https:\/\/dicodusport.fr\/blog\/wp-content\/uploads\/2020\/06\/cropped-LOGO-DICODUSPORT-2020-SANS-FOND-SANS-TEXTE.png","contentUrl":"https:\/\/dicodusport.fr\/blog\/wp-content\/uploads\/2020\/06\/cropped-LOGO-DICODUSPORT-2020-SANS-FOND-SANS-TEXTE.png","width":512,"height":512,"caption":"Dicodusport"},"image":{"@id":"https:\/\/dicodusport.fr\/blog\/#\/schema\/logo\/image\/"},"sameAs":["https:\/\/www.facebook.com\/dicodusport","https:\/\/x.com\/dicodusport","https:\/\/www.instagram.com\/dicodusport\/","https:\/\/www.youtube.com\/channel\/UC7V2KZ5sd3htJivAbA4ZG3w"],"description":"Dicodusport est l'encyclop\u00e9die de l'actualit\u00e9 sportive.","email":"bonjour@dicodusport.fr","legalName":"DICODUSPORT","foundingDate":"2018-01-14","vatID":"FR71834470973","taxID":"83447097300043","numberOfEmployees":{"@type":"QuantitativeValue","minValue":"1","maxValue":"10"}},{"@type":"Person","@id":"https:\/\/dicodusport.fr\/blog\/#\/schema\/person\/416c975648aca9da8839bdfe333a21c9","name":"Sophie Clapier","image":{"@type":"ImageObject","inLanguage":"fr-FR","@id":"https:\/\/dicodusport.fr\/blog\/#\/schema\/person\/image\/","url":"https:\/\/dicodusport.fr\/blog\/wp-content\/uploads\/2021\/05\/Sophie-Clapier-150x150.jpg","contentUrl":"https:\/\/dicodusport.fr\/blog\/wp-content\/uploads\/2021\/05\/Sophie-Clapier-150x150.jpg","caption":"Sophie Clapier"},"description":"Journaliste\/r\u00e9dactrice depuis janvier 2016 - Passionn\u00e9e de sport depuis toujours, j\u2019en ai pratiqu\u00e9 quelques-uns. Judo, football, handball ou encore tennis, je n\u2019ai jamais pu me mettre d\u2019accord sur un en particulier. Mais \u00e7a, c\u2019\u00e9tait avant de d\u00e9couvrir le basket, devenu mon sport de pr\u00e9dilection. Les actions NBA, le All-Star Week-end, la fureur des Game 7 pendant les playoffs ou mieux, lors des Finals, this is why we play. Team Spurs T.P, je m\u2019accroche encore \u00e0 Gregg Popovich (don\u2019t leave !). Team chef Curry, je souhaite qu\u2019il finisse aux Warriors (staaaay !). Non, il n\u2019y a pas qu\u2019eux, des petits nouveaux -et des petites nouvelles \u00e9videmment- arrivent chaque jour dans toutes les disciplines et cr\u00e9ent de nouveaux exploits. Alors pour les grands \u00e9v\u00e9nements et comp\u00e9titions internationales, vive les pulsations 240\/minutes et le d\u00e9fibrillateur pas loin, et allez les Bleu(e)s ! C\u2019est s\u00fbr, j\u2019aurai plus vu ma vie sur un terrain de sport, mais \u00e0 d\u00e9faut d\u2019en faire en haut niveau, je le partage avec vous.","sameAs":["https:\/\/www.facebook.com\/soocube","https:\/\/x.com\/https:\/\/twitter.com\/soocube","admin"],"url":"https:\/\/dicodusport.fr\/blog\/author\/sophie\/"}]}},"_links":{"self":[{"href":"https:\/\/dicodusport.fr\/blog\/wp-json\/wp\/v2\/posts\/568777","targetHints":{"allow":["GET"]}}],"collection":[{"href":"https:\/\/dicodusport.fr\/blog\/wp-json\/wp\/v2\/posts"}],"about":[{"href":"https:\/\/dicodusport.fr\/blog\/wp-json\/wp\/v2\/types\/post"}],"author":[{"embeddable":true,"href":"https:\/\/dicodusport.fr\/blog\/wp-json\/wp\/v2\/users\/18"}],"replies":[{"embeddable":true,"href":"https:\/\/dicodusport.fr\/blog\/wp-json\/wp\/v2\/comments?post=568777"}],"version-history":[{"count":3,"href":"https:\/\/dicodusport.fr\/blog\/wp-json\/wp\/v2\/posts\/568777\/revisions"}],"predecessor-version":[{"id":568784,"href":"https:\/\/dicodusport.fr\/blog\/wp-json\/wp\/v2\/posts\/568777\/revisions\/568784"}],"wp:featuredmedia":[{"embeddable":true,"href":"https:\/\/dicodusport.fr\/blog\/wp-json\/wp\/v2\/media\/568781"}],"wp:attachment":[{"href":"https:\/\/dicodusport.fr\/blog\/wp-json\/wp\/v2\/media?parent=568777"}],"wp:term":[{"taxonomy":"category","embeddable":true,"href":"https:\/\/dicodusport.fr\/blog\/wp-json\/wp\/v2\/categories?post=568777"},{"taxonomy":"post_tag","embeddable":true,"href":"https:\/\/dicodusport.fr\/blog\/wp-json\/wp\/v2\/tags?post=568777"}],"curies":[{"name":"wp","href":"https:\/\/api.w.org\/{rel}","templated":true}]}}