{"id":569079,"date":"2025-04-02T11:43:31","date_gmt":"2025-04-02T09:43:31","guid":{"rendered":"https:\/\/dicodusport.fr\/blog\/?p=569079&#038;preview=true&#038;preview_id=569079"},"modified":"2025-04-02T11:43:10","modified_gmt":"2025-04-02T09:43:10","slug":"a-travers-la-flandre-2025-engages-date-heure-et-chaine-tv","status":"publish","type":"post","link":"https:\/\/dicodusport.fr\/blog\/a-travers-la-flandre-2025-engages-date-heure-et-chaine-tv\/","title":{"rendered":"\u00c0 Travers la Flandre 2025 : Engag\u00e9s, Cha\u00eene TV, Date et Heure"},"content":{"rendered":"<h4 style=\"text-align: justify;\"><strong><em><a href=\"https:\/\/dicodusport.fr\/blog\/actualites\/cyclisme\/cyclisme-sur-route-2025\/\">CYCLISME SUR ROUTE 2025<\/a> &#8211; \u00c0 Travers la Flandre 2025\u00a0 aura lieu le mercredi 2 avril. D\u00e9couvrez la liste des engag\u00e9s et la cha\u00eene TV de l&rsquo;\u00e9preuve belge.<\/em><\/strong><\/h4>\n<ul style=\"text-align: justify;\">\n<li style=\"text-align: justify;\"><strong>\u00c0 ce sujet &#8211; <a href=\"https:\/\/dicodusport.fr\/blog\/a-travers-la-flandre-2025-parcours-detaille-profil-et-favoris\/\" target=\"_blank\" rel=\"noopener\">\u00c0 Travers la Flandre 2025 : Parcours d\u00e9taill\u00e9, profil et favoris<\/a><br \/>\n<\/strong><\/li>\n<\/ul>\n<p style=\"text-align: justify;\">Qui pour succ\u00e9der \u00e0 <strong>Matteo<\/strong> <strong>Jorgenson<\/strong> (Visma Lease a Bike), vainqueur d&rsquo;<strong>\u00c0 Travers la Flandre 2025<\/strong> ? L&rsquo;Zm\u00e9ricain est de nouveau au d\u00e9part et pourra pr\u00e9tendre \u00e0 un doubl\u00e9. Il sera bien accompagn\u00e9 puisque <strong>Wout<\/strong> <strong>Van<\/strong> <strong>Aert<\/strong> (Visma Lease a Bike), en difficult\u00e9 sur son d\u00e9but de saison sur route, est aussi sur la liste de d\u00e9part.<\/p>\n<p style=\"text-align: justify;\"><strong>Mathieu van<\/strong> <strong>der<\/strong> <strong>Poel<\/strong> (Alpecin-Deceuninck) ne sera lui pas pr\u00e9sent et prend donc une semaine de repos compl\u00e8te avant le <strong>Tour<\/strong> <strong>des<\/strong> <strong>Flandres<\/strong>. <strong>Jasper<\/strong> <strong>Philipsen<\/strong> (Alpecin-Deceuninck) sera le leader de l&rsquo;\u00e9quipe belge et fait partie des favoris pour la victoire finale, tout comme <strong>Biniam<\/strong> <strong>Girmay<\/strong> (Intermarch\u00e9-Wanty)<\/p>\n<p style=\"text-align: justify;\">Si <strong>Tadej<\/strong> <strong>Pogacar<\/strong> (UAE Team Emirates XRG) est aussi absent, il y aura du beau monde au d\u00e9part ce mercredi, comme <strong>Jonathan<\/strong> <strong>Milan<\/strong> (Lid-Trek), <strong>Tim<\/strong> <strong>Merlier<\/strong> (Soudal Quick-Step) ou encore <strong>Magnus Sheffield<\/strong> (INEOS Grenadiers). <strong>Valentin<\/strong> <strong>Madouas<\/strong> (Groupama-FDJ) sera la meilleure chance fran\u00e7aise pour \u00c0 Travers la Flandre 2025.<\/p>\n<h2 style=\"text-align: justify;\">Heure et Cha\u00eene TV d&rsquo;\u00c0 Travers la Flandre 2025<\/h2>\n<p style=\"text-align: justify;\"><strong>\u00c0 Travers la Flandre 2025<\/strong> se d\u00e9roule ce mercredi 2 avril 2025. La course est \u00e0 suivre sur <em>Eurosport Max<\/em>, <em>Eurosport 1 <\/em>et<em> La Cha\u00eene L&rsquo;\u00c9quipe<\/em>\u00a0\u00e0 partir de 14h15.<\/p>\n<h2 style=\"text-align: justify;\">Les engag\u00e9s d&rsquo;\u00c0 Travers la Flandre 2025<\/h2>\n<p style=\"text-align: justify;\"><a href=\"https:\/\/dicodusport.fr\/blog\/wp-content\/uploads\/2025\/04\/Engages-A-Travers-la-Flandre-2025.pdf\" class=\"pdfemb-viewer\" style=\"\" data-width=\"max\" data-height=\"max\"  data-toolbar=\"both\" data-toolbar-fixed=\"on\">Engage\u0301s A\u0300 Travers la Flandre 2025<br\/><\/a>\n","protected":false},"excerpt":{"rendered":"<p>\u00c0 Travers la Flandre 2025\u00a0 aura lieu le mercredi 2 avril. D\u00e9couvrez la liste des engag\u00e9s et la cha\u00eene TV de l&rsquo;\u00e9preuve belge.<\/p>\n","protected":false},"author":1,"featured_media":569082,"comment_status":"open","ping_status":"closed","sticky":false,"template":"","format":"standard","meta":{"_acf_changed":false,"_daextam_enable_autolinks":"1","footnotes":""},"categories":[44295,46994],"tags":[7544,16878,574],"class_list":["post-569079","post","type-post","status-publish","format-standard","has-post-thumbnail","hentry","category-chaine-tv","category-cyclisme-sur-route","tag-a-travers-la-flandre","tag-breve","tag-cyclisme"],"acf":[],"yoast_head":"<!-- This site is optimized with the Yoast SEO Premium plugin v26.7 (Yoast SEO v26.7) - https:\/\/yoast.com\/wordpress\/plugins\/seo\/ -->\n<title>\u00c0 Travers la Flandre 2025 : Engag\u00e9s, Cha\u00eene TV, Date et Heure<\/title>\n<meta name=\"description\" content=\"\u00c0 Travers la Flandre 2025\u00a0 aura lieu le mercredi 2 avril. D\u00e9couvrez la liste des engag\u00e9s et la cha\u00eene TV de l&#039;\u00e9preuve belge.\" \/>\n<meta name=\"robots\" content=\"index, follow, max-snippet:-1, max-image-preview:large, max-video-preview:-1\" \/>\n<link rel=\"canonical\" href=\"https:\/\/dicodusport.fr\/blog\/a-travers-la-flandre-2025-engages-date-heure-et-chaine-tv\/\" \/>\n<meta property=\"og:locale\" content=\"fr_FR\" \/>\n<meta property=\"og:type\" content=\"article\" \/>\n<meta property=\"og:title\" content=\"\u00c0 Travers la Flandre 2025 : Engag\u00e9s, Cha\u00eene TV, Date et Heure\" \/>\n<meta property=\"og:description\" content=\"\u00c0 Travers la Flandre 2025\u00a0 aura lieu le mercredi 2 avril. D\u00e9couvrez la liste des engag\u00e9s et la cha\u00eene TV de l&#039;\u00e9preuve belge.\" \/>\n<meta property=\"og:url\" content=\"https:\/\/dicodusport.fr\/blog\/a-travers-la-flandre-2025-engages-date-heure-et-chaine-tv\/\" \/>\n<meta property=\"og:site_name\" content=\"Dicodusport\" \/>\n<meta property=\"article:publisher\" content=\"https:\/\/www.facebook.com\/dicodusport\" \/>\n<meta property=\"article:author\" content=\"https:\/\/www.facebook.com\/dicodusport\" \/>\n<meta property=\"article:published_time\" content=\"2025-04-02T09:43:31+00:00\" \/>\n<meta property=\"og:image\" content=\"https:\/\/dicodusport.fr\/blog\/wp-content\/uploads\/2025\/04\/A-Travers-la-Flandre-2025-Engages-Date-Heure-et-Chaine-TV.png\" \/>\n\t<meta property=\"og:image:width\" content=\"1200\" \/>\n\t<meta property=\"og:image:height\" content=\"674\" \/>\n\t<meta property=\"og:image:type\" content=\"image\/png\" \/>\n<meta name=\"author\" content=\"Nicolas Jacquemard\" \/>\n<meta name=\"twitter:card\" content=\"summary_large_image\" \/>\n<meta name=\"twitter:title\" content=\"\u00c0 Travers la Flandre 2025 : Engag\u00e9s, Cha\u00eene TV, Date et Heure\" \/>\n<meta name=\"twitter:creator\" content=\"@https:\/\/twitter.com\/Nico_Jacquemard\" \/>\n<meta name=\"twitter:site\" content=\"@dicodusport\" \/>\n<script type=\"application\/ld+json\" class=\"yoast-schema-graph\">{\"@context\":\"https:\/\/schema.org\",\"@graph\":[{\"@type\":\"NewsArticle\",\"@id\":\"https:\/\/dicodusport.fr\/blog\/a-travers-la-flandre-2025-engages-date-heure-et-chaine-tv\/#article\",\"isPartOf\":{\"@id\":\"https:\/\/dicodusport.fr\/blog\/a-travers-la-flandre-2025-engages-date-heure-et-chaine-tv\/\"},\"author\":{\"name\":\"Nicolas Jacquemard\",\"@id\":\"https:\/\/dicodusport.fr\/blog\/#\/schema\/person\/55dcb50ad410894e431ed812bbb70191\"},\"headline\":\"\u00c0 Travers la Flandre 2025 : Engag\u00e9s, Cha\u00eene TV, Date et Heure\",\"datePublished\":\"2025-04-02T09:43:31+00:00\",\"mainEntityOfPage\":{\"@id\":\"https:\/\/dicodusport.fr\/blog\/a-travers-la-flandre-2025-engages-date-heure-et-chaine-tv\/\"},\"wordCount\":268,\"commentCount\":0,\"publisher\":{\"@id\":\"https:\/\/dicodusport.fr\/blog\/#organization\"},\"image\":{\"@id\":\"https:\/\/dicodusport.fr\/blog\/a-travers-la-flandre-2025-engages-date-heure-et-chaine-tv\/#primaryimage\"},\"thumbnailUrl\":\"https:\/\/dicodusport.fr\/blog\/wp-content\/uploads\/2025\/04\/A-Travers-la-Flandre-2025-Engages-Date-Heure-et-Chaine-TV.png\",\"keywords\":[\"A Travers la Flandre\",\"br\u00e8ve\",\"Cyclisme\"],\"articleSection\":[\"Cha\u00eene TV\",\"Cyclisme sur route\"],\"inLanguage\":\"fr-FR\",\"potentialAction\":[{\"@type\":\"CommentAction\",\"name\":\"Comment\",\"target\":[\"https:\/\/dicodusport.fr\/blog\/a-travers-la-flandre-2025-engages-date-heure-et-chaine-tv\/#respond\"]}],\"copyrightYear\":\"2025\",\"copyrightHolder\":{\"@id\":\"https:\/\/dicodusport.fr\/blog\/#organization\"}},{\"@type\":\"WebPage\",\"@id\":\"https:\/\/dicodusport.fr\/blog\/a-travers-la-flandre-2025-engages-date-heure-et-chaine-tv\/\",\"url\":\"https:\/\/dicodusport.fr\/blog\/a-travers-la-flandre-2025-engages-date-heure-et-chaine-tv\/\",\"name\":\"\u00c0 Travers la Flandre 2025 : Engag\u00e9s, Cha\u00eene TV, Date et Heure\",\"isPartOf\":{\"@id\":\"https:\/\/dicodusport.fr\/blog\/#website\"},\"primaryImageOfPage\":{\"@id\":\"https:\/\/dicodusport.fr\/blog\/a-travers-la-flandre-2025-engages-date-heure-et-chaine-tv\/#primaryimage\"},\"image\":{\"@id\":\"https:\/\/dicodusport.fr\/blog\/a-travers-la-flandre-2025-engages-date-heure-et-chaine-tv\/#primaryimage\"},\"thumbnailUrl\":\"https:\/\/dicodusport.fr\/blog\/wp-content\/uploads\/2025\/04\/A-Travers-la-Flandre-2025-Engages-Date-Heure-et-Chaine-TV.png\",\"datePublished\":\"2025-04-02T09:43:31+00:00\",\"description\":\"\u00c0 Travers la Flandre 2025\u00a0 aura lieu le mercredi 2 avril. D\u00e9couvrez la liste des engag\u00e9s et la cha\u00eene TV de l'\u00e9preuve belge.\",\"breadcrumb\":{\"@id\":\"https:\/\/dicodusport.fr\/blog\/a-travers-la-flandre-2025-engages-date-heure-et-chaine-tv\/#breadcrumb\"},\"inLanguage\":\"fr-FR\",\"potentialAction\":[{\"@type\":\"ReadAction\",\"target\":[\"https:\/\/dicodusport.fr\/blog\/a-travers-la-flandre-2025-engages-date-heure-et-chaine-tv\/\"]}]},{\"@type\":\"ImageObject\",\"inLanguage\":\"fr-FR\",\"@id\":\"https:\/\/dicodusport.fr\/blog\/a-travers-la-flandre-2025-engages-date-heure-et-chaine-tv\/#primaryimage\",\"url\":\"https:\/\/dicodusport.fr\/blog\/wp-content\/uploads\/2025\/04\/A-Travers-la-Flandre-2025-Engages-Date-Heure-et-Chaine-TV.png\",\"contentUrl\":\"https:\/\/dicodusport.fr\/blog\/wp-content\/uploads\/2025\/04\/A-Travers-la-Flandre-2025-Engages-Date-Heure-et-Chaine-TV.png\",\"width\":1200,\"height\":674},{\"@type\":\"BreadcrumbList\",\"@id\":\"https:\/\/dicodusport.fr\/blog\/a-travers-la-flandre-2025-engages-date-heure-et-chaine-tv\/#breadcrumb\",\"itemListElement\":[{\"@type\":\"ListItem\",\"position\":1,\"name\":\"Accueil\",\"item\":\"https:\/\/dicodusport.fr\/blog\/\"},{\"@type\":\"ListItem\",\"position\":2,\"name\":\"\u00c0 Travers la Flandre 2025 : Engag\u00e9s, Cha\u00eene TV, Date et Heure\"}]},{\"@type\":\"WebSite\",\"@id\":\"https:\/\/dicodusport.fr\/blog\/#website\",\"url\":\"https:\/\/dicodusport.fr\/blog\/\",\"name\":\"Dicodusport\",\"description\":\"L&#039;encyclop\u00e9die de l&#039;actualit\u00e9 sportive\",\"publisher\":{\"@id\":\"https:\/\/dicodusport.fr\/blog\/#organization\"},\"potentialAction\":[{\"@type\":\"SearchAction\",\"target\":{\"@type\":\"EntryPoint\",\"urlTemplate\":\"https:\/\/dicodusport.fr\/blog\/?s={search_term_string}\"},\"query-input\":{\"@type\":\"PropertyValueSpecification\",\"valueRequired\":true,\"valueName\":\"search_term_string\"}}],\"inLanguage\":\"fr-FR\"},{\"@type\":\"NewsMediaOrganization\",\"@id\":\"https:\/\/dicodusport.fr\/blog\/#organization\",\"name\":\"Dicodusport\",\"url\":\"https:\/\/dicodusport.fr\/blog\/\",\"logo\":{\"@type\":\"ImageObject\",\"inLanguage\":\"fr-FR\",\"@id\":\"https:\/\/dicodusport.fr\/blog\/#\/schema\/logo\/image\/\",\"url\":\"https:\/\/dicodusport.fr\/blog\/wp-content\/uploads\/2020\/06\/cropped-LOGO-DICODUSPORT-2020-SANS-FOND-SANS-TEXTE.png\",\"contentUrl\":\"https:\/\/dicodusport.fr\/blog\/wp-content\/uploads\/2020\/06\/cropped-LOGO-DICODUSPORT-2020-SANS-FOND-SANS-TEXTE.png\",\"width\":512,\"height\":512,\"caption\":\"Dicodusport\"},\"image\":{\"@id\":\"https:\/\/dicodusport.fr\/blog\/#\/schema\/logo\/image\/\"},\"sameAs\":[\"https:\/\/www.facebook.com\/dicodusport\",\"https:\/\/x.com\/dicodusport\",\"https:\/\/www.instagram.com\/dicodusport\/\",\"https:\/\/www.youtube.com\/channel\/UC7V2KZ5sd3htJivAbA4ZG3w\"],\"description\":\"Dicodusport est l'encyclop\u00e9die de l'actualit\u00e9 sportive.\",\"email\":\"bonjour@dicodusport.fr\",\"legalName\":\"DICODUSPORT\",\"foundingDate\":\"2018-01-14\",\"vatID\":\"FR71834470973\",\"taxID\":\"83447097300043\",\"numberOfEmployees\":{\"@type\":\"QuantitativeValue\",\"minValue\":\"1\",\"maxValue\":\"10\"}},{\"@type\":\"Person\",\"@id\":\"https:\/\/dicodusport.fr\/blog\/#\/schema\/person\/55dcb50ad410894e431ed812bbb70191\",\"name\":\"Nicolas Jacquemard\",\"image\":{\"@type\":\"ImageObject\",\"inLanguage\":\"fr-FR\",\"@id\":\"https:\/\/dicodusport.fr\/blog\/#\/schema\/person\/image\/\",\"url\":\"https:\/\/dicodusport.fr\/blog\/wp-content\/uploads\/2021\/05\/Nicolas-Jacquemard-150x150.jpeg\",\"contentUrl\":\"https:\/\/dicodusport.fr\/blog\/wp-content\/uploads\/2021\/05\/Nicolas-Jacquemard-150x150.jpeg\",\"caption\":\"Nicolas Jacquemard\"},\"description\":\"Passionn\u00e9 de sport et entrepreneur depuis mes 18 ans, la cr\u00e9ation de Dicodusport m'a sembl\u00e9 \u00e9vidente pour participer \u00e0 la m\u00e9diatisation d'un plus grand nombre de sports. Le chemin est long mais avec une \u00e9quipe des plus motiv\u00e9es et les Jeux Olympiques de Paris 2024 en point de mire, nous y arriverons ! Journaliste dans le monde du sport depuis plus de 5 ans, je traite aussi bien de football, de rugby, de biathlon que de cyclisme.\",\"sameAs\":[\"https:\/\/www.facebook.com\/dicodusport\",\"https:\/\/x.com\/https:\/\/twitter.com\/Nico_Jacquemard\"],\"url\":\"https:\/\/dicodusport.fr\/blog\/author\/dicodusport\/\"}]}<\/script>\n<!-- \/ Yoast SEO Premium plugin. -->","yoast_head_json":{"title":"\u00c0 Travers la Flandre 2025 : Engag\u00e9s, Cha\u00eene TV, Date et Heure","description":"\u00c0 Travers la Flandre 2025\u00a0 aura lieu le mercredi 2 avril. D\u00e9couvrez la liste des engag\u00e9s et la cha\u00eene TV de l'\u00e9preuve belge.","robots":{"index":"index","follow":"follow","max-snippet":"max-snippet:-1","max-image-preview":"max-image-preview:large","max-video-preview":"max-video-preview:-1"},"canonical":"https:\/\/dicodusport.fr\/blog\/a-travers-la-flandre-2025-engages-date-heure-et-chaine-tv\/","og_locale":"fr_FR","og_type":"article","og_title":"\u00c0 Travers la Flandre 2025 : Engag\u00e9s, Cha\u00eene TV, Date et Heure","og_description":"\u00c0 Travers la Flandre 2025\u00a0 aura lieu le mercredi 2 avril. D\u00e9couvrez la liste des engag\u00e9s et la cha\u00eene TV de l'\u00e9preuve belge.","og_url":"https:\/\/dicodusport.fr\/blog\/a-travers-la-flandre-2025-engages-date-heure-et-chaine-tv\/","og_site_name":"Dicodusport","article_publisher":"https:\/\/www.facebook.com\/dicodusport","article_author":"https:\/\/www.facebook.com\/dicodusport","article_published_time":"2025-04-02T09:43:31+00:00","og_image":[{"width":1200,"height":674,"url":"https:\/\/dicodusport.fr\/blog\/wp-content\/uploads\/2025\/04\/A-Travers-la-Flandre-2025-Engages-Date-Heure-et-Chaine-TV.png","type":"image\/png"}],"author":"Nicolas Jacquemard","twitter_card":"summary_large_image","twitter_title":"\u00c0 Travers la Flandre 2025 : Engag\u00e9s, Cha\u00eene TV, Date et Heure","twitter_creator":"@https:\/\/twitter.com\/Nico_Jacquemard","twitter_site":"@dicodusport","schema":{"@context":"https:\/\/schema.org","@graph":[{"@type":"NewsArticle","@id":"https:\/\/dicodusport.fr\/blog\/a-travers-la-flandre-2025-engages-date-heure-et-chaine-tv\/#article","isPartOf":{"@id":"https:\/\/dicodusport.fr\/blog\/a-travers-la-flandre-2025-engages-date-heure-et-chaine-tv\/"},"author":{"name":"Nicolas Jacquemard","@id":"https:\/\/dicodusport.fr\/blog\/#\/schema\/person\/55dcb50ad410894e431ed812bbb70191"},"headline":"\u00c0 Travers la Flandre 2025 : Engag\u00e9s, Cha\u00eene TV, Date et Heure","datePublished":"2025-04-02T09:43:31+00:00","mainEntityOfPage":{"@id":"https:\/\/dicodusport.fr\/blog\/a-travers-la-flandre-2025-engages-date-heure-et-chaine-tv\/"},"wordCount":268,"commentCount":0,"publisher":{"@id":"https:\/\/dicodusport.fr\/blog\/#organization"},"image":{"@id":"https:\/\/dicodusport.fr\/blog\/a-travers-la-flandre-2025-engages-date-heure-et-chaine-tv\/#primaryimage"},"thumbnailUrl":"https:\/\/dicodusport.fr\/blog\/wp-content\/uploads\/2025\/04\/A-Travers-la-Flandre-2025-Engages-Date-Heure-et-Chaine-TV.png","keywords":["A Travers la Flandre","br\u00e8ve","Cyclisme"],"articleSection":["Cha\u00eene TV","Cyclisme sur route"],"inLanguage":"fr-FR","potentialAction":[{"@type":"CommentAction","name":"Comment","target":["https:\/\/dicodusport.fr\/blog\/a-travers-la-flandre-2025-engages-date-heure-et-chaine-tv\/#respond"]}],"copyrightYear":"2025","copyrightHolder":{"@id":"https:\/\/dicodusport.fr\/blog\/#organization"}},{"@type":"WebPage","@id":"https:\/\/dicodusport.fr\/blog\/a-travers-la-flandre-2025-engages-date-heure-et-chaine-tv\/","url":"https:\/\/dicodusport.fr\/blog\/a-travers-la-flandre-2025-engages-date-heure-et-chaine-tv\/","name":"\u00c0 Travers la Flandre 2025 : Engag\u00e9s, Cha\u00eene TV, Date et Heure","isPartOf":{"@id":"https:\/\/dicodusport.fr\/blog\/#website"},"primaryImageOfPage":{"@id":"https:\/\/dicodusport.fr\/blog\/a-travers-la-flandre-2025-engages-date-heure-et-chaine-tv\/#primaryimage"},"image":{"@id":"https:\/\/dicodusport.fr\/blog\/a-travers-la-flandre-2025-engages-date-heure-et-chaine-tv\/#primaryimage"},"thumbnailUrl":"https:\/\/dicodusport.fr\/blog\/wp-content\/uploads\/2025\/04\/A-Travers-la-Flandre-2025-Engages-Date-Heure-et-Chaine-TV.png","datePublished":"2025-04-02T09:43:31+00:00","description":"\u00c0 Travers la Flandre 2025\u00a0 aura lieu le mercredi 2 avril. D\u00e9couvrez la liste des engag\u00e9s et la cha\u00eene TV de l'\u00e9preuve belge.","breadcrumb":{"@id":"https:\/\/dicodusport.fr\/blog\/a-travers-la-flandre-2025-engages-date-heure-et-chaine-tv\/#breadcrumb"},"inLanguage":"fr-FR","potentialAction":[{"@type":"ReadAction","target":["https:\/\/dicodusport.fr\/blog\/a-travers-la-flandre-2025-engages-date-heure-et-chaine-tv\/"]}]},{"@type":"ImageObject","inLanguage":"fr-FR","@id":"https:\/\/dicodusport.fr\/blog\/a-travers-la-flandre-2025-engages-date-heure-et-chaine-tv\/#primaryimage","url":"https:\/\/dicodusport.fr\/blog\/wp-content\/uploads\/2025\/04\/A-Travers-la-Flandre-2025-Engages-Date-Heure-et-Chaine-TV.png","contentUrl":"https:\/\/dicodusport.fr\/blog\/wp-content\/uploads\/2025\/04\/A-Travers-la-Flandre-2025-Engages-Date-Heure-et-Chaine-TV.png","width":1200,"height":674},{"@type":"BreadcrumbList","@id":"https:\/\/dicodusport.fr\/blog\/a-travers-la-flandre-2025-engages-date-heure-et-chaine-tv\/#breadcrumb","itemListElement":[{"@type":"ListItem","position":1,"name":"Accueil","item":"https:\/\/dicodusport.fr\/blog\/"},{"@type":"ListItem","position":2,"name":"\u00c0 Travers la Flandre 2025 : Engag\u00e9s, Cha\u00eene TV, Date et Heure"}]},{"@type":"WebSite","@id":"https:\/\/dicodusport.fr\/blog\/#website","url":"https:\/\/dicodusport.fr\/blog\/","name":"Dicodusport","description":"L&#039;encyclop\u00e9die de l&#039;actualit\u00e9 sportive","publisher":{"@id":"https:\/\/dicodusport.fr\/blog\/#organization"},"potentialAction":[{"@type":"SearchAction","target":{"@type":"EntryPoint","urlTemplate":"https:\/\/dicodusport.fr\/blog\/?s={search_term_string}"},"query-input":{"@type":"PropertyValueSpecification","valueRequired":true,"valueName":"search_term_string"}}],"inLanguage":"fr-FR"},{"@type":"NewsMediaOrganization","@id":"https:\/\/dicodusport.fr\/blog\/#organization","name":"Dicodusport","url":"https:\/\/dicodusport.fr\/blog\/","logo":{"@type":"ImageObject","inLanguage":"fr-FR","@id":"https:\/\/dicodusport.fr\/blog\/#\/schema\/logo\/image\/","url":"https:\/\/dicodusport.fr\/blog\/wp-content\/uploads\/2020\/06\/cropped-LOGO-DICODUSPORT-2020-SANS-FOND-SANS-TEXTE.png","contentUrl":"https:\/\/dicodusport.fr\/blog\/wp-content\/uploads\/2020\/06\/cropped-LOGO-DICODUSPORT-2020-SANS-FOND-SANS-TEXTE.png","width":512,"height":512,"caption":"Dicodusport"},"image":{"@id":"https:\/\/dicodusport.fr\/blog\/#\/schema\/logo\/image\/"},"sameAs":["https:\/\/www.facebook.com\/dicodusport","https:\/\/x.com\/dicodusport","https:\/\/www.instagram.com\/dicodusport\/","https:\/\/www.youtube.com\/channel\/UC7V2KZ5sd3htJivAbA4ZG3w"],"description":"Dicodusport est l'encyclop\u00e9die de l'actualit\u00e9 sportive.","email":"bonjour@dicodusport.fr","legalName":"DICODUSPORT","foundingDate":"2018-01-14","vatID":"FR71834470973","taxID":"83447097300043","numberOfEmployees":{"@type":"QuantitativeValue","minValue":"1","maxValue":"10"}},{"@type":"Person","@id":"https:\/\/dicodusport.fr\/blog\/#\/schema\/person\/55dcb50ad410894e431ed812bbb70191","name":"Nicolas Jacquemard","image":{"@type":"ImageObject","inLanguage":"fr-FR","@id":"https:\/\/dicodusport.fr\/blog\/#\/schema\/person\/image\/","url":"https:\/\/dicodusport.fr\/blog\/wp-content\/uploads\/2021\/05\/Nicolas-Jacquemard-150x150.jpeg","contentUrl":"https:\/\/dicodusport.fr\/blog\/wp-content\/uploads\/2021\/05\/Nicolas-Jacquemard-150x150.jpeg","caption":"Nicolas Jacquemard"},"description":"Passionn\u00e9 de sport et entrepreneur depuis mes 18 ans, la cr\u00e9ation de Dicodusport m'a sembl\u00e9 \u00e9vidente pour participer \u00e0 la m\u00e9diatisation d'un plus grand nombre de sports. Le chemin est long mais avec une \u00e9quipe des plus motiv\u00e9es et les Jeux Olympiques de Paris 2024 en point de mire, nous y arriverons ! Journaliste dans le monde du sport depuis plus de 5 ans, je traite aussi bien de football, de rugby, de biathlon que de cyclisme.","sameAs":["https:\/\/www.facebook.com\/dicodusport","https:\/\/x.com\/https:\/\/twitter.com\/Nico_Jacquemard"],"url":"https:\/\/dicodusport.fr\/blog\/author\/dicodusport\/"}]}},"_links":{"self":[{"href":"https:\/\/dicodusport.fr\/blog\/wp-json\/wp\/v2\/posts\/569079","targetHints":{"allow":["GET"]}}],"collection":[{"href":"https:\/\/dicodusport.fr\/blog\/wp-json\/wp\/v2\/posts"}],"about":[{"href":"https:\/\/dicodusport.fr\/blog\/wp-json\/wp\/v2\/types\/post"}],"author":[{"embeddable":true,"href":"https:\/\/dicodusport.fr\/blog\/wp-json\/wp\/v2\/users\/1"}],"replies":[{"embeddable":true,"href":"https:\/\/dicodusport.fr\/blog\/wp-json\/wp\/v2\/comments?post=569079"}],"version-history":[{"count":4,"href":"https:\/\/dicodusport.fr\/blog\/wp-json\/wp\/v2\/posts\/569079\/revisions"}],"predecessor-version":[{"id":569222,"href":"https:\/\/dicodusport.fr\/blog\/wp-json\/wp\/v2\/posts\/569079\/revisions\/569222"}],"wp:featuredmedia":[{"embeddable":true,"href":"https:\/\/dicodusport.fr\/blog\/wp-json\/wp\/v2\/media\/569082"}],"wp:attachment":[{"href":"https:\/\/dicodusport.fr\/blog\/wp-json\/wp\/v2\/media?parent=569079"}],"wp:term":[{"taxonomy":"category","embeddable":true,"href":"https:\/\/dicodusport.fr\/blog\/wp-json\/wp\/v2\/categories?post=569079"},{"taxonomy":"post_tag","embeddable":true,"href":"https:\/\/dicodusport.fr\/blog\/wp-json\/wp\/v2\/tags?post=569079"}],"curies":[{"name":"wp","href":"https:\/\/api.w.org\/{rel}","templated":true}]}}