{"id":569113,"date":"2025-04-01T18:31:42","date_gmt":"2025-04-01T16:31:42","guid":{"rendered":"https:\/\/dicodusport.fr\/blog\/?p=569113&#038;preview=true&#038;preview_id=569113"},"modified":"2025-04-05T23:34:49","modified_gmt":"2025-04-05T21:34:49","slug":"football-gaetane-thiney-mettra-un-terme-a-sa-carriere-a-lissue-de-la-saison","status":"publish","type":"post","link":"https:\/\/dicodusport.fr\/blog\/football-gaetane-thiney-mettra-un-terme-a-sa-carriere-a-lissue-de-la-saison\/","title":{"rendered":"Football : Ga\u00ebtane Thiney mettra un terme \u00e0 sa carri\u00e8re \u00e0 l&rsquo;issue de la saison"},"content":{"rendered":"<h4 style=\"text-align: justify;\"><em>FOOTBALL &#8211; Apr\u00e8s 25 ans pass\u00e9s dans l\u2019\u00e9lite, Ga\u00ebtane Thiney a annonc\u00e9 mettre un terme \u00e0 sa carri\u00e8re \u00e0 l\u2019issue de cette saison.<\/em><\/h4>\n<blockquote>\n<p style=\"text-align: justify;\">Depuis mes premiers pas sur un terrain en 1990, le football a \u00e9t\u00e9 mon moteur, mon obsession, mon d\u00e9fi quotidien, mon \u00e9cole de vie.<\/p>\n<\/blockquote>\n<p style=\"text-align: justify;\">C\u2019est avec ces mots que d\u00e9bute l\u2019annonce de <strong>Ga\u00ebtane Thiney<\/strong>. Et ce n\u2019est (malheureusement) pas un poisson d\u2019avril. Avec son niveau de jeu actuel, on pensait la voir fouler les terrains de football encore longtemps. Mais l\u2019ancienne internationale fran\u00e7aise (163 s\u00e9lections, 58 buts) a finalement d\u00e9cid\u00e9 de ranger les crampons apr\u00e8s 25 ans pass\u00e9s dans l\u2019\u00c9lite, 35 depuis son apprentissage \u00e0 l&rsquo;ASSE Brienne-le-Ch\u00e2teau.<\/p>\n<blockquote class=\"twitter-tweet\">\n<p dir=\"ltr\" lang=\"und\">\u26bd\ufe0f 1990 \u27a1\ufe0f 2025 \u26bd\ufe0f <a href=\"https:\/\/t.co\/hpEQNcQsAH\">pic.twitter.com\/hpEQNcQsAH<\/a><\/p>\n<p>\u2014 Gaetane Thiney (@GaetaneThiney) <a href=\"https:\/\/twitter.com\/GaetaneThiney\/status\/1907086048988959022?ref_src=twsrc%5Etfw\">April 1, 2025<\/a><\/p><\/blockquote>\n<p><script async src=\"https:\/\/platform.twitter.com\/widgets.js\" charset=\"utf-8\"><\/script><\/p>\n<p style=\"text-align: justify;\">Fid\u00e8le \u00e0 Juvisy depuis 2008, \u00e9lue par deux fois meilleure joueuse du championnat f\u00e9minin (2012, 2014) la capitaine du renomm\u00e9 Paris FC n\u2019a pas encore soulev\u00e9 de titre majeur avec le club. Mais ce dernier est finaliste de la Coupe de France. Les deux voisins parisiens se retrouveront le 3 mai prochain pour la finale avant que <strong>Ga\u00ebtane Thiney<\/strong> et ses co\u00e9quipi\u00e8res n\u2019attaquent les Playoffs d\u2019Arkema Premi\u00e8re Ligue. Voici donc une double occasion de mettre un terme \u00e0 sa carri\u00e8re de la meilleure des mani\u00e8res. Un titre dans l\u2019un ou\/et l\u2019autre serait amplement m\u00e9rit\u00e9.<\/p>\n","protected":false},"excerpt":{"rendered":"<p>FOOTBALL &#8211; Apr\u00e8s 25 ans pass\u00e9s dans l\u2019\u00e9lite, Ga\u00ebtane Thiney a annonc\u00e9 mettre un terme \u00e0 sa carri\u00e8re \u00e0 l\u2019issue de cette saison. Et la capitaine du Paris FC a encore deux gros objectifs en t\u00eate.<\/p>\n","protected":false},"author":18,"featured_media":569115,"comment_status":"open","ping_status":"closed","sticky":false,"template":"","format":"standard","meta":{"_acf_changed":false,"_daextam_enable_autolinks":"1","footnotes":""},"categories":[2301],"tags":[16878,75,6541,3364],"class_list":["post-569113","post","type-post","status-publish","format-standard","has-post-thumbnail","hentry","category-football","tag-breve","tag-football","tag-gaetane-thiney","tag-paris-fc"],"acf":[],"yoast_head":"<!-- This site is optimized with the Yoast SEO Premium plugin v26.7 (Yoast SEO v26.7) - https:\/\/yoast.com\/wordpress\/plugins\/seo\/ -->\n<title>Football : Ga\u00ebtane Thiney mettra un terme \u00e0 sa carri\u00e8re \u00e0 l&#039;issue de la saison<\/title>\n<meta name=\"description\" content=\"FOOTBALL - Apr\u00e8s 25 ans pass\u00e9s dans l\u2019\u00e9lite, Ga\u00ebtane Thiney a annonc\u00e9 mettre un terme \u00e0 sa carri\u00e8re \u00e0 l\u2019issue de la saison.\" \/>\n<meta name=\"robots\" content=\"index, follow, max-snippet:-1, max-image-preview:large, max-video-preview:-1\" \/>\n<link rel=\"canonical\" href=\"https:\/\/dicodusport.fr\/blog\/football-gaetane-thiney-mettra-un-terme-a-sa-carriere-a-lissue-de-la-saison\/\" \/>\n<meta property=\"og:locale\" content=\"fr_FR\" \/>\n<meta property=\"og:type\" content=\"article\" \/>\n<meta property=\"og:title\" content=\"Football : Ga\u00ebtane Thiney mettra un terme \u00e0 sa carri\u00e8re \u00e0 l&#039;issue de la saison\" \/>\n<meta property=\"og:description\" content=\"FOOTBALL - Apr\u00e8s 25 ans pass\u00e9s dans l\u2019\u00e9lite, Ga\u00ebtane Thiney a annonc\u00e9 mettre un terme \u00e0 sa carri\u00e8re \u00e0 l\u2019issue de la saison.\" \/>\n<meta property=\"og:url\" content=\"https:\/\/dicodusport.fr\/blog\/football-gaetane-thiney-mettra-un-terme-a-sa-carriere-a-lissue-de-la-saison\/\" \/>\n<meta property=\"og:site_name\" content=\"Dicodusport\" \/>\n<meta property=\"article:publisher\" content=\"https:\/\/www.facebook.com\/dicodusport\" \/>\n<meta property=\"article:author\" content=\"https:\/\/www.facebook.com\/soocube\" \/>\n<meta property=\"article:published_time\" content=\"2025-04-01T16:31:42+00:00\" \/>\n<meta property=\"article:modified_time\" content=\"2025-04-05T21:34:49+00:00\" \/>\n<meta property=\"og:image\" content=\"https:\/\/dicodusport.fr\/blog\/wp-content\/uploads\/2025\/04\/Football-Gaetane-Thiney-mettra-un-terme-a-sa-carriere-a-lissue-de-la-saison.png\" \/>\n\t<meta property=\"og:image:width\" content=\"1200\" \/>\n\t<meta property=\"og:image:height\" content=\"674\" \/>\n\t<meta property=\"og:image:type\" content=\"image\/png\" \/>\n<meta name=\"author\" content=\"Sophie Clapier\" \/>\n<meta name=\"twitter:card\" content=\"summary_large_image\" \/>\n<meta name=\"twitter:title\" content=\"Football : Ga\u00ebtane Thiney mettra un terme \u00e0 sa carri\u00e8re \u00e0 l&#039;issue de la saison\" \/>\n<meta name=\"twitter:creator\" content=\"@https:\/\/twitter.com\/soocube\" \/>\n<meta name=\"twitter:site\" content=\"@dicodusport\" \/>\n<script type=\"application\/ld+json\" class=\"yoast-schema-graph\">{\"@context\":\"https:\/\/schema.org\",\"@graph\":[{\"@type\":\"NewsArticle\",\"@id\":\"https:\/\/dicodusport.fr\/blog\/football-gaetane-thiney-mettra-un-terme-a-sa-carriere-a-lissue-de-la-saison\/#article\",\"isPartOf\":{\"@id\":\"https:\/\/dicodusport.fr\/blog\/football-gaetane-thiney-mettra-un-terme-a-sa-carriere-a-lissue-de-la-saison\/\"},\"author\":{\"name\":\"Sophie Clapier\",\"@id\":\"https:\/\/dicodusport.fr\/blog\/#\/schema\/person\/416c975648aca9da8839bdfe333a21c9\"},\"headline\":\"Football : Ga\u00ebtane Thiney mettra un terme \u00e0 sa carri\u00e8re \u00e0 l&rsquo;issue de la saison\",\"datePublished\":\"2025-04-01T16:31:42+00:00\",\"dateModified\":\"2025-04-05T21:34:49+00:00\",\"mainEntityOfPage\":{\"@id\":\"https:\/\/dicodusport.fr\/blog\/football-gaetane-thiney-mettra-un-terme-a-sa-carriere-a-lissue-de-la-saison\/\"},\"wordCount\":249,\"commentCount\":0,\"publisher\":{\"@id\":\"https:\/\/dicodusport.fr\/blog\/#organization\"},\"image\":{\"@id\":\"https:\/\/dicodusport.fr\/blog\/football-gaetane-thiney-mettra-un-terme-a-sa-carriere-a-lissue-de-la-saison\/#primaryimage\"},\"thumbnailUrl\":\"https:\/\/dicodusport.fr\/blog\/wp-content\/uploads\/2025\/04\/Football-Gaetane-Thiney-mettra-un-terme-a-sa-carriere-a-lissue-de-la-saison.png\",\"keywords\":[\"br\u00e8ve\",\"Football\",\"Ga\u00ebtane Thiney\",\"Paris FC\"],\"articleSection\":[\"Football\"],\"inLanguage\":\"fr-FR\",\"potentialAction\":[{\"@type\":\"CommentAction\",\"name\":\"Comment\",\"target\":[\"https:\/\/dicodusport.fr\/blog\/football-gaetane-thiney-mettra-un-terme-a-sa-carriere-a-lissue-de-la-saison\/#respond\"]}],\"copyrightYear\":\"2025\",\"copyrightHolder\":{\"@id\":\"https:\/\/dicodusport.fr\/blog\/#organization\"}},{\"@type\":\"WebPage\",\"@id\":\"https:\/\/dicodusport.fr\/blog\/football-gaetane-thiney-mettra-un-terme-a-sa-carriere-a-lissue-de-la-saison\/\",\"url\":\"https:\/\/dicodusport.fr\/blog\/football-gaetane-thiney-mettra-un-terme-a-sa-carriere-a-lissue-de-la-saison\/\",\"name\":\"Football : Ga\u00ebtane Thiney mettra un terme \u00e0 sa carri\u00e8re \u00e0 l'issue de la saison\",\"isPartOf\":{\"@id\":\"https:\/\/dicodusport.fr\/blog\/#website\"},\"primaryImageOfPage\":{\"@id\":\"https:\/\/dicodusport.fr\/blog\/football-gaetane-thiney-mettra-un-terme-a-sa-carriere-a-lissue-de-la-saison\/#primaryimage\"},\"image\":{\"@id\":\"https:\/\/dicodusport.fr\/blog\/football-gaetane-thiney-mettra-un-terme-a-sa-carriere-a-lissue-de-la-saison\/#primaryimage\"},\"thumbnailUrl\":\"https:\/\/dicodusport.fr\/blog\/wp-content\/uploads\/2025\/04\/Football-Gaetane-Thiney-mettra-un-terme-a-sa-carriere-a-lissue-de-la-saison.png\",\"datePublished\":\"2025-04-01T16:31:42+00:00\",\"dateModified\":\"2025-04-05T21:34:49+00:00\",\"description\":\"FOOTBALL - Apr\u00e8s 25 ans pass\u00e9s dans l\u2019\u00e9lite, Ga\u00ebtane Thiney a annonc\u00e9 mettre un terme \u00e0 sa carri\u00e8re \u00e0 l\u2019issue de la saison.\",\"breadcrumb\":{\"@id\":\"https:\/\/dicodusport.fr\/blog\/football-gaetane-thiney-mettra-un-terme-a-sa-carriere-a-lissue-de-la-saison\/#breadcrumb\"},\"inLanguage\":\"fr-FR\",\"potentialAction\":[{\"@type\":\"ReadAction\",\"target\":[\"https:\/\/dicodusport.fr\/blog\/football-gaetane-thiney-mettra-un-terme-a-sa-carriere-a-lissue-de-la-saison\/\"]}]},{\"@type\":\"ImageObject\",\"inLanguage\":\"fr-FR\",\"@id\":\"https:\/\/dicodusport.fr\/blog\/football-gaetane-thiney-mettra-un-terme-a-sa-carriere-a-lissue-de-la-saison\/#primaryimage\",\"url\":\"https:\/\/dicodusport.fr\/blog\/wp-content\/uploads\/2025\/04\/Football-Gaetane-Thiney-mettra-un-terme-a-sa-carriere-a-lissue-de-la-saison.png\",\"contentUrl\":\"https:\/\/dicodusport.fr\/blog\/wp-content\/uploads\/2025\/04\/Football-Gaetane-Thiney-mettra-un-terme-a-sa-carriere-a-lissue-de-la-saison.png\",\"width\":1200,\"height\":674,\"caption\":\"Football Ga\u00ebtane Thiney mettra un terme \u00e0 sa carri\u00e8re \u00e0 l'issue de la saison\"},{\"@type\":\"BreadcrumbList\",\"@id\":\"https:\/\/dicodusport.fr\/blog\/football-gaetane-thiney-mettra-un-terme-a-sa-carriere-a-lissue-de-la-saison\/#breadcrumb\",\"itemListElement\":[{\"@type\":\"ListItem\",\"position\":1,\"name\":\"Accueil\",\"item\":\"https:\/\/dicodusport.fr\/blog\/\"},{\"@type\":\"ListItem\",\"position\":2,\"name\":\"Football : Ga\u00ebtane Thiney mettra un terme \u00e0 sa carri\u00e8re \u00e0 l&rsquo;issue de la saison\"}]},{\"@type\":\"WebSite\",\"@id\":\"https:\/\/dicodusport.fr\/blog\/#website\",\"url\":\"https:\/\/dicodusport.fr\/blog\/\",\"name\":\"Dicodusport\",\"description\":\"L&#039;encyclop\u00e9die de l&#039;actualit\u00e9 sportive\",\"publisher\":{\"@id\":\"https:\/\/dicodusport.fr\/blog\/#organization\"},\"potentialAction\":[{\"@type\":\"SearchAction\",\"target\":{\"@type\":\"EntryPoint\",\"urlTemplate\":\"https:\/\/dicodusport.fr\/blog\/?s={search_term_string}\"},\"query-input\":{\"@type\":\"PropertyValueSpecification\",\"valueRequired\":true,\"valueName\":\"search_term_string\"}}],\"inLanguage\":\"fr-FR\"},{\"@type\":\"NewsMediaOrganization\",\"@id\":\"https:\/\/dicodusport.fr\/blog\/#organization\",\"name\":\"Dicodusport\",\"url\":\"https:\/\/dicodusport.fr\/blog\/\",\"logo\":{\"@type\":\"ImageObject\",\"inLanguage\":\"fr-FR\",\"@id\":\"https:\/\/dicodusport.fr\/blog\/#\/schema\/logo\/image\/\",\"url\":\"https:\/\/dicodusport.fr\/blog\/wp-content\/uploads\/2020\/06\/cropped-LOGO-DICODUSPORT-2020-SANS-FOND-SANS-TEXTE.png\",\"contentUrl\":\"https:\/\/dicodusport.fr\/blog\/wp-content\/uploads\/2020\/06\/cropped-LOGO-DICODUSPORT-2020-SANS-FOND-SANS-TEXTE.png\",\"width\":512,\"height\":512,\"caption\":\"Dicodusport\"},\"image\":{\"@id\":\"https:\/\/dicodusport.fr\/blog\/#\/schema\/logo\/image\/\"},\"sameAs\":[\"https:\/\/www.facebook.com\/dicodusport\",\"https:\/\/x.com\/dicodusport\",\"https:\/\/www.instagram.com\/dicodusport\/\",\"https:\/\/www.youtube.com\/channel\/UC7V2KZ5sd3htJivAbA4ZG3w\"],\"description\":\"Dicodusport est l'encyclop\u00e9die de l'actualit\u00e9 sportive.\",\"email\":\"bonjour@dicodusport.fr\",\"legalName\":\"DICODUSPORT\",\"foundingDate\":\"2018-01-14\",\"vatID\":\"FR71834470973\",\"taxID\":\"83447097300043\",\"numberOfEmployees\":{\"@type\":\"QuantitativeValue\",\"minValue\":\"1\",\"maxValue\":\"10\"}},{\"@type\":\"Person\",\"@id\":\"https:\/\/dicodusport.fr\/blog\/#\/schema\/person\/416c975648aca9da8839bdfe333a21c9\",\"name\":\"Sophie Clapier\",\"image\":{\"@type\":\"ImageObject\",\"inLanguage\":\"fr-FR\",\"@id\":\"https:\/\/dicodusport.fr\/blog\/#\/schema\/person\/image\/\",\"url\":\"https:\/\/dicodusport.fr\/blog\/wp-content\/uploads\/2021\/05\/Sophie-Clapier-150x150.jpg\",\"contentUrl\":\"https:\/\/dicodusport.fr\/blog\/wp-content\/uploads\/2021\/05\/Sophie-Clapier-150x150.jpg\",\"caption\":\"Sophie Clapier\"},\"description\":\"Journaliste\/r\u00e9dactrice depuis janvier 2016 - Passionn\u00e9e de sport depuis toujours, j\u2019en ai pratiqu\u00e9 quelques-uns. Judo, football, handball ou encore tennis, je n\u2019ai jamais pu me mettre d\u2019accord sur un en particulier. Mais \u00e7a, c\u2019\u00e9tait avant de d\u00e9couvrir le basket, devenu mon sport de pr\u00e9dilection. Les actions NBA, le All-Star Week-end, la fureur des Game 7 pendant les playoffs ou mieux, lors des Finals, this is why we play. Team Spurs T.P, je m\u2019accroche encore \u00e0 Gregg Popovich (don\u2019t leave !). Team chef Curry, je souhaite qu\u2019il finisse aux Warriors (staaaay !). Non, il n\u2019y a pas qu\u2019eux, des petits nouveaux -et des petites nouvelles \u00e9videmment- arrivent chaque jour dans toutes les disciplines et cr\u00e9ent de nouveaux exploits. Alors pour les grands \u00e9v\u00e9nements et comp\u00e9titions internationales, vive les pulsations 240\/minutes et le d\u00e9fibrillateur pas loin, et allez les Bleu(e)s ! C\u2019est s\u00fbr, j\u2019aurai plus vu ma vie sur un terrain de sport, mais \u00e0 d\u00e9faut d\u2019en faire en haut niveau, je le partage avec vous.\",\"sameAs\":[\"https:\/\/www.facebook.com\/soocube\",\"https:\/\/x.com\/https:\/\/twitter.com\/soocube\",\"admin\"],\"url\":\"https:\/\/dicodusport.fr\/blog\/author\/sophie\/\"}]}<\/script>\n<!-- \/ Yoast SEO Premium plugin. -->","yoast_head_json":{"title":"Football : Ga\u00ebtane Thiney mettra un terme \u00e0 sa carri\u00e8re \u00e0 l'issue de la saison","description":"FOOTBALL - Apr\u00e8s 25 ans pass\u00e9s dans l\u2019\u00e9lite, Ga\u00ebtane Thiney a annonc\u00e9 mettre un terme \u00e0 sa carri\u00e8re \u00e0 l\u2019issue de la saison.","robots":{"index":"index","follow":"follow","max-snippet":"max-snippet:-1","max-image-preview":"max-image-preview:large","max-video-preview":"max-video-preview:-1"},"canonical":"https:\/\/dicodusport.fr\/blog\/football-gaetane-thiney-mettra-un-terme-a-sa-carriere-a-lissue-de-la-saison\/","og_locale":"fr_FR","og_type":"article","og_title":"Football : Ga\u00ebtane Thiney mettra un terme \u00e0 sa carri\u00e8re \u00e0 l'issue de la saison","og_description":"FOOTBALL - Apr\u00e8s 25 ans pass\u00e9s dans l\u2019\u00e9lite, Ga\u00ebtane Thiney a annonc\u00e9 mettre un terme \u00e0 sa carri\u00e8re \u00e0 l\u2019issue de la saison.","og_url":"https:\/\/dicodusport.fr\/blog\/football-gaetane-thiney-mettra-un-terme-a-sa-carriere-a-lissue-de-la-saison\/","og_site_name":"Dicodusport","article_publisher":"https:\/\/www.facebook.com\/dicodusport","article_author":"https:\/\/www.facebook.com\/soocube","article_published_time":"2025-04-01T16:31:42+00:00","article_modified_time":"2025-04-05T21:34:49+00:00","og_image":[{"width":1200,"height":674,"url":"https:\/\/dicodusport.fr\/blog\/wp-content\/uploads\/2025\/04\/Football-Gaetane-Thiney-mettra-un-terme-a-sa-carriere-a-lissue-de-la-saison.png","type":"image\/png"}],"author":"Sophie Clapier","twitter_card":"summary_large_image","twitter_title":"Football : Ga\u00ebtane Thiney mettra un terme \u00e0 sa carri\u00e8re \u00e0 l'issue de la saison","twitter_creator":"@https:\/\/twitter.com\/soocube","twitter_site":"@dicodusport","schema":{"@context":"https:\/\/schema.org","@graph":[{"@type":"NewsArticle","@id":"https:\/\/dicodusport.fr\/blog\/football-gaetane-thiney-mettra-un-terme-a-sa-carriere-a-lissue-de-la-saison\/#article","isPartOf":{"@id":"https:\/\/dicodusport.fr\/blog\/football-gaetane-thiney-mettra-un-terme-a-sa-carriere-a-lissue-de-la-saison\/"},"author":{"name":"Sophie Clapier","@id":"https:\/\/dicodusport.fr\/blog\/#\/schema\/person\/416c975648aca9da8839bdfe333a21c9"},"headline":"Football : Ga\u00ebtane Thiney mettra un terme \u00e0 sa carri\u00e8re \u00e0 l&rsquo;issue de la saison","datePublished":"2025-04-01T16:31:42+00:00","dateModified":"2025-04-05T21:34:49+00:00","mainEntityOfPage":{"@id":"https:\/\/dicodusport.fr\/blog\/football-gaetane-thiney-mettra-un-terme-a-sa-carriere-a-lissue-de-la-saison\/"},"wordCount":249,"commentCount":0,"publisher":{"@id":"https:\/\/dicodusport.fr\/blog\/#organization"},"image":{"@id":"https:\/\/dicodusport.fr\/blog\/football-gaetane-thiney-mettra-un-terme-a-sa-carriere-a-lissue-de-la-saison\/#primaryimage"},"thumbnailUrl":"https:\/\/dicodusport.fr\/blog\/wp-content\/uploads\/2025\/04\/Football-Gaetane-Thiney-mettra-un-terme-a-sa-carriere-a-lissue-de-la-saison.png","keywords":["br\u00e8ve","Football","Ga\u00ebtane Thiney","Paris FC"],"articleSection":["Football"],"inLanguage":"fr-FR","potentialAction":[{"@type":"CommentAction","name":"Comment","target":["https:\/\/dicodusport.fr\/blog\/football-gaetane-thiney-mettra-un-terme-a-sa-carriere-a-lissue-de-la-saison\/#respond"]}],"copyrightYear":"2025","copyrightHolder":{"@id":"https:\/\/dicodusport.fr\/blog\/#organization"}},{"@type":"WebPage","@id":"https:\/\/dicodusport.fr\/blog\/football-gaetane-thiney-mettra-un-terme-a-sa-carriere-a-lissue-de-la-saison\/","url":"https:\/\/dicodusport.fr\/blog\/football-gaetane-thiney-mettra-un-terme-a-sa-carriere-a-lissue-de-la-saison\/","name":"Football : Ga\u00ebtane Thiney mettra un terme \u00e0 sa carri\u00e8re \u00e0 l'issue de la saison","isPartOf":{"@id":"https:\/\/dicodusport.fr\/blog\/#website"},"primaryImageOfPage":{"@id":"https:\/\/dicodusport.fr\/blog\/football-gaetane-thiney-mettra-un-terme-a-sa-carriere-a-lissue-de-la-saison\/#primaryimage"},"image":{"@id":"https:\/\/dicodusport.fr\/blog\/football-gaetane-thiney-mettra-un-terme-a-sa-carriere-a-lissue-de-la-saison\/#primaryimage"},"thumbnailUrl":"https:\/\/dicodusport.fr\/blog\/wp-content\/uploads\/2025\/04\/Football-Gaetane-Thiney-mettra-un-terme-a-sa-carriere-a-lissue-de-la-saison.png","datePublished":"2025-04-01T16:31:42+00:00","dateModified":"2025-04-05T21:34:49+00:00","description":"FOOTBALL - Apr\u00e8s 25 ans pass\u00e9s dans l\u2019\u00e9lite, Ga\u00ebtane Thiney a annonc\u00e9 mettre un terme \u00e0 sa carri\u00e8re \u00e0 l\u2019issue de la saison.","breadcrumb":{"@id":"https:\/\/dicodusport.fr\/blog\/football-gaetane-thiney-mettra-un-terme-a-sa-carriere-a-lissue-de-la-saison\/#breadcrumb"},"inLanguage":"fr-FR","potentialAction":[{"@type":"ReadAction","target":["https:\/\/dicodusport.fr\/blog\/football-gaetane-thiney-mettra-un-terme-a-sa-carriere-a-lissue-de-la-saison\/"]}]},{"@type":"ImageObject","inLanguage":"fr-FR","@id":"https:\/\/dicodusport.fr\/blog\/football-gaetane-thiney-mettra-un-terme-a-sa-carriere-a-lissue-de-la-saison\/#primaryimage","url":"https:\/\/dicodusport.fr\/blog\/wp-content\/uploads\/2025\/04\/Football-Gaetane-Thiney-mettra-un-terme-a-sa-carriere-a-lissue-de-la-saison.png","contentUrl":"https:\/\/dicodusport.fr\/blog\/wp-content\/uploads\/2025\/04\/Football-Gaetane-Thiney-mettra-un-terme-a-sa-carriere-a-lissue-de-la-saison.png","width":1200,"height":674,"caption":"Football Ga\u00ebtane Thiney mettra un terme \u00e0 sa carri\u00e8re \u00e0 l'issue de la saison"},{"@type":"BreadcrumbList","@id":"https:\/\/dicodusport.fr\/blog\/football-gaetane-thiney-mettra-un-terme-a-sa-carriere-a-lissue-de-la-saison\/#breadcrumb","itemListElement":[{"@type":"ListItem","position":1,"name":"Accueil","item":"https:\/\/dicodusport.fr\/blog\/"},{"@type":"ListItem","position":2,"name":"Football : Ga\u00ebtane Thiney mettra un terme \u00e0 sa carri\u00e8re \u00e0 l&rsquo;issue de la saison"}]},{"@type":"WebSite","@id":"https:\/\/dicodusport.fr\/blog\/#website","url":"https:\/\/dicodusport.fr\/blog\/","name":"Dicodusport","description":"L&#039;encyclop\u00e9die de l&#039;actualit\u00e9 sportive","publisher":{"@id":"https:\/\/dicodusport.fr\/blog\/#organization"},"potentialAction":[{"@type":"SearchAction","target":{"@type":"EntryPoint","urlTemplate":"https:\/\/dicodusport.fr\/blog\/?s={search_term_string}"},"query-input":{"@type":"PropertyValueSpecification","valueRequired":true,"valueName":"search_term_string"}}],"inLanguage":"fr-FR"},{"@type":"NewsMediaOrganization","@id":"https:\/\/dicodusport.fr\/blog\/#organization","name":"Dicodusport","url":"https:\/\/dicodusport.fr\/blog\/","logo":{"@type":"ImageObject","inLanguage":"fr-FR","@id":"https:\/\/dicodusport.fr\/blog\/#\/schema\/logo\/image\/","url":"https:\/\/dicodusport.fr\/blog\/wp-content\/uploads\/2020\/06\/cropped-LOGO-DICODUSPORT-2020-SANS-FOND-SANS-TEXTE.png","contentUrl":"https:\/\/dicodusport.fr\/blog\/wp-content\/uploads\/2020\/06\/cropped-LOGO-DICODUSPORT-2020-SANS-FOND-SANS-TEXTE.png","width":512,"height":512,"caption":"Dicodusport"},"image":{"@id":"https:\/\/dicodusport.fr\/blog\/#\/schema\/logo\/image\/"},"sameAs":["https:\/\/www.facebook.com\/dicodusport","https:\/\/x.com\/dicodusport","https:\/\/www.instagram.com\/dicodusport\/","https:\/\/www.youtube.com\/channel\/UC7V2KZ5sd3htJivAbA4ZG3w"],"description":"Dicodusport est l'encyclop\u00e9die de l'actualit\u00e9 sportive.","email":"bonjour@dicodusport.fr","legalName":"DICODUSPORT","foundingDate":"2018-01-14","vatID":"FR71834470973","taxID":"83447097300043","numberOfEmployees":{"@type":"QuantitativeValue","minValue":"1","maxValue":"10"}},{"@type":"Person","@id":"https:\/\/dicodusport.fr\/blog\/#\/schema\/person\/416c975648aca9da8839bdfe333a21c9","name":"Sophie Clapier","image":{"@type":"ImageObject","inLanguage":"fr-FR","@id":"https:\/\/dicodusport.fr\/blog\/#\/schema\/person\/image\/","url":"https:\/\/dicodusport.fr\/blog\/wp-content\/uploads\/2021\/05\/Sophie-Clapier-150x150.jpg","contentUrl":"https:\/\/dicodusport.fr\/blog\/wp-content\/uploads\/2021\/05\/Sophie-Clapier-150x150.jpg","caption":"Sophie Clapier"},"description":"Journaliste\/r\u00e9dactrice depuis janvier 2016 - Passionn\u00e9e de sport depuis toujours, j\u2019en ai pratiqu\u00e9 quelques-uns. Judo, football, handball ou encore tennis, je n\u2019ai jamais pu me mettre d\u2019accord sur un en particulier. Mais \u00e7a, c\u2019\u00e9tait avant de d\u00e9couvrir le basket, devenu mon sport de pr\u00e9dilection. Les actions NBA, le All-Star Week-end, la fureur des Game 7 pendant les playoffs ou mieux, lors des Finals, this is why we play. Team Spurs T.P, je m\u2019accroche encore \u00e0 Gregg Popovich (don\u2019t leave !). Team chef Curry, je souhaite qu\u2019il finisse aux Warriors (staaaay !). Non, il n\u2019y a pas qu\u2019eux, des petits nouveaux -et des petites nouvelles \u00e9videmment- arrivent chaque jour dans toutes les disciplines et cr\u00e9ent de nouveaux exploits. Alors pour les grands \u00e9v\u00e9nements et comp\u00e9titions internationales, vive les pulsations 240\/minutes et le d\u00e9fibrillateur pas loin, et allez les Bleu(e)s ! C\u2019est s\u00fbr, j\u2019aurai plus vu ma vie sur un terrain de sport, mais \u00e0 d\u00e9faut d\u2019en faire en haut niveau, je le partage avec vous.","sameAs":["https:\/\/www.facebook.com\/soocube","https:\/\/x.com\/https:\/\/twitter.com\/soocube","admin"],"url":"https:\/\/dicodusport.fr\/blog\/author\/sophie\/"}]}},"_links":{"self":[{"href":"https:\/\/dicodusport.fr\/blog\/wp-json\/wp\/v2\/posts\/569113","targetHints":{"allow":["GET"]}}],"collection":[{"href":"https:\/\/dicodusport.fr\/blog\/wp-json\/wp\/v2\/posts"}],"about":[{"href":"https:\/\/dicodusport.fr\/blog\/wp-json\/wp\/v2\/types\/post"}],"author":[{"embeddable":true,"href":"https:\/\/dicodusport.fr\/blog\/wp-json\/wp\/v2\/users\/18"}],"replies":[{"embeddable":true,"href":"https:\/\/dicodusport.fr\/blog\/wp-json\/wp\/v2\/comments?post=569113"}],"version-history":[{"count":4,"href":"https:\/\/dicodusport.fr\/blog\/wp-json\/wp\/v2\/posts\/569113\/revisions"}],"predecessor-version":[{"id":570250,"href":"https:\/\/dicodusport.fr\/blog\/wp-json\/wp\/v2\/posts\/569113\/revisions\/570250"}],"wp:featuredmedia":[{"embeddable":true,"href":"https:\/\/dicodusport.fr\/blog\/wp-json\/wp\/v2\/media\/569115"}],"wp:attachment":[{"href":"https:\/\/dicodusport.fr\/blog\/wp-json\/wp\/v2\/media?parent=569113"}],"wp:term":[{"taxonomy":"category","embeddable":true,"href":"https:\/\/dicodusport.fr\/blog\/wp-json\/wp\/v2\/categories?post=569113"},{"taxonomy":"post_tag","embeddable":true,"href":"https:\/\/dicodusport.fr\/blog\/wp-json\/wp\/v2\/tags?post=569113"}],"curies":[{"name":"wp","href":"https:\/\/api.w.org\/{rel}","templated":true}]}}