{"id":569345,"date":"2025-04-03T08:00:58","date_gmt":"2025-04-03T06:00:58","guid":{"rendered":"https:\/\/dicodusport.fr\/blog\/?p=569345&#038;preview=true&#038;preview_id=569345"},"modified":"2025-04-03T15:47:39","modified_gmt":"2025-04-03T13:47:39","slug":"pau-bath-compositions-chaine-tv-et-heure","status":"publish","type":"post","link":"https:\/\/dicodusport.fr\/blog\/pau-bath-compositions-chaine-tv-et-heure\/","title":{"rendered":"Pau-Bath : Compositions, Cha\u00eene TV et Heure"},"content":{"rendered":"<h4 style=\"text-align: justify;\"><em>\u00c0 quelle heure et sur quelle cha\u00eene TV suivre le 8\u00e8me de finale de Challenge Cup entre Pau et Bath ? Retrouvez \u00e9galement les compositions des deux \u00e9quipes.<\/em><\/h4>\n<ul style=\"text-align: justify;\">\n<li style=\"text-align: justify;\"><strong>\u00c0 ce sujet &#8211;\u00a0Phase finale Challenge Cup : Le tableau complet<\/strong><\/li>\n<\/ul>\n<p style=\"text-align: justify;\">Le <strong>8\u00e8me de finale de la Challenge Cup<\/strong> entre la <a href=\"https:\/\/dicodusport.fr\/blog\/transferts-section-paloise-2025-arrivees-departs-et-prolongations\/\"><strong>Section Paloise<\/strong><\/a> et <strong>Bath Rugby<\/strong> se d\u00e9roule ce <strong>vendredi 4 avril<\/strong> <strong>2025<\/strong>, \u00e0 21 heures. Ce match promet un affrontement int\u00e9ressant entre une \u00e9quipe fran\u00e7aise en qu\u00eate de constance et un club anglais aux ambitions europ\u00e9ennes affirm\u00e9es.<\/p>\n<p style=\"text-align: justify;\">La <strong>Section Paloise<\/strong> a montr\u00e9 de belles choses en phase de poules, mais manque parfois de r\u00e9gularit\u00e9. En <strong>Top 14<\/strong>, le club b\u00e9arnais occupe <a href=\"https:\/\/dicodusport.fr\/blog\/classement-top-14-2024-2025\/\">la 9\u00e8me place du classement<\/a>, avec un bilan de neuf succ\u00e8s pour onze d\u00e9faites. Ce match \u00e0 domicile est une opportunit\u00e9 en or pour continuer son aventure en Challenge Cup.<\/p>\n<p style=\"text-align: justify;\">En face, <strong>Bath<\/strong> a davantage d&rsquo;exp\u00e9rience en Coupe d&rsquo;Europe. Le club anglais veut jouer les premiers r\u00f4les et a des arguments solides pour s&rsquo;imposer, m\u00eame \u00e0 l&rsquo;ext\u00e9rieur. Sous la houlette de leur ma\u00eetre \u00e0 jouer, <strong>Finn Russell<\/strong>, les pensionnaires du The Recreation Ground occupent la premi\u00e8re place au classement de la <strong>Premiership<\/strong>. \u00c0 noter que l&rsquo;ouvreur \u00e9cossais sera absent ce vendredi.<\/p>\n<p style=\"text-align: justify;\">Les deux \u00e9quipes se sont rencontr\u00e9es \u00e0 deux reprises : c&rsquo;\u00e9tait lors de la Challenge Cup 2016-2017, avec une double confrontation remport\u00e9e par les Anglais, 22-25 \u00e0 Pau, 69-10 en Angleterre.<\/p>\n<h2 style=\"text-align: justify;\">Pau &#8211; Bath : \u00c0 quelle heure et sur quelle cha\u00eene TV suivre le match ?<\/h2>\n<p style=\"text-align: justify;\">Match \u00e0 suivre ce <strong>vendredi 4 avril 2025 \u00e0 21h00<\/strong>, sur <b>beIN Sports Max 10<\/b>.<\/p>\n<h2 style=\"text-align: justify;\">Les compositions de Pau &#8211; Bath<\/h2>\n<h3 style=\"text-align: justify;\">La composition de Pau<\/h3>\n<p style=\"text-align: justify;\"><strong>Le XV de d\u00e9part<\/strong> : 15. Luc ; 14. Roudil (cap), 13. Klemenczak, 12. Brau-Boirie, 11. Grandidier-Nkanang ; 10. Desp\u00e9r\u00e8s, 9. Souverbie ; 7. Hamonou, 8. Tuipulotu, 6. Kpoku ; 5. Tagitagivalu, 4. Jolmes ; 3. Williams, 2. Delhommel, 1. Calles.<\/p>\n<p style=\"text-align: justify;\"><strong>Rempla\u00e7ants<\/strong> : 16. Ruffenach, 17. Parrou, 18. Tokolahi, 19. Picquette, 20. Maximin, 21. Hewat, 22. Robson, 23. Manu.<\/p>\n<h3 style=\"text-align: justify;\">La composition de Bath<\/h3>\n<p style=\"text-align: justify;\"><strong>Le XV de d\u00e9part :<\/strong> 15. McConnochie\u00a0; 14. Cokanasiga, 13. Ojomoh, 12. Butt, 11. Muir\u00a0; 10. Donoghue, 9. Spencer (cap)\u00a0; 7. Underhill, 8. Reid, 6. Bayliss\u00a0; 5. Molony, 4. Roux\u00a0; 3. Griffin, 2. Dunn, 1. Obano.<\/p>\n<p style=\"text-align: justify;\"><strong>Rempla\u00e7ants<\/strong> : 16. Tuipulotu, 17. Van Wyk, 18. Verden, 19. Richards, 20. Hill, 21. Carr-Smith, 22. Bailey, 23. Coetzee.<\/p>\n<h2 style=\"text-align: justify;\">Les cotes de Pau &#8211; Bath<\/h2>\n<table style=\"width: 800px;\">\n<tbody>\n<tr style=\"height: 16px;\">\n<td style=\"background-color: #404040; text-align: left; border-color: #ededed; width: 500px;\" colspan=\"3\"><span style=\"font-size: 12px; color: #ffffff;\">Vendredi 4 avril 2025, 21h00<\/span><\/td>\n<\/tr>\n<tr style=\"height: 24px;\">\n<td style=\"background-color: #ffffff; border-color: #ededed; vertical-align: middle; text-align: center; width: 266px;\"><span style=\"font-size: 14px;\"><b>Pau<br \/>\n<\/b><\/span><span style=\"font-size: 10px;\"><a href=\"https:\/\/www.winamax.fr\/paris-sportifs\/match\/57409137?banid=33423\" class=\"su-button su-button-style-flat su-button-wide\" style=\"color:#fff;background-color:#000;border-color:#000000;border-radius:5px\" target=\"_blank\" rel=\"noopener noreferrer\"><span style=\"color:#fff;padding:0px 20px;font-size:16px;line-height:32px;border-color:#4d4d4d;border-radius:5px;text-shadow:none\"> 3.45<\/span><\/a><\/span><\/td>\n<td style=\"background-color: #ffffff; border-color: #ededed; vertical-align: middle; text-align: center; width: 266px;\"><span style=\"font-size: 10px;\"><span style=\"font-size: 14px;\"><strong>Match nul<\/strong><\/span><br \/>\n<a href=\"https:\/\/www.winamax.fr\/paris-sportifs\/match\/57409137?banid=33423\" class=\"su-button su-button-style-flat su-button-wide\" style=\"color:#fff;background-color:#000;border-color:#000000;border-radius:5px\" target=\"_blank\" rel=\"noopener noreferrer\"><span style=\"color:#fff;padding:0px 20px;font-size:16px;line-height:32px;border-color:#4d4d4d;border-radius:5px;text-shadow:none\"> 20<\/span><\/a><\/span><\/td>\n<td style=\"background-color: #ffffff; border-color: #ededed; vertical-align: middle; text-align: center; width: 266px;\"><span style=\"font-size: 10px;\"><span style=\"font-size: 14px;\"><b>Bath<\/b><\/span><br \/>\n<a href=\"https:\/\/www.winamax.fr\/paris-sportifs\/match\/57409137?banid=33423\" class=\"su-button su-button-style-flat su-button-wide\" style=\"color:#fff;background-color:#000;border-color:#000000;border-radius:5px\" target=\"_blank\" rel=\"noopener noreferrer\"><span style=\"color:#fff;padding:0px 20px;font-size:16px;line-height:32px;border-color:#4d4d4d;border-radius:5px;text-shadow:none\"> 1.23<\/span><\/a><\/span><\/td>\n<\/tr>\n<\/tbody>\n<\/table>\n<p style=\"text-align: justify;\">Tentez votre chance en profitant de votre <a href=\"https:\/\/www.winamax.fr\/registration\/landing\/affiliation_Bonus100?banid=33423\">1er d\u00e9p\u00f4t doubl\u00e9 jusqu&rsquo;\u00e0 100 \u20ac<\/a> direct en paris gratuits sur Winamax !<\/p>\n<p style=\"text-align: justify;\">\n","protected":false},"excerpt":{"rendered":"<p>\u00c0 quelle heure et sur quelle cha\u00eene TV suivre le 8\u00e8me de finale de Challenge Cup entre Pau et Bath ? Retrouvez \u00e9galement les compositions des deux \u00e9quipes.<\/p>\n","protected":false},"author":4,"featured_media":569500,"comment_status":"open","ping_status":"closed","sticky":false,"template":"","format":"standard","meta":{"_acf_changed":false,"_daextam_enable_autolinks":"1","footnotes":""},"categories":[44295,9129],"tags":[7033,16878,4299,1093,1092],"class_list":["post-569345","post","type-post","status-publish","format-standard","has-post-thumbnail","hentry","category-chaine-tv","category-rugby-a-xv","tag-bath","tag-breve","tag-challenge-cup","tag-pau","tag-section-paloise"],"acf":[],"yoast_head":"<!-- This site is optimized with the Yoast SEO Premium plugin v26.7 (Yoast SEO v26.7) - https:\/\/yoast.com\/wordpress\/plugins\/seo\/ -->\n<title>Pau-Bath : Compositions, Cha\u00eene TV et Heure<\/title>\n<meta name=\"description\" content=\"\u00c0 quelle heure et sur quelle cha\u00eene TV suivre le 8\u00e8me de finale de Challenge Cup entre Pau et Bath ? Retrouvez \u00e9galement les compositions des deux \u00e9quipes.\" \/>\n<meta name=\"robots\" content=\"index, follow, max-snippet:-1, max-image-preview:large, max-video-preview:-1\" \/>\n<link rel=\"canonical\" href=\"https:\/\/dicodusport.fr\/blog\/pau-bath-compositions-chaine-tv-et-heure\/\" \/>\n<meta property=\"og:locale\" content=\"fr_FR\" \/>\n<meta property=\"og:type\" content=\"article\" \/>\n<meta property=\"og:title\" content=\"Pau-Bath : Compositions, Cha\u00eene TV et Heure\" \/>\n<meta property=\"og:description\" content=\"\u00c0 quelle heure et sur quelle cha\u00eene TV suivre le 8\u00e8me de finale de Challenge Cup entre Pau et Bath ? Retrouvez \u00e9galement les compositions des deux \u00e9quipes.\" \/>\n<meta property=\"og:url\" content=\"https:\/\/dicodusport.fr\/blog\/pau-bath-compositions-chaine-tv-et-heure\/\" \/>\n<meta property=\"og:site_name\" content=\"Dicodusport\" \/>\n<meta property=\"article:publisher\" content=\"https:\/\/www.facebook.com\/dicodusport\" \/>\n<meta property=\"article:author\" content=\"https:\/\/www.facebook.com\/florent.ostermann\" \/>\n<meta property=\"article:published_time\" content=\"2025-04-03T06:00:58+00:00\" \/>\n<meta property=\"article:modified_time\" content=\"2025-04-03T13:47:39+00:00\" \/>\n<meta property=\"og:image\" content=\"https:\/\/dicodusport.fr\/blog\/wp-content\/uploads\/2025\/04\/Pau-Bath-Compositions-Chaine-TV-et-Heure-1.png\" \/>\n\t<meta property=\"og:image:width\" content=\"1200\" \/>\n\t<meta property=\"og:image:height\" content=\"674\" \/>\n\t<meta property=\"og:image:type\" content=\"image\/png\" \/>\n<meta name=\"author\" content=\"Flo Ostermann\" \/>\n<meta name=\"twitter:card\" content=\"summary_large_image\" \/>\n<meta name=\"twitter:title\" content=\"Pau-Bath : Compositions, Cha\u00eene TV et Heure\" \/>\n<meta name=\"twitter:creator\" content=\"@https:\/\/twitter.com\/FlOstermann\" \/>\n<meta name=\"twitter:site\" content=\"@dicodusport\" \/>\n<script type=\"application\/ld+json\" class=\"yoast-schema-graph\">{\"@context\":\"https:\/\/schema.org\",\"@graph\":[{\"@type\":\"NewsArticle\",\"@id\":\"https:\/\/dicodusport.fr\/blog\/pau-bath-compositions-chaine-tv-et-heure\/#article\",\"isPartOf\":{\"@id\":\"https:\/\/dicodusport.fr\/blog\/pau-bath-compositions-chaine-tv-et-heure\/\"},\"author\":{\"name\":\"Flo Ostermann\",\"@id\":\"https:\/\/dicodusport.fr\/blog\/#\/schema\/person\/cb02af4c173ce4a653b55e9baf388d4a\"},\"headline\":\"Pau-Bath : Compositions, Cha\u00eene TV et Heure\",\"datePublished\":\"2025-04-03T06:00:58+00:00\",\"dateModified\":\"2025-04-03T13:47:39+00:00\",\"mainEntityOfPage\":{\"@id\":\"https:\/\/dicodusport.fr\/blog\/pau-bath-compositions-chaine-tv-et-heure\/\"},\"wordCount\":453,\"commentCount\":0,\"publisher\":{\"@id\":\"https:\/\/dicodusport.fr\/blog\/#organization\"},\"image\":{\"@id\":\"https:\/\/dicodusport.fr\/blog\/pau-bath-compositions-chaine-tv-et-heure\/#primaryimage\"},\"thumbnailUrl\":\"https:\/\/dicodusport.fr\/blog\/wp-content\/uploads\/2025\/04\/Pau-Bath-Compositions-Chaine-TV-et-Heure-1.png\",\"keywords\":[\"Bath\",\"br\u00e8ve\",\"Challenge cup\",\"pau\",\"section paloise\"],\"articleSection\":[\"Cha\u00eene TV\",\"Rugby \u00e0 XV\"],\"inLanguage\":\"fr-FR\",\"potentialAction\":[{\"@type\":\"CommentAction\",\"name\":\"Comment\",\"target\":[\"https:\/\/dicodusport.fr\/blog\/pau-bath-compositions-chaine-tv-et-heure\/#respond\"]}],\"copyrightYear\":\"2025\",\"copyrightHolder\":{\"@id\":\"https:\/\/dicodusport.fr\/blog\/#organization\"}},{\"@type\":\"WebPage\",\"@id\":\"https:\/\/dicodusport.fr\/blog\/pau-bath-compositions-chaine-tv-et-heure\/\",\"url\":\"https:\/\/dicodusport.fr\/blog\/pau-bath-compositions-chaine-tv-et-heure\/\",\"name\":\"Pau-Bath : Compositions, Cha\u00eene TV et Heure\",\"isPartOf\":{\"@id\":\"https:\/\/dicodusport.fr\/blog\/#website\"},\"primaryImageOfPage\":{\"@id\":\"https:\/\/dicodusport.fr\/blog\/pau-bath-compositions-chaine-tv-et-heure\/#primaryimage\"},\"image\":{\"@id\":\"https:\/\/dicodusport.fr\/blog\/pau-bath-compositions-chaine-tv-et-heure\/#primaryimage\"},\"thumbnailUrl\":\"https:\/\/dicodusport.fr\/blog\/wp-content\/uploads\/2025\/04\/Pau-Bath-Compositions-Chaine-TV-et-Heure-1.png\",\"datePublished\":\"2025-04-03T06:00:58+00:00\",\"dateModified\":\"2025-04-03T13:47:39+00:00\",\"description\":\"\u00c0 quelle heure et sur quelle cha\u00eene TV suivre le 8\u00e8me de finale de Challenge Cup entre Pau et Bath ? Retrouvez \u00e9galement les compositions des deux \u00e9quipes.\",\"breadcrumb\":{\"@id\":\"https:\/\/dicodusport.fr\/blog\/pau-bath-compositions-chaine-tv-et-heure\/#breadcrumb\"},\"inLanguage\":\"fr-FR\",\"potentialAction\":[{\"@type\":\"ReadAction\",\"target\":[\"https:\/\/dicodusport.fr\/blog\/pau-bath-compositions-chaine-tv-et-heure\/\"]}]},{\"@type\":\"ImageObject\",\"inLanguage\":\"fr-FR\",\"@id\":\"https:\/\/dicodusport.fr\/blog\/pau-bath-compositions-chaine-tv-et-heure\/#primaryimage\",\"url\":\"https:\/\/dicodusport.fr\/blog\/wp-content\/uploads\/2025\/04\/Pau-Bath-Compositions-Chaine-TV-et-Heure-1.png\",\"contentUrl\":\"https:\/\/dicodusport.fr\/blog\/wp-content\/uploads\/2025\/04\/Pau-Bath-Compositions-Chaine-TV-et-Heure-1.png\",\"width\":1200,\"height\":674,\"caption\":\"Pau-Bath Compositions, Cha\u00eene TV et Heure\"},{\"@type\":\"BreadcrumbList\",\"@id\":\"https:\/\/dicodusport.fr\/blog\/pau-bath-compositions-chaine-tv-et-heure\/#breadcrumb\",\"itemListElement\":[{\"@type\":\"ListItem\",\"position\":1,\"name\":\"Accueil\",\"item\":\"https:\/\/dicodusport.fr\/blog\/\"},{\"@type\":\"ListItem\",\"position\":2,\"name\":\"Pau-Bath : Compositions, Cha\u00eene TV et Heure\"}]},{\"@type\":\"WebSite\",\"@id\":\"https:\/\/dicodusport.fr\/blog\/#website\",\"url\":\"https:\/\/dicodusport.fr\/blog\/\",\"name\":\"Dicodusport\",\"description\":\"L&#039;encyclop\u00e9die de l&#039;actualit\u00e9 sportive\",\"publisher\":{\"@id\":\"https:\/\/dicodusport.fr\/blog\/#organization\"},\"potentialAction\":[{\"@type\":\"SearchAction\",\"target\":{\"@type\":\"EntryPoint\",\"urlTemplate\":\"https:\/\/dicodusport.fr\/blog\/?s={search_term_string}\"},\"query-input\":{\"@type\":\"PropertyValueSpecification\",\"valueRequired\":true,\"valueName\":\"search_term_string\"}}],\"inLanguage\":\"fr-FR\"},{\"@type\":\"NewsMediaOrganization\",\"@id\":\"https:\/\/dicodusport.fr\/blog\/#organization\",\"name\":\"Dicodusport\",\"url\":\"https:\/\/dicodusport.fr\/blog\/\",\"logo\":{\"@type\":\"ImageObject\",\"inLanguage\":\"fr-FR\",\"@id\":\"https:\/\/dicodusport.fr\/blog\/#\/schema\/logo\/image\/\",\"url\":\"https:\/\/dicodusport.fr\/blog\/wp-content\/uploads\/2020\/06\/cropped-LOGO-DICODUSPORT-2020-SANS-FOND-SANS-TEXTE.png\",\"contentUrl\":\"https:\/\/dicodusport.fr\/blog\/wp-content\/uploads\/2020\/06\/cropped-LOGO-DICODUSPORT-2020-SANS-FOND-SANS-TEXTE.png\",\"width\":512,\"height\":512,\"caption\":\"Dicodusport\"},\"image\":{\"@id\":\"https:\/\/dicodusport.fr\/blog\/#\/schema\/logo\/image\/\"},\"sameAs\":[\"https:\/\/www.facebook.com\/dicodusport\",\"https:\/\/x.com\/dicodusport\",\"https:\/\/www.instagram.com\/dicodusport\/\",\"https:\/\/www.youtube.com\/channel\/UC7V2KZ5sd3htJivAbA4ZG3w\"],\"description\":\"Dicodusport est l'encyclop\u00e9die de l'actualit\u00e9 sportive.\",\"email\":\"bonjour@dicodusport.fr\",\"legalName\":\"DICODUSPORT\",\"foundingDate\":\"2018-01-14\",\"vatID\":\"FR71834470973\",\"taxID\":\"83447097300043\",\"numberOfEmployees\":{\"@type\":\"QuantitativeValue\",\"minValue\":\"1\",\"maxValue\":\"10\"}},{\"@type\":\"Person\",\"@id\":\"https:\/\/dicodusport.fr\/blog\/#\/schema\/person\/cb02af4c173ce4a653b55e9baf388d4a\",\"name\":\"Flo Ostermann\",\"image\":{\"@type\":\"ImageObject\",\"inLanguage\":\"fr-FR\",\"@id\":\"https:\/\/dicodusport.fr\/blog\/#\/schema\/person\/image\/\",\"url\":\"https:\/\/dicodusport.fr\/blog\/wp-content\/uploads\/2021\/05\/Flo-Ostermann-150x150.jpg\",\"contentUrl\":\"https:\/\/dicodusport.fr\/blog\/wp-content\/uploads\/2021\/05\/Flo-Ostermann-150x150.jpg\",\"caption\":\"Flo Ostermann\"},\"description\":\"Journaliste\/R\u00e9dacteur depuis septembre 2015 - Mes premiers souvenirs dans le sport ? Les envol\u00e9es du Stade Toulousain et les duels Villeneuve-Schumacher et H\u00e4kkinen-Schumacher \u00e0 la fin des ann\u00e9es 90, la Coupe du monde de football en 1998, l\u2019exploit du XV de France face aux All Blacks en 1999, mais aussi Richard C\u0153ur de Lion qui vole sur les montagnes du Tour de France. Bien parti pour devenir professeur d\u2019EPS, les \u00e9v\u00e9nements de la vie (et la flemme d\u2019animer des s\u00e9ances de 3x500 m\u00e8tres toute ma vie) m\u2019ont conduit \u00e0 revoir mes plans. Me voil\u00e0 depuis fin 2017 sur Dicodusport, m\u00e9dia gr\u00e2ce (et pour) lequel je partage ma passion : le sport dans tous ses \u00e9tats. Le tout accompagn\u00e9 par les fous furieux et folles furieuses cit\u00e9s sur cette page !\",\"sameAs\":[\"https:\/\/www.facebook.com\/florent.ostermann\",\"https:\/\/x.com\/https:\/\/twitter.com\/FlOstermann\",\"admin\"],\"url\":\"https:\/\/dicodusport.fr\/blog\/author\/flo\/\"}]}<\/script>\n<!-- \/ Yoast SEO Premium plugin. -->","yoast_head_json":{"title":"Pau-Bath : Compositions, Cha\u00eene TV et Heure","description":"\u00c0 quelle heure et sur quelle cha\u00eene TV suivre le 8\u00e8me de finale de Challenge Cup entre Pau et Bath ? Retrouvez \u00e9galement les compositions des deux \u00e9quipes.","robots":{"index":"index","follow":"follow","max-snippet":"max-snippet:-1","max-image-preview":"max-image-preview:large","max-video-preview":"max-video-preview:-1"},"canonical":"https:\/\/dicodusport.fr\/blog\/pau-bath-compositions-chaine-tv-et-heure\/","og_locale":"fr_FR","og_type":"article","og_title":"Pau-Bath : Compositions, Cha\u00eene TV et Heure","og_description":"\u00c0 quelle heure et sur quelle cha\u00eene TV suivre le 8\u00e8me de finale de Challenge Cup entre Pau et Bath ? Retrouvez \u00e9galement les compositions des deux \u00e9quipes.","og_url":"https:\/\/dicodusport.fr\/blog\/pau-bath-compositions-chaine-tv-et-heure\/","og_site_name":"Dicodusport","article_publisher":"https:\/\/www.facebook.com\/dicodusport","article_author":"https:\/\/www.facebook.com\/florent.ostermann","article_published_time":"2025-04-03T06:00:58+00:00","article_modified_time":"2025-04-03T13:47:39+00:00","og_image":[{"width":1200,"height":674,"url":"https:\/\/dicodusport.fr\/blog\/wp-content\/uploads\/2025\/04\/Pau-Bath-Compositions-Chaine-TV-et-Heure-1.png","type":"image\/png"}],"author":"Flo Ostermann","twitter_card":"summary_large_image","twitter_title":"Pau-Bath : Compositions, Cha\u00eene TV et Heure","twitter_creator":"@https:\/\/twitter.com\/FlOstermann","twitter_site":"@dicodusport","schema":{"@context":"https:\/\/schema.org","@graph":[{"@type":"NewsArticle","@id":"https:\/\/dicodusport.fr\/blog\/pau-bath-compositions-chaine-tv-et-heure\/#article","isPartOf":{"@id":"https:\/\/dicodusport.fr\/blog\/pau-bath-compositions-chaine-tv-et-heure\/"},"author":{"name":"Flo Ostermann","@id":"https:\/\/dicodusport.fr\/blog\/#\/schema\/person\/cb02af4c173ce4a653b55e9baf388d4a"},"headline":"Pau-Bath : Compositions, Cha\u00eene TV et Heure","datePublished":"2025-04-03T06:00:58+00:00","dateModified":"2025-04-03T13:47:39+00:00","mainEntityOfPage":{"@id":"https:\/\/dicodusport.fr\/blog\/pau-bath-compositions-chaine-tv-et-heure\/"},"wordCount":453,"commentCount":0,"publisher":{"@id":"https:\/\/dicodusport.fr\/blog\/#organization"},"image":{"@id":"https:\/\/dicodusport.fr\/blog\/pau-bath-compositions-chaine-tv-et-heure\/#primaryimage"},"thumbnailUrl":"https:\/\/dicodusport.fr\/blog\/wp-content\/uploads\/2025\/04\/Pau-Bath-Compositions-Chaine-TV-et-Heure-1.png","keywords":["Bath","br\u00e8ve","Challenge cup","pau","section paloise"],"articleSection":["Cha\u00eene TV","Rugby \u00e0 XV"],"inLanguage":"fr-FR","potentialAction":[{"@type":"CommentAction","name":"Comment","target":["https:\/\/dicodusport.fr\/blog\/pau-bath-compositions-chaine-tv-et-heure\/#respond"]}],"copyrightYear":"2025","copyrightHolder":{"@id":"https:\/\/dicodusport.fr\/blog\/#organization"}},{"@type":"WebPage","@id":"https:\/\/dicodusport.fr\/blog\/pau-bath-compositions-chaine-tv-et-heure\/","url":"https:\/\/dicodusport.fr\/blog\/pau-bath-compositions-chaine-tv-et-heure\/","name":"Pau-Bath : Compositions, Cha\u00eene TV et Heure","isPartOf":{"@id":"https:\/\/dicodusport.fr\/blog\/#website"},"primaryImageOfPage":{"@id":"https:\/\/dicodusport.fr\/blog\/pau-bath-compositions-chaine-tv-et-heure\/#primaryimage"},"image":{"@id":"https:\/\/dicodusport.fr\/blog\/pau-bath-compositions-chaine-tv-et-heure\/#primaryimage"},"thumbnailUrl":"https:\/\/dicodusport.fr\/blog\/wp-content\/uploads\/2025\/04\/Pau-Bath-Compositions-Chaine-TV-et-Heure-1.png","datePublished":"2025-04-03T06:00:58+00:00","dateModified":"2025-04-03T13:47:39+00:00","description":"\u00c0 quelle heure et sur quelle cha\u00eene TV suivre le 8\u00e8me de finale de Challenge Cup entre Pau et Bath ? Retrouvez \u00e9galement les compositions des deux \u00e9quipes.","breadcrumb":{"@id":"https:\/\/dicodusport.fr\/blog\/pau-bath-compositions-chaine-tv-et-heure\/#breadcrumb"},"inLanguage":"fr-FR","potentialAction":[{"@type":"ReadAction","target":["https:\/\/dicodusport.fr\/blog\/pau-bath-compositions-chaine-tv-et-heure\/"]}]},{"@type":"ImageObject","inLanguage":"fr-FR","@id":"https:\/\/dicodusport.fr\/blog\/pau-bath-compositions-chaine-tv-et-heure\/#primaryimage","url":"https:\/\/dicodusport.fr\/blog\/wp-content\/uploads\/2025\/04\/Pau-Bath-Compositions-Chaine-TV-et-Heure-1.png","contentUrl":"https:\/\/dicodusport.fr\/blog\/wp-content\/uploads\/2025\/04\/Pau-Bath-Compositions-Chaine-TV-et-Heure-1.png","width":1200,"height":674,"caption":"Pau-Bath Compositions, Cha\u00eene TV et Heure"},{"@type":"BreadcrumbList","@id":"https:\/\/dicodusport.fr\/blog\/pau-bath-compositions-chaine-tv-et-heure\/#breadcrumb","itemListElement":[{"@type":"ListItem","position":1,"name":"Accueil","item":"https:\/\/dicodusport.fr\/blog\/"},{"@type":"ListItem","position":2,"name":"Pau-Bath : Compositions, Cha\u00eene TV et Heure"}]},{"@type":"WebSite","@id":"https:\/\/dicodusport.fr\/blog\/#website","url":"https:\/\/dicodusport.fr\/blog\/","name":"Dicodusport","description":"L&#039;encyclop\u00e9die de l&#039;actualit\u00e9 sportive","publisher":{"@id":"https:\/\/dicodusport.fr\/blog\/#organization"},"potentialAction":[{"@type":"SearchAction","target":{"@type":"EntryPoint","urlTemplate":"https:\/\/dicodusport.fr\/blog\/?s={search_term_string}"},"query-input":{"@type":"PropertyValueSpecification","valueRequired":true,"valueName":"search_term_string"}}],"inLanguage":"fr-FR"},{"@type":"NewsMediaOrganization","@id":"https:\/\/dicodusport.fr\/blog\/#organization","name":"Dicodusport","url":"https:\/\/dicodusport.fr\/blog\/","logo":{"@type":"ImageObject","inLanguage":"fr-FR","@id":"https:\/\/dicodusport.fr\/blog\/#\/schema\/logo\/image\/","url":"https:\/\/dicodusport.fr\/blog\/wp-content\/uploads\/2020\/06\/cropped-LOGO-DICODUSPORT-2020-SANS-FOND-SANS-TEXTE.png","contentUrl":"https:\/\/dicodusport.fr\/blog\/wp-content\/uploads\/2020\/06\/cropped-LOGO-DICODUSPORT-2020-SANS-FOND-SANS-TEXTE.png","width":512,"height":512,"caption":"Dicodusport"},"image":{"@id":"https:\/\/dicodusport.fr\/blog\/#\/schema\/logo\/image\/"},"sameAs":["https:\/\/www.facebook.com\/dicodusport","https:\/\/x.com\/dicodusport","https:\/\/www.instagram.com\/dicodusport\/","https:\/\/www.youtube.com\/channel\/UC7V2KZ5sd3htJivAbA4ZG3w"],"description":"Dicodusport est l'encyclop\u00e9die de l'actualit\u00e9 sportive.","email":"bonjour@dicodusport.fr","legalName":"DICODUSPORT","foundingDate":"2018-01-14","vatID":"FR71834470973","taxID":"83447097300043","numberOfEmployees":{"@type":"QuantitativeValue","minValue":"1","maxValue":"10"}},{"@type":"Person","@id":"https:\/\/dicodusport.fr\/blog\/#\/schema\/person\/cb02af4c173ce4a653b55e9baf388d4a","name":"Flo Ostermann","image":{"@type":"ImageObject","inLanguage":"fr-FR","@id":"https:\/\/dicodusport.fr\/blog\/#\/schema\/person\/image\/","url":"https:\/\/dicodusport.fr\/blog\/wp-content\/uploads\/2021\/05\/Flo-Ostermann-150x150.jpg","contentUrl":"https:\/\/dicodusport.fr\/blog\/wp-content\/uploads\/2021\/05\/Flo-Ostermann-150x150.jpg","caption":"Flo Ostermann"},"description":"Journaliste\/R\u00e9dacteur depuis septembre 2015 - Mes premiers souvenirs dans le sport ? Les envol\u00e9es du Stade Toulousain et les duels Villeneuve-Schumacher et H\u00e4kkinen-Schumacher \u00e0 la fin des ann\u00e9es 90, la Coupe du monde de football en 1998, l\u2019exploit du XV de France face aux All Blacks en 1999, mais aussi Richard C\u0153ur de Lion qui vole sur les montagnes du Tour de France. Bien parti pour devenir professeur d\u2019EPS, les \u00e9v\u00e9nements de la vie (et la flemme d\u2019animer des s\u00e9ances de 3x500 m\u00e8tres toute ma vie) m\u2019ont conduit \u00e0 revoir mes plans. Me voil\u00e0 depuis fin 2017 sur Dicodusport, m\u00e9dia gr\u00e2ce (et pour) lequel je partage ma passion : le sport dans tous ses \u00e9tats. Le tout accompagn\u00e9 par les fous furieux et folles furieuses cit\u00e9s sur cette page !","sameAs":["https:\/\/www.facebook.com\/florent.ostermann","https:\/\/x.com\/https:\/\/twitter.com\/FlOstermann","admin"],"url":"https:\/\/dicodusport.fr\/blog\/author\/flo\/"}]}},"_links":{"self":[{"href":"https:\/\/dicodusport.fr\/blog\/wp-json\/wp\/v2\/posts\/569345","targetHints":{"allow":["GET"]}}],"collection":[{"href":"https:\/\/dicodusport.fr\/blog\/wp-json\/wp\/v2\/posts"}],"about":[{"href":"https:\/\/dicodusport.fr\/blog\/wp-json\/wp\/v2\/types\/post"}],"author":[{"embeddable":true,"href":"https:\/\/dicodusport.fr\/blog\/wp-json\/wp\/v2\/users\/4"}],"replies":[{"embeddable":true,"href":"https:\/\/dicodusport.fr\/blog\/wp-json\/wp\/v2\/comments?post=569345"}],"version-history":[{"count":5,"href":"https:\/\/dicodusport.fr\/blog\/wp-json\/wp\/v2\/posts\/569345\/revisions"}],"predecessor-version":[{"id":569506,"href":"https:\/\/dicodusport.fr\/blog\/wp-json\/wp\/v2\/posts\/569345\/revisions\/569506"}],"wp:featuredmedia":[{"embeddable":true,"href":"https:\/\/dicodusport.fr\/blog\/wp-json\/wp\/v2\/media\/569500"}],"wp:attachment":[{"href":"https:\/\/dicodusport.fr\/blog\/wp-json\/wp\/v2\/media?parent=569345"}],"wp:term":[{"taxonomy":"category","embeddable":true,"href":"https:\/\/dicodusport.fr\/blog\/wp-json\/wp\/v2\/categories?post=569345"},{"taxonomy":"post_tag","embeddable":true,"href":"https:\/\/dicodusport.fr\/blog\/wp-json\/wp\/v2\/tags?post=569345"}],"curies":[{"name":"wp","href":"https:\/\/api.w.org\/{rel}","templated":true}]}}