{"id":569422,"date":"2025-04-05T14:23:57","date_gmt":"2025-04-05T12:23:57","guid":{"rendered":"https:\/\/dicodusport.fr\/blog\/?p=569422&#038;preview=true&#038;preview_id=569422"},"modified":"2025-04-05T14:25:31","modified_gmt":"2025-04-05T12:25:31","slug":"castres-trevise-compositions-chaine-tv-et-heure","status":"publish","type":"post","link":"https:\/\/dicodusport.fr\/blog\/castres-trevise-compositions-chaine-tv-et-heure\/","title":{"rendered":"Castres-Tr\u00e9vise : Compositions, Date, Heure et Cha\u00eene TV"},"content":{"rendered":"<h4 style=\"text-align: justify;\"><em>\u00c0 quelle heure et sur quelle cha\u00eene TV suivre le 8\u00e8me de finale de Champions Cup entre Castres et Tr\u00e9vise ? Retrouvez \u00e9galement les compositions des deux \u00e9quipes.<\/em><\/h4>\n<ul style=\"text-align: justify;\">\n<li style=\"text-align: justify;\"><strong>\u00c0 ce sujet &#8211;\u00a0<a href=\"https:\/\/dicodusport.fr\/blog\/champions-cup-2024-2025-tableau-complet-de-la-phase-finale\/\">Phase finale Champions Cup : Le tableau complet<\/a><\/strong><\/li>\n<\/ul>\n<p style=\"text-align: justify;\">Le <strong>8\u00e8me de finale de la Champions Cup<\/strong> opposant le <strong>Castres Olympique<\/strong> au <b>Benetton Tr\u00e9vise <\/b>se dispute pour le <strong>samedi 5 avril 2025 \u00e0 16h00<\/strong> au Stade Pierre-Fabre de Castres. \u200b<\/p>\n<p style=\"text-align: justify;\">Engag\u00e9 dans une poule 3 compliqu\u00e9e, <strong>Castres<\/strong> a r\u00e9alis\u00e9 une magnifique performance en allant arracher sa qualification gr\u00e2ce \u00e0 <a href=\"https:\/\/dicodusport.fr\/blog\/champions-cup-j4-castres-realise-un-authentique-exploit-chez-les-saracens\/\"><strong>une victoire historique chez les Saracens<\/strong><\/a> lors de la derni\u00e8re journ\u00e9e. Ainsi, le CO a fini deuxi\u00e8me de sa poule apr\u00e8s plusieurs campagnes d\u00e9cevantes en Champions Cup. <strong>Tr\u00e9vise<\/strong>, de son c\u00f4t\u00e9, a remport\u00e9 ses deux matchs \u00e0 domicile dans la poule 2, dont celui contre La Rochelle, et cela a \u00e9t\u00e9 suffisant pour accrocher la troisi\u00e8me place.<\/p>\n<h2 style=\"text-align: justify;\">Un vrai duel d&rsquo;outsiders<\/h2>\n<p style=\"text-align: justify;\">Mine de rien, Castres est en forme en 2025. Une seule d\u00e9faite toutes comp\u00e9titions confondues, en Top 14 \u00e0 Montpellier, et en r\u00e9compense, une cinqui\u00e8me place en Top 14. Traditionnel outsider du championnat, le CO a pr\u00e9par\u00e9 son premier match \u00e0 \u00e9limination directe en Champions Cup depuis une \u00e9ternit\u00e9 par <a href=\"https:\/\/dicodusport.fr\/blog\/top-14-j20-castres-simpose-de-justesse-face-a-toulon\/\"><strong>une victoire au forceps sur Toulon<\/strong><\/a>. De quoi arriver avec la confiance au maximum.<\/p>\n<p style=\"text-align: justify;\">Tr\u00e9vise, de son c\u00f4t\u00e9, est engag\u00e9 depuis plusieurs ann\u00e9es en <em>United Rugby Championship<\/em>, avec les franchises irlandaises, galloises, \u00e9cossaises et sud-africaines. Avec de nombreux internationaux italiens, le Benetton est actuellement septi\u00e8me et donc \u00e0 la lutte pour une place en quarts de finale. Tr\u00e9vise reste sur deux victoires contre \u00c9dimbourg et Cardiff.<\/p>\n<p style=\"text-align: justify;\">Ce sont deux \u00e9quipes qui ont une maigre histoire en Champions Cup. <strong>Castres<\/strong> avait atteint les demi-finales de cette comp\u00e9tition pour la seule et unique fois en 2002, mais n&rsquo;\u00e9tait plus sorti des poules depuis. <strong>Tr\u00e9vise<\/strong>, de son c\u00f4t\u00e9, disputera tout simplement le premier match \u00e0 \u00e9limination directe de <strong>Champions Cup<\/strong> de son histoire ce samedi. Une belle occasion pour les deux \u00e9quipes d&rsquo;\u00e9crire l&rsquo;histoire.<\/p>\n<div class=\"vlp-link-container vlp-layout-article\"><a href=\"https:\/\/dicodusport.fr\/blog\/champions-cup-quel-est-le-club-francais-le-mieux-arme-pour-aller-au-bout\/\" class=\"vlp-link\" title=\"Champions Cup : Quel est le club fran\u00e7ais le mieux arm\u00e9 pour aller au bout ?\"><\/a><div class=\"vlp-layout-zone-side\"><div class=\"vlp-block-4 vlp-link-image\"><img loading=\"lazy\" decoding=\"async\" style=\"max-width: 792px;\" width=\"792\" height=\"445\" src=\"https:\/\/dicodusport.fr\/blog\/wp-content\/uploads\/2025\/04\/Champions-Cup-Quel-est-le-club-francais-le-mieux-arme-pour-aller-au-bout-.png\" class=\"attachment-800x445 size-800x445\" alt=\"Champions Cup Quel est le club fran\u00e7ais le mieux arm\u00e9 pour aller au bout\" srcset=\"https:\/\/dicodusport.fr\/blog\/wp-content\/uploads\/2025\/04\/Champions-Cup-Quel-est-le-club-francais-le-mieux-arme-pour-aller-au-bout-.png 1200w, https:\/\/dicodusport.fr\/blog\/wp-content\/uploads\/2025\/04\/Champions-Cup-Quel-est-le-club-francais-le-mieux-arme-pour-aller-au-bout--300x169.png 300w, https:\/\/dicodusport.fr\/blog\/wp-content\/uploads\/2025\/04\/Champions-Cup-Quel-est-le-club-francais-le-mieux-arme-pour-aller-au-bout--1024x575.png 1024w, https:\/\/dicodusport.fr\/blog\/wp-content\/uploads\/2025\/04\/Champions-Cup-Quel-est-le-club-francais-le-mieux-arme-pour-aller-au-bout--768x431.png 768w\" sizes=\"auto, (max-width: 792px) 100vw, 792px\" \/><\/div><\/div><div class=\"vlp-layout-zone-main\"><div class=\"vlp-block-0 vlp-link-title\">Champions Cup : Quel est le club fran\u00e7ais le mieux arm\u00e9 pour aller au bout ?<\/div><div class=\"vlp-block-1 vlp-link-summary\">\u00c0 l'aube des 8\u00e8mes de finale de Champions Cup, six clubs fran\u00e7ais d\u00e9fendent les chances. Qui est le mieux arm\u00e9 pour aller au bout ?<\/div><div class=\"vlp-block-2 vlp-link-button\">Lire l'article<\/div><div class=\"vlp-block-3 vlp-link-url\">dicodusport.fr<\/div><\/div><\/div>\n<h2 style=\"text-align: justify;\">Castres &#8211; Tr\u00e9vise : \u00c0 quelle heure et sur quelle cha\u00eene TV suivre le match ?<\/h2>\n<p style=\"text-align: justify;\">Match \u00e0 suivre ce <strong>samedi 5 avril 2025 \u00e0 16h00<\/strong>, sur <b>beIN Sports 3<\/b> et<b> France 2<\/b>.<\/p>\n<h2 style=\"text-align: justify;\">Les compositions de\u00a0Castres &#8211; Tr\u00e9vise<\/h2>\n<h3 style=\"text-align: justify;\">La composition de Castres<\/h3>\n<p style=\"text-align: justify;\"><strong>Le XV de d\u00e9part<\/strong> : 15. Chabouni\u2005; 14. Ambadiang, 13. S\u00e9guret, 12. Cocagi, 11. Baget\u2005; 10. Le Brun, 9. Arata\u2005; 7.\u00a0Maravat, 8. Papali\u2019i, 6. Babillot (cap.)\u2005; 5. Vanverberghe, 4. Jedrasiak\u2005; 3. Collier, 2. Barlot, 1. Walcker.<\/p>\n<p style=\"text-align: justify;\"><strong>Rempla\u00e7ants<\/strong> : 16. Zarantonello, 17. Gu\u00e9rois-Galisson, 18. Azar, 19. Nakarawa, 20. Delaporte, 21. Fernandez, 22. Goodhue, 23. Hulleu.<\/p>\n<h3 style=\"text-align: justify;\">La composition de Tr\u00e9vise<\/h3>\n<p style=\"text-align: justify;\"><strong>Le XV de d\u00e9part :<\/strong> 15. Smith ; 14. Mendy, 13. Menoncello, 12. Brex, 11. Odogwu ; 10. Albornoz, 9. Uren ; 7. Zuliani, 8. Cannone, 6. Favretto ; 5. Snyman (cap.), 4. Scrafton ; 3. Ferrari, 2. Bernasconi, 1. Gallo.<\/p>\n<p style=\"text-align: justify;\"><strong>Rempla\u00e7ants<\/strong> : 16. Maile, 17. Spagnolo, 18. Zilocchi, 19. Ruzza, 20. Lamaro, 21. Garbisi, 22. Umaga, 23. Fekitoa.<\/p>\n<h2 style=\"text-align: justify;\">Les cotes de\u00a0Castres &#8211; Tr\u00e9vise<\/h2>\n<table style=\"width: 800px;\">\n<tbody>\n<tr style=\"height: 16px;\">\n<td style=\"background-color: #404040; text-align: left; border-color: #ededed; width: 500px;\" colspan=\"3\"><span style=\"font-size: 12px; color: #ffffff;\">Samedi 5 avril 2025, 16h00<\/span><\/td>\n<\/tr>\n<tr style=\"height: 24px;\">\n<td style=\"background-color: #ffffff; border-color: #ededed; vertical-align: middle; text-align: center; width: 266px;\"><span style=\"font-size: 14px;\"><b>Castres<br \/>\n<\/b><\/span><span style=\"font-size: 10px;\"><a href=\"https:\/\/www.winamax.fr\/paris-sportifs\/match\/57408777?banid=33423\" class=\"su-button su-button-style-flat su-button-wide\" style=\"color:#fff;background-color:#000;border-color:#000000;border-radius:5px\" target=\"_blank\" rel=\"noopener noreferrer\"><span style=\"color:#fff;padding:0px 20px;font-size:16px;line-height:32px;border-color:#4d4d4d;border-radius:5px;text-shadow:none\"> 1.20<\/span><\/a><\/span><\/td>\n<td style=\"background-color: #ffffff; border-color: #ededed; vertical-align: middle; text-align: center; width: 266px;\"><span style=\"font-size: 10px;\"><span style=\"font-size: 14px;\"><strong>Match nul<\/strong><\/span><br \/>\n<a href=\"https:\/\/www.winamax.fr\/paris-sportifs\/match\/57408777?banid=33423\" class=\"su-button su-button-style-flat su-button-wide\" style=\"color:#fff;background-color:#000;border-color:#000000;border-radius:5px\" target=\"_blank\" rel=\"noopener noreferrer\"><span style=\"color:#fff;padding:0px 20px;font-size:16px;line-height:32px;border-color:#4d4d4d;border-radius:5px;text-shadow:none\"> 20<\/span><\/a><\/span><\/td>\n<td style=\"background-color: #ffffff; border-color: #ededed; vertical-align: middle; text-align: center; width: 266px;\"><span style=\"font-size: 10px;\"><span style=\"font-size: 14px;\"><b>Tr\u00e9vise<\/b><\/span><br \/>\n<a href=\"https:\/\/www.winamax.fr\/paris-sportifs\/match\/57408777?banid=33423\" class=\"su-button su-button-style-flat su-button-wide\" style=\"color:#fff;background-color:#000;border-color:#000000;border-radius:5px\" target=\"_blank\" rel=\"noopener noreferrer\"><span style=\"color:#fff;padding:0px 20px;font-size:16px;line-height:32px;border-color:#4d4d4d;border-radius:5px;text-shadow:none\"> 4.00<\/span><\/a><\/span><\/td>\n<\/tr>\n<\/tbody>\n<\/table>\n<p style=\"text-align: justify;\">Tentez votre chance en profitant de votre <a href=\"https:\/\/www.winamax.fr\/registration\/landing\/affiliation_Bonus100?banid=33423\">1er d\u00e9p\u00f4t doubl\u00e9 jusqu&rsquo;\u00e0 100 \u20ac<\/a> direct en paris gratuits sur Winamax !<\/p>\n<p style=\"text-align: justify;\">\n","protected":false},"excerpt":{"rendered":"<p>\u00c0 quelle heure et sur quelle cha\u00eene TV suivre le 8\u00e8me de finale de Champions Cup entre Castres et le Benetton ? Retrouvez \u00e9galement les compositions des deux \u00e9quipes.<\/p>\n","protected":false},"author":59,"featured_media":569424,"comment_status":"open","ping_status":"closed","sticky":false,"template":"","format":"standard","meta":{"_acf_changed":false,"_daextam_enable_autolinks":"1","footnotes":""},"categories":[44295,47051,9129],"tags":[16878,3077,4885,2823],"class_list":["post-569422","post","type-post","status-publish","format-standard","has-post-thumbnail","hentry","category-chaine-tv","category-champions-cup","category-rugby-a-xv","tag-breve","tag-castres","tag-castres-olympique","tag-champions-cup"],"acf":[],"yoast_head":"<!-- This site is optimized with the Yoast SEO Premium plugin v26.7 (Yoast SEO v26.7) - https:\/\/yoast.com\/wordpress\/plugins\/seo\/ -->\n<title>Castres-Tr\u00e9vise : Compositions, Date, Heure et Cha\u00eene TV<\/title>\n<meta name=\"description\" content=\"\u00c0 quelle heure et sur quelle cha\u00eene TV suivre le 8\u00e8me de finale de Champions Cup entre Castres et le Benetton ? Retrouvez \u00e9galement les compositions des deux \u00e9quipes.\" \/>\n<meta name=\"robots\" content=\"index, follow, max-snippet:-1, max-image-preview:large, max-video-preview:-1\" \/>\n<link rel=\"canonical\" href=\"https:\/\/dicodusport.fr\/blog\/castres-trevise-compositions-chaine-tv-et-heure\/\" \/>\n<meta property=\"og:locale\" content=\"fr_FR\" \/>\n<meta property=\"og:type\" content=\"article\" \/>\n<meta property=\"og:title\" content=\"Castres-Tr\u00e9vise : Compositions, Date, Heure et Cha\u00eene TV\" \/>\n<meta property=\"og:description\" content=\"\u00c0 quelle heure et sur quelle cha\u00eene TV suivre le 8\u00e8me de finale de Champions Cup entre Castres et le Benetton ? Retrouvez \u00e9galement les compositions des deux \u00e9quipes.\" \/>\n<meta property=\"og:url\" content=\"https:\/\/dicodusport.fr\/blog\/castres-trevise-compositions-chaine-tv-et-heure\/\" \/>\n<meta property=\"og:site_name\" content=\"Dicodusport\" \/>\n<meta property=\"article:publisher\" content=\"https:\/\/www.facebook.com\/dicodusport\" \/>\n<meta property=\"article:author\" content=\"https:\/\/www.facebook.com\/sebastien.gente\/\" \/>\n<meta property=\"article:published_time\" content=\"2025-04-05T12:23:57+00:00\" \/>\n<meta property=\"article:modified_time\" content=\"2025-04-05T12:25:31+00:00\" \/>\n<meta property=\"og:image\" content=\"https:\/\/dicodusport.fr\/blog\/wp-content\/uploads\/2025\/04\/Castres-Trevise-Compositions-Chaine-TV-et-Heure.png\" \/>\n\t<meta property=\"og:image:width\" content=\"1200\" \/>\n\t<meta property=\"og:image:height\" content=\"674\" \/>\n\t<meta property=\"og:image:type\" content=\"image\/png\" \/>\n<meta name=\"author\" content=\"S\u00e9bastien Gente\" \/>\n<meta name=\"twitter:card\" content=\"summary_large_image\" \/>\n<meta name=\"twitter:title\" content=\"Castres-Tr\u00e9vise : Compositions, Date, Heure et Cha\u00eene TV\" \/>\n<meta name=\"twitter:creator\" content=\"@https:\/\/twitter.com\/globulo24\" \/>\n<meta name=\"twitter:site\" content=\"@dicodusport\" \/>\n<script type=\"application\/ld+json\" class=\"yoast-schema-graph\">{\"@context\":\"https:\/\/schema.org\",\"@graph\":[{\"@type\":\"NewsArticle\",\"@id\":\"https:\/\/dicodusport.fr\/blog\/castres-trevise-compositions-chaine-tv-et-heure\/#article\",\"isPartOf\":{\"@id\":\"https:\/\/dicodusport.fr\/blog\/castres-trevise-compositions-chaine-tv-et-heure\/\"},\"author\":{\"name\":\"S\u00e9bastien Gente\",\"@id\":\"https:\/\/dicodusport.fr\/blog\/#\/schema\/person\/627966a6cde45dbd8c5e36ac85d783da\"},\"headline\":\"Castres-Tr\u00e9vise : Compositions, Date, Heure et Cha\u00eene TV\",\"datePublished\":\"2025-04-05T12:23:57+00:00\",\"dateModified\":\"2025-04-05T12:25:31+00:00\",\"mainEntityOfPage\":{\"@id\":\"https:\/\/dicodusport.fr\/blog\/castres-trevise-compositions-chaine-tv-et-heure\/\"},\"wordCount\":644,\"commentCount\":0,\"publisher\":{\"@id\":\"https:\/\/dicodusport.fr\/blog\/#organization\"},\"image\":{\"@id\":\"https:\/\/dicodusport.fr\/blog\/castres-trevise-compositions-chaine-tv-et-heure\/#primaryimage\"},\"thumbnailUrl\":\"https:\/\/dicodusport.fr\/blog\/wp-content\/uploads\/2025\/04\/Castres-Trevise-Compositions-Chaine-TV-et-Heure.png\",\"keywords\":[\"br\u00e8ve\",\"Castres\",\"Castres Olympique\",\"Champions Cup\"],\"articleSection\":[\"Cha\u00eene TV\",\"Champions Cup\",\"Rugby \u00e0 XV\"],\"inLanguage\":\"fr-FR\",\"potentialAction\":[{\"@type\":\"CommentAction\",\"name\":\"Comment\",\"target\":[\"https:\/\/dicodusport.fr\/blog\/castres-trevise-compositions-chaine-tv-et-heure\/#respond\"]}],\"copyrightYear\":\"2025\",\"copyrightHolder\":{\"@id\":\"https:\/\/dicodusport.fr\/blog\/#organization\"}},{\"@type\":\"WebPage\",\"@id\":\"https:\/\/dicodusport.fr\/blog\/castres-trevise-compositions-chaine-tv-et-heure\/\",\"url\":\"https:\/\/dicodusport.fr\/blog\/castres-trevise-compositions-chaine-tv-et-heure\/\",\"name\":\"Castres-Tr\u00e9vise : Compositions, Date, Heure et Cha\u00eene TV\",\"isPartOf\":{\"@id\":\"https:\/\/dicodusport.fr\/blog\/#website\"},\"primaryImageOfPage\":{\"@id\":\"https:\/\/dicodusport.fr\/blog\/castres-trevise-compositions-chaine-tv-et-heure\/#primaryimage\"},\"image\":{\"@id\":\"https:\/\/dicodusport.fr\/blog\/castres-trevise-compositions-chaine-tv-et-heure\/#primaryimage\"},\"thumbnailUrl\":\"https:\/\/dicodusport.fr\/blog\/wp-content\/uploads\/2025\/04\/Castres-Trevise-Compositions-Chaine-TV-et-Heure.png\",\"datePublished\":\"2025-04-05T12:23:57+00:00\",\"dateModified\":\"2025-04-05T12:25:31+00:00\",\"description\":\"\u00c0 quelle heure et sur quelle cha\u00eene TV suivre le 8\u00e8me de finale de Champions Cup entre Castres et le Benetton ? Retrouvez \u00e9galement les compositions des deux \u00e9quipes.\",\"breadcrumb\":{\"@id\":\"https:\/\/dicodusport.fr\/blog\/castres-trevise-compositions-chaine-tv-et-heure\/#breadcrumb\"},\"inLanguage\":\"fr-FR\",\"potentialAction\":[{\"@type\":\"ReadAction\",\"target\":[\"https:\/\/dicodusport.fr\/blog\/castres-trevise-compositions-chaine-tv-et-heure\/\"]}]},{\"@type\":\"ImageObject\",\"inLanguage\":\"fr-FR\",\"@id\":\"https:\/\/dicodusport.fr\/blog\/castres-trevise-compositions-chaine-tv-et-heure\/#primaryimage\",\"url\":\"https:\/\/dicodusport.fr\/blog\/wp-content\/uploads\/2025\/04\/Castres-Trevise-Compositions-Chaine-TV-et-Heure.png\",\"contentUrl\":\"https:\/\/dicodusport.fr\/blog\/wp-content\/uploads\/2025\/04\/Castres-Trevise-Compositions-Chaine-TV-et-Heure.png\",\"width\":1200,\"height\":674,\"caption\":\"Castres-Tr\u00e9vise Compositions, Cha\u00eene TV et Heure\"},{\"@type\":\"BreadcrumbList\",\"@id\":\"https:\/\/dicodusport.fr\/blog\/castres-trevise-compositions-chaine-tv-et-heure\/#breadcrumb\",\"itemListElement\":[{\"@type\":\"ListItem\",\"position\":1,\"name\":\"Accueil\",\"item\":\"https:\/\/dicodusport.fr\/blog\/\"},{\"@type\":\"ListItem\",\"position\":2,\"name\":\"Castres-Tr\u00e9vise : Compositions, Date, Heure et Cha\u00eene TV\"}]},{\"@type\":\"WebSite\",\"@id\":\"https:\/\/dicodusport.fr\/blog\/#website\",\"url\":\"https:\/\/dicodusport.fr\/blog\/\",\"name\":\"Dicodusport\",\"description\":\"L&#039;encyclop\u00e9die de l&#039;actualit\u00e9 sportive\",\"publisher\":{\"@id\":\"https:\/\/dicodusport.fr\/blog\/#organization\"},\"potentialAction\":[{\"@type\":\"SearchAction\",\"target\":{\"@type\":\"EntryPoint\",\"urlTemplate\":\"https:\/\/dicodusport.fr\/blog\/?s={search_term_string}\"},\"query-input\":{\"@type\":\"PropertyValueSpecification\",\"valueRequired\":true,\"valueName\":\"search_term_string\"}}],\"inLanguage\":\"fr-FR\"},{\"@type\":\"NewsMediaOrganization\",\"@id\":\"https:\/\/dicodusport.fr\/blog\/#organization\",\"name\":\"Dicodusport\",\"url\":\"https:\/\/dicodusport.fr\/blog\/\",\"logo\":{\"@type\":\"ImageObject\",\"inLanguage\":\"fr-FR\",\"@id\":\"https:\/\/dicodusport.fr\/blog\/#\/schema\/logo\/image\/\",\"url\":\"https:\/\/dicodusport.fr\/blog\/wp-content\/uploads\/2020\/06\/cropped-LOGO-DICODUSPORT-2020-SANS-FOND-SANS-TEXTE.png\",\"contentUrl\":\"https:\/\/dicodusport.fr\/blog\/wp-content\/uploads\/2020\/06\/cropped-LOGO-DICODUSPORT-2020-SANS-FOND-SANS-TEXTE.png\",\"width\":512,\"height\":512,\"caption\":\"Dicodusport\"},\"image\":{\"@id\":\"https:\/\/dicodusport.fr\/blog\/#\/schema\/logo\/image\/\"},\"sameAs\":[\"https:\/\/www.facebook.com\/dicodusport\",\"https:\/\/x.com\/dicodusport\",\"https:\/\/www.instagram.com\/dicodusport\/\",\"https:\/\/www.youtube.com\/channel\/UC7V2KZ5sd3htJivAbA4ZG3w\"],\"description\":\"Dicodusport est l'encyclop\u00e9die de l'actualit\u00e9 sportive.\",\"email\":\"bonjour@dicodusport.fr\",\"legalName\":\"DICODUSPORT\",\"foundingDate\":\"2018-01-14\",\"vatID\":\"FR71834470973\",\"taxID\":\"83447097300043\",\"numberOfEmployees\":{\"@type\":\"QuantitativeValue\",\"minValue\":\"1\",\"maxValue\":\"10\"}},{\"@type\":\"Person\",\"@id\":\"https:\/\/dicodusport.fr\/blog\/#\/schema\/person\/627966a6cde45dbd8c5e36ac85d783da\",\"name\":\"S\u00e9bastien Gente\",\"image\":{\"@type\":\"ImageObject\",\"inLanguage\":\"fr-FR\",\"@id\":\"https:\/\/dicodusport.fr\/blog\/#\/schema\/person\/image\/\",\"url\":\"https:\/\/dicodusport.fr\/blog\/wp-content\/uploads\/2021\/09\/1510990_10205810251400683_4124423575079401707_n-150x150.jpg\",\"contentUrl\":\"https:\/\/dicodusport.fr\/blog\/wp-content\/uploads\/2021\/09\/1510990_10205810251400683_4124423575079401707_n-150x150.jpg\",\"caption\":\"S\u00e9bastien Gente\"},\"description\":\"John Stockton, Gianni Bugno, Zinedine Zidane, Steffi Graf, Frode Andresen, St\u00e9phane Stoecklin, Davis Kamoga, Primoz Peterka, Werner Schlager et Aur\u00e9lien Rougerie. Point commun entre ces sportifs? Ils m'ont fait r\u00eaver et ont berc\u00e9 mon adolescence. Je suis un fondu de sports et j'essaie de retranscrire ma passion \u00e0 travers mes articles. Originaire du P\u00e9rigord, ma passion pour les Girondins, les Jaunards et les Jazzmen transpire dans mes \u00e9crits. \u00c0 Dicodusport depuis 2021, je d\u00e9niche les sports m\u00e9connus dans lesquels la France brille, et il y en a !\",\"sameAs\":[\"https:\/\/www.facebook.com\/sebastien.gente\/\",\"https:\/\/www.instagram.com\/sebgente\/\",\"https:\/\/www.linkedin.com\/in\/sbastien-gente-a29583169\/\",\"https:\/\/x.com\/https:\/\/twitter.com\/globulo24\",\"SebastienGente\"],\"worksFor\":\"S\u00e9bastien GENTE\",\"url\":\"https:\/\/dicodusport.fr\/blog\/author\/sebastiengente\/\"}]}<\/script>\n<!-- \/ Yoast SEO Premium plugin. -->","yoast_head_json":{"title":"Castres-Tr\u00e9vise : Compositions, Date, Heure et Cha\u00eene TV","description":"\u00c0 quelle heure et sur quelle cha\u00eene TV suivre le 8\u00e8me de finale de Champions Cup entre Castres et le Benetton ? Retrouvez \u00e9galement les compositions des deux \u00e9quipes.","robots":{"index":"index","follow":"follow","max-snippet":"max-snippet:-1","max-image-preview":"max-image-preview:large","max-video-preview":"max-video-preview:-1"},"canonical":"https:\/\/dicodusport.fr\/blog\/castres-trevise-compositions-chaine-tv-et-heure\/","og_locale":"fr_FR","og_type":"article","og_title":"Castres-Tr\u00e9vise : Compositions, Date, Heure et Cha\u00eene TV","og_description":"\u00c0 quelle heure et sur quelle cha\u00eene TV suivre le 8\u00e8me de finale de Champions Cup entre Castres et le Benetton ? Retrouvez \u00e9galement les compositions des deux \u00e9quipes.","og_url":"https:\/\/dicodusport.fr\/blog\/castres-trevise-compositions-chaine-tv-et-heure\/","og_site_name":"Dicodusport","article_publisher":"https:\/\/www.facebook.com\/dicodusport","article_author":"https:\/\/www.facebook.com\/sebastien.gente\/","article_published_time":"2025-04-05T12:23:57+00:00","article_modified_time":"2025-04-05T12:25:31+00:00","og_image":[{"width":1200,"height":674,"url":"https:\/\/dicodusport.fr\/blog\/wp-content\/uploads\/2025\/04\/Castres-Trevise-Compositions-Chaine-TV-et-Heure.png","type":"image\/png"}],"author":"S\u00e9bastien Gente","twitter_card":"summary_large_image","twitter_title":"Castres-Tr\u00e9vise : Compositions, Date, Heure et Cha\u00eene TV","twitter_creator":"@https:\/\/twitter.com\/globulo24","twitter_site":"@dicodusport","schema":{"@context":"https:\/\/schema.org","@graph":[{"@type":"NewsArticle","@id":"https:\/\/dicodusport.fr\/blog\/castres-trevise-compositions-chaine-tv-et-heure\/#article","isPartOf":{"@id":"https:\/\/dicodusport.fr\/blog\/castres-trevise-compositions-chaine-tv-et-heure\/"},"author":{"name":"S\u00e9bastien Gente","@id":"https:\/\/dicodusport.fr\/blog\/#\/schema\/person\/627966a6cde45dbd8c5e36ac85d783da"},"headline":"Castres-Tr\u00e9vise : Compositions, Date, Heure et Cha\u00eene TV","datePublished":"2025-04-05T12:23:57+00:00","dateModified":"2025-04-05T12:25:31+00:00","mainEntityOfPage":{"@id":"https:\/\/dicodusport.fr\/blog\/castres-trevise-compositions-chaine-tv-et-heure\/"},"wordCount":644,"commentCount":0,"publisher":{"@id":"https:\/\/dicodusport.fr\/blog\/#organization"},"image":{"@id":"https:\/\/dicodusport.fr\/blog\/castres-trevise-compositions-chaine-tv-et-heure\/#primaryimage"},"thumbnailUrl":"https:\/\/dicodusport.fr\/blog\/wp-content\/uploads\/2025\/04\/Castres-Trevise-Compositions-Chaine-TV-et-Heure.png","keywords":["br\u00e8ve","Castres","Castres Olympique","Champions Cup"],"articleSection":["Cha\u00eene TV","Champions Cup","Rugby \u00e0 XV"],"inLanguage":"fr-FR","potentialAction":[{"@type":"CommentAction","name":"Comment","target":["https:\/\/dicodusport.fr\/blog\/castres-trevise-compositions-chaine-tv-et-heure\/#respond"]}],"copyrightYear":"2025","copyrightHolder":{"@id":"https:\/\/dicodusport.fr\/blog\/#organization"}},{"@type":"WebPage","@id":"https:\/\/dicodusport.fr\/blog\/castres-trevise-compositions-chaine-tv-et-heure\/","url":"https:\/\/dicodusport.fr\/blog\/castres-trevise-compositions-chaine-tv-et-heure\/","name":"Castres-Tr\u00e9vise : Compositions, Date, Heure et Cha\u00eene TV","isPartOf":{"@id":"https:\/\/dicodusport.fr\/blog\/#website"},"primaryImageOfPage":{"@id":"https:\/\/dicodusport.fr\/blog\/castres-trevise-compositions-chaine-tv-et-heure\/#primaryimage"},"image":{"@id":"https:\/\/dicodusport.fr\/blog\/castres-trevise-compositions-chaine-tv-et-heure\/#primaryimage"},"thumbnailUrl":"https:\/\/dicodusport.fr\/blog\/wp-content\/uploads\/2025\/04\/Castres-Trevise-Compositions-Chaine-TV-et-Heure.png","datePublished":"2025-04-05T12:23:57+00:00","dateModified":"2025-04-05T12:25:31+00:00","description":"\u00c0 quelle heure et sur quelle cha\u00eene TV suivre le 8\u00e8me de finale de Champions Cup entre Castres et le Benetton ? Retrouvez \u00e9galement les compositions des deux \u00e9quipes.","breadcrumb":{"@id":"https:\/\/dicodusport.fr\/blog\/castres-trevise-compositions-chaine-tv-et-heure\/#breadcrumb"},"inLanguage":"fr-FR","potentialAction":[{"@type":"ReadAction","target":["https:\/\/dicodusport.fr\/blog\/castres-trevise-compositions-chaine-tv-et-heure\/"]}]},{"@type":"ImageObject","inLanguage":"fr-FR","@id":"https:\/\/dicodusport.fr\/blog\/castres-trevise-compositions-chaine-tv-et-heure\/#primaryimage","url":"https:\/\/dicodusport.fr\/blog\/wp-content\/uploads\/2025\/04\/Castres-Trevise-Compositions-Chaine-TV-et-Heure.png","contentUrl":"https:\/\/dicodusport.fr\/blog\/wp-content\/uploads\/2025\/04\/Castres-Trevise-Compositions-Chaine-TV-et-Heure.png","width":1200,"height":674,"caption":"Castres-Tr\u00e9vise Compositions, Cha\u00eene TV et Heure"},{"@type":"BreadcrumbList","@id":"https:\/\/dicodusport.fr\/blog\/castres-trevise-compositions-chaine-tv-et-heure\/#breadcrumb","itemListElement":[{"@type":"ListItem","position":1,"name":"Accueil","item":"https:\/\/dicodusport.fr\/blog\/"},{"@type":"ListItem","position":2,"name":"Castres-Tr\u00e9vise : Compositions, Date, Heure et Cha\u00eene TV"}]},{"@type":"WebSite","@id":"https:\/\/dicodusport.fr\/blog\/#website","url":"https:\/\/dicodusport.fr\/blog\/","name":"Dicodusport","description":"L&#039;encyclop\u00e9die de l&#039;actualit\u00e9 sportive","publisher":{"@id":"https:\/\/dicodusport.fr\/blog\/#organization"},"potentialAction":[{"@type":"SearchAction","target":{"@type":"EntryPoint","urlTemplate":"https:\/\/dicodusport.fr\/blog\/?s={search_term_string}"},"query-input":{"@type":"PropertyValueSpecification","valueRequired":true,"valueName":"search_term_string"}}],"inLanguage":"fr-FR"},{"@type":"NewsMediaOrganization","@id":"https:\/\/dicodusport.fr\/blog\/#organization","name":"Dicodusport","url":"https:\/\/dicodusport.fr\/blog\/","logo":{"@type":"ImageObject","inLanguage":"fr-FR","@id":"https:\/\/dicodusport.fr\/blog\/#\/schema\/logo\/image\/","url":"https:\/\/dicodusport.fr\/blog\/wp-content\/uploads\/2020\/06\/cropped-LOGO-DICODUSPORT-2020-SANS-FOND-SANS-TEXTE.png","contentUrl":"https:\/\/dicodusport.fr\/blog\/wp-content\/uploads\/2020\/06\/cropped-LOGO-DICODUSPORT-2020-SANS-FOND-SANS-TEXTE.png","width":512,"height":512,"caption":"Dicodusport"},"image":{"@id":"https:\/\/dicodusport.fr\/blog\/#\/schema\/logo\/image\/"},"sameAs":["https:\/\/www.facebook.com\/dicodusport","https:\/\/x.com\/dicodusport","https:\/\/www.instagram.com\/dicodusport\/","https:\/\/www.youtube.com\/channel\/UC7V2KZ5sd3htJivAbA4ZG3w"],"description":"Dicodusport est l'encyclop\u00e9die de l'actualit\u00e9 sportive.","email":"bonjour@dicodusport.fr","legalName":"DICODUSPORT","foundingDate":"2018-01-14","vatID":"FR71834470973","taxID":"83447097300043","numberOfEmployees":{"@type":"QuantitativeValue","minValue":"1","maxValue":"10"}},{"@type":"Person","@id":"https:\/\/dicodusport.fr\/blog\/#\/schema\/person\/627966a6cde45dbd8c5e36ac85d783da","name":"S\u00e9bastien Gente","image":{"@type":"ImageObject","inLanguage":"fr-FR","@id":"https:\/\/dicodusport.fr\/blog\/#\/schema\/person\/image\/","url":"https:\/\/dicodusport.fr\/blog\/wp-content\/uploads\/2021\/09\/1510990_10205810251400683_4124423575079401707_n-150x150.jpg","contentUrl":"https:\/\/dicodusport.fr\/blog\/wp-content\/uploads\/2021\/09\/1510990_10205810251400683_4124423575079401707_n-150x150.jpg","caption":"S\u00e9bastien Gente"},"description":"John Stockton, Gianni Bugno, Zinedine Zidane, Steffi Graf, Frode Andresen, St\u00e9phane Stoecklin, Davis Kamoga, Primoz Peterka, Werner Schlager et Aur\u00e9lien Rougerie. Point commun entre ces sportifs? Ils m'ont fait r\u00eaver et ont berc\u00e9 mon adolescence. Je suis un fondu de sports et j'essaie de retranscrire ma passion \u00e0 travers mes articles. Originaire du P\u00e9rigord, ma passion pour les Girondins, les Jaunards et les Jazzmen transpire dans mes \u00e9crits. \u00c0 Dicodusport depuis 2021, je d\u00e9niche les sports m\u00e9connus dans lesquels la France brille, et il y en a !","sameAs":["https:\/\/www.facebook.com\/sebastien.gente\/","https:\/\/www.instagram.com\/sebgente\/","https:\/\/www.linkedin.com\/in\/sbastien-gente-a29583169\/","https:\/\/x.com\/https:\/\/twitter.com\/globulo24","SebastienGente"],"worksFor":"S\u00e9bastien GENTE","url":"https:\/\/dicodusport.fr\/blog\/author\/sebastiengente\/"}]}},"_links":{"self":[{"href":"https:\/\/dicodusport.fr\/blog\/wp-json\/wp\/v2\/posts\/569422","targetHints":{"allow":["GET"]}}],"collection":[{"href":"https:\/\/dicodusport.fr\/blog\/wp-json\/wp\/v2\/posts"}],"about":[{"href":"https:\/\/dicodusport.fr\/blog\/wp-json\/wp\/v2\/types\/post"}],"author":[{"embeddable":true,"href":"https:\/\/dicodusport.fr\/blog\/wp-json\/wp\/v2\/users\/59"}],"replies":[{"embeddable":true,"href":"https:\/\/dicodusport.fr\/blog\/wp-json\/wp\/v2\/comments?post=569422"}],"version-history":[{"count":5,"href":"https:\/\/dicodusport.fr\/blog\/wp-json\/wp\/v2\/posts\/569422\/revisions"}],"predecessor-version":[{"id":570024,"href":"https:\/\/dicodusport.fr\/blog\/wp-json\/wp\/v2\/posts\/569422\/revisions\/570024"}],"wp:featuredmedia":[{"embeddable":true,"href":"https:\/\/dicodusport.fr\/blog\/wp-json\/wp\/v2\/media\/569424"}],"wp:attachment":[{"href":"https:\/\/dicodusport.fr\/blog\/wp-json\/wp\/v2\/media?parent=569422"}],"wp:term":[{"taxonomy":"category","embeddable":true,"href":"https:\/\/dicodusport.fr\/blog\/wp-json\/wp\/v2\/categories?post=569422"},{"taxonomy":"post_tag","embeddable":true,"href":"https:\/\/dicodusport.fr\/blog\/wp-json\/wp\/v2\/tags?post=569422"}],"curies":[{"name":"wp","href":"https:\/\/api.w.org\/{rel}","templated":true}]}}