{"id":569541,"date":"2025-04-04T15:05:59","date_gmt":"2025-04-04T13:05:59","guid":{"rendered":"https:\/\/dicodusport.fr\/blog\/?p=569541&#038;preview=true&#038;preview_id=569541"},"modified":"2025-04-04T15:06:06","modified_gmt":"2025-04-04T13:06:06","slug":"perpignan-racing-92-compositions-chaine-tv-et-heure","status":"publish","type":"post","link":"https:\/\/dicodusport.fr\/blog\/perpignan-racing-92-compositions-chaine-tv-et-heure\/","title":{"rendered":"Perpignan-Racing 92 : Compositions, Cha\u00eene TV et Heure"},"content":{"rendered":"<h4 style=\"text-align: justify;\"><em>\u00c0 quelle heure et sur quelle cha\u00eene TV suivre le 8\u00e8me de finale de Challenge Cup entre Perpignan et le Racing 92 ? Retrouvez \u00e9galement les compositions des deux \u00e9quipes.<\/em><\/h4>\n<ul style=\"text-align: justify;\">\n<li style=\"text-align: justify;\"><strong>\u00c0 ce sujet &#8211;\u00a0<a href=\"https:\/\/dicodusport.fr\/blog\/challenge-cup-2024-2025-tableau-complet-de-la-phase-finale\/\">Phase finale Challenge Cup : Le tableau complet<\/a><\/strong><\/li>\n<\/ul>\n<p style=\"text-align: justify;\">C&rsquo;est un duel 100% fran\u00e7ais qui se tiendra samedi \u00e0 21h00 au Stade Aim\u00e9-Giral. En 8\u00e8me de finale de la Challenge Cup 2024\/2025, l&rsquo;<strong>USA Perpignan<\/strong> accueillera le <strong>Racing 92<\/strong>. Sur les deux comp\u00e9titions europ\u00e9ennes confondues, c&rsquo;est le seul duel franco-fran\u00e7ais qui aura lieu en 8\u00e8me de finale. Cela avait d\u00e9j\u00e0 \u00e9t\u00e9 le cas pour le club francilien l&rsquo;an dernier, avec <a href=\"https:\/\/dicodusport.fr\/blog\/champions-cup-8emes-de-finale-le-stade-toulousain-trop-fort-pour-le-racing-92\/\"><strong>une d\u00e9faite 31-7 \u00e0 ce stade en Champions Cup contre le Stade Toulousain<\/strong><\/a>.<\/p>\n<p style=\"text-align: justify;\">Le <strong>Racing<\/strong> \u00e9tait d&rsquo;ailleurs encore engag\u00e9 en Champions Cup cette saison. Mais malgr\u00e9 deux victoires \u00e0 domicile contre les <a href=\"https:\/\/dicodusport.fr\/blog\/champions-cup-j1-le-racing-92-sauve-des-eaux-face-aux-harlequins\/\"><strong>Harlequins<\/strong><\/a> et les <a href=\"https:\/\/dicodusport.fr\/blog\/champions-cup-j4-le-racing-92-domine-les-stormers-et-peut-croire-en-la-qualification\/\"><strong>Stormers<\/strong><\/a>, il n&rsquo;a pu se qualifier en 8\u00e8me de finale et a \u00e9t\u00e9 revers\u00e9 en Challenge Cup. Perpignan, de son c\u00f4t\u00e9, a termin\u00e9 troisi\u00e8me de la poule 1, uniquement battu par le Connacht. Avec deux victoires et un nul, les Catalans n&rsquo;ont pas trembl\u00e9 pour leur qualification.<\/p>\n<h2 style=\"text-align: justify;\">Cela s&rsquo;annonce serr\u00e9<\/h2>\n<p style=\"text-align: justify;\">\u200bComme depuis plusieurs ann\u00e9es, <strong>Perpignan<\/strong> lutte \u00e2prement pour son maintien en Top 14. Mais le fait est que les Catalans n&rsquo;ont plus gagn\u00e9 depuis cinq matchs sur la sc\u00e8ne nationale. Leur dernier succ\u00e8s remonte au 25 janvier dernier contre Bayonne. N\u00e9anmoins, ils ont r\u00e9ussi \u00e0 gratter quelques points durant cette p\u00e9riode, puisqu&rsquo;ils ont arrach\u00e9 deux nuls, contre Castres et surtout <a href=\"https:\/\/dicodusport.fr\/blog\/multirugby-top-14-j20-clermont-bayonne-et-montpellier-victorieux-match-nul-amer-pour-vannes\/\"><strong>le weekend dernier \u00e0 Vannes<\/strong><\/a>, au terme d&rsquo;une fin de match de feu. Ainsi, ils sont toujours en position de barragiste.<\/p>\n<p style=\"text-align: justify;\">Le <strong>Racing<\/strong>, de son c\u00f4t\u00e9, joue aussi sa survie apr\u00e8s une saison d\u00e9cevante. Les Franciliens ont notamment encha\u00een\u00e9 sept matchs sans victoire en Top 14 avant que la situation ne s&rsquo;am\u00e9liore sous la f\u00e9rule du nouvel entra\u00eeneur,<strong> Patrice Collazo<\/strong>. Sp\u00e9cialiste des missions sauvetage, il a fait son effet, puisque les Racingmen ont remport\u00e9 trois de leurs quatre derniers matchs en Top 14, <a href=\"https:\/\/dicodusport.fr\/blog\/multirugby-top-14-j19-le-racing-92-et-le-stade-francais-surprennent-pau-arrache-la-victoire\/\"><strong>dont une victoire cruciale \u00e0 Clermont<\/strong><\/a>, et ont pris sept points de marge sur la zone rouge. Mieux, ils ne sont qu&rsquo;\u00e0 cinq points de la qualification.<\/p>\n<p style=\"text-align: justify;\">Une confrontation qui s&rsquo;annonce toutefois serr\u00e9e. Lors du match aller en Top 14, en octobre dernier, <a href=\"https:\/\/dicodusport.fr\/blog\/multirugby-top-14-j8-lexploit-de-bayonne-a-lyon-vannes-dompte-castres-montpellier-soffre-la-rochelle\/\">le <strong>Racing<\/strong> l&rsquo;avait emport\u00e9 <strong>30-23<\/strong> \u00e0 domicile<\/a> au terme d&rsquo;un match ouvert. Le retour, lui, aura lieu&#8230; lors de la prochaine journ\u00e9e de Top 14. Les Ciel et Blanc \u00e9taient venus s&rsquo;imposer \u00e0 Aim\u00e9-Giral en 2019, mais ont perdu trois fois sur ce terrain depuis. De quoi promettre du suspense pour ce duel.<\/p>\n<h2 style=\"text-align: justify;\">Perpignan &#8211; Racing 92 : \u00c0 quelle heure et sur quelle cha\u00eene TV suivre le match ?<\/h2>\n<p style=\"text-align: justify;\">Match \u00e0 suivre ce <strong>samedi 5 avril 2025 \u00e0 21h00<\/strong>, sur <b>beIN Sports 3<\/b>.<\/p>\n<h2 style=\"text-align: justify;\">Les compositions de\u00a0Perpignan &#8211; Racing 92<\/h2>\n<h3 style=\"text-align: justify;\">La composition de Perpignan<\/h3>\n<p style=\"text-align: justify;\"><strong>Le XV de d\u00e9part<\/strong> : 15. Allan; 14. Veredamu, 13. Naqalevu, 12. De la Fuente, 11. Duguivalu; 10. McIntyre, 9. Hall; 7. Hicks, 8. Velarte, 6. Sobela\u2005; 5. Tanguy, 4. Labouteley; 3. Ceccarelli, 2. Lam, 1. Devaux.<\/p>\n<p style=\"text-align: justify;\"><strong>Rempla\u00e7ants<\/strong> : 16. Montgaillard, 17.B\u00e9ria, 18. Fakatika, 19. Warion, 20. Bachelier, 21. Aprasidze, 22. Delpy, 23. Buliruarua.<\/p>\n<h3 style=\"text-align: justify;\">La composition du Racing 92<\/h3>\n<p style=\"text-align: justify;\"><strong>Le XV de d\u00e9part :<\/strong> 15. Tedder\u2005; 14. D. Taofifenua, 13. Chavancy, 12. Habosi, 11. Fickou\u2005; 10. Farrell, 9. Gibert\u2005; 7. Zinzen (cap.), 8. Joseph, 6. Baudonne\u2005; 5. R. Taofifenua, 4. Kpoku\u2005; 3. Bamba, 2. Tarrit, 1. Kolingar<\/p>\n<p style=\"text-align: justify;\"><strong>Rempla\u00e7ants<\/strong> : 16. Escobar, 17. Mazibuko, 18. Laclayat, 19. Palu, 20. Manyarara, 21. Naituvi, 22. Le Garrec, 23. James.<\/p>\n<h2 style=\"text-align: justify;\">Les cotes de\u00a0Perpignan &#8211; Racing 92<\/h2>\n<table style=\"width: 800px;\">\n<tbody>\n<tr style=\"height: 16px;\">\n<td style=\"background-color: #404040; text-align: left; border-color: #ededed; width: 500px;\" colspan=\"3\"><span style=\"font-size: 12px; color: #ffffff;\">Samedi 5 avril 2025, 21h00<\/span><\/td>\n<\/tr>\n<tr style=\"height: 24px;\">\n<td style=\"background-color: #ffffff; border-color: #ededed; vertical-align: middle; text-align: center; width: 266px;\"><span style=\"font-size: 14px;\"><b>Perpignan<br \/>\n<\/b><\/span><span style=\"font-size: 10px;\"><a href=\"https:\/\/www.winamax.fr\/paris-sportifs\/match\/?banid=33423\" class=\"su-button su-button-style-flat su-button-wide\" style=\"color:#fff;background-color:#000;border-color:#000000;border-radius:5px\" target=\"_blank\" rel=\"noopener noreferrer\"><span style=\"color:#fff;padding:0px 20px;font-size:16px;line-height:32px;border-color:#4d4d4d;border-radius:5px;text-shadow:none\"> NC<\/span><\/a><\/span><\/td>\n<td style=\"background-color: #ffffff; border-color: #ededed; vertical-align: middle; text-align: center; width: 266px;\"><span style=\"font-size: 10px;\"><span style=\"font-size: 14px;\"><strong>Match nul<\/strong><\/span><br \/>\n<a href=\"https:\/\/www.winamax.fr\/paris-sportifs\/match\/?banid=33423\" class=\"su-button su-button-style-flat su-button-wide\" style=\"color:#fff;background-color:#000;border-color:#000000;border-radius:5px\" target=\"_blank\" rel=\"noopener noreferrer\"><span style=\"color:#fff;padding:0px 20px;font-size:16px;line-height:32px;border-color:#4d4d4d;border-radius:5px;text-shadow:none\"> NC<\/span><\/a><\/span><\/td>\n<td style=\"background-color: #ffffff; border-color: #ededed; vertical-align: middle; text-align: center; width: 266px;\"><span style=\"font-size: 10px;\"><span style=\"font-size: 14px;\"><b>Racing 92<\/b><\/span><br \/>\n<a href=\"https:\/\/www.winamax.fr\/paris-sportifs\/match\/?banid=33423\" class=\"su-button su-button-style-flat su-button-wide\" style=\"color:#fff;background-color:#000;border-color:#000000;border-radius:5px\" target=\"_blank\" rel=\"noopener noreferrer\"><span style=\"color:#fff;padding:0px 20px;font-size:16px;line-height:32px;border-color:#4d4d4d;border-radius:5px;text-shadow:none\"> NC<\/span><\/a><\/span><\/td>\n<\/tr>\n<\/tbody>\n<\/table>\n<p style=\"text-align: justify;\">Tentez votre chance en profitant de votre <a href=\"https:\/\/www.winamax.fr\/registration\/landing\/affiliation_Bonus100?banid=33423\">1er d\u00e9p\u00f4t doubl\u00e9 jusqu&rsquo;\u00e0 100 \u20ac<\/a> direct en paris gratuits sur Winamax !<\/p>\n<p style=\"text-align: justify;\">\n","protected":false},"excerpt":{"rendered":"<p>\u00c0 quelle heure et sur quelle cha\u00eene TV suivre le 8\u00e8me de finale de Challenge Cup entre Perpignan et le Racing 92 ? Retrouvez \u00e9galement les compositions des deux \u00e9quipes.<\/p>\n","protected":false},"author":59,"featured_media":569558,"comment_status":"open","ping_status":"closed","sticky":false,"template":"","format":"standard","meta":{"_acf_changed":false,"_daextam_enable_autolinks":"1","footnotes":""},"categories":[44295,9129],"tags":[16878,4299,3131,16997],"class_list":["post-569541","post","type-post","status-publish","format-standard","has-post-thumbnail","hentry","category-chaine-tv","category-rugby-a-xv","tag-breve","tag-challenge-cup","tag-racing-92","tag-usa-perpignan"],"acf":[],"yoast_head":"<!-- This site is optimized with the Yoast SEO Premium plugin v26.7 (Yoast SEO v26.7) - https:\/\/yoast.com\/wordpress\/plugins\/seo\/ -->\n<title>Perpignan-Racing 92 : Compositions, Cha\u00eene TV et Heure<\/title>\n<meta name=\"description\" content=\"\u00c0 quelle heure et sur quelle cha\u00eene TV suivre le 8\u00e8me de finale de Challenge Cup entre Perpignan et le Racing 92 ? Retrouvez \u00e9galement les compositions des deux \u00e9quipes.\" \/>\n<meta name=\"robots\" content=\"index, follow, max-snippet:-1, max-image-preview:large, max-video-preview:-1\" \/>\n<link rel=\"canonical\" href=\"https:\/\/dicodusport.fr\/blog\/perpignan-racing-92-compositions-chaine-tv-et-heure\/\" \/>\n<meta property=\"og:locale\" content=\"fr_FR\" \/>\n<meta property=\"og:type\" content=\"article\" \/>\n<meta property=\"og:title\" content=\"Perpignan-Racing 92 : Compositions, Cha\u00eene TV et Heure\" \/>\n<meta property=\"og:description\" content=\"\u00c0 quelle heure et sur quelle cha\u00eene TV suivre le 8\u00e8me de finale de Challenge Cup entre Perpignan et le Racing 92 ? Retrouvez \u00e9galement les compositions des deux \u00e9quipes.\" \/>\n<meta property=\"og:url\" content=\"https:\/\/dicodusport.fr\/blog\/perpignan-racing-92-compositions-chaine-tv-et-heure\/\" \/>\n<meta property=\"og:site_name\" content=\"Dicodusport\" \/>\n<meta property=\"article:publisher\" content=\"https:\/\/www.facebook.com\/dicodusport\" \/>\n<meta property=\"article:author\" content=\"https:\/\/www.facebook.com\/sebastien.gente\/\" \/>\n<meta property=\"article:published_time\" content=\"2025-04-04T13:05:59+00:00\" \/>\n<meta property=\"article:modified_time\" content=\"2025-04-04T13:06:06+00:00\" \/>\n<meta property=\"og:image\" content=\"https:\/\/dicodusport.fr\/blog\/wp-content\/uploads\/2025\/04\/Perpignan-Racing-92-Compositions-Chaine-TV-et-Heure.png\" \/>\n\t<meta property=\"og:image:width\" content=\"1200\" \/>\n\t<meta property=\"og:image:height\" content=\"674\" \/>\n\t<meta property=\"og:image:type\" content=\"image\/png\" \/>\n<meta name=\"author\" content=\"S\u00e9bastien Gente\" \/>\n<meta name=\"twitter:card\" content=\"summary_large_image\" \/>\n<meta name=\"twitter:title\" content=\"Perpignan-Racing 92 : Compositions, Cha\u00eene TV et Heure\" \/>\n<meta name=\"twitter:creator\" content=\"@https:\/\/twitter.com\/globulo24\" \/>\n<meta name=\"twitter:site\" content=\"@dicodusport\" \/>\n<script type=\"application\/ld+json\" class=\"yoast-schema-graph\">{\"@context\":\"https:\/\/schema.org\",\"@graph\":[{\"@type\":\"NewsArticle\",\"@id\":\"https:\/\/dicodusport.fr\/blog\/perpignan-racing-92-compositions-chaine-tv-et-heure\/#article\",\"isPartOf\":{\"@id\":\"https:\/\/dicodusport.fr\/blog\/perpignan-racing-92-compositions-chaine-tv-et-heure\/\"},\"author\":{\"name\":\"S\u00e9bastien Gente\",\"@id\":\"https:\/\/dicodusport.fr\/blog\/#\/schema\/person\/627966a6cde45dbd8c5e36ac85d783da\"},\"headline\":\"Perpignan-Racing 92 : Compositions, Cha\u00eene TV et Heure\",\"datePublished\":\"2025-04-04T13:05:59+00:00\",\"dateModified\":\"2025-04-04T13:06:06+00:00\",\"mainEntityOfPage\":{\"@id\":\"https:\/\/dicodusport.fr\/blog\/perpignan-racing-92-compositions-chaine-tv-et-heure\/\"},\"wordCount\":660,\"commentCount\":0,\"publisher\":{\"@id\":\"https:\/\/dicodusport.fr\/blog\/#organization\"},\"image\":{\"@id\":\"https:\/\/dicodusport.fr\/blog\/perpignan-racing-92-compositions-chaine-tv-et-heure\/#primaryimage\"},\"thumbnailUrl\":\"https:\/\/dicodusport.fr\/blog\/wp-content\/uploads\/2025\/04\/Perpignan-Racing-92-Compositions-Chaine-TV-et-Heure.png\",\"keywords\":[\"br\u00e8ve\",\"Challenge cup\",\"Racing 92\",\"USA Perpignan\"],\"articleSection\":[\"Cha\u00eene TV\",\"Rugby \u00e0 XV\"],\"inLanguage\":\"fr-FR\",\"potentialAction\":[{\"@type\":\"CommentAction\",\"name\":\"Comment\",\"target\":[\"https:\/\/dicodusport.fr\/blog\/perpignan-racing-92-compositions-chaine-tv-et-heure\/#respond\"]}],\"copyrightYear\":\"2025\",\"copyrightHolder\":{\"@id\":\"https:\/\/dicodusport.fr\/blog\/#organization\"}},{\"@type\":\"WebPage\",\"@id\":\"https:\/\/dicodusport.fr\/blog\/perpignan-racing-92-compositions-chaine-tv-et-heure\/\",\"url\":\"https:\/\/dicodusport.fr\/blog\/perpignan-racing-92-compositions-chaine-tv-et-heure\/\",\"name\":\"Perpignan-Racing 92 : Compositions, Cha\u00eene TV et Heure\",\"isPartOf\":{\"@id\":\"https:\/\/dicodusport.fr\/blog\/#website\"},\"primaryImageOfPage\":{\"@id\":\"https:\/\/dicodusport.fr\/blog\/perpignan-racing-92-compositions-chaine-tv-et-heure\/#primaryimage\"},\"image\":{\"@id\":\"https:\/\/dicodusport.fr\/blog\/perpignan-racing-92-compositions-chaine-tv-et-heure\/#primaryimage\"},\"thumbnailUrl\":\"https:\/\/dicodusport.fr\/blog\/wp-content\/uploads\/2025\/04\/Perpignan-Racing-92-Compositions-Chaine-TV-et-Heure.png\",\"datePublished\":\"2025-04-04T13:05:59+00:00\",\"dateModified\":\"2025-04-04T13:06:06+00:00\",\"description\":\"\u00c0 quelle heure et sur quelle cha\u00eene TV suivre le 8\u00e8me de finale de Challenge Cup entre Perpignan et le Racing 92 ? Retrouvez \u00e9galement les compositions des deux \u00e9quipes.\",\"breadcrumb\":{\"@id\":\"https:\/\/dicodusport.fr\/blog\/perpignan-racing-92-compositions-chaine-tv-et-heure\/#breadcrumb\"},\"inLanguage\":\"fr-FR\",\"potentialAction\":[{\"@type\":\"ReadAction\",\"target\":[\"https:\/\/dicodusport.fr\/blog\/perpignan-racing-92-compositions-chaine-tv-et-heure\/\"]}]},{\"@type\":\"ImageObject\",\"inLanguage\":\"fr-FR\",\"@id\":\"https:\/\/dicodusport.fr\/blog\/perpignan-racing-92-compositions-chaine-tv-et-heure\/#primaryimage\",\"url\":\"https:\/\/dicodusport.fr\/blog\/wp-content\/uploads\/2025\/04\/Perpignan-Racing-92-Compositions-Chaine-TV-et-Heure.png\",\"contentUrl\":\"https:\/\/dicodusport.fr\/blog\/wp-content\/uploads\/2025\/04\/Perpignan-Racing-92-Compositions-Chaine-TV-et-Heure.png\",\"width\":1200,\"height\":674,\"caption\":\"Perpignan-Racing 92 Compositions, Cha\u00eene TV et Heure\"},{\"@type\":\"BreadcrumbList\",\"@id\":\"https:\/\/dicodusport.fr\/blog\/perpignan-racing-92-compositions-chaine-tv-et-heure\/#breadcrumb\",\"itemListElement\":[{\"@type\":\"ListItem\",\"position\":1,\"name\":\"Accueil\",\"item\":\"https:\/\/dicodusport.fr\/blog\/\"},{\"@type\":\"ListItem\",\"position\":2,\"name\":\"Perpignan-Racing 92 : Compositions, Cha\u00eene TV et Heure\"}]},{\"@type\":\"WebSite\",\"@id\":\"https:\/\/dicodusport.fr\/blog\/#website\",\"url\":\"https:\/\/dicodusport.fr\/blog\/\",\"name\":\"Dicodusport\",\"description\":\"L&#039;encyclop\u00e9die de l&#039;actualit\u00e9 sportive\",\"publisher\":{\"@id\":\"https:\/\/dicodusport.fr\/blog\/#organization\"},\"potentialAction\":[{\"@type\":\"SearchAction\",\"target\":{\"@type\":\"EntryPoint\",\"urlTemplate\":\"https:\/\/dicodusport.fr\/blog\/?s={search_term_string}\"},\"query-input\":{\"@type\":\"PropertyValueSpecification\",\"valueRequired\":true,\"valueName\":\"search_term_string\"}}],\"inLanguage\":\"fr-FR\"},{\"@type\":\"NewsMediaOrganization\",\"@id\":\"https:\/\/dicodusport.fr\/blog\/#organization\",\"name\":\"Dicodusport\",\"url\":\"https:\/\/dicodusport.fr\/blog\/\",\"logo\":{\"@type\":\"ImageObject\",\"inLanguage\":\"fr-FR\",\"@id\":\"https:\/\/dicodusport.fr\/blog\/#\/schema\/logo\/image\/\",\"url\":\"https:\/\/dicodusport.fr\/blog\/wp-content\/uploads\/2020\/06\/cropped-LOGO-DICODUSPORT-2020-SANS-FOND-SANS-TEXTE.png\",\"contentUrl\":\"https:\/\/dicodusport.fr\/blog\/wp-content\/uploads\/2020\/06\/cropped-LOGO-DICODUSPORT-2020-SANS-FOND-SANS-TEXTE.png\",\"width\":512,\"height\":512,\"caption\":\"Dicodusport\"},\"image\":{\"@id\":\"https:\/\/dicodusport.fr\/blog\/#\/schema\/logo\/image\/\"},\"sameAs\":[\"https:\/\/www.facebook.com\/dicodusport\",\"https:\/\/x.com\/dicodusport\",\"https:\/\/www.instagram.com\/dicodusport\/\",\"https:\/\/www.youtube.com\/channel\/UC7V2KZ5sd3htJivAbA4ZG3w\"],\"description\":\"Dicodusport est l'encyclop\u00e9die de l'actualit\u00e9 sportive.\",\"email\":\"bonjour@dicodusport.fr\",\"legalName\":\"DICODUSPORT\",\"foundingDate\":\"2018-01-14\",\"vatID\":\"FR71834470973\",\"taxID\":\"83447097300043\",\"numberOfEmployees\":{\"@type\":\"QuantitativeValue\",\"minValue\":\"1\",\"maxValue\":\"10\"}},{\"@type\":\"Person\",\"@id\":\"https:\/\/dicodusport.fr\/blog\/#\/schema\/person\/627966a6cde45dbd8c5e36ac85d783da\",\"name\":\"S\u00e9bastien Gente\",\"image\":{\"@type\":\"ImageObject\",\"inLanguage\":\"fr-FR\",\"@id\":\"https:\/\/dicodusport.fr\/blog\/#\/schema\/person\/image\/\",\"url\":\"https:\/\/dicodusport.fr\/blog\/wp-content\/uploads\/2021\/09\/1510990_10205810251400683_4124423575079401707_n-150x150.jpg\",\"contentUrl\":\"https:\/\/dicodusport.fr\/blog\/wp-content\/uploads\/2021\/09\/1510990_10205810251400683_4124423575079401707_n-150x150.jpg\",\"caption\":\"S\u00e9bastien Gente\"},\"description\":\"John Stockton, Gianni Bugno, Zinedine Zidane, Steffi Graf, Frode Andresen, St\u00e9phane Stoecklin, Davis Kamoga, Primoz Peterka, Werner Schlager et Aur\u00e9lien Rougerie. Point commun entre ces sportifs? Ils m'ont fait r\u00eaver et ont berc\u00e9 mon adolescence. Je suis un fondu de sports et j'essaie de retranscrire ma passion \u00e0 travers mes articles. Originaire du P\u00e9rigord, ma passion pour les Girondins, les Jaunards et les Jazzmen transpire dans mes \u00e9crits. \u00c0 Dicodusport depuis 2021, je d\u00e9niche les sports m\u00e9connus dans lesquels la France brille, et il y en a !\",\"sameAs\":[\"https:\/\/www.facebook.com\/sebastien.gente\/\",\"https:\/\/www.instagram.com\/sebgente\/\",\"https:\/\/www.linkedin.com\/in\/sbastien-gente-a29583169\/\",\"https:\/\/x.com\/https:\/\/twitter.com\/globulo24\",\"SebastienGente\"],\"worksFor\":\"S\u00e9bastien GENTE\",\"url\":\"https:\/\/dicodusport.fr\/blog\/author\/sebastiengente\/\"}]}<\/script>\n<!-- \/ Yoast SEO Premium plugin. -->","yoast_head_json":{"title":"Perpignan-Racing 92 : Compositions, Cha\u00eene TV et Heure","description":"\u00c0 quelle heure et sur quelle cha\u00eene TV suivre le 8\u00e8me de finale de Challenge Cup entre Perpignan et le Racing 92 ? Retrouvez \u00e9galement les compositions des deux \u00e9quipes.","robots":{"index":"index","follow":"follow","max-snippet":"max-snippet:-1","max-image-preview":"max-image-preview:large","max-video-preview":"max-video-preview:-1"},"canonical":"https:\/\/dicodusport.fr\/blog\/perpignan-racing-92-compositions-chaine-tv-et-heure\/","og_locale":"fr_FR","og_type":"article","og_title":"Perpignan-Racing 92 : Compositions, Cha\u00eene TV et Heure","og_description":"\u00c0 quelle heure et sur quelle cha\u00eene TV suivre le 8\u00e8me de finale de Challenge Cup entre Perpignan et le Racing 92 ? Retrouvez \u00e9galement les compositions des deux \u00e9quipes.","og_url":"https:\/\/dicodusport.fr\/blog\/perpignan-racing-92-compositions-chaine-tv-et-heure\/","og_site_name":"Dicodusport","article_publisher":"https:\/\/www.facebook.com\/dicodusport","article_author":"https:\/\/www.facebook.com\/sebastien.gente\/","article_published_time":"2025-04-04T13:05:59+00:00","article_modified_time":"2025-04-04T13:06:06+00:00","og_image":[{"width":1200,"height":674,"url":"https:\/\/dicodusport.fr\/blog\/wp-content\/uploads\/2025\/04\/Perpignan-Racing-92-Compositions-Chaine-TV-et-Heure.png","type":"image\/png"}],"author":"S\u00e9bastien Gente","twitter_card":"summary_large_image","twitter_title":"Perpignan-Racing 92 : Compositions, Cha\u00eene TV et Heure","twitter_creator":"@https:\/\/twitter.com\/globulo24","twitter_site":"@dicodusport","schema":{"@context":"https:\/\/schema.org","@graph":[{"@type":"NewsArticle","@id":"https:\/\/dicodusport.fr\/blog\/perpignan-racing-92-compositions-chaine-tv-et-heure\/#article","isPartOf":{"@id":"https:\/\/dicodusport.fr\/blog\/perpignan-racing-92-compositions-chaine-tv-et-heure\/"},"author":{"name":"S\u00e9bastien Gente","@id":"https:\/\/dicodusport.fr\/blog\/#\/schema\/person\/627966a6cde45dbd8c5e36ac85d783da"},"headline":"Perpignan-Racing 92 : Compositions, Cha\u00eene TV et Heure","datePublished":"2025-04-04T13:05:59+00:00","dateModified":"2025-04-04T13:06:06+00:00","mainEntityOfPage":{"@id":"https:\/\/dicodusport.fr\/blog\/perpignan-racing-92-compositions-chaine-tv-et-heure\/"},"wordCount":660,"commentCount":0,"publisher":{"@id":"https:\/\/dicodusport.fr\/blog\/#organization"},"image":{"@id":"https:\/\/dicodusport.fr\/blog\/perpignan-racing-92-compositions-chaine-tv-et-heure\/#primaryimage"},"thumbnailUrl":"https:\/\/dicodusport.fr\/blog\/wp-content\/uploads\/2025\/04\/Perpignan-Racing-92-Compositions-Chaine-TV-et-Heure.png","keywords":["br\u00e8ve","Challenge cup","Racing 92","USA Perpignan"],"articleSection":["Cha\u00eene TV","Rugby \u00e0 XV"],"inLanguage":"fr-FR","potentialAction":[{"@type":"CommentAction","name":"Comment","target":["https:\/\/dicodusport.fr\/blog\/perpignan-racing-92-compositions-chaine-tv-et-heure\/#respond"]}],"copyrightYear":"2025","copyrightHolder":{"@id":"https:\/\/dicodusport.fr\/blog\/#organization"}},{"@type":"WebPage","@id":"https:\/\/dicodusport.fr\/blog\/perpignan-racing-92-compositions-chaine-tv-et-heure\/","url":"https:\/\/dicodusport.fr\/blog\/perpignan-racing-92-compositions-chaine-tv-et-heure\/","name":"Perpignan-Racing 92 : Compositions, Cha\u00eene TV et Heure","isPartOf":{"@id":"https:\/\/dicodusport.fr\/blog\/#website"},"primaryImageOfPage":{"@id":"https:\/\/dicodusport.fr\/blog\/perpignan-racing-92-compositions-chaine-tv-et-heure\/#primaryimage"},"image":{"@id":"https:\/\/dicodusport.fr\/blog\/perpignan-racing-92-compositions-chaine-tv-et-heure\/#primaryimage"},"thumbnailUrl":"https:\/\/dicodusport.fr\/blog\/wp-content\/uploads\/2025\/04\/Perpignan-Racing-92-Compositions-Chaine-TV-et-Heure.png","datePublished":"2025-04-04T13:05:59+00:00","dateModified":"2025-04-04T13:06:06+00:00","description":"\u00c0 quelle heure et sur quelle cha\u00eene TV suivre le 8\u00e8me de finale de Challenge Cup entre Perpignan et le Racing 92 ? Retrouvez \u00e9galement les compositions des deux \u00e9quipes.","breadcrumb":{"@id":"https:\/\/dicodusport.fr\/blog\/perpignan-racing-92-compositions-chaine-tv-et-heure\/#breadcrumb"},"inLanguage":"fr-FR","potentialAction":[{"@type":"ReadAction","target":["https:\/\/dicodusport.fr\/blog\/perpignan-racing-92-compositions-chaine-tv-et-heure\/"]}]},{"@type":"ImageObject","inLanguage":"fr-FR","@id":"https:\/\/dicodusport.fr\/blog\/perpignan-racing-92-compositions-chaine-tv-et-heure\/#primaryimage","url":"https:\/\/dicodusport.fr\/blog\/wp-content\/uploads\/2025\/04\/Perpignan-Racing-92-Compositions-Chaine-TV-et-Heure.png","contentUrl":"https:\/\/dicodusport.fr\/blog\/wp-content\/uploads\/2025\/04\/Perpignan-Racing-92-Compositions-Chaine-TV-et-Heure.png","width":1200,"height":674,"caption":"Perpignan-Racing 92 Compositions, Cha\u00eene TV et Heure"},{"@type":"BreadcrumbList","@id":"https:\/\/dicodusport.fr\/blog\/perpignan-racing-92-compositions-chaine-tv-et-heure\/#breadcrumb","itemListElement":[{"@type":"ListItem","position":1,"name":"Accueil","item":"https:\/\/dicodusport.fr\/blog\/"},{"@type":"ListItem","position":2,"name":"Perpignan-Racing 92 : Compositions, Cha\u00eene TV et Heure"}]},{"@type":"WebSite","@id":"https:\/\/dicodusport.fr\/blog\/#website","url":"https:\/\/dicodusport.fr\/blog\/","name":"Dicodusport","description":"L&#039;encyclop\u00e9die de l&#039;actualit\u00e9 sportive","publisher":{"@id":"https:\/\/dicodusport.fr\/blog\/#organization"},"potentialAction":[{"@type":"SearchAction","target":{"@type":"EntryPoint","urlTemplate":"https:\/\/dicodusport.fr\/blog\/?s={search_term_string}"},"query-input":{"@type":"PropertyValueSpecification","valueRequired":true,"valueName":"search_term_string"}}],"inLanguage":"fr-FR"},{"@type":"NewsMediaOrganization","@id":"https:\/\/dicodusport.fr\/blog\/#organization","name":"Dicodusport","url":"https:\/\/dicodusport.fr\/blog\/","logo":{"@type":"ImageObject","inLanguage":"fr-FR","@id":"https:\/\/dicodusport.fr\/blog\/#\/schema\/logo\/image\/","url":"https:\/\/dicodusport.fr\/blog\/wp-content\/uploads\/2020\/06\/cropped-LOGO-DICODUSPORT-2020-SANS-FOND-SANS-TEXTE.png","contentUrl":"https:\/\/dicodusport.fr\/blog\/wp-content\/uploads\/2020\/06\/cropped-LOGO-DICODUSPORT-2020-SANS-FOND-SANS-TEXTE.png","width":512,"height":512,"caption":"Dicodusport"},"image":{"@id":"https:\/\/dicodusport.fr\/blog\/#\/schema\/logo\/image\/"},"sameAs":["https:\/\/www.facebook.com\/dicodusport","https:\/\/x.com\/dicodusport","https:\/\/www.instagram.com\/dicodusport\/","https:\/\/www.youtube.com\/channel\/UC7V2KZ5sd3htJivAbA4ZG3w"],"description":"Dicodusport est l'encyclop\u00e9die de l'actualit\u00e9 sportive.","email":"bonjour@dicodusport.fr","legalName":"DICODUSPORT","foundingDate":"2018-01-14","vatID":"FR71834470973","taxID":"83447097300043","numberOfEmployees":{"@type":"QuantitativeValue","minValue":"1","maxValue":"10"}},{"@type":"Person","@id":"https:\/\/dicodusport.fr\/blog\/#\/schema\/person\/627966a6cde45dbd8c5e36ac85d783da","name":"S\u00e9bastien Gente","image":{"@type":"ImageObject","inLanguage":"fr-FR","@id":"https:\/\/dicodusport.fr\/blog\/#\/schema\/person\/image\/","url":"https:\/\/dicodusport.fr\/blog\/wp-content\/uploads\/2021\/09\/1510990_10205810251400683_4124423575079401707_n-150x150.jpg","contentUrl":"https:\/\/dicodusport.fr\/blog\/wp-content\/uploads\/2021\/09\/1510990_10205810251400683_4124423575079401707_n-150x150.jpg","caption":"S\u00e9bastien Gente"},"description":"John Stockton, Gianni Bugno, Zinedine Zidane, Steffi Graf, Frode Andresen, St\u00e9phane Stoecklin, Davis Kamoga, Primoz Peterka, Werner Schlager et Aur\u00e9lien Rougerie. Point commun entre ces sportifs? Ils m'ont fait r\u00eaver et ont berc\u00e9 mon adolescence. Je suis un fondu de sports et j'essaie de retranscrire ma passion \u00e0 travers mes articles. Originaire du P\u00e9rigord, ma passion pour les Girondins, les Jaunards et les Jazzmen transpire dans mes \u00e9crits. \u00c0 Dicodusport depuis 2021, je d\u00e9niche les sports m\u00e9connus dans lesquels la France brille, et il y en a !","sameAs":["https:\/\/www.facebook.com\/sebastien.gente\/","https:\/\/www.instagram.com\/sebgente\/","https:\/\/www.linkedin.com\/in\/sbastien-gente-a29583169\/","https:\/\/x.com\/https:\/\/twitter.com\/globulo24","SebastienGente"],"worksFor":"S\u00e9bastien GENTE","url":"https:\/\/dicodusport.fr\/blog\/author\/sebastiengente\/"}]}},"_links":{"self":[{"href":"https:\/\/dicodusport.fr\/blog\/wp-json\/wp\/v2\/posts\/569541","targetHints":{"allow":["GET"]}}],"collection":[{"href":"https:\/\/dicodusport.fr\/blog\/wp-json\/wp\/v2\/posts"}],"about":[{"href":"https:\/\/dicodusport.fr\/blog\/wp-json\/wp\/v2\/types\/post"}],"author":[{"embeddable":true,"href":"https:\/\/dicodusport.fr\/blog\/wp-json\/wp\/v2\/users\/59"}],"replies":[{"embeddable":true,"href":"https:\/\/dicodusport.fr\/blog\/wp-json\/wp\/v2\/comments?post=569541"}],"version-history":[{"count":2,"href":"https:\/\/dicodusport.fr\/blog\/wp-json\/wp\/v2\/posts\/569541\/revisions"}],"predecessor-version":[{"id":569778,"href":"https:\/\/dicodusport.fr\/blog\/wp-json\/wp\/v2\/posts\/569541\/revisions\/569778"}],"wp:featuredmedia":[{"embeddable":true,"href":"https:\/\/dicodusport.fr\/blog\/wp-json\/wp\/v2\/media\/569558"}],"wp:attachment":[{"href":"https:\/\/dicodusport.fr\/blog\/wp-json\/wp\/v2\/media?parent=569541"}],"wp:term":[{"taxonomy":"category","embeddable":true,"href":"https:\/\/dicodusport.fr\/blog\/wp-json\/wp\/v2\/categories?post=569541"},{"taxonomy":"post_tag","embeddable":true,"href":"https:\/\/dicodusport.fr\/blog\/wp-json\/wp\/v2\/tags?post=569541"}],"curies":[{"name":"wp","href":"https:\/\/api.w.org\/{rel}","templated":true}]}}