{"id":569626,"date":"2025-04-04T17:06:28","date_gmt":"2025-04-04T15:06:28","guid":{"rendered":"https:\/\/dicodusport.fr\/blog\/?p=569626&#038;preview=true&#038;preview_id=569626"},"modified":"2025-04-04T17:47:36","modified_gmt":"2025-04-04T15:47:36","slug":"tour-des-flandres-2025-deux-favoris-et-une-montagne-doutsiders","status":"publish","type":"post","link":"https:\/\/dicodusport.fr\/blog\/tour-des-flandres-2025-deux-favoris-et-une-montagne-doutsiders\/","title":{"rendered":"Tour des Flandres 2025 : Deux favoris et une montagne d&rsquo;outsiders"},"content":{"rendered":"<h4 style=\"text-align: justify;\"><em>TOUR DES FLANDRES 2025 &#8211; Ce dimanche 6 avril se tiendra le deuxi\u00e8me Monument de la saison, le Tour des Flandres. Cette course proposera 269 km avec ses c\u00e9l\u00e8bres monts flandriens au nombre de 16. Un parcours difficile qui devrait d\u00e9boucher sur un nouveau duel entre Mathieu van der Poel et Tadej Pogacar.<\/em><\/h4>\n<ul>\n<li style=\"text-align: justify;\"><strong>\u00c0 ce sujet &#8211; <a href=\"https:\/\/dicodusport.fr\/blog\/tour-des-flandres-2025-parcours-detaille-et-profil-de-la-course\/\">Tour des Flandres 2025 : Profil et parcours d\u00e9taill\u00e9<\/a><\/strong><\/li>\n<\/ul>\n<p style=\"text-align: justify;\">Deux grands favoris se d\u00e9gagent : <strong>Mathieu van der Poel<\/strong> et <strong>Tadej Pogacar<\/strong>. Ces deux grands se retrouveront au Tour des Flandres apr\u00e8s leur belle bataille sur Milan-San Remo. <strong>Pogacar<\/strong> a attaqu\u00e9 \u00e0 plusieurs reprises dans le Poggio et la Cipressa, mais <strong>Van der Poel<\/strong> a r\u00e9pondu pr\u00e9sent. MVDP a alors sprint\u00e9 vers la victoire sur la Via Roma. Il y a de fortes chances que nous revoyions un tel duel dans les Ardennes flamandes.<\/p>\n<div class=\"vlp-link-container vlp-layout-article\"><a href=\"https:\/\/dicodusport.fr\/blog\/milan-san-remo-2025-mathieu-van-der-poel-remporte-une-magnifique-116eme-edition\/\" class=\"vlp-link\" title=\"Milan-San Remo 2025 : Mathieu van der Poel remporte une magnifique 116\u00e8me \u00e9dition !\"><\/a><div class=\"vlp-layout-zone-side\"><div class=\"vlp-block-4 vlp-link-image\"><img loading=\"lazy\" decoding=\"async\" style=\"max-width: 792px;\" width=\"792\" height=\"445\" src=\"https:\/\/dicodusport.fr\/blog\/wp-content\/uploads\/2025\/03\/Milan-San-Remo-2025-Mathieu-van-der-Poel-remporte-une-magnifique-116eme-edition-1-1.png\" class=\"attachment-800x445 size-800x445\" alt=\"Milan-San Remo 2025 Mathieu van der Poel remporte une magnifique 116\u00e8me \u00e9dition !\" srcset=\"https:\/\/dicodusport.fr\/blog\/wp-content\/uploads\/2025\/03\/Milan-San-Remo-2025-Mathieu-van-der-Poel-remporte-une-magnifique-116eme-edition-1-1.png 1200w, https:\/\/dicodusport.fr\/blog\/wp-content\/uploads\/2025\/03\/Milan-San-Remo-2025-Mathieu-van-der-Poel-remporte-une-magnifique-116eme-edition-1-1-300x169.png 300w, https:\/\/dicodusport.fr\/blog\/wp-content\/uploads\/2025\/03\/Milan-San-Remo-2025-Mathieu-van-der-Poel-remporte-une-magnifique-116eme-edition-1-1-1024x575.png 1024w, https:\/\/dicodusport.fr\/blog\/wp-content\/uploads\/2025\/03\/Milan-San-Remo-2025-Mathieu-van-der-Poel-remporte-une-magnifique-116eme-edition-1-1-768x431.png 768w\" sizes=\"auto, (max-width: 792px) 100vw, 792px\" \/><\/div><\/div><div class=\"vlp-layout-zone-main\"><div class=\"vlp-block-0 vlp-link-title\">Milan-San Remo 2025 : Mathieu van der Poel remporte une magnifique 116\u00e8me \u00e9dition !<\/div><div class=\"vlp-block-1 vlp-link-summary\">D\u00e9couvrez le parcours d\u00e9taill\u00e9 et le profil de cette 116\u00e8me \u00e9dition de Milan-San Remo, qui se d\u00e9roule ce samedi 22 mars 2025, entre Pavia et Sanremo (290,7 km).<\/div><div class=\"vlp-block-2 vlp-link-button\">Lire l'article<\/div><div class=\"vlp-block-3 vlp-link-url\">dicodusport.fr<\/div><\/div><\/div>\n<p style=\"text-align: justify;\">Si l\u2019on consid\u00e8re uniquement les r\u00e9sultats pass\u00e9s, <strong>van der Poel<\/strong> a un petit avantage sur <strong>Pogacar.<\/strong> Le \u00ab\u00a0pire\u00a0\u00bb r\u00e9sultat du N\u00e9erlandais a \u00e9t\u00e9 une quatri\u00e8me place lors de sa premi\u00e8re participation en 2019. Ses r\u00e9sultats suivants : <a href=\"https:\/\/dicodusport.fr\/blog\/tour-des-flandres-2020-mathieu-van-der-poel-remporte-le-ronde-devant-wout-van-aert\/\"><strong>premier en 2020<\/strong><\/a>, deuxi\u00e8me en 2021, <a href=\"https:\/\/dicodusport.fr\/blog\/tour-des-flandres-2022-mathieu-van-der-poel-s-impose-valentin-madouas-troisieme\/\"><strong>premier en 2022<\/strong><\/a>, deuxi\u00e8me en 2023, <a href=\"https:\/\/dicodusport.fr\/blog\/tour-des-flandres-2024-mathieu-van-der-poel-simpose-en-patron\/\"><strong>premier en 2024<\/strong><\/a>. S&rsquo;il remporte sa quatri\u00e8me victoire cette ann\u00e9e, il deviendra le seul recordman en faisant mieux que <strong>Johan Museeuw, Fabian Cancellara, Tom Boonen, Eric Leman, Fiorenzo Magni<\/strong> et <strong>Achiel Buysse<\/strong>. De plus, <strong>van der Poel<\/strong> a d\u00e9j\u00e0 pris ses rep\u00e8res dans les Flandres, cette ann\u00e9e, en remportant ais\u00e9ment l&rsquo;<strong>E3 Saxo Classic<\/strong>.<\/p>\n<p style=\"text-align: justify;\"><strong>Tadej Pogacar<\/strong> a disput\u00e9 \u00e0 deux reprises le Ronde : en 2022 et en 2023. Apr\u00e8s s&rsquo;\u00eatre fait avoir lors de sa premi\u00e8re participation en terminant quatri\u00e8me, il a pris sa revanche un an plus tard en l\u00e2chant MVDP dans le Vieux-Quaremont. Les mont\u00e9es se succ\u00e8deront dans la seconde moiti\u00e9 de la course avec des pentes abruptes dans le Koppenberg et le Paterberg. Il y aura plus de possibilit\u00e9s pour Pogi de distancer MVDP que dans la Cipressa et le Poggio. Enfin, le Slov\u00e8ne sait qu&rsquo;il va devoir se d\u00e9barrasser de MVDP, sinon la pointe de vitesse du N\u00e9erlandais lui sera fatale.<\/p>\n<div class=\"vlp-link-container vlp-layout-article\"><a href=\"https:\/\/dicodusport.fr\/blog\/tour-des-flandres-2023-le-triomphe-de-tadej-pogacar\/\" class=\"vlp-link\" title=\"Tour des Flandres 2023 : Le triomphe de Tadej Pogacar !\"><\/a><div class=\"vlp-layout-zone-side\"><div class=\"vlp-block-4 vlp-link-image\"><img loading=\"lazy\" decoding=\"async\" style=\"max-width: 800px;\" width=\"800\" height=\"445\" src=\"https:\/\/dicodusport.fr\/blog\/wp-content\/uploads\/2023\/04\/Tour-des-Flandres-2023-Le-triomphe-de-Tadej-Pogacar-.png\" class=\"attachment-800x445 size-800x445\" alt=\"Tour des Flandres 2023 Le triomphe de Tadej Pogacar !\" srcset=\"https:\/\/dicodusport.fr\/blog\/wp-content\/uploads\/2023\/04\/Tour-des-Flandres-2023-Le-triomphe-de-Tadej-Pogacar-.png 800w, https:\/\/dicodusport.fr\/blog\/wp-content\/uploads\/2023\/04\/Tour-des-Flandres-2023-Le-triomphe-de-Tadej-Pogacar--300x167.png 300w, https:\/\/dicodusport.fr\/blog\/wp-content\/uploads\/2023\/04\/Tour-des-Flandres-2023-Le-triomphe-de-Tadej-Pogacar--768x427.png 768w\" sizes=\"auto, (max-width: 800px) 100vw, 800px\" \/><\/div><\/div><div class=\"vlp-layout-zone-main\"><div class=\"vlp-block-0 vlp-link-title\">Tour des Flandres 2023 : Le triomphe de Tadej Pogacar !<\/div><div class=\"vlp-block-1 vlp-link-summary\">TOUR DES FLANDRES 2023 - Tadej Pogacar remporte le deuxi\u00e8me Monument de la saison apr\u00e8s une splendide lutte<\/div><div class=\"vlp-block-2 vlp-link-button\">Lire l'article<\/div><div class=\"vlp-block-3 vlp-link-url\">dicodusport.fr<\/div><\/div><\/div>\n<p style=\"text-align: justify;\">D&rsquo;un point de vue collectif, <strong>Pogacar<\/strong> sera mieux entour\u00e9 que MVDP avec de solides \u00e9quipiers tels que <strong>Jhonatan Narvaez, Tim Wellens, Nils Politt<\/strong> (troisi\u00e8me l&rsquo;an pass\u00e9) et <strong>Antonio Morgado <\/strong>(cinqui\u00e8me l&rsquo;an dernier). Mais, au moment de la grande bataille, cela restera un duel.<\/p>\n<h2 style=\"text-align: justify;\">L&rsquo;\u00e9nigme Wout Van Aert<\/h2>\n<p style=\"text-align: justify;\">Assez parl\u00e9 de <strong>Pogacar<\/strong> et <strong>van der Poel<\/strong>. Bien qu\u2019ils soient les grands favoris, il existe d\u2019autres pr\u00e9tendants. Sur la base des performances pass\u00e9es, <strong>Wout van Aert<\/strong> aurait pu \u00eatre le principal challenger, mais le Belge n&rsquo;est clairement pas encore \u00e0 son meilleur niveau. WVA a \u00e9t\u00e9 d\u00e9cevant lors du week-end d&rsquo;ouverture, fantomatique lors de l&rsquo;E3 Saxo Classic &#8211; apr\u00e8s son entra\u00eenement en altitude \u00e0 Tenerife. <strong>Van Aert<\/strong> doit \u00e9galement se r\u00e9tablir \u00e0 100 % de <a href=\"https:\/\/dicodusport.fr\/blog\/tour-despagne-2024-wout-van-aert-chute-et-abandonne-lors-de-la-16eme-etape\/\"><strong>sa grosse blessure du genou lors de la derni\u00e8re Vuelta<\/strong><\/a>. La Visma Lease a Bike aura un deuxi\u00e8me leader, en la personne de <strong>Matteo Jorgenson<\/strong>. L&rsquo;Am\u00e9ricain a montr\u00e9 de belles choses sur l&rsquo;E3 Saxo Classic, avant de se sacrifier en vain pour WVA sur \u00c0 Travers la Flandre, mercredi.<\/p>\n<div class=\"vlp-link-container vlp-layout-article\"><a href=\"https:\/\/dicodusport.fr\/blog\/a-travers-la-flandre-2025-neilson-powless-piege-la-visma-lease-a-bike\/\" class=\"vlp-link\" title=\"\u00c0 Travers la Flandre 2025 : Neilson Powless pi\u00e8ge la Visma Lease a Bike\"><\/a><div class=\"vlp-layout-zone-side\"><div class=\"vlp-block-4 vlp-link-image\"><img loading=\"lazy\" decoding=\"async\" style=\"max-width: 792px;\" width=\"792\" height=\"445\" src=\"https:\/\/dicodusport.fr\/blog\/wp-content\/uploads\/2025\/04\/A-Travers-la-Flandre-2025-Neilson-Powless-piege-la-Visma-Lease-a-Biket.png\" class=\"attachment-800x445 size-800x445\" alt=\"\u00c0 Travers la Flandre 2025 Neilson Powless pi\u00e8ge la Visma Lease a Biket\" srcset=\"https:\/\/dicodusport.fr\/blog\/wp-content\/uploads\/2025\/04\/A-Travers-la-Flandre-2025-Neilson-Powless-piege-la-Visma-Lease-a-Biket.png 1200w, https:\/\/dicodusport.fr\/blog\/wp-content\/uploads\/2025\/04\/A-Travers-la-Flandre-2025-Neilson-Powless-piege-la-Visma-Lease-a-Biket-300x169.png 300w, https:\/\/dicodusport.fr\/blog\/wp-content\/uploads\/2025\/04\/A-Travers-la-Flandre-2025-Neilson-Powless-piege-la-Visma-Lease-a-Biket-1024x575.png 1024w, https:\/\/dicodusport.fr\/blog\/wp-content\/uploads\/2025\/04\/A-Travers-la-Flandre-2025-Neilson-Powless-piege-la-Visma-Lease-a-Biket-768x431.png 768w\" sizes=\"auto, (max-width: 792px) 100vw, 792px\" \/><\/div><\/div><div class=\"vlp-layout-zone-main\"><div class=\"vlp-block-0 vlp-link-title\">\u00c0 Travers la Flandre 2025 : Neilson Powless pi\u00e8ge la Visma Lease a Bike<\/div><div class=\"vlp-block-1 vlp-link-summary\">Neilson Powless pi\u00e8ge la Visma Lease a bike<\/div><div class=\"vlp-block-2 vlp-link-button\">Lire l'article<\/div><div class=\"vlp-block-3 vlp-link-url\">dicodusport.fr<\/div><\/div><\/div>\n<p style=\"text-align: justify;\">Un homme aura de meilleures chances que <strong>Van Aert<\/strong> : <strong>Mads Pedersen<\/strong>. Apr\u00e8s un dernier week-end impressionnant \u00e0 Paris-Nice, le Danois a quelque peu d\u00e9\u00e7u \u00e0 Milan-San Remo, mais il avait \u00e9t\u00e9 malade peu avant La Primavera. Lors de l&rsquo;E3 Saxo Classic, <strong>Pedersen<\/strong> a retrouv\u00e9 des couleurs. Le coureur de Lidl-Trek a attaqu\u00e9 dans le Taaienberg et a \u00e9t\u00e9 le meilleur des autres derri\u00e8re <strong>van der Poel<\/strong>. Ensuite, <strong>Pedersen<\/strong> a confirm\u00e9, deux jours plus tard, avec une victoire impressionnante \u00e0 Gand-Wevelgem avec un num\u00e9ro solitaire de 56 kilom\u00e8tres. C&rsquo;\u00e9tait la troisi\u00e8me fois qu&rsquo;il remportait cette classique.<\/p>\n<div class=\"vlp-link-container vlp-layout-article\"><a href=\"https:\/\/dicodusport.fr\/blog\/gand-wevelgem-2025-la-passe-de-trois-de-mads-pedersen\/\" class=\"vlp-link\" title=\"Gand-Wevelgem 2025 : La passe de trois de Mads Pedersen !\"><\/a><div class=\"vlp-layout-zone-side\"><div class=\"vlp-block-4 vlp-link-image\"><img loading=\"lazy\" decoding=\"async\" style=\"max-width: 792px;\" width=\"792\" height=\"445\" src=\"https:\/\/dicodusport.fr\/blog\/wp-content\/uploads\/2025\/03\/Gand-Wevelgem-2025-La-passe-de-trois-de-Mads-Pedersen-1-1.png\" class=\"attachment-800x445 size-800x445\" alt=\"Gand-Wevelgem 2025 La passe de trois de Mads Pedersen !\" srcset=\"https:\/\/dicodusport.fr\/blog\/wp-content\/uploads\/2025\/03\/Gand-Wevelgem-2025-La-passe-de-trois-de-Mads-Pedersen-1-1.png 1200w, https:\/\/dicodusport.fr\/blog\/wp-content\/uploads\/2025\/03\/Gand-Wevelgem-2025-La-passe-de-trois-de-Mads-Pedersen-1-1-300x169.png 300w, https:\/\/dicodusport.fr\/blog\/wp-content\/uploads\/2025\/03\/Gand-Wevelgem-2025-La-passe-de-trois-de-Mads-Pedersen-1-1-1024x575.png 1024w, https:\/\/dicodusport.fr\/blog\/wp-content\/uploads\/2025\/03\/Gand-Wevelgem-2025-La-passe-de-trois-de-Mads-Pedersen-1-1-768x431.png 768w\" sizes=\"auto, (max-width: 792px) 100vw, 792px\" \/><\/div><\/div><div class=\"vlp-layout-zone-main\"><div class=\"vlp-block-0 vlp-link-title\">Gand-Wevelgem 2025 : La passe de trois de Mads Pedersen !<\/div><div class=\"vlp-block-1 vlp-link-summary\">GAND-WEVELGEM 2025 - D\u00e9j\u00e0 vainqueur en 2020 et en 2024, Mads Pedersen (Lidl-Trek) a remport\u00e9 pour la troisi\u00e8me fois la classique belge Gand-Wevelgem, ce dimanche, au terme d'un num\u00e9ro en solitaire.<\/div><div class=\"vlp-block-2 vlp-link-button\">Lire l'article<\/div><div class=\"vlp-block-3 vlp-link-url\">dicodusport.fr<\/div><\/div><\/div>\n<p style=\"text-align: justify;\">Mais gagner le Tour des Flandres, en revanche, est une tout autre histoire pour <strong>Pedersen<\/strong>. La meilleure performance du Danois a eu lieu lors de ses d\u00e9buts en 2018, <a href=\"https:\/\/dicodusport.fr\/blog\/tour-des-flandres-terpstra-en-costaud\/\">lorsqu&rsquo;il avait termin\u00e9 deuxi\u00e8me derri\u00e8re <strong>Niki Terpstra<\/strong><\/a>. Lors de ses six participations suivantes, le Danois a termin\u00e9 deux fois dans le Top 10 : huiti\u00e8me en 2022 et troisi\u00e8me en 2023. De plus, Lidl-Trek aura d&rsquo;autres atouts avec <strong>Jasper Stuyven\u00a0<\/strong>et\u00a0<strong>Toms Skujins.\u00a0<\/strong>Le Belge a d\u00e9j\u00e0 de belles performances sur le Ronde, en se classant quatri\u00e8me en 2021, alors que le Letton a fini dixi\u00e8me, l&rsquo;an dernier.<\/p>\n<ul>\n<li style=\"text-align: justify;\"><strong>\u00c0 ce sujet &#8211; <a href=\"https:\/\/dicodusport.fr\/blog\/actualites\/cyclisme\/cyclisme-sur-route-2025\/\">L\u2019actualit\u00e9 du cyclisme sur route<\/a><\/strong><\/li>\n<\/ul>\n<h2 style=\"text-align: justify;\">Filippo Ganna en facteur X ?<\/h2>\n<p style=\"text-align: justify;\">Ensuite, un quatri\u00e8me homme attira l&rsquo;attention des suiveurs : <strong>Filippo Ganna<\/strong>. L&rsquo;Italien a jusqu&rsquo;\u00e0 pr\u00e9sent enregistr\u00e9 un abandon (2018) et une 98\u00e8me place (2019). Cependant, sa derni\u00e8re participation remonte \u00e0 six ans. Depuis, <strong>Ganna<\/strong> est devenu un autre homme, surtout ces derni\u00e8res semaines. Le rouleur italien a d\u00e9j\u00e0 fait forte impression \u00e0 Tirreno-Adriatico, o\u00f9 il a termin\u00e9 deuxi\u00e8me au <a href=\"https:\/\/dicodusport.fr\/blog\/classement-general-tirreno-adriatico-2025\/\">classement g\u00e9n\u00e9ral<\/a> en r\u00e9sistant en montagne malgr\u00e9 son poids. Cette performance a \u00e9t\u00e9 suivie par une deuxi\u00e8me place \u00e0 Milan-San Remo et une troisi\u00e8me place \u00e0 l&rsquo;E3 Saxo Classic. Sur la Primavera, il \u00e9tait le seul \u00e0 pouvoir rivaliser avec <strong>Pogacar<\/strong> et <strong>van der Poel<\/strong>. Sur E3, il a obtenu son premier podium dans une classique flamande.<\/p>\n<p style=\"text-align: justify;\">Dans les courtes mont\u00e9es, il n&rsquo;a malheureusement pas l&rsquo;explosivit\u00e9. Et le Tour des Flandres regorge de telles ascensions. Mais avec le soutien du sixi\u00e8me de l&rsquo;an dernier <strong>Magnus Sheffield<\/strong>, l&rsquo;Italien peut viser une place entre 3 et 5, si tout se passe bien.<\/p>\n<p style=\"text-align: justify;\"><strong>Stefan K\u00fcng<\/strong> a termin\u00e9 sixi\u00e8me \u00e0 Harelbeke sur l&rsquo;E3 Saxo Classic, et neuvi\u00e8me \u00e0 Waregem sur \u00c0 Travers la Flandre : des \u00e9ni\u00e8mes places d&rsquo;honneur dans des classiques flandriennes. M\u00eame si les routes plates de Paris-Roubaix semblent mieux convenir que les pentes dans les Flandres. N\u00e9anmoins, il a termin\u00e9 cinqui\u00e8me en 2022 et sixi\u00e8me en 2023 du Ronde. Une nouvelle place dans le Top 10, voir le Top 5, semble largement \u00e0 sa port\u00e9e. K\u00fcng aura un bon lieutenant \u00e0 ses c\u00f4t\u00e9s avec <strong>Valentin Madouas,\u00a0<\/strong>troisi\u00e8me en 2022.<\/p>\n<p style=\"text-align: justify;\">Enfin, on pourrait citer de nombreux coureurs pour viser le Top 10 : <strong>Michael<\/strong> <strong>Matthews<\/strong> (Jayco AlUla, sixi\u00e8me en 2019 et deuxi\u00e8me sur la ligne l&rsquo;an dernier avant son d\u00e9classement), <strong>Dylan Teuns<\/strong> (Cofidis, sixi\u00e8me en 2022 et huiti\u00e8me en 2024), <strong>Fred<\/strong> <strong>Wright<\/strong> (Bahrain Victorious, septi\u00e8me en 2022 et huiti\u00e8me en 2023), <strong>Oliver<\/strong> <strong>Naesen<\/strong> (Decathlon AG2R La Mondiale, septi\u00e8me en 2020 et en 2024) et surtout <strong>Neilson Powless<\/strong> (EF Education-EasyPost, cinqui\u00e8me en 2024 et vainqueur sortant d&rsquo;\u00c0 Travers la Flandre).<\/p>\n<h2 style=\"text-align: justify;\">\u00c0 lire aussi<\/h2>\n<div class=\"vlp-link-container vlp-layout-article\"><a href=\"https:\/\/dicodusport.fr\/blog\/cyclisme-pourquoi-les-belges-ny-arrivent-plus-sur-les-flandriennes\/\" class=\"vlp-link\" title=\"Cyclisme : Pourquoi les Belges n&#039;y arrivent plus sur les Flandriennes\"><\/a><div class=\"vlp-layout-zone-side\"><div class=\"vlp-block-4 vlp-link-image\"><img loading=\"lazy\" decoding=\"async\" style=\"max-width: 792px;\" width=\"792\" height=\"445\" src=\"https:\/\/dicodusport.fr\/blog\/wp-content\/uploads\/2025\/04\/Cyclisme-Pourquoi-les-Belges-ny-arrivent-plus-sur-les-Flandriennes.png\" class=\"attachment-800x445 size-800x445\" alt=\"Cyclisme Pourquoi les Belges n&#039;y arrivent plus sur les Flandriennes\" srcset=\"https:\/\/dicodusport.fr\/blog\/wp-content\/uploads\/2025\/04\/Cyclisme-Pourquoi-les-Belges-ny-arrivent-plus-sur-les-Flandriennes.png 1200w, https:\/\/dicodusport.fr\/blog\/wp-content\/uploads\/2025\/04\/Cyclisme-Pourquoi-les-Belges-ny-arrivent-plus-sur-les-Flandriennes-300x169.png 300w, https:\/\/dicodusport.fr\/blog\/wp-content\/uploads\/2025\/04\/Cyclisme-Pourquoi-les-Belges-ny-arrivent-plus-sur-les-Flandriennes-1024x575.png 1024w, https:\/\/dicodusport.fr\/blog\/wp-content\/uploads\/2025\/04\/Cyclisme-Pourquoi-les-Belges-ny-arrivent-plus-sur-les-Flandriennes-768x431.png 768w\" sizes=\"auto, (max-width: 792px) 100vw, 792px\" \/><\/div><\/div><div class=\"vlp-layout-zone-main\"><div class=\"vlp-block-0 vlp-link-title\">Cyclisme : Pourquoi les Belges n'y arrivent plus sur les Flandriennes<\/div><div class=\"vlp-block-1 vlp-link-summary\">C'est un fait, le cyclisme belge peine \u00e0 briller sur les Flandriennes depuis une dizaine d'ann\u00e9es, alors que le Ronde s'\u00e9lance ce dimanche.<\/div><div class=\"vlp-block-2 vlp-link-button\">Lire l'article<\/div><div class=\"vlp-block-3 vlp-link-url\">dicodusport.fr<\/div><\/div><\/div>\n","protected":false},"excerpt":{"rendered":"<p>Qui remportera le Tour des Flandres 2025 ? Focus sur les grands favoris et ces outsiders qui r\u00eavent de cr\u00e9er la surprise.<\/p>\n","protected":false},"author":48,"featured_media":569812,"comment_status":"open","ping_status":"closed","sticky":false,"template":"","format":"standard","meta":{"_acf_changed":false,"_daextam_enable_autolinks":"1","footnotes":""},"categories":[46994],"tags":[3119,16878,6597,24,11674,4325],"class_list":["post-569626","post","type-post","status-publish","format-standard","has-post-thumbnail","hentry","category-cyclisme-sur-route","tag-actualite-cyclisme","tag-breve","tag-mathieu-van-der-poel","tag-sport","tag-tadej-pogacar","tag-tour-des-flandres"],"acf":[],"yoast_head":"<!-- This site is optimized with the Yoast SEO Premium plugin v26.7 (Yoast SEO v26.7) - https:\/\/yoast.com\/wordpress\/plugins\/seo\/ -->\n<title>Tour des Flandres 2025 : Deux favoris et une montagne d&#039;outsiders<\/title>\n<meta name=\"description\" content=\"Qui remportera le Tour des Flandres 2025 ? Focus sur les grands favoris et ces outsiders qui r\u00eavent de cr\u00e9er la surprise.\" \/>\n<meta name=\"robots\" content=\"index, follow, max-snippet:-1, max-image-preview:large, max-video-preview:-1\" \/>\n<link rel=\"canonical\" href=\"https:\/\/dicodusport.fr\/blog\/tour-des-flandres-2025-deux-favoris-et-une-montagne-doutsiders\/\" \/>\n<meta property=\"og:locale\" content=\"fr_FR\" \/>\n<meta property=\"og:type\" content=\"article\" \/>\n<meta property=\"og:title\" content=\"Tour des Flandres 2025 : Duel au Sommet chez les Favoris, Surprise en Vue ?\" \/>\n<meta property=\"og:description\" content=\"Qui remportera le Tour des Flandres 2025 ? Focus sur les grands favoris et ces outsiders qui r\u00eavent de cr\u00e9er la surprise.\" \/>\n<meta property=\"og:url\" content=\"https:\/\/dicodusport.fr\/blog\/tour-des-flandres-2025-deux-favoris-et-une-montagne-doutsiders\/\" \/>\n<meta property=\"og:site_name\" content=\"Dicodusport\" \/>\n<meta property=\"article:publisher\" content=\"https:\/\/www.facebook.com\/dicodusport\" \/>\n<meta property=\"article:author\" content=\"https:\/\/www.facebook.com\/groups\/LesRoisDuPeloton\" \/>\n<meta property=\"article:published_time\" content=\"2025-04-04T15:06:28+00:00\" \/>\n<meta property=\"article:modified_time\" content=\"2025-04-04T15:47:36+00:00\" \/>\n<meta property=\"og:image\" content=\"https:\/\/dicodusport.fr\/blog\/wp-content\/uploads\/2025\/04\/Tour-des-Flandres-2025-Deux-favoris-et-une-montagne-doutsiders.png\" \/>\n\t<meta property=\"og:image:width\" content=\"1200\" \/>\n\t<meta property=\"og:image:height\" content=\"674\" \/>\n\t<meta property=\"og:image:type\" content=\"image\/png\" \/>\n<meta name=\"author\" content=\"Emilien Descampiaux\" \/>\n<meta name=\"twitter:card\" content=\"summary_large_image\" \/>\n<meta name=\"twitter:title\" content=\"Tour des Flandres 2025 : Deux favoris et une montagne d&#039;outsiders\" \/>\n<meta name=\"twitter:creator\" content=\"@https:\/\/twitter.com\/LRoisDuPeloton\" \/>\n<meta name=\"twitter:site\" content=\"@dicodusport\" \/>\n<script type=\"application\/ld+json\" class=\"yoast-schema-graph\">{\"@context\":\"https:\/\/schema.org\",\"@graph\":[{\"@type\":\"NewsArticle\",\"@id\":\"https:\/\/dicodusport.fr\/blog\/tour-des-flandres-2025-deux-favoris-et-une-montagne-doutsiders\/#article\",\"isPartOf\":{\"@id\":\"https:\/\/dicodusport.fr\/blog\/tour-des-flandres-2025-deux-favoris-et-une-montagne-doutsiders\/\"},\"author\":{\"name\":\"Emilien Descampiaux\",\"@id\":\"https:\/\/dicodusport.fr\/blog\/#\/schema\/person\/6db4bae06b171592211be385b32876a7\"},\"headline\":\"Tour des Flandres 2025 : Deux favoris et une montagne d&rsquo;outsiders\",\"datePublished\":\"2025-04-04T15:06:28+00:00\",\"dateModified\":\"2025-04-04T15:47:36+00:00\",\"mainEntityOfPage\":{\"@id\":\"https:\/\/dicodusport.fr\/blog\/tour-des-flandres-2025-deux-favoris-et-une-montagne-doutsiders\/\"},\"wordCount\":1511,\"commentCount\":0,\"publisher\":{\"@id\":\"https:\/\/dicodusport.fr\/blog\/#organization\"},\"image\":{\"@id\":\"https:\/\/dicodusport.fr\/blog\/tour-des-flandres-2025-deux-favoris-et-une-montagne-doutsiders\/#primaryimage\"},\"thumbnailUrl\":\"https:\/\/dicodusport.fr\/blog\/wp-content\/uploads\/2025\/04\/Tour-des-Flandres-2025-Deux-favoris-et-une-montagne-doutsiders.png\",\"keywords\":[\"Actualit\u00e9 Cyclisme\",\"br\u00e8ve\",\"Mathieu van der Poel\",\"sport\",\"Tadej Pogacar\",\"Tour des Flandres\"],\"articleSection\":[\"Cyclisme sur route\"],\"inLanguage\":\"fr-FR\",\"potentialAction\":[{\"@type\":\"CommentAction\",\"name\":\"Comment\",\"target\":[\"https:\/\/dicodusport.fr\/blog\/tour-des-flandres-2025-deux-favoris-et-une-montagne-doutsiders\/#respond\"]}],\"copyrightYear\":\"2025\",\"copyrightHolder\":{\"@id\":\"https:\/\/dicodusport.fr\/blog\/#organization\"}},{\"@type\":\"WebPage\",\"@id\":\"https:\/\/dicodusport.fr\/blog\/tour-des-flandres-2025-deux-favoris-et-une-montagne-doutsiders\/\",\"url\":\"https:\/\/dicodusport.fr\/blog\/tour-des-flandres-2025-deux-favoris-et-une-montagne-doutsiders\/\",\"name\":\"Tour des Flandres 2025 : Deux favoris et une montagne d'outsiders\",\"isPartOf\":{\"@id\":\"https:\/\/dicodusport.fr\/blog\/#website\"},\"primaryImageOfPage\":{\"@id\":\"https:\/\/dicodusport.fr\/blog\/tour-des-flandres-2025-deux-favoris-et-une-montagne-doutsiders\/#primaryimage\"},\"image\":{\"@id\":\"https:\/\/dicodusport.fr\/blog\/tour-des-flandres-2025-deux-favoris-et-une-montagne-doutsiders\/#primaryimage\"},\"thumbnailUrl\":\"https:\/\/dicodusport.fr\/blog\/wp-content\/uploads\/2025\/04\/Tour-des-Flandres-2025-Deux-favoris-et-une-montagne-doutsiders.png\",\"datePublished\":\"2025-04-04T15:06:28+00:00\",\"dateModified\":\"2025-04-04T15:47:36+00:00\",\"description\":\"Qui remportera le Tour des Flandres 2025 ? Focus sur les grands favoris et ces outsiders qui r\u00eavent de cr\u00e9er la surprise.\",\"breadcrumb\":{\"@id\":\"https:\/\/dicodusport.fr\/blog\/tour-des-flandres-2025-deux-favoris-et-une-montagne-doutsiders\/#breadcrumb\"},\"inLanguage\":\"fr-FR\",\"potentialAction\":[{\"@type\":\"ReadAction\",\"target\":[\"https:\/\/dicodusport.fr\/blog\/tour-des-flandres-2025-deux-favoris-et-une-montagne-doutsiders\/\"]}]},{\"@type\":\"ImageObject\",\"inLanguage\":\"fr-FR\",\"@id\":\"https:\/\/dicodusport.fr\/blog\/tour-des-flandres-2025-deux-favoris-et-une-montagne-doutsiders\/#primaryimage\",\"url\":\"https:\/\/dicodusport.fr\/blog\/wp-content\/uploads\/2025\/04\/Tour-des-Flandres-2025-Deux-favoris-et-une-montagne-doutsiders.png\",\"contentUrl\":\"https:\/\/dicodusport.fr\/blog\/wp-content\/uploads\/2025\/04\/Tour-des-Flandres-2025-Deux-favoris-et-une-montagne-doutsiders.png\",\"width\":1200,\"height\":674,\"caption\":\"Tour des Flandres 2025 Deux favoris et une montagne d'outsiders\"},{\"@type\":\"BreadcrumbList\",\"@id\":\"https:\/\/dicodusport.fr\/blog\/tour-des-flandres-2025-deux-favoris-et-une-montagne-doutsiders\/#breadcrumb\",\"itemListElement\":[{\"@type\":\"ListItem\",\"position\":1,\"name\":\"Accueil\",\"item\":\"https:\/\/dicodusport.fr\/blog\/\"},{\"@type\":\"ListItem\",\"position\":2,\"name\":\"Tour des Flandres 2025 : Deux favoris et une montagne d&rsquo;outsiders\"}]},{\"@type\":\"WebSite\",\"@id\":\"https:\/\/dicodusport.fr\/blog\/#website\",\"url\":\"https:\/\/dicodusport.fr\/blog\/\",\"name\":\"Dicodusport\",\"description\":\"L&#039;encyclop\u00e9die de l&#039;actualit\u00e9 sportive\",\"publisher\":{\"@id\":\"https:\/\/dicodusport.fr\/blog\/#organization\"},\"potentialAction\":[{\"@type\":\"SearchAction\",\"target\":{\"@type\":\"EntryPoint\",\"urlTemplate\":\"https:\/\/dicodusport.fr\/blog\/?s={search_term_string}\"},\"query-input\":{\"@type\":\"PropertyValueSpecification\",\"valueRequired\":true,\"valueName\":\"search_term_string\"}}],\"inLanguage\":\"fr-FR\"},{\"@type\":\"NewsMediaOrganization\",\"@id\":\"https:\/\/dicodusport.fr\/blog\/#organization\",\"name\":\"Dicodusport\",\"url\":\"https:\/\/dicodusport.fr\/blog\/\",\"logo\":{\"@type\":\"ImageObject\",\"inLanguage\":\"fr-FR\",\"@id\":\"https:\/\/dicodusport.fr\/blog\/#\/schema\/logo\/image\/\",\"url\":\"https:\/\/dicodusport.fr\/blog\/wp-content\/uploads\/2020\/06\/cropped-LOGO-DICODUSPORT-2020-SANS-FOND-SANS-TEXTE.png\",\"contentUrl\":\"https:\/\/dicodusport.fr\/blog\/wp-content\/uploads\/2020\/06\/cropped-LOGO-DICODUSPORT-2020-SANS-FOND-SANS-TEXTE.png\",\"width\":512,\"height\":512,\"caption\":\"Dicodusport\"},\"image\":{\"@id\":\"https:\/\/dicodusport.fr\/blog\/#\/schema\/logo\/image\/\"},\"sameAs\":[\"https:\/\/www.facebook.com\/dicodusport\",\"https:\/\/x.com\/dicodusport\",\"https:\/\/www.instagram.com\/dicodusport\/\",\"https:\/\/www.youtube.com\/channel\/UC7V2KZ5sd3htJivAbA4ZG3w\"],\"description\":\"Dicodusport est l'encyclop\u00e9die de l'actualit\u00e9 sportive.\",\"email\":\"bonjour@dicodusport.fr\",\"legalName\":\"DICODUSPORT\",\"foundingDate\":\"2018-01-14\",\"vatID\":\"FR71834470973\",\"taxID\":\"83447097300043\",\"numberOfEmployees\":{\"@type\":\"QuantitativeValue\",\"minValue\":\"1\",\"maxValue\":\"10\"}},{\"@type\":\"Person\",\"@id\":\"https:\/\/dicodusport.fr\/blog\/#\/schema\/person\/6db4bae06b171592211be385b32876a7\",\"name\":\"Emilien Descampiaux\",\"image\":{\"@type\":\"ImageObject\",\"inLanguage\":\"fr-FR\",\"@id\":\"https:\/\/dicodusport.fr\/blog\/#\/schema\/person\/image\/\",\"url\":\"https:\/\/dicodusport.fr\/blog\/wp-content\/uploads\/2021\/05\/Emilien-Descampiaux-150x150.jpg\",\"contentUrl\":\"https:\/\/dicodusport.fr\/blog\/wp-content\/uploads\/2021\/05\/Emilien-Descampiaux-150x150.jpg\",\"caption\":\"Emilien Descampiaux\"},\"description\":\"Journaliste\/r\u00e9dacteur depuis 2014 - Fan de la classe de Frank Vandenbroucke, je vis cyclisme (et de ses paysages) depuis plus de 20 ans. Je suis tr\u00e8s impliqu\u00e9 sur mes diff\u00e9rents r\u00e9seaux sociaux pour partager ma passion sur le monde et l'Histoire de la bicyclette avec ma voix sur les images en noir et blanc du succ\u00e8s de Rik Van Steenbergen lors du Ronde sur le V\u00e9lodrome de Gand.\",\"sameAs\":[\"https:\/\/www.facebook.com\/groups\/LesRoisDuPeloton\",\"https:\/\/x.com\/https:\/\/twitter.com\/LRoisDuPeloton\"],\"url\":\"https:\/\/dicodusport.fr\/blog\/author\/emiliend\/\"}]}<\/script>\n<!-- \/ Yoast SEO Premium plugin. -->","yoast_head_json":{"title":"Tour des Flandres 2025 : Deux favoris et une montagne d'outsiders","description":"Qui remportera le Tour des Flandres 2025 ? Focus sur les grands favoris et ces outsiders qui r\u00eavent de cr\u00e9er la surprise.","robots":{"index":"index","follow":"follow","max-snippet":"max-snippet:-1","max-image-preview":"max-image-preview:large","max-video-preview":"max-video-preview:-1"},"canonical":"https:\/\/dicodusport.fr\/blog\/tour-des-flandres-2025-deux-favoris-et-une-montagne-doutsiders\/","og_locale":"fr_FR","og_type":"article","og_title":"Tour des Flandres 2025 : Duel au Sommet chez les Favoris, Surprise en Vue ?","og_description":"Qui remportera le Tour des Flandres 2025 ? Focus sur les grands favoris et ces outsiders qui r\u00eavent de cr\u00e9er la surprise.","og_url":"https:\/\/dicodusport.fr\/blog\/tour-des-flandres-2025-deux-favoris-et-une-montagne-doutsiders\/","og_site_name":"Dicodusport","article_publisher":"https:\/\/www.facebook.com\/dicodusport","article_author":"https:\/\/www.facebook.com\/groups\/LesRoisDuPeloton","article_published_time":"2025-04-04T15:06:28+00:00","article_modified_time":"2025-04-04T15:47:36+00:00","og_image":[{"width":1200,"height":674,"url":"https:\/\/dicodusport.fr\/blog\/wp-content\/uploads\/2025\/04\/Tour-des-Flandres-2025-Deux-favoris-et-une-montagne-doutsiders.png","type":"image\/png"}],"author":"Emilien Descampiaux","twitter_card":"summary_large_image","twitter_title":"Tour des Flandres 2025 : Deux favoris et une montagne d'outsiders","twitter_creator":"@https:\/\/twitter.com\/LRoisDuPeloton","twitter_site":"@dicodusport","schema":{"@context":"https:\/\/schema.org","@graph":[{"@type":"NewsArticle","@id":"https:\/\/dicodusport.fr\/blog\/tour-des-flandres-2025-deux-favoris-et-une-montagne-doutsiders\/#article","isPartOf":{"@id":"https:\/\/dicodusport.fr\/blog\/tour-des-flandres-2025-deux-favoris-et-une-montagne-doutsiders\/"},"author":{"name":"Emilien Descampiaux","@id":"https:\/\/dicodusport.fr\/blog\/#\/schema\/person\/6db4bae06b171592211be385b32876a7"},"headline":"Tour des Flandres 2025 : Deux favoris et une montagne d&rsquo;outsiders","datePublished":"2025-04-04T15:06:28+00:00","dateModified":"2025-04-04T15:47:36+00:00","mainEntityOfPage":{"@id":"https:\/\/dicodusport.fr\/blog\/tour-des-flandres-2025-deux-favoris-et-une-montagne-doutsiders\/"},"wordCount":1511,"commentCount":0,"publisher":{"@id":"https:\/\/dicodusport.fr\/blog\/#organization"},"image":{"@id":"https:\/\/dicodusport.fr\/blog\/tour-des-flandres-2025-deux-favoris-et-une-montagne-doutsiders\/#primaryimage"},"thumbnailUrl":"https:\/\/dicodusport.fr\/blog\/wp-content\/uploads\/2025\/04\/Tour-des-Flandres-2025-Deux-favoris-et-une-montagne-doutsiders.png","keywords":["Actualit\u00e9 Cyclisme","br\u00e8ve","Mathieu van der Poel","sport","Tadej Pogacar","Tour des Flandres"],"articleSection":["Cyclisme sur route"],"inLanguage":"fr-FR","potentialAction":[{"@type":"CommentAction","name":"Comment","target":["https:\/\/dicodusport.fr\/blog\/tour-des-flandres-2025-deux-favoris-et-une-montagne-doutsiders\/#respond"]}],"copyrightYear":"2025","copyrightHolder":{"@id":"https:\/\/dicodusport.fr\/blog\/#organization"}},{"@type":"WebPage","@id":"https:\/\/dicodusport.fr\/blog\/tour-des-flandres-2025-deux-favoris-et-une-montagne-doutsiders\/","url":"https:\/\/dicodusport.fr\/blog\/tour-des-flandres-2025-deux-favoris-et-une-montagne-doutsiders\/","name":"Tour des Flandres 2025 : Deux favoris et une montagne d'outsiders","isPartOf":{"@id":"https:\/\/dicodusport.fr\/blog\/#website"},"primaryImageOfPage":{"@id":"https:\/\/dicodusport.fr\/blog\/tour-des-flandres-2025-deux-favoris-et-une-montagne-doutsiders\/#primaryimage"},"image":{"@id":"https:\/\/dicodusport.fr\/blog\/tour-des-flandres-2025-deux-favoris-et-une-montagne-doutsiders\/#primaryimage"},"thumbnailUrl":"https:\/\/dicodusport.fr\/blog\/wp-content\/uploads\/2025\/04\/Tour-des-Flandres-2025-Deux-favoris-et-une-montagne-doutsiders.png","datePublished":"2025-04-04T15:06:28+00:00","dateModified":"2025-04-04T15:47:36+00:00","description":"Qui remportera le Tour des Flandres 2025 ? Focus sur les grands favoris et ces outsiders qui r\u00eavent de cr\u00e9er la surprise.","breadcrumb":{"@id":"https:\/\/dicodusport.fr\/blog\/tour-des-flandres-2025-deux-favoris-et-une-montagne-doutsiders\/#breadcrumb"},"inLanguage":"fr-FR","potentialAction":[{"@type":"ReadAction","target":["https:\/\/dicodusport.fr\/blog\/tour-des-flandres-2025-deux-favoris-et-une-montagne-doutsiders\/"]}]},{"@type":"ImageObject","inLanguage":"fr-FR","@id":"https:\/\/dicodusport.fr\/blog\/tour-des-flandres-2025-deux-favoris-et-une-montagne-doutsiders\/#primaryimage","url":"https:\/\/dicodusport.fr\/blog\/wp-content\/uploads\/2025\/04\/Tour-des-Flandres-2025-Deux-favoris-et-une-montagne-doutsiders.png","contentUrl":"https:\/\/dicodusport.fr\/blog\/wp-content\/uploads\/2025\/04\/Tour-des-Flandres-2025-Deux-favoris-et-une-montagne-doutsiders.png","width":1200,"height":674,"caption":"Tour des Flandres 2025 Deux favoris et une montagne d'outsiders"},{"@type":"BreadcrumbList","@id":"https:\/\/dicodusport.fr\/blog\/tour-des-flandres-2025-deux-favoris-et-une-montagne-doutsiders\/#breadcrumb","itemListElement":[{"@type":"ListItem","position":1,"name":"Accueil","item":"https:\/\/dicodusport.fr\/blog\/"},{"@type":"ListItem","position":2,"name":"Tour des Flandres 2025 : Deux favoris et une montagne d&rsquo;outsiders"}]},{"@type":"WebSite","@id":"https:\/\/dicodusport.fr\/blog\/#website","url":"https:\/\/dicodusport.fr\/blog\/","name":"Dicodusport","description":"L&#039;encyclop\u00e9die de l&#039;actualit\u00e9 sportive","publisher":{"@id":"https:\/\/dicodusport.fr\/blog\/#organization"},"potentialAction":[{"@type":"SearchAction","target":{"@type":"EntryPoint","urlTemplate":"https:\/\/dicodusport.fr\/blog\/?s={search_term_string}"},"query-input":{"@type":"PropertyValueSpecification","valueRequired":true,"valueName":"search_term_string"}}],"inLanguage":"fr-FR"},{"@type":"NewsMediaOrganization","@id":"https:\/\/dicodusport.fr\/blog\/#organization","name":"Dicodusport","url":"https:\/\/dicodusport.fr\/blog\/","logo":{"@type":"ImageObject","inLanguage":"fr-FR","@id":"https:\/\/dicodusport.fr\/blog\/#\/schema\/logo\/image\/","url":"https:\/\/dicodusport.fr\/blog\/wp-content\/uploads\/2020\/06\/cropped-LOGO-DICODUSPORT-2020-SANS-FOND-SANS-TEXTE.png","contentUrl":"https:\/\/dicodusport.fr\/blog\/wp-content\/uploads\/2020\/06\/cropped-LOGO-DICODUSPORT-2020-SANS-FOND-SANS-TEXTE.png","width":512,"height":512,"caption":"Dicodusport"},"image":{"@id":"https:\/\/dicodusport.fr\/blog\/#\/schema\/logo\/image\/"},"sameAs":["https:\/\/www.facebook.com\/dicodusport","https:\/\/x.com\/dicodusport","https:\/\/www.instagram.com\/dicodusport\/","https:\/\/www.youtube.com\/channel\/UC7V2KZ5sd3htJivAbA4ZG3w"],"description":"Dicodusport est l'encyclop\u00e9die de l'actualit\u00e9 sportive.","email":"bonjour@dicodusport.fr","legalName":"DICODUSPORT","foundingDate":"2018-01-14","vatID":"FR71834470973","taxID":"83447097300043","numberOfEmployees":{"@type":"QuantitativeValue","minValue":"1","maxValue":"10"}},{"@type":"Person","@id":"https:\/\/dicodusport.fr\/blog\/#\/schema\/person\/6db4bae06b171592211be385b32876a7","name":"Emilien Descampiaux","image":{"@type":"ImageObject","inLanguage":"fr-FR","@id":"https:\/\/dicodusport.fr\/blog\/#\/schema\/person\/image\/","url":"https:\/\/dicodusport.fr\/blog\/wp-content\/uploads\/2021\/05\/Emilien-Descampiaux-150x150.jpg","contentUrl":"https:\/\/dicodusport.fr\/blog\/wp-content\/uploads\/2021\/05\/Emilien-Descampiaux-150x150.jpg","caption":"Emilien Descampiaux"},"description":"Journaliste\/r\u00e9dacteur depuis 2014 - Fan de la classe de Frank Vandenbroucke, je vis cyclisme (et de ses paysages) depuis plus de 20 ans. Je suis tr\u00e8s impliqu\u00e9 sur mes diff\u00e9rents r\u00e9seaux sociaux pour partager ma passion sur le monde et l'Histoire de la bicyclette avec ma voix sur les images en noir et blanc du succ\u00e8s de Rik Van Steenbergen lors du Ronde sur le V\u00e9lodrome de Gand.","sameAs":["https:\/\/www.facebook.com\/groups\/LesRoisDuPeloton","https:\/\/x.com\/https:\/\/twitter.com\/LRoisDuPeloton"],"url":"https:\/\/dicodusport.fr\/blog\/author\/emiliend\/"}]}},"_links":{"self":[{"href":"https:\/\/dicodusport.fr\/blog\/wp-json\/wp\/v2\/posts\/569626","targetHints":{"allow":["GET"]}}],"collection":[{"href":"https:\/\/dicodusport.fr\/blog\/wp-json\/wp\/v2\/posts"}],"about":[{"href":"https:\/\/dicodusport.fr\/blog\/wp-json\/wp\/v2\/types\/post"}],"author":[{"embeddable":true,"href":"https:\/\/dicodusport.fr\/blog\/wp-json\/wp\/v2\/users\/48"}],"replies":[{"embeddable":true,"href":"https:\/\/dicodusport.fr\/blog\/wp-json\/wp\/v2\/comments?post=569626"}],"version-history":[{"count":6,"href":"https:\/\/dicodusport.fr\/blog\/wp-json\/wp\/v2\/posts\/569626\/revisions"}],"predecessor-version":[{"id":569832,"href":"https:\/\/dicodusport.fr\/blog\/wp-json\/wp\/v2\/posts\/569626\/revisions\/569832"}],"wp:featuredmedia":[{"embeddable":true,"href":"https:\/\/dicodusport.fr\/blog\/wp-json\/wp\/v2\/media\/569812"}],"wp:attachment":[{"href":"https:\/\/dicodusport.fr\/blog\/wp-json\/wp\/v2\/media?parent=569626"}],"wp:term":[{"taxonomy":"category","embeddable":true,"href":"https:\/\/dicodusport.fr\/blog\/wp-json\/wp\/v2\/categories?post=569626"},{"taxonomy":"post_tag","embeddable":true,"href":"https:\/\/dicodusport.fr\/blog\/wp-json\/wp\/v2\/tags?post=569626"}],"curies":[{"name":"wp","href":"https:\/\/api.w.org\/{rel}","templated":true}]}}