{"id":569682,"date":"2025-04-04T13:07:43","date_gmt":"2025-04-04T11:07:43","guid":{"rendered":"https:\/\/dicodusport.fr\/blog\/?p=569682&#038;preview=true&#038;preview_id=569682"},"modified":"2025-04-04T13:18:17","modified_gmt":"2025-04-04T11:18:17","slug":"ski-alpinisme-villars-sur-ollon-la-victoire-et-le-petit-globe-du-sprint-pour-emily-harrop","status":"publish","type":"post","link":"https:\/\/dicodusport.fr\/blog\/ski-alpinisme-villars-sur-ollon-la-victoire-et-le-petit-globe-du-sprint-pour-emily-harrop\/","title":{"rendered":"Ski Alpinisme Villars-sur-Ollon : La victoire et le petit globe du sprint pour Emily Harrop"},"content":{"rendered":"<h4 style=\"text-align: justify;\" align=\"justify\"><em><a style=\"font-weight: bold;\" href=\"https:\/\/dicodusport.fr\/blog\/?s=ski+alpinisme\">SKI ALPINISME<\/a> &#8211; En d\u00e9crochant sa 6\u00e8me victoire en autant de sprints disput\u00e9s, Emily Harrop a valid\u00e9 ce vendredi le petit globe du sprint \u00e0 Villars-sur-Ollon. En parall\u00e8le, Thibault Anselmet a d\u00e9croch\u00e9 sa premi\u00e8re victoire de l&rsquo;hiver, et se rapproche plus que jamais du gros globe de cristal.<\/em><\/h4>\n<ul style=\"text-align: justify;\">\n<li><strong>\u00c0 ce sujet &#8211; <a href=\"https:\/\/dicodusport.fr\/blog\/?s=ski+alpinisme\">Toute l&rsquo;actualit\u00e9 du ski alpinisme<\/a><\/strong><\/li>\n<\/ul>\n<p style=\"text-align: justify;\">Le sprint final de la <strong>Coupe du monde de ski alpinisme<\/strong> a d\u00e9but\u00e9 \u00e0 <strong>Villars-sur-Ollon<\/strong> (Suisse) ce vendredi. En terres suisses, puis \u00e0 Troms\u00f8 la semaine prochaine, cinq \u00e9preuves sont r\u00e9parties sur dix jours pour d\u00e9finitivement ent\u00e9riner les classements. L&rsquo;avant-dernier <strong>sprint<\/strong> de l&rsquo;hiver a lanc\u00e9 les hostilit\u00e9s en fin de matin\u00e9e, avec une nouvelle victoire pour la reine de la discipline, <strong>Emily Harrop<\/strong>.<\/p>\n<h2 style=\"text-align: justify;\">Emily Harrop re\u00e7ue six sur six<\/h2>\n<p style=\"text-align: justify;\">D\u00e9j\u00e0 assur\u00e9e de rafler le gros globe de cristal avant m\u00eame cet ultime bloc, la Tricolore pouvait \u00e9galement s\u00e9curiser le petit globe du sprint si les plan\u00e8tes s&rsquo;alignaient. Pour cela, il fallait d\u00e9j\u00e0 aller chercher la victoire. Sur une \u00e9preuve o\u00f9 elle cumulait d\u00e9j\u00e0 cinq victoires en cinq \u00e9preuves, Emily Harrop a poursuivi son <strong>incroyable sans-faute en r\u00e9alisant la passe de six<\/strong>.<\/p>\n<p style=\"text-align: justify;\">Plus en retrait que d&rsquo;habitude en qualifications, elle a ensuite pris \u00ab\u00a0seulement\u00a0\u00bb la 2\u00e8me place de son quart de finale, derri\u00e8re <strong>Marianne Fatton<\/strong>. Puis, elle a remport\u00e9 sa demi-finale sans trembler, tout en voyant sa rivale suissesse ne pas passer le cut. R\u00e9sultat, la Fran\u00e7aise avait un boulevard dans lequel elle s&rsquo;est engouffr\u00e9e avec force. Seule au monde, elle a \u00e9cras\u00e9 la finale pour d\u00e9crocher la victoire, mais aussi <strong>mettre les mains sur le petit globe de la sp\u00e9cialit\u00e9 pour la 4\u00e8me ann\u00e9e cons\u00e9cutive<\/strong>, puisque <strong>Marianne Fatton<\/strong> est rel\u00e9gu\u00e9e \u00e0 119 points.<\/p>\n<p style=\"text-align: justify;\">\u00c0 noter \u00e9galement la belle performance de la jeune <strong>Margot Ravinel<\/strong>, qui a r\u00e9alis\u00e9 une journ\u00e9e superbe pour participer \u00e0 cette finale. Longtemps \u00e0 la lutte pour le podium, elle a finalement craqu\u00e9 dans la derni\u00e8re partie, \u00e9chouant en 4\u00e8me position derri\u00e8re les deux Italiennes, <strong>Giulia Murada <\/strong>et <strong>Katia Mascherona<\/strong>.<\/p>\n<blockquote class=\"twitter-tweet\">\n<p dir=\"ltr\" lang=\"es\">Nadie puede con Emily Harrop \ud83d\udc4a<\/p>\n<p>La l\u00edder indiscutible de la Copa del Mundo se impone tambi\u00e9n en Villars<\/p>\n<p>Ana Alonso \ud83c\uddea\ud83c\uddf8 acaba quinta <a href=\"https:\/\/t.co\/PH3GGRgEze\">pic.twitter.com\/PH3GGRgEze<\/a><\/p>\n<p>\u2014 Eurosport.es (@Eurosport_ES) <a href=\"https:\/\/twitter.com\/Eurosport_ES\/status\/1908110823962107956?ref_src=twsrc%5Etfw\">April 4, 2025<\/a><\/p><\/blockquote>\n<p><script async src=\"https:\/\/platform.twitter.com\/widgets.js\" charset=\"utf-8\"><\/script><\/p>\n<h2 style=\"text-align: justify;\">Thibault Anselmet retrouve la victoire<\/h2>\n<p style=\"text-align: justify;\">En prime, le clan tricolore a pu c\u00e9l\u00e9brer une deuxi\u00e8me victoire ! Toujours plac\u00e9, mais jamais gagnant cet hiver, <strong>Thibault Anselmet<\/strong> a enfin mis la balle au fond ce vendredi. Auteur d&rsquo;une excellente qualification, il a ensuite prouv\u00e9 sa grande condition au fil des courses pour d\u00e9livrer une finale de folie. Comme toujours en retrait sur la premi\u00e8re partie, il a par la suite aval\u00e9 ses rivaux sur les mont\u00e9es s\u00e8ches pour rafler la mise. Une belle victoire qui fait du bien au moral du Fran\u00e7ais, et qui a \u00e9galement des impacts majeurs aux diff\u00e9rents classements.<\/p>\n<p style=\"text-align: justify;\"><strong>Au g\u00e9n\u00e9ral, Anselmet s&rsquo;envole en poss\u00e9dant d\u00e9sormais pr\u00e8s de 200 points d&rsquo;avance<\/strong> sur le 3\u00e8me du jour, le Belge <strong>Maximilien Drion du Chapois<\/strong>. Par ailleurs, il met la pression sur l&rsquo;Espagnol <strong>Oriol Cardona Coll<\/strong> au classement du sprint. Si l&rsquo;Espagnol dispose encore d&rsquo;une confortable avance (50 points), son \u00e9limination pr\u00e9matur\u00e9e en demi-finale a relanc\u00e9 le suspense. Tout reste donc \u00e0 faire ! \u00c9galement qualifi\u00e9 en finale aujourd&rsquo;hui, <strong>Pablo Giner Dalmaso<\/strong> n&rsquo;est pas parvenu \u00e0 faire mieux que la 6\u00e8me place.<\/p>\n<p style=\"text-align: justify;\">Place d\u00e9sormais au relais mixte samedi, qui refermera cette \u00e9tape suisse, avant d&rsquo;aborder les trois derni\u00e8res \u00e9preuves de Troms\u00f8.<\/p>\n","protected":false},"excerpt":{"rendered":"<p>SKI ALPINISME &#8211; En d\u00e9crochant sa 6\u00e8me victoire en autant de sprints disput\u00e9s, Emily Harrop a valid\u00e9 ce vendredi le petit globe du sprint \u00e0 Villars-sur-Ollon. En parall\u00e8le, Thibault Anselmet a d\u00e9croch\u00e9 sa premi\u00e8re victoire de l&rsquo;hiver, et se rapproche plus que jamais du gros globe de cristal.<\/p>\n","protected":false},"author":55,"featured_media":569756,"comment_status":"open","ping_status":"closed","sticky":false,"template":"","format":"standard","meta":{"_acf_changed":false,"_daextam_enable_autolinks":"1","footnotes":""},"categories":[45757],"tags":[16878,37201,22884,4230,45369,30136],"class_list":["post-569682","post","type-post","status-publish","format-standard","has-post-thumbnail","hentry","category-ski-alpinisme","tag-breve","tag-coupe-du-monde-ski-alpinisme","tag-emily-harrop","tag-ski-alpinisme","tag-skimo","tag-thibault-anselmet"],"acf":[],"yoast_head":"<!-- This site is optimized with the Yoast SEO Premium plugin v26.7 (Yoast SEO v26.7) - https:\/\/yoast.com\/wordpress\/plugins\/seo\/ -->\n<title>Ski Alpinisme Villars-sur-Ollon : La victoire et le petit globe du sprint pour Emily Harrop<\/title>\n<meta name=\"description\" content=\"SKI ALPINISME - Emily Harrop a remport\u00e9 le sprint de Villars-sur-Ollon,c e qui lui permet de d\u00e9crocher le petit globe la sp\u00e9cialit\u00e9.\" \/>\n<meta name=\"robots\" content=\"index, follow, max-snippet:-1, max-image-preview:large, max-video-preview:-1\" \/>\n<link rel=\"canonical\" href=\"https:\/\/dicodusport.fr\/blog\/ski-alpinisme-villars-sur-ollon-la-victoire-et-le-petit-globe-du-sprint-pour-emily-harrop\/\" \/>\n<meta property=\"og:locale\" content=\"fr_FR\" \/>\n<meta property=\"og:type\" content=\"article\" \/>\n<meta property=\"og:title\" content=\"Ski Alpinisme Villars-sur-Ollon : La victoire et le petit globe du sprint pour Emily Harrop\" \/>\n<meta property=\"og:description\" content=\"SKI ALPINISME - Emily Harrop a remport\u00e9 le sprint de Villars-sur-Ollon,c e qui lui permet de d\u00e9crocher le petit globe la sp\u00e9cialit\u00e9.\" \/>\n<meta property=\"og:url\" content=\"https:\/\/dicodusport.fr\/blog\/ski-alpinisme-villars-sur-ollon-la-victoire-et-le-petit-globe-du-sprint-pour-emily-harrop\/\" \/>\n<meta property=\"og:site_name\" content=\"Dicodusport\" \/>\n<meta property=\"article:publisher\" content=\"https:\/\/www.facebook.com\/dicodusport\" \/>\n<meta property=\"article:published_time\" content=\"2025-04-04T11:07:43+00:00\" \/>\n<meta property=\"article:modified_time\" content=\"2025-04-04T11:18:17+00:00\" \/>\n<meta property=\"og:image\" content=\"https:\/\/dicodusport.fr\/blog\/wp-content\/uploads\/2025\/04\/Ski-Alpinisme-Villars-sur-Ollon-La-victoire-et-le-petit-globe-du-sprint-pour-Emily-Harrop.png\" \/>\n\t<meta property=\"og:image:width\" content=\"1200\" \/>\n\t<meta property=\"og:image:height\" content=\"674\" \/>\n\t<meta property=\"og:image:type\" content=\"image\/png\" \/>\n<meta name=\"author\" content=\"Maxime Cazenave\" \/>\n<meta name=\"twitter:card\" content=\"summary_large_image\" \/>\n<meta name=\"twitter:title\" content=\"Ski Alpinisme Villars-sur-Ollon : La victoire et le petit globe du sprint pour Emily Harrop\" \/>\n<meta name=\"twitter:creator\" content=\"@https:\/\/twitter.com\/Maxime_Caze\" \/>\n<meta name=\"twitter:site\" content=\"@dicodusport\" \/>\n<script type=\"application\/ld+json\" class=\"yoast-schema-graph\">{\"@context\":\"https:\/\/schema.org\",\"@graph\":[{\"@type\":\"NewsArticle\",\"@id\":\"https:\/\/dicodusport.fr\/blog\/ski-alpinisme-villars-sur-ollon-la-victoire-et-le-petit-globe-du-sprint-pour-emily-harrop\/#article\",\"isPartOf\":{\"@id\":\"https:\/\/dicodusport.fr\/blog\/ski-alpinisme-villars-sur-ollon-la-victoire-et-le-petit-globe-du-sprint-pour-emily-harrop\/\"},\"author\":{\"name\":\"Maxime Cazenave\",\"@id\":\"https:\/\/dicodusport.fr\/blog\/#\/schema\/person\/37def232098a7a5cbab3974a3690abb0\"},\"headline\":\"Ski Alpinisme Villars-sur-Ollon : La victoire et le petit globe du sprint pour Emily Harrop\",\"datePublished\":\"2025-04-04T11:07:43+00:00\",\"dateModified\":\"2025-04-04T11:18:17+00:00\",\"mainEntityOfPage\":{\"@id\":\"https:\/\/dicodusport.fr\/blog\/ski-alpinisme-villars-sur-ollon-la-victoire-et-le-petit-globe-du-sprint-pour-emily-harrop\/\"},\"wordCount\":631,\"commentCount\":0,\"publisher\":{\"@id\":\"https:\/\/dicodusport.fr\/blog\/#organization\"},\"image\":{\"@id\":\"https:\/\/dicodusport.fr\/blog\/ski-alpinisme-villars-sur-ollon-la-victoire-et-le-petit-globe-du-sprint-pour-emily-harrop\/#primaryimage\"},\"thumbnailUrl\":\"https:\/\/dicodusport.fr\/blog\/wp-content\/uploads\/2025\/04\/Ski-Alpinisme-Villars-sur-Ollon-La-victoire-et-le-petit-globe-du-sprint-pour-Emily-Harrop.png\",\"keywords\":[\"br\u00e8ve\",\"Coupe du monde ski alpinisme\",\"Emily Harrop\",\"Ski alpinisme\",\"skimo\",\"Thibault Anselmet\"],\"articleSection\":[\"Ski alpinisme\"],\"inLanguage\":\"fr-FR\",\"potentialAction\":[{\"@type\":\"CommentAction\",\"name\":\"Comment\",\"target\":[\"https:\/\/dicodusport.fr\/blog\/ski-alpinisme-villars-sur-ollon-la-victoire-et-le-petit-globe-du-sprint-pour-emily-harrop\/#respond\"]}],\"copyrightYear\":\"2025\",\"copyrightHolder\":{\"@id\":\"https:\/\/dicodusport.fr\/blog\/#organization\"}},{\"@type\":\"WebPage\",\"@id\":\"https:\/\/dicodusport.fr\/blog\/ski-alpinisme-villars-sur-ollon-la-victoire-et-le-petit-globe-du-sprint-pour-emily-harrop\/\",\"url\":\"https:\/\/dicodusport.fr\/blog\/ski-alpinisme-villars-sur-ollon-la-victoire-et-le-petit-globe-du-sprint-pour-emily-harrop\/\",\"name\":\"Ski Alpinisme Villars-sur-Ollon : La victoire et le petit globe du sprint pour Emily Harrop\",\"isPartOf\":{\"@id\":\"https:\/\/dicodusport.fr\/blog\/#website\"},\"primaryImageOfPage\":{\"@id\":\"https:\/\/dicodusport.fr\/blog\/ski-alpinisme-villars-sur-ollon-la-victoire-et-le-petit-globe-du-sprint-pour-emily-harrop\/#primaryimage\"},\"image\":{\"@id\":\"https:\/\/dicodusport.fr\/blog\/ski-alpinisme-villars-sur-ollon-la-victoire-et-le-petit-globe-du-sprint-pour-emily-harrop\/#primaryimage\"},\"thumbnailUrl\":\"https:\/\/dicodusport.fr\/blog\/wp-content\/uploads\/2025\/04\/Ski-Alpinisme-Villars-sur-Ollon-La-victoire-et-le-petit-globe-du-sprint-pour-Emily-Harrop.png\",\"datePublished\":\"2025-04-04T11:07:43+00:00\",\"dateModified\":\"2025-04-04T11:18:17+00:00\",\"description\":\"SKI ALPINISME - Emily Harrop a remport\u00e9 le sprint de Villars-sur-Ollon,c e qui lui permet de d\u00e9crocher le petit globe la sp\u00e9cialit\u00e9.\",\"breadcrumb\":{\"@id\":\"https:\/\/dicodusport.fr\/blog\/ski-alpinisme-villars-sur-ollon-la-victoire-et-le-petit-globe-du-sprint-pour-emily-harrop\/#breadcrumb\"},\"inLanguage\":\"fr-FR\",\"potentialAction\":[{\"@type\":\"ReadAction\",\"target\":[\"https:\/\/dicodusport.fr\/blog\/ski-alpinisme-villars-sur-ollon-la-victoire-et-le-petit-globe-du-sprint-pour-emily-harrop\/\"]}]},{\"@type\":\"ImageObject\",\"inLanguage\":\"fr-FR\",\"@id\":\"https:\/\/dicodusport.fr\/blog\/ski-alpinisme-villars-sur-ollon-la-victoire-et-le-petit-globe-du-sprint-pour-emily-harrop\/#primaryimage\",\"url\":\"https:\/\/dicodusport.fr\/blog\/wp-content\/uploads\/2025\/04\/Ski-Alpinisme-Villars-sur-Ollon-La-victoire-et-le-petit-globe-du-sprint-pour-Emily-Harrop.png\",\"contentUrl\":\"https:\/\/dicodusport.fr\/blog\/wp-content\/uploads\/2025\/04\/Ski-Alpinisme-Villars-sur-Ollon-La-victoire-et-le-petit-globe-du-sprint-pour-Emily-Harrop.png\",\"width\":1200,\"height\":674,\"caption\":\"Ski Alpinisme Villars-sur-Ollon : La victoire et le petit globe du sprint pour Emily Harrop\"},{\"@type\":\"BreadcrumbList\",\"@id\":\"https:\/\/dicodusport.fr\/blog\/ski-alpinisme-villars-sur-ollon-la-victoire-et-le-petit-globe-du-sprint-pour-emily-harrop\/#breadcrumb\",\"itemListElement\":[{\"@type\":\"ListItem\",\"position\":1,\"name\":\"Accueil\",\"item\":\"https:\/\/dicodusport.fr\/blog\/\"},{\"@type\":\"ListItem\",\"position\":2,\"name\":\"Ski Alpinisme Villars-sur-Ollon : La victoire et le petit globe du sprint pour Emily Harrop\"}]},{\"@type\":\"WebSite\",\"@id\":\"https:\/\/dicodusport.fr\/blog\/#website\",\"url\":\"https:\/\/dicodusport.fr\/blog\/\",\"name\":\"Dicodusport\",\"description\":\"L&#039;encyclop\u00e9die de l&#039;actualit\u00e9 sportive\",\"publisher\":{\"@id\":\"https:\/\/dicodusport.fr\/blog\/#organization\"},\"potentialAction\":[{\"@type\":\"SearchAction\",\"target\":{\"@type\":\"EntryPoint\",\"urlTemplate\":\"https:\/\/dicodusport.fr\/blog\/?s={search_term_string}\"},\"query-input\":{\"@type\":\"PropertyValueSpecification\",\"valueRequired\":true,\"valueName\":\"search_term_string\"}}],\"inLanguage\":\"fr-FR\"},{\"@type\":\"NewsMediaOrganization\",\"@id\":\"https:\/\/dicodusport.fr\/blog\/#organization\",\"name\":\"Dicodusport\",\"url\":\"https:\/\/dicodusport.fr\/blog\/\",\"logo\":{\"@type\":\"ImageObject\",\"inLanguage\":\"fr-FR\",\"@id\":\"https:\/\/dicodusport.fr\/blog\/#\/schema\/logo\/image\/\",\"url\":\"https:\/\/dicodusport.fr\/blog\/wp-content\/uploads\/2020\/06\/cropped-LOGO-DICODUSPORT-2020-SANS-FOND-SANS-TEXTE.png\",\"contentUrl\":\"https:\/\/dicodusport.fr\/blog\/wp-content\/uploads\/2020\/06\/cropped-LOGO-DICODUSPORT-2020-SANS-FOND-SANS-TEXTE.png\",\"width\":512,\"height\":512,\"caption\":\"Dicodusport\"},\"image\":{\"@id\":\"https:\/\/dicodusport.fr\/blog\/#\/schema\/logo\/image\/\"},\"sameAs\":[\"https:\/\/www.facebook.com\/dicodusport\",\"https:\/\/x.com\/dicodusport\",\"https:\/\/www.instagram.com\/dicodusport\/\",\"https:\/\/www.youtube.com\/channel\/UC7V2KZ5sd3htJivAbA4ZG3w\"],\"description\":\"Dicodusport est l'encyclop\u00e9die de l'actualit\u00e9 sportive.\",\"email\":\"bonjour@dicodusport.fr\",\"legalName\":\"DICODUSPORT\",\"foundingDate\":\"2018-01-14\",\"vatID\":\"FR71834470973\",\"taxID\":\"83447097300043\",\"numberOfEmployees\":{\"@type\":\"QuantitativeValue\",\"minValue\":\"1\",\"maxValue\":\"10\"}},{\"@type\":\"Person\",\"@id\":\"https:\/\/dicodusport.fr\/blog\/#\/schema\/person\/37def232098a7a5cbab3974a3690abb0\",\"name\":\"Maxime Cazenave\",\"image\":{\"@type\":\"ImageObject\",\"inLanguage\":\"fr-FR\",\"@id\":\"https:\/\/dicodusport.fr\/blog\/#\/schema\/person\/image\/\",\"url\":\"https:\/\/dicodusport.fr\/blog\/wp-content\/uploads\/2021\/05\/Maxime-Cazenave-150x150.jpg\",\"contentUrl\":\"https:\/\/dicodusport.fr\/blog\/wp-content\/uploads\/2021\/05\/Maxime-Cazenave-150x150.jpg\",\"caption\":\"Maxime Cazenave\"},\"description\":\"Journaliste\/R\u00e9dacteur depuis 2012 - Berc\u00e9 par l\u2019amour des Girondins de Bordeaux, les \u00e9checs de Christophe Moreau sur le Tour de France sous l'\u00e8re Lance Armstrong et le fade-away l\u00e9tal de Dirk Nowitzki, ma passion d\u00e9vorante pour le sport a toujours \u00e9t\u00e9 un pan incontournable de ma vie. Transmettre ma passion \u00e0 l\u2019\u00e9crit a \u00e9t\u00e9 une transition naturelle. Suiveur assidu de basket et de hockey sur glace, je garde toujours un peu de place pour suivre le cyclisme, le football et le maximum de performances fran\u00e7aises.\",\"sameAs\":[\"https:\/\/x.com\/https:\/\/twitter.com\/Maxime_Caze\"],\"url\":\"https:\/\/dicodusport.fr\/blog\/author\/maximec\/\"}]}<\/script>\n<!-- \/ Yoast SEO Premium plugin. -->","yoast_head_json":{"title":"Ski Alpinisme Villars-sur-Ollon : La victoire et le petit globe du sprint pour Emily Harrop","description":"SKI ALPINISME - Emily Harrop a remport\u00e9 le sprint de Villars-sur-Ollon,c e qui lui permet de d\u00e9crocher le petit globe la sp\u00e9cialit\u00e9.","robots":{"index":"index","follow":"follow","max-snippet":"max-snippet:-1","max-image-preview":"max-image-preview:large","max-video-preview":"max-video-preview:-1"},"canonical":"https:\/\/dicodusport.fr\/blog\/ski-alpinisme-villars-sur-ollon-la-victoire-et-le-petit-globe-du-sprint-pour-emily-harrop\/","og_locale":"fr_FR","og_type":"article","og_title":"Ski Alpinisme Villars-sur-Ollon : La victoire et le petit globe du sprint pour Emily Harrop","og_description":"SKI ALPINISME - Emily Harrop a remport\u00e9 le sprint de Villars-sur-Ollon,c e qui lui permet de d\u00e9crocher le petit globe la sp\u00e9cialit\u00e9.","og_url":"https:\/\/dicodusport.fr\/blog\/ski-alpinisme-villars-sur-ollon-la-victoire-et-le-petit-globe-du-sprint-pour-emily-harrop\/","og_site_name":"Dicodusport","article_publisher":"https:\/\/www.facebook.com\/dicodusport","article_published_time":"2025-04-04T11:07:43+00:00","article_modified_time":"2025-04-04T11:18:17+00:00","og_image":[{"width":1200,"height":674,"url":"https:\/\/dicodusport.fr\/blog\/wp-content\/uploads\/2025\/04\/Ski-Alpinisme-Villars-sur-Ollon-La-victoire-et-le-petit-globe-du-sprint-pour-Emily-Harrop.png","type":"image\/png"}],"author":"Maxime Cazenave","twitter_card":"summary_large_image","twitter_title":"Ski Alpinisme Villars-sur-Ollon : La victoire et le petit globe du sprint pour Emily Harrop","twitter_creator":"@https:\/\/twitter.com\/Maxime_Caze","twitter_site":"@dicodusport","schema":{"@context":"https:\/\/schema.org","@graph":[{"@type":"NewsArticle","@id":"https:\/\/dicodusport.fr\/blog\/ski-alpinisme-villars-sur-ollon-la-victoire-et-le-petit-globe-du-sprint-pour-emily-harrop\/#article","isPartOf":{"@id":"https:\/\/dicodusport.fr\/blog\/ski-alpinisme-villars-sur-ollon-la-victoire-et-le-petit-globe-du-sprint-pour-emily-harrop\/"},"author":{"name":"Maxime Cazenave","@id":"https:\/\/dicodusport.fr\/blog\/#\/schema\/person\/37def232098a7a5cbab3974a3690abb0"},"headline":"Ski Alpinisme Villars-sur-Ollon : La victoire et le petit globe du sprint pour Emily Harrop","datePublished":"2025-04-04T11:07:43+00:00","dateModified":"2025-04-04T11:18:17+00:00","mainEntityOfPage":{"@id":"https:\/\/dicodusport.fr\/blog\/ski-alpinisme-villars-sur-ollon-la-victoire-et-le-petit-globe-du-sprint-pour-emily-harrop\/"},"wordCount":631,"commentCount":0,"publisher":{"@id":"https:\/\/dicodusport.fr\/blog\/#organization"},"image":{"@id":"https:\/\/dicodusport.fr\/blog\/ski-alpinisme-villars-sur-ollon-la-victoire-et-le-petit-globe-du-sprint-pour-emily-harrop\/#primaryimage"},"thumbnailUrl":"https:\/\/dicodusport.fr\/blog\/wp-content\/uploads\/2025\/04\/Ski-Alpinisme-Villars-sur-Ollon-La-victoire-et-le-petit-globe-du-sprint-pour-Emily-Harrop.png","keywords":["br\u00e8ve","Coupe du monde ski alpinisme","Emily Harrop","Ski alpinisme","skimo","Thibault Anselmet"],"articleSection":["Ski alpinisme"],"inLanguage":"fr-FR","potentialAction":[{"@type":"CommentAction","name":"Comment","target":["https:\/\/dicodusport.fr\/blog\/ski-alpinisme-villars-sur-ollon-la-victoire-et-le-petit-globe-du-sprint-pour-emily-harrop\/#respond"]}],"copyrightYear":"2025","copyrightHolder":{"@id":"https:\/\/dicodusport.fr\/blog\/#organization"}},{"@type":"WebPage","@id":"https:\/\/dicodusport.fr\/blog\/ski-alpinisme-villars-sur-ollon-la-victoire-et-le-petit-globe-du-sprint-pour-emily-harrop\/","url":"https:\/\/dicodusport.fr\/blog\/ski-alpinisme-villars-sur-ollon-la-victoire-et-le-petit-globe-du-sprint-pour-emily-harrop\/","name":"Ski Alpinisme Villars-sur-Ollon : La victoire et le petit globe du sprint pour Emily Harrop","isPartOf":{"@id":"https:\/\/dicodusport.fr\/blog\/#website"},"primaryImageOfPage":{"@id":"https:\/\/dicodusport.fr\/blog\/ski-alpinisme-villars-sur-ollon-la-victoire-et-le-petit-globe-du-sprint-pour-emily-harrop\/#primaryimage"},"image":{"@id":"https:\/\/dicodusport.fr\/blog\/ski-alpinisme-villars-sur-ollon-la-victoire-et-le-petit-globe-du-sprint-pour-emily-harrop\/#primaryimage"},"thumbnailUrl":"https:\/\/dicodusport.fr\/blog\/wp-content\/uploads\/2025\/04\/Ski-Alpinisme-Villars-sur-Ollon-La-victoire-et-le-petit-globe-du-sprint-pour-Emily-Harrop.png","datePublished":"2025-04-04T11:07:43+00:00","dateModified":"2025-04-04T11:18:17+00:00","description":"SKI ALPINISME - Emily Harrop a remport\u00e9 le sprint de Villars-sur-Ollon,c e qui lui permet de d\u00e9crocher le petit globe la sp\u00e9cialit\u00e9.","breadcrumb":{"@id":"https:\/\/dicodusport.fr\/blog\/ski-alpinisme-villars-sur-ollon-la-victoire-et-le-petit-globe-du-sprint-pour-emily-harrop\/#breadcrumb"},"inLanguage":"fr-FR","potentialAction":[{"@type":"ReadAction","target":["https:\/\/dicodusport.fr\/blog\/ski-alpinisme-villars-sur-ollon-la-victoire-et-le-petit-globe-du-sprint-pour-emily-harrop\/"]}]},{"@type":"ImageObject","inLanguage":"fr-FR","@id":"https:\/\/dicodusport.fr\/blog\/ski-alpinisme-villars-sur-ollon-la-victoire-et-le-petit-globe-du-sprint-pour-emily-harrop\/#primaryimage","url":"https:\/\/dicodusport.fr\/blog\/wp-content\/uploads\/2025\/04\/Ski-Alpinisme-Villars-sur-Ollon-La-victoire-et-le-petit-globe-du-sprint-pour-Emily-Harrop.png","contentUrl":"https:\/\/dicodusport.fr\/blog\/wp-content\/uploads\/2025\/04\/Ski-Alpinisme-Villars-sur-Ollon-La-victoire-et-le-petit-globe-du-sprint-pour-Emily-Harrop.png","width":1200,"height":674,"caption":"Ski Alpinisme Villars-sur-Ollon : La victoire et le petit globe du sprint pour Emily Harrop"},{"@type":"BreadcrumbList","@id":"https:\/\/dicodusport.fr\/blog\/ski-alpinisme-villars-sur-ollon-la-victoire-et-le-petit-globe-du-sprint-pour-emily-harrop\/#breadcrumb","itemListElement":[{"@type":"ListItem","position":1,"name":"Accueil","item":"https:\/\/dicodusport.fr\/blog\/"},{"@type":"ListItem","position":2,"name":"Ski Alpinisme Villars-sur-Ollon : La victoire et le petit globe du sprint pour Emily Harrop"}]},{"@type":"WebSite","@id":"https:\/\/dicodusport.fr\/blog\/#website","url":"https:\/\/dicodusport.fr\/blog\/","name":"Dicodusport","description":"L&#039;encyclop\u00e9die de l&#039;actualit\u00e9 sportive","publisher":{"@id":"https:\/\/dicodusport.fr\/blog\/#organization"},"potentialAction":[{"@type":"SearchAction","target":{"@type":"EntryPoint","urlTemplate":"https:\/\/dicodusport.fr\/blog\/?s={search_term_string}"},"query-input":{"@type":"PropertyValueSpecification","valueRequired":true,"valueName":"search_term_string"}}],"inLanguage":"fr-FR"},{"@type":"NewsMediaOrganization","@id":"https:\/\/dicodusport.fr\/blog\/#organization","name":"Dicodusport","url":"https:\/\/dicodusport.fr\/blog\/","logo":{"@type":"ImageObject","inLanguage":"fr-FR","@id":"https:\/\/dicodusport.fr\/blog\/#\/schema\/logo\/image\/","url":"https:\/\/dicodusport.fr\/blog\/wp-content\/uploads\/2020\/06\/cropped-LOGO-DICODUSPORT-2020-SANS-FOND-SANS-TEXTE.png","contentUrl":"https:\/\/dicodusport.fr\/blog\/wp-content\/uploads\/2020\/06\/cropped-LOGO-DICODUSPORT-2020-SANS-FOND-SANS-TEXTE.png","width":512,"height":512,"caption":"Dicodusport"},"image":{"@id":"https:\/\/dicodusport.fr\/blog\/#\/schema\/logo\/image\/"},"sameAs":["https:\/\/www.facebook.com\/dicodusport","https:\/\/x.com\/dicodusport","https:\/\/www.instagram.com\/dicodusport\/","https:\/\/www.youtube.com\/channel\/UC7V2KZ5sd3htJivAbA4ZG3w"],"description":"Dicodusport est l'encyclop\u00e9die de l'actualit\u00e9 sportive.","email":"bonjour@dicodusport.fr","legalName":"DICODUSPORT","foundingDate":"2018-01-14","vatID":"FR71834470973","taxID":"83447097300043","numberOfEmployees":{"@type":"QuantitativeValue","minValue":"1","maxValue":"10"}},{"@type":"Person","@id":"https:\/\/dicodusport.fr\/blog\/#\/schema\/person\/37def232098a7a5cbab3974a3690abb0","name":"Maxime Cazenave","image":{"@type":"ImageObject","inLanguage":"fr-FR","@id":"https:\/\/dicodusport.fr\/blog\/#\/schema\/person\/image\/","url":"https:\/\/dicodusport.fr\/blog\/wp-content\/uploads\/2021\/05\/Maxime-Cazenave-150x150.jpg","contentUrl":"https:\/\/dicodusport.fr\/blog\/wp-content\/uploads\/2021\/05\/Maxime-Cazenave-150x150.jpg","caption":"Maxime Cazenave"},"description":"Journaliste\/R\u00e9dacteur depuis 2012 - Berc\u00e9 par l\u2019amour des Girondins de Bordeaux, les \u00e9checs de Christophe Moreau sur le Tour de France sous l'\u00e8re Lance Armstrong et le fade-away l\u00e9tal de Dirk Nowitzki, ma passion d\u00e9vorante pour le sport a toujours \u00e9t\u00e9 un pan incontournable de ma vie. Transmettre ma passion \u00e0 l\u2019\u00e9crit a \u00e9t\u00e9 une transition naturelle. Suiveur assidu de basket et de hockey sur glace, je garde toujours un peu de place pour suivre le cyclisme, le football et le maximum de performances fran\u00e7aises.","sameAs":["https:\/\/x.com\/https:\/\/twitter.com\/Maxime_Caze"],"url":"https:\/\/dicodusport.fr\/blog\/author\/maximec\/"}]}},"_links":{"self":[{"href":"https:\/\/dicodusport.fr\/blog\/wp-json\/wp\/v2\/posts\/569682","targetHints":{"allow":["GET"]}}],"collection":[{"href":"https:\/\/dicodusport.fr\/blog\/wp-json\/wp\/v2\/posts"}],"about":[{"href":"https:\/\/dicodusport.fr\/blog\/wp-json\/wp\/v2\/types\/post"}],"author":[{"embeddable":true,"href":"https:\/\/dicodusport.fr\/blog\/wp-json\/wp\/v2\/users\/55"}],"replies":[{"embeddable":true,"href":"https:\/\/dicodusport.fr\/blog\/wp-json\/wp\/v2\/comments?post=569682"}],"version-history":[{"count":5,"href":"https:\/\/dicodusport.fr\/blog\/wp-json\/wp\/v2\/posts\/569682\/revisions"}],"predecessor-version":[{"id":569760,"href":"https:\/\/dicodusport.fr\/blog\/wp-json\/wp\/v2\/posts\/569682\/revisions\/569760"}],"wp:featuredmedia":[{"embeddable":true,"href":"https:\/\/dicodusport.fr\/blog\/wp-json\/wp\/v2\/media\/569756"}],"wp:attachment":[{"href":"https:\/\/dicodusport.fr\/blog\/wp-json\/wp\/v2\/media?parent=569682"}],"wp:term":[{"taxonomy":"category","embeddable":true,"href":"https:\/\/dicodusport.fr\/blog\/wp-json\/wp\/v2\/categories?post=569682"},{"taxonomy":"post_tag","embeddable":true,"href":"https:\/\/dicodusport.fr\/blog\/wp-json\/wp\/v2\/tags?post=569682"}],"curies":[{"name":"wp","href":"https:\/\/api.w.org\/{rel}","templated":true}]}}