{"id":56986,"date":"2020-01-15T15:42:56","date_gmt":"2020-01-15T14:42:56","guid":{"rendered":"http:\/\/dicodusport.fr\/blog\/?p=56986&#038;preview=true&#038;preview_id=56986"},"modified":"2020-01-15T16:25:24","modified_gmt":"2020-01-15T15:25:24","slug":"biathlon-tiril-eckhoff-ecrase-le-sprint-de-ruhpolding-julia-simon-7eme","status":"publish","type":"post","link":"https:\/\/dicodusport.fr\/blog\/biathlon-tiril-eckhoff-ecrase-le-sprint-de-ruhpolding-julia-simon-7eme\/","title":{"rendered":"Biathlon : Tiril Eckhoff \u00e9crase le sprint de Ruhpolding, Julia Simon 7\u00e8me"},"content":{"rendered":"<p style=\"text-align: justify;\"><em><strong><a href=\"https:\/\/dicodusport.fr\/blog\/biathlon-coupe-du-monde-programme-complet-ruhpolding\/\" target=\"_blank\" rel=\"noopener\">Biathlon &#8211; Ruhpolding<\/a> &#8211; Les dames lan\u00e7aient l&rsquo;\u00e9tape de Coupe du monde du Ruhpolding avec un sprint que Tiril Eckhoff a domin\u00e9 de la t\u00eate et des \u00e9paules.<\/strong><\/em><\/p>\n<p style=\"text-align: justify;\">Quand la Norv\u00e9gienne est dans cette forme physique et qu&rsquo;en plus elle tire \u00e0 10\/10, elle est tout simplement imbattable. Rapide sur les skis, <strong>Tiril Eckhoff<\/strong> a \u00e9cras\u00e9\u00a0la concurrence, m\u00eame <strong>Hanna Oeberg<\/strong> et <strong>Dorothea Wierer<\/strong>, aussi parfaite sur le pas de tir n&rsquo;ont rien pu faire. La Su\u00e9doise prend la deuxi\u00e8me place \u00e0 pr\u00e8s de 30 secondes de la gagnante du jour juste devant l&rsquo;Italienne. Cette derni\u00e8re c\u00e8de le dossard jaune de leader du classement g\u00e9n\u00e9ral \u00e0 la laur\u00e9ate du jour.<\/p>\n<p style=\"text-align: justify;\"><strong>Julia Simon<\/strong> est la meilleure Fran\u00e7aise, avec une faute au tir la Tricolore prend la 7\u00e8me place. <strong>Justine Braisaz<\/strong> \u00e9tait rapide sur les skis mais ses deux fautes lui co\u00fbtent de nombreuses places aujourd&rsquo;hui (22\u00e8me). 8\/10 c&rsquo;est aussi le score d\u2019<strong>Ana\u00efs Bescond<\/strong> aujourd&rsquo;hui, la Normande ne parvient toujours pas \u00e0 r\u00e9aliser une course compl\u00e8te cette saison et termine \u00e0 la 39\u00e8me place.<\/p>\n<ul>\n<li style=\"text-align: justify;\"><a href=\"https:\/\/www.biathlonworld.com\/competitions\/world-cup\/events\/bmw-ibu-world-cup-biathlon-ruhpolding-1920\/bt1920swrlcp05\/race\/women-75-km-sprint\/bt1920swrlcp05swsp\/\" target=\"_blank\" rel=\"noopener\"><strong>Le classement complet du sprint de Ruhpolding<\/strong><\/a><\/li>\n<\/ul>\n<blockquote class=\"twitter-tweet\">\n<p dir=\"ltr\" lang=\"fr\">La 4e place provisoire du sprint pour Julia Simon <a href=\"https:\/\/twitter.com\/hashtag\/lequipeBIATHLON?src=hash&amp;ref_src=twsrc%5Etfw\">#lequipeBIATHLON<\/a> <a href=\"https:\/\/t.co\/eM0P4rbtC4\">pic.twitter.com\/eM0P4rbtC4<\/a><\/p>\n<p>\u2014 la chaine L&rsquo;\u00c9quipe (@lachainelequipe) <a href=\"https:\/\/twitter.com\/lachainelequipe\/status\/1217446073100394496?ref_src=twsrc%5Etfw\">January 15, 2020<\/a><\/p><\/blockquote>\n<p><script async src=\"https:\/\/platform.twitter.com\/widgets.js\" charset=\"utf-8\"><\/script><\/p>\n<p style=\"text-align: justify;\"><strong><em>Dicodusport<br \/>\n<a href=\"https:\/\/www.facebook.com\/dicodusport\/\" target=\"_blank\" rel=\"noopener\"><img loading=\"lazy\" decoding=\"async\" class=\"alignnone wp-image-2909\" src=\"http:\/\/dicodusport.fr\/blog\/wp-content\/uploads\/2017\/07\/logo-facebook-150x150.png\" alt=\"\" width=\"40\" height=\"40\" \/><\/a><a href=\"https:\/\/twitter.com\/dicodusport\" target=\"_blank\" rel=\"noopener\"><img loading=\"lazy\" decoding=\"async\" class=\"alignnone wp-image-2908\" src=\"http:\/\/dicodusport.fr\/blog\/wp-content\/uploads\/2017\/07\/logo-twitter-150x150.png\" alt=\"\" width=\"39\" height=\"39\" \/><\/a><\/em><\/strong><\/p>\n","protected":false},"excerpt":{"rendered":"<p>Biathlon &#8211; Les dames lan\u00e7aient l&rsquo;\u00e9tape de Coupe du monde du Ruhpolding avec un sprint que Tiril Eckhoff a domin\u00e9 de la t\u00eate et des \u00e9paules.<\/p>\n","protected":false},"author":1,"featured_media":56987,"comment_status":"open","ping_status":"closed","sticky":false,"template":"","format":"standard","meta":{"_acf_changed":false,"_daextam_enable_autolinks":"","footnotes":""},"categories":[2426],"tags":[2427,3259,5415,7214],"class_list":["post-56986","post","type-post","status-publish","format-standard","has-post-thumbnail","hentry","category-biathlon","tag-biathlon","tag-ruhpolding","tag-simon","tag-tiril-eckhoff"],"acf":[],"yoast_head":"<!-- This site is optimized with the Yoast SEO Premium plugin v26.7 (Yoast SEO v26.7) - https:\/\/yoast.com\/wordpress\/plugins\/seo\/ -->\n<title>Biathlon : Tiril Eckhoff \u00e9crase le sprint de Ruhpolding, Julia Simon 7\u00e8me<\/title>\n<meta name=\"description\" content=\"Biathlon - Les dames lan\u00e7aient l&#039;\u00e9tape de Coupe du monde du Ruhpolding avec un sprint que Tiril Eckhoff a domin\u00e9 de la t\u00eate et des \u00e9paules.\" \/>\n<meta name=\"robots\" content=\"index, follow, max-snippet:-1, max-image-preview:large, max-video-preview:-1\" \/>\n<link rel=\"canonical\" href=\"https:\/\/dicodusport.fr\/blog\/biathlon-tiril-eckhoff-ecrase-le-sprint-de-ruhpolding-julia-simon-7eme\/\" \/>\n<meta property=\"og:locale\" content=\"fr_FR\" \/>\n<meta property=\"og:type\" content=\"article\" \/>\n<meta property=\"og:title\" content=\"Biathlon : Tiril Eckhoff \u00e9crase le sprint de Ruhpolding, Julia Simon 7\u00e8me\" \/>\n<meta property=\"og:description\" content=\"Biathlon - Les dames lan\u00e7aient l&#039;\u00e9tape de Coupe du monde du Ruhpolding avec un sprint que Tiril Eckhoff a domin\u00e9 de la t\u00eate et des \u00e9paules.\" \/>\n<meta property=\"og:url\" content=\"https:\/\/dicodusport.fr\/blog\/biathlon-tiril-eckhoff-ecrase-le-sprint-de-ruhpolding-julia-simon-7eme\/\" \/>\n<meta property=\"og:site_name\" content=\"Dicodusport\" \/>\n<meta property=\"article:publisher\" content=\"https:\/\/www.facebook.com\/dicodusport\" \/>\n<meta property=\"article:author\" content=\"https:\/\/www.facebook.com\/dicodusport\" \/>\n<meta property=\"article:published_time\" content=\"2020-01-15T14:42:56+00:00\" \/>\n<meta property=\"article:modified_time\" content=\"2020-01-15T15:25:24+00:00\" \/>\n<meta property=\"og:image\" content=\"https:\/\/dicodusport.fr\/blog\/wp-content\/uploads\/2020\/01\/Tiril-Eckhoff.png\" \/>\n\t<meta property=\"og:image:width\" content=\"800\" \/>\n\t<meta property=\"og:image:height\" content=\"445\" \/>\n\t<meta property=\"og:image:type\" content=\"image\/png\" \/>\n<meta name=\"author\" content=\"Nicolas Jacquemard\" \/>\n<meta name=\"twitter:card\" content=\"summary_large_image\" \/>\n<meta name=\"twitter:title\" content=\"Biathlon : Tiril Eckhoff \u00e9crase le sprint de Ruhpolding, Julia Simon 7\u00e8me\" \/>\n<meta name=\"twitter:creator\" content=\"@https:\/\/twitter.com\/Nico_Jacquemard\" \/>\n<meta name=\"twitter:site\" content=\"@dicodusport\" \/>\n<script type=\"application\/ld+json\" class=\"yoast-schema-graph\">{\"@context\":\"https:\/\/schema.org\",\"@graph\":[{\"@type\":\"NewsArticle\",\"@id\":\"https:\/\/dicodusport.fr\/blog\/biathlon-tiril-eckhoff-ecrase-le-sprint-de-ruhpolding-julia-simon-7eme\/#article\",\"isPartOf\":{\"@id\":\"https:\/\/dicodusport.fr\/blog\/biathlon-tiril-eckhoff-ecrase-le-sprint-de-ruhpolding-julia-simon-7eme\/\"},\"author\":{\"name\":\"Nicolas Jacquemard\",\"@id\":\"https:\/\/dicodusport.fr\/blog\/#\/schema\/person\/55dcb50ad410894e431ed812bbb70191\"},\"headline\":\"Biathlon : Tiril Eckhoff \u00e9crase le sprint de Ruhpolding, Julia Simon 7\u00e8me\",\"datePublished\":\"2020-01-15T14:42:56+00:00\",\"dateModified\":\"2020-01-15T15:25:24+00:00\",\"mainEntityOfPage\":{\"@id\":\"https:\/\/dicodusport.fr\/blog\/biathlon-tiril-eckhoff-ecrase-le-sprint-de-ruhpolding-julia-simon-7eme\/\"},\"wordCount\":230,\"commentCount\":0,\"publisher\":{\"@id\":\"https:\/\/dicodusport.fr\/blog\/#organization\"},\"image\":{\"@id\":\"https:\/\/dicodusport.fr\/blog\/biathlon-tiril-eckhoff-ecrase-le-sprint-de-ruhpolding-julia-simon-7eme\/#primaryimage\"},\"thumbnailUrl\":\"https:\/\/dicodusport.fr\/blog\/wp-content\/uploads\/2020\/01\/Tiril-Eckhoff.png\",\"keywords\":[\"Biathlon\",\"Ruhpolding\",\"Simon\",\"Tiril Eckhoff\"],\"articleSection\":[\"Biathlon\"],\"inLanguage\":\"fr-FR\",\"potentialAction\":[{\"@type\":\"CommentAction\",\"name\":\"Comment\",\"target\":[\"https:\/\/dicodusport.fr\/blog\/biathlon-tiril-eckhoff-ecrase-le-sprint-de-ruhpolding-julia-simon-7eme\/#respond\"]}],\"copyrightYear\":\"2020\",\"copyrightHolder\":{\"@id\":\"https:\/\/dicodusport.fr\/blog\/#organization\"}},{\"@type\":\"WebPage\",\"@id\":\"https:\/\/dicodusport.fr\/blog\/biathlon-tiril-eckhoff-ecrase-le-sprint-de-ruhpolding-julia-simon-7eme\/\",\"url\":\"https:\/\/dicodusport.fr\/blog\/biathlon-tiril-eckhoff-ecrase-le-sprint-de-ruhpolding-julia-simon-7eme\/\",\"name\":\"Biathlon : Tiril Eckhoff \u00e9crase le sprint de Ruhpolding, Julia Simon 7\u00e8me\",\"isPartOf\":{\"@id\":\"https:\/\/dicodusport.fr\/blog\/#website\"},\"primaryImageOfPage\":{\"@id\":\"https:\/\/dicodusport.fr\/blog\/biathlon-tiril-eckhoff-ecrase-le-sprint-de-ruhpolding-julia-simon-7eme\/#primaryimage\"},\"image\":{\"@id\":\"https:\/\/dicodusport.fr\/blog\/biathlon-tiril-eckhoff-ecrase-le-sprint-de-ruhpolding-julia-simon-7eme\/#primaryimage\"},\"thumbnailUrl\":\"https:\/\/dicodusport.fr\/blog\/wp-content\/uploads\/2020\/01\/Tiril-Eckhoff.png\",\"datePublished\":\"2020-01-15T14:42:56+00:00\",\"dateModified\":\"2020-01-15T15:25:24+00:00\",\"description\":\"Biathlon - Les dames lan\u00e7aient l'\u00e9tape de Coupe du monde du Ruhpolding avec un sprint que Tiril Eckhoff a domin\u00e9 de la t\u00eate et des \u00e9paules.\",\"breadcrumb\":{\"@id\":\"https:\/\/dicodusport.fr\/blog\/biathlon-tiril-eckhoff-ecrase-le-sprint-de-ruhpolding-julia-simon-7eme\/#breadcrumb\"},\"inLanguage\":\"fr-FR\",\"potentialAction\":[{\"@type\":\"ReadAction\",\"target\":[\"https:\/\/dicodusport.fr\/blog\/biathlon-tiril-eckhoff-ecrase-le-sprint-de-ruhpolding-julia-simon-7eme\/\"]}]},{\"@type\":\"ImageObject\",\"inLanguage\":\"fr-FR\",\"@id\":\"https:\/\/dicodusport.fr\/blog\/biathlon-tiril-eckhoff-ecrase-le-sprint-de-ruhpolding-julia-simon-7eme\/#primaryimage\",\"url\":\"https:\/\/dicodusport.fr\/blog\/wp-content\/uploads\/2020\/01\/Tiril-Eckhoff.png\",\"contentUrl\":\"https:\/\/dicodusport.fr\/blog\/wp-content\/uploads\/2020\/01\/Tiril-Eckhoff.png\",\"width\":800,\"height\":445},{\"@type\":\"BreadcrumbList\",\"@id\":\"https:\/\/dicodusport.fr\/blog\/biathlon-tiril-eckhoff-ecrase-le-sprint-de-ruhpolding-julia-simon-7eme\/#breadcrumb\",\"itemListElement\":[{\"@type\":\"ListItem\",\"position\":1,\"name\":\"Accueil\",\"item\":\"https:\/\/dicodusport.fr\/blog\/\"},{\"@type\":\"ListItem\",\"position\":2,\"name\":\"Biathlon : Tiril Eckhoff \u00e9crase le sprint de Ruhpolding, Julia Simon 7\u00e8me\"}]},{\"@type\":\"WebSite\",\"@id\":\"https:\/\/dicodusport.fr\/blog\/#website\",\"url\":\"https:\/\/dicodusport.fr\/blog\/\",\"name\":\"Dicodusport\",\"description\":\"L&#039;encyclop\u00e9die de l&#039;actualit\u00e9 sportive\",\"publisher\":{\"@id\":\"https:\/\/dicodusport.fr\/blog\/#organization\"},\"potentialAction\":[{\"@type\":\"SearchAction\",\"target\":{\"@type\":\"EntryPoint\",\"urlTemplate\":\"https:\/\/dicodusport.fr\/blog\/?s={search_term_string}\"},\"query-input\":{\"@type\":\"PropertyValueSpecification\",\"valueRequired\":true,\"valueName\":\"search_term_string\"}}],\"inLanguage\":\"fr-FR\"},{\"@type\":\"NewsMediaOrganization\",\"@id\":\"https:\/\/dicodusport.fr\/blog\/#organization\",\"name\":\"Dicodusport\",\"url\":\"https:\/\/dicodusport.fr\/blog\/\",\"logo\":{\"@type\":\"ImageObject\",\"inLanguage\":\"fr-FR\",\"@id\":\"https:\/\/dicodusport.fr\/blog\/#\/schema\/logo\/image\/\",\"url\":\"https:\/\/dicodusport.fr\/blog\/wp-content\/uploads\/2020\/06\/cropped-LOGO-DICODUSPORT-2020-SANS-FOND-SANS-TEXTE.png\",\"contentUrl\":\"https:\/\/dicodusport.fr\/blog\/wp-content\/uploads\/2020\/06\/cropped-LOGO-DICODUSPORT-2020-SANS-FOND-SANS-TEXTE.png\",\"width\":512,\"height\":512,\"caption\":\"Dicodusport\"},\"image\":{\"@id\":\"https:\/\/dicodusport.fr\/blog\/#\/schema\/logo\/image\/\"},\"sameAs\":[\"https:\/\/www.facebook.com\/dicodusport\",\"https:\/\/x.com\/dicodusport\",\"https:\/\/www.instagram.com\/dicodusport\/\",\"https:\/\/www.youtube.com\/channel\/UC7V2KZ5sd3htJivAbA4ZG3w\"],\"description\":\"Dicodusport est l'encyclop\u00e9die de l'actualit\u00e9 sportive.\",\"email\":\"bonjour@dicodusport.fr\",\"legalName\":\"DICODUSPORT\",\"foundingDate\":\"2018-01-14\",\"vatID\":\"FR71834470973\",\"taxID\":\"83447097300043\",\"numberOfEmployees\":{\"@type\":\"QuantitativeValue\",\"minValue\":\"1\",\"maxValue\":\"10\"}},{\"@type\":\"Person\",\"@id\":\"https:\/\/dicodusport.fr\/blog\/#\/schema\/person\/55dcb50ad410894e431ed812bbb70191\",\"name\":\"Nicolas Jacquemard\",\"image\":{\"@type\":\"ImageObject\",\"inLanguage\":\"fr-FR\",\"@id\":\"https:\/\/dicodusport.fr\/blog\/#\/schema\/person\/image\/\",\"url\":\"https:\/\/dicodusport.fr\/blog\/wp-content\/uploads\/2021\/05\/Nicolas-Jacquemard-150x150.jpeg\",\"contentUrl\":\"https:\/\/dicodusport.fr\/blog\/wp-content\/uploads\/2021\/05\/Nicolas-Jacquemard-150x150.jpeg\",\"caption\":\"Nicolas Jacquemard\"},\"description\":\"Passionn\u00e9 de sport et entrepreneur depuis mes 18 ans, la cr\u00e9ation de Dicodusport m'a sembl\u00e9 \u00e9vidente pour participer \u00e0 la m\u00e9diatisation d'un plus grand nombre de sports. Le chemin est long mais avec une \u00e9quipe des plus motiv\u00e9es et les Jeux Olympiques de Paris 2024 en point de mire, nous y arriverons ! Journaliste dans le monde du sport depuis plus de 5 ans, je traite aussi bien de football, de rugby, de biathlon que de cyclisme.\",\"sameAs\":[\"https:\/\/www.facebook.com\/dicodusport\",\"https:\/\/x.com\/https:\/\/twitter.com\/Nico_Jacquemard\"],\"url\":\"https:\/\/dicodusport.fr\/blog\/author\/dicodusport\/\"}]}<\/script>\n<!-- \/ Yoast SEO Premium plugin. -->","yoast_head_json":{"title":"Biathlon : Tiril Eckhoff \u00e9crase le sprint de Ruhpolding, Julia Simon 7\u00e8me","description":"Biathlon - Les dames lan\u00e7aient l'\u00e9tape de Coupe du monde du Ruhpolding avec un sprint que Tiril Eckhoff a domin\u00e9 de la t\u00eate et des \u00e9paules.","robots":{"index":"index","follow":"follow","max-snippet":"max-snippet:-1","max-image-preview":"max-image-preview:large","max-video-preview":"max-video-preview:-1"},"canonical":"https:\/\/dicodusport.fr\/blog\/biathlon-tiril-eckhoff-ecrase-le-sprint-de-ruhpolding-julia-simon-7eme\/","og_locale":"fr_FR","og_type":"article","og_title":"Biathlon : Tiril Eckhoff \u00e9crase le sprint de Ruhpolding, Julia Simon 7\u00e8me","og_description":"Biathlon - Les dames lan\u00e7aient l'\u00e9tape de Coupe du monde du Ruhpolding avec un sprint que Tiril Eckhoff a domin\u00e9 de la t\u00eate et des \u00e9paules.","og_url":"https:\/\/dicodusport.fr\/blog\/biathlon-tiril-eckhoff-ecrase-le-sprint-de-ruhpolding-julia-simon-7eme\/","og_site_name":"Dicodusport","article_publisher":"https:\/\/www.facebook.com\/dicodusport","article_author":"https:\/\/www.facebook.com\/dicodusport","article_published_time":"2020-01-15T14:42:56+00:00","article_modified_time":"2020-01-15T15:25:24+00:00","og_image":[{"width":800,"height":445,"url":"https:\/\/dicodusport.fr\/blog\/wp-content\/uploads\/2020\/01\/Tiril-Eckhoff.png","type":"image\/png"}],"author":"Nicolas Jacquemard","twitter_card":"summary_large_image","twitter_title":"Biathlon : Tiril Eckhoff \u00e9crase le sprint de Ruhpolding, Julia Simon 7\u00e8me","twitter_creator":"@https:\/\/twitter.com\/Nico_Jacquemard","twitter_site":"@dicodusport","schema":{"@context":"https:\/\/schema.org","@graph":[{"@type":"NewsArticle","@id":"https:\/\/dicodusport.fr\/blog\/biathlon-tiril-eckhoff-ecrase-le-sprint-de-ruhpolding-julia-simon-7eme\/#article","isPartOf":{"@id":"https:\/\/dicodusport.fr\/blog\/biathlon-tiril-eckhoff-ecrase-le-sprint-de-ruhpolding-julia-simon-7eme\/"},"author":{"name":"Nicolas Jacquemard","@id":"https:\/\/dicodusport.fr\/blog\/#\/schema\/person\/55dcb50ad410894e431ed812bbb70191"},"headline":"Biathlon : Tiril Eckhoff \u00e9crase le sprint de Ruhpolding, Julia Simon 7\u00e8me","datePublished":"2020-01-15T14:42:56+00:00","dateModified":"2020-01-15T15:25:24+00:00","mainEntityOfPage":{"@id":"https:\/\/dicodusport.fr\/blog\/biathlon-tiril-eckhoff-ecrase-le-sprint-de-ruhpolding-julia-simon-7eme\/"},"wordCount":230,"commentCount":0,"publisher":{"@id":"https:\/\/dicodusport.fr\/blog\/#organization"},"image":{"@id":"https:\/\/dicodusport.fr\/blog\/biathlon-tiril-eckhoff-ecrase-le-sprint-de-ruhpolding-julia-simon-7eme\/#primaryimage"},"thumbnailUrl":"https:\/\/dicodusport.fr\/blog\/wp-content\/uploads\/2020\/01\/Tiril-Eckhoff.png","keywords":["Biathlon","Ruhpolding","Simon","Tiril Eckhoff"],"articleSection":["Biathlon"],"inLanguage":"fr-FR","potentialAction":[{"@type":"CommentAction","name":"Comment","target":["https:\/\/dicodusport.fr\/blog\/biathlon-tiril-eckhoff-ecrase-le-sprint-de-ruhpolding-julia-simon-7eme\/#respond"]}],"copyrightYear":"2020","copyrightHolder":{"@id":"https:\/\/dicodusport.fr\/blog\/#organization"}},{"@type":"WebPage","@id":"https:\/\/dicodusport.fr\/blog\/biathlon-tiril-eckhoff-ecrase-le-sprint-de-ruhpolding-julia-simon-7eme\/","url":"https:\/\/dicodusport.fr\/blog\/biathlon-tiril-eckhoff-ecrase-le-sprint-de-ruhpolding-julia-simon-7eme\/","name":"Biathlon : Tiril Eckhoff \u00e9crase le sprint de Ruhpolding, Julia Simon 7\u00e8me","isPartOf":{"@id":"https:\/\/dicodusport.fr\/blog\/#website"},"primaryImageOfPage":{"@id":"https:\/\/dicodusport.fr\/blog\/biathlon-tiril-eckhoff-ecrase-le-sprint-de-ruhpolding-julia-simon-7eme\/#primaryimage"},"image":{"@id":"https:\/\/dicodusport.fr\/blog\/biathlon-tiril-eckhoff-ecrase-le-sprint-de-ruhpolding-julia-simon-7eme\/#primaryimage"},"thumbnailUrl":"https:\/\/dicodusport.fr\/blog\/wp-content\/uploads\/2020\/01\/Tiril-Eckhoff.png","datePublished":"2020-01-15T14:42:56+00:00","dateModified":"2020-01-15T15:25:24+00:00","description":"Biathlon - Les dames lan\u00e7aient l'\u00e9tape de Coupe du monde du Ruhpolding avec un sprint que Tiril Eckhoff a domin\u00e9 de la t\u00eate et des \u00e9paules.","breadcrumb":{"@id":"https:\/\/dicodusport.fr\/blog\/biathlon-tiril-eckhoff-ecrase-le-sprint-de-ruhpolding-julia-simon-7eme\/#breadcrumb"},"inLanguage":"fr-FR","potentialAction":[{"@type":"ReadAction","target":["https:\/\/dicodusport.fr\/blog\/biathlon-tiril-eckhoff-ecrase-le-sprint-de-ruhpolding-julia-simon-7eme\/"]}]},{"@type":"ImageObject","inLanguage":"fr-FR","@id":"https:\/\/dicodusport.fr\/blog\/biathlon-tiril-eckhoff-ecrase-le-sprint-de-ruhpolding-julia-simon-7eme\/#primaryimage","url":"https:\/\/dicodusport.fr\/blog\/wp-content\/uploads\/2020\/01\/Tiril-Eckhoff.png","contentUrl":"https:\/\/dicodusport.fr\/blog\/wp-content\/uploads\/2020\/01\/Tiril-Eckhoff.png","width":800,"height":445},{"@type":"BreadcrumbList","@id":"https:\/\/dicodusport.fr\/blog\/biathlon-tiril-eckhoff-ecrase-le-sprint-de-ruhpolding-julia-simon-7eme\/#breadcrumb","itemListElement":[{"@type":"ListItem","position":1,"name":"Accueil","item":"https:\/\/dicodusport.fr\/blog\/"},{"@type":"ListItem","position":2,"name":"Biathlon : Tiril Eckhoff \u00e9crase le sprint de Ruhpolding, Julia Simon 7\u00e8me"}]},{"@type":"WebSite","@id":"https:\/\/dicodusport.fr\/blog\/#website","url":"https:\/\/dicodusport.fr\/blog\/","name":"Dicodusport","description":"L&#039;encyclop\u00e9die de l&#039;actualit\u00e9 sportive","publisher":{"@id":"https:\/\/dicodusport.fr\/blog\/#organization"},"potentialAction":[{"@type":"SearchAction","target":{"@type":"EntryPoint","urlTemplate":"https:\/\/dicodusport.fr\/blog\/?s={search_term_string}"},"query-input":{"@type":"PropertyValueSpecification","valueRequired":true,"valueName":"search_term_string"}}],"inLanguage":"fr-FR"},{"@type":"NewsMediaOrganization","@id":"https:\/\/dicodusport.fr\/blog\/#organization","name":"Dicodusport","url":"https:\/\/dicodusport.fr\/blog\/","logo":{"@type":"ImageObject","inLanguage":"fr-FR","@id":"https:\/\/dicodusport.fr\/blog\/#\/schema\/logo\/image\/","url":"https:\/\/dicodusport.fr\/blog\/wp-content\/uploads\/2020\/06\/cropped-LOGO-DICODUSPORT-2020-SANS-FOND-SANS-TEXTE.png","contentUrl":"https:\/\/dicodusport.fr\/blog\/wp-content\/uploads\/2020\/06\/cropped-LOGO-DICODUSPORT-2020-SANS-FOND-SANS-TEXTE.png","width":512,"height":512,"caption":"Dicodusport"},"image":{"@id":"https:\/\/dicodusport.fr\/blog\/#\/schema\/logo\/image\/"},"sameAs":["https:\/\/www.facebook.com\/dicodusport","https:\/\/x.com\/dicodusport","https:\/\/www.instagram.com\/dicodusport\/","https:\/\/www.youtube.com\/channel\/UC7V2KZ5sd3htJivAbA4ZG3w"],"description":"Dicodusport est l'encyclop\u00e9die de l'actualit\u00e9 sportive.","email":"bonjour@dicodusport.fr","legalName":"DICODUSPORT","foundingDate":"2018-01-14","vatID":"FR71834470973","taxID":"83447097300043","numberOfEmployees":{"@type":"QuantitativeValue","minValue":"1","maxValue":"10"}},{"@type":"Person","@id":"https:\/\/dicodusport.fr\/blog\/#\/schema\/person\/55dcb50ad410894e431ed812bbb70191","name":"Nicolas Jacquemard","image":{"@type":"ImageObject","inLanguage":"fr-FR","@id":"https:\/\/dicodusport.fr\/blog\/#\/schema\/person\/image\/","url":"https:\/\/dicodusport.fr\/blog\/wp-content\/uploads\/2021\/05\/Nicolas-Jacquemard-150x150.jpeg","contentUrl":"https:\/\/dicodusport.fr\/blog\/wp-content\/uploads\/2021\/05\/Nicolas-Jacquemard-150x150.jpeg","caption":"Nicolas Jacquemard"},"description":"Passionn\u00e9 de sport et entrepreneur depuis mes 18 ans, la cr\u00e9ation de Dicodusport m'a sembl\u00e9 \u00e9vidente pour participer \u00e0 la m\u00e9diatisation d'un plus grand nombre de sports. Le chemin est long mais avec une \u00e9quipe des plus motiv\u00e9es et les Jeux Olympiques de Paris 2024 en point de mire, nous y arriverons ! Journaliste dans le monde du sport depuis plus de 5 ans, je traite aussi bien de football, de rugby, de biathlon que de cyclisme.","sameAs":["https:\/\/www.facebook.com\/dicodusport","https:\/\/x.com\/https:\/\/twitter.com\/Nico_Jacquemard"],"url":"https:\/\/dicodusport.fr\/blog\/author\/dicodusport\/"}]}},"_links":{"self":[{"href":"https:\/\/dicodusport.fr\/blog\/wp-json\/wp\/v2\/posts\/56986","targetHints":{"allow":["GET"]}}],"collection":[{"href":"https:\/\/dicodusport.fr\/blog\/wp-json\/wp\/v2\/posts"}],"about":[{"href":"https:\/\/dicodusport.fr\/blog\/wp-json\/wp\/v2\/types\/post"}],"author":[{"embeddable":true,"href":"https:\/\/dicodusport.fr\/blog\/wp-json\/wp\/v2\/users\/1"}],"replies":[{"embeddable":true,"href":"https:\/\/dicodusport.fr\/blog\/wp-json\/wp\/v2\/comments?post=56986"}],"version-history":[{"count":0,"href":"https:\/\/dicodusport.fr\/blog\/wp-json\/wp\/v2\/posts\/56986\/revisions"}],"wp:featuredmedia":[{"embeddable":true,"href":"https:\/\/dicodusport.fr\/blog\/wp-json\/wp\/v2\/media\/56987"}],"wp:attachment":[{"href":"https:\/\/dicodusport.fr\/blog\/wp-json\/wp\/v2\/media?parent=56986"}],"wp:term":[{"taxonomy":"category","embeddable":true,"href":"https:\/\/dicodusport.fr\/blog\/wp-json\/wp\/v2\/categories?post=56986"},{"taxonomy":"post_tag","embeddable":true,"href":"https:\/\/dicodusport.fr\/blog\/wp-json\/wp\/v2\/tags?post=56986"}],"curies":[{"name":"wp","href":"https:\/\/api.w.org\/{rel}","templated":true}]}}