{"id":570014,"date":"2025-04-05T17:25:24","date_gmt":"2025-04-05T15:25:24","guid":{"rendered":"https:\/\/dicodusport.fr\/blog\/?p=570014&#038;preview=true&#038;preview_id=570014"},"modified":"2025-04-05T17:52:50","modified_gmt":"2025-04-05T15:52:50","slug":"grand-prix-miguel-indurain-2025-premier-jour-de-course-premiere-victoire-pour-thibau-nys","status":"publish","type":"post","link":"https:\/\/dicodusport.fr\/blog\/grand-prix-miguel-indurain-2025-premier-jour-de-course-premiere-victoire-pour-thibau-nys\/","title":{"rendered":"Grand Prix Miguel Indurain 2025 : Premier jour de course, premi\u00e8re victoire pour Thibau Nys"},"content":{"rendered":"<h4 style=\"text-align: justify;\"><i>GRAND PRIX MIGUEL INDURAIN 2025 &#8211; Thibau Nys (Lidl-Trek) a remport\u00e9, samedi, la 34\u00e8me \u00e9dition du Grand Prix Miguel Indurain, \u00e0 <span class=\"tojvnm2t a6sixzi8 abs2jz4q a8s20v7p t1p8iaqh k5wvi7nf q3lfd5jv pk4s997a bipmatt0 cebpdrjk qowsmv63 owwhemhu dp1hu0rb dhp61c6y iyyx5f41\"><strong>Estella-Lizarra.<\/strong><\/span><\/i><\/h4>\n<p style=\"text-align: justify;\"><span class=\"tojvnm2t a6sixzi8 abs2jz4q a8s20v7p t1p8iaqh k5wvi7nf q3lfd5jv pk4s997a bipmatt0 cebpdrjk qowsmv63 owwhemhu dp1hu0rb dhp61c6y iyyx5f41\">Un parcours de 198,1 kilom\u00e8tres \u00e9tait propos\u00e9 autour de<strong> Estella-Lizarra\u00a0<\/strong>avec de nombreuses difficult\u00e9s sur les routes de la Communaut\u00e9 de Navarre, en Espagne.<\/span><\/p>\n<ul style=\"text-align: justify;\">\n<li style=\"text-align: justify;\"><strong>\u00c0 ce sujet \u2013\u00a0<a href=\"https:\/\/dicodusport.fr\/blog\/actualites\/cyclisme\/cyclisme-sur-route-2025\/\">L\u2019actualit\u00e9 du cyclisme sur route<\/a><\/strong><\/li>\n<\/ul>\n<p style=\"text-align: justify;\">D&rsquo;abord, huit coureurs ont form\u00e9 l&rsquo;\u00e9chapp\u00e9e matinale d\u00e8s les premiers kilom\u00e8tres de course : <strong>Edoardo Zamperini<\/strong> (Arkea B&amp;B H\u00f4tels), <strong>Jesus Herrada<\/strong> (Cofidis), <strong>Anton Charmig<\/strong> (XDS Astana), <strong>Jambaljants Sainbayar<\/strong> (Burgos Burpellet BH), <strong>Pau Lanneras<\/strong> (Iles Baleares Araby), <strong>Harrison Wood<\/strong> (Anicolor), <strong>Xabier Isasa<\/strong> (Euskatel Euskadi) et <strong>Alan Jousseaume<\/strong> (TotalEnergies). L&rsquo;avance de ces attaquants est rapidement mont\u00e9e \u00e0 plus de 7 minutes, apr\u00e8s 50 kilom\u00e8tres de course.<\/p>\n<p style=\"text-align: justify;\">Puis, les \u00e9quipes UAE Team Emirates XRG, Red Bull Bora Hansgrohe et Lidl-Trek ont pris les commandes du peloton pour r\u00e9duire progressivement l&rsquo;avance des fuyards. Avec les nombreuses difficult\u00e9s de la journ\u00e9e, l&rsquo;\u00e9chapp\u00e9e matinale a perdu des membres pour n&rsquo;avoir plus moins de 3 minutes d&rsquo;avance \u00e0 55 kilom\u00e8tres du terme. Malheureusement, victime d&rsquo;une chute, <strong>Isaac del Toro<\/strong> (UAE Team Emirates) a perdu toutes ses chances de succ\u00e8s mais si le vainqueur de Milan-Turin a pu revenir au sein du peloton.<\/p>\n<ul style=\"text-align: justify;\">\n<li style=\"text-align: justify;\"><strong>\u00c0 ce sujet &#8211;\u00a0<a href=\"https:\/\/dicodusport.fr\/blog\/grand-prix-miguel-indurain-2025-classement-et-resultats\/\">Grand Prix Miguel Indurain 2025 \u2013 Classement et r\u00e9sultats<\/a><\/strong><\/li>\n<\/ul>\n<p style=\"text-align: justify;\">Devant, ils n&rsquo;\u00e9taient plus que trois \u00e0 25 kilom\u00e8tres du terme : <strong>Alan Jousseaume<\/strong> (TotalEnergies), <strong>Jesus Herrada<\/strong> (Cofidis) et <strong>Anton Charmig<\/strong> (XDS Astana), avec moins d&rsquo;une minute d&rsquo;avance sur le peloton. Bien s\u00fbr, les trois rescap\u00e9s de l&rsquo;\u00e9chapp\u00e9e matinale ont \u00e9t\u00e9 aval\u00e9s, \u00e0 14 kilom\u00e8tres du terme.\u00a0Par la suite, profitant d&rsquo;une portion descendante avant le dernier mur de la journ\u00e9e, quatre coureurs ont pris une petite avance sur le peloton \u00e0 7 kilom\u00e8tres de l&rsquo;arriv\u00e9e :<strong> Matt\u00e9o Vercher<\/strong> (TotalEnergies), <strong>Bauke Mollema<\/strong> (Lidl-trek), <strong>Alex Molenaar<\/strong> (Caja Rural) et <strong>Felix Grossschartner<\/strong> (UAE Team Emirates XRG). Alors, <strong>Matteo Vercher<\/strong> (TotalEnergies) a jou\u00e9 son va-tout dans le mur de 900 m\u00e8tres \u00e0 plus de 10 % en prenant quelques m\u00e8tres d&rsquo;avance sur ses compagnons de fugue.<\/p>\n<h2 style=\"text-align: justify;\">Thibau Nys surpuissant<\/h2>\n<p style=\"text-align: justify;\">Mais, le peloton \u00e9tait proche des 4 hommes de t\u00eate au pied de cette ultime bosse. <strong>Thibau Nys<\/strong> (Lidl-Trek) en a alors profit\u00e9 pour placer une puissante attaque. Le puncheur belge a aval\u00e9 <strong>Matteo Vercher<\/strong> (TotalEnergies) dans les plus forts pourcentages avant de filer seul vers la victoire. Finalement, <strong>Thibau Nys<\/strong> (Lidl-Trek) s&rsquo;est impos\u00e9 pour la douzi\u00e8me fois de sa carri\u00e8re \u00e0 22 ans avec 3 secondes d&rsquo;avance sur <strong>Alex Molenaar<\/strong> (Caja Rural), qui a parfaitement g\u00e9r\u00e9 son effort dans ce final tr\u00e8s punchy.<\/p>\n<blockquote class=\"twitter-tweet\">\n<p dir=\"ltr\" lang=\"es\">Ya est\u00e1 aqu\u00ed. \ud835\udc15\ud835\udc00 \ud835\udc00 \ud835\udc12\ud835\udc04\ud835\udc11 \ud835\udc12\ud835\udc14 \ud835\udc00\ud835\udc0d\u0303\ud835\udc0e.<\/p>\n<p>Thibau Nys homenajea a Valverde, quien m\u00e1s veces ha ganado en tiempos modernos el <a href=\"https:\/\/twitter.com\/GPIndurainSN?ref_src=twsrc%5Etfw\">@GPIndurainSN<\/a>, con un estacazo imparable en el Muro de Ibarra<\/p>\n<p>\u00a1Qu\u00e9 debut 2025 del hijo de Sven! \ud83d\udc99<\/p>\n<p>\ud83d\udeb4\ud83c\udffc\u200d\u2642\ufe0f Lo viste en <a href=\"https:\/\/twitter.com\/hashtag\/LaCasaDelCiclismo?src=hash&amp;ref_src=twsrc%5Etfw\">#LaCasaDelCiclismo<\/a>: <a href=\"https:\/\/twitter.com\/hashtag\/E1?src=hash&amp;ref_src=twsrc%5Etfw\">#E1<\/a> y <a href=\"https:\/\/twitter.com\/StreamMaxES?ref_src=twsrc%5Etfw\">@StreamMaxES<\/a> <a href=\"https:\/\/t.co\/b8OW5V3hmj\">pic.twitter.com\/b8OW5V3hmj<\/a><\/p>\n<p>\u2014 Eurosport.es (@Eurosport_ES) <a href=\"https:\/\/twitter.com\/Eurosport_ES\/status\/1908541193824108985?ref_src=twsrc%5Etfw\">April 5, 2025<\/a><\/p><\/blockquote>\n<p style=\"text-align: justify;\"><script async src=\"https:\/\/platform.twitter.com\/widgets.js\" charset=\"utf-8\"><\/script><br \/>\nLa troisi\u00e8me place est revenue \u00e0 <strong>Andrea Bagioli<\/strong> (Lidl-Trek). La Caja Rural a r\u00e9ussi \u00e0 un joli r\u00e9sultat collectif puisque <strong>Guillermo Thomas Silva<\/strong> (Caja Rural) a pris la quatri\u00e8me place, \u00e0 7 secondes, devant <strong>Alex Aranburu<\/strong> (Cofidis) et <strong>Marc Hirschi<\/strong> (Tudor Pro Cycling). <strong>Alex Baudin<\/strong> (EF Education EasyPost) a pris la neuvi\u00e8me place. Le coureur fran\u00e7ais a tent\u00e9 en vain de suivre l&rsquo;attaque de <strong>Thibau Nys<\/strong> (Lidl-Trek).<\/p>\n","protected":false},"excerpt":{"rendered":"<p>GRAND PRIX MIGUEL INDURAIN 2025 &#8211; Thibau Nys (Lidl-Trek) a remport\u00e9, samedi, la 34\u00e8me \u00e9dition du Grand Prix Miguel Indurain, \u00e0 Estella-Lizarra.<\/p>\n","protected":false},"author":48,"featured_media":570093,"comment_status":"open","ping_status":"closed","sticky":false,"template":"","format":"standard","meta":{"_acf_changed":false,"_daextam_enable_autolinks":"1","footnotes":""},"categories":[46994],"tags":[16878,15638],"class_list":["post-570014","post","type-post","status-publish","format-standard","has-post-thumbnail","hentry","category-cyclisme-sur-route","tag-breve","tag-grand-prix-miguel-indurain"],"acf":[],"yoast_head":"<!-- This site is optimized with the Yoast SEO Premium plugin v26.7 (Yoast SEO v26.7) - https:\/\/yoast.com\/wordpress\/plugins\/seo\/ -->\n<title>Grand Prix Miguel Indurain 2025 : Premier jour de course, premi\u00e8re victoire pour Thibau Nys<\/title>\n<meta name=\"description\" content=\"GRAND PRIX MIGUEL INDURAIN 2025 - Thibau Nys (Lidl-Trek) a remport\u00e9, samedi, la 34\u00e8me \u00e9dition du Grand Prix Miguel Indurain, \u00e0 Estella-Lizarra.\" \/>\n<meta name=\"robots\" content=\"index, follow, max-snippet:-1, max-image-preview:large, max-video-preview:-1\" \/>\n<link rel=\"canonical\" href=\"https:\/\/dicodusport.fr\/blog\/grand-prix-miguel-indurain-2025-premier-jour-de-course-premiere-victoire-pour-thibau-nys\/\" \/>\n<meta property=\"og:locale\" content=\"fr_FR\" \/>\n<meta property=\"og:type\" content=\"article\" \/>\n<meta property=\"og:title\" content=\"Grand Prix Miguel Indurain 2025 : Premier jour de course, premi\u00e8re victoire pour Thibau Nys\" \/>\n<meta property=\"og:description\" content=\"GRAND PRIX MIGUEL INDURAIN 2025 - Thibau Nys (Lidl-Trek) a remport\u00e9, samedi, la 34\u00e8me \u00e9dition du Grand Prix Miguel Indurain, \u00e0 Estella-Lizarra.\" \/>\n<meta property=\"og:url\" content=\"https:\/\/dicodusport.fr\/blog\/grand-prix-miguel-indurain-2025-premier-jour-de-course-premiere-victoire-pour-thibau-nys\/\" \/>\n<meta property=\"og:site_name\" content=\"Dicodusport\" \/>\n<meta property=\"article:publisher\" content=\"https:\/\/www.facebook.com\/dicodusport\" \/>\n<meta property=\"article:author\" content=\"https:\/\/www.facebook.com\/groups\/LesRoisDuPeloton\" \/>\n<meta property=\"article:published_time\" content=\"2025-04-05T15:25:24+00:00\" \/>\n<meta property=\"article:modified_time\" content=\"2025-04-05T15:52:50+00:00\" \/>\n<meta property=\"og:image\" content=\"https:\/\/dicodusport.fr\/blog\/wp-content\/uploads\/2025\/04\/Grand-Prix-Miguel-Indurain-2025-Premier-jour-de-course-premiere-victoire-pour-Thibau-Nys-1.png\" \/>\n\t<meta property=\"og:image:width\" content=\"1200\" \/>\n\t<meta property=\"og:image:height\" content=\"674\" \/>\n\t<meta property=\"og:image:type\" content=\"image\/png\" \/>\n<meta name=\"author\" content=\"Emilien Descampiaux\" \/>\n<meta name=\"twitter:card\" content=\"summary_large_image\" \/>\n<meta name=\"twitter:creator\" content=\"@https:\/\/twitter.com\/LRoisDuPeloton\" \/>\n<meta name=\"twitter:site\" content=\"@dicodusport\" \/>\n<script type=\"application\/ld+json\" class=\"yoast-schema-graph\">{\"@context\":\"https:\/\/schema.org\",\"@graph\":[{\"@type\":\"NewsArticle\",\"@id\":\"https:\/\/dicodusport.fr\/blog\/grand-prix-miguel-indurain-2025-premier-jour-de-course-premiere-victoire-pour-thibau-nys\/#article\",\"isPartOf\":{\"@id\":\"https:\/\/dicodusport.fr\/blog\/grand-prix-miguel-indurain-2025-premier-jour-de-course-premiere-victoire-pour-thibau-nys\/\"},\"author\":{\"name\":\"Emilien Descampiaux\",\"@id\":\"https:\/\/dicodusport.fr\/blog\/#\/schema\/person\/6db4bae06b171592211be385b32876a7\"},\"headline\":\"Grand Prix Miguel Indurain 2025 : Premier jour de course, premi\u00e8re victoire pour Thibau Nys\",\"datePublished\":\"2025-04-05T15:25:24+00:00\",\"dateModified\":\"2025-04-05T15:52:50+00:00\",\"mainEntityOfPage\":{\"@id\":\"https:\/\/dicodusport.fr\/blog\/grand-prix-miguel-indurain-2025-premier-jour-de-course-premiere-victoire-pour-thibau-nys\/\"},\"wordCount\":582,\"commentCount\":0,\"publisher\":{\"@id\":\"https:\/\/dicodusport.fr\/blog\/#organization\"},\"image\":{\"@id\":\"https:\/\/dicodusport.fr\/blog\/grand-prix-miguel-indurain-2025-premier-jour-de-course-premiere-victoire-pour-thibau-nys\/#primaryimage\"},\"thumbnailUrl\":\"https:\/\/dicodusport.fr\/blog\/wp-content\/uploads\/2025\/04\/Grand-Prix-Miguel-Indurain-2025-Premier-jour-de-course-premiere-victoire-pour-Thibau-Nys-1.png\",\"keywords\":[\"br\u00e8ve\",\"Grand Prix Miguel Indurain\"],\"articleSection\":[\"Cyclisme sur route\"],\"inLanguage\":\"fr-FR\",\"potentialAction\":[{\"@type\":\"CommentAction\",\"name\":\"Comment\",\"target\":[\"https:\/\/dicodusport.fr\/blog\/grand-prix-miguel-indurain-2025-premier-jour-de-course-premiere-victoire-pour-thibau-nys\/#respond\"]}],\"copyrightYear\":\"2025\",\"copyrightHolder\":{\"@id\":\"https:\/\/dicodusport.fr\/blog\/#organization\"}},{\"@type\":\"WebPage\",\"@id\":\"https:\/\/dicodusport.fr\/blog\/grand-prix-miguel-indurain-2025-premier-jour-de-course-premiere-victoire-pour-thibau-nys\/\",\"url\":\"https:\/\/dicodusport.fr\/blog\/grand-prix-miguel-indurain-2025-premier-jour-de-course-premiere-victoire-pour-thibau-nys\/\",\"name\":\"Grand Prix Miguel Indurain 2025 : Premier jour de course, premi\u00e8re victoire pour Thibau Nys\",\"isPartOf\":{\"@id\":\"https:\/\/dicodusport.fr\/blog\/#website\"},\"primaryImageOfPage\":{\"@id\":\"https:\/\/dicodusport.fr\/blog\/grand-prix-miguel-indurain-2025-premier-jour-de-course-premiere-victoire-pour-thibau-nys\/#primaryimage\"},\"image\":{\"@id\":\"https:\/\/dicodusport.fr\/blog\/grand-prix-miguel-indurain-2025-premier-jour-de-course-premiere-victoire-pour-thibau-nys\/#primaryimage\"},\"thumbnailUrl\":\"https:\/\/dicodusport.fr\/blog\/wp-content\/uploads\/2025\/04\/Grand-Prix-Miguel-Indurain-2025-Premier-jour-de-course-premiere-victoire-pour-Thibau-Nys-1.png\",\"datePublished\":\"2025-04-05T15:25:24+00:00\",\"dateModified\":\"2025-04-05T15:52:50+00:00\",\"description\":\"GRAND PRIX MIGUEL INDURAIN 2025 - Thibau Nys (Lidl-Trek) a remport\u00e9, samedi, la 34\u00e8me \u00e9dition du Grand Prix Miguel Indurain, \u00e0 Estella-Lizarra.\",\"breadcrumb\":{\"@id\":\"https:\/\/dicodusport.fr\/blog\/grand-prix-miguel-indurain-2025-premier-jour-de-course-premiere-victoire-pour-thibau-nys\/#breadcrumb\"},\"inLanguage\":\"fr-FR\",\"potentialAction\":[{\"@type\":\"ReadAction\",\"target\":[\"https:\/\/dicodusport.fr\/blog\/grand-prix-miguel-indurain-2025-premier-jour-de-course-premiere-victoire-pour-thibau-nys\/\"]}]},{\"@type\":\"ImageObject\",\"inLanguage\":\"fr-FR\",\"@id\":\"https:\/\/dicodusport.fr\/blog\/grand-prix-miguel-indurain-2025-premier-jour-de-course-premiere-victoire-pour-thibau-nys\/#primaryimage\",\"url\":\"https:\/\/dicodusport.fr\/blog\/wp-content\/uploads\/2025\/04\/Grand-Prix-Miguel-Indurain-2025-Premier-jour-de-course-premiere-victoire-pour-Thibau-Nys-1.png\",\"contentUrl\":\"https:\/\/dicodusport.fr\/blog\/wp-content\/uploads\/2025\/04\/Grand-Prix-Miguel-Indurain-2025-Premier-jour-de-course-premiere-victoire-pour-Thibau-Nys-1.png\",\"width\":1200,\"height\":674,\"caption\":\"Grand Prix Miguel Indurain 2025 Premier jour de course, premi\u00e8re victoire pour Thibau Nys\"},{\"@type\":\"BreadcrumbList\",\"@id\":\"https:\/\/dicodusport.fr\/blog\/grand-prix-miguel-indurain-2025-premier-jour-de-course-premiere-victoire-pour-thibau-nys\/#breadcrumb\",\"itemListElement\":[{\"@type\":\"ListItem\",\"position\":1,\"name\":\"Accueil\",\"item\":\"https:\/\/dicodusport.fr\/blog\/\"},{\"@type\":\"ListItem\",\"position\":2,\"name\":\"Grand Prix Miguel Indurain 2025 : Premier jour de course, premi\u00e8re victoire pour Thibau Nys\"}]},{\"@type\":\"WebSite\",\"@id\":\"https:\/\/dicodusport.fr\/blog\/#website\",\"url\":\"https:\/\/dicodusport.fr\/blog\/\",\"name\":\"Dicodusport\",\"description\":\"L&#039;encyclop\u00e9die de l&#039;actualit\u00e9 sportive\",\"publisher\":{\"@id\":\"https:\/\/dicodusport.fr\/blog\/#organization\"},\"potentialAction\":[{\"@type\":\"SearchAction\",\"target\":{\"@type\":\"EntryPoint\",\"urlTemplate\":\"https:\/\/dicodusport.fr\/blog\/?s={search_term_string}\"},\"query-input\":{\"@type\":\"PropertyValueSpecification\",\"valueRequired\":true,\"valueName\":\"search_term_string\"}}],\"inLanguage\":\"fr-FR\"},{\"@type\":\"NewsMediaOrganization\",\"@id\":\"https:\/\/dicodusport.fr\/blog\/#organization\",\"name\":\"Dicodusport\",\"url\":\"https:\/\/dicodusport.fr\/blog\/\",\"logo\":{\"@type\":\"ImageObject\",\"inLanguage\":\"fr-FR\",\"@id\":\"https:\/\/dicodusport.fr\/blog\/#\/schema\/logo\/image\/\",\"url\":\"https:\/\/dicodusport.fr\/blog\/wp-content\/uploads\/2020\/06\/cropped-LOGO-DICODUSPORT-2020-SANS-FOND-SANS-TEXTE.png\",\"contentUrl\":\"https:\/\/dicodusport.fr\/blog\/wp-content\/uploads\/2020\/06\/cropped-LOGO-DICODUSPORT-2020-SANS-FOND-SANS-TEXTE.png\",\"width\":512,\"height\":512,\"caption\":\"Dicodusport\"},\"image\":{\"@id\":\"https:\/\/dicodusport.fr\/blog\/#\/schema\/logo\/image\/\"},\"sameAs\":[\"https:\/\/www.facebook.com\/dicodusport\",\"https:\/\/x.com\/dicodusport\",\"https:\/\/www.instagram.com\/dicodusport\/\",\"https:\/\/www.youtube.com\/channel\/UC7V2KZ5sd3htJivAbA4ZG3w\"],\"description\":\"Dicodusport est l'encyclop\u00e9die de l'actualit\u00e9 sportive.\",\"email\":\"bonjour@dicodusport.fr\",\"legalName\":\"DICODUSPORT\",\"foundingDate\":\"2018-01-14\",\"vatID\":\"FR71834470973\",\"taxID\":\"83447097300043\",\"numberOfEmployees\":{\"@type\":\"QuantitativeValue\",\"minValue\":\"1\",\"maxValue\":\"10\"}},{\"@type\":\"Person\",\"@id\":\"https:\/\/dicodusport.fr\/blog\/#\/schema\/person\/6db4bae06b171592211be385b32876a7\",\"name\":\"Emilien Descampiaux\",\"image\":{\"@type\":\"ImageObject\",\"inLanguage\":\"fr-FR\",\"@id\":\"https:\/\/dicodusport.fr\/blog\/#\/schema\/person\/image\/\",\"url\":\"https:\/\/dicodusport.fr\/blog\/wp-content\/uploads\/2021\/05\/Emilien-Descampiaux-150x150.jpg\",\"contentUrl\":\"https:\/\/dicodusport.fr\/blog\/wp-content\/uploads\/2021\/05\/Emilien-Descampiaux-150x150.jpg\",\"caption\":\"Emilien Descampiaux\"},\"description\":\"Journaliste\/r\u00e9dacteur depuis 2014 - Fan de la classe de Frank Vandenbroucke, je vis cyclisme (et de ses paysages) depuis plus de 20 ans. Je suis tr\u00e8s impliqu\u00e9 sur mes diff\u00e9rents r\u00e9seaux sociaux pour partager ma passion sur le monde et l'Histoire de la bicyclette avec ma voix sur les images en noir et blanc du succ\u00e8s de Rik Van Steenbergen lors du Ronde sur le V\u00e9lodrome de Gand.\",\"sameAs\":[\"https:\/\/www.facebook.com\/groups\/LesRoisDuPeloton\",\"https:\/\/x.com\/https:\/\/twitter.com\/LRoisDuPeloton\"],\"url\":\"https:\/\/dicodusport.fr\/blog\/author\/emiliend\/\"}]}<\/script>\n<!-- \/ Yoast SEO Premium plugin. -->","yoast_head_json":{"title":"Grand Prix Miguel Indurain 2025 : Premier jour de course, premi\u00e8re victoire pour Thibau Nys","description":"GRAND PRIX MIGUEL INDURAIN 2025 - Thibau Nys (Lidl-Trek) a remport\u00e9, samedi, la 34\u00e8me \u00e9dition du Grand Prix Miguel Indurain, \u00e0 Estella-Lizarra.","robots":{"index":"index","follow":"follow","max-snippet":"max-snippet:-1","max-image-preview":"max-image-preview:large","max-video-preview":"max-video-preview:-1"},"canonical":"https:\/\/dicodusport.fr\/blog\/grand-prix-miguel-indurain-2025-premier-jour-de-course-premiere-victoire-pour-thibau-nys\/","og_locale":"fr_FR","og_type":"article","og_title":"Grand Prix Miguel Indurain 2025 : Premier jour de course, premi\u00e8re victoire pour Thibau Nys","og_description":"GRAND PRIX MIGUEL INDURAIN 2025 - Thibau Nys (Lidl-Trek) a remport\u00e9, samedi, la 34\u00e8me \u00e9dition du Grand Prix Miguel Indurain, \u00e0 Estella-Lizarra.","og_url":"https:\/\/dicodusport.fr\/blog\/grand-prix-miguel-indurain-2025-premier-jour-de-course-premiere-victoire-pour-thibau-nys\/","og_site_name":"Dicodusport","article_publisher":"https:\/\/www.facebook.com\/dicodusport","article_author":"https:\/\/www.facebook.com\/groups\/LesRoisDuPeloton","article_published_time":"2025-04-05T15:25:24+00:00","article_modified_time":"2025-04-05T15:52:50+00:00","og_image":[{"width":1200,"height":674,"url":"https:\/\/dicodusport.fr\/blog\/wp-content\/uploads\/2025\/04\/Grand-Prix-Miguel-Indurain-2025-Premier-jour-de-course-premiere-victoire-pour-Thibau-Nys-1.png","type":"image\/png"}],"author":"Emilien Descampiaux","twitter_card":"summary_large_image","twitter_creator":"@https:\/\/twitter.com\/LRoisDuPeloton","twitter_site":"@dicodusport","schema":{"@context":"https:\/\/schema.org","@graph":[{"@type":"NewsArticle","@id":"https:\/\/dicodusport.fr\/blog\/grand-prix-miguel-indurain-2025-premier-jour-de-course-premiere-victoire-pour-thibau-nys\/#article","isPartOf":{"@id":"https:\/\/dicodusport.fr\/blog\/grand-prix-miguel-indurain-2025-premier-jour-de-course-premiere-victoire-pour-thibau-nys\/"},"author":{"name":"Emilien Descampiaux","@id":"https:\/\/dicodusport.fr\/blog\/#\/schema\/person\/6db4bae06b171592211be385b32876a7"},"headline":"Grand Prix Miguel Indurain 2025 : Premier jour de course, premi\u00e8re victoire pour Thibau Nys","datePublished":"2025-04-05T15:25:24+00:00","dateModified":"2025-04-05T15:52:50+00:00","mainEntityOfPage":{"@id":"https:\/\/dicodusport.fr\/blog\/grand-prix-miguel-indurain-2025-premier-jour-de-course-premiere-victoire-pour-thibau-nys\/"},"wordCount":582,"commentCount":0,"publisher":{"@id":"https:\/\/dicodusport.fr\/blog\/#organization"},"image":{"@id":"https:\/\/dicodusport.fr\/blog\/grand-prix-miguel-indurain-2025-premier-jour-de-course-premiere-victoire-pour-thibau-nys\/#primaryimage"},"thumbnailUrl":"https:\/\/dicodusport.fr\/blog\/wp-content\/uploads\/2025\/04\/Grand-Prix-Miguel-Indurain-2025-Premier-jour-de-course-premiere-victoire-pour-Thibau-Nys-1.png","keywords":["br\u00e8ve","Grand Prix Miguel Indurain"],"articleSection":["Cyclisme sur route"],"inLanguage":"fr-FR","potentialAction":[{"@type":"CommentAction","name":"Comment","target":["https:\/\/dicodusport.fr\/blog\/grand-prix-miguel-indurain-2025-premier-jour-de-course-premiere-victoire-pour-thibau-nys\/#respond"]}],"copyrightYear":"2025","copyrightHolder":{"@id":"https:\/\/dicodusport.fr\/blog\/#organization"}},{"@type":"WebPage","@id":"https:\/\/dicodusport.fr\/blog\/grand-prix-miguel-indurain-2025-premier-jour-de-course-premiere-victoire-pour-thibau-nys\/","url":"https:\/\/dicodusport.fr\/blog\/grand-prix-miguel-indurain-2025-premier-jour-de-course-premiere-victoire-pour-thibau-nys\/","name":"Grand Prix Miguel Indurain 2025 : Premier jour de course, premi\u00e8re victoire pour Thibau Nys","isPartOf":{"@id":"https:\/\/dicodusport.fr\/blog\/#website"},"primaryImageOfPage":{"@id":"https:\/\/dicodusport.fr\/blog\/grand-prix-miguel-indurain-2025-premier-jour-de-course-premiere-victoire-pour-thibau-nys\/#primaryimage"},"image":{"@id":"https:\/\/dicodusport.fr\/blog\/grand-prix-miguel-indurain-2025-premier-jour-de-course-premiere-victoire-pour-thibau-nys\/#primaryimage"},"thumbnailUrl":"https:\/\/dicodusport.fr\/blog\/wp-content\/uploads\/2025\/04\/Grand-Prix-Miguel-Indurain-2025-Premier-jour-de-course-premiere-victoire-pour-Thibau-Nys-1.png","datePublished":"2025-04-05T15:25:24+00:00","dateModified":"2025-04-05T15:52:50+00:00","description":"GRAND PRIX MIGUEL INDURAIN 2025 - Thibau Nys (Lidl-Trek) a remport\u00e9, samedi, la 34\u00e8me \u00e9dition du Grand Prix Miguel Indurain, \u00e0 Estella-Lizarra.","breadcrumb":{"@id":"https:\/\/dicodusport.fr\/blog\/grand-prix-miguel-indurain-2025-premier-jour-de-course-premiere-victoire-pour-thibau-nys\/#breadcrumb"},"inLanguage":"fr-FR","potentialAction":[{"@type":"ReadAction","target":["https:\/\/dicodusport.fr\/blog\/grand-prix-miguel-indurain-2025-premier-jour-de-course-premiere-victoire-pour-thibau-nys\/"]}]},{"@type":"ImageObject","inLanguage":"fr-FR","@id":"https:\/\/dicodusport.fr\/blog\/grand-prix-miguel-indurain-2025-premier-jour-de-course-premiere-victoire-pour-thibau-nys\/#primaryimage","url":"https:\/\/dicodusport.fr\/blog\/wp-content\/uploads\/2025\/04\/Grand-Prix-Miguel-Indurain-2025-Premier-jour-de-course-premiere-victoire-pour-Thibau-Nys-1.png","contentUrl":"https:\/\/dicodusport.fr\/blog\/wp-content\/uploads\/2025\/04\/Grand-Prix-Miguel-Indurain-2025-Premier-jour-de-course-premiere-victoire-pour-Thibau-Nys-1.png","width":1200,"height":674,"caption":"Grand Prix Miguel Indurain 2025 Premier jour de course, premi\u00e8re victoire pour Thibau Nys"},{"@type":"BreadcrumbList","@id":"https:\/\/dicodusport.fr\/blog\/grand-prix-miguel-indurain-2025-premier-jour-de-course-premiere-victoire-pour-thibau-nys\/#breadcrumb","itemListElement":[{"@type":"ListItem","position":1,"name":"Accueil","item":"https:\/\/dicodusport.fr\/blog\/"},{"@type":"ListItem","position":2,"name":"Grand Prix Miguel Indurain 2025 : Premier jour de course, premi\u00e8re victoire pour Thibau Nys"}]},{"@type":"WebSite","@id":"https:\/\/dicodusport.fr\/blog\/#website","url":"https:\/\/dicodusport.fr\/blog\/","name":"Dicodusport","description":"L&#039;encyclop\u00e9die de l&#039;actualit\u00e9 sportive","publisher":{"@id":"https:\/\/dicodusport.fr\/blog\/#organization"},"potentialAction":[{"@type":"SearchAction","target":{"@type":"EntryPoint","urlTemplate":"https:\/\/dicodusport.fr\/blog\/?s={search_term_string}"},"query-input":{"@type":"PropertyValueSpecification","valueRequired":true,"valueName":"search_term_string"}}],"inLanguage":"fr-FR"},{"@type":"NewsMediaOrganization","@id":"https:\/\/dicodusport.fr\/blog\/#organization","name":"Dicodusport","url":"https:\/\/dicodusport.fr\/blog\/","logo":{"@type":"ImageObject","inLanguage":"fr-FR","@id":"https:\/\/dicodusport.fr\/blog\/#\/schema\/logo\/image\/","url":"https:\/\/dicodusport.fr\/blog\/wp-content\/uploads\/2020\/06\/cropped-LOGO-DICODUSPORT-2020-SANS-FOND-SANS-TEXTE.png","contentUrl":"https:\/\/dicodusport.fr\/blog\/wp-content\/uploads\/2020\/06\/cropped-LOGO-DICODUSPORT-2020-SANS-FOND-SANS-TEXTE.png","width":512,"height":512,"caption":"Dicodusport"},"image":{"@id":"https:\/\/dicodusport.fr\/blog\/#\/schema\/logo\/image\/"},"sameAs":["https:\/\/www.facebook.com\/dicodusport","https:\/\/x.com\/dicodusport","https:\/\/www.instagram.com\/dicodusport\/","https:\/\/www.youtube.com\/channel\/UC7V2KZ5sd3htJivAbA4ZG3w"],"description":"Dicodusport est l'encyclop\u00e9die de l'actualit\u00e9 sportive.","email":"bonjour@dicodusport.fr","legalName":"DICODUSPORT","foundingDate":"2018-01-14","vatID":"FR71834470973","taxID":"83447097300043","numberOfEmployees":{"@type":"QuantitativeValue","minValue":"1","maxValue":"10"}},{"@type":"Person","@id":"https:\/\/dicodusport.fr\/blog\/#\/schema\/person\/6db4bae06b171592211be385b32876a7","name":"Emilien Descampiaux","image":{"@type":"ImageObject","inLanguage":"fr-FR","@id":"https:\/\/dicodusport.fr\/blog\/#\/schema\/person\/image\/","url":"https:\/\/dicodusport.fr\/blog\/wp-content\/uploads\/2021\/05\/Emilien-Descampiaux-150x150.jpg","contentUrl":"https:\/\/dicodusport.fr\/blog\/wp-content\/uploads\/2021\/05\/Emilien-Descampiaux-150x150.jpg","caption":"Emilien Descampiaux"},"description":"Journaliste\/r\u00e9dacteur depuis 2014 - Fan de la classe de Frank Vandenbroucke, je vis cyclisme (et de ses paysages) depuis plus de 20 ans. Je suis tr\u00e8s impliqu\u00e9 sur mes diff\u00e9rents r\u00e9seaux sociaux pour partager ma passion sur le monde et l'Histoire de la bicyclette avec ma voix sur les images en noir et blanc du succ\u00e8s de Rik Van Steenbergen lors du Ronde sur le V\u00e9lodrome de Gand.","sameAs":["https:\/\/www.facebook.com\/groups\/LesRoisDuPeloton","https:\/\/x.com\/https:\/\/twitter.com\/LRoisDuPeloton"],"url":"https:\/\/dicodusport.fr\/blog\/author\/emiliend\/"}]}},"_links":{"self":[{"href":"https:\/\/dicodusport.fr\/blog\/wp-json\/wp\/v2\/posts\/570014","targetHints":{"allow":["GET"]}}],"collection":[{"href":"https:\/\/dicodusport.fr\/blog\/wp-json\/wp\/v2\/posts"}],"about":[{"href":"https:\/\/dicodusport.fr\/blog\/wp-json\/wp\/v2\/types\/post"}],"author":[{"embeddable":true,"href":"https:\/\/dicodusport.fr\/blog\/wp-json\/wp\/v2\/users\/48"}],"replies":[{"embeddable":true,"href":"https:\/\/dicodusport.fr\/blog\/wp-json\/wp\/v2\/comments?post=570014"}],"version-history":[{"count":5,"href":"https:\/\/dicodusport.fr\/blog\/wp-json\/wp\/v2\/posts\/570014\/revisions"}],"predecessor-version":[{"id":570094,"href":"https:\/\/dicodusport.fr\/blog\/wp-json\/wp\/v2\/posts\/570014\/revisions\/570094"}],"wp:featuredmedia":[{"embeddable":true,"href":"https:\/\/dicodusport.fr\/blog\/wp-json\/wp\/v2\/media\/570093"}],"wp:attachment":[{"href":"https:\/\/dicodusport.fr\/blog\/wp-json\/wp\/v2\/media?parent=570014"}],"wp:term":[{"taxonomy":"category","embeddable":true,"href":"https:\/\/dicodusport.fr\/blog\/wp-json\/wp\/v2\/categories?post=570014"},{"taxonomy":"post_tag","embeddable":true,"href":"https:\/\/dicodusport.fr\/blog\/wp-json\/wp\/v2\/tags?post=570014"}],"curies":[{"name":"wp","href":"https:\/\/api.w.org\/{rel}","templated":true}]}}