{"id":570080,"date":"2025-04-05T18:12:12","date_gmt":"2025-04-05T16:12:12","guid":{"rendered":"https:\/\/dicodusport.fr\/blog\/?p=570080&#038;preview=true&#038;preview_id=570080"},"modified":"2025-04-05T23:04:00","modified_gmt":"2025-04-05T21:04:00","slug":"vtt-xcc-araxa-2025-evie-richards-simpose-pour-la-premiere-de-la-saison","status":"publish","type":"post","link":"https:\/\/dicodusport.fr\/blog\/vtt-xcc-araxa-2025-evie-richards-simpose-pour-la-premiere-de-la-saison\/","title":{"rendered":"VTT XCC Araxa 2025 : Evie Richards s&rsquo;impose pour la premi\u00e8re de la saison"},"content":{"rendered":"<h4 style=\"text-align: justify;\"><em>COUPE DU MONDE DE VTT 2025 &#8211; Evie Richards remporte le short-track d&rsquo;Araxa et d\u00e9bute par une victoire son ann\u00e9e 2025. Samara Maxwell et Alessandra Keller montent sur le podium.<\/em><\/h4>\n<ul style=\"text-align: justify;\">\n<li style=\"text-align: justify;\"><strong>\u00c0 ce sujet \u2013\u00a0<a href=\"https:\/\/dicodusport.fr\/blog\/coupe-du-monde-vtt-cross-country-2025-calendrier-et-resultats-a-jour\/\">Coupe du monde VTT Cross-Country 2025 : Calendrier et R\u00e9sultats \u00e0 Jour<\/a><\/strong><\/li>\n<\/ul>\n<p style=\"text-align: justify;\"><span style=\"font-weight: 400;\">Les premiers tours de roues, les premiers coups de p\u00e9dales et les premi\u00e8res batailles au coude \u00e0 coude. La Coupe du monde VTT saison 2025 d\u00e9bute ce samedi, \u00e0 Araxa, au Br\u00e9sil. Le format court f\u00e9minin ouvre cette nouvelle ann\u00e9e avec la plupart des grandes dames de la discipline pr\u00e9sentes, sauf <\/span><b>Puck Pieterse<\/b><span style=\"font-weight: 400;\">, engag\u00e9e sur la route, et <\/span><b>Pauline Ferrand-Pr\u00e9vot<\/b><span style=\"font-weight: 400;\">, retrait\u00e9e du tout-terrain. Lors de ce XCC, la championne du monde <\/span><b>Evie Richards <\/b><span style=\"font-weight: 400;\">devant la championne d\u2019Oc\u00e9anie <\/span><b>Samara Maxwell<\/b><span style=\"font-weight: 400;\">, pour son premier podium en Coupe du monde. Encore dans le coup \u00e0 l\u2019entame du dernier des 7 tours, <\/span><b>Loana Lecomte <\/b><span style=\"font-weight: 400;\">finit 14e et partira de la 2e ligne.<\/span><\/p>\n<h2 style=\"text-align: justify;\">Samara Maxwell l\u00e9g\u00e8re dans les mont\u00e9es s\u00e8ches<\/h2>\n<p style=\"text-align: justify;\"><span style=\"font-weight: 400;\">Sur la terre rouge br\u00e9silienne, <\/span><b>Jenny Rissveds <\/b><span style=\"font-weight: 400;\">se place d\u00e8s le d\u00e9part en premi\u00e8re position. La Su\u00e9doise acc\u00e9l\u00e8re d\u00e8s le <em>start loop<\/em> avec <\/span><b>Laura Stigger <\/b><span style=\"font-weight: 400;\">se mettant aussi en avant. Des chutes \u00e0 l\u2019arri\u00e8re et les premiers hectom\u00e8tres cr\u00e9ent finalement des \u00e9carts. <\/span><b>Loana Lecomte <\/b><span style=\"font-weight: 400;\">recolle rapidement \u00e0 ce duo, avec plusieurs v\u00e9t\u00e9tistes dans sa roue. Un groupe de 6 s\u2019\u00e9tait d\u00e9tach\u00e9 mais il y a eu de la temporisation \u00e0 mi-course et d\u2019autres femmes reviennent. C\u2019est notamment le cas de la victorieuse du classement g\u00e9n\u00e9ral U23 en 2024 <\/span><b>Kira B\u00f6hm<\/b><span style=\"font-weight: 400;\">.<\/span><\/p>\n<ul style=\"text-align: justify;\">\n<li><strong>\u00c0 ce sujet \u2013\u00a0<\/strong><a href=\"https:\/\/dicodusport.fr\/blog\/coupe-du-monde-vtt-2025-classement-general-feminin-en-cross-country\/\"><strong>Coupe du monde VTT 2025 : Classement G\u00e9n\u00e9ral F\u00e9minin en Cross-country<\/strong><\/a><\/li>\n<\/ul>\n<p style=\"text-align: justify;\"><span style=\"font-weight: 400;\">Ce trac\u00e9 au nord de Sao Paulo est plus vari\u00e9 pour un <em>short track<\/em>, avec des sauts et des pourcentages importants. Le sprint final se lance dans l\u2019avant-derni\u00e8re boucle avec une grosse dizaine de cyclistes. <\/span><b>Samara Maxwell <\/b><span style=\"font-weight: 400;\">est celle qui d\u00e9clenche d\u2019abord, la N\u00e9o-Z\u00e9landaise part avec <\/span><b>Evie Richards <\/b><span style=\"font-weight: 400;\">et <\/span><b>Alessandra Keller<\/b><span style=\"font-weight: 400;\">. La Suissesse craque dans la derni\u00e8re mont\u00e9e et les anglo-saxonnes se jouent donc la victoire. <a href=\"https:\/\/dicodusport.fr\/blog\/mondiaux-vtt-2024-pauline-ferrand-prevot-vice-championne-du-monde-en-xcc-evie-richards-sacree\/\"><strong>La porteuse du maillot arc-en-ciel<\/strong><\/a> s\u2019impose de plusieurs v\u00e9los et entame parfaitement sa saison. Celles qui se sont montr\u00e9es en d\u00e9but de course terminent plus loin, avec notamment <\/span><b>Rissveds <\/b><span style=\"font-weight: 400;\">8e ainsi que <\/span><b>Lecomte <\/b><span style=\"font-weight: 400;\">et <\/span><b>Stigger <\/b><span style=\"font-weight: 400;\">en dehors du top 10.<\/span><\/p>\n<blockquote class=\"twitter-tweet\">\n<p dir=\"ltr\" lang=\"en\">\ud83c\uddec\ud83c\udde7\ud83e\udd47 EVIE RICHARDS \ud83e\udd47\ud83c\uddec\ud83c\udde7<\/p>\n<p>What a finish! Richards powers to victory to open the <a href=\"https:\/\/twitter.com\/MTBworldseries?ref_src=twsrc%5Etfw\">@MTBworldseries<\/a> season in style! <a href=\"https:\/\/twitter.com\/hashtag\/MTBWorldCup?src=hash&amp;ref_src=twsrc%5Etfw\">#MTBWorldCup<\/a> <a href=\"https:\/\/t.co\/CmTKIYAOVB\">pic.twitter.com\/CmTKIYAOVB<\/a><\/p>\n<p>\u2014 UCI MTB (@UCI_MTB) <a href=\"https:\/\/twitter.com\/UCI_MTB\/status\/1908554965997568346?ref_src=twsrc%5Etfw\">April 5, 2025<\/a><\/p><\/blockquote>\n<p style=\"text-align: justify;\"><script async src=\"https:\/\/platform.twitter.com\/widgets.js\" charset=\"utf-8\"><\/script><\/p>\n<ul>\n<li style=\"text-align: justify;\"><strong>\u00c0 ce sujet \u2013 <a href=\"https:\/\/dicodusport.fr\/blog\/vtt-xcc-araxa-2025-classement-de-la-course-femmes\/\">VTT XCC Araxa 2025 : Classement de la course femmes<\/a><\/strong><\/li>\n<\/ul>\n","protected":false},"excerpt":{"rendered":"<p>COUPE DU MONDE DE VTT 2025 &#8211; Evie Richards remporte le short-track d&rsquo;Araxa et d\u00e9bute par une victoire son ann\u00e9e 2025. Samara Maxwell et Alessandra Keller montent sur le podium.<\/p>\n","protected":false},"author":61,"featured_media":570238,"comment_status":"open","ping_status":"closed","sticky":false,"template":"","format":"standard","meta":{"_acf_changed":false,"_daextam_enable_autolinks":"1","footnotes":""},"categories":[10279],"tags":[16878,11873,10994,39592,692,39012],"class_list":["post-570080","post","type-post","status-publish","format-standard","has-post-thumbnail","hentry","category-vtt","tag-breve","tag-coupe-du-monde-de-vtt","tag-loana-lecomte","tag-mtb-world-series","tag-vtt","tag-vtt-xcc-araxa"],"acf":[],"yoast_head":"<!-- This site is optimized with the Yoast SEO Premium plugin v26.7 (Yoast SEO v26.7) - https:\/\/yoast.com\/wordpress\/plugins\/seo\/ -->\n<title>VTT XCC Araxa 2025 : Evie Richards s&#039;impose pour la premi\u00e8re de la saison<\/title>\n<meta name=\"description\" content=\"COUPE DU MONDE DE VTT 2025 - Evie Richards remporte le short-track d&#039;Araxa et d\u00e9bute par une victoire son ann\u00e9e 2025.\" \/>\n<meta name=\"robots\" content=\"index, follow, max-snippet:-1, max-image-preview:large, max-video-preview:-1\" \/>\n<link rel=\"canonical\" href=\"https:\/\/dicodusport.fr\/blog\/vtt-xcc-araxa-2025-evie-richards-simpose-pour-la-premiere-de-la-saison\/\" \/>\n<meta property=\"og:locale\" content=\"fr_FR\" \/>\n<meta property=\"og:type\" content=\"article\" \/>\n<meta property=\"og:title\" content=\"VTT XCC Araxa 2025 : Evie Richards s&#039;impose pour la premi\u00e8re de la saison\" \/>\n<meta property=\"og:description\" content=\"COUPE DU MONDE DE VTT 2025 - Evie Richards remporte le short-track d&#039;Araxa et d\u00e9bute par une victoire son ann\u00e9e 2025.\" \/>\n<meta property=\"og:url\" content=\"https:\/\/dicodusport.fr\/blog\/vtt-xcc-araxa-2025-evie-richards-simpose-pour-la-premiere-de-la-saison\/\" \/>\n<meta property=\"og:site_name\" content=\"Dicodusport\" \/>\n<meta property=\"article:publisher\" content=\"https:\/\/www.facebook.com\/dicodusport\" \/>\n<meta property=\"article:published_time\" content=\"2025-04-05T16:12:12+00:00\" \/>\n<meta property=\"article:modified_time\" content=\"2025-04-05T21:04:00+00:00\" \/>\n<meta property=\"og:image\" content=\"https:\/\/dicodusport.fr\/blog\/wp-content\/uploads\/2025\/04\/VTT-XCC-Araxa-2025-Evie-Richards-simpose-pour-la-premiere-de-la-saison-1.png\" \/>\n\t<meta property=\"og:image:width\" content=\"1200\" \/>\n\t<meta property=\"og:image:height\" content=\"674\" \/>\n\t<meta property=\"og:image:type\" content=\"image\/png\" \/>\n<meta name=\"author\" content=\"Pierre Gorce\" \/>\n<meta name=\"twitter:card\" content=\"summary_large_image\" \/>\n<meta name=\"twitter:title\" content=\"VTT XCC Araxa 2025 : Evie Richards s&#039;impose pour la premi\u00e8re de la saison\" \/>\n<meta name=\"twitter:creator\" content=\"@https:\/\/twitter.com\/pierregorce12\" \/>\n<meta name=\"twitter:site\" content=\"@dicodusport\" \/>\n<script type=\"application\/ld+json\" class=\"yoast-schema-graph\">{\"@context\":\"https:\/\/schema.org\",\"@graph\":[{\"@type\":\"NewsArticle\",\"@id\":\"https:\/\/dicodusport.fr\/blog\/vtt-xcc-araxa-2025-evie-richards-simpose-pour-la-premiere-de-la-saison\/#article\",\"isPartOf\":{\"@id\":\"https:\/\/dicodusport.fr\/blog\/vtt-xcc-araxa-2025-evie-richards-simpose-pour-la-premiere-de-la-saison\/\"},\"author\":{\"name\":\"Pierre Gorce\",\"@id\":\"https:\/\/dicodusport.fr\/blog\/#\/schema\/person\/0eaf70b33d703a1a66b1155ac1bda018\"},\"headline\":\"VTT XCC Araxa 2025 : Evie Richards s&rsquo;impose pour la premi\u00e8re de la saison\",\"datePublished\":\"2025-04-05T16:12:12+00:00\",\"dateModified\":\"2025-04-05T21:04:00+00:00\",\"mainEntityOfPage\":{\"@id\":\"https:\/\/dicodusport.fr\/blog\/vtt-xcc-araxa-2025-evie-richards-simpose-pour-la-premiere-de-la-saison\/\"},\"wordCount\":457,\"commentCount\":0,\"publisher\":{\"@id\":\"https:\/\/dicodusport.fr\/blog\/#organization\"},\"image\":{\"@id\":\"https:\/\/dicodusport.fr\/blog\/vtt-xcc-araxa-2025-evie-richards-simpose-pour-la-premiere-de-la-saison\/#primaryimage\"},\"thumbnailUrl\":\"https:\/\/dicodusport.fr\/blog\/wp-content\/uploads\/2025\/04\/VTT-XCC-Araxa-2025-Evie-Richards-simpose-pour-la-premiere-de-la-saison-1.png\",\"keywords\":[\"br\u00e8ve\",\"Coupe du monde de VTT\",\"Loana Lecomte\",\"MTB World Series\",\"VTT\",\"VTT XCC Arax\u00e1\"],\"articleSection\":[\"VTT\"],\"inLanguage\":\"fr-FR\",\"potentialAction\":[{\"@type\":\"CommentAction\",\"name\":\"Comment\",\"target\":[\"https:\/\/dicodusport.fr\/blog\/vtt-xcc-araxa-2025-evie-richards-simpose-pour-la-premiere-de-la-saison\/#respond\"]}],\"copyrightYear\":\"2025\",\"copyrightHolder\":{\"@id\":\"https:\/\/dicodusport.fr\/blog\/#organization\"}},{\"@type\":\"WebPage\",\"@id\":\"https:\/\/dicodusport.fr\/blog\/vtt-xcc-araxa-2025-evie-richards-simpose-pour-la-premiere-de-la-saison\/\",\"url\":\"https:\/\/dicodusport.fr\/blog\/vtt-xcc-araxa-2025-evie-richards-simpose-pour-la-premiere-de-la-saison\/\",\"name\":\"VTT XCC Araxa 2025 : Evie Richards s'impose pour la premi\u00e8re de la saison\",\"isPartOf\":{\"@id\":\"https:\/\/dicodusport.fr\/blog\/#website\"},\"primaryImageOfPage\":{\"@id\":\"https:\/\/dicodusport.fr\/blog\/vtt-xcc-araxa-2025-evie-richards-simpose-pour-la-premiere-de-la-saison\/#primaryimage\"},\"image\":{\"@id\":\"https:\/\/dicodusport.fr\/blog\/vtt-xcc-araxa-2025-evie-richards-simpose-pour-la-premiere-de-la-saison\/#primaryimage\"},\"thumbnailUrl\":\"https:\/\/dicodusport.fr\/blog\/wp-content\/uploads\/2025\/04\/VTT-XCC-Araxa-2025-Evie-Richards-simpose-pour-la-premiere-de-la-saison-1.png\",\"datePublished\":\"2025-04-05T16:12:12+00:00\",\"dateModified\":\"2025-04-05T21:04:00+00:00\",\"description\":\"COUPE DU MONDE DE VTT 2025 - Evie Richards remporte le short-track d'Araxa et d\u00e9bute par une victoire son ann\u00e9e 2025.\",\"breadcrumb\":{\"@id\":\"https:\/\/dicodusport.fr\/blog\/vtt-xcc-araxa-2025-evie-richards-simpose-pour-la-premiere-de-la-saison\/#breadcrumb\"},\"inLanguage\":\"fr-FR\",\"potentialAction\":[{\"@type\":\"ReadAction\",\"target\":[\"https:\/\/dicodusport.fr\/blog\/vtt-xcc-araxa-2025-evie-richards-simpose-pour-la-premiere-de-la-saison\/\"]}]},{\"@type\":\"ImageObject\",\"inLanguage\":\"fr-FR\",\"@id\":\"https:\/\/dicodusport.fr\/blog\/vtt-xcc-araxa-2025-evie-richards-simpose-pour-la-premiere-de-la-saison\/#primaryimage\",\"url\":\"https:\/\/dicodusport.fr\/blog\/wp-content\/uploads\/2025\/04\/VTT-XCC-Araxa-2025-Evie-Richards-simpose-pour-la-premiere-de-la-saison-1.png\",\"contentUrl\":\"https:\/\/dicodusport.fr\/blog\/wp-content\/uploads\/2025\/04\/VTT-XCC-Araxa-2025-Evie-Richards-simpose-pour-la-premiere-de-la-saison-1.png\",\"width\":1200,\"height\":674,\"caption\":\"VTT XCC Araxa 2025 Evie Richards s'impose pour la premi\u00e8re de la saison\"},{\"@type\":\"BreadcrumbList\",\"@id\":\"https:\/\/dicodusport.fr\/blog\/vtt-xcc-araxa-2025-evie-richards-simpose-pour-la-premiere-de-la-saison\/#breadcrumb\",\"itemListElement\":[{\"@type\":\"ListItem\",\"position\":1,\"name\":\"Accueil\",\"item\":\"https:\/\/dicodusport.fr\/blog\/\"},{\"@type\":\"ListItem\",\"position\":2,\"name\":\"VTT XCC Araxa 2025 : Evie Richards s&rsquo;impose pour la premi\u00e8re de la saison\"}]},{\"@type\":\"WebSite\",\"@id\":\"https:\/\/dicodusport.fr\/blog\/#website\",\"url\":\"https:\/\/dicodusport.fr\/blog\/\",\"name\":\"Dicodusport\",\"description\":\"L&#039;encyclop\u00e9die de l&#039;actualit\u00e9 sportive\",\"publisher\":{\"@id\":\"https:\/\/dicodusport.fr\/blog\/#organization\"},\"potentialAction\":[{\"@type\":\"SearchAction\",\"target\":{\"@type\":\"EntryPoint\",\"urlTemplate\":\"https:\/\/dicodusport.fr\/blog\/?s={search_term_string}\"},\"query-input\":{\"@type\":\"PropertyValueSpecification\",\"valueRequired\":true,\"valueName\":\"search_term_string\"}}],\"inLanguage\":\"fr-FR\"},{\"@type\":\"NewsMediaOrganization\",\"@id\":\"https:\/\/dicodusport.fr\/blog\/#organization\",\"name\":\"Dicodusport\",\"url\":\"https:\/\/dicodusport.fr\/blog\/\",\"logo\":{\"@type\":\"ImageObject\",\"inLanguage\":\"fr-FR\",\"@id\":\"https:\/\/dicodusport.fr\/blog\/#\/schema\/logo\/image\/\",\"url\":\"https:\/\/dicodusport.fr\/blog\/wp-content\/uploads\/2020\/06\/cropped-LOGO-DICODUSPORT-2020-SANS-FOND-SANS-TEXTE.png\",\"contentUrl\":\"https:\/\/dicodusport.fr\/blog\/wp-content\/uploads\/2020\/06\/cropped-LOGO-DICODUSPORT-2020-SANS-FOND-SANS-TEXTE.png\",\"width\":512,\"height\":512,\"caption\":\"Dicodusport\"},\"image\":{\"@id\":\"https:\/\/dicodusport.fr\/blog\/#\/schema\/logo\/image\/\"},\"sameAs\":[\"https:\/\/www.facebook.com\/dicodusport\",\"https:\/\/x.com\/dicodusport\",\"https:\/\/www.instagram.com\/dicodusport\/\",\"https:\/\/www.youtube.com\/channel\/UC7V2KZ5sd3htJivAbA4ZG3w\"],\"description\":\"Dicodusport est l'encyclop\u00e9die de l'actualit\u00e9 sportive.\",\"email\":\"bonjour@dicodusport.fr\",\"legalName\":\"DICODUSPORT\",\"foundingDate\":\"2018-01-14\",\"vatID\":\"FR71834470973\",\"taxID\":\"83447097300043\",\"numberOfEmployees\":{\"@type\":\"QuantitativeValue\",\"minValue\":\"1\",\"maxValue\":\"10\"}},{\"@type\":\"Person\",\"@id\":\"https:\/\/dicodusport.fr\/blog\/#\/schema\/person\/0eaf70b33d703a1a66b1155ac1bda018\",\"name\":\"Pierre Gorce\",\"image\":{\"@type\":\"ImageObject\",\"inLanguage\":\"fr-FR\",\"@id\":\"https:\/\/dicodusport.fr\/blog\/#\/schema\/person\/image\/\",\"url\":\"https:\/\/dicodusport.fr\/blog\/wp-content\/uploads\/2022\/03\/IMG_20211214_233053_722-150x150.jpg\",\"contentUrl\":\"https:\/\/dicodusport.fr\/blog\/wp-content\/uploads\/2022\/03\/IMG_20211214_233053_722-150x150.jpg\",\"caption\":\"Pierre Gorce\"},\"description\":\"Couteau suisse venant tout droit de Haute-Savoie. Habitu\u00e9 \u00e0 regarder du sport depuis petit, j'en ai maintenant fait mon m\u00e9tier. Des sports d'hiver au surf, en passant par le tennis, la F1, le handball et l'athl\u00e9tisme, j'essaie d'avoir mes yeux sur l'enti\u00e8ret\u00e9 de l'actualit\u00e9. Jeune homme berc\u00e9 par les exploits de Jean-Baptiste Grange, Sebastian Vettel et des Experts. Membre de la g\u00e9n\u00e9ration 1999 comme Luka Doncic, Sydney McLaughlin, Lando Norris et Loana Lecomte, mais avec beaucoup moins de talent qu'eux.\",\"sameAs\":[\"https:\/\/x.com\/https:\/\/twitter.com\/pierregorce12\"],\"birthDate\":\"1999-08-29\",\"url\":\"https:\/\/dicodusport.fr\/blog\/author\/pierreg\/\"}]}<\/script>\n<!-- \/ Yoast SEO Premium plugin. -->","yoast_head_json":{"title":"VTT XCC Araxa 2025 : Evie Richards s'impose pour la premi\u00e8re de la saison","description":"COUPE DU MONDE DE VTT 2025 - Evie Richards remporte le short-track d'Araxa et d\u00e9bute par une victoire son ann\u00e9e 2025.","robots":{"index":"index","follow":"follow","max-snippet":"max-snippet:-1","max-image-preview":"max-image-preview:large","max-video-preview":"max-video-preview:-1"},"canonical":"https:\/\/dicodusport.fr\/blog\/vtt-xcc-araxa-2025-evie-richards-simpose-pour-la-premiere-de-la-saison\/","og_locale":"fr_FR","og_type":"article","og_title":"VTT XCC Araxa 2025 : Evie Richards s'impose pour la premi\u00e8re de la saison","og_description":"COUPE DU MONDE DE VTT 2025 - Evie Richards remporte le short-track d'Araxa et d\u00e9bute par une victoire son ann\u00e9e 2025.","og_url":"https:\/\/dicodusport.fr\/blog\/vtt-xcc-araxa-2025-evie-richards-simpose-pour-la-premiere-de-la-saison\/","og_site_name":"Dicodusport","article_publisher":"https:\/\/www.facebook.com\/dicodusport","article_published_time":"2025-04-05T16:12:12+00:00","article_modified_time":"2025-04-05T21:04:00+00:00","og_image":[{"width":1200,"height":674,"url":"https:\/\/dicodusport.fr\/blog\/wp-content\/uploads\/2025\/04\/VTT-XCC-Araxa-2025-Evie-Richards-simpose-pour-la-premiere-de-la-saison-1.png","type":"image\/png"}],"author":"Pierre Gorce","twitter_card":"summary_large_image","twitter_title":"VTT XCC Araxa 2025 : Evie Richards s'impose pour la premi\u00e8re de la saison","twitter_creator":"@https:\/\/twitter.com\/pierregorce12","twitter_site":"@dicodusport","schema":{"@context":"https:\/\/schema.org","@graph":[{"@type":"NewsArticle","@id":"https:\/\/dicodusport.fr\/blog\/vtt-xcc-araxa-2025-evie-richards-simpose-pour-la-premiere-de-la-saison\/#article","isPartOf":{"@id":"https:\/\/dicodusport.fr\/blog\/vtt-xcc-araxa-2025-evie-richards-simpose-pour-la-premiere-de-la-saison\/"},"author":{"name":"Pierre Gorce","@id":"https:\/\/dicodusport.fr\/blog\/#\/schema\/person\/0eaf70b33d703a1a66b1155ac1bda018"},"headline":"VTT XCC Araxa 2025 : Evie Richards s&rsquo;impose pour la premi\u00e8re de la saison","datePublished":"2025-04-05T16:12:12+00:00","dateModified":"2025-04-05T21:04:00+00:00","mainEntityOfPage":{"@id":"https:\/\/dicodusport.fr\/blog\/vtt-xcc-araxa-2025-evie-richards-simpose-pour-la-premiere-de-la-saison\/"},"wordCount":457,"commentCount":0,"publisher":{"@id":"https:\/\/dicodusport.fr\/blog\/#organization"},"image":{"@id":"https:\/\/dicodusport.fr\/blog\/vtt-xcc-araxa-2025-evie-richards-simpose-pour-la-premiere-de-la-saison\/#primaryimage"},"thumbnailUrl":"https:\/\/dicodusport.fr\/blog\/wp-content\/uploads\/2025\/04\/VTT-XCC-Araxa-2025-Evie-Richards-simpose-pour-la-premiere-de-la-saison-1.png","keywords":["br\u00e8ve","Coupe du monde de VTT","Loana Lecomte","MTB World Series","VTT","VTT XCC Arax\u00e1"],"articleSection":["VTT"],"inLanguage":"fr-FR","potentialAction":[{"@type":"CommentAction","name":"Comment","target":["https:\/\/dicodusport.fr\/blog\/vtt-xcc-araxa-2025-evie-richards-simpose-pour-la-premiere-de-la-saison\/#respond"]}],"copyrightYear":"2025","copyrightHolder":{"@id":"https:\/\/dicodusport.fr\/blog\/#organization"}},{"@type":"WebPage","@id":"https:\/\/dicodusport.fr\/blog\/vtt-xcc-araxa-2025-evie-richards-simpose-pour-la-premiere-de-la-saison\/","url":"https:\/\/dicodusport.fr\/blog\/vtt-xcc-araxa-2025-evie-richards-simpose-pour-la-premiere-de-la-saison\/","name":"VTT XCC Araxa 2025 : Evie Richards s'impose pour la premi\u00e8re de la saison","isPartOf":{"@id":"https:\/\/dicodusport.fr\/blog\/#website"},"primaryImageOfPage":{"@id":"https:\/\/dicodusport.fr\/blog\/vtt-xcc-araxa-2025-evie-richards-simpose-pour-la-premiere-de-la-saison\/#primaryimage"},"image":{"@id":"https:\/\/dicodusport.fr\/blog\/vtt-xcc-araxa-2025-evie-richards-simpose-pour-la-premiere-de-la-saison\/#primaryimage"},"thumbnailUrl":"https:\/\/dicodusport.fr\/blog\/wp-content\/uploads\/2025\/04\/VTT-XCC-Araxa-2025-Evie-Richards-simpose-pour-la-premiere-de-la-saison-1.png","datePublished":"2025-04-05T16:12:12+00:00","dateModified":"2025-04-05T21:04:00+00:00","description":"COUPE DU MONDE DE VTT 2025 - Evie Richards remporte le short-track d'Araxa et d\u00e9bute par une victoire son ann\u00e9e 2025.","breadcrumb":{"@id":"https:\/\/dicodusport.fr\/blog\/vtt-xcc-araxa-2025-evie-richards-simpose-pour-la-premiere-de-la-saison\/#breadcrumb"},"inLanguage":"fr-FR","potentialAction":[{"@type":"ReadAction","target":["https:\/\/dicodusport.fr\/blog\/vtt-xcc-araxa-2025-evie-richards-simpose-pour-la-premiere-de-la-saison\/"]}]},{"@type":"ImageObject","inLanguage":"fr-FR","@id":"https:\/\/dicodusport.fr\/blog\/vtt-xcc-araxa-2025-evie-richards-simpose-pour-la-premiere-de-la-saison\/#primaryimage","url":"https:\/\/dicodusport.fr\/blog\/wp-content\/uploads\/2025\/04\/VTT-XCC-Araxa-2025-Evie-Richards-simpose-pour-la-premiere-de-la-saison-1.png","contentUrl":"https:\/\/dicodusport.fr\/blog\/wp-content\/uploads\/2025\/04\/VTT-XCC-Araxa-2025-Evie-Richards-simpose-pour-la-premiere-de-la-saison-1.png","width":1200,"height":674,"caption":"VTT XCC Araxa 2025 Evie Richards s'impose pour la premi\u00e8re de la saison"},{"@type":"BreadcrumbList","@id":"https:\/\/dicodusport.fr\/blog\/vtt-xcc-araxa-2025-evie-richards-simpose-pour-la-premiere-de-la-saison\/#breadcrumb","itemListElement":[{"@type":"ListItem","position":1,"name":"Accueil","item":"https:\/\/dicodusport.fr\/blog\/"},{"@type":"ListItem","position":2,"name":"VTT XCC Araxa 2025 : Evie Richards s&rsquo;impose pour la premi\u00e8re de la saison"}]},{"@type":"WebSite","@id":"https:\/\/dicodusport.fr\/blog\/#website","url":"https:\/\/dicodusport.fr\/blog\/","name":"Dicodusport","description":"L&#039;encyclop\u00e9die de l&#039;actualit\u00e9 sportive","publisher":{"@id":"https:\/\/dicodusport.fr\/blog\/#organization"},"potentialAction":[{"@type":"SearchAction","target":{"@type":"EntryPoint","urlTemplate":"https:\/\/dicodusport.fr\/blog\/?s={search_term_string}"},"query-input":{"@type":"PropertyValueSpecification","valueRequired":true,"valueName":"search_term_string"}}],"inLanguage":"fr-FR"},{"@type":"NewsMediaOrganization","@id":"https:\/\/dicodusport.fr\/blog\/#organization","name":"Dicodusport","url":"https:\/\/dicodusport.fr\/blog\/","logo":{"@type":"ImageObject","inLanguage":"fr-FR","@id":"https:\/\/dicodusport.fr\/blog\/#\/schema\/logo\/image\/","url":"https:\/\/dicodusport.fr\/blog\/wp-content\/uploads\/2020\/06\/cropped-LOGO-DICODUSPORT-2020-SANS-FOND-SANS-TEXTE.png","contentUrl":"https:\/\/dicodusport.fr\/blog\/wp-content\/uploads\/2020\/06\/cropped-LOGO-DICODUSPORT-2020-SANS-FOND-SANS-TEXTE.png","width":512,"height":512,"caption":"Dicodusport"},"image":{"@id":"https:\/\/dicodusport.fr\/blog\/#\/schema\/logo\/image\/"},"sameAs":["https:\/\/www.facebook.com\/dicodusport","https:\/\/x.com\/dicodusport","https:\/\/www.instagram.com\/dicodusport\/","https:\/\/www.youtube.com\/channel\/UC7V2KZ5sd3htJivAbA4ZG3w"],"description":"Dicodusport est l'encyclop\u00e9die de l'actualit\u00e9 sportive.","email":"bonjour@dicodusport.fr","legalName":"DICODUSPORT","foundingDate":"2018-01-14","vatID":"FR71834470973","taxID":"83447097300043","numberOfEmployees":{"@type":"QuantitativeValue","minValue":"1","maxValue":"10"}},{"@type":"Person","@id":"https:\/\/dicodusport.fr\/blog\/#\/schema\/person\/0eaf70b33d703a1a66b1155ac1bda018","name":"Pierre Gorce","image":{"@type":"ImageObject","inLanguage":"fr-FR","@id":"https:\/\/dicodusport.fr\/blog\/#\/schema\/person\/image\/","url":"https:\/\/dicodusport.fr\/blog\/wp-content\/uploads\/2022\/03\/IMG_20211214_233053_722-150x150.jpg","contentUrl":"https:\/\/dicodusport.fr\/blog\/wp-content\/uploads\/2022\/03\/IMG_20211214_233053_722-150x150.jpg","caption":"Pierre Gorce"},"description":"Couteau suisse venant tout droit de Haute-Savoie. Habitu\u00e9 \u00e0 regarder du sport depuis petit, j'en ai maintenant fait mon m\u00e9tier. Des sports d'hiver au surf, en passant par le tennis, la F1, le handball et l'athl\u00e9tisme, j'essaie d'avoir mes yeux sur l'enti\u00e8ret\u00e9 de l'actualit\u00e9. Jeune homme berc\u00e9 par les exploits de Jean-Baptiste Grange, Sebastian Vettel et des Experts. Membre de la g\u00e9n\u00e9ration 1999 comme Luka Doncic, Sydney McLaughlin, Lando Norris et Loana Lecomte, mais avec beaucoup moins de talent qu'eux.","sameAs":["https:\/\/x.com\/https:\/\/twitter.com\/pierregorce12"],"birthDate":"1999-08-29","url":"https:\/\/dicodusport.fr\/blog\/author\/pierreg\/"}]}},"_links":{"self":[{"href":"https:\/\/dicodusport.fr\/blog\/wp-json\/wp\/v2\/posts\/570080","targetHints":{"allow":["GET"]}}],"collection":[{"href":"https:\/\/dicodusport.fr\/blog\/wp-json\/wp\/v2\/posts"}],"about":[{"href":"https:\/\/dicodusport.fr\/blog\/wp-json\/wp\/v2\/types\/post"}],"author":[{"embeddable":true,"href":"https:\/\/dicodusport.fr\/blog\/wp-json\/wp\/v2\/users\/61"}],"replies":[{"embeddable":true,"href":"https:\/\/dicodusport.fr\/blog\/wp-json\/wp\/v2\/comments?post=570080"}],"version-history":[{"count":5,"href":"https:\/\/dicodusport.fr\/blog\/wp-json\/wp\/v2\/posts\/570080\/revisions"}],"predecessor-version":[{"id":570125,"href":"https:\/\/dicodusport.fr\/blog\/wp-json\/wp\/v2\/posts\/570080\/revisions\/570125"}],"wp:featuredmedia":[{"embeddable":true,"href":"https:\/\/dicodusport.fr\/blog\/wp-json\/wp\/v2\/media\/570238"}],"wp:attachment":[{"href":"https:\/\/dicodusport.fr\/blog\/wp-json\/wp\/v2\/media?parent=570080"}],"wp:term":[{"taxonomy":"category","embeddable":true,"href":"https:\/\/dicodusport.fr\/blog\/wp-json\/wp\/v2\/categories?post=570080"},{"taxonomy":"post_tag","embeddable":true,"href":"https:\/\/dicodusport.fr\/blog\/wp-json\/wp\/v2\/tags?post=570080"}],"curies":[{"name":"wp","href":"https:\/\/api.w.org\/{rel}","templated":true}]}}