{"id":57011,"date":"2020-01-15T19:59:47","date_gmt":"2020-01-15T18:59:47","guid":{"rendered":"http:\/\/dicodusport.fr\/blog\/?p=57011&#038;preview=true&#038;preview_id=57011"},"modified":"2020-01-16T08:25:10","modified_gmt":"2020-01-16T07:25:10","slug":"open-australie-aucune-francaise-tete-de-serie-en-2020","status":"publish","type":"post","link":"https:\/\/dicodusport.fr\/blog\/open-australie-aucune-francaise-tete-de-serie-en-2020\/","title":{"rendered":"Open d&rsquo;Australie : aucune Fran\u00e7aise t\u00eate de s\u00e9rie en 2020"},"content":{"rendered":"<p style=\"text-align: justify;\"><em><strong>Pour la premi\u00e8re fois depuis Wimbledon en 2001, soit pr\u00e8s de 20 ans, aucune Fran\u00e7aise ne sera t\u00eate de s\u00e9rie en Grand Chelem, lors de l&rsquo;Open d&rsquo;Australie 2020.<\/strong><\/em><\/p>\n<p style=\"text-align: justify;\"><strong>Kristina Mladenovic<\/strong>, class\u00e9e 39\u00e8me \u00e0 l&rsquo;ATP et premi\u00e8re tricolore, ne sera pas t\u00eate de s\u00e9rie pour la premi\u00e8re lev\u00e9e du Grand Chelem 2020, pas plus que <strong>Caroline Garcia<\/strong> ou <strong>Aliz\u00e9 Cornet<\/strong>. L&rsquo;\u00e9quipe de France, vainqueur de la <strong>Fed Cup 2019<\/strong>, n&rsquo;aura donc aucune joueuse avec un tirage prot\u00e9g\u00e9. Saisissant.<\/p>\n<blockquote class=\"twitter-tweet\">\n<p dir=\"ltr\" lang=\"fr\">Open d&rsquo;Australie : Z\u00e9ro Fran\u00e7aise t\u00eate de s\u00e9rie : une 1\u00e8re depuis 2001 <a href=\"https:\/\/twitter.com\/hashtag\/AO2020?src=hash&amp;ref_src=twsrc%5Etfw\">#AO2020<\/a> <a href=\"https:\/\/twitter.com\/hashtag\/AusOpen?src=hash&amp;ref_src=twsrc%5Etfw\">#AusOpen<\/a> <a href=\"https:\/\/twitter.com\/hashtag\/Seed?src=hash&amp;ref_src=twsrc%5Etfw\">#Seed<\/a> <a href=\"https:\/\/twitter.com\/hashtag\/Garcia?src=hash&amp;ref_src=twsrc%5Etfw\">#Garcia<\/a> <a href=\"https:\/\/twitter.com\/hashtag\/Mladenovic?src=hash&amp;ref_src=twsrc%5Etfw\">#Mladenovic<\/a> <a href=\"https:\/\/twitter.com\/hashtag\/FFT?src=hash&amp;ref_src=twsrc%5Etfw\">#FFT<\/a> <a href=\"https:\/\/t.co\/RgO7lbOmhq\">https:\/\/t.co\/RgO7lbOmhq<\/a><\/p>\n<p>\u2014 TennisActu (@TennisActu) <a href=\"https:\/\/twitter.com\/TennisActu\/status\/1217500581184462848?ref_src=twsrc%5Etfw\">January 15, 2020<\/a><\/p><\/blockquote>\n<p style=\"text-align: justify;\"><script async src=\"https:\/\/platform.twitter.com\/widgets.js\" charset=\"utf-8\"><\/script><\/p>\n<p style=\"text-align: justify;\"><strong><em>Dicodusport<br \/>\n<a href=\"https:\/\/www.facebook.com\/dicodusport\/\" target=\"_blank\" rel=\"noopener\"><img loading=\"lazy\" decoding=\"async\" class=\"alignnone wp-image-2909\" src=\"http:\/\/dicodusport.fr\/blog\/wp-content\/uploads\/2017\/07\/logo-facebook-150x150.png\" alt=\"\" width=\"40\" height=\"40\" \/><\/a><a href=\"https:\/\/twitter.com\/dicodusport\" target=\"_blank\" rel=\"noopener\"><img loading=\"lazy\" decoding=\"async\" class=\"alignnone wp-image-2908\" src=\"http:\/\/dicodusport.fr\/blog\/wp-content\/uploads\/2017\/07\/logo-twitter-150x150.png\" alt=\"\" width=\"39\" height=\"39\" \/><\/a><\/em><\/strong><\/p>\n","protected":false},"excerpt":{"rendered":"<p>Pour la premi\u00e8re fois depuis Wimbledon en 2001, soit pr\u00e8s de 20 ans, aucune Fran\u00e7aise ne sera t\u00eate de s\u00e9rie en Grand Chelem, lors de l&rsquo;Open d&rsquo;Australie 2020.<\/p>\n","protected":false},"author":1,"featured_media":57013,"comment_status":"open","ping_status":"closed","sticky":false,"template":"","format":"standard","meta":{"_acf_changed":false,"_daextam_enable_autolinks":"","footnotes":""},"categories":[2302],"tags":[30,1618,3377,3226,136,137],"class_list":["post-57011","post","type-post","status-publish","format-standard","has-post-thumbnail","hentry","category-tennis","tag-france","tag-garcia","tag-mladenovic","tag-open-daustralie","tag-tennis","tag-wta"],"acf":[],"yoast_head":"<!-- This site is optimized with the Yoast SEO Premium plugin v26.7 (Yoast SEO v26.7) - https:\/\/yoast.com\/wordpress\/plugins\/seo\/ -->\n<title>Open d&#039;Australie : aucune Fran\u00e7aise t\u00eate de s\u00e9rie en 2020<\/title>\n<meta name=\"description\" content=\"Pour la premi\u00e8re fois depuis Wimbledon en 2001, soit pr\u00e8s de 20 ans, aucune Fran\u00e7aise ne sera t\u00eate de s\u00e9rie en Grand Chelem, lors de l&#039;Open d&#039;Australie.\" \/>\n<meta name=\"robots\" content=\"index, follow, max-snippet:-1, max-image-preview:large, max-video-preview:-1\" \/>\n<link rel=\"canonical\" href=\"https:\/\/dicodusport.fr\/blog\/open-australie-aucune-francaise-tete-de-serie-en-2020\/\" \/>\n<meta property=\"og:locale\" content=\"fr_FR\" \/>\n<meta property=\"og:type\" content=\"article\" \/>\n<meta property=\"og:title\" content=\"Open d&#039;Australie : Aucune Fran\u00e7aise t\u00eate de s\u00e9rie en 2020\" \/>\n<meta property=\"og:description\" content=\"Pour la premi\u00e8re fois depuis Wimbledon en 2001, soit pr\u00e8s de 20 ans, aucune Fran\u00e7aise ne sera t\u00eate de s\u00e9rie en Grand Chelem, lors de l&#039;Open d&#039;Australie.\" \/>\n<meta property=\"og:url\" content=\"https:\/\/dicodusport.fr\/blog\/open-australie-aucune-francaise-tete-de-serie-en-2020\/\" \/>\n<meta property=\"og:site_name\" content=\"Dicodusport\" \/>\n<meta property=\"article:publisher\" content=\"https:\/\/www.facebook.com\/dicodusport\" \/>\n<meta property=\"article:author\" content=\"https:\/\/www.facebook.com\/dicodusport\" \/>\n<meta property=\"article:published_time\" content=\"2020-01-15T18:59:47+00:00\" \/>\n<meta property=\"article:modified_time\" content=\"2020-01-16T07:25:10+00:00\" \/>\n<meta property=\"og:image\" content=\"https:\/\/dicodusport.fr\/blog\/wp-content\/uploads\/2020\/01\/Kristina-Mladenovic.png\" \/>\n\t<meta property=\"og:image:width\" content=\"800\" \/>\n\t<meta property=\"og:image:height\" content=\"445\" \/>\n\t<meta property=\"og:image:type\" content=\"image\/png\" \/>\n<meta name=\"author\" content=\"Nicolas Jacquemard\" \/>\n<meta name=\"twitter:card\" content=\"summary_large_image\" \/>\n<meta name=\"twitter:title\" content=\"Open d&#039;Australie : Aucune Fran\u00e7aise t\u00eate de s\u00e9rie en 2020\" \/>\n<meta name=\"twitter:creator\" content=\"@https:\/\/twitter.com\/Nico_Jacquemard\" \/>\n<meta name=\"twitter:site\" content=\"@dicodusport\" \/>\n<script type=\"application\/ld+json\" class=\"yoast-schema-graph\">{\"@context\":\"https:\/\/schema.org\",\"@graph\":[{\"@type\":\"NewsArticle\",\"@id\":\"https:\/\/dicodusport.fr\/blog\/open-australie-aucune-francaise-tete-de-serie-en-2020\/#article\",\"isPartOf\":{\"@id\":\"https:\/\/dicodusport.fr\/blog\/open-australie-aucune-francaise-tete-de-serie-en-2020\/\"},\"author\":{\"name\":\"Nicolas Jacquemard\",\"@id\":\"https:\/\/dicodusport.fr\/blog\/#\/schema\/person\/55dcb50ad410894e431ed812bbb70191\"},\"headline\":\"Open d&rsquo;Australie : aucune Fran\u00e7aise t\u00eate de s\u00e9rie en 2020\",\"datePublished\":\"2020-01-15T18:59:47+00:00\",\"dateModified\":\"2020-01-16T07:25:10+00:00\",\"mainEntityOfPage\":{\"@id\":\"https:\/\/dicodusport.fr\/blog\/open-australie-aucune-francaise-tete-de-serie-en-2020\/\"},\"wordCount\":130,\"commentCount\":0,\"publisher\":{\"@id\":\"https:\/\/dicodusport.fr\/blog\/#organization\"},\"image\":{\"@id\":\"https:\/\/dicodusport.fr\/blog\/open-australie-aucune-francaise-tete-de-serie-en-2020\/#primaryimage\"},\"thumbnailUrl\":\"https:\/\/dicodusport.fr\/blog\/wp-content\/uploads\/2020\/01\/Kristina-Mladenovic.png\",\"keywords\":[\"France\",\"Garcia\",\"Mladenovic\",\"Open d'Australie\",\"Tennis\",\"wta\"],\"articleSection\":[\"Tennis\"],\"inLanguage\":\"fr-FR\",\"potentialAction\":[{\"@type\":\"CommentAction\",\"name\":\"Comment\",\"target\":[\"https:\/\/dicodusport.fr\/blog\/open-australie-aucune-francaise-tete-de-serie-en-2020\/#respond\"]}],\"copyrightYear\":\"2020\",\"copyrightHolder\":{\"@id\":\"https:\/\/dicodusport.fr\/blog\/#organization\"}},{\"@type\":\"WebPage\",\"@id\":\"https:\/\/dicodusport.fr\/blog\/open-australie-aucune-francaise-tete-de-serie-en-2020\/\",\"url\":\"https:\/\/dicodusport.fr\/blog\/open-australie-aucune-francaise-tete-de-serie-en-2020\/\",\"name\":\"Open d'Australie : aucune Fran\u00e7aise t\u00eate de s\u00e9rie en 2020\",\"isPartOf\":{\"@id\":\"https:\/\/dicodusport.fr\/blog\/#website\"},\"primaryImageOfPage\":{\"@id\":\"https:\/\/dicodusport.fr\/blog\/open-australie-aucune-francaise-tete-de-serie-en-2020\/#primaryimage\"},\"image\":{\"@id\":\"https:\/\/dicodusport.fr\/blog\/open-australie-aucune-francaise-tete-de-serie-en-2020\/#primaryimage\"},\"thumbnailUrl\":\"https:\/\/dicodusport.fr\/blog\/wp-content\/uploads\/2020\/01\/Kristina-Mladenovic.png\",\"datePublished\":\"2020-01-15T18:59:47+00:00\",\"dateModified\":\"2020-01-16T07:25:10+00:00\",\"description\":\"Pour la premi\u00e8re fois depuis Wimbledon en 2001, soit pr\u00e8s de 20 ans, aucune Fran\u00e7aise ne sera t\u00eate de s\u00e9rie en Grand Chelem, lors de l'Open d'Australie.\",\"breadcrumb\":{\"@id\":\"https:\/\/dicodusport.fr\/blog\/open-australie-aucune-francaise-tete-de-serie-en-2020\/#breadcrumb\"},\"inLanguage\":\"fr-FR\",\"potentialAction\":[{\"@type\":\"ReadAction\",\"target\":[\"https:\/\/dicodusport.fr\/blog\/open-australie-aucune-francaise-tete-de-serie-en-2020\/\"]}]},{\"@type\":\"ImageObject\",\"inLanguage\":\"fr-FR\",\"@id\":\"https:\/\/dicodusport.fr\/blog\/open-australie-aucune-francaise-tete-de-serie-en-2020\/#primaryimage\",\"url\":\"https:\/\/dicodusport.fr\/blog\/wp-content\/uploads\/2020\/01\/Kristina-Mladenovic.png\",\"contentUrl\":\"https:\/\/dicodusport.fr\/blog\/wp-content\/uploads\/2020\/01\/Kristina-Mladenovic.png\",\"width\":800,\"height\":445,\"caption\":\"Open d'Australie : Aucune Fran\u00e7aise t\u00eate de s\u00e9rie en 2020\"},{\"@type\":\"BreadcrumbList\",\"@id\":\"https:\/\/dicodusport.fr\/blog\/open-australie-aucune-francaise-tete-de-serie-en-2020\/#breadcrumb\",\"itemListElement\":[{\"@type\":\"ListItem\",\"position\":1,\"name\":\"Accueil\",\"item\":\"https:\/\/dicodusport.fr\/blog\/\"},{\"@type\":\"ListItem\",\"position\":2,\"name\":\"Open d&rsquo;Australie : aucune Fran\u00e7aise t\u00eate de s\u00e9rie en 2020\"}]},{\"@type\":\"WebSite\",\"@id\":\"https:\/\/dicodusport.fr\/blog\/#website\",\"url\":\"https:\/\/dicodusport.fr\/blog\/\",\"name\":\"Dicodusport\",\"description\":\"L&#039;encyclop\u00e9die de l&#039;actualit\u00e9 sportive\",\"publisher\":{\"@id\":\"https:\/\/dicodusport.fr\/blog\/#organization\"},\"potentialAction\":[{\"@type\":\"SearchAction\",\"target\":{\"@type\":\"EntryPoint\",\"urlTemplate\":\"https:\/\/dicodusport.fr\/blog\/?s={search_term_string}\"},\"query-input\":{\"@type\":\"PropertyValueSpecification\",\"valueRequired\":true,\"valueName\":\"search_term_string\"}}],\"inLanguage\":\"fr-FR\"},{\"@type\":\"NewsMediaOrganization\",\"@id\":\"https:\/\/dicodusport.fr\/blog\/#organization\",\"name\":\"Dicodusport\",\"url\":\"https:\/\/dicodusport.fr\/blog\/\",\"logo\":{\"@type\":\"ImageObject\",\"inLanguage\":\"fr-FR\",\"@id\":\"https:\/\/dicodusport.fr\/blog\/#\/schema\/logo\/image\/\",\"url\":\"https:\/\/dicodusport.fr\/blog\/wp-content\/uploads\/2020\/06\/cropped-LOGO-DICODUSPORT-2020-SANS-FOND-SANS-TEXTE.png\",\"contentUrl\":\"https:\/\/dicodusport.fr\/blog\/wp-content\/uploads\/2020\/06\/cropped-LOGO-DICODUSPORT-2020-SANS-FOND-SANS-TEXTE.png\",\"width\":512,\"height\":512,\"caption\":\"Dicodusport\"},\"image\":{\"@id\":\"https:\/\/dicodusport.fr\/blog\/#\/schema\/logo\/image\/\"},\"sameAs\":[\"https:\/\/www.facebook.com\/dicodusport\",\"https:\/\/x.com\/dicodusport\",\"https:\/\/www.instagram.com\/dicodusport\/\",\"https:\/\/www.youtube.com\/channel\/UC7V2KZ5sd3htJivAbA4ZG3w\"],\"description\":\"Dicodusport est l'encyclop\u00e9die de l'actualit\u00e9 sportive.\",\"email\":\"bonjour@dicodusport.fr\",\"legalName\":\"DICODUSPORT\",\"foundingDate\":\"2018-01-14\",\"vatID\":\"FR71834470973\",\"taxID\":\"83447097300043\",\"numberOfEmployees\":{\"@type\":\"QuantitativeValue\",\"minValue\":\"1\",\"maxValue\":\"10\"}},{\"@type\":\"Person\",\"@id\":\"https:\/\/dicodusport.fr\/blog\/#\/schema\/person\/55dcb50ad410894e431ed812bbb70191\",\"name\":\"Nicolas Jacquemard\",\"image\":{\"@type\":\"ImageObject\",\"inLanguage\":\"fr-FR\",\"@id\":\"https:\/\/dicodusport.fr\/blog\/#\/schema\/person\/image\/\",\"url\":\"https:\/\/dicodusport.fr\/blog\/wp-content\/uploads\/2021\/05\/Nicolas-Jacquemard-150x150.jpeg\",\"contentUrl\":\"https:\/\/dicodusport.fr\/blog\/wp-content\/uploads\/2021\/05\/Nicolas-Jacquemard-150x150.jpeg\",\"caption\":\"Nicolas Jacquemard\"},\"description\":\"Passionn\u00e9 de sport et entrepreneur depuis mes 18 ans, la cr\u00e9ation de Dicodusport m'a sembl\u00e9 \u00e9vidente pour participer \u00e0 la m\u00e9diatisation d'un plus grand nombre de sports. Le chemin est long mais avec une \u00e9quipe des plus motiv\u00e9es et les Jeux Olympiques de Paris 2024 en point de mire, nous y arriverons ! Journaliste dans le monde du sport depuis plus de 5 ans, je traite aussi bien de football, de rugby, de biathlon que de cyclisme.\",\"sameAs\":[\"https:\/\/www.facebook.com\/dicodusport\",\"https:\/\/x.com\/https:\/\/twitter.com\/Nico_Jacquemard\"],\"url\":\"https:\/\/dicodusport.fr\/blog\/author\/dicodusport\/\"}]}<\/script>\n<!-- \/ Yoast SEO Premium plugin. -->","yoast_head_json":{"title":"Open d'Australie : aucune Fran\u00e7aise t\u00eate de s\u00e9rie en 2020","description":"Pour la premi\u00e8re fois depuis Wimbledon en 2001, soit pr\u00e8s de 20 ans, aucune Fran\u00e7aise ne sera t\u00eate de s\u00e9rie en Grand Chelem, lors de l'Open d'Australie.","robots":{"index":"index","follow":"follow","max-snippet":"max-snippet:-1","max-image-preview":"max-image-preview:large","max-video-preview":"max-video-preview:-1"},"canonical":"https:\/\/dicodusport.fr\/blog\/open-australie-aucune-francaise-tete-de-serie-en-2020\/","og_locale":"fr_FR","og_type":"article","og_title":"Open d'Australie : Aucune Fran\u00e7aise t\u00eate de s\u00e9rie en 2020","og_description":"Pour la premi\u00e8re fois depuis Wimbledon en 2001, soit pr\u00e8s de 20 ans, aucune Fran\u00e7aise ne sera t\u00eate de s\u00e9rie en Grand Chelem, lors de l'Open d'Australie.","og_url":"https:\/\/dicodusport.fr\/blog\/open-australie-aucune-francaise-tete-de-serie-en-2020\/","og_site_name":"Dicodusport","article_publisher":"https:\/\/www.facebook.com\/dicodusport","article_author":"https:\/\/www.facebook.com\/dicodusport","article_published_time":"2020-01-15T18:59:47+00:00","article_modified_time":"2020-01-16T07:25:10+00:00","og_image":[{"width":800,"height":445,"url":"https:\/\/dicodusport.fr\/blog\/wp-content\/uploads\/2020\/01\/Kristina-Mladenovic.png","type":"image\/png"}],"author":"Nicolas Jacquemard","twitter_card":"summary_large_image","twitter_title":"Open d'Australie : Aucune Fran\u00e7aise t\u00eate de s\u00e9rie en 2020","twitter_creator":"@https:\/\/twitter.com\/Nico_Jacquemard","twitter_site":"@dicodusport","schema":{"@context":"https:\/\/schema.org","@graph":[{"@type":"NewsArticle","@id":"https:\/\/dicodusport.fr\/blog\/open-australie-aucune-francaise-tete-de-serie-en-2020\/#article","isPartOf":{"@id":"https:\/\/dicodusport.fr\/blog\/open-australie-aucune-francaise-tete-de-serie-en-2020\/"},"author":{"name":"Nicolas Jacquemard","@id":"https:\/\/dicodusport.fr\/blog\/#\/schema\/person\/55dcb50ad410894e431ed812bbb70191"},"headline":"Open d&rsquo;Australie : aucune Fran\u00e7aise t\u00eate de s\u00e9rie en 2020","datePublished":"2020-01-15T18:59:47+00:00","dateModified":"2020-01-16T07:25:10+00:00","mainEntityOfPage":{"@id":"https:\/\/dicodusport.fr\/blog\/open-australie-aucune-francaise-tete-de-serie-en-2020\/"},"wordCount":130,"commentCount":0,"publisher":{"@id":"https:\/\/dicodusport.fr\/blog\/#organization"},"image":{"@id":"https:\/\/dicodusport.fr\/blog\/open-australie-aucune-francaise-tete-de-serie-en-2020\/#primaryimage"},"thumbnailUrl":"https:\/\/dicodusport.fr\/blog\/wp-content\/uploads\/2020\/01\/Kristina-Mladenovic.png","keywords":["France","Garcia","Mladenovic","Open d'Australie","Tennis","wta"],"articleSection":["Tennis"],"inLanguage":"fr-FR","potentialAction":[{"@type":"CommentAction","name":"Comment","target":["https:\/\/dicodusport.fr\/blog\/open-australie-aucune-francaise-tete-de-serie-en-2020\/#respond"]}],"copyrightYear":"2020","copyrightHolder":{"@id":"https:\/\/dicodusport.fr\/blog\/#organization"}},{"@type":"WebPage","@id":"https:\/\/dicodusport.fr\/blog\/open-australie-aucune-francaise-tete-de-serie-en-2020\/","url":"https:\/\/dicodusport.fr\/blog\/open-australie-aucune-francaise-tete-de-serie-en-2020\/","name":"Open d'Australie : aucune Fran\u00e7aise t\u00eate de s\u00e9rie en 2020","isPartOf":{"@id":"https:\/\/dicodusport.fr\/blog\/#website"},"primaryImageOfPage":{"@id":"https:\/\/dicodusport.fr\/blog\/open-australie-aucune-francaise-tete-de-serie-en-2020\/#primaryimage"},"image":{"@id":"https:\/\/dicodusport.fr\/blog\/open-australie-aucune-francaise-tete-de-serie-en-2020\/#primaryimage"},"thumbnailUrl":"https:\/\/dicodusport.fr\/blog\/wp-content\/uploads\/2020\/01\/Kristina-Mladenovic.png","datePublished":"2020-01-15T18:59:47+00:00","dateModified":"2020-01-16T07:25:10+00:00","description":"Pour la premi\u00e8re fois depuis Wimbledon en 2001, soit pr\u00e8s de 20 ans, aucune Fran\u00e7aise ne sera t\u00eate de s\u00e9rie en Grand Chelem, lors de l'Open d'Australie.","breadcrumb":{"@id":"https:\/\/dicodusport.fr\/blog\/open-australie-aucune-francaise-tete-de-serie-en-2020\/#breadcrumb"},"inLanguage":"fr-FR","potentialAction":[{"@type":"ReadAction","target":["https:\/\/dicodusport.fr\/blog\/open-australie-aucune-francaise-tete-de-serie-en-2020\/"]}]},{"@type":"ImageObject","inLanguage":"fr-FR","@id":"https:\/\/dicodusport.fr\/blog\/open-australie-aucune-francaise-tete-de-serie-en-2020\/#primaryimage","url":"https:\/\/dicodusport.fr\/blog\/wp-content\/uploads\/2020\/01\/Kristina-Mladenovic.png","contentUrl":"https:\/\/dicodusport.fr\/blog\/wp-content\/uploads\/2020\/01\/Kristina-Mladenovic.png","width":800,"height":445,"caption":"Open d'Australie : Aucune Fran\u00e7aise t\u00eate de s\u00e9rie en 2020"},{"@type":"BreadcrumbList","@id":"https:\/\/dicodusport.fr\/blog\/open-australie-aucune-francaise-tete-de-serie-en-2020\/#breadcrumb","itemListElement":[{"@type":"ListItem","position":1,"name":"Accueil","item":"https:\/\/dicodusport.fr\/blog\/"},{"@type":"ListItem","position":2,"name":"Open d&rsquo;Australie : aucune Fran\u00e7aise t\u00eate de s\u00e9rie en 2020"}]},{"@type":"WebSite","@id":"https:\/\/dicodusport.fr\/blog\/#website","url":"https:\/\/dicodusport.fr\/blog\/","name":"Dicodusport","description":"L&#039;encyclop\u00e9die de l&#039;actualit\u00e9 sportive","publisher":{"@id":"https:\/\/dicodusport.fr\/blog\/#organization"},"potentialAction":[{"@type":"SearchAction","target":{"@type":"EntryPoint","urlTemplate":"https:\/\/dicodusport.fr\/blog\/?s={search_term_string}"},"query-input":{"@type":"PropertyValueSpecification","valueRequired":true,"valueName":"search_term_string"}}],"inLanguage":"fr-FR"},{"@type":"NewsMediaOrganization","@id":"https:\/\/dicodusport.fr\/blog\/#organization","name":"Dicodusport","url":"https:\/\/dicodusport.fr\/blog\/","logo":{"@type":"ImageObject","inLanguage":"fr-FR","@id":"https:\/\/dicodusport.fr\/blog\/#\/schema\/logo\/image\/","url":"https:\/\/dicodusport.fr\/blog\/wp-content\/uploads\/2020\/06\/cropped-LOGO-DICODUSPORT-2020-SANS-FOND-SANS-TEXTE.png","contentUrl":"https:\/\/dicodusport.fr\/blog\/wp-content\/uploads\/2020\/06\/cropped-LOGO-DICODUSPORT-2020-SANS-FOND-SANS-TEXTE.png","width":512,"height":512,"caption":"Dicodusport"},"image":{"@id":"https:\/\/dicodusport.fr\/blog\/#\/schema\/logo\/image\/"},"sameAs":["https:\/\/www.facebook.com\/dicodusport","https:\/\/x.com\/dicodusport","https:\/\/www.instagram.com\/dicodusport\/","https:\/\/www.youtube.com\/channel\/UC7V2KZ5sd3htJivAbA4ZG3w"],"description":"Dicodusport est l'encyclop\u00e9die de l'actualit\u00e9 sportive.","email":"bonjour@dicodusport.fr","legalName":"DICODUSPORT","foundingDate":"2018-01-14","vatID":"FR71834470973","taxID":"83447097300043","numberOfEmployees":{"@type":"QuantitativeValue","minValue":"1","maxValue":"10"}},{"@type":"Person","@id":"https:\/\/dicodusport.fr\/blog\/#\/schema\/person\/55dcb50ad410894e431ed812bbb70191","name":"Nicolas Jacquemard","image":{"@type":"ImageObject","inLanguage":"fr-FR","@id":"https:\/\/dicodusport.fr\/blog\/#\/schema\/person\/image\/","url":"https:\/\/dicodusport.fr\/blog\/wp-content\/uploads\/2021\/05\/Nicolas-Jacquemard-150x150.jpeg","contentUrl":"https:\/\/dicodusport.fr\/blog\/wp-content\/uploads\/2021\/05\/Nicolas-Jacquemard-150x150.jpeg","caption":"Nicolas Jacquemard"},"description":"Passionn\u00e9 de sport et entrepreneur depuis mes 18 ans, la cr\u00e9ation de Dicodusport m'a sembl\u00e9 \u00e9vidente pour participer \u00e0 la m\u00e9diatisation d'un plus grand nombre de sports. Le chemin est long mais avec une \u00e9quipe des plus motiv\u00e9es et les Jeux Olympiques de Paris 2024 en point de mire, nous y arriverons ! Journaliste dans le monde du sport depuis plus de 5 ans, je traite aussi bien de football, de rugby, de biathlon que de cyclisme.","sameAs":["https:\/\/www.facebook.com\/dicodusport","https:\/\/x.com\/https:\/\/twitter.com\/Nico_Jacquemard"],"url":"https:\/\/dicodusport.fr\/blog\/author\/dicodusport\/"}]}},"_links":{"self":[{"href":"https:\/\/dicodusport.fr\/blog\/wp-json\/wp\/v2\/posts\/57011","targetHints":{"allow":["GET"]}}],"collection":[{"href":"https:\/\/dicodusport.fr\/blog\/wp-json\/wp\/v2\/posts"}],"about":[{"href":"https:\/\/dicodusport.fr\/blog\/wp-json\/wp\/v2\/types\/post"}],"author":[{"embeddable":true,"href":"https:\/\/dicodusport.fr\/blog\/wp-json\/wp\/v2\/users\/1"}],"replies":[{"embeddable":true,"href":"https:\/\/dicodusport.fr\/blog\/wp-json\/wp\/v2\/comments?post=57011"}],"version-history":[{"count":0,"href":"https:\/\/dicodusport.fr\/blog\/wp-json\/wp\/v2\/posts\/57011\/revisions"}],"wp:featuredmedia":[{"embeddable":true,"href":"https:\/\/dicodusport.fr\/blog\/wp-json\/wp\/v2\/media\/57013"}],"wp:attachment":[{"href":"https:\/\/dicodusport.fr\/blog\/wp-json\/wp\/v2\/media?parent=57011"}],"wp:term":[{"taxonomy":"category","embeddable":true,"href":"https:\/\/dicodusport.fr\/blog\/wp-json\/wp\/v2\/categories?post=57011"},{"taxonomy":"post_tag","embeddable":true,"href":"https:\/\/dicodusport.fr\/blog\/wp-json\/wp\/v2\/tags?post=57011"}],"curies":[{"name":"wp","href":"https:\/\/api.w.org\/{rel}","templated":true}]}}