{"id":570117,"date":"2025-04-05T18:51:33","date_gmt":"2025-04-05T16:51:33","guid":{"rendered":"https:\/\/dicodusport.fr\/blog\/?p=570117&#038;preview=true&#038;preview_id=570117"},"modified":"2025-04-05T23:07:05","modified_gmt":"2025-04-05T21:07:05","slug":"vtt-xcc-araxa-2025-christopher-blevins-lemporte-devant-koretzky-et-azzaro","status":"publish","type":"post","link":"https:\/\/dicodusport.fr\/blog\/vtt-xcc-araxa-2025-christopher-blevins-lemporte-devant-koretzky-et-azzaro\/","title":{"rendered":"VTT XCC Araxa 2025 : Christopher Blevins l&#8217;emporte devant Koretzky et Azzaro"},"content":{"rendered":"<h4 style=\"text-align: justify;\"><em>COUPE DU MONDE DE VTT 2025 &#8211; Specialized d\u00e9j\u00e0 au sommet avec la victoire de Christopher Blevins sur le XCC d&rsquo;Araxa devant son co\u00e9quipier fran\u00e7ais Victor Koretzky. Podium pour Mathis Azzaro.<\/em><\/h4>\n<ul style=\"text-align: justify;\">\n<li><strong>\u00c0 ce sujet \u2013\u00a0<a href=\"https:\/\/dicodusport.fr\/blog\/coupe-du-monde-vtt-cross-country-2025-calendrier-et-resultats-a-jour\/\">Coupe du monde VTT Cross-Country 2025 : Calendrier et R\u00e9sultats \u00e0 Jour<\/a><\/strong><\/li>\n<\/ul>\n<p style=\"text-align: justify;\"><span style=\"font-weight: 400;\">Les champions du monde se montrent d\u00e8s leur premi\u00e8re course de Coupe du monde en 2025. Quelques instants apr\u00e8s la victoire d\u2019<\/span><b>Evie Richards<\/b><span style=\"font-weight: 400;\">, <\/span><b>Victor Koretzky <\/b><span style=\"font-weight: 400;\">s\u2019offre la 2e place du short-track d\u2019Araxa, premi\u00e8re \u00e9tape de la saison. Le champion du monde en titre devance son compatriote <\/span><b>Mathis Azzaro<\/b><span style=\"font-weight: 400;\">, champion de France en titre. Les Bleus brillent d\u2019entr\u00e9e au Br\u00e9sil avec \u00e9galement la 5e place de <\/span><b>Jordan Sarrou<\/b><span style=\"font-weight: 400;\">. Doubl\u00e9 Specialized, comme souvent sur ce format XCC. De bon augure avant la course longue ce dimanche.<\/span><\/p>\n<h2 style=\"text-align: justify;\">Koretzky distanc\u00e9, le Fran\u00e7ais revient \u00e0 la p\u00e9dale<\/h2>\n<p style=\"text-align: justify;\"><span style=\"font-weight: 400;\">Les Fran\u00e7ais sont au nombre de 6 au d\u00e9part de ce premier <em>short track<\/em> de la saison et ils se retrouvent bien plac\u00e9s dans les premiers tours. Le champion du monde <\/span><b>Victor Koretzky <\/b><span style=\"font-weight: 400;\">est l\u00e0, le champion de France <\/span><b>Mathis Azzaro <\/b><span style=\"font-weight: 400;\">aussi ainsi que <\/span><b>Jordan Sarrou <\/b><span style=\"font-weight: 400;\">et<\/span><b> Luca Martin<\/b><span style=\"font-weight: 400;\">. Ils sont tous en t\u00eate du peloton. Les v\u00e9t\u00e9tistes restent sages sur toute la premi\u00e8re partie de course. Pas sp\u00e9cialement d\u2019acc\u00e9l\u00e9ration, un format court r\u00e9alis\u00e9 dans le m\u00eame rythme depuis les premiers coups de p\u00e9dale.<\/span><\/p>\n<ul style=\"text-align: justify;\">\n<li><strong>\u00c0 ce sujet \u2013\u00a0<\/strong><a href=\"https:\/\/dicodusport.fr\/blog\/coupe-du-monde-vtt-2025-classement-general-masculin-en-cross-country\/\"><strong>Coupe du monde VTT 2025 : Classement G\u00e9n\u00e9ral Masculin en Cross-country<\/strong><\/a><\/li>\n<\/ul>\n<p style=\"text-align: justify;\"><span style=\"font-weight: 400;\">Les coureurs ont donc attendu les deux derniers tours. <\/span><b>Christopher Blevins <\/b><span style=\"font-weight: 400;\">a allum\u00e9 un p\u00e9tard sec dans la mont\u00e9e la plus pentue de ce trac\u00e9. Seul <\/span><b>Mathis Azzaro <\/b><span style=\"font-weight: 400;\">et son maillot bleu-blanc-rouge ont pu suivre. <\/span><b>Koretzky <\/b><span style=\"font-weight: 400;\">a d\u00fb mettre pied \u00e0 terre et a g\u00ean\u00e9 beaucoup de monde. Ce dernier a fait un retour express \u00e0 la p\u00e9dale pour \u00eatre l\u00e0 dans l\u2019emballage. <\/span><b>Jordan Sarrou <\/b><span style=\"font-weight: 400;\">est aussi bien plac\u00e9. Un trio se d\u00e9tache et le podium se forme dans les derniers hectom\u00e8tres. <\/span><b>Blevins <\/b><span style=\"font-weight: 400;\">conserve avec autorit\u00e9 la t\u00eate, le maillot arc-en-ciel n\u2019arrive pas \u00e0 passer et se contente de la 2e place. <\/span><b>Azzaro <\/b><span style=\"font-weight: 400;\">fait briller sa tunique de champion avec sa 3e place et la nouvelle \u00e9quipe Origine du n\u00e9o-retrait\u00e9\u00a0<strong>Maxime Marotte<\/strong>.<\/span><\/p>\n<blockquote class=\"twitter-tweet\">\n<p dir=\"ltr\" lang=\"en\">\ud83c\uddfa\ud83c\uddf8\ud83e\udd47CHRISTOPHER BLEVINS\ud83e\udd47\ud83c\uddfa\ud83c\uddf8<\/p>\n<p>Another epic sprint between Koretzky and Blevins, but this time it was the American rider that came out \ud83d\udd1d<\/p>\n<p>What an epic start to the <a href=\"https:\/\/twitter.com\/MTBworldseries?ref_src=twsrc%5Etfw\">@MTBworldseries<\/a> in Arax\u00e1<a href=\"https:\/\/twitter.com\/hashtag\/MTBWorldCup?src=hash&amp;ref_src=twsrc%5Etfw\">#MTBWorldCup<\/a> <a href=\"https:\/\/twitter.com\/MTBworldseries?ref_src=twsrc%5Etfw\">@MTBworldseries<\/a> <a href=\"https:\/\/t.co\/ethiiNk1Cj\">pic.twitter.com\/ethiiNk1Cj<\/a><\/p>\n<p>\u2014 UCI MTB (@UCI_MTB) <a href=\"https:\/\/twitter.com\/UCI_MTB\/status\/1908565410481619428?ref_src=twsrc%5Etfw\">April 5, 2025<\/a><\/p><\/blockquote>\n<p style=\"text-align: justify;\"><script async src=\"https:\/\/platform.twitter.com\/widgets.js\" charset=\"utf-8\"><\/script><\/p>\n<ul>\n<li style=\"text-align: justify;\"><strong>\u00c0 ce sujet\u00a0 &#8211; <a href=\"https:\/\/dicodusport.fr\/blog\/vtt-xcc-araxa-2025-classement-de-la-course-hommes\/\">VTT XCC Araxa 2025 : Classement de la course homme<\/a><\/strong><\/li>\n<\/ul>\n","protected":false},"excerpt":{"rendered":"<p>COUPE DU MONDE DE VTT 2025 &#8211; Specialized d\u00e9j\u00e0 au sommet avec la victoire de Christopher Blevins sur le XCC d&rsquo;Araxa devant son co\u00e9quipier fran\u00e7ais Victor Koretzky. Podium pour Mathis Azzaro.<\/p>\n","protected":false},"author":61,"featured_media":570240,"comment_status":"open","ping_status":"closed","sticky":false,"template":"","format":"standard","meta":{"_acf_changed":false,"_daextam_enable_autolinks":"1","footnotes":""},"categories":[10279],"tags":[16878,11873,39592,16547,692,39012],"class_list":["post-570117","post","type-post","status-publish","format-standard","has-post-thumbnail","hentry","category-vtt","tag-breve","tag-coupe-du-monde-de-vtt","tag-mtb-world-series","tag-victor-koretzky","tag-vtt","tag-vtt-xcc-araxa"],"acf":[],"yoast_head":"<!-- This site is optimized with the Yoast SEO Premium plugin v26.7 (Yoast SEO v26.7) - https:\/\/yoast.com\/wordpress\/plugins\/seo\/ -->\n<title>VTT XCC Araxa 2025 : Christopher Blevins l&#039;emporte devant Koretzky et Azzaro<\/title>\n<meta name=\"description\" content=\"COUPE DU MONDE DE VTT 2025 - Specialized d\u00e9j\u00e0 au sommet avec la victoire de Christopher Blevins sur le XCC d&#039;Araxa.\" \/>\n<meta name=\"robots\" content=\"index, follow, max-snippet:-1, max-image-preview:large, max-video-preview:-1\" \/>\n<link rel=\"canonical\" href=\"https:\/\/dicodusport.fr\/blog\/vtt-xcc-araxa-2025-christopher-blevins-lemporte-devant-koretzky-et-azzaro\/\" \/>\n<meta property=\"og:locale\" content=\"fr_FR\" \/>\n<meta property=\"og:type\" content=\"article\" \/>\n<meta property=\"og:title\" content=\"VTT XCC Araxa 2025 : Christopher Blevins l&#039;emporte devant Koretzky et Azzaro\" \/>\n<meta property=\"og:description\" content=\"COUPE DU MONDE DE VTT 2025 - Specialized d\u00e9j\u00e0 au sommet avec la victoire de Christopher Blevins sur le XCC d&#039;Araxa.\" \/>\n<meta property=\"og:url\" content=\"https:\/\/dicodusport.fr\/blog\/vtt-xcc-araxa-2025-christopher-blevins-lemporte-devant-koretzky-et-azzaro\/\" \/>\n<meta property=\"og:site_name\" content=\"Dicodusport\" \/>\n<meta property=\"article:publisher\" content=\"https:\/\/www.facebook.com\/dicodusport\" \/>\n<meta property=\"article:published_time\" content=\"2025-04-05T16:51:33+00:00\" \/>\n<meta property=\"article:modified_time\" content=\"2025-04-05T21:07:05+00:00\" \/>\n<meta property=\"og:image\" content=\"https:\/\/dicodusport.fr\/blog\/wp-content\/uploads\/2025\/04\/VTT-XCC-Araxa-2025-Christopher-Blevins-lemporte-devant-Koretzky-et-Azzaro-1.png\" \/>\n\t<meta property=\"og:image:width\" content=\"1200\" \/>\n\t<meta property=\"og:image:height\" content=\"674\" \/>\n\t<meta property=\"og:image:type\" content=\"image\/png\" \/>\n<meta name=\"author\" content=\"Pierre Gorce\" \/>\n<meta name=\"twitter:card\" content=\"summary_large_image\" \/>\n<meta name=\"twitter:title\" content=\"VTT XCC Araxa 2025 : Christopher Blevins l&#039;emporte devant Koretzky et Azzaro\" \/>\n<meta name=\"twitter:creator\" content=\"@https:\/\/twitter.com\/pierregorce12\" \/>\n<meta name=\"twitter:site\" content=\"@dicodusport\" \/>\n<script type=\"application\/ld+json\" class=\"yoast-schema-graph\">{\"@context\":\"https:\/\/schema.org\",\"@graph\":[{\"@type\":\"NewsArticle\",\"@id\":\"https:\/\/dicodusport.fr\/blog\/vtt-xcc-araxa-2025-christopher-blevins-lemporte-devant-koretzky-et-azzaro\/#article\",\"isPartOf\":{\"@id\":\"https:\/\/dicodusport.fr\/blog\/vtt-xcc-araxa-2025-christopher-blevins-lemporte-devant-koretzky-et-azzaro\/\"},\"author\":{\"name\":\"Pierre Gorce\",\"@id\":\"https:\/\/dicodusport.fr\/blog\/#\/schema\/person\/0eaf70b33d703a1a66b1155ac1bda018\"},\"headline\":\"VTT XCC Araxa 2025 : Christopher Blevins l&#8217;emporte devant Koretzky et Azzaro\",\"datePublished\":\"2025-04-05T16:51:33+00:00\",\"dateModified\":\"2025-04-05T21:07:05+00:00\",\"mainEntityOfPage\":{\"@id\":\"https:\/\/dicodusport.fr\/blog\/vtt-xcc-araxa-2025-christopher-blevins-lemporte-devant-koretzky-et-azzaro\/\"},\"wordCount\":450,\"commentCount\":0,\"publisher\":{\"@id\":\"https:\/\/dicodusport.fr\/blog\/#organization\"},\"image\":{\"@id\":\"https:\/\/dicodusport.fr\/blog\/vtt-xcc-araxa-2025-christopher-blevins-lemporte-devant-koretzky-et-azzaro\/#primaryimage\"},\"thumbnailUrl\":\"https:\/\/dicodusport.fr\/blog\/wp-content\/uploads\/2025\/04\/VTT-XCC-Araxa-2025-Christopher-Blevins-lemporte-devant-Koretzky-et-Azzaro-1.png\",\"keywords\":[\"br\u00e8ve\",\"Coupe du monde de VTT\",\"MTB World Series\",\"Victor Koretzky\",\"VTT\",\"VTT XCC Arax\u00e1\"],\"articleSection\":[\"VTT\"],\"inLanguage\":\"fr-FR\",\"potentialAction\":[{\"@type\":\"CommentAction\",\"name\":\"Comment\",\"target\":[\"https:\/\/dicodusport.fr\/blog\/vtt-xcc-araxa-2025-christopher-blevins-lemporte-devant-koretzky-et-azzaro\/#respond\"]}],\"copyrightYear\":\"2025\",\"copyrightHolder\":{\"@id\":\"https:\/\/dicodusport.fr\/blog\/#organization\"}},{\"@type\":\"WebPage\",\"@id\":\"https:\/\/dicodusport.fr\/blog\/vtt-xcc-araxa-2025-christopher-blevins-lemporte-devant-koretzky-et-azzaro\/\",\"url\":\"https:\/\/dicodusport.fr\/blog\/vtt-xcc-araxa-2025-christopher-blevins-lemporte-devant-koretzky-et-azzaro\/\",\"name\":\"VTT XCC Araxa 2025 : Christopher Blevins l'emporte devant Koretzky et Azzaro\",\"isPartOf\":{\"@id\":\"https:\/\/dicodusport.fr\/blog\/#website\"},\"primaryImageOfPage\":{\"@id\":\"https:\/\/dicodusport.fr\/blog\/vtt-xcc-araxa-2025-christopher-blevins-lemporte-devant-koretzky-et-azzaro\/#primaryimage\"},\"image\":{\"@id\":\"https:\/\/dicodusport.fr\/blog\/vtt-xcc-araxa-2025-christopher-blevins-lemporte-devant-koretzky-et-azzaro\/#primaryimage\"},\"thumbnailUrl\":\"https:\/\/dicodusport.fr\/blog\/wp-content\/uploads\/2025\/04\/VTT-XCC-Araxa-2025-Christopher-Blevins-lemporte-devant-Koretzky-et-Azzaro-1.png\",\"datePublished\":\"2025-04-05T16:51:33+00:00\",\"dateModified\":\"2025-04-05T21:07:05+00:00\",\"description\":\"COUPE DU MONDE DE VTT 2025 - Specialized d\u00e9j\u00e0 au sommet avec la victoire de Christopher Blevins sur le XCC d'Araxa.\",\"breadcrumb\":{\"@id\":\"https:\/\/dicodusport.fr\/blog\/vtt-xcc-araxa-2025-christopher-blevins-lemporte-devant-koretzky-et-azzaro\/#breadcrumb\"},\"inLanguage\":\"fr-FR\",\"potentialAction\":[{\"@type\":\"ReadAction\",\"target\":[\"https:\/\/dicodusport.fr\/blog\/vtt-xcc-araxa-2025-christopher-blevins-lemporte-devant-koretzky-et-azzaro\/\"]}]},{\"@type\":\"ImageObject\",\"inLanguage\":\"fr-FR\",\"@id\":\"https:\/\/dicodusport.fr\/blog\/vtt-xcc-araxa-2025-christopher-blevins-lemporte-devant-koretzky-et-azzaro\/#primaryimage\",\"url\":\"https:\/\/dicodusport.fr\/blog\/wp-content\/uploads\/2025\/04\/VTT-XCC-Araxa-2025-Christopher-Blevins-lemporte-devant-Koretzky-et-Azzaro-1.png\",\"contentUrl\":\"https:\/\/dicodusport.fr\/blog\/wp-content\/uploads\/2025\/04\/VTT-XCC-Araxa-2025-Christopher-Blevins-lemporte-devant-Koretzky-et-Azzaro-1.png\",\"width\":1200,\"height\":674,\"caption\":\"VTT XCC Araxa 2025 Christopher Blevins l'emporte devant Koretzky et Azzaro\"},{\"@type\":\"BreadcrumbList\",\"@id\":\"https:\/\/dicodusport.fr\/blog\/vtt-xcc-araxa-2025-christopher-blevins-lemporte-devant-koretzky-et-azzaro\/#breadcrumb\",\"itemListElement\":[{\"@type\":\"ListItem\",\"position\":1,\"name\":\"Accueil\",\"item\":\"https:\/\/dicodusport.fr\/blog\/\"},{\"@type\":\"ListItem\",\"position\":2,\"name\":\"VTT XCC Araxa 2025 : Christopher Blevins l&#8217;emporte devant Koretzky et Azzaro\"}]},{\"@type\":\"WebSite\",\"@id\":\"https:\/\/dicodusport.fr\/blog\/#website\",\"url\":\"https:\/\/dicodusport.fr\/blog\/\",\"name\":\"Dicodusport\",\"description\":\"L&#039;encyclop\u00e9die de l&#039;actualit\u00e9 sportive\",\"publisher\":{\"@id\":\"https:\/\/dicodusport.fr\/blog\/#organization\"},\"potentialAction\":[{\"@type\":\"SearchAction\",\"target\":{\"@type\":\"EntryPoint\",\"urlTemplate\":\"https:\/\/dicodusport.fr\/blog\/?s={search_term_string}\"},\"query-input\":{\"@type\":\"PropertyValueSpecification\",\"valueRequired\":true,\"valueName\":\"search_term_string\"}}],\"inLanguage\":\"fr-FR\"},{\"@type\":\"NewsMediaOrganization\",\"@id\":\"https:\/\/dicodusport.fr\/blog\/#organization\",\"name\":\"Dicodusport\",\"url\":\"https:\/\/dicodusport.fr\/blog\/\",\"logo\":{\"@type\":\"ImageObject\",\"inLanguage\":\"fr-FR\",\"@id\":\"https:\/\/dicodusport.fr\/blog\/#\/schema\/logo\/image\/\",\"url\":\"https:\/\/dicodusport.fr\/blog\/wp-content\/uploads\/2020\/06\/cropped-LOGO-DICODUSPORT-2020-SANS-FOND-SANS-TEXTE.png\",\"contentUrl\":\"https:\/\/dicodusport.fr\/blog\/wp-content\/uploads\/2020\/06\/cropped-LOGO-DICODUSPORT-2020-SANS-FOND-SANS-TEXTE.png\",\"width\":512,\"height\":512,\"caption\":\"Dicodusport\"},\"image\":{\"@id\":\"https:\/\/dicodusport.fr\/blog\/#\/schema\/logo\/image\/\"},\"sameAs\":[\"https:\/\/www.facebook.com\/dicodusport\",\"https:\/\/x.com\/dicodusport\",\"https:\/\/www.instagram.com\/dicodusport\/\",\"https:\/\/www.youtube.com\/channel\/UC7V2KZ5sd3htJivAbA4ZG3w\"],\"description\":\"Dicodusport est l'encyclop\u00e9die de l'actualit\u00e9 sportive.\",\"email\":\"bonjour@dicodusport.fr\",\"legalName\":\"DICODUSPORT\",\"foundingDate\":\"2018-01-14\",\"vatID\":\"FR71834470973\",\"taxID\":\"83447097300043\",\"numberOfEmployees\":{\"@type\":\"QuantitativeValue\",\"minValue\":\"1\",\"maxValue\":\"10\"}},{\"@type\":\"Person\",\"@id\":\"https:\/\/dicodusport.fr\/blog\/#\/schema\/person\/0eaf70b33d703a1a66b1155ac1bda018\",\"name\":\"Pierre Gorce\",\"image\":{\"@type\":\"ImageObject\",\"inLanguage\":\"fr-FR\",\"@id\":\"https:\/\/dicodusport.fr\/blog\/#\/schema\/person\/image\/\",\"url\":\"https:\/\/dicodusport.fr\/blog\/wp-content\/uploads\/2022\/03\/IMG_20211214_233053_722-150x150.jpg\",\"contentUrl\":\"https:\/\/dicodusport.fr\/blog\/wp-content\/uploads\/2022\/03\/IMG_20211214_233053_722-150x150.jpg\",\"caption\":\"Pierre Gorce\"},\"description\":\"Couteau suisse venant tout droit de Haute-Savoie. Habitu\u00e9 \u00e0 regarder du sport depuis petit, j'en ai maintenant fait mon m\u00e9tier. Des sports d'hiver au surf, en passant par le tennis, la F1, le handball et l'athl\u00e9tisme, j'essaie d'avoir mes yeux sur l'enti\u00e8ret\u00e9 de l'actualit\u00e9. Jeune homme berc\u00e9 par les exploits de Jean-Baptiste Grange, Sebastian Vettel et des Experts. Membre de la g\u00e9n\u00e9ration 1999 comme Luka Doncic, Sydney McLaughlin, Lando Norris et Loana Lecomte, mais avec beaucoup moins de talent qu'eux.\",\"sameAs\":[\"https:\/\/x.com\/https:\/\/twitter.com\/pierregorce12\"],\"birthDate\":\"1999-08-29\",\"url\":\"https:\/\/dicodusport.fr\/blog\/author\/pierreg\/\"}]}<\/script>\n<!-- \/ Yoast SEO Premium plugin. -->","yoast_head_json":{"title":"VTT XCC Araxa 2025 : Christopher Blevins l'emporte devant Koretzky et Azzaro","description":"COUPE DU MONDE DE VTT 2025 - Specialized d\u00e9j\u00e0 au sommet avec la victoire de Christopher Blevins sur le XCC d'Araxa.","robots":{"index":"index","follow":"follow","max-snippet":"max-snippet:-1","max-image-preview":"max-image-preview:large","max-video-preview":"max-video-preview:-1"},"canonical":"https:\/\/dicodusport.fr\/blog\/vtt-xcc-araxa-2025-christopher-blevins-lemporte-devant-koretzky-et-azzaro\/","og_locale":"fr_FR","og_type":"article","og_title":"VTT XCC Araxa 2025 : Christopher Blevins l'emporte devant Koretzky et Azzaro","og_description":"COUPE DU MONDE DE VTT 2025 - Specialized d\u00e9j\u00e0 au sommet avec la victoire de Christopher Blevins sur le XCC d'Araxa.","og_url":"https:\/\/dicodusport.fr\/blog\/vtt-xcc-araxa-2025-christopher-blevins-lemporte-devant-koretzky-et-azzaro\/","og_site_name":"Dicodusport","article_publisher":"https:\/\/www.facebook.com\/dicodusport","article_published_time":"2025-04-05T16:51:33+00:00","article_modified_time":"2025-04-05T21:07:05+00:00","og_image":[{"width":1200,"height":674,"url":"https:\/\/dicodusport.fr\/blog\/wp-content\/uploads\/2025\/04\/VTT-XCC-Araxa-2025-Christopher-Blevins-lemporte-devant-Koretzky-et-Azzaro-1.png","type":"image\/png"}],"author":"Pierre Gorce","twitter_card":"summary_large_image","twitter_title":"VTT XCC Araxa 2025 : Christopher Blevins l'emporte devant Koretzky et Azzaro","twitter_creator":"@https:\/\/twitter.com\/pierregorce12","twitter_site":"@dicodusport","schema":{"@context":"https:\/\/schema.org","@graph":[{"@type":"NewsArticle","@id":"https:\/\/dicodusport.fr\/blog\/vtt-xcc-araxa-2025-christopher-blevins-lemporte-devant-koretzky-et-azzaro\/#article","isPartOf":{"@id":"https:\/\/dicodusport.fr\/blog\/vtt-xcc-araxa-2025-christopher-blevins-lemporte-devant-koretzky-et-azzaro\/"},"author":{"name":"Pierre Gorce","@id":"https:\/\/dicodusport.fr\/blog\/#\/schema\/person\/0eaf70b33d703a1a66b1155ac1bda018"},"headline":"VTT XCC Araxa 2025 : Christopher Blevins l&#8217;emporte devant Koretzky et Azzaro","datePublished":"2025-04-05T16:51:33+00:00","dateModified":"2025-04-05T21:07:05+00:00","mainEntityOfPage":{"@id":"https:\/\/dicodusport.fr\/blog\/vtt-xcc-araxa-2025-christopher-blevins-lemporte-devant-koretzky-et-azzaro\/"},"wordCount":450,"commentCount":0,"publisher":{"@id":"https:\/\/dicodusport.fr\/blog\/#organization"},"image":{"@id":"https:\/\/dicodusport.fr\/blog\/vtt-xcc-araxa-2025-christopher-blevins-lemporte-devant-koretzky-et-azzaro\/#primaryimage"},"thumbnailUrl":"https:\/\/dicodusport.fr\/blog\/wp-content\/uploads\/2025\/04\/VTT-XCC-Araxa-2025-Christopher-Blevins-lemporte-devant-Koretzky-et-Azzaro-1.png","keywords":["br\u00e8ve","Coupe du monde de VTT","MTB World Series","Victor Koretzky","VTT","VTT XCC Arax\u00e1"],"articleSection":["VTT"],"inLanguage":"fr-FR","potentialAction":[{"@type":"CommentAction","name":"Comment","target":["https:\/\/dicodusport.fr\/blog\/vtt-xcc-araxa-2025-christopher-blevins-lemporte-devant-koretzky-et-azzaro\/#respond"]}],"copyrightYear":"2025","copyrightHolder":{"@id":"https:\/\/dicodusport.fr\/blog\/#organization"}},{"@type":"WebPage","@id":"https:\/\/dicodusport.fr\/blog\/vtt-xcc-araxa-2025-christopher-blevins-lemporte-devant-koretzky-et-azzaro\/","url":"https:\/\/dicodusport.fr\/blog\/vtt-xcc-araxa-2025-christopher-blevins-lemporte-devant-koretzky-et-azzaro\/","name":"VTT XCC Araxa 2025 : Christopher Blevins l'emporte devant Koretzky et Azzaro","isPartOf":{"@id":"https:\/\/dicodusport.fr\/blog\/#website"},"primaryImageOfPage":{"@id":"https:\/\/dicodusport.fr\/blog\/vtt-xcc-araxa-2025-christopher-blevins-lemporte-devant-koretzky-et-azzaro\/#primaryimage"},"image":{"@id":"https:\/\/dicodusport.fr\/blog\/vtt-xcc-araxa-2025-christopher-blevins-lemporte-devant-koretzky-et-azzaro\/#primaryimage"},"thumbnailUrl":"https:\/\/dicodusport.fr\/blog\/wp-content\/uploads\/2025\/04\/VTT-XCC-Araxa-2025-Christopher-Blevins-lemporte-devant-Koretzky-et-Azzaro-1.png","datePublished":"2025-04-05T16:51:33+00:00","dateModified":"2025-04-05T21:07:05+00:00","description":"COUPE DU MONDE DE VTT 2025 - Specialized d\u00e9j\u00e0 au sommet avec la victoire de Christopher Blevins sur le XCC d'Araxa.","breadcrumb":{"@id":"https:\/\/dicodusport.fr\/blog\/vtt-xcc-araxa-2025-christopher-blevins-lemporte-devant-koretzky-et-azzaro\/#breadcrumb"},"inLanguage":"fr-FR","potentialAction":[{"@type":"ReadAction","target":["https:\/\/dicodusport.fr\/blog\/vtt-xcc-araxa-2025-christopher-blevins-lemporte-devant-koretzky-et-azzaro\/"]}]},{"@type":"ImageObject","inLanguage":"fr-FR","@id":"https:\/\/dicodusport.fr\/blog\/vtt-xcc-araxa-2025-christopher-blevins-lemporte-devant-koretzky-et-azzaro\/#primaryimage","url":"https:\/\/dicodusport.fr\/blog\/wp-content\/uploads\/2025\/04\/VTT-XCC-Araxa-2025-Christopher-Blevins-lemporte-devant-Koretzky-et-Azzaro-1.png","contentUrl":"https:\/\/dicodusport.fr\/blog\/wp-content\/uploads\/2025\/04\/VTT-XCC-Araxa-2025-Christopher-Blevins-lemporte-devant-Koretzky-et-Azzaro-1.png","width":1200,"height":674,"caption":"VTT XCC Araxa 2025 Christopher Blevins l'emporte devant Koretzky et Azzaro"},{"@type":"BreadcrumbList","@id":"https:\/\/dicodusport.fr\/blog\/vtt-xcc-araxa-2025-christopher-blevins-lemporte-devant-koretzky-et-azzaro\/#breadcrumb","itemListElement":[{"@type":"ListItem","position":1,"name":"Accueil","item":"https:\/\/dicodusport.fr\/blog\/"},{"@type":"ListItem","position":2,"name":"VTT XCC Araxa 2025 : Christopher Blevins l&#8217;emporte devant Koretzky et Azzaro"}]},{"@type":"WebSite","@id":"https:\/\/dicodusport.fr\/blog\/#website","url":"https:\/\/dicodusport.fr\/blog\/","name":"Dicodusport","description":"L&#039;encyclop\u00e9die de l&#039;actualit\u00e9 sportive","publisher":{"@id":"https:\/\/dicodusport.fr\/blog\/#organization"},"potentialAction":[{"@type":"SearchAction","target":{"@type":"EntryPoint","urlTemplate":"https:\/\/dicodusport.fr\/blog\/?s={search_term_string}"},"query-input":{"@type":"PropertyValueSpecification","valueRequired":true,"valueName":"search_term_string"}}],"inLanguage":"fr-FR"},{"@type":"NewsMediaOrganization","@id":"https:\/\/dicodusport.fr\/blog\/#organization","name":"Dicodusport","url":"https:\/\/dicodusport.fr\/blog\/","logo":{"@type":"ImageObject","inLanguage":"fr-FR","@id":"https:\/\/dicodusport.fr\/blog\/#\/schema\/logo\/image\/","url":"https:\/\/dicodusport.fr\/blog\/wp-content\/uploads\/2020\/06\/cropped-LOGO-DICODUSPORT-2020-SANS-FOND-SANS-TEXTE.png","contentUrl":"https:\/\/dicodusport.fr\/blog\/wp-content\/uploads\/2020\/06\/cropped-LOGO-DICODUSPORT-2020-SANS-FOND-SANS-TEXTE.png","width":512,"height":512,"caption":"Dicodusport"},"image":{"@id":"https:\/\/dicodusport.fr\/blog\/#\/schema\/logo\/image\/"},"sameAs":["https:\/\/www.facebook.com\/dicodusport","https:\/\/x.com\/dicodusport","https:\/\/www.instagram.com\/dicodusport\/","https:\/\/www.youtube.com\/channel\/UC7V2KZ5sd3htJivAbA4ZG3w"],"description":"Dicodusport est l'encyclop\u00e9die de l'actualit\u00e9 sportive.","email":"bonjour@dicodusport.fr","legalName":"DICODUSPORT","foundingDate":"2018-01-14","vatID":"FR71834470973","taxID":"83447097300043","numberOfEmployees":{"@type":"QuantitativeValue","minValue":"1","maxValue":"10"}},{"@type":"Person","@id":"https:\/\/dicodusport.fr\/blog\/#\/schema\/person\/0eaf70b33d703a1a66b1155ac1bda018","name":"Pierre Gorce","image":{"@type":"ImageObject","inLanguage":"fr-FR","@id":"https:\/\/dicodusport.fr\/blog\/#\/schema\/person\/image\/","url":"https:\/\/dicodusport.fr\/blog\/wp-content\/uploads\/2022\/03\/IMG_20211214_233053_722-150x150.jpg","contentUrl":"https:\/\/dicodusport.fr\/blog\/wp-content\/uploads\/2022\/03\/IMG_20211214_233053_722-150x150.jpg","caption":"Pierre Gorce"},"description":"Couteau suisse venant tout droit de Haute-Savoie. Habitu\u00e9 \u00e0 regarder du sport depuis petit, j'en ai maintenant fait mon m\u00e9tier. Des sports d'hiver au surf, en passant par le tennis, la F1, le handball et l'athl\u00e9tisme, j'essaie d'avoir mes yeux sur l'enti\u00e8ret\u00e9 de l'actualit\u00e9. Jeune homme berc\u00e9 par les exploits de Jean-Baptiste Grange, Sebastian Vettel et des Experts. Membre de la g\u00e9n\u00e9ration 1999 comme Luka Doncic, Sydney McLaughlin, Lando Norris et Loana Lecomte, mais avec beaucoup moins de talent qu'eux.","sameAs":["https:\/\/x.com\/https:\/\/twitter.com\/pierregorce12"],"birthDate":"1999-08-29","url":"https:\/\/dicodusport.fr\/blog\/author\/pierreg\/"}]}},"_links":{"self":[{"href":"https:\/\/dicodusport.fr\/blog\/wp-json\/wp\/v2\/posts\/570117","targetHints":{"allow":["GET"]}}],"collection":[{"href":"https:\/\/dicodusport.fr\/blog\/wp-json\/wp\/v2\/posts"}],"about":[{"href":"https:\/\/dicodusport.fr\/blog\/wp-json\/wp\/v2\/types\/post"}],"author":[{"embeddable":true,"href":"https:\/\/dicodusport.fr\/blog\/wp-json\/wp\/v2\/users\/61"}],"replies":[{"embeddable":true,"href":"https:\/\/dicodusport.fr\/blog\/wp-json\/wp\/v2\/comments?post=570117"}],"version-history":[{"count":5,"href":"https:\/\/dicodusport.fr\/blog\/wp-json\/wp\/v2\/posts\/570117\/revisions"}],"predecessor-version":[{"id":570241,"href":"https:\/\/dicodusport.fr\/blog\/wp-json\/wp\/v2\/posts\/570117\/revisions\/570241"}],"wp:featuredmedia":[{"embeddable":true,"href":"https:\/\/dicodusport.fr\/blog\/wp-json\/wp\/v2\/media\/570240"}],"wp:attachment":[{"href":"https:\/\/dicodusport.fr\/blog\/wp-json\/wp\/v2\/media?parent=570117"}],"wp:term":[{"taxonomy":"category","embeddable":true,"href":"https:\/\/dicodusport.fr\/blog\/wp-json\/wp\/v2\/categories?post=570117"},{"taxonomy":"post_tag","embeddable":true,"href":"https:\/\/dicodusport.fr\/blog\/wp-json\/wp\/v2\/tags?post=570117"}],"curies":[{"name":"wp","href":"https:\/\/api.w.org\/{rel}","templated":true}]}}