{"id":570347,"date":"2025-04-06T16:21:04","date_gmt":"2025-04-06T14:21:04","guid":{"rendered":"https:\/\/dicodusport.fr\/blog\/?p=570347&#038;preview=true&#038;preview_id=570347"},"modified":"2025-04-06T16:55:20","modified_gmt":"2025-04-06T14:55:20","slug":"tour-des-flandres-2025-le-deuxieme-triomphe-de-tadej-pogacar","status":"publish","type":"post","link":"https:\/\/dicodusport.fr\/blog\/tour-des-flandres-2025-le-deuxieme-triomphe-de-tadej-pogacar\/","title":{"rendered":"Tour des Flandres 2025 : Le deuxi\u00e8me triomphe de Tadej Pogacar"},"content":{"rendered":"<h4 style=\"text-align: justify;\"><em>TOUR DES FLANDRES 2025 &#8211; Tadej Pogacar (UAE Team Emirates XRG) s&rsquo;est impos\u00e9 ce dimanche sur la 109\u00e8me \u00e9dition. Le Slov\u00e8ne a sign\u00e9 son deuxi\u00e8me succ\u00e8s sur le Ronde apr\u00e8s 2023, et a remport\u00e9 son huiti\u00e8me Monument. Cette \u00e9dition a \u00e9t\u00e9 la plus rapide de l&rsquo;Histoire avec une moyenne de 44,998 km\/h.<\/em><\/h4>\n<ul style=\"text-align: justify;\">\n<li style=\"text-align: justify;\"><strong>\u00c0 ce sujet \u2013\u00a0<a href=\"https:\/\/dicodusport.fr\/blog\/actualites\/cyclisme\/cyclisme-sur-route-2025\/\">L\u2019actualit\u00e9 du cyclisme sur route<\/a><\/strong><\/li>\n<\/ul>\n<p style=\"text-align: justify;\"><span class=\"tojvnm2t a6sixzi8 abs2jz4q a8s20v7p t1p8iaqh k5wvi7nf q3lfd5jv pk4s997a bipmatt0 cebpdrjk qowsmv63 owwhemhu dp1hu0rb dhp61c6y iyyx5f41\">Ce <strong>dimanche 6 avril 2025<\/strong>, les coureurs avaient rendez-vous avec le deuxi\u00e8me Monument de la saison apr\u00e8s <a href=\"https:\/\/dicodusport.fr\/blog\/milan-san-remo-2025-classement-et-resultats\/\">Milan-San Remo<\/a>, le <strong>Tour des Flandres<\/strong>. Cette 109\u00e8me du <em>Ronde Van Vlaanderen<\/em> a bien s\u00fbr ses 16 monts des Ardennes flamandes sur une distance de 269 kilom\u00e8tres. Pr\u00e8s d&rsquo;un million de spectateurs \u00e9taient pr\u00e9sents au bord de la route sous un soleil printanier.<\/span><\/p>\n<ul style=\"text-align: justify;\">\n<li style=\"text-align: justify;\"><strong>\u00c0 ce sujet \u2013\u00a0<a href=\"https:\/\/dicodusport.fr\/blog\/tour-des-flandres-2025-classement-et-resultats\/\">Tour des Flandres 2025 : le classement<\/a><\/strong><\/li>\n<\/ul>\n<p style=\"text-align: justify;\">D&rsquo;abord, une \u00e9chapp\u00e9e de 8 s&rsquo;est form\u00e9e avec <strong>Connor Swift<\/strong> (INEOS Grenadiers), <strong>Alessandro Romele<\/strong> (XDS-Astana), <strong>Victor Vercouillie<\/strong> (Flanders-Baloise), <strong>Rory Townsend<\/strong> (Q36.5 Pro Cycling), <strong>Elmar Reinders<\/strong> (Jayco-AlUla), <strong>Marco Haller<\/strong> (Tudor Pro Cycling), <strong>Sean Flynn<\/strong> et <strong>Timo Roosen<\/strong> (Picnic PostNL). Au premier passage sur le Vieux Quaremont, l&rsquo;\u00e9chapp\u00e9e avait plus de 4 minutes d&rsquo;avance alors que des chutes ont eu lieu au sein du le peloton au pied.<\/p>\n<p style=\"text-align: justify;\">Ensuite, une grosse chute collective a mis \u00e0 terre une vingtaine de coureurs, \u00e0 116 kilom\u00e8tres du terme, avec comme principale victime : <strong>Mathieu van der Poel<\/strong> (Alpecin-Deceuninck). Mais, le triple vainqueur de l&rsquo;\u00e9preuve n&rsquo;a subi aucun d\u00e9g\u00e2t et a \u00e9t\u00e9 ramen\u00e9 rapidement par des \u00e9quipiers au sein du peloton.<\/p>\n<p style=\"text-align: justify;\">Puis, un contre compos\u00e9 de nombreux outsiders, tels que <strong>Stefan K\u00fcng<\/strong> (Groupama FDJ), <strong>Filippo Ganna<\/strong> (INEOS Grenadiers), <strong>Matteo Trentin<\/strong> (Tudor Pro Cycling) et <strong>Tiesj Benoot<\/strong> (Visma Lease a Bike), est sorti du peloton dans une phase de transition afin de revenir sur l&rsquo;\u00e9chapp\u00e9e matinale avant le Berg ten Houte. L&rsquo;\u00e9quipe UAE Team Emirates XRG a \u00e9t\u00e9 alors contrainte \u00e0 rouler en t\u00eate du peloton puisque <strong>Mathieu van der Poel<\/strong> (Alpecin-Deceuninck) avait un homme \u00e0 l&rsquo;avant de la course en la personne de <strong>Gianni Vermeersch<\/strong> (Alpecin-Deceuninck). L&rsquo;\u00e9cart a oscill\u00e9 autour d&rsquo;une minute 30 avec le peloton.<\/p>\n<p style=\"text-align: justify;\">Dans la seconde ascension du Vieux Quaremont, <strong>Tadej Pogacar<\/strong> (UAE Team Emirates XRG) a port\u00e9 une violente acc\u00e9l\u00e9ration avec dans son sillage <strong>Mads Pedersen<\/strong> (Lidl-Trek), <strong>Matteo Jorgenson<\/strong> et <strong>Wout Van Aert<\/strong> (Visma Lease a Bike). <strong>Mathieu van der Poel<\/strong> (Alpecin-Deceuninck) a pris son temps pour revenir sur ses rivaux. Peu apr\u00e8s, Mathieu van der Poel (Alpecin-Deceuninck) a test\u00e9 les forces de ses adversaires et seul <strong>Tadej Pogacar<\/strong> (UAE Team Emirates XRG). Mais, une accalmie a eu lieu dans la descente, permettant la jonction d&rsquo;un certain nombre de coureurs.<\/p>\n<h2 style=\"text-align: justify;\">Le num\u00e9ro de Pogacar<\/h2>\n<p style=\"text-align: justify;\">Dans le Koppenberg, <strong>Tadej Pogacar<\/strong> (UAE Team Emirates XRG) a l\u00e2ch\u00e9 <strong>Mads Pedersen, Jasper Stuyven<\/strong> (Lidl-Trek), <strong>Wout Van Aert<\/strong> et <strong>Matteo Jorgenson<\/strong> (Visma Lease a Bike). Mathieu van der Poel (Alpecin-Deceuninck) a \u00e9t\u00e9 le seul \u00e0 accompagner le champion du monde. Gr\u00e2ce \u00e0 ce mont, les deux cadors sont rentr\u00e9s sur le groupe de t\u00eate avec <strong>Davide Ballerini<\/strong> (XDS Astana), <strong>Filippo Ganna<\/strong> (INEOS Grenadiers), <strong>Matteo Trentin, Marco Haller<\/strong> (Tudor Pro Cycling), <strong>Tiesj Benoot<\/strong> (Visma Lease a Bike) et <strong>Stefan Kung<\/strong> (Groupama FDJ). La m\u00e9sentente a permis aux favoris distanc\u00e9s de revenir sur la t\u00eate de la course.<\/p>\n<p style=\"text-align: justify;\"><strong>Tadej Pogacar<\/strong> (UAE Team Emirates XRG) a encore mis aux supplices ses adversaires dans le Taaienberg. Seuls, <strong>Mathieu van der Poel<\/strong> (Alpecin-Deceuninck) et <strong>Mads Pedersen<\/strong> (Lidl-Trek) ont suivi le Slov\u00e8ne. Mais, le coureur danois a l\u00e2ch\u00e9 prise dans le Kruisberg avant d&rsquo;\u00eatre repris par <strong>Wout Van Aert<\/strong> (Visma Lease a Bike) et <strong>Jasper Stuyven<\/strong> (Lidl-Trek). Ce trio a r\u00e9ussi \u00e0 s&rsquo;entendre pour faire la jonction avec le duo de t\u00eate. \u00c9puis\u00e9, <strong>Matteo Jorgenson<\/strong> (Visma Lease a Bike) a perdu le contact avec le deuxi\u00e8me groupe de chasse, \u00e0 10 kilom\u00e8tres de l&rsquo;arriv\u00e9e.<\/p>\n<blockquote class=\"twitter-tweet\">\n<p dir=\"ltr\" lang=\"fr\">Pogi est parti ! Le champion du monde s\u00e8me Van der Poel et tous ses poursuivants dans le Vieux Quaremont&#8230;<\/p>\n<p>Regardez les derniers kilom\u00e8tres du Tour des Flandres sur Eurosport <a href=\"https:\/\/twitter.com\/hashtag\/RVV25?src=hash&amp;ref_src=twsrc%5Etfw\">#RVV25<\/a> <a href=\"https:\/\/twitter.com\/hashtag\/LesRP?src=hash&amp;ref_src=twsrc%5Etfw\">#LesRP<\/a> <a href=\"https:\/\/t.co\/sTLQ1GDnuV\">pic.twitter.com\/sTLQ1GDnuV<\/a><\/p>\n<p>\u2014 Eurosport France (@Eurosport_FR) <a href=\"https:\/\/twitter.com\/Eurosport_FR\/status\/1908881910081761397?ref_src=twsrc%5Etfw\">April 6, 2025<\/a><\/p><\/blockquote>\n<p><script async src=\"https:\/\/platform.twitter.com\/widgets.js\" charset=\"utf-8\"><\/script><\/p>\n<p style=\"text-align: justify;\">Dans la troisi\u00e8me ascension du Vieux Quaremont, <strong>Tadej Pogacar<\/strong> (UAE Team Emirates XRG) a r\u00e9ussi \u00e0 se d\u00e9barrasser de tous ses adversaires et surtout de <strong>Mathieu van der Poel<\/strong> (Alpecin-Deceuninck). Derri\u00e8re, le quatuor est rest\u00e9 group\u00e9. \u00c0 un troisi\u00e8me \u00e9chelon, il y avait <strong>Matteo Jorgenson<\/strong>, <strong>Tiesj Benoot<\/strong> (Visma Lease a Bike) et <strong>Stefan Kung<\/strong> (Groupama FDJ), \u00e0 plus d&rsquo;une minute.<\/p>\n<p style=\"text-align: justify;\">Finalement, <strong>Tadej Pogacar<\/strong> (UAE Team Emirates XRG) a accentu\u00e9 son avance sur les derniers kilom\u00e8tres en direction d&rsquo;Audenarde pour s&rsquo;imposer en solitaire comme lors de son premier succ\u00e8s. Pour la deuxi\u00e8me place, \u00e0 1 minute et 1 seconde, <strong>Mads Pedersen<\/strong> (Lidl-Trek) a pris le meilleur sur <strong>Mathieu van der Poel<\/strong> (Alpecin-Deceuninck) et <strong>Wout Van Aert<\/strong> (Visma Lease a Bike). <strong>Jasper Stuyven<\/strong> (Lidl-Trek) a pris la cinqui\u00e8me place, \u00e0 1.04. <strong>Tiesj Benoot<\/strong> (Visma Lease a Bike) a devanc\u00e9 <strong>Stefan Kung<\/strong> (Groupama FDJ) pour la sixi\u00e8me alors que <strong>Filippo Ganna<\/strong> (INEOS Grenadiers) a domin\u00e9 le sprint du peloton \u00e0 2 minutes et 19 secondes pour terminer au huiti\u00e8me rang devant <strong>Biniam Girmay<\/strong> (Intermarch\u00e9 Wanty).<\/p>\n","protected":false},"excerpt":{"rendered":"<p>TOUR DES FLANDRES 2025 &#8211; Tadej Pogacar (UAE Team Emirates XRG) s&rsquo;est impos\u00e9 ce dimanche sur la 109\u00e8me \u00e9dition. Le Slov\u00e8ne a sign\u00e9 son deuxi\u00e8me succ\u00e8s sur le Ronde apr\u00e8s 2023, et a remport\u00e9 son huiti\u00e8me Monument.<\/p>\n","protected":false},"author":48,"featured_media":570404,"comment_status":"open","ping_status":"closed","sticky":false,"template":"","format":"standard","meta":{"_acf_changed":false,"_daextam_enable_autolinks":"1","footnotes":""},"categories":[46994],"tags":[3119,16878,24,4325],"class_list":["post-570347","post","type-post","status-publish","format-standard","has-post-thumbnail","hentry","category-cyclisme-sur-route","tag-actualite-cyclisme","tag-breve","tag-sport","tag-tour-des-flandres"],"acf":[],"yoast_head":"<!-- This site is optimized with the Yoast SEO Premium plugin v26.7 (Yoast SEO v26.7) - https:\/\/yoast.com\/wordpress\/plugins\/seo\/ -->\n<title>Tour des Flandres 2025 : Le deuxi\u00e8me triomphe de Tadej Pogacar<\/title>\n<meta name=\"description\" content=\"TOUR DES FLANDRES 2025 - Tadej Pogacar (UAE Team Emirates XRG) s&#039;est impos\u00e9 ce dimanche sur la 109\u00e8me \u00e9dition.\" \/>\n<meta name=\"robots\" content=\"index, follow, max-snippet:-1, max-image-preview:large, max-video-preview:-1\" \/>\n<link rel=\"canonical\" href=\"https:\/\/dicodusport.fr\/blog\/tour-des-flandres-2025-le-deuxieme-triomphe-de-tadej-pogacar\/\" \/>\n<meta property=\"og:locale\" content=\"fr_FR\" \/>\n<meta property=\"og:type\" content=\"article\" \/>\n<meta property=\"og:title\" content=\"Tour des Flandres 2025 : Le deuxi\u00e8me triomphe de Tadej Pogacar\" \/>\n<meta property=\"og:description\" content=\"TOUR DES FLANDRES 2025 - Tadej Pogacar (UAE Team Emirates XRG) s&#039;est impos\u00e9 ce dimanche sur la 109\u00e8me \u00e9dition.\" \/>\n<meta property=\"og:url\" content=\"https:\/\/dicodusport.fr\/blog\/tour-des-flandres-2025-le-deuxieme-triomphe-de-tadej-pogacar\/\" \/>\n<meta property=\"og:site_name\" content=\"Dicodusport\" \/>\n<meta property=\"article:publisher\" content=\"https:\/\/www.facebook.com\/dicodusport\" \/>\n<meta property=\"article:author\" content=\"https:\/\/www.facebook.com\/groups\/LesRoisDuPeloton\" \/>\n<meta property=\"article:published_time\" content=\"2025-04-06T14:21:04+00:00\" \/>\n<meta property=\"article:modified_time\" content=\"2025-04-06T14:55:20+00:00\" \/>\n<meta property=\"og:image\" content=\"https:\/\/dicodusport.fr\/blog\/wp-content\/uploads\/2025\/04\/Tour-des-Flandres-2025-Le-deuxieme-triomphe-de-Tadej-Pogacar-1.png\" \/>\n\t<meta property=\"og:image:width\" content=\"1200\" \/>\n\t<meta property=\"og:image:height\" content=\"674\" \/>\n\t<meta property=\"og:image:type\" content=\"image\/png\" \/>\n<meta name=\"author\" content=\"Emilien Descampiaux\" \/>\n<meta name=\"twitter:card\" content=\"summary_large_image\" \/>\n<meta name=\"twitter:title\" content=\"Tour des Flandres 2025 : Le deuxi\u00e8me triomphe de Tadej Pogacar\" \/>\n<meta name=\"twitter:creator\" content=\"@https:\/\/twitter.com\/LRoisDuPeloton\" \/>\n<meta name=\"twitter:site\" content=\"@dicodusport\" \/>\n<script type=\"application\/ld+json\" class=\"yoast-schema-graph\">{\"@context\":\"https:\/\/schema.org\",\"@graph\":[{\"@type\":\"NewsArticle\",\"@id\":\"https:\/\/dicodusport.fr\/blog\/tour-des-flandres-2025-le-deuxieme-triomphe-de-tadej-pogacar\/#article\",\"isPartOf\":{\"@id\":\"https:\/\/dicodusport.fr\/blog\/tour-des-flandres-2025-le-deuxieme-triomphe-de-tadej-pogacar\/\"},\"author\":{\"name\":\"Emilien Descampiaux\",\"@id\":\"https:\/\/dicodusport.fr\/blog\/#\/schema\/person\/6db4bae06b171592211be385b32876a7\"},\"headline\":\"Tour des Flandres 2025 : Le deuxi\u00e8me triomphe de Tadej Pogacar\",\"datePublished\":\"2025-04-06T14:21:04+00:00\",\"dateModified\":\"2025-04-06T14:55:20+00:00\",\"mainEntityOfPage\":{\"@id\":\"https:\/\/dicodusport.fr\/blog\/tour-des-flandres-2025-le-deuxieme-triomphe-de-tadej-pogacar\/\"},\"wordCount\":883,\"commentCount\":0,\"publisher\":{\"@id\":\"https:\/\/dicodusport.fr\/blog\/#organization\"},\"image\":{\"@id\":\"https:\/\/dicodusport.fr\/blog\/tour-des-flandres-2025-le-deuxieme-triomphe-de-tadej-pogacar\/#primaryimage\"},\"thumbnailUrl\":\"https:\/\/dicodusport.fr\/blog\/wp-content\/uploads\/2025\/04\/Tour-des-Flandres-2025-Le-deuxieme-triomphe-de-Tadej-Pogacar-1.png\",\"keywords\":[\"Actualit\u00e9 Cyclisme\",\"br\u00e8ve\",\"sport\",\"Tour des Flandres\"],\"articleSection\":[\"Cyclisme sur route\"],\"inLanguage\":\"fr-FR\",\"potentialAction\":[{\"@type\":\"CommentAction\",\"name\":\"Comment\",\"target\":[\"https:\/\/dicodusport.fr\/blog\/tour-des-flandres-2025-le-deuxieme-triomphe-de-tadej-pogacar\/#respond\"]}],\"copyrightYear\":\"2025\",\"copyrightHolder\":{\"@id\":\"https:\/\/dicodusport.fr\/blog\/#organization\"}},{\"@type\":\"WebPage\",\"@id\":\"https:\/\/dicodusport.fr\/blog\/tour-des-flandres-2025-le-deuxieme-triomphe-de-tadej-pogacar\/\",\"url\":\"https:\/\/dicodusport.fr\/blog\/tour-des-flandres-2025-le-deuxieme-triomphe-de-tadej-pogacar\/\",\"name\":\"Tour des Flandres 2025 : Le deuxi\u00e8me triomphe de Tadej Pogacar\",\"isPartOf\":{\"@id\":\"https:\/\/dicodusport.fr\/blog\/#website\"},\"primaryImageOfPage\":{\"@id\":\"https:\/\/dicodusport.fr\/blog\/tour-des-flandres-2025-le-deuxieme-triomphe-de-tadej-pogacar\/#primaryimage\"},\"image\":{\"@id\":\"https:\/\/dicodusport.fr\/blog\/tour-des-flandres-2025-le-deuxieme-triomphe-de-tadej-pogacar\/#primaryimage\"},\"thumbnailUrl\":\"https:\/\/dicodusport.fr\/blog\/wp-content\/uploads\/2025\/04\/Tour-des-Flandres-2025-Le-deuxieme-triomphe-de-Tadej-Pogacar-1.png\",\"datePublished\":\"2025-04-06T14:21:04+00:00\",\"dateModified\":\"2025-04-06T14:55:20+00:00\",\"description\":\"TOUR DES FLANDRES 2025 - Tadej Pogacar (UAE Team Emirates XRG) s'est impos\u00e9 ce dimanche sur la 109\u00e8me \u00e9dition.\",\"breadcrumb\":{\"@id\":\"https:\/\/dicodusport.fr\/blog\/tour-des-flandres-2025-le-deuxieme-triomphe-de-tadej-pogacar\/#breadcrumb\"},\"inLanguage\":\"fr-FR\",\"potentialAction\":[{\"@type\":\"ReadAction\",\"target\":[\"https:\/\/dicodusport.fr\/blog\/tour-des-flandres-2025-le-deuxieme-triomphe-de-tadej-pogacar\/\"]}]},{\"@type\":\"ImageObject\",\"inLanguage\":\"fr-FR\",\"@id\":\"https:\/\/dicodusport.fr\/blog\/tour-des-flandres-2025-le-deuxieme-triomphe-de-tadej-pogacar\/#primaryimage\",\"url\":\"https:\/\/dicodusport.fr\/blog\/wp-content\/uploads\/2025\/04\/Tour-des-Flandres-2025-Le-deuxieme-triomphe-de-Tadej-Pogacar-1.png\",\"contentUrl\":\"https:\/\/dicodusport.fr\/blog\/wp-content\/uploads\/2025\/04\/Tour-des-Flandres-2025-Le-deuxieme-triomphe-de-Tadej-Pogacar-1.png\",\"width\":1200,\"height\":674,\"caption\":\"Tour des Flandres 2025 Le deuxi\u00e8me triomphe de Tadej Pogacar\"},{\"@type\":\"BreadcrumbList\",\"@id\":\"https:\/\/dicodusport.fr\/blog\/tour-des-flandres-2025-le-deuxieme-triomphe-de-tadej-pogacar\/#breadcrumb\",\"itemListElement\":[{\"@type\":\"ListItem\",\"position\":1,\"name\":\"Accueil\",\"item\":\"https:\/\/dicodusport.fr\/blog\/\"},{\"@type\":\"ListItem\",\"position\":2,\"name\":\"Tour des Flandres 2025 : Le deuxi\u00e8me triomphe de Tadej Pogacar\"}]},{\"@type\":\"WebSite\",\"@id\":\"https:\/\/dicodusport.fr\/blog\/#website\",\"url\":\"https:\/\/dicodusport.fr\/blog\/\",\"name\":\"Dicodusport\",\"description\":\"L&#039;encyclop\u00e9die de l&#039;actualit\u00e9 sportive\",\"publisher\":{\"@id\":\"https:\/\/dicodusport.fr\/blog\/#organization\"},\"potentialAction\":[{\"@type\":\"SearchAction\",\"target\":{\"@type\":\"EntryPoint\",\"urlTemplate\":\"https:\/\/dicodusport.fr\/blog\/?s={search_term_string}\"},\"query-input\":{\"@type\":\"PropertyValueSpecification\",\"valueRequired\":true,\"valueName\":\"search_term_string\"}}],\"inLanguage\":\"fr-FR\"},{\"@type\":\"NewsMediaOrganization\",\"@id\":\"https:\/\/dicodusport.fr\/blog\/#organization\",\"name\":\"Dicodusport\",\"url\":\"https:\/\/dicodusport.fr\/blog\/\",\"logo\":{\"@type\":\"ImageObject\",\"inLanguage\":\"fr-FR\",\"@id\":\"https:\/\/dicodusport.fr\/blog\/#\/schema\/logo\/image\/\",\"url\":\"https:\/\/dicodusport.fr\/blog\/wp-content\/uploads\/2020\/06\/cropped-LOGO-DICODUSPORT-2020-SANS-FOND-SANS-TEXTE.png\",\"contentUrl\":\"https:\/\/dicodusport.fr\/blog\/wp-content\/uploads\/2020\/06\/cropped-LOGO-DICODUSPORT-2020-SANS-FOND-SANS-TEXTE.png\",\"width\":512,\"height\":512,\"caption\":\"Dicodusport\"},\"image\":{\"@id\":\"https:\/\/dicodusport.fr\/blog\/#\/schema\/logo\/image\/\"},\"sameAs\":[\"https:\/\/www.facebook.com\/dicodusport\",\"https:\/\/x.com\/dicodusport\",\"https:\/\/www.instagram.com\/dicodusport\/\",\"https:\/\/www.youtube.com\/channel\/UC7V2KZ5sd3htJivAbA4ZG3w\"],\"description\":\"Dicodusport est l'encyclop\u00e9die de l'actualit\u00e9 sportive.\",\"email\":\"bonjour@dicodusport.fr\",\"legalName\":\"DICODUSPORT\",\"foundingDate\":\"2018-01-14\",\"vatID\":\"FR71834470973\",\"taxID\":\"83447097300043\",\"numberOfEmployees\":{\"@type\":\"QuantitativeValue\",\"minValue\":\"1\",\"maxValue\":\"10\"}},{\"@type\":\"Person\",\"@id\":\"https:\/\/dicodusport.fr\/blog\/#\/schema\/person\/6db4bae06b171592211be385b32876a7\",\"name\":\"Emilien Descampiaux\",\"image\":{\"@type\":\"ImageObject\",\"inLanguage\":\"fr-FR\",\"@id\":\"https:\/\/dicodusport.fr\/blog\/#\/schema\/person\/image\/\",\"url\":\"https:\/\/dicodusport.fr\/blog\/wp-content\/uploads\/2021\/05\/Emilien-Descampiaux-150x150.jpg\",\"contentUrl\":\"https:\/\/dicodusport.fr\/blog\/wp-content\/uploads\/2021\/05\/Emilien-Descampiaux-150x150.jpg\",\"caption\":\"Emilien Descampiaux\"},\"description\":\"Journaliste\/r\u00e9dacteur depuis 2014 - Fan de la classe de Frank Vandenbroucke, je vis cyclisme (et de ses paysages) depuis plus de 20 ans. Je suis tr\u00e8s impliqu\u00e9 sur mes diff\u00e9rents r\u00e9seaux sociaux pour partager ma passion sur le monde et l'Histoire de la bicyclette avec ma voix sur les images en noir et blanc du succ\u00e8s de Rik Van Steenbergen lors du Ronde sur le V\u00e9lodrome de Gand.\",\"sameAs\":[\"https:\/\/www.facebook.com\/groups\/LesRoisDuPeloton\",\"https:\/\/x.com\/https:\/\/twitter.com\/LRoisDuPeloton\"],\"url\":\"https:\/\/dicodusport.fr\/blog\/author\/emiliend\/\"}]}<\/script>\n<!-- \/ Yoast SEO Premium plugin. -->","yoast_head_json":{"title":"Tour des Flandres 2025 : Le deuxi\u00e8me triomphe de Tadej Pogacar","description":"TOUR DES FLANDRES 2025 - Tadej Pogacar (UAE Team Emirates XRG) s'est impos\u00e9 ce dimanche sur la 109\u00e8me \u00e9dition.","robots":{"index":"index","follow":"follow","max-snippet":"max-snippet:-1","max-image-preview":"max-image-preview:large","max-video-preview":"max-video-preview:-1"},"canonical":"https:\/\/dicodusport.fr\/blog\/tour-des-flandres-2025-le-deuxieme-triomphe-de-tadej-pogacar\/","og_locale":"fr_FR","og_type":"article","og_title":"Tour des Flandres 2025 : Le deuxi\u00e8me triomphe de Tadej Pogacar","og_description":"TOUR DES FLANDRES 2025 - Tadej Pogacar (UAE Team Emirates XRG) s'est impos\u00e9 ce dimanche sur la 109\u00e8me \u00e9dition.","og_url":"https:\/\/dicodusport.fr\/blog\/tour-des-flandres-2025-le-deuxieme-triomphe-de-tadej-pogacar\/","og_site_name":"Dicodusport","article_publisher":"https:\/\/www.facebook.com\/dicodusport","article_author":"https:\/\/www.facebook.com\/groups\/LesRoisDuPeloton","article_published_time":"2025-04-06T14:21:04+00:00","article_modified_time":"2025-04-06T14:55:20+00:00","og_image":[{"width":1200,"height":674,"url":"https:\/\/dicodusport.fr\/blog\/wp-content\/uploads\/2025\/04\/Tour-des-Flandres-2025-Le-deuxieme-triomphe-de-Tadej-Pogacar-1.png","type":"image\/png"}],"author":"Emilien Descampiaux","twitter_card":"summary_large_image","twitter_title":"Tour des Flandres 2025 : Le deuxi\u00e8me triomphe de Tadej Pogacar","twitter_creator":"@https:\/\/twitter.com\/LRoisDuPeloton","twitter_site":"@dicodusport","schema":{"@context":"https:\/\/schema.org","@graph":[{"@type":"NewsArticle","@id":"https:\/\/dicodusport.fr\/blog\/tour-des-flandres-2025-le-deuxieme-triomphe-de-tadej-pogacar\/#article","isPartOf":{"@id":"https:\/\/dicodusport.fr\/blog\/tour-des-flandres-2025-le-deuxieme-triomphe-de-tadej-pogacar\/"},"author":{"name":"Emilien Descampiaux","@id":"https:\/\/dicodusport.fr\/blog\/#\/schema\/person\/6db4bae06b171592211be385b32876a7"},"headline":"Tour des Flandres 2025 : Le deuxi\u00e8me triomphe de Tadej Pogacar","datePublished":"2025-04-06T14:21:04+00:00","dateModified":"2025-04-06T14:55:20+00:00","mainEntityOfPage":{"@id":"https:\/\/dicodusport.fr\/blog\/tour-des-flandres-2025-le-deuxieme-triomphe-de-tadej-pogacar\/"},"wordCount":883,"commentCount":0,"publisher":{"@id":"https:\/\/dicodusport.fr\/blog\/#organization"},"image":{"@id":"https:\/\/dicodusport.fr\/blog\/tour-des-flandres-2025-le-deuxieme-triomphe-de-tadej-pogacar\/#primaryimage"},"thumbnailUrl":"https:\/\/dicodusport.fr\/blog\/wp-content\/uploads\/2025\/04\/Tour-des-Flandres-2025-Le-deuxieme-triomphe-de-Tadej-Pogacar-1.png","keywords":["Actualit\u00e9 Cyclisme","br\u00e8ve","sport","Tour des Flandres"],"articleSection":["Cyclisme sur route"],"inLanguage":"fr-FR","potentialAction":[{"@type":"CommentAction","name":"Comment","target":["https:\/\/dicodusport.fr\/blog\/tour-des-flandres-2025-le-deuxieme-triomphe-de-tadej-pogacar\/#respond"]}],"copyrightYear":"2025","copyrightHolder":{"@id":"https:\/\/dicodusport.fr\/blog\/#organization"}},{"@type":"WebPage","@id":"https:\/\/dicodusport.fr\/blog\/tour-des-flandres-2025-le-deuxieme-triomphe-de-tadej-pogacar\/","url":"https:\/\/dicodusport.fr\/blog\/tour-des-flandres-2025-le-deuxieme-triomphe-de-tadej-pogacar\/","name":"Tour des Flandres 2025 : Le deuxi\u00e8me triomphe de Tadej Pogacar","isPartOf":{"@id":"https:\/\/dicodusport.fr\/blog\/#website"},"primaryImageOfPage":{"@id":"https:\/\/dicodusport.fr\/blog\/tour-des-flandres-2025-le-deuxieme-triomphe-de-tadej-pogacar\/#primaryimage"},"image":{"@id":"https:\/\/dicodusport.fr\/blog\/tour-des-flandres-2025-le-deuxieme-triomphe-de-tadej-pogacar\/#primaryimage"},"thumbnailUrl":"https:\/\/dicodusport.fr\/blog\/wp-content\/uploads\/2025\/04\/Tour-des-Flandres-2025-Le-deuxieme-triomphe-de-Tadej-Pogacar-1.png","datePublished":"2025-04-06T14:21:04+00:00","dateModified":"2025-04-06T14:55:20+00:00","description":"TOUR DES FLANDRES 2025 - Tadej Pogacar (UAE Team Emirates XRG) s'est impos\u00e9 ce dimanche sur la 109\u00e8me \u00e9dition.","breadcrumb":{"@id":"https:\/\/dicodusport.fr\/blog\/tour-des-flandres-2025-le-deuxieme-triomphe-de-tadej-pogacar\/#breadcrumb"},"inLanguage":"fr-FR","potentialAction":[{"@type":"ReadAction","target":["https:\/\/dicodusport.fr\/blog\/tour-des-flandres-2025-le-deuxieme-triomphe-de-tadej-pogacar\/"]}]},{"@type":"ImageObject","inLanguage":"fr-FR","@id":"https:\/\/dicodusport.fr\/blog\/tour-des-flandres-2025-le-deuxieme-triomphe-de-tadej-pogacar\/#primaryimage","url":"https:\/\/dicodusport.fr\/blog\/wp-content\/uploads\/2025\/04\/Tour-des-Flandres-2025-Le-deuxieme-triomphe-de-Tadej-Pogacar-1.png","contentUrl":"https:\/\/dicodusport.fr\/blog\/wp-content\/uploads\/2025\/04\/Tour-des-Flandres-2025-Le-deuxieme-triomphe-de-Tadej-Pogacar-1.png","width":1200,"height":674,"caption":"Tour des Flandres 2025 Le deuxi\u00e8me triomphe de Tadej Pogacar"},{"@type":"BreadcrumbList","@id":"https:\/\/dicodusport.fr\/blog\/tour-des-flandres-2025-le-deuxieme-triomphe-de-tadej-pogacar\/#breadcrumb","itemListElement":[{"@type":"ListItem","position":1,"name":"Accueil","item":"https:\/\/dicodusport.fr\/blog\/"},{"@type":"ListItem","position":2,"name":"Tour des Flandres 2025 : Le deuxi\u00e8me triomphe de Tadej Pogacar"}]},{"@type":"WebSite","@id":"https:\/\/dicodusport.fr\/blog\/#website","url":"https:\/\/dicodusport.fr\/blog\/","name":"Dicodusport","description":"L&#039;encyclop\u00e9die de l&#039;actualit\u00e9 sportive","publisher":{"@id":"https:\/\/dicodusport.fr\/blog\/#organization"},"potentialAction":[{"@type":"SearchAction","target":{"@type":"EntryPoint","urlTemplate":"https:\/\/dicodusport.fr\/blog\/?s={search_term_string}"},"query-input":{"@type":"PropertyValueSpecification","valueRequired":true,"valueName":"search_term_string"}}],"inLanguage":"fr-FR"},{"@type":"NewsMediaOrganization","@id":"https:\/\/dicodusport.fr\/blog\/#organization","name":"Dicodusport","url":"https:\/\/dicodusport.fr\/blog\/","logo":{"@type":"ImageObject","inLanguage":"fr-FR","@id":"https:\/\/dicodusport.fr\/blog\/#\/schema\/logo\/image\/","url":"https:\/\/dicodusport.fr\/blog\/wp-content\/uploads\/2020\/06\/cropped-LOGO-DICODUSPORT-2020-SANS-FOND-SANS-TEXTE.png","contentUrl":"https:\/\/dicodusport.fr\/blog\/wp-content\/uploads\/2020\/06\/cropped-LOGO-DICODUSPORT-2020-SANS-FOND-SANS-TEXTE.png","width":512,"height":512,"caption":"Dicodusport"},"image":{"@id":"https:\/\/dicodusport.fr\/blog\/#\/schema\/logo\/image\/"},"sameAs":["https:\/\/www.facebook.com\/dicodusport","https:\/\/x.com\/dicodusport","https:\/\/www.instagram.com\/dicodusport\/","https:\/\/www.youtube.com\/channel\/UC7V2KZ5sd3htJivAbA4ZG3w"],"description":"Dicodusport est l'encyclop\u00e9die de l'actualit\u00e9 sportive.","email":"bonjour@dicodusport.fr","legalName":"DICODUSPORT","foundingDate":"2018-01-14","vatID":"FR71834470973","taxID":"83447097300043","numberOfEmployees":{"@type":"QuantitativeValue","minValue":"1","maxValue":"10"}},{"@type":"Person","@id":"https:\/\/dicodusport.fr\/blog\/#\/schema\/person\/6db4bae06b171592211be385b32876a7","name":"Emilien Descampiaux","image":{"@type":"ImageObject","inLanguage":"fr-FR","@id":"https:\/\/dicodusport.fr\/blog\/#\/schema\/person\/image\/","url":"https:\/\/dicodusport.fr\/blog\/wp-content\/uploads\/2021\/05\/Emilien-Descampiaux-150x150.jpg","contentUrl":"https:\/\/dicodusport.fr\/blog\/wp-content\/uploads\/2021\/05\/Emilien-Descampiaux-150x150.jpg","caption":"Emilien Descampiaux"},"description":"Journaliste\/r\u00e9dacteur depuis 2014 - Fan de la classe de Frank Vandenbroucke, je vis cyclisme (et de ses paysages) depuis plus de 20 ans. Je suis tr\u00e8s impliqu\u00e9 sur mes diff\u00e9rents r\u00e9seaux sociaux pour partager ma passion sur le monde et l'Histoire de la bicyclette avec ma voix sur les images en noir et blanc du succ\u00e8s de Rik Van Steenbergen lors du Ronde sur le V\u00e9lodrome de Gand.","sameAs":["https:\/\/www.facebook.com\/groups\/LesRoisDuPeloton","https:\/\/x.com\/https:\/\/twitter.com\/LRoisDuPeloton"],"url":"https:\/\/dicodusport.fr\/blog\/author\/emiliend\/"}]}},"_links":{"self":[{"href":"https:\/\/dicodusport.fr\/blog\/wp-json\/wp\/v2\/posts\/570347","targetHints":{"allow":["GET"]}}],"collection":[{"href":"https:\/\/dicodusport.fr\/blog\/wp-json\/wp\/v2\/posts"}],"about":[{"href":"https:\/\/dicodusport.fr\/blog\/wp-json\/wp\/v2\/types\/post"}],"author":[{"embeddable":true,"href":"https:\/\/dicodusport.fr\/blog\/wp-json\/wp\/v2\/users\/48"}],"replies":[{"embeddable":true,"href":"https:\/\/dicodusport.fr\/blog\/wp-json\/wp\/v2\/comments?post=570347"}],"version-history":[{"count":5,"href":"https:\/\/dicodusport.fr\/blog\/wp-json\/wp\/v2\/posts\/570347\/revisions"}],"predecessor-version":[{"id":570401,"href":"https:\/\/dicodusport.fr\/blog\/wp-json\/wp\/v2\/posts\/570347\/revisions\/570401"}],"wp:featuredmedia":[{"embeddable":true,"href":"https:\/\/dicodusport.fr\/blog\/wp-json\/wp\/v2\/media\/570404"}],"wp:attachment":[{"href":"https:\/\/dicodusport.fr\/blog\/wp-json\/wp\/v2\/media?parent=570347"}],"wp:term":[{"taxonomy":"category","embeddable":true,"href":"https:\/\/dicodusport.fr\/blog\/wp-json\/wp\/v2\/categories?post=570347"},{"taxonomy":"post_tag","embeddable":true,"href":"https:\/\/dicodusport.fr\/blog\/wp-json\/wp\/v2\/tags?post=570347"}],"curies":[{"name":"wp","href":"https:\/\/api.w.org\/{rel}","templated":true}]}}