{"id":570579,"date":"2025-04-07T09:47:10","date_gmt":"2025-04-07T07:47:10","guid":{"rendered":"https:\/\/dicodusport.fr\/blog\/?p=570579&#038;preview=true&#038;preview_id=570579"},"modified":"2025-04-07T14:31:11","modified_gmt":"2025-04-07T12:31:11","slug":"transferts-brive-mathis-ferte-tout-proche-de-signer-en-top-14","status":"publish","type":"post","link":"https:\/\/dicodusport.fr\/blog\/transferts-brive-mathis-ferte-tout-proche-de-signer-en-top-14\/","title":{"rendered":"Transferts Brive : Mathis Fert\u00e9 tout proche de signer en Top 14"},"content":{"rendered":"<h4 style=\"text-align: justify;\"><em>TRANSFERTS RUGBY &#8211; Selon le <a href=\"https:\/\/www.rugbyrama.fr\/2025\/04\/06\/transferts-pro-d2-top-14-toulon-en-pole-pour-accueillir-mathis-ferte-brive-12619944.php\">Midi Olympique<\/a>, le RC Toulon serait tout proche de signer Mathis Fert\u00e9 (21 ans, Brive) pour la saison prochaine.<\/em><\/h4>\n<p style=\"text-align: justify;\">En fin de semaine pass\u00e9e, le <a href=\"https:\/\/dicodusport.fr\/blog\/transferts-rc-toulon-2025-arrivees-departs-et-prolongations\/\"><strong>RC<\/strong> <strong>Toulon<\/strong><\/a> a annonc\u00e9 le tr\u00e8s gros coup avec la signature du tr\u00e8s talentueux <strong>Patrick<\/strong> <strong>Tuifua<\/strong>. Si les contacts entre les diff\u00e9rentes parties \u00e9taient connus de longue date, la tendance semblait \u00eatre que le troisi\u00e8me ligne aile reste en Nouvelle-Z\u00e9lande, avec les <strong>All<\/strong> <strong>Blacks<\/strong> en objectif final. Le club de la Rade a finalement eu le dernier mot.<\/p>\n<ul style=\"text-align: justify;\">\n<li style=\"text-align: justify;\"><strong>\u00c0 ce sujet &#8211; <a href=\"https:\/\/dicodusport.fr\/blog\/transferts-patrick-tuifua-signe-en-top-14\/\" target=\"_blank\" rel=\"noopener\">Transferts : Patrick Tuifua signe en Top 14 !<\/a><br \/>\n<\/strong><\/li>\n<\/ul>\n<h2 style=\"text-align: justify;\">Mathis Fert\u00e9 proche de Toulon<\/h2>\n<p style=\"text-align: justify;\">Et le <strong>RC<\/strong> <strong>Toulon<\/strong> serait en passe de r\u00e9aliser un nouveau joli coup ! Bien que sous contrat jusqu&rsquo;en 2028, <strong>Mathis Fert\u00e9<\/strong> voudrait quitter Brive cet \u00e9t\u00e9 pour rejoindre le Var. Les <strong>Corr\u00e9ziens<\/strong> voudraient conserver leur p\u00e9pite, comme l&rsquo;a encore r\u00e9p\u00e9t\u00e9 le pr\u00e9sident du club, <strong>Thierry<\/strong> <strong>Blandini\u00e8res<\/strong> \u00e0 la mi-mars. La tendance est \u00e0 un d\u00e9part, et seul une mont\u00e9e en Top 14 pourrait peut-\u00eatre changer la donne.<\/p>\n<p style=\"text-align: justify;\">Le <strong>RC Toulon<\/strong> est en bonne position pour le recruter et serait pr\u00eat \u00e0 payer une belle indemnit\u00e9 \u00e0 <strong>Brive<\/strong> pour le lib\u00e9rer de ses trois ann\u00e9es de contrat restantes. Le <strong>Stade<\/strong> <strong>Rochelais<\/strong> s&rsquo;est aussi positionn\u00e9 sur ce dossier, mais part avec une longueur de retard sur la concurrence. L&rsquo;avenir de <strong>Mathis<\/strong> <strong>Fert\u00e9<\/strong> devrait donc animer les prochaines semaines du mercato.<\/p>\n<h2 style=\"text-align: justify;\">\u00c0 lire aussi<\/h2>\n<div class=\"vlp-link-container vlp-layout-article\"><a href=\"https:\/\/dicodusport.fr\/blog\/transferts-tommaso-menoncello-va-signer-en-top-14\/\" class=\"vlp-link\" title=\"Transferts : Tommaso Menoncello va signer en Top 14\"><\/a><div class=\"vlp-layout-zone-side\"><div class=\"vlp-block-4 vlp-link-image\"><img loading=\"lazy\" decoding=\"async\" style=\"max-width: 792px;\" width=\"792\" height=\"445\" src=\"https:\/\/dicodusport.fr\/blog\/wp-content\/uploads\/2025\/04\/Transferts-Tommaso-Menoncello-va-signer-en-Top-14.png\" class=\"attachment-800x445 size-800x445\" alt=\"\" srcset=\"https:\/\/dicodusport.fr\/blog\/wp-content\/uploads\/2025\/04\/Transferts-Tommaso-Menoncello-va-signer-en-Top-14.png 1200w, https:\/\/dicodusport.fr\/blog\/wp-content\/uploads\/2025\/04\/Transferts-Tommaso-Menoncello-va-signer-en-Top-14-300x169.png 300w, https:\/\/dicodusport.fr\/blog\/wp-content\/uploads\/2025\/04\/Transferts-Tommaso-Menoncello-va-signer-en-Top-14-1024x575.png 1024w, https:\/\/dicodusport.fr\/blog\/wp-content\/uploads\/2025\/04\/Transferts-Tommaso-Menoncello-va-signer-en-Top-14-768x431.png 768w\" sizes=\"auto, (max-width: 792px) 100vw, 792px\" \/><\/div><\/div><div class=\"vlp-layout-zone-main\"><div class=\"vlp-block-0 vlp-link-title\">Transferts : Tommaso Menoncello va signer en Top 14<\/div><div class=\"vlp-block-1 vlp-link-summary\">TRANSFERTS RUGBY - Selon le Midi Olympique, le Stade Rochelais va s'offrir le centre international italien, Tommaso Menoncello (22 ans).<\/div><div class=\"vlp-block-2 vlp-link-button\">Lire l'article<\/div><div class=\"vlp-block-3 vlp-link-url\">dicodusport.fr<\/div><\/div><\/div>\n","protected":false},"excerpt":{"rendered":"<p>TRANSFERTS RUGBY &#8211; Selon le Midi Olympique, le RC Toulon serait tout proche de signer Mathis Fert\u00e9 (21 ans, Brive) pour la saison prochaine.<\/p>\n","protected":false},"author":1,"featured_media":570585,"comment_status":"open","ping_status":"closed","sticky":false,"template":"","format":"standard","meta":{"_acf_changed":false,"_daextam_enable_autolinks":"1","footnotes":""},"categories":[9129,47050],"tags":[32415,16878,13,111,29105],"class_list":["post-570579","post","type-post","status-publish","format-standard","has-post-thumbnail","hentry","category-rugby-a-xv","category-top-14","tag-actu","tag-breve","tag-rugby","tag-top-14","tag-transferts-rugby"],"acf":[],"yoast_head":"<!-- This site is optimized with the Yoast SEO Premium plugin v26.7 (Yoast SEO v26.7) - https:\/\/yoast.com\/wordpress\/plugins\/seo\/ -->\n<title>Transferts Brive : Mathis Fert\u00e9 tout proche de signer en Top 14<\/title>\n<meta name=\"description\" content=\"TRANSFERTS RUGBY - Selon le Midi Olympique, le RC Toulon serait tout proche de signer Mathis Fert\u00e9 (21 ans, Brive) pour la saison prochaine.\" \/>\n<meta name=\"robots\" content=\"index, follow, max-snippet:-1, max-image-preview:large, max-video-preview:-1\" \/>\n<link rel=\"canonical\" href=\"https:\/\/dicodusport.fr\/blog\/transferts-brive-mathis-ferte-tout-proche-de-signer-en-top-14\/\" \/>\n<meta property=\"og:locale\" content=\"fr_FR\" \/>\n<meta property=\"og:type\" content=\"article\" \/>\n<meta property=\"og:title\" content=\"Transferts Brive : Mathis Fert\u00e9 tout proche de signer en Top 14\" \/>\n<meta property=\"og:description\" content=\"TRANSFERTS RUGBY - Selon le Midi Olympique, le RC Toulon serait tout proche de signer Mathis Fert\u00e9 (21 ans, Brive) pour la saison prochaine.\" \/>\n<meta property=\"og:url\" content=\"https:\/\/dicodusport.fr\/blog\/transferts-brive-mathis-ferte-tout-proche-de-signer-en-top-14\/\" \/>\n<meta property=\"og:site_name\" content=\"Dicodusport\" \/>\n<meta property=\"article:publisher\" content=\"https:\/\/www.facebook.com\/dicodusport\" \/>\n<meta property=\"article:author\" content=\"https:\/\/www.facebook.com\/dicodusport\" \/>\n<meta property=\"article:published_time\" content=\"2025-04-07T07:47:10+00:00\" \/>\n<meta property=\"article:modified_time\" content=\"2025-04-07T12:31:11+00:00\" \/>\n<meta property=\"og:image\" content=\"https:\/\/dicodusport.fr\/blog\/wp-content\/uploads\/2025\/04\/Transferts-Brive-Mathis-Ferte-tout-proche-de-signer-en-Top-14.png\" \/>\n\t<meta property=\"og:image:width\" content=\"1200\" \/>\n\t<meta property=\"og:image:height\" content=\"674\" \/>\n\t<meta property=\"og:image:type\" content=\"image\/png\" \/>\n<meta name=\"author\" content=\"Nicolas Jacquemard\" \/>\n<meta name=\"twitter:card\" content=\"summary_large_image\" \/>\n<meta name=\"twitter:title\" content=\"Transferts Brive : Mathis Fert\u00e9 tout proche de signer en Top 14\" \/>\n<meta name=\"twitter:creator\" content=\"@https:\/\/twitter.com\/Nico_Jacquemard\" \/>\n<meta name=\"twitter:site\" content=\"@dicodusport\" \/>\n<script type=\"application\/ld+json\" class=\"yoast-schema-graph\">{\"@context\":\"https:\/\/schema.org\",\"@graph\":[{\"@type\":\"NewsArticle\",\"@id\":\"https:\/\/dicodusport.fr\/blog\/transferts-brive-mathis-ferte-tout-proche-de-signer-en-top-14\/#article\",\"isPartOf\":{\"@id\":\"https:\/\/dicodusport.fr\/blog\/transferts-brive-mathis-ferte-tout-proche-de-signer-en-top-14\/\"},\"author\":{\"name\":\"Nicolas Jacquemard\",\"@id\":\"https:\/\/dicodusport.fr\/blog\/#\/schema\/person\/55dcb50ad410894e431ed812bbb70191\"},\"headline\":\"Transferts Brive : Mathis Fert\u00e9 tout proche de signer en Top 14\",\"datePublished\":\"2025-04-07T07:47:10+00:00\",\"dateModified\":\"2025-04-07T12:31:11+00:00\",\"mainEntityOfPage\":{\"@id\":\"https:\/\/dicodusport.fr\/blog\/transferts-brive-mathis-ferte-tout-proche-de-signer-en-top-14\/\"},\"wordCount\":342,\"commentCount\":0,\"publisher\":{\"@id\":\"https:\/\/dicodusport.fr\/blog\/#organization\"},\"image\":{\"@id\":\"https:\/\/dicodusport.fr\/blog\/transferts-brive-mathis-ferte-tout-proche-de-signer-en-top-14\/#primaryimage\"},\"thumbnailUrl\":\"https:\/\/dicodusport.fr\/blog\/wp-content\/uploads\/2025\/04\/Transferts-Brive-Mathis-Ferte-tout-proche-de-signer-en-Top-14.png\",\"keywords\":[\"actu\",\"br\u00e8ve\",\"Rugby\",\"Top 14\",\"Transferts rugby\"],\"articleSection\":[\"Rugby \u00e0 XV\",\"Top 14\"],\"inLanguage\":\"fr-FR\",\"potentialAction\":[{\"@type\":\"CommentAction\",\"name\":\"Comment\",\"target\":[\"https:\/\/dicodusport.fr\/blog\/transferts-brive-mathis-ferte-tout-proche-de-signer-en-top-14\/#respond\"]}],\"copyrightYear\":\"2025\",\"copyrightHolder\":{\"@id\":\"https:\/\/dicodusport.fr\/blog\/#organization\"}},{\"@type\":\"WebPage\",\"@id\":\"https:\/\/dicodusport.fr\/blog\/transferts-brive-mathis-ferte-tout-proche-de-signer-en-top-14\/\",\"url\":\"https:\/\/dicodusport.fr\/blog\/transferts-brive-mathis-ferte-tout-proche-de-signer-en-top-14\/\",\"name\":\"Transferts Brive : Mathis Fert\u00e9 tout proche de signer en Top 14\",\"isPartOf\":{\"@id\":\"https:\/\/dicodusport.fr\/blog\/#website\"},\"primaryImageOfPage\":{\"@id\":\"https:\/\/dicodusport.fr\/blog\/transferts-brive-mathis-ferte-tout-proche-de-signer-en-top-14\/#primaryimage\"},\"image\":{\"@id\":\"https:\/\/dicodusport.fr\/blog\/transferts-brive-mathis-ferte-tout-proche-de-signer-en-top-14\/#primaryimage\"},\"thumbnailUrl\":\"https:\/\/dicodusport.fr\/blog\/wp-content\/uploads\/2025\/04\/Transferts-Brive-Mathis-Ferte-tout-proche-de-signer-en-Top-14.png\",\"datePublished\":\"2025-04-07T07:47:10+00:00\",\"dateModified\":\"2025-04-07T12:31:11+00:00\",\"description\":\"TRANSFERTS RUGBY - Selon le Midi Olympique, le RC Toulon serait tout proche de signer Mathis Fert\u00e9 (21 ans, Brive) pour la saison prochaine.\",\"breadcrumb\":{\"@id\":\"https:\/\/dicodusport.fr\/blog\/transferts-brive-mathis-ferte-tout-proche-de-signer-en-top-14\/#breadcrumb\"},\"inLanguage\":\"fr-FR\",\"potentialAction\":[{\"@type\":\"ReadAction\",\"target\":[\"https:\/\/dicodusport.fr\/blog\/transferts-brive-mathis-ferte-tout-proche-de-signer-en-top-14\/\"]}]},{\"@type\":\"ImageObject\",\"inLanguage\":\"fr-FR\",\"@id\":\"https:\/\/dicodusport.fr\/blog\/transferts-brive-mathis-ferte-tout-proche-de-signer-en-top-14\/#primaryimage\",\"url\":\"https:\/\/dicodusport.fr\/blog\/wp-content\/uploads\/2025\/04\/Transferts-Brive-Mathis-Ferte-tout-proche-de-signer-en-Top-14.png\",\"contentUrl\":\"https:\/\/dicodusport.fr\/blog\/wp-content\/uploads\/2025\/04\/Transferts-Brive-Mathis-Ferte-tout-proche-de-signer-en-Top-14.png\",\"width\":1200,\"height\":674},{\"@type\":\"BreadcrumbList\",\"@id\":\"https:\/\/dicodusport.fr\/blog\/transferts-brive-mathis-ferte-tout-proche-de-signer-en-top-14\/#breadcrumb\",\"itemListElement\":[{\"@type\":\"ListItem\",\"position\":1,\"name\":\"Accueil\",\"item\":\"https:\/\/dicodusport.fr\/blog\/\"},{\"@type\":\"ListItem\",\"position\":2,\"name\":\"Transferts Brive : Mathis Fert\u00e9 tout proche de signer en Top 14\"}]},{\"@type\":\"WebSite\",\"@id\":\"https:\/\/dicodusport.fr\/blog\/#website\",\"url\":\"https:\/\/dicodusport.fr\/blog\/\",\"name\":\"Dicodusport\",\"description\":\"L&#039;encyclop\u00e9die de l&#039;actualit\u00e9 sportive\",\"publisher\":{\"@id\":\"https:\/\/dicodusport.fr\/blog\/#organization\"},\"potentialAction\":[{\"@type\":\"SearchAction\",\"target\":{\"@type\":\"EntryPoint\",\"urlTemplate\":\"https:\/\/dicodusport.fr\/blog\/?s={search_term_string}\"},\"query-input\":{\"@type\":\"PropertyValueSpecification\",\"valueRequired\":true,\"valueName\":\"search_term_string\"}}],\"inLanguage\":\"fr-FR\"},{\"@type\":\"NewsMediaOrganization\",\"@id\":\"https:\/\/dicodusport.fr\/blog\/#organization\",\"name\":\"Dicodusport\",\"url\":\"https:\/\/dicodusport.fr\/blog\/\",\"logo\":{\"@type\":\"ImageObject\",\"inLanguage\":\"fr-FR\",\"@id\":\"https:\/\/dicodusport.fr\/blog\/#\/schema\/logo\/image\/\",\"url\":\"https:\/\/dicodusport.fr\/blog\/wp-content\/uploads\/2020\/06\/cropped-LOGO-DICODUSPORT-2020-SANS-FOND-SANS-TEXTE.png\",\"contentUrl\":\"https:\/\/dicodusport.fr\/blog\/wp-content\/uploads\/2020\/06\/cropped-LOGO-DICODUSPORT-2020-SANS-FOND-SANS-TEXTE.png\",\"width\":512,\"height\":512,\"caption\":\"Dicodusport\"},\"image\":{\"@id\":\"https:\/\/dicodusport.fr\/blog\/#\/schema\/logo\/image\/\"},\"sameAs\":[\"https:\/\/www.facebook.com\/dicodusport\",\"https:\/\/x.com\/dicodusport\",\"https:\/\/www.instagram.com\/dicodusport\/\",\"https:\/\/www.youtube.com\/channel\/UC7V2KZ5sd3htJivAbA4ZG3w\"],\"description\":\"Dicodusport est l'encyclop\u00e9die de l'actualit\u00e9 sportive.\",\"email\":\"bonjour@dicodusport.fr\",\"legalName\":\"DICODUSPORT\",\"foundingDate\":\"2018-01-14\",\"vatID\":\"FR71834470973\",\"taxID\":\"83447097300043\",\"numberOfEmployees\":{\"@type\":\"QuantitativeValue\",\"minValue\":\"1\",\"maxValue\":\"10\"}},{\"@type\":\"Person\",\"@id\":\"https:\/\/dicodusport.fr\/blog\/#\/schema\/person\/55dcb50ad410894e431ed812bbb70191\",\"name\":\"Nicolas Jacquemard\",\"image\":{\"@type\":\"ImageObject\",\"inLanguage\":\"fr-FR\",\"@id\":\"https:\/\/dicodusport.fr\/blog\/#\/schema\/person\/image\/\",\"url\":\"https:\/\/dicodusport.fr\/blog\/wp-content\/uploads\/2021\/05\/Nicolas-Jacquemard-150x150.jpeg\",\"contentUrl\":\"https:\/\/dicodusport.fr\/blog\/wp-content\/uploads\/2021\/05\/Nicolas-Jacquemard-150x150.jpeg\",\"caption\":\"Nicolas Jacquemard\"},\"description\":\"Passionn\u00e9 de sport et entrepreneur depuis mes 18 ans, la cr\u00e9ation de Dicodusport m'a sembl\u00e9 \u00e9vidente pour participer \u00e0 la m\u00e9diatisation d'un plus grand nombre de sports. Le chemin est long mais avec une \u00e9quipe des plus motiv\u00e9es et les Jeux Olympiques de Paris 2024 en point de mire, nous y arriverons ! Journaliste dans le monde du sport depuis plus de 5 ans, je traite aussi bien de football, de rugby, de biathlon que de cyclisme.\",\"sameAs\":[\"https:\/\/www.facebook.com\/dicodusport\",\"https:\/\/x.com\/https:\/\/twitter.com\/Nico_Jacquemard\"],\"url\":\"https:\/\/dicodusport.fr\/blog\/author\/dicodusport\/\"}]}<\/script>\n<!-- \/ Yoast SEO Premium plugin. -->","yoast_head_json":{"title":"Transferts Brive : Mathis Fert\u00e9 tout proche de signer en Top 14","description":"TRANSFERTS RUGBY - Selon le Midi Olympique, le RC Toulon serait tout proche de signer Mathis Fert\u00e9 (21 ans, Brive) pour la saison prochaine.","robots":{"index":"index","follow":"follow","max-snippet":"max-snippet:-1","max-image-preview":"max-image-preview:large","max-video-preview":"max-video-preview:-1"},"canonical":"https:\/\/dicodusport.fr\/blog\/transferts-brive-mathis-ferte-tout-proche-de-signer-en-top-14\/","og_locale":"fr_FR","og_type":"article","og_title":"Transferts Brive : Mathis Fert\u00e9 tout proche de signer en Top 14","og_description":"TRANSFERTS RUGBY - Selon le Midi Olympique, le RC Toulon serait tout proche de signer Mathis Fert\u00e9 (21 ans, Brive) pour la saison prochaine.","og_url":"https:\/\/dicodusport.fr\/blog\/transferts-brive-mathis-ferte-tout-proche-de-signer-en-top-14\/","og_site_name":"Dicodusport","article_publisher":"https:\/\/www.facebook.com\/dicodusport","article_author":"https:\/\/www.facebook.com\/dicodusport","article_published_time":"2025-04-07T07:47:10+00:00","article_modified_time":"2025-04-07T12:31:11+00:00","og_image":[{"width":1200,"height":674,"url":"https:\/\/dicodusport.fr\/blog\/wp-content\/uploads\/2025\/04\/Transferts-Brive-Mathis-Ferte-tout-proche-de-signer-en-Top-14.png","type":"image\/png"}],"author":"Nicolas Jacquemard","twitter_card":"summary_large_image","twitter_title":"Transferts Brive : Mathis Fert\u00e9 tout proche de signer en Top 14","twitter_creator":"@https:\/\/twitter.com\/Nico_Jacquemard","twitter_site":"@dicodusport","schema":{"@context":"https:\/\/schema.org","@graph":[{"@type":"NewsArticle","@id":"https:\/\/dicodusport.fr\/blog\/transferts-brive-mathis-ferte-tout-proche-de-signer-en-top-14\/#article","isPartOf":{"@id":"https:\/\/dicodusport.fr\/blog\/transferts-brive-mathis-ferte-tout-proche-de-signer-en-top-14\/"},"author":{"name":"Nicolas Jacquemard","@id":"https:\/\/dicodusport.fr\/blog\/#\/schema\/person\/55dcb50ad410894e431ed812bbb70191"},"headline":"Transferts Brive : Mathis Fert\u00e9 tout proche de signer en Top 14","datePublished":"2025-04-07T07:47:10+00:00","dateModified":"2025-04-07T12:31:11+00:00","mainEntityOfPage":{"@id":"https:\/\/dicodusport.fr\/blog\/transferts-brive-mathis-ferte-tout-proche-de-signer-en-top-14\/"},"wordCount":342,"commentCount":0,"publisher":{"@id":"https:\/\/dicodusport.fr\/blog\/#organization"},"image":{"@id":"https:\/\/dicodusport.fr\/blog\/transferts-brive-mathis-ferte-tout-proche-de-signer-en-top-14\/#primaryimage"},"thumbnailUrl":"https:\/\/dicodusport.fr\/blog\/wp-content\/uploads\/2025\/04\/Transferts-Brive-Mathis-Ferte-tout-proche-de-signer-en-Top-14.png","keywords":["actu","br\u00e8ve","Rugby","Top 14","Transferts rugby"],"articleSection":["Rugby \u00e0 XV","Top 14"],"inLanguage":"fr-FR","potentialAction":[{"@type":"CommentAction","name":"Comment","target":["https:\/\/dicodusport.fr\/blog\/transferts-brive-mathis-ferte-tout-proche-de-signer-en-top-14\/#respond"]}],"copyrightYear":"2025","copyrightHolder":{"@id":"https:\/\/dicodusport.fr\/blog\/#organization"}},{"@type":"WebPage","@id":"https:\/\/dicodusport.fr\/blog\/transferts-brive-mathis-ferte-tout-proche-de-signer-en-top-14\/","url":"https:\/\/dicodusport.fr\/blog\/transferts-brive-mathis-ferte-tout-proche-de-signer-en-top-14\/","name":"Transferts Brive : Mathis Fert\u00e9 tout proche de signer en Top 14","isPartOf":{"@id":"https:\/\/dicodusport.fr\/blog\/#website"},"primaryImageOfPage":{"@id":"https:\/\/dicodusport.fr\/blog\/transferts-brive-mathis-ferte-tout-proche-de-signer-en-top-14\/#primaryimage"},"image":{"@id":"https:\/\/dicodusport.fr\/blog\/transferts-brive-mathis-ferte-tout-proche-de-signer-en-top-14\/#primaryimage"},"thumbnailUrl":"https:\/\/dicodusport.fr\/blog\/wp-content\/uploads\/2025\/04\/Transferts-Brive-Mathis-Ferte-tout-proche-de-signer-en-Top-14.png","datePublished":"2025-04-07T07:47:10+00:00","dateModified":"2025-04-07T12:31:11+00:00","description":"TRANSFERTS RUGBY - Selon le Midi Olympique, le RC Toulon serait tout proche de signer Mathis Fert\u00e9 (21 ans, Brive) pour la saison prochaine.","breadcrumb":{"@id":"https:\/\/dicodusport.fr\/blog\/transferts-brive-mathis-ferte-tout-proche-de-signer-en-top-14\/#breadcrumb"},"inLanguage":"fr-FR","potentialAction":[{"@type":"ReadAction","target":["https:\/\/dicodusport.fr\/blog\/transferts-brive-mathis-ferte-tout-proche-de-signer-en-top-14\/"]}]},{"@type":"ImageObject","inLanguage":"fr-FR","@id":"https:\/\/dicodusport.fr\/blog\/transferts-brive-mathis-ferte-tout-proche-de-signer-en-top-14\/#primaryimage","url":"https:\/\/dicodusport.fr\/blog\/wp-content\/uploads\/2025\/04\/Transferts-Brive-Mathis-Ferte-tout-proche-de-signer-en-Top-14.png","contentUrl":"https:\/\/dicodusport.fr\/blog\/wp-content\/uploads\/2025\/04\/Transferts-Brive-Mathis-Ferte-tout-proche-de-signer-en-Top-14.png","width":1200,"height":674},{"@type":"BreadcrumbList","@id":"https:\/\/dicodusport.fr\/blog\/transferts-brive-mathis-ferte-tout-proche-de-signer-en-top-14\/#breadcrumb","itemListElement":[{"@type":"ListItem","position":1,"name":"Accueil","item":"https:\/\/dicodusport.fr\/blog\/"},{"@type":"ListItem","position":2,"name":"Transferts Brive : Mathis Fert\u00e9 tout proche de signer en Top 14"}]},{"@type":"WebSite","@id":"https:\/\/dicodusport.fr\/blog\/#website","url":"https:\/\/dicodusport.fr\/blog\/","name":"Dicodusport","description":"L&#039;encyclop\u00e9die de l&#039;actualit\u00e9 sportive","publisher":{"@id":"https:\/\/dicodusport.fr\/blog\/#organization"},"potentialAction":[{"@type":"SearchAction","target":{"@type":"EntryPoint","urlTemplate":"https:\/\/dicodusport.fr\/blog\/?s={search_term_string}"},"query-input":{"@type":"PropertyValueSpecification","valueRequired":true,"valueName":"search_term_string"}}],"inLanguage":"fr-FR"},{"@type":"NewsMediaOrganization","@id":"https:\/\/dicodusport.fr\/blog\/#organization","name":"Dicodusport","url":"https:\/\/dicodusport.fr\/blog\/","logo":{"@type":"ImageObject","inLanguage":"fr-FR","@id":"https:\/\/dicodusport.fr\/blog\/#\/schema\/logo\/image\/","url":"https:\/\/dicodusport.fr\/blog\/wp-content\/uploads\/2020\/06\/cropped-LOGO-DICODUSPORT-2020-SANS-FOND-SANS-TEXTE.png","contentUrl":"https:\/\/dicodusport.fr\/blog\/wp-content\/uploads\/2020\/06\/cropped-LOGO-DICODUSPORT-2020-SANS-FOND-SANS-TEXTE.png","width":512,"height":512,"caption":"Dicodusport"},"image":{"@id":"https:\/\/dicodusport.fr\/blog\/#\/schema\/logo\/image\/"},"sameAs":["https:\/\/www.facebook.com\/dicodusport","https:\/\/x.com\/dicodusport","https:\/\/www.instagram.com\/dicodusport\/","https:\/\/www.youtube.com\/channel\/UC7V2KZ5sd3htJivAbA4ZG3w"],"description":"Dicodusport est l'encyclop\u00e9die de l'actualit\u00e9 sportive.","email":"bonjour@dicodusport.fr","legalName":"DICODUSPORT","foundingDate":"2018-01-14","vatID":"FR71834470973","taxID":"83447097300043","numberOfEmployees":{"@type":"QuantitativeValue","minValue":"1","maxValue":"10"}},{"@type":"Person","@id":"https:\/\/dicodusport.fr\/blog\/#\/schema\/person\/55dcb50ad410894e431ed812bbb70191","name":"Nicolas Jacquemard","image":{"@type":"ImageObject","inLanguage":"fr-FR","@id":"https:\/\/dicodusport.fr\/blog\/#\/schema\/person\/image\/","url":"https:\/\/dicodusport.fr\/blog\/wp-content\/uploads\/2021\/05\/Nicolas-Jacquemard-150x150.jpeg","contentUrl":"https:\/\/dicodusport.fr\/blog\/wp-content\/uploads\/2021\/05\/Nicolas-Jacquemard-150x150.jpeg","caption":"Nicolas Jacquemard"},"description":"Passionn\u00e9 de sport et entrepreneur depuis mes 18 ans, la cr\u00e9ation de Dicodusport m'a sembl\u00e9 \u00e9vidente pour participer \u00e0 la m\u00e9diatisation d'un plus grand nombre de sports. Le chemin est long mais avec une \u00e9quipe des plus motiv\u00e9es et les Jeux Olympiques de Paris 2024 en point de mire, nous y arriverons ! Journaliste dans le monde du sport depuis plus de 5 ans, je traite aussi bien de football, de rugby, de biathlon que de cyclisme.","sameAs":["https:\/\/www.facebook.com\/dicodusport","https:\/\/x.com\/https:\/\/twitter.com\/Nico_Jacquemard"],"url":"https:\/\/dicodusport.fr\/blog\/author\/dicodusport\/"}]}},"_links":{"self":[{"href":"https:\/\/dicodusport.fr\/blog\/wp-json\/wp\/v2\/posts\/570579","targetHints":{"allow":["GET"]}}],"collection":[{"href":"https:\/\/dicodusport.fr\/blog\/wp-json\/wp\/v2\/posts"}],"about":[{"href":"https:\/\/dicodusport.fr\/blog\/wp-json\/wp\/v2\/types\/post"}],"author":[{"embeddable":true,"href":"https:\/\/dicodusport.fr\/blog\/wp-json\/wp\/v2\/users\/1"}],"replies":[{"embeddable":true,"href":"https:\/\/dicodusport.fr\/blog\/wp-json\/wp\/v2\/comments?post=570579"}],"version-history":[{"count":5,"href":"https:\/\/dicodusport.fr\/blog\/wp-json\/wp\/v2\/posts\/570579\/revisions"}],"predecessor-version":[{"id":570639,"href":"https:\/\/dicodusport.fr\/blog\/wp-json\/wp\/v2\/posts\/570579\/revisions\/570639"}],"wp:featuredmedia":[{"embeddable":true,"href":"https:\/\/dicodusport.fr\/blog\/wp-json\/wp\/v2\/media\/570585"}],"wp:attachment":[{"href":"https:\/\/dicodusport.fr\/blog\/wp-json\/wp\/v2\/media?parent=570579"}],"wp:term":[{"taxonomy":"category","embeddable":true,"href":"https:\/\/dicodusport.fr\/blog\/wp-json\/wp\/v2\/categories?post=570579"},{"taxonomy":"post_tag","embeddable":true,"href":"https:\/\/dicodusport.fr\/blog\/wp-json\/wp\/v2\/tags?post=570579"}],"curies":[{"name":"wp","href":"https:\/\/api.w.org\/{rel}","templated":true}]}}