{"id":570635,"date":"2025-04-07T16:15:35","date_gmt":"2025-04-07T14:15:35","guid":{"rendered":"https:\/\/dicodusport.fr\/blog\/?p=570635&#038;preview=true&#038;preview_id=570635"},"modified":"2025-04-07T16:15:35","modified_gmt":"2025-04-07T14:15:35","slug":"tour-des-flandres-2025-la-victoire-de-tadej-pogacar-en-chiffres","status":"publish","type":"post","link":"https:\/\/dicodusport.fr\/blog\/tour-des-flandres-2025-la-victoire-de-tadej-pogacar-en-chiffres\/","title":{"rendered":"Tour des Flandres 2025 : La victoire de Tadej Pogacar en chiffres"},"content":{"rendered":"<h4 style=\"text-align: justify;\"><em>TOUR DES FLANDRES 2025 &#8211; Retour en chiffres, sur la victoire de Tadej Pogacar sur le Ronde. Le Slov\u00e8ne continue \u00e0 battre des records.<\/em><\/h4>\n<ul style=\"text-align: justify;\">\n<li><strong>\u00c0 ce sujet &#8211; <a href=\"https:\/\/dicodusport.fr\/blog\/actualites\/cyclisme\/cyclisme-sur-route-2025\/\">L&rsquo;actualit\u00e9 du cyclisme<\/a><\/strong><\/li>\n<\/ul>\n<h2 style=\"text-align: justify;\">1:01<\/h2>\n<p style=\"text-align: justify;\">L&rsquo;\u00e9cart entre<strong> Tadej Pogacar<\/strong>, vainqueur, et son dauphin <strong>Mads Pedersen<\/strong>, qui a r\u00e9gl\u00e9 au sprint le groupe des poursuivants. \u00c0 une seconde pr\u00e8s, le m\u00eame \u00e9cart qu&rsquo;<a href=\"https:\/\/dicodusport.fr\/blog\/tour-des-flandres-2024-mathieu-van-der-poel-simpose-en-patron\/\"><strong>en 2024<\/strong><\/a>, entre <strong>Mathieu van der Poel<\/strong> et <strong>Luca Mozzato<\/strong> (1:02). On est \u00e9videmment loin des \u00e9carts d&rsquo;antan.<\/p>\n<h2 style=\"text-align: justify;\">2<\/h2>\n<p style=\"text-align: justify;\">Seuls deux coureurs ont remport\u00e9 le Tour des Flandres et le Tour de France la m\u00eame ann\u00e9e. Il s&rsquo;agit de <strong>Louison Bobet<\/strong> (1955) et <strong>Eddy Merckx<\/strong> (1969). <strong>Tadej Pogacar,<\/strong> qui a le Tour dans le viseur, peut rejoindre un club tr\u00e8s ferm\u00e9. Il avait \u00e9chou\u00e9 en 2023, vaincu sur le Tour par <strong>Jonas Vingegaard<\/strong>.<\/p>\n<h2 style=\"text-align: justify;\">2<\/h2>\n<p style=\"text-align: justify;\">Comme le nombre de victoires de <strong>Tadej Pogacar<\/strong> sur le Tour des Flandres. Le tout en trois participations. Il n&rsquo;a jamais termin\u00e9 au-del\u00e0 de la 4e place sur le Ronde.<\/p>\n<div class=\"vlp-link-container vlp-layout-article\"><a href=\"https:\/\/dicodusport.fr\/blog\/tour-des-flandres-2025-le-deuxieme-triomphe-de-tadej-pogacar\/\" class=\"vlp-link\" title=\"Tour des Flandres 2025 : Le deuxi\u00e8me triomphe de Tadej Pogacar\"><\/a><div class=\"vlp-layout-zone-side\"><div class=\"vlp-block-4 vlp-link-image\"><img loading=\"lazy\" decoding=\"async\" style=\"max-width: 792px;\" width=\"792\" height=\"445\" src=\"https:\/\/dicodusport.fr\/blog\/wp-content\/uploads\/2025\/04\/Tour-des-Flandres-2025-Le-deuxieme-triomphe-de-Tadej-Pogacar-1.png\" class=\"attachment-800x445 size-800x445\" alt=\"Tour des Flandres 2025 Le deuxi\u00e8me triomphe de Tadej Pogacar\" srcset=\"https:\/\/dicodusport.fr\/blog\/wp-content\/uploads\/2025\/04\/Tour-des-Flandres-2025-Le-deuxieme-triomphe-de-Tadej-Pogacar-1.png 1200w, https:\/\/dicodusport.fr\/blog\/wp-content\/uploads\/2025\/04\/Tour-des-Flandres-2025-Le-deuxieme-triomphe-de-Tadej-Pogacar-1-300x169.png 300w, https:\/\/dicodusport.fr\/blog\/wp-content\/uploads\/2025\/04\/Tour-des-Flandres-2025-Le-deuxieme-triomphe-de-Tadej-Pogacar-1-1024x575.png 1024w, https:\/\/dicodusport.fr\/blog\/wp-content\/uploads\/2025\/04\/Tour-des-Flandres-2025-Le-deuxieme-triomphe-de-Tadej-Pogacar-1-768x431.png 768w\" sizes=\"auto, (max-width: 792px) 100vw, 792px\" \/><\/div><\/div><div class=\"vlp-layout-zone-main\"><div class=\"vlp-block-0 vlp-link-title\">Tour des Flandres 2025 : Le deuxi\u00e8me triomphe de Tadej Pogacar<\/div><div class=\"vlp-block-1 vlp-link-summary\">TOUR DES FLANDRES 2025 - Tadej Pogacar (UAE Team Emirates XRG) s'est impos\u00e9 ce dimanche sur la 109\u00e8me \u00e9dition. Le Slov\u00e8ne a sign\u00e9 son deuxi\u00e8me succ\u00e8s sur le Ronde apr\u00e8s 2023, et a remport\u00e9 son huiti\u00e8me Monument.<\/div><div class=\"vlp-block-2 vlp-link-button\">Lire l'article<\/div><div class=\"vlp-block-3 vlp-link-url\">dicodusport.fr<\/div><\/div><\/div>\n<h2 style=\"text-align: justify;\">3:59<\/h2>\n<p style=\"text-align: justify;\">En temps, la mont\u00e9e de la deuxi\u00e8me ascension du Vieux-Quaremont, par<strong> Tadej Pogacar, Matteo Jorgenson, Wout Van Aert<\/strong> (et certainement <strong>Mathieu van der Poel<\/strong>). Il s&rsquo;agit de l&rsquo;ascension la plus rapide de ce mont mythique. Onze secondes de mieux que l&rsquo;ancien record. \u00c0 noter que la derni\u00e8re ascension a \u00e9t\u00e9 gravie en 4:05 par <strong>Tadej Pogacar<\/strong>, qui a fait la diff\u00e9rence avec ses adversaires. L\u00e0 aussi mieux que l&rsquo;ancien record, malgr\u00e9 pr\u00e8s de 240 kilom\u00e8tres dans les jambes. Le soleil, le pav\u00e9 sec aide, mais c&rsquo;est une nouvelle preuve des performances incroyables dans le cyclisme moderne.<\/p>\n<h2 style=\"text-align: justify;\">7<\/h2>\n<p style=\"text-align: justify;\">Sur les 20 derni\u00e8res courses qu&rsquo;il a disput\u00e9es, son pire r\u00e9sultat final est une 7e place (ce chiffre ne prend \u00e9videmment pas en compte les r\u00e9sultats d&rsquo;\u00e9tape lors d&rsquo;une course \u00e0 \u00e9tapes). C&rsquo;\u00e9tait l&rsquo;an pass\u00e9 sur <a href=\"https:\/\/dicodusport.fr\/blog\/grand-prix-de-quebec-2024-michael-matthews-simpose-pour-la-troisieme-fois\/\"><strong>le GP Cycliste du Qu\u00e9bec<\/strong><\/a>. Sa course de reprise post-victoire au <a href=\"https:\/\/dicodusport.fr\/blog\/tour-de-france-2024-general-et-six-etapes-succes-total-pour-tadej-pogacar\/\"><strong>Tour de France<\/strong><\/a>. Il y a 13 victoires sur les 20 r\u00e9sultats en question. Absolument stratosph\u00e9rique.<\/p>\n<h2 style=\"text-align: justify;\">8<\/h2>\n<p style=\"text-align: justify;\">Comme le nombre de Monuments remport\u00e9s par le Slov\u00e8ne, qui reprend la main sur <strong>Mathieu van der Poel,<\/strong> parmi les coureurs en activit\u00e9 ayant remport\u00e9 le plus de Monuments. Encore loin des 19 d&rsquo;<strong>Eddy Merckx<\/strong>, mais d\u00e9j\u00e0 dans le Top 7 de tous les temps. \u00c0 seulement 26 ans. C&rsquo;est le deuxi\u00e8me plus jeune coureur \u00e0 atteindre les 8 victoires&#8230; derri\u00e8re <strong>Eddy Merckx<\/strong> bien \u00e9videmment.<\/p>\n<ul style=\"text-align: justify;\">\n<li><strong>\u00c0 ce sujet \u2013\u00a0<a href=\"https:\/\/dicodusport.fr\/blog\/tour-des-flandres-2025-classement-et-resultats\/\">Tour des Flandres 2025 : le classement<\/a><\/strong><\/li>\n<\/ul>\n<h2 style=\"text-align: justify;\">17<\/h2>\n<p style=\"text-align: justify;\">Comme le nombre de kilom\u00e8tres en solitaire effectu\u00e9s par <strong>Tadej Pogacar<\/strong>. Un kilom\u00e8tre dans le Vieux-Quaremont et les 16 restants pour rallier l&rsquo;arriv\u00e9e. C&rsquo;est un kilom\u00e8tre de moins que sur les Strade Bianche. On est encore loin de ses longs raids solitaires en 2024. En m\u00e9forme, le Slov\u00e8ne ?<\/p>\n<h2 style=\"text-align: justify;\">20.000<\/h2>\n<p style=\"text-align: justify;\">La prime de victoire au b\u00e9n\u00e9fice de <strong>Tadej Pogacar<\/strong> par l&rsquo;organisation du Tour des Flandres. Une somme \u00e9videmment modeste, comme souvent avec les primes de victoire en cyclisme. Mais le Slov\u00e8ne peut se consoler, il est le coureur du peloton le mieux pay\u00e9, avec plus de 9 millions d&rsquo;euros annuels.<\/p>\n<h2 style=\"text-align: justify;\">44.981<\/h2>\n<p style=\"text-align: justify;\">En s&rsquo;imposant pour la deuxi\u00e8me fois \u00e0 Audenarde,<strong> Tadej Pogacar<\/strong> a \u00e9tabli la moyenne la plus rapide de l&rsquo;histoire de l&rsquo;\u00e9preuve. Fr\u00f4lant les 45 kilom\u00e8tres par heure (44.981). Malgr\u00e9 le fort vent de face dans le final.<\/p>\n<h2 style=\"text-align: justify;\">\u00c0 lire aussi<\/h2>\n<div class=\"vlp-link-container vlp-layout-article\"><a href=\"https:\/\/dicodusport.fr\/blog\/tour-des-flandres-2025-une-course-de-legende-tadej-pogacar-trop-fort-pour-la-concurrence\/\" class=\"vlp-link\" title=\"Tour des Flandres 2025 : Une course de L\u00e9gende, Tadej Pogacar trop fort pour la concurrence\"><\/a><div class=\"vlp-layout-zone-side\"><div class=\"vlp-block-4 vlp-link-image\"><img loading=\"lazy\" decoding=\"async\" style=\"max-width: 792px;\" width=\"792\" height=\"445\" src=\"https:\/\/dicodusport.fr\/blog\/wp-content\/uploads\/2025\/04\/Tour-des-Flandres-2025-Une-course-de-Legende-Tadej-Pogacar-trop-fort-pour-la-concurrence-1.png\" class=\"attachment-800x445 size-800x445\" alt=\"Tour des Flandres 2025 Une course de L\u00e9gende, Tadej Pogacar trop fort pour la concurrence\" srcset=\"https:\/\/dicodusport.fr\/blog\/wp-content\/uploads\/2025\/04\/Tour-des-Flandres-2025-Une-course-de-Legende-Tadej-Pogacar-trop-fort-pour-la-concurrence-1.png 1200w, https:\/\/dicodusport.fr\/blog\/wp-content\/uploads\/2025\/04\/Tour-des-Flandres-2025-Une-course-de-Legende-Tadej-Pogacar-trop-fort-pour-la-concurrence-1-300x169.png 300w, https:\/\/dicodusport.fr\/blog\/wp-content\/uploads\/2025\/04\/Tour-des-Flandres-2025-Une-course-de-Legende-Tadej-Pogacar-trop-fort-pour-la-concurrence-1-1024x575.png 1024w, https:\/\/dicodusport.fr\/blog\/wp-content\/uploads\/2025\/04\/Tour-des-Flandres-2025-Une-course-de-Legende-Tadej-Pogacar-trop-fort-pour-la-concurrence-1-768x431.png 768w\" sizes=\"auto, (max-width: 792px) 100vw, 792px\" \/><\/div><\/div><div class=\"vlp-layout-zone-main\"><div class=\"vlp-block-0 vlp-link-title\">Tour des Flandres 2025 : Une course de L\u00e9gende, Tadej Pogacar trop fort pour la concurrence<\/div><div class=\"vlp-block-1 vlp-link-summary\">TOUR DES FLANDRES 2025 - Dimanche, le Ronde van Vlaanderen nous a r\u00e9serv\u00e9 un spectacle m\u00e9morable, et Tadej Pogacar a une nouvelle fois \u00e9bloui la plan\u00e8te cyclisme.\u00a0<\/div><div class=\"vlp-block-2 vlp-link-button\">Lire l'article<\/div><div class=\"vlp-block-3 vlp-link-url\">dicodusport.fr<\/div><\/div><\/div>\n","protected":false},"excerpt":{"rendered":"<p>TOUR DES FLANDRES 2025 &#8211; Retour en chiffres, sur la victoire de Tadej Pogacar sur le Ronde. Le Slov\u00e8ne continue \u00e0 battre des records.<\/p>\n","protected":false},"author":83,"featured_media":570646,"comment_status":"open","ping_status":"closed","sticky":false,"template":"","format":"standard","meta":{"_acf_changed":false,"_daextam_enable_autolinks":"1","footnotes":""},"categories":[46994],"tags":[16878,24,11674,4325],"class_list":["post-570635","post","type-post","status-publish","format-standard","has-post-thumbnail","hentry","category-cyclisme-sur-route","tag-breve","tag-sport","tag-tadej-pogacar","tag-tour-des-flandres"],"acf":[],"yoast_head":"<!-- This site is optimized with the Yoast SEO Premium plugin v26.7 (Yoast SEO v26.7) - https:\/\/yoast.com\/wordpress\/plugins\/seo\/ -->\n<title>Tour des Flandres 2025 : La victoire de Tadej Pogacar en chiffres<\/title>\n<meta name=\"description\" content=\"TOUR DES FLANDRES 2025 - Retour en chiffres, sur la victoire de Tadej Pogacar sur le Ronde. Le Slov\u00e8ne continue \u00e0 battre des records.\" \/>\n<meta name=\"robots\" content=\"index, follow, max-snippet:-1, max-image-preview:large, max-video-preview:-1\" \/>\n<link rel=\"canonical\" href=\"https:\/\/dicodusport.fr\/blog\/tour-des-flandres-2025-la-victoire-de-tadej-pogacar-en-chiffres\/\" \/>\n<meta property=\"og:locale\" content=\"fr_FR\" \/>\n<meta property=\"og:type\" content=\"article\" \/>\n<meta property=\"og:title\" content=\"Tour des Flandres 2025 : La victoire de Tadej Pogacar en chiffres\" \/>\n<meta property=\"og:description\" content=\"TOUR DES FLANDRES 2025 - Retour en chiffres, sur la victoire de Tadej Pogacar sur le Ronde. Le Slov\u00e8ne continue \u00e0 battre des records.\" \/>\n<meta property=\"og:url\" content=\"https:\/\/dicodusport.fr\/blog\/tour-des-flandres-2025-la-victoire-de-tadej-pogacar-en-chiffres\/\" \/>\n<meta property=\"og:site_name\" content=\"Dicodusport\" \/>\n<meta property=\"article:publisher\" content=\"https:\/\/www.facebook.com\/dicodusport\" \/>\n<meta property=\"article:published_time\" content=\"2025-04-07T14:15:35+00:00\" \/>\n<meta property=\"og:image\" content=\"https:\/\/dicodusport.fr\/blog\/wp-content\/uploads\/2025\/04\/Tour-des-Flandres-2025-La-victoire-de-Tadej-Pogacar-en-chiffres.png\" \/>\n\t<meta property=\"og:image:width\" content=\"1200\" \/>\n\t<meta property=\"og:image:height\" content=\"674\" \/>\n\t<meta property=\"og:image:type\" content=\"image\/png\" \/>\n<meta name=\"author\" content=\"Etienne Goursaud\" \/>\n<meta name=\"twitter:card\" content=\"summary_large_image\" \/>\n<meta name=\"twitter:title\" content=\"Tour des Flandres 2025 : La victoire de Tadej Pogacar en chiffres\" \/>\n<meta name=\"twitter:creator\" content=\"@dicodusport\" \/>\n<meta name=\"twitter:site\" content=\"@dicodusport\" \/>\n<script type=\"application\/ld+json\" class=\"yoast-schema-graph\">{\"@context\":\"https:\/\/schema.org\",\"@graph\":[{\"@type\":\"NewsArticle\",\"@id\":\"https:\/\/dicodusport.fr\/blog\/tour-des-flandres-2025-la-victoire-de-tadej-pogacar-en-chiffres\/#article\",\"isPartOf\":{\"@id\":\"https:\/\/dicodusport.fr\/blog\/tour-des-flandres-2025-la-victoire-de-tadej-pogacar-en-chiffres\/\"},\"author\":{\"name\":\"Etienne Goursaud\",\"@id\":\"https:\/\/dicodusport.fr\/blog\/#\/schema\/person\/d603dd7da31fb2b46c82b9835a77ec13\"},\"headline\":\"Tour des Flandres 2025 : La victoire de Tadej Pogacar en chiffres\",\"datePublished\":\"2025-04-07T14:15:35+00:00\",\"mainEntityOfPage\":{\"@id\":\"https:\/\/dicodusport.fr\/blog\/tour-des-flandres-2025-la-victoire-de-tadej-pogacar-en-chiffres\/\"},\"wordCount\":742,\"commentCount\":0,\"publisher\":{\"@id\":\"https:\/\/dicodusport.fr\/blog\/#organization\"},\"image\":{\"@id\":\"https:\/\/dicodusport.fr\/blog\/tour-des-flandres-2025-la-victoire-de-tadej-pogacar-en-chiffres\/#primaryimage\"},\"thumbnailUrl\":\"https:\/\/dicodusport.fr\/blog\/wp-content\/uploads\/2025\/04\/Tour-des-Flandres-2025-La-victoire-de-Tadej-Pogacar-en-chiffres.png\",\"keywords\":[\"br\u00e8ve\",\"sport\",\"Tadej Pogacar\",\"Tour des Flandres\"],\"articleSection\":[\"Cyclisme sur route\"],\"inLanguage\":\"fr-FR\",\"potentialAction\":[{\"@type\":\"CommentAction\",\"name\":\"Comment\",\"target\":[\"https:\/\/dicodusport.fr\/blog\/tour-des-flandres-2025-la-victoire-de-tadej-pogacar-en-chiffres\/#respond\"]}],\"copyrightYear\":\"2025\",\"copyrightHolder\":{\"@id\":\"https:\/\/dicodusport.fr\/blog\/#organization\"}},{\"@type\":\"WebPage\",\"@id\":\"https:\/\/dicodusport.fr\/blog\/tour-des-flandres-2025-la-victoire-de-tadej-pogacar-en-chiffres\/\",\"url\":\"https:\/\/dicodusport.fr\/blog\/tour-des-flandres-2025-la-victoire-de-tadej-pogacar-en-chiffres\/\",\"name\":\"Tour des Flandres 2025 : La victoire de Tadej Pogacar en chiffres\",\"isPartOf\":{\"@id\":\"https:\/\/dicodusport.fr\/blog\/#website\"},\"primaryImageOfPage\":{\"@id\":\"https:\/\/dicodusport.fr\/blog\/tour-des-flandres-2025-la-victoire-de-tadej-pogacar-en-chiffres\/#primaryimage\"},\"image\":{\"@id\":\"https:\/\/dicodusport.fr\/blog\/tour-des-flandres-2025-la-victoire-de-tadej-pogacar-en-chiffres\/#primaryimage\"},\"thumbnailUrl\":\"https:\/\/dicodusport.fr\/blog\/wp-content\/uploads\/2025\/04\/Tour-des-Flandres-2025-La-victoire-de-Tadej-Pogacar-en-chiffres.png\",\"datePublished\":\"2025-04-07T14:15:35+00:00\",\"description\":\"TOUR DES FLANDRES 2025 - Retour en chiffres, sur la victoire de Tadej Pogacar sur le Ronde. Le Slov\u00e8ne continue \u00e0 battre des records.\",\"breadcrumb\":{\"@id\":\"https:\/\/dicodusport.fr\/blog\/tour-des-flandres-2025-la-victoire-de-tadej-pogacar-en-chiffres\/#breadcrumb\"},\"inLanguage\":\"fr-FR\",\"potentialAction\":[{\"@type\":\"ReadAction\",\"target\":[\"https:\/\/dicodusport.fr\/blog\/tour-des-flandres-2025-la-victoire-de-tadej-pogacar-en-chiffres\/\"]}]},{\"@type\":\"ImageObject\",\"inLanguage\":\"fr-FR\",\"@id\":\"https:\/\/dicodusport.fr\/blog\/tour-des-flandres-2025-la-victoire-de-tadej-pogacar-en-chiffres\/#primaryimage\",\"url\":\"https:\/\/dicodusport.fr\/blog\/wp-content\/uploads\/2025\/04\/Tour-des-Flandres-2025-La-victoire-de-Tadej-Pogacar-en-chiffres.png\",\"contentUrl\":\"https:\/\/dicodusport.fr\/blog\/wp-content\/uploads\/2025\/04\/Tour-des-Flandres-2025-La-victoire-de-Tadej-Pogacar-en-chiffres.png\",\"width\":1200,\"height\":674,\"caption\":\"Tour des Flandres 2025 : La victoire de Tadej Pogacar en chiffres\"},{\"@type\":\"BreadcrumbList\",\"@id\":\"https:\/\/dicodusport.fr\/blog\/tour-des-flandres-2025-la-victoire-de-tadej-pogacar-en-chiffres\/#breadcrumb\",\"itemListElement\":[{\"@type\":\"ListItem\",\"position\":1,\"name\":\"Accueil\",\"item\":\"https:\/\/dicodusport.fr\/blog\/\"},{\"@type\":\"ListItem\",\"position\":2,\"name\":\"Tour des Flandres 2025 : La victoire de Tadej Pogacar en chiffres\"}]},{\"@type\":\"WebSite\",\"@id\":\"https:\/\/dicodusport.fr\/blog\/#website\",\"url\":\"https:\/\/dicodusport.fr\/blog\/\",\"name\":\"Dicodusport\",\"description\":\"L&#039;encyclop\u00e9die de l&#039;actualit\u00e9 sportive\",\"publisher\":{\"@id\":\"https:\/\/dicodusport.fr\/blog\/#organization\"},\"potentialAction\":[{\"@type\":\"SearchAction\",\"target\":{\"@type\":\"EntryPoint\",\"urlTemplate\":\"https:\/\/dicodusport.fr\/blog\/?s={search_term_string}\"},\"query-input\":{\"@type\":\"PropertyValueSpecification\",\"valueRequired\":true,\"valueName\":\"search_term_string\"}}],\"inLanguage\":\"fr-FR\"},{\"@type\":\"NewsMediaOrganization\",\"@id\":\"https:\/\/dicodusport.fr\/blog\/#organization\",\"name\":\"Dicodusport\",\"url\":\"https:\/\/dicodusport.fr\/blog\/\",\"logo\":{\"@type\":\"ImageObject\",\"inLanguage\":\"fr-FR\",\"@id\":\"https:\/\/dicodusport.fr\/blog\/#\/schema\/logo\/image\/\",\"url\":\"https:\/\/dicodusport.fr\/blog\/wp-content\/uploads\/2020\/06\/cropped-LOGO-DICODUSPORT-2020-SANS-FOND-SANS-TEXTE.png\",\"contentUrl\":\"https:\/\/dicodusport.fr\/blog\/wp-content\/uploads\/2020\/06\/cropped-LOGO-DICODUSPORT-2020-SANS-FOND-SANS-TEXTE.png\",\"width\":512,\"height\":512,\"caption\":\"Dicodusport\"},\"image\":{\"@id\":\"https:\/\/dicodusport.fr\/blog\/#\/schema\/logo\/image\/\"},\"sameAs\":[\"https:\/\/www.facebook.com\/dicodusport\",\"https:\/\/x.com\/dicodusport\",\"https:\/\/www.instagram.com\/dicodusport\/\",\"https:\/\/www.youtube.com\/channel\/UC7V2KZ5sd3htJivAbA4ZG3w\"],\"description\":\"Dicodusport est l'encyclop\u00e9die de l'actualit\u00e9 sportive.\",\"email\":\"bonjour@dicodusport.fr\",\"legalName\":\"DICODUSPORT\",\"foundingDate\":\"2018-01-14\",\"vatID\":\"FR71834470973\",\"taxID\":\"83447097300043\",\"numberOfEmployees\":{\"@type\":\"QuantitativeValue\",\"minValue\":\"1\",\"maxValue\":\"10\"}},{\"@type\":\"Person\",\"@id\":\"https:\/\/dicodusport.fr\/blog\/#\/schema\/person\/d603dd7da31fb2b46c82b9835a77ec13\",\"name\":\"Etienne Goursaud\",\"image\":{\"@type\":\"ImageObject\",\"inLanguage\":\"fr-FR\",\"@id\":\"https:\/\/dicodusport.fr\/blog\/#\/schema\/person\/image\/\",\"url\":\"https:\/\/dicodusport.fr\/blog\/wp-content\/uploads\/2023\/12\/410122264_10231602061736049_5565839791558026645_n-150x150.jpg\",\"contentUrl\":\"https:\/\/dicodusport.fr\/blog\/wp-content\/uploads\/2023\/12\/410122264_10231602061736049_5565839791558026645_n-150x150.jpg\",\"caption\":\"Etienne Goursaud\"},\"description\":\"Journaliste et amoureux de sport. Ancien footballeur reconverti athl\u00e8te quand ses muscles le laissent tranquille. \u00c9lev\u00e9 \u00e0 la sauce des exploits de Thomas Voeckler en 2004, du dernier essai de l\u00e9gende de Eunice Barber \u00e0 la longueur lors des championnats du monde d'athl\u00e9tisme de 2003 mais aussi Zidane, Omeyer et Titou Lamaison.\",\"url\":\"https:\/\/dicodusport.fr\/blog\/author\/etienne-goursaud\/\"}]}<\/script>\n<!-- \/ Yoast SEO Premium plugin. -->","yoast_head_json":{"title":"Tour des Flandres 2025 : La victoire de Tadej Pogacar en chiffres","description":"TOUR DES FLANDRES 2025 - Retour en chiffres, sur la victoire de Tadej Pogacar sur le Ronde. Le Slov\u00e8ne continue \u00e0 battre des records.","robots":{"index":"index","follow":"follow","max-snippet":"max-snippet:-1","max-image-preview":"max-image-preview:large","max-video-preview":"max-video-preview:-1"},"canonical":"https:\/\/dicodusport.fr\/blog\/tour-des-flandres-2025-la-victoire-de-tadej-pogacar-en-chiffres\/","og_locale":"fr_FR","og_type":"article","og_title":"Tour des Flandres 2025 : La victoire de Tadej Pogacar en chiffres","og_description":"TOUR DES FLANDRES 2025 - Retour en chiffres, sur la victoire de Tadej Pogacar sur le Ronde. Le Slov\u00e8ne continue \u00e0 battre des records.","og_url":"https:\/\/dicodusport.fr\/blog\/tour-des-flandres-2025-la-victoire-de-tadej-pogacar-en-chiffres\/","og_site_name":"Dicodusport","article_publisher":"https:\/\/www.facebook.com\/dicodusport","article_published_time":"2025-04-07T14:15:35+00:00","og_image":[{"width":1200,"height":674,"url":"https:\/\/dicodusport.fr\/blog\/wp-content\/uploads\/2025\/04\/Tour-des-Flandres-2025-La-victoire-de-Tadej-Pogacar-en-chiffres.png","type":"image\/png"}],"author":"Etienne Goursaud","twitter_card":"summary_large_image","twitter_title":"Tour des Flandres 2025 : La victoire de Tadej Pogacar en chiffres","twitter_creator":"@dicodusport","twitter_site":"@dicodusport","schema":{"@context":"https:\/\/schema.org","@graph":[{"@type":"NewsArticle","@id":"https:\/\/dicodusport.fr\/blog\/tour-des-flandres-2025-la-victoire-de-tadej-pogacar-en-chiffres\/#article","isPartOf":{"@id":"https:\/\/dicodusport.fr\/blog\/tour-des-flandres-2025-la-victoire-de-tadej-pogacar-en-chiffres\/"},"author":{"name":"Etienne Goursaud","@id":"https:\/\/dicodusport.fr\/blog\/#\/schema\/person\/d603dd7da31fb2b46c82b9835a77ec13"},"headline":"Tour des Flandres 2025 : La victoire de Tadej Pogacar en chiffres","datePublished":"2025-04-07T14:15:35+00:00","mainEntityOfPage":{"@id":"https:\/\/dicodusport.fr\/blog\/tour-des-flandres-2025-la-victoire-de-tadej-pogacar-en-chiffres\/"},"wordCount":742,"commentCount":0,"publisher":{"@id":"https:\/\/dicodusport.fr\/blog\/#organization"},"image":{"@id":"https:\/\/dicodusport.fr\/blog\/tour-des-flandres-2025-la-victoire-de-tadej-pogacar-en-chiffres\/#primaryimage"},"thumbnailUrl":"https:\/\/dicodusport.fr\/blog\/wp-content\/uploads\/2025\/04\/Tour-des-Flandres-2025-La-victoire-de-Tadej-Pogacar-en-chiffres.png","keywords":["br\u00e8ve","sport","Tadej Pogacar","Tour des Flandres"],"articleSection":["Cyclisme sur route"],"inLanguage":"fr-FR","potentialAction":[{"@type":"CommentAction","name":"Comment","target":["https:\/\/dicodusport.fr\/blog\/tour-des-flandres-2025-la-victoire-de-tadej-pogacar-en-chiffres\/#respond"]}],"copyrightYear":"2025","copyrightHolder":{"@id":"https:\/\/dicodusport.fr\/blog\/#organization"}},{"@type":"WebPage","@id":"https:\/\/dicodusport.fr\/blog\/tour-des-flandres-2025-la-victoire-de-tadej-pogacar-en-chiffres\/","url":"https:\/\/dicodusport.fr\/blog\/tour-des-flandres-2025-la-victoire-de-tadej-pogacar-en-chiffres\/","name":"Tour des Flandres 2025 : La victoire de Tadej Pogacar en chiffres","isPartOf":{"@id":"https:\/\/dicodusport.fr\/blog\/#website"},"primaryImageOfPage":{"@id":"https:\/\/dicodusport.fr\/blog\/tour-des-flandres-2025-la-victoire-de-tadej-pogacar-en-chiffres\/#primaryimage"},"image":{"@id":"https:\/\/dicodusport.fr\/blog\/tour-des-flandres-2025-la-victoire-de-tadej-pogacar-en-chiffres\/#primaryimage"},"thumbnailUrl":"https:\/\/dicodusport.fr\/blog\/wp-content\/uploads\/2025\/04\/Tour-des-Flandres-2025-La-victoire-de-Tadej-Pogacar-en-chiffres.png","datePublished":"2025-04-07T14:15:35+00:00","description":"TOUR DES FLANDRES 2025 - Retour en chiffres, sur la victoire de Tadej Pogacar sur le Ronde. Le Slov\u00e8ne continue \u00e0 battre des records.","breadcrumb":{"@id":"https:\/\/dicodusport.fr\/blog\/tour-des-flandres-2025-la-victoire-de-tadej-pogacar-en-chiffres\/#breadcrumb"},"inLanguage":"fr-FR","potentialAction":[{"@type":"ReadAction","target":["https:\/\/dicodusport.fr\/blog\/tour-des-flandres-2025-la-victoire-de-tadej-pogacar-en-chiffres\/"]}]},{"@type":"ImageObject","inLanguage":"fr-FR","@id":"https:\/\/dicodusport.fr\/blog\/tour-des-flandres-2025-la-victoire-de-tadej-pogacar-en-chiffres\/#primaryimage","url":"https:\/\/dicodusport.fr\/blog\/wp-content\/uploads\/2025\/04\/Tour-des-Flandres-2025-La-victoire-de-Tadej-Pogacar-en-chiffres.png","contentUrl":"https:\/\/dicodusport.fr\/blog\/wp-content\/uploads\/2025\/04\/Tour-des-Flandres-2025-La-victoire-de-Tadej-Pogacar-en-chiffres.png","width":1200,"height":674,"caption":"Tour des Flandres 2025 : La victoire de Tadej Pogacar en chiffres"},{"@type":"BreadcrumbList","@id":"https:\/\/dicodusport.fr\/blog\/tour-des-flandres-2025-la-victoire-de-tadej-pogacar-en-chiffres\/#breadcrumb","itemListElement":[{"@type":"ListItem","position":1,"name":"Accueil","item":"https:\/\/dicodusport.fr\/blog\/"},{"@type":"ListItem","position":2,"name":"Tour des Flandres 2025 : La victoire de Tadej Pogacar en chiffres"}]},{"@type":"WebSite","@id":"https:\/\/dicodusport.fr\/blog\/#website","url":"https:\/\/dicodusport.fr\/blog\/","name":"Dicodusport","description":"L&#039;encyclop\u00e9die de l&#039;actualit\u00e9 sportive","publisher":{"@id":"https:\/\/dicodusport.fr\/blog\/#organization"},"potentialAction":[{"@type":"SearchAction","target":{"@type":"EntryPoint","urlTemplate":"https:\/\/dicodusport.fr\/blog\/?s={search_term_string}"},"query-input":{"@type":"PropertyValueSpecification","valueRequired":true,"valueName":"search_term_string"}}],"inLanguage":"fr-FR"},{"@type":"NewsMediaOrganization","@id":"https:\/\/dicodusport.fr\/blog\/#organization","name":"Dicodusport","url":"https:\/\/dicodusport.fr\/blog\/","logo":{"@type":"ImageObject","inLanguage":"fr-FR","@id":"https:\/\/dicodusport.fr\/blog\/#\/schema\/logo\/image\/","url":"https:\/\/dicodusport.fr\/blog\/wp-content\/uploads\/2020\/06\/cropped-LOGO-DICODUSPORT-2020-SANS-FOND-SANS-TEXTE.png","contentUrl":"https:\/\/dicodusport.fr\/blog\/wp-content\/uploads\/2020\/06\/cropped-LOGO-DICODUSPORT-2020-SANS-FOND-SANS-TEXTE.png","width":512,"height":512,"caption":"Dicodusport"},"image":{"@id":"https:\/\/dicodusport.fr\/blog\/#\/schema\/logo\/image\/"},"sameAs":["https:\/\/www.facebook.com\/dicodusport","https:\/\/x.com\/dicodusport","https:\/\/www.instagram.com\/dicodusport\/","https:\/\/www.youtube.com\/channel\/UC7V2KZ5sd3htJivAbA4ZG3w"],"description":"Dicodusport est l'encyclop\u00e9die de l'actualit\u00e9 sportive.","email":"bonjour@dicodusport.fr","legalName":"DICODUSPORT","foundingDate":"2018-01-14","vatID":"FR71834470973","taxID":"83447097300043","numberOfEmployees":{"@type":"QuantitativeValue","minValue":"1","maxValue":"10"}},{"@type":"Person","@id":"https:\/\/dicodusport.fr\/blog\/#\/schema\/person\/d603dd7da31fb2b46c82b9835a77ec13","name":"Etienne Goursaud","image":{"@type":"ImageObject","inLanguage":"fr-FR","@id":"https:\/\/dicodusport.fr\/blog\/#\/schema\/person\/image\/","url":"https:\/\/dicodusport.fr\/blog\/wp-content\/uploads\/2023\/12\/410122264_10231602061736049_5565839791558026645_n-150x150.jpg","contentUrl":"https:\/\/dicodusport.fr\/blog\/wp-content\/uploads\/2023\/12\/410122264_10231602061736049_5565839791558026645_n-150x150.jpg","caption":"Etienne Goursaud"},"description":"Journaliste et amoureux de sport. Ancien footballeur reconverti athl\u00e8te quand ses muscles le laissent tranquille. \u00c9lev\u00e9 \u00e0 la sauce des exploits de Thomas Voeckler en 2004, du dernier essai de l\u00e9gende de Eunice Barber \u00e0 la longueur lors des championnats du monde d'athl\u00e9tisme de 2003 mais aussi Zidane, Omeyer et Titou Lamaison.","url":"https:\/\/dicodusport.fr\/blog\/author\/etienne-goursaud\/"}]}},"_links":{"self":[{"href":"https:\/\/dicodusport.fr\/blog\/wp-json\/wp\/v2\/posts\/570635","targetHints":{"allow":["GET"]}}],"collection":[{"href":"https:\/\/dicodusport.fr\/blog\/wp-json\/wp\/v2\/posts"}],"about":[{"href":"https:\/\/dicodusport.fr\/blog\/wp-json\/wp\/v2\/types\/post"}],"author":[{"embeddable":true,"href":"https:\/\/dicodusport.fr\/blog\/wp-json\/wp\/v2\/users\/83"}],"replies":[{"embeddable":true,"href":"https:\/\/dicodusport.fr\/blog\/wp-json\/wp\/v2\/comments?post=570635"}],"version-history":[{"count":3,"href":"https:\/\/dicodusport.fr\/blog\/wp-json\/wp\/v2\/posts\/570635\/revisions"}],"predecessor-version":[{"id":570660,"href":"https:\/\/dicodusport.fr\/blog\/wp-json\/wp\/v2\/posts\/570635\/revisions\/570660"}],"wp:featuredmedia":[{"embeddable":true,"href":"https:\/\/dicodusport.fr\/blog\/wp-json\/wp\/v2\/media\/570646"}],"wp:attachment":[{"href":"https:\/\/dicodusport.fr\/blog\/wp-json\/wp\/v2\/media?parent=570635"}],"wp:term":[{"taxonomy":"category","embeddable":true,"href":"https:\/\/dicodusport.fr\/blog\/wp-json\/wp\/v2\/categories?post=570635"},{"taxonomy":"post_tag","embeddable":true,"href":"https:\/\/dicodusport.fr\/blog\/wp-json\/wp\/v2\/tags?post=570635"}],"curies":[{"name":"wp","href":"https:\/\/api.w.org\/{rel}","templated":true}]}}