{"id":570963,"date":"2025-04-11T09:00:36","date_gmt":"2025-04-11T07:00:36","guid":{"rendered":"https:\/\/dicodusport.fr\/blog\/?p=570963&#038;preview=true&#038;preview_id=570963"},"modified":"2025-04-12T13:59:40","modified_gmt":"2025-04-12T11:59:40","slug":"championnats-d-europe-de-running-2025-jimmy-gressier-et-etienne-daguinos-pour-rever-grand","status":"publish","type":"post","link":"https:\/\/dicodusport.fr\/blog\/championnats-d-europe-de-running-2025-jimmy-gressier-et-etienne-daguinos-pour-rever-grand\/","title":{"rendered":"Championnats d&rsquo;Europe de Running 2025 : Programme et chances fran\u00e7aises"},"content":{"rendered":"<h4 style=\"text-align: justify;\"><em>CHAMPIONNATS D&rsquo;EUROPE DE RUNNING 2025 &#8211; Pr\u00e9sentation du tout premier rendez-vous europ\u00e9en sur route. Avec des chances fran\u00e7aises. Que ce soit en individuel, mais aussi collectivement. Les championnats d&rsquo;Europe de running se d\u00e9roulent les samedi 12 et dimanche 13 avril, \u00e0 Bruxelles (Belgique).<\/em><\/h4>\n<ul>\n<li><strong>\u00c0 ce sujet &#8211; <a href=\"https:\/\/dicodusport.fr\/blog\/actualites\/athletisme\/\">L&rsquo;actualit\u00e9 de l&rsquo;athl\u00e9tisme<\/a><\/strong><\/li>\n<\/ul>\n<p style=\"text-align: justify;\">Port\u00e9 par l&#8217;emballement de la course sur route, <strong><em>European Athletics<\/em><\/strong> a d\u00e9cid\u00e9 de lancer ses championnats d&rsquo;Europe sur route. Un an et demi apr\u00e8s les mondiaux sur route, qui avaient vu les athl\u00e8tes se battre sur mile, 10 km et semi-marathon. Cette fois-ci, c&rsquo;est 10, semi et marathon qui seront au programme ce week-end, du c\u00f4t\u00e9 de Bruxelles. Les trois courses embl\u00e9matiques sur route vont pouvoir avoir leurs champions d&rsquo;Europe. C&rsquo;est une petite r\u00e9volution, car quand on pense grand championnat, on pense \u00e0 la piste, la salle et \u00e9ventuellement les cross. La route \u00e9tant plut\u00f4t affili\u00e9e \u00e0 un objectif chrono. Un objectif d\u00e9cupl\u00e9 depuis que les chaussures carbones sont arriv\u00e9es sur le circuit et que les records tombent les uns apr\u00e8s les autres.<\/p>\n<h2 style=\"text-align: justify;\">Quelques olympiens avec l&rsquo;\u00e9quipe de France, une vraie chance pour Etienne Daguinos et Jimmy Gressier<\/h2>\n<p style=\"text-align: justify;\">La France arrive \u00e0 Bruxelles avec <a href=\"https:\/\/www.athle.fr\/asp.net\/main.html\/html.aspx?htmlid=6986\">21 athl\u00e8tes engag\u00e9s<\/a>. Dont quelques-uns qui ont particip\u00e9 aux derniers Jeux Olympiques. On pense \u00e0 <strong>Mekdes Woldu<\/strong>, 20e du marathon \u00e0 Paris et engag\u00e9e sur la distance plus courte du 10 km. Mais aussi <strong>M\u00e9lody Julien<\/strong>, qui retrouve le marathon, apr\u00e8s avoir \u00e9t\u00e9 active dans les rues de la capitale pendant pr\u00e8s de 25 km, avant de flancher en fin de course. <strong>Jimmy Gressier,<\/strong> 13e sur 10000 m \u00e0 Paris, sera \u00e9galement engag\u00e9 sur le semi-marathon.<\/p>\n<p style=\"text-align: justify;\">Le Nordiste sera peut-\u00eatre le grand favori de la course. Seul coureur, avec <strong>Carlos Mayo<\/strong>, \u00e0 \u00eatre pass\u00e9 sous l&rsquo;heure, parmi les engag\u00e9s (59:46). Sauf que, depuis, le Fran\u00e7ais a franchi cap sur cap cet hiver. <a href=\"https:\/\/dicodusport.fr\/blog\/athletisme-jimmy-gressier-sempare-du-record-de-france-du-3-000-m-grant-fisher-du-record-du-monde\/\">Des records de France du 3 000 m en salle<\/a> et m\u00eame <a href=\"https:\/\/dicodusport.fr\/blog\/athletisme-jimmy-gressier-sempare-sur-record-deurope-du-5000-metres-en-salle\/\">un record d&rsquo;Europe du 5 000 m en salle<\/a>. Absent des championnats d&rsquo;Europe indoor, il a clairement fait du rendez-vous belge un vrai premier objectif de son ann\u00e9e 2025. En sachant que les Mondiaux sur piste de Tokyo sont encore loin, il peut cr\u00e9er un vrai pic de forme ici, sans alt\u00e9rer ses chances au mois de septembre. Sans doute capable de courir en un petit 59 minutes, l&rsquo;objectif sera avant tout de jouer la gagne, avant de penser au chrono. Mais l&rsquo;un peut venir avec l&rsquo;autre et l&rsquo;app\u00e9tit vient en mangeant. On surveillera <strong>Valentin Gondouin<\/strong> et <strong>Bastien Augusto<\/strong>, qui sont en embuscade. Un collectif clairement arm\u00e9 pour l&rsquo;or par \u00e9quipes.<\/p>\n<p style=\"text-align: justify;\">L&rsquo;autre tricolore \u00e0 surveiller sera <strong>Etienne Daguinos<\/strong>, sur 10 km. <a href=\"https:\/\/dicodusport.fr\/blog\/etienne-daguinos-jai-pris-conscience-que-je-pouvais-me-battre-au-plus-haut-niveau\/\">Il confiait, dans une interview que nous lui avions consacr\u00e9<\/a>, que Bruxelles \u00e9tait le premier objectif majeur de sa saison. Et on le comprend. Car il s&rsquo;agit ni plus ni moins que le 3e performeur europ\u00e9en de tous les temps sur la distance (27:04). Le Suisse <strong>Dominic Lobalu,<\/strong> deuxi\u00e8me de tous les temps (26:54), sera engag\u00e9 et favori de la course devant le Bordelais. Dans la foul\u00e9e de ce que nous montrent les Bleus en cross, la m\u00e9daille d&rsquo;or semble jouable sur le plan collectif, avec des athl\u00e8tes en grande forme, comme <strong>Fabien Palcau<\/strong> et bien s\u00fbr l&rsquo;in\u00e9vitable <strong>Yann Schrub<\/strong>, multiple m\u00e9daill\u00e9 europ\u00e9en.<\/p>\n<div class=\"vlp-link-container vlp-layout-article\"><a href=\"https:\/\/dicodusport.fr\/blog\/athletisme-etienne-daguinos-nouveau-recordman-deurope-du-10-km\/\" class=\"vlp-link\" title=\"Athl\u00e9tisme : \u00c9tienne Daguinos nouveau recordman d&#039;Europe du 10 km\"><\/a><div class=\"vlp-layout-zone-side\"><div class=\"vlp-block-4 vlp-link-image\"><img loading=\"lazy\" decoding=\"async\" style=\"max-width: 792px;\" width=\"792\" height=\"445\" src=\"https:\/\/dicodusport.fr\/blog\/wp-content\/uploads\/2024\/11\/Athletisme-Etienne-Daguinos-nouveau-recordman-dEurope-du-10-km.png\" class=\"attachment-800x445 size-800x445\" alt=\"Athl\u00e9tisme \u00c9tienne Daguinos nouveau recordman d&#039;Europe du 10 km\" srcset=\"https:\/\/dicodusport.fr\/blog\/wp-content\/uploads\/2024\/11\/Athletisme-Etienne-Daguinos-nouveau-recordman-dEurope-du-10-km.png 1200w, https:\/\/dicodusport.fr\/blog\/wp-content\/uploads\/2024\/11\/Athletisme-Etienne-Daguinos-nouveau-recordman-dEurope-du-10-km-300x169.png 300w, https:\/\/dicodusport.fr\/blog\/wp-content\/uploads\/2024\/11\/Athletisme-Etienne-Daguinos-nouveau-recordman-dEurope-du-10-km-1024x575.png 1024w, https:\/\/dicodusport.fr\/blog\/wp-content\/uploads\/2024\/11\/Athletisme-Etienne-Daguinos-nouveau-recordman-dEurope-du-10-km-768x431.png 768w\" sizes=\"auto, (max-width: 792px) 100vw, 792px\" \/><\/div><\/div><div class=\"vlp-layout-zone-main\"><div class=\"vlp-block-0 vlp-link-title\">Athl\u00e9tisme : \u00c9tienne Daguinos nouveau recordman d'Europe du 10 km<\/div><div class=\"vlp-block-1 vlp-link-summary\">\u00c9tienne Daguinos nouveau recordman d'Europe du 10 km<\/div><div class=\"vlp-block-2 vlp-link-button\">Lire l'article<\/div><div class=\"vlp-block-3 vlp-link-url\">dicodusport.fr<\/div><\/div><\/div>\n<h2 style=\"text-align: justify;\">Les diff\u00e9rents collectifs peuvent r\u00eaver<\/h2>\n<p style=\"text-align: justify;\">Sur le 10 km femmes, si le podium semble promis \u00e0 <strong>Nadia Battocletti<\/strong>, <strong>Klara Lukan<\/strong> et <strong>Diane van Es<\/strong>, les Bleues, emmen\u00e9es par<strong> Mekdes Woldu<\/strong>, peuvent faire un tir group\u00e9 et jouer une m\u00e9daille par \u00e9quipe. Mais la 20e du marathon des JO le sait, il lui faudra se rapprocher de son record personnel (31:25). Elle a couru en 31:43 cette saison. <a href=\"https:\/\/dicodusport.fr\/blog\/promclassic-de-nice-record-de-france-du-10-km-pour-sarah-madeleine\/\">Le record de France de <strong>Sarah Madeleine<\/strong> (31:15)<\/a> pourrait \u00eatre battu. La question est de savoir comment la Fran\u00e7aise a r\u00e9cup\u00e9r\u00e9, moins d&rsquo;un mois apr\u00e8s <a href=\"https:\/\/dicodusport.fr\/blog\/athletisme-record-de-france-du-marathon-pour-mekdes-woldu-a-barcelone\/\">son record de France du marathon<\/a>, \u00e9tabli \u00e0 Barcelone (2h23:13). On surveillera \u00e9galement le collectif, pour une m\u00e9daille. Sur semi-marathon, <strong>M\u00e9lanie Allier<\/strong> peut r\u00eaver de s&rsquo;approcher du Top 5, elle qui a battu son record le 16 f\u00e9vrier dernier (1h10:46).<\/p>\n<p style=\"text-align: justify;\">Collectivement, cette \u00e9quipe de France de marathon, m\u00eame si elle a perdu <strong>Nicolas Navarro<\/strong>, bless\u00e9, semble \u00eatre la mieux arm\u00e9e, avec celle d&rsquo;Isra\u00ebl. Une perte de son leader, mais quelques coureurs tr\u00e8s solides en embuscade, m\u00eame si la m\u00e9daille individuelle devrait \u00eatre trop dure \u00e0 aller chercher. On peut citer <strong>Emmanuel Roudolff-Levisse, Benjamin Choquert<\/strong> et<strong> Micha\u00ebl Gras<\/strong> sont de tr\u00e8s s\u00e9rieux coureurs, tous sous les 2h09.<\/p>\n<h2 style=\"text-align: justify;\">Programme des championnats d&rsquo;Europe de running 2025<\/h2>\n<h3 style=\"text-align: justify;\">Samedi 12 avril<\/h3>\n<p style=\"text-align: justify;\"><strong>10h :<\/strong> D\u00e9part du semi-marathon<\/p>\n<h3 style=\"text-align: justify;\">Dimanche 13 avril<\/h3>\n<p style=\"text-align: justify;\"><strong>9h30 :<\/strong> D\u00e9part du 10 km<br \/>\n<strong>10h15 :<\/strong> D\u00e9part du marathon<\/p>\n","protected":false},"excerpt":{"rendered":"<p>CHAMPIONNATS D&rsquo;EUROPE DE RUNNING 2025 &#8211; Pr\u00e9sentation du tout premier rendez-vous europ\u00e9en sur route. Avec des chances fran\u00e7aises.<\/p>\n","protected":false},"author":83,"featured_media":570966,"comment_status":"open","ping_status":"closed","sticky":false,"template":"","format":"standard","meta":{"_acf_changed":false,"_daextam_enable_autolinks":"1","footnotes":""},"categories":[2308],"tags":[143,16878,36766,6856],"class_list":["post-570963","post","type-post","status-publish","format-standard","has-post-thumbnail","hentry","category-athletisme","tag-athletisme","tag-breve","tag-etienne-daguinos","tag-jimmy-gressier"],"acf":[],"yoast_head":"<!-- This site is optimized with the Yoast SEO Premium plugin v26.7 (Yoast SEO v26.7) - https:\/\/yoast.com\/wordpress\/plugins\/seo\/ -->\n<title>Championnats d&#039;Europe de Running 2025 : Programme et chances fran\u00e7aises<\/title>\n<meta name=\"description\" content=\"CHAMPIONNATS D&#039;EUROPE DE RUNNING 2025 - Pr\u00e9sentation du tout premier rendez-vous europ\u00e9en sur route. Avec des chances fran\u00e7aises.\" \/>\n<meta name=\"robots\" content=\"index, follow, max-snippet:-1, max-image-preview:large, max-video-preview:-1\" \/>\n<link rel=\"canonical\" href=\"https:\/\/dicodusport.fr\/blog\/championnats-d-europe-de-running-2025-jimmy-gressier-et-etienne-daguinos-pour-rever-grand\/\" \/>\n<meta property=\"og:locale\" content=\"fr_FR\" \/>\n<meta property=\"og:type\" content=\"article\" \/>\n<meta property=\"og:title\" content=\"Championnats d&#039;Europe de Running 2025 : Programme et chances fran\u00e7aises\" \/>\n<meta property=\"og:description\" content=\"CHAMPIONNATS D&#039;EUROPE DE RUNNING 2025 - Pr\u00e9sentation du tout premier rendez-vous europ\u00e9en sur route. Avec des chances fran\u00e7aises.\" \/>\n<meta property=\"og:url\" content=\"https:\/\/dicodusport.fr\/blog\/championnats-d-europe-de-running-2025-jimmy-gressier-et-etienne-daguinos-pour-rever-grand\/\" \/>\n<meta property=\"og:site_name\" content=\"Dicodusport\" \/>\n<meta property=\"article:publisher\" content=\"https:\/\/www.facebook.com\/dicodusport\" \/>\n<meta property=\"article:published_time\" content=\"2025-04-11T07:00:36+00:00\" \/>\n<meta property=\"article:modified_time\" content=\"2025-04-12T11:59:40+00:00\" \/>\n<meta property=\"og:image\" content=\"https:\/\/dicodusport.fr\/blog\/wp-content\/uploads\/2025\/04\/Championnats-dEurope-de-Running-2025-Jimmy-Gressier-et-Etienne-Daguinos-pour-rever-grand.png\" \/>\n\t<meta property=\"og:image:width\" content=\"1200\" \/>\n\t<meta property=\"og:image:height\" content=\"674\" \/>\n\t<meta property=\"og:image:type\" content=\"image\/png\" \/>\n<meta name=\"author\" content=\"Etienne Goursaud\" \/>\n<meta name=\"twitter:card\" content=\"summary_large_image\" \/>\n<meta name=\"twitter:title\" content=\"Championnats d&#039;Europe de Running 2025 : Programme et chances fran\u00e7aises\" \/>\n<meta name=\"twitter:creator\" content=\"@dicodusport\" \/>\n<meta name=\"twitter:site\" content=\"@dicodusport\" \/>\n<script type=\"application\/ld+json\" class=\"yoast-schema-graph\">{\"@context\":\"https:\/\/schema.org\",\"@graph\":[{\"@type\":\"NewsArticle\",\"@id\":\"https:\/\/dicodusport.fr\/blog\/championnats-d-europe-de-running-2025-jimmy-gressier-et-etienne-daguinos-pour-rever-grand\/#article\",\"isPartOf\":{\"@id\":\"https:\/\/dicodusport.fr\/blog\/championnats-d-europe-de-running-2025-jimmy-gressier-et-etienne-daguinos-pour-rever-grand\/\"},\"author\":{\"name\":\"Etienne Goursaud\",\"@id\":\"https:\/\/dicodusport.fr\/blog\/#\/schema\/person\/d603dd7da31fb2b46c82b9835a77ec13\"},\"headline\":\"Championnats d&rsquo;Europe de Running 2025 : Programme et chances fran\u00e7aises\",\"datePublished\":\"2025-04-11T07:00:36+00:00\",\"dateModified\":\"2025-04-12T11:59:40+00:00\",\"mainEntityOfPage\":{\"@id\":\"https:\/\/dicodusport.fr\/blog\/championnats-d-europe-de-running-2025-jimmy-gressier-et-etienne-daguinos-pour-rever-grand\/\"},\"wordCount\":891,\"commentCount\":0,\"publisher\":{\"@id\":\"https:\/\/dicodusport.fr\/blog\/#organization\"},\"image\":{\"@id\":\"https:\/\/dicodusport.fr\/blog\/championnats-d-europe-de-running-2025-jimmy-gressier-et-etienne-daguinos-pour-rever-grand\/#primaryimage\"},\"thumbnailUrl\":\"https:\/\/dicodusport.fr\/blog\/wp-content\/uploads\/2025\/04\/Championnats-dEurope-de-Running-2025-Jimmy-Gressier-et-Etienne-Daguinos-pour-rever-grand.png\",\"keywords\":[\"Athl\u00e9tisme\",\"br\u00e8ve\",\"Etienne Daguinos\",\"Jimmy Gressier\"],\"articleSection\":[\"Athl\u00e9tisme\"],\"inLanguage\":\"fr-FR\",\"potentialAction\":[{\"@type\":\"CommentAction\",\"name\":\"Comment\",\"target\":[\"https:\/\/dicodusport.fr\/blog\/championnats-d-europe-de-running-2025-jimmy-gressier-et-etienne-daguinos-pour-rever-grand\/#respond\"]}],\"copyrightYear\":\"2025\",\"copyrightHolder\":{\"@id\":\"https:\/\/dicodusport.fr\/blog\/#organization\"}},{\"@type\":\"WebPage\",\"@id\":\"https:\/\/dicodusport.fr\/blog\/championnats-d-europe-de-running-2025-jimmy-gressier-et-etienne-daguinos-pour-rever-grand\/\",\"url\":\"https:\/\/dicodusport.fr\/blog\/championnats-d-europe-de-running-2025-jimmy-gressier-et-etienne-daguinos-pour-rever-grand\/\",\"name\":\"Championnats d'Europe de Running 2025 : Programme et chances fran\u00e7aises\",\"isPartOf\":{\"@id\":\"https:\/\/dicodusport.fr\/blog\/#website\"},\"primaryImageOfPage\":{\"@id\":\"https:\/\/dicodusport.fr\/blog\/championnats-d-europe-de-running-2025-jimmy-gressier-et-etienne-daguinos-pour-rever-grand\/#primaryimage\"},\"image\":{\"@id\":\"https:\/\/dicodusport.fr\/blog\/championnats-d-europe-de-running-2025-jimmy-gressier-et-etienne-daguinos-pour-rever-grand\/#primaryimage\"},\"thumbnailUrl\":\"https:\/\/dicodusport.fr\/blog\/wp-content\/uploads\/2025\/04\/Championnats-dEurope-de-Running-2025-Jimmy-Gressier-et-Etienne-Daguinos-pour-rever-grand.png\",\"datePublished\":\"2025-04-11T07:00:36+00:00\",\"dateModified\":\"2025-04-12T11:59:40+00:00\",\"description\":\"CHAMPIONNATS D'EUROPE DE RUNNING 2025 - Pr\u00e9sentation du tout premier rendez-vous europ\u00e9en sur route. Avec des chances fran\u00e7aises.\",\"breadcrumb\":{\"@id\":\"https:\/\/dicodusport.fr\/blog\/championnats-d-europe-de-running-2025-jimmy-gressier-et-etienne-daguinos-pour-rever-grand\/#breadcrumb\"},\"inLanguage\":\"fr-FR\",\"potentialAction\":[{\"@type\":\"ReadAction\",\"target\":[\"https:\/\/dicodusport.fr\/blog\/championnats-d-europe-de-running-2025-jimmy-gressier-et-etienne-daguinos-pour-rever-grand\/\"]}]},{\"@type\":\"ImageObject\",\"inLanguage\":\"fr-FR\",\"@id\":\"https:\/\/dicodusport.fr\/blog\/championnats-d-europe-de-running-2025-jimmy-gressier-et-etienne-daguinos-pour-rever-grand\/#primaryimage\",\"url\":\"https:\/\/dicodusport.fr\/blog\/wp-content\/uploads\/2025\/04\/Championnats-dEurope-de-Running-2025-Jimmy-Gressier-et-Etienne-Daguinos-pour-rever-grand.png\",\"contentUrl\":\"https:\/\/dicodusport.fr\/blog\/wp-content\/uploads\/2025\/04\/Championnats-dEurope-de-Running-2025-Jimmy-Gressier-et-Etienne-Daguinos-pour-rever-grand.png\",\"width\":1200,\"height\":674,\"caption\":\"Championnats d'Europe de Running 2025 - Jimmy Gressier et Etienne Daguinos pour r\u00eaver grand\"},{\"@type\":\"BreadcrumbList\",\"@id\":\"https:\/\/dicodusport.fr\/blog\/championnats-d-europe-de-running-2025-jimmy-gressier-et-etienne-daguinos-pour-rever-grand\/#breadcrumb\",\"itemListElement\":[{\"@type\":\"ListItem\",\"position\":1,\"name\":\"Accueil\",\"item\":\"https:\/\/dicodusport.fr\/blog\/\"},{\"@type\":\"ListItem\",\"position\":2,\"name\":\"Championnats d&rsquo;Europe de Running 2025 : Programme et chances fran\u00e7aises\"}]},{\"@type\":\"WebSite\",\"@id\":\"https:\/\/dicodusport.fr\/blog\/#website\",\"url\":\"https:\/\/dicodusport.fr\/blog\/\",\"name\":\"Dicodusport\",\"description\":\"L&#039;encyclop\u00e9die de l&#039;actualit\u00e9 sportive\",\"publisher\":{\"@id\":\"https:\/\/dicodusport.fr\/blog\/#organization\"},\"potentialAction\":[{\"@type\":\"SearchAction\",\"target\":{\"@type\":\"EntryPoint\",\"urlTemplate\":\"https:\/\/dicodusport.fr\/blog\/?s={search_term_string}\"},\"query-input\":{\"@type\":\"PropertyValueSpecification\",\"valueRequired\":true,\"valueName\":\"search_term_string\"}}],\"inLanguage\":\"fr-FR\"},{\"@type\":\"NewsMediaOrganization\",\"@id\":\"https:\/\/dicodusport.fr\/blog\/#organization\",\"name\":\"Dicodusport\",\"url\":\"https:\/\/dicodusport.fr\/blog\/\",\"logo\":{\"@type\":\"ImageObject\",\"inLanguage\":\"fr-FR\",\"@id\":\"https:\/\/dicodusport.fr\/blog\/#\/schema\/logo\/image\/\",\"url\":\"https:\/\/dicodusport.fr\/blog\/wp-content\/uploads\/2020\/06\/cropped-LOGO-DICODUSPORT-2020-SANS-FOND-SANS-TEXTE.png\",\"contentUrl\":\"https:\/\/dicodusport.fr\/blog\/wp-content\/uploads\/2020\/06\/cropped-LOGO-DICODUSPORT-2020-SANS-FOND-SANS-TEXTE.png\",\"width\":512,\"height\":512,\"caption\":\"Dicodusport\"},\"image\":{\"@id\":\"https:\/\/dicodusport.fr\/blog\/#\/schema\/logo\/image\/\"},\"sameAs\":[\"https:\/\/www.facebook.com\/dicodusport\",\"https:\/\/x.com\/dicodusport\",\"https:\/\/www.instagram.com\/dicodusport\/\",\"https:\/\/www.youtube.com\/channel\/UC7V2KZ5sd3htJivAbA4ZG3w\"],\"description\":\"Dicodusport est l'encyclop\u00e9die de l'actualit\u00e9 sportive.\",\"email\":\"bonjour@dicodusport.fr\",\"legalName\":\"DICODUSPORT\",\"foundingDate\":\"2018-01-14\",\"vatID\":\"FR71834470973\",\"taxID\":\"83447097300043\",\"numberOfEmployees\":{\"@type\":\"QuantitativeValue\",\"minValue\":\"1\",\"maxValue\":\"10\"}},{\"@type\":\"Person\",\"@id\":\"https:\/\/dicodusport.fr\/blog\/#\/schema\/person\/d603dd7da31fb2b46c82b9835a77ec13\",\"name\":\"Etienne Goursaud\",\"image\":{\"@type\":\"ImageObject\",\"inLanguage\":\"fr-FR\",\"@id\":\"https:\/\/dicodusport.fr\/blog\/#\/schema\/person\/image\/\",\"url\":\"https:\/\/dicodusport.fr\/blog\/wp-content\/uploads\/2023\/12\/410122264_10231602061736049_5565839791558026645_n-150x150.jpg\",\"contentUrl\":\"https:\/\/dicodusport.fr\/blog\/wp-content\/uploads\/2023\/12\/410122264_10231602061736049_5565839791558026645_n-150x150.jpg\",\"caption\":\"Etienne Goursaud\"},\"description\":\"Journaliste et amoureux de sport. Ancien footballeur reconverti athl\u00e8te quand ses muscles le laissent tranquille. \u00c9lev\u00e9 \u00e0 la sauce des exploits de Thomas Voeckler en 2004, du dernier essai de l\u00e9gende de Eunice Barber \u00e0 la longueur lors des championnats du monde d'athl\u00e9tisme de 2003 mais aussi Zidane, Omeyer et Titou Lamaison.\",\"url\":\"https:\/\/dicodusport.fr\/blog\/author\/etienne-goursaud\/\"}]}<\/script>\n<!-- \/ Yoast SEO Premium plugin. -->","yoast_head_json":{"title":"Championnats d'Europe de Running 2025 : Programme et chances fran\u00e7aises","description":"CHAMPIONNATS D'EUROPE DE RUNNING 2025 - Pr\u00e9sentation du tout premier rendez-vous europ\u00e9en sur route. Avec des chances fran\u00e7aises.","robots":{"index":"index","follow":"follow","max-snippet":"max-snippet:-1","max-image-preview":"max-image-preview:large","max-video-preview":"max-video-preview:-1"},"canonical":"https:\/\/dicodusport.fr\/blog\/championnats-d-europe-de-running-2025-jimmy-gressier-et-etienne-daguinos-pour-rever-grand\/","og_locale":"fr_FR","og_type":"article","og_title":"Championnats d'Europe de Running 2025 : Programme et chances fran\u00e7aises","og_description":"CHAMPIONNATS D'EUROPE DE RUNNING 2025 - Pr\u00e9sentation du tout premier rendez-vous europ\u00e9en sur route. Avec des chances fran\u00e7aises.","og_url":"https:\/\/dicodusport.fr\/blog\/championnats-d-europe-de-running-2025-jimmy-gressier-et-etienne-daguinos-pour-rever-grand\/","og_site_name":"Dicodusport","article_publisher":"https:\/\/www.facebook.com\/dicodusport","article_published_time":"2025-04-11T07:00:36+00:00","article_modified_time":"2025-04-12T11:59:40+00:00","og_image":[{"width":1200,"height":674,"url":"https:\/\/dicodusport.fr\/blog\/wp-content\/uploads\/2025\/04\/Championnats-dEurope-de-Running-2025-Jimmy-Gressier-et-Etienne-Daguinos-pour-rever-grand.png","type":"image\/png"}],"author":"Etienne Goursaud","twitter_card":"summary_large_image","twitter_title":"Championnats d'Europe de Running 2025 : Programme et chances fran\u00e7aises","twitter_creator":"@dicodusport","twitter_site":"@dicodusport","schema":{"@context":"https:\/\/schema.org","@graph":[{"@type":"NewsArticle","@id":"https:\/\/dicodusport.fr\/blog\/championnats-d-europe-de-running-2025-jimmy-gressier-et-etienne-daguinos-pour-rever-grand\/#article","isPartOf":{"@id":"https:\/\/dicodusport.fr\/blog\/championnats-d-europe-de-running-2025-jimmy-gressier-et-etienne-daguinos-pour-rever-grand\/"},"author":{"name":"Etienne Goursaud","@id":"https:\/\/dicodusport.fr\/blog\/#\/schema\/person\/d603dd7da31fb2b46c82b9835a77ec13"},"headline":"Championnats d&rsquo;Europe de Running 2025 : Programme et chances fran\u00e7aises","datePublished":"2025-04-11T07:00:36+00:00","dateModified":"2025-04-12T11:59:40+00:00","mainEntityOfPage":{"@id":"https:\/\/dicodusport.fr\/blog\/championnats-d-europe-de-running-2025-jimmy-gressier-et-etienne-daguinos-pour-rever-grand\/"},"wordCount":891,"commentCount":0,"publisher":{"@id":"https:\/\/dicodusport.fr\/blog\/#organization"},"image":{"@id":"https:\/\/dicodusport.fr\/blog\/championnats-d-europe-de-running-2025-jimmy-gressier-et-etienne-daguinos-pour-rever-grand\/#primaryimage"},"thumbnailUrl":"https:\/\/dicodusport.fr\/blog\/wp-content\/uploads\/2025\/04\/Championnats-dEurope-de-Running-2025-Jimmy-Gressier-et-Etienne-Daguinos-pour-rever-grand.png","keywords":["Athl\u00e9tisme","br\u00e8ve","Etienne Daguinos","Jimmy Gressier"],"articleSection":["Athl\u00e9tisme"],"inLanguage":"fr-FR","potentialAction":[{"@type":"CommentAction","name":"Comment","target":["https:\/\/dicodusport.fr\/blog\/championnats-d-europe-de-running-2025-jimmy-gressier-et-etienne-daguinos-pour-rever-grand\/#respond"]}],"copyrightYear":"2025","copyrightHolder":{"@id":"https:\/\/dicodusport.fr\/blog\/#organization"}},{"@type":"WebPage","@id":"https:\/\/dicodusport.fr\/blog\/championnats-d-europe-de-running-2025-jimmy-gressier-et-etienne-daguinos-pour-rever-grand\/","url":"https:\/\/dicodusport.fr\/blog\/championnats-d-europe-de-running-2025-jimmy-gressier-et-etienne-daguinos-pour-rever-grand\/","name":"Championnats d'Europe de Running 2025 : Programme et chances fran\u00e7aises","isPartOf":{"@id":"https:\/\/dicodusport.fr\/blog\/#website"},"primaryImageOfPage":{"@id":"https:\/\/dicodusport.fr\/blog\/championnats-d-europe-de-running-2025-jimmy-gressier-et-etienne-daguinos-pour-rever-grand\/#primaryimage"},"image":{"@id":"https:\/\/dicodusport.fr\/blog\/championnats-d-europe-de-running-2025-jimmy-gressier-et-etienne-daguinos-pour-rever-grand\/#primaryimage"},"thumbnailUrl":"https:\/\/dicodusport.fr\/blog\/wp-content\/uploads\/2025\/04\/Championnats-dEurope-de-Running-2025-Jimmy-Gressier-et-Etienne-Daguinos-pour-rever-grand.png","datePublished":"2025-04-11T07:00:36+00:00","dateModified":"2025-04-12T11:59:40+00:00","description":"CHAMPIONNATS D'EUROPE DE RUNNING 2025 - Pr\u00e9sentation du tout premier rendez-vous europ\u00e9en sur route. Avec des chances fran\u00e7aises.","breadcrumb":{"@id":"https:\/\/dicodusport.fr\/blog\/championnats-d-europe-de-running-2025-jimmy-gressier-et-etienne-daguinos-pour-rever-grand\/#breadcrumb"},"inLanguage":"fr-FR","potentialAction":[{"@type":"ReadAction","target":["https:\/\/dicodusport.fr\/blog\/championnats-d-europe-de-running-2025-jimmy-gressier-et-etienne-daguinos-pour-rever-grand\/"]}]},{"@type":"ImageObject","inLanguage":"fr-FR","@id":"https:\/\/dicodusport.fr\/blog\/championnats-d-europe-de-running-2025-jimmy-gressier-et-etienne-daguinos-pour-rever-grand\/#primaryimage","url":"https:\/\/dicodusport.fr\/blog\/wp-content\/uploads\/2025\/04\/Championnats-dEurope-de-Running-2025-Jimmy-Gressier-et-Etienne-Daguinos-pour-rever-grand.png","contentUrl":"https:\/\/dicodusport.fr\/blog\/wp-content\/uploads\/2025\/04\/Championnats-dEurope-de-Running-2025-Jimmy-Gressier-et-Etienne-Daguinos-pour-rever-grand.png","width":1200,"height":674,"caption":"Championnats d'Europe de Running 2025 - Jimmy Gressier et Etienne Daguinos pour r\u00eaver grand"},{"@type":"BreadcrumbList","@id":"https:\/\/dicodusport.fr\/blog\/championnats-d-europe-de-running-2025-jimmy-gressier-et-etienne-daguinos-pour-rever-grand\/#breadcrumb","itemListElement":[{"@type":"ListItem","position":1,"name":"Accueil","item":"https:\/\/dicodusport.fr\/blog\/"},{"@type":"ListItem","position":2,"name":"Championnats d&rsquo;Europe de Running 2025 : Programme et chances fran\u00e7aises"}]},{"@type":"WebSite","@id":"https:\/\/dicodusport.fr\/blog\/#website","url":"https:\/\/dicodusport.fr\/blog\/","name":"Dicodusport","description":"L&#039;encyclop\u00e9die de l&#039;actualit\u00e9 sportive","publisher":{"@id":"https:\/\/dicodusport.fr\/blog\/#organization"},"potentialAction":[{"@type":"SearchAction","target":{"@type":"EntryPoint","urlTemplate":"https:\/\/dicodusport.fr\/blog\/?s={search_term_string}"},"query-input":{"@type":"PropertyValueSpecification","valueRequired":true,"valueName":"search_term_string"}}],"inLanguage":"fr-FR"},{"@type":"NewsMediaOrganization","@id":"https:\/\/dicodusport.fr\/blog\/#organization","name":"Dicodusport","url":"https:\/\/dicodusport.fr\/blog\/","logo":{"@type":"ImageObject","inLanguage":"fr-FR","@id":"https:\/\/dicodusport.fr\/blog\/#\/schema\/logo\/image\/","url":"https:\/\/dicodusport.fr\/blog\/wp-content\/uploads\/2020\/06\/cropped-LOGO-DICODUSPORT-2020-SANS-FOND-SANS-TEXTE.png","contentUrl":"https:\/\/dicodusport.fr\/blog\/wp-content\/uploads\/2020\/06\/cropped-LOGO-DICODUSPORT-2020-SANS-FOND-SANS-TEXTE.png","width":512,"height":512,"caption":"Dicodusport"},"image":{"@id":"https:\/\/dicodusport.fr\/blog\/#\/schema\/logo\/image\/"},"sameAs":["https:\/\/www.facebook.com\/dicodusport","https:\/\/x.com\/dicodusport","https:\/\/www.instagram.com\/dicodusport\/","https:\/\/www.youtube.com\/channel\/UC7V2KZ5sd3htJivAbA4ZG3w"],"description":"Dicodusport est l'encyclop\u00e9die de l'actualit\u00e9 sportive.","email":"bonjour@dicodusport.fr","legalName":"DICODUSPORT","foundingDate":"2018-01-14","vatID":"FR71834470973","taxID":"83447097300043","numberOfEmployees":{"@type":"QuantitativeValue","minValue":"1","maxValue":"10"}},{"@type":"Person","@id":"https:\/\/dicodusport.fr\/blog\/#\/schema\/person\/d603dd7da31fb2b46c82b9835a77ec13","name":"Etienne Goursaud","image":{"@type":"ImageObject","inLanguage":"fr-FR","@id":"https:\/\/dicodusport.fr\/blog\/#\/schema\/person\/image\/","url":"https:\/\/dicodusport.fr\/blog\/wp-content\/uploads\/2023\/12\/410122264_10231602061736049_5565839791558026645_n-150x150.jpg","contentUrl":"https:\/\/dicodusport.fr\/blog\/wp-content\/uploads\/2023\/12\/410122264_10231602061736049_5565839791558026645_n-150x150.jpg","caption":"Etienne Goursaud"},"description":"Journaliste et amoureux de sport. Ancien footballeur reconverti athl\u00e8te quand ses muscles le laissent tranquille. \u00c9lev\u00e9 \u00e0 la sauce des exploits de Thomas Voeckler en 2004, du dernier essai de l\u00e9gende de Eunice Barber \u00e0 la longueur lors des championnats du monde d'athl\u00e9tisme de 2003 mais aussi Zidane, Omeyer et Titou Lamaison.","url":"https:\/\/dicodusport.fr\/blog\/author\/etienne-goursaud\/"}]}},"_links":{"self":[{"href":"https:\/\/dicodusport.fr\/blog\/wp-json\/wp\/v2\/posts\/570963","targetHints":{"allow":["GET"]}}],"collection":[{"href":"https:\/\/dicodusport.fr\/blog\/wp-json\/wp\/v2\/posts"}],"about":[{"href":"https:\/\/dicodusport.fr\/blog\/wp-json\/wp\/v2\/types\/post"}],"author":[{"embeddable":true,"href":"https:\/\/dicodusport.fr\/blog\/wp-json\/wp\/v2\/users\/83"}],"replies":[{"embeddable":true,"href":"https:\/\/dicodusport.fr\/blog\/wp-json\/wp\/v2\/comments?post=570963"}],"version-history":[{"count":6,"href":"https:\/\/dicodusport.fr\/blog\/wp-json\/wp\/v2\/posts\/570963\/revisions"}],"predecessor-version":[{"id":571809,"href":"https:\/\/dicodusport.fr\/blog\/wp-json\/wp\/v2\/posts\/570963\/revisions\/571809"}],"wp:featuredmedia":[{"embeddable":true,"href":"https:\/\/dicodusport.fr\/blog\/wp-json\/wp\/v2\/media\/570966"}],"wp:attachment":[{"href":"https:\/\/dicodusport.fr\/blog\/wp-json\/wp\/v2\/media?parent=570963"}],"wp:term":[{"taxonomy":"category","embeddable":true,"href":"https:\/\/dicodusport.fr\/blog\/wp-json\/wp\/v2\/categories?post=570963"},{"taxonomy":"post_tag","embeddable":true,"href":"https:\/\/dicodusport.fr\/blog\/wp-json\/wp\/v2\/tags?post=570963"}],"curies":[{"name":"wp","href":"https:\/\/api.w.org\/{rel}","templated":true}]}}