{"id":571014,"date":"2025-04-09T16:15:25","date_gmt":"2025-04-09T14:15:25","guid":{"rendered":"https:\/\/dicodusport.fr\/blog\/?p=571014&#038;preview=true&#038;preview_id=571014"},"modified":"2025-04-09T16:37:01","modified_gmt":"2025-04-09T14:37:01","slug":"transferts-raffaele-costa-storti-va-quitter-le-stade-francais-pour-signer-en-pro-d2","status":"publish","type":"post","link":"https:\/\/dicodusport.fr\/blog\/transferts-raffaele-costa-storti-va-quitter-le-stade-francais-pour-signer-en-pro-d2\/","title":{"rendered":"Transferts : Raffaele Costa Storti va quitter le Stade Fran\u00e7ais pour signer en Pro D2"},"content":{"rendered":"<h4 style=\"text-align: justify;\"><em>TOP 14 2025<\/em><em>-2025 &#8211; Selon le <a href=\"https:\/\/www.ledauphine.com\/sport\/2025\/04\/09\/fcg-un-accord-trouve-pour-l-international-portugais-du-stade-francais-raffaele-costa-storti\" target=\"_blank\" rel=\"noopener\">Dauphin\u00e9 Lib\u00e9r\u00e9<\/a>, le trois-quarts portugais Raffaele Costa Storti va quitter le Stade Fran\u00e7ais en fin de saison pour rejoindre Grenoble.\u00a0<\/em><\/h4>\n<p style=\"text-align: justify;\">Actuellement douzi\u00e8me de <strong>Top<\/strong> <strong>14<\/strong>, le <strong>Stade<\/strong> <strong>Fran\u00e7ais<\/strong> est encore loin d&rsquo;avoir assur\u00e9 son maintien pour la saison prochaine. Si <strong>Paul<\/strong> <strong>Gustard<\/strong> sera toujours le manager, les <strong>Parisiens<\/strong> ont d\u00e9but\u00e9 timidement leur mercato avec seulement un renfort. Le demi de m\u00eal\u00e9e <strong>Tawera Kerr-Barlow<\/strong> (La Rochelle)\u00a0s&rsquo;est engag\u00e9 pour les deux prochaines saisons.<\/p>\n<ul style=\"text-align: justify;\">\n<li style=\"text-align: justify;\"><strong>\u00c0 ce sujet &#8211; <a href=\"https:\/\/dicodusport.fr\/blog\/transferts-rugby-union-bordeaux-begles-valentin-delpy-stade-francais-les-infos-transferts-du-mardi-8-avril\/\" target=\"_blank\" rel=\"noopener\">Transferts Rugby : Union Bordeaux-B\u00e8gles, Valentin Delpy, Stade Fran\u00e7ais, les infos transferts du mardi 8 avril<\/a><\/strong><\/li>\n<\/ul>\n<h2 style=\"text-align: justify;\">Raffaele Costa Storti signe \u00e0 Grenoble<\/h2>\n<p style=\"text-align: justify;\">Attendu en grandes pompes pour cette saison 2024-2025 apr\u00e8s un passage tr\u00e8s r\u00e9ussi \u00e0 <strong>B\u00e9ziers<\/strong>, <strong>Raffaele Costa Storti<\/strong> n&rsquo;a pas r\u00e9ussi \u00e0 se faire une place au <a href=\"https:\/\/dicodusport.fr\/blog\/transferts-stade-francais-2025-arrivees-departs-et-prolongations\/\"><strong>Stade Fran\u00e7ais<\/strong><\/a>. L&rsquo;ailier de 24 ans n&rsquo;a jou\u00e9 que trois matchs avec son club pour un essai inscrit. S&rsquo;il a encha\u00een\u00e9 les feuilles de match avec le Portugal, il \u00e9tait en qu\u00eate d&rsquo;un nouveau challenge pour se relancer.<\/p>\n<p style=\"text-align: justify;\">Proche du <a href=\"https:\/\/dicodusport.fr\/blog\/transferts-castres-olympique-2025-arrivees-departs-et-prolongations\/\"><strong>Castres<\/strong> <strong>Olympique<\/strong><\/a> il y a quelques semaines, <strong>Raffaele<\/strong> <strong>Costa<\/strong> <strong>Storti<\/strong> \u00e9tait finalement rest\u00e9 au Stade Fran\u00e7ais. Le <strong>FC Grenoble<\/strong> s&rsquo;est ensuite positionn\u00e9 pour r\u00e9cup\u00e9rer et un accord vient d&rsquo;\u00eatre trouv\u00e9 avec le <strong>Stade<\/strong> <strong>Fran\u00e7ais<\/strong> pour le lib\u00e9rer de son engagement. L&rsquo;ailier portugais va donc rejoindre l&rsquo;Is\u00e8re cet \u00e9t\u00e9, mais ne sait pas encore dans quel championnat il \u00e9voluera. <strong>Grenoble<\/strong> est le grand favori pour l&rsquo;accession en Top 14, mais le d\u00e9nouement de la Pro D2 aura lieu dans quelques semaines.<\/p>\n<h2 style=\"text-align: justify;\">\u00c0 ce sujet<\/h2>\n<div class=\"vlp-link-container vlp-layout-article\"><a href=\"https:\/\/dicodusport.fr\/blog\/transferts-rugby-mathis-ferte-biarritz-dan-biggar-les-infos-transferts-du-lundi-7-avril\/\" class=\"vlp-link\" title=\"Transferts Rugby : Mathis Fert\u00e9, Biarritz, Dan Biggar, les infos transferts du lundi 7 avril\"><\/a><div class=\"vlp-layout-zone-side\"><div class=\"vlp-block-4 vlp-link-image\"><img loading=\"lazy\" decoding=\"async\" style=\"max-width: 792px;\" width=\"792\" height=\"445\" src=\"https:\/\/dicodusport.fr\/blog\/wp-content\/uploads\/2024\/12\/Transferts-Brive-a-tranche-pour-lavenir-de-Mathis-Ferte.png\" class=\"attachment-800x445 size-800x445\" alt=\"Transferts Rugby : Mathis Fert\u00e9, Biarritz, Dan Biggar, les infos transferts du lundi 7 avril\" srcset=\"https:\/\/dicodusport.fr\/blog\/wp-content\/uploads\/2024\/12\/Transferts-Brive-a-tranche-pour-lavenir-de-Mathis-Ferte.png 1200w, https:\/\/dicodusport.fr\/blog\/wp-content\/uploads\/2024\/12\/Transferts-Brive-a-tranche-pour-lavenir-de-Mathis-Ferte-300x169.png 300w, https:\/\/dicodusport.fr\/blog\/wp-content\/uploads\/2024\/12\/Transferts-Brive-a-tranche-pour-lavenir-de-Mathis-Ferte-1024x575.png 1024w, https:\/\/dicodusport.fr\/blog\/wp-content\/uploads\/2024\/12\/Transferts-Brive-a-tranche-pour-lavenir-de-Mathis-Ferte-768x431.png 768w\" sizes=\"auto, (max-width: 792px) 100vw, 792px\" \/><\/div><\/div><div class=\"vlp-layout-zone-main\"><div class=\"vlp-block-0 vlp-link-title\">Transferts Rugby : Mathis Fert\u00e9, Biarritz, Dan Biggar, les infos transferts du lundi 7 avril<\/div><div class=\"vlp-block-1 vlp-link-summary\">Mathis Fert\u00e9, Biarritz, Dan Biggar, les infos transferts du lundi 7 avril<\/div><div class=\"vlp-block-2 vlp-link-button\">Lire l'article<\/div><div class=\"vlp-block-3 vlp-link-url\">dicodusport.fr<\/div><\/div><\/div>\n","protected":false},"excerpt":{"rendered":"<p>TOP 14 2025-2025 &#8211; Selon le Dauphin\u00e9 Lib\u00e9r\u00e9, Raffaele Costa Storti va quitter le Stade Fran\u00e7ais en fin de saison pour rejoindre Grenoble.\u00a0<\/p>\n","protected":false},"author":1,"featured_media":571015,"comment_status":"open","ping_status":"closed","sticky":false,"template":"","format":"standard","meta":{"_acf_changed":false,"_daextam_enable_autolinks":"1","footnotes":""},"categories":[9129,47050],"tags":[16878,1837,35157,29105],"class_list":["post-571014","post","type-post","status-publish","format-standard","has-post-thumbnail","hentry","category-rugby-a-xv","category-top-14","tag-breve","tag-grenoble","tag-raffaele-costa-storti","tag-transferts-rugby"],"acf":[],"yoast_head":"<!-- This site is optimized with the Yoast SEO Premium plugin v26.7 (Yoast SEO v26.7) - https:\/\/yoast.com\/wordpress\/plugins\/seo\/ -->\n<title>Transferts : Raffaele Costa Storti va quitter le Stade Fran\u00e7ais pour signer en Pro D2<\/title>\n<meta name=\"description\" content=\"TOP 14 2025-2025 - Selon le Dauphin\u00e9 Lib\u00e9r\u00e9, Raffaele Costa Storti va quitter le Stade Fran\u00e7ais en fin de saison pour rejoindre Grenoble.\u00a0\" \/>\n<meta name=\"robots\" content=\"index, follow, max-snippet:-1, max-image-preview:large, max-video-preview:-1\" \/>\n<link rel=\"canonical\" href=\"https:\/\/dicodusport.fr\/blog\/transferts-raffaele-costa-storti-va-quitter-le-stade-francais-pour-signer-en-pro-d2\/\" \/>\n<meta property=\"og:locale\" content=\"fr_FR\" \/>\n<meta property=\"og:type\" content=\"article\" \/>\n<meta property=\"og:title\" content=\"Transferts : Raffaele Costa Storti va quitter le Stade Fran\u00e7ais pour signer en Pro D2\" \/>\n<meta property=\"og:description\" content=\"TOP 14 2025-2025 - Selon le Dauphin\u00e9 Lib\u00e9r\u00e9, Raffaele Costa Storti va quitter le Stade Fran\u00e7ais en fin de saison pour rejoindre Grenoble.\u00a0\" \/>\n<meta property=\"og:url\" content=\"https:\/\/dicodusport.fr\/blog\/transferts-raffaele-costa-storti-va-quitter-le-stade-francais-pour-signer-en-pro-d2\/\" \/>\n<meta property=\"og:site_name\" content=\"Dicodusport\" \/>\n<meta property=\"article:publisher\" content=\"https:\/\/www.facebook.com\/dicodusport\" \/>\n<meta property=\"article:author\" content=\"https:\/\/www.facebook.com\/dicodusport\" \/>\n<meta property=\"article:published_time\" content=\"2025-04-09T14:15:25+00:00\" \/>\n<meta property=\"article:modified_time\" content=\"2025-04-09T14:37:01+00:00\" \/>\n<meta property=\"og:image\" content=\"https:\/\/dicodusport.fr\/blog\/wp-content\/uploads\/2025\/04\/Transferts-Raffaele-Costa-Storti-va-quitter-le-Stade-Francais-pour-signer-en-Pro-D2.png\" \/>\n\t<meta property=\"og:image:width\" content=\"1200\" \/>\n\t<meta property=\"og:image:height\" content=\"674\" \/>\n\t<meta property=\"og:image:type\" content=\"image\/png\" \/>\n<meta name=\"author\" content=\"Nicolas Jacquemard\" \/>\n<meta name=\"twitter:card\" content=\"summary_large_image\" \/>\n<meta name=\"twitter:title\" content=\"Transferts : Raffaele Costa Storti va quitter le Stade Fran\u00e7ais pour signer en Pro D2\" \/>\n<meta name=\"twitter:creator\" content=\"@https:\/\/twitter.com\/Nico_Jacquemard\" \/>\n<meta name=\"twitter:site\" content=\"@dicodusport\" \/>\n<script type=\"application\/ld+json\" class=\"yoast-schema-graph\">{\"@context\":\"https:\/\/schema.org\",\"@graph\":[{\"@type\":\"NewsArticle\",\"@id\":\"https:\/\/dicodusport.fr\/blog\/transferts-raffaele-costa-storti-va-quitter-le-stade-francais-pour-signer-en-pro-d2\/#article\",\"isPartOf\":{\"@id\":\"https:\/\/dicodusport.fr\/blog\/transferts-raffaele-costa-storti-va-quitter-le-stade-francais-pour-signer-en-pro-d2\/\"},\"author\":{\"name\":\"Nicolas Jacquemard\",\"@id\":\"https:\/\/dicodusport.fr\/blog\/#\/schema\/person\/55dcb50ad410894e431ed812bbb70191\"},\"headline\":\"Transferts : Raffaele Costa Storti va quitter le Stade Fran\u00e7ais pour signer en Pro D2\",\"datePublished\":\"2025-04-09T14:15:25+00:00\",\"dateModified\":\"2025-04-09T14:37:01+00:00\",\"mainEntityOfPage\":{\"@id\":\"https:\/\/dicodusport.fr\/blog\/transferts-raffaele-costa-storti-va-quitter-le-stade-francais-pour-signer-en-pro-d2\/\"},\"wordCount\":368,\"commentCount\":0,\"publisher\":{\"@id\":\"https:\/\/dicodusport.fr\/blog\/#organization\"},\"image\":{\"@id\":\"https:\/\/dicodusport.fr\/blog\/transferts-raffaele-costa-storti-va-quitter-le-stade-francais-pour-signer-en-pro-d2\/#primaryimage\"},\"thumbnailUrl\":\"https:\/\/dicodusport.fr\/blog\/wp-content\/uploads\/2025\/04\/Transferts-Raffaele-Costa-Storti-va-quitter-le-Stade-Francais-pour-signer-en-Pro-D2.png\",\"keywords\":[\"br\u00e8ve\",\"Grenoble\",\"Raffaele Costa Storti\",\"Transferts rugby\"],\"articleSection\":[\"Rugby \u00e0 XV\",\"Top 14\"],\"inLanguage\":\"fr-FR\",\"potentialAction\":[{\"@type\":\"CommentAction\",\"name\":\"Comment\",\"target\":[\"https:\/\/dicodusport.fr\/blog\/transferts-raffaele-costa-storti-va-quitter-le-stade-francais-pour-signer-en-pro-d2\/#respond\"]}],\"copyrightYear\":\"2025\",\"copyrightHolder\":{\"@id\":\"https:\/\/dicodusport.fr\/blog\/#organization\"}},{\"@type\":\"WebPage\",\"@id\":\"https:\/\/dicodusport.fr\/blog\/transferts-raffaele-costa-storti-va-quitter-le-stade-francais-pour-signer-en-pro-d2\/\",\"url\":\"https:\/\/dicodusport.fr\/blog\/transferts-raffaele-costa-storti-va-quitter-le-stade-francais-pour-signer-en-pro-d2\/\",\"name\":\"Transferts : Raffaele Costa Storti va quitter le Stade Fran\u00e7ais pour signer en Pro D2\",\"isPartOf\":{\"@id\":\"https:\/\/dicodusport.fr\/blog\/#website\"},\"primaryImageOfPage\":{\"@id\":\"https:\/\/dicodusport.fr\/blog\/transferts-raffaele-costa-storti-va-quitter-le-stade-francais-pour-signer-en-pro-d2\/#primaryimage\"},\"image\":{\"@id\":\"https:\/\/dicodusport.fr\/blog\/transferts-raffaele-costa-storti-va-quitter-le-stade-francais-pour-signer-en-pro-d2\/#primaryimage\"},\"thumbnailUrl\":\"https:\/\/dicodusport.fr\/blog\/wp-content\/uploads\/2025\/04\/Transferts-Raffaele-Costa-Storti-va-quitter-le-Stade-Francais-pour-signer-en-Pro-D2.png\",\"datePublished\":\"2025-04-09T14:15:25+00:00\",\"dateModified\":\"2025-04-09T14:37:01+00:00\",\"description\":\"TOP 14 2025-2025 - Selon le Dauphin\u00e9 Lib\u00e9r\u00e9, Raffaele Costa Storti va quitter le Stade Fran\u00e7ais en fin de saison pour rejoindre Grenoble.\u00a0\",\"breadcrumb\":{\"@id\":\"https:\/\/dicodusport.fr\/blog\/transferts-raffaele-costa-storti-va-quitter-le-stade-francais-pour-signer-en-pro-d2\/#breadcrumb\"},\"inLanguage\":\"fr-FR\",\"potentialAction\":[{\"@type\":\"ReadAction\",\"target\":[\"https:\/\/dicodusport.fr\/blog\/transferts-raffaele-costa-storti-va-quitter-le-stade-francais-pour-signer-en-pro-d2\/\"]}]},{\"@type\":\"ImageObject\",\"inLanguage\":\"fr-FR\",\"@id\":\"https:\/\/dicodusport.fr\/blog\/transferts-raffaele-costa-storti-va-quitter-le-stade-francais-pour-signer-en-pro-d2\/#primaryimage\",\"url\":\"https:\/\/dicodusport.fr\/blog\/wp-content\/uploads\/2025\/04\/Transferts-Raffaele-Costa-Storti-va-quitter-le-Stade-Francais-pour-signer-en-Pro-D2.png\",\"contentUrl\":\"https:\/\/dicodusport.fr\/blog\/wp-content\/uploads\/2025\/04\/Transferts-Raffaele-Costa-Storti-va-quitter-le-Stade-Francais-pour-signer-en-Pro-D2.png\",\"width\":1200,\"height\":674},{\"@type\":\"BreadcrumbList\",\"@id\":\"https:\/\/dicodusport.fr\/blog\/transferts-raffaele-costa-storti-va-quitter-le-stade-francais-pour-signer-en-pro-d2\/#breadcrumb\",\"itemListElement\":[{\"@type\":\"ListItem\",\"position\":1,\"name\":\"Accueil\",\"item\":\"https:\/\/dicodusport.fr\/blog\/\"},{\"@type\":\"ListItem\",\"position\":2,\"name\":\"Transferts : Raffaele Costa Storti va quitter le Stade Fran\u00e7ais pour signer en Pro D2\"}]},{\"@type\":\"WebSite\",\"@id\":\"https:\/\/dicodusport.fr\/blog\/#website\",\"url\":\"https:\/\/dicodusport.fr\/blog\/\",\"name\":\"Dicodusport\",\"description\":\"L&#039;encyclop\u00e9die de l&#039;actualit\u00e9 sportive\",\"publisher\":{\"@id\":\"https:\/\/dicodusport.fr\/blog\/#organization\"},\"potentialAction\":[{\"@type\":\"SearchAction\",\"target\":{\"@type\":\"EntryPoint\",\"urlTemplate\":\"https:\/\/dicodusport.fr\/blog\/?s={search_term_string}\"},\"query-input\":{\"@type\":\"PropertyValueSpecification\",\"valueRequired\":true,\"valueName\":\"search_term_string\"}}],\"inLanguage\":\"fr-FR\"},{\"@type\":\"NewsMediaOrganization\",\"@id\":\"https:\/\/dicodusport.fr\/blog\/#organization\",\"name\":\"Dicodusport\",\"url\":\"https:\/\/dicodusport.fr\/blog\/\",\"logo\":{\"@type\":\"ImageObject\",\"inLanguage\":\"fr-FR\",\"@id\":\"https:\/\/dicodusport.fr\/blog\/#\/schema\/logo\/image\/\",\"url\":\"https:\/\/dicodusport.fr\/blog\/wp-content\/uploads\/2020\/06\/cropped-LOGO-DICODUSPORT-2020-SANS-FOND-SANS-TEXTE.png\",\"contentUrl\":\"https:\/\/dicodusport.fr\/blog\/wp-content\/uploads\/2020\/06\/cropped-LOGO-DICODUSPORT-2020-SANS-FOND-SANS-TEXTE.png\",\"width\":512,\"height\":512,\"caption\":\"Dicodusport\"},\"image\":{\"@id\":\"https:\/\/dicodusport.fr\/blog\/#\/schema\/logo\/image\/\"},\"sameAs\":[\"https:\/\/www.facebook.com\/dicodusport\",\"https:\/\/x.com\/dicodusport\",\"https:\/\/www.instagram.com\/dicodusport\/\",\"https:\/\/www.youtube.com\/channel\/UC7V2KZ5sd3htJivAbA4ZG3w\"],\"description\":\"Dicodusport est l'encyclop\u00e9die de l'actualit\u00e9 sportive.\",\"email\":\"bonjour@dicodusport.fr\",\"legalName\":\"DICODUSPORT\",\"foundingDate\":\"2018-01-14\",\"vatID\":\"FR71834470973\",\"taxID\":\"83447097300043\",\"numberOfEmployees\":{\"@type\":\"QuantitativeValue\",\"minValue\":\"1\",\"maxValue\":\"10\"}},{\"@type\":\"Person\",\"@id\":\"https:\/\/dicodusport.fr\/blog\/#\/schema\/person\/55dcb50ad410894e431ed812bbb70191\",\"name\":\"Nicolas Jacquemard\",\"image\":{\"@type\":\"ImageObject\",\"inLanguage\":\"fr-FR\",\"@id\":\"https:\/\/dicodusport.fr\/blog\/#\/schema\/person\/image\/\",\"url\":\"https:\/\/dicodusport.fr\/blog\/wp-content\/uploads\/2021\/05\/Nicolas-Jacquemard-150x150.jpeg\",\"contentUrl\":\"https:\/\/dicodusport.fr\/blog\/wp-content\/uploads\/2021\/05\/Nicolas-Jacquemard-150x150.jpeg\",\"caption\":\"Nicolas Jacquemard\"},\"description\":\"Passionn\u00e9 de sport et entrepreneur depuis mes 18 ans, la cr\u00e9ation de Dicodusport m'a sembl\u00e9 \u00e9vidente pour participer \u00e0 la m\u00e9diatisation d'un plus grand nombre de sports. Le chemin est long mais avec une \u00e9quipe des plus motiv\u00e9es et les Jeux Olympiques de Paris 2024 en point de mire, nous y arriverons ! Journaliste dans le monde du sport depuis plus de 5 ans, je traite aussi bien de football, de rugby, de biathlon que de cyclisme.\",\"sameAs\":[\"https:\/\/www.facebook.com\/dicodusport\",\"https:\/\/x.com\/https:\/\/twitter.com\/Nico_Jacquemard\"],\"url\":\"https:\/\/dicodusport.fr\/blog\/author\/dicodusport\/\"}]}<\/script>\n<!-- \/ Yoast SEO Premium plugin. -->","yoast_head_json":{"title":"Transferts : Raffaele Costa Storti va quitter le Stade Fran\u00e7ais pour signer en Pro D2","description":"TOP 14 2025-2025 - Selon le Dauphin\u00e9 Lib\u00e9r\u00e9, Raffaele Costa Storti va quitter le Stade Fran\u00e7ais en fin de saison pour rejoindre Grenoble.\u00a0","robots":{"index":"index","follow":"follow","max-snippet":"max-snippet:-1","max-image-preview":"max-image-preview:large","max-video-preview":"max-video-preview:-1"},"canonical":"https:\/\/dicodusport.fr\/blog\/transferts-raffaele-costa-storti-va-quitter-le-stade-francais-pour-signer-en-pro-d2\/","og_locale":"fr_FR","og_type":"article","og_title":"Transferts : Raffaele Costa Storti va quitter le Stade Fran\u00e7ais pour signer en Pro D2","og_description":"TOP 14 2025-2025 - Selon le Dauphin\u00e9 Lib\u00e9r\u00e9, Raffaele Costa Storti va quitter le Stade Fran\u00e7ais en fin de saison pour rejoindre Grenoble.\u00a0","og_url":"https:\/\/dicodusport.fr\/blog\/transferts-raffaele-costa-storti-va-quitter-le-stade-francais-pour-signer-en-pro-d2\/","og_site_name":"Dicodusport","article_publisher":"https:\/\/www.facebook.com\/dicodusport","article_author":"https:\/\/www.facebook.com\/dicodusport","article_published_time":"2025-04-09T14:15:25+00:00","article_modified_time":"2025-04-09T14:37:01+00:00","og_image":[{"width":1200,"height":674,"url":"https:\/\/dicodusport.fr\/blog\/wp-content\/uploads\/2025\/04\/Transferts-Raffaele-Costa-Storti-va-quitter-le-Stade-Francais-pour-signer-en-Pro-D2.png","type":"image\/png"}],"author":"Nicolas Jacquemard","twitter_card":"summary_large_image","twitter_title":"Transferts : Raffaele Costa Storti va quitter le Stade Fran\u00e7ais pour signer en Pro D2","twitter_creator":"@https:\/\/twitter.com\/Nico_Jacquemard","twitter_site":"@dicodusport","schema":{"@context":"https:\/\/schema.org","@graph":[{"@type":"NewsArticle","@id":"https:\/\/dicodusport.fr\/blog\/transferts-raffaele-costa-storti-va-quitter-le-stade-francais-pour-signer-en-pro-d2\/#article","isPartOf":{"@id":"https:\/\/dicodusport.fr\/blog\/transferts-raffaele-costa-storti-va-quitter-le-stade-francais-pour-signer-en-pro-d2\/"},"author":{"name":"Nicolas Jacquemard","@id":"https:\/\/dicodusport.fr\/blog\/#\/schema\/person\/55dcb50ad410894e431ed812bbb70191"},"headline":"Transferts : Raffaele Costa Storti va quitter le Stade Fran\u00e7ais pour signer en Pro D2","datePublished":"2025-04-09T14:15:25+00:00","dateModified":"2025-04-09T14:37:01+00:00","mainEntityOfPage":{"@id":"https:\/\/dicodusport.fr\/blog\/transferts-raffaele-costa-storti-va-quitter-le-stade-francais-pour-signer-en-pro-d2\/"},"wordCount":368,"commentCount":0,"publisher":{"@id":"https:\/\/dicodusport.fr\/blog\/#organization"},"image":{"@id":"https:\/\/dicodusport.fr\/blog\/transferts-raffaele-costa-storti-va-quitter-le-stade-francais-pour-signer-en-pro-d2\/#primaryimage"},"thumbnailUrl":"https:\/\/dicodusport.fr\/blog\/wp-content\/uploads\/2025\/04\/Transferts-Raffaele-Costa-Storti-va-quitter-le-Stade-Francais-pour-signer-en-Pro-D2.png","keywords":["br\u00e8ve","Grenoble","Raffaele Costa Storti","Transferts rugby"],"articleSection":["Rugby \u00e0 XV","Top 14"],"inLanguage":"fr-FR","potentialAction":[{"@type":"CommentAction","name":"Comment","target":["https:\/\/dicodusport.fr\/blog\/transferts-raffaele-costa-storti-va-quitter-le-stade-francais-pour-signer-en-pro-d2\/#respond"]}],"copyrightYear":"2025","copyrightHolder":{"@id":"https:\/\/dicodusport.fr\/blog\/#organization"}},{"@type":"WebPage","@id":"https:\/\/dicodusport.fr\/blog\/transferts-raffaele-costa-storti-va-quitter-le-stade-francais-pour-signer-en-pro-d2\/","url":"https:\/\/dicodusport.fr\/blog\/transferts-raffaele-costa-storti-va-quitter-le-stade-francais-pour-signer-en-pro-d2\/","name":"Transferts : Raffaele Costa Storti va quitter le Stade Fran\u00e7ais pour signer en Pro D2","isPartOf":{"@id":"https:\/\/dicodusport.fr\/blog\/#website"},"primaryImageOfPage":{"@id":"https:\/\/dicodusport.fr\/blog\/transferts-raffaele-costa-storti-va-quitter-le-stade-francais-pour-signer-en-pro-d2\/#primaryimage"},"image":{"@id":"https:\/\/dicodusport.fr\/blog\/transferts-raffaele-costa-storti-va-quitter-le-stade-francais-pour-signer-en-pro-d2\/#primaryimage"},"thumbnailUrl":"https:\/\/dicodusport.fr\/blog\/wp-content\/uploads\/2025\/04\/Transferts-Raffaele-Costa-Storti-va-quitter-le-Stade-Francais-pour-signer-en-Pro-D2.png","datePublished":"2025-04-09T14:15:25+00:00","dateModified":"2025-04-09T14:37:01+00:00","description":"TOP 14 2025-2025 - Selon le Dauphin\u00e9 Lib\u00e9r\u00e9, Raffaele Costa Storti va quitter le Stade Fran\u00e7ais en fin de saison pour rejoindre Grenoble.\u00a0","breadcrumb":{"@id":"https:\/\/dicodusport.fr\/blog\/transferts-raffaele-costa-storti-va-quitter-le-stade-francais-pour-signer-en-pro-d2\/#breadcrumb"},"inLanguage":"fr-FR","potentialAction":[{"@type":"ReadAction","target":["https:\/\/dicodusport.fr\/blog\/transferts-raffaele-costa-storti-va-quitter-le-stade-francais-pour-signer-en-pro-d2\/"]}]},{"@type":"ImageObject","inLanguage":"fr-FR","@id":"https:\/\/dicodusport.fr\/blog\/transferts-raffaele-costa-storti-va-quitter-le-stade-francais-pour-signer-en-pro-d2\/#primaryimage","url":"https:\/\/dicodusport.fr\/blog\/wp-content\/uploads\/2025\/04\/Transferts-Raffaele-Costa-Storti-va-quitter-le-Stade-Francais-pour-signer-en-Pro-D2.png","contentUrl":"https:\/\/dicodusport.fr\/blog\/wp-content\/uploads\/2025\/04\/Transferts-Raffaele-Costa-Storti-va-quitter-le-Stade-Francais-pour-signer-en-Pro-D2.png","width":1200,"height":674},{"@type":"BreadcrumbList","@id":"https:\/\/dicodusport.fr\/blog\/transferts-raffaele-costa-storti-va-quitter-le-stade-francais-pour-signer-en-pro-d2\/#breadcrumb","itemListElement":[{"@type":"ListItem","position":1,"name":"Accueil","item":"https:\/\/dicodusport.fr\/blog\/"},{"@type":"ListItem","position":2,"name":"Transferts : Raffaele Costa Storti va quitter le Stade Fran\u00e7ais pour signer en Pro D2"}]},{"@type":"WebSite","@id":"https:\/\/dicodusport.fr\/blog\/#website","url":"https:\/\/dicodusport.fr\/blog\/","name":"Dicodusport","description":"L&#039;encyclop\u00e9die de l&#039;actualit\u00e9 sportive","publisher":{"@id":"https:\/\/dicodusport.fr\/blog\/#organization"},"potentialAction":[{"@type":"SearchAction","target":{"@type":"EntryPoint","urlTemplate":"https:\/\/dicodusport.fr\/blog\/?s={search_term_string}"},"query-input":{"@type":"PropertyValueSpecification","valueRequired":true,"valueName":"search_term_string"}}],"inLanguage":"fr-FR"},{"@type":"NewsMediaOrganization","@id":"https:\/\/dicodusport.fr\/blog\/#organization","name":"Dicodusport","url":"https:\/\/dicodusport.fr\/blog\/","logo":{"@type":"ImageObject","inLanguage":"fr-FR","@id":"https:\/\/dicodusport.fr\/blog\/#\/schema\/logo\/image\/","url":"https:\/\/dicodusport.fr\/blog\/wp-content\/uploads\/2020\/06\/cropped-LOGO-DICODUSPORT-2020-SANS-FOND-SANS-TEXTE.png","contentUrl":"https:\/\/dicodusport.fr\/blog\/wp-content\/uploads\/2020\/06\/cropped-LOGO-DICODUSPORT-2020-SANS-FOND-SANS-TEXTE.png","width":512,"height":512,"caption":"Dicodusport"},"image":{"@id":"https:\/\/dicodusport.fr\/blog\/#\/schema\/logo\/image\/"},"sameAs":["https:\/\/www.facebook.com\/dicodusport","https:\/\/x.com\/dicodusport","https:\/\/www.instagram.com\/dicodusport\/","https:\/\/www.youtube.com\/channel\/UC7V2KZ5sd3htJivAbA4ZG3w"],"description":"Dicodusport est l'encyclop\u00e9die de l'actualit\u00e9 sportive.","email":"bonjour@dicodusport.fr","legalName":"DICODUSPORT","foundingDate":"2018-01-14","vatID":"FR71834470973","taxID":"83447097300043","numberOfEmployees":{"@type":"QuantitativeValue","minValue":"1","maxValue":"10"}},{"@type":"Person","@id":"https:\/\/dicodusport.fr\/blog\/#\/schema\/person\/55dcb50ad410894e431ed812bbb70191","name":"Nicolas Jacquemard","image":{"@type":"ImageObject","inLanguage":"fr-FR","@id":"https:\/\/dicodusport.fr\/blog\/#\/schema\/person\/image\/","url":"https:\/\/dicodusport.fr\/blog\/wp-content\/uploads\/2021\/05\/Nicolas-Jacquemard-150x150.jpeg","contentUrl":"https:\/\/dicodusport.fr\/blog\/wp-content\/uploads\/2021\/05\/Nicolas-Jacquemard-150x150.jpeg","caption":"Nicolas Jacquemard"},"description":"Passionn\u00e9 de sport et entrepreneur depuis mes 18 ans, la cr\u00e9ation de Dicodusport m'a sembl\u00e9 \u00e9vidente pour participer \u00e0 la m\u00e9diatisation d'un plus grand nombre de sports. Le chemin est long mais avec une \u00e9quipe des plus motiv\u00e9es et les Jeux Olympiques de Paris 2024 en point de mire, nous y arriverons ! Journaliste dans le monde du sport depuis plus de 5 ans, je traite aussi bien de football, de rugby, de biathlon que de cyclisme.","sameAs":["https:\/\/www.facebook.com\/dicodusport","https:\/\/x.com\/https:\/\/twitter.com\/Nico_Jacquemard"],"url":"https:\/\/dicodusport.fr\/blog\/author\/dicodusport\/"}]}},"_links":{"self":[{"href":"https:\/\/dicodusport.fr\/blog\/wp-json\/wp\/v2\/posts\/571014","targetHints":{"allow":["GET"]}}],"collection":[{"href":"https:\/\/dicodusport.fr\/blog\/wp-json\/wp\/v2\/posts"}],"about":[{"href":"https:\/\/dicodusport.fr\/blog\/wp-json\/wp\/v2\/types\/post"}],"author":[{"embeddable":true,"href":"https:\/\/dicodusport.fr\/blog\/wp-json\/wp\/v2\/users\/1"}],"replies":[{"embeddable":true,"href":"https:\/\/dicodusport.fr\/blog\/wp-json\/wp\/v2\/comments?post=571014"}],"version-history":[{"count":4,"href":"https:\/\/dicodusport.fr\/blog\/wp-json\/wp\/v2\/posts\/571014\/revisions"}],"predecessor-version":[{"id":571034,"href":"https:\/\/dicodusport.fr\/blog\/wp-json\/wp\/v2\/posts\/571014\/revisions\/571034"}],"wp:featuredmedia":[{"embeddable":true,"href":"https:\/\/dicodusport.fr\/blog\/wp-json\/wp\/v2\/media\/571015"}],"wp:attachment":[{"href":"https:\/\/dicodusport.fr\/blog\/wp-json\/wp\/v2\/media?parent=571014"}],"wp:term":[{"taxonomy":"category","embeddable":true,"href":"https:\/\/dicodusport.fr\/blog\/wp-json\/wp\/v2\/categories?post=571014"},{"taxonomy":"post_tag","embeddable":true,"href":"https:\/\/dicodusport.fr\/blog\/wp-json\/wp\/v2\/tags?post=571014"}],"curies":[{"name":"wp","href":"https:\/\/api.w.org\/{rel}","templated":true}]}}