{"id":571313,"date":"2025-04-12T12:19:06","date_gmt":"2025-04-12T10:19:06","guid":{"rendered":"https:\/\/dicodusport.fr\/blog\/?p=571313&#038;preview=true&#038;preview_id=571313"},"modified":"2025-04-12T12:19:59","modified_gmt":"2025-04-12T10:19:59","slug":"ubb-munster-compositions-chaine-tv-et-heure-du-match","status":"publish","type":"post","link":"https:\/\/dicodusport.fr\/blog\/ubb-munster-compositions-chaine-tv-et-heure-du-match\/","title":{"rendered":"UBB-Munster : Cha\u00eene TV, Compositions, Date et Heure"},"content":{"rendered":"<h4 style=\"text-align: justify;\"><em>\u00c0 quelle heure et sur quelle cha\u00eene TV suivre le quart de finale de Champions Cup entre l&rsquo;UBB et le Munster ? Retrouvez \u00e9galement les compositions des deux \u00e9quipes.<\/em><\/h4>\n<ul style=\"text-align: justify;\">\n<li style=\"text-align: justify;\"><strong>\u00c0 ce sujet &#8211;\u00a0<a href=\"https:\/\/dicodusport.fr\/blog\/champions-cup-2024-2025-tableau-complet-de-la-phase-finale\/\">Phase finale Champions Cup : Le tableau complet<\/a><\/strong><\/li>\n<\/ul>\n<p style=\"text-align: justify;\">Le <strong>quart de finale de la Champions Cup 2024-2025<\/strong> opposant l&rsquo;<strong>Union Bordeaux-B\u00e8gles (UBB)<\/strong> au <strong>Munster Rugby<\/strong> aura lieu le <strong>samedi 12 avril 2025 (16h00)<\/strong>, au Stade Chaban-Delmas \u00e0 Bordeaux.<\/p>\n<h2 style=\"text-align: justify;\">L&rsquo;UBB en favori, le Munster ambitieux<\/h2>\n<p style=\"text-align: justify;\">L&rsquo;<strong>UBB<\/strong> a r\u00e9alis\u00e9 une phase de poules exceptionnelle, remportant ses quatre matchs avec le bonus offensif, notamment une victoire \u00e9clatante contre les <strong>Sharks<\/strong> (66-12) le 19 janvier dernier. Ce parcours parfait leur a permis de terminer en t\u00eate de leur groupe, assurant ainsi l&rsquo;avantage de jouer \u00e0 domicile lors de la phase finale. En <a href=\"https:\/\/dicodusport.fr\/blog\/champions-cup-2024-2025-affiches-et-dates-des-8emes-de-finale\/\">8\u00e8mes de finale<\/a>, les Girondins ont pris la mesure d&rsquo;une autre province irlandaise, <a href=\"https:\/\/dicodusport.fr\/blog\/champions-cup-8emes-de-finale-lubb-qualifiee-apres-une-belle-bataille-contre-luster\/\">l&rsquo;<strong>Ulster<\/strong> (43-31)<\/a>.<\/p>\n<p style=\"text-align: justify;\">Le <strong>Munster<\/strong>, \u00e9quipe irlandaise au riche palmar\u00e8s europ\u00e9en, a aussi d\u00e9montr\u00e9 sa solidit\u00e9 en phase de poules, se qualifiant pour les quarts de finale gr\u00e2ce \u00e0 des performances convaincantes. Leur exp\u00e9rience en <strong>Champions Cup<\/strong> en fait un adversaire redoutable pour l&rsquo;<strong>UBB<\/strong>.\u200b En 8\u00e8mes de finale, les <em>Munstermen<\/em> ont r\u00e9alis\u00e9 le coup du week-end dernier, <a href=\"https:\/\/dicodusport.fr\/blog\/champions-cup-8emes-de-finale-fin-de-laventure-pour-la-rochelle-battue-dun-point-par-le-munster\/\">en l&#8217;emportant sur la pelouse du <strong>Stade Rochelais<\/strong> (24-25)<\/a>.<\/p>\n<p style=\"text-align: justify;\">Ce quart de finale repr\u00e9sente une opportunit\u00e9 majeure pour l&rsquo;<strong>UBB<\/strong> d&rsquo;atteindre les demi-finales de la <strong>Champions Cup<\/strong>, ce qui serait une premi\u00e8re dans l&rsquo;histoire du club. Affronter une \u00e9quipe aussi exp\u00e9riment\u00e9e que le <strong>Munster<\/strong> constituera un v\u00e9ritable test pour les Bordelo-B\u00e9glais, qui devront capitaliser sur l&rsquo;avantage de jouer \u00e0 domicile et sur leur dynamique positive.<\/p>\n<p style=\"text-align: justify;\">\u00c0 noter que les \u00e9quipes ne se sont encore jamais rencontr\u00e9es en match officiel. Pour la rencontre de ce samedi, l&rsquo;<strong>UBB<\/strong> est logiquement donn\u00e9e favorite de la rencontre.<\/p>\n<div class=\"vlp-link-container vlp-layout-article\"><a href=\"https:\/\/dicodusport.fr\/blog\/champions-cup-quel-est-le-club-francais-le-mieux-arme-pour-aller-au-bout\/\" class=\"vlp-link\" title=\"Champions Cup : Quel est le club fran\u00e7ais le mieux arm\u00e9 pour aller au bout ?\"><\/a><div class=\"vlp-layout-zone-side\"><div class=\"vlp-block-4 vlp-link-image\"><img loading=\"lazy\" decoding=\"async\" style=\"max-width: 792px;\" width=\"792\" height=\"445\" src=\"https:\/\/dicodusport.fr\/blog\/wp-content\/uploads\/2025\/04\/Champions-Cup-Quel-est-le-club-francais-le-mieux-arme-pour-aller-au-bout-.png\" class=\"attachment-800x445 size-800x445\" alt=\"Champions Cup Quel est le club fran\u00e7ais le mieux arm\u00e9 pour aller au bout\" srcset=\"https:\/\/dicodusport.fr\/blog\/wp-content\/uploads\/2025\/04\/Champions-Cup-Quel-est-le-club-francais-le-mieux-arme-pour-aller-au-bout-.png 1200w, https:\/\/dicodusport.fr\/blog\/wp-content\/uploads\/2025\/04\/Champions-Cup-Quel-est-le-club-francais-le-mieux-arme-pour-aller-au-bout--300x169.png 300w, https:\/\/dicodusport.fr\/blog\/wp-content\/uploads\/2025\/04\/Champions-Cup-Quel-est-le-club-francais-le-mieux-arme-pour-aller-au-bout--1024x575.png 1024w, https:\/\/dicodusport.fr\/blog\/wp-content\/uploads\/2025\/04\/Champions-Cup-Quel-est-le-club-francais-le-mieux-arme-pour-aller-au-bout--768x431.png 768w\" sizes=\"auto, (max-width: 792px) 100vw, 792px\" \/><\/div><\/div><div class=\"vlp-layout-zone-main\"><div class=\"vlp-block-0 vlp-link-title\">Champions Cup : Quel est le club fran\u00e7ais le mieux arm\u00e9 pour aller au bout ?<\/div><div class=\"vlp-block-1 vlp-link-summary\">\u00c0 l'aube des 8\u00e8mes de finale de Champions Cup, six clubs fran\u00e7ais d\u00e9fendent les chances. Qui est le mieux arm\u00e9 pour aller au bout ?<\/div><div class=\"vlp-block-2 vlp-link-button\">Lire l'article<\/div><div class=\"vlp-block-3 vlp-link-url\">dicodusport.fr<\/div><\/div><\/div>\n<h2 style=\"text-align: justify;\">UBB &#8211; Munster : \u00c0 quelle heure et sur quelle cha\u00eene TV suivre le match ?<\/h2>\n<p style=\"text-align: justify;\">Match \u00e0 suivre ce <strong>samedi 12 avril 2025 \u00e0 16h00<\/strong>, sur <strong>France 2<\/strong> et <b>beIN Sports 3<\/b>.<\/p>\n<h2 style=\"text-align: justify;\">Les compositions de UBB &#8211; Munster<\/h2>\n<h3 style=\"text-align: justify;\">La composition de l&rsquo;UBB<\/h3>\n<p style=\"text-align: justify;\"><strong>Le XV de d\u00e9part<\/strong> : 15. Echegaray ; 14. Penaud, 13. Moefana, 12. R. Janse van Rensburg, 11. Bielle-Biarrey ; 10. Jalibert, 9. Lucu (cap) ; 7. Petti, 8. Samu, 6. Diaby ; 5. Cazeaux, 4. Coleman ; 3. Tameifuna, 2. Lamothe, 1. Poirot.<\/p>\n<p style=\"text-align: justify;\"><strong>Rempla\u00e7ants<\/strong> : 16. Sa, 17. Perchaud, 18. Falatea, 19. Bochaton, 20. Gazzotti, 21. Vergnes-Taillefer, 22. Lesgourgues, 23. Uberti.<\/p>\n<h3 style=\"text-align: justify;\">La composition du Munster<\/h3>\n<p style=\"text-align: justify;\"><strong>Le XV de d\u00e9part :<\/strong> 15. Abrahams ; 14. Nash, 13. Farrell, 12. Nankivell, 11. Smith ; 10. Crowley, 9. Casey ; 7. Hodnett, 8. Coombes, 6. O\u2019Mahony ; 5. Beirne (cap), 4. Kleyn ; 3. Jager, 2. Barron, 1. J. Wycherley.<\/p>\n<p style=\"text-align: justify;\"><strong>Rempla\u00e7ants<\/strong> : 16. N.\u00a0Scannell, 17. Donnelly, 18. Archer, 19. F.\u00a0Wycherley, 20. Ahern, 21. Murray, 22. O\u2019Brien, 23. Kendellen.<\/p>\n<h2 style=\"text-align: justify;\">Les cotes de UBB &#8211; Munster<\/h2>\n<table style=\"width: 800px;\">\n<tbody>\n<tr style=\"height: 16px;\">\n<td style=\"background-color: #404040; text-align: left; border-color: #ededed; width: 500px;\" colspan=\"3\"><span style=\"font-size: 12px; color: #ffffff;\">Samedi 12 avril 2025, 16h00<\/span><\/td>\n<\/tr>\n<tr style=\"height: 24px;\">\n<td style=\"background-color: #ffffff; border-color: #ededed; vertical-align: middle; text-align: center; width: 266px;\"><span style=\"font-size: 14px;\"><b>UBB<br \/>\n<\/b><\/span><span style=\"font-size: 10px;\"><a href=\"https:\/\/www.winamax.fr\/paris-sportifs\/match\/59661543?banid=33423\" class=\"su-button su-button-style-flat su-button-wide\" style=\"color:#fff;background-color:#000;border-color:#000000;border-radius:5px\" target=\"_blank\" rel=\"noopener noreferrer\"><span style=\"color:#fff;padding:0px 20px;font-size:16px;line-height:32px;border-color:#4d4d4d;border-radius:5px;text-shadow:none\"> 1.12<\/span><\/a><\/span><\/td>\n<td style=\"background-color: #ffffff; border-color: #ededed; vertical-align: middle; text-align: center; width: 266px;\"><span style=\"font-size: 10px;\"><span style=\"font-size: 14px;\"><strong>Match nul<\/strong><\/span><br \/>\n<a href=\"https:\/\/www.winamax.fr\/paris-sportifs\/match\/59661543?banid=33423\" class=\"su-button su-button-style-flat su-button-wide\" style=\"color:#fff;background-color:#000;border-color:#000000;border-radius:5px\" target=\"_blank\" rel=\"noopener noreferrer\"><span style=\"color:#fff;padding:0px 20px;font-size:16px;line-height:32px;border-color:#4d4d4d;border-radius:5px;text-shadow:none\"> 26<\/span><\/a><\/span><\/td>\n<td style=\"background-color: #ffffff; border-color: #ededed; vertical-align: middle; text-align: center; width: 266px;\"><span style=\"font-size: 10px;\"><span style=\"font-size: 14px;\"><b>Munster<\/b><\/span><br \/>\n<a href=\"https:\/\/www.winamax.fr\/paris-sportifs\/match\/59661543?banid=33423\" class=\"su-button su-button-style-flat su-button-wide\" style=\"color:#fff;background-color:#000;border-color:#000000;border-radius:5px\" target=\"_blank\" rel=\"noopener noreferrer\"><span style=\"color:#fff;padding:0px 20px;font-size:16px;line-height:32px;border-color:#4d4d4d;border-radius:5px;text-shadow:none\"> 5.10<\/span><\/a><\/span><\/td>\n<\/tr>\n<\/tbody>\n<\/table>\n<p style=\"text-align: justify;\">Tentez votre chance en profitant de votre <a href=\"https:\/\/www.winamax.fr\/registration\/landing\/affiliation_Bonus100?banid=33423\">1er d\u00e9p\u00f4t doubl\u00e9 jusqu&rsquo;\u00e0 100 \u20ac<\/a> direct en paris gratuits sur Winamax !<\/p>\n<p style=\"text-align: justify;\">\n","protected":false},"excerpt":{"rendered":"<p>\u00c0 quelle heure et sur quelle cha\u00eene TV suivre le quart de finale de Champions Cup entre l&rsquo;UBB et le Munster ? Retrouvez \u00e9galement les compositions des deux \u00e9quipes.<\/p>\n","protected":false},"author":4,"featured_media":571325,"comment_status":"open","ping_status":"closed","sticky":false,"template":"","format":"standard","meta":{"_acf_changed":false,"_daextam_enable_autolinks":"1","footnotes":""},"categories":[44295,47051,9129],"tags":[16878,2823,4361,1567,1568],"class_list":["post-571313","post","type-post","status-publish","format-standard","has-post-thumbnail","hentry","category-chaine-tv","category-champions-cup","category-rugby-a-xv","tag-breve","tag-champions-cup","tag-munster","tag-ubb","tag-union-bordeaux-begles"],"acf":[],"yoast_head":"<!-- This site is optimized with the Yoast SEO Premium plugin v26.7 (Yoast SEO v26.7) - https:\/\/yoast.com\/wordpress\/plugins\/seo\/ -->\n<title>UBB-Munster : Cha\u00eene TV, Compositions, Date et Heure<\/title>\n<meta name=\"description\" content=\"\u00c0 quelle heure et sur quelle cha\u00eene TV suivre le quart de finale de Champions Cup entre l&#039;UBB et le Munster ? Retrouvez \u00e9galement les compositions des deux \u00e9quipes.\" \/>\n<meta name=\"robots\" content=\"index, follow, max-snippet:-1, max-image-preview:large, max-video-preview:-1\" \/>\n<link rel=\"canonical\" href=\"https:\/\/dicodusport.fr\/blog\/ubb-munster-compositions-chaine-tv-et-heure-du-match\/\" \/>\n<meta property=\"og:locale\" content=\"fr_FR\" \/>\n<meta property=\"og:type\" content=\"article\" \/>\n<meta property=\"og:title\" content=\"UBB-Munster : Cha\u00eene TV, Compositions, Date et Heure\" \/>\n<meta property=\"og:description\" content=\"\u00c0 quelle heure et sur quelle cha\u00eene TV suivre le quart de finale de Champions Cup entre l&#039;UBB et le Munster ? Retrouvez \u00e9galement les compositions des deux \u00e9quipes.\" \/>\n<meta property=\"og:url\" content=\"https:\/\/dicodusport.fr\/blog\/ubb-munster-compositions-chaine-tv-et-heure-du-match\/\" \/>\n<meta property=\"og:site_name\" content=\"Dicodusport\" \/>\n<meta property=\"article:publisher\" content=\"https:\/\/www.facebook.com\/dicodusport\" \/>\n<meta property=\"article:author\" content=\"https:\/\/www.facebook.com\/florent.ostermann\" \/>\n<meta property=\"article:published_time\" content=\"2025-04-12T10:19:06+00:00\" \/>\n<meta property=\"article:modified_time\" content=\"2025-04-12T10:19:59+00:00\" \/>\n<meta property=\"og:image\" content=\"https:\/\/dicodusport.fr\/blog\/wp-content\/uploads\/2025\/04\/UBB-Munster-Compositions-Chaine-TV-et-Heure-du-match.png\" \/>\n\t<meta property=\"og:image:width\" content=\"1200\" \/>\n\t<meta property=\"og:image:height\" content=\"674\" \/>\n\t<meta property=\"og:image:type\" content=\"image\/png\" \/>\n<meta name=\"author\" content=\"Flo Ostermann\" \/>\n<meta name=\"twitter:card\" content=\"summary_large_image\" \/>\n<meta name=\"twitter:title\" content=\"UBB-Munster : Cha\u00eene TV, Compositions, Date et Heure\" \/>\n<meta name=\"twitter:creator\" content=\"@https:\/\/twitter.com\/FlOstermann\" \/>\n<meta name=\"twitter:site\" content=\"@dicodusport\" \/>\n<script type=\"application\/ld+json\" class=\"yoast-schema-graph\">{\"@context\":\"https:\/\/schema.org\",\"@graph\":[{\"@type\":\"NewsArticle\",\"@id\":\"https:\/\/dicodusport.fr\/blog\/ubb-munster-compositions-chaine-tv-et-heure-du-match\/#article\",\"isPartOf\":{\"@id\":\"https:\/\/dicodusport.fr\/blog\/ubb-munster-compositions-chaine-tv-et-heure-du-match\/\"},\"author\":{\"name\":\"Flo Ostermann\",\"@id\":\"https:\/\/dicodusport.fr\/blog\/#\/schema\/person\/cb02af4c173ce4a653b55e9baf388d4a\"},\"headline\":\"UBB-Munster : Cha\u00eene TV, Compositions, Date et Heure\",\"datePublished\":\"2025-04-12T10:19:06+00:00\",\"dateModified\":\"2025-04-12T10:19:59+00:00\",\"mainEntityOfPage\":{\"@id\":\"https:\/\/dicodusport.fr\/blog\/ubb-munster-compositions-chaine-tv-et-heure-du-match\/\"},\"wordCount\":611,\"commentCount\":0,\"publisher\":{\"@id\":\"https:\/\/dicodusport.fr\/blog\/#organization\"},\"image\":{\"@id\":\"https:\/\/dicodusport.fr\/blog\/ubb-munster-compositions-chaine-tv-et-heure-du-match\/#primaryimage\"},\"thumbnailUrl\":\"https:\/\/dicodusport.fr\/blog\/wp-content\/uploads\/2025\/04\/UBB-Munster-Compositions-Chaine-TV-et-Heure-du-match.png\",\"keywords\":[\"br\u00e8ve\",\"Champions Cup\",\"Munster\",\"UBB\",\"Union Bordeaux-B\u00e8gles\"],\"articleSection\":[\"Cha\u00eene TV\",\"Champions Cup\",\"Rugby \u00e0 XV\"],\"inLanguage\":\"fr-FR\",\"potentialAction\":[{\"@type\":\"CommentAction\",\"name\":\"Comment\",\"target\":[\"https:\/\/dicodusport.fr\/blog\/ubb-munster-compositions-chaine-tv-et-heure-du-match\/#respond\"]}],\"copyrightYear\":\"2025\",\"copyrightHolder\":{\"@id\":\"https:\/\/dicodusport.fr\/blog\/#organization\"}},{\"@type\":\"WebPage\",\"@id\":\"https:\/\/dicodusport.fr\/blog\/ubb-munster-compositions-chaine-tv-et-heure-du-match\/\",\"url\":\"https:\/\/dicodusport.fr\/blog\/ubb-munster-compositions-chaine-tv-et-heure-du-match\/\",\"name\":\"UBB-Munster : Cha\u00eene TV, Compositions, Date et Heure\",\"isPartOf\":{\"@id\":\"https:\/\/dicodusport.fr\/blog\/#website\"},\"primaryImageOfPage\":{\"@id\":\"https:\/\/dicodusport.fr\/blog\/ubb-munster-compositions-chaine-tv-et-heure-du-match\/#primaryimage\"},\"image\":{\"@id\":\"https:\/\/dicodusport.fr\/blog\/ubb-munster-compositions-chaine-tv-et-heure-du-match\/#primaryimage\"},\"thumbnailUrl\":\"https:\/\/dicodusport.fr\/blog\/wp-content\/uploads\/2025\/04\/UBB-Munster-Compositions-Chaine-TV-et-Heure-du-match.png\",\"datePublished\":\"2025-04-12T10:19:06+00:00\",\"dateModified\":\"2025-04-12T10:19:59+00:00\",\"description\":\"\u00c0 quelle heure et sur quelle cha\u00eene TV suivre le quart de finale de Champions Cup entre l'UBB et le Munster ? Retrouvez \u00e9galement les compositions des deux \u00e9quipes.\",\"breadcrumb\":{\"@id\":\"https:\/\/dicodusport.fr\/blog\/ubb-munster-compositions-chaine-tv-et-heure-du-match\/#breadcrumb\"},\"inLanguage\":\"fr-FR\",\"potentialAction\":[{\"@type\":\"ReadAction\",\"target\":[\"https:\/\/dicodusport.fr\/blog\/ubb-munster-compositions-chaine-tv-et-heure-du-match\/\"]}]},{\"@type\":\"ImageObject\",\"inLanguage\":\"fr-FR\",\"@id\":\"https:\/\/dicodusport.fr\/blog\/ubb-munster-compositions-chaine-tv-et-heure-du-match\/#primaryimage\",\"url\":\"https:\/\/dicodusport.fr\/blog\/wp-content\/uploads\/2025\/04\/UBB-Munster-Compositions-Chaine-TV-et-Heure-du-match.png\",\"contentUrl\":\"https:\/\/dicodusport.fr\/blog\/wp-content\/uploads\/2025\/04\/UBB-Munster-Compositions-Chaine-TV-et-Heure-du-match.png\",\"width\":1200,\"height\":674,\"caption\":\"UBB-Munster Compositions, Cha\u00eene TV et Heure du match\"},{\"@type\":\"BreadcrumbList\",\"@id\":\"https:\/\/dicodusport.fr\/blog\/ubb-munster-compositions-chaine-tv-et-heure-du-match\/#breadcrumb\",\"itemListElement\":[{\"@type\":\"ListItem\",\"position\":1,\"name\":\"Accueil\",\"item\":\"https:\/\/dicodusport.fr\/blog\/\"},{\"@type\":\"ListItem\",\"position\":2,\"name\":\"UBB-Munster : Cha\u00eene TV, Compositions, Date et Heure\"}]},{\"@type\":\"WebSite\",\"@id\":\"https:\/\/dicodusport.fr\/blog\/#website\",\"url\":\"https:\/\/dicodusport.fr\/blog\/\",\"name\":\"Dicodusport\",\"description\":\"L&#039;encyclop\u00e9die de l&#039;actualit\u00e9 sportive\",\"publisher\":{\"@id\":\"https:\/\/dicodusport.fr\/blog\/#organization\"},\"potentialAction\":[{\"@type\":\"SearchAction\",\"target\":{\"@type\":\"EntryPoint\",\"urlTemplate\":\"https:\/\/dicodusport.fr\/blog\/?s={search_term_string}\"},\"query-input\":{\"@type\":\"PropertyValueSpecification\",\"valueRequired\":true,\"valueName\":\"search_term_string\"}}],\"inLanguage\":\"fr-FR\"},{\"@type\":\"NewsMediaOrganization\",\"@id\":\"https:\/\/dicodusport.fr\/blog\/#organization\",\"name\":\"Dicodusport\",\"url\":\"https:\/\/dicodusport.fr\/blog\/\",\"logo\":{\"@type\":\"ImageObject\",\"inLanguage\":\"fr-FR\",\"@id\":\"https:\/\/dicodusport.fr\/blog\/#\/schema\/logo\/image\/\",\"url\":\"https:\/\/dicodusport.fr\/blog\/wp-content\/uploads\/2020\/06\/cropped-LOGO-DICODUSPORT-2020-SANS-FOND-SANS-TEXTE.png\",\"contentUrl\":\"https:\/\/dicodusport.fr\/blog\/wp-content\/uploads\/2020\/06\/cropped-LOGO-DICODUSPORT-2020-SANS-FOND-SANS-TEXTE.png\",\"width\":512,\"height\":512,\"caption\":\"Dicodusport\"},\"image\":{\"@id\":\"https:\/\/dicodusport.fr\/blog\/#\/schema\/logo\/image\/\"},\"sameAs\":[\"https:\/\/www.facebook.com\/dicodusport\",\"https:\/\/x.com\/dicodusport\",\"https:\/\/www.instagram.com\/dicodusport\/\",\"https:\/\/www.youtube.com\/channel\/UC7V2KZ5sd3htJivAbA4ZG3w\"],\"description\":\"Dicodusport est l'encyclop\u00e9die de l'actualit\u00e9 sportive.\",\"email\":\"bonjour@dicodusport.fr\",\"legalName\":\"DICODUSPORT\",\"foundingDate\":\"2018-01-14\",\"vatID\":\"FR71834470973\",\"taxID\":\"83447097300043\",\"numberOfEmployees\":{\"@type\":\"QuantitativeValue\",\"minValue\":\"1\",\"maxValue\":\"10\"}},{\"@type\":\"Person\",\"@id\":\"https:\/\/dicodusport.fr\/blog\/#\/schema\/person\/cb02af4c173ce4a653b55e9baf388d4a\",\"name\":\"Flo Ostermann\",\"image\":{\"@type\":\"ImageObject\",\"inLanguage\":\"fr-FR\",\"@id\":\"https:\/\/dicodusport.fr\/blog\/#\/schema\/person\/image\/\",\"url\":\"https:\/\/dicodusport.fr\/blog\/wp-content\/uploads\/2021\/05\/Flo-Ostermann-150x150.jpg\",\"contentUrl\":\"https:\/\/dicodusport.fr\/blog\/wp-content\/uploads\/2021\/05\/Flo-Ostermann-150x150.jpg\",\"caption\":\"Flo Ostermann\"},\"description\":\"Journaliste\/R\u00e9dacteur depuis septembre 2015 - Mes premiers souvenirs dans le sport ? Les envol\u00e9es du Stade Toulousain et les duels Villeneuve-Schumacher et H\u00e4kkinen-Schumacher \u00e0 la fin des ann\u00e9es 90, la Coupe du monde de football en 1998, l\u2019exploit du XV de France face aux All Blacks en 1999, mais aussi Richard C\u0153ur de Lion qui vole sur les montagnes du Tour de France. Bien parti pour devenir professeur d\u2019EPS, les \u00e9v\u00e9nements de la vie (et la flemme d\u2019animer des s\u00e9ances de 3x500 m\u00e8tres toute ma vie) m\u2019ont conduit \u00e0 revoir mes plans. Me voil\u00e0 depuis fin 2017 sur Dicodusport, m\u00e9dia gr\u00e2ce (et pour) lequel je partage ma passion : le sport dans tous ses \u00e9tats. Le tout accompagn\u00e9 par les fous furieux et folles furieuses cit\u00e9s sur cette page !\",\"sameAs\":[\"https:\/\/www.facebook.com\/florent.ostermann\",\"https:\/\/x.com\/https:\/\/twitter.com\/FlOstermann\",\"admin\"],\"url\":\"https:\/\/dicodusport.fr\/blog\/author\/flo\/\"}]}<\/script>\n<!-- \/ Yoast SEO Premium plugin. -->","yoast_head_json":{"title":"UBB-Munster : Cha\u00eene TV, Compositions, Date et Heure","description":"\u00c0 quelle heure et sur quelle cha\u00eene TV suivre le quart de finale de Champions Cup entre l'UBB et le Munster ? Retrouvez \u00e9galement les compositions des deux \u00e9quipes.","robots":{"index":"index","follow":"follow","max-snippet":"max-snippet:-1","max-image-preview":"max-image-preview:large","max-video-preview":"max-video-preview:-1"},"canonical":"https:\/\/dicodusport.fr\/blog\/ubb-munster-compositions-chaine-tv-et-heure-du-match\/","og_locale":"fr_FR","og_type":"article","og_title":"UBB-Munster : Cha\u00eene TV, Compositions, Date et Heure","og_description":"\u00c0 quelle heure et sur quelle cha\u00eene TV suivre le quart de finale de Champions Cup entre l'UBB et le Munster ? Retrouvez \u00e9galement les compositions des deux \u00e9quipes.","og_url":"https:\/\/dicodusport.fr\/blog\/ubb-munster-compositions-chaine-tv-et-heure-du-match\/","og_site_name":"Dicodusport","article_publisher":"https:\/\/www.facebook.com\/dicodusport","article_author":"https:\/\/www.facebook.com\/florent.ostermann","article_published_time":"2025-04-12T10:19:06+00:00","article_modified_time":"2025-04-12T10:19:59+00:00","og_image":[{"width":1200,"height":674,"url":"https:\/\/dicodusport.fr\/blog\/wp-content\/uploads\/2025\/04\/UBB-Munster-Compositions-Chaine-TV-et-Heure-du-match.png","type":"image\/png"}],"author":"Flo Ostermann","twitter_card":"summary_large_image","twitter_title":"UBB-Munster : Cha\u00eene TV, Compositions, Date et Heure","twitter_creator":"@https:\/\/twitter.com\/FlOstermann","twitter_site":"@dicodusport","schema":{"@context":"https:\/\/schema.org","@graph":[{"@type":"NewsArticle","@id":"https:\/\/dicodusport.fr\/blog\/ubb-munster-compositions-chaine-tv-et-heure-du-match\/#article","isPartOf":{"@id":"https:\/\/dicodusport.fr\/blog\/ubb-munster-compositions-chaine-tv-et-heure-du-match\/"},"author":{"name":"Flo Ostermann","@id":"https:\/\/dicodusport.fr\/blog\/#\/schema\/person\/cb02af4c173ce4a653b55e9baf388d4a"},"headline":"UBB-Munster : Cha\u00eene TV, Compositions, Date et Heure","datePublished":"2025-04-12T10:19:06+00:00","dateModified":"2025-04-12T10:19:59+00:00","mainEntityOfPage":{"@id":"https:\/\/dicodusport.fr\/blog\/ubb-munster-compositions-chaine-tv-et-heure-du-match\/"},"wordCount":611,"commentCount":0,"publisher":{"@id":"https:\/\/dicodusport.fr\/blog\/#organization"},"image":{"@id":"https:\/\/dicodusport.fr\/blog\/ubb-munster-compositions-chaine-tv-et-heure-du-match\/#primaryimage"},"thumbnailUrl":"https:\/\/dicodusport.fr\/blog\/wp-content\/uploads\/2025\/04\/UBB-Munster-Compositions-Chaine-TV-et-Heure-du-match.png","keywords":["br\u00e8ve","Champions Cup","Munster","UBB","Union Bordeaux-B\u00e8gles"],"articleSection":["Cha\u00eene TV","Champions Cup","Rugby \u00e0 XV"],"inLanguage":"fr-FR","potentialAction":[{"@type":"CommentAction","name":"Comment","target":["https:\/\/dicodusport.fr\/blog\/ubb-munster-compositions-chaine-tv-et-heure-du-match\/#respond"]}],"copyrightYear":"2025","copyrightHolder":{"@id":"https:\/\/dicodusport.fr\/blog\/#organization"}},{"@type":"WebPage","@id":"https:\/\/dicodusport.fr\/blog\/ubb-munster-compositions-chaine-tv-et-heure-du-match\/","url":"https:\/\/dicodusport.fr\/blog\/ubb-munster-compositions-chaine-tv-et-heure-du-match\/","name":"UBB-Munster : Cha\u00eene TV, Compositions, Date et Heure","isPartOf":{"@id":"https:\/\/dicodusport.fr\/blog\/#website"},"primaryImageOfPage":{"@id":"https:\/\/dicodusport.fr\/blog\/ubb-munster-compositions-chaine-tv-et-heure-du-match\/#primaryimage"},"image":{"@id":"https:\/\/dicodusport.fr\/blog\/ubb-munster-compositions-chaine-tv-et-heure-du-match\/#primaryimage"},"thumbnailUrl":"https:\/\/dicodusport.fr\/blog\/wp-content\/uploads\/2025\/04\/UBB-Munster-Compositions-Chaine-TV-et-Heure-du-match.png","datePublished":"2025-04-12T10:19:06+00:00","dateModified":"2025-04-12T10:19:59+00:00","description":"\u00c0 quelle heure et sur quelle cha\u00eene TV suivre le quart de finale de Champions Cup entre l'UBB et le Munster ? Retrouvez \u00e9galement les compositions des deux \u00e9quipes.","breadcrumb":{"@id":"https:\/\/dicodusport.fr\/blog\/ubb-munster-compositions-chaine-tv-et-heure-du-match\/#breadcrumb"},"inLanguage":"fr-FR","potentialAction":[{"@type":"ReadAction","target":["https:\/\/dicodusport.fr\/blog\/ubb-munster-compositions-chaine-tv-et-heure-du-match\/"]}]},{"@type":"ImageObject","inLanguage":"fr-FR","@id":"https:\/\/dicodusport.fr\/blog\/ubb-munster-compositions-chaine-tv-et-heure-du-match\/#primaryimage","url":"https:\/\/dicodusport.fr\/blog\/wp-content\/uploads\/2025\/04\/UBB-Munster-Compositions-Chaine-TV-et-Heure-du-match.png","contentUrl":"https:\/\/dicodusport.fr\/blog\/wp-content\/uploads\/2025\/04\/UBB-Munster-Compositions-Chaine-TV-et-Heure-du-match.png","width":1200,"height":674,"caption":"UBB-Munster Compositions, Cha\u00eene TV et Heure du match"},{"@type":"BreadcrumbList","@id":"https:\/\/dicodusport.fr\/blog\/ubb-munster-compositions-chaine-tv-et-heure-du-match\/#breadcrumb","itemListElement":[{"@type":"ListItem","position":1,"name":"Accueil","item":"https:\/\/dicodusport.fr\/blog\/"},{"@type":"ListItem","position":2,"name":"UBB-Munster : Cha\u00eene TV, Compositions, Date et Heure"}]},{"@type":"WebSite","@id":"https:\/\/dicodusport.fr\/blog\/#website","url":"https:\/\/dicodusport.fr\/blog\/","name":"Dicodusport","description":"L&#039;encyclop\u00e9die de l&#039;actualit\u00e9 sportive","publisher":{"@id":"https:\/\/dicodusport.fr\/blog\/#organization"},"potentialAction":[{"@type":"SearchAction","target":{"@type":"EntryPoint","urlTemplate":"https:\/\/dicodusport.fr\/blog\/?s={search_term_string}"},"query-input":{"@type":"PropertyValueSpecification","valueRequired":true,"valueName":"search_term_string"}}],"inLanguage":"fr-FR"},{"@type":"NewsMediaOrganization","@id":"https:\/\/dicodusport.fr\/blog\/#organization","name":"Dicodusport","url":"https:\/\/dicodusport.fr\/blog\/","logo":{"@type":"ImageObject","inLanguage":"fr-FR","@id":"https:\/\/dicodusport.fr\/blog\/#\/schema\/logo\/image\/","url":"https:\/\/dicodusport.fr\/blog\/wp-content\/uploads\/2020\/06\/cropped-LOGO-DICODUSPORT-2020-SANS-FOND-SANS-TEXTE.png","contentUrl":"https:\/\/dicodusport.fr\/blog\/wp-content\/uploads\/2020\/06\/cropped-LOGO-DICODUSPORT-2020-SANS-FOND-SANS-TEXTE.png","width":512,"height":512,"caption":"Dicodusport"},"image":{"@id":"https:\/\/dicodusport.fr\/blog\/#\/schema\/logo\/image\/"},"sameAs":["https:\/\/www.facebook.com\/dicodusport","https:\/\/x.com\/dicodusport","https:\/\/www.instagram.com\/dicodusport\/","https:\/\/www.youtube.com\/channel\/UC7V2KZ5sd3htJivAbA4ZG3w"],"description":"Dicodusport est l'encyclop\u00e9die de l'actualit\u00e9 sportive.","email":"bonjour@dicodusport.fr","legalName":"DICODUSPORT","foundingDate":"2018-01-14","vatID":"FR71834470973","taxID":"83447097300043","numberOfEmployees":{"@type":"QuantitativeValue","minValue":"1","maxValue":"10"}},{"@type":"Person","@id":"https:\/\/dicodusport.fr\/blog\/#\/schema\/person\/cb02af4c173ce4a653b55e9baf388d4a","name":"Flo Ostermann","image":{"@type":"ImageObject","inLanguage":"fr-FR","@id":"https:\/\/dicodusport.fr\/blog\/#\/schema\/person\/image\/","url":"https:\/\/dicodusport.fr\/blog\/wp-content\/uploads\/2021\/05\/Flo-Ostermann-150x150.jpg","contentUrl":"https:\/\/dicodusport.fr\/blog\/wp-content\/uploads\/2021\/05\/Flo-Ostermann-150x150.jpg","caption":"Flo Ostermann"},"description":"Journaliste\/R\u00e9dacteur depuis septembre 2015 - Mes premiers souvenirs dans le sport ? Les envol\u00e9es du Stade Toulousain et les duels Villeneuve-Schumacher et H\u00e4kkinen-Schumacher \u00e0 la fin des ann\u00e9es 90, la Coupe du monde de football en 1998, l\u2019exploit du XV de France face aux All Blacks en 1999, mais aussi Richard C\u0153ur de Lion qui vole sur les montagnes du Tour de France. Bien parti pour devenir professeur d\u2019EPS, les \u00e9v\u00e9nements de la vie (et la flemme d\u2019animer des s\u00e9ances de 3x500 m\u00e8tres toute ma vie) m\u2019ont conduit \u00e0 revoir mes plans. Me voil\u00e0 depuis fin 2017 sur Dicodusport, m\u00e9dia gr\u00e2ce (et pour) lequel je partage ma passion : le sport dans tous ses \u00e9tats. Le tout accompagn\u00e9 par les fous furieux et folles furieuses cit\u00e9s sur cette page !","sameAs":["https:\/\/www.facebook.com\/florent.ostermann","https:\/\/x.com\/https:\/\/twitter.com\/FlOstermann","admin"],"url":"https:\/\/dicodusport.fr\/blog\/author\/flo\/"}]}},"_links":{"self":[{"href":"https:\/\/dicodusport.fr\/blog\/wp-json\/wp\/v2\/posts\/571313","targetHints":{"allow":["GET"]}}],"collection":[{"href":"https:\/\/dicodusport.fr\/blog\/wp-json\/wp\/v2\/posts"}],"about":[{"href":"https:\/\/dicodusport.fr\/blog\/wp-json\/wp\/v2\/types\/post"}],"author":[{"embeddable":true,"href":"https:\/\/dicodusport.fr\/blog\/wp-json\/wp\/v2\/users\/4"}],"replies":[{"embeddable":true,"href":"https:\/\/dicodusport.fr\/blog\/wp-json\/wp\/v2\/comments?post=571313"}],"version-history":[{"count":5,"href":"https:\/\/dicodusport.fr\/blog\/wp-json\/wp\/v2\/posts\/571313\/revisions"}],"predecessor-version":[{"id":571780,"href":"https:\/\/dicodusport.fr\/blog\/wp-json\/wp\/v2\/posts\/571313\/revisions\/571780"}],"wp:featuredmedia":[{"embeddable":true,"href":"https:\/\/dicodusport.fr\/blog\/wp-json\/wp\/v2\/media\/571325"}],"wp:attachment":[{"href":"https:\/\/dicodusport.fr\/blog\/wp-json\/wp\/v2\/media?parent=571313"}],"wp:term":[{"taxonomy":"category","embeddable":true,"href":"https:\/\/dicodusport.fr\/blog\/wp-json\/wp\/v2\/categories?post=571313"},{"taxonomy":"post_tag","embeddable":true,"href":"https:\/\/dicodusport.fr\/blog\/wp-json\/wp\/v2\/tags?post=571313"}],"curies":[{"name":"wp","href":"https:\/\/api.w.org\/{rel}","templated":true}]}}