{"id":571631,"date":"2025-04-11T18:27:41","date_gmt":"2025-04-11T16:27:41","guid":{"rendered":"https:\/\/dicodusport.fr\/blog\/?p=571631&#038;preview=true&#038;preview_id=571631"},"modified":"2025-04-11T19:08:15","modified_gmt":"2025-04-11T17:08:15","slug":"vtt-xcc-araxa-2-2025-evie-richards-simpose-lors-du-deuxieme-format-court-de-la-saison","status":"publish","type":"post","link":"https:\/\/dicodusport.fr\/blog\/vtt-xcc-araxa-2-2025-evie-richards-simpose-lors-du-deuxieme-format-court-de-la-saison\/","title":{"rendered":"VTT XCC Araxa 2 2025 : Evie Richards s&rsquo;impose lors du deuxi\u00e8me format court de la saison"},"content":{"rendered":"<h4 style=\"text-align: justify;\"><em>COUPE DU MONDE DE VTT 2025 &#8211; D\u00e9j\u00e0 laur\u00e9ate lors du premier XCC d&rsquo;Araxa, la championne du monde Evie Richards s&rsquo;impose lors du deuxi\u00e8me format court de la saison, toujours au Br\u00e9sil. Nicole Koller et Jenny Rissveds sont sur le podium.<\/em><\/h4>\n<ul style=\"text-align: justify;\">\n<li><strong>\u00c0 ce sujet \u2013\u00a0<a href=\"https:\/\/dicodusport.fr\/blog\/coupe-du-monde-vtt-cross-country-2025-calendrier-et-resultats-a-jour\/\">Coupe du monde VTT Cross-Country 2025 : Calendrier et R\u00e9sultats \u00e0 Jour<\/a><\/strong><\/li>\n<\/ul>\n<p style=\"text-align: justify;\"><span style=\"font-weight: 400;\">Araxa, \u00e9pisode 2. Pour la premi\u00e8re fois de l&rsquo;histoire de la Coupe du monde (hors Covid), un site accueille deux \u00e9tapes cons\u00e9cutivement. Comme la semaine derni\u00e8re, les v\u00e9t\u00e9tistes arpentent les terres cendr\u00e9es br\u00e9siliennes. Entre Sao Paulo et Brasilia, sous 28 degr\u00e9s, c&rsquo;est \u00e0 nouveau <\/span><b>Evie Richards <\/b><span style=\"font-weight: 400;\">qui trouve un moyen de gagner comme samedi dernier \u00e0 Araxa. La Britannique a produit son effort dans les derniers hectom\u00e8tres pour battre <\/span><b>Nicole Koller <\/b><span style=\"font-weight: 400;\">et <\/span><b>Jenny Rissveds. Loana Lecomte <\/b><span style=\"font-weight: 400;\">finit 15e et sera en deuxi\u00e8me ligne au d\u00e9part du format olympique.<\/span><\/p>\n<div class=\"vlp-link-container vlp-layout-article\"><a href=\"https:\/\/dicodusport.fr\/blog\/vtt-xcc-araxa-2025-evie-richards-simpose-pour-la-premiere-de-la-saison\/\" class=\"vlp-link\" title=\"VTT XCC Araxa 2025 : Evie Richards s&#039;impose pour la premi\u00e8re de la saison\"><\/a><div class=\"vlp-layout-zone-side\"><div class=\"vlp-block-4 vlp-link-image\"><img loading=\"lazy\" decoding=\"async\" style=\"max-width: 792px;\" width=\"792\" height=\"445\" src=\"https:\/\/dicodusport.fr\/blog\/wp-content\/uploads\/2025\/04\/VTT-XCC-Araxa-2025-Evie-Richards-simpose-pour-la-premiere-de-la-saison-1.png\" class=\"attachment-800x445 size-800x445\" alt=\"VTT XCC Araxa 2025 Evie Richards s&#039;impose pour la premi\u00e8re de la saison\" srcset=\"https:\/\/dicodusport.fr\/blog\/wp-content\/uploads\/2025\/04\/VTT-XCC-Araxa-2025-Evie-Richards-simpose-pour-la-premiere-de-la-saison-1.png 1200w, https:\/\/dicodusport.fr\/blog\/wp-content\/uploads\/2025\/04\/VTT-XCC-Araxa-2025-Evie-Richards-simpose-pour-la-premiere-de-la-saison-1-300x169.png 300w, https:\/\/dicodusport.fr\/blog\/wp-content\/uploads\/2025\/04\/VTT-XCC-Araxa-2025-Evie-Richards-simpose-pour-la-premiere-de-la-saison-1-1024x575.png 1024w, https:\/\/dicodusport.fr\/blog\/wp-content\/uploads\/2025\/04\/VTT-XCC-Araxa-2025-Evie-Richards-simpose-pour-la-premiere-de-la-saison-1-768x431.png 768w\" sizes=\"auto, (max-width: 792px) 100vw, 792px\" \/><\/div><\/div><div class=\"vlp-layout-zone-main\"><div class=\"vlp-block-0 vlp-link-title\">VTT XCC Araxa 2025 : Evie Richards s'impose pour la premi\u00e8re de la saison<\/div><div class=\"vlp-block-1 vlp-link-summary\">COUPE DU MONDE DE VTT 2025 - Evie Richards remporte le short-track d'Araxa et d\u00e9bute par une victoire son ann\u00e9e 2025. <\/div><div class=\"vlp-block-2 vlp-link-button\">Lire l'article<\/div><div class=\"vlp-block-3 vlp-link-url\">dicodusport.fr<\/div><\/div><\/div>\n<h2 style=\"text-align: justify;\">Richards bat Koller dans les derniers m\u00e8tres<\/h2>\n<p style=\"text-align: justify;\"><span style=\"font-weight: 400;\">Les organisateurs ont d\u00e9cid\u00e9 de l\u00e9g\u00e8rement modifier le trac\u00e9 du XCC, mais la mont\u00e9e s\u00e8che en d\u00e9but de parcours est toujours l\u00e0. Toutes les favorites ont plut\u00f4t bien d\u00e9marr\u00e9 cette course, sauf la leader <\/span><b>Samara Maxwell<\/b><span style=\"font-weight: 400;\">. La N\u00e9o-Z\u00e9landaise se trouvait au milieu du peloton, elle qui a chut\u00e9, sans gravit\u00e9, lors des entra\u00eenements de veille de week-end. <\/span><b>Loana Lecomte <\/b><span style=\"font-weight: 400;\">s&rsquo;est plac\u00e9e dans les premi\u00e8res positions. \u00c0 mi-course, ce format court ne s&rsquo;\u00e9tait pas encore d\u00e9cant\u00e9. Un groupe cons\u00e9quent \u00e9tait encore en t\u00eate \u00e0 ce moment, l&rsquo;acc\u00e9l\u00e9ration \u00e9tait progressive et n&rsquo;a pas encore r\u00e9ellement fait d&rsquo;\u00e9cart.<\/span><\/p>\n<ul style=\"text-align: justify;\">\n<li><strong>\u00c0 ce sujet \u2013 <a href=\"https:\/\/dicodusport.fr\/blog\/vtt-xcc-araxa-2-2025-classement-course-femmes\/\">VTT XCC Araxa 2 2025 : Classement Course femmes<\/a><\/strong><\/li>\n<\/ul>\n<p style=\"text-align: justify;\"><b>Evie Richards <\/b><span style=\"font-weight: 400;\">s&rsquo;est mise au tempo en imprimant un rythme pour \u00e9tirer le peloton. <\/span><b>Keller, Frei, Rissveds <\/b><span style=\"font-weight: 400;\">et la championne du monde en titre se sont \u00e9chapp\u00e9es au d\u00e9but du 6e des 7 tours, mais sans r\u00e9ussite. Tout s&rsquo;est finalement jou\u00e9 dans la derni\u00e8re boucle. <\/span><b>Nicole Koller <\/b><span style=\"font-weight: 400;\">a plac\u00e9 une attaque mais s&rsquo;est fait d\u00e9passer dans l&rsquo;avant-derni\u00e8re ligne droite par <\/span><b>Richards<\/b><span style=\"font-weight: 400;\">. La Britannique a fait tourner les jambes au bon moment avant que la voie ne r\u00e9tr\u00e9cisse. La Suissesse termine 2e et confirme son excellent d\u00e9but 2025, <\/span><b>Jenny Rissveds <\/b><span style=\"font-weight: 400;\">l&rsquo;accompagne sur le podium.<\/span><\/p>\n<ul>\n<li style=\"text-align: justify;\"><strong>\u00c0 ce sujet \u2013\u00a0<\/strong><a href=\"https:\/\/dicodusport.fr\/blog\/coupe-du-monde-vtt-2025-classement-general-feminin-en-cross-country\/\"><strong>Coupe du monde VTT 2025 : Classement G\u00e9n\u00e9ral F\u00e9minin en Cross-country<\/strong><\/a><\/li>\n<\/ul>\n","protected":false},"excerpt":{"rendered":"<p>COUPE DU MONDE DE VTT 2025 &#8211; D\u00e9j\u00e0 laur\u00e9ate lors du premier XCC d&rsquo;Araxa, la championne du monde Evie Richards s&rsquo;impose lors du deuxi\u00e8me format court de la saison, toujours au Br\u00e9sil. Nicole Koller et Jenny Rissveds sont sur le podium.<\/p>\n","protected":false},"author":61,"featured_media":571640,"comment_status":"open","ping_status":"closed","sticky":false,"template":"","format":"standard","meta":{"_acf_changed":false,"_daextam_enable_autolinks":"1","footnotes":""},"categories":[10279],"tags":[16878,11873,39592,692,39012],"class_list":["post-571631","post","type-post","status-publish","format-standard","has-post-thumbnail","hentry","category-vtt","tag-breve","tag-coupe-du-monde-de-vtt","tag-mtb-world-series","tag-vtt","tag-vtt-xcc-araxa"],"acf":[],"yoast_head":"<!-- This site is optimized with the Yoast SEO Premium plugin v26.7 (Yoast SEO v26.7) - https:\/\/yoast.com\/wordpress\/plugins\/seo\/ -->\n<title>VTT XCC Araxa 2 2025 : Evie Richards s&#039;impose lors du deuxi\u00e8me format court de la saison<\/title>\n<meta name=\"description\" content=\"COUPE DU MONDE DE VTT 2025 - Evie Richards s&#039;impose lors du deuxi\u00e8me format court de la saison, toujours au Br\u00e9sil.\" \/>\n<meta name=\"robots\" content=\"index, follow, max-snippet:-1, max-image-preview:large, max-video-preview:-1\" \/>\n<link rel=\"canonical\" href=\"https:\/\/dicodusport.fr\/blog\/vtt-xcc-araxa-2-2025-evie-richards-simpose-lors-du-deuxieme-format-court-de-la-saison\/\" \/>\n<meta property=\"og:locale\" content=\"fr_FR\" \/>\n<meta property=\"og:type\" content=\"article\" \/>\n<meta property=\"og:title\" content=\"VTT XCC Araxa 2 2025 : Evie Richards s&#039;impose lors du deuxi\u00e8me format court de la saison\" \/>\n<meta property=\"og:description\" content=\"COUPE DU MONDE DE VTT 2025 - Evie Richards s&#039;impose lors du deuxi\u00e8me format court de la saison, toujours au Br\u00e9sil.\" \/>\n<meta property=\"og:url\" content=\"https:\/\/dicodusport.fr\/blog\/vtt-xcc-araxa-2-2025-evie-richards-simpose-lors-du-deuxieme-format-court-de-la-saison\/\" \/>\n<meta property=\"og:site_name\" content=\"Dicodusport\" \/>\n<meta property=\"article:publisher\" content=\"https:\/\/www.facebook.com\/dicodusport\" \/>\n<meta property=\"article:published_time\" content=\"2025-04-11T16:27:41+00:00\" \/>\n<meta property=\"article:modified_time\" content=\"2025-04-11T17:08:15+00:00\" \/>\n<meta property=\"og:image\" content=\"https:\/\/dicodusport.fr\/blog\/wp-content\/uploads\/2025\/04\/VTT-XCC-Araxa-2-2025-Evie-Richards-simpose-lors-du-deuxieme-format-court-de-la-saison.png\" \/>\n\t<meta property=\"og:image:width\" content=\"1200\" \/>\n\t<meta property=\"og:image:height\" content=\"674\" \/>\n\t<meta property=\"og:image:type\" content=\"image\/png\" \/>\n<meta name=\"author\" content=\"Pierre Gorce\" \/>\n<meta name=\"twitter:card\" content=\"summary_large_image\" \/>\n<meta name=\"twitter:title\" content=\"VTT XCC Araxa 2 2025 : Evie Richards s&#039;impose lors du deuxi\u00e8me format court de la saison\" \/>\n<meta name=\"twitter:creator\" content=\"@https:\/\/twitter.com\/pierregorce12\" \/>\n<meta name=\"twitter:site\" content=\"@dicodusport\" \/>\n<script type=\"application\/ld+json\" class=\"yoast-schema-graph\">{\"@context\":\"https:\/\/schema.org\",\"@graph\":[{\"@type\":\"NewsArticle\",\"@id\":\"https:\/\/dicodusport.fr\/blog\/vtt-xcc-araxa-2-2025-evie-richards-simpose-lors-du-deuxieme-format-court-de-la-saison\/#article\",\"isPartOf\":{\"@id\":\"https:\/\/dicodusport.fr\/blog\/vtt-xcc-araxa-2-2025-evie-richards-simpose-lors-du-deuxieme-format-court-de-la-saison\/\"},\"author\":{\"name\":\"Pierre Gorce\",\"@id\":\"https:\/\/dicodusport.fr\/blog\/#\/schema\/person\/0eaf70b33d703a1a66b1155ac1bda018\"},\"headline\":\"VTT XCC Araxa 2 2025 : Evie Richards s&rsquo;impose lors du deuxi\u00e8me format court de la saison\",\"datePublished\":\"2025-04-11T16:27:41+00:00\",\"dateModified\":\"2025-04-11T17:08:15+00:00\",\"mainEntityOfPage\":{\"@id\":\"https:\/\/dicodusport.fr\/blog\/vtt-xcc-araxa-2-2025-evie-richards-simpose-lors-du-deuxieme-format-court-de-la-saison\/\"},\"wordCount\":507,\"commentCount\":0,\"publisher\":{\"@id\":\"https:\/\/dicodusport.fr\/blog\/#organization\"},\"image\":{\"@id\":\"https:\/\/dicodusport.fr\/blog\/vtt-xcc-araxa-2-2025-evie-richards-simpose-lors-du-deuxieme-format-court-de-la-saison\/#primaryimage\"},\"thumbnailUrl\":\"https:\/\/dicodusport.fr\/blog\/wp-content\/uploads\/2025\/04\/VTT-XCC-Araxa-2-2025-Evie-Richards-simpose-lors-du-deuxieme-format-court-de-la-saison.png\",\"keywords\":[\"br\u00e8ve\",\"Coupe du monde de VTT\",\"MTB World Series\",\"VTT\",\"VTT XCC Arax\u00e1\"],\"articleSection\":[\"VTT\"],\"inLanguage\":\"fr-FR\",\"potentialAction\":[{\"@type\":\"CommentAction\",\"name\":\"Comment\",\"target\":[\"https:\/\/dicodusport.fr\/blog\/vtt-xcc-araxa-2-2025-evie-richards-simpose-lors-du-deuxieme-format-court-de-la-saison\/#respond\"]}],\"copyrightYear\":\"2025\",\"copyrightHolder\":{\"@id\":\"https:\/\/dicodusport.fr\/blog\/#organization\"}},{\"@type\":\"WebPage\",\"@id\":\"https:\/\/dicodusport.fr\/blog\/vtt-xcc-araxa-2-2025-evie-richards-simpose-lors-du-deuxieme-format-court-de-la-saison\/\",\"url\":\"https:\/\/dicodusport.fr\/blog\/vtt-xcc-araxa-2-2025-evie-richards-simpose-lors-du-deuxieme-format-court-de-la-saison\/\",\"name\":\"VTT XCC Araxa 2 2025 : Evie Richards s'impose lors du deuxi\u00e8me format court de la saison\",\"isPartOf\":{\"@id\":\"https:\/\/dicodusport.fr\/blog\/#website\"},\"primaryImageOfPage\":{\"@id\":\"https:\/\/dicodusport.fr\/blog\/vtt-xcc-araxa-2-2025-evie-richards-simpose-lors-du-deuxieme-format-court-de-la-saison\/#primaryimage\"},\"image\":{\"@id\":\"https:\/\/dicodusport.fr\/blog\/vtt-xcc-araxa-2-2025-evie-richards-simpose-lors-du-deuxieme-format-court-de-la-saison\/#primaryimage\"},\"thumbnailUrl\":\"https:\/\/dicodusport.fr\/blog\/wp-content\/uploads\/2025\/04\/VTT-XCC-Araxa-2-2025-Evie-Richards-simpose-lors-du-deuxieme-format-court-de-la-saison.png\",\"datePublished\":\"2025-04-11T16:27:41+00:00\",\"dateModified\":\"2025-04-11T17:08:15+00:00\",\"description\":\"COUPE DU MONDE DE VTT 2025 - Evie Richards s'impose lors du deuxi\u00e8me format court de la saison, toujours au Br\u00e9sil.\",\"breadcrumb\":{\"@id\":\"https:\/\/dicodusport.fr\/blog\/vtt-xcc-araxa-2-2025-evie-richards-simpose-lors-du-deuxieme-format-court-de-la-saison\/#breadcrumb\"},\"inLanguage\":\"fr-FR\",\"potentialAction\":[{\"@type\":\"ReadAction\",\"target\":[\"https:\/\/dicodusport.fr\/blog\/vtt-xcc-araxa-2-2025-evie-richards-simpose-lors-du-deuxieme-format-court-de-la-saison\/\"]}]},{\"@type\":\"ImageObject\",\"inLanguage\":\"fr-FR\",\"@id\":\"https:\/\/dicodusport.fr\/blog\/vtt-xcc-araxa-2-2025-evie-richards-simpose-lors-du-deuxieme-format-court-de-la-saison\/#primaryimage\",\"url\":\"https:\/\/dicodusport.fr\/blog\/wp-content\/uploads\/2025\/04\/VTT-XCC-Araxa-2-2025-Evie-Richards-simpose-lors-du-deuxieme-format-court-de-la-saison.png\",\"contentUrl\":\"https:\/\/dicodusport.fr\/blog\/wp-content\/uploads\/2025\/04\/VTT-XCC-Araxa-2-2025-Evie-Richards-simpose-lors-du-deuxieme-format-court-de-la-saison.png\",\"width\":1200,\"height\":674,\"caption\":\"VTT XCC Araxa 2 2025 Evie Richards s'impose lors du deuxi\u00e8me format court de la saison\"},{\"@type\":\"BreadcrumbList\",\"@id\":\"https:\/\/dicodusport.fr\/blog\/vtt-xcc-araxa-2-2025-evie-richards-simpose-lors-du-deuxieme-format-court-de-la-saison\/#breadcrumb\",\"itemListElement\":[{\"@type\":\"ListItem\",\"position\":1,\"name\":\"Accueil\",\"item\":\"https:\/\/dicodusport.fr\/blog\/\"},{\"@type\":\"ListItem\",\"position\":2,\"name\":\"VTT XCC Araxa 2 2025 : Evie Richards s&rsquo;impose lors du deuxi\u00e8me format court de la saison\"}]},{\"@type\":\"WebSite\",\"@id\":\"https:\/\/dicodusport.fr\/blog\/#website\",\"url\":\"https:\/\/dicodusport.fr\/blog\/\",\"name\":\"Dicodusport\",\"description\":\"L&#039;encyclop\u00e9die de l&#039;actualit\u00e9 sportive\",\"publisher\":{\"@id\":\"https:\/\/dicodusport.fr\/blog\/#organization\"},\"potentialAction\":[{\"@type\":\"SearchAction\",\"target\":{\"@type\":\"EntryPoint\",\"urlTemplate\":\"https:\/\/dicodusport.fr\/blog\/?s={search_term_string}\"},\"query-input\":{\"@type\":\"PropertyValueSpecification\",\"valueRequired\":true,\"valueName\":\"search_term_string\"}}],\"inLanguage\":\"fr-FR\"},{\"@type\":\"NewsMediaOrganization\",\"@id\":\"https:\/\/dicodusport.fr\/blog\/#organization\",\"name\":\"Dicodusport\",\"url\":\"https:\/\/dicodusport.fr\/blog\/\",\"logo\":{\"@type\":\"ImageObject\",\"inLanguage\":\"fr-FR\",\"@id\":\"https:\/\/dicodusport.fr\/blog\/#\/schema\/logo\/image\/\",\"url\":\"https:\/\/dicodusport.fr\/blog\/wp-content\/uploads\/2020\/06\/cropped-LOGO-DICODUSPORT-2020-SANS-FOND-SANS-TEXTE.png\",\"contentUrl\":\"https:\/\/dicodusport.fr\/blog\/wp-content\/uploads\/2020\/06\/cropped-LOGO-DICODUSPORT-2020-SANS-FOND-SANS-TEXTE.png\",\"width\":512,\"height\":512,\"caption\":\"Dicodusport\"},\"image\":{\"@id\":\"https:\/\/dicodusport.fr\/blog\/#\/schema\/logo\/image\/\"},\"sameAs\":[\"https:\/\/www.facebook.com\/dicodusport\",\"https:\/\/x.com\/dicodusport\",\"https:\/\/www.instagram.com\/dicodusport\/\",\"https:\/\/www.youtube.com\/channel\/UC7V2KZ5sd3htJivAbA4ZG3w\"],\"description\":\"Dicodusport est l'encyclop\u00e9die de l'actualit\u00e9 sportive.\",\"email\":\"bonjour@dicodusport.fr\",\"legalName\":\"DICODUSPORT\",\"foundingDate\":\"2018-01-14\",\"vatID\":\"FR71834470973\",\"taxID\":\"83447097300043\",\"numberOfEmployees\":{\"@type\":\"QuantitativeValue\",\"minValue\":\"1\",\"maxValue\":\"10\"}},{\"@type\":\"Person\",\"@id\":\"https:\/\/dicodusport.fr\/blog\/#\/schema\/person\/0eaf70b33d703a1a66b1155ac1bda018\",\"name\":\"Pierre Gorce\",\"image\":{\"@type\":\"ImageObject\",\"inLanguage\":\"fr-FR\",\"@id\":\"https:\/\/dicodusport.fr\/blog\/#\/schema\/person\/image\/\",\"url\":\"https:\/\/dicodusport.fr\/blog\/wp-content\/uploads\/2022\/03\/IMG_20211214_233053_722-150x150.jpg\",\"contentUrl\":\"https:\/\/dicodusport.fr\/blog\/wp-content\/uploads\/2022\/03\/IMG_20211214_233053_722-150x150.jpg\",\"caption\":\"Pierre Gorce\"},\"description\":\"Couteau suisse venant tout droit de Haute-Savoie. Habitu\u00e9 \u00e0 regarder du sport depuis petit, j'en ai maintenant fait mon m\u00e9tier. Des sports d'hiver au surf, en passant par le tennis, la F1, le handball et l'athl\u00e9tisme, j'essaie d'avoir mes yeux sur l'enti\u00e8ret\u00e9 de l'actualit\u00e9. Jeune homme berc\u00e9 par les exploits de Jean-Baptiste Grange, Sebastian Vettel et des Experts. Membre de la g\u00e9n\u00e9ration 1999 comme Luka Doncic, Sydney McLaughlin, Lando Norris et Loana Lecomte, mais avec beaucoup moins de talent qu'eux.\",\"sameAs\":[\"https:\/\/x.com\/https:\/\/twitter.com\/pierregorce12\"],\"birthDate\":\"1999-08-29\",\"url\":\"https:\/\/dicodusport.fr\/blog\/author\/pierreg\/\"}]}<\/script>\n<!-- \/ Yoast SEO Premium plugin. -->","yoast_head_json":{"title":"VTT XCC Araxa 2 2025 : Evie Richards s'impose lors du deuxi\u00e8me format court de la saison","description":"COUPE DU MONDE DE VTT 2025 - Evie Richards s'impose lors du deuxi\u00e8me format court de la saison, toujours au Br\u00e9sil.","robots":{"index":"index","follow":"follow","max-snippet":"max-snippet:-1","max-image-preview":"max-image-preview:large","max-video-preview":"max-video-preview:-1"},"canonical":"https:\/\/dicodusport.fr\/blog\/vtt-xcc-araxa-2-2025-evie-richards-simpose-lors-du-deuxieme-format-court-de-la-saison\/","og_locale":"fr_FR","og_type":"article","og_title":"VTT XCC Araxa 2 2025 : Evie Richards s'impose lors du deuxi\u00e8me format court de la saison","og_description":"COUPE DU MONDE DE VTT 2025 - Evie Richards s'impose lors du deuxi\u00e8me format court de la saison, toujours au Br\u00e9sil.","og_url":"https:\/\/dicodusport.fr\/blog\/vtt-xcc-araxa-2-2025-evie-richards-simpose-lors-du-deuxieme-format-court-de-la-saison\/","og_site_name":"Dicodusport","article_publisher":"https:\/\/www.facebook.com\/dicodusport","article_published_time":"2025-04-11T16:27:41+00:00","article_modified_time":"2025-04-11T17:08:15+00:00","og_image":[{"width":1200,"height":674,"url":"https:\/\/dicodusport.fr\/blog\/wp-content\/uploads\/2025\/04\/VTT-XCC-Araxa-2-2025-Evie-Richards-simpose-lors-du-deuxieme-format-court-de-la-saison.png","type":"image\/png"}],"author":"Pierre Gorce","twitter_card":"summary_large_image","twitter_title":"VTT XCC Araxa 2 2025 : Evie Richards s'impose lors du deuxi\u00e8me format court de la saison","twitter_creator":"@https:\/\/twitter.com\/pierregorce12","twitter_site":"@dicodusport","schema":{"@context":"https:\/\/schema.org","@graph":[{"@type":"NewsArticle","@id":"https:\/\/dicodusport.fr\/blog\/vtt-xcc-araxa-2-2025-evie-richards-simpose-lors-du-deuxieme-format-court-de-la-saison\/#article","isPartOf":{"@id":"https:\/\/dicodusport.fr\/blog\/vtt-xcc-araxa-2-2025-evie-richards-simpose-lors-du-deuxieme-format-court-de-la-saison\/"},"author":{"name":"Pierre Gorce","@id":"https:\/\/dicodusport.fr\/blog\/#\/schema\/person\/0eaf70b33d703a1a66b1155ac1bda018"},"headline":"VTT XCC Araxa 2 2025 : Evie Richards s&rsquo;impose lors du deuxi\u00e8me format court de la saison","datePublished":"2025-04-11T16:27:41+00:00","dateModified":"2025-04-11T17:08:15+00:00","mainEntityOfPage":{"@id":"https:\/\/dicodusport.fr\/blog\/vtt-xcc-araxa-2-2025-evie-richards-simpose-lors-du-deuxieme-format-court-de-la-saison\/"},"wordCount":507,"commentCount":0,"publisher":{"@id":"https:\/\/dicodusport.fr\/blog\/#organization"},"image":{"@id":"https:\/\/dicodusport.fr\/blog\/vtt-xcc-araxa-2-2025-evie-richards-simpose-lors-du-deuxieme-format-court-de-la-saison\/#primaryimage"},"thumbnailUrl":"https:\/\/dicodusport.fr\/blog\/wp-content\/uploads\/2025\/04\/VTT-XCC-Araxa-2-2025-Evie-Richards-simpose-lors-du-deuxieme-format-court-de-la-saison.png","keywords":["br\u00e8ve","Coupe du monde de VTT","MTB World Series","VTT","VTT XCC Arax\u00e1"],"articleSection":["VTT"],"inLanguage":"fr-FR","potentialAction":[{"@type":"CommentAction","name":"Comment","target":["https:\/\/dicodusport.fr\/blog\/vtt-xcc-araxa-2-2025-evie-richards-simpose-lors-du-deuxieme-format-court-de-la-saison\/#respond"]}],"copyrightYear":"2025","copyrightHolder":{"@id":"https:\/\/dicodusport.fr\/blog\/#organization"}},{"@type":"WebPage","@id":"https:\/\/dicodusport.fr\/blog\/vtt-xcc-araxa-2-2025-evie-richards-simpose-lors-du-deuxieme-format-court-de-la-saison\/","url":"https:\/\/dicodusport.fr\/blog\/vtt-xcc-araxa-2-2025-evie-richards-simpose-lors-du-deuxieme-format-court-de-la-saison\/","name":"VTT XCC Araxa 2 2025 : Evie Richards s'impose lors du deuxi\u00e8me format court de la saison","isPartOf":{"@id":"https:\/\/dicodusport.fr\/blog\/#website"},"primaryImageOfPage":{"@id":"https:\/\/dicodusport.fr\/blog\/vtt-xcc-araxa-2-2025-evie-richards-simpose-lors-du-deuxieme-format-court-de-la-saison\/#primaryimage"},"image":{"@id":"https:\/\/dicodusport.fr\/blog\/vtt-xcc-araxa-2-2025-evie-richards-simpose-lors-du-deuxieme-format-court-de-la-saison\/#primaryimage"},"thumbnailUrl":"https:\/\/dicodusport.fr\/blog\/wp-content\/uploads\/2025\/04\/VTT-XCC-Araxa-2-2025-Evie-Richards-simpose-lors-du-deuxieme-format-court-de-la-saison.png","datePublished":"2025-04-11T16:27:41+00:00","dateModified":"2025-04-11T17:08:15+00:00","description":"COUPE DU MONDE DE VTT 2025 - Evie Richards s'impose lors du deuxi\u00e8me format court de la saison, toujours au Br\u00e9sil.","breadcrumb":{"@id":"https:\/\/dicodusport.fr\/blog\/vtt-xcc-araxa-2-2025-evie-richards-simpose-lors-du-deuxieme-format-court-de-la-saison\/#breadcrumb"},"inLanguage":"fr-FR","potentialAction":[{"@type":"ReadAction","target":["https:\/\/dicodusport.fr\/blog\/vtt-xcc-araxa-2-2025-evie-richards-simpose-lors-du-deuxieme-format-court-de-la-saison\/"]}]},{"@type":"ImageObject","inLanguage":"fr-FR","@id":"https:\/\/dicodusport.fr\/blog\/vtt-xcc-araxa-2-2025-evie-richards-simpose-lors-du-deuxieme-format-court-de-la-saison\/#primaryimage","url":"https:\/\/dicodusport.fr\/blog\/wp-content\/uploads\/2025\/04\/VTT-XCC-Araxa-2-2025-Evie-Richards-simpose-lors-du-deuxieme-format-court-de-la-saison.png","contentUrl":"https:\/\/dicodusport.fr\/blog\/wp-content\/uploads\/2025\/04\/VTT-XCC-Araxa-2-2025-Evie-Richards-simpose-lors-du-deuxieme-format-court-de-la-saison.png","width":1200,"height":674,"caption":"VTT XCC Araxa 2 2025 Evie Richards s'impose lors du deuxi\u00e8me format court de la saison"},{"@type":"BreadcrumbList","@id":"https:\/\/dicodusport.fr\/blog\/vtt-xcc-araxa-2-2025-evie-richards-simpose-lors-du-deuxieme-format-court-de-la-saison\/#breadcrumb","itemListElement":[{"@type":"ListItem","position":1,"name":"Accueil","item":"https:\/\/dicodusport.fr\/blog\/"},{"@type":"ListItem","position":2,"name":"VTT XCC Araxa 2 2025 : Evie Richards s&rsquo;impose lors du deuxi\u00e8me format court de la saison"}]},{"@type":"WebSite","@id":"https:\/\/dicodusport.fr\/blog\/#website","url":"https:\/\/dicodusport.fr\/blog\/","name":"Dicodusport","description":"L&#039;encyclop\u00e9die de l&#039;actualit\u00e9 sportive","publisher":{"@id":"https:\/\/dicodusport.fr\/blog\/#organization"},"potentialAction":[{"@type":"SearchAction","target":{"@type":"EntryPoint","urlTemplate":"https:\/\/dicodusport.fr\/blog\/?s={search_term_string}"},"query-input":{"@type":"PropertyValueSpecification","valueRequired":true,"valueName":"search_term_string"}}],"inLanguage":"fr-FR"},{"@type":"NewsMediaOrganization","@id":"https:\/\/dicodusport.fr\/blog\/#organization","name":"Dicodusport","url":"https:\/\/dicodusport.fr\/blog\/","logo":{"@type":"ImageObject","inLanguage":"fr-FR","@id":"https:\/\/dicodusport.fr\/blog\/#\/schema\/logo\/image\/","url":"https:\/\/dicodusport.fr\/blog\/wp-content\/uploads\/2020\/06\/cropped-LOGO-DICODUSPORT-2020-SANS-FOND-SANS-TEXTE.png","contentUrl":"https:\/\/dicodusport.fr\/blog\/wp-content\/uploads\/2020\/06\/cropped-LOGO-DICODUSPORT-2020-SANS-FOND-SANS-TEXTE.png","width":512,"height":512,"caption":"Dicodusport"},"image":{"@id":"https:\/\/dicodusport.fr\/blog\/#\/schema\/logo\/image\/"},"sameAs":["https:\/\/www.facebook.com\/dicodusport","https:\/\/x.com\/dicodusport","https:\/\/www.instagram.com\/dicodusport\/","https:\/\/www.youtube.com\/channel\/UC7V2KZ5sd3htJivAbA4ZG3w"],"description":"Dicodusport est l'encyclop\u00e9die de l'actualit\u00e9 sportive.","email":"bonjour@dicodusport.fr","legalName":"DICODUSPORT","foundingDate":"2018-01-14","vatID":"FR71834470973","taxID":"83447097300043","numberOfEmployees":{"@type":"QuantitativeValue","minValue":"1","maxValue":"10"}},{"@type":"Person","@id":"https:\/\/dicodusport.fr\/blog\/#\/schema\/person\/0eaf70b33d703a1a66b1155ac1bda018","name":"Pierre Gorce","image":{"@type":"ImageObject","inLanguage":"fr-FR","@id":"https:\/\/dicodusport.fr\/blog\/#\/schema\/person\/image\/","url":"https:\/\/dicodusport.fr\/blog\/wp-content\/uploads\/2022\/03\/IMG_20211214_233053_722-150x150.jpg","contentUrl":"https:\/\/dicodusport.fr\/blog\/wp-content\/uploads\/2022\/03\/IMG_20211214_233053_722-150x150.jpg","caption":"Pierre Gorce"},"description":"Couteau suisse venant tout droit de Haute-Savoie. Habitu\u00e9 \u00e0 regarder du sport depuis petit, j'en ai maintenant fait mon m\u00e9tier. Des sports d'hiver au surf, en passant par le tennis, la F1, le handball et l'athl\u00e9tisme, j'essaie d'avoir mes yeux sur l'enti\u00e8ret\u00e9 de l'actualit\u00e9. Jeune homme berc\u00e9 par les exploits de Jean-Baptiste Grange, Sebastian Vettel et des Experts. Membre de la g\u00e9n\u00e9ration 1999 comme Luka Doncic, Sydney McLaughlin, Lando Norris et Loana Lecomte, mais avec beaucoup moins de talent qu'eux.","sameAs":["https:\/\/x.com\/https:\/\/twitter.com\/pierregorce12"],"birthDate":"1999-08-29","url":"https:\/\/dicodusport.fr\/blog\/author\/pierreg\/"}]}},"_links":{"self":[{"href":"https:\/\/dicodusport.fr\/blog\/wp-json\/wp\/v2\/posts\/571631","targetHints":{"allow":["GET"]}}],"collection":[{"href":"https:\/\/dicodusport.fr\/blog\/wp-json\/wp\/v2\/posts"}],"about":[{"href":"https:\/\/dicodusport.fr\/blog\/wp-json\/wp\/v2\/types\/post"}],"author":[{"embeddable":true,"href":"https:\/\/dicodusport.fr\/blog\/wp-json\/wp\/v2\/users\/61"}],"replies":[{"embeddable":true,"href":"https:\/\/dicodusport.fr\/blog\/wp-json\/wp\/v2\/comments?post=571631"}],"version-history":[{"count":4,"href":"https:\/\/dicodusport.fr\/blog\/wp-json\/wp\/v2\/posts\/571631\/revisions"}],"predecessor-version":[{"id":571644,"href":"https:\/\/dicodusport.fr\/blog\/wp-json\/wp\/v2\/posts\/571631\/revisions\/571644"}],"wp:featuredmedia":[{"embeddable":true,"href":"https:\/\/dicodusport.fr\/blog\/wp-json\/wp\/v2\/media\/571640"}],"wp:attachment":[{"href":"https:\/\/dicodusport.fr\/blog\/wp-json\/wp\/v2\/media?parent=571631"}],"wp:term":[{"taxonomy":"category","embeddable":true,"href":"https:\/\/dicodusport.fr\/blog\/wp-json\/wp\/v2\/categories?post=571631"},{"taxonomy":"post_tag","embeddable":true,"href":"https:\/\/dicodusport.fr\/blog\/wp-json\/wp\/v2\/tags?post=571631"}],"curies":[{"name":"wp","href":"https:\/\/api.w.org\/{rel}","templated":true}]}}