{"id":571803,"date":"2025-04-12T14:28:40","date_gmt":"2025-04-12T12:28:40","guid":{"rendered":"https:\/\/dicodusport.fr\/blog\/?p=571803&#038;preview=true&#038;preview_id=571803"},"modified":"2025-05-21T17:43:52","modified_gmt":"2025-05-21T15:43:52","slug":"transferts-usap-sadek-deghmache-va-signer-en-pro-d2","status":"publish","type":"post","link":"https:\/\/dicodusport.fr\/blog\/transferts-usap-sadek-deghmache-va-signer-en-pro-d2\/","title":{"rendered":"Transferts USAP : Sadek Deghmache va signer en Pro D2"},"content":{"rendered":"<h4 style=\"text-align: justify;\"><em>TOP 14 2025<\/em><em>-2025 &#8211; Pr\u00eat\u00e9 \u00e0 Colomiers par l&rsquo;USAP cette saison, Sadek Deghmache (29 ans) va s&rsquo;engager avec Provence Rugby selon le <a href=\"https:\/\/www.rugbyrama.fr\/2025\/04\/11\/transferts-provence-rugby-en-contacts-avances-avec-sadek-deghmache-12631192.php\" target=\"_blank\" rel=\"noopener\">Midi Olympique<\/a>.\u00a0<\/em><\/h4>\n<p style=\"text-align: justify;\">Troisi\u00e8me de <strong>Pro<\/strong> <strong>D2<\/strong> \u00e0 quelques journ\u00e9es de la fin de la phase r\u00e9guli\u00e8re, <strong>Provence<\/strong> <strong>Rugby<\/strong> peut pr\u00e9tendre \u00e0 une accession en <strong>Top<\/strong> <strong>14<\/strong> d\u00e8s cette saison. Et m\u00eame si le club aixois restait en deuxi\u00e8me division, la promotion ne devrait plus tarder, tant les dirigeants mettent la main \u00e0 la poche pour recruter des joueurs de qualit\u00e9. <a href=\"https:\/\/dicodusport.fr\/blog\/transferts-lyon-sebastien-taofifenua-signe-en-pro-d2\/\"><strong>S\u00e9bastien<\/strong> <strong>Taofifenua<\/strong><\/a> et <a href=\"https:\/\/dicodusport.fr\/blog\/transferts-linternational-fidjien-caleb-muntz-va-signer-en-pro-d2\/\"><strong>Caleb<\/strong> <strong>Muntz<\/strong><\/a> ont notamment donn\u00e9 leur accord pour la saison prochaine.<\/p>\n<ul style=\"text-align: justify;\">\n<li style=\"text-align: justify;\"><strong>\u00c0 ce sujet &#8211; <a href=\"https:\/\/dicodusport.fr\/blog\/transferts-nevers-alivereti-loaloa-signe-en-top-14\/\" target=\"_blank\" rel=\"noopener\">Transferts Nevers : Alivereti Loaloa signe en Top 14<\/a><\/strong><\/li>\n<\/ul>\n<h2 style=\"text-align: justify;\">Sadek Deghmache \u00e0 un pas de Provence Rugby<\/h2>\n<p style=\"text-align: justify;\">En qu\u00eate d&rsquo;un renfort au poste de num\u00e9ro neuf, les Proven\u00e7aux sont entr\u00e9s en contact avec <strong>Sadek<\/strong> <strong>Deghmache<\/strong>, il y a quelques semaines. Mais la concurrence \u00e9tait rude sur ce dossier, tant le demi de m\u00eal\u00e9e de 29 ans brille depuis son arriv\u00e9e en pr\u00eat \u00e0 <strong>Colomiers<\/strong>. Il a d\u00e9j\u00e0 pris part \u00e0 onze feuilles de match et contribue \u00e0 la belle saison de la formation de <strong>Pro D2<\/strong>.<\/p>\n<p style=\"text-align: justify;\">Si des clubs de <strong>Top<\/strong> <strong>14<\/strong> \u00e9taient sur le coup, <strong>Sadek<\/strong> <strong>Deghmache<\/strong> a finalement donn\u00e9 sa pr\u00e9f\u00e9rence \u00e0 Provence Rugby et un accord est imminent. La saison prochaine, le joueur de 29 ans sera en concurrence avec <strong>Arthur<\/strong> <strong>Coville<\/strong> et <strong>Joris<\/strong> <strong>Cazenave<\/strong>, tous les deux sous contrat avec Provence.<\/p>\n<h2 style=\"text-align: justify;\">\u00c0 ce sujet<\/h2>\n<div class=\"vlp-link-container vlp-layout-article\"><a href=\"https:\/\/dicodusport.fr\/blog\/transferts-nevers-alivereti-loaloa-signe-en-top-14\/\" class=\"vlp-link\" title=\"Transferts Nevers : Alivereti Loaloa signe en Top 14\"><\/a><div class=\"vlp-layout-zone-side\"><div class=\"vlp-block-4 vlp-link-image\"><img loading=\"lazy\" decoding=\"async\" style=\"max-width: 792px;\" width=\"792\" height=\"445\" src=\"https:\/\/dicodusport.fr\/blog\/wp-content\/uploads\/2025\/04\/Transferts-Nevers-Alivereti-Loaloa-signe-en-Top-14.png\" class=\"attachment-800x445 size-800x445\" alt=\"\" srcset=\"https:\/\/dicodusport.fr\/blog\/wp-content\/uploads\/2025\/04\/Transferts-Nevers-Alivereti-Loaloa-signe-en-Top-14.png 1200w, https:\/\/dicodusport.fr\/blog\/wp-content\/uploads\/2025\/04\/Transferts-Nevers-Alivereti-Loaloa-signe-en-Top-14-300x169.png 300w, https:\/\/dicodusport.fr\/blog\/wp-content\/uploads\/2025\/04\/Transferts-Nevers-Alivereti-Loaloa-signe-en-Top-14-1024x575.png 1024w, https:\/\/dicodusport.fr\/blog\/wp-content\/uploads\/2025\/04\/Transferts-Nevers-Alivereti-Loaloa-signe-en-Top-14-768x431.png 768w\" sizes=\"auto, (max-width: 792px) 100vw, 792px\" \/><\/div><\/div><div class=\"vlp-layout-zone-main\"><div class=\"vlp-block-0 vlp-link-title\">Transferts Nevers : Alivereti Loaloa signe en Top 14<\/div><div class=\"vlp-block-1 vlp-link-summary\">TOP 14 2025-2025 - Alivereti Loaloa quittera Nevers en fin de saison pour rejoindre l'ASM Clermont, comme l'a confirm\u00e9 le pr\u00e9sident du club de Pro D2 en conf\u00e9rence de presse.\u00a0<\/div><div class=\"vlp-block-2 vlp-link-button\">Lire l'article<\/div><div class=\"vlp-block-3 vlp-link-url\">dicodusport.fr<\/div><\/div><\/div>\n","protected":false},"excerpt":{"rendered":"<p>TOP 14 2025-2025 &#8211; Pr\u00eat\u00e9 \u00e0 Colomiers par l&rsquo;USAP cette saison, Sadek Deghmache (29 ans) va s&rsquo;engager avec Provence Rugby.\u00a0<\/p>\n","protected":false},"author":1,"featured_media":571806,"comment_status":"open","ping_status":"closed","sticky":false,"template":"","format":"standard","meta":{"_acf_changed":false,"_daextam_enable_autolinks":"1","footnotes":""},"categories":[47052,9129,47050],"tags":[16878,13466,29105],"class_list":["post-571803","post","type-post","status-publish","format-standard","has-post-thumbnail","hentry","category-pro-d2","category-rugby-a-xv","category-top-14","tag-breve","tag-nevers","tag-transferts-rugby"],"acf":[],"yoast_head":"<!-- This site is optimized with the Yoast SEO Premium plugin v26.7 (Yoast SEO v26.7) - https:\/\/yoast.com\/wordpress\/plugins\/seo\/ -->\n<title>Transferts USAP : Sadek Deghmache va signer en Pro D2<\/title>\n<meta name=\"description\" content=\"TOP 14 2025-2025 - Pr\u00eat\u00e9 \u00e0 Colomiers par l&#039;USAP cette saison, Sadek Deghmache (29 ans) va s&#039;engager avec Provence Rugby.\u00a0\" \/>\n<meta name=\"robots\" content=\"index, follow, max-snippet:-1, max-image-preview:large, max-video-preview:-1\" \/>\n<link rel=\"canonical\" href=\"https:\/\/dicodusport.fr\/blog\/transferts-usap-sadek-deghmache-va-signer-en-pro-d2\/\" \/>\n<meta property=\"og:locale\" content=\"fr_FR\" \/>\n<meta property=\"og:type\" content=\"article\" \/>\n<meta property=\"og:title\" content=\"Transferts USAP : Sadek Deghmache va signer en Pro D2\" \/>\n<meta property=\"og:description\" content=\"TOP 14 2025-2025 - Pr\u00eat\u00e9 \u00e0 Colomiers par l&#039;USAP cette saison, Sadek Deghmache (29 ans) va s&#039;engager avec Provence Rugby.\u00a0\" \/>\n<meta property=\"og:url\" content=\"https:\/\/dicodusport.fr\/blog\/transferts-usap-sadek-deghmache-va-signer-en-pro-d2\/\" \/>\n<meta property=\"og:site_name\" content=\"Dicodusport\" \/>\n<meta property=\"article:publisher\" content=\"https:\/\/www.facebook.com\/dicodusport\" \/>\n<meta property=\"article:author\" content=\"https:\/\/www.facebook.com\/dicodusport\" \/>\n<meta property=\"article:published_time\" content=\"2025-04-12T12:28:40+00:00\" \/>\n<meta property=\"article:modified_time\" content=\"2025-05-21T15:43:52+00:00\" \/>\n<meta property=\"og:image\" content=\"https:\/\/dicodusport.fr\/blog\/wp-content\/uploads\/2025\/04\/Transferts-USAP-Sadek-Deghmache-va-signer-en-Pro-D2.png\" \/>\n\t<meta property=\"og:image:width\" content=\"1200\" \/>\n\t<meta property=\"og:image:height\" content=\"674\" \/>\n\t<meta property=\"og:image:type\" content=\"image\/png\" \/>\n<meta name=\"author\" content=\"Nicolas Jacquemard\" \/>\n<meta name=\"twitter:card\" content=\"summary_large_image\" \/>\n<meta name=\"twitter:title\" content=\"Transferts USAP : Sadek Deghmache va signer en Pro D2\" \/>\n<meta name=\"twitter:creator\" content=\"@https:\/\/twitter.com\/Nico_Jacquemard\" \/>\n<meta name=\"twitter:site\" content=\"@dicodusport\" \/>\n<script type=\"application\/ld+json\" class=\"yoast-schema-graph\">{\"@context\":\"https:\/\/schema.org\",\"@graph\":[{\"@type\":\"NewsArticle\",\"@id\":\"https:\/\/dicodusport.fr\/blog\/transferts-usap-sadek-deghmache-va-signer-en-pro-d2\/#article\",\"isPartOf\":{\"@id\":\"https:\/\/dicodusport.fr\/blog\/transferts-usap-sadek-deghmache-va-signer-en-pro-d2\/\"},\"author\":{\"name\":\"Nicolas Jacquemard\",\"@id\":\"https:\/\/dicodusport.fr\/blog\/#\/schema\/person\/55dcb50ad410894e431ed812bbb70191\"},\"headline\":\"Transferts USAP : Sadek Deghmache va signer en Pro D2\",\"datePublished\":\"2025-04-12T12:28:40+00:00\",\"dateModified\":\"2025-05-21T15:43:52+00:00\",\"mainEntityOfPage\":{\"@id\":\"https:\/\/dicodusport.fr\/blog\/transferts-usap-sadek-deghmache-va-signer-en-pro-d2\/\"},\"wordCount\":330,\"commentCount\":0,\"publisher\":{\"@id\":\"https:\/\/dicodusport.fr\/blog\/#organization\"},\"image\":{\"@id\":\"https:\/\/dicodusport.fr\/blog\/transferts-usap-sadek-deghmache-va-signer-en-pro-d2\/#primaryimage\"},\"thumbnailUrl\":\"https:\/\/dicodusport.fr\/blog\/wp-content\/uploads\/2025\/04\/Transferts-USAP-Sadek-Deghmache-va-signer-en-Pro-D2.png\",\"keywords\":[\"br\u00e8ve\",\"Nevers\",\"Transferts rugby\"],\"articleSection\":[\"Pro D2\",\"Rugby \u00e0 XV\",\"Top 14\"],\"inLanguage\":\"fr-FR\",\"potentialAction\":[{\"@type\":\"CommentAction\",\"name\":\"Comment\",\"target\":[\"https:\/\/dicodusport.fr\/blog\/transferts-usap-sadek-deghmache-va-signer-en-pro-d2\/#respond\"]}],\"copyrightYear\":\"2025\",\"copyrightHolder\":{\"@id\":\"https:\/\/dicodusport.fr\/blog\/#organization\"}},{\"@type\":\"WebPage\",\"@id\":\"https:\/\/dicodusport.fr\/blog\/transferts-usap-sadek-deghmache-va-signer-en-pro-d2\/\",\"url\":\"https:\/\/dicodusport.fr\/blog\/transferts-usap-sadek-deghmache-va-signer-en-pro-d2\/\",\"name\":\"Transferts USAP : Sadek Deghmache va signer en Pro D2\",\"isPartOf\":{\"@id\":\"https:\/\/dicodusport.fr\/blog\/#website\"},\"primaryImageOfPage\":{\"@id\":\"https:\/\/dicodusport.fr\/blog\/transferts-usap-sadek-deghmache-va-signer-en-pro-d2\/#primaryimage\"},\"image\":{\"@id\":\"https:\/\/dicodusport.fr\/blog\/transferts-usap-sadek-deghmache-va-signer-en-pro-d2\/#primaryimage\"},\"thumbnailUrl\":\"https:\/\/dicodusport.fr\/blog\/wp-content\/uploads\/2025\/04\/Transferts-USAP-Sadek-Deghmache-va-signer-en-Pro-D2.png\",\"datePublished\":\"2025-04-12T12:28:40+00:00\",\"dateModified\":\"2025-05-21T15:43:52+00:00\",\"description\":\"TOP 14 2025-2025 - Pr\u00eat\u00e9 \u00e0 Colomiers par l'USAP cette saison, Sadek Deghmache (29 ans) va s'engager avec Provence Rugby.\u00a0\",\"breadcrumb\":{\"@id\":\"https:\/\/dicodusport.fr\/blog\/transferts-usap-sadek-deghmache-va-signer-en-pro-d2\/#breadcrumb\"},\"inLanguage\":\"fr-FR\",\"potentialAction\":[{\"@type\":\"ReadAction\",\"target\":[\"https:\/\/dicodusport.fr\/blog\/transferts-usap-sadek-deghmache-va-signer-en-pro-d2\/\"]}]},{\"@type\":\"ImageObject\",\"inLanguage\":\"fr-FR\",\"@id\":\"https:\/\/dicodusport.fr\/blog\/transferts-usap-sadek-deghmache-va-signer-en-pro-d2\/#primaryimage\",\"url\":\"https:\/\/dicodusport.fr\/blog\/wp-content\/uploads\/2025\/04\/Transferts-USAP-Sadek-Deghmache-va-signer-en-Pro-D2.png\",\"contentUrl\":\"https:\/\/dicodusport.fr\/blog\/wp-content\/uploads\/2025\/04\/Transferts-USAP-Sadek-Deghmache-va-signer-en-Pro-D2.png\",\"width\":1200,\"height\":674},{\"@type\":\"BreadcrumbList\",\"@id\":\"https:\/\/dicodusport.fr\/blog\/transferts-usap-sadek-deghmache-va-signer-en-pro-d2\/#breadcrumb\",\"itemListElement\":[{\"@type\":\"ListItem\",\"position\":1,\"name\":\"Accueil\",\"item\":\"https:\/\/dicodusport.fr\/blog\/\"},{\"@type\":\"ListItem\",\"position\":2,\"name\":\"Transferts USAP : Sadek Deghmache va signer en Pro D2\"}]},{\"@type\":\"WebSite\",\"@id\":\"https:\/\/dicodusport.fr\/blog\/#website\",\"url\":\"https:\/\/dicodusport.fr\/blog\/\",\"name\":\"Dicodusport\",\"description\":\"L&#039;encyclop\u00e9die de l&#039;actualit\u00e9 sportive\",\"publisher\":{\"@id\":\"https:\/\/dicodusport.fr\/blog\/#organization\"},\"potentialAction\":[{\"@type\":\"SearchAction\",\"target\":{\"@type\":\"EntryPoint\",\"urlTemplate\":\"https:\/\/dicodusport.fr\/blog\/?s={search_term_string}\"},\"query-input\":{\"@type\":\"PropertyValueSpecification\",\"valueRequired\":true,\"valueName\":\"search_term_string\"}}],\"inLanguage\":\"fr-FR\"},{\"@type\":\"NewsMediaOrganization\",\"@id\":\"https:\/\/dicodusport.fr\/blog\/#organization\",\"name\":\"Dicodusport\",\"url\":\"https:\/\/dicodusport.fr\/blog\/\",\"logo\":{\"@type\":\"ImageObject\",\"inLanguage\":\"fr-FR\",\"@id\":\"https:\/\/dicodusport.fr\/blog\/#\/schema\/logo\/image\/\",\"url\":\"https:\/\/dicodusport.fr\/blog\/wp-content\/uploads\/2020\/06\/cropped-LOGO-DICODUSPORT-2020-SANS-FOND-SANS-TEXTE.png\",\"contentUrl\":\"https:\/\/dicodusport.fr\/blog\/wp-content\/uploads\/2020\/06\/cropped-LOGO-DICODUSPORT-2020-SANS-FOND-SANS-TEXTE.png\",\"width\":512,\"height\":512,\"caption\":\"Dicodusport\"},\"image\":{\"@id\":\"https:\/\/dicodusport.fr\/blog\/#\/schema\/logo\/image\/\"},\"sameAs\":[\"https:\/\/www.facebook.com\/dicodusport\",\"https:\/\/x.com\/dicodusport\",\"https:\/\/www.instagram.com\/dicodusport\/\",\"https:\/\/www.youtube.com\/channel\/UC7V2KZ5sd3htJivAbA4ZG3w\"],\"description\":\"Dicodusport est l'encyclop\u00e9die de l'actualit\u00e9 sportive.\",\"email\":\"bonjour@dicodusport.fr\",\"legalName\":\"DICODUSPORT\",\"foundingDate\":\"2018-01-14\",\"vatID\":\"FR71834470973\",\"taxID\":\"83447097300043\",\"numberOfEmployees\":{\"@type\":\"QuantitativeValue\",\"minValue\":\"1\",\"maxValue\":\"10\"}},{\"@type\":\"Person\",\"@id\":\"https:\/\/dicodusport.fr\/blog\/#\/schema\/person\/55dcb50ad410894e431ed812bbb70191\",\"name\":\"Nicolas Jacquemard\",\"image\":{\"@type\":\"ImageObject\",\"inLanguage\":\"fr-FR\",\"@id\":\"https:\/\/dicodusport.fr\/blog\/#\/schema\/person\/image\/\",\"url\":\"https:\/\/dicodusport.fr\/blog\/wp-content\/uploads\/2021\/05\/Nicolas-Jacquemard-150x150.jpeg\",\"contentUrl\":\"https:\/\/dicodusport.fr\/blog\/wp-content\/uploads\/2021\/05\/Nicolas-Jacquemard-150x150.jpeg\",\"caption\":\"Nicolas Jacquemard\"},\"description\":\"Passionn\u00e9 de sport et entrepreneur depuis mes 18 ans, la cr\u00e9ation de Dicodusport m'a sembl\u00e9 \u00e9vidente pour participer \u00e0 la m\u00e9diatisation d'un plus grand nombre de sports. Le chemin est long mais avec une \u00e9quipe des plus motiv\u00e9es et les Jeux Olympiques de Paris 2024 en point de mire, nous y arriverons ! Journaliste dans le monde du sport depuis plus de 5 ans, je traite aussi bien de football, de rugby, de biathlon que de cyclisme.\",\"sameAs\":[\"https:\/\/www.facebook.com\/dicodusport\",\"https:\/\/x.com\/https:\/\/twitter.com\/Nico_Jacquemard\"],\"url\":\"https:\/\/dicodusport.fr\/blog\/author\/dicodusport\/\"}]}<\/script>\n<!-- \/ Yoast SEO Premium plugin. -->","yoast_head_json":{"title":"Transferts USAP : Sadek Deghmache va signer en Pro D2","description":"TOP 14 2025-2025 - Pr\u00eat\u00e9 \u00e0 Colomiers par l'USAP cette saison, Sadek Deghmache (29 ans) va s'engager avec Provence Rugby.\u00a0","robots":{"index":"index","follow":"follow","max-snippet":"max-snippet:-1","max-image-preview":"max-image-preview:large","max-video-preview":"max-video-preview:-1"},"canonical":"https:\/\/dicodusport.fr\/blog\/transferts-usap-sadek-deghmache-va-signer-en-pro-d2\/","og_locale":"fr_FR","og_type":"article","og_title":"Transferts USAP : Sadek Deghmache va signer en Pro D2","og_description":"TOP 14 2025-2025 - Pr\u00eat\u00e9 \u00e0 Colomiers par l'USAP cette saison, Sadek Deghmache (29 ans) va s'engager avec Provence Rugby.\u00a0","og_url":"https:\/\/dicodusport.fr\/blog\/transferts-usap-sadek-deghmache-va-signer-en-pro-d2\/","og_site_name":"Dicodusport","article_publisher":"https:\/\/www.facebook.com\/dicodusport","article_author":"https:\/\/www.facebook.com\/dicodusport","article_published_time":"2025-04-12T12:28:40+00:00","article_modified_time":"2025-05-21T15:43:52+00:00","og_image":[{"width":1200,"height":674,"url":"https:\/\/dicodusport.fr\/blog\/wp-content\/uploads\/2025\/04\/Transferts-USAP-Sadek-Deghmache-va-signer-en-Pro-D2.png","type":"image\/png"}],"author":"Nicolas Jacquemard","twitter_card":"summary_large_image","twitter_title":"Transferts USAP : Sadek Deghmache va signer en Pro D2","twitter_creator":"@https:\/\/twitter.com\/Nico_Jacquemard","twitter_site":"@dicodusport","schema":{"@context":"https:\/\/schema.org","@graph":[{"@type":"NewsArticle","@id":"https:\/\/dicodusport.fr\/blog\/transferts-usap-sadek-deghmache-va-signer-en-pro-d2\/#article","isPartOf":{"@id":"https:\/\/dicodusport.fr\/blog\/transferts-usap-sadek-deghmache-va-signer-en-pro-d2\/"},"author":{"name":"Nicolas Jacquemard","@id":"https:\/\/dicodusport.fr\/blog\/#\/schema\/person\/55dcb50ad410894e431ed812bbb70191"},"headline":"Transferts USAP : Sadek Deghmache va signer en Pro D2","datePublished":"2025-04-12T12:28:40+00:00","dateModified":"2025-05-21T15:43:52+00:00","mainEntityOfPage":{"@id":"https:\/\/dicodusport.fr\/blog\/transferts-usap-sadek-deghmache-va-signer-en-pro-d2\/"},"wordCount":330,"commentCount":0,"publisher":{"@id":"https:\/\/dicodusport.fr\/blog\/#organization"},"image":{"@id":"https:\/\/dicodusport.fr\/blog\/transferts-usap-sadek-deghmache-va-signer-en-pro-d2\/#primaryimage"},"thumbnailUrl":"https:\/\/dicodusport.fr\/blog\/wp-content\/uploads\/2025\/04\/Transferts-USAP-Sadek-Deghmache-va-signer-en-Pro-D2.png","keywords":["br\u00e8ve","Nevers","Transferts rugby"],"articleSection":["Pro D2","Rugby \u00e0 XV","Top 14"],"inLanguage":"fr-FR","potentialAction":[{"@type":"CommentAction","name":"Comment","target":["https:\/\/dicodusport.fr\/blog\/transferts-usap-sadek-deghmache-va-signer-en-pro-d2\/#respond"]}],"copyrightYear":"2025","copyrightHolder":{"@id":"https:\/\/dicodusport.fr\/blog\/#organization"}},{"@type":"WebPage","@id":"https:\/\/dicodusport.fr\/blog\/transferts-usap-sadek-deghmache-va-signer-en-pro-d2\/","url":"https:\/\/dicodusport.fr\/blog\/transferts-usap-sadek-deghmache-va-signer-en-pro-d2\/","name":"Transferts USAP : Sadek Deghmache va signer en Pro D2","isPartOf":{"@id":"https:\/\/dicodusport.fr\/blog\/#website"},"primaryImageOfPage":{"@id":"https:\/\/dicodusport.fr\/blog\/transferts-usap-sadek-deghmache-va-signer-en-pro-d2\/#primaryimage"},"image":{"@id":"https:\/\/dicodusport.fr\/blog\/transferts-usap-sadek-deghmache-va-signer-en-pro-d2\/#primaryimage"},"thumbnailUrl":"https:\/\/dicodusport.fr\/blog\/wp-content\/uploads\/2025\/04\/Transferts-USAP-Sadek-Deghmache-va-signer-en-Pro-D2.png","datePublished":"2025-04-12T12:28:40+00:00","dateModified":"2025-05-21T15:43:52+00:00","description":"TOP 14 2025-2025 - Pr\u00eat\u00e9 \u00e0 Colomiers par l'USAP cette saison, Sadek Deghmache (29 ans) va s'engager avec Provence Rugby.\u00a0","breadcrumb":{"@id":"https:\/\/dicodusport.fr\/blog\/transferts-usap-sadek-deghmache-va-signer-en-pro-d2\/#breadcrumb"},"inLanguage":"fr-FR","potentialAction":[{"@type":"ReadAction","target":["https:\/\/dicodusport.fr\/blog\/transferts-usap-sadek-deghmache-va-signer-en-pro-d2\/"]}]},{"@type":"ImageObject","inLanguage":"fr-FR","@id":"https:\/\/dicodusport.fr\/blog\/transferts-usap-sadek-deghmache-va-signer-en-pro-d2\/#primaryimage","url":"https:\/\/dicodusport.fr\/blog\/wp-content\/uploads\/2025\/04\/Transferts-USAP-Sadek-Deghmache-va-signer-en-Pro-D2.png","contentUrl":"https:\/\/dicodusport.fr\/blog\/wp-content\/uploads\/2025\/04\/Transferts-USAP-Sadek-Deghmache-va-signer-en-Pro-D2.png","width":1200,"height":674},{"@type":"BreadcrumbList","@id":"https:\/\/dicodusport.fr\/blog\/transferts-usap-sadek-deghmache-va-signer-en-pro-d2\/#breadcrumb","itemListElement":[{"@type":"ListItem","position":1,"name":"Accueil","item":"https:\/\/dicodusport.fr\/blog\/"},{"@type":"ListItem","position":2,"name":"Transferts USAP : Sadek Deghmache va signer en Pro D2"}]},{"@type":"WebSite","@id":"https:\/\/dicodusport.fr\/blog\/#website","url":"https:\/\/dicodusport.fr\/blog\/","name":"Dicodusport","description":"L&#039;encyclop\u00e9die de l&#039;actualit\u00e9 sportive","publisher":{"@id":"https:\/\/dicodusport.fr\/blog\/#organization"},"potentialAction":[{"@type":"SearchAction","target":{"@type":"EntryPoint","urlTemplate":"https:\/\/dicodusport.fr\/blog\/?s={search_term_string}"},"query-input":{"@type":"PropertyValueSpecification","valueRequired":true,"valueName":"search_term_string"}}],"inLanguage":"fr-FR"},{"@type":"NewsMediaOrganization","@id":"https:\/\/dicodusport.fr\/blog\/#organization","name":"Dicodusport","url":"https:\/\/dicodusport.fr\/blog\/","logo":{"@type":"ImageObject","inLanguage":"fr-FR","@id":"https:\/\/dicodusport.fr\/blog\/#\/schema\/logo\/image\/","url":"https:\/\/dicodusport.fr\/blog\/wp-content\/uploads\/2020\/06\/cropped-LOGO-DICODUSPORT-2020-SANS-FOND-SANS-TEXTE.png","contentUrl":"https:\/\/dicodusport.fr\/blog\/wp-content\/uploads\/2020\/06\/cropped-LOGO-DICODUSPORT-2020-SANS-FOND-SANS-TEXTE.png","width":512,"height":512,"caption":"Dicodusport"},"image":{"@id":"https:\/\/dicodusport.fr\/blog\/#\/schema\/logo\/image\/"},"sameAs":["https:\/\/www.facebook.com\/dicodusport","https:\/\/x.com\/dicodusport","https:\/\/www.instagram.com\/dicodusport\/","https:\/\/www.youtube.com\/channel\/UC7V2KZ5sd3htJivAbA4ZG3w"],"description":"Dicodusport est l'encyclop\u00e9die de l'actualit\u00e9 sportive.","email":"bonjour@dicodusport.fr","legalName":"DICODUSPORT","foundingDate":"2018-01-14","vatID":"FR71834470973","taxID":"83447097300043","numberOfEmployees":{"@type":"QuantitativeValue","minValue":"1","maxValue":"10"}},{"@type":"Person","@id":"https:\/\/dicodusport.fr\/blog\/#\/schema\/person\/55dcb50ad410894e431ed812bbb70191","name":"Nicolas Jacquemard","image":{"@type":"ImageObject","inLanguage":"fr-FR","@id":"https:\/\/dicodusport.fr\/blog\/#\/schema\/person\/image\/","url":"https:\/\/dicodusport.fr\/blog\/wp-content\/uploads\/2021\/05\/Nicolas-Jacquemard-150x150.jpeg","contentUrl":"https:\/\/dicodusport.fr\/blog\/wp-content\/uploads\/2021\/05\/Nicolas-Jacquemard-150x150.jpeg","caption":"Nicolas Jacquemard"},"description":"Passionn\u00e9 de sport et entrepreneur depuis mes 18 ans, la cr\u00e9ation de Dicodusport m'a sembl\u00e9 \u00e9vidente pour participer \u00e0 la m\u00e9diatisation d'un plus grand nombre de sports. Le chemin est long mais avec une \u00e9quipe des plus motiv\u00e9es et les Jeux Olympiques de Paris 2024 en point de mire, nous y arriverons ! Journaliste dans le monde du sport depuis plus de 5 ans, je traite aussi bien de football, de rugby, de biathlon que de cyclisme.","sameAs":["https:\/\/www.facebook.com\/dicodusport","https:\/\/x.com\/https:\/\/twitter.com\/Nico_Jacquemard"],"url":"https:\/\/dicodusport.fr\/blog\/author\/dicodusport\/"}]}},"_links":{"self":[{"href":"https:\/\/dicodusport.fr\/blog\/wp-json\/wp\/v2\/posts\/571803","targetHints":{"allow":["GET"]}}],"collection":[{"href":"https:\/\/dicodusport.fr\/blog\/wp-json\/wp\/v2\/posts"}],"about":[{"href":"https:\/\/dicodusport.fr\/blog\/wp-json\/wp\/v2\/types\/post"}],"author":[{"embeddable":true,"href":"https:\/\/dicodusport.fr\/blog\/wp-json\/wp\/v2\/users\/1"}],"replies":[{"embeddable":true,"href":"https:\/\/dicodusport.fr\/blog\/wp-json\/wp\/v2\/comments?post=571803"}],"version-history":[{"count":2,"href":"https:\/\/dicodusport.fr\/blog\/wp-json\/wp\/v2\/posts\/571803\/revisions"}],"predecessor-version":[{"id":571822,"href":"https:\/\/dicodusport.fr\/blog\/wp-json\/wp\/v2\/posts\/571803\/revisions\/571822"}],"wp:featuredmedia":[{"embeddable":true,"href":"https:\/\/dicodusport.fr\/blog\/wp-json\/wp\/v2\/media\/571806"}],"wp:attachment":[{"href":"https:\/\/dicodusport.fr\/blog\/wp-json\/wp\/v2\/media?parent=571803"}],"wp:term":[{"taxonomy":"category","embeddable":true,"href":"https:\/\/dicodusport.fr\/blog\/wp-json\/wp\/v2\/categories?post=571803"},{"taxonomy":"post_tag","embeddable":true,"href":"https:\/\/dicodusport.fr\/blog\/wp-json\/wp\/v2\/tags?post=571803"}],"curies":[{"name":"wp","href":"https:\/\/api.w.org\/{rel}","templated":true}]}}