{"id":572196,"date":"2025-04-13T17:03:48","date_gmt":"2025-04-13T15:03:48","guid":{"rendered":"https:\/\/dicodusport.fr\/blog\/?p=572196&#038;preview=true&#038;preview_id=572196"},"modified":"2025-04-14T04:47:31","modified_gmt":"2025-04-14T02:47:31","slug":"paris-roubaix-2025-le-triple-de-mathieu-van-der-poel","status":"publish","type":"post","link":"https:\/\/dicodusport.fr\/blog\/paris-roubaix-2025-le-triple-de-mathieu-van-der-poel\/","title":{"rendered":"Paris-Roubaix 2025 : Le tripl\u00e9 de Mathieu van der Poel"},"content":{"rendered":"<h4 style=\"text-align: justify;\"><i>PARIS-ROUBAIX 2025 &#8211; Mathieu van der Poel (Alpecin-Deceuninck) a remport\u00e9 pour la troisi\u00e8me ann\u00e9e cons\u00e9cutive Paris-Roubaix, ce dimanche. Il a rejoint Octave Lapize et Francesco Moser dans l&rsquo;Histoire comme coureur capable d&rsquo;avoir gagn\u00e9 trois fois l&rsquo;Enfer du Nord \u00e0 la suite.<\/i><\/h4>\n<ul>\n<li style=\"text-align: justify;\"><strong>\u00c0 ce sujet &#8211; <a href=\"https:\/\/dicodusport.fr\/blog\/actualites\/cyclisme\/cyclisme-sur-route-2025\/\">L&rsquo;actualit\u00e9 du cyclisme sur route<\/a><\/strong><\/li>\n<\/ul>\n<p style=\"text-align: justify;\"><span class=\"tojvnm2t a6sixzi8 abs2jz4q a8s20v7p t1p8iaqh k5wvi7nf q3lfd5jv pk4s997a bipmatt0 cebpdrjk qowsmv63 owwhemhu dp1hu0rb dhp61c6y iyyx5f41\">La <strong>122\u00e8me \u00e9dition de <a href=\"https:\/\/www.paris-roubaix.fr\/fr\">Paris-Roubaix<\/a><\/strong> a propos\u00e9 259,2 km dont 55,3 km sur les pav\u00e9s, r\u00e9partis en 30 secteurs, ce dimanche, entre Compi\u00e8gne et Roubaix.<\/span><\/p>\n<p style=\"text-align: justify;\">D&rsquo;abord, une \u00e9chapp\u00e9e matinale de huit coureurs s&rsquo;est form\u00e9e dans la longue portion d&rsquo;asphalte depuis Compi\u00e8gne avec <strong>Kim Heiduk<\/strong> (INEOS Grenadiers), <strong>Oier Lazkano<\/strong> (Red Bull-Bora-Hansgrohe), <strong>Markus Hoelgaard<\/strong> (UNO X Mobility), <strong>Jonas Rutsch<\/strong> (Intermarch\u00e9-Wanty), <strong>Max Walker<\/strong> (XDS Astana), <strong>Jasper De Buyst<\/strong> (Lotto), <strong>Rory Townsend<\/strong> (Q36.5 Pro Cycling) et <strong>Abram Stockman<\/strong> (Unibet Tietema Rockets). L&rsquo;\u00e9cart est mont\u00e9 jusqu&rsquo;\u00e0 trois minutes avant que Alpecin-Deceuninck prenne les commandes du peloton, \u00e0 l&rsquo;approche du premier secteur pav\u00e9.<\/p>\n<ul>\n<li style=\"text-align: justify;\"><strong>\u00c0 ce sujet &#8211; <a href=\"https:\/\/dicodusport.fr\/blog\/paris-roubaix-2025-classement-et-resultats\/\">Paris-Roubaix 2025 : Classement et R\u00e9sultats<\/a><\/strong><\/li>\n<\/ul>\n<h2 style=\"text-align: justify;\">Des chutes \u00e0 gogo<\/h2>\n<p style=\"text-align: justify;\">Ensuite, <strong>Jasper Stuyven<\/strong> (Lidl-Trek), <strong>Matej Mohoric<\/strong> (Bahrain Victorious) et <strong>Jasper Philipsen<\/strong> (Alpecin-Deceuninck) ont chut\u00e9, tout comme <strong>Laurence Pithie<\/strong> (Red Bull-Bora-Hansgrohe), avant le premier secteur. Malheureusement, <strong>Jasper Stuyven<\/strong> (Lidl-Trek) n&rsquo;a pas r\u00e9ussi \u00e0 revenir sur le peloton tandis que <strong>Filippo Ganna\u00a0<\/strong>(INEOS Grenadiers) a crev\u00e9 dans le premier secteur. Apr\u00e8s un bel effort, le rouleur italien a fait la jonction avec le peloton.<\/p>\n<blockquote class=\"twitter-tweet\">\n<p dir=\"ltr\" lang=\"fr\">\u00c7a tombe de partout ! Jasper Stuyven et Jasper Philipsen sont notamment concern\u00e9s \ud83d\udc40<\/p>\n<p>Regardez <a href=\"https:\/\/twitter.com\/hashtag\/ParisRoubaix?src=hash&amp;ref_src=twsrc%5Etfw\">#ParisRoubaix<\/a> en int\u00e9gralit\u00e9 sur Eurosport <a href=\"https:\/\/twitter.com\/hashtag\/LesRP?src=hash&amp;ref_src=twsrc%5Etfw\">#LesRP<\/a> <a href=\"https:\/\/t.co\/hp0spaIiX1\">pic.twitter.com\/hp0spaIiX1<\/a><\/p>\n<p>\u2014 Eurosport France (@Eurosport_FR) <a href=\"https:\/\/twitter.com\/Eurosport_FR\/status\/1911380753218142323?ref_src=twsrc%5Etfw\">April 13, 2025<\/a><\/p><\/blockquote>\n<p><script async src=\"https:\/\/platform.twitter.com\/widgets.js\" charset=\"utf-8\"><\/script><\/p>\n<p style=\"text-align: justify;\">Dans le secteur 20, d&rsquo;Haveluy \u00e0 Wallers, les favoris se sont montr\u00e9s pour la premi\u00e8re fois avec des acc\u00e9l\u00e9rations de <a href=\"https:\/\/dicodusport.fr\/blog\/paris-nice-2025-mads-pedersen-trouve-enfin-louverture-sur-la-6eme-etape\/\"><strong>Mads Pedersen<\/strong><\/a> (Lidl-Trek), <a href=\"https:\/\/dicodusport.fr\/blog\/tour-des-flandres-2025-une-course-de-legende-tadej-pogacar-trop-fort-pour-la-concurrence\/\"><strong>Tadej Pogacar<\/strong><\/a> (UAE Team Emirates XRG) et <strong>Mathieu van der Poel<\/strong> (Alpecin-Deceuninck). Avec des acc\u00e9l\u00e9rations, l&rsquo;\u00e9cart est descendu sous les 30 secondes avec l&rsquo;\u00e9chapp\u00e9e matinale, qui a perdu <strong>Kim Heiduk<\/strong> (INEOS Grenadiers). <strong>Wout Van Aert\u00a0<\/strong>(Visma Lease a Bike) est rest\u00e9 calmement dans les roues alors que\u00a0<strong>Filippo Ganna\u00a0<\/strong>(INEOS Grenadiers) \u00e9tait mal plac\u00e9 et a d\u00fb produire un effort pour se replacer au sein du groupe des favoris.<\/p>\n<h2 style=\"text-align: justify;\">Pogacar et van der Poel animent la Trou\u00e9e d&rsquo;Arenberg<\/h2>\n<p style=\"text-align: justify;\"><strong>Tadej<\/strong> <strong>Pogacar\u00a0<\/strong>(UAE Team Emirates XRG) et <strong>Mathieu van der Poel<\/strong> (Alpecin-Deceuninck) ont impos\u00e9 un rythme \u00e9lev\u00e9 dans la Trou\u00e9e d&rsquo;Arenberg, afin de reprendre l&rsquo;\u00e9chapp\u00e9e matinale. <strong>Wout Van Aert<\/strong> (Visma Lease a Bike) et <strong>Stefan K\u00fcng<\/strong> (Groupama-FDJ) n&rsquo;ont pas pu suivre, contrairement, \u00e0 <strong>Mads Pedersen<\/strong> (Lidl-Trek), <strong>Jasper Philipsen<\/strong> (Alpecin-Deceuninck) et <strong><a href=\"https:\/\/dicodusport.fr\/blog\/cyclisme-matthew-brennan-la-nouvelle-pepite-britannique\/\">Matthew Brennan<\/a><\/strong> (Visma Lease a Bike).<\/p>\n<p style=\"text-align: justify;\">\u00c0 87 kilom\u00e8tres de l&rsquo;arriv\u00e9e,\u00a0<strong>Mathieu van der Poel\u00a0<\/strong>(Alpecin-Deceuninck) a port\u00e9 une violente acc\u00e9l\u00e9ration sur une portion asphalt\u00e9e. <strong>Tadej Pogacar<\/strong> (UAE Team Emirates XRG) a souffert, mais il a ramen\u00e9 avec lui <strong>Mads Pedersen\u00a0<\/strong>(Lidl-Trek), <strong>Stefan Bissegger<\/strong> (Decathlon AG2R La Mondiale) et\u00a0<strong>Jasper Philipsen\u00a0<\/strong>(Alpecin-Deceuninck). Mais, dans le secteur de Warlaing \u00e0 Brillon, \u00e0 70 kilom\u00e8tres de l&rsquo;arriv\u00e9e, <strong>Mads<\/strong> <strong>Pedersen<\/strong> (Lidl-Trek) a subi une crevaison tandis que <strong>Stefan Bissegger<\/strong> (Decathlon AG2R La Mondiale) a \u00e9t\u00e9 distanc\u00e9.<\/p>\n<p style=\"text-align: justify;\">Par la suite,\u00a0<strong>Jasper Philipsen\u00a0<\/strong>(Alpecin-Deceuninck) a \u00e9t\u00e9 l\u00e2ch\u00e9 dans le secteur de Mons-en-P\u00e9v\u00e8le. Mais, apr\u00e8s une grosse acc\u00e9l\u00e9ration dans le secteur de Cysoing \u00e0 Bourghelles, <strong>Tadej Pogacar\u00a0<\/strong>(UAE Team Emirates XRG) a fait une erreur dans un virage \u00e0 droite. Le Slov\u00e8ne a chut\u00e9 et a d\u00e9raill\u00e9, permettant \u00e0\u00a0<strong>Mathieu van der Poel\u00a0<\/strong>(Alpecin-Deceuninck) de prendre une avance d&rsquo;une vingtaine de secondes. En plus, le champion du monde a subi une crevaison, \u00e0 20 kilom\u00e8tres du terme.<\/p>\n<blockquote class=\"twitter-tweet\">\n<p dir=\"ltr\" lang=\"fr\">\ud83d\ude2e La chute de Pogacar ! Le champion du monde n\u00e9gocie mal un virage et part \u00e0 faute ! Van der Poel est seul en t\u00eate <a href=\"https:\/\/twitter.com\/hashtag\/ParisRoubaix?src=hash&amp;ref_src=twsrc%5Etfw\">#ParisRoubaix<\/a> <a href=\"https:\/\/twitter.com\/hashtag\/LesRP?src=hash&amp;ref_src=twsrc%5Etfw\">#LesRP<\/a> https:\/\/t.co\/2omMeWIOub<\/p>\n<p>\u2014 Eurosport France (@Eurosport_FR) <a href=\"https:\/\/twitter.com\/Eurosport_FR\/status\/1911422502548430924?ref_src=twsrc%5Etfw\">April 13, 2025<\/a><\/p><\/blockquote>\n<p><script async src=\"https:\/\/platform.twitter.com\/widgets.js\" charset=\"utf-8\"><\/script><\/p>\n<h2 style=\"text-align: justify;\">Mathieu van der Poel vainqueur par KO<\/h2>\n<p style=\"text-align: justify;\"><strong>Jasper Philipsen\u00a0<\/strong>(Alpecin-Deceuninck) a \u00e9t\u00e9 repris ensuite par un groupe compos\u00e9 de <strong>Mads Pedersen\u00a0<\/strong>(Lidl-Trek),\u00a0<strong>Florian Vermeersch\u00a0<\/strong>(UAE Team Emirates XRG),\u00a0<strong>Wout Van Aert\u00a0<\/strong>(Visma Lease a Bike), <strong>Stefan Bissegger<\/strong> (Decathlon AG2R La Mondiale) et <strong>Jonas Rutsch<\/strong> (Intermarch\u00e9-Wanty), apr\u00e8s le secteur de Templeuve. Deuxi\u00e8me des deux derni\u00e8res \u00e9ditions, il a \u00e9t\u00e9 distanc\u00e9 de ce groupe \u00e0 20 kilom\u00e8tres de l&rsquo;arriv\u00e9e.<\/p>\n<p style=\"text-align: justify;\"><strong>Tadej Pogacar\u00a0<\/strong>(UAE Team Emirates XRG) avait une minute de retard au Carrefour de l&rsquo;Arbre tandis que <strong>Florian Vermeersch<\/strong> (UAE Team Emirates XRG), <strong>Mads Pedersen<\/strong> (Lidl-Trek) et <strong>Wout Van Aert<\/strong> (Visma Lease a Bike) \u00e9taient \u00e0 un troisi\u00e8me \u00e9chelon de la course.<\/p>\n<p style=\"text-align: justify;\">Finalement,\u00a0<strong>Mathieu van der Poel<\/strong> (Alpecin-Deceuninck) s&rsquo;est impos\u00e9 en solitaire pour glaner son huiti\u00e8me Monument, malgr\u00e9 une crevaison dans le final. <strong>Tadej Pogacar<\/strong> (UAE Team Emirates XRG) a pris la deuxi\u00e8me place \u00e0 1 minute 18. <strong>Mads Pedersen<\/strong> (Lidl-Trek) a compl\u00e9t\u00e9 le podium \u00e0 2 minutes 11 devant <strong>Wout Van Aert<\/strong> (Visma Lease a Bike) et <strong>Florian Vermeersch<\/strong> (UAE Team Emirates XRG). <strong>Jonas Rutsch<\/strong> (Intermarch\u00e9 Wanty) a \u00e9t\u00e9 chercher une belle cinqui\u00e8me place devant <strong>Stefan Bissegger<\/strong> (Decathlon AG2R La Mondiale) et <strong>Markus Hoelgaard<\/strong> (UNO X Mobility), \u00e0 3 minutes 46.<\/p>\n<blockquote class=\"twitter-tweet\">\n<p dir=\"ltr\" lang=\"fr\">\ud835\udc07\ud835\udc08\ud835\udc12\ud835\udc13\ud835\udc0e\ud835\udc11\ud835\udc08\ud835\udc10\ud835\udc14\ud835\udc04 : \ud835\udc04\ud835\udc13 \ud835\udc03\ud835\udc04 \ud835\udc13\ud835\udc11\ud835\udc0e\ud835\udc08\ud835\udc12 \ud835\udc0f\ud835\udc0e\ud835\udc14\ud835\udc11 \ud835\udc15\ud835\udc00\ud835\udc0d \ud835\udc03\ud835\udc04\ud835\udc11 \ud835\udc0f\ud835\udc0e\ud835\udc04\ud835\udc0b !<\/p>\n<p>2023, 2024 et maintenant 2025 devant un certain Pogacar : MVDP est d\u00e9cid\u00e9ment imbattable sur <a href=\"https:\/\/twitter.com\/hashtag\/ParisRoubaix?src=hash&amp;ref_src=twsrc%5Etfw\">#ParisRoubaix<\/a> \ud83d\udc51 <a href=\"https:\/\/twitter.com\/hashtag\/LesRP?src=hash&amp;ref_src=twsrc%5Etfw\">#LesRP<\/a> <a href=\"https:\/\/t.co\/MsQFa9g9Sj\">pic.twitter.com\/MsQFa9g9Sj<\/a><\/p>\n<p>\u2014 Eurosport France (@Eurosport_FR) <a href=\"https:\/\/twitter.com\/Eurosport_FR\/status\/1911434276966433030?ref_src=twsrc%5Etfw\">April 13, 2025<\/a><\/p><\/blockquote>\n<p><script async src=\"https:\/\/platform.twitter.com\/widgets.js\" charset=\"utf-8\"><\/script><\/p>\n","protected":false},"excerpt":{"rendered":"<p>Mathieu van der Poel (Alpecin-Deceuninck) a remport\u00e9 pour la troisi\u00e8me ann\u00e9e cons\u00e9cutive Paris-Roubaix, ce dimanche.<\/p>\n","protected":false},"author":48,"featured_media":572306,"comment_status":"open","ping_status":"closed","sticky":false,"template":"","format":"standard","meta":{"_acf_changed":false,"_daextam_enable_autolinks":"1","footnotes":""},"categories":[46994],"tags":[3119,16878,4164,24],"class_list":["post-572196","post","type-post","status-publish","format-standard","has-post-thumbnail","hentry","category-cyclisme-sur-route","tag-actualite-cyclisme","tag-breve","tag-paris-roubaix","tag-sport"],"acf":[],"yoast_head":"<!-- This site is optimized with the Yoast SEO Premium plugin v26.7 (Yoast SEO v26.7) - https:\/\/yoast.com\/wordpress\/plugins\/seo\/ -->\n<title>Paris-Roubaix 2025 : Le tripl\u00e9 de Mathieu van der Poel<\/title>\n<meta name=\"description\" content=\"Mathieu van der Poel (Alpecin-Deceuninck) a remport\u00e9 pour la troisi\u00e8me ann\u00e9e cons\u00e9cutive Paris-Roubaix, ce dimanche.\" \/>\n<meta name=\"robots\" content=\"index, follow, max-snippet:-1, max-image-preview:large, max-video-preview:-1\" \/>\n<link rel=\"canonical\" href=\"https:\/\/dicodusport.fr\/blog\/paris-roubaix-2025-le-triple-de-mathieu-van-der-poel\/\" \/>\n<meta property=\"og:locale\" content=\"fr_FR\" \/>\n<meta property=\"og:type\" content=\"article\" \/>\n<meta property=\"og:title\" content=\"Paris-Roubaix 2025 : Le tripl\u00e9 de Mathieu van der Poel\" \/>\n<meta property=\"og:description\" content=\"Mathieu van der Poel (Alpecin-Deceuninck) a remport\u00e9 pour la troisi\u00e8me ann\u00e9e cons\u00e9cutive Paris-Roubaix, ce dimanche.\" \/>\n<meta property=\"og:url\" content=\"https:\/\/dicodusport.fr\/blog\/paris-roubaix-2025-le-triple-de-mathieu-van-der-poel\/\" \/>\n<meta property=\"og:site_name\" content=\"Dicodusport\" \/>\n<meta property=\"article:publisher\" content=\"https:\/\/www.facebook.com\/dicodusport\" \/>\n<meta property=\"article:author\" content=\"https:\/\/www.facebook.com\/groups\/LesRoisDuPeloton\" \/>\n<meta property=\"article:published_time\" content=\"2025-04-13T15:03:48+00:00\" \/>\n<meta property=\"article:modified_time\" content=\"2025-04-14T02:47:31+00:00\" \/>\n<meta property=\"og:image\" content=\"https:\/\/dicodusport.fr\/blog\/wp-content\/uploads\/2025\/04\/Paris-Roubaix-2025-Le-triple-de-Mathieu-van-der-Poel-1.png\" \/>\n\t<meta property=\"og:image:width\" content=\"1200\" \/>\n\t<meta property=\"og:image:height\" content=\"674\" \/>\n\t<meta property=\"og:image:type\" content=\"image\/png\" \/>\n<meta name=\"author\" content=\"Emilien Descampiaux\" \/>\n<meta name=\"twitter:card\" content=\"summary_large_image\" \/>\n<meta name=\"twitter:title\" content=\"Paris-Roubaix 2025 : Le tripl\u00e9 de Mathieu van der Poel\" \/>\n<meta name=\"twitter:creator\" content=\"@https:\/\/twitter.com\/LRoisDuPeloton\" \/>\n<meta name=\"twitter:site\" content=\"@dicodusport\" \/>\n<script type=\"application\/ld+json\" class=\"yoast-schema-graph\">{\"@context\":\"https:\/\/schema.org\",\"@graph\":[{\"@type\":\"NewsArticle\",\"@id\":\"https:\/\/dicodusport.fr\/blog\/paris-roubaix-2025-le-triple-de-mathieu-van-der-poel\/#article\",\"isPartOf\":{\"@id\":\"https:\/\/dicodusport.fr\/blog\/paris-roubaix-2025-le-triple-de-mathieu-van-der-poel\/\"},\"author\":{\"name\":\"Emilien Descampiaux\",\"@id\":\"https:\/\/dicodusport.fr\/blog\/#\/schema\/person\/6db4bae06b171592211be385b32876a7\"},\"headline\":\"Paris-Roubaix 2025 : Le tripl\u00e9 de Mathieu van der Poel\",\"datePublished\":\"2025-04-13T15:03:48+00:00\",\"dateModified\":\"2025-04-14T02:47:31+00:00\",\"mainEntityOfPage\":{\"@id\":\"https:\/\/dicodusport.fr\/blog\/paris-roubaix-2025-le-triple-de-mathieu-van-der-poel\/\"},\"wordCount\":874,\"commentCount\":0,\"publisher\":{\"@id\":\"https:\/\/dicodusport.fr\/blog\/#organization\"},\"image\":{\"@id\":\"https:\/\/dicodusport.fr\/blog\/paris-roubaix-2025-le-triple-de-mathieu-van-der-poel\/#primaryimage\"},\"thumbnailUrl\":\"https:\/\/dicodusport.fr\/blog\/wp-content\/uploads\/2025\/04\/Paris-Roubaix-2025-Le-triple-de-Mathieu-van-der-Poel-1.png\",\"keywords\":[\"Actualit\u00e9 Cyclisme\",\"br\u00e8ve\",\"Paris-Roubaix\",\"sport\"],\"articleSection\":[\"Cyclisme sur route\"],\"inLanguage\":\"fr-FR\",\"potentialAction\":[{\"@type\":\"CommentAction\",\"name\":\"Comment\",\"target\":[\"https:\/\/dicodusport.fr\/blog\/paris-roubaix-2025-le-triple-de-mathieu-van-der-poel\/#respond\"]}],\"copyrightYear\":\"2025\",\"copyrightHolder\":{\"@id\":\"https:\/\/dicodusport.fr\/blog\/#organization\"}},{\"@type\":\"WebPage\",\"@id\":\"https:\/\/dicodusport.fr\/blog\/paris-roubaix-2025-le-triple-de-mathieu-van-der-poel\/\",\"url\":\"https:\/\/dicodusport.fr\/blog\/paris-roubaix-2025-le-triple-de-mathieu-van-der-poel\/\",\"name\":\"Paris-Roubaix 2025 : Le tripl\u00e9 de Mathieu van der Poel\",\"isPartOf\":{\"@id\":\"https:\/\/dicodusport.fr\/blog\/#website\"},\"primaryImageOfPage\":{\"@id\":\"https:\/\/dicodusport.fr\/blog\/paris-roubaix-2025-le-triple-de-mathieu-van-der-poel\/#primaryimage\"},\"image\":{\"@id\":\"https:\/\/dicodusport.fr\/blog\/paris-roubaix-2025-le-triple-de-mathieu-van-der-poel\/#primaryimage\"},\"thumbnailUrl\":\"https:\/\/dicodusport.fr\/blog\/wp-content\/uploads\/2025\/04\/Paris-Roubaix-2025-Le-triple-de-Mathieu-van-der-Poel-1.png\",\"datePublished\":\"2025-04-13T15:03:48+00:00\",\"dateModified\":\"2025-04-14T02:47:31+00:00\",\"description\":\"Mathieu van der Poel (Alpecin-Deceuninck) a remport\u00e9 pour la troisi\u00e8me ann\u00e9e cons\u00e9cutive Paris-Roubaix, ce dimanche.\",\"breadcrumb\":{\"@id\":\"https:\/\/dicodusport.fr\/blog\/paris-roubaix-2025-le-triple-de-mathieu-van-der-poel\/#breadcrumb\"},\"inLanguage\":\"fr-FR\",\"potentialAction\":[{\"@type\":\"ReadAction\",\"target\":[\"https:\/\/dicodusport.fr\/blog\/paris-roubaix-2025-le-triple-de-mathieu-van-der-poel\/\"]}]},{\"@type\":\"ImageObject\",\"inLanguage\":\"fr-FR\",\"@id\":\"https:\/\/dicodusport.fr\/blog\/paris-roubaix-2025-le-triple-de-mathieu-van-der-poel\/#primaryimage\",\"url\":\"https:\/\/dicodusport.fr\/blog\/wp-content\/uploads\/2025\/04\/Paris-Roubaix-2025-Le-triple-de-Mathieu-van-der-Poel-1.png\",\"contentUrl\":\"https:\/\/dicodusport.fr\/blog\/wp-content\/uploads\/2025\/04\/Paris-Roubaix-2025-Le-triple-de-Mathieu-van-der-Poel-1.png\",\"width\":1200,\"height\":674,\"caption\":\"Paris-Roubaix 2025 Le tripl\u00e9 de Mathieu van der Poel (1)\"},{\"@type\":\"BreadcrumbList\",\"@id\":\"https:\/\/dicodusport.fr\/blog\/paris-roubaix-2025-le-triple-de-mathieu-van-der-poel\/#breadcrumb\",\"itemListElement\":[{\"@type\":\"ListItem\",\"position\":1,\"name\":\"Accueil\",\"item\":\"https:\/\/dicodusport.fr\/blog\/\"},{\"@type\":\"ListItem\",\"position\":2,\"name\":\"Paris-Roubaix 2025 : Le tripl\u00e9 de Mathieu van der Poel\"}]},{\"@type\":\"WebSite\",\"@id\":\"https:\/\/dicodusport.fr\/blog\/#website\",\"url\":\"https:\/\/dicodusport.fr\/blog\/\",\"name\":\"Dicodusport\",\"description\":\"L&#039;encyclop\u00e9die de l&#039;actualit\u00e9 sportive\",\"publisher\":{\"@id\":\"https:\/\/dicodusport.fr\/blog\/#organization\"},\"potentialAction\":[{\"@type\":\"SearchAction\",\"target\":{\"@type\":\"EntryPoint\",\"urlTemplate\":\"https:\/\/dicodusport.fr\/blog\/?s={search_term_string}\"},\"query-input\":{\"@type\":\"PropertyValueSpecification\",\"valueRequired\":true,\"valueName\":\"search_term_string\"}}],\"inLanguage\":\"fr-FR\"},{\"@type\":\"NewsMediaOrganization\",\"@id\":\"https:\/\/dicodusport.fr\/blog\/#organization\",\"name\":\"Dicodusport\",\"url\":\"https:\/\/dicodusport.fr\/blog\/\",\"logo\":{\"@type\":\"ImageObject\",\"inLanguage\":\"fr-FR\",\"@id\":\"https:\/\/dicodusport.fr\/blog\/#\/schema\/logo\/image\/\",\"url\":\"https:\/\/dicodusport.fr\/blog\/wp-content\/uploads\/2020\/06\/cropped-LOGO-DICODUSPORT-2020-SANS-FOND-SANS-TEXTE.png\",\"contentUrl\":\"https:\/\/dicodusport.fr\/blog\/wp-content\/uploads\/2020\/06\/cropped-LOGO-DICODUSPORT-2020-SANS-FOND-SANS-TEXTE.png\",\"width\":512,\"height\":512,\"caption\":\"Dicodusport\"},\"image\":{\"@id\":\"https:\/\/dicodusport.fr\/blog\/#\/schema\/logo\/image\/\"},\"sameAs\":[\"https:\/\/www.facebook.com\/dicodusport\",\"https:\/\/x.com\/dicodusport\",\"https:\/\/www.instagram.com\/dicodusport\/\",\"https:\/\/www.youtube.com\/channel\/UC7V2KZ5sd3htJivAbA4ZG3w\"],\"description\":\"Dicodusport est l'encyclop\u00e9die de l'actualit\u00e9 sportive.\",\"email\":\"bonjour@dicodusport.fr\",\"legalName\":\"DICODUSPORT\",\"foundingDate\":\"2018-01-14\",\"vatID\":\"FR71834470973\",\"taxID\":\"83447097300043\",\"numberOfEmployees\":{\"@type\":\"QuantitativeValue\",\"minValue\":\"1\",\"maxValue\":\"10\"}},{\"@type\":\"Person\",\"@id\":\"https:\/\/dicodusport.fr\/blog\/#\/schema\/person\/6db4bae06b171592211be385b32876a7\",\"name\":\"Emilien Descampiaux\",\"image\":{\"@type\":\"ImageObject\",\"inLanguage\":\"fr-FR\",\"@id\":\"https:\/\/dicodusport.fr\/blog\/#\/schema\/person\/image\/\",\"url\":\"https:\/\/dicodusport.fr\/blog\/wp-content\/uploads\/2021\/05\/Emilien-Descampiaux-150x150.jpg\",\"contentUrl\":\"https:\/\/dicodusport.fr\/blog\/wp-content\/uploads\/2021\/05\/Emilien-Descampiaux-150x150.jpg\",\"caption\":\"Emilien Descampiaux\"},\"description\":\"Journaliste\/r\u00e9dacteur depuis 2014 - Fan de la classe de Frank Vandenbroucke, je vis cyclisme (et de ses paysages) depuis plus de 20 ans. Je suis tr\u00e8s impliqu\u00e9 sur mes diff\u00e9rents r\u00e9seaux sociaux pour partager ma passion sur le monde et l'Histoire de la bicyclette avec ma voix sur les images en noir et blanc du succ\u00e8s de Rik Van Steenbergen lors du Ronde sur le V\u00e9lodrome de Gand.\",\"sameAs\":[\"https:\/\/www.facebook.com\/groups\/LesRoisDuPeloton\",\"https:\/\/x.com\/https:\/\/twitter.com\/LRoisDuPeloton\"],\"url\":\"https:\/\/dicodusport.fr\/blog\/author\/emiliend\/\"}]}<\/script>\n<!-- \/ Yoast SEO Premium plugin. -->","yoast_head_json":{"title":"Paris-Roubaix 2025 : Le tripl\u00e9 de Mathieu van der Poel","description":"Mathieu van der Poel (Alpecin-Deceuninck) a remport\u00e9 pour la troisi\u00e8me ann\u00e9e cons\u00e9cutive Paris-Roubaix, ce dimanche.","robots":{"index":"index","follow":"follow","max-snippet":"max-snippet:-1","max-image-preview":"max-image-preview:large","max-video-preview":"max-video-preview:-1"},"canonical":"https:\/\/dicodusport.fr\/blog\/paris-roubaix-2025-le-triple-de-mathieu-van-der-poel\/","og_locale":"fr_FR","og_type":"article","og_title":"Paris-Roubaix 2025 : Le tripl\u00e9 de Mathieu van der Poel","og_description":"Mathieu van der Poel (Alpecin-Deceuninck) a remport\u00e9 pour la troisi\u00e8me ann\u00e9e cons\u00e9cutive Paris-Roubaix, ce dimanche.","og_url":"https:\/\/dicodusport.fr\/blog\/paris-roubaix-2025-le-triple-de-mathieu-van-der-poel\/","og_site_name":"Dicodusport","article_publisher":"https:\/\/www.facebook.com\/dicodusport","article_author":"https:\/\/www.facebook.com\/groups\/LesRoisDuPeloton","article_published_time":"2025-04-13T15:03:48+00:00","article_modified_time":"2025-04-14T02:47:31+00:00","og_image":[{"width":1200,"height":674,"url":"https:\/\/dicodusport.fr\/blog\/wp-content\/uploads\/2025\/04\/Paris-Roubaix-2025-Le-triple-de-Mathieu-van-der-Poel-1.png","type":"image\/png"}],"author":"Emilien Descampiaux","twitter_card":"summary_large_image","twitter_title":"Paris-Roubaix 2025 : Le tripl\u00e9 de Mathieu van der Poel","twitter_creator":"@https:\/\/twitter.com\/LRoisDuPeloton","twitter_site":"@dicodusport","schema":{"@context":"https:\/\/schema.org","@graph":[{"@type":"NewsArticle","@id":"https:\/\/dicodusport.fr\/blog\/paris-roubaix-2025-le-triple-de-mathieu-van-der-poel\/#article","isPartOf":{"@id":"https:\/\/dicodusport.fr\/blog\/paris-roubaix-2025-le-triple-de-mathieu-van-der-poel\/"},"author":{"name":"Emilien Descampiaux","@id":"https:\/\/dicodusport.fr\/blog\/#\/schema\/person\/6db4bae06b171592211be385b32876a7"},"headline":"Paris-Roubaix 2025 : Le tripl\u00e9 de Mathieu van der Poel","datePublished":"2025-04-13T15:03:48+00:00","dateModified":"2025-04-14T02:47:31+00:00","mainEntityOfPage":{"@id":"https:\/\/dicodusport.fr\/blog\/paris-roubaix-2025-le-triple-de-mathieu-van-der-poel\/"},"wordCount":874,"commentCount":0,"publisher":{"@id":"https:\/\/dicodusport.fr\/blog\/#organization"},"image":{"@id":"https:\/\/dicodusport.fr\/blog\/paris-roubaix-2025-le-triple-de-mathieu-van-der-poel\/#primaryimage"},"thumbnailUrl":"https:\/\/dicodusport.fr\/blog\/wp-content\/uploads\/2025\/04\/Paris-Roubaix-2025-Le-triple-de-Mathieu-van-der-Poel-1.png","keywords":["Actualit\u00e9 Cyclisme","br\u00e8ve","Paris-Roubaix","sport"],"articleSection":["Cyclisme sur route"],"inLanguage":"fr-FR","potentialAction":[{"@type":"CommentAction","name":"Comment","target":["https:\/\/dicodusport.fr\/blog\/paris-roubaix-2025-le-triple-de-mathieu-van-der-poel\/#respond"]}],"copyrightYear":"2025","copyrightHolder":{"@id":"https:\/\/dicodusport.fr\/blog\/#organization"}},{"@type":"WebPage","@id":"https:\/\/dicodusport.fr\/blog\/paris-roubaix-2025-le-triple-de-mathieu-van-der-poel\/","url":"https:\/\/dicodusport.fr\/blog\/paris-roubaix-2025-le-triple-de-mathieu-van-der-poel\/","name":"Paris-Roubaix 2025 : Le tripl\u00e9 de Mathieu van der Poel","isPartOf":{"@id":"https:\/\/dicodusport.fr\/blog\/#website"},"primaryImageOfPage":{"@id":"https:\/\/dicodusport.fr\/blog\/paris-roubaix-2025-le-triple-de-mathieu-van-der-poel\/#primaryimage"},"image":{"@id":"https:\/\/dicodusport.fr\/blog\/paris-roubaix-2025-le-triple-de-mathieu-van-der-poel\/#primaryimage"},"thumbnailUrl":"https:\/\/dicodusport.fr\/blog\/wp-content\/uploads\/2025\/04\/Paris-Roubaix-2025-Le-triple-de-Mathieu-van-der-Poel-1.png","datePublished":"2025-04-13T15:03:48+00:00","dateModified":"2025-04-14T02:47:31+00:00","description":"Mathieu van der Poel (Alpecin-Deceuninck) a remport\u00e9 pour la troisi\u00e8me ann\u00e9e cons\u00e9cutive Paris-Roubaix, ce dimanche.","breadcrumb":{"@id":"https:\/\/dicodusport.fr\/blog\/paris-roubaix-2025-le-triple-de-mathieu-van-der-poel\/#breadcrumb"},"inLanguage":"fr-FR","potentialAction":[{"@type":"ReadAction","target":["https:\/\/dicodusport.fr\/blog\/paris-roubaix-2025-le-triple-de-mathieu-van-der-poel\/"]}]},{"@type":"ImageObject","inLanguage":"fr-FR","@id":"https:\/\/dicodusport.fr\/blog\/paris-roubaix-2025-le-triple-de-mathieu-van-der-poel\/#primaryimage","url":"https:\/\/dicodusport.fr\/blog\/wp-content\/uploads\/2025\/04\/Paris-Roubaix-2025-Le-triple-de-Mathieu-van-der-Poel-1.png","contentUrl":"https:\/\/dicodusport.fr\/blog\/wp-content\/uploads\/2025\/04\/Paris-Roubaix-2025-Le-triple-de-Mathieu-van-der-Poel-1.png","width":1200,"height":674,"caption":"Paris-Roubaix 2025 Le tripl\u00e9 de Mathieu van der Poel (1)"},{"@type":"BreadcrumbList","@id":"https:\/\/dicodusport.fr\/blog\/paris-roubaix-2025-le-triple-de-mathieu-van-der-poel\/#breadcrumb","itemListElement":[{"@type":"ListItem","position":1,"name":"Accueil","item":"https:\/\/dicodusport.fr\/blog\/"},{"@type":"ListItem","position":2,"name":"Paris-Roubaix 2025 : Le tripl\u00e9 de Mathieu van der Poel"}]},{"@type":"WebSite","@id":"https:\/\/dicodusport.fr\/blog\/#website","url":"https:\/\/dicodusport.fr\/blog\/","name":"Dicodusport","description":"L&#039;encyclop\u00e9die de l&#039;actualit\u00e9 sportive","publisher":{"@id":"https:\/\/dicodusport.fr\/blog\/#organization"},"potentialAction":[{"@type":"SearchAction","target":{"@type":"EntryPoint","urlTemplate":"https:\/\/dicodusport.fr\/blog\/?s={search_term_string}"},"query-input":{"@type":"PropertyValueSpecification","valueRequired":true,"valueName":"search_term_string"}}],"inLanguage":"fr-FR"},{"@type":"NewsMediaOrganization","@id":"https:\/\/dicodusport.fr\/blog\/#organization","name":"Dicodusport","url":"https:\/\/dicodusport.fr\/blog\/","logo":{"@type":"ImageObject","inLanguage":"fr-FR","@id":"https:\/\/dicodusport.fr\/blog\/#\/schema\/logo\/image\/","url":"https:\/\/dicodusport.fr\/blog\/wp-content\/uploads\/2020\/06\/cropped-LOGO-DICODUSPORT-2020-SANS-FOND-SANS-TEXTE.png","contentUrl":"https:\/\/dicodusport.fr\/blog\/wp-content\/uploads\/2020\/06\/cropped-LOGO-DICODUSPORT-2020-SANS-FOND-SANS-TEXTE.png","width":512,"height":512,"caption":"Dicodusport"},"image":{"@id":"https:\/\/dicodusport.fr\/blog\/#\/schema\/logo\/image\/"},"sameAs":["https:\/\/www.facebook.com\/dicodusport","https:\/\/x.com\/dicodusport","https:\/\/www.instagram.com\/dicodusport\/","https:\/\/www.youtube.com\/channel\/UC7V2KZ5sd3htJivAbA4ZG3w"],"description":"Dicodusport est l'encyclop\u00e9die de l'actualit\u00e9 sportive.","email":"bonjour@dicodusport.fr","legalName":"DICODUSPORT","foundingDate":"2018-01-14","vatID":"FR71834470973","taxID":"83447097300043","numberOfEmployees":{"@type":"QuantitativeValue","minValue":"1","maxValue":"10"}},{"@type":"Person","@id":"https:\/\/dicodusport.fr\/blog\/#\/schema\/person\/6db4bae06b171592211be385b32876a7","name":"Emilien Descampiaux","image":{"@type":"ImageObject","inLanguage":"fr-FR","@id":"https:\/\/dicodusport.fr\/blog\/#\/schema\/person\/image\/","url":"https:\/\/dicodusport.fr\/blog\/wp-content\/uploads\/2021\/05\/Emilien-Descampiaux-150x150.jpg","contentUrl":"https:\/\/dicodusport.fr\/blog\/wp-content\/uploads\/2021\/05\/Emilien-Descampiaux-150x150.jpg","caption":"Emilien Descampiaux"},"description":"Journaliste\/r\u00e9dacteur depuis 2014 - Fan de la classe de Frank Vandenbroucke, je vis cyclisme (et de ses paysages) depuis plus de 20 ans. Je suis tr\u00e8s impliqu\u00e9 sur mes diff\u00e9rents r\u00e9seaux sociaux pour partager ma passion sur le monde et l'Histoire de la bicyclette avec ma voix sur les images en noir et blanc du succ\u00e8s de Rik Van Steenbergen lors du Ronde sur le V\u00e9lodrome de Gand.","sameAs":["https:\/\/www.facebook.com\/groups\/LesRoisDuPeloton","https:\/\/x.com\/https:\/\/twitter.com\/LRoisDuPeloton"],"url":"https:\/\/dicodusport.fr\/blog\/author\/emiliend\/"}]}},"_links":{"self":[{"href":"https:\/\/dicodusport.fr\/blog\/wp-json\/wp\/v2\/posts\/572196","targetHints":{"allow":["GET"]}}],"collection":[{"href":"https:\/\/dicodusport.fr\/blog\/wp-json\/wp\/v2\/posts"}],"about":[{"href":"https:\/\/dicodusport.fr\/blog\/wp-json\/wp\/v2\/types\/post"}],"author":[{"embeddable":true,"href":"https:\/\/dicodusport.fr\/blog\/wp-json\/wp\/v2\/users\/48"}],"replies":[{"embeddable":true,"href":"https:\/\/dicodusport.fr\/blog\/wp-json\/wp\/v2\/comments?post=572196"}],"version-history":[{"count":6,"href":"https:\/\/dicodusport.fr\/blog\/wp-json\/wp\/v2\/posts\/572196\/revisions"}],"predecessor-version":[{"id":572468,"href":"https:\/\/dicodusport.fr\/blog\/wp-json\/wp\/v2\/posts\/572196\/revisions\/572468"}],"wp:featuredmedia":[{"embeddable":true,"href":"https:\/\/dicodusport.fr\/blog\/wp-json\/wp\/v2\/media\/572306"}],"wp:attachment":[{"href":"https:\/\/dicodusport.fr\/blog\/wp-json\/wp\/v2\/media?parent=572196"}],"wp:term":[{"taxonomy":"category","embeddable":true,"href":"https:\/\/dicodusport.fr\/blog\/wp-json\/wp\/v2\/categories?post=572196"},{"taxonomy":"post_tag","embeddable":true,"href":"https:\/\/dicodusport.fr\/blog\/wp-json\/wp\/v2\/tags?post=572196"}],"curies":[{"name":"wp","href":"https:\/\/api.w.org\/{rel}","templated":true}]}}