{"id":572463,"date":"2025-04-18T20:39:40","date_gmt":"2025-04-18T18:39:40","guid":{"rendered":"https:\/\/dicodusport.fr\/blog\/?p=572463&#038;preview=true&#038;preview_id=572463"},"modified":"2025-04-18T20:39:32","modified_gmt":"2025-04-18T18:39:32","slug":"tour-du-jura-2025-parcours-chaine-tv-et-engages","status":"publish","type":"post","link":"https:\/\/dicodusport.fr\/blog\/tour-du-jura-2025-parcours-chaine-tv-et-engages\/","title":{"rendered":"Tour du Jura 2025 : Parcours, Cha\u00eene TV et Engag\u00e9s"},"content":{"rendered":"<h4 style=\"text-align: justify;\"><em>Retrouvez le parcours d\u00e9taill\u00e9, le profil, la cha\u00eene TV et les engag\u00e9s du Tour du Jura 2025, qui se d\u00e9roule ce samedi 19 avril, entre Fraisans et le Mont Poupet.<\/em><\/h4>\n<p style=\"text-align: justify;\">Le <strong>Tour du Jura<\/strong> aura lieu le samedi 19 avril pour 176,4 kilom\u00e8tres de course \u00e0 travers un nouveau parcours dessin\u00e9 dans le massif jurassien. Cette ann\u00e9e, cette course a int\u00e9gr\u00e9 le calendrier de la <a href=\"https:\/\/dicodusport.fr\/blog\/classement-general-coupe-de-france-de-cyclisme-2025\/\">Coupe de France de cyclisme<\/a>. <strong>Parcours, profil, cha\u00eene TV et engag\u00e9s de l&rsquo;\u00e9preuve jurassienne<\/strong>.<\/p>\n<ul>\n<li style=\"text-align: justify;\"><strong>\u00c0 ce sujet &#8211; <a href=\"https:\/\/dicodusport.fr\/blog\/actualites\/cyclisme\/cyclisme-sur-route-2025\/\">L&rsquo;actualit\u00e9 du cyclisme sur route<\/a><\/strong><\/li>\n<\/ul>\n<h2 style=\"text-align: justify;\">Parcours d\u00e9taill\u00e9 et profil du Tour du Jura 2025<\/h2>\n<p style=\"text-align: justify;\">D&rsquo;abord, les coureurs partiront de <b>Fraisans<\/b>. Ensuite, ils auront 117 premiers kilom\u00e8tres de plaine par <b>Thervay<\/b> via des routes rectilignes. Dans un premier temps, ce sera une boucle de 87 kilom\u00e8tres en passant par le Massif de la Serre (3,2 km \u00e0 4,3 %) entre les vall\u00e9es du Doubs et de l&rsquo;Ognon. Dans un second temps, ce sera une trentaine de kilom\u00e8tres par <strong>Arc-et-Sennans<\/strong> et <strong>Pagnoz<\/strong>.<\/p>\n<p style=\"text-align: justify;\">Puis, place \u00e0 une portion vallonn\u00e9e avec la <strong>C\u00f4te de Chamoz<\/strong> (3 km \u00e0 7,7 %) et le <strong>Col du Coda<\/strong> (2,3 km \u00e0 5,8 %) avant de descendre sur <strong>Salins-les-Bains <\/strong>avec un petit raidard de 300 m\u00e8tres \u00e0 11 %.<\/p>\n<p style=\"text-align: justify;\">La difficile <strong>C\u00f4te de Th\u00e9sy<\/strong> (3,5 km \u00e0 9,2 %) croisera par la suite la route des coureurs. Au sommet, le peloton aura un faux plat montant de quelques kilom\u00e8tres avant une descente d&rsquo;une dizaine de kilom\u00e8tres. Au milieu de cette descente, il y aura une petite bosse \u00e0 Chaux-Champagny de 1 200 m\u00e8tres \u00e0 6,3 %.<\/p>\n<p style=\"text-align: justify;\">Ensuite, il va falloir grimper la <strong>C\u00f4te de Bracon<\/strong> (900 m \u00e0 10 %) pour atteindre une portion en vall\u00e9e d&rsquo;une dizaine de kilom\u00e8tres jusqu&rsquo;\u00e0 <strong>Salins-les-Bains<\/strong>. Finalement, il sera temps d&rsquo;escalader l&rsquo;ascension finale du <strong>Mont Poupet,<\/strong> longue de 11 kilom\u00e8tres. Les 4,1 derniers seront \u00e0 une moyenne de 8,2 %. La ligne d&rsquo;arriv\u00e9e sera plac\u00e9e pr\u00e8s de la maison foresti\u00e8re. La course sera diffus\u00e9e par par\u00a0<strong>Eurosport Max\u00a0<\/strong>et\u00a0<strong>France 3 Bourgogne-Franche-Comt\u00e9.<\/strong><\/p>\n<div id=\"attachment_573095\" style=\"width: 1210px\" class=\"wp-caption aligncenter\"><a href=\"https:\/\/dicodusport.fr\/blog\/wp-content\/uploads\/2025\/04\/Profil-du-Tour-du-Jura-2025.webp\"><img loading=\"lazy\" decoding=\"async\" aria-describedby=\"caption-attachment-573095\" class=\"size-full wp-image-573095\" src=\"https:\/\/dicodusport.fr\/blog\/wp-content\/uploads\/2025\/04\/Profil-du-Tour-du-Jura-2025.webp\" alt=\"Profil du Tour du Jura 2025\" width=\"1200\" height=\"725\" srcset=\"https:\/\/dicodusport.fr\/blog\/wp-content\/uploads\/2025\/04\/Profil-du-Tour-du-Jura-2025.webp 1200w, https:\/\/dicodusport.fr\/blog\/wp-content\/uploads\/2025\/04\/Profil-du-Tour-du-Jura-2025-300x181.webp 300w, https:\/\/dicodusport.fr\/blog\/wp-content\/uploads\/2025\/04\/Profil-du-Tour-du-Jura-2025-1024x619.webp 1024w, https:\/\/dicodusport.fr\/blog\/wp-content\/uploads\/2025\/04\/Profil-du-Tour-du-Jura-2025-768x464.webp 768w\" sizes=\"auto, (max-width: 1200px) 100vw, 1200px\" \/><\/a><p id=\"caption-attachment-573095\" class=\"wp-caption-text\">Profil du Tour du Jura 2025<\/p><\/div>\n<h2 style=\"text-align: justify;\">Heure et Cha\u00eene TV du Tour du Jura 2025<\/h2>\n<p style=\"text-align: justify;\">Le\u00a0<strong>Tour du Jura cycliste<\/strong>\u00a0se d\u00e9roule ce\u00a0<strong>samedi 19 avril 2025<\/strong>. La course est \u00e0 suivre sur\u00a0<em>Eurosport Max <\/em>\u00e0 14h30 et sur <em>Ici\/France 3 Bourgogne-Franche-Comt\u00e9<\/em> \u00e0 14h30.<\/p>\n<h2 style=\"text-align: justify;\">Les engag\u00e9s du Tour du Jura 2025<\/h2>\n<p style=\"text-align: justify;\">Qui succ\u00e9dera \u00e0 <strong>David Gaudu<\/strong> (Groupama-FDJ), <a href=\"https:\/\/dicodusport.fr\/blog\/tour-du-jura-2024-victoire-de-david-gaudu-groupama-fdj\/\">vainqueur du Tour du Jura 2024<\/a> ? Le Breton est absent, puisqu&rsquo;en phase de reprise apr\u00e8s une chute en mars dernier. Mais son \u00e9quipe alignera une composition solide, autour de <strong>Guillaume Martin<\/strong>, <a href=\"https:\/\/dicodusport.fr\/blog\/classic-grand-besancon-doubs-2025-guillaume-martin-simpose-en-costaud\/\">vainqueur la veille de la Classic Grand Besan\u00e7on Doubs<\/a>,\u00a0et <strong>Brieuc Rolland<\/strong>.<\/p>\n<p style=\"text-align: justify;\">Parmi les autres coureurs \u00e0 suivre, <strong>Magnus Cort Nielsen<\/strong> et <strong>Tobias Johannessen<\/strong> (Uno-X Mobility) auront une jolie carte \u00e0 jouer. Le Belge <strong>Cian Uijtdebroeks<\/strong> (Visma Lease a Bike) sera aussi \u00e0 suivre. C\u00f4t\u00e9 tricolore, <strong>Jordan Jegat<\/strong> (TotalEnergies) et <strong>Cl\u00e9ment Berthet<\/strong> (Decathlon AG2R La Mondiale) seront parmi les favoris de la course.<\/p>\n<a href=\"https:\/\/dicodusport.fr\/blog\/wp-content\/uploads\/2025\/04\/Startlist-definitive-du-Tour-du-Jura-2025.pdf\" class=\"pdfemb-viewer\" style=\"\" data-width=\"max\" data-height=\"max\"  data-toolbar=\"both\" data-toolbar-fixed=\"on\">Startlist d\u00e9finitive du Tour du Jura 2025<br\/><\/a>\n<h2 style=\"text-align: justify;\">Palmar\u00e8s du Tour du Jura<\/h2>\n<p style=\"text-align: justify;\"><strong>2024 &#8211;<\/strong> GAUDU David &#8211; <a href=\"https:\/\/dicodusport.fr\/blog\/classement-tour-du-jura-2024\/\"><em>Classement de la course<\/em><\/a><\/p>\n<p style=\"text-align: justify;\"><strong>2023 &#8211;<\/strong> VAUQUELIN K\u00e9vin &#8211; <a href=\"https:\/\/dicodusport.fr\/blog\/classement-tour-du-jura-2023\/\"><em>Classement de la course<\/em><\/a><\/p>\n<p style=\"text-align: justify;\"><strong>2022 &#8211;<\/strong> O&rsquo;CONNOR Ben &#8211; <em><a href=\"https:\/\/dicodusport.fr\/blog\/classement-tour-du-jura-2022\/\">Classement de la course<\/a><\/em><\/p>\n<p style=\"text-align: justify;\"><strong>2021 &#8211;<\/strong> COSNEFROY Beno\u00eet<\/p>\n<p style=\"text-align: justify;\"><strong>2019 &#8211;<\/strong> GOOSSENS Kobe<\/p>\n<p style=\"text-align: justify;\"><strong>2018 &#8211;<\/strong> HAGEN Carl Fredrik<\/p>\n<p style=\"text-align: justify;\"><strong>2017 &#8211;<\/strong> DEGAND Thomas<\/p>\n<p style=\"text-align: justify;\">\n","protected":false},"excerpt":{"rendered":"<p>Retrouvez le parcours d\u00e9taill\u00e9, le profil, la cha\u00eene TV et les engag\u00e9s du Tour du Jura 2025, qui se d\u00e9roule ce samedi 19 avril, entre Fraisans et le Mont Poupet.<\/p>\n","protected":false},"author":48,"featured_media":573097,"comment_status":"open","ping_status":"closed","sticky":false,"template":"","format":"standard","meta":{"_acf_changed":false,"_daextam_enable_autolinks":"1","footnotes":""},"categories":[46994],"tags":[3119,16878,19011],"class_list":["post-572463","post","type-post","status-publish","format-standard","has-post-thumbnail","hentry","category-cyclisme-sur-route","tag-actualite-cyclisme","tag-breve","tag-tour-du-jura"],"acf":[],"yoast_head":"<!-- This site is optimized with the Yoast SEO Premium plugin v26.7 (Yoast SEO v26.7) - https:\/\/yoast.com\/wordpress\/plugins\/seo\/ -->\n<title>Tour du Jura 2025 : Parcours, Cha\u00eene TV et Engag\u00e9s<\/title>\n<meta name=\"description\" content=\"Retrouvez le parcours d\u00e9taill\u00e9, le profil, la cha\u00eene TV et les engag\u00e9s du Tour du Jura 2025, qui se d\u00e9roule ce samedi 19 avril, entre Fraisans et le Mont Poupet.\" \/>\n<meta name=\"robots\" content=\"index, follow, max-snippet:-1, max-image-preview:large, max-video-preview:-1\" \/>\n<link rel=\"canonical\" href=\"https:\/\/dicodusport.fr\/blog\/tour-du-jura-2025-parcours-chaine-tv-et-engages\/\" \/>\n<meta property=\"og:locale\" content=\"fr_FR\" \/>\n<meta property=\"og:type\" content=\"article\" \/>\n<meta property=\"og:title\" content=\"Tour du Jura 2025 : Parcours, Cha\u00eene TV et Engag\u00e9s\" \/>\n<meta property=\"og:description\" content=\"Retrouvez le parcours d\u00e9taill\u00e9, le profil, la cha\u00eene TV et les engag\u00e9s du Tour du Jura 2025, qui se d\u00e9roule ce samedi 19 avril, entre Fraisans et le Mont Poupet.\" \/>\n<meta property=\"og:url\" content=\"https:\/\/dicodusport.fr\/blog\/tour-du-jura-2025-parcours-chaine-tv-et-engages\/\" \/>\n<meta property=\"og:site_name\" content=\"Dicodusport\" \/>\n<meta property=\"article:publisher\" content=\"https:\/\/www.facebook.com\/dicodusport\" \/>\n<meta property=\"article:author\" content=\"https:\/\/www.facebook.com\/groups\/LesRoisDuPeloton\" \/>\n<meta property=\"article:published_time\" content=\"2025-04-18T18:39:40+00:00\" \/>\n<meta property=\"og:image\" content=\"https:\/\/dicodusport.fr\/blog\/wp-content\/uploads\/2025\/04\/Tour-du-Jura-2025-Parcours-Chaine-TV-et-Engages.png\" \/>\n\t<meta property=\"og:image:width\" content=\"1200\" \/>\n\t<meta property=\"og:image:height\" content=\"674\" \/>\n\t<meta property=\"og:image:type\" content=\"image\/png\" \/>\n<meta name=\"author\" content=\"Emilien Descampiaux\" \/>\n<meta name=\"twitter:card\" content=\"summary_large_image\" \/>\n<meta name=\"twitter:title\" content=\"Tour du Jura 2025 : Parcours, Cha\u00eene TV et Engag\u00e9s\" \/>\n<meta name=\"twitter:creator\" content=\"@https:\/\/twitter.com\/LRoisDuPeloton\" \/>\n<meta name=\"twitter:site\" content=\"@dicodusport\" \/>\n<script type=\"application\/ld+json\" class=\"yoast-schema-graph\">{\"@context\":\"https:\/\/schema.org\",\"@graph\":[{\"@type\":\"NewsArticle\",\"@id\":\"https:\/\/dicodusport.fr\/blog\/tour-du-jura-2025-parcours-chaine-tv-et-engages\/#article\",\"isPartOf\":{\"@id\":\"https:\/\/dicodusport.fr\/blog\/tour-du-jura-2025-parcours-chaine-tv-et-engages\/\"},\"author\":{\"name\":\"Emilien Descampiaux\",\"@id\":\"https:\/\/dicodusport.fr\/blog\/#\/schema\/person\/6db4bae06b171592211be385b32876a7\"},\"headline\":\"Tour du Jura 2025 : Parcours, Cha\u00eene TV et Engag\u00e9s\",\"datePublished\":\"2025-04-18T18:39:40+00:00\",\"mainEntityOfPage\":{\"@id\":\"https:\/\/dicodusport.fr\/blog\/tour-du-jura-2025-parcours-chaine-tv-et-engages\/\"},\"wordCount\":556,\"commentCount\":0,\"publisher\":{\"@id\":\"https:\/\/dicodusport.fr\/blog\/#organization\"},\"image\":{\"@id\":\"https:\/\/dicodusport.fr\/blog\/tour-du-jura-2025-parcours-chaine-tv-et-engages\/#primaryimage\"},\"thumbnailUrl\":\"https:\/\/dicodusport.fr\/blog\/wp-content\/uploads\/2025\/04\/Tour-du-Jura-2025-Parcours-Chaine-TV-et-Engages.png\",\"keywords\":[\"Actualit\u00e9 Cyclisme\",\"br\u00e8ve\",\"Tour du Jura\"],\"articleSection\":[\"Cyclisme sur route\"],\"inLanguage\":\"fr-FR\",\"potentialAction\":[{\"@type\":\"CommentAction\",\"name\":\"Comment\",\"target\":[\"https:\/\/dicodusport.fr\/blog\/tour-du-jura-2025-parcours-chaine-tv-et-engages\/#respond\"]}],\"copyrightYear\":\"2025\",\"copyrightHolder\":{\"@id\":\"https:\/\/dicodusport.fr\/blog\/#organization\"}},{\"@type\":\"WebPage\",\"@id\":\"https:\/\/dicodusport.fr\/blog\/tour-du-jura-2025-parcours-chaine-tv-et-engages\/\",\"url\":\"https:\/\/dicodusport.fr\/blog\/tour-du-jura-2025-parcours-chaine-tv-et-engages\/\",\"name\":\"Tour du Jura 2025 : Parcours, Cha\u00eene TV et Engag\u00e9s\",\"isPartOf\":{\"@id\":\"https:\/\/dicodusport.fr\/blog\/#website\"},\"primaryImageOfPage\":{\"@id\":\"https:\/\/dicodusport.fr\/blog\/tour-du-jura-2025-parcours-chaine-tv-et-engages\/#primaryimage\"},\"image\":{\"@id\":\"https:\/\/dicodusport.fr\/blog\/tour-du-jura-2025-parcours-chaine-tv-et-engages\/#primaryimage\"},\"thumbnailUrl\":\"https:\/\/dicodusport.fr\/blog\/wp-content\/uploads\/2025\/04\/Tour-du-Jura-2025-Parcours-Chaine-TV-et-Engages.png\",\"datePublished\":\"2025-04-18T18:39:40+00:00\",\"description\":\"Retrouvez le parcours d\u00e9taill\u00e9, le profil, la cha\u00eene TV et les engag\u00e9s du Tour du Jura 2025, qui se d\u00e9roule ce samedi 19 avril, entre Fraisans et le Mont Poupet.\",\"breadcrumb\":{\"@id\":\"https:\/\/dicodusport.fr\/blog\/tour-du-jura-2025-parcours-chaine-tv-et-engages\/#breadcrumb\"},\"inLanguage\":\"fr-FR\",\"potentialAction\":[{\"@type\":\"ReadAction\",\"target\":[\"https:\/\/dicodusport.fr\/blog\/tour-du-jura-2025-parcours-chaine-tv-et-engages\/\"]}]},{\"@type\":\"ImageObject\",\"inLanguage\":\"fr-FR\",\"@id\":\"https:\/\/dicodusport.fr\/blog\/tour-du-jura-2025-parcours-chaine-tv-et-engages\/#primaryimage\",\"url\":\"https:\/\/dicodusport.fr\/blog\/wp-content\/uploads\/2025\/04\/Tour-du-Jura-2025-Parcours-Chaine-TV-et-Engages.png\",\"contentUrl\":\"https:\/\/dicodusport.fr\/blog\/wp-content\/uploads\/2025\/04\/Tour-du-Jura-2025-Parcours-Chaine-TV-et-Engages.png\",\"width\":1200,\"height\":674,\"caption\":\"Tour du Jura 2025 Parcours, Cha\u00eene TV et Engag\u00e9s\"},{\"@type\":\"BreadcrumbList\",\"@id\":\"https:\/\/dicodusport.fr\/blog\/tour-du-jura-2025-parcours-chaine-tv-et-engages\/#breadcrumb\",\"itemListElement\":[{\"@type\":\"ListItem\",\"position\":1,\"name\":\"Accueil\",\"item\":\"https:\/\/dicodusport.fr\/blog\/\"},{\"@type\":\"ListItem\",\"position\":2,\"name\":\"Tour du Jura 2025 : Parcours, Cha\u00eene TV et Engag\u00e9s\"}]},{\"@type\":\"WebSite\",\"@id\":\"https:\/\/dicodusport.fr\/blog\/#website\",\"url\":\"https:\/\/dicodusport.fr\/blog\/\",\"name\":\"Dicodusport\",\"description\":\"L&#039;encyclop\u00e9die de l&#039;actualit\u00e9 sportive\",\"publisher\":{\"@id\":\"https:\/\/dicodusport.fr\/blog\/#organization\"},\"potentialAction\":[{\"@type\":\"SearchAction\",\"target\":{\"@type\":\"EntryPoint\",\"urlTemplate\":\"https:\/\/dicodusport.fr\/blog\/?s={search_term_string}\"},\"query-input\":{\"@type\":\"PropertyValueSpecification\",\"valueRequired\":true,\"valueName\":\"search_term_string\"}}],\"inLanguage\":\"fr-FR\"},{\"@type\":\"NewsMediaOrganization\",\"@id\":\"https:\/\/dicodusport.fr\/blog\/#organization\",\"name\":\"Dicodusport\",\"url\":\"https:\/\/dicodusport.fr\/blog\/\",\"logo\":{\"@type\":\"ImageObject\",\"inLanguage\":\"fr-FR\",\"@id\":\"https:\/\/dicodusport.fr\/blog\/#\/schema\/logo\/image\/\",\"url\":\"https:\/\/dicodusport.fr\/blog\/wp-content\/uploads\/2020\/06\/cropped-LOGO-DICODUSPORT-2020-SANS-FOND-SANS-TEXTE.png\",\"contentUrl\":\"https:\/\/dicodusport.fr\/blog\/wp-content\/uploads\/2020\/06\/cropped-LOGO-DICODUSPORT-2020-SANS-FOND-SANS-TEXTE.png\",\"width\":512,\"height\":512,\"caption\":\"Dicodusport\"},\"image\":{\"@id\":\"https:\/\/dicodusport.fr\/blog\/#\/schema\/logo\/image\/\"},\"sameAs\":[\"https:\/\/www.facebook.com\/dicodusport\",\"https:\/\/x.com\/dicodusport\",\"https:\/\/www.instagram.com\/dicodusport\/\",\"https:\/\/www.youtube.com\/channel\/UC7V2KZ5sd3htJivAbA4ZG3w\"],\"description\":\"Dicodusport est l'encyclop\u00e9die de l'actualit\u00e9 sportive.\",\"email\":\"bonjour@dicodusport.fr\",\"legalName\":\"DICODUSPORT\",\"foundingDate\":\"2018-01-14\",\"vatID\":\"FR71834470973\",\"taxID\":\"83447097300043\",\"numberOfEmployees\":{\"@type\":\"QuantitativeValue\",\"minValue\":\"1\",\"maxValue\":\"10\"}},{\"@type\":\"Person\",\"@id\":\"https:\/\/dicodusport.fr\/blog\/#\/schema\/person\/6db4bae06b171592211be385b32876a7\",\"name\":\"Emilien Descampiaux\",\"image\":{\"@type\":\"ImageObject\",\"inLanguage\":\"fr-FR\",\"@id\":\"https:\/\/dicodusport.fr\/blog\/#\/schema\/person\/image\/\",\"url\":\"https:\/\/dicodusport.fr\/blog\/wp-content\/uploads\/2021\/05\/Emilien-Descampiaux-150x150.jpg\",\"contentUrl\":\"https:\/\/dicodusport.fr\/blog\/wp-content\/uploads\/2021\/05\/Emilien-Descampiaux-150x150.jpg\",\"caption\":\"Emilien Descampiaux\"},\"description\":\"Journaliste\/r\u00e9dacteur depuis 2014 - Fan de la classe de Frank Vandenbroucke, je vis cyclisme (et de ses paysages) depuis plus de 20 ans. Je suis tr\u00e8s impliqu\u00e9 sur mes diff\u00e9rents r\u00e9seaux sociaux pour partager ma passion sur le monde et l'Histoire de la bicyclette avec ma voix sur les images en noir et blanc du succ\u00e8s de Rik Van Steenbergen lors du Ronde sur le V\u00e9lodrome de Gand.\",\"sameAs\":[\"https:\/\/www.facebook.com\/groups\/LesRoisDuPeloton\",\"https:\/\/x.com\/https:\/\/twitter.com\/LRoisDuPeloton\"],\"url\":\"https:\/\/dicodusport.fr\/blog\/author\/emiliend\/\"}]}<\/script>\n<!-- \/ Yoast SEO Premium plugin. -->","yoast_head_json":{"title":"Tour du Jura 2025 : Parcours, Cha\u00eene TV et Engag\u00e9s","description":"Retrouvez le parcours d\u00e9taill\u00e9, le profil, la cha\u00eene TV et les engag\u00e9s du Tour du Jura 2025, qui se d\u00e9roule ce samedi 19 avril, entre Fraisans et le Mont Poupet.","robots":{"index":"index","follow":"follow","max-snippet":"max-snippet:-1","max-image-preview":"max-image-preview:large","max-video-preview":"max-video-preview:-1"},"canonical":"https:\/\/dicodusport.fr\/blog\/tour-du-jura-2025-parcours-chaine-tv-et-engages\/","og_locale":"fr_FR","og_type":"article","og_title":"Tour du Jura 2025 : Parcours, Cha\u00eene TV et Engag\u00e9s","og_description":"Retrouvez le parcours d\u00e9taill\u00e9, le profil, la cha\u00eene TV et les engag\u00e9s du Tour du Jura 2025, qui se d\u00e9roule ce samedi 19 avril, entre Fraisans et le Mont Poupet.","og_url":"https:\/\/dicodusport.fr\/blog\/tour-du-jura-2025-parcours-chaine-tv-et-engages\/","og_site_name":"Dicodusport","article_publisher":"https:\/\/www.facebook.com\/dicodusport","article_author":"https:\/\/www.facebook.com\/groups\/LesRoisDuPeloton","article_published_time":"2025-04-18T18:39:40+00:00","og_image":[{"width":1200,"height":674,"url":"https:\/\/dicodusport.fr\/blog\/wp-content\/uploads\/2025\/04\/Tour-du-Jura-2025-Parcours-Chaine-TV-et-Engages.png","type":"image\/png"}],"author":"Emilien Descampiaux","twitter_card":"summary_large_image","twitter_title":"Tour du Jura 2025 : Parcours, Cha\u00eene TV et Engag\u00e9s","twitter_creator":"@https:\/\/twitter.com\/LRoisDuPeloton","twitter_site":"@dicodusport","schema":{"@context":"https:\/\/schema.org","@graph":[{"@type":"NewsArticle","@id":"https:\/\/dicodusport.fr\/blog\/tour-du-jura-2025-parcours-chaine-tv-et-engages\/#article","isPartOf":{"@id":"https:\/\/dicodusport.fr\/blog\/tour-du-jura-2025-parcours-chaine-tv-et-engages\/"},"author":{"name":"Emilien Descampiaux","@id":"https:\/\/dicodusport.fr\/blog\/#\/schema\/person\/6db4bae06b171592211be385b32876a7"},"headline":"Tour du Jura 2025 : Parcours, Cha\u00eene TV et Engag\u00e9s","datePublished":"2025-04-18T18:39:40+00:00","mainEntityOfPage":{"@id":"https:\/\/dicodusport.fr\/blog\/tour-du-jura-2025-parcours-chaine-tv-et-engages\/"},"wordCount":556,"commentCount":0,"publisher":{"@id":"https:\/\/dicodusport.fr\/blog\/#organization"},"image":{"@id":"https:\/\/dicodusport.fr\/blog\/tour-du-jura-2025-parcours-chaine-tv-et-engages\/#primaryimage"},"thumbnailUrl":"https:\/\/dicodusport.fr\/blog\/wp-content\/uploads\/2025\/04\/Tour-du-Jura-2025-Parcours-Chaine-TV-et-Engages.png","keywords":["Actualit\u00e9 Cyclisme","br\u00e8ve","Tour du Jura"],"articleSection":["Cyclisme sur route"],"inLanguage":"fr-FR","potentialAction":[{"@type":"CommentAction","name":"Comment","target":["https:\/\/dicodusport.fr\/blog\/tour-du-jura-2025-parcours-chaine-tv-et-engages\/#respond"]}],"copyrightYear":"2025","copyrightHolder":{"@id":"https:\/\/dicodusport.fr\/blog\/#organization"}},{"@type":"WebPage","@id":"https:\/\/dicodusport.fr\/blog\/tour-du-jura-2025-parcours-chaine-tv-et-engages\/","url":"https:\/\/dicodusport.fr\/blog\/tour-du-jura-2025-parcours-chaine-tv-et-engages\/","name":"Tour du Jura 2025 : Parcours, Cha\u00eene TV et Engag\u00e9s","isPartOf":{"@id":"https:\/\/dicodusport.fr\/blog\/#website"},"primaryImageOfPage":{"@id":"https:\/\/dicodusport.fr\/blog\/tour-du-jura-2025-parcours-chaine-tv-et-engages\/#primaryimage"},"image":{"@id":"https:\/\/dicodusport.fr\/blog\/tour-du-jura-2025-parcours-chaine-tv-et-engages\/#primaryimage"},"thumbnailUrl":"https:\/\/dicodusport.fr\/blog\/wp-content\/uploads\/2025\/04\/Tour-du-Jura-2025-Parcours-Chaine-TV-et-Engages.png","datePublished":"2025-04-18T18:39:40+00:00","description":"Retrouvez le parcours d\u00e9taill\u00e9, le profil, la cha\u00eene TV et les engag\u00e9s du Tour du Jura 2025, qui se d\u00e9roule ce samedi 19 avril, entre Fraisans et le Mont Poupet.","breadcrumb":{"@id":"https:\/\/dicodusport.fr\/blog\/tour-du-jura-2025-parcours-chaine-tv-et-engages\/#breadcrumb"},"inLanguage":"fr-FR","potentialAction":[{"@type":"ReadAction","target":["https:\/\/dicodusport.fr\/blog\/tour-du-jura-2025-parcours-chaine-tv-et-engages\/"]}]},{"@type":"ImageObject","inLanguage":"fr-FR","@id":"https:\/\/dicodusport.fr\/blog\/tour-du-jura-2025-parcours-chaine-tv-et-engages\/#primaryimage","url":"https:\/\/dicodusport.fr\/blog\/wp-content\/uploads\/2025\/04\/Tour-du-Jura-2025-Parcours-Chaine-TV-et-Engages.png","contentUrl":"https:\/\/dicodusport.fr\/blog\/wp-content\/uploads\/2025\/04\/Tour-du-Jura-2025-Parcours-Chaine-TV-et-Engages.png","width":1200,"height":674,"caption":"Tour du Jura 2025 Parcours, Cha\u00eene TV et Engag\u00e9s"},{"@type":"BreadcrumbList","@id":"https:\/\/dicodusport.fr\/blog\/tour-du-jura-2025-parcours-chaine-tv-et-engages\/#breadcrumb","itemListElement":[{"@type":"ListItem","position":1,"name":"Accueil","item":"https:\/\/dicodusport.fr\/blog\/"},{"@type":"ListItem","position":2,"name":"Tour du Jura 2025 : Parcours, Cha\u00eene TV et Engag\u00e9s"}]},{"@type":"WebSite","@id":"https:\/\/dicodusport.fr\/blog\/#website","url":"https:\/\/dicodusport.fr\/blog\/","name":"Dicodusport","description":"L&#039;encyclop\u00e9die de l&#039;actualit\u00e9 sportive","publisher":{"@id":"https:\/\/dicodusport.fr\/blog\/#organization"},"potentialAction":[{"@type":"SearchAction","target":{"@type":"EntryPoint","urlTemplate":"https:\/\/dicodusport.fr\/blog\/?s={search_term_string}"},"query-input":{"@type":"PropertyValueSpecification","valueRequired":true,"valueName":"search_term_string"}}],"inLanguage":"fr-FR"},{"@type":"NewsMediaOrganization","@id":"https:\/\/dicodusport.fr\/blog\/#organization","name":"Dicodusport","url":"https:\/\/dicodusport.fr\/blog\/","logo":{"@type":"ImageObject","inLanguage":"fr-FR","@id":"https:\/\/dicodusport.fr\/blog\/#\/schema\/logo\/image\/","url":"https:\/\/dicodusport.fr\/blog\/wp-content\/uploads\/2020\/06\/cropped-LOGO-DICODUSPORT-2020-SANS-FOND-SANS-TEXTE.png","contentUrl":"https:\/\/dicodusport.fr\/blog\/wp-content\/uploads\/2020\/06\/cropped-LOGO-DICODUSPORT-2020-SANS-FOND-SANS-TEXTE.png","width":512,"height":512,"caption":"Dicodusport"},"image":{"@id":"https:\/\/dicodusport.fr\/blog\/#\/schema\/logo\/image\/"},"sameAs":["https:\/\/www.facebook.com\/dicodusport","https:\/\/x.com\/dicodusport","https:\/\/www.instagram.com\/dicodusport\/","https:\/\/www.youtube.com\/channel\/UC7V2KZ5sd3htJivAbA4ZG3w"],"description":"Dicodusport est l'encyclop\u00e9die de l'actualit\u00e9 sportive.","email":"bonjour@dicodusport.fr","legalName":"DICODUSPORT","foundingDate":"2018-01-14","vatID":"FR71834470973","taxID":"83447097300043","numberOfEmployees":{"@type":"QuantitativeValue","minValue":"1","maxValue":"10"}},{"@type":"Person","@id":"https:\/\/dicodusport.fr\/blog\/#\/schema\/person\/6db4bae06b171592211be385b32876a7","name":"Emilien Descampiaux","image":{"@type":"ImageObject","inLanguage":"fr-FR","@id":"https:\/\/dicodusport.fr\/blog\/#\/schema\/person\/image\/","url":"https:\/\/dicodusport.fr\/blog\/wp-content\/uploads\/2021\/05\/Emilien-Descampiaux-150x150.jpg","contentUrl":"https:\/\/dicodusport.fr\/blog\/wp-content\/uploads\/2021\/05\/Emilien-Descampiaux-150x150.jpg","caption":"Emilien Descampiaux"},"description":"Journaliste\/r\u00e9dacteur depuis 2014 - Fan de la classe de Frank Vandenbroucke, je vis cyclisme (et de ses paysages) depuis plus de 20 ans. Je suis tr\u00e8s impliqu\u00e9 sur mes diff\u00e9rents r\u00e9seaux sociaux pour partager ma passion sur le monde et l'Histoire de la bicyclette avec ma voix sur les images en noir et blanc du succ\u00e8s de Rik Van Steenbergen lors du Ronde sur le V\u00e9lodrome de Gand.","sameAs":["https:\/\/www.facebook.com\/groups\/LesRoisDuPeloton","https:\/\/x.com\/https:\/\/twitter.com\/LRoisDuPeloton"],"url":"https:\/\/dicodusport.fr\/blog\/author\/emiliend\/"}]}},"_links":{"self":[{"href":"https:\/\/dicodusport.fr\/blog\/wp-json\/wp\/v2\/posts\/572463","targetHints":{"allow":["GET"]}}],"collection":[{"href":"https:\/\/dicodusport.fr\/blog\/wp-json\/wp\/v2\/posts"}],"about":[{"href":"https:\/\/dicodusport.fr\/blog\/wp-json\/wp\/v2\/types\/post"}],"author":[{"embeddable":true,"href":"https:\/\/dicodusport.fr\/blog\/wp-json\/wp\/v2\/users\/48"}],"replies":[{"embeddable":true,"href":"https:\/\/dicodusport.fr\/blog\/wp-json\/wp\/v2\/comments?post=572463"}],"version-history":[{"count":5,"href":"https:\/\/dicodusport.fr\/blog\/wp-json\/wp\/v2\/posts\/572463\/revisions"}],"predecessor-version":[{"id":573292,"href":"https:\/\/dicodusport.fr\/blog\/wp-json\/wp\/v2\/posts\/572463\/revisions\/573292"}],"wp:featuredmedia":[{"embeddable":true,"href":"https:\/\/dicodusport.fr\/blog\/wp-json\/wp\/v2\/media\/573097"}],"wp:attachment":[{"href":"https:\/\/dicodusport.fr\/blog\/wp-json\/wp\/v2\/media?parent=572463"}],"wp:term":[{"taxonomy":"category","embeddable":true,"href":"https:\/\/dicodusport.fr\/blog\/wp-json\/wp\/v2\/categories?post=572463"},{"taxonomy":"post_tag","embeddable":true,"href":"https:\/\/dicodusport.fr\/blog\/wp-json\/wp\/v2\/tags?post=572463"}],"curies":[{"name":"wp","href":"https:\/\/api.w.org\/{rel}","templated":true}]}}