{"id":572764,"date":"2025-04-18T11:00:54","date_gmt":"2025-04-18T09:00:54","guid":{"rendered":"https:\/\/dicodusport.fr\/blog\/?p=572764&#038;preview=true&#038;preview_id=572764"},"modified":"2025-04-18T06:49:46","modified_gmt":"2025-04-18T04:49:46","slug":"emilien-jeanniere-je-ne-minterdis-rien-du-tout-tant-quon-prend-du-plaisir-tout-va-bien","status":"publish","type":"post","link":"https:\/\/dicodusport.fr\/blog\/emilien-jeanniere-je-ne-minterdis-rien-du-tout-tant-quon-prend-du-plaisir-tout-va-bien\/","title":{"rendered":"\u00c9milien Jeanni\u00e8re : \u00ab\u00a0Je ne m&rsquo;interdis rien du tout, tant qu&rsquo;on prend du plaisir, tout va bien\u00a0\u00bb"},"content":{"rendered":"<h4 style=\"text-align: justify;\"><em>CYCLISME FRAN\u00c7AIS &#8211; Parmi les valeurs montantes du cyclisme tricolore, \u00c9milien Jeanni\u00e8re a r\u00e9ussi son d\u00e9but de saison. Le sprinteur de TotalEnergies a de l&rsquo;ambition, quelques objectifs bien d\u00e9finis, avec le Tour de France en ligne de mire.\u00a0<\/em><\/h4>\n<h3 style=\"text-align: justify;\">Bonjour \u00c9milien, comment \u00e7a va ? La saison est d\u00e9j\u00e0 bien entam\u00e9e&#8230;<\/h3>\n<p style=\"text-align: justify;\">\u00c7a va, je suis en coupure, ma premi\u00e8re partie de saison est termin\u00e9e, et c&rsquo;\u00e9tait pr\u00e9vu de faire une coupure apr\u00e8s le R\u00e9gion de la Loire Tour. Je vais bient\u00f4t reprendre l&rsquo;entra\u00eenement pour un nouveau bloc. Je suis satisfait d&rsquo;avoir \u00e9vit\u00e9 les chutes. On n&rsquo;est pas \u00e9pargn\u00e9s dans le peloton, mais pour ma part, \u00e7a s&rsquo;est bien pass\u00e9.<\/p>\n<h3 style=\"text-align: justify;\">D&rsquo;autant que tu commences \u00e0 beaucoup frotter. C&rsquo;est quelque chose que tu r\u00e9ussis \u00e0 faire sans peur ?<\/h3>\n<p style=\"text-align: justify;\">Ce n&rsquo;est pas toujours facile. Il y a des moments o\u00f9 la crainte et la peur sont l\u00e0, mais j&rsquo;ai tout de m\u00eame pris conscience que si on commence \u00e0 avoir peur et \u00e0 \u00eatre trop sur les freins, ce n&rsquo;est pas comme \u00e7a qu&rsquo;on va faire des r\u00e9sultats, en tout cas sur un sprint massif. Mais je ne suis pas encore assez r\u00e9gulier sur les sprints, je dois m&rsquo;am\u00e9liorer sur le placement, le fait de frotter.<\/p>\n<p style=\"text-align: justify;\">Les <strong>Tim Merlier<\/strong>, les <strong>Jasper Philipsen<\/strong>, ils ne se ratent jamais (rires). Il y a du physique, mais surtout de l&rsquo;exp\u00e9rience du placement. Ils sont \u00e0 l&rsquo;aise, et c&rsquo;est ce que je dois travailler. Mais petit \u00e0 petit, je m&rsquo;am\u00e9liore, \u00e7a va dans le bon sens. J&rsquo;ai d\u00e9j\u00e0 eu un petit d\u00e9clic mental pour y aller sans crainte. Mais c&rsquo;est de l&rsquo;exp\u00e9rience, du feeling, du ressenti, et aussi avoir une bonne \u00e9quipe autour de moi, comme \u00e0 Paris-Nice, quand <strong>Anthony Turgis<\/strong> m&rsquo;avait parfaitement plac\u00e9. C&rsquo;est un tout, avec le temps, \u00e7a pourra sourire plus r\u00e9guli\u00e8rement. Et puis j&rsquo;affectionne beaucoup plus les sprints quand une s\u00e9lection a \u00e9t\u00e9 faite au pr\u00e9alable, quand la course a \u00e9t\u00e9 un peu dure.<\/p>\n<h3 style=\"text-align: justify;\">Ton d\u00e9but de saison, et donc notamment cette deuxi\u00e8me place derri\u00e8re Tim Merlier sur Paris-Nice, \u00e7a a chang\u00e9 ton statut ?<\/h3>\n<p style=\"text-align: justify;\">D\u00e9j\u00e0, au sein de l&rsquo;\u00e9quipe, mon statut avait quelque peu chang\u00e9 suite \u00e0 ma saison derni\u00e8re. L&rsquo;\u00e9quipe a confiance en moi, que ce soit le staff, les dirigeants, les coureurs, parce que j&rsquo;ai prouv\u00e9 que je pouvais \u00eatre r\u00e9gulier. Je fais partie des coureurs qui peuvent \u00eatre prot\u00e9g\u00e9s, parce que j&rsquo;ai un profil rapide, mais qui passe les bosses. Dans le peloton, je commence \u00e0 me faire un petit nom, mais mon statut n&rsquo;a pas r\u00e9ellement chang\u00e9 encore (rires).<\/p>\n<p style=\"text-align: justify;\">Je pense que sur des courses World Tour, \u00e7a ne se battra pas pour prendre ma roue, mais sur certaines courses, j&rsquo;arrive en \u00e9tant parmi les favoris. Comme sur la Route Ad\u00e9lie de Vitr\u00e9, o\u00f9 je fais troisi\u00e8me alors que j&rsquo;\u00e9tais un des favoris au d\u00e9part. Mais il reste beaucoup \u00e0 faire, pour preuve, je n&rsquo;ai pas gagn\u00e9 ces courses-l\u00e0.<\/p>\n<div class=\"vlp-link-container vlp-layout-article\"><a href=\"https:\/\/dicodusport.fr\/blog\/paris-nice-2025-tim-merlier-double-la-mise-sur-la-2eme-etape\/\" class=\"vlp-link\" title=\"Paris-Nice 2025 : Tim Merlier double la mise sur la 2\u00e8me \u00e9tape\"><\/a><div class=\"vlp-layout-zone-side\"><div class=\"vlp-block-4 vlp-link-image\"><img loading=\"lazy\" decoding=\"async\" style=\"max-width: 792px;\" width=\"792\" height=\"445\" src=\"https:\/\/dicodusport.fr\/blog\/wp-content\/uploads\/2025\/03\/Paris-Nice-2025-Tim-Merlier-double-la-mise-sur-la-2eme-etape-2.png\" class=\"attachment-800x445 size-800x445\" alt=\"Paris-Nice 2025 Tim Merlier double la mise sur la 2\u00e8me \u00e9tape\" srcset=\"https:\/\/dicodusport.fr\/blog\/wp-content\/uploads\/2025\/03\/Paris-Nice-2025-Tim-Merlier-double-la-mise-sur-la-2eme-etape-2.png 1200w, https:\/\/dicodusport.fr\/blog\/wp-content\/uploads\/2025\/03\/Paris-Nice-2025-Tim-Merlier-double-la-mise-sur-la-2eme-etape-2-300x169.png 300w, https:\/\/dicodusport.fr\/blog\/wp-content\/uploads\/2025\/03\/Paris-Nice-2025-Tim-Merlier-double-la-mise-sur-la-2eme-etape-2-1024x575.png 1024w, https:\/\/dicodusport.fr\/blog\/wp-content\/uploads\/2025\/03\/Paris-Nice-2025-Tim-Merlier-double-la-mise-sur-la-2eme-etape-2-768x431.png 768w\" sizes=\"auto, (max-width: 792px) 100vw, 792px\" \/><\/div><\/div><div class=\"vlp-layout-zone-main\"><div class=\"vlp-block-0 vlp-link-title\">Paris-Nice 2025 : Tim Merlier double la mise sur la 2\u00e8me \u00e9tape<\/div><div class=\"vlp-block-1 vlp-link-summary\">Tim Merlier reste le patron incontest\u00e9 du sprint sur Paris-Nice. Belle deuxi\u00e8me place pour \u00c9milien Jeanni\u00e8re.<\/div><div class=\"vlp-block-2 vlp-link-button\">Lire l'article<\/div><div class=\"vlp-block-3 vlp-link-url\">dicodusport.fr<\/div><\/div><\/div>\n<h3 style=\"text-align: justify;\">Ce bon encha\u00eenement de d\u00e9but de saison, \u00e7a a pouss\u00e9 ton \u00e9quipe \u00e0 revoir ton planning ? Tu n&rsquo;as pas fait Paris-Roubaix par exemple, contrairement \u00e0 l&rsquo;an dernier&#8230;<\/h3>\n<p style=\"text-align: justify;\">Le planning \u00e9tait d\u00e9j\u00e0 plus ou moins \u00e9tabli. J&rsquo;avais \u00e9mis le souhait de faire le R\u00e9gion Pays de la Loire Tour. L&rsquo;an dernier, je l&rsquo;avais d\u00e9j\u00e0 fait et j&rsquo;avais encha\u00een\u00e9 avec Paris-Roubaix, mais \u00e7a avait \u00e9t\u00e9 de trop, et \u00e0 Roubaix, j&rsquo;\u00e9tais trop fatigu\u00e9, pas pr\u00eat, et avec le recul, vu le d\u00e9roulement du R\u00e9gion Pays de la Loire Tour, o\u00f9 \u00e7a a roul\u00e9 dur tous les jours, c&rsquo;\u00e9tait une bonne d\u00e9cision. Je ne suis pas encore le plus \u00e0 l&rsquo;aise sur les pav\u00e9s, mais j&rsquo;esp\u00e8re bien figurer sur ce genre de courses dans le futur.<\/p>\n<p style=\"text-align: justify;\">Le d\u00e9but de saison a \u00e9t\u00e9 bon, l&rsquo;objectif \u00e9tait d&rsquo;arriver sur Paris-Nice avec une bonne pr\u00e9paration. C&rsquo;\u00e9tait ma premi\u00e8re course World Tour d&rsquo;une semaine, une d\u00e9couverte. J&rsquo;avais l&rsquo;envie d&rsquo;aller bien figurer sur les sprints, et j&rsquo;ai r\u00e9ussi \u00e0 faire deuxi\u00e8me d&rsquo;une \u00e9tape. Mais il y avait l&rsquo;objectif de passer les \u00e9tapes plus dures et d&rsquo;aller au bout, et j&rsquo;ai r\u00e9ussi \u00e0 le faire. Je voulais prendre de l&rsquo;exp\u00e9rience, prendre la temp\u00e9rature.<\/p>\n<h3 style=\"text-align: justify;\">Qu&rsquo;en est-il d&rsquo;un \u00e9ventuel d\u00e9but en Grand Tour ?<\/h3>\n<p style=\"text-align: justify;\">Rien n&rsquo;est fix\u00e9 pour le moment, mais bien s\u00fbr, j&rsquo;ai envie d&rsquo;y \u00eatre. Quand on voit les 10 premi\u00e8res \u00e9tapes du Tour, il y en a quelques-unes qui peuvent \u00eatre int\u00e9ressantes pour un profil comme le mien. Mais \u00e7a va d\u00e9pendre de l&rsquo;\u00e9quipe, rien n&rsquo;est assur\u00e9, il va falloir s&rsquo;entra\u00eener pour. Tout coureur r\u00eave de faire le Tour de France, mais au fil des ann\u00e9es, le v\u00e9lo se professionnalise de plus en plus, \u00e7a demande de plus en plus d&rsquo;entra\u00eenement pour faire le Tour, le finir et encore mieux, \u00eatre performant. Il faudra bien m&rsquo;entra\u00eener, faire un bon bloc de course avant, et l&rsquo;\u00e9quipe d\u00e9cidera.<\/p>\n<h3 style=\"text-align: justify;\">Tu n&rsquo;aurais pas pr\u00e9f\u00e9r\u00e9 d\u00e9buter sur un Giro ou une Vuelta ? On conna\u00eet la pression sur les coureurs fran\u00e7ais pendant le Tour&#8230;<\/h3>\n<p style=\"text-align: justify;\">\u00c7a aurait \u00e9t\u00e9 bien d&rsquo;avoir cette approche avec un autre Grand Tour au pr\u00e9alable, mais pour cette saison, on ne fera que le Tour de France, donc impossible. Il y a deux ans, pour ma premi\u00e8re saison pro, on avait fait la Vuelta, mais je n&rsquo;avais pas \u00e9t\u00e9 retenu. Mais si je me sens pr\u00eat \u00e0 aller sur un Grand Tour, autant aller sur le Tour de France. C&rsquo;est la course dont tout le monde r\u00eave, tout le monde m&rsquo;en parle, la famille, les amis. Tout cycliste r\u00eave de le faire. Si je le fais, je ne verrai l&rsquo;ampleur qu&rsquo;une fois dedans. Mais sur le papier, je n&rsquo;ai pas plus de pression que \u00e7a. J&rsquo;ai envie de d\u00e9couvrir des courses de ce niveau-l\u00e0. Mais comme je n&rsquo;arriverai pas comme le grand favori, cela fera moins de pression, et il y aura beaucoup de bonnes choses \u00e0 faire pour cr\u00e9er la surprise.<\/p>\n<h3 style=\"text-align: justify;\">Le statut ProTeam de TotalEnergies est particulier, et on sait que la chasse aux points UCI occupe les esprits toute la saison. Quel est le message de vos directeurs sportifs ?<\/h3>\n<p style=\"text-align: justify;\">On a conscience qu&rsquo;on vient sur les courses sur invitation, on ne fera pas toutes les courses, mais on a quand m\u00eame un beau calendrier. Les organisateurs nous font souvent confiance, parce qu&rsquo;on participe souvent \u00e0 une course de mouvement. On a un beau planning de course. Et du c\u00f4t\u00e9 de l&rsquo;\u00e9quipe, on n&rsquo;a pas plus de pression que \u00e7a. Bien s\u00fbr, on veut aller chercher des points, pour assurer les prochaines saisons.<\/p>\n<p style=\"text-align: justify;\">Et la bataille est rude avec des \u00e9quipes comme Uno-X ou Tudor, mais on n&rsquo;a pas tant de pression que \u00e7a. On a toujours ces valeurs de faire au mieux, d&#8217;emmener notre leader jusqu&rsquo;au bout, et miser sur les valeurs du collectif. Le discours est d&rsquo;\u00eatre offensif pour l&rsquo;\u00e9quipe, de garder cette \u00e9quipe de baroudeurs, mais en essayant de figurer sur tous types de profils. On fait un beau d\u00e9but de saison, il nous manque quelques belles victoires, mais il ne faut pas pr\u00e9cipiter les choses.<\/p>\n<div class=\"vlp-link-container vlp-layout-article\"><a href=\"https:\/\/dicodusport.fr\/blog\/classement-uci-par-equipes-2023-2025\/\" class=\"vlp-link\" title=\"Classement UCI par \u00e9quipes 2023-2025\"><\/a><div class=\"vlp-layout-zone-side\"><div class=\"vlp-block-4 vlp-link-image\"><img loading=\"lazy\" decoding=\"async\" style=\"max-width: 792px;\" width=\"792\" height=\"445\" src=\"https:\/\/dicodusport.fr\/blog\/wp-content\/uploads\/2025\/02\/Classement-UCI-par-equipes-2023-2025.png\" class=\"attachment-800x445 size-800x445\" alt=\"Classement UCI par \u00e9quipes 2023-2025\" srcset=\"https:\/\/dicodusport.fr\/blog\/wp-content\/uploads\/2025\/02\/Classement-UCI-par-equipes-2023-2025.png 1200w, https:\/\/dicodusport.fr\/blog\/wp-content\/uploads\/2025\/02\/Classement-UCI-par-equipes-2023-2025-300x169.png 300w, https:\/\/dicodusport.fr\/blog\/wp-content\/uploads\/2025\/02\/Classement-UCI-par-equipes-2023-2025-1024x575.png 1024w, https:\/\/dicodusport.fr\/blog\/wp-content\/uploads\/2025\/02\/Classement-UCI-par-equipes-2023-2025-768x431.png 768w\" sizes=\"auto, (max-width: 792px) 100vw, 792px\" \/><\/div><\/div><div class=\"vlp-layout-zone-main\"><div class=\"vlp-block-0 vlp-link-title\">Classement UCI par \u00e9quipes 2023-2025<\/div><div class=\"vlp-block-1 vlp-link-summary\">D\u00e9couvrez le classement UCI par \u00e9quipes sur la p\u00e9riode 2023-2025<\/div><div class=\"vlp-block-2 vlp-link-button\">Lire l'article<\/div><div class=\"vlp-block-3 vlp-link-url\">dicodusport.fr<\/div><\/div><\/div>\n<h3 style=\"text-align: justify;\">\u00c0 titre personnel, ce serait une d\u00e9ception de terminer la saison sans victoire ?<\/h3>\n<p style=\"text-align: justify;\">Je ne le cache pas, j&rsquo;ai un profil rapide, je suis l\u00e0 pour faire des r\u00e9sultats. Des places d&rsquo;honneur, c&rsquo;est toujours bien, j&rsquo;ai eu la chance d&rsquo;en faire sur de nombreuses courses. Mais je suis quelqu&rsquo;un qui aime gagner, je suis un comp\u00e9titeur. C&rsquo;est s\u00fbr que ce serait d\u00e9cevant de ne pas gagner cette saison, mais je ne me dis pas \u00ab\u00a0il faut gagner \u00e0 tout prix\u00a0\u00bb. \u00c7a arrivera quand \u00e7a arrivera.<\/p>\n<h3 style=\"text-align: justify;\">Tu penses que tu manques d&rsquo;un r\u00e9el poisson-pilote ?<\/h3>\n<p style=\"text-align: justify;\">L&rsquo;an dernier, c&rsquo;est un peu ce qu&rsquo;il m&rsquo;avait manqu\u00e9 sur quelques courses, et j&rsquo;en avais fait le retour \u00e0 l&rsquo;\u00e9quipe. J&rsquo;avais rafl\u00e9 quelques places d&rsquo;honneur, mais je pense que si j&rsquo;avais \u00e9t\u00e9 accompagn\u00e9 pendant le final, il y avait moyen de faire mieux. Cette ann\u00e9e, on a mis des choses en place, on a mont\u00e9 un projet sprint autour de moi et de<strong> Jason Tesson<\/strong>, qui a malheureusement \u00e9t\u00e9 rapidement stopp\u00e9.<\/p>\n<p style=\"text-align: justify;\">\u00c7a a \u00e9t\u00e9 hyper gratifiant pour moi qu&rsquo;un <strong>Anthony Turgis<\/strong>, un des leaders de l&rsquo;\u00e9quipe, puisse m&#8217;emmener dans le final d&rsquo;une course. \u00c7a me donne envie d&rsquo;aller au bout des choses. Sur les derni\u00e8res courses, j&rsquo;ai eu <strong>Lorenzo Manzin<\/strong> ou <strong>Florian Dauphin<\/strong> avec moi, des coureurs qui ont de l&rsquo;exp\u00e9rience, qui n&rsquo;h\u00e9sitent pas \u00e0 donner pour moi. C&rsquo;est une question d&rsquo;adaptation. Un sprint, ce n&rsquo;est pas qu&rsquo;un train, lui s&rsquo;\u00e9carte \u00e0 tant de m\u00e8tres de l&rsquo;arriv\u00e9e et ainsi de suite. Un sprint ne se passe jamais comme on veut. Il faut du temps, de la communication, et petit \u00e0 petit, les choses se mettent en place.<\/p>\n<h3 style=\"text-align: justify;\">Ta reprise est fix\u00e9e \u00e0 la Lotto Famenne Ardenne Classic (le 4 mai, NDLR). Tu as une id\u00e9e de la suite de ton programme ?<\/h3>\n<p style=\"text-align: justify;\">Apr\u00e8s la Famenne, je vais aller sur les courses bretonnes, le Tour du Finist\u00e8re et le Circuit du Morbihan. C&rsquo;\u00e9tait une envie de ma part, mais aussi de l&rsquo;\u00e9quipe. Ce sont des courses qui me conviennent, mais qui sont assez dures. \u00c7a me fait forc\u00e9ment penser \u00e0<strong> Julien Simon<\/strong> (rires), qui a gagn\u00e9, je ne sais plus combien de fois ces courses. C&rsquo;est un challenge pour moi.<\/p>\n<p style=\"text-align: justify;\">Et je pense forc\u00e9ment \u00e0 cette arriv\u00e9e \u00e0 Cadoudal, qui me rappelle les souvenirs de ma deuxi\u00e8me place aux Championnats d&rsquo;Europe juniors l\u00e0-bas. De plus, le circuit se rapproche de celui des Championnats de France chez moi, aux Herbiers. <strong>Arnaud De Lie<\/strong> avait gagn\u00e9 l\u00e0-bas, il y a deux ans, donc si \u00e7a peut \u00eatre le m\u00eame genre de course, ce sera int\u00e9ressant. Pas de Tro Bro Leon donc, mais ensuite, j&rsquo;irai faire la Classic Dunkerque.<\/p>\n<h3 style=\"text-align: justify;\">\u00c0 propos des Championnats de France, quelles seront tes chances l\u00e0-bas ? C&rsquo;est une course toujours particuli\u00e8re&#8230;<\/h3>\n<p style=\"text-align: justify;\">C&rsquo;est d&rsquo;abord un objectif pour l&rsquo;\u00e9quipe. Mais moi, j&rsquo;y pense depuis tr\u00e8s longtemps, je ne m&rsquo;en cache pas. Avant m\u00eame de passer chez les pros, je savais d\u00e9j\u00e0 que cette ann\u00e9e, ce serait aux Herbiers. C&rsquo;est une motivation depuis de nombreuses ann\u00e9es. J&rsquo;imagine qu&rsquo;il y aura beaucoup de monde pour me soutenir, moi et l&rsquo;\u00e9quipe. Mais je l&rsquo;ai dans un coin de la t\u00eate. Il faudra tenter des choses, et que ce soit moi ou l&rsquo;\u00e9quipe, il ne faudra pas avoir de regrets \u00e0 l&rsquo;arriv\u00e9e.<\/p>\n<h3 style=\"text-align: justify;\">D&rsquo;autant que cela fait un moment que l&rsquo;\u00e9quipe ne l&rsquo;a plus gagn\u00e9e&#8230;<\/h3>\n<p style=\"text-align: justify;\">Elle ne l&rsquo;a jamais gagn\u00e9e sous l&rsquo;appellation TotalEnergies. La derni\u00e8re fois, c&rsquo;\u00e9tait <strong>Thomas Voeckler<\/strong>, d\u00e9j\u00e0 en Vend\u00e9e, \u00e0 Chantonnay (en 2010, NDLR). La Vend\u00e9e lui avait r\u00e9ussi !<\/p>\n<h3 style=\"text-align: justify;\">Tu es pass\u00e9 professionnel voil\u00e0 seulement trois ans. Tu te vois encore dix ans sur le v\u00e9lo (\u00c9milien Jeanni\u00e8re a 26 ans, NDLR) ?<\/h3>\n<p style=\"text-align: justify;\">Franchement, je ne m&rsquo;interdis rien du tout. Le v\u00e9lo, le sport de haut niveau, \u00e7a demande beaucoup. Il faut prendre du recul. Tant qu&rsquo;on prend du plaisir, tout va bien. Je suis pass\u00e9 chez les pros un peu plus sur le tard, j&rsquo;ai eu pas mal de choses qui m&rsquo;ont frein\u00e9. On me promettait un bel avenir quand j&rsquo;\u00e9tais en juniors, mais j&rsquo;ai quand m\u00eame fait six ans chez les amateurs ! C&rsquo;est un peu la morale de l&rsquo;histoire, le v\u00e9lo devient comme tous les autres sports. On va recruter chez les juniors, et m\u00eame avant. Il y a des p\u00e9pites, mais aussi beaucoup de pertes, des coureurs qui craquent rapidement et qui feront sans doute des carri\u00e8res moins longues. Personne n&rsquo;est pareil, j&rsquo;ai \u00e9t\u00e9 \u00e0 maturit\u00e9 plus tardive, les difficult\u00e9s du pass\u00e9 m&rsquo;ont forg\u00e9, et maintenant, je passe plus facilement au-dessus. Cela a fait de moi le coureur que je suis.<\/p>\n","protected":false},"excerpt":{"rendered":"<p>CYCLISME FRAN\u00c7AIS &#8211; Parmi les valeurs montantes du cyclisme tricolore, \u00c9milien Jeanni\u00e8re a r\u00e9ussi son d\u00e9but de saison. Le sprinteur de TotalEnergies a de l&rsquo;ambition, quelques objectifs bien d\u00e9finis, avec le Tour de France en ligne de mire.\u00a0<\/p>\n","protected":false},"author":59,"featured_media":572864,"comment_status":"open","ping_status":"closed","sticky":false,"template":"","format":"standard","meta":{"_acf_changed":false,"_daextam_enable_autolinks":"1","footnotes":""},"categories":[46994],"tags":[16878,24,18418],"class_list":["post-572764","post","type-post","status-publish","format-standard","has-post-thumbnail","hentry","category-cyclisme-sur-route","tag-breve","tag-sport","tag-totalenergies"],"acf":[],"yoast_head":"<!-- This site is optimized with the Yoast SEO Premium plugin v26.7 (Yoast SEO v26.7) - https:\/\/yoast.com\/wordpress\/plugins\/seo\/ -->\n<title>\u00c9milien Jeanni\u00e8re : &quot;Je ne m&#039;interdis rien du tout, tant qu&#039;on prend du plaisir, tout va bien&quot;<\/title>\n<meta name=\"description\" content=\"CYCLISME FRAN\u00c7AIS - Parmi les valeurs montantes du cyclisme tricolore, \u00c9milien Jeanni\u00e8re a r\u00e9ussi son d\u00e9but de saison. Le sprinteur de TotalEnergies a de l&#039;ambition, quelques objectifs bien d\u00e9finis, avec le Tour de France en ligne de mire.\u00a0\" \/>\n<meta name=\"robots\" content=\"index, follow, max-snippet:-1, max-image-preview:large, max-video-preview:-1\" \/>\n<link rel=\"canonical\" href=\"https:\/\/dicodusport.fr\/blog\/emilien-jeanniere-je-ne-minterdis-rien-du-tout-tant-quon-prend-du-plaisir-tout-va-bien\/\" \/>\n<meta property=\"og:locale\" content=\"fr_FR\" \/>\n<meta property=\"og:type\" content=\"article\" \/>\n<meta property=\"og:title\" content=\"\u00c9milien Jeanni\u00e8re : &quot;Je ne m&#039;interdis rien du tout, tant qu&#039;on prend du plaisir, tout va bien&quot;\" \/>\n<meta property=\"og:description\" content=\"CYCLISME FRAN\u00c7AIS - Parmi les valeurs montantes du cyclisme tricolore, \u00c9milien Jeanni\u00e8re a r\u00e9ussi son d\u00e9but de saison. Le sprinteur de TotalEnergies a de l&#039;ambition, quelques objectifs bien d\u00e9finis, avec le Tour de France en ligne de mire.\u00a0\" \/>\n<meta property=\"og:url\" content=\"https:\/\/dicodusport.fr\/blog\/emilien-jeanniere-je-ne-minterdis-rien-du-tout-tant-quon-prend-du-plaisir-tout-va-bien\/\" \/>\n<meta property=\"og:site_name\" content=\"Dicodusport\" \/>\n<meta property=\"article:publisher\" content=\"https:\/\/www.facebook.com\/dicodusport\" \/>\n<meta property=\"article:author\" content=\"https:\/\/www.facebook.com\/sebastien.gente\/\" \/>\n<meta property=\"article:published_time\" content=\"2025-04-18T09:00:54+00:00\" \/>\n<meta property=\"og:image\" content=\"https:\/\/dicodusport.fr\/blog\/wp-content\/uploads\/2025\/04\/Emilien-Jeanniere-Je-ne-minterdis-rien-du-tout-tant-quon-prend-du-plaisir-tout-va-bien.png\" \/>\n\t<meta property=\"og:image:width\" content=\"1200\" \/>\n\t<meta property=\"og:image:height\" content=\"674\" \/>\n\t<meta property=\"og:image:type\" content=\"image\/png\" \/>\n<meta name=\"author\" content=\"S\u00e9bastien Gente\" \/>\n<meta name=\"twitter:card\" content=\"summary_large_image\" \/>\n<meta name=\"twitter:title\" content=\"\u00c9milien Jeanni\u00e8re : &quot;Je ne m&#039;interdis rien du tout, tant qu&#039;on prend du plaisir, tout va bien&quot;\" \/>\n<meta name=\"twitter:creator\" content=\"@https:\/\/twitter.com\/globulo24\" \/>\n<meta name=\"twitter:site\" content=\"@dicodusport\" \/>\n<script type=\"application\/ld+json\" class=\"yoast-schema-graph\">{\"@context\":\"https:\/\/schema.org\",\"@graph\":[{\"@type\":\"NewsArticle\",\"@id\":\"https:\/\/dicodusport.fr\/blog\/emilien-jeanniere-je-ne-minterdis-rien-du-tout-tant-quon-prend-du-plaisir-tout-va-bien\/#article\",\"isPartOf\":{\"@id\":\"https:\/\/dicodusport.fr\/blog\/emilien-jeanniere-je-ne-minterdis-rien-du-tout-tant-quon-prend-du-plaisir-tout-va-bien\/\"},\"author\":{\"name\":\"S\u00e9bastien Gente\",\"@id\":\"https:\/\/dicodusport.fr\/blog\/#\/schema\/person\/627966a6cde45dbd8c5e36ac85d783da\"},\"headline\":\"\u00c9milien Jeanni\u00e8re : \u00ab\u00a0Je ne m&rsquo;interdis rien du tout, tant qu&rsquo;on prend du plaisir, tout va bien\u00a0\u00bb\",\"datePublished\":\"2025-04-18T09:00:54+00:00\",\"mainEntityOfPage\":{\"@id\":\"https:\/\/dicodusport.fr\/blog\/emilien-jeanniere-je-ne-minterdis-rien-du-tout-tant-quon-prend-du-plaisir-tout-va-bien\/\"},\"wordCount\":2289,\"commentCount\":0,\"publisher\":{\"@id\":\"https:\/\/dicodusport.fr\/blog\/#organization\"},\"image\":{\"@id\":\"https:\/\/dicodusport.fr\/blog\/emilien-jeanniere-je-ne-minterdis-rien-du-tout-tant-quon-prend-du-plaisir-tout-va-bien\/#primaryimage\"},\"thumbnailUrl\":\"https:\/\/dicodusport.fr\/blog\/wp-content\/uploads\/2025\/04\/Emilien-Jeanniere-Je-ne-minterdis-rien-du-tout-tant-quon-prend-du-plaisir-tout-va-bien.png\",\"keywords\":[\"br\u00e8ve\",\"sport\",\"TotalEnergies\"],\"articleSection\":[\"Cyclisme sur route\"],\"inLanguage\":\"fr-FR\",\"potentialAction\":[{\"@type\":\"CommentAction\",\"name\":\"Comment\",\"target\":[\"https:\/\/dicodusport.fr\/blog\/emilien-jeanniere-je-ne-minterdis-rien-du-tout-tant-quon-prend-du-plaisir-tout-va-bien\/#respond\"]}],\"copyrightYear\":\"2025\",\"copyrightHolder\":{\"@id\":\"https:\/\/dicodusport.fr\/blog\/#organization\"}},{\"@type\":\"WebPage\",\"@id\":\"https:\/\/dicodusport.fr\/blog\/emilien-jeanniere-je-ne-minterdis-rien-du-tout-tant-quon-prend-du-plaisir-tout-va-bien\/\",\"url\":\"https:\/\/dicodusport.fr\/blog\/emilien-jeanniere-je-ne-minterdis-rien-du-tout-tant-quon-prend-du-plaisir-tout-va-bien\/\",\"name\":\"\u00c9milien Jeanni\u00e8re : \\\"Je ne m'interdis rien du tout, tant qu'on prend du plaisir, tout va bien\\\"\",\"isPartOf\":{\"@id\":\"https:\/\/dicodusport.fr\/blog\/#website\"},\"primaryImageOfPage\":{\"@id\":\"https:\/\/dicodusport.fr\/blog\/emilien-jeanniere-je-ne-minterdis-rien-du-tout-tant-quon-prend-du-plaisir-tout-va-bien\/#primaryimage\"},\"image\":{\"@id\":\"https:\/\/dicodusport.fr\/blog\/emilien-jeanniere-je-ne-minterdis-rien-du-tout-tant-quon-prend-du-plaisir-tout-va-bien\/#primaryimage\"},\"thumbnailUrl\":\"https:\/\/dicodusport.fr\/blog\/wp-content\/uploads\/2025\/04\/Emilien-Jeanniere-Je-ne-minterdis-rien-du-tout-tant-quon-prend-du-plaisir-tout-va-bien.png\",\"datePublished\":\"2025-04-18T09:00:54+00:00\",\"description\":\"CYCLISME FRAN\u00c7AIS - Parmi les valeurs montantes du cyclisme tricolore, \u00c9milien Jeanni\u00e8re a r\u00e9ussi son d\u00e9but de saison. Le sprinteur de TotalEnergies a de l'ambition, quelques objectifs bien d\u00e9finis, avec le Tour de France en ligne de mire.\u00a0\",\"breadcrumb\":{\"@id\":\"https:\/\/dicodusport.fr\/blog\/emilien-jeanniere-je-ne-minterdis-rien-du-tout-tant-quon-prend-du-plaisir-tout-va-bien\/#breadcrumb\"},\"inLanguage\":\"fr-FR\",\"potentialAction\":[{\"@type\":\"ReadAction\",\"target\":[\"https:\/\/dicodusport.fr\/blog\/emilien-jeanniere-je-ne-minterdis-rien-du-tout-tant-quon-prend-du-plaisir-tout-va-bien\/\"]}]},{\"@type\":\"ImageObject\",\"inLanguage\":\"fr-FR\",\"@id\":\"https:\/\/dicodusport.fr\/blog\/emilien-jeanniere-je-ne-minterdis-rien-du-tout-tant-quon-prend-du-plaisir-tout-va-bien\/#primaryimage\",\"url\":\"https:\/\/dicodusport.fr\/blog\/wp-content\/uploads\/2025\/04\/Emilien-Jeanniere-Je-ne-minterdis-rien-du-tout-tant-quon-prend-du-plaisir-tout-va-bien.png\",\"contentUrl\":\"https:\/\/dicodusport.fr\/blog\/wp-content\/uploads\/2025\/04\/Emilien-Jeanniere-Je-ne-minterdis-rien-du-tout-tant-quon-prend-du-plaisir-tout-va-bien.png\",\"width\":1200,\"height\":674,\"caption\":\"\u00c9milien Jeanni\u00e8re Je ne m'interdis rien du tout, tant qu'on prend du plaisir, tout va bien\"},{\"@type\":\"BreadcrumbList\",\"@id\":\"https:\/\/dicodusport.fr\/blog\/emilien-jeanniere-je-ne-minterdis-rien-du-tout-tant-quon-prend-du-plaisir-tout-va-bien\/#breadcrumb\",\"itemListElement\":[{\"@type\":\"ListItem\",\"position\":1,\"name\":\"Accueil\",\"item\":\"https:\/\/dicodusport.fr\/blog\/\"},{\"@type\":\"ListItem\",\"position\":2,\"name\":\"\u00c9milien Jeanni\u00e8re : \u00ab\u00a0Je ne m&rsquo;interdis rien du tout, tant qu&rsquo;on prend du plaisir, tout va bien\u00a0\u00bb\"}]},{\"@type\":\"WebSite\",\"@id\":\"https:\/\/dicodusport.fr\/blog\/#website\",\"url\":\"https:\/\/dicodusport.fr\/blog\/\",\"name\":\"Dicodusport\",\"description\":\"L&#039;encyclop\u00e9die de l&#039;actualit\u00e9 sportive\",\"publisher\":{\"@id\":\"https:\/\/dicodusport.fr\/blog\/#organization\"},\"potentialAction\":[{\"@type\":\"SearchAction\",\"target\":{\"@type\":\"EntryPoint\",\"urlTemplate\":\"https:\/\/dicodusport.fr\/blog\/?s={search_term_string}\"},\"query-input\":{\"@type\":\"PropertyValueSpecification\",\"valueRequired\":true,\"valueName\":\"search_term_string\"}}],\"inLanguage\":\"fr-FR\"},{\"@type\":\"NewsMediaOrganization\",\"@id\":\"https:\/\/dicodusport.fr\/blog\/#organization\",\"name\":\"Dicodusport\",\"url\":\"https:\/\/dicodusport.fr\/blog\/\",\"logo\":{\"@type\":\"ImageObject\",\"inLanguage\":\"fr-FR\",\"@id\":\"https:\/\/dicodusport.fr\/blog\/#\/schema\/logo\/image\/\",\"url\":\"https:\/\/dicodusport.fr\/blog\/wp-content\/uploads\/2020\/06\/cropped-LOGO-DICODUSPORT-2020-SANS-FOND-SANS-TEXTE.png\",\"contentUrl\":\"https:\/\/dicodusport.fr\/blog\/wp-content\/uploads\/2020\/06\/cropped-LOGO-DICODUSPORT-2020-SANS-FOND-SANS-TEXTE.png\",\"width\":512,\"height\":512,\"caption\":\"Dicodusport\"},\"image\":{\"@id\":\"https:\/\/dicodusport.fr\/blog\/#\/schema\/logo\/image\/\"},\"sameAs\":[\"https:\/\/www.facebook.com\/dicodusport\",\"https:\/\/x.com\/dicodusport\",\"https:\/\/www.instagram.com\/dicodusport\/\",\"https:\/\/www.youtube.com\/channel\/UC7V2KZ5sd3htJivAbA4ZG3w\"],\"description\":\"Dicodusport est l'encyclop\u00e9die de l'actualit\u00e9 sportive.\",\"email\":\"bonjour@dicodusport.fr\",\"legalName\":\"DICODUSPORT\",\"foundingDate\":\"2018-01-14\",\"vatID\":\"FR71834470973\",\"taxID\":\"83447097300043\",\"numberOfEmployees\":{\"@type\":\"QuantitativeValue\",\"minValue\":\"1\",\"maxValue\":\"10\"}},{\"@type\":\"Person\",\"@id\":\"https:\/\/dicodusport.fr\/blog\/#\/schema\/person\/627966a6cde45dbd8c5e36ac85d783da\",\"name\":\"S\u00e9bastien Gente\",\"image\":{\"@type\":\"ImageObject\",\"inLanguage\":\"fr-FR\",\"@id\":\"https:\/\/dicodusport.fr\/blog\/#\/schema\/person\/image\/\",\"url\":\"https:\/\/dicodusport.fr\/blog\/wp-content\/uploads\/2021\/09\/1510990_10205810251400683_4124423575079401707_n-150x150.jpg\",\"contentUrl\":\"https:\/\/dicodusport.fr\/blog\/wp-content\/uploads\/2021\/09\/1510990_10205810251400683_4124423575079401707_n-150x150.jpg\",\"caption\":\"S\u00e9bastien Gente\"},\"description\":\"John Stockton, Gianni Bugno, Zinedine Zidane, Steffi Graf, Frode Andresen, St\u00e9phane Stoecklin, Davis Kamoga, Primoz Peterka, Werner Schlager et Aur\u00e9lien Rougerie. Point commun entre ces sportifs? Ils m'ont fait r\u00eaver et ont berc\u00e9 mon adolescence. Je suis un fondu de sports et j'essaie de retranscrire ma passion \u00e0 travers mes articles. Originaire du P\u00e9rigord, ma passion pour les Girondins, les Jaunards et les Jazzmen transpire dans mes \u00e9crits. \u00c0 Dicodusport depuis 2021, je d\u00e9niche les sports m\u00e9connus dans lesquels la France brille, et il y en a !\",\"sameAs\":[\"https:\/\/www.facebook.com\/sebastien.gente\/\",\"https:\/\/www.instagram.com\/sebgente\/\",\"https:\/\/www.linkedin.com\/in\/sbastien-gente-a29583169\/\",\"https:\/\/x.com\/https:\/\/twitter.com\/globulo24\",\"SebastienGente\"],\"worksFor\":\"S\u00e9bastien GENTE\",\"url\":\"https:\/\/dicodusport.fr\/blog\/author\/sebastiengente\/\"}]}<\/script>\n<!-- \/ Yoast SEO Premium plugin. -->","yoast_head_json":{"title":"\u00c9milien Jeanni\u00e8re : \"Je ne m'interdis rien du tout, tant qu'on prend du plaisir, tout va bien\"","description":"CYCLISME FRAN\u00c7AIS - Parmi les valeurs montantes du cyclisme tricolore, \u00c9milien Jeanni\u00e8re a r\u00e9ussi son d\u00e9but de saison. Le sprinteur de TotalEnergies a de l'ambition, quelques objectifs bien d\u00e9finis, avec le Tour de France en ligne de mire.\u00a0","robots":{"index":"index","follow":"follow","max-snippet":"max-snippet:-1","max-image-preview":"max-image-preview:large","max-video-preview":"max-video-preview:-1"},"canonical":"https:\/\/dicodusport.fr\/blog\/emilien-jeanniere-je-ne-minterdis-rien-du-tout-tant-quon-prend-du-plaisir-tout-va-bien\/","og_locale":"fr_FR","og_type":"article","og_title":"\u00c9milien Jeanni\u00e8re : \"Je ne m'interdis rien du tout, tant qu'on prend du plaisir, tout va bien\"","og_description":"CYCLISME FRAN\u00c7AIS - Parmi les valeurs montantes du cyclisme tricolore, \u00c9milien Jeanni\u00e8re a r\u00e9ussi son d\u00e9but de saison. Le sprinteur de TotalEnergies a de l'ambition, quelques objectifs bien d\u00e9finis, avec le Tour de France en ligne de mire.\u00a0","og_url":"https:\/\/dicodusport.fr\/blog\/emilien-jeanniere-je-ne-minterdis-rien-du-tout-tant-quon-prend-du-plaisir-tout-va-bien\/","og_site_name":"Dicodusport","article_publisher":"https:\/\/www.facebook.com\/dicodusport","article_author":"https:\/\/www.facebook.com\/sebastien.gente\/","article_published_time":"2025-04-18T09:00:54+00:00","og_image":[{"width":1200,"height":674,"url":"https:\/\/dicodusport.fr\/blog\/wp-content\/uploads\/2025\/04\/Emilien-Jeanniere-Je-ne-minterdis-rien-du-tout-tant-quon-prend-du-plaisir-tout-va-bien.png","type":"image\/png"}],"author":"S\u00e9bastien Gente","twitter_card":"summary_large_image","twitter_title":"\u00c9milien Jeanni\u00e8re : \"Je ne m'interdis rien du tout, tant qu'on prend du plaisir, tout va bien\"","twitter_creator":"@https:\/\/twitter.com\/globulo24","twitter_site":"@dicodusport","schema":{"@context":"https:\/\/schema.org","@graph":[{"@type":"NewsArticle","@id":"https:\/\/dicodusport.fr\/blog\/emilien-jeanniere-je-ne-minterdis-rien-du-tout-tant-quon-prend-du-plaisir-tout-va-bien\/#article","isPartOf":{"@id":"https:\/\/dicodusport.fr\/blog\/emilien-jeanniere-je-ne-minterdis-rien-du-tout-tant-quon-prend-du-plaisir-tout-va-bien\/"},"author":{"name":"S\u00e9bastien Gente","@id":"https:\/\/dicodusport.fr\/blog\/#\/schema\/person\/627966a6cde45dbd8c5e36ac85d783da"},"headline":"\u00c9milien Jeanni\u00e8re : \u00ab\u00a0Je ne m&rsquo;interdis rien du tout, tant qu&rsquo;on prend du plaisir, tout va bien\u00a0\u00bb","datePublished":"2025-04-18T09:00:54+00:00","mainEntityOfPage":{"@id":"https:\/\/dicodusport.fr\/blog\/emilien-jeanniere-je-ne-minterdis-rien-du-tout-tant-quon-prend-du-plaisir-tout-va-bien\/"},"wordCount":2289,"commentCount":0,"publisher":{"@id":"https:\/\/dicodusport.fr\/blog\/#organization"},"image":{"@id":"https:\/\/dicodusport.fr\/blog\/emilien-jeanniere-je-ne-minterdis-rien-du-tout-tant-quon-prend-du-plaisir-tout-va-bien\/#primaryimage"},"thumbnailUrl":"https:\/\/dicodusport.fr\/blog\/wp-content\/uploads\/2025\/04\/Emilien-Jeanniere-Je-ne-minterdis-rien-du-tout-tant-quon-prend-du-plaisir-tout-va-bien.png","keywords":["br\u00e8ve","sport","TotalEnergies"],"articleSection":["Cyclisme sur route"],"inLanguage":"fr-FR","potentialAction":[{"@type":"CommentAction","name":"Comment","target":["https:\/\/dicodusport.fr\/blog\/emilien-jeanniere-je-ne-minterdis-rien-du-tout-tant-quon-prend-du-plaisir-tout-va-bien\/#respond"]}],"copyrightYear":"2025","copyrightHolder":{"@id":"https:\/\/dicodusport.fr\/blog\/#organization"}},{"@type":"WebPage","@id":"https:\/\/dicodusport.fr\/blog\/emilien-jeanniere-je-ne-minterdis-rien-du-tout-tant-quon-prend-du-plaisir-tout-va-bien\/","url":"https:\/\/dicodusport.fr\/blog\/emilien-jeanniere-je-ne-minterdis-rien-du-tout-tant-quon-prend-du-plaisir-tout-va-bien\/","name":"\u00c9milien Jeanni\u00e8re : \"Je ne m'interdis rien du tout, tant qu'on prend du plaisir, tout va bien\"","isPartOf":{"@id":"https:\/\/dicodusport.fr\/blog\/#website"},"primaryImageOfPage":{"@id":"https:\/\/dicodusport.fr\/blog\/emilien-jeanniere-je-ne-minterdis-rien-du-tout-tant-quon-prend-du-plaisir-tout-va-bien\/#primaryimage"},"image":{"@id":"https:\/\/dicodusport.fr\/blog\/emilien-jeanniere-je-ne-minterdis-rien-du-tout-tant-quon-prend-du-plaisir-tout-va-bien\/#primaryimage"},"thumbnailUrl":"https:\/\/dicodusport.fr\/blog\/wp-content\/uploads\/2025\/04\/Emilien-Jeanniere-Je-ne-minterdis-rien-du-tout-tant-quon-prend-du-plaisir-tout-va-bien.png","datePublished":"2025-04-18T09:00:54+00:00","description":"CYCLISME FRAN\u00c7AIS - Parmi les valeurs montantes du cyclisme tricolore, \u00c9milien Jeanni\u00e8re a r\u00e9ussi son d\u00e9but de saison. Le sprinteur de TotalEnergies a de l'ambition, quelques objectifs bien d\u00e9finis, avec le Tour de France en ligne de mire.\u00a0","breadcrumb":{"@id":"https:\/\/dicodusport.fr\/blog\/emilien-jeanniere-je-ne-minterdis-rien-du-tout-tant-quon-prend-du-plaisir-tout-va-bien\/#breadcrumb"},"inLanguage":"fr-FR","potentialAction":[{"@type":"ReadAction","target":["https:\/\/dicodusport.fr\/blog\/emilien-jeanniere-je-ne-minterdis-rien-du-tout-tant-quon-prend-du-plaisir-tout-va-bien\/"]}]},{"@type":"ImageObject","inLanguage":"fr-FR","@id":"https:\/\/dicodusport.fr\/blog\/emilien-jeanniere-je-ne-minterdis-rien-du-tout-tant-quon-prend-du-plaisir-tout-va-bien\/#primaryimage","url":"https:\/\/dicodusport.fr\/blog\/wp-content\/uploads\/2025\/04\/Emilien-Jeanniere-Je-ne-minterdis-rien-du-tout-tant-quon-prend-du-plaisir-tout-va-bien.png","contentUrl":"https:\/\/dicodusport.fr\/blog\/wp-content\/uploads\/2025\/04\/Emilien-Jeanniere-Je-ne-minterdis-rien-du-tout-tant-quon-prend-du-plaisir-tout-va-bien.png","width":1200,"height":674,"caption":"\u00c9milien Jeanni\u00e8re Je ne m'interdis rien du tout, tant qu'on prend du plaisir, tout va bien"},{"@type":"BreadcrumbList","@id":"https:\/\/dicodusport.fr\/blog\/emilien-jeanniere-je-ne-minterdis-rien-du-tout-tant-quon-prend-du-plaisir-tout-va-bien\/#breadcrumb","itemListElement":[{"@type":"ListItem","position":1,"name":"Accueil","item":"https:\/\/dicodusport.fr\/blog\/"},{"@type":"ListItem","position":2,"name":"\u00c9milien Jeanni\u00e8re : \u00ab\u00a0Je ne m&rsquo;interdis rien du tout, tant qu&rsquo;on prend du plaisir, tout va bien\u00a0\u00bb"}]},{"@type":"WebSite","@id":"https:\/\/dicodusport.fr\/blog\/#website","url":"https:\/\/dicodusport.fr\/blog\/","name":"Dicodusport","description":"L&#039;encyclop\u00e9die de l&#039;actualit\u00e9 sportive","publisher":{"@id":"https:\/\/dicodusport.fr\/blog\/#organization"},"potentialAction":[{"@type":"SearchAction","target":{"@type":"EntryPoint","urlTemplate":"https:\/\/dicodusport.fr\/blog\/?s={search_term_string}"},"query-input":{"@type":"PropertyValueSpecification","valueRequired":true,"valueName":"search_term_string"}}],"inLanguage":"fr-FR"},{"@type":"NewsMediaOrganization","@id":"https:\/\/dicodusport.fr\/blog\/#organization","name":"Dicodusport","url":"https:\/\/dicodusport.fr\/blog\/","logo":{"@type":"ImageObject","inLanguage":"fr-FR","@id":"https:\/\/dicodusport.fr\/blog\/#\/schema\/logo\/image\/","url":"https:\/\/dicodusport.fr\/blog\/wp-content\/uploads\/2020\/06\/cropped-LOGO-DICODUSPORT-2020-SANS-FOND-SANS-TEXTE.png","contentUrl":"https:\/\/dicodusport.fr\/blog\/wp-content\/uploads\/2020\/06\/cropped-LOGO-DICODUSPORT-2020-SANS-FOND-SANS-TEXTE.png","width":512,"height":512,"caption":"Dicodusport"},"image":{"@id":"https:\/\/dicodusport.fr\/blog\/#\/schema\/logo\/image\/"},"sameAs":["https:\/\/www.facebook.com\/dicodusport","https:\/\/x.com\/dicodusport","https:\/\/www.instagram.com\/dicodusport\/","https:\/\/www.youtube.com\/channel\/UC7V2KZ5sd3htJivAbA4ZG3w"],"description":"Dicodusport est l'encyclop\u00e9die de l'actualit\u00e9 sportive.","email":"bonjour@dicodusport.fr","legalName":"DICODUSPORT","foundingDate":"2018-01-14","vatID":"FR71834470973","taxID":"83447097300043","numberOfEmployees":{"@type":"QuantitativeValue","minValue":"1","maxValue":"10"}},{"@type":"Person","@id":"https:\/\/dicodusport.fr\/blog\/#\/schema\/person\/627966a6cde45dbd8c5e36ac85d783da","name":"S\u00e9bastien Gente","image":{"@type":"ImageObject","inLanguage":"fr-FR","@id":"https:\/\/dicodusport.fr\/blog\/#\/schema\/person\/image\/","url":"https:\/\/dicodusport.fr\/blog\/wp-content\/uploads\/2021\/09\/1510990_10205810251400683_4124423575079401707_n-150x150.jpg","contentUrl":"https:\/\/dicodusport.fr\/blog\/wp-content\/uploads\/2021\/09\/1510990_10205810251400683_4124423575079401707_n-150x150.jpg","caption":"S\u00e9bastien Gente"},"description":"John Stockton, Gianni Bugno, Zinedine Zidane, Steffi Graf, Frode Andresen, St\u00e9phane Stoecklin, Davis Kamoga, Primoz Peterka, Werner Schlager et Aur\u00e9lien Rougerie. Point commun entre ces sportifs? Ils m'ont fait r\u00eaver et ont berc\u00e9 mon adolescence. Je suis un fondu de sports et j'essaie de retranscrire ma passion \u00e0 travers mes articles. Originaire du P\u00e9rigord, ma passion pour les Girondins, les Jaunards et les Jazzmen transpire dans mes \u00e9crits. \u00c0 Dicodusport depuis 2021, je d\u00e9niche les sports m\u00e9connus dans lesquels la France brille, et il y en a !","sameAs":["https:\/\/www.facebook.com\/sebastien.gente\/","https:\/\/www.instagram.com\/sebgente\/","https:\/\/www.linkedin.com\/in\/sbastien-gente-a29583169\/","https:\/\/x.com\/https:\/\/twitter.com\/globulo24","SebastienGente"],"worksFor":"S\u00e9bastien GENTE","url":"https:\/\/dicodusport.fr\/blog\/author\/sebastiengente\/"}]}},"_links":{"self":[{"href":"https:\/\/dicodusport.fr\/blog\/wp-json\/wp\/v2\/posts\/572764","targetHints":{"allow":["GET"]}}],"collection":[{"href":"https:\/\/dicodusport.fr\/blog\/wp-json\/wp\/v2\/posts"}],"about":[{"href":"https:\/\/dicodusport.fr\/blog\/wp-json\/wp\/v2\/types\/post"}],"author":[{"embeddable":true,"href":"https:\/\/dicodusport.fr\/blog\/wp-json\/wp\/v2\/users\/59"}],"replies":[{"embeddable":true,"href":"https:\/\/dicodusport.fr\/blog\/wp-json\/wp\/v2\/comments?post=572764"}],"version-history":[{"count":5,"href":"https:\/\/dicodusport.fr\/blog\/wp-json\/wp\/v2\/posts\/572764\/revisions"}],"predecessor-version":[{"id":573137,"href":"https:\/\/dicodusport.fr\/blog\/wp-json\/wp\/v2\/posts\/572764\/revisions\/573137"}],"wp:featuredmedia":[{"embeddable":true,"href":"https:\/\/dicodusport.fr\/blog\/wp-json\/wp\/v2\/media\/572864"}],"wp:attachment":[{"href":"https:\/\/dicodusport.fr\/blog\/wp-json\/wp\/v2\/media?parent=572764"}],"wp:term":[{"taxonomy":"category","embeddable":true,"href":"https:\/\/dicodusport.fr\/blog\/wp-json\/wp\/v2\/categories?post=572764"},{"taxonomy":"post_tag","embeddable":true,"href":"https:\/\/dicodusport.fr\/blog\/wp-json\/wp\/v2\/tags?post=572764"}],"curies":[{"name":"wp","href":"https:\/\/api.w.org\/{rel}","templated":true}]}}