{"id":572907,"date":"2025-04-20T08:08:35","date_gmt":"2025-04-20T06:08:35","guid":{"rendered":"https:\/\/dicodusport.fr\/blog\/?p=572907&#038;preview=true&#038;preview_id=572907"},"modified":"2025-04-20T08:08:43","modified_gmt":"2025-04-20T06:08:43","slug":"amstel-gold-race-2025-chaine-tv-favoris-et-engages","status":"publish","type":"post","link":"https:\/\/dicodusport.fr\/blog\/amstel-gold-race-2025-chaine-tv-favoris-et-engages\/","title":{"rendered":"Amstel Gold Race 2025 : Cha\u00eene TV, Engag\u00e9s, Favoris de la course"},"content":{"rendered":"<h4 style=\"text-align: justify;\"><em>Retrouvez les informations sur la diffusion TV, les favoris et les engag\u00e9s de l&rsquo;Amstel Gold Race 2025, qui se d\u00e9roule ce dimanche 20 avril, entre Maastricht et Berg en Terblijt.<\/em><\/h4>\n<p style=\"text-align: justify;\"><span class=\"tojvnm2t a6sixzi8 abs2jz4q a8s20v7p t1p8iaqh k5wvi7nf q3lfd5jv pk4s997a bipmatt0 cebpdrjk qowsmv63 owwhemhu dp1hu0rb dhp61c6y iyyx5f41\">La<strong> 59\u00e8me \u00e9dition de l&rsquo;Amstel Gold Race<\/strong> se d\u00e9roule ce <strong>dimanche 20 avril 2025<\/strong>. <\/span>De grands noms seront pr\u00e9sents au d\u00e9part avec <strong>Tadej Pogacar<\/strong>, <strong>Wout Van Aert<\/strong>, <strong>Ben Healy<\/strong>, <strong>Remco Evenepoel<\/strong>, <strong>Tom Pidcock<\/strong> ou encre <strong>Thibau Nys<\/strong>. Retrouvez les favoris, engag\u00e9s ainsi que les informations sur la diffusion TV de l&rsquo;\u00e9preuve n\u00e9erlandaise.<\/p>\n<ul>\n<li style=\"text-align: justify;\"><strong>\u00c0 ce sujet &#8211; <a href=\"https:\/\/dicodusport.fr\/blog\/actualites\/cyclisme\/cyclisme-sur-route-2024\/\">L&rsquo;actualit\u00e9 du cyclisme sur route<\/a><\/strong><\/li>\n<\/ul>\n<h2 style=\"text-align: justify;\">Pogacar, l&rsquo;immense favori<\/h2>\n<p style=\"text-align: justify;\">Apr\u00e8s des semaines de rebondissements sur les pav\u00e9s flamands et du nord de la France, place aux classiques vallonn\u00e9es avec l&rsquo;<strong>Amstel Gold Race<\/strong> au sein du Limbourg n\u00e9erlandais. Le grand favori pour la victoire sera sans doute <strong>Tadej Pogacar.\u00a0<\/strong><a href=\"https:\/\/dicodusport.fr\/blog\/tour-des-flandres-2025-une-course-de-legende-tadej-pogacar-trop-fort-pour-la-concurrence\/\">Il a remport\u00e9 son deuxi\u00e8me Tour des Flandres de mani\u00e8re impressionnante<\/a> et a rivalis\u00e9 avec les meilleurs mangeurs de pav\u00e9s du peloton \u00e0 Paris-Roubaix, dimanche dernier. Le leader de l&rsquo;\u00e9quipe UAE Emirates XRG n&rsquo;a qu&rsquo;une seule chose en t\u00eate lorsqu&rsquo;il d\u00e9marre une course : gagner ! Les nombreuses mont\u00e9es, Les virages, les passages \u00e9troits et les obstacles de circulation sont d\u00e9j\u00e0 connus par le Slov\u00e8ne, qui a d\u00e9j\u00e0 particip\u00e9 \u00e0 deux reprises \u00e0 la course n\u00e9erlandaise.<\/p>\n<p style=\"text-align: justify;\">Le Slov\u00e8ne s&rsquo;est impos\u00e9 en 2023 en prenant le large sur le raide Keutenberg. De plus, il sera entour\u00e9 de solides \u00e9quipiers <strong>Jhonatan Narv\u00e1ez<\/strong>, <strong>Brandon McNulty<\/strong>, <strong>Tim Wellens<\/strong> et <strong>Jan Christen<\/strong>. Aussi, le principal adversaire de Pogi sur ce d\u00e9but de saison sur les Classiques sera absent en la personne de Mathieu van der Poel.<\/p>\n<div class=\"vlp-link-container vlp-layout-article\"><a href=\"https:\/\/dicodusport.fr\/blog\/amstel-gold-race-2025-parcours-detaille-et-profil\/\" class=\"vlp-link\" title=\"Amstel Gold Race 2025 : Parcours complet et profil\"><\/a><div class=\"vlp-layout-zone-side\"><div class=\"vlp-block-4 vlp-link-image\"><img loading=\"lazy\" decoding=\"async\" style=\"max-width: 792px;\" width=\"792\" height=\"445\" src=\"https:\/\/dicodusport.fr\/blog\/wp-content\/uploads\/2025\/04\/Amstel-Gold-Race-2025-Parcours-complet-et-profil.png\" class=\"attachment-800x445 size-800x445\" alt=\"Amstel Gold Race 2025 Parcours complet et profil\" srcset=\"https:\/\/dicodusport.fr\/blog\/wp-content\/uploads\/2025\/04\/Amstel-Gold-Race-2025-Parcours-complet-et-profil.png 1200w, https:\/\/dicodusport.fr\/blog\/wp-content\/uploads\/2025\/04\/Amstel-Gold-Race-2025-Parcours-complet-et-profil-300x169.png 300w, https:\/\/dicodusport.fr\/blog\/wp-content\/uploads\/2025\/04\/Amstel-Gold-Race-2025-Parcours-complet-et-profil-1024x575.png 1024w, https:\/\/dicodusport.fr\/blog\/wp-content\/uploads\/2025\/04\/Amstel-Gold-Race-2025-Parcours-complet-et-profil-768x431.png 768w\" sizes=\"auto, (max-width: 792px) 100vw, 792px\" \/><\/div><\/div><div class=\"vlp-layout-zone-main\"><div class=\"vlp-block-0 vlp-link-title\">Amstel Gold Race 2025 : Parcours complet et profil<\/div><div class=\"vlp-block-1 vlp-link-summary\">Retrouvez le parcours d\u00e9taill\u00e9 et le profil de la 59\u00e8me \u00e9dition de l'Amstel Gold Race, la plus mythique des classiques n\u00e9erlandaises, qui se d\u00e9roule ce dimanche 20 avril 2025.<\/div><div class=\"vlp-block-2 vlp-link-button\">Lire l'article<\/div><div class=\"vlp-block-3 vlp-link-url\">dicodusport.fr<\/div><\/div><\/div>\n<h2 style=\"text-align: justify;\">Evenepoel, un retour gagnant avant une bataille face \u00e0 Pogacar ?<\/h2>\n<p style=\"text-align: justify;\">Sur les routes du sud limbourgeois, il affrontera un autre ph\u00e9nom\u00e8ne : <strong>Remco Evenepoel. <\/strong>Le Belge a d\u00fb regarder les courses depuis la touche pendant les premiers mois de la saison apr\u00e8s sa grave chute \u00e0 l&rsquo;entra\u00eenement en d\u00e9cembre dernier. Le leader de Soudal Quick-Step s&rsquo;est maintenant remis des blessures et a d\u00e9j\u00e0 couru sur la Fl\u00e8che Braban\u00e7onne, <a href=\"https:\/\/dicodusport.fr\/blog\/la-fleche-brabanconne-2025-remco-evenepoel-frustre-wout-van-aert\/\">qu&rsquo;il a remport\u00e9e vendredi<\/a>. La grande question : <strong>Evenepoel<\/strong> sera-t-il capable de mettre imm\u00e9diatement le Slov\u00e8ne sous pression ou peut-\u00eatre m\u00eame de le battre d\u00e8s son deuxi\u00e8me jour de course ? Avec <strong>Maximilian Schachmann<\/strong> (troisi\u00e8me au Tour du Pays Basque, 3\u00e8me de l&rsquo;Amstel en 2021) et <strong>Mauri Vansevenant<\/strong> (quatri\u00e8me de l&rsquo;Amstel Gold Race l&rsquo;an dernier), le Belge aura deux lieutenants solides \u00e0 ses c\u00f4t\u00e9s.<\/p>\n<p style=\"text-align: justify;\">Le troisi\u00e8me homme \u00e0 suivre sera <strong>Tim Pidcock.\u00a0<\/strong>Le Britannique est le champion en titre, et il a couru cette saison avec de jolis succ\u00e8s sur l&rsquo;<a href=\"https:\/\/dicodusport.fr\/blog\/alula-tour-2025-classement-general\/\">AlUla Tour<\/a> et sur une \u00e9tape du Tour d&rsquo;Andalousie. Ensuite, sur les <a href=\"https:\/\/dicodusport.fr\/blog\/strade-bianche-2025-classement-et-resultats-de-la-course\/\">Strade Bianche<\/a>, il a \u00e9t\u00e9 le seul \u00e0 tenir t\u00eate \u00e0 Pogacar. Invisible sur la Primavera, le leader de la Q36.5 Pro Cycling a coup\u00e9 pour reprendre la comp\u00e9tition sur La Fl\u00e8che Braban\u00e7onne, o\u00f9 il n&rsquo;a pas pes\u00e9. Malheureusement, son \u00e9quipe ne lui proposera pas de lieutenants aussi costauds que pour Remco et Tadej. Pidcock est mont\u00e9 \u00e0 trois repris sur la course batave avec un succ\u00e8s l&rsquo;an dernier, une deuxi\u00e8me place en 2021 et une troisi\u00e8me place en 2023.<\/p>\n<div class=\"vlp-link-container vlp-layout-article\"><a href=\"https:\/\/dicodusport.fr\/blog\/tour-dandalousie-2025-tom-pidcock-remporte-la-2eme-etape-pavel-sivakov-nouveau-leader\/\" class=\"vlp-link\" title=\"Tour d&#039;Andalousie 2025 : Tom Pidcock remporte la 2\u00e8me \u00e9tape, Pavel Sivakov nouveau leader\"><\/a><div class=\"vlp-layout-zone-side\"><div class=\"vlp-block-4 vlp-link-image\"><img loading=\"lazy\" decoding=\"async\" style=\"max-width: 792px;\" width=\"792\" height=\"445\" src=\"https:\/\/dicodusport.fr\/blog\/wp-content\/uploads\/2025\/02\/Tour-dAndalousie-2025-Tom-Pidcock-remporte-la-2eme-etape-Pavel-Sivakov-nouveau-leader-1.png\" class=\"attachment-800x445 size-800x445\" alt=\"Tour d&#039;Andalousie 2025 Tom Pidcock remporte la 2\u00e8me \u00e9tape, Pavel Sivakov nouveau leader\" srcset=\"https:\/\/dicodusport.fr\/blog\/wp-content\/uploads\/2025\/02\/Tour-dAndalousie-2025-Tom-Pidcock-remporte-la-2eme-etape-Pavel-Sivakov-nouveau-leader-1.png 1200w, https:\/\/dicodusport.fr\/blog\/wp-content\/uploads\/2025\/02\/Tour-dAndalousie-2025-Tom-Pidcock-remporte-la-2eme-etape-Pavel-Sivakov-nouveau-leader-1-300x169.png 300w, https:\/\/dicodusport.fr\/blog\/wp-content\/uploads\/2025\/02\/Tour-dAndalousie-2025-Tom-Pidcock-remporte-la-2eme-etape-Pavel-Sivakov-nouveau-leader-1-1024x575.png 1024w, https:\/\/dicodusport.fr\/blog\/wp-content\/uploads\/2025\/02\/Tour-dAndalousie-2025-Tom-Pidcock-remporte-la-2eme-etape-Pavel-Sivakov-nouveau-leader-1-768x431.png 768w\" sizes=\"auto, (max-width: 792px) 100vw, 792px\" \/><\/div><\/div><div class=\"vlp-layout-zone-main\"><div class=\"vlp-block-0 vlp-link-title\">Tour d'Andalousie 2025 : Tom Pidcock remporte la 2\u00e8me \u00e9tape, Pavel Sivakov nouveau leader<\/div><div class=\"vlp-block-1 vlp-link-summary\">TOUR D'ANDALOUSIE 2025 - Au terme d\u2019une \u00e9tape explosive, marqu\u00e9e par de nombreuses attaques entre les favoris au classement g\u00e9n\u00e9ral, Tom Pidcock (Q36.5 Pro Cycling Team) a domin\u00e9 au sprint un groupe de cinq coureurs pour s\u2019offrir, d\u00e9j\u00e0, sa quatri\u00e8me victoire de la saison. Pr\u00e9sent \u00e0 l\u2019avant de la course, Pavel Sivakov (UAE Team Emirates \u2013 XRG) s\u2019empare de la t\u00eate du classement g\u00e9n\u00e9ral.<\/div><div class=\"vlp-block-2 vlp-link-button\">Lire l'article<\/div><div class=\"vlp-block-3 vlp-link-url\">dicodusport.fr<\/div><\/div><\/div>\n<h2>Ben Healy, l&rsquo;\u00e9nigme<\/h2>\n<p style=\"text-align: justify;\">On reste chez les Anglo-Saxons avec un coureur tr\u00e8s \u00e0 l&rsquo;aise dans des courses vallonn\u00e9es et difficiles : <strong>Ben Healy.\u00a0<\/strong>L&rsquo;Irlandais vient de r\u00e9aliser <a href=\"https:\/\/dicodusport.fr\/blog\/tour-du-pays-basque-2025-ben-healy-remporte-la-5eme-etape-en-solitaire\/\">une d\u00e9monstration sur une \u00e9tape difficile sur le dernier Tour du Pays Basque<\/a>. Lors du succ\u00e8s de Pogacar sur l&rsquo;Amstel, il y a deux ans, il a \u00e9t\u00e9 le seul \u00e0 tenir t\u00eate s\u00e9rieusement au Slov\u00e8ne. Sans doute, comme Pogacar voire Remco, il souhaitera lancer les hostilit\u00e9s loin de l&rsquo;arriv\u00e9e pour user et \u00e9liminer les puncheurs.<\/p>\n<p style=\"text-align: justify;\">Vainqueur de l&rsquo;\u00e9dition 2021 aux d\u00e9pens de Pidcock, <strong>Wout Van Aert<\/strong> sera \u00e9galement pr\u00e9sent au d\u00e9part de Maastricht. Le Belge a connu un d\u00e9but de printemps difficile, mais il est d\u00e9sormais en bien meilleure forme avec deux quatri\u00e8me place \u00e0 Roubaix et \u00e0 Audenarde. Les abeilles compteront aussi sur <strong>Tiesj Benoot\u00a0<\/strong>(troisi\u00e8me l&rsquo;an dernier),\u00a0<strong>Attila Valter<\/strong>\u00a0et\u00a0<strong>Ben Tulett<\/strong>.<\/p>\n<p style=\"text-align: justify;\">Ensuite, un troisi\u00e8me belge sera \u00e0 suivre ce dimanche avec le vainqueur du <a href=\"https:\/\/dicodusport.fr\/blog\/grand-prix-miguel-indurain-2025-classement-et-resultats\/\">Grand Prix Miguel Indurain<\/a>, gr\u00e2ce \u00e0 son punch, : <strong>Thibau Nys. <\/strong>Laur\u00e9at \u00e0 neuf reprises en 2024, il sera un des coureurs prot\u00e9g\u00e9s au sein de la Lidl Trek avec <strong>Mattias Skjelmose Jensen<\/strong>. Une question se posera pour le puncheur belge : tiendra-t-il sur une course de plus de 250 kilom\u00e8tres ? La question ne se posera pas pour le Danois, mais le punch de Nys pourrait faire des ravages sur le Cauberg.<\/p>\n<div class=\"vlp-link-container vlp-layout-article\"><a href=\"https:\/\/dicodusport.fr\/blog\/grand-prix-miguel-indurain-2025-premier-jour-de-course-premiere-victoire-pour-thibau-nys\/\" class=\"vlp-link\" title=\"Grand Prix Miguel Indurain 2025 : Premier jour de course, premi\u00e8re victoire pour Thibau Nys\"><\/a><div class=\"vlp-layout-zone-side\"><div class=\"vlp-block-4 vlp-link-image\"><img loading=\"lazy\" decoding=\"async\" style=\"max-width: 792px;\" width=\"792\" height=\"445\" src=\"https:\/\/dicodusport.fr\/blog\/wp-content\/uploads\/2025\/04\/Grand-Prix-Miguel-Indurain-2025-Premier-jour-de-course-premiere-victoire-pour-Thibau-Nys-1.png\" class=\"attachment-800x445 size-800x445\" alt=\"Grand Prix Miguel Indurain 2025 Premier jour de course, premi\u00e8re victoire pour Thibau Nys\" srcset=\"https:\/\/dicodusport.fr\/blog\/wp-content\/uploads\/2025\/04\/Grand-Prix-Miguel-Indurain-2025-Premier-jour-de-course-premiere-victoire-pour-Thibau-Nys-1.png 1200w, https:\/\/dicodusport.fr\/blog\/wp-content\/uploads\/2025\/04\/Grand-Prix-Miguel-Indurain-2025-Premier-jour-de-course-premiere-victoire-pour-Thibau-Nys-1-300x169.png 300w, https:\/\/dicodusport.fr\/blog\/wp-content\/uploads\/2025\/04\/Grand-Prix-Miguel-Indurain-2025-Premier-jour-de-course-premiere-victoire-pour-Thibau-Nys-1-1024x575.png 1024w, https:\/\/dicodusport.fr\/blog\/wp-content\/uploads\/2025\/04\/Grand-Prix-Miguel-Indurain-2025-Premier-jour-de-course-premiere-victoire-pour-Thibau-Nys-1-768x431.png 768w\" sizes=\"auto, (max-width: 792px) 100vw, 792px\" \/><\/div><\/div><div class=\"vlp-layout-zone-main\"><div class=\"vlp-block-0 vlp-link-title\">Grand Prix Miguel Indurain 2025 : Premier jour de course, premi\u00e8re victoire pour Thibau Nys<\/div><div class=\"vlp-block-1 vlp-link-summary\">GRAND PRIX MIGUEL INDURAIN 2025 - Thibau Nys (Lidl-Trek) a remport\u00e9, samedi, la 34\u00e8me \u00e9dition du Grand Prix Miguel Indurain, \u00e0 Estella-Lizarra.<\/div><div class=\"vlp-block-2 vlp-link-button\">Lire l'article<\/div><div class=\"vlp-block-3 vlp-link-url\">dicodusport.fr<\/div><\/div><\/div>\n<p style=\"text-align: justify;\">Chez Red Bull-Bora-Hansgrohe, <strong>Maxim Van Gils<\/strong> sera le principal atout. L&rsquo;an dernier, le coureur belge de 25 ans avait fini septi\u00e8me de l&rsquo;Amstel Gold Race, mais aussi troisi\u00e8me de la Fl\u00e8che Wallonne et quatri\u00e8me de Li\u00e8ge-Bastogne-Li\u00e8ge. Sera-t-il dans le m\u00eame \u00e9tat de forme cette ann\u00e9e ?<\/p>\n<h2 style=\"text-align: justify;\">Aranburu et Gr\u00e9goire pour guider les \u00e9quipes fran\u00e7aises<\/h2>\n<p style=\"text-align: justify;\">Par la suite,\u00a0<strong>Alex Aranburu<\/strong> (Cofidis) est peut-\u00eatre dans la forme de sa vie. Le champion d&rsquo;Espagne a \u00e9t\u00e9 plus que solide sur les routes accident\u00e9es basques avec une belle quatri\u00e8me place au classement g\u00e9n\u00e9ral ainsi qu&rsquo;un succ\u00e8s d&rsquo;\u00e9tape.<\/p>\n<p style=\"text-align: justify;\">On ne serait pas surpris non plus si <strong>Romain Gr\u00e9goire<\/strong> (Groupama-FDJ) \u00e9tait sur le podium au sommet du Cauberg, dimanche apr\u00e8s-midi. Le Fran\u00e7ais n&rsquo;a que 22 ans, mais il est taill\u00e9 pour ce style de course. Douzi\u00e8me l&rsquo;ann\u00e9e derni\u00e8re, il semble avoir franchi un nouveau cap cette ann\u00e9e.<\/p>\n<p style=\"text-align: justify;\">Enfin, n&rsquo;oublions pas de citer le duo de la Bahrain Victorious <strong>Pello Bilbao<\/strong>\u00a0et\u00a0<strong>Santiago Buitrago <\/strong>(Bahrain Victorious), <strong>K\u00e9vin Vauquelin<\/strong><strong>\u00a0<\/strong>(Ark\u00e9a-B&amp;B Hotels),<strong>\u00a0Michael Matthews<\/strong> (Jayco AlUla, 3e en 2015, 4e en 2021 5e en 2016, 7e en 2022), <strong>Marc<\/strong> <strong>Hirschi<\/strong> (Tudor Pro Cycling) et le tandem <strong>Magnus Sheffield<\/strong> et <strong>Axel Laurance<\/strong> (INEOS Grenadiers).<\/p>\n<div class=\"vlp-link-container vlp-layout-article\"><a href=\"https:\/\/dicodusport.fr\/blog\/classement-uci-par-equipes-2023-2025\/\" class=\"vlp-link\" title=\"Classement UCI par \u00e9quipes 2023-2025\"><\/a><div class=\"vlp-layout-zone-side\"><div class=\"vlp-block-4 vlp-link-image\"><img loading=\"lazy\" decoding=\"async\" style=\"max-width: 792px;\" width=\"792\" height=\"445\" src=\"https:\/\/dicodusport.fr\/blog\/wp-content\/uploads\/2025\/02\/Classement-UCI-par-equipes-2023-2025.png\" class=\"attachment-800x445 size-800x445\" alt=\"Classement UCI par \u00e9quipes 2023-2025\" srcset=\"https:\/\/dicodusport.fr\/blog\/wp-content\/uploads\/2025\/02\/Classement-UCI-par-equipes-2023-2025.png 1200w, https:\/\/dicodusport.fr\/blog\/wp-content\/uploads\/2025\/02\/Classement-UCI-par-equipes-2023-2025-300x169.png 300w, https:\/\/dicodusport.fr\/blog\/wp-content\/uploads\/2025\/02\/Classement-UCI-par-equipes-2023-2025-1024x575.png 1024w, https:\/\/dicodusport.fr\/blog\/wp-content\/uploads\/2025\/02\/Classement-UCI-par-equipes-2023-2025-768x431.png 768w\" sizes=\"auto, (max-width: 792px) 100vw, 792px\" \/><\/div><\/div><div class=\"vlp-layout-zone-main\"><div class=\"vlp-block-0 vlp-link-title\">Classement UCI par \u00e9quipes 2023-2025<\/div><div class=\"vlp-block-1 vlp-link-summary\">D\u00e9couvrez le classement UCI par \u00e9quipes sur la p\u00e9riode 2023-2025<\/div><div class=\"vlp-block-2 vlp-link-button\">Lire l'article<\/div><div class=\"vlp-block-3 vlp-link-url\">dicodusport.fr<\/div><\/div><\/div>\n<h2 style=\"text-align: justify;\">Heure et Cha\u00eene TV de l&rsquo;Amstel Gold Race 2025<\/h2>\n<p style=\"text-align: justify;\">L&rsquo;<strong>Amstel Gold Race<\/strong>\u00a0se d\u00e9roule ce\u00a0<strong>samedi 19 avril 2025<\/strong>. La course est \u00e0 suivre sur\u00a0<em>Eurosport 1 et Max <\/em>\u00e0 14h35 et sur <em>France 3 <\/em>\u00e0 14h35.<\/p>\n<h2 style=\"text-align: justify;\">Les engag\u00e9s de l&rsquo;Amstel Gold Race 2025<\/h2>\n<a href=\"https:\/\/dicodusport.fr\/blog\/wp-content\/uploads\/2025\/04\/Startlist-provisoire-de-lAmstel-Gold-Race-2025.pdf\" class=\"pdfemb-viewer\" style=\"\" data-width=\"max\" data-height=\"max\"  data-toolbar=\"both\" data-toolbar-fixed=\"on\">Startlist provisoire de l&#039;Amstel Gold Race 2025<br\/><\/a>\n","protected":false},"excerpt":{"rendered":"<p>Retrouvez les informations sur la diffusion TV, les favoris et les engag\u00e9s de l&rsquo;Amstel Gold Race 2025, qui se d\u00e9roule ce dimanche 20 avril, entre Maastricht et Berg en Terblijt.<\/p>\n","protected":false},"author":48,"featured_media":573273,"comment_status":"open","ping_status":"closed","sticky":false,"template":"","format":"standard","meta":{"_acf_changed":false,"_daextam_enable_autolinks":"1","footnotes":""},"categories":[44295,46994],"tags":[3119,4163,16878],"class_list":["post-572907","post","type-post","status-publish","format-standard","has-post-thumbnail","hentry","category-chaine-tv","category-cyclisme-sur-route","tag-actualite-cyclisme","tag-amstel-gold-race","tag-breve"],"acf":[],"yoast_head":"<!-- This site is optimized with the Yoast SEO Premium plugin v26.7 (Yoast SEO v26.7) - https:\/\/yoast.com\/wordpress\/plugins\/seo\/ -->\n<title>Amstel Gold Race 2025 : Cha\u00eene TV, Engag\u00e9s, Favoris de la course<\/title>\n<meta name=\"description\" content=\"Retrouvez les informations sur la diffusion TV, les favoris et les engag\u00e9s de l&#039;Amstel Gold Race 2025, qui se d\u00e9roule ce dimanche 20 avril.\" \/>\n<meta name=\"robots\" content=\"index, follow, max-snippet:-1, max-image-preview:large, max-video-preview:-1\" \/>\n<link rel=\"canonical\" href=\"https:\/\/dicodusport.fr\/blog\/amstel-gold-race-2025-chaine-tv-favoris-et-engages\/\" \/>\n<meta property=\"og:locale\" content=\"fr_FR\" \/>\n<meta property=\"og:type\" content=\"article\" \/>\n<meta property=\"og:title\" content=\"Amstel Gold Race 2025 : Cha\u00eene TV, Engag\u00e9s, Favoris de la course\" \/>\n<meta property=\"og:description\" content=\"Retrouvez les informations sur la diffusion TV, les favoris et les engag\u00e9s de l&#039;Amstel Gold Race 2025, qui se d\u00e9roule ce dimanche 20 avril.\" \/>\n<meta property=\"og:url\" content=\"https:\/\/dicodusport.fr\/blog\/amstel-gold-race-2025-chaine-tv-favoris-et-engages\/\" \/>\n<meta property=\"og:site_name\" content=\"Dicodusport\" \/>\n<meta property=\"article:publisher\" content=\"https:\/\/www.facebook.com\/dicodusport\" \/>\n<meta property=\"article:author\" content=\"https:\/\/www.facebook.com\/groups\/LesRoisDuPeloton\" \/>\n<meta property=\"article:published_time\" content=\"2025-04-20T06:08:35+00:00\" \/>\n<meta property=\"article:modified_time\" content=\"2025-04-20T06:08:43+00:00\" \/>\n<meta property=\"og:image\" content=\"https:\/\/dicodusport.fr\/blog\/wp-content\/uploads\/2025\/04\/Amstel-Gold-Race-2025-Chaine-TV-Favoris-et-Engages.png\" \/>\n\t<meta property=\"og:image:width\" content=\"1200\" \/>\n\t<meta property=\"og:image:height\" content=\"674\" \/>\n\t<meta property=\"og:image:type\" content=\"image\/png\" \/>\n<meta name=\"author\" content=\"Emilien Descampiaux\" \/>\n<meta name=\"twitter:card\" content=\"summary_large_image\" \/>\n<meta name=\"twitter:title\" content=\"Amstel Gold Race 2025 : Cha\u00eene TV, Engag\u00e9s, Favoris de la course\" \/>\n<meta name=\"twitter:creator\" content=\"@https:\/\/twitter.com\/LRoisDuPeloton\" \/>\n<meta name=\"twitter:site\" content=\"@dicodusport\" \/>\n<script type=\"application\/ld+json\" class=\"yoast-schema-graph\">{\"@context\":\"https:\/\/schema.org\",\"@graph\":[{\"@type\":\"NewsArticle\",\"@id\":\"https:\/\/dicodusport.fr\/blog\/amstel-gold-race-2025-chaine-tv-favoris-et-engages\/#article\",\"isPartOf\":{\"@id\":\"https:\/\/dicodusport.fr\/blog\/amstel-gold-race-2025-chaine-tv-favoris-et-engages\/\"},\"author\":{\"name\":\"Emilien Descampiaux\",\"@id\":\"https:\/\/dicodusport.fr\/blog\/#\/schema\/person\/6db4bae06b171592211be385b32876a7\"},\"headline\":\"Amstel Gold Race 2025 : Cha\u00eene TV, Engag\u00e9s, Favoris de la course\",\"datePublished\":\"2025-04-20T06:08:35+00:00\",\"dateModified\":\"2025-04-20T06:08:43+00:00\",\"mainEntityOfPage\":{\"@id\":\"https:\/\/dicodusport.fr\/blog\/amstel-gold-race-2025-chaine-tv-favoris-et-engages\/\"},\"wordCount\":1422,\"commentCount\":0,\"publisher\":{\"@id\":\"https:\/\/dicodusport.fr\/blog\/#organization\"},\"image\":{\"@id\":\"https:\/\/dicodusport.fr\/blog\/amstel-gold-race-2025-chaine-tv-favoris-et-engages\/#primaryimage\"},\"thumbnailUrl\":\"https:\/\/dicodusport.fr\/blog\/wp-content\/uploads\/2025\/04\/Amstel-Gold-Race-2025-Chaine-TV-Favoris-et-Engages.png\",\"keywords\":[\"Actualit\u00e9 Cyclisme\",\"Amstel Gold Race\",\"br\u00e8ve\"],\"articleSection\":[\"Cha\u00eene TV\",\"Cyclisme sur route\"],\"inLanguage\":\"fr-FR\",\"potentialAction\":[{\"@type\":\"CommentAction\",\"name\":\"Comment\",\"target\":[\"https:\/\/dicodusport.fr\/blog\/amstel-gold-race-2025-chaine-tv-favoris-et-engages\/#respond\"]}],\"copyrightYear\":\"2025\",\"copyrightHolder\":{\"@id\":\"https:\/\/dicodusport.fr\/blog\/#organization\"}},{\"@type\":\"WebPage\",\"@id\":\"https:\/\/dicodusport.fr\/blog\/amstel-gold-race-2025-chaine-tv-favoris-et-engages\/\",\"url\":\"https:\/\/dicodusport.fr\/blog\/amstel-gold-race-2025-chaine-tv-favoris-et-engages\/\",\"name\":\"Amstel Gold Race 2025 : Cha\u00eene TV, Engag\u00e9s, Favoris de la course\",\"isPartOf\":{\"@id\":\"https:\/\/dicodusport.fr\/blog\/#website\"},\"primaryImageOfPage\":{\"@id\":\"https:\/\/dicodusport.fr\/blog\/amstel-gold-race-2025-chaine-tv-favoris-et-engages\/#primaryimage\"},\"image\":{\"@id\":\"https:\/\/dicodusport.fr\/blog\/amstel-gold-race-2025-chaine-tv-favoris-et-engages\/#primaryimage\"},\"thumbnailUrl\":\"https:\/\/dicodusport.fr\/blog\/wp-content\/uploads\/2025\/04\/Amstel-Gold-Race-2025-Chaine-TV-Favoris-et-Engages.png\",\"datePublished\":\"2025-04-20T06:08:35+00:00\",\"dateModified\":\"2025-04-20T06:08:43+00:00\",\"description\":\"Retrouvez les informations sur la diffusion TV, les favoris et les engag\u00e9s de l'Amstel Gold Race 2025, qui se d\u00e9roule ce dimanche 20 avril.\",\"breadcrumb\":{\"@id\":\"https:\/\/dicodusport.fr\/blog\/amstel-gold-race-2025-chaine-tv-favoris-et-engages\/#breadcrumb\"},\"inLanguage\":\"fr-FR\",\"potentialAction\":[{\"@type\":\"ReadAction\",\"target\":[\"https:\/\/dicodusport.fr\/blog\/amstel-gold-race-2025-chaine-tv-favoris-et-engages\/\"]}]},{\"@type\":\"ImageObject\",\"inLanguage\":\"fr-FR\",\"@id\":\"https:\/\/dicodusport.fr\/blog\/amstel-gold-race-2025-chaine-tv-favoris-et-engages\/#primaryimage\",\"url\":\"https:\/\/dicodusport.fr\/blog\/wp-content\/uploads\/2025\/04\/Amstel-Gold-Race-2025-Chaine-TV-Favoris-et-Engages.png\",\"contentUrl\":\"https:\/\/dicodusport.fr\/blog\/wp-content\/uploads\/2025\/04\/Amstel-Gold-Race-2025-Chaine-TV-Favoris-et-Engages.png\",\"width\":1200,\"height\":674,\"caption\":\"Amstel Gold Race 2025 Cha\u00eene TV, Favoris et Engag\u00e9s\"},{\"@type\":\"BreadcrumbList\",\"@id\":\"https:\/\/dicodusport.fr\/blog\/amstel-gold-race-2025-chaine-tv-favoris-et-engages\/#breadcrumb\",\"itemListElement\":[{\"@type\":\"ListItem\",\"position\":1,\"name\":\"Accueil\",\"item\":\"https:\/\/dicodusport.fr\/blog\/\"},{\"@type\":\"ListItem\",\"position\":2,\"name\":\"Amstel Gold Race 2025 : Cha\u00eene TV, Engag\u00e9s, Favoris de la course\"}]},{\"@type\":\"WebSite\",\"@id\":\"https:\/\/dicodusport.fr\/blog\/#website\",\"url\":\"https:\/\/dicodusport.fr\/blog\/\",\"name\":\"Dicodusport\",\"description\":\"L&#039;encyclop\u00e9die de l&#039;actualit\u00e9 sportive\",\"publisher\":{\"@id\":\"https:\/\/dicodusport.fr\/blog\/#organization\"},\"potentialAction\":[{\"@type\":\"SearchAction\",\"target\":{\"@type\":\"EntryPoint\",\"urlTemplate\":\"https:\/\/dicodusport.fr\/blog\/?s={search_term_string}\"},\"query-input\":{\"@type\":\"PropertyValueSpecification\",\"valueRequired\":true,\"valueName\":\"search_term_string\"}}],\"inLanguage\":\"fr-FR\"},{\"@type\":\"NewsMediaOrganization\",\"@id\":\"https:\/\/dicodusport.fr\/blog\/#organization\",\"name\":\"Dicodusport\",\"url\":\"https:\/\/dicodusport.fr\/blog\/\",\"logo\":{\"@type\":\"ImageObject\",\"inLanguage\":\"fr-FR\",\"@id\":\"https:\/\/dicodusport.fr\/blog\/#\/schema\/logo\/image\/\",\"url\":\"https:\/\/dicodusport.fr\/blog\/wp-content\/uploads\/2020\/06\/cropped-LOGO-DICODUSPORT-2020-SANS-FOND-SANS-TEXTE.png\",\"contentUrl\":\"https:\/\/dicodusport.fr\/blog\/wp-content\/uploads\/2020\/06\/cropped-LOGO-DICODUSPORT-2020-SANS-FOND-SANS-TEXTE.png\",\"width\":512,\"height\":512,\"caption\":\"Dicodusport\"},\"image\":{\"@id\":\"https:\/\/dicodusport.fr\/blog\/#\/schema\/logo\/image\/\"},\"sameAs\":[\"https:\/\/www.facebook.com\/dicodusport\",\"https:\/\/x.com\/dicodusport\",\"https:\/\/www.instagram.com\/dicodusport\/\",\"https:\/\/www.youtube.com\/channel\/UC7V2KZ5sd3htJivAbA4ZG3w\"],\"description\":\"Dicodusport est l'encyclop\u00e9die de l'actualit\u00e9 sportive.\",\"email\":\"bonjour@dicodusport.fr\",\"legalName\":\"DICODUSPORT\",\"foundingDate\":\"2018-01-14\",\"vatID\":\"FR71834470973\",\"taxID\":\"83447097300043\",\"numberOfEmployees\":{\"@type\":\"QuantitativeValue\",\"minValue\":\"1\",\"maxValue\":\"10\"}},{\"@type\":\"Person\",\"@id\":\"https:\/\/dicodusport.fr\/blog\/#\/schema\/person\/6db4bae06b171592211be385b32876a7\",\"name\":\"Emilien Descampiaux\",\"image\":{\"@type\":\"ImageObject\",\"inLanguage\":\"fr-FR\",\"@id\":\"https:\/\/dicodusport.fr\/blog\/#\/schema\/person\/image\/\",\"url\":\"https:\/\/dicodusport.fr\/blog\/wp-content\/uploads\/2021\/05\/Emilien-Descampiaux-150x150.jpg\",\"contentUrl\":\"https:\/\/dicodusport.fr\/blog\/wp-content\/uploads\/2021\/05\/Emilien-Descampiaux-150x150.jpg\",\"caption\":\"Emilien Descampiaux\"},\"description\":\"Journaliste\/r\u00e9dacteur depuis 2014 - Fan de la classe de Frank Vandenbroucke, je vis cyclisme (et de ses paysages) depuis plus de 20 ans. Je suis tr\u00e8s impliqu\u00e9 sur mes diff\u00e9rents r\u00e9seaux sociaux pour partager ma passion sur le monde et l'Histoire de la bicyclette avec ma voix sur les images en noir et blanc du succ\u00e8s de Rik Van Steenbergen lors du Ronde sur le V\u00e9lodrome de Gand.\",\"sameAs\":[\"https:\/\/www.facebook.com\/groups\/LesRoisDuPeloton\",\"https:\/\/x.com\/https:\/\/twitter.com\/LRoisDuPeloton\"],\"url\":\"https:\/\/dicodusport.fr\/blog\/author\/emiliend\/\"}]}<\/script>\n<!-- \/ Yoast SEO Premium plugin. -->","yoast_head_json":{"title":"Amstel Gold Race 2025 : Cha\u00eene TV, Engag\u00e9s, Favoris de la course","description":"Retrouvez les informations sur la diffusion TV, les favoris et les engag\u00e9s de l'Amstel Gold Race 2025, qui se d\u00e9roule ce dimanche 20 avril.","robots":{"index":"index","follow":"follow","max-snippet":"max-snippet:-1","max-image-preview":"max-image-preview:large","max-video-preview":"max-video-preview:-1"},"canonical":"https:\/\/dicodusport.fr\/blog\/amstel-gold-race-2025-chaine-tv-favoris-et-engages\/","og_locale":"fr_FR","og_type":"article","og_title":"Amstel Gold Race 2025 : Cha\u00eene TV, Engag\u00e9s, Favoris de la course","og_description":"Retrouvez les informations sur la diffusion TV, les favoris et les engag\u00e9s de l'Amstel Gold Race 2025, qui se d\u00e9roule ce dimanche 20 avril.","og_url":"https:\/\/dicodusport.fr\/blog\/amstel-gold-race-2025-chaine-tv-favoris-et-engages\/","og_site_name":"Dicodusport","article_publisher":"https:\/\/www.facebook.com\/dicodusport","article_author":"https:\/\/www.facebook.com\/groups\/LesRoisDuPeloton","article_published_time":"2025-04-20T06:08:35+00:00","article_modified_time":"2025-04-20T06:08:43+00:00","og_image":[{"width":1200,"height":674,"url":"https:\/\/dicodusport.fr\/blog\/wp-content\/uploads\/2025\/04\/Amstel-Gold-Race-2025-Chaine-TV-Favoris-et-Engages.png","type":"image\/png"}],"author":"Emilien Descampiaux","twitter_card":"summary_large_image","twitter_title":"Amstel Gold Race 2025 : Cha\u00eene TV, Engag\u00e9s, Favoris de la course","twitter_creator":"@https:\/\/twitter.com\/LRoisDuPeloton","twitter_site":"@dicodusport","schema":{"@context":"https:\/\/schema.org","@graph":[{"@type":"NewsArticle","@id":"https:\/\/dicodusport.fr\/blog\/amstel-gold-race-2025-chaine-tv-favoris-et-engages\/#article","isPartOf":{"@id":"https:\/\/dicodusport.fr\/blog\/amstel-gold-race-2025-chaine-tv-favoris-et-engages\/"},"author":{"name":"Emilien Descampiaux","@id":"https:\/\/dicodusport.fr\/blog\/#\/schema\/person\/6db4bae06b171592211be385b32876a7"},"headline":"Amstel Gold Race 2025 : Cha\u00eene TV, Engag\u00e9s, Favoris de la course","datePublished":"2025-04-20T06:08:35+00:00","dateModified":"2025-04-20T06:08:43+00:00","mainEntityOfPage":{"@id":"https:\/\/dicodusport.fr\/blog\/amstel-gold-race-2025-chaine-tv-favoris-et-engages\/"},"wordCount":1422,"commentCount":0,"publisher":{"@id":"https:\/\/dicodusport.fr\/blog\/#organization"},"image":{"@id":"https:\/\/dicodusport.fr\/blog\/amstel-gold-race-2025-chaine-tv-favoris-et-engages\/#primaryimage"},"thumbnailUrl":"https:\/\/dicodusport.fr\/blog\/wp-content\/uploads\/2025\/04\/Amstel-Gold-Race-2025-Chaine-TV-Favoris-et-Engages.png","keywords":["Actualit\u00e9 Cyclisme","Amstel Gold Race","br\u00e8ve"],"articleSection":["Cha\u00eene TV","Cyclisme sur route"],"inLanguage":"fr-FR","potentialAction":[{"@type":"CommentAction","name":"Comment","target":["https:\/\/dicodusport.fr\/blog\/amstel-gold-race-2025-chaine-tv-favoris-et-engages\/#respond"]}],"copyrightYear":"2025","copyrightHolder":{"@id":"https:\/\/dicodusport.fr\/blog\/#organization"}},{"@type":"WebPage","@id":"https:\/\/dicodusport.fr\/blog\/amstel-gold-race-2025-chaine-tv-favoris-et-engages\/","url":"https:\/\/dicodusport.fr\/blog\/amstel-gold-race-2025-chaine-tv-favoris-et-engages\/","name":"Amstel Gold Race 2025 : Cha\u00eene TV, Engag\u00e9s, Favoris de la course","isPartOf":{"@id":"https:\/\/dicodusport.fr\/blog\/#website"},"primaryImageOfPage":{"@id":"https:\/\/dicodusport.fr\/blog\/amstel-gold-race-2025-chaine-tv-favoris-et-engages\/#primaryimage"},"image":{"@id":"https:\/\/dicodusport.fr\/blog\/amstel-gold-race-2025-chaine-tv-favoris-et-engages\/#primaryimage"},"thumbnailUrl":"https:\/\/dicodusport.fr\/blog\/wp-content\/uploads\/2025\/04\/Amstel-Gold-Race-2025-Chaine-TV-Favoris-et-Engages.png","datePublished":"2025-04-20T06:08:35+00:00","dateModified":"2025-04-20T06:08:43+00:00","description":"Retrouvez les informations sur la diffusion TV, les favoris et les engag\u00e9s de l'Amstel Gold Race 2025, qui se d\u00e9roule ce dimanche 20 avril.","breadcrumb":{"@id":"https:\/\/dicodusport.fr\/blog\/amstel-gold-race-2025-chaine-tv-favoris-et-engages\/#breadcrumb"},"inLanguage":"fr-FR","potentialAction":[{"@type":"ReadAction","target":["https:\/\/dicodusport.fr\/blog\/amstel-gold-race-2025-chaine-tv-favoris-et-engages\/"]}]},{"@type":"ImageObject","inLanguage":"fr-FR","@id":"https:\/\/dicodusport.fr\/blog\/amstel-gold-race-2025-chaine-tv-favoris-et-engages\/#primaryimage","url":"https:\/\/dicodusport.fr\/blog\/wp-content\/uploads\/2025\/04\/Amstel-Gold-Race-2025-Chaine-TV-Favoris-et-Engages.png","contentUrl":"https:\/\/dicodusport.fr\/blog\/wp-content\/uploads\/2025\/04\/Amstel-Gold-Race-2025-Chaine-TV-Favoris-et-Engages.png","width":1200,"height":674,"caption":"Amstel Gold Race 2025 Cha\u00eene TV, Favoris et Engag\u00e9s"},{"@type":"BreadcrumbList","@id":"https:\/\/dicodusport.fr\/blog\/amstel-gold-race-2025-chaine-tv-favoris-et-engages\/#breadcrumb","itemListElement":[{"@type":"ListItem","position":1,"name":"Accueil","item":"https:\/\/dicodusport.fr\/blog\/"},{"@type":"ListItem","position":2,"name":"Amstel Gold Race 2025 : Cha\u00eene TV, Engag\u00e9s, Favoris de la course"}]},{"@type":"WebSite","@id":"https:\/\/dicodusport.fr\/blog\/#website","url":"https:\/\/dicodusport.fr\/blog\/","name":"Dicodusport","description":"L&#039;encyclop\u00e9die de l&#039;actualit\u00e9 sportive","publisher":{"@id":"https:\/\/dicodusport.fr\/blog\/#organization"},"potentialAction":[{"@type":"SearchAction","target":{"@type":"EntryPoint","urlTemplate":"https:\/\/dicodusport.fr\/blog\/?s={search_term_string}"},"query-input":{"@type":"PropertyValueSpecification","valueRequired":true,"valueName":"search_term_string"}}],"inLanguage":"fr-FR"},{"@type":"NewsMediaOrganization","@id":"https:\/\/dicodusport.fr\/blog\/#organization","name":"Dicodusport","url":"https:\/\/dicodusport.fr\/blog\/","logo":{"@type":"ImageObject","inLanguage":"fr-FR","@id":"https:\/\/dicodusport.fr\/blog\/#\/schema\/logo\/image\/","url":"https:\/\/dicodusport.fr\/blog\/wp-content\/uploads\/2020\/06\/cropped-LOGO-DICODUSPORT-2020-SANS-FOND-SANS-TEXTE.png","contentUrl":"https:\/\/dicodusport.fr\/blog\/wp-content\/uploads\/2020\/06\/cropped-LOGO-DICODUSPORT-2020-SANS-FOND-SANS-TEXTE.png","width":512,"height":512,"caption":"Dicodusport"},"image":{"@id":"https:\/\/dicodusport.fr\/blog\/#\/schema\/logo\/image\/"},"sameAs":["https:\/\/www.facebook.com\/dicodusport","https:\/\/x.com\/dicodusport","https:\/\/www.instagram.com\/dicodusport\/","https:\/\/www.youtube.com\/channel\/UC7V2KZ5sd3htJivAbA4ZG3w"],"description":"Dicodusport est l'encyclop\u00e9die de l'actualit\u00e9 sportive.","email":"bonjour@dicodusport.fr","legalName":"DICODUSPORT","foundingDate":"2018-01-14","vatID":"FR71834470973","taxID":"83447097300043","numberOfEmployees":{"@type":"QuantitativeValue","minValue":"1","maxValue":"10"}},{"@type":"Person","@id":"https:\/\/dicodusport.fr\/blog\/#\/schema\/person\/6db4bae06b171592211be385b32876a7","name":"Emilien Descampiaux","image":{"@type":"ImageObject","inLanguage":"fr-FR","@id":"https:\/\/dicodusport.fr\/blog\/#\/schema\/person\/image\/","url":"https:\/\/dicodusport.fr\/blog\/wp-content\/uploads\/2021\/05\/Emilien-Descampiaux-150x150.jpg","contentUrl":"https:\/\/dicodusport.fr\/blog\/wp-content\/uploads\/2021\/05\/Emilien-Descampiaux-150x150.jpg","caption":"Emilien Descampiaux"},"description":"Journaliste\/r\u00e9dacteur depuis 2014 - Fan de la classe de Frank Vandenbroucke, je vis cyclisme (et de ses paysages) depuis plus de 20 ans. Je suis tr\u00e8s impliqu\u00e9 sur mes diff\u00e9rents r\u00e9seaux sociaux pour partager ma passion sur le monde et l'Histoire de la bicyclette avec ma voix sur les images en noir et blanc du succ\u00e8s de Rik Van Steenbergen lors du Ronde sur le V\u00e9lodrome de Gand.","sameAs":["https:\/\/www.facebook.com\/groups\/LesRoisDuPeloton","https:\/\/x.com\/https:\/\/twitter.com\/LRoisDuPeloton"],"url":"https:\/\/dicodusport.fr\/blog\/author\/emiliend\/"}]}},"_links":{"self":[{"href":"https:\/\/dicodusport.fr\/blog\/wp-json\/wp\/v2\/posts\/572907","targetHints":{"allow":["GET"]}}],"collection":[{"href":"https:\/\/dicodusport.fr\/blog\/wp-json\/wp\/v2\/posts"}],"about":[{"href":"https:\/\/dicodusport.fr\/blog\/wp-json\/wp\/v2\/types\/post"}],"author":[{"embeddable":true,"href":"https:\/\/dicodusport.fr\/blog\/wp-json\/wp\/v2\/users\/48"}],"replies":[{"embeddable":true,"href":"https:\/\/dicodusport.fr\/blog\/wp-json\/wp\/v2\/comments?post=572907"}],"version-history":[{"count":6,"href":"https:\/\/dicodusport.fr\/blog\/wp-json\/wp\/v2\/posts\/572907\/revisions"}],"predecessor-version":[{"id":573602,"href":"https:\/\/dicodusport.fr\/blog\/wp-json\/wp\/v2\/posts\/572907\/revisions\/573602"}],"wp:featuredmedia":[{"embeddable":true,"href":"https:\/\/dicodusport.fr\/blog\/wp-json\/wp\/v2\/media\/573273"}],"wp:attachment":[{"href":"https:\/\/dicodusport.fr\/blog\/wp-json\/wp\/v2\/media?parent=572907"}],"wp:term":[{"taxonomy":"category","embeddable":true,"href":"https:\/\/dicodusport.fr\/blog\/wp-json\/wp\/v2\/categories?post=572907"},{"taxonomy":"post_tag","embeddable":true,"href":"https:\/\/dicodusport.fr\/blog\/wp-json\/wp\/v2\/tags?post=572907"}],"curies":[{"name":"wp","href":"https:\/\/api.w.org\/{rel}","templated":true}]}}